{"id":30300,"date":"2025-02-05T10:41:48","date_gmt":"2025-02-05T07:41:48","guid":{"rendered":"https:\/\/denizcankizil.tr\/uncategorized-tr\/antalya-konya-yolunda-kar-etkili-oldu-son-durum-ne\/"},"modified":"2025-02-05T10:41:48","modified_gmt":"2025-02-05T07:41:48","slug":"antalya-konya-yolunda-kar-etkili-oldu-son-durum-ne","status":"publish","type":"post","link":"https:\/\/denizcankizil.tr\/ru\/haberler\/gundem\/antalya-konya-yolunda-kar-etkili-oldu-son-durum-ne\/","title":{"rendered":"Antalya-Konya yolunda kar etkili oldu: Son durum ne?"},"content":{"rendered":"<p>Antalya&#8217;y\u0131 Konya&#8217;ya ba\u011flayan Akseki-Seydi\u015fehir karayolu bin 825 metre rak\u0131ml\u0131 Alacabel&#8217;de kar ya\u011f\u0131\u015f\u0131 ba\u015flad\u0131. Ekipler yolun kapanmamas\u0131 i\u00e7in aral\u0131ks\u0131z \u00e7al\u0131\u015fmalar\u0131n\u0131 s\u00fcrd\u00fcr\u00fcyor.<\/p>\n<p>KAR YA\u011eI\u015eI AK\u015eAM SAATLER\u0130NDE BA\u015eLADI<\/p>\n<p>Bug\u00fcn b\u00f6lgede etkili olan ya\u011fmur yerini kar ya\u011f\u0131\u015f\u0131na b\u0131rakt\u0131. Ak\u015fam saatlerinde ba\u015flayan kar ya\u011f\u0131\u015f\u0131n\u0131n Akseki&#8217;nin Yarpuz Mahallesi&#8217;nden itibaren ba\u015flay\u0131p, Seydi\u015fehir&#8217;e kadar devam etti\u011fi bildirildi.<\/p>\n<p>S\u00dcR\u00dcC\u00dcLER UYARILDI<\/p>\n<p>Kar ya\u011f\u0131\u015f\u0131n\u0131n ba\u015flamas\u0131 ile birlikte Karayollar\u0131 B\u00f6lge M\u00fcd\u00fcrl\u00fc\u011f\u00fc ekipleri Antalya ile Konya aras\u0131nda ula\u015f\u0131m\u0131 sa\u011flayan Alacabel&#8217;de yolun a\u00e7\u0131k kalmas\u0131 i\u00e7in hummal\u0131 bir \u00e7al\u0131\u015fma ba\u015flatt\u0131. \u00c7ok say\u0131da i\u015f makinesi ile kar temizleme ve tuzlama \u00e7al\u0131\u015fmas\u0131 yap\u0131l\u0131rken, b\u00f6lgede kar kal\u0131nl\u0131\u011f\u0131n\u0131n yer yer 5 santimetreye ula\u015ft\u0131\u011f\u0131 \u00f6\u011frenildi. Karayollar\u0131 B\u00f6lge M\u00fcd\u00fcrl\u00fc\u011f\u00fc ekipleri bu yolu kullanacak s\u00fcr\u00fcc\u00fclerin yanlar\u0131nda her ihtimale kar\u015f\u0131 zincir bulundurmalar\u0131 y\u00f6n\u00fcnde uyar\u0131da bulundu. Kar ya\u011f\u0131\u015f\u0131 nedeniyle ula\u015f\u0131mda herhangi bir aksama ya\u015fanmazken, ekipler bin 825 rak\u0131ml\u0131 Alacabel yolunu ula\u015f\u0131ma a\u00e7\u0131k tutmak i\u00e7in \u00e7al\u0131\u015fmalar\u0131n\u0131 aral\u0131ks\u0131z s\u00fcrd\u00fcr\u00fcyor.\u00a0\u00a0 \u00a0 \u00a0 \u00a0 \u00a0 \u00a0 \u00a0 \u00a0 \u00a0 \u00a0 \u00a0 \u00a0 \u00a0 \u00a0 \u00a0 \u00a0 \u00a0<\/p>\n<p>\u200bAntalya-Konya karayolunda bin 825 metre rak\u0131ml\u0131 Alacabel&#8217;de kar ya\u011f\u0131\u015f\u0131 etkili oldu. Gece saatlerinde ba\u015flayan kar ya\u011f\u0131\u015f\u0131 nedeniyle ekipler ula\u015f\u0131m\u0131n aksamamas\u0131 i\u00e7in \u00e7al\u0131\u015fmalar\u0131n\u0131 s\u00fcrd\u00fcr\u00fcyor. \u0130\u015fte son durum&#8230;\u00a0<\/p>\n<p>\u200bHaberin Al\u0131nt\u0131land\u0131\u011f\u0131 Kaynak: www.antalyakorfez.com<\/p>","protected":false},"excerpt":{"rendered":"<p>Antalya&#8217;y\u0131 Konya&#8217;ya ba\u011flayan Akseki-Seydi\u015fehir karayolu bin 825 metre rak\u0131ml\u0131 Alacabel&#8217;de kar ya\u011f\u0131\u015f\u0131 ba\u015flad\u0131. Ekipler yolun kapanmamas\u0131 i\u00e7in aral\u0131ks\u0131z \u00e7al\u0131\u015fmalar\u0131n\u0131 s\u00fcrd\u00fcr\u00fcyor. KAR YA\u011eI\u015eI AK\u015eAM SAATLER\u0130NDE BA\u015eLADI Bug\u00fcn b\u00f6lgede etkili olan ya\u011fmur yerini kar ya\u011f\u0131\u015f\u0131na b\u0131rakt\u0131. Ak\u015fam saatlerinde ba\u015flayan kar ya\u011f\u0131\u015f\u0131n\u0131n Akseki&#8217;nin Yarpuz Mahallesi&#8217;nden itibaren ba\u015flay\u0131p, Seydi\u015fehir&#8217;e kadar devam etti\u011fi bildirildi. S\u00dcR\u00dcC\u00dcLER UYARILDI Kar ya\u011f\u0131\u015f\u0131n\u0131n ba\u015flamas\u0131 ile birlikte Karayollar\u0131 B\u00f6lge M\u00fcd\u00fcrl\u00fc\u011f\u00fc ekipleri Antalya ile Konya aras\u0131nda ula\u015f\u0131m\u0131 sa\u011flayan Alacabel&#8217;de yolun a\u00e7\u0131k kalmas\u0131 i\u00e7in hummal\u0131 bir \u00e7al\u0131\u015fma ba\u015flatt\u0131. \u00c7ok say\u0131da i\u015f makinesi ile kar temizleme ve tuzlama \u00e7al\u0131\u015fmas\u0131 yap\u0131l\u0131rken, b\u00f6lgede kar kal\u0131nl\u0131\u011f\u0131n\u0131n yer yer 5 santimetreye ula\u015ft\u0131\u011f\u0131 \u00f6\u011frenildi. Karayollar\u0131 B\u00f6lge M\u00fcd\u00fcrl\u00fc\u011f\u00fc ekipleri bu yolu kullanacak s\u00fcr\u00fcc\u00fclerin yanlar\u0131nda her ihtimale kar\u015f\u0131 zincir bulundurmalar\u0131 y\u00f6n\u00fcnde uyar\u0131da bulundu. Kar ya\u011f\u0131\u015f\u0131 nedeniyle ula\u015f\u0131mda herhangi bir aksama ya\u015fanmazken, ekipler bin 825 rak\u0131ml\u0131 Alacabel yolunu ula\u015f\u0131ma a\u00e7\u0131k tutmak i\u00e7in \u00e7al\u0131\u015fmalar\u0131n\u0131 aral\u0131ks\u0131z s\u00fcrd\u00fcr\u00fcyor.\u00a0\u00a0 \u00a0 \u00a0 \u00a0 \u00a0 \u00a0 \u00a0 \u00a0 \u00a0 \u00a0 \u00a0 \u00a0 \u00a0 \u00a0 \u00a0 \u00a0 \u00a0 \u200bAntalya-Konya karayolunda bin 825 metre rak\u0131ml\u0131 Alacabel&#8217;de kar ya\u011f\u0131\u015f\u0131 etkili oldu. Gece saatlerinde ba\u015flayan kar ya\u011f\u0131\u015f\u0131 nedeniyle ekipler ula\u015f\u0131m\u0131n aksamamas\u0131 i\u00e7in \u00e7al\u0131\u015fmalar\u0131n\u0131 s\u00fcrd\u00fcr\u00fcyor. \u0130\u015fte son durum&#8230;\u00a0 \u200bHaberin Al\u0131nt\u0131land\u0131\u011f\u0131 Kaynak: www.antalyakorfez.com<\/p>","protected":false},"author":5,"featured_media":0,"comment_status":"open","ping_status":"open","sticky":false,"template":"","format":"standard","meta":{"_acf_changed":false,"footnotes":""},"categories":[24],"tags":[],"class_list":["post-30300","post","type-post","status-publish","format-standard","has-post-thumbnail","hentry","category-gundem"],"acf":[],"yoast_head":"<!-- This site is optimized with the Yoast SEO Premium plugin v26.6 (Yoast SEO v27.1.1) - https:\/\/yoast.com\/product\/yoast-seo-premium-wordpress\/ -->\n<title>Antalya-Konya yolunda kar etkili oldu: Son durum ne? - Av. Deniz Can K\u0131z\u0131l<\/title>\n<meta name=\"robots\" content=\"index, follow, max-snippet:-1, max-image-preview:large, max-video-preview:-1\" \/>\n<link rel=\"canonical\" href=\"https:\/\/denizcankizil.tr\/ru\/haberler\/gundem\/antalya-konya-yolunda-kar-etkili-oldu-son-durum-ne\/\" \/>\n<meta property=\"og:locale\" content=\"ru_RU\" \/>\n<meta property=\"og:type\" content=\"article\" \/>\n<meta property=\"og:title\" content=\"Antalya-Konya yolunda kar etkili oldu: Son durum ne?\" \/>\n<meta property=\"og:description\" content=\"Antalya&#8217;y\u0131 Konya&#8217;ya ba\u011flayan Akseki-Seydi\u015fehir karayolu bin 825 metre rak\u0131ml\u0131 Alacabel&#8217;de kar ya\u011f\u0131\u015f\u0131 ba\u015flad\u0131. Ekipler yolun kapanmamas\u0131 i\u00e7in aral\u0131ks\u0131z \u00e7al\u0131\u015fmalar\u0131n\u0131 s\u00fcrd\u00fcr\u00fcyor. KAR YA\u011eI\u015eI AK\u015eAM SAATLER\u0130NDE BA\u015eLADI Bug\u00fcn b\u00f6lgede etkili olan ya\u011fmur yerini kar ya\u011f\u0131\u015f\u0131na b\u0131rakt\u0131. Ak\u015fam saatlerinde ba\u015flayan kar ya\u011f\u0131\u015f\u0131n\u0131n Akseki&#8217;nin Yarpuz Mahallesi&#8217;nden itibaren ba\u015flay\u0131p, Seydi\u015fehir&#8217;e kadar devam etti\u011fi bildirildi. S\u00dcR\u00dcC\u00dcLER UYARILDI Kar ya\u011f\u0131\u015f\u0131n\u0131n ba\u015flamas\u0131 ile birlikte Karayollar\u0131 B\u00f6lge M\u00fcd\u00fcrl\u00fc\u011f\u00fc ekipleri Antalya ile Konya aras\u0131nda ula\u015f\u0131m\u0131 sa\u011flayan Alacabel&#8217;de yolun a\u00e7\u0131k kalmas\u0131 i\u00e7in hummal\u0131 bir \u00e7al\u0131\u015fma ba\u015flatt\u0131. \u00c7ok say\u0131da i\u015f makinesi ile kar temizleme ve tuzlama \u00e7al\u0131\u015fmas\u0131 yap\u0131l\u0131rken, b\u00f6lgede kar kal\u0131nl\u0131\u011f\u0131n\u0131n yer yer 5 santimetreye ula\u015ft\u0131\u011f\u0131 \u00f6\u011frenildi. Karayollar\u0131 B\u00f6lge M\u00fcd\u00fcrl\u00fc\u011f\u00fc ekipleri bu yolu kullanacak s\u00fcr\u00fcc\u00fclerin yanlar\u0131nda her ihtimale kar\u015f\u0131 zincir bulundurmalar\u0131 y\u00f6n\u00fcnde uyar\u0131da bulundu. Kar ya\u011f\u0131\u015f\u0131 nedeniyle ula\u015f\u0131mda herhangi bir aksama ya\u015fanmazken, ekipler bin 825 rak\u0131ml\u0131 Alacabel yolunu ula\u015f\u0131ma a\u00e7\u0131k tutmak i\u00e7in \u00e7al\u0131\u015fmalar\u0131n\u0131 aral\u0131ks\u0131z s\u00fcrd\u00fcr\u00fcyor.\u00a0\u00a0 \u00a0 \u00a0 \u00a0 \u00a0 \u00a0 \u00a0 \u00a0 \u00a0 \u00a0 \u00a0 \u00a0 \u00a0 \u00a0 \u00a0 \u00a0 \u00a0 \u200bAntalya-Konya karayolunda bin 825 metre rak\u0131ml\u0131 Alacabel&#8217;de kar ya\u011f\u0131\u015f\u0131 etkili oldu. Gece saatlerinde ba\u015flayan kar ya\u011f\u0131\u015f\u0131 nedeniyle ekipler ula\u015f\u0131m\u0131n aksamamas\u0131 i\u00e7in \u00e7al\u0131\u015fmalar\u0131n\u0131 s\u00fcrd\u00fcr\u00fcyor. \u0130\u015fte son durum&#8230;\u00a0 \u200bHaberin Al\u0131nt\u0131land\u0131\u011f\u0131 Kaynak: www.antalyakorfez.com\" \/>\n<meta property=\"og:url\" content=\"https:\/\/denizcankizil.tr\/ru\/haberler\/gundem\/antalya-konya-yolunda-kar-etkili-oldu-son-durum-ne\/\" \/>\n<meta property=\"og:site_name\" content=\"Av. Deniz Can K\u0131z\u0131l\" \/>\n<meta property=\"article:published_time\" content=\"2025-02-05T07:41:48+00:00\" \/>\n<meta name=\"author\" content=\"Antalya K\u00f6rfez\" \/>\n<meta name=\"twitter:card\" content=\"summary_large_image\" \/>\n<meta name=\"twitter:label1\" content=\"\u041d\u0430\u043f\u0438\u0441\u0430\u043d\u043e \u0430\u0432\u0442\u043e\u0440\u043e\u043c\" \/>\n\t<meta name=\"twitter:data1\" content=\"Antalya K\u00f6rfez\" \/>\n\t<meta name=\"twitter:label2\" content=\"\u041f\u0440\u0438\u043c\u0435\u0440\u043d\u043e\u0435 \u0432\u0440\u0435\u043c\u044f \u0434\u043b\u044f \u0447\u0442\u0435\u043d\u0438\u044f\" \/>\n\t<meta name=\"twitter:data2\" content=\"1 \u043c\u0438\u043d\u0443\u0442\u0430\" \/>\n<script type=\"application\/ld+json\" class=\"yoast-schema-graph\">{\"@context\":\"https:\/\/schema.org\",\"@graph\":[{\"@type\":\"Article\",\"@id\":\"https:\/\/denizcankizil.tr\/ru\/haberler\/gundem\/antalya-konya-yolunda-kar-etkili-oldu-son-durum-ne\/#article\",\"isPartOf\":{\"@id\":\"https:\/\/denizcankizil.tr\/ru\/haberler\/gundem\/antalya-konya-yolunda-kar-etkili-oldu-son-durum-ne\/\"},\"author\":{\"name\":\"Antalya K\u00f6rfez\",\"@id\":\"https:\/\/denizcankizil.tr\/de\/#\/schema\/person\/e1eb71bb4dd684d46563f0af307e1234\"},\"headline\":\"Antalya-Konya yolunda kar etkili oldu: Son durum ne?\",\"datePublished\":\"2025-02-05T07:41:48+00:00\",\"mainEntityOfPage\":{\"@id\":\"https:\/\/denizcankizil.tr\/ru\/haberler\/gundem\/antalya-konya-yolunda-kar-etkili-oldu-son-durum-ne\/\"},\"wordCount\":267,\"commentCount\":0,\"publisher\":{\"@id\":\"https:\/\/denizcankizil.tr\/de\/#organization\"},\"articleSection\":[\"G\u00fcndem\"],\"inLanguage\":\"ru-RU\",\"potentialAction\":[{\"@type\":\"CommentAction\",\"name\":\"Comment\",\"target\":[\"https:\/\/denizcankizil.tr\/ru\/haberler\/gundem\/antalya-konya-yolunda-kar-etkili-oldu-son-durum-ne\/#respond\"]}]},{\"@type\":\"WebPage\",\"@id\":\"https:\/\/denizcankizil.tr\/ru\/haberler\/gundem\/antalya-konya-yolunda-kar-etkili-oldu-son-durum-ne\/\",\"url\":\"https:\/\/denizcankizil.tr\/ru\/haberler\/gundem\/antalya-konya-yolunda-kar-etkili-oldu-son-durum-ne\/\",\"name\":\"Antalya-Konya yolunda kar etkili oldu: Son durum ne? - Av. Deniz Can K\u0131z\u0131l\",\"isPartOf\":{\"@id\":\"https:\/\/denizcankizil.tr\/de\/#website\"},\"datePublished\":\"2025-02-05T07:41:48+00:00\",\"breadcrumb\":{\"@id\":\"https:\/\/denizcankizil.tr\/ru\/haberler\/gundem\/antalya-konya-yolunda-kar-etkili-oldu-son-durum-ne\/#breadcrumb\"},\"inLanguage\":\"ru-RU\",\"potentialAction\":[{\"@type\":\"ReadAction\",\"target\":[\"https:\/\/denizcankizil.tr\/ru\/haberler\/gundem\/antalya-konya-yolunda-kar-etkili-oldu-son-durum-ne\/\"]}]},{\"@type\":\"BreadcrumbList\",\"@id\":\"https:\/\/denizcankizil.tr\/ru\/haberler\/gundem\/antalya-konya-yolunda-kar-etkili-oldu-son-durum-ne\/#breadcrumb\",\"itemListElement\":[{\"@type\":\"ListItem\",\"position\":1,\"name\":\"Home\",\"item\":\"https:\/\/denizcankizil.tr\/de\/\"},{\"@type\":\"ListItem\",\"position\":2,\"name\":\"Antalya-Konya yolunda kar etkili oldu: Son durum ne?\"}]},{\"@type\":\"WebSite\",\"@id\":\"https:\/\/denizcankizil.tr\/de\/#website\",\"url\":\"https:\/\/denizcankizil.tr\/de\/\",\"name\":\"Av. Deniz Can K\u0131z\u0131l\",\"description\":\"Avukat Deniz Can K\u0131z\u0131l Antalya Barosu\",\"publisher\":{\"@id\":\"https:\/\/denizcankizil.tr\/de\/#organization\"},\"potentialAction\":[{\"@type\":\"SearchAction\",\"target\":{\"@type\":\"EntryPoint\",\"urlTemplate\":\"https:\/\/denizcankizil.tr\/de\/?s={search_term_string}\"},\"query-input\":{\"@type\":\"PropertyValueSpecification\",\"valueRequired\":true,\"valueName\":\"search_term_string\"}}],\"inLanguage\":\"ru-RU\"},{\"@type\":\"Organization\",\"@id\":\"https:\/\/denizcankizil.tr\/de\/#organization\",\"name\":\"Av. Deniz Can K\u0131z\u0131l\",\"url\":\"https:\/\/denizcankizil.tr\/de\/\",\"logo\":{\"@type\":\"ImageObject\",\"inLanguage\":\"ru-RU\",\"@id\":\"https:\/\/denizcankizil.tr\/de\/#\/schema\/logo\/image\/\",\"url\":\"https:\/\/denizcankizil.tr\/wp-content\/uploads\/2024\/10\/siyah-logo-svg.svg\",\"contentUrl\":\"https:\/\/denizcankizil.tr\/wp-content\/uploads\/2024\/10\/siyah-logo-svg.svg\",\"width\":1080,\"height\":1080,\"caption\":\"Av. Deniz Can K\u0131z\u0131l\"},\"image\":{\"@id\":\"https:\/\/denizcankizil.tr\/de\/#\/schema\/logo\/image\/\"}},{\"@type\":\"Person\",\"@id\":\"https:\/\/denizcankizil.tr\/de\/#\/schema\/person\/e1eb71bb4dd684d46563f0af307e1234\",\"name\":\"Antalya K\u00f6rfez\",\"image\":{\"@type\":\"ImageObject\",\"inLanguage\":\"ru-RU\",\"@id\":\"https:\/\/denizcankizil.tr\/de\/#\/schema\/person\/image\/\",\"url\":\"https:\/\/secure.gravatar.com\/avatar\/42b01982558a48a0b501fdcab6a408d3717ea5919095ee2e67b0e521799c5905?s=96&d=mm&r=g\",\"contentUrl\":\"https:\/\/secure.gravatar.com\/avatar\/42b01982558a48a0b501fdcab6a408d3717ea5919095ee2e67b0e521799c5905?s=96&d=mm&r=g\",\"caption\":\"Antalya K\u00f6rfez\"},\"sameAs\":[\"http:\/\/www.antalyakorfez.com\"],\"url\":\"https:\/\/www.antalyakorfez.com\/antalya-konya-yolunda-kar-etkili-oldu-son-durum-ne\"}]}<\/script>\n<!-- \/ Yoast SEO Premium plugin. -->","yoast_head_json":{"title":"Antalya-Konya yolunda kar etkili oldu: Son durum ne? - Av. Deniz Can K\u0131z\u0131l","robots":{"index":"index","follow":"follow","max-snippet":"max-snippet:-1","max-image-preview":"max-image-preview:large","max-video-preview":"max-video-preview:-1"},"canonical":"https:\/\/denizcankizil.tr\/ru\/haberler\/gundem\/antalya-konya-yolunda-kar-etkili-oldu-son-durum-ne\/","og_locale":"ru_RU","og_type":"article","og_title":"Antalya-Konya yolunda kar etkili oldu: Son durum ne?","og_description":"Antalya&#8217;y\u0131 Konya&#8217;ya ba\u011flayan Akseki-Seydi\u015fehir karayolu bin 825 metre rak\u0131ml\u0131 Alacabel&#8217;de kar ya\u011f\u0131\u015f\u0131 ba\u015flad\u0131. Ekipler yolun kapanmamas\u0131 i\u00e7in aral\u0131ks\u0131z \u00e7al\u0131\u015fmalar\u0131n\u0131 s\u00fcrd\u00fcr\u00fcyor. KAR YA\u011eI\u015eI AK\u015eAM SAATLER\u0130NDE BA\u015eLADI Bug\u00fcn b\u00f6lgede etkili olan ya\u011fmur yerini kar ya\u011f\u0131\u015f\u0131na b\u0131rakt\u0131. Ak\u015fam saatlerinde ba\u015flayan kar ya\u011f\u0131\u015f\u0131n\u0131n Akseki&#8217;nin Yarpuz Mahallesi&#8217;nden itibaren ba\u015flay\u0131p, Seydi\u015fehir&#8217;e kadar devam etti\u011fi bildirildi. S\u00dcR\u00dcC\u00dcLER UYARILDI Kar ya\u011f\u0131\u015f\u0131n\u0131n ba\u015flamas\u0131 ile birlikte Karayollar\u0131 B\u00f6lge M\u00fcd\u00fcrl\u00fc\u011f\u00fc ekipleri Antalya ile Konya aras\u0131nda ula\u015f\u0131m\u0131 sa\u011flayan Alacabel&#8217;de yolun a\u00e7\u0131k kalmas\u0131 i\u00e7in hummal\u0131 bir \u00e7al\u0131\u015fma ba\u015flatt\u0131. \u00c7ok say\u0131da i\u015f makinesi ile kar temizleme ve tuzlama \u00e7al\u0131\u015fmas\u0131 yap\u0131l\u0131rken, b\u00f6lgede kar kal\u0131nl\u0131\u011f\u0131n\u0131n yer yer 5 santimetreye ula\u015ft\u0131\u011f\u0131 \u00f6\u011frenildi. Karayollar\u0131 B\u00f6lge M\u00fcd\u00fcrl\u00fc\u011f\u00fc ekipleri bu yolu kullanacak s\u00fcr\u00fcc\u00fclerin yanlar\u0131nda her ihtimale kar\u015f\u0131 zincir bulundurmalar\u0131 y\u00f6n\u00fcnde uyar\u0131da bulundu. Kar ya\u011f\u0131\u015f\u0131 nedeniyle ula\u015f\u0131mda herhangi bir aksama ya\u015fanmazken, ekipler bin 825 rak\u0131ml\u0131 Alacabel yolunu ula\u015f\u0131ma a\u00e7\u0131k tutmak i\u00e7in \u00e7al\u0131\u015fmalar\u0131n\u0131 aral\u0131ks\u0131z s\u00fcrd\u00fcr\u00fcyor.\u00a0\u00a0 \u00a0 \u00a0 \u00a0 \u00a0 \u00a0 \u00a0 \u00a0 \u00a0 \u00a0 \u00a0 \u00a0 \u00a0 \u00a0 \u00a0 \u00a0 \u00a0 \u200bAntalya-Konya karayolunda bin 825 metre rak\u0131ml\u0131 Alacabel&#8217;de kar ya\u011f\u0131\u015f\u0131 etkili oldu. Gece saatlerinde ba\u015flayan kar ya\u011f\u0131\u015f\u0131 nedeniyle ekipler ula\u015f\u0131m\u0131n aksamamas\u0131 i\u00e7in \u00e7al\u0131\u015fmalar\u0131n\u0131 s\u00fcrd\u00fcr\u00fcyor. \u0130\u015fte son durum&#8230;\u00a0 \u200bHaberin Al\u0131nt\u0131land\u0131\u011f\u0131 Kaynak: www.antalyakorfez.com","og_url":"https:\/\/denizcankizil.tr\/ru\/haberler\/gundem\/antalya-konya-yolunda-kar-etkili-oldu-son-durum-ne\/","og_site_name":"Av. Deniz Can K\u0131z\u0131l","article_published_time":"2025-02-05T07:41:48+00:00","author":"Antalya K\u00f6rfez","twitter_card":"summary_large_image","twitter_misc":{"\u041d\u0430\u043f\u0438\u0441\u0430\u043d\u043e \u0430\u0432\u0442\u043e\u0440\u043e\u043c":"Antalya K\u00f6rfez","\u041f\u0440\u0438\u043c\u0435\u0440\u043d\u043e\u0435 \u0432\u0440\u0435\u043c\u044f \u0434\u043b\u044f \u0447\u0442\u0435\u043d\u0438\u044f":"1 \u043c\u0438\u043d\u0443\u0442\u0430"},"schema":{"@context":"https:\/\/schema.org","@graph":[{"@type":"Article","@id":"https:\/\/denizcankizil.tr\/ru\/haberler\/gundem\/antalya-konya-yolunda-kar-etkili-oldu-son-durum-ne\/#article","isPartOf":{"@id":"https:\/\/denizcankizil.tr\/ru\/haberler\/gundem\/antalya-konya-yolunda-kar-etkili-oldu-son-durum-ne\/"},"author":{"name":"Antalya K\u00f6rfez","@id":"https:\/\/denizcankizil.tr\/de\/#\/schema\/person\/e1eb71bb4dd684d46563f0af307e1234"},"headline":"Antalya-Konya yolunda kar etkili oldu: Son durum ne?","datePublished":"2025-02-05T07:41:48+00:00","mainEntityOfPage":{"@id":"https:\/\/denizcankizil.tr\/ru\/haberler\/gundem\/antalya-konya-yolunda-kar-etkili-oldu-son-durum-ne\/"},"wordCount":267,"commentCount":0,"publisher":{"@id":"https:\/\/denizcankizil.tr\/de\/#organization"},"articleSection":["G\u00fcndem"],"inLanguage":"ru-RU","potentialAction":[{"@type":"CommentAction","name":"Comment","target":["https:\/\/denizcankizil.tr\/ru\/haberler\/gundem\/antalya-konya-yolunda-kar-etkili-oldu-son-durum-ne\/#respond"]}]},{"@type":"WebPage","@id":"https:\/\/denizcankizil.tr\/ru\/haberler\/gundem\/antalya-konya-yolunda-kar-etkili-oldu-son-durum-ne\/","url":"https:\/\/denizcankizil.tr\/ru\/haberler\/gundem\/antalya-konya-yolunda-kar-etkili-oldu-son-durum-ne\/","name":"Antalya-Konya yolunda kar etkili oldu: Son durum ne? - Av. Deniz Can K\u0131z\u0131l","isPartOf":{"@id":"https:\/\/denizcankizil.tr\/de\/#website"},"datePublished":"2025-02-05T07:41:48+00:00","breadcrumb":{"@id":"https:\/\/denizcankizil.tr\/ru\/haberler\/gundem\/antalya-konya-yolunda-kar-etkili-oldu-son-durum-ne\/#breadcrumb"},"inLanguage":"ru-RU","potentialAction":[{"@type":"ReadAction","target":["https:\/\/denizcankizil.tr\/ru\/haberler\/gundem\/antalya-konya-yolunda-kar-etkili-oldu-son-durum-ne\/"]}]},{"@type":"BreadcrumbList","@id":"https:\/\/denizcankizil.tr\/ru\/haberler\/gundem\/antalya-konya-yolunda-kar-etkili-oldu-son-durum-ne\/#breadcrumb","itemListElement":[{"@type":"ListItem","position":1,"name":"Home","item":"https:\/\/denizcankizil.tr\/de\/"},{"@type":"ListItem","position":2,"name":"Antalya-Konya yolunda kar etkili oldu: Son durum ne?"}]},{"@type":"WebSite","@id":"https:\/\/denizcankizil.tr\/de\/#website","url":"https:\/\/denizcankizil.tr\/de\/","name":"Av. Deniz Can K\u0131z\u0131l","description":"Avukat Deniz Can K\u0131z\u0131l Antalya Barosu","publisher":{"@id":"https:\/\/denizcankizil.tr\/de\/#organization"},"potentialAction":[{"@type":"SearchAction","target":{"@type":"EntryPoint","urlTemplate":"https:\/\/denizcankizil.tr\/de\/?s={search_term_string}"},"query-input":{"@type":"PropertyValueSpecification","valueRequired":true,"valueName":"search_term_string"}}],"inLanguage":"ru-RU"},{"@type":"Organization","@id":"https:\/\/denizcankizil.tr\/de\/#organization","name":"Av. Deniz Can K\u0131z\u0131l","url":"https:\/\/denizcankizil.tr\/de\/","logo":{"@type":"ImageObject","inLanguage":"ru-RU","@id":"https:\/\/denizcankizil.tr\/de\/#\/schema\/logo\/image\/","url":"https:\/\/denizcankizil.tr\/wp-content\/uploads\/2024\/10\/siyah-logo-svg.svg","contentUrl":"https:\/\/denizcankizil.tr\/wp-content\/uploads\/2024\/10\/siyah-logo-svg.svg","width":1080,"height":1080,"caption":"Av. Deniz Can K\u0131z\u0131l"},"image":{"@id":"https:\/\/denizcankizil.tr\/de\/#\/schema\/logo\/image\/"}},{"@type":"Person","@id":"https:\/\/denizcankizil.tr\/de\/#\/schema\/person\/e1eb71bb4dd684d46563f0af307e1234","name":"Antalya K\u00f6rfez","image":{"@type":"ImageObject","inLanguage":"ru-RU","@id":"https:\/\/denizcankizil.tr\/de\/#\/schema\/person\/image\/","url":"https:\/\/secure.gravatar.com\/avatar\/42b01982558a48a0b501fdcab6a408d3717ea5919095ee2e67b0e521799c5905?s=96&d=mm&r=g","contentUrl":"https:\/\/secure.gravatar.com\/avatar\/42b01982558a48a0b501fdcab6a408d3717ea5919095ee2e67b0e521799c5905?s=96&d=mm&r=g","caption":"Antalya K\u00f6rfez"},"sameAs":["http:\/\/www.antalyakorfez.com"],"url":"https:\/\/www.antalyakorfez.com\/antalya-konya-yolunda-kar-etkili-oldu-son-durum-ne"}]}},"_links":{"self":[{"href":"https:\/\/denizcankizil.tr\/ru\/wp-json\/wp\/v2\/posts\/30300","targetHints":{"allow":["GET"]}}],"collection":[{"href":"https:\/\/denizcankizil.tr\/ru\/wp-json\/wp\/v2\/posts"}],"about":[{"href":"https:\/\/denizcankizil.tr\/ru\/wp-json\/wp\/v2\/types\/post"}],"author":[{"embeddable":true,"href":"https:\/\/denizcankizil.tr\/ru\/wp-json\/wp\/v2\/users\/5"}],"replies":[{"embeddable":true,"href":"https:\/\/denizcankizil.tr\/ru\/wp-json\/wp\/v2\/comments?post=30300"}],"version-history":[{"count":0,"href":"https:\/\/denizcankizil.tr\/ru\/wp-json\/wp\/v2\/posts\/30300\/revisions"}],"wp:attachment":[{"href":"https:\/\/denizcankizil.tr\/ru\/wp-json\/wp\/v2\/media?parent=30300"}],"wp:term":[{"taxonomy":"category","embeddable":true,"href":"https:\/\/denizcankizil.tr\/ru\/wp-json\/wp\/v2\/categories?post=30300"},{"taxonomy":"post_tag","embeddable":true,"href":"https:\/\/denizcankizil.tr\/ru\/wp-json\/wp\/v2\/tags?post=30300"}],"curies":[{"name":"wp","href":"https:\/\/api.w.org\/{rel}","templated":true}]}}