{"id":30147,"date":"2025-02-04T18:44:07","date_gmt":"2025-02-04T15:44:07","guid":{"rendered":"https:\/\/denizcankizil.tr\/uncategorized-tr\/ozge-hemsire-muglada-son-yolculuguna-ugurlandi\/"},"modified":"2025-02-04T18:44:07","modified_gmt":"2025-02-04T15:44:07","slug":"ozge-hemsire-muglada-son-yolculuguna-ugurlandi","status":"publish","type":"post","link":"https:\/\/denizcankizil.tr\/ru\/haberler\/gundem\/ozge-hemsire-muglada-son-yolculuguna-ugurlandi\/","title":{"rendered":"\u00d6zge hem\u015fire, Mu\u011fla\u2019da son yolculu\u011funa u\u011furland\u0131"},"content":{"rendered":"<p>\u0130zmir&#8217;de \u00f6zel bir hastanede hem\u015fire olarak g\u00f6rev yapan Mu\u011flal\u0131 \u00d6zge \u00d6z\u00e7elik Pala, hamileyken beyin kanamas\u0131 ge\u00e7irmi\u015f, beyin \u00f6l\u00fcm\u00fc ger\u00e7ekle\u015fmi\u015fti. Mu\u011flal\u0131 hem\u015fire \u00d6zge \u00d6z\u00e7elik Pala&#8217;n\u0131n 7 g\u00fcnl\u00fck m\u00fccadelenin ard\u0131ndan kalbinin durmas\u0131 sonras\u0131 ya\u015fam\u0131n\u0131 yitirdi. \u00a0\u00a0<\/p>\n<p>MEMLEKET\u0130NDE TOPRA\u011eA VER\u0130LD\u0130\u00a0<\/p>\n<p>Hem\u015fire \u00d6zge \u00d6z\u00e7elik Pala, vefat\u0131n\u0131n ard\u0131ndan do\u011fum yeri olan Mu\u011fla\u2019n\u0131n Mente\u015fe il\u00e7esi Kafaca Mahallesinde topra\u011fa verildi. \u0130kindi namaz\u0131 sonras\u0131 Kafaca Camiinde k\u0131l\u0131nan cenaze namaz\u0131n\u0131n ard\u0131ndan Kafaca Mezarl\u0131\u011f\u0131nda topra\u011fa verilen \u00d6zge hem\u015firenin cenaze t\u00f6renine ailesi, yak\u0131nlar\u0131 ve vatanda\u015flar kat\u0131ld\u0131.\u00a0<\/p>\n<p>\u00a0 \u00a0 \u00a0 \u00a0 \u00a0 \u00a0 \u00a0 \u00a0 \u00a0 \u00a0 \u00a0 \u00a0 \u00a0 \u00a0 \u00a0<\/p>\n<p>\u200b\u0130zmir\u2019de \u00f6zel bir hastanede hem\u015fire olan \u00d6zge \u00d6z\u00e7elik Pala, hamileyken ge\u00e7irdi\u011fi beyin kanamas\u0131 sonucu hayat\u0131n\u0131 kaybetmi\u015fti. \u00d6zge hem\u015fire, bug\u00fcn memleketi Mu\u011fla\u2019da son yolculu\u011funa u\u011furlad\u0131\u00a0<\/p>\n<p>\u200bHaberin Al\u0131nt\u0131land\u0131\u011f\u0131 Kaynak: www.antalyakorfez.com<\/p>","protected":false},"excerpt":{"rendered":"<p>\u0130zmir&#8217;de \u00f6zel bir hastanede hem\u015fire olarak g\u00f6rev yapan Mu\u011flal\u0131 \u00d6zge \u00d6z\u00e7elik Pala, hamileyken beyin kanamas\u0131 ge\u00e7irmi\u015f, beyin \u00f6l\u00fcm\u00fc ger\u00e7ekle\u015fmi\u015fti. Mu\u011flal\u0131 hem\u015fire \u00d6zge \u00d6z\u00e7elik Pala&#8217;n\u0131n 7 g\u00fcnl\u00fck m\u00fccadelenin ard\u0131ndan kalbinin durmas\u0131 sonras\u0131 ya\u015fam\u0131n\u0131 yitirdi. \u00a0\u00a0 MEMLEKET\u0130NDE TOPRA\u011eA VER\u0130LD\u0130\u00a0 Hem\u015fire \u00d6zge \u00d6z\u00e7elik Pala, vefat\u0131n\u0131n ard\u0131ndan do\u011fum yeri olan Mu\u011fla\u2019n\u0131n Mente\u015fe il\u00e7esi Kafaca Mahallesinde topra\u011fa verildi. \u0130kindi namaz\u0131 sonras\u0131 Kafaca Camiinde k\u0131l\u0131nan cenaze namaz\u0131n\u0131n ard\u0131ndan Kafaca Mezarl\u0131\u011f\u0131nda topra\u011fa verilen \u00d6zge hem\u015firenin cenaze t\u00f6renine ailesi, yak\u0131nlar\u0131 ve vatanda\u015flar kat\u0131ld\u0131.\u00a0 \u00a0 \u00a0 \u00a0 \u00a0 \u00a0 \u00a0 \u00a0 \u00a0 \u00a0 \u00a0 \u00a0 \u00a0 \u00a0 \u00a0 \u00a0 \u200b\u0130zmir\u2019de \u00f6zel bir hastanede hem\u015fire olan \u00d6zge \u00d6z\u00e7elik Pala, hamileyken ge\u00e7irdi\u011fi beyin kanamas\u0131 sonucu hayat\u0131n\u0131 kaybetmi\u015fti. \u00d6zge hem\u015fire, bug\u00fcn memleketi Mu\u011fla\u2019da son yolculu\u011funa u\u011furlad\u0131\u00a0 \u200bHaberin Al\u0131nt\u0131land\u0131\u011f\u0131 Kaynak: www.antalyakorfez.com<\/p>","protected":false},"author":5,"featured_media":0,"comment_status":"open","ping_status":"open","sticky":false,"template":"","format":"standard","meta":{"_acf_changed":false,"footnotes":""},"categories":[24],"tags":[],"class_list":["post-30147","post","type-post","status-publish","format-standard","has-post-thumbnail","hentry","category-gundem"],"acf":[],"yoast_head":"<!-- This site is optimized with the Yoast SEO Premium plugin v26.6 (Yoast SEO v27.1.1) - https:\/\/yoast.com\/product\/yoast-seo-premium-wordpress\/ -->\n<title>\u00d6zge hem\u015fire, Mu\u011fla\u2019da son yolculu\u011funa u\u011furland\u0131 - Av. Deniz Can K\u0131z\u0131l<\/title>\n<meta name=\"robots\" content=\"index, follow, max-snippet:-1, max-image-preview:large, max-video-preview:-1\" \/>\n<link rel=\"canonical\" href=\"http:\/\/denizcankizil.tr\/ru\/haberler\/gundem\/ozge-hemsire-muglada-son-yolculuguna-ugurlandi\/\" \/>\n<meta property=\"og:locale\" content=\"ru_RU\" \/>\n<meta property=\"og:type\" content=\"article\" \/>\n<meta property=\"og:title\" content=\"\u00d6zge hem\u015fire, Mu\u011fla\u2019da son yolculu\u011funa u\u011furland\u0131\" \/>\n<meta property=\"og:description\" content=\"\u0130zmir&#8217;de \u00f6zel bir hastanede hem\u015fire olarak g\u00f6rev yapan Mu\u011flal\u0131 \u00d6zge \u00d6z\u00e7elik Pala, hamileyken beyin kanamas\u0131 ge\u00e7irmi\u015f, beyin \u00f6l\u00fcm\u00fc ger\u00e7ekle\u015fmi\u015fti. Mu\u011flal\u0131 hem\u015fire \u00d6zge \u00d6z\u00e7elik Pala&#8217;n\u0131n 7 g\u00fcnl\u00fck m\u00fccadelenin ard\u0131ndan kalbinin durmas\u0131 sonras\u0131 ya\u015fam\u0131n\u0131 yitirdi. \u00a0\u00a0 MEMLEKET\u0130NDE TOPRA\u011eA VER\u0130LD\u0130\u00a0 Hem\u015fire \u00d6zge \u00d6z\u00e7elik Pala, vefat\u0131n\u0131n ard\u0131ndan do\u011fum yeri olan Mu\u011fla\u2019n\u0131n Mente\u015fe il\u00e7esi Kafaca Mahallesinde topra\u011fa verildi. \u0130kindi namaz\u0131 sonras\u0131 Kafaca Camiinde k\u0131l\u0131nan cenaze namaz\u0131n\u0131n ard\u0131ndan Kafaca Mezarl\u0131\u011f\u0131nda topra\u011fa verilen \u00d6zge hem\u015firenin cenaze t\u00f6renine ailesi, yak\u0131nlar\u0131 ve vatanda\u015flar kat\u0131ld\u0131.\u00a0 \u00a0 \u00a0 \u00a0 \u00a0 \u00a0 \u00a0 \u00a0 \u00a0 \u00a0 \u00a0 \u00a0 \u00a0 \u00a0 \u00a0 \u00a0 \u200b\u0130zmir\u2019de \u00f6zel bir hastanede hem\u015fire olan \u00d6zge \u00d6z\u00e7elik Pala, hamileyken ge\u00e7irdi\u011fi beyin kanamas\u0131 sonucu hayat\u0131n\u0131 kaybetmi\u015fti. \u00d6zge hem\u015fire, bug\u00fcn memleketi Mu\u011fla\u2019da son yolculu\u011funa u\u011furlad\u0131\u00a0 \u200bHaberin Al\u0131nt\u0131land\u0131\u011f\u0131 Kaynak: www.antalyakorfez.com\" \/>\n<meta property=\"og:url\" content=\"http:\/\/denizcankizil.tr\/ru\/haberler\/gundem\/ozge-hemsire-muglada-son-yolculuguna-ugurlandi\/\" \/>\n<meta property=\"og:site_name\" content=\"Av. Deniz Can K\u0131z\u0131l\" \/>\n<meta property=\"article:published_time\" content=\"2025-02-04T15:44:07+00:00\" \/>\n<meta name=\"author\" content=\"Antalya K\u00f6rfez\" \/>\n<meta name=\"twitter:card\" content=\"summary_large_image\" \/>\n<meta name=\"twitter:label1\" content=\"\u041d\u0430\u043f\u0438\u0441\u0430\u043d\u043e \u0430\u0432\u0442\u043e\u0440\u043e\u043c\" \/>\n\t<meta name=\"twitter:data1\" content=\"Antalya K\u00f6rfez\" \/>\n\t<meta name=\"twitter:label2\" content=\"\u041f\u0440\u0438\u043c\u0435\u0440\u043d\u043e\u0435 \u0432\u0440\u0435\u043c\u044f \u0434\u043b\u044f \u0447\u0442\u0435\u043d\u0438\u044f\" \/>\n\t<meta name=\"twitter:data2\" content=\"1 \u043c\u0438\u043d\u0443\u0442\u0430\" \/>\n<script type=\"application\/ld+json\" class=\"yoast-schema-graph\">{\"@context\":\"https:\/\/schema.org\",\"@graph\":[{\"@type\":\"Article\",\"@id\":\"http:\/\/denizcankizil.tr\/de\/haberler\/gundem\/ozge-hemsire-muglada-son-yolculuguna-ugurlandi\/#article\",\"isPartOf\":{\"@id\":\"http:\/\/denizcankizil.tr\/de\/haberler\/gundem\/ozge-hemsire-muglada-son-yolculuguna-ugurlandi\/\"},\"author\":{\"name\":\"Antalya K\u00f6rfez\",\"@id\":\"https:\/\/denizcankizil.tr\/#\/schema\/person\/e1eb71bb4dd684d46563f0af307e1234\"},\"headline\":\"\u00d6zge hem\u015fire, Mu\u011fla\u2019da son yolculu\u011funa u\u011furland\u0131\",\"datePublished\":\"2025-02-04T15:44:07+00:00\",\"mainEntityOfPage\":{\"@id\":\"http:\/\/denizcankizil.tr\/de\/haberler\/gundem\/ozge-hemsire-muglada-son-yolculuguna-ugurlandi\/\"},\"wordCount\":177,\"commentCount\":0,\"publisher\":{\"@id\":\"https:\/\/denizcankizil.tr\/#organization\"},\"articleSection\":[\"G\u00fcndem\"],\"inLanguage\":\"ru-RU\",\"potentialAction\":[{\"@type\":\"CommentAction\",\"name\":\"Comment\",\"target\":[\"http:\/\/denizcankizil.tr\/de\/haberler\/gundem\/ozge-hemsire-muglada-son-yolculuguna-ugurlandi\/#respond\"]}]},{\"@type\":\"WebPage\",\"@id\":\"http:\/\/denizcankizil.tr\/de\/haberler\/gundem\/ozge-hemsire-muglada-son-yolculuguna-ugurlandi\/\",\"url\":\"http:\/\/denizcankizil.tr\/de\/haberler\/gundem\/ozge-hemsire-muglada-son-yolculuguna-ugurlandi\/\",\"name\":\"\u00d6zge hem\u015fire, Mu\u011fla\u2019da son yolculu\u011funa u\u011furland\u0131 - Av. Deniz Can K\u0131z\u0131l\",\"isPartOf\":{\"@id\":\"https:\/\/denizcankizil.tr\/#website\"},\"datePublished\":\"2025-02-04T15:44:07+00:00\",\"breadcrumb\":{\"@id\":\"http:\/\/denizcankizil.tr\/de\/haberler\/gundem\/ozge-hemsire-muglada-son-yolculuguna-ugurlandi\/#breadcrumb\"},\"inLanguage\":\"ru-RU\",\"potentialAction\":[{\"@type\":\"ReadAction\",\"target\":[\"http:\/\/denizcankizil.tr\/de\/haberler\/gundem\/ozge-hemsire-muglada-son-yolculuguna-ugurlandi\/\"]}]},{\"@type\":\"BreadcrumbList\",\"@id\":\"http:\/\/denizcankizil.tr\/de\/haberler\/gundem\/ozge-hemsire-muglada-son-yolculuguna-ugurlandi\/#breadcrumb\",\"itemListElement\":[{\"@type\":\"ListItem\",\"position\":1,\"name\":\"Home\",\"item\":\"https:\/\/denizcankizil.tr\/de\/\"},{\"@type\":\"ListItem\",\"position\":2,\"name\":\"\u00d6zge hem\u015fire, Mu\u011fla\u2019da son yolculu\u011funa u\u011furland\u0131\"}]},{\"@type\":\"WebSite\",\"@id\":\"https:\/\/denizcankizil.tr\/#website\",\"url\":\"https:\/\/denizcankizil.tr\/\",\"name\":\"Av. Deniz Can K\u0131z\u0131l\",\"description\":\"Avukat Deniz Can K\u0131z\u0131l Antalya Barosu\",\"publisher\":{\"@id\":\"https:\/\/denizcankizil.tr\/#organization\"},\"potentialAction\":[{\"@type\":\"SearchAction\",\"target\":{\"@type\":\"EntryPoint\",\"urlTemplate\":\"https:\/\/denizcankizil.tr\/?s={search_term_string}\"},\"query-input\":{\"@type\":\"PropertyValueSpecification\",\"valueRequired\":true,\"valueName\":\"search_term_string\"}}],\"inLanguage\":\"ru-RU\"},{\"@type\":\"Organization\",\"@id\":\"https:\/\/denizcankizil.tr\/#organization\",\"name\":\"Av. Deniz Can K\u0131z\u0131l\",\"url\":\"https:\/\/denizcankizil.tr\/\",\"logo\":{\"@type\":\"ImageObject\",\"inLanguage\":\"ru-RU\",\"@id\":\"https:\/\/denizcankizil.tr\/#\/schema\/logo\/image\/\",\"url\":\"https:\/\/denizcankizil.tr\/wp-content\/uploads\/2024\/10\/siyah-logo-svg.svg\",\"contentUrl\":\"https:\/\/denizcankizil.tr\/wp-content\/uploads\/2024\/10\/siyah-logo-svg.svg\",\"width\":1080,\"height\":1080,\"caption\":\"Av. Deniz Can K\u0131z\u0131l\"},\"image\":{\"@id\":\"https:\/\/denizcankizil.tr\/#\/schema\/logo\/image\/\"}},{\"@type\":\"Person\",\"@id\":\"https:\/\/denizcankizil.tr\/#\/schema\/person\/e1eb71bb4dd684d46563f0af307e1234\",\"name\":\"Antalya K\u00f6rfez\",\"image\":{\"@type\":\"ImageObject\",\"inLanguage\":\"ru-RU\",\"@id\":\"https:\/\/denizcankizil.tr\/#\/schema\/person\/image\/\",\"url\":\"https:\/\/secure.gravatar.com\/avatar\/42b01982558a48a0b501fdcab6a408d3717ea5919095ee2e67b0e521799c5905?s=96&d=mm&r=g\",\"contentUrl\":\"https:\/\/secure.gravatar.com\/avatar\/42b01982558a48a0b501fdcab6a408d3717ea5919095ee2e67b0e521799c5905?s=96&d=mm&r=g\",\"caption\":\"Antalya K\u00f6rfez\"},\"sameAs\":[\"http:\/\/www.antalyakorfez.com\"],\"url\":\"https:\/\/www.antalyakorfez.com\/ozge-hemsire-muglada-son-yolculuguna-ugurlandi\"}]}<\/script>\n<!-- \/ Yoast SEO Premium plugin. -->","yoast_head_json":{"title":"\u00d6zge hem\u015fire, Mu\u011fla\u2019da son yolculu\u011funa u\u011furland\u0131 - Av. Deniz Can K\u0131z\u0131l","robots":{"index":"index","follow":"follow","max-snippet":"max-snippet:-1","max-image-preview":"max-image-preview:large","max-video-preview":"max-video-preview:-1"},"canonical":"http:\/\/denizcankizil.tr\/ru\/haberler\/gundem\/ozge-hemsire-muglada-son-yolculuguna-ugurlandi\/","og_locale":"ru_RU","og_type":"article","og_title":"\u00d6zge hem\u015fire, Mu\u011fla\u2019da son yolculu\u011funa u\u011furland\u0131","og_description":"\u0130zmir&#8217;de \u00f6zel bir hastanede hem\u015fire olarak g\u00f6rev yapan Mu\u011flal\u0131 \u00d6zge \u00d6z\u00e7elik Pala, hamileyken beyin kanamas\u0131 ge\u00e7irmi\u015f, beyin \u00f6l\u00fcm\u00fc ger\u00e7ekle\u015fmi\u015fti. Mu\u011flal\u0131 hem\u015fire \u00d6zge \u00d6z\u00e7elik Pala&#8217;n\u0131n 7 g\u00fcnl\u00fck m\u00fccadelenin ard\u0131ndan kalbinin durmas\u0131 sonras\u0131 ya\u015fam\u0131n\u0131 yitirdi. \u00a0\u00a0 MEMLEKET\u0130NDE TOPRA\u011eA VER\u0130LD\u0130\u00a0 Hem\u015fire \u00d6zge \u00d6z\u00e7elik Pala, vefat\u0131n\u0131n ard\u0131ndan do\u011fum yeri olan Mu\u011fla\u2019n\u0131n Mente\u015fe il\u00e7esi Kafaca Mahallesinde topra\u011fa verildi. \u0130kindi namaz\u0131 sonras\u0131 Kafaca Camiinde k\u0131l\u0131nan cenaze namaz\u0131n\u0131n ard\u0131ndan Kafaca Mezarl\u0131\u011f\u0131nda topra\u011fa verilen \u00d6zge hem\u015firenin cenaze t\u00f6renine ailesi, yak\u0131nlar\u0131 ve vatanda\u015flar kat\u0131ld\u0131.\u00a0 \u00a0 \u00a0 \u00a0 \u00a0 \u00a0 \u00a0 \u00a0 \u00a0 \u00a0 \u00a0 \u00a0 \u00a0 \u00a0 \u00a0 \u00a0 \u200b\u0130zmir\u2019de \u00f6zel bir hastanede hem\u015fire olan \u00d6zge \u00d6z\u00e7elik Pala, hamileyken ge\u00e7irdi\u011fi beyin kanamas\u0131 sonucu hayat\u0131n\u0131 kaybetmi\u015fti. \u00d6zge hem\u015fire, bug\u00fcn memleketi Mu\u011fla\u2019da son yolculu\u011funa u\u011furlad\u0131\u00a0 \u200bHaberin Al\u0131nt\u0131land\u0131\u011f\u0131 Kaynak: www.antalyakorfez.com","og_url":"http:\/\/denizcankizil.tr\/ru\/haberler\/gundem\/ozge-hemsire-muglada-son-yolculuguna-ugurlandi\/","og_site_name":"Av. Deniz Can K\u0131z\u0131l","article_published_time":"2025-02-04T15:44:07+00:00","author":"Antalya K\u00f6rfez","twitter_card":"summary_large_image","twitter_misc":{"\u041d\u0430\u043f\u0438\u0441\u0430\u043d\u043e \u0430\u0432\u0442\u043e\u0440\u043e\u043c":"Antalya K\u00f6rfez","\u041f\u0440\u0438\u043c\u0435\u0440\u043d\u043e\u0435 \u0432\u0440\u0435\u043c\u044f \u0434\u043b\u044f \u0447\u0442\u0435\u043d\u0438\u044f":"1 \u043c\u0438\u043d\u0443\u0442\u0430"},"schema":{"@context":"https:\/\/schema.org","@graph":[{"@type":"Article","@id":"http:\/\/denizcankizil.tr\/de\/haberler\/gundem\/ozge-hemsire-muglada-son-yolculuguna-ugurlandi\/#article","isPartOf":{"@id":"http:\/\/denizcankizil.tr\/de\/haberler\/gundem\/ozge-hemsire-muglada-son-yolculuguna-ugurlandi\/"},"author":{"name":"Antalya K\u00f6rfez","@id":"https:\/\/denizcankizil.tr\/#\/schema\/person\/e1eb71bb4dd684d46563f0af307e1234"},"headline":"\u00d6zge hem\u015fire, Mu\u011fla\u2019da son yolculu\u011funa u\u011furland\u0131","datePublished":"2025-02-04T15:44:07+00:00","mainEntityOfPage":{"@id":"http:\/\/denizcankizil.tr\/de\/haberler\/gundem\/ozge-hemsire-muglada-son-yolculuguna-ugurlandi\/"},"wordCount":177,"commentCount":0,"publisher":{"@id":"https:\/\/denizcankizil.tr\/#organization"},"articleSection":["G\u00fcndem"],"inLanguage":"ru-RU","potentialAction":[{"@type":"CommentAction","name":"Comment","target":["http:\/\/denizcankizil.tr\/de\/haberler\/gundem\/ozge-hemsire-muglada-son-yolculuguna-ugurlandi\/#respond"]}]},{"@type":"WebPage","@id":"http:\/\/denizcankizil.tr\/de\/haberler\/gundem\/ozge-hemsire-muglada-son-yolculuguna-ugurlandi\/","url":"http:\/\/denizcankizil.tr\/de\/haberler\/gundem\/ozge-hemsire-muglada-son-yolculuguna-ugurlandi\/","name":"\u00d6zge hem\u015fire, Mu\u011fla\u2019da son yolculu\u011funa u\u011furland\u0131 - Av. Deniz Can K\u0131z\u0131l","isPartOf":{"@id":"https:\/\/denizcankizil.tr\/#website"},"datePublished":"2025-02-04T15:44:07+00:00","breadcrumb":{"@id":"http:\/\/denizcankizil.tr\/de\/haberler\/gundem\/ozge-hemsire-muglada-son-yolculuguna-ugurlandi\/#breadcrumb"},"inLanguage":"ru-RU","potentialAction":[{"@type":"ReadAction","target":["http:\/\/denizcankizil.tr\/de\/haberler\/gundem\/ozge-hemsire-muglada-son-yolculuguna-ugurlandi\/"]}]},{"@type":"BreadcrumbList","@id":"http:\/\/denizcankizil.tr\/de\/haberler\/gundem\/ozge-hemsire-muglada-son-yolculuguna-ugurlandi\/#breadcrumb","itemListElement":[{"@type":"ListItem","position":1,"name":"Home","item":"https:\/\/denizcankizil.tr\/de\/"},{"@type":"ListItem","position":2,"name":"\u00d6zge hem\u015fire, Mu\u011fla\u2019da son yolculu\u011funa u\u011furland\u0131"}]},{"@type":"WebSite","@id":"https:\/\/denizcankizil.tr\/#website","url":"https:\/\/denizcankizil.tr\/","name":"Av. Deniz Can K\u0131z\u0131l","description":"Avukat Deniz Can K\u0131z\u0131l Antalya Barosu","publisher":{"@id":"https:\/\/denizcankizil.tr\/#organization"},"potentialAction":[{"@type":"SearchAction","target":{"@type":"EntryPoint","urlTemplate":"https:\/\/denizcankizil.tr\/?s={search_term_string}"},"query-input":{"@type":"PropertyValueSpecification","valueRequired":true,"valueName":"search_term_string"}}],"inLanguage":"ru-RU"},{"@type":"Organization","@id":"https:\/\/denizcankizil.tr\/#organization","name":"Av. Deniz Can K\u0131z\u0131l","url":"https:\/\/denizcankizil.tr\/","logo":{"@type":"ImageObject","inLanguage":"ru-RU","@id":"https:\/\/denizcankizil.tr\/#\/schema\/logo\/image\/","url":"https:\/\/denizcankizil.tr\/wp-content\/uploads\/2024\/10\/siyah-logo-svg.svg","contentUrl":"https:\/\/denizcankizil.tr\/wp-content\/uploads\/2024\/10\/siyah-logo-svg.svg","width":1080,"height":1080,"caption":"Av. Deniz Can K\u0131z\u0131l"},"image":{"@id":"https:\/\/denizcankizil.tr\/#\/schema\/logo\/image\/"}},{"@type":"Person","@id":"https:\/\/denizcankizil.tr\/#\/schema\/person\/e1eb71bb4dd684d46563f0af307e1234","name":"Antalya K\u00f6rfez","image":{"@type":"ImageObject","inLanguage":"ru-RU","@id":"https:\/\/denizcankizil.tr\/#\/schema\/person\/image\/","url":"https:\/\/secure.gravatar.com\/avatar\/42b01982558a48a0b501fdcab6a408d3717ea5919095ee2e67b0e521799c5905?s=96&d=mm&r=g","contentUrl":"https:\/\/secure.gravatar.com\/avatar\/42b01982558a48a0b501fdcab6a408d3717ea5919095ee2e67b0e521799c5905?s=96&d=mm&r=g","caption":"Antalya K\u00f6rfez"},"sameAs":["http:\/\/www.antalyakorfez.com"],"url":"https:\/\/www.antalyakorfez.com\/ozge-hemsire-muglada-son-yolculuguna-ugurlandi"}]}},"_links":{"self":[{"href":"https:\/\/denizcankizil.tr\/ru\/wp-json\/wp\/v2\/posts\/30147","targetHints":{"allow":["GET"]}}],"collection":[{"href":"https:\/\/denizcankizil.tr\/ru\/wp-json\/wp\/v2\/posts"}],"about":[{"href":"https:\/\/denizcankizil.tr\/ru\/wp-json\/wp\/v2\/types\/post"}],"author":[{"embeddable":true,"href":"https:\/\/denizcankizil.tr\/ru\/wp-json\/wp\/v2\/users\/5"}],"replies":[{"embeddable":true,"href":"https:\/\/denizcankizil.tr\/ru\/wp-json\/wp\/v2\/comments?post=30147"}],"version-history":[{"count":0,"href":"https:\/\/denizcankizil.tr\/ru\/wp-json\/wp\/v2\/posts\/30147\/revisions"}],"wp:attachment":[{"href":"https:\/\/denizcankizil.tr\/ru\/wp-json\/wp\/v2\/media?parent=30147"}],"wp:term":[{"taxonomy":"category","embeddable":true,"href":"https:\/\/denizcankizil.tr\/ru\/wp-json\/wp\/v2\/categories?post=30147"},{"taxonomy":"post_tag","embeddable":true,"href":"https:\/\/denizcankizil.tr\/ru\/wp-json\/wp\/v2\/tags?post=30147"}],"curies":[{"name":"wp","href":"https:\/\/api.w.org\/{rel}","templated":true}]}}