{"id":30138,"date":"2025-02-04T17:41:40","date_gmt":"2025-02-04T14:41:40","guid":{"rendered":"https:\/\/denizcankizil.tr\/uncategorized-tr\/kocaeli-cayirova-meclisi-toplandi\/"},"modified":"2025-02-04T17:41:40","modified_gmt":"2025-02-04T14:41:40","slug":"kocaeli-cayirova-meclisi-toplandi","status":"publish","type":"post","link":"https:\/\/denizcankizil.tr\/ru\/haberler\/gundem\/kocaeli-cayirova-meclisi-toplandi\/","title":{"rendered":"Kocaeli \u00c7ay\u0131rova meclisi topland\u0131"},"content":{"rendered":"<p>Kocaeli \u00c7ay\u0131rova Belediyesi \u015eubat Ay\u0131 Ola\u011fan Meclis Toplant\u0131s\u0131 bug\u00fcn ger\u00e7ekle\u015ftirildi. Meclis toplant\u0131s\u0131nda d\u00f6rt g\u00fcndem maddesi g\u00f6r\u00fc\u015f\u00fclerek karara ba\u011fland\u0131.KOCAEL\u0130 (\u0130GFA) &#8211; Kocaeli\u00a0\u00c7ay\u0131rova Belediyesi \u015eubat Ay\u0131 Ola\u011fan Meclis Toplant\u0131s\u0131, bug\u00fcn \u00c7ay\u0131rova Belediyesi K\u00fclt\u00fcr Salonu\u2019nda yap\u0131ld\u0131.<br \/>\n\u00c7ay\u0131rova Belediye Ba\u015fkan\u0131 B\u00fcnyamin \u00c7ift\u00e7i\u2019nin ba\u015fkanl\u0131\u011f\u0131nda ger\u00e7ekle\u015ftirilen meclis toplant\u0131s\u0131nda, d\u00f6rt g\u00fcndem maddesi g\u00f6r\u00fc\u015f\u00fclerek karara ba\u011fland\u0131.<br \/>\nA\u00e7\u0131l\u0131\u015f, yoklama ve bir \u00f6nceki meclise ait kararlar\u0131n okunmas\u0131yla ba\u015flayan mecliste birinci g\u00fcndem maddesi olarak \u00c7ay\u0131rova Belediyesi Zab\u0131ta M\u00fcd\u00fcrl\u00fc\u011f\u00fc personelinin 2025 Y\u0131l\u0131 Maktu Mesai \u00dccreti g\u00f6r\u00fc\u015f\u00fcld\u00fc ve g\u00fcndem maddesi oy birli\u011fi ile kabul edildi.<br \/>\nMeclisin ikinci g\u00fcndem maddesinde ise Cumhuriyet Mahallesi\u2019ndeki iki mevcut parka ve \u015eekerp\u0131nar Mahallesi\u2019nde yeni yap\u0131lan parka isim verildi. Buna g\u00f6re Demet Sokak\u2019taki parka Begonya, Narl\u0131 Sokak\u2019taki parka Ak\u015femsettin ve Ramazan Sokak\u2019ta yeni in\u015fa edilen parka da Piri Reis ad\u0131 verildi.<\/p>\n<p>B\u0130R SONRAK\u0130 MECL\u0130S 4 MART SALI G\u00dcN\u00dc<br \/>\nPlan ve B\u00fct\u00e7e Komisyonu\u2019nun \u0130mar ve \u015eehircilik M\u00fcd\u00fcrl\u00fc\u011f\u00fc\u2019n\u00fcn 2025 y\u0131l\u0131 vergi, resim, har\u00e7 ve kat\u0131lma pay\u0131 d\u0131\u015f\u0131ndaki tarifelerinde bulunan \u2018Tevhid ve \u0130fraz \u00fccretlerinde revize yap\u0131lmas\u0131 ile ilgili raporu oy birli\u011fi ile kabul edildi.<br \/>\nG\u00fcndemin d\u00f6rd\u00fcnc\u00fc maddesi ise oy birli\u011fi ile ilgili komisyona havale edildi. G\u00fcndem d\u0131\u015f\u0131 konu\u015fmalar\u0131n ard\u0131ndan meclis sona erdi. Bir sonraki meclis toplant\u0131s\u0131n\u0131n 4 Mart Sal\u0131 g\u00fcn\u00fc saat 14.00\u2019da yap\u0131lmas\u0131 kararla\u015ft\u0131r\u0131ld\u0131.<br \/>\nMeclis toplant\u0131s\u0131 hakk\u0131nda a\u00e7\u0131klamalarda bulunan Ba\u015fkan \u00c7ift\u00e7i, \u201c\u015eubat ay\u0131 meclis toplant\u0131m\u0131z\u0131 tamamlad\u0131k. Ald\u0131\u011f\u0131m\u0131z kararlar\u0131n il\u00e7emize ve k\u0131ymetli hem\u015fehrilerimize hay\u0131rl\u0131 olmas\u0131n\u0131 temenni ediyorum\u201d dedi.<\/p>\n<p>\u200bKocaeli \u00c7ay\u0131rova Belediyesi \u015eubat Ay\u0131 Ola\u011fan Meclis Toplant\u0131s\u0131 bug\u00fcn ger\u00e7ekle\u015ftirildi. Meclis toplant\u0131s\u0131nda d\u00f6rt g\u00fcndem maddesi g\u00f6r\u00fc\u015f\u00fclerek karara ba\u011fland\u0131.KOCAEL\u0130 (\u0130GFA) &#8211; Kocaeli\u00a0\u00c7ay\u0131rova Belediyesi \u015eubat Ay\u0131 Ola\u011fan Meclis Toplant\u0131s\u0131, bug\u00fcn \u00c7ay\u0131rova Belediyesi K\u00fclt\u00fcr Salonu\u2019nda yap\u0131ld\u0131.<br \/>\n\u00c7ay\u0131rova Belediye Ba\u015fkan\u0131 B\u00fcnyamin \u00c7ift\u00e7i\u2019nin ba\u015fkanl\u0131\u011f\u0131nda ger\u00e7ekle\u015ftirilen meclis toplant\u0131s\u0131nda, d\u00f6rt g\u00fcndem maddesi g\u00f6r\u00fc\u015f\u00fclerek karara ba\u011fland\u0131.<br \/>\nA\u00e7\u0131l\u0131\u015f, yoklama ve bir \u00f6nceki meclise ait kararlar\u0131n okunmas\u0131yla ba\u015flayan mecliste birinci g\u00fcndem maddesi olarak \u00c7ay\u0131rova Belediyesi Zab\u0131ta M\u00fcd\u00fcrl\u00fc\u011f\u00fc personelinin 2025 Y\u0131l\u0131 Maktu Mesai \u00dccreti g\u00f6r\u00fc\u015f\u00fcld\u00fc ve g\u00fcndem maddesi oy birli\u011fi ile kabul edildi.<br \/>\nMeclisin ikinci g\u00fcndem maddesinde ise Cumhuriyet Mahallesi\u2019ndeki iki mevcut parka ve \u015eekerp\u0131nar Mahallesi\u2019nde yeni yap\u0131lan parka isim verildi. Buna g\u00f6re Demet Sokak\u2019taki parka Begonya, Narl\u0131 Sokak\u2019taki parka Ak\u015femsettin ve Ramazan Sokak\u2019ta yeni in\u015fa edilen parka da Piri Reis ad\u0131 verildi.<\/p>\n<p>B\u0130R SONRAK\u0130 MECL\u0130S 4 MART SALI G\u00dcN\u00dc<br \/>\nPlan ve B\u00fct\u00e7e Komisyonu\u2019nun \u0130mar ve \u015eehircilik M\u00fcd\u00fcrl\u00fc\u011f\u00fc\u2019n\u00fcn 2025 y\u0131l\u0131 vergi, resim, har\u00e7 ve kat\u0131lma pay\u0131 d\u0131\u015f\u0131ndaki tarifelerinde bulunan \u2018Tevhid ve \u0130fraz \u00fccretlerinde revize yap\u0131lmas\u0131 ile ilgili raporu oy birli\u011fi ile kabul edildi.<br \/>\nG\u00fcndemin d\u00f6rd\u00fcnc\u00fc maddesi ise oy birli\u011fi ile ilgili komisyona havale edildi. G\u00fcndem d\u0131\u015f\u0131 konu\u015fmalar\u0131n ard\u0131ndan meclis sona erdi. Bir sonraki meclis toplant\u0131s\u0131n\u0131n 4 Mart Sal\u0131 g\u00fcn\u00fc saat 14.00\u2019da yap\u0131lmas\u0131 kararla\u015ft\u0131r\u0131ld\u0131.<br \/>\nMeclis toplant\u0131s\u0131 hakk\u0131nda a\u00e7\u0131klamalarda bulunan Ba\u015fkan \u00c7ift\u00e7i, \u201c\u015eubat ay\u0131 meclis toplant\u0131m\u0131z\u0131 tamamlad\u0131k. Ald\u0131\u011f\u0131m\u0131z kararlar\u0131n il\u00e7emize ve k\u0131ymetli hem\u015fehrilerimize hay\u0131rl\u0131 olmas\u0131n\u0131 temenni ediyorum\u201d dedi.\u00a0<\/p>\n<p>\u200bHaberin Al\u0131nt\u0131land\u0131\u011f\u0131 Kaynak: www.iskenderun.org<\/p>","protected":false},"excerpt":{"rendered":"<p>Kocaeli \u00c7ay\u0131rova Belediyesi \u015eubat Ay\u0131 Ola\u011fan Meclis Toplant\u0131s\u0131 bug\u00fcn ger\u00e7ekle\u015ftirildi. Meclis toplant\u0131s\u0131nda d\u00f6rt g\u00fcndem maddesi g\u00f6r\u00fc\u015f\u00fclerek karara ba\u011fland\u0131.KOCAEL\u0130 (\u0130GFA) &#8211; Kocaeli\u00a0\u00c7ay\u0131rova Belediyesi \u015eubat Ay\u0131 Ola\u011fan Meclis Toplant\u0131s\u0131, bug\u00fcn \u00c7ay\u0131rova Belediyesi K\u00fclt\u00fcr Salonu\u2019nda yap\u0131ld\u0131. \u00c7ay\u0131rova Belediye Ba\u015fkan\u0131 B\u00fcnyamin \u00c7ift\u00e7i\u2019nin ba\u015fkanl\u0131\u011f\u0131nda ger\u00e7ekle\u015ftirilen meclis toplant\u0131s\u0131nda, d\u00f6rt g\u00fcndem maddesi g\u00f6r\u00fc\u015f\u00fclerek karara ba\u011fland\u0131. A\u00e7\u0131l\u0131\u015f, yoklama ve bir \u00f6nceki meclise ait kararlar\u0131n okunmas\u0131yla ba\u015flayan mecliste birinci g\u00fcndem maddesi olarak \u00c7ay\u0131rova Belediyesi Zab\u0131ta M\u00fcd\u00fcrl\u00fc\u011f\u00fc personelinin 2025 Y\u0131l\u0131 Maktu Mesai \u00dccreti g\u00f6r\u00fc\u015f\u00fcld\u00fc ve g\u00fcndem maddesi oy birli\u011fi ile kabul edildi. Meclisin ikinci g\u00fcndem maddesinde ise Cumhuriyet Mahallesi\u2019ndeki iki mevcut parka ve \u015eekerp\u0131nar Mahallesi\u2019nde yeni yap\u0131lan parka isim verildi. Buna g\u00f6re Demet Sokak\u2019taki parka Begonya, Narl\u0131 Sokak\u2019taki parka Ak\u015femsettin ve Ramazan Sokak\u2019ta yeni in\u015fa edilen parka da Piri Reis ad\u0131 verildi. B\u0130R SONRAK\u0130 MECL\u0130S 4 MART SALI G\u00dcN\u00dc Plan ve B\u00fct\u00e7e Komisyonu\u2019nun \u0130mar ve \u015eehircilik M\u00fcd\u00fcrl\u00fc\u011f\u00fc\u2019n\u00fcn 2025 y\u0131l\u0131 vergi, resim, har\u00e7 ve kat\u0131lma pay\u0131 d\u0131\u015f\u0131ndaki tarifelerinde bulunan \u2018Tevhid ve \u0130fraz \u00fccretlerinde revize yap\u0131lmas\u0131 ile ilgili raporu oy birli\u011fi ile kabul edildi. G\u00fcndemin d\u00f6rd\u00fcnc\u00fc maddesi ise oy birli\u011fi ile ilgili komisyona havale edildi. G\u00fcndem d\u0131\u015f\u0131 konu\u015fmalar\u0131n ard\u0131ndan meclis sona erdi. Bir sonraki meclis toplant\u0131s\u0131n\u0131n 4 Mart Sal\u0131 g\u00fcn\u00fc saat 14.00\u2019da yap\u0131lmas\u0131 kararla\u015ft\u0131r\u0131ld\u0131. Meclis toplant\u0131s\u0131 hakk\u0131nda a\u00e7\u0131klamalarda bulunan Ba\u015fkan \u00c7ift\u00e7i, \u201c\u015eubat &hellip;<\/p>","protected":false},"author":1,"featured_media":0,"comment_status":"open","ping_status":"open","sticky":false,"template":"","format":"standard","meta":{"_acf_changed":false,"footnotes":""},"categories":[24],"tags":[],"class_list":["post-30138","post","type-post","status-publish","format-standard","has-post-thumbnail","hentry","category-gundem"],"acf":[],"yoast_head":"<!-- This site is optimized with the Yoast SEO Premium plugin v26.6 (Yoast SEO v27.1.1) - https:\/\/yoast.com\/product\/yoast-seo-premium-wordpress\/ -->\n<title>Kocaeli \u00c7ay\u0131rova meclisi topland\u0131 - Av. Deniz Can K\u0131z\u0131l<\/title>\n<meta name=\"robots\" content=\"index, follow, max-snippet:-1, max-image-preview:large, max-video-preview:-1\" \/>\n<link rel=\"canonical\" href=\"http:\/\/denizcankizil.tr\/ru\/haberler\/gundem\/kocaeli-cayirova-meclisi-toplandi\/\" \/>\n<meta property=\"og:locale\" content=\"ru_RU\" \/>\n<meta property=\"og:type\" content=\"article\" \/>\n<meta property=\"og:title\" content=\"Kocaeli \u00c7ay\u0131rova meclisi topland\u0131\" \/>\n<meta property=\"og:description\" content=\"Kocaeli \u00c7ay\u0131rova Belediyesi \u015eubat Ay\u0131 Ola\u011fan Meclis Toplant\u0131s\u0131 bug\u00fcn ger\u00e7ekle\u015ftirildi. Meclis toplant\u0131s\u0131nda d\u00f6rt g\u00fcndem maddesi g\u00f6r\u00fc\u015f\u00fclerek karara ba\u011fland\u0131.KOCAEL\u0130 (\u0130GFA) &#8211; Kocaeli\u00a0\u00c7ay\u0131rova Belediyesi \u015eubat Ay\u0131 Ola\u011fan Meclis Toplant\u0131s\u0131, bug\u00fcn \u00c7ay\u0131rova Belediyesi K\u00fclt\u00fcr Salonu\u2019nda yap\u0131ld\u0131. \u00c7ay\u0131rova Belediye Ba\u015fkan\u0131 B\u00fcnyamin \u00c7ift\u00e7i\u2019nin ba\u015fkanl\u0131\u011f\u0131nda ger\u00e7ekle\u015ftirilen meclis toplant\u0131s\u0131nda, d\u00f6rt g\u00fcndem maddesi g\u00f6r\u00fc\u015f\u00fclerek karara ba\u011fland\u0131. A\u00e7\u0131l\u0131\u015f, yoklama ve bir \u00f6nceki meclise ait kararlar\u0131n okunmas\u0131yla ba\u015flayan mecliste birinci g\u00fcndem maddesi olarak \u00c7ay\u0131rova Belediyesi Zab\u0131ta M\u00fcd\u00fcrl\u00fc\u011f\u00fc personelinin 2025 Y\u0131l\u0131 Maktu Mesai \u00dccreti g\u00f6r\u00fc\u015f\u00fcld\u00fc ve g\u00fcndem maddesi oy birli\u011fi ile kabul edildi. Meclisin ikinci g\u00fcndem maddesinde ise Cumhuriyet Mahallesi\u2019ndeki iki mevcut parka ve \u015eekerp\u0131nar Mahallesi\u2019nde yeni yap\u0131lan parka isim verildi. Buna g\u00f6re Demet Sokak\u2019taki parka Begonya, Narl\u0131 Sokak\u2019taki parka Ak\u015femsettin ve Ramazan Sokak\u2019ta yeni in\u015fa edilen parka da Piri Reis ad\u0131 verildi. B\u0130R SONRAK\u0130 MECL\u0130S 4 MART SALI G\u00dcN\u00dc Plan ve B\u00fct\u00e7e Komisyonu\u2019nun \u0130mar ve \u015eehircilik M\u00fcd\u00fcrl\u00fc\u011f\u00fc\u2019n\u00fcn 2025 y\u0131l\u0131 vergi, resim, har\u00e7 ve kat\u0131lma pay\u0131 d\u0131\u015f\u0131ndaki tarifelerinde bulunan \u2018Tevhid ve \u0130fraz \u00fccretlerinde revize yap\u0131lmas\u0131 ile ilgili raporu oy birli\u011fi ile kabul edildi. G\u00fcndemin d\u00f6rd\u00fcnc\u00fc maddesi ise oy birli\u011fi ile ilgili komisyona havale edildi. G\u00fcndem d\u0131\u015f\u0131 konu\u015fmalar\u0131n ard\u0131ndan meclis sona erdi. Bir sonraki meclis toplant\u0131s\u0131n\u0131n 4 Mart Sal\u0131 g\u00fcn\u00fc saat 14.00\u2019da yap\u0131lmas\u0131 kararla\u015ft\u0131r\u0131ld\u0131. Meclis toplant\u0131s\u0131 hakk\u0131nda a\u00e7\u0131klamalarda bulunan Ba\u015fkan \u00c7ift\u00e7i, \u201c\u015eubat &hellip;\" \/>\n<meta property=\"og:url\" content=\"http:\/\/denizcankizil.tr\/ru\/haberler\/gundem\/kocaeli-cayirova-meclisi-toplandi\/\" \/>\n<meta property=\"og:site_name\" content=\"Av. Deniz Can K\u0131z\u0131l\" \/>\n<meta property=\"article:published_time\" content=\"2025-02-04T14:41:40+00:00\" \/>\n<meta name=\"author\" content=\"admin\" \/>\n<meta name=\"twitter:card\" content=\"summary_large_image\" \/>\n<meta name=\"twitter:label1\" content=\"\u041d\u0430\u043f\u0438\u0441\u0430\u043d\u043e \u0430\u0432\u0442\u043e\u0440\u043e\u043c\" \/>\n\t<meta name=\"twitter:data1\" content=\"admin\" \/>\n\t<meta name=\"twitter:label2\" content=\"\u041f\u0440\u0438\u043c\u0435\u0440\u043d\u043e\u0435 \u0432\u0440\u0435\u043c\u044f \u0434\u043b\u044f \u0447\u0442\u0435\u043d\u0438\u044f\" \/>\n\t<meta name=\"twitter:data2\" content=\"3 \u043c\u0438\u043d\u0443\u0442\u044b\" \/>\n<script type=\"application\/ld+json\" class=\"yoast-schema-graph\">{\"@context\":\"https:\/\/schema.org\",\"@graph\":[{\"@type\":\"Article\",\"@id\":\"http:\/\/denizcankizil.tr\/en\/haberler\/gundem\/kocaeli-cayirova-meclisi-toplandi\/#article\",\"isPartOf\":{\"@id\":\"http:\/\/denizcankizil.tr\/en\/haberler\/gundem\/kocaeli-cayirova-meclisi-toplandi\/\"},\"author\":{\"name\":\"admin\",\"@id\":\"https:\/\/denizcankizil.tr\/de\/#\/schema\/person\/be3c05fe6a12686905512445d8185489\"},\"headline\":\"Kocaeli \u00c7ay\u0131rova meclisi topland\u0131\",\"datePublished\":\"2025-02-04T14:41:40+00:00\",\"mainEntityOfPage\":{\"@id\":\"http:\/\/denizcankizil.tr\/en\/haberler\/gundem\/kocaeli-cayirova-meclisi-toplandi\/\"},\"wordCount\":659,\"commentCount\":0,\"publisher\":{\"@id\":\"https:\/\/denizcankizil.tr\/de\/#organization\"},\"articleSection\":[\"G\u00fcndem\"],\"inLanguage\":\"ru-RU\",\"potentialAction\":[{\"@type\":\"CommentAction\",\"name\":\"Comment\",\"target\":[\"http:\/\/denizcankizil.tr\/en\/haberler\/gundem\/kocaeli-cayirova-meclisi-toplandi\/#respond\"]}]},{\"@type\":\"WebPage\",\"@id\":\"http:\/\/denizcankizil.tr\/en\/haberler\/gundem\/kocaeli-cayirova-meclisi-toplandi\/\",\"url\":\"http:\/\/denizcankizil.tr\/en\/haberler\/gundem\/kocaeli-cayirova-meclisi-toplandi\/\",\"name\":\"Kocaeli \u00c7ay\u0131rova meclisi topland\u0131 - Av. Deniz Can K\u0131z\u0131l\",\"isPartOf\":{\"@id\":\"https:\/\/denizcankizil.tr\/de\/#website\"},\"datePublished\":\"2025-02-04T14:41:40+00:00\",\"breadcrumb\":{\"@id\":\"http:\/\/denizcankizil.tr\/en\/haberler\/gundem\/kocaeli-cayirova-meclisi-toplandi\/#breadcrumb\"},\"inLanguage\":\"ru-RU\",\"potentialAction\":[{\"@type\":\"ReadAction\",\"target\":[\"http:\/\/denizcankizil.tr\/en\/haberler\/gundem\/kocaeli-cayirova-meclisi-toplandi\/\"]}]},{\"@type\":\"BreadcrumbList\",\"@id\":\"http:\/\/denizcankizil.tr\/en\/haberler\/gundem\/kocaeli-cayirova-meclisi-toplandi\/#breadcrumb\",\"itemListElement\":[{\"@type\":\"ListItem\",\"position\":1,\"name\":\"Home\",\"item\":\"https:\/\/denizcankizil.tr\/de\/\"},{\"@type\":\"ListItem\",\"position\":2,\"name\":\"Kocaeli \u00c7ay\u0131rova meclisi topland\u0131\"}]},{\"@type\":\"WebSite\",\"@id\":\"https:\/\/denizcankizil.tr\/de\/#website\",\"url\":\"https:\/\/denizcankizil.tr\/de\/\",\"name\":\"Av. Deniz Can K\u0131z\u0131l\",\"description\":\"Avukat Deniz Can K\u0131z\u0131l Antalya Barosu\",\"publisher\":{\"@id\":\"https:\/\/denizcankizil.tr\/de\/#organization\"},\"potentialAction\":[{\"@type\":\"SearchAction\",\"target\":{\"@type\":\"EntryPoint\",\"urlTemplate\":\"https:\/\/denizcankizil.tr\/de\/?s={search_term_string}\"},\"query-input\":{\"@type\":\"PropertyValueSpecification\",\"valueRequired\":true,\"valueName\":\"search_term_string\"}}],\"inLanguage\":\"ru-RU\"},{\"@type\":\"Organization\",\"@id\":\"https:\/\/denizcankizil.tr\/de\/#organization\",\"name\":\"Av. Deniz Can K\u0131z\u0131l\",\"url\":\"https:\/\/denizcankizil.tr\/de\/\",\"logo\":{\"@type\":\"ImageObject\",\"inLanguage\":\"ru-RU\",\"@id\":\"https:\/\/denizcankizil.tr\/de\/#\/schema\/logo\/image\/\",\"url\":\"https:\/\/denizcankizil.tr\/wp-content\/uploads\/2024\/10\/siyah-logo-svg.svg\",\"contentUrl\":\"https:\/\/denizcankizil.tr\/wp-content\/uploads\/2024\/10\/siyah-logo-svg.svg\",\"width\":1080,\"height\":1080,\"caption\":\"Av. Deniz Can K\u0131z\u0131l\"},\"image\":{\"@id\":\"https:\/\/denizcankizil.tr\/de\/#\/schema\/logo\/image\/\"}},{\"@type\":\"Person\",\"@id\":\"https:\/\/denizcankizil.tr\/de\/#\/schema\/person\/be3c05fe6a12686905512445d8185489\",\"name\":\"admin\",\"image\":{\"@type\":\"ImageObject\",\"inLanguage\":\"ru-RU\",\"@id\":\"https:\/\/denizcankizil.tr\/de\/#\/schema\/person\/image\/\",\"url\":\"https:\/\/secure.gravatar.com\/avatar\/c1fce94c830dc79107e174f890d7210541c4a63e8e5d816341794a2151c9d58c?s=96&d=mm&r=g\",\"contentUrl\":\"https:\/\/secure.gravatar.com\/avatar\/c1fce94c830dc79107e174f890d7210541c4a63e8e5d816341794a2151c9d58c?s=96&d=mm&r=g\",\"caption\":\"admin\"},\"sameAs\":[\"http:\/\/denizcankizil.tr\"],\"url\":\"https:\/\/www.iskenderun.org\/kocaeli-cayirova-meclisi-toplandi\"}]}<\/script>\n<!-- \/ Yoast SEO Premium plugin. -->","yoast_head_json":{"title":"Kocaeli \u00c7ay\u0131rova meclisi topland\u0131 - Av. Deniz Can K\u0131z\u0131l","robots":{"index":"index","follow":"follow","max-snippet":"max-snippet:-1","max-image-preview":"max-image-preview:large","max-video-preview":"max-video-preview:-1"},"canonical":"http:\/\/denizcankizil.tr\/ru\/haberler\/gundem\/kocaeli-cayirova-meclisi-toplandi\/","og_locale":"ru_RU","og_type":"article","og_title":"Kocaeli \u00c7ay\u0131rova meclisi topland\u0131","og_description":"Kocaeli \u00c7ay\u0131rova Belediyesi \u015eubat Ay\u0131 Ola\u011fan Meclis Toplant\u0131s\u0131 bug\u00fcn ger\u00e7ekle\u015ftirildi. Meclis toplant\u0131s\u0131nda d\u00f6rt g\u00fcndem maddesi g\u00f6r\u00fc\u015f\u00fclerek karara ba\u011fland\u0131.KOCAEL\u0130 (\u0130GFA) &#8211; Kocaeli\u00a0\u00c7ay\u0131rova Belediyesi \u015eubat Ay\u0131 Ola\u011fan Meclis Toplant\u0131s\u0131, bug\u00fcn \u00c7ay\u0131rova Belediyesi K\u00fclt\u00fcr Salonu\u2019nda yap\u0131ld\u0131. \u00c7ay\u0131rova Belediye Ba\u015fkan\u0131 B\u00fcnyamin \u00c7ift\u00e7i\u2019nin ba\u015fkanl\u0131\u011f\u0131nda ger\u00e7ekle\u015ftirilen meclis toplant\u0131s\u0131nda, d\u00f6rt g\u00fcndem maddesi g\u00f6r\u00fc\u015f\u00fclerek karara ba\u011fland\u0131. A\u00e7\u0131l\u0131\u015f, yoklama ve bir \u00f6nceki meclise ait kararlar\u0131n okunmas\u0131yla ba\u015flayan mecliste birinci g\u00fcndem maddesi olarak \u00c7ay\u0131rova Belediyesi Zab\u0131ta M\u00fcd\u00fcrl\u00fc\u011f\u00fc personelinin 2025 Y\u0131l\u0131 Maktu Mesai \u00dccreti g\u00f6r\u00fc\u015f\u00fcld\u00fc ve g\u00fcndem maddesi oy birli\u011fi ile kabul edildi. Meclisin ikinci g\u00fcndem maddesinde ise Cumhuriyet Mahallesi\u2019ndeki iki mevcut parka ve \u015eekerp\u0131nar Mahallesi\u2019nde yeni yap\u0131lan parka isim verildi. Buna g\u00f6re Demet Sokak\u2019taki parka Begonya, Narl\u0131 Sokak\u2019taki parka Ak\u015femsettin ve Ramazan Sokak\u2019ta yeni in\u015fa edilen parka da Piri Reis ad\u0131 verildi. B\u0130R SONRAK\u0130 MECL\u0130S 4 MART SALI G\u00dcN\u00dc Plan ve B\u00fct\u00e7e Komisyonu\u2019nun \u0130mar ve \u015eehircilik M\u00fcd\u00fcrl\u00fc\u011f\u00fc\u2019n\u00fcn 2025 y\u0131l\u0131 vergi, resim, har\u00e7 ve kat\u0131lma pay\u0131 d\u0131\u015f\u0131ndaki tarifelerinde bulunan \u2018Tevhid ve \u0130fraz \u00fccretlerinde revize yap\u0131lmas\u0131 ile ilgili raporu oy birli\u011fi ile kabul edildi. G\u00fcndemin d\u00f6rd\u00fcnc\u00fc maddesi ise oy birli\u011fi ile ilgili komisyona havale edildi. G\u00fcndem d\u0131\u015f\u0131 konu\u015fmalar\u0131n ard\u0131ndan meclis sona erdi. Bir sonraki meclis toplant\u0131s\u0131n\u0131n 4 Mart Sal\u0131 g\u00fcn\u00fc saat 14.00\u2019da yap\u0131lmas\u0131 kararla\u015ft\u0131r\u0131ld\u0131. Meclis toplant\u0131s\u0131 hakk\u0131nda a\u00e7\u0131klamalarda bulunan Ba\u015fkan \u00c7ift\u00e7i, \u201c\u015eubat &hellip;","og_url":"http:\/\/denizcankizil.tr\/ru\/haberler\/gundem\/kocaeli-cayirova-meclisi-toplandi\/","og_site_name":"Av. Deniz Can K\u0131z\u0131l","article_published_time":"2025-02-04T14:41:40+00:00","author":"admin","twitter_card":"summary_large_image","twitter_misc":{"\u041d\u0430\u043f\u0438\u0441\u0430\u043d\u043e \u0430\u0432\u0442\u043e\u0440\u043e\u043c":"admin","\u041f\u0440\u0438\u043c\u0435\u0440\u043d\u043e\u0435 \u0432\u0440\u0435\u043c\u044f \u0434\u043b\u044f \u0447\u0442\u0435\u043d\u0438\u044f":"3 \u043c\u0438\u043d\u0443\u0442\u044b"},"schema":{"@context":"https:\/\/schema.org","@graph":[{"@type":"Article","@id":"http:\/\/denizcankizil.tr\/en\/haberler\/gundem\/kocaeli-cayirova-meclisi-toplandi\/#article","isPartOf":{"@id":"http:\/\/denizcankizil.tr\/en\/haberler\/gundem\/kocaeli-cayirova-meclisi-toplandi\/"},"author":{"name":"admin","@id":"https:\/\/denizcankizil.tr\/de\/#\/schema\/person\/be3c05fe6a12686905512445d8185489"},"headline":"Kocaeli \u00c7ay\u0131rova meclisi topland\u0131","datePublished":"2025-02-04T14:41:40+00:00","mainEntityOfPage":{"@id":"http:\/\/denizcankizil.tr\/en\/haberler\/gundem\/kocaeli-cayirova-meclisi-toplandi\/"},"wordCount":659,"commentCount":0,"publisher":{"@id":"https:\/\/denizcankizil.tr\/de\/#organization"},"articleSection":["G\u00fcndem"],"inLanguage":"ru-RU","potentialAction":[{"@type":"CommentAction","name":"Comment","target":["http:\/\/denizcankizil.tr\/en\/haberler\/gundem\/kocaeli-cayirova-meclisi-toplandi\/#respond"]}]},{"@type":"WebPage","@id":"http:\/\/denizcankizil.tr\/en\/haberler\/gundem\/kocaeli-cayirova-meclisi-toplandi\/","url":"http:\/\/denizcankizil.tr\/en\/haberler\/gundem\/kocaeli-cayirova-meclisi-toplandi\/","name":"Kocaeli \u00c7ay\u0131rova meclisi topland\u0131 - Av. Deniz Can K\u0131z\u0131l","isPartOf":{"@id":"https:\/\/denizcankizil.tr\/de\/#website"},"datePublished":"2025-02-04T14:41:40+00:00","breadcrumb":{"@id":"http:\/\/denizcankizil.tr\/en\/haberler\/gundem\/kocaeli-cayirova-meclisi-toplandi\/#breadcrumb"},"inLanguage":"ru-RU","potentialAction":[{"@type":"ReadAction","target":["http:\/\/denizcankizil.tr\/en\/haberler\/gundem\/kocaeli-cayirova-meclisi-toplandi\/"]}]},{"@type":"BreadcrumbList","@id":"http:\/\/denizcankizil.tr\/en\/haberler\/gundem\/kocaeli-cayirova-meclisi-toplandi\/#breadcrumb","itemListElement":[{"@type":"ListItem","position":1,"name":"Home","item":"https:\/\/denizcankizil.tr\/de\/"},{"@type":"ListItem","position":2,"name":"Kocaeli \u00c7ay\u0131rova meclisi topland\u0131"}]},{"@type":"WebSite","@id":"https:\/\/denizcankizil.tr\/de\/#website","url":"https:\/\/denizcankizil.tr\/de\/","name":"Av. Deniz Can K\u0131z\u0131l","description":"Avukat Deniz Can K\u0131z\u0131l Antalya Barosu","publisher":{"@id":"https:\/\/denizcankizil.tr\/de\/#organization"},"potentialAction":[{"@type":"SearchAction","target":{"@type":"EntryPoint","urlTemplate":"https:\/\/denizcankizil.tr\/de\/?s={search_term_string}"},"query-input":{"@type":"PropertyValueSpecification","valueRequired":true,"valueName":"search_term_string"}}],"inLanguage":"ru-RU"},{"@type":"Organization","@id":"https:\/\/denizcankizil.tr\/de\/#organization","name":"Av. Deniz Can K\u0131z\u0131l","url":"https:\/\/denizcankizil.tr\/de\/","logo":{"@type":"ImageObject","inLanguage":"ru-RU","@id":"https:\/\/denizcankizil.tr\/de\/#\/schema\/logo\/image\/","url":"https:\/\/denizcankizil.tr\/wp-content\/uploads\/2024\/10\/siyah-logo-svg.svg","contentUrl":"https:\/\/denizcankizil.tr\/wp-content\/uploads\/2024\/10\/siyah-logo-svg.svg","width":1080,"height":1080,"caption":"Av. Deniz Can K\u0131z\u0131l"},"image":{"@id":"https:\/\/denizcankizil.tr\/de\/#\/schema\/logo\/image\/"}},{"@type":"Person","@id":"https:\/\/denizcankizil.tr\/de\/#\/schema\/person\/be3c05fe6a12686905512445d8185489","name":"\u0430\u0434\u043c\u0438\u043d","image":{"@type":"ImageObject","inLanguage":"ru-RU","@id":"https:\/\/denizcankizil.tr\/de\/#\/schema\/person\/image\/","url":"https:\/\/secure.gravatar.com\/avatar\/c1fce94c830dc79107e174f890d7210541c4a63e8e5d816341794a2151c9d58c?s=96&d=mm&r=g","contentUrl":"https:\/\/secure.gravatar.com\/avatar\/c1fce94c830dc79107e174f890d7210541c4a63e8e5d816341794a2151c9d58c?s=96&d=mm&r=g","caption":"admin"},"sameAs":["http:\/\/denizcankizil.tr"],"url":"https:\/\/www.iskenderun.org\/kocaeli-cayirova-meclisi-toplandi"}]}},"_links":{"self":[{"href":"https:\/\/denizcankizil.tr\/ru\/wp-json\/wp\/v2\/posts\/30138","targetHints":{"allow":["GET"]}}],"collection":[{"href":"https:\/\/denizcankizil.tr\/ru\/wp-json\/wp\/v2\/posts"}],"about":[{"href":"https:\/\/denizcankizil.tr\/ru\/wp-json\/wp\/v2\/types\/post"}],"author":[{"embeddable":true,"href":"https:\/\/denizcankizil.tr\/ru\/wp-json\/wp\/v2\/users\/1"}],"replies":[{"embeddable":true,"href":"https:\/\/denizcankizil.tr\/ru\/wp-json\/wp\/v2\/comments?post=30138"}],"version-history":[{"count":0,"href":"https:\/\/denizcankizil.tr\/ru\/wp-json\/wp\/v2\/posts\/30138\/revisions"}],"wp:attachment":[{"href":"https:\/\/denizcankizil.tr\/ru\/wp-json\/wp\/v2\/media?parent=30138"}],"wp:term":[{"taxonomy":"category","embeddable":true,"href":"https:\/\/denizcankizil.tr\/ru\/wp-json\/wp\/v2\/categories?post=30138"},{"taxonomy":"post_tag","embeddable":true,"href":"https:\/\/denizcankizil.tr\/ru\/wp-json\/wp\/v2\/tags?post=30138"}],"curies":[{"name":"wp","href":"https:\/\/api.w.org\/{rel}","templated":true}]}}