{"id":30038,"date":"2025-02-04T12:41:44","date_gmt":"2025-02-04T09:41:44","guid":{"rendered":"https:\/\/denizcankizil.tr\/uncategorized-tr\/antalyada-engelliye-sarj-engeli\/"},"modified":"2025-02-04T12:41:44","modified_gmt":"2025-02-04T09:41:44","slug":"antalyada-engelliye-sarj-engeli","status":"publish","type":"post","link":"https:\/\/denizcankizil.tr\/ru\/haberler\/gundem\/antalyada-engelliye-sarj-engeli\/","title":{"rendered":"Antalya\u2019da engelliye \u015farj engeli"},"content":{"rendered":"<p>Antalya B\u00fcy\u00fck\u015fehir Belediyesi Engelli Hizmet Birimi, \u015fehir genelinde ya\u015fam\u0131n\u0131 s\u00fcrd\u00fcren \u00e7ok say\u0131da engelli vatanda\u015fa \u00e7e\u015fitli hizmetler sunuyor. Yavuz \u00d6zcan Park\u0131 i\u00e7erisinde yer alan hizmet biriminin hemen yan\u0131nda bulunan engelli arac\u0131 \u015farj cihaz\u0131 uzun s\u00fcredir \u00e7al\u0131\u015fm\u0131yor. Bozulan cihaz\u0131n tamiri i\u00e7in B\u00fcy\u00fck\u015fehir Belediyesinin harekete ge\u00e7medi\u011fi iddia edildi.<\/p>\n<p>ENGELL\u0130 VATANDA\u015eLAR \u0130\u00c7\u0130N OLDUK\u00c7A \u00d6NEML\u0130<\/p>\n<p>Ak\u00fcl\u00fc tekerlekli sandalye kullanan \u00e7ok say\u0131da vatanda\u015f d\u0131\u015far\u0131ya \u00e7\u0131kt\u0131klar\u0131 zaman olduk\u00e7a zorlan\u0131yorlar. Ak\u00fc \u015farjlar\u0131n\u0131n bitmesiyle b\u00fcy\u00fck zorluk ya\u015fayan engelli vatanda\u015flar i\u00e7in engelli arac\u0131 \u015farj cihazlar\u0131 olduk\u00e7a \u00f6nemli. Bu cihazlar sayesinde engelli vatanda\u015flar evlerinden g\u00f6n\u00fcl rahatl\u0131\u011f\u0131yla \u00e7\u0131kabiliyorlar. Yavuz \u00d6zcan Park\u0131 i\u00e7erisinde bulunan Engelli Hizmet Birimine gelen onlarca engelli vatanda\u015f ise bozuk olan \u015farj cihaz\u0131 kar\u015f\u0131s\u0131nda \u015fok oluyorlar.<\/p>\n<p>\u015eARJ C\u0130HAZI AYLARDIR \u00c7ALI\u015eMIYOR<\/p>\n<p>Antalya\u2019da ya\u015famlar\u0131n\u0131 s\u00fcrd\u00fcren \u00e7ok say\u0131da engelli vatanda\u015fa hizmet veren B\u00fcy\u00fck\u015fehir Belediyesi Engelli Hizmet Birimi, hizmet binas\u0131n\u0131n hemen yan\u0131nda yer alan engelli arac\u0131 \u015farj cihaz\u0131n\u0131n tamirat\u0131n\u0131 yapamad\u0131. Aylardan bu yanad\u0131r bozuk olan \u015farj cihaz\u0131n\u0131n bir an \u00f6nce tamir edilmesi istendi. Engelli vatanda\u015flar\u0131n parka geldi\u011finde ara\u00e7lar\u0131n\u0131 \u015farj edemedikleri ifade edildi.<\/p>\n<p>SORUN KISA S\u00dcREDE \u00c7\u00d6Z\u00dcLMEL\u0130!<\/p>\n<p>Antalya\u2019da ya\u015fayan baz\u0131 engelli vatanda\u015flar ya\u015fanan sorun kar\u015f\u0131s\u0131nda, \u201cAntalya\u2019da ya\u015fayan engelli vatanda\u015flar i\u00e7in yeterli hizmet \u00fcretilmiyor. En az\u0131ndan mevcut projelerin takibi yap\u0131ls\u0131n. Burada belediyeye ait olan bir ak\u00fcl\u00fc ara\u00e7 \u015farj dolum istasyonu var fakat \u00e7al\u0131\u015fm\u0131yor. Bunun burada durmas\u0131n\u0131n ne anlam\u0131 var o halde? Zaten engelli vatanda\u015flar\u0131m\u0131z ya\u015famlar\u0131 boyunca hep bir m\u00fccadele i\u00e7indeler. Belediye onlar\u0131n hayat\u0131n\u0131 kolayla\u015ft\u0131racak ad\u0131mlar ataca\u011f\u0131 yerde s\u0131rt \u00e7eviriyor. Bu durumu rezillik ve utan\u00e7 verici bir durum olarak nitelendiriyoruz\u201d \u015feklinde sitem ettiler.<\/p>\n<p>\u200bAntalya\u2019da Yavuz \u00d6zcan Park\u0131 i\u00e7erisindeki B\u00fcy\u00fck\u015fehir Belediyesi Engelli Hizmet Birimi\u2019nin hemen yan\u0131 ba\u015f\u0131nda yer alan engelli arac\u0131 \u015farj cihaz\u0131 aylard\u0131r bozuk.\u00a0<\/p>\n<p>\u200bHaberin Al\u0131nt\u0131land\u0131\u011f\u0131 Kaynak: www.antalyakorfez.com<\/p>","protected":false},"excerpt":{"rendered":"<p>Antalya B\u00fcy\u00fck\u015fehir Belediyesi Engelli Hizmet Birimi, \u015fehir genelinde ya\u015fam\u0131n\u0131 s\u00fcrd\u00fcren \u00e7ok say\u0131da engelli vatanda\u015fa \u00e7e\u015fitli hizmetler sunuyor. Yavuz \u00d6zcan Park\u0131 i\u00e7erisinde yer alan hizmet biriminin hemen yan\u0131nda bulunan engelli arac\u0131 \u015farj cihaz\u0131 uzun s\u00fcredir \u00e7al\u0131\u015fm\u0131yor. Bozulan cihaz\u0131n tamiri i\u00e7in B\u00fcy\u00fck\u015fehir Belediyesinin harekete ge\u00e7medi\u011fi iddia edildi. ENGELL\u0130 VATANDA\u015eLAR \u0130\u00c7\u0130N OLDUK\u00c7A \u00d6NEML\u0130 Ak\u00fcl\u00fc tekerlekli sandalye kullanan \u00e7ok say\u0131da vatanda\u015f d\u0131\u015far\u0131ya \u00e7\u0131kt\u0131klar\u0131 zaman olduk\u00e7a zorlan\u0131yorlar. Ak\u00fc \u015farjlar\u0131n\u0131n bitmesiyle b\u00fcy\u00fck zorluk ya\u015fayan engelli vatanda\u015flar i\u00e7in engelli arac\u0131 \u015farj cihazlar\u0131 olduk\u00e7a \u00f6nemli. Bu cihazlar sayesinde engelli vatanda\u015flar evlerinden g\u00f6n\u00fcl rahatl\u0131\u011f\u0131yla \u00e7\u0131kabiliyorlar. Yavuz \u00d6zcan Park\u0131 i\u00e7erisinde bulunan Engelli Hizmet Birimine gelen onlarca engelli vatanda\u015f ise bozuk olan \u015farj cihaz\u0131 kar\u015f\u0131s\u0131nda \u015fok oluyorlar. \u015eARJ C\u0130HAZI AYLARDIR \u00c7ALI\u015eMIYOR Antalya\u2019da ya\u015famlar\u0131n\u0131 s\u00fcrd\u00fcren \u00e7ok say\u0131da engelli vatanda\u015fa hizmet veren B\u00fcy\u00fck\u015fehir Belediyesi Engelli Hizmet Birimi, hizmet binas\u0131n\u0131n hemen yan\u0131nda yer alan engelli arac\u0131 \u015farj cihaz\u0131n\u0131n tamirat\u0131n\u0131 yapamad\u0131. Aylardan bu yanad\u0131r bozuk olan \u015farj cihaz\u0131n\u0131n bir an \u00f6nce tamir edilmesi istendi. Engelli vatanda\u015flar\u0131n parka geldi\u011finde ara\u00e7lar\u0131n\u0131 \u015farj edemedikleri ifade edildi. SORUN KISA S\u00dcREDE \u00c7\u00d6Z\u00dcLMEL\u0130! Antalya\u2019da ya\u015fayan baz\u0131 engelli vatanda\u015flar ya\u015fanan sorun kar\u015f\u0131s\u0131nda, \u201cAntalya\u2019da ya\u015fayan engelli vatanda\u015flar i\u00e7in yeterli hizmet \u00fcretilmiyor. En az\u0131ndan mevcut projelerin takibi yap\u0131ls\u0131n. Burada belediyeye ait olan bir ak\u00fcl\u00fc ara\u00e7 \u015farj dolum istasyonu var fakat \u00e7al\u0131\u015fm\u0131yor. Bunun burada durmas\u0131n\u0131n &hellip;<\/p>","protected":false},"author":5,"featured_media":0,"comment_status":"open","ping_status":"open","sticky":false,"template":"","format":"standard","meta":{"_acf_changed":false,"footnotes":""},"categories":[24],"tags":[],"class_list":["post-30038","post","type-post","status-publish","format-standard","has-post-thumbnail","hentry","category-gundem"],"acf":[],"yoast_head":"<!-- This site is optimized with the Yoast SEO Premium plugin v26.6 (Yoast SEO v27.1.1) - https:\/\/yoast.com\/product\/yoast-seo-premium-wordpress\/ -->\n<title>Antalya\u2019da engelliye \u015farj engeli - Av. Deniz Can K\u0131z\u0131l<\/title>\n<meta name=\"robots\" content=\"index, follow, max-snippet:-1, max-image-preview:large, max-video-preview:-1\" \/>\n<link rel=\"canonical\" href=\"https:\/\/denizcankizil.tr\/ru\/haberler\/gundem\/antalyada-engelliye-sarj-engeli\/\" \/>\n<meta property=\"og:locale\" content=\"ru_RU\" \/>\n<meta property=\"og:type\" content=\"article\" \/>\n<meta property=\"og:title\" content=\"Antalya\u2019da engelliye \u015farj engeli\" \/>\n<meta property=\"og:description\" content=\"Antalya B\u00fcy\u00fck\u015fehir Belediyesi Engelli Hizmet Birimi, \u015fehir genelinde ya\u015fam\u0131n\u0131 s\u00fcrd\u00fcren \u00e7ok say\u0131da engelli vatanda\u015fa \u00e7e\u015fitli hizmetler sunuyor. Yavuz \u00d6zcan Park\u0131 i\u00e7erisinde yer alan hizmet biriminin hemen yan\u0131nda bulunan engelli arac\u0131 \u015farj cihaz\u0131 uzun s\u00fcredir \u00e7al\u0131\u015fm\u0131yor. Bozulan cihaz\u0131n tamiri i\u00e7in B\u00fcy\u00fck\u015fehir Belediyesinin harekete ge\u00e7medi\u011fi iddia edildi. ENGELL\u0130 VATANDA\u015eLAR \u0130\u00c7\u0130N OLDUK\u00c7A \u00d6NEML\u0130 Ak\u00fcl\u00fc tekerlekli sandalye kullanan \u00e7ok say\u0131da vatanda\u015f d\u0131\u015far\u0131ya \u00e7\u0131kt\u0131klar\u0131 zaman olduk\u00e7a zorlan\u0131yorlar. Ak\u00fc \u015farjlar\u0131n\u0131n bitmesiyle b\u00fcy\u00fck zorluk ya\u015fayan engelli vatanda\u015flar i\u00e7in engelli arac\u0131 \u015farj cihazlar\u0131 olduk\u00e7a \u00f6nemli. Bu cihazlar sayesinde engelli vatanda\u015flar evlerinden g\u00f6n\u00fcl rahatl\u0131\u011f\u0131yla \u00e7\u0131kabiliyorlar. Yavuz \u00d6zcan Park\u0131 i\u00e7erisinde bulunan Engelli Hizmet Birimine gelen onlarca engelli vatanda\u015f ise bozuk olan \u015farj cihaz\u0131 kar\u015f\u0131s\u0131nda \u015fok oluyorlar. \u015eARJ C\u0130HAZI AYLARDIR \u00c7ALI\u015eMIYOR Antalya\u2019da ya\u015famlar\u0131n\u0131 s\u00fcrd\u00fcren \u00e7ok say\u0131da engelli vatanda\u015fa hizmet veren B\u00fcy\u00fck\u015fehir Belediyesi Engelli Hizmet Birimi, hizmet binas\u0131n\u0131n hemen yan\u0131nda yer alan engelli arac\u0131 \u015farj cihaz\u0131n\u0131n tamirat\u0131n\u0131 yapamad\u0131. Aylardan bu yanad\u0131r bozuk olan \u015farj cihaz\u0131n\u0131n bir an \u00f6nce tamir edilmesi istendi. Engelli vatanda\u015flar\u0131n parka geldi\u011finde ara\u00e7lar\u0131n\u0131 \u015farj edemedikleri ifade edildi. SORUN KISA S\u00dcREDE \u00c7\u00d6Z\u00dcLMEL\u0130! Antalya\u2019da ya\u015fayan baz\u0131 engelli vatanda\u015flar ya\u015fanan sorun kar\u015f\u0131s\u0131nda, \u201cAntalya\u2019da ya\u015fayan engelli vatanda\u015flar i\u00e7in yeterli hizmet \u00fcretilmiyor. En az\u0131ndan mevcut projelerin takibi yap\u0131ls\u0131n. Burada belediyeye ait olan bir ak\u00fcl\u00fc ara\u00e7 \u015farj dolum istasyonu var fakat \u00e7al\u0131\u015fm\u0131yor. Bunun burada durmas\u0131n\u0131n &hellip;\" \/>\n<meta property=\"og:url\" content=\"https:\/\/denizcankizil.tr\/ru\/haberler\/gundem\/antalyada-engelliye-sarj-engeli\/\" \/>\n<meta property=\"og:site_name\" content=\"Av. Deniz Can K\u0131z\u0131l\" \/>\n<meta property=\"article:published_time\" content=\"2025-02-04T09:41:44+00:00\" \/>\n<meta name=\"author\" content=\"Antalya K\u00f6rfez\" \/>\n<meta name=\"twitter:card\" content=\"summary_large_image\" \/>\n<meta name=\"twitter:label1\" content=\"\u041d\u0430\u043f\u0438\u0441\u0430\u043d\u043e \u0430\u0432\u0442\u043e\u0440\u043e\u043c\" \/>\n\t<meta name=\"twitter:data1\" content=\"Antalya K\u00f6rfez\" \/>\n\t<meta name=\"twitter:label2\" content=\"\u041f\u0440\u0438\u043c\u0435\u0440\u043d\u043e\u0435 \u0432\u0440\u0435\u043c\u044f \u0434\u043b\u044f \u0447\u0442\u0435\u043d\u0438\u044f\" \/>\n\t<meta name=\"twitter:data2\" content=\"2 \u043c\u0438\u043d\u0443\u0442\u044b\" \/>\n<script type=\"application\/ld+json\" class=\"yoast-schema-graph\">{\"@context\":\"https:\/\/schema.org\",\"@graph\":[{\"@type\":\"Article\",\"@id\":\"https:\/\/denizcankizil.tr\/ru\/haberler\/gundem\/antalyada-engelliye-sarj-engeli\/#article\",\"isPartOf\":{\"@id\":\"https:\/\/denizcankizil.tr\/ru\/haberler\/gundem\/antalyada-engelliye-sarj-engeli\/\"},\"author\":{\"name\":\"Antalya K\u00f6rfez\",\"@id\":\"https:\/\/denizcankizil.tr\/#\/schema\/person\/e1eb71bb4dd684d46563f0af307e1234\"},\"headline\":\"Antalya\u2019da engelliye \u015farj engeli\",\"datePublished\":\"2025-02-04T09:41:44+00:00\",\"mainEntityOfPage\":{\"@id\":\"https:\/\/denizcankizil.tr\/ru\/haberler\/gundem\/antalyada-engelliye-sarj-engeli\/\"},\"wordCount\":382,\"commentCount\":0,\"publisher\":{\"@id\":\"https:\/\/denizcankizil.tr\/#organization\"},\"articleSection\":[\"G\u00fcndem\"],\"inLanguage\":\"ru-RU\",\"potentialAction\":[{\"@type\":\"CommentAction\",\"name\":\"Comment\",\"target\":[\"https:\/\/denizcankizil.tr\/ru\/haberler\/gundem\/antalyada-engelliye-sarj-engeli\/#respond\"]}]},{\"@type\":\"WebPage\",\"@id\":\"https:\/\/denizcankizil.tr\/ru\/haberler\/gundem\/antalyada-engelliye-sarj-engeli\/\",\"url\":\"https:\/\/denizcankizil.tr\/ru\/haberler\/gundem\/antalyada-engelliye-sarj-engeli\/\",\"name\":\"Antalya\u2019da engelliye \u015farj engeli - Av. Deniz Can K\u0131z\u0131l\",\"isPartOf\":{\"@id\":\"https:\/\/denizcankizil.tr\/#website\"},\"datePublished\":\"2025-02-04T09:41:44+00:00\",\"breadcrumb\":{\"@id\":\"https:\/\/denizcankizil.tr\/ru\/haberler\/gundem\/antalyada-engelliye-sarj-engeli\/#breadcrumb\"},\"inLanguage\":\"ru-RU\",\"potentialAction\":[{\"@type\":\"ReadAction\",\"target\":[\"https:\/\/denizcankizil.tr\/ru\/haberler\/gundem\/antalyada-engelliye-sarj-engeli\/\"]}]},{\"@type\":\"BreadcrumbList\",\"@id\":\"https:\/\/denizcankizil.tr\/ru\/haberler\/gundem\/antalyada-engelliye-sarj-engeli\/#breadcrumb\",\"itemListElement\":[{\"@type\":\"ListItem\",\"position\":1,\"name\":\"Home\",\"item\":\"https:\/\/denizcankizil.tr\/de\/\"},{\"@type\":\"ListItem\",\"position\":2,\"name\":\"Antalya\u2019da engelliye \u015farj engeli\"}]},{\"@type\":\"WebSite\",\"@id\":\"https:\/\/denizcankizil.tr\/#website\",\"url\":\"https:\/\/denizcankizil.tr\/\",\"name\":\"Av. Deniz Can K\u0131z\u0131l\",\"description\":\"Avukat Deniz Can K\u0131z\u0131l Antalya Barosu\",\"publisher\":{\"@id\":\"https:\/\/denizcankizil.tr\/#organization\"},\"potentialAction\":[{\"@type\":\"SearchAction\",\"target\":{\"@type\":\"EntryPoint\",\"urlTemplate\":\"https:\/\/denizcankizil.tr\/?s={search_term_string}\"},\"query-input\":{\"@type\":\"PropertyValueSpecification\",\"valueRequired\":true,\"valueName\":\"search_term_string\"}}],\"inLanguage\":\"ru-RU\"},{\"@type\":\"Organization\",\"@id\":\"https:\/\/denizcankizil.tr\/#organization\",\"name\":\"Av. Deniz Can K\u0131z\u0131l\",\"url\":\"https:\/\/denizcankizil.tr\/\",\"logo\":{\"@type\":\"ImageObject\",\"inLanguage\":\"ru-RU\",\"@id\":\"https:\/\/denizcankizil.tr\/#\/schema\/logo\/image\/\",\"url\":\"https:\/\/denizcankizil.tr\/wp-content\/uploads\/2024\/10\/siyah-logo-svg.svg\",\"contentUrl\":\"https:\/\/denizcankizil.tr\/wp-content\/uploads\/2024\/10\/siyah-logo-svg.svg\",\"width\":1080,\"height\":1080,\"caption\":\"Av. Deniz Can K\u0131z\u0131l\"},\"image\":{\"@id\":\"https:\/\/denizcankizil.tr\/#\/schema\/logo\/image\/\"}},{\"@type\":\"Person\",\"@id\":\"https:\/\/denizcankizil.tr\/#\/schema\/person\/e1eb71bb4dd684d46563f0af307e1234\",\"name\":\"Antalya K\u00f6rfez\",\"image\":{\"@type\":\"ImageObject\",\"inLanguage\":\"ru-RU\",\"@id\":\"https:\/\/denizcankizil.tr\/#\/schema\/person\/image\/\",\"url\":\"https:\/\/secure.gravatar.com\/avatar\/42b01982558a48a0b501fdcab6a408d3717ea5919095ee2e67b0e521799c5905?s=96&d=mm&r=g\",\"contentUrl\":\"https:\/\/secure.gravatar.com\/avatar\/42b01982558a48a0b501fdcab6a408d3717ea5919095ee2e67b0e521799c5905?s=96&d=mm&r=g\",\"caption\":\"Antalya K\u00f6rfez\"},\"sameAs\":[\"http:\/\/www.antalyakorfez.com\"],\"url\":\"https:\/\/www.antalyakorfez.com\/antalyada-engelliye-sarj-engeli\"}]}<\/script>\n<!-- \/ Yoast SEO Premium plugin. -->","yoast_head_json":{"title":"Antalya\u2019da engelliye \u015farj engeli - Av. Deniz Can K\u0131z\u0131l","robots":{"index":"index","follow":"follow","max-snippet":"max-snippet:-1","max-image-preview":"max-image-preview:large","max-video-preview":"max-video-preview:-1"},"canonical":"https:\/\/denizcankizil.tr\/ru\/haberler\/gundem\/antalyada-engelliye-sarj-engeli\/","og_locale":"ru_RU","og_type":"article","og_title":"Antalya\u2019da engelliye \u015farj engeli","og_description":"Antalya B\u00fcy\u00fck\u015fehir Belediyesi Engelli Hizmet Birimi, \u015fehir genelinde ya\u015fam\u0131n\u0131 s\u00fcrd\u00fcren \u00e7ok say\u0131da engelli vatanda\u015fa \u00e7e\u015fitli hizmetler sunuyor. Yavuz \u00d6zcan Park\u0131 i\u00e7erisinde yer alan hizmet biriminin hemen yan\u0131nda bulunan engelli arac\u0131 \u015farj cihaz\u0131 uzun s\u00fcredir \u00e7al\u0131\u015fm\u0131yor. Bozulan cihaz\u0131n tamiri i\u00e7in B\u00fcy\u00fck\u015fehir Belediyesinin harekete ge\u00e7medi\u011fi iddia edildi. ENGELL\u0130 VATANDA\u015eLAR \u0130\u00c7\u0130N OLDUK\u00c7A \u00d6NEML\u0130 Ak\u00fcl\u00fc tekerlekli sandalye kullanan \u00e7ok say\u0131da vatanda\u015f d\u0131\u015far\u0131ya \u00e7\u0131kt\u0131klar\u0131 zaman olduk\u00e7a zorlan\u0131yorlar. Ak\u00fc \u015farjlar\u0131n\u0131n bitmesiyle b\u00fcy\u00fck zorluk ya\u015fayan engelli vatanda\u015flar i\u00e7in engelli arac\u0131 \u015farj cihazlar\u0131 olduk\u00e7a \u00f6nemli. Bu cihazlar sayesinde engelli vatanda\u015flar evlerinden g\u00f6n\u00fcl rahatl\u0131\u011f\u0131yla \u00e7\u0131kabiliyorlar. Yavuz \u00d6zcan Park\u0131 i\u00e7erisinde bulunan Engelli Hizmet Birimine gelen onlarca engelli vatanda\u015f ise bozuk olan \u015farj cihaz\u0131 kar\u015f\u0131s\u0131nda \u015fok oluyorlar. \u015eARJ C\u0130HAZI AYLARDIR \u00c7ALI\u015eMIYOR Antalya\u2019da ya\u015famlar\u0131n\u0131 s\u00fcrd\u00fcren \u00e7ok say\u0131da engelli vatanda\u015fa hizmet veren B\u00fcy\u00fck\u015fehir Belediyesi Engelli Hizmet Birimi, hizmet binas\u0131n\u0131n hemen yan\u0131nda yer alan engelli arac\u0131 \u015farj cihaz\u0131n\u0131n tamirat\u0131n\u0131 yapamad\u0131. Aylardan bu yanad\u0131r bozuk olan \u015farj cihaz\u0131n\u0131n bir an \u00f6nce tamir edilmesi istendi. Engelli vatanda\u015flar\u0131n parka geldi\u011finde ara\u00e7lar\u0131n\u0131 \u015farj edemedikleri ifade edildi. SORUN KISA S\u00dcREDE \u00c7\u00d6Z\u00dcLMEL\u0130! Antalya\u2019da ya\u015fayan baz\u0131 engelli vatanda\u015flar ya\u015fanan sorun kar\u015f\u0131s\u0131nda, \u201cAntalya\u2019da ya\u015fayan engelli vatanda\u015flar i\u00e7in yeterli hizmet \u00fcretilmiyor. En az\u0131ndan mevcut projelerin takibi yap\u0131ls\u0131n. Burada belediyeye ait olan bir ak\u00fcl\u00fc ara\u00e7 \u015farj dolum istasyonu var fakat \u00e7al\u0131\u015fm\u0131yor. Bunun burada durmas\u0131n\u0131n &hellip;","og_url":"https:\/\/denizcankizil.tr\/ru\/haberler\/gundem\/antalyada-engelliye-sarj-engeli\/","og_site_name":"Av. Deniz Can K\u0131z\u0131l","article_published_time":"2025-02-04T09:41:44+00:00","author":"Antalya K\u00f6rfez","twitter_card":"summary_large_image","twitter_misc":{"\u041d\u0430\u043f\u0438\u0441\u0430\u043d\u043e \u0430\u0432\u0442\u043e\u0440\u043e\u043c":"Antalya K\u00f6rfez","\u041f\u0440\u0438\u043c\u0435\u0440\u043d\u043e\u0435 \u0432\u0440\u0435\u043c\u044f \u0434\u043b\u044f \u0447\u0442\u0435\u043d\u0438\u044f":"2 \u043c\u0438\u043d\u0443\u0442\u044b"},"schema":{"@context":"https:\/\/schema.org","@graph":[{"@type":"Article","@id":"https:\/\/denizcankizil.tr\/ru\/haberler\/gundem\/antalyada-engelliye-sarj-engeli\/#article","isPartOf":{"@id":"https:\/\/denizcankizil.tr\/ru\/haberler\/gundem\/antalyada-engelliye-sarj-engeli\/"},"author":{"name":"Antalya K\u00f6rfez","@id":"https:\/\/denizcankizil.tr\/#\/schema\/person\/e1eb71bb4dd684d46563f0af307e1234"},"headline":"Antalya\u2019da engelliye \u015farj engeli","datePublished":"2025-02-04T09:41:44+00:00","mainEntityOfPage":{"@id":"https:\/\/denizcankizil.tr\/ru\/haberler\/gundem\/antalyada-engelliye-sarj-engeli\/"},"wordCount":382,"commentCount":0,"publisher":{"@id":"https:\/\/denizcankizil.tr\/#organization"},"articleSection":["G\u00fcndem"],"inLanguage":"ru-RU","potentialAction":[{"@type":"CommentAction","name":"Comment","target":["https:\/\/denizcankizil.tr\/ru\/haberler\/gundem\/antalyada-engelliye-sarj-engeli\/#respond"]}]},{"@type":"WebPage","@id":"https:\/\/denizcankizil.tr\/ru\/haberler\/gundem\/antalyada-engelliye-sarj-engeli\/","url":"https:\/\/denizcankizil.tr\/ru\/haberler\/gundem\/antalyada-engelliye-sarj-engeli\/","name":"Antalya\u2019da engelliye \u015farj engeli - Av. Deniz Can K\u0131z\u0131l","isPartOf":{"@id":"https:\/\/denizcankizil.tr\/#website"},"datePublished":"2025-02-04T09:41:44+00:00","breadcrumb":{"@id":"https:\/\/denizcankizil.tr\/ru\/haberler\/gundem\/antalyada-engelliye-sarj-engeli\/#breadcrumb"},"inLanguage":"ru-RU","potentialAction":[{"@type":"ReadAction","target":["https:\/\/denizcankizil.tr\/ru\/haberler\/gundem\/antalyada-engelliye-sarj-engeli\/"]}]},{"@type":"BreadcrumbList","@id":"https:\/\/denizcankizil.tr\/ru\/haberler\/gundem\/antalyada-engelliye-sarj-engeli\/#breadcrumb","itemListElement":[{"@type":"ListItem","position":1,"name":"Home","item":"https:\/\/denizcankizil.tr\/de\/"},{"@type":"ListItem","position":2,"name":"Antalya\u2019da engelliye \u015farj engeli"}]},{"@type":"WebSite","@id":"https:\/\/denizcankizil.tr\/#website","url":"https:\/\/denizcankizil.tr\/","name":"Av. Deniz Can K\u0131z\u0131l","description":"Avukat Deniz Can K\u0131z\u0131l Antalya Barosu","publisher":{"@id":"https:\/\/denizcankizil.tr\/#organization"},"potentialAction":[{"@type":"SearchAction","target":{"@type":"EntryPoint","urlTemplate":"https:\/\/denizcankizil.tr\/?s={search_term_string}"},"query-input":{"@type":"PropertyValueSpecification","valueRequired":true,"valueName":"search_term_string"}}],"inLanguage":"ru-RU"},{"@type":"Organization","@id":"https:\/\/denizcankizil.tr\/#organization","name":"Av. Deniz Can K\u0131z\u0131l","url":"https:\/\/denizcankizil.tr\/","logo":{"@type":"ImageObject","inLanguage":"ru-RU","@id":"https:\/\/denizcankizil.tr\/#\/schema\/logo\/image\/","url":"https:\/\/denizcankizil.tr\/wp-content\/uploads\/2024\/10\/siyah-logo-svg.svg","contentUrl":"https:\/\/denizcankizil.tr\/wp-content\/uploads\/2024\/10\/siyah-logo-svg.svg","width":1080,"height":1080,"caption":"Av. Deniz Can K\u0131z\u0131l"},"image":{"@id":"https:\/\/denizcankizil.tr\/#\/schema\/logo\/image\/"}},{"@type":"Person","@id":"https:\/\/denizcankizil.tr\/#\/schema\/person\/e1eb71bb4dd684d46563f0af307e1234","name":"Antalya K\u00f6rfez","image":{"@type":"ImageObject","inLanguage":"ru-RU","@id":"https:\/\/denizcankizil.tr\/#\/schema\/person\/image\/","url":"https:\/\/secure.gravatar.com\/avatar\/42b01982558a48a0b501fdcab6a408d3717ea5919095ee2e67b0e521799c5905?s=96&d=mm&r=g","contentUrl":"https:\/\/secure.gravatar.com\/avatar\/42b01982558a48a0b501fdcab6a408d3717ea5919095ee2e67b0e521799c5905?s=96&d=mm&r=g","caption":"Antalya K\u00f6rfez"},"sameAs":["http:\/\/www.antalyakorfez.com"],"url":"https:\/\/www.antalyakorfez.com\/antalyada-engelliye-sarj-engeli"}]}},"_links":{"self":[{"href":"https:\/\/denizcankizil.tr\/ru\/wp-json\/wp\/v2\/posts\/30038","targetHints":{"allow":["GET"]}}],"collection":[{"href":"https:\/\/denizcankizil.tr\/ru\/wp-json\/wp\/v2\/posts"}],"about":[{"href":"https:\/\/denizcankizil.tr\/ru\/wp-json\/wp\/v2\/types\/post"}],"author":[{"embeddable":true,"href":"https:\/\/denizcankizil.tr\/ru\/wp-json\/wp\/v2\/users\/5"}],"replies":[{"embeddable":true,"href":"https:\/\/denizcankizil.tr\/ru\/wp-json\/wp\/v2\/comments?post=30038"}],"version-history":[{"count":0,"href":"https:\/\/denizcankizil.tr\/ru\/wp-json\/wp\/v2\/posts\/30038\/revisions"}],"wp:attachment":[{"href":"https:\/\/denizcankizil.tr\/ru\/wp-json\/wp\/v2\/media?parent=30038"}],"wp:term":[{"taxonomy":"category","embeddable":true,"href":"https:\/\/denizcankizil.tr\/ru\/wp-json\/wp\/v2\/categories?post=30038"},{"taxonomy":"post_tag","embeddable":true,"href":"https:\/\/denizcankizil.tr\/ru\/wp-json\/wp\/v2\/tags?post=30038"}],"curies":[{"name":"wp","href":"https:\/\/api.w.org\/{rel}","templated":true}]}}