{"id":30008,"date":"2025-02-04T10:42:46","date_gmt":"2025-02-04T07:42:46","guid":{"rendered":"https:\/\/denizcankizil.tr\/uncategorized-tr\/turkiyede-gunesli-gunlere-biraz-ara-iste-bugun-yurtta-hava\/"},"modified":"2025-02-04T10:42:46","modified_gmt":"2025-02-04T07:42:46","slug":"turkiyede-gunesli-gunlere-biraz-ara-iste-bugun-yurtta-hava","status":"publish","type":"post","link":"https:\/\/denizcankizil.tr\/ru\/haberler\/gundem\/turkiyede-gunesli-gunlere-biraz-ara-iste-bugun-yurtta-hava\/","title":{"rendered":"T\u00fcrkiye&#8217;de g\u00fcne\u015fli g\u00fcnlere biraz ara! \u0130\u015fte bug\u00fcn yurtta hava?"},"content":{"rendered":"<p>Hava s\u0131cakl\u0131\u011f\u0131n\u0131n kuvvetli kuzeyli r\u00fczgar ve ani s\u0131cakl\u0131k d\u00fc\u015f\u00fc\u015f\u00fc ile birlikte \u00f6zellikle kuzeybat\u0131 kesimlerde hissedilir derecede olmak \u00fczere, kuzey, i\u00e7 ve bat\u0131 b\u00f6lgelerde 4 ila 10 derece azalacak. Meteorolojik uyar\u0131larda; Marmara ve Kuzey Ege&#8217;de kuvvetli r\u00fczgar,  ortada karla kar\u0131\u015f\u0131k ya\u011fmur, i\u00e7 ve do\u011fu kesimlerde ise buzlanma ve don uyar\u0131lar\u0131 var.ANKARA (\u0130GFA) &#8211; Meteoroloji Genel M\u00fcd\u00fcrl\u00fc\u011f\u00fc\u00a0 4 \u015eubat Sal\u0131 g\u00fcn\u00fcne ili\u015fkin g\u00fcnl\u00fck hava tahmin raporunu yay\u0131mlad\u0131.<br \/>\n\u00dclke genelinin par\u00e7al\u0131 ve \u00e7ok bulutlu, Marmara&#8217;n\u0131n g\u00fcney ve do\u011fusu, Ege, Akdeniz, \u0130\u00e7 Anadolu, Karadeniz ile Tekirda\u011f, Malatya, Tunceli, Erzincan, Erzurum ve Ardahan \u00e7evrelerinin aral\u0131kl\u0131 ya\u011f\u0131\u015fl\u0131 ge\u00e7ece\u011fi tahmin edildi\u011fi meteorolojik raporda; ya\u011f\u0131\u015flar\u0131n k\u0131y\u0131 kesimlerde ile sabah saatlerinde Marmara&#8217;n\u0131n g\u00fcney ve do\u011fusunda ya\u011fmur ve sa\u011fanak, i\u00e7 kesimler ile \u00f6zellikle ak\u015fam saatlerinden itibaren ani s\u0131cakl\u0131k d\u00fc\u015f\u00fc\u015f\u00fc ile birlikte gece saatlerinde Marmara&#8217;n\u0131n do\u011fusu, Bat\u0131 Karadeniz b\u00f6lge geneli ve Orta Karadeniz k\u0131y\u0131lar\u0131nda karla kar\u0131\u015f\u0131k ya\u011fmur ve kar \u015feklinde olmas\u0131 bekleniyor.<\/p>\n<p>Hava s\u0131cakl\u0131\u011f\u0131n\u0131n kuvvetli kuzeyli r\u00fczgar ve ani s\u0131cakl\u0131k d\u00fc\u015f\u00fc\u015f\u00fc ile birlikte \u00f6zellikle kuzeybat\u0131 kesimlerde hissedilir derecede olmak \u00fczere, kuzey, i\u00e7 ve bat\u0131 b\u00f6lgelerde 4 ila 10 derece azalaca\u011f\u0131 tahmin edildi. Trakya ile yurdun i\u00e7 ve do\u011fu kesimlerinde yer yer kuvvetli olmak \u00fczere buzlanma ve don olay\u0131n\u0131n g\u00f6r\u00fclmesi beklenirken, Marmara ve Kuzey Ege k\u0131y\u0131lar\u0131nda r\u00fczgar\u0131n kuzey ve kuzeydo\u011fu y\u00f6nlerden kuvvetli ve yer yer k\u0131sa s\u00fcreli f\u0131rt\u0131na (50-80 km\/saat) \u015feklinde esmesi tahmin edildi.<\/p>\n<p>\u00d6te yandan Meteoroloji&#8217;den yap\u0131lan uyar\u0131larda ise; &#8216;kuvvetli r\u00fczgar&#8217; uyar\u0131s\u0131 Marmara ve Kuzey Ege&#8217;de kuzey ve kuzeydo\u011fu y\u00f6nleri i\u00e7in yap\u0131ld\u0131. Buralarda kuvvetli ve yer yer k\u0131sa s\u00fcreli f\u0131rt\u0131na (50-80 km\/saat) \u015feklinde esmesi beklendi\u011finden ya\u015fanabilecek olumsuzluklara kar\u015f\u0131 dikkatli ve tedbirli olunmas\u0131 istendi.<br \/>\nAyr\u0131ca Do\u011fu Karadeniz\u2019in i\u00e7 kesimlerinin y\u00fcksekleri ile Do\u011fu Anadolu&#8217;nun do\u011fusunun dik ve e\u011fimli yama\u00e7lar\u0131nda \u00e7\u0131\u011f tehlikesi ile yurdun i\u00e7 ve do\u011fu kesimlerinde yer yer kuvvetli olmak \u00fczere buzlanma ve don olay\u0131 beklendi\u011finden meydana gelebilecek olumsuzluklara kar\u015f\u0131 dikkatli ve tedbirli olunmas\u0131 gerekti\u011fi kaydedildi.<\/p>\n<p>\u200bHava s\u0131cakl\u0131\u011f\u0131n\u0131n kuvvetli kuzeyli r\u00fczgar ve ani s\u0131cakl\u0131k d\u00fc\u015f\u00fc\u015f\u00fc ile birlikte \u00f6zellikle kuzeybat\u0131 kesimlerde hissedilir derecede olmak \u00fczere, kuzey, i\u00e7 ve bat\u0131 b\u00f6lgelerde 4 ila 10 derece azalacak. Meteorolojik uyar\u0131larda; Marmara ve Kuzey Ege&#8217;de kuvvetli r\u00fczgar,  ortada karla kar\u0131\u015f\u0131k ya\u011fmur, i\u00e7 ve do\u011fu kesimlerde ise buzlanma ve don uyar\u0131lar\u0131 var.ANKARA (\u0130GFA) &#8211; Meteoroloji Genel M\u00fcd\u00fcrl\u00fc\u011f\u00fc\u00a0 4 \u015eubat Sal\u0131 g\u00fcn\u00fcne ili\u015fkin g\u00fcnl\u00fck hava tahmin raporunu yay\u0131mlad\u0131.<br \/>\n\u00dclke genelinin par\u00e7al\u0131 ve \u00e7ok bulutlu, Marmara&#8217;n\u0131n g\u00fcney ve do\u011fusu, Ege, Akdeniz, \u0130\u00e7 Anadolu, Karadeniz ile Tekirda\u011f, Malatya, Tunceli, Erzincan, Erzurum ve Ardahan \u00e7evrelerinin aral\u0131kl\u0131 ya\u011f\u0131\u015fl\u0131 ge\u00e7ece\u011fi tahmin edildi\u011fi meteorolojik raporda; ya\u011f\u0131\u015flar\u0131n k\u0131y\u0131 kesimlerde ile sabah saatlerinde Marmara&#8217;n\u0131n g\u00fcney ve do\u011fusunda ya\u011fmur ve sa\u011fanak, i\u00e7 kesimler ile \u00f6zellikle ak\u015fam saatlerinden itibaren ani s\u0131cakl\u0131k d\u00fc\u015f\u00fc\u015f\u00fc ile birlikte gece saatlerinde Marmara&#8217;n\u0131n do\u011fusu, Bat\u0131 Karadeniz b\u00f6lge geneli ve Orta Karadeniz k\u0131y\u0131lar\u0131nda karla kar\u0131\u015f\u0131k ya\u011fmur ve kar \u015feklinde olmas\u0131 bekleniyor.<\/p>\n<p>Hava s\u0131cakl\u0131\u011f\u0131n\u0131n kuvvetli kuzeyli r\u00fczgar ve ani s\u0131cakl\u0131k d\u00fc\u015f\u00fc\u015f\u00fc ile birlikte \u00f6zellikle kuzeybat\u0131 kesimlerde hissedilir derecede olmak \u00fczere, kuzey, i\u00e7 ve bat\u0131 b\u00f6lgelerde 4 ila 10 derece azalaca\u011f\u0131 tahmin edildi. Trakya ile yurdun i\u00e7 ve do\u011fu kesimlerinde yer yer kuvvetli olmak \u00fczere buzlanma ve don olay\u0131n\u0131n g\u00f6r\u00fclmesi beklenirken, Marmara ve Kuzey Ege k\u0131y\u0131lar\u0131nda r\u00fczgar\u0131n kuzey ve kuzeydo\u011fu y\u00f6nlerden kuvvetli ve yer yer k\u0131sa s\u00fcreli f\u0131rt\u0131na (50-80 km\/saat) \u015feklinde esmesi tahmin edildi.<\/p>\n<p>\u00d6te yandan Meteoroloji&#8217;den yap\u0131lan uyar\u0131larda ise; &#8216;kuvvetli r\u00fczgar&#8217; uyar\u0131s\u0131 Marmara ve Kuzey Ege&#8217;de kuzey ve kuzeydo\u011fu y\u00f6nleri i\u00e7in yap\u0131ld\u0131. Buralarda kuvvetli ve yer yer k\u0131sa s\u00fcreli f\u0131rt\u0131na (50-80 km\/saat) \u015feklinde esmesi beklendi\u011finden ya\u015fanabilecek olumsuzluklara kar\u015f\u0131 dikkatli ve tedbirli olunmas\u0131 istendi.<br \/>\nAyr\u0131ca Do\u011fu Karadeniz\u2019in i\u00e7 kesimlerinin y\u00fcksekleri ile Do\u011fu Anadolu&#8217;nun do\u011fusunun dik ve e\u011fimli yama\u00e7lar\u0131nda \u00e7\u0131\u011f tehlikesi ile yurdun i\u00e7 ve do\u011fu kesimlerinde yer yer kuvvetli olmak \u00fczere buzlanma ve don olay\u0131 beklendi\u011finden meydana gelebilecek olumsuzluklara kar\u015f\u0131 dikkatli ve tedbirli olunmas\u0131 gerekti\u011fi kaydedildi.\u00a0<\/p>\n<p>\u200bHaberin Al\u0131nt\u0131land\u0131\u011f\u0131 Kaynak: www.iskenderun.org<\/p>","protected":false},"excerpt":{"rendered":"<p>Hava s\u0131cakl\u0131\u011f\u0131n\u0131n kuvvetli kuzeyli r\u00fczgar ve ani s\u0131cakl\u0131k d\u00fc\u015f\u00fc\u015f\u00fc ile birlikte \u00f6zellikle kuzeybat\u0131 kesimlerde hissedilir derecede olmak \u00fczere, kuzey, i\u00e7 ve bat\u0131 b\u00f6lgelerde 4 ila 10 derece azalacak. Meteorolojik uyar\u0131larda; Marmara ve Kuzey Ege&#8217;de kuvvetli r\u00fczgar, ortada karla kar\u0131\u015f\u0131k ya\u011fmur, i\u00e7 ve do\u011fu kesimlerde ise buzlanma ve don uyar\u0131lar\u0131 var.ANKARA (\u0130GFA) &#8211; Meteoroloji Genel M\u00fcd\u00fcrl\u00fc\u011f\u00fc\u00a0 4 \u015eubat Sal\u0131 g\u00fcn\u00fcne ili\u015fkin g\u00fcnl\u00fck hava tahmin raporunu yay\u0131mlad\u0131. \u00dclke genelinin par\u00e7al\u0131 ve \u00e7ok bulutlu, Marmara&#8217;n\u0131n g\u00fcney ve do\u011fusu, Ege, Akdeniz, \u0130\u00e7 Anadolu, Karadeniz ile Tekirda\u011f, Malatya, Tunceli, Erzincan, Erzurum ve Ardahan \u00e7evrelerinin aral\u0131kl\u0131 ya\u011f\u0131\u015fl\u0131 ge\u00e7ece\u011fi tahmin edildi\u011fi meteorolojik raporda; ya\u011f\u0131\u015flar\u0131n k\u0131y\u0131 kesimlerde ile sabah saatlerinde Marmara&#8217;n\u0131n g\u00fcney ve do\u011fusunda ya\u011fmur ve sa\u011fanak, i\u00e7 kesimler ile \u00f6zellikle ak\u015fam saatlerinden itibaren ani s\u0131cakl\u0131k d\u00fc\u015f\u00fc\u015f\u00fc ile birlikte gece saatlerinde Marmara&#8217;n\u0131n do\u011fusu, Bat\u0131 Karadeniz b\u00f6lge geneli ve Orta Karadeniz k\u0131y\u0131lar\u0131nda karla kar\u0131\u015f\u0131k ya\u011fmur ve kar \u015feklinde olmas\u0131 bekleniyor. Hava s\u0131cakl\u0131\u011f\u0131n\u0131n kuvvetli kuzeyli r\u00fczgar ve ani s\u0131cakl\u0131k d\u00fc\u015f\u00fc\u015f\u00fc ile birlikte \u00f6zellikle kuzeybat\u0131 kesimlerde hissedilir derecede olmak \u00fczere, kuzey, i\u00e7 ve bat\u0131 b\u00f6lgelerde 4 ila 10 derece azalaca\u011f\u0131 tahmin edildi. Trakya ile yurdun i\u00e7 ve do\u011fu kesimlerinde yer yer kuvvetli olmak \u00fczere buzlanma ve don olay\u0131n\u0131n g\u00f6r\u00fclmesi beklenirken, Marmara ve Kuzey Ege k\u0131y\u0131lar\u0131nda r\u00fczgar\u0131n kuzey ve kuzeydo\u011fu y\u00f6nlerden kuvvetli &hellip;<\/p>","protected":false},"author":1,"featured_media":0,"comment_status":"open","ping_status":"open","sticky":false,"template":"","format":"standard","meta":{"_acf_changed":false,"footnotes":""},"categories":[24],"tags":[],"class_list":["post-30008","post","type-post","status-publish","format-standard","has-post-thumbnail","hentry","category-gundem"],"acf":[],"yoast_head":"<!-- This site is optimized with the Yoast SEO Premium plugin v26.6 (Yoast SEO v27.1.1) - https:\/\/yoast.com\/product\/yoast-seo-premium-wordpress\/ -->\n<title>T\u00fcrkiye&#039;de g\u00fcne\u015fli g\u00fcnlere biraz ara! \u0130\u015fte bug\u00fcn yurtta hava? - Av. Deniz Can K\u0131z\u0131l<\/title>\n<meta name=\"robots\" content=\"index, follow, max-snippet:-1, max-image-preview:large, max-video-preview:-1\" \/>\n<link rel=\"canonical\" href=\"https:\/\/denizcankizil.tr\/ru\/haberler\/gundem\/turkiyede-gunesli-gunlere-biraz-ara-iste-bugun-yurtta-hava\/\" \/>\n<meta property=\"og:locale\" content=\"ru_RU\" \/>\n<meta property=\"og:type\" content=\"article\" \/>\n<meta property=\"og:title\" content=\"T\u00fcrkiye&#039;de g\u00fcne\u015fli g\u00fcnlere biraz ara! \u0130\u015fte bug\u00fcn yurtta hava?\" \/>\n<meta property=\"og:description\" content=\"Hava s\u0131cakl\u0131\u011f\u0131n\u0131n kuvvetli kuzeyli r\u00fczgar ve ani s\u0131cakl\u0131k d\u00fc\u015f\u00fc\u015f\u00fc ile birlikte \u00f6zellikle kuzeybat\u0131 kesimlerde hissedilir derecede olmak \u00fczere, kuzey, i\u00e7 ve bat\u0131 b\u00f6lgelerde 4 ila 10 derece azalacak. Meteorolojik uyar\u0131larda; Marmara ve Kuzey Ege&#8217;de kuvvetli r\u00fczgar, ortada karla kar\u0131\u015f\u0131k ya\u011fmur, i\u00e7 ve do\u011fu kesimlerde ise buzlanma ve don uyar\u0131lar\u0131 var.ANKARA (\u0130GFA) &#8211; Meteoroloji Genel M\u00fcd\u00fcrl\u00fc\u011f\u00fc\u00a0 4 \u015eubat Sal\u0131 g\u00fcn\u00fcne ili\u015fkin g\u00fcnl\u00fck hava tahmin raporunu yay\u0131mlad\u0131. \u00dclke genelinin par\u00e7al\u0131 ve \u00e7ok bulutlu, Marmara&#8217;n\u0131n g\u00fcney ve do\u011fusu, Ege, Akdeniz, \u0130\u00e7 Anadolu, Karadeniz ile Tekirda\u011f, Malatya, Tunceli, Erzincan, Erzurum ve Ardahan \u00e7evrelerinin aral\u0131kl\u0131 ya\u011f\u0131\u015fl\u0131 ge\u00e7ece\u011fi tahmin edildi\u011fi meteorolojik raporda; ya\u011f\u0131\u015flar\u0131n k\u0131y\u0131 kesimlerde ile sabah saatlerinde Marmara&#8217;n\u0131n g\u00fcney ve do\u011fusunda ya\u011fmur ve sa\u011fanak, i\u00e7 kesimler ile \u00f6zellikle ak\u015fam saatlerinden itibaren ani s\u0131cakl\u0131k d\u00fc\u015f\u00fc\u015f\u00fc ile birlikte gece saatlerinde Marmara&#8217;n\u0131n do\u011fusu, Bat\u0131 Karadeniz b\u00f6lge geneli ve Orta Karadeniz k\u0131y\u0131lar\u0131nda karla kar\u0131\u015f\u0131k ya\u011fmur ve kar \u015feklinde olmas\u0131 bekleniyor. Hava s\u0131cakl\u0131\u011f\u0131n\u0131n kuvvetli kuzeyli r\u00fczgar ve ani s\u0131cakl\u0131k d\u00fc\u015f\u00fc\u015f\u00fc ile birlikte \u00f6zellikle kuzeybat\u0131 kesimlerde hissedilir derecede olmak \u00fczere, kuzey, i\u00e7 ve bat\u0131 b\u00f6lgelerde 4 ila 10 derece azalaca\u011f\u0131 tahmin edildi. Trakya ile yurdun i\u00e7 ve do\u011fu kesimlerinde yer yer kuvvetli olmak \u00fczere buzlanma ve don olay\u0131n\u0131n g\u00f6r\u00fclmesi beklenirken, Marmara ve Kuzey Ege k\u0131y\u0131lar\u0131nda r\u00fczgar\u0131n kuzey ve kuzeydo\u011fu y\u00f6nlerden kuvvetli &hellip;\" \/>\n<meta property=\"og:url\" content=\"https:\/\/denizcankizil.tr\/ru\/haberler\/gundem\/turkiyede-gunesli-gunlere-biraz-ara-iste-bugun-yurtta-hava\/\" \/>\n<meta property=\"og:site_name\" content=\"Av. Deniz Can K\u0131z\u0131l\" \/>\n<meta property=\"article:published_time\" content=\"2025-02-04T07:42:46+00:00\" \/>\n<meta name=\"author\" content=\"admin\" \/>\n<meta name=\"twitter:card\" content=\"summary_large_image\" \/>\n<meta name=\"twitter:label1\" content=\"\u041d\u0430\u043f\u0438\u0441\u0430\u043d\u043e \u0430\u0432\u0442\u043e\u0440\u043e\u043c\" \/>\n\t<meta name=\"twitter:data1\" content=\"admin\" \/>\n\t<meta name=\"twitter:label2\" content=\"\u041f\u0440\u0438\u043c\u0435\u0440\u043d\u043e\u0435 \u0432\u0440\u0435\u043c\u044f \u0434\u043b\u044f \u0447\u0442\u0435\u043d\u0438\u044f\" \/>\n\t<meta name=\"twitter:data2\" content=\"4 \u043c\u0438\u043d\u0443\u0442\u044b\" \/>\n<script type=\"application\/ld+json\" class=\"yoast-schema-graph\">{\"@context\":\"https:\/\/schema.org\",\"@graph\":[{\"@type\":\"Article\",\"@id\":\"https:\/\/denizcankizil.tr\/en\/haberler\/gundem\/turkiyede-gunesli-gunlere-biraz-ara-iste-bugun-yurtta-hava\/#article\",\"isPartOf\":{\"@id\":\"https:\/\/denizcankizil.tr\/en\/haberler\/gundem\/turkiyede-gunesli-gunlere-biraz-ara-iste-bugun-yurtta-hava\/\"},\"author\":{\"name\":\"admin\",\"@id\":\"https:\/\/denizcankizil.tr\/de\/#\/schema\/person\/be3c05fe6a12686905512445d8185489\"},\"headline\":\"T\u00fcrkiye&#8217;de g\u00fcne\u015fli g\u00fcnlere biraz ara! \u0130\u015fte bug\u00fcn yurtta hava?\",\"datePublished\":\"2025-02-04T07:42:46+00:00\",\"mainEntityOfPage\":{\"@id\":\"https:\/\/denizcankizil.tr\/en\/haberler\/gundem\/turkiyede-gunesli-gunlere-biraz-ara-iste-bugun-yurtta-hava\/\"},\"wordCount\":813,\"commentCount\":0,\"publisher\":{\"@id\":\"https:\/\/denizcankizil.tr\/de\/#organization\"},\"articleSection\":[\"G\u00fcndem\"],\"inLanguage\":\"ru-RU\",\"potentialAction\":[{\"@type\":\"CommentAction\",\"name\":\"Comment\",\"target\":[\"https:\/\/denizcankizil.tr\/en\/haberler\/gundem\/turkiyede-gunesli-gunlere-biraz-ara-iste-bugun-yurtta-hava\/#respond\"]}]},{\"@type\":\"WebPage\",\"@id\":\"https:\/\/denizcankizil.tr\/en\/haberler\/gundem\/turkiyede-gunesli-gunlere-biraz-ara-iste-bugun-yurtta-hava\/\",\"url\":\"https:\/\/denizcankizil.tr\/en\/haberler\/gundem\/turkiyede-gunesli-gunlere-biraz-ara-iste-bugun-yurtta-hava\/\",\"name\":\"T\u00fcrkiye'de g\u00fcne\u015fli g\u00fcnlere biraz ara! \u0130\u015fte bug\u00fcn yurtta hava? - Av. Deniz Can K\u0131z\u0131l\",\"isPartOf\":{\"@id\":\"https:\/\/denizcankizil.tr\/de\/#website\"},\"datePublished\":\"2025-02-04T07:42:46+00:00\",\"breadcrumb\":{\"@id\":\"https:\/\/denizcankizil.tr\/en\/haberler\/gundem\/turkiyede-gunesli-gunlere-biraz-ara-iste-bugun-yurtta-hava\/#breadcrumb\"},\"inLanguage\":\"ru-RU\",\"potentialAction\":[{\"@type\":\"ReadAction\",\"target\":[\"https:\/\/denizcankizil.tr\/en\/haberler\/gundem\/turkiyede-gunesli-gunlere-biraz-ara-iste-bugun-yurtta-hava\/\"]}]},{\"@type\":\"BreadcrumbList\",\"@id\":\"https:\/\/denizcankizil.tr\/en\/haberler\/gundem\/turkiyede-gunesli-gunlere-biraz-ara-iste-bugun-yurtta-hava\/#breadcrumb\",\"itemListElement\":[{\"@type\":\"ListItem\",\"position\":1,\"name\":\"Home\",\"item\":\"https:\/\/denizcankizil.tr\/de\/\"},{\"@type\":\"ListItem\",\"position\":2,\"name\":\"T\u00fcrkiye&#8217;de g\u00fcne\u015fli g\u00fcnlere biraz ara! \u0130\u015fte bug\u00fcn yurtta hava?\"}]},{\"@type\":\"WebSite\",\"@id\":\"https:\/\/denizcankizil.tr\/de\/#website\",\"url\":\"https:\/\/denizcankizil.tr\/de\/\",\"name\":\"Av. Deniz Can K\u0131z\u0131l\",\"description\":\"Avukat Deniz Can K\u0131z\u0131l Antalya Barosu\",\"publisher\":{\"@id\":\"https:\/\/denizcankizil.tr\/de\/#organization\"},\"potentialAction\":[{\"@type\":\"SearchAction\",\"target\":{\"@type\":\"EntryPoint\",\"urlTemplate\":\"https:\/\/denizcankizil.tr\/de\/?s={search_term_string}\"},\"query-input\":{\"@type\":\"PropertyValueSpecification\",\"valueRequired\":true,\"valueName\":\"search_term_string\"}}],\"inLanguage\":\"ru-RU\"},{\"@type\":\"Organization\",\"@id\":\"https:\/\/denizcankizil.tr\/de\/#organization\",\"name\":\"Av. Deniz Can K\u0131z\u0131l\",\"url\":\"https:\/\/denizcankizil.tr\/de\/\",\"logo\":{\"@type\":\"ImageObject\",\"inLanguage\":\"ru-RU\",\"@id\":\"https:\/\/denizcankizil.tr\/de\/#\/schema\/logo\/image\/\",\"url\":\"https:\/\/denizcankizil.tr\/wp-content\/uploads\/2024\/10\/siyah-logo-svg.svg\",\"contentUrl\":\"https:\/\/denizcankizil.tr\/wp-content\/uploads\/2024\/10\/siyah-logo-svg.svg\",\"width\":1080,\"height\":1080,\"caption\":\"Av. Deniz Can K\u0131z\u0131l\"},\"image\":{\"@id\":\"https:\/\/denizcankizil.tr\/de\/#\/schema\/logo\/image\/\"}},{\"@type\":\"Person\",\"@id\":\"https:\/\/denizcankizil.tr\/de\/#\/schema\/person\/be3c05fe6a12686905512445d8185489\",\"name\":\"admin\",\"image\":{\"@type\":\"ImageObject\",\"inLanguage\":\"ru-RU\",\"@id\":\"https:\/\/denizcankizil.tr\/de\/#\/schema\/person\/image\/\",\"url\":\"https:\/\/secure.gravatar.com\/avatar\/c1fce94c830dc79107e174f890d7210541c4a63e8e5d816341794a2151c9d58c?s=96&d=mm&r=g\",\"contentUrl\":\"https:\/\/secure.gravatar.com\/avatar\/c1fce94c830dc79107e174f890d7210541c4a63e8e5d816341794a2151c9d58c?s=96&d=mm&r=g\",\"caption\":\"admin\"},\"sameAs\":[\"http:\/\/denizcankizil.tr\"],\"url\":\"https:\/\/www.iskenderun.org\/turkiyede-gunesli-gunlere-biraz-ara-iste-bugun-yurtta-hava\"}]}<\/script>\n<!-- \/ Yoast SEO Premium plugin. -->","yoast_head_json":{"title":"T\u00fcrkiye'de g\u00fcne\u015fli g\u00fcnlere biraz ara! \u0130\u015fte bug\u00fcn yurtta hava? - Av. Deniz Can K\u0131z\u0131l","robots":{"index":"index","follow":"follow","max-snippet":"max-snippet:-1","max-image-preview":"max-image-preview:large","max-video-preview":"max-video-preview:-1"},"canonical":"https:\/\/denizcankizil.tr\/ru\/haberler\/gundem\/turkiyede-gunesli-gunlere-biraz-ara-iste-bugun-yurtta-hava\/","og_locale":"ru_RU","og_type":"article","og_title":"T\u00fcrkiye'de g\u00fcne\u015fli g\u00fcnlere biraz ara! \u0130\u015fte bug\u00fcn yurtta hava?","og_description":"Hava s\u0131cakl\u0131\u011f\u0131n\u0131n kuvvetli kuzeyli r\u00fczgar ve ani s\u0131cakl\u0131k d\u00fc\u015f\u00fc\u015f\u00fc ile birlikte \u00f6zellikle kuzeybat\u0131 kesimlerde hissedilir derecede olmak \u00fczere, kuzey, i\u00e7 ve bat\u0131 b\u00f6lgelerde 4 ila 10 derece azalacak. Meteorolojik uyar\u0131larda; Marmara ve Kuzey Ege&#8217;de kuvvetli r\u00fczgar, ortada karla kar\u0131\u015f\u0131k ya\u011fmur, i\u00e7 ve do\u011fu kesimlerde ise buzlanma ve don uyar\u0131lar\u0131 var.ANKARA (\u0130GFA) &#8211; Meteoroloji Genel M\u00fcd\u00fcrl\u00fc\u011f\u00fc\u00a0 4 \u015eubat Sal\u0131 g\u00fcn\u00fcne ili\u015fkin g\u00fcnl\u00fck hava tahmin raporunu yay\u0131mlad\u0131. \u00dclke genelinin par\u00e7al\u0131 ve \u00e7ok bulutlu, Marmara&#8217;n\u0131n g\u00fcney ve do\u011fusu, Ege, Akdeniz, \u0130\u00e7 Anadolu, Karadeniz ile Tekirda\u011f, Malatya, Tunceli, Erzincan, Erzurum ve Ardahan \u00e7evrelerinin aral\u0131kl\u0131 ya\u011f\u0131\u015fl\u0131 ge\u00e7ece\u011fi tahmin edildi\u011fi meteorolojik raporda; ya\u011f\u0131\u015flar\u0131n k\u0131y\u0131 kesimlerde ile sabah saatlerinde Marmara&#8217;n\u0131n g\u00fcney ve do\u011fusunda ya\u011fmur ve sa\u011fanak, i\u00e7 kesimler ile \u00f6zellikle ak\u015fam saatlerinden itibaren ani s\u0131cakl\u0131k d\u00fc\u015f\u00fc\u015f\u00fc ile birlikte gece saatlerinde Marmara&#8217;n\u0131n do\u011fusu, Bat\u0131 Karadeniz b\u00f6lge geneli ve Orta Karadeniz k\u0131y\u0131lar\u0131nda karla kar\u0131\u015f\u0131k ya\u011fmur ve kar \u015feklinde olmas\u0131 bekleniyor. Hava s\u0131cakl\u0131\u011f\u0131n\u0131n kuvvetli kuzeyli r\u00fczgar ve ani s\u0131cakl\u0131k d\u00fc\u015f\u00fc\u015f\u00fc ile birlikte \u00f6zellikle kuzeybat\u0131 kesimlerde hissedilir derecede olmak \u00fczere, kuzey, i\u00e7 ve bat\u0131 b\u00f6lgelerde 4 ila 10 derece azalaca\u011f\u0131 tahmin edildi. Trakya ile yurdun i\u00e7 ve do\u011fu kesimlerinde yer yer kuvvetli olmak \u00fczere buzlanma ve don olay\u0131n\u0131n g\u00f6r\u00fclmesi beklenirken, Marmara ve Kuzey Ege k\u0131y\u0131lar\u0131nda r\u00fczgar\u0131n kuzey ve kuzeydo\u011fu y\u00f6nlerden kuvvetli &hellip;","og_url":"https:\/\/denizcankizil.tr\/ru\/haberler\/gundem\/turkiyede-gunesli-gunlere-biraz-ara-iste-bugun-yurtta-hava\/","og_site_name":"Av. Deniz Can K\u0131z\u0131l","article_published_time":"2025-02-04T07:42:46+00:00","author":"admin","twitter_card":"summary_large_image","twitter_misc":{"\u041d\u0430\u043f\u0438\u0441\u0430\u043d\u043e \u0430\u0432\u0442\u043e\u0440\u043e\u043c":"admin","\u041f\u0440\u0438\u043c\u0435\u0440\u043d\u043e\u0435 \u0432\u0440\u0435\u043c\u044f \u0434\u043b\u044f \u0447\u0442\u0435\u043d\u0438\u044f":"4 \u043c\u0438\u043d\u0443\u0442\u044b"},"schema":{"@context":"https:\/\/schema.org","@graph":[{"@type":"Article","@id":"https:\/\/denizcankizil.tr\/en\/haberler\/gundem\/turkiyede-gunesli-gunlere-biraz-ara-iste-bugun-yurtta-hava\/#article","isPartOf":{"@id":"https:\/\/denizcankizil.tr\/en\/haberler\/gundem\/turkiyede-gunesli-gunlere-biraz-ara-iste-bugun-yurtta-hava\/"},"author":{"name":"admin","@id":"https:\/\/denizcankizil.tr\/de\/#\/schema\/person\/be3c05fe6a12686905512445d8185489"},"headline":"T\u00fcrkiye&#8217;de g\u00fcne\u015fli g\u00fcnlere biraz ara! \u0130\u015fte bug\u00fcn yurtta hava?","datePublished":"2025-02-04T07:42:46+00:00","mainEntityOfPage":{"@id":"https:\/\/denizcankizil.tr\/en\/haberler\/gundem\/turkiyede-gunesli-gunlere-biraz-ara-iste-bugun-yurtta-hava\/"},"wordCount":813,"commentCount":0,"publisher":{"@id":"https:\/\/denizcankizil.tr\/de\/#organization"},"articleSection":["G\u00fcndem"],"inLanguage":"ru-RU","potentialAction":[{"@type":"CommentAction","name":"Comment","target":["https:\/\/denizcankizil.tr\/en\/haberler\/gundem\/turkiyede-gunesli-gunlere-biraz-ara-iste-bugun-yurtta-hava\/#respond"]}]},{"@type":"WebPage","@id":"https:\/\/denizcankizil.tr\/en\/haberler\/gundem\/turkiyede-gunesli-gunlere-biraz-ara-iste-bugun-yurtta-hava\/","url":"https:\/\/denizcankizil.tr\/en\/haberler\/gundem\/turkiyede-gunesli-gunlere-biraz-ara-iste-bugun-yurtta-hava\/","name":"T\u00fcrkiye'de g\u00fcne\u015fli g\u00fcnlere biraz ara! \u0130\u015fte bug\u00fcn yurtta hava? - Av. Deniz Can K\u0131z\u0131l","isPartOf":{"@id":"https:\/\/denizcankizil.tr\/de\/#website"},"datePublished":"2025-02-04T07:42:46+00:00","breadcrumb":{"@id":"https:\/\/denizcankizil.tr\/en\/haberler\/gundem\/turkiyede-gunesli-gunlere-biraz-ara-iste-bugun-yurtta-hava\/#breadcrumb"},"inLanguage":"ru-RU","potentialAction":[{"@type":"ReadAction","target":["https:\/\/denizcankizil.tr\/en\/haberler\/gundem\/turkiyede-gunesli-gunlere-biraz-ara-iste-bugun-yurtta-hava\/"]}]},{"@type":"BreadcrumbList","@id":"https:\/\/denizcankizil.tr\/en\/haberler\/gundem\/turkiyede-gunesli-gunlere-biraz-ara-iste-bugun-yurtta-hava\/#breadcrumb","itemListElement":[{"@type":"ListItem","position":1,"name":"Home","item":"https:\/\/denizcankizil.tr\/de\/"},{"@type":"ListItem","position":2,"name":"T\u00fcrkiye&#8217;de g\u00fcne\u015fli g\u00fcnlere biraz ara! \u0130\u015fte bug\u00fcn yurtta hava?"}]},{"@type":"WebSite","@id":"https:\/\/denizcankizil.tr\/de\/#website","url":"https:\/\/denizcankizil.tr\/de\/","name":"Av. Deniz Can K\u0131z\u0131l","description":"Avukat Deniz Can K\u0131z\u0131l Antalya Barosu","publisher":{"@id":"https:\/\/denizcankizil.tr\/de\/#organization"},"potentialAction":[{"@type":"SearchAction","target":{"@type":"EntryPoint","urlTemplate":"https:\/\/denizcankizil.tr\/de\/?s={search_term_string}"},"query-input":{"@type":"PropertyValueSpecification","valueRequired":true,"valueName":"search_term_string"}}],"inLanguage":"ru-RU"},{"@type":"Organization","@id":"https:\/\/denizcankizil.tr\/de\/#organization","name":"Av. Deniz Can K\u0131z\u0131l","url":"https:\/\/denizcankizil.tr\/de\/","logo":{"@type":"ImageObject","inLanguage":"ru-RU","@id":"https:\/\/denizcankizil.tr\/de\/#\/schema\/logo\/image\/","url":"https:\/\/denizcankizil.tr\/wp-content\/uploads\/2024\/10\/siyah-logo-svg.svg","contentUrl":"https:\/\/denizcankizil.tr\/wp-content\/uploads\/2024\/10\/siyah-logo-svg.svg","width":1080,"height":1080,"caption":"Av. Deniz Can K\u0131z\u0131l"},"image":{"@id":"https:\/\/denizcankizil.tr\/de\/#\/schema\/logo\/image\/"}},{"@type":"Person","@id":"https:\/\/denizcankizil.tr\/de\/#\/schema\/person\/be3c05fe6a12686905512445d8185489","name":"\u0430\u0434\u043c\u0438\u043d","image":{"@type":"ImageObject","inLanguage":"ru-RU","@id":"https:\/\/denizcankizil.tr\/de\/#\/schema\/person\/image\/","url":"https:\/\/secure.gravatar.com\/avatar\/c1fce94c830dc79107e174f890d7210541c4a63e8e5d816341794a2151c9d58c?s=96&d=mm&r=g","contentUrl":"https:\/\/secure.gravatar.com\/avatar\/c1fce94c830dc79107e174f890d7210541c4a63e8e5d816341794a2151c9d58c?s=96&d=mm&r=g","caption":"admin"},"sameAs":["http:\/\/denizcankizil.tr"],"url":"https:\/\/www.iskenderun.org\/turkiyede-gunesli-gunlere-biraz-ara-iste-bugun-yurtta-hava"}]}},"_links":{"self":[{"href":"https:\/\/denizcankizil.tr\/ru\/wp-json\/wp\/v2\/posts\/30008","targetHints":{"allow":["GET"]}}],"collection":[{"href":"https:\/\/denizcankizil.tr\/ru\/wp-json\/wp\/v2\/posts"}],"about":[{"href":"https:\/\/denizcankizil.tr\/ru\/wp-json\/wp\/v2\/types\/post"}],"author":[{"embeddable":true,"href":"https:\/\/denizcankizil.tr\/ru\/wp-json\/wp\/v2\/users\/1"}],"replies":[{"embeddable":true,"href":"https:\/\/denizcankizil.tr\/ru\/wp-json\/wp\/v2\/comments?post=30008"}],"version-history":[{"count":0,"href":"https:\/\/denizcankizil.tr\/ru\/wp-json\/wp\/v2\/posts\/30008\/revisions"}],"wp:attachment":[{"href":"https:\/\/denizcankizil.tr\/ru\/wp-json\/wp\/v2\/media?parent=30008"}],"wp:term":[{"taxonomy":"category","embeddable":true,"href":"https:\/\/denizcankizil.tr\/ru\/wp-json\/wp\/v2\/categories?post=30008"},{"taxonomy":"post_tag","embeddable":true,"href":"https:\/\/denizcankizil.tr\/ru\/wp-json\/wp\/v2\/tags?post=30008"}],"curies":[{"name":"wp","href":"https:\/\/api.w.org\/{rel}","templated":true}]}}