{"id":29845,"date":"2025-02-03T18:41:41","date_gmt":"2025-02-03T15:41:41","guid":{"rendered":"https:\/\/denizcankizil.tr\/uncategorized-tr\/mardinde-2024-yilinda-345-proje-uygulandi\/"},"modified":"2025-02-03T18:41:41","modified_gmt":"2025-02-03T15:41:41","slug":"mardinde-2024-yilinda-345-proje-uygulandi","status":"publish","type":"post","link":"https:\/\/denizcankizil.tr\/ru\/haberler\/gundem\/mardinde-2024-yilinda-345-proje-uygulandi\/","title":{"rendered":"Mardin\u2019de 2024 y\u0131l\u0131nda 345 proje uyguland\u0131"},"content":{"rendered":"<p>Mardin Milletvekili Dr. Muhammed Adak, Mardin&#8217;e \u015fimdiye kadar yap\u0131lan ve yap\u0131lacak hizmetleri de\u011ferlendirdi.MARD\u0130N (\u0130GFA) &#8211;\u00a0Mardin Milletvekili Dr. Muhammed Adak, Mardin&#8217;de 2024 y\u0131l\u0131 4. d\u00f6nem itibariyle, kamu kurum ve kurulu\u015flar\u0131, belediyeler ve kamu kurumu niteli\u011findeki meslek kurulu\u015flar\u0131 taraf\u0131ndan il genelinde Mardin\u2019de 345 projenin uyguland\u0131\u011f\u0131n\u0131 kaydetti.<br \/>\n345 PROJEN\u0130N TUTARI 51 M\u0130LYAR 236 M\u0130LYON TL\u00a0<br \/>\nBunlardan 124 Proje tamamland\u0131\u011f\u0131n\u0131 aktaran Adak,\u201d \u0130l genelinde 95 Proje devam ediyor. 126 Proje et\u00fct proje a\u015famas\u0131ndad\u0131r. Bu projelerin toplam tutar\u0131 51 Milyar 236 Milyon 16 Bin TL olup 2024 y\u0131l\u0131 4. D\u00f6nem sonu itibariyle 7 Milyar 96 Milyon 470 Bin TL harcama yap\u0131lm\u0131\u015ft\u0131r. 2025 y\u0131l\u0131 i\u00e7inde 12.3 Milyar Yat\u0131r\u0131m B\u00fct\u00e7esi Ayr\u0131ld\u0131.\u201d dedi.<\/p>\n<p>DEM\u0130RYOLU PROJELER\u0130 MARD\u0130N LOJ\u0130ST\u0130K MERKEZ\u0130 \u0130\u015eLEVSEL HALE GET\u0130RECEK\u00a0<br \/>\nMardin Milletvekili Dr. Muhammed Adak, Suriyedeki sava\u015f nedeniyle \u00a0durdurulan Mardin Lojistik Merkezinin a\u00e7\u0131lmas\u0131 i\u00e7in ilgili kurum ve kurulu\u015flarla birlikte yapt\u0131\u011f\u0131m\u0131z giri\u015fimlerin olumlu sonu\u00e7lar verdi\u011fini a\u00e7\u0131klayan Adak,\u201d Demiryolu lojistik merkezinin 2.etap ihalesinin ger\u00e7ekle\u015ftirilmesi ve Gaziantep ile Mardin aras\u0131 durdurulan tren seferlerinin yeniden a\u00e7\u0131lmas\u0131 i\u00e7in Ula\u015ft\u0131rma ve Altyap\u0131 Bakan\u0131 Say\u0131n Abd\u00fclkadir Uralo\u011flu ile yapt\u0131\u011f\u0131m\u0131z g\u00f6r\u00fc\u015fmeler olumlu sonu\u00e7lar verdi. Yap\u0131lan \u00e7al\u0131\u015fmalar neticesinde Mardin&#8217;de TCDD lojistik Merkezinin devreye al\u0131nmas\u0131 amac\u0131yla haz\u0131rlanan raporlar\u0131 Ula\u015ft\u0131rma ve Altyap\u0131 Bakanl\u0131\u011f\u0131m\u0131za sunduk ve Bakanl\u0131\u011f\u0131m\u0131z bu giri\u015fimleri olumlu olarak sonu\u00e7land\u0131rd\u0131. Bakanl\u0131\u011f\u0131m\u0131z Karkam\u0131\u015f-Nusaybin Demiryolu Rehabilitasyonu i\u00e7in 300 milyon TL Kalk\u0131nma Yolu Demiryolu Projesi i\u00e7inde 300 milyon TL olmak \u00fczere 600 milyon TL kaynak ay\u0131rd\u0131. Suriye sava\u015f\u0131 sebebiyle kullan\u0131m\u0131 durdurulan demiryolu hatt\u0131n\u0131n tekrar i\u015fletmeye a\u00e7\u0131lmas\u0131 i\u00e7in Mardin Lojistik Merkezini i\u015flevsel hale getirilecek. Sanayici ve \u00fcreticilerimize b\u00fcy\u00fck oranlarda katma de\u011fer sa\u011flayacak olan Gaziantep Mardin Nusaybin Demiryolu hatt\u0131n\u0131n tekrar a\u00e7\u0131lmas\u0131, basta T\u00fcrkiye olmak \u00fczere Mardin&#8217;in ekonomisine katma de\u011fer kazand\u0131racakt\u0131r.\u201d\u00a0<br \/>\nPROJE \u0130\u00c7\u0130N 600 M\u0130LYON \u00d6DENEK AYRILDI<br \/>\nKarkam\u0131\u015f-Nusaybin Demiryolu Rehabilitasyonu ve Kalk\u0131nma Yolu Demiryolu Projesi i\u00e7in 600 milyon TL&#8217;lik yat\u0131r\u0131m yap\u0131laca\u011f\u0131n\u0131 hat\u0131rlatan Adak,\u201d Mardin Demiryolu Lojistik Merkezinin durdurulan 2.etap ihalesinin ger\u00e7ekle\u015ftirilmesi ve Maz\u0131da\u011f\u0131 Mardin 2.etap yeni demiryolu hatt\u0131n\u0131n hayata ge\u00e7irilmesi Mardin i\u00e7in \u00f6nemli bir ihtiya\u00e7t\u0131r. G\u00fcmr\u00fck i\u015flemleri dahil olmak \u00fczere t\u00fcm lojistik operasyonlar\u0131n\u0131n y\u00f6netilece\u011fi bir lojistik merkezinin Mardin ve civar illerimiz i\u00e7in \u00fclke ekonomisini canland\u0131r\u0131lacakt\u0131r. Ayr\u0131ca katma de\u011fer, nitelikli istihdam ve g\u00fcven ortam\u0131 olu\u015fturacakt\u0131r. &#8221; ifadelerini kulland\u0131.<\/p>\n<p>HABUR&#8217;DAN BASRA&#8217;YA KADAR T\u0130CARET\u0130N KAPILARI A\u00c7ILACAK<br \/>\nMardin&#8217;in T\u00fcrkiye ile Irak ve Suriye uluslararas\u0131 ipek yolu g\u00fczerg\u00e2h\u0131nda bulunmas\u0131 demir yolunun yeniden faaliyete ge\u00e7irilmesi \u00f6nem arz etti\u011fini kaydeden Adak, a\u00e7\u0131klamalar\u0131na \u015f\u00f6yle devam etti: &#8220;Mevcut ula\u015ft\u0131rma koridorundaki kapasitenin yetersiz olu\u015fu, Mersin ve \u0130skenderun limanlar\u0131 ile Habur sinir kap\u0131s\u0131ndan Irak \u00fczeri Basra k\u00f6rfezine uzanan demiryolu ve karayolu ula\u015ft\u0131rma hatlar\u0131n\u0131n ihracat yapan \u00fcretici sanayici ve lojistik firmalar\u0131 i\u00e7in \u00f6nemli koridordur. S\u00f6z konusu karayolu kapasitesinin art\u0131r\u0131lmas\u0131, Suriye sava\u015f\u0131 sebebiyle kullan\u0131m\u0131 durdurulan demiryolu hatt\u0131n\u0131n da tekrar i\u015fletmeye a\u00e7\u0131lmas\u0131 i\u00e7in bakanl\u0131\u011f\u0131m\u0131zda bu projeye destek veriyor. \u201c<br \/>\nBAKAN PROJEYE DESTEK VER\u0130YOR<br \/>\nDemiryolu Lojistik Merkezinin faaliyete ge\u00e7mesi ile b\u00f6lgenin kalk\u0131nmas\u0131 ve istihdam\u0131n artmas\u0131na vesile olaca\u011f\u0131n\u0131 vurgulayan Adak,&#8221; Mardin de \u00fcretici ve sanayicilerinin \u00f6zellikle ihracatlar\u0131n\u0131 kolayla\u015ft\u0131rmak ve \u00fclke ekonomisine katk\u0131 sunmak \u00fczere fizibilitesi yap\u0131lan ve 30.10.2012 y\u0131l\u0131nda 1.etap ihalesi ger\u00e7ekle\u015ftirilmi\u015fti. 2. Etab\u0131 Suriye sava\u015f\u0131 sebebiyle aksayan bu projenin hayata ge\u00e7irilmesini sa\u011flamak \u00fczere Ula\u015ft\u0131rma ve Altyap\u0131 Bakanl\u0131\u011f\u0131 ile yak\u0131n bir \u00e7al\u0131\u015fma i\u00e7indeyiz.<br \/>\nUla\u015ft\u0131rma ve Altyap\u0131 Bakan\u0131m\u0131z Say\u0131n Abd\u00fclkadir Uralo\u011flu&#8217;nun ve ilgili b\u00fcrokratlar\u0131n yan\u0131s\u0131ra Mardin deki STK lara, \u015fu anda ve ge\u00e7mi\u015f d\u00f6nem milletvekillerimize, \u0130l Ba\u015fkan\u0131m\u0131za ve yerel medya temsilcilerine verdikleri her t\u00fcrl\u00fc desteklerden dolay\u0131 m\u00fcte\u015fekkiriz. Say\u0131n bakan\u0131m\u0131z\u0131n en k\u0131sa zamanda Mardini ziyaret edece\u011fini umuyor ve bu demiryolu lojistik merkezinin 2.etap ihalesinin ger\u00e7ekle\u015ftirilmesi ve bilhassa Gaziantep ile Mardin aras\u0131 durdurulan tren seferlerinin en k\u0131sa zamanda tekrar a\u00e7\u0131lmas\u0131 i\u00e7in umutlu ve mutluyuz. &#8220;\u015feklinde konu\u015ftu.<br \/>\nTREN SEFERLER\u0130N\u0130NDE H\u0130ZMETE ALINMASI S\u00d6Z KONUSU<br \/>\nUzun s\u00fcredir demiryolu Hatt\u0131 \u00a0tren trafi\u011finin kapal\u0131 oldu\u011funa dikkat \u00e7eken Adak, \u015funlar\u0131 aktard\u0131: &#8220;Mardin &#8211; Gaziantep aras\u0131ndaki s\u0131n\u0131r duvar\u0131m\u0131z tamam\u0131yla bitmi\u015ftir. Hatt\u0131m\u0131z\u0131n Ak\u00e7akale- Mardin aras\u0131ndaki k\u0131sm\u0131nda tren trafi\u011fine engel te\u015fkil edecek \u00f6nemli bir \u015fey bulunmamaktad\u0131r.<br \/>\nAk\u00e7akale &#8211; Karkam\u0131\u015f aras\u0131ndaki k\u0131sm\u0131n kontrol\u00fc yap\u0131larak 5-6 ay s\u00fcrebilecek bak\u0131m ve tamirat sonucunda Demiryolu hatt\u0131m\u0131z tren trafi\u011fine a\u00e7\u0131labiilece\u011fi \u00f6ng\u00f6r\u00fclmektedir. S\u00f6z konusu lojistik merkezi ile T\u00fcrkiye lojistik sekt\u00f6r\u00fcne 1,5 milyon ton ta\u015f\u0131ma kapasitesi sa\u011flanmas\u0131 planlanmakta olup, \u00fclkemize 404 Bin m2 lojistik alan kazand\u0131r\u0131lacakt\u0131r.<br \/>\nMardin ve \u00e7evresinde bulunan fabrika ve sanayi b\u00f6lgelerine hitap edebilecek \u00f6zellikte, ayn\u0131 zamanda ba\u015fta Suriye ve Irak&#8217;a olmak \u00fczere ithalat ve ihracat ta\u015f\u0131malar\u0131 i\u00e7in Mardin (GAP) Lojistik Merkezinin fizibilitesi yap\u0131lm\u0131\u015f ve 2011 y\u0131l\u0131nda yat\u0131r\u0131m program\u0131na al\u0131narak kurulmas\u0131na ba\u015flanm\u0131\u015ft\u0131. Mardin Lojistik Merkezi; T\u00fcrkiye&#8217;nin Suriye, Irak ba\u011flant\u0131s\u0131n\u0131 sa\u011flayan, Ortado\u011fu ve Arabistan Yar\u0131madas\u0131na a\u00e7\u0131lan kap\u0131s\u0131 olacakt\u0131r.<br \/>\nLojistik merkezden ba\u015fta konteyner olmak \u00fczere, seramik, izolasyon malzemesi, demir \u00e7elik \u00fcr\u00fcnleri, askeri, in\u015faat malzemesi vb. ta\u015f\u0131mas\u0131 yap\u0131lacakt\u0131r. Bu i\u015fyerlerinde 265 bin ton olan y\u00fck ta\u015f\u0131mas\u0131 1,5 milyon tona \u00e7\u0131kar\u0131lacakt\u0131r. \u0130limizde istihdama katk\u0131 sa\u011flayacak olan lojistik merkezinin bir an \u00f6nce hayata ge\u00e7irmesi b\u00f6lgemize b\u00fcy\u00fck ekonomik katk\u0131 sa\u011flayacakt\u0131r.&#8221;\u00a0<\/p>\n<p>LOJ\u0130ST\u0130K MERKEZ\u0130 ORTADO\u011eU&#8217;YA A\u00c7ILAN T\u0130CARET KAPISI OLACAK<br \/>\nKarkam\u0131\u015f-Nusaybin Demiryolu Rehabilitasyonu ve \u00a0Kalk\u0131nma Yolu Demiryolu Projesi hayata ge\u00e7irilmesi ile birlikte Mardin Ortado\u011fu\u2019a\u00e7\u0131lan bir ticaret kap\u0131s\u0131 haline gelece\u011fini kaydeden Adak,\u201d \u00a0Ortado\u011fu pazar\u0131na a\u00e7\u0131lacak olan Mardin Losistik Merkezinin faaliyete ge\u00e7mesi ve Demiryolu lojistik merkezinin 2.etap ihalesinin ger\u00e7ekle\u015ftirilmesi ve Gaziantep ile Mardin aras\u0131 durdurulan tren seferlerinin yeniden a\u00e7\u0131lmas\u0131 i\u00e7in \u00e7al\u0131\u015fmalar\u0131m\u0131z\u0131 h\u0131zland\u0131r\u0131yoruz.<br \/>\n\u00a0\u00d6zellikle GAP projelerine ayr\u0131lan kaynaklar\u0131n \u00e7ok \u00f6nemli oldu\u011funu kaydeden Adak,\u201d Yeni GAP Eylem Plan\u0131\u2019yla GAP B\u00f6lgesinde 570 bin 246 ki\u015fiye istihdam sa\u011flanaca\u011f\u0131 ve 4 y\u0131ll\u0131k s\u00fcre\u00e7te 198 projeye 496 milyar liral\u0131k kaynak aktar\u0131lacak. \u00a0Mardin\u2019i yaln\u0131zca b\u00f6lgesel kalk\u0131nmada de\u011fil, T\u00fcrkiye genelinde daha g\u00fc\u00e7l\u00fc bir konuma ta\u015f\u0131yacakt\u0131r. 2024 y\u0131l\u0131nda 36 proje 7 milyar 726 milyon tutar\u0131nda yat\u0131r\u0131m yap\u0131ld\u0131.<br \/>\n2025 y\u0131l\u0131 i\u00e7in yat\u0131r\u0131m b\u00fct\u00e7esi olarak 12.3 milyar tutar\u0131nda b\u00fct\u00e7e ayr\u0131ld\u0131. A\u015fa\u011f\u0131 F\u0131rat 2. Merhale (GAP Suyu) \u00a057 milyar TL\u2019lik toplam proje tutar\u0131n\u0131n 2025 y\u0131l\u0131 i\u00e7in 8,15 milyar TL\u2019si tahsis edildi. Mardin \u0130li 2. Kademe \u0130\u00e7me Suyu Tesisleri i\u00e7in 4,59 milyar TL\u2019lik toplam proje tutar\u0131na 430 milyon TL kaynak ayr\u0131ld\u0131. \u00a0Projelerin bir an \u00f6nce tamamlanmas\u0131 ve Mardin halk\u0131n\u0131n hizmetine sunulmas\u0131 i\u00e7in \u00e7al\u0131\u015fmalar\u0131n h\u0131zland\u0131r\u0131lmas\u0131 i\u00e7in gerekli takibi s\u00fcrd\u00fcrece\u011fiz. \u00d6zellikle GAP kapsam\u0131ndaki sulama projelerinin Mardin\u2019in tar\u0131msal potansiyelini art\u0131raca\u011f\u0131z. Burada \u00fcretilen mallar\u0131n Ortado\u011fu\u2019ya buradan g\u00f6nderilmesi i\u00e7in \u00f6nemli bir f\u0131rsatt\u0131r. \u00a0Hedefimiz, Mardin\u2019in \u00fcretim kapasitesini art\u0131rarak ekonomik kalk\u0131nmada lider bir \u015fehir haline gelmesini sa\u011flamakt\u0131r\u201d\u00a0<br \/>\nGAP SUYU BEREKETL\u0130 TOPRAKLARA HAYAT VERECEKT\u0130R<br \/>\nGAP ile ilgili Tar\u0131m Bakanl\u0131\u011f\u0131&#8217;n\u0131n verdi\u011fi bilgileri payla\u015fan Milletvekili Adak, Atat\u00fcrk Baraj\u0131&#8217;n\u0131n suyunu \u015eanl\u0131urfa&#8217;dan Mardin&#8217;e ta\u015f\u0131yan sulama kanal\u0131 T\u00fcrkiye&#8217;nin de en uzun yapay nehri olma \u00f6zelli\u011fini ta\u015f\u0131d\u0131\u011f\u0131n\u0131 vurgulayan Adak,&#8221;221 kilometre uzunlu\u011fundaki sulama kanal\u0131 S\u00fcvey\u015f kanal\u0131ndan daha uzun ve Panama kanal\u0131n\u0131n 3 kat\u0131 uzunlukta olacak.<br \/>\n\u015eu an \u015eanl\u0131urfa ve Mardin&#8217;de 70 bin futbol sahas\u0131 b\u00fcy\u00fckl\u00fc\u011f\u00fcndeki tar\u0131m arazisini suya kavu\u015ftu. Mardin Ceylanp\u0131nar Ana Kanal\u0131&#8217;n\u0131n b\u00fct\u00fcn \u015febekeleri tamamland\u0131\u011f\u0131nda ise 340 bin futbol sahas\u0131 b\u00fcy\u00fckl\u00fckteki arazi suyla bulu\u015fmu\u015f olacak. Bu da Mardin ve \u015eanl\u0131urfa&#8217;da y\u0131lda 4 \u00e7e\u015fit \u00fcr\u00fcn yeti\u015fme imk\u00e2n\u0131 sa\u011flayacak. Ayr\u0131ca b\u00f6lgemizde tar\u0131m ile u\u011fra\u015fan binlerce \u00e7ift\u00e7imize yeni i\u015f alanlar\u0131 gen\u00e7lerimizde yeni istihdam alanlar\u0131 olu\u015facakt\u0131r. GAP suyu bereketli topraklara hayat verecektir &#8221; \u015feklinde a\u00e7\u0131klamalarda bulundu.<\/p>\n<p>\u200bMardin Milletvekili Dr. Muhammed Adak, Mardin&#8217;e \u015fimdiye kadar yap\u0131lan ve yap\u0131lacak hizmetleri de\u011ferlendirdi.MARD\u0130N (\u0130GFA) &#8211;\u00a0Mardin Milletvekili Dr. Muhammed Adak, Mardin&#8217;de 2024 y\u0131l\u0131 4. d\u00f6nem itibariyle, kamu kurum ve kurulu\u015flar\u0131, belediyeler ve kamu kurumu niteli\u011findeki meslek kurulu\u015flar\u0131 taraf\u0131ndan il genelinde Mardin\u2019de 345 projenin uyguland\u0131\u011f\u0131n\u0131 kaydetti.<br \/>\n345 PROJEN\u0130N TUTARI 51 M\u0130LYAR 236 M\u0130LYON TL\u00a0<br \/>\nBunlardan 124 Proje tamamland\u0131\u011f\u0131n\u0131 aktaran Adak,\u201d \u0130l genelinde 95 Proje devam ediyor. 126 Proje et\u00fct proje a\u015famas\u0131ndad\u0131r. Bu projelerin toplam tutar\u0131 51 Milyar 236 Milyon 16 Bin TL olup 2024 y\u0131l\u0131 4. D\u00f6nem sonu itibariyle 7 Milyar 96 Milyon 470 Bin TL harcama yap\u0131lm\u0131\u015ft\u0131r. 2025 y\u0131l\u0131 i\u00e7inde 12.3 Milyar Yat\u0131r\u0131m B\u00fct\u00e7esi Ayr\u0131ld\u0131.\u201d dedi.<\/p>\n<p>DEM\u0130RYOLU PROJELER\u0130 MARD\u0130N LOJ\u0130ST\u0130K MERKEZ\u0130 \u0130\u015eLEVSEL HALE GET\u0130RECEK\u00a0<br \/>\nMardin Milletvekili Dr. Muhammed Adak, Suriyedeki sava\u015f nedeniyle \u00a0durdurulan Mardin Lojistik Merkezinin a\u00e7\u0131lmas\u0131 i\u00e7in ilgili kurum ve kurulu\u015flarla birlikte yapt\u0131\u011f\u0131m\u0131z giri\u015fimlerin olumlu sonu\u00e7lar verdi\u011fini a\u00e7\u0131klayan Adak,\u201d Demiryolu lojistik merkezinin 2.etap ihalesinin ger\u00e7ekle\u015ftirilmesi ve Gaziantep ile Mardin aras\u0131 durdurulan tren seferlerinin yeniden a\u00e7\u0131lmas\u0131 i\u00e7in Ula\u015ft\u0131rma ve Altyap\u0131 Bakan\u0131 Say\u0131n Abd\u00fclkadir Uralo\u011flu ile yapt\u0131\u011f\u0131m\u0131z g\u00f6r\u00fc\u015fmeler olumlu sonu\u00e7lar verdi. Yap\u0131lan \u00e7al\u0131\u015fmalar neticesinde Mardin&#8217;de TCDD lojistik Merkezinin devreye al\u0131nmas\u0131 amac\u0131yla haz\u0131rlanan raporlar\u0131 Ula\u015ft\u0131rma ve Altyap\u0131 Bakanl\u0131\u011f\u0131m\u0131za sunduk ve Bakanl\u0131\u011f\u0131m\u0131z bu giri\u015fimleri olumlu olarak sonu\u00e7land\u0131rd\u0131. Bakanl\u0131\u011f\u0131m\u0131z Karkam\u0131\u015f-Nusaybin Demiryolu Rehabilitasyonu i\u00e7in 300 milyon TL Kalk\u0131nma Yolu Demiryolu Projesi i\u00e7inde 300 milyon TL olmak \u00fczere 600 milyon TL kaynak ay\u0131rd\u0131. Suriye sava\u015f\u0131 sebebiyle kullan\u0131m\u0131 durdurulan demiryolu hatt\u0131n\u0131n tekrar i\u015fletmeye a\u00e7\u0131lmas\u0131 i\u00e7in Mardin Lojistik Merkezini i\u015flevsel hale getirilecek. Sanayici ve \u00fcreticilerimize b\u00fcy\u00fck oranlarda katma de\u011fer sa\u011flayacak olan Gaziantep Mardin Nusaybin Demiryolu hatt\u0131n\u0131n tekrar a\u00e7\u0131lmas\u0131, basta T\u00fcrkiye olmak \u00fczere Mardin&#8217;in ekonomisine katma de\u011fer kazand\u0131racakt\u0131r.\u201d\u00a0<br \/>\nPROJE \u0130\u00c7\u0130N 600 M\u0130LYON \u00d6DENEK AYRILDI<br \/>\nKarkam\u0131\u015f-Nusaybin Demiryolu Rehabilitasyonu ve Kalk\u0131nma Yolu Demiryolu Projesi i\u00e7in 600 milyon TL&#8217;lik yat\u0131r\u0131m yap\u0131laca\u011f\u0131n\u0131 hat\u0131rlatan Adak,\u201d Mardin Demiryolu Lojistik Merkezinin durdurulan 2.etap ihalesinin ger\u00e7ekle\u015ftirilmesi ve Maz\u0131da\u011f\u0131 Mardin 2.etap yeni demiryolu hatt\u0131n\u0131n hayata ge\u00e7irilmesi Mardin i\u00e7in \u00f6nemli bir ihtiya\u00e7t\u0131r. G\u00fcmr\u00fck i\u015flemleri dahil olmak \u00fczere t\u00fcm lojistik operasyonlar\u0131n\u0131n y\u00f6netilece\u011fi bir lojistik merkezinin Mardin ve civar illerimiz i\u00e7in \u00fclke ekonomisini canland\u0131r\u0131lacakt\u0131r. Ayr\u0131ca katma de\u011fer, nitelikli istihdam ve g\u00fcven ortam\u0131 olu\u015fturacakt\u0131r. &#8221; ifadelerini kulland\u0131.<\/p>\n<p>HABUR&#8217;DAN BASRA&#8217;YA KADAR T\u0130CARET\u0130N KAPILARI A\u00c7ILACAK<br \/>\nMardin&#8217;in T\u00fcrkiye ile Irak ve Suriye uluslararas\u0131 ipek yolu g\u00fczerg\u00e2h\u0131nda bulunmas\u0131 demir yolunun yeniden faaliyete ge\u00e7irilmesi \u00f6nem arz etti\u011fini kaydeden Adak, a\u00e7\u0131klamalar\u0131na \u015f\u00f6yle devam etti: &#8220;Mevcut ula\u015ft\u0131rma koridorundaki kapasitenin yetersiz olu\u015fu, Mersin ve \u0130skenderun limanlar\u0131 ile Habur sinir kap\u0131s\u0131ndan Irak \u00fczeri Basra k\u00f6rfezine uzanan demiryolu ve karayolu ula\u015ft\u0131rma hatlar\u0131n\u0131n ihracat yapan \u00fcretici sanayici ve lojistik firmalar\u0131 i\u00e7in \u00f6nemli koridordur. S\u00f6z konusu karayolu kapasitesinin art\u0131r\u0131lmas\u0131, Suriye sava\u015f\u0131 sebebiyle kullan\u0131m\u0131 durdurulan demiryolu hatt\u0131n\u0131n da tekrar i\u015fletmeye a\u00e7\u0131lmas\u0131 i\u00e7in bakanl\u0131\u011f\u0131m\u0131zda bu projeye destek veriyor. \u201c<br \/>\nBAKAN PROJEYE DESTEK VER\u0130YOR<br \/>\nDemiryolu Lojistik Merkezinin faaliyete ge\u00e7mesi ile b\u00f6lgenin kalk\u0131nmas\u0131 ve istihdam\u0131n artmas\u0131na vesile olaca\u011f\u0131n\u0131 vurgulayan Adak,&#8221; Mardin de \u00fcretici ve sanayicilerinin \u00f6zellikle ihracatlar\u0131n\u0131 kolayla\u015ft\u0131rmak ve \u00fclke ekonomisine katk\u0131 sunmak \u00fczere fizibilitesi yap\u0131lan ve 30.10.2012 y\u0131l\u0131nda 1.etap ihalesi ger\u00e7ekle\u015ftirilmi\u015fti. 2. Etab\u0131 Suriye sava\u015f\u0131 sebebiyle aksayan bu projenin hayata ge\u00e7irilmesini sa\u011flamak \u00fczere Ula\u015ft\u0131rma ve Altyap\u0131 Bakanl\u0131\u011f\u0131 ile yak\u0131n bir \u00e7al\u0131\u015fma i\u00e7indeyiz.<br \/>\nUla\u015ft\u0131rma ve Altyap\u0131 Bakan\u0131m\u0131z Say\u0131n Abd\u00fclkadir Uralo\u011flu&#8217;nun ve ilgili b\u00fcrokratlar\u0131n yan\u0131s\u0131ra Mardin deki STK lara, \u015fu anda ve ge\u00e7mi\u015f d\u00f6nem milletvekillerimize, \u0130l Ba\u015fkan\u0131m\u0131za ve yerel medya temsilcilerine verdikleri her t\u00fcrl\u00fc desteklerden dolay\u0131 m\u00fcte\u015fekkiriz. Say\u0131n bakan\u0131m\u0131z\u0131n en k\u0131sa zamanda Mardini ziyaret edece\u011fini umuyor ve bu demiryolu lojistik merkezinin 2.etap ihalesinin ger\u00e7ekle\u015ftirilmesi ve bilhassa Gaziantep ile Mardin aras\u0131 durdurulan tren seferlerinin en k\u0131sa zamanda tekrar a\u00e7\u0131lmas\u0131 i\u00e7in umutlu ve mutluyuz. &#8220;\u015feklinde konu\u015ftu.<br \/>\nTREN SEFERLER\u0130N\u0130NDE H\u0130ZMETE ALINMASI S\u00d6Z KONUSU<br \/>\nUzun s\u00fcredir demiryolu Hatt\u0131 \u00a0tren trafi\u011finin kapal\u0131 oldu\u011funa dikkat \u00e7eken Adak, \u015funlar\u0131 aktard\u0131: &#8220;Mardin &#8211; Gaziantep aras\u0131ndaki s\u0131n\u0131r duvar\u0131m\u0131z tamam\u0131yla bitmi\u015ftir. Hatt\u0131m\u0131z\u0131n Ak\u00e7akale- Mardin aras\u0131ndaki k\u0131sm\u0131nda tren trafi\u011fine engel te\u015fkil edecek \u00f6nemli bir \u015fey bulunmamaktad\u0131r.<br \/>\nAk\u00e7akale &#8211; Karkam\u0131\u015f aras\u0131ndaki k\u0131sm\u0131n kontrol\u00fc yap\u0131larak 5-6 ay s\u00fcrebilecek bak\u0131m ve tamirat sonucunda Demiryolu hatt\u0131m\u0131z tren trafi\u011fine a\u00e7\u0131labiilece\u011fi \u00f6ng\u00f6r\u00fclmektedir. S\u00f6z konusu lojistik merkezi ile T\u00fcrkiye lojistik sekt\u00f6r\u00fcne 1,5 milyon ton ta\u015f\u0131ma kapasitesi sa\u011flanmas\u0131 planlanmakta olup, \u00fclkemize 404 Bin m2 lojistik alan kazand\u0131r\u0131lacakt\u0131r.<br \/>\nMardin ve \u00e7evresinde bulunan fabrika ve sanayi b\u00f6lgelerine hitap edebilecek \u00f6zellikte, ayn\u0131 zamanda ba\u015fta Suriye ve Irak&#8217;a olmak \u00fczere ithalat ve ihracat ta\u015f\u0131malar\u0131 i\u00e7in Mardin (GAP) Lojistik Merkezinin fizibilitesi yap\u0131lm\u0131\u015f ve 2011 y\u0131l\u0131nda yat\u0131r\u0131m program\u0131na al\u0131narak kurulmas\u0131na ba\u015flanm\u0131\u015ft\u0131. Mardin Lojistik Merkezi; T\u00fcrkiye&#8217;nin Suriye, Irak ba\u011flant\u0131s\u0131n\u0131 sa\u011flayan, Ortado\u011fu ve Arabistan Yar\u0131madas\u0131na a\u00e7\u0131lan kap\u0131s\u0131 olacakt\u0131r.<br \/>\nLojistik merkezden ba\u015fta konteyner olmak \u00fczere, seramik, izolasyon malzemesi, demir \u00e7elik \u00fcr\u00fcnleri, askeri, in\u015faat malzemesi vb. ta\u015f\u0131mas\u0131 yap\u0131lacakt\u0131r. Bu i\u015fyerlerinde 265 bin ton olan y\u00fck ta\u015f\u0131mas\u0131 1,5 milyon tona \u00e7\u0131kar\u0131lacakt\u0131r. \u0130limizde istihdama katk\u0131 sa\u011flayacak olan lojistik merkezinin bir an \u00f6nce hayata ge\u00e7irmesi b\u00f6lgemize b\u00fcy\u00fck ekonomik katk\u0131 sa\u011flayacakt\u0131r.&#8221;\u00a0<\/p>\n<p>LOJ\u0130ST\u0130K MERKEZ\u0130 ORTADO\u011eU&#8217;YA A\u00c7ILAN T\u0130CARET KAPISI OLACAK<br \/>\nKarkam\u0131\u015f-Nusaybin Demiryolu Rehabilitasyonu ve \u00a0Kalk\u0131nma Yolu Demiryolu Projesi hayata ge\u00e7irilmesi ile birlikte Mardin Ortado\u011fu\u2019a\u00e7\u0131lan bir ticaret kap\u0131s\u0131 haline gelece\u011fini kaydeden Adak,\u201d \u00a0Ortado\u011fu pazar\u0131na a\u00e7\u0131lacak olan Mardin Losistik Merkezinin faaliyete ge\u00e7mesi ve Demiryolu lojistik merkezinin 2.etap ihalesinin ger\u00e7ekle\u015ftirilmesi ve Gaziantep ile Mardin aras\u0131 durdurulan tren seferlerinin yeniden a\u00e7\u0131lmas\u0131 i\u00e7in \u00e7al\u0131\u015fmalar\u0131m\u0131z\u0131 h\u0131zland\u0131r\u0131yoruz.<br \/>\n\u00a0\u00d6zellikle GAP projelerine ayr\u0131lan kaynaklar\u0131n \u00e7ok \u00f6nemli oldu\u011funu kaydeden Adak,\u201d Yeni GAP Eylem Plan\u0131\u2019yla GAP B\u00f6lgesinde 570 bin 246 ki\u015fiye istihdam sa\u011flanaca\u011f\u0131 ve 4 y\u0131ll\u0131k s\u00fcre\u00e7te 198 projeye 496 milyar liral\u0131k kaynak aktar\u0131lacak. \u00a0Mardin\u2019i yaln\u0131zca b\u00f6lgesel kalk\u0131nmada de\u011fil, T\u00fcrkiye genelinde daha g\u00fc\u00e7l\u00fc bir konuma ta\u015f\u0131yacakt\u0131r. 2024 y\u0131l\u0131nda 36 proje 7 milyar 726 milyon tutar\u0131nda yat\u0131r\u0131m yap\u0131ld\u0131.<br \/>\n2025 y\u0131l\u0131 i\u00e7in yat\u0131r\u0131m b\u00fct\u00e7esi olarak 12.3 milyar tutar\u0131nda b\u00fct\u00e7e ayr\u0131ld\u0131. A\u015fa\u011f\u0131 F\u0131rat 2. Merhale (GAP Suyu) \u00a057 milyar TL\u2019lik toplam proje tutar\u0131n\u0131n 2025 y\u0131l\u0131 i\u00e7in 8,15 milyar TL\u2019si tahsis edildi. Mardin \u0130li 2. Kademe \u0130\u00e7me Suyu Tesisleri i\u00e7in 4,59 milyar TL\u2019lik toplam proje tutar\u0131na 430 milyon TL kaynak ayr\u0131ld\u0131. \u00a0Projelerin bir an \u00f6nce tamamlanmas\u0131 ve Mardin halk\u0131n\u0131n hizmetine sunulmas\u0131 i\u00e7in \u00e7al\u0131\u015fmalar\u0131n h\u0131zland\u0131r\u0131lmas\u0131 i\u00e7in gerekli takibi s\u00fcrd\u00fcrece\u011fiz. \u00d6zellikle GAP kapsam\u0131ndaki sulama projelerinin Mardin\u2019in tar\u0131msal potansiyelini art\u0131raca\u011f\u0131z. Burada \u00fcretilen mallar\u0131n Ortado\u011fu\u2019ya buradan g\u00f6nderilmesi i\u00e7in \u00f6nemli bir f\u0131rsatt\u0131r. \u00a0Hedefimiz, Mardin\u2019in \u00fcretim kapasitesini art\u0131rarak ekonomik kalk\u0131nmada lider bir \u015fehir haline gelmesini sa\u011flamakt\u0131r\u201d\u00a0<br \/>\nGAP SUYU BEREKETL\u0130 TOPRAKLARA HAYAT VERECEKT\u0130R<br \/>\nGAP ile ilgili Tar\u0131m Bakanl\u0131\u011f\u0131&#8217;n\u0131n verdi\u011fi bilgileri payla\u015fan Milletvekili Adak, Atat\u00fcrk Baraj\u0131&#8217;n\u0131n suyunu \u015eanl\u0131urfa&#8217;dan Mardin&#8217;e ta\u015f\u0131yan sulama kanal\u0131 T\u00fcrkiye&#8217;nin de en uzun yapay nehri olma \u00f6zelli\u011fini ta\u015f\u0131d\u0131\u011f\u0131n\u0131 vurgulayan Adak,&#8221;221 kilometre uzunlu\u011fundaki sulama kanal\u0131 S\u00fcvey\u015f kanal\u0131ndan daha uzun ve Panama kanal\u0131n\u0131n 3 kat\u0131 uzunlukta olacak.<br \/>\n\u015eu an \u015eanl\u0131urfa ve Mardin&#8217;de 70 bin futbol sahas\u0131 b\u00fcy\u00fckl\u00fc\u011f\u00fcndeki tar\u0131m arazisini suya kavu\u015ftu. Mardin Ceylanp\u0131nar Ana Kanal\u0131&#8217;n\u0131n b\u00fct\u00fcn \u015febekeleri tamamland\u0131\u011f\u0131nda ise 340 bin futbol sahas\u0131 b\u00fcy\u00fckl\u00fckteki arazi suyla bulu\u015fmu\u015f olacak. Bu da Mardin ve \u015eanl\u0131urfa&#8217;da y\u0131lda 4 \u00e7e\u015fit \u00fcr\u00fcn yeti\u015fme imk\u00e2n\u0131 sa\u011flayacak. Ayr\u0131ca b\u00f6lgemizde tar\u0131m ile u\u011fra\u015fan binlerce \u00e7ift\u00e7imize yeni i\u015f alanlar\u0131 gen\u00e7lerimizde yeni istihdam alanlar\u0131 olu\u015facakt\u0131r. GAP suyu bereketli topraklara hayat verecektir &#8221; \u015feklinde a\u00e7\u0131klamalarda bulundu.\u00a0<\/p>\n<p>\u200bHaberin Al\u0131nt\u0131land\u0131\u011f\u0131 Kaynak: www.iskenderun.org<\/p>","protected":false},"excerpt":{"rendered":"<p>Mardin Milletvekili Dr. Muhammed Adak, Mardin&#8217;e \u015fimdiye kadar yap\u0131lan ve yap\u0131lacak hizmetleri de\u011ferlendirdi.MARD\u0130N (\u0130GFA) &#8211;\u00a0Mardin Milletvekili Dr. Muhammed Adak, Mardin&#8217;de 2024 y\u0131l\u0131 4. d\u00f6nem itibariyle, kamu kurum ve kurulu\u015flar\u0131, belediyeler ve kamu kurumu niteli\u011findeki meslek kurulu\u015flar\u0131 taraf\u0131ndan il genelinde Mardin\u2019de 345 projenin uyguland\u0131\u011f\u0131n\u0131 kaydetti. 345 PROJEN\u0130N TUTARI 51 M\u0130LYAR 236 M\u0130LYON TL\u00a0 Bunlardan 124 Proje tamamland\u0131\u011f\u0131n\u0131 aktaran Adak,\u201d \u0130l genelinde 95 Proje devam ediyor. 126 Proje et\u00fct proje a\u015famas\u0131ndad\u0131r. Bu projelerin toplam tutar\u0131 51 Milyar 236 Milyon 16 Bin TL olup 2024 y\u0131l\u0131 4. D\u00f6nem sonu itibariyle 7 Milyar 96 Milyon 470 Bin TL harcama yap\u0131lm\u0131\u015ft\u0131r. 2025 y\u0131l\u0131 i\u00e7inde 12.3 Milyar Yat\u0131r\u0131m B\u00fct\u00e7esi Ayr\u0131ld\u0131.\u201d dedi. DEM\u0130RYOLU PROJELER\u0130 MARD\u0130N LOJ\u0130ST\u0130K MERKEZ\u0130 \u0130\u015eLEVSEL HALE GET\u0130RECEK\u00a0 Mardin Milletvekili Dr. Muhammed Adak, Suriyedeki sava\u015f nedeniyle \u00a0durdurulan Mardin Lojistik Merkezinin a\u00e7\u0131lmas\u0131 i\u00e7in ilgili kurum ve kurulu\u015flarla birlikte yapt\u0131\u011f\u0131m\u0131z giri\u015fimlerin olumlu sonu\u00e7lar verdi\u011fini a\u00e7\u0131klayan Adak,\u201d Demiryolu lojistik merkezinin 2.etap ihalesinin ger\u00e7ekle\u015ftirilmesi ve Gaziantep ile Mardin aras\u0131 durdurulan tren seferlerinin yeniden a\u00e7\u0131lmas\u0131 i\u00e7in Ula\u015ft\u0131rma ve Altyap\u0131 Bakan\u0131 Say\u0131n Abd\u00fclkadir Uralo\u011flu ile yapt\u0131\u011f\u0131m\u0131z g\u00f6r\u00fc\u015fmeler olumlu sonu\u00e7lar verdi. Yap\u0131lan \u00e7al\u0131\u015fmalar neticesinde Mardin&#8217;de TCDD lojistik Merkezinin devreye al\u0131nmas\u0131 amac\u0131yla haz\u0131rlanan raporlar\u0131 Ula\u015ft\u0131rma ve Altyap\u0131 Bakanl\u0131\u011f\u0131m\u0131za sunduk ve Bakanl\u0131\u011f\u0131m\u0131z bu giri\u015fimleri olumlu olarak sonu\u00e7land\u0131rd\u0131. Bakanl\u0131\u011f\u0131m\u0131z Karkam\u0131\u015f-Nusaybin Demiryolu Rehabilitasyonu i\u00e7in 300 milyon &hellip;<\/p>","protected":false},"author":1,"featured_media":0,"comment_status":"open","ping_status":"open","sticky":false,"template":"","format":"standard","meta":{"_acf_changed":false,"footnotes":""},"categories":[24],"tags":[],"class_list":["post-29845","post","type-post","status-publish","format-standard","has-post-thumbnail","hentry","category-gundem"],"acf":[],"yoast_head":"<!-- This site is optimized with the Yoast SEO Premium plugin v26.6 (Yoast SEO v27.1.1) - https:\/\/yoast.com\/product\/yoast-seo-premium-wordpress\/ -->\n<title>Mardin\u2019de 2024 y\u0131l\u0131nda 345 proje uyguland\u0131 - Av. Deniz Can K\u0131z\u0131l<\/title>\n<meta name=\"robots\" content=\"index, follow, max-snippet:-1, max-image-preview:large, max-video-preview:-1\" \/>\n<link rel=\"canonical\" href=\"https:\/\/denizcankizil.tr\/ru\/haberler\/gundem\/mardinde-2024-yilinda-345-proje-uygulandi\/\" \/>\n<meta property=\"og:locale\" content=\"ru_RU\" \/>\n<meta property=\"og:type\" content=\"article\" \/>\n<meta property=\"og:title\" content=\"Mardin\u2019de 2024 y\u0131l\u0131nda 345 proje uyguland\u0131\" \/>\n<meta property=\"og:description\" content=\"Mardin Milletvekili Dr. Muhammed Adak, Mardin&#8217;e \u015fimdiye kadar yap\u0131lan ve yap\u0131lacak hizmetleri de\u011ferlendirdi.MARD\u0130N (\u0130GFA) &#8211;\u00a0Mardin Milletvekili Dr. Muhammed Adak, Mardin&#8217;de 2024 y\u0131l\u0131 4. d\u00f6nem itibariyle, kamu kurum ve kurulu\u015flar\u0131, belediyeler ve kamu kurumu niteli\u011findeki meslek kurulu\u015flar\u0131 taraf\u0131ndan il genelinde Mardin\u2019de 345 projenin uyguland\u0131\u011f\u0131n\u0131 kaydetti. 345 PROJEN\u0130N TUTARI 51 M\u0130LYAR 236 M\u0130LYON TL\u00a0 Bunlardan 124 Proje tamamland\u0131\u011f\u0131n\u0131 aktaran Adak,\u201d \u0130l genelinde 95 Proje devam ediyor. 126 Proje et\u00fct proje a\u015famas\u0131ndad\u0131r. Bu projelerin toplam tutar\u0131 51 Milyar 236 Milyon 16 Bin TL olup 2024 y\u0131l\u0131 4. D\u00f6nem sonu itibariyle 7 Milyar 96 Milyon 470 Bin TL harcama yap\u0131lm\u0131\u015ft\u0131r. 2025 y\u0131l\u0131 i\u00e7inde 12.3 Milyar Yat\u0131r\u0131m B\u00fct\u00e7esi Ayr\u0131ld\u0131.\u201d dedi. DEM\u0130RYOLU PROJELER\u0130 MARD\u0130N LOJ\u0130ST\u0130K MERKEZ\u0130 \u0130\u015eLEVSEL HALE GET\u0130RECEK\u00a0 Mardin Milletvekili Dr. Muhammed Adak, Suriyedeki sava\u015f nedeniyle \u00a0durdurulan Mardin Lojistik Merkezinin a\u00e7\u0131lmas\u0131 i\u00e7in ilgili kurum ve kurulu\u015flarla birlikte yapt\u0131\u011f\u0131m\u0131z giri\u015fimlerin olumlu sonu\u00e7lar verdi\u011fini a\u00e7\u0131klayan Adak,\u201d Demiryolu lojistik merkezinin 2.etap ihalesinin ger\u00e7ekle\u015ftirilmesi ve Gaziantep ile Mardin aras\u0131 durdurulan tren seferlerinin yeniden a\u00e7\u0131lmas\u0131 i\u00e7in Ula\u015ft\u0131rma ve Altyap\u0131 Bakan\u0131 Say\u0131n Abd\u00fclkadir Uralo\u011flu ile yapt\u0131\u011f\u0131m\u0131z g\u00f6r\u00fc\u015fmeler olumlu sonu\u00e7lar verdi. Yap\u0131lan \u00e7al\u0131\u015fmalar neticesinde Mardin&#8217;de TCDD lojistik Merkezinin devreye al\u0131nmas\u0131 amac\u0131yla haz\u0131rlanan raporlar\u0131 Ula\u015ft\u0131rma ve Altyap\u0131 Bakanl\u0131\u011f\u0131m\u0131za sunduk ve Bakanl\u0131\u011f\u0131m\u0131z bu giri\u015fimleri olumlu olarak sonu\u00e7land\u0131rd\u0131. Bakanl\u0131\u011f\u0131m\u0131z Karkam\u0131\u015f-Nusaybin Demiryolu Rehabilitasyonu i\u00e7in 300 milyon &hellip;\" \/>\n<meta property=\"og:url\" content=\"https:\/\/denizcankizil.tr\/ru\/haberler\/gundem\/mardinde-2024-yilinda-345-proje-uygulandi\/\" \/>\n<meta property=\"og:site_name\" content=\"Av. Deniz Can K\u0131z\u0131l\" \/>\n<meta property=\"article:published_time\" content=\"2025-02-03T15:41:41+00:00\" \/>\n<meta name=\"author\" content=\"admin\" \/>\n<meta name=\"twitter:card\" content=\"summary_large_image\" \/>\n<meta name=\"twitter:label1\" content=\"\u041d\u0430\u043f\u0438\u0441\u0430\u043d\u043e \u0430\u0432\u0442\u043e\u0440\u043e\u043c\" \/>\n\t<meta name=\"twitter:data1\" content=\"admin\" \/>\n\t<meta name=\"twitter:label2\" content=\"\u041f\u0440\u0438\u043c\u0435\u0440\u043d\u043e\u0435 \u0432\u0440\u0435\u043c\u044f \u0434\u043b\u044f \u0447\u0442\u0435\u043d\u0438\u044f\" \/>\n\t<meta name=\"twitter:data2\" content=\"15 \u043c\u0438\u043d\u0443\u0442\" \/>\n<script type=\"application\/ld+json\" class=\"yoast-schema-graph\">{\"@context\":\"https:\/\/schema.org\",\"@graph\":[{\"@type\":\"Article\",\"@id\":\"https:\/\/denizcankizil.tr\/ru\/haberler\/gundem\/mardinde-2024-yilinda-345-proje-uygulandi\/#article\",\"isPartOf\":{\"@id\":\"https:\/\/denizcankizil.tr\/ru\/haberler\/gundem\/mardinde-2024-yilinda-345-proje-uygulandi\/\"},\"author\":{\"name\":\"admin\",\"@id\":\"https:\/\/denizcankizil.tr\/de\/#\/schema\/person\/be3c05fe6a12686905512445d8185489\"},\"headline\":\"Mardin\u2019de 2024 y\u0131l\u0131nda 345 proje uyguland\u0131\",\"datePublished\":\"2025-02-03T15:41:41+00:00\",\"mainEntityOfPage\":{\"@id\":\"https:\/\/denizcankizil.tr\/ru\/haberler\/gundem\/mardinde-2024-yilinda-345-proje-uygulandi\/\"},\"wordCount\":3017,\"commentCount\":0,\"publisher\":{\"@id\":\"https:\/\/denizcankizil.tr\/de\/#organization\"},\"articleSection\":[\"G\u00fcndem\"],\"inLanguage\":\"ru-RU\",\"potentialAction\":[{\"@type\":\"CommentAction\",\"name\":\"Comment\",\"target\":[\"https:\/\/denizcankizil.tr\/ru\/haberler\/gundem\/mardinde-2024-yilinda-345-proje-uygulandi\/#respond\"]}]},{\"@type\":\"WebPage\",\"@id\":\"https:\/\/denizcankizil.tr\/ru\/haberler\/gundem\/mardinde-2024-yilinda-345-proje-uygulandi\/\",\"url\":\"https:\/\/denizcankizil.tr\/ru\/haberler\/gundem\/mardinde-2024-yilinda-345-proje-uygulandi\/\",\"name\":\"Mardin\u2019de 2024 y\u0131l\u0131nda 345 proje uyguland\u0131 - Av. Deniz Can K\u0131z\u0131l\",\"isPartOf\":{\"@id\":\"https:\/\/denizcankizil.tr\/de\/#website\"},\"datePublished\":\"2025-02-03T15:41:41+00:00\",\"breadcrumb\":{\"@id\":\"https:\/\/denizcankizil.tr\/ru\/haberler\/gundem\/mardinde-2024-yilinda-345-proje-uygulandi\/#breadcrumb\"},\"inLanguage\":\"ru-RU\",\"potentialAction\":[{\"@type\":\"ReadAction\",\"target\":[\"https:\/\/denizcankizil.tr\/ru\/haberler\/gundem\/mardinde-2024-yilinda-345-proje-uygulandi\/\"]}]},{\"@type\":\"BreadcrumbList\",\"@id\":\"https:\/\/denizcankizil.tr\/ru\/haberler\/gundem\/mardinde-2024-yilinda-345-proje-uygulandi\/#breadcrumb\",\"itemListElement\":[{\"@type\":\"ListItem\",\"position\":1,\"name\":\"Home\",\"item\":\"https:\/\/denizcankizil.tr\/de\/\"},{\"@type\":\"ListItem\",\"position\":2,\"name\":\"Mardin\u2019de 2024 y\u0131l\u0131nda 345 proje uyguland\u0131\"}]},{\"@type\":\"WebSite\",\"@id\":\"https:\/\/denizcankizil.tr\/de\/#website\",\"url\":\"https:\/\/denizcankizil.tr\/de\/\",\"name\":\"Av. Deniz Can K\u0131z\u0131l\",\"description\":\"Avukat Deniz Can K\u0131z\u0131l Antalya Barosu\",\"publisher\":{\"@id\":\"https:\/\/denizcankizil.tr\/de\/#organization\"},\"potentialAction\":[{\"@type\":\"SearchAction\",\"target\":{\"@type\":\"EntryPoint\",\"urlTemplate\":\"https:\/\/denizcankizil.tr\/de\/?s={search_term_string}\"},\"query-input\":{\"@type\":\"PropertyValueSpecification\",\"valueRequired\":true,\"valueName\":\"search_term_string\"}}],\"inLanguage\":\"ru-RU\"},{\"@type\":\"Organization\",\"@id\":\"https:\/\/denizcankizil.tr\/de\/#organization\",\"name\":\"Av. Deniz Can K\u0131z\u0131l\",\"url\":\"https:\/\/denizcankizil.tr\/de\/\",\"logo\":{\"@type\":\"ImageObject\",\"inLanguage\":\"ru-RU\",\"@id\":\"https:\/\/denizcankizil.tr\/de\/#\/schema\/logo\/image\/\",\"url\":\"https:\/\/denizcankizil.tr\/wp-content\/uploads\/2024\/10\/siyah-logo-svg.svg\",\"contentUrl\":\"https:\/\/denizcankizil.tr\/wp-content\/uploads\/2024\/10\/siyah-logo-svg.svg\",\"width\":1080,\"height\":1080,\"caption\":\"Av. Deniz Can K\u0131z\u0131l\"},\"image\":{\"@id\":\"https:\/\/denizcankizil.tr\/de\/#\/schema\/logo\/image\/\"}},{\"@type\":\"Person\",\"@id\":\"https:\/\/denizcankizil.tr\/de\/#\/schema\/person\/be3c05fe6a12686905512445d8185489\",\"name\":\"admin\",\"image\":{\"@type\":\"ImageObject\",\"inLanguage\":\"ru-RU\",\"@id\":\"https:\/\/denizcankizil.tr\/de\/#\/schema\/person\/image\/\",\"url\":\"https:\/\/secure.gravatar.com\/avatar\/c1fce94c830dc79107e174f890d7210541c4a63e8e5d816341794a2151c9d58c?s=96&d=mm&r=g\",\"contentUrl\":\"https:\/\/secure.gravatar.com\/avatar\/c1fce94c830dc79107e174f890d7210541c4a63e8e5d816341794a2151c9d58c?s=96&d=mm&r=g\",\"caption\":\"admin\"},\"sameAs\":[\"http:\/\/denizcankizil.tr\"],\"url\":\"https:\/\/www.iskenderun.org\/mardinde-2024-yilinda-345-proje-uygulandi\"}]}<\/script>\n<!-- \/ Yoast SEO Premium plugin. -->","yoast_head_json":{"title":"Mardin\u2019de 2024 y\u0131l\u0131nda 345 proje uyguland\u0131 - Av. Deniz Can K\u0131z\u0131l","robots":{"index":"index","follow":"follow","max-snippet":"max-snippet:-1","max-image-preview":"max-image-preview:large","max-video-preview":"max-video-preview:-1"},"canonical":"https:\/\/denizcankizil.tr\/ru\/haberler\/gundem\/mardinde-2024-yilinda-345-proje-uygulandi\/","og_locale":"ru_RU","og_type":"article","og_title":"Mardin\u2019de 2024 y\u0131l\u0131nda 345 proje uyguland\u0131","og_description":"Mardin Milletvekili Dr. Muhammed Adak, Mardin&#8217;e \u015fimdiye kadar yap\u0131lan ve yap\u0131lacak hizmetleri de\u011ferlendirdi.MARD\u0130N (\u0130GFA) &#8211;\u00a0Mardin Milletvekili Dr. Muhammed Adak, Mardin&#8217;de 2024 y\u0131l\u0131 4. d\u00f6nem itibariyle, kamu kurum ve kurulu\u015flar\u0131, belediyeler ve kamu kurumu niteli\u011findeki meslek kurulu\u015flar\u0131 taraf\u0131ndan il genelinde Mardin\u2019de 345 projenin uyguland\u0131\u011f\u0131n\u0131 kaydetti. 345 PROJEN\u0130N TUTARI 51 M\u0130LYAR 236 M\u0130LYON TL\u00a0 Bunlardan 124 Proje tamamland\u0131\u011f\u0131n\u0131 aktaran Adak,\u201d \u0130l genelinde 95 Proje devam ediyor. 126 Proje et\u00fct proje a\u015famas\u0131ndad\u0131r. Bu projelerin toplam tutar\u0131 51 Milyar 236 Milyon 16 Bin TL olup 2024 y\u0131l\u0131 4. D\u00f6nem sonu itibariyle 7 Milyar 96 Milyon 470 Bin TL harcama yap\u0131lm\u0131\u015ft\u0131r. 2025 y\u0131l\u0131 i\u00e7inde 12.3 Milyar Yat\u0131r\u0131m B\u00fct\u00e7esi Ayr\u0131ld\u0131.\u201d dedi. DEM\u0130RYOLU PROJELER\u0130 MARD\u0130N LOJ\u0130ST\u0130K MERKEZ\u0130 \u0130\u015eLEVSEL HALE GET\u0130RECEK\u00a0 Mardin Milletvekili Dr. Muhammed Adak, Suriyedeki sava\u015f nedeniyle \u00a0durdurulan Mardin Lojistik Merkezinin a\u00e7\u0131lmas\u0131 i\u00e7in ilgili kurum ve kurulu\u015flarla birlikte yapt\u0131\u011f\u0131m\u0131z giri\u015fimlerin olumlu sonu\u00e7lar verdi\u011fini a\u00e7\u0131klayan Adak,\u201d Demiryolu lojistik merkezinin 2.etap ihalesinin ger\u00e7ekle\u015ftirilmesi ve Gaziantep ile Mardin aras\u0131 durdurulan tren seferlerinin yeniden a\u00e7\u0131lmas\u0131 i\u00e7in Ula\u015ft\u0131rma ve Altyap\u0131 Bakan\u0131 Say\u0131n Abd\u00fclkadir Uralo\u011flu ile yapt\u0131\u011f\u0131m\u0131z g\u00f6r\u00fc\u015fmeler olumlu sonu\u00e7lar verdi. Yap\u0131lan \u00e7al\u0131\u015fmalar neticesinde Mardin&#8217;de TCDD lojistik Merkezinin devreye al\u0131nmas\u0131 amac\u0131yla haz\u0131rlanan raporlar\u0131 Ula\u015ft\u0131rma ve Altyap\u0131 Bakanl\u0131\u011f\u0131m\u0131za sunduk ve Bakanl\u0131\u011f\u0131m\u0131z bu giri\u015fimleri olumlu olarak sonu\u00e7land\u0131rd\u0131. Bakanl\u0131\u011f\u0131m\u0131z Karkam\u0131\u015f-Nusaybin Demiryolu Rehabilitasyonu i\u00e7in 300 milyon &hellip;","og_url":"https:\/\/denizcankizil.tr\/ru\/haberler\/gundem\/mardinde-2024-yilinda-345-proje-uygulandi\/","og_site_name":"Av. Deniz Can K\u0131z\u0131l","article_published_time":"2025-02-03T15:41:41+00:00","author":"admin","twitter_card":"summary_large_image","twitter_misc":{"\u041d\u0430\u043f\u0438\u0441\u0430\u043d\u043e \u0430\u0432\u0442\u043e\u0440\u043e\u043c":"admin","\u041f\u0440\u0438\u043c\u0435\u0440\u043d\u043e\u0435 \u0432\u0440\u0435\u043c\u044f \u0434\u043b\u044f \u0447\u0442\u0435\u043d\u0438\u044f":"15 \u043c\u0438\u043d\u0443\u0442"},"schema":{"@context":"https:\/\/schema.org","@graph":[{"@type":"Article","@id":"https:\/\/denizcankizil.tr\/ru\/haberler\/gundem\/mardinde-2024-yilinda-345-proje-uygulandi\/#article","isPartOf":{"@id":"https:\/\/denizcankizil.tr\/ru\/haberler\/gundem\/mardinde-2024-yilinda-345-proje-uygulandi\/"},"author":{"name":"admin","@id":"https:\/\/denizcankizil.tr\/de\/#\/schema\/person\/be3c05fe6a12686905512445d8185489"},"headline":"Mardin\u2019de 2024 y\u0131l\u0131nda 345 proje uyguland\u0131","datePublished":"2025-02-03T15:41:41+00:00","mainEntityOfPage":{"@id":"https:\/\/denizcankizil.tr\/ru\/haberler\/gundem\/mardinde-2024-yilinda-345-proje-uygulandi\/"},"wordCount":3017,"commentCount":0,"publisher":{"@id":"https:\/\/denizcankizil.tr\/de\/#organization"},"articleSection":["G\u00fcndem"],"inLanguage":"ru-RU","potentialAction":[{"@type":"CommentAction","name":"Comment","target":["https:\/\/denizcankizil.tr\/ru\/haberler\/gundem\/mardinde-2024-yilinda-345-proje-uygulandi\/#respond"]}]},{"@type":"WebPage","@id":"https:\/\/denizcankizil.tr\/ru\/haberler\/gundem\/mardinde-2024-yilinda-345-proje-uygulandi\/","url":"https:\/\/denizcankizil.tr\/ru\/haberler\/gundem\/mardinde-2024-yilinda-345-proje-uygulandi\/","name":"Mardin\u2019de 2024 y\u0131l\u0131nda 345 proje uyguland\u0131 - Av. Deniz Can K\u0131z\u0131l","isPartOf":{"@id":"https:\/\/denizcankizil.tr\/de\/#website"},"datePublished":"2025-02-03T15:41:41+00:00","breadcrumb":{"@id":"https:\/\/denizcankizil.tr\/ru\/haberler\/gundem\/mardinde-2024-yilinda-345-proje-uygulandi\/#breadcrumb"},"inLanguage":"ru-RU","potentialAction":[{"@type":"ReadAction","target":["https:\/\/denizcankizil.tr\/ru\/haberler\/gundem\/mardinde-2024-yilinda-345-proje-uygulandi\/"]}]},{"@type":"BreadcrumbList","@id":"https:\/\/denizcankizil.tr\/ru\/haberler\/gundem\/mardinde-2024-yilinda-345-proje-uygulandi\/#breadcrumb","itemListElement":[{"@type":"ListItem","position":1,"name":"Home","item":"https:\/\/denizcankizil.tr\/de\/"},{"@type":"ListItem","position":2,"name":"Mardin\u2019de 2024 y\u0131l\u0131nda 345 proje uyguland\u0131"}]},{"@type":"WebSite","@id":"https:\/\/denizcankizil.tr\/de\/#website","url":"https:\/\/denizcankizil.tr\/de\/","name":"Av. Deniz Can K\u0131z\u0131l","description":"Avukat Deniz Can K\u0131z\u0131l Antalya Barosu","publisher":{"@id":"https:\/\/denizcankizil.tr\/de\/#organization"},"potentialAction":[{"@type":"SearchAction","target":{"@type":"EntryPoint","urlTemplate":"https:\/\/denizcankizil.tr\/de\/?s={search_term_string}"},"query-input":{"@type":"PropertyValueSpecification","valueRequired":true,"valueName":"search_term_string"}}],"inLanguage":"ru-RU"},{"@type":"Organization","@id":"https:\/\/denizcankizil.tr\/de\/#organization","name":"Av. Deniz Can K\u0131z\u0131l","url":"https:\/\/denizcankizil.tr\/de\/","logo":{"@type":"ImageObject","inLanguage":"ru-RU","@id":"https:\/\/denizcankizil.tr\/de\/#\/schema\/logo\/image\/","url":"https:\/\/denizcankizil.tr\/wp-content\/uploads\/2024\/10\/siyah-logo-svg.svg","contentUrl":"https:\/\/denizcankizil.tr\/wp-content\/uploads\/2024\/10\/siyah-logo-svg.svg","width":1080,"height":1080,"caption":"Av. Deniz Can K\u0131z\u0131l"},"image":{"@id":"https:\/\/denizcankizil.tr\/de\/#\/schema\/logo\/image\/"}},{"@type":"Person","@id":"https:\/\/denizcankizil.tr\/de\/#\/schema\/person\/be3c05fe6a12686905512445d8185489","name":"\u0430\u0434\u043c\u0438\u043d","image":{"@type":"ImageObject","inLanguage":"ru-RU","@id":"https:\/\/denizcankizil.tr\/de\/#\/schema\/person\/image\/","url":"https:\/\/secure.gravatar.com\/avatar\/c1fce94c830dc79107e174f890d7210541c4a63e8e5d816341794a2151c9d58c?s=96&d=mm&r=g","contentUrl":"https:\/\/secure.gravatar.com\/avatar\/c1fce94c830dc79107e174f890d7210541c4a63e8e5d816341794a2151c9d58c?s=96&d=mm&r=g","caption":"admin"},"sameAs":["http:\/\/denizcankizil.tr"],"url":"https:\/\/www.iskenderun.org\/mardinde-2024-yilinda-345-proje-uygulandi"}]}},"_links":{"self":[{"href":"https:\/\/denizcankizil.tr\/ru\/wp-json\/wp\/v2\/posts\/29845","targetHints":{"allow":["GET"]}}],"collection":[{"href":"https:\/\/denizcankizil.tr\/ru\/wp-json\/wp\/v2\/posts"}],"about":[{"href":"https:\/\/denizcankizil.tr\/ru\/wp-json\/wp\/v2\/types\/post"}],"author":[{"embeddable":true,"href":"https:\/\/denizcankizil.tr\/ru\/wp-json\/wp\/v2\/users\/1"}],"replies":[{"embeddable":true,"href":"https:\/\/denizcankizil.tr\/ru\/wp-json\/wp\/v2\/comments?post=29845"}],"version-history":[{"count":0,"href":"https:\/\/denizcankizil.tr\/ru\/wp-json\/wp\/v2\/posts\/29845\/revisions"}],"wp:attachment":[{"href":"https:\/\/denizcankizil.tr\/ru\/wp-json\/wp\/v2\/media?parent=29845"}],"wp:term":[{"taxonomy":"category","embeddable":true,"href":"https:\/\/denizcankizil.tr\/ru\/wp-json\/wp\/v2\/categories?post=29845"},{"taxonomy":"post_tag","embeddable":true,"href":"https:\/\/denizcankizil.tr\/ru\/wp-json\/wp\/v2\/tags?post=29845"}],"curies":[{"name":"wp","href":"https:\/\/api.w.org\/{rel}","templated":true}]}}