{"id":29830,"date":"2025-02-03T17:41:24","date_gmt":"2025-02-03T14:41:24","guid":{"rendered":"https:\/\/denizcankizil.tr\/uncategorized-tr\/belediyeden-milleyha-sulak-alanina-ozel-koruma\/"},"modified":"2025-02-03T17:41:24","modified_gmt":"2025-02-03T14:41:24","slug":"belediyeden-milleyha-sulak-alanina-ozel-koruma","status":"publish","type":"post","link":"https:\/\/denizcankizil.tr\/ru\/haberler\/gundem\/belediyeden-milleyha-sulak-alanina-ozel-koruma\/","title":{"rendered":"Belediyeden Milleyha Sulak Alan\u0131&#8217;na \u00f6zel Koruma\u2026"},"content":{"rendered":"<p>Belediye ekipleri, b\u00f6lgede moloz temizli\u011fi yaparak, \u00e7\u00f6p toplama faaliyetleriyle \u00e7evre kirlili\u011fini \u00f6nlemeye y\u00f6nelik \u00f6nemli ad\u0131mlar at\u0131yor. Ayr\u0131ca, Zab\u0131ta M\u00fcd\u00fcrl\u00fc\u011f\u00fc ekipleri d\u00fczenli devriye gezileri yaparak, avc\u0131l\u0131k faaliyetleri ve moloz d\u00f6kenlere kar\u015f\u0131 s\u0131k\u0131 denetimler ger\u00e7ekle\u015ftiriyor.<\/p>\n<p>Ba\u015fkan Emrah Kara\u00e7ay, Milleyha Sulak Alan\u0131\u2019nda yap\u0131lan temizlik \u00e7al\u0131\u015fmalar\u0131na kat\u0131ld\u0131\u011f\u0131n\u0131 belirterek, oradaki ku\u015f g\u00f6zlemcileri ve g\u00f6n\u00fcll\u00fc vatanda\u015flarla birlikte b\u00f6lgenin korunmas\u0131 i\u00e7in gerekli ad\u0131mlar\u0131n at\u0131lmaya devam edece\u011fini ifade etti.<\/p>\n<p>Kara\u00e7ay, yaln\u0131zca temizlik \u00e7al\u0131\u015fmalar\u0131yla yetinmediklerini; ayr\u0131ca, b\u00f6lgenin ekolojik dengesine zarar vermeyecek bir kamera sistemi ve izleme kuleleri kurulaca\u011f\u0131n\u0131 da s\u00f6zlerine ekledi.<\/p>\n<p>Bu ad\u0131mlar\u0131n, ku\u015flar i\u00e7in g\u00fcvenli bir ortam olu\u015fturmay\u0131 hedefledi\u011fini vurgulayan Kara\u00e7ay, yap\u0131lan \u00e7al\u0131\u015fmalar\u0131n b\u00f6lgenin do\u011fal yap\u0131s\u0131n\u0131n korunmas\u0131 ve biyolojik \u00e7e\u015fitlili\u011fin desteklenmesi a\u00e7\u0131s\u0131ndan b\u00fcy\u00fck \u00f6nem ta\u015f\u0131d\u0131\u011f\u0131n\u0131 belirtti.<\/p>\n<p>\u200bSamanda\u011f Belediye Ba\u015fkan\u0131 Emrah Kara\u00e7ay, d\u00fcnyan\u0131n en \u00f6nemli ku\u015f cennetlerinden biri olarak kabul edilen Milleyha Sulak Alan\u0131&#8217;n\u0131n korunmas\u0131 i\u00e7in y\u00fcr\u00fct\u00fclen \u00e7al\u0131\u015fmalar\u0131 s\u00fcrd\u00fcr\u00fcyor.\u00a0<\/p>\n<p>\u200bHaberin Al\u0131nt\u0131land\u0131\u011f\u0131 Kaynak: www.iskenderun.org<\/p>","protected":false},"excerpt":{"rendered":"<p>Belediye ekipleri, b\u00f6lgede moloz temizli\u011fi yaparak, \u00e7\u00f6p toplama faaliyetleriyle \u00e7evre kirlili\u011fini \u00f6nlemeye y\u00f6nelik \u00f6nemli ad\u0131mlar at\u0131yor. Ayr\u0131ca, Zab\u0131ta M\u00fcd\u00fcrl\u00fc\u011f\u00fc ekipleri d\u00fczenli devriye gezileri yaparak, avc\u0131l\u0131k faaliyetleri ve moloz d\u00f6kenlere kar\u015f\u0131 s\u0131k\u0131 denetimler ger\u00e7ekle\u015ftiriyor. Ba\u015fkan Emrah Kara\u00e7ay, Milleyha Sulak Alan\u0131\u2019nda yap\u0131lan temizlik \u00e7al\u0131\u015fmalar\u0131na kat\u0131ld\u0131\u011f\u0131n\u0131 belirterek, oradaki ku\u015f g\u00f6zlemcileri ve g\u00f6n\u00fcll\u00fc vatanda\u015flarla birlikte b\u00f6lgenin korunmas\u0131 i\u00e7in gerekli ad\u0131mlar\u0131n at\u0131lmaya devam edece\u011fini ifade etti. Kara\u00e7ay, yaln\u0131zca temizlik \u00e7al\u0131\u015fmalar\u0131yla yetinmediklerini; ayr\u0131ca, b\u00f6lgenin ekolojik dengesine zarar vermeyecek bir kamera sistemi ve izleme kuleleri kurulaca\u011f\u0131n\u0131 da s\u00f6zlerine ekledi. Bu ad\u0131mlar\u0131n, ku\u015flar i\u00e7in g\u00fcvenli bir ortam olu\u015fturmay\u0131 hedefledi\u011fini vurgulayan Kara\u00e7ay, yap\u0131lan \u00e7al\u0131\u015fmalar\u0131n b\u00f6lgenin do\u011fal yap\u0131s\u0131n\u0131n korunmas\u0131 ve biyolojik \u00e7e\u015fitlili\u011fin desteklenmesi a\u00e7\u0131s\u0131ndan b\u00fcy\u00fck \u00f6nem ta\u015f\u0131d\u0131\u011f\u0131n\u0131 belirtti. \u200bSamanda\u011f Belediye Ba\u015fkan\u0131 Emrah Kara\u00e7ay, d\u00fcnyan\u0131n en \u00f6nemli ku\u015f cennetlerinden biri olarak kabul edilen Milleyha Sulak Alan\u0131&#8217;n\u0131n korunmas\u0131 i\u00e7in y\u00fcr\u00fct\u00fclen \u00e7al\u0131\u015fmalar\u0131 s\u00fcrd\u00fcr\u00fcyor.\u00a0 \u200bHaberin Al\u0131nt\u0131land\u0131\u011f\u0131 Kaynak: www.iskenderun.org<\/p>","protected":false},"author":1,"featured_media":0,"comment_status":"open","ping_status":"open","sticky":false,"template":"","format":"standard","meta":{"_acf_changed":false,"footnotes":""},"categories":[24],"tags":[],"class_list":["post-29830","post","type-post","status-publish","format-standard","has-post-thumbnail","hentry","category-gundem"],"acf":[],"yoast_head":"<!-- This site is optimized with the Yoast SEO Premium plugin v26.6 (Yoast SEO v27.1.1) - https:\/\/yoast.com\/product\/yoast-seo-premium-wordpress\/ -->\n<title>Belediyeden Milleyha Sulak Alan\u0131&#039;na \u00f6zel Koruma\u2026 - Av. Deniz Can K\u0131z\u0131l<\/title>\n<meta name=\"robots\" content=\"index, follow, max-snippet:-1, max-image-preview:large, max-video-preview:-1\" \/>\n<link rel=\"canonical\" href=\"https:\/\/denizcankizil.tr\/ru\/haberler\/gundem\/belediyeden-milleyha-sulak-alanina-ozel-koruma\/\" \/>\n<meta property=\"og:locale\" content=\"ru_RU\" \/>\n<meta property=\"og:type\" content=\"article\" \/>\n<meta property=\"og:title\" content=\"Belediyeden Milleyha Sulak Alan\u0131&#039;na \u00f6zel Koruma\u2026\" \/>\n<meta property=\"og:description\" content=\"Belediye ekipleri, b\u00f6lgede moloz temizli\u011fi yaparak, \u00e7\u00f6p toplama faaliyetleriyle \u00e7evre kirlili\u011fini \u00f6nlemeye y\u00f6nelik \u00f6nemli ad\u0131mlar at\u0131yor. Ayr\u0131ca, Zab\u0131ta M\u00fcd\u00fcrl\u00fc\u011f\u00fc ekipleri d\u00fczenli devriye gezileri yaparak, avc\u0131l\u0131k faaliyetleri ve moloz d\u00f6kenlere kar\u015f\u0131 s\u0131k\u0131 denetimler ger\u00e7ekle\u015ftiriyor. Ba\u015fkan Emrah Kara\u00e7ay, Milleyha Sulak Alan\u0131\u2019nda yap\u0131lan temizlik \u00e7al\u0131\u015fmalar\u0131na kat\u0131ld\u0131\u011f\u0131n\u0131 belirterek, oradaki ku\u015f g\u00f6zlemcileri ve g\u00f6n\u00fcll\u00fc vatanda\u015flarla birlikte b\u00f6lgenin korunmas\u0131 i\u00e7in gerekli ad\u0131mlar\u0131n at\u0131lmaya devam edece\u011fini ifade etti. Kara\u00e7ay, yaln\u0131zca temizlik \u00e7al\u0131\u015fmalar\u0131yla yetinmediklerini; ayr\u0131ca, b\u00f6lgenin ekolojik dengesine zarar vermeyecek bir kamera sistemi ve izleme kuleleri kurulaca\u011f\u0131n\u0131 da s\u00f6zlerine ekledi. Bu ad\u0131mlar\u0131n, ku\u015flar i\u00e7in g\u00fcvenli bir ortam olu\u015fturmay\u0131 hedefledi\u011fini vurgulayan Kara\u00e7ay, yap\u0131lan \u00e7al\u0131\u015fmalar\u0131n b\u00f6lgenin do\u011fal yap\u0131s\u0131n\u0131n korunmas\u0131 ve biyolojik \u00e7e\u015fitlili\u011fin desteklenmesi a\u00e7\u0131s\u0131ndan b\u00fcy\u00fck \u00f6nem ta\u015f\u0131d\u0131\u011f\u0131n\u0131 belirtti. \u200bSamanda\u011f Belediye Ba\u015fkan\u0131 Emrah Kara\u00e7ay, d\u00fcnyan\u0131n en \u00f6nemli ku\u015f cennetlerinden biri olarak kabul edilen Milleyha Sulak Alan\u0131&#8217;n\u0131n korunmas\u0131 i\u00e7in y\u00fcr\u00fct\u00fclen \u00e7al\u0131\u015fmalar\u0131 s\u00fcrd\u00fcr\u00fcyor.\u00a0 \u200bHaberin Al\u0131nt\u0131land\u0131\u011f\u0131 Kaynak: www.iskenderun.org\" \/>\n<meta property=\"og:url\" content=\"https:\/\/denizcankizil.tr\/ru\/haberler\/gundem\/belediyeden-milleyha-sulak-alanina-ozel-koruma\/\" \/>\n<meta property=\"og:site_name\" content=\"Av. Deniz Can K\u0131z\u0131l\" \/>\n<meta property=\"article:published_time\" content=\"2025-02-03T14:41:24+00:00\" \/>\n<meta name=\"author\" content=\"admin\" \/>\n<meta name=\"twitter:card\" content=\"summary_large_image\" \/>\n<meta name=\"twitter:label1\" content=\"\u041d\u0430\u043f\u0438\u0441\u0430\u043d\u043e \u0430\u0432\u0442\u043e\u0440\u043e\u043c\" \/>\n\t<meta name=\"twitter:data1\" content=\"admin\" \/>\n\t<meta name=\"twitter:label2\" content=\"\u041f\u0440\u0438\u043c\u0435\u0440\u043d\u043e\u0435 \u0432\u0440\u0435\u043c\u044f \u0434\u043b\u044f \u0447\u0442\u0435\u043d\u0438\u044f\" \/>\n\t<meta name=\"twitter:data2\" content=\"1 \u043c\u0438\u043d\u0443\u0442\u0430\" \/>\n<script type=\"application\/ld+json\" class=\"yoast-schema-graph\">{\"@context\":\"https:\/\/schema.org\",\"@graph\":[{\"@type\":\"Article\",\"@id\":\"https:\/\/denizcankizil.tr\/ru\/haberler\/gundem\/belediyeden-milleyha-sulak-alanina-ozel-koruma\/#article\",\"isPartOf\":{\"@id\":\"https:\/\/denizcankizil.tr\/ru\/haberler\/gundem\/belediyeden-milleyha-sulak-alanina-ozel-koruma\/\"},\"author\":{\"name\":\"admin\",\"@id\":\"https:\/\/denizcankizil.tr\/de\/#\/schema\/person\/be3c05fe6a12686905512445d8185489\"},\"headline\":\"Belediyeden Milleyha Sulak Alan\u0131&#8217;na \u00f6zel Koruma\u2026\",\"datePublished\":\"2025-02-03T14:41:24+00:00\",\"mainEntityOfPage\":{\"@id\":\"https:\/\/denizcankizil.tr\/ru\/haberler\/gundem\/belediyeden-milleyha-sulak-alanina-ozel-koruma\/\"},\"wordCount\":226,\"commentCount\":0,\"publisher\":{\"@id\":\"https:\/\/denizcankizil.tr\/de\/#organization\"},\"articleSection\":[\"G\u00fcndem\"],\"inLanguage\":\"ru-RU\",\"potentialAction\":[{\"@type\":\"CommentAction\",\"name\":\"Comment\",\"target\":[\"https:\/\/denizcankizil.tr\/ru\/haberler\/gundem\/belediyeden-milleyha-sulak-alanina-ozel-koruma\/#respond\"]}]},{\"@type\":\"WebPage\",\"@id\":\"https:\/\/denizcankizil.tr\/ru\/haberler\/gundem\/belediyeden-milleyha-sulak-alanina-ozel-koruma\/\",\"url\":\"https:\/\/denizcankizil.tr\/ru\/haberler\/gundem\/belediyeden-milleyha-sulak-alanina-ozel-koruma\/\",\"name\":\"Belediyeden Milleyha Sulak Alan\u0131'na \u00f6zel Koruma\u2026 - Av. Deniz Can K\u0131z\u0131l\",\"isPartOf\":{\"@id\":\"https:\/\/denizcankizil.tr\/de\/#website\"},\"datePublished\":\"2025-02-03T14:41:24+00:00\",\"breadcrumb\":{\"@id\":\"https:\/\/denizcankizil.tr\/ru\/haberler\/gundem\/belediyeden-milleyha-sulak-alanina-ozel-koruma\/#breadcrumb\"},\"inLanguage\":\"ru-RU\",\"potentialAction\":[{\"@type\":\"ReadAction\",\"target\":[\"https:\/\/denizcankizil.tr\/ru\/haberler\/gundem\/belediyeden-milleyha-sulak-alanina-ozel-koruma\/\"]}]},{\"@type\":\"BreadcrumbList\",\"@id\":\"https:\/\/denizcankizil.tr\/ru\/haberler\/gundem\/belediyeden-milleyha-sulak-alanina-ozel-koruma\/#breadcrumb\",\"itemListElement\":[{\"@type\":\"ListItem\",\"position\":1,\"name\":\"Home\",\"item\":\"https:\/\/denizcankizil.tr\/de\/\"},{\"@type\":\"ListItem\",\"position\":2,\"name\":\"Belediyeden Milleyha Sulak Alan\u0131&#8217;na \u00f6zel Koruma\u2026\"}]},{\"@type\":\"WebSite\",\"@id\":\"https:\/\/denizcankizil.tr\/de\/#website\",\"url\":\"https:\/\/denizcankizil.tr\/de\/\",\"name\":\"Av. Deniz Can K\u0131z\u0131l\",\"description\":\"Avukat Deniz Can K\u0131z\u0131l Antalya Barosu\",\"publisher\":{\"@id\":\"https:\/\/denizcankizil.tr\/de\/#organization\"},\"potentialAction\":[{\"@type\":\"SearchAction\",\"target\":{\"@type\":\"EntryPoint\",\"urlTemplate\":\"https:\/\/denizcankizil.tr\/de\/?s={search_term_string}\"},\"query-input\":{\"@type\":\"PropertyValueSpecification\",\"valueRequired\":true,\"valueName\":\"search_term_string\"}}],\"inLanguage\":\"ru-RU\"},{\"@type\":\"Organization\",\"@id\":\"https:\/\/denizcankizil.tr\/de\/#organization\",\"name\":\"Av. Deniz Can K\u0131z\u0131l\",\"url\":\"https:\/\/denizcankizil.tr\/de\/\",\"logo\":{\"@type\":\"ImageObject\",\"inLanguage\":\"ru-RU\",\"@id\":\"https:\/\/denizcankizil.tr\/de\/#\/schema\/logo\/image\/\",\"url\":\"https:\/\/denizcankizil.tr\/wp-content\/uploads\/2024\/10\/siyah-logo-svg.svg\",\"contentUrl\":\"https:\/\/denizcankizil.tr\/wp-content\/uploads\/2024\/10\/siyah-logo-svg.svg\",\"width\":1080,\"height\":1080,\"caption\":\"Av. Deniz Can K\u0131z\u0131l\"},\"image\":{\"@id\":\"https:\/\/denizcankizil.tr\/de\/#\/schema\/logo\/image\/\"}},{\"@type\":\"Person\",\"@id\":\"https:\/\/denizcankizil.tr\/de\/#\/schema\/person\/be3c05fe6a12686905512445d8185489\",\"name\":\"admin\",\"image\":{\"@type\":\"ImageObject\",\"inLanguage\":\"ru-RU\",\"@id\":\"https:\/\/denizcankizil.tr\/de\/#\/schema\/person\/image\/\",\"url\":\"https:\/\/secure.gravatar.com\/avatar\/c1fce94c830dc79107e174f890d7210541c4a63e8e5d816341794a2151c9d58c?s=96&d=mm&r=g\",\"contentUrl\":\"https:\/\/secure.gravatar.com\/avatar\/c1fce94c830dc79107e174f890d7210541c4a63e8e5d816341794a2151c9d58c?s=96&d=mm&r=g\",\"caption\":\"admin\"},\"sameAs\":[\"http:\/\/denizcankizil.tr\"],\"url\":\"https:\/\/www.iskenderun.org\/belediyeden-milleyha-sulak-alanina-ozel-koruma\"}]}<\/script>\n<!-- \/ Yoast SEO Premium plugin. -->","yoast_head_json":{"title":"Belediyeden Milleyha Sulak Alan\u0131'na \u00f6zel Koruma\u2026 - Av. Deniz Can K\u0131z\u0131l","robots":{"index":"index","follow":"follow","max-snippet":"max-snippet:-1","max-image-preview":"max-image-preview:large","max-video-preview":"max-video-preview:-1"},"canonical":"https:\/\/denizcankizil.tr\/ru\/haberler\/gundem\/belediyeden-milleyha-sulak-alanina-ozel-koruma\/","og_locale":"ru_RU","og_type":"article","og_title":"Belediyeden Milleyha Sulak Alan\u0131'na \u00f6zel Koruma\u2026","og_description":"Belediye ekipleri, b\u00f6lgede moloz temizli\u011fi yaparak, \u00e7\u00f6p toplama faaliyetleriyle \u00e7evre kirlili\u011fini \u00f6nlemeye y\u00f6nelik \u00f6nemli ad\u0131mlar at\u0131yor. Ayr\u0131ca, Zab\u0131ta M\u00fcd\u00fcrl\u00fc\u011f\u00fc ekipleri d\u00fczenli devriye gezileri yaparak, avc\u0131l\u0131k faaliyetleri ve moloz d\u00f6kenlere kar\u015f\u0131 s\u0131k\u0131 denetimler ger\u00e7ekle\u015ftiriyor. Ba\u015fkan Emrah Kara\u00e7ay, Milleyha Sulak Alan\u0131\u2019nda yap\u0131lan temizlik \u00e7al\u0131\u015fmalar\u0131na kat\u0131ld\u0131\u011f\u0131n\u0131 belirterek, oradaki ku\u015f g\u00f6zlemcileri ve g\u00f6n\u00fcll\u00fc vatanda\u015flarla birlikte b\u00f6lgenin korunmas\u0131 i\u00e7in gerekli ad\u0131mlar\u0131n at\u0131lmaya devam edece\u011fini ifade etti. Kara\u00e7ay, yaln\u0131zca temizlik \u00e7al\u0131\u015fmalar\u0131yla yetinmediklerini; ayr\u0131ca, b\u00f6lgenin ekolojik dengesine zarar vermeyecek bir kamera sistemi ve izleme kuleleri kurulaca\u011f\u0131n\u0131 da s\u00f6zlerine ekledi. Bu ad\u0131mlar\u0131n, ku\u015flar i\u00e7in g\u00fcvenli bir ortam olu\u015fturmay\u0131 hedefledi\u011fini vurgulayan Kara\u00e7ay, yap\u0131lan \u00e7al\u0131\u015fmalar\u0131n b\u00f6lgenin do\u011fal yap\u0131s\u0131n\u0131n korunmas\u0131 ve biyolojik \u00e7e\u015fitlili\u011fin desteklenmesi a\u00e7\u0131s\u0131ndan b\u00fcy\u00fck \u00f6nem ta\u015f\u0131d\u0131\u011f\u0131n\u0131 belirtti. \u200bSamanda\u011f Belediye Ba\u015fkan\u0131 Emrah Kara\u00e7ay, d\u00fcnyan\u0131n en \u00f6nemli ku\u015f cennetlerinden biri olarak kabul edilen Milleyha Sulak Alan\u0131&#8217;n\u0131n korunmas\u0131 i\u00e7in y\u00fcr\u00fct\u00fclen \u00e7al\u0131\u015fmalar\u0131 s\u00fcrd\u00fcr\u00fcyor.\u00a0 \u200bHaberin Al\u0131nt\u0131land\u0131\u011f\u0131 Kaynak: www.iskenderun.org","og_url":"https:\/\/denizcankizil.tr\/ru\/haberler\/gundem\/belediyeden-milleyha-sulak-alanina-ozel-koruma\/","og_site_name":"Av. Deniz Can K\u0131z\u0131l","article_published_time":"2025-02-03T14:41:24+00:00","author":"admin","twitter_card":"summary_large_image","twitter_misc":{"\u041d\u0430\u043f\u0438\u0441\u0430\u043d\u043e \u0430\u0432\u0442\u043e\u0440\u043e\u043c":"admin","\u041f\u0440\u0438\u043c\u0435\u0440\u043d\u043e\u0435 \u0432\u0440\u0435\u043c\u044f \u0434\u043b\u044f \u0447\u0442\u0435\u043d\u0438\u044f":"1 \u043c\u0438\u043d\u0443\u0442\u0430"},"schema":{"@context":"https:\/\/schema.org","@graph":[{"@type":"Article","@id":"https:\/\/denizcankizil.tr\/ru\/haberler\/gundem\/belediyeden-milleyha-sulak-alanina-ozel-koruma\/#article","isPartOf":{"@id":"https:\/\/denizcankizil.tr\/ru\/haberler\/gundem\/belediyeden-milleyha-sulak-alanina-ozel-koruma\/"},"author":{"name":"admin","@id":"https:\/\/denizcankizil.tr\/de\/#\/schema\/person\/be3c05fe6a12686905512445d8185489"},"headline":"Belediyeden Milleyha Sulak Alan\u0131&#8217;na \u00f6zel Koruma\u2026","datePublished":"2025-02-03T14:41:24+00:00","mainEntityOfPage":{"@id":"https:\/\/denizcankizil.tr\/ru\/haberler\/gundem\/belediyeden-milleyha-sulak-alanina-ozel-koruma\/"},"wordCount":226,"commentCount":0,"publisher":{"@id":"https:\/\/denizcankizil.tr\/de\/#organization"},"articleSection":["G\u00fcndem"],"inLanguage":"ru-RU","potentialAction":[{"@type":"CommentAction","name":"Comment","target":["https:\/\/denizcankizil.tr\/ru\/haberler\/gundem\/belediyeden-milleyha-sulak-alanina-ozel-koruma\/#respond"]}]},{"@type":"WebPage","@id":"https:\/\/denizcankizil.tr\/ru\/haberler\/gundem\/belediyeden-milleyha-sulak-alanina-ozel-koruma\/","url":"https:\/\/denizcankizil.tr\/ru\/haberler\/gundem\/belediyeden-milleyha-sulak-alanina-ozel-koruma\/","name":"Belediyeden Milleyha Sulak Alan\u0131'na \u00f6zel Koruma\u2026 - Av. Deniz Can K\u0131z\u0131l","isPartOf":{"@id":"https:\/\/denizcankizil.tr\/de\/#website"},"datePublished":"2025-02-03T14:41:24+00:00","breadcrumb":{"@id":"https:\/\/denizcankizil.tr\/ru\/haberler\/gundem\/belediyeden-milleyha-sulak-alanina-ozel-koruma\/#breadcrumb"},"inLanguage":"ru-RU","potentialAction":[{"@type":"ReadAction","target":["https:\/\/denizcankizil.tr\/ru\/haberler\/gundem\/belediyeden-milleyha-sulak-alanina-ozel-koruma\/"]}]},{"@type":"BreadcrumbList","@id":"https:\/\/denizcankizil.tr\/ru\/haberler\/gundem\/belediyeden-milleyha-sulak-alanina-ozel-koruma\/#breadcrumb","itemListElement":[{"@type":"ListItem","position":1,"name":"Home","item":"https:\/\/denizcankizil.tr\/de\/"},{"@type":"ListItem","position":2,"name":"Belediyeden Milleyha Sulak Alan\u0131&#8217;na \u00f6zel Koruma\u2026"}]},{"@type":"WebSite","@id":"https:\/\/denizcankizil.tr\/de\/#website","url":"https:\/\/denizcankizil.tr\/de\/","name":"Av. Deniz Can K\u0131z\u0131l","description":"Avukat Deniz Can K\u0131z\u0131l Antalya Barosu","publisher":{"@id":"https:\/\/denizcankizil.tr\/de\/#organization"},"potentialAction":[{"@type":"SearchAction","target":{"@type":"EntryPoint","urlTemplate":"https:\/\/denizcankizil.tr\/de\/?s={search_term_string}"},"query-input":{"@type":"PropertyValueSpecification","valueRequired":true,"valueName":"search_term_string"}}],"inLanguage":"ru-RU"},{"@type":"Organization","@id":"https:\/\/denizcankizil.tr\/de\/#organization","name":"Av. Deniz Can K\u0131z\u0131l","url":"https:\/\/denizcankizil.tr\/de\/","logo":{"@type":"ImageObject","inLanguage":"ru-RU","@id":"https:\/\/denizcankizil.tr\/de\/#\/schema\/logo\/image\/","url":"https:\/\/denizcankizil.tr\/wp-content\/uploads\/2024\/10\/siyah-logo-svg.svg","contentUrl":"https:\/\/denizcankizil.tr\/wp-content\/uploads\/2024\/10\/siyah-logo-svg.svg","width":1080,"height":1080,"caption":"Av. Deniz Can K\u0131z\u0131l"},"image":{"@id":"https:\/\/denizcankizil.tr\/de\/#\/schema\/logo\/image\/"}},{"@type":"Person","@id":"https:\/\/denizcankizil.tr\/de\/#\/schema\/person\/be3c05fe6a12686905512445d8185489","name":"\u0430\u0434\u043c\u0438\u043d","image":{"@type":"ImageObject","inLanguage":"ru-RU","@id":"https:\/\/denizcankizil.tr\/de\/#\/schema\/person\/image\/","url":"https:\/\/secure.gravatar.com\/avatar\/c1fce94c830dc79107e174f890d7210541c4a63e8e5d816341794a2151c9d58c?s=96&d=mm&r=g","contentUrl":"https:\/\/secure.gravatar.com\/avatar\/c1fce94c830dc79107e174f890d7210541c4a63e8e5d816341794a2151c9d58c?s=96&d=mm&r=g","caption":"admin"},"sameAs":["http:\/\/denizcankizil.tr"],"url":"https:\/\/www.iskenderun.org\/belediyeden-milleyha-sulak-alanina-ozel-koruma"}]}},"_links":{"self":[{"href":"https:\/\/denizcankizil.tr\/ru\/wp-json\/wp\/v2\/posts\/29830","targetHints":{"allow":["GET"]}}],"collection":[{"href":"https:\/\/denizcankizil.tr\/ru\/wp-json\/wp\/v2\/posts"}],"about":[{"href":"https:\/\/denizcankizil.tr\/ru\/wp-json\/wp\/v2\/types\/post"}],"author":[{"embeddable":true,"href":"https:\/\/denizcankizil.tr\/ru\/wp-json\/wp\/v2\/users\/1"}],"replies":[{"embeddable":true,"href":"https:\/\/denizcankizil.tr\/ru\/wp-json\/wp\/v2\/comments?post=29830"}],"version-history":[{"count":0,"href":"https:\/\/denizcankizil.tr\/ru\/wp-json\/wp\/v2\/posts\/29830\/revisions"}],"wp:attachment":[{"href":"https:\/\/denizcankizil.tr\/ru\/wp-json\/wp\/v2\/media?parent=29830"}],"wp:term":[{"taxonomy":"category","embeddable":true,"href":"https:\/\/denizcankizil.tr\/ru\/wp-json\/wp\/v2\/categories?post=29830"},{"taxonomy":"post_tag","embeddable":true,"href":"https:\/\/denizcankizil.tr\/ru\/wp-json\/wp\/v2\/tags?post=29830"}],"curies":[{"name":"wp","href":"https:\/\/api.w.org\/{rel}","templated":true}]}}