{"id":29821,"date":"2025-02-03T17:41:14","date_gmt":"2025-02-03T14:41:14","guid":{"rendered":"https:\/\/denizcankizil.tr\/uncategorized-tr\/imo-antalya-ne-is-olsa-yaptiramazsiniz\/"},"modified":"2025-02-03T17:41:14","modified_gmt":"2025-02-03T14:41:14","slug":"imo-antalya-ne-is-olsa-yaptiramazsiniz","status":"publish","type":"post","link":"https:\/\/denizcankizil.tr\/ru\/haberler\/gundem\/imo-antalya-ne-is-olsa-yaptiramazsiniz\/","title":{"rendered":"\u0130MO Antalya: Ne i\u015f olsa yapt\u0131ramazs\u0131n\u0131z!"},"content":{"rendered":"<p>\u0130kinci el \u00fcr\u00fcn al\u0131m sat\u0131m sitesi \u00fczerinden 1 \u015eubat 2025 tarihinde in\u015faat m\u00fchendisi personel al\u0131m\u0131na ili\u015fkin bir ilan yay\u0131nland\u0131. Yay\u0131nlanan ilanda, \u201c\u2026. Y\u00f6neticisini asiste edebilecek, programlar\u0131n\u0131 takip edecek, \u2026. , telefon trafi\u011fi mailleri y\u00f6netecek, ta\u015feronluk \u00a0yapaca\u011f\u0131m\u0131z projelerde m\u00fchendislik teklifleri haz\u0131rlayacak ve \u2026. Sosyal medya alanlar\u0131n\u0131 iyi bilen bayan personel al\u0131nacakt\u0131r. \u2026. Personel ayr\u0131ca ofisin temizli\u011fi ve \u00e7ay kahve servisindende sorumlu olacakt\u0131r. \u2026. \u00c7al\u0131\u015fma program\u0131 Sabah 8:00 \u2013 18:00 aras\u0131 haftada 6 g\u00fcn \u00a0\u2026.. ama bazen ak\u015fam 19.00 da \u00e7\u0131kabilir\u201d ifadeleri kullan\u0131ld\u0131.<\/p>\n<p>AHLAK VE HUKUK DI\u015eI TALEPLER<\/p>\n<p>T\u00fcrk M\u00fchendis ve Mimar Odalar\u0131 Birli\u011fi&#8217;ne ba\u011fl\u0131 (TMMOB) \u0130n\u015faat M\u00fchendisleri Odas\u0131 (\u0130MO) Ankara \u015eubesi,\u00a0 ilan \u00fczerine bir bas\u0131n a\u00e7\u0131klamas\u0131 yay\u0131mland\u0131. \u201c\u0130n\u015faat m\u00fchendislerine y\u00f6nelik en hafif tabiriyle terbiyesizce bir ilan yay\u0131nland\u0131\u201d \u00e7\u0131k\u0131\u015f\u0131nda bulunan \u0130MO Ankara \u015eubesi, &#8220;\u00c7al\u0131\u015ft\u0131klar\u0131 i\u015f yerlerinde bu ve benzeri, ahlak, etik ve hukuk d\u0131\u015f\u0131 taleplere maruz kalan meslekta\u015flar\u0131m\u0131za bug\u00fcne kadar oldu\u011fu gibi her t\u00fcrl\u00fc hukuki ve mesleki deste\u011fi vermeye devam edece\u011fimizi bir kez daha hat\u0131rlat\u0131yoruz. \u0130n\u015faat M\u00fchendisleri Odas\u0131 ve t\u00fcm \u015eubeleri ile dayan\u0131\u015fma i\u00e7erisinde, bu ilan\u0131 veren firmay\u0131 ve yay\u0131nlayan internet sitesini \u015fiddetle k\u0131n\u0131yor; mesle\u011fimizin itibar\u0131n\u0131 \u00fclkemizdeki \u00e7al\u0131\u015fma hayat\u0131nda var olan ak\u0131l ve izan d\u0131\u015f\u0131 anlay\u0131\u015flara, yozlu\u011fa ve hukuksuzlu\u011fa teslim etmeyece\u011fimizi bir kez daha ifade ediyoruz\u201d ifadelerini kulland\u0131.<\/p>\n<p>UTAN\u00c7 VER\u0130C\u0130 TALEPLER<\/p>\n<p>Konuyu resmi sosyal medya hesab\u0131 arac\u0131l\u0131\u011f\u0131 ile g\u00fcndemine ta\u015f\u0131yan \u0130MO Antalya \u015eubesi de, \u201cNe \u0130\u015f Olsa Yapt\u0131ramazs\u0131n\u0131z\u201d ba\u015fl\u0131\u011f\u0131n\u0131 kullanarak \u0130MO Ankara \u015eubesi\u2019nin, \u201cTerbiyesiz i\u015fverene ve bu d\u00fczene arac\u0131 olanlara cevab\u0131m\u0131zd\u0131r\u201d ibaresi ile payla\u015f\u0131lan a\u00e7\u0131klamaya destek verdi. \u0130MO Antalya \u015eubesi\u2019nin destek verdi\u011fi a\u00e7\u0131klamada \u015fu sat\u0131rlar yer ald\u0131: \u201cHerhangi ahlaki ve etik kayg\u0131 k\u0131r\u0131nt\u0131s\u0131 bar\u0131nd\u0131rmayan ve ars\u0131z bir kar h\u0131rs\u0131yla kaleme al\u0131nd\u0131\u011f\u0131 belli olan bu ilan, m\u00fchendislik onurunu hi\u00e7e sayan baz\u0131 i\u015fverenlerin istihdam tercihlerindeki utanmaz tutumu son derece \u00fcz\u00fcnt\u00fc verici bir \u015fekilde ortaya koymaktad\u0131r. Ne ilk ne de son olan bu ars\u0131z ilan ile g\u00f6r\u00fclmektedir ki; \u00fclkeyi y\u00f6netenler taraf\u0131ndan kurgulanan ve ba\u015far\u0131yla (!) uygulanan m\u00fchendislik e\u011fitimi politikalar\u0131n\u0131n \u201cmeyveleri\u201d birer birer toplanmaktad\u0131r. Herhangi bir nitelik kayg\u0131s\u0131 g\u00fcd\u00fclmeden her ile a\u00e7\u0131lan onlarca \u00fcniversitenin in\u015faat m\u00fchendisli\u011fi b\u00f6l\u00fcmlerinden mezun olan binlerce meslekta\u015f\u0131m\u0131z, ge\u00e7im ve hayatta kalma kayg\u0131s\u0131 i\u00e7indedir. Bu ve benzeri haddini bilmez i\u015f sahiplerinin utan\u00e7 verici taleplerine muhatap olmaktad\u0131r.\u201d<\/p>\n<p>F\u0130RMAYI VE S\u0130TEY\u0130 KINIYORUZ!<\/p>\n<p>\u0130MO Antalya\u2019n\u0131n destek verdi\u011fi a\u00e7\u0131klaman\u0131n devam\u0131nda \u015fu ifadeler kullan\u0131ld\u0131: \u201c\u0130MO Ankara \u015eubesi olarak bu ilan\u0131n takip\u00e7isi olaca\u011f\u0131m\u0131z\u0131, ilan sahibi ve firma yetkilileri hakk\u0131nda cezai ve hukuki giri\u015fimlerin yan\u0131 s\u0131ra Odam\u0131z\u0131n Disiplin Y\u00f6netmeli\u011fi h\u00fck\u00fcmleri uyar\u0131nca i\u015flem tesis edilmesi do\u011frultusunda \u00e7al\u0131\u015faca\u011f\u0131m\u0131z\u0131 ilan ediyor, t\u00fcm meslekta\u015flar\u0131m\u0131z\u0131 kar\u015f\u0131la\u015ft\u0131klar\u0131 benzer ilan ve talepleri Odam\u0131za bildirmeye \u00e7a\u011f\u0131r\u0131yoruz. Bununla birlikte, \u00e7al\u0131\u015ft\u0131klar\u0131 i\u015f yerlerinde bu ve benzeri, ahlak, etik ve hukuk d\u0131\u015f\u0131 taleplere maruz kalan meslekta\u015flar\u0131m\u0131za bug\u00fcne kadar oldu\u011fu gibi her t\u00fcrl\u00fc hukuki ve mesleki deste\u011fi vermeye devam edece\u011fimizi bir kez daha hat\u0131rlat\u0131yoruz. \u0130n\u015faat M\u00fchendisleri Odas\u0131 ve t\u00fcm \u015eubeleri ile dayan\u0131\u015fma i\u00e7erisinde, bu ilan\u0131 veren firmay\u0131 ve yay\u0131nlayan internet sitesini \u015fiddetle k\u0131n\u0131yor; mesle\u011fimizin itibar\u0131n\u0131 \u00fclkemizdeki \u00e7al\u0131\u015fma hayat\u0131nda var olan ak\u0131l ve izan d\u0131\u015f\u0131 anlay\u0131\u015flara, yozlu\u011fa ve hukuksuzlu\u011fa teslim etmeyece\u011fimizi bir kez daha ifade ediyoruz.\u201d<br \/>\n\u00a0<\/p>\n<p>\u00a0<br \/>\n\u00a0<\/p>\n<p>\u200bTMMOB \u0130n\u015faat M\u00fchendisleri Odas\u0131 (\u0130MO) Antalya \u015eubesi, ikinci el \u00fcr\u00fcn al\u0131m sat\u0131m sitesi \u00fczerinden verilen in\u015faat m\u00fchendisi personel al\u0131m ilan\u0131na tepki g\u00f6steren \u0130MO Ankara \u015eubesi\u2019ne destek verdi. \u0130MO Antalya&#8217;dan yap\u0131lan a\u00e7\u0131klamada, &#8220;Ne i\u015f olsa yapt\u0131ramazs\u0131n\u0131z&#8221; denildi\u00a0<\/p>\n<p>\u200bHaberin Al\u0131nt\u0131land\u0131\u011f\u0131 Kaynak: www.antalyakorfez.com<\/p>","protected":false},"excerpt":{"rendered":"<p>\u0130kinci el \u00fcr\u00fcn al\u0131m sat\u0131m sitesi \u00fczerinden 1 \u015eubat 2025 tarihinde in\u015faat m\u00fchendisi personel al\u0131m\u0131na ili\u015fkin bir ilan yay\u0131nland\u0131. Yay\u0131nlanan ilanda, \u201c\u2026. Y\u00f6neticisini asiste edebilecek, programlar\u0131n\u0131 takip edecek, \u2026. , telefon trafi\u011fi mailleri y\u00f6netecek, ta\u015feronluk \u00a0yapaca\u011f\u0131m\u0131z projelerde m\u00fchendislik teklifleri haz\u0131rlayacak ve \u2026. Sosyal medya alanlar\u0131n\u0131 iyi bilen bayan personel al\u0131nacakt\u0131r. \u2026. Personel ayr\u0131ca ofisin temizli\u011fi ve \u00e7ay kahve servisindende sorumlu olacakt\u0131r. \u2026. \u00c7al\u0131\u015fma program\u0131 Sabah 8:00 \u2013 18:00 aras\u0131 haftada 6 g\u00fcn \u00a0\u2026.. ama bazen ak\u015fam 19.00 da \u00e7\u0131kabilir\u201d ifadeleri kullan\u0131ld\u0131. AHLAK VE HUKUK DI\u015eI TALEPLER T\u00fcrk M\u00fchendis ve Mimar Odalar\u0131 Birli\u011fi&#8217;ne ba\u011fl\u0131 (TMMOB) \u0130n\u015faat M\u00fchendisleri Odas\u0131 (\u0130MO) Ankara \u015eubesi,\u00a0 ilan \u00fczerine bir bas\u0131n a\u00e7\u0131klamas\u0131 yay\u0131mland\u0131. \u201c\u0130n\u015faat m\u00fchendislerine y\u00f6nelik en hafif tabiriyle terbiyesizce bir ilan yay\u0131nland\u0131\u201d \u00e7\u0131k\u0131\u015f\u0131nda bulunan \u0130MO Ankara \u015eubesi, &#8220;\u00c7al\u0131\u015ft\u0131klar\u0131 i\u015f yerlerinde bu ve benzeri, ahlak, etik ve hukuk d\u0131\u015f\u0131 taleplere maruz kalan meslekta\u015flar\u0131m\u0131za bug\u00fcne kadar oldu\u011fu gibi her t\u00fcrl\u00fc hukuki ve mesleki deste\u011fi vermeye devam edece\u011fimizi bir kez daha hat\u0131rlat\u0131yoruz. \u0130n\u015faat M\u00fchendisleri Odas\u0131 ve t\u00fcm \u015eubeleri ile dayan\u0131\u015fma i\u00e7erisinde, bu ilan\u0131 veren firmay\u0131 ve yay\u0131nlayan internet sitesini \u015fiddetle k\u0131n\u0131yor; mesle\u011fimizin itibar\u0131n\u0131 \u00fclkemizdeki \u00e7al\u0131\u015fma hayat\u0131nda var olan ak\u0131l ve izan d\u0131\u015f\u0131 anlay\u0131\u015flara, yozlu\u011fa ve hukuksuzlu\u011fa teslim etmeyece\u011fimizi bir kez daha ifade ediyoruz\u201d ifadelerini kulland\u0131. UTAN\u00c7 VER\u0130C\u0130 TALEPLER Konuyu &hellip;<\/p>","protected":false},"author":5,"featured_media":0,"comment_status":"open","ping_status":"open","sticky":false,"template":"","format":"standard","meta":{"_acf_changed":false,"footnotes":""},"categories":[24],"tags":[],"class_list":["post-29821","post","type-post","status-publish","format-standard","has-post-thumbnail","hentry","category-gundem"],"acf":[],"yoast_head":"<!-- This site is optimized with the Yoast SEO Premium plugin v26.6 (Yoast SEO v27.1.1) - https:\/\/yoast.com\/product\/yoast-seo-premium-wordpress\/ -->\n<title>\u0130MO Antalya: Ne i\u015f olsa yapt\u0131ramazs\u0131n\u0131z! - Av. Deniz Can K\u0131z\u0131l<\/title>\n<meta name=\"robots\" content=\"index, follow, max-snippet:-1, max-image-preview:large, max-video-preview:-1\" \/>\n<link rel=\"canonical\" href=\"https:\/\/denizcankizil.tr\/ru\/haberler\/gundem\/imo-antalya-ne-is-olsa-yaptiramazsiniz\/\" \/>\n<meta property=\"og:locale\" content=\"ru_RU\" \/>\n<meta property=\"og:type\" content=\"article\" \/>\n<meta property=\"og:title\" content=\"\u0130MO Antalya: Ne i\u015f olsa yapt\u0131ramazs\u0131n\u0131z!\" \/>\n<meta property=\"og:description\" content=\"\u0130kinci el \u00fcr\u00fcn al\u0131m sat\u0131m sitesi \u00fczerinden 1 \u015eubat 2025 tarihinde in\u015faat m\u00fchendisi personel al\u0131m\u0131na ili\u015fkin bir ilan yay\u0131nland\u0131. Yay\u0131nlanan ilanda, \u201c\u2026. Y\u00f6neticisini asiste edebilecek, programlar\u0131n\u0131 takip edecek, \u2026. , telefon trafi\u011fi mailleri y\u00f6netecek, ta\u015feronluk \u00a0yapaca\u011f\u0131m\u0131z projelerde m\u00fchendislik teklifleri haz\u0131rlayacak ve \u2026. Sosyal medya alanlar\u0131n\u0131 iyi bilen bayan personel al\u0131nacakt\u0131r. \u2026. Personel ayr\u0131ca ofisin temizli\u011fi ve \u00e7ay kahve servisindende sorumlu olacakt\u0131r. \u2026. \u00c7al\u0131\u015fma program\u0131 Sabah 8:00 \u2013 18:00 aras\u0131 haftada 6 g\u00fcn \u00a0\u2026.. ama bazen ak\u015fam 19.00 da \u00e7\u0131kabilir\u201d ifadeleri kullan\u0131ld\u0131. AHLAK VE HUKUK DI\u015eI TALEPLER T\u00fcrk M\u00fchendis ve Mimar Odalar\u0131 Birli\u011fi&#8217;ne ba\u011fl\u0131 (TMMOB) \u0130n\u015faat M\u00fchendisleri Odas\u0131 (\u0130MO) Ankara \u015eubesi,\u00a0 ilan \u00fczerine bir bas\u0131n a\u00e7\u0131klamas\u0131 yay\u0131mland\u0131. \u201c\u0130n\u015faat m\u00fchendislerine y\u00f6nelik en hafif tabiriyle terbiyesizce bir ilan yay\u0131nland\u0131\u201d \u00e7\u0131k\u0131\u015f\u0131nda bulunan \u0130MO Ankara \u015eubesi, &#8220;\u00c7al\u0131\u015ft\u0131klar\u0131 i\u015f yerlerinde bu ve benzeri, ahlak, etik ve hukuk d\u0131\u015f\u0131 taleplere maruz kalan meslekta\u015flar\u0131m\u0131za bug\u00fcne kadar oldu\u011fu gibi her t\u00fcrl\u00fc hukuki ve mesleki deste\u011fi vermeye devam edece\u011fimizi bir kez daha hat\u0131rlat\u0131yoruz. \u0130n\u015faat M\u00fchendisleri Odas\u0131 ve t\u00fcm \u015eubeleri ile dayan\u0131\u015fma i\u00e7erisinde, bu ilan\u0131 veren firmay\u0131 ve yay\u0131nlayan internet sitesini \u015fiddetle k\u0131n\u0131yor; mesle\u011fimizin itibar\u0131n\u0131 \u00fclkemizdeki \u00e7al\u0131\u015fma hayat\u0131nda var olan ak\u0131l ve izan d\u0131\u015f\u0131 anlay\u0131\u015flara, yozlu\u011fa ve hukuksuzlu\u011fa teslim etmeyece\u011fimizi bir kez daha ifade ediyoruz\u201d ifadelerini kulland\u0131. UTAN\u00c7 VER\u0130C\u0130 TALEPLER Konuyu &hellip;\" \/>\n<meta property=\"og:url\" content=\"https:\/\/denizcankizil.tr\/ru\/haberler\/gundem\/imo-antalya-ne-is-olsa-yaptiramazsiniz\/\" \/>\n<meta property=\"og:site_name\" content=\"Av. Deniz Can K\u0131z\u0131l\" \/>\n<meta property=\"article:published_time\" content=\"2025-02-03T14:41:14+00:00\" \/>\n<meta name=\"author\" content=\"Antalya K\u00f6rfez\" \/>\n<meta name=\"twitter:card\" content=\"summary_large_image\" \/>\n<meta name=\"twitter:label1\" content=\"\u041d\u0430\u043f\u0438\u0441\u0430\u043d\u043e \u0430\u0432\u0442\u043e\u0440\u043e\u043c\" \/>\n\t<meta name=\"twitter:data1\" content=\"Antalya K\u00f6rfez\" \/>\n\t<meta name=\"twitter:label2\" content=\"\u041f\u0440\u0438\u043c\u0435\u0440\u043d\u043e\u0435 \u0432\u0440\u0435\u043c\u044f \u0434\u043b\u044f \u0447\u0442\u0435\u043d\u0438\u044f\" \/>\n\t<meta name=\"twitter:data2\" content=\"4 \u043c\u0438\u043d\u0443\u0442\u044b\" \/>\n<script type=\"application\/ld+json\" class=\"yoast-schema-graph\">{\"@context\":\"https:\/\/schema.org\",\"@graph\":[{\"@type\":\"Article\",\"@id\":\"https:\/\/denizcankizil.tr\/ru\/haberler\/gundem\/imo-antalya-ne-is-olsa-yaptiramazsiniz\/#article\",\"isPartOf\":{\"@id\":\"https:\/\/denizcankizil.tr\/ru\/haberler\/gundem\/imo-antalya-ne-is-olsa-yaptiramazsiniz\/\"},\"author\":{\"name\":\"Antalya K\u00f6rfez\",\"@id\":\"https:\/\/denizcankizil.tr\/#\/schema\/person\/e1eb71bb4dd684d46563f0af307e1234\"},\"headline\":\"\u0130MO Antalya: Ne i\u015f olsa yapt\u0131ramazs\u0131n\u0131z!\",\"datePublished\":\"2025-02-03T14:41:14+00:00\",\"mainEntityOfPage\":{\"@id\":\"https:\/\/denizcankizil.tr\/ru\/haberler\/gundem\/imo-antalya-ne-is-olsa-yaptiramazsiniz\/\"},\"wordCount\":730,\"commentCount\":0,\"publisher\":{\"@id\":\"https:\/\/denizcankizil.tr\/#organization\"},\"articleSection\":[\"G\u00fcndem\"],\"inLanguage\":\"ru-RU\",\"potentialAction\":[{\"@type\":\"CommentAction\",\"name\":\"Comment\",\"target\":[\"https:\/\/denizcankizil.tr\/ru\/haberler\/gundem\/imo-antalya-ne-is-olsa-yaptiramazsiniz\/#respond\"]}]},{\"@type\":\"WebPage\",\"@id\":\"https:\/\/denizcankizil.tr\/ru\/haberler\/gundem\/imo-antalya-ne-is-olsa-yaptiramazsiniz\/\",\"url\":\"https:\/\/denizcankizil.tr\/ru\/haberler\/gundem\/imo-antalya-ne-is-olsa-yaptiramazsiniz\/\",\"name\":\"\u0130MO Antalya: Ne i\u015f olsa yapt\u0131ramazs\u0131n\u0131z! - Av. Deniz Can K\u0131z\u0131l\",\"isPartOf\":{\"@id\":\"https:\/\/denizcankizil.tr\/#website\"},\"datePublished\":\"2025-02-03T14:41:14+00:00\",\"breadcrumb\":{\"@id\":\"https:\/\/denizcankizil.tr\/ru\/haberler\/gundem\/imo-antalya-ne-is-olsa-yaptiramazsiniz\/#breadcrumb\"},\"inLanguage\":\"ru-RU\",\"potentialAction\":[{\"@type\":\"ReadAction\",\"target\":[\"https:\/\/denizcankizil.tr\/ru\/haberler\/gundem\/imo-antalya-ne-is-olsa-yaptiramazsiniz\/\"]}]},{\"@type\":\"BreadcrumbList\",\"@id\":\"https:\/\/denizcankizil.tr\/ru\/haberler\/gundem\/imo-antalya-ne-is-olsa-yaptiramazsiniz\/#breadcrumb\",\"itemListElement\":[{\"@type\":\"ListItem\",\"position\":1,\"name\":\"Home\",\"item\":\"https:\/\/denizcankizil.tr\/de\/\"},{\"@type\":\"ListItem\",\"position\":2,\"name\":\"\u0130MO Antalya: Ne i\u015f olsa yapt\u0131ramazs\u0131n\u0131z!\"}]},{\"@type\":\"WebSite\",\"@id\":\"https:\/\/denizcankizil.tr\/#website\",\"url\":\"https:\/\/denizcankizil.tr\/\",\"name\":\"Av. Deniz Can K\u0131z\u0131l\",\"description\":\"Avukat Deniz Can K\u0131z\u0131l Antalya Barosu\",\"publisher\":{\"@id\":\"https:\/\/denizcankizil.tr\/#organization\"},\"potentialAction\":[{\"@type\":\"SearchAction\",\"target\":{\"@type\":\"EntryPoint\",\"urlTemplate\":\"https:\/\/denizcankizil.tr\/?s={search_term_string}\"},\"query-input\":{\"@type\":\"PropertyValueSpecification\",\"valueRequired\":true,\"valueName\":\"search_term_string\"}}],\"inLanguage\":\"ru-RU\"},{\"@type\":\"Organization\",\"@id\":\"https:\/\/denizcankizil.tr\/#organization\",\"name\":\"Av. Deniz Can K\u0131z\u0131l\",\"url\":\"https:\/\/denizcankizil.tr\/\",\"logo\":{\"@type\":\"ImageObject\",\"inLanguage\":\"ru-RU\",\"@id\":\"https:\/\/denizcankizil.tr\/#\/schema\/logo\/image\/\",\"url\":\"https:\/\/denizcankizil.tr\/wp-content\/uploads\/2024\/10\/siyah-logo-svg.svg\",\"contentUrl\":\"https:\/\/denizcankizil.tr\/wp-content\/uploads\/2024\/10\/siyah-logo-svg.svg\",\"width\":1080,\"height\":1080,\"caption\":\"Av. Deniz Can K\u0131z\u0131l\"},\"image\":{\"@id\":\"https:\/\/denizcankizil.tr\/#\/schema\/logo\/image\/\"}},{\"@type\":\"Person\",\"@id\":\"https:\/\/denizcankizil.tr\/#\/schema\/person\/e1eb71bb4dd684d46563f0af307e1234\",\"name\":\"Antalya K\u00f6rfez\",\"image\":{\"@type\":\"ImageObject\",\"inLanguage\":\"ru-RU\",\"@id\":\"https:\/\/denizcankizil.tr\/#\/schema\/person\/image\/\",\"url\":\"https:\/\/secure.gravatar.com\/avatar\/42b01982558a48a0b501fdcab6a408d3717ea5919095ee2e67b0e521799c5905?s=96&d=mm&r=g\",\"contentUrl\":\"https:\/\/secure.gravatar.com\/avatar\/42b01982558a48a0b501fdcab6a408d3717ea5919095ee2e67b0e521799c5905?s=96&d=mm&r=g\",\"caption\":\"Antalya K\u00f6rfez\"},\"sameAs\":[\"http:\/\/www.antalyakorfez.com\"],\"url\":\"https:\/\/www.antalyakorfez.com\/imo-antalya-ne-is-olsa-yaptiramazsiniz\"}]}<\/script>\n<!-- \/ Yoast SEO Premium plugin. -->","yoast_head_json":{"title":"\u0130MO Antalya: Ne i\u015f olsa yapt\u0131ramazs\u0131n\u0131z! - Av. Deniz Can K\u0131z\u0131l","robots":{"index":"index","follow":"follow","max-snippet":"max-snippet:-1","max-image-preview":"max-image-preview:large","max-video-preview":"max-video-preview:-1"},"canonical":"https:\/\/denizcankizil.tr\/ru\/haberler\/gundem\/imo-antalya-ne-is-olsa-yaptiramazsiniz\/","og_locale":"ru_RU","og_type":"article","og_title":"\u0130MO Antalya: Ne i\u015f olsa yapt\u0131ramazs\u0131n\u0131z!","og_description":"\u0130kinci el \u00fcr\u00fcn al\u0131m sat\u0131m sitesi \u00fczerinden 1 \u015eubat 2025 tarihinde in\u015faat m\u00fchendisi personel al\u0131m\u0131na ili\u015fkin bir ilan yay\u0131nland\u0131. Yay\u0131nlanan ilanda, \u201c\u2026. Y\u00f6neticisini asiste edebilecek, programlar\u0131n\u0131 takip edecek, \u2026. , telefon trafi\u011fi mailleri y\u00f6netecek, ta\u015feronluk \u00a0yapaca\u011f\u0131m\u0131z projelerde m\u00fchendislik teklifleri haz\u0131rlayacak ve \u2026. Sosyal medya alanlar\u0131n\u0131 iyi bilen bayan personel al\u0131nacakt\u0131r. \u2026. Personel ayr\u0131ca ofisin temizli\u011fi ve \u00e7ay kahve servisindende sorumlu olacakt\u0131r. \u2026. \u00c7al\u0131\u015fma program\u0131 Sabah 8:00 \u2013 18:00 aras\u0131 haftada 6 g\u00fcn \u00a0\u2026.. ama bazen ak\u015fam 19.00 da \u00e7\u0131kabilir\u201d ifadeleri kullan\u0131ld\u0131. AHLAK VE HUKUK DI\u015eI TALEPLER T\u00fcrk M\u00fchendis ve Mimar Odalar\u0131 Birli\u011fi&#8217;ne ba\u011fl\u0131 (TMMOB) \u0130n\u015faat M\u00fchendisleri Odas\u0131 (\u0130MO) Ankara \u015eubesi,\u00a0 ilan \u00fczerine bir bas\u0131n a\u00e7\u0131klamas\u0131 yay\u0131mland\u0131. \u201c\u0130n\u015faat m\u00fchendislerine y\u00f6nelik en hafif tabiriyle terbiyesizce bir ilan yay\u0131nland\u0131\u201d \u00e7\u0131k\u0131\u015f\u0131nda bulunan \u0130MO Ankara \u015eubesi, &#8220;\u00c7al\u0131\u015ft\u0131klar\u0131 i\u015f yerlerinde bu ve benzeri, ahlak, etik ve hukuk d\u0131\u015f\u0131 taleplere maruz kalan meslekta\u015flar\u0131m\u0131za bug\u00fcne kadar oldu\u011fu gibi her t\u00fcrl\u00fc hukuki ve mesleki deste\u011fi vermeye devam edece\u011fimizi bir kez daha hat\u0131rlat\u0131yoruz. \u0130n\u015faat M\u00fchendisleri Odas\u0131 ve t\u00fcm \u015eubeleri ile dayan\u0131\u015fma i\u00e7erisinde, bu ilan\u0131 veren firmay\u0131 ve yay\u0131nlayan internet sitesini \u015fiddetle k\u0131n\u0131yor; mesle\u011fimizin itibar\u0131n\u0131 \u00fclkemizdeki \u00e7al\u0131\u015fma hayat\u0131nda var olan ak\u0131l ve izan d\u0131\u015f\u0131 anlay\u0131\u015flara, yozlu\u011fa ve hukuksuzlu\u011fa teslim etmeyece\u011fimizi bir kez daha ifade ediyoruz\u201d ifadelerini kulland\u0131. UTAN\u00c7 VER\u0130C\u0130 TALEPLER Konuyu &hellip;","og_url":"https:\/\/denizcankizil.tr\/ru\/haberler\/gundem\/imo-antalya-ne-is-olsa-yaptiramazsiniz\/","og_site_name":"Av. Deniz Can K\u0131z\u0131l","article_published_time":"2025-02-03T14:41:14+00:00","author":"Antalya K\u00f6rfez","twitter_card":"summary_large_image","twitter_misc":{"\u041d\u0430\u043f\u0438\u0441\u0430\u043d\u043e \u0430\u0432\u0442\u043e\u0440\u043e\u043c":"Antalya K\u00f6rfez","\u041f\u0440\u0438\u043c\u0435\u0440\u043d\u043e\u0435 \u0432\u0440\u0435\u043c\u044f \u0434\u043b\u044f \u0447\u0442\u0435\u043d\u0438\u044f":"4 \u043c\u0438\u043d\u0443\u0442\u044b"},"schema":{"@context":"https:\/\/schema.org","@graph":[{"@type":"Article","@id":"https:\/\/denizcankizil.tr\/ru\/haberler\/gundem\/imo-antalya-ne-is-olsa-yaptiramazsiniz\/#article","isPartOf":{"@id":"https:\/\/denizcankizil.tr\/ru\/haberler\/gundem\/imo-antalya-ne-is-olsa-yaptiramazsiniz\/"},"author":{"name":"Antalya K\u00f6rfez","@id":"https:\/\/denizcankizil.tr\/#\/schema\/person\/e1eb71bb4dd684d46563f0af307e1234"},"headline":"\u0130MO Antalya: Ne i\u015f olsa yapt\u0131ramazs\u0131n\u0131z!","datePublished":"2025-02-03T14:41:14+00:00","mainEntityOfPage":{"@id":"https:\/\/denizcankizil.tr\/ru\/haberler\/gundem\/imo-antalya-ne-is-olsa-yaptiramazsiniz\/"},"wordCount":730,"commentCount":0,"publisher":{"@id":"https:\/\/denizcankizil.tr\/#organization"},"articleSection":["G\u00fcndem"],"inLanguage":"ru-RU","potentialAction":[{"@type":"CommentAction","name":"Comment","target":["https:\/\/denizcankizil.tr\/ru\/haberler\/gundem\/imo-antalya-ne-is-olsa-yaptiramazsiniz\/#respond"]}]},{"@type":"WebPage","@id":"https:\/\/denizcankizil.tr\/ru\/haberler\/gundem\/imo-antalya-ne-is-olsa-yaptiramazsiniz\/","url":"https:\/\/denizcankizil.tr\/ru\/haberler\/gundem\/imo-antalya-ne-is-olsa-yaptiramazsiniz\/","name":"\u0130MO Antalya: Ne i\u015f olsa yapt\u0131ramazs\u0131n\u0131z! - Av. Deniz Can K\u0131z\u0131l","isPartOf":{"@id":"https:\/\/denizcankizil.tr\/#website"},"datePublished":"2025-02-03T14:41:14+00:00","breadcrumb":{"@id":"https:\/\/denizcankizil.tr\/ru\/haberler\/gundem\/imo-antalya-ne-is-olsa-yaptiramazsiniz\/#breadcrumb"},"inLanguage":"ru-RU","potentialAction":[{"@type":"ReadAction","target":["https:\/\/denizcankizil.tr\/ru\/haberler\/gundem\/imo-antalya-ne-is-olsa-yaptiramazsiniz\/"]}]},{"@type":"BreadcrumbList","@id":"https:\/\/denizcankizil.tr\/ru\/haberler\/gundem\/imo-antalya-ne-is-olsa-yaptiramazsiniz\/#breadcrumb","itemListElement":[{"@type":"ListItem","position":1,"name":"Home","item":"https:\/\/denizcankizil.tr\/de\/"},{"@type":"ListItem","position":2,"name":"\u0130MO Antalya: Ne i\u015f olsa yapt\u0131ramazs\u0131n\u0131z!"}]},{"@type":"WebSite","@id":"https:\/\/denizcankizil.tr\/#website","url":"https:\/\/denizcankizil.tr\/","name":"Av. Deniz Can K\u0131z\u0131l","description":"Avukat Deniz Can K\u0131z\u0131l Antalya Barosu","publisher":{"@id":"https:\/\/denizcankizil.tr\/#organization"},"potentialAction":[{"@type":"SearchAction","target":{"@type":"EntryPoint","urlTemplate":"https:\/\/denizcankizil.tr\/?s={search_term_string}"},"query-input":{"@type":"PropertyValueSpecification","valueRequired":true,"valueName":"search_term_string"}}],"inLanguage":"ru-RU"},{"@type":"Organization","@id":"https:\/\/denizcankizil.tr\/#organization","name":"Av. Deniz Can K\u0131z\u0131l","url":"https:\/\/denizcankizil.tr\/","logo":{"@type":"ImageObject","inLanguage":"ru-RU","@id":"https:\/\/denizcankizil.tr\/#\/schema\/logo\/image\/","url":"https:\/\/denizcankizil.tr\/wp-content\/uploads\/2024\/10\/siyah-logo-svg.svg","contentUrl":"https:\/\/denizcankizil.tr\/wp-content\/uploads\/2024\/10\/siyah-logo-svg.svg","width":1080,"height":1080,"caption":"Av. Deniz Can K\u0131z\u0131l"},"image":{"@id":"https:\/\/denizcankizil.tr\/#\/schema\/logo\/image\/"}},{"@type":"Person","@id":"https:\/\/denizcankizil.tr\/#\/schema\/person\/e1eb71bb4dd684d46563f0af307e1234","name":"Antalya K\u00f6rfez","image":{"@type":"ImageObject","inLanguage":"ru-RU","@id":"https:\/\/denizcankizil.tr\/#\/schema\/person\/image\/","url":"https:\/\/secure.gravatar.com\/avatar\/42b01982558a48a0b501fdcab6a408d3717ea5919095ee2e67b0e521799c5905?s=96&d=mm&r=g","contentUrl":"https:\/\/secure.gravatar.com\/avatar\/42b01982558a48a0b501fdcab6a408d3717ea5919095ee2e67b0e521799c5905?s=96&d=mm&r=g","caption":"Antalya K\u00f6rfez"},"sameAs":["http:\/\/www.antalyakorfez.com"],"url":"https:\/\/www.antalyakorfez.com\/imo-antalya-ne-is-olsa-yaptiramazsiniz"}]}},"_links":{"self":[{"href":"https:\/\/denizcankizil.tr\/ru\/wp-json\/wp\/v2\/posts\/29821","targetHints":{"allow":["GET"]}}],"collection":[{"href":"https:\/\/denizcankizil.tr\/ru\/wp-json\/wp\/v2\/posts"}],"about":[{"href":"https:\/\/denizcankizil.tr\/ru\/wp-json\/wp\/v2\/types\/post"}],"author":[{"embeddable":true,"href":"https:\/\/denizcankizil.tr\/ru\/wp-json\/wp\/v2\/users\/5"}],"replies":[{"embeddable":true,"href":"https:\/\/denizcankizil.tr\/ru\/wp-json\/wp\/v2\/comments?post=29821"}],"version-history":[{"count":0,"href":"https:\/\/denizcankizil.tr\/ru\/wp-json\/wp\/v2\/posts\/29821\/revisions"}],"wp:attachment":[{"href":"https:\/\/denizcankizil.tr\/ru\/wp-json\/wp\/v2\/media?parent=29821"}],"wp:term":[{"taxonomy":"category","embeddable":true,"href":"https:\/\/denizcankizil.tr\/ru\/wp-json\/wp\/v2\/categories?post=29821"},{"taxonomy":"post_tag","embeddable":true,"href":"https:\/\/denizcankizil.tr\/ru\/wp-json\/wp\/v2\/tags?post=29821"}],"curies":[{"name":"wp","href":"https:\/\/api.w.org\/{rel}","templated":true}]}}