{"id":29809,"date":"2025-02-03T16:41:24","date_gmt":"2025-02-03T13:41:24","guid":{"rendered":"https:\/\/denizcankizil.tr\/uncategorized-tr\/serikte-tup-patladi-1-yarali\/"},"modified":"2025-02-03T16:41:24","modified_gmt":"2025-02-03T13:41:24","slug":"serikte-tup-patladi-1-yarali","status":"publish","type":"post","link":"https:\/\/denizcankizil.tr\/ru\/haberler\/antalya\/serikte-tup-patladi-1-yarali\/","title":{"rendered":"Serik&#8217;te t\u00fcp patlad\u0131: 1 yaral\u0131"},"content":{"rendered":"<p>Olay, Serik il\u00e7esi Merkez mahallesi Burmahanc\u0131 Caddesi \u00fczerinde bulunan restoranda saat 13.00 s\u0131ralar\u0131nda meydana geldi. H\u00fcseyin G. isimli restoran \u00e7al\u0131\u015fan\u0131 mutfakta \u00e7al\u0131\u015ft\u0131\u011f\u0131 s\u0131rada LPG t\u00fcp\u00fcnden gaz ka\u00e7a\u011f\u0131 sonucu meydana gelen patlama sonucu v\u00fccudunun \u00e7e\u015fitli yerleri yanarak yaraland\u0131. Patlama sonras\u0131 \u00e7evrede bulunan i\u015f yerleri \u00e7al\u0131\u015fanlar\u0131 panikle soka\u011fa \u00e7\u0131kt\u0131. Vatanda\u015flar\u0131n ihbar\u0131 \u00fczerine olay yerine sa\u011fl\u0131k, itfaiye ve polis ekipleri sevk edildi.<br \/>\nYaral\u0131 olay yerinde yap\u0131lan ilk m\u00fcdahalenin ard\u0131ndan ambulans ile Serik Devlet Hastanesine kald\u0131r\u0131ld\u0131. Yaral\u0131n\u0131n sa\u011fl\u0131k durumunun iyi oldu\u011fu \u00f6\u011frenildi.<br \/>\nPolis \u00e7evrede geni\u015f g\u00fcvenlik \u00f6nlemi ald\u0131. \u0130tfaiye ekipleri i\u015fyerinde gaz ka\u00e7a\u011f\u0131na kar\u015f\u0131 tedbir \u00e7al\u0131\u015fmas\u0131 ger\u00e7ekle\u015ftirdi.<br \/>\nOlayda restoran\u0131n mutfak k\u0131sm\u0131nda da zarar meydana geldi.<\/p>\n<p>Kaynak: www.kanalv.com.tr Haber Sitesinden Al\u0131nm\u0131\u015ft\u0131r.<\/p>","protected":false},"excerpt":{"rendered":"<p>Olay, Serik il\u00e7esi Merkez mahallesi Burmahanc\u0131 Caddesi \u00fczerinde bulunan restoranda saat 13.00 s\u0131ralar\u0131nda meydana geldi. H\u00fcseyin G. isimli restoran \u00e7al\u0131\u015fan\u0131 mutfakta \u00e7al\u0131\u015ft\u0131\u011f\u0131 s\u0131rada LPG t\u00fcp\u00fcnden gaz ka\u00e7a\u011f\u0131 sonucu meydana gelen patlama sonucu v\u00fccudunun \u00e7e\u015fitli yerleri yanarak yaraland\u0131. Patlama sonras\u0131 \u00e7evrede bulunan i\u015f yerleri \u00e7al\u0131\u015fanlar\u0131 panikle soka\u011fa \u00e7\u0131kt\u0131. Vatanda\u015flar\u0131n ihbar\u0131 \u00fczerine olay yerine sa\u011fl\u0131k, itfaiye ve polis ekipleri sevk edildi. Yaral\u0131 olay yerinde yap\u0131lan ilk m\u00fcdahalenin ard\u0131ndan ambulans ile Serik Devlet Hastanesine kald\u0131r\u0131ld\u0131. Yaral\u0131n\u0131n sa\u011fl\u0131k durumunun iyi oldu\u011fu \u00f6\u011frenildi. Polis \u00e7evrede geni\u015f g\u00fcvenlik \u00f6nlemi ald\u0131. \u0130tfaiye ekipleri i\u015fyerinde gaz ka\u00e7a\u011f\u0131na kar\u015f\u0131 tedbir \u00e7al\u0131\u015fmas\u0131 ger\u00e7ekle\u015ftirdi. Olayda restoran\u0131n mutfak k\u0131sm\u0131nda da zarar meydana geldi. Kaynak: www.kanalv.com.tr Haber Sitesinden Al\u0131nm\u0131\u015ft\u0131r.<\/p>","protected":false},"author":4,"featured_media":29810,"comment_status":"open","ping_status":"open","sticky":false,"template":"","format":"standard","meta":{"_acf_changed":false,"footnotes":""},"categories":[26],"tags":[],"class_list":["post-29809","post","type-post","status-publish","format-standard","has-post-thumbnail","hentry","category-antalya"],"acf":[],"yoast_head":"<!-- This site is optimized with the Yoast SEO Premium plugin v26.6 (Yoast SEO v27.1.1) - https:\/\/yoast.com\/product\/yoast-seo-premium-wordpress\/ -->\n<title>Serik&#039;te t\u00fcp patlad\u0131: 1 yaral\u0131 - Av. Deniz Can K\u0131z\u0131l<\/title>\n<meta name=\"robots\" content=\"index, follow, max-snippet:-1, max-image-preview:large, max-video-preview:-1\" \/>\n<link rel=\"canonical\" href=\"https:\/\/denizcankizil.tr\/ru\/haberler\/antalya\/serikte-tup-patladi-1-yarali\/\" \/>\n<meta property=\"og:locale\" content=\"ru_RU\" \/>\n<meta property=\"og:type\" content=\"article\" \/>\n<meta property=\"og:title\" content=\"Serik&#039;te t\u00fcp patlad\u0131: 1 yaral\u0131\" \/>\n<meta property=\"og:description\" content=\"Olay, Serik il\u00e7esi Merkez mahallesi Burmahanc\u0131 Caddesi \u00fczerinde bulunan restoranda saat 13.00 s\u0131ralar\u0131nda meydana geldi. H\u00fcseyin G. isimli restoran \u00e7al\u0131\u015fan\u0131 mutfakta \u00e7al\u0131\u015ft\u0131\u011f\u0131 s\u0131rada LPG t\u00fcp\u00fcnden gaz ka\u00e7a\u011f\u0131 sonucu meydana gelen patlama sonucu v\u00fccudunun \u00e7e\u015fitli yerleri yanarak yaraland\u0131. Patlama sonras\u0131 \u00e7evrede bulunan i\u015f yerleri \u00e7al\u0131\u015fanlar\u0131 panikle soka\u011fa \u00e7\u0131kt\u0131. Vatanda\u015flar\u0131n ihbar\u0131 \u00fczerine olay yerine sa\u011fl\u0131k, itfaiye ve polis ekipleri sevk edildi. Yaral\u0131 olay yerinde yap\u0131lan ilk m\u00fcdahalenin ard\u0131ndan ambulans ile Serik Devlet Hastanesine kald\u0131r\u0131ld\u0131. Yaral\u0131n\u0131n sa\u011fl\u0131k durumunun iyi oldu\u011fu \u00f6\u011frenildi. Polis \u00e7evrede geni\u015f g\u00fcvenlik \u00f6nlemi ald\u0131. \u0130tfaiye ekipleri i\u015fyerinde gaz ka\u00e7a\u011f\u0131na kar\u015f\u0131 tedbir \u00e7al\u0131\u015fmas\u0131 ger\u00e7ekle\u015ftirdi. Olayda restoran\u0131n mutfak k\u0131sm\u0131nda da zarar meydana geldi. Kaynak: www.kanalv.com.tr Haber Sitesinden Al\u0131nm\u0131\u015ft\u0131r.\" \/>\n<meta property=\"og:url\" content=\"https:\/\/denizcankizil.tr\/ru\/haberler\/antalya\/serikte-tup-patladi-1-yarali\/\" \/>\n<meta property=\"og:site_name\" content=\"Av. Deniz Can K\u0131z\u0131l\" \/>\n<meta property=\"article:published_time\" content=\"2025-02-03T13:41:24+00:00\" \/>\n<meta property=\"og:image\" content=\"https:\/\/denizcankizil.tr\/wp-content\/uploads\/2025\/02\/4458-01-AeUoWE.jpeg\" \/>\n\t<meta property=\"og:image:width\" content=\"1280\" \/>\n\t<meta property=\"og:image:height\" content=\"720\" \/>\n\t<meta property=\"og:image:type\" content=\"image\/jpeg\" \/>\n<meta name=\"author\" content=\"Av. Deniz Can K\u0131z\u0131l\" \/>\n<meta name=\"twitter:card\" content=\"summary_large_image\" \/>\n<meta name=\"twitter:label1\" content=\"\u041d\u0430\u043f\u0438\u0441\u0430\u043d\u043e \u0430\u0432\u0442\u043e\u0440\u043e\u043c\" \/>\n\t<meta name=\"twitter:data1\" content=\"Av. Deniz Can K\u0131z\u0131l\" \/>\n\t<meta name=\"twitter:label2\" content=\"\u041f\u0440\u0438\u043c\u0435\u0440\u043d\u043e\u0435 \u0432\u0440\u0435\u043c\u044f \u0434\u043b\u044f \u0447\u0442\u0435\u043d\u0438\u044f\" \/>\n\t<meta name=\"twitter:data2\" content=\"1 \u043c\u0438\u043d\u0443\u0442\u0430\" \/>\n<script type=\"application\/ld+json\" class=\"yoast-schema-graph\">{\"@context\":\"https:\/\/schema.org\",\"@graph\":[{\"@type\":\"Article\",\"@id\":\"https:\/\/denizcankizil.tr\/uk\/haberler\/antalya\/serikte-tup-patladi-1-yarali\/#article\",\"isPartOf\":{\"@id\":\"https:\/\/denizcankizil.tr\/uk\/haberler\/antalya\/serikte-tup-patladi-1-yarali\/\"},\"author\":{\"name\":\"Av. Deniz Can K\u0131z\u0131l\",\"@id\":\"https:\/\/denizcankizil.tr\/de\/#\/schema\/person\/5dc1b22991bd7ac833867c10afc9b0ff\"},\"headline\":\"Serik&#8217;te t\u00fcp patlad\u0131: 1 yaral\u0131\",\"datePublished\":\"2025-02-03T13:41:24+00:00\",\"mainEntityOfPage\":{\"@id\":\"https:\/\/denizcankizil.tr\/uk\/haberler\/antalya\/serikte-tup-patladi-1-yarali\/\"},\"wordCount\":155,\"commentCount\":0,\"publisher\":{\"@id\":\"https:\/\/denizcankizil.tr\/de\/#organization\"},\"image\":{\"@id\":\"https:\/\/denizcankizil.tr\/uk\/haberler\/antalya\/serikte-tup-patladi-1-yarali\/#primaryimage\"},\"thumbnailUrl\":\"https:\/\/denizcankizil.tr\/wp-content\/uploads\/2025\/02\/4458-01-AeUoWE.jpeg\",\"articleSection\":[\"Antalya\"],\"inLanguage\":\"ru-RU\",\"potentialAction\":[{\"@type\":\"CommentAction\",\"name\":\"Comment\",\"target\":[\"https:\/\/denizcankizil.tr\/uk\/haberler\/antalya\/serikte-tup-patladi-1-yarali\/#respond\"]}]},{\"@type\":\"WebPage\",\"@id\":\"https:\/\/denizcankizil.tr\/uk\/haberler\/antalya\/serikte-tup-patladi-1-yarali\/\",\"url\":\"https:\/\/denizcankizil.tr\/uk\/haberler\/antalya\/serikte-tup-patladi-1-yarali\/\",\"name\":\"Serik'te t\u00fcp patlad\u0131: 1 yaral\u0131 - Av. Deniz Can K\u0131z\u0131l\",\"isPartOf\":{\"@id\":\"https:\/\/denizcankizil.tr\/de\/#website\"},\"primaryImageOfPage\":{\"@id\":\"https:\/\/denizcankizil.tr\/uk\/haberler\/antalya\/serikte-tup-patladi-1-yarali\/#primaryimage\"},\"image\":{\"@id\":\"https:\/\/denizcankizil.tr\/uk\/haberler\/antalya\/serikte-tup-patladi-1-yarali\/#primaryimage\"},\"thumbnailUrl\":\"https:\/\/denizcankizil.tr\/wp-content\/uploads\/2025\/02\/4458-01-AeUoWE.jpeg\",\"datePublished\":\"2025-02-03T13:41:24+00:00\",\"breadcrumb\":{\"@id\":\"https:\/\/denizcankizil.tr\/uk\/haberler\/antalya\/serikte-tup-patladi-1-yarali\/#breadcrumb\"},\"inLanguage\":\"ru-RU\",\"potentialAction\":[{\"@type\":\"ReadAction\",\"target\":[\"https:\/\/denizcankizil.tr\/uk\/haberler\/antalya\/serikte-tup-patladi-1-yarali\/\"]}]},{\"@type\":\"ImageObject\",\"inLanguage\":\"ru-RU\",\"@id\":\"https:\/\/denizcankizil.tr\/uk\/haberler\/antalya\/serikte-tup-patladi-1-yarali\/#primaryimage\",\"url\":\"https:\/\/denizcankizil.tr\/wp-content\/uploads\/2025\/02\/4458-01-AeUoWE.jpeg\",\"contentUrl\":\"https:\/\/denizcankizil.tr\/wp-content\/uploads\/2025\/02\/4458-01-AeUoWE.jpeg\",\"width\":1280,\"height\":720},{\"@type\":\"BreadcrumbList\",\"@id\":\"https:\/\/denizcankizil.tr\/uk\/haberler\/antalya\/serikte-tup-patladi-1-yarali\/#breadcrumb\",\"itemListElement\":[{\"@type\":\"ListItem\",\"position\":1,\"name\":\"Home\",\"item\":\"https:\/\/denizcankizil.tr\/de\/\"},{\"@type\":\"ListItem\",\"position\":2,\"name\":\"Serik&#8217;te t\u00fcp patlad\u0131: 1 yaral\u0131\"}]},{\"@type\":\"WebSite\",\"@id\":\"https:\/\/denizcankizil.tr\/de\/#website\",\"url\":\"https:\/\/denizcankizil.tr\/de\/\",\"name\":\"Av. Deniz Can K\u0131z\u0131l\",\"description\":\"Avukat Deniz Can K\u0131z\u0131l Antalya Barosu\",\"publisher\":{\"@id\":\"https:\/\/denizcankizil.tr\/de\/#organization\"},\"potentialAction\":[{\"@type\":\"SearchAction\",\"target\":{\"@type\":\"EntryPoint\",\"urlTemplate\":\"https:\/\/denizcankizil.tr\/de\/?s={search_term_string}\"},\"query-input\":{\"@type\":\"PropertyValueSpecification\",\"valueRequired\":true,\"valueName\":\"search_term_string\"}}],\"inLanguage\":\"ru-RU\"},{\"@type\":\"Organization\",\"@id\":\"https:\/\/denizcankizil.tr\/de\/#organization\",\"name\":\"Av. Deniz Can K\u0131z\u0131l\",\"url\":\"https:\/\/denizcankizil.tr\/de\/\",\"logo\":{\"@type\":\"ImageObject\",\"inLanguage\":\"ru-RU\",\"@id\":\"https:\/\/denizcankizil.tr\/de\/#\/schema\/logo\/image\/\",\"url\":\"https:\/\/denizcankizil.tr\/wp-content\/uploads\/2024\/10\/siyah-logo-svg.svg\",\"contentUrl\":\"https:\/\/denizcankizil.tr\/wp-content\/uploads\/2024\/10\/siyah-logo-svg.svg\",\"width\":1080,\"height\":1080,\"caption\":\"Av. Deniz Can K\u0131z\u0131l\"},\"image\":{\"@id\":\"https:\/\/denizcankizil.tr\/de\/#\/schema\/logo\/image\/\"}},{\"@type\":\"Person\",\"@id\":\"https:\/\/denizcankizil.tr\/de\/#\/schema\/person\/5dc1b22991bd7ac833867c10afc9b0ff\",\"name\":\"Av. Deniz Can K\u0131z\u0131l\",\"image\":{\"@type\":\"ImageObject\",\"inLanguage\":\"ru-RU\",\"@id\":\"https:\/\/denizcankizil.tr\/de\/#\/schema\/person\/image\/\",\"url\":\"https:\/\/secure.gravatar.com\/avatar\/a0b128fb9855c79efc976d5640eedb31dc35ec297594d6016d2cf7c60e975bb6?s=96&d=mm&r=g\",\"contentUrl\":\"https:\/\/secure.gravatar.com\/avatar\/a0b128fb9855c79efc976d5640eedb31dc35ec297594d6016d2cf7c60e975bb6?s=96&d=mm&r=g\",\"caption\":\"Av. Deniz Can K\u0131z\u0131l\"},\"sameAs\":[\"http:\/\/www.denizcankizil.tr\"],\"url\":\"https:\/\/denizcankizil.tr\/ru\/author\/denizcankizil\/\"}]}<\/script>\n<!-- \/ Yoast SEO Premium plugin. -->","yoast_head_json":{"title":"Serik'te t\u00fcp patlad\u0131: 1 yaral\u0131 - Av. Deniz Can K\u0131z\u0131l","robots":{"index":"index","follow":"follow","max-snippet":"max-snippet:-1","max-image-preview":"max-image-preview:large","max-video-preview":"max-video-preview:-1"},"canonical":"https:\/\/denizcankizil.tr\/ru\/haberler\/antalya\/serikte-tup-patladi-1-yarali\/","og_locale":"ru_RU","og_type":"article","og_title":"Serik'te t\u00fcp patlad\u0131: 1 yaral\u0131","og_description":"Olay, Serik il\u00e7esi Merkez mahallesi Burmahanc\u0131 Caddesi \u00fczerinde bulunan restoranda saat 13.00 s\u0131ralar\u0131nda meydana geldi. H\u00fcseyin G. isimli restoran \u00e7al\u0131\u015fan\u0131 mutfakta \u00e7al\u0131\u015ft\u0131\u011f\u0131 s\u0131rada LPG t\u00fcp\u00fcnden gaz ka\u00e7a\u011f\u0131 sonucu meydana gelen patlama sonucu v\u00fccudunun \u00e7e\u015fitli yerleri yanarak yaraland\u0131. Patlama sonras\u0131 \u00e7evrede bulunan i\u015f yerleri \u00e7al\u0131\u015fanlar\u0131 panikle soka\u011fa \u00e7\u0131kt\u0131. Vatanda\u015flar\u0131n ihbar\u0131 \u00fczerine olay yerine sa\u011fl\u0131k, itfaiye ve polis ekipleri sevk edildi. Yaral\u0131 olay yerinde yap\u0131lan ilk m\u00fcdahalenin ard\u0131ndan ambulans ile Serik Devlet Hastanesine kald\u0131r\u0131ld\u0131. Yaral\u0131n\u0131n sa\u011fl\u0131k durumunun iyi oldu\u011fu \u00f6\u011frenildi. Polis \u00e7evrede geni\u015f g\u00fcvenlik \u00f6nlemi ald\u0131. \u0130tfaiye ekipleri i\u015fyerinde gaz ka\u00e7a\u011f\u0131na kar\u015f\u0131 tedbir \u00e7al\u0131\u015fmas\u0131 ger\u00e7ekle\u015ftirdi. Olayda restoran\u0131n mutfak k\u0131sm\u0131nda da zarar meydana geldi. Kaynak: www.kanalv.com.tr Haber Sitesinden Al\u0131nm\u0131\u015ft\u0131r.","og_url":"https:\/\/denizcankizil.tr\/ru\/haberler\/antalya\/serikte-tup-patladi-1-yarali\/","og_site_name":"Av. Deniz Can K\u0131z\u0131l","article_published_time":"2025-02-03T13:41:24+00:00","og_image":[{"width":1280,"height":720,"url":"https:\/\/denizcankizil.tr\/wp-content\/uploads\/2025\/02\/4458-01-AeUoWE.jpeg","type":"image\/jpeg"}],"author":"Av. Deniz Can K\u0131z\u0131l","twitter_card":"summary_large_image","twitter_misc":{"\u041d\u0430\u043f\u0438\u0441\u0430\u043d\u043e \u0430\u0432\u0442\u043e\u0440\u043e\u043c":"Av. Deniz Can K\u0131z\u0131l","\u041f\u0440\u0438\u043c\u0435\u0440\u043d\u043e\u0435 \u0432\u0440\u0435\u043c\u044f \u0434\u043b\u044f \u0447\u0442\u0435\u043d\u0438\u044f":"1 \u043c\u0438\u043d\u0443\u0442\u0430"},"schema":{"@context":"https:\/\/schema.org","@graph":[{"@type":"Article","@id":"https:\/\/denizcankizil.tr\/uk\/haberler\/antalya\/serikte-tup-patladi-1-yarali\/#article","isPartOf":{"@id":"https:\/\/denizcankizil.tr\/uk\/haberler\/antalya\/serikte-tup-patladi-1-yarali\/"},"author":{"name":"Av. Deniz Can K\u0131z\u0131l","@id":"https:\/\/denizcankizil.tr\/de\/#\/schema\/person\/5dc1b22991bd7ac833867c10afc9b0ff"},"headline":"Serik&#8217;te t\u00fcp patlad\u0131: 1 yaral\u0131","datePublished":"2025-02-03T13:41:24+00:00","mainEntityOfPage":{"@id":"https:\/\/denizcankizil.tr\/uk\/haberler\/antalya\/serikte-tup-patladi-1-yarali\/"},"wordCount":155,"commentCount":0,"publisher":{"@id":"https:\/\/denizcankizil.tr\/de\/#organization"},"image":{"@id":"https:\/\/denizcankizil.tr\/uk\/haberler\/antalya\/serikte-tup-patladi-1-yarali\/#primaryimage"},"thumbnailUrl":"https:\/\/denizcankizil.tr\/wp-content\/uploads\/2025\/02\/4458-01-AeUoWE.jpeg","articleSection":["Antalya"],"inLanguage":"ru-RU","potentialAction":[{"@type":"CommentAction","name":"Comment","target":["https:\/\/denizcankizil.tr\/uk\/haberler\/antalya\/serikte-tup-patladi-1-yarali\/#respond"]}]},{"@type":"WebPage","@id":"https:\/\/denizcankizil.tr\/uk\/haberler\/antalya\/serikte-tup-patladi-1-yarali\/","url":"https:\/\/denizcankizil.tr\/uk\/haberler\/antalya\/serikte-tup-patladi-1-yarali\/","name":"Serik'te t\u00fcp patlad\u0131: 1 yaral\u0131 - Av. Deniz Can K\u0131z\u0131l","isPartOf":{"@id":"https:\/\/denizcankizil.tr\/de\/#website"},"primaryImageOfPage":{"@id":"https:\/\/denizcankizil.tr\/uk\/haberler\/antalya\/serikte-tup-patladi-1-yarali\/#primaryimage"},"image":{"@id":"https:\/\/denizcankizil.tr\/uk\/haberler\/antalya\/serikte-tup-patladi-1-yarali\/#primaryimage"},"thumbnailUrl":"https:\/\/denizcankizil.tr\/wp-content\/uploads\/2025\/02\/4458-01-AeUoWE.jpeg","datePublished":"2025-02-03T13:41:24+00:00","breadcrumb":{"@id":"https:\/\/denizcankizil.tr\/uk\/haberler\/antalya\/serikte-tup-patladi-1-yarali\/#breadcrumb"},"inLanguage":"ru-RU","potentialAction":[{"@type":"ReadAction","target":["https:\/\/denizcankizil.tr\/uk\/haberler\/antalya\/serikte-tup-patladi-1-yarali\/"]}]},{"@type":"ImageObject","inLanguage":"ru-RU","@id":"https:\/\/denizcankizil.tr\/uk\/haberler\/antalya\/serikte-tup-patladi-1-yarali\/#primaryimage","url":"https:\/\/denizcankizil.tr\/wp-content\/uploads\/2025\/02\/4458-01-AeUoWE.jpeg","contentUrl":"https:\/\/denizcankizil.tr\/wp-content\/uploads\/2025\/02\/4458-01-AeUoWE.jpeg","width":1280,"height":720},{"@type":"BreadcrumbList","@id":"https:\/\/denizcankizil.tr\/uk\/haberler\/antalya\/serikte-tup-patladi-1-yarali\/#breadcrumb","itemListElement":[{"@type":"ListItem","position":1,"name":"Home","item":"https:\/\/denizcankizil.tr\/de\/"},{"@type":"ListItem","position":2,"name":"Serik&#8217;te t\u00fcp patlad\u0131: 1 yaral\u0131"}]},{"@type":"WebSite","@id":"https:\/\/denizcankizil.tr\/de\/#website","url":"https:\/\/denizcankizil.tr\/de\/","name":"Av. Deniz Can K\u0131z\u0131l","description":"Avukat Deniz Can K\u0131z\u0131l Antalya Barosu","publisher":{"@id":"https:\/\/denizcankizil.tr\/de\/#organization"},"potentialAction":[{"@type":"SearchAction","target":{"@type":"EntryPoint","urlTemplate":"https:\/\/denizcankizil.tr\/de\/?s={search_term_string}"},"query-input":{"@type":"PropertyValueSpecification","valueRequired":true,"valueName":"search_term_string"}}],"inLanguage":"ru-RU"},{"@type":"Organization","@id":"https:\/\/denizcankizil.tr\/de\/#organization","name":"Av. Deniz Can K\u0131z\u0131l","url":"https:\/\/denizcankizil.tr\/de\/","logo":{"@type":"ImageObject","inLanguage":"ru-RU","@id":"https:\/\/denizcankizil.tr\/de\/#\/schema\/logo\/image\/","url":"https:\/\/denizcankizil.tr\/wp-content\/uploads\/2024\/10\/siyah-logo-svg.svg","contentUrl":"https:\/\/denizcankizil.tr\/wp-content\/uploads\/2024\/10\/siyah-logo-svg.svg","width":1080,"height":1080,"caption":"Av. Deniz Can K\u0131z\u0131l"},"image":{"@id":"https:\/\/denizcankizil.tr\/de\/#\/schema\/logo\/image\/"}},{"@type":"Person","@id":"https:\/\/denizcankizil.tr\/de\/#\/schema\/person\/5dc1b22991bd7ac833867c10afc9b0ff","name":"Av. Deniz Can K\u0131z\u0131l","image":{"@type":"ImageObject","inLanguage":"ru-RU","@id":"https:\/\/denizcankizil.tr\/de\/#\/schema\/person\/image\/","url":"https:\/\/secure.gravatar.com\/avatar\/a0b128fb9855c79efc976d5640eedb31dc35ec297594d6016d2cf7c60e975bb6?s=96&d=mm&r=g","contentUrl":"https:\/\/secure.gravatar.com\/avatar\/a0b128fb9855c79efc976d5640eedb31dc35ec297594d6016d2cf7c60e975bb6?s=96&d=mm&r=g","caption":"Av. Deniz Can K\u0131z\u0131l"},"sameAs":["http:\/\/www.denizcankizil.tr"],"url":"https:\/\/denizcankizil.tr\/ru\/author\/denizcankizil\/"}]}},"_links":{"self":[{"href":"https:\/\/denizcankizil.tr\/ru\/wp-json\/wp\/v2\/posts\/29809","targetHints":{"allow":["GET"]}}],"collection":[{"href":"https:\/\/denizcankizil.tr\/ru\/wp-json\/wp\/v2\/posts"}],"about":[{"href":"https:\/\/denizcankizil.tr\/ru\/wp-json\/wp\/v2\/types\/post"}],"author":[{"embeddable":true,"href":"https:\/\/denizcankizil.tr\/ru\/wp-json\/wp\/v2\/users\/4"}],"replies":[{"embeddable":true,"href":"https:\/\/denizcankizil.tr\/ru\/wp-json\/wp\/v2\/comments?post=29809"}],"version-history":[{"count":0,"href":"https:\/\/denizcankizil.tr\/ru\/wp-json\/wp\/v2\/posts\/29809\/revisions"}],"wp:featuredmedia":[{"embeddable":true,"href":"https:\/\/denizcankizil.tr\/ru\/wp-json\/wp\/v2\/media\/29810"}],"wp:attachment":[{"href":"https:\/\/denizcankizil.tr\/ru\/wp-json\/wp\/v2\/media?parent=29809"}],"wp:term":[{"taxonomy":"category","embeddable":true,"href":"https:\/\/denizcankizil.tr\/ru\/wp-json\/wp\/v2\/categories?post=29809"},{"taxonomy":"post_tag","embeddable":true,"href":"https:\/\/denizcankizil.tr\/ru\/wp-json\/wp\/v2\/tags?post=29809"}],"curies":[{"name":"wp","href":"https:\/\/api.w.org\/{rel}","templated":true}]}}