{"id":29574,"date":"2025-02-02T18:41:17","date_gmt":"2025-02-02T15:41:17","guid":{"rendered":"https:\/\/denizcankizil.tr\/uncategorized-tr\/ihrac-edilen-tegmenler-anitkabirde\/"},"modified":"2025-02-02T18:41:17","modified_gmt":"2025-02-02T15:41:17","slug":"ihrac-edilen-tegmenler-anitkabirde","status":"publish","type":"post","link":"https:\/\/denizcankizil.tr\/ru\/haberler\/gundem\/ihrac-edilen-tegmenler-anitkabirde\/","title":{"rendered":"\u0130hra\u00e7 edilen te\u011fmenler An\u0131tkabir&#8217;de"},"content":{"rendered":"<p>30 A\u011fustos&#8217;taki Kara Harp Okulu resmi mezuniyet t\u00f6reni ard\u0131ndan Subay And\u0131 okuyan 5 te\u011fmen, T\u00fcrk Silahl\u0131 Kuvvetleri\u2019nden ihra\u00e7 edildi. \u0130hra\u00e7 karar\u0131n\u0131n ard\u0131ndan An\u0131tkabir&#8217;e giden gen\u00e7 subaylar, Mustafa Kemal Atat\u00fcrk&#8217;\u00fc kabri ba\u015f\u0131nda and\u0131. \u00a0<\/p>\n<p>TE\u011eMENLER ANITKAB\u0130R&#8217;DE\u00a0<\/p>\n<p>30 A\u011fustos\u2019ta resmi mezuniyet t\u00f6reninin sona ermesinin ard\u0131ndan alanda tekrar toplanarak k\u0131l\u0131\u00e7 \u00e7atan, Subay And\u0131 okuyan ve \u201cMustafa Kemal\u2019in askerleriyiz\u201d slogan\u0131 atan te\u011fmenlerden Ebru Ero\u011flu, Batuhan Gazi K\u0131l\u0131\u00e7, Deniz Demirta\u015f, Talip \u0130zzet Akarsu ve Serhat G\u00fcndar T\u00fcrk Silahl\u0131 Kuvvetleri&#8217;nden (TSK) ihra\u00e7 edildi.<\/p>\n<p>DOKUZ K\u0130\u015e\u0130L\u0130K HEYETTEN \u0130K\u0130 \u00dcYEYE \u015eERH KOYDU<\/p>\n<p>Milli Savunma Bakanl\u0131\u011f\u0131, te\u011fmenlerin disiplin amiri konumunda olan B\u00f6l\u00fck Komutan\u0131 Binba\u015f\u0131 Murat \u00d6zt\u00fcrk, Tabur Komutan\u0131 Kurmay Yarbay Halit T\u00fcrko\u011flu ve Alay Komutan\u0131 Yard\u0131mc\u0131s\u0131 Albay Mustafa Alper Topsakal&#8217;\u0131n da &#8220;ay\u0131rma cezas\u0131&#8221; ald\u0131\u011f\u0131n\u0131 duyurdu. Disiplin amirlerinin \u00fcst r\u00fctbeli subaylar olmalar\u0131 dikkati \u00e7ekti. T24&#8217;\u00fcn edindi\u011fi bilgiye g\u00f6re, dokuz ki\u015filik heyetten iki \u00fcye \u015ferh koydu. \u0130hra\u00e7 karar\u0131na \u015ferh koyan iki \u00fcyenin de karar\u0131n ard\u0131ndan istifa etti\u011fi iddia edildi.<\/p>\n<p>\u200bKara Harp Okulu resmi mezuniyet t\u00f6reninin sonlanmas\u0131n\u0131n ard\u0131ndan Subay And\u0131 okuyan ve &#8220;Mustafa Kemal&#8217;in askerleriyiz&#8221; slogan\u0131 atan te\u011fmenler TSK\u2019dan ihra\u00e7 edildi. \u0130hra\u00e7 karar\u0131n\u0131n ard\u0131ndan te\u011fmenler An\u0131tkabir\u2019i ziyaret etti.\u00a0<\/p>\n<p>\u200bHaberin Al\u0131nt\u0131land\u0131\u011f\u0131 Kaynak: www.antalyakorfez.com<\/p>","protected":false},"excerpt":{"rendered":"<p>30 A\u011fustos&#8217;taki Kara Harp Okulu resmi mezuniyet t\u00f6reni ard\u0131ndan Subay And\u0131 okuyan 5 te\u011fmen, T\u00fcrk Silahl\u0131 Kuvvetleri\u2019nden ihra\u00e7 edildi. \u0130hra\u00e7 karar\u0131n\u0131n ard\u0131ndan An\u0131tkabir&#8217;e giden gen\u00e7 subaylar, Mustafa Kemal Atat\u00fcrk&#8217;\u00fc kabri ba\u015f\u0131nda and\u0131. \u00a0 TE\u011eMENLER ANITKAB\u0130R&#8217;DE\u00a0 30 A\u011fustos\u2019ta resmi mezuniyet t\u00f6reninin sona ermesinin ard\u0131ndan alanda tekrar toplanarak k\u0131l\u0131\u00e7 \u00e7atan, Subay And\u0131 okuyan ve \u201cMustafa Kemal\u2019in askerleriyiz\u201d slogan\u0131 atan te\u011fmenlerden Ebru Ero\u011flu, Batuhan Gazi K\u0131l\u0131\u00e7, Deniz Demirta\u015f, Talip \u0130zzet Akarsu ve Serhat G\u00fcndar T\u00fcrk Silahl\u0131 Kuvvetleri&#8217;nden (TSK) ihra\u00e7 edildi. DOKUZ K\u0130\u015e\u0130L\u0130K HEYETTEN \u0130K\u0130 \u00dcYEYE \u015eERH KOYDU Milli Savunma Bakanl\u0131\u011f\u0131, te\u011fmenlerin disiplin amiri konumunda olan B\u00f6l\u00fck Komutan\u0131 Binba\u015f\u0131 Murat \u00d6zt\u00fcrk, Tabur Komutan\u0131 Kurmay Yarbay Halit T\u00fcrko\u011flu ve Alay Komutan\u0131 Yard\u0131mc\u0131s\u0131 Albay Mustafa Alper Topsakal&#8217;\u0131n da &#8220;ay\u0131rma cezas\u0131&#8221; ald\u0131\u011f\u0131n\u0131 duyurdu. Disiplin amirlerinin \u00fcst r\u00fctbeli subaylar olmalar\u0131 dikkati \u00e7ekti. T24&#8217;\u00fcn edindi\u011fi bilgiye g\u00f6re, dokuz ki\u015filik heyetten iki \u00fcye \u015ferh koydu. \u0130hra\u00e7 karar\u0131na \u015ferh koyan iki \u00fcyenin de karar\u0131n ard\u0131ndan istifa etti\u011fi iddia edildi. \u200bKara Harp Okulu resmi mezuniyet t\u00f6reninin sonlanmas\u0131n\u0131n ard\u0131ndan Subay And\u0131 okuyan ve &#8220;Mustafa Kemal&#8217;in askerleriyiz&#8221; slogan\u0131 atan te\u011fmenler TSK\u2019dan ihra\u00e7 edildi. \u0130hra\u00e7 karar\u0131n\u0131n ard\u0131ndan te\u011fmenler An\u0131tkabir\u2019i ziyaret etti.\u00a0 \u200bHaberin Al\u0131nt\u0131land\u0131\u011f\u0131 Kaynak: www.antalyakorfez.com<\/p>","protected":false},"author":5,"featured_media":0,"comment_status":"open","ping_status":"open","sticky":false,"template":"","format":"standard","meta":{"_acf_changed":false,"footnotes":""},"categories":[24],"tags":[],"class_list":["post-29574","post","type-post","status-publish","format-standard","has-post-thumbnail","hentry","category-gundem"],"acf":[],"yoast_head":"<!-- This site is optimized with the Yoast SEO Premium plugin v26.6 (Yoast SEO v27.1.1) - https:\/\/yoast.com\/product\/yoast-seo-premium-wordpress\/ -->\n<title>\u0130hra\u00e7 edilen te\u011fmenler An\u0131tkabir&#039;de - Av. Deniz Can K\u0131z\u0131l<\/title>\n<meta name=\"robots\" content=\"index, follow, max-snippet:-1, max-image-preview:large, max-video-preview:-1\" \/>\n<link rel=\"canonical\" href=\"https:\/\/denizcankizil.tr\/ru\/haberler\/gundem\/ihrac-edilen-tegmenler-anitkabirde\/\" \/>\n<meta property=\"og:locale\" content=\"ru_RU\" \/>\n<meta property=\"og:type\" content=\"article\" \/>\n<meta property=\"og:title\" content=\"\u0130hra\u00e7 edilen te\u011fmenler An\u0131tkabir&#039;de\" \/>\n<meta property=\"og:description\" content=\"30 A\u011fustos&#8217;taki Kara Harp Okulu resmi mezuniyet t\u00f6reni ard\u0131ndan Subay And\u0131 okuyan 5 te\u011fmen, T\u00fcrk Silahl\u0131 Kuvvetleri\u2019nden ihra\u00e7 edildi. \u0130hra\u00e7 karar\u0131n\u0131n ard\u0131ndan An\u0131tkabir&#8217;e giden gen\u00e7 subaylar, Mustafa Kemal Atat\u00fcrk&#8217;\u00fc kabri ba\u015f\u0131nda and\u0131. \u00a0 TE\u011eMENLER ANITKAB\u0130R&#8217;DE\u00a0 30 A\u011fustos\u2019ta resmi mezuniyet t\u00f6reninin sona ermesinin ard\u0131ndan alanda tekrar toplanarak k\u0131l\u0131\u00e7 \u00e7atan, Subay And\u0131 okuyan ve \u201cMustafa Kemal\u2019in askerleriyiz\u201d slogan\u0131 atan te\u011fmenlerden Ebru Ero\u011flu, Batuhan Gazi K\u0131l\u0131\u00e7, Deniz Demirta\u015f, Talip \u0130zzet Akarsu ve Serhat G\u00fcndar T\u00fcrk Silahl\u0131 Kuvvetleri&#8217;nden (TSK) ihra\u00e7 edildi. DOKUZ K\u0130\u015e\u0130L\u0130K HEYETTEN \u0130K\u0130 \u00dcYEYE \u015eERH KOYDU Milli Savunma Bakanl\u0131\u011f\u0131, te\u011fmenlerin disiplin amiri konumunda olan B\u00f6l\u00fck Komutan\u0131 Binba\u015f\u0131 Murat \u00d6zt\u00fcrk, Tabur Komutan\u0131 Kurmay Yarbay Halit T\u00fcrko\u011flu ve Alay Komutan\u0131 Yard\u0131mc\u0131s\u0131 Albay Mustafa Alper Topsakal&#8217;\u0131n da &#8220;ay\u0131rma cezas\u0131&#8221; ald\u0131\u011f\u0131n\u0131 duyurdu. Disiplin amirlerinin \u00fcst r\u00fctbeli subaylar olmalar\u0131 dikkati \u00e7ekti. T24&#8217;\u00fcn edindi\u011fi bilgiye g\u00f6re, dokuz ki\u015filik heyetten iki \u00fcye \u015ferh koydu. \u0130hra\u00e7 karar\u0131na \u015ferh koyan iki \u00fcyenin de karar\u0131n ard\u0131ndan istifa etti\u011fi iddia edildi. \u200bKara Harp Okulu resmi mezuniyet t\u00f6reninin sonlanmas\u0131n\u0131n ard\u0131ndan Subay And\u0131 okuyan ve &#8220;Mustafa Kemal&#8217;in askerleriyiz&#8221; slogan\u0131 atan te\u011fmenler TSK\u2019dan ihra\u00e7 edildi. \u0130hra\u00e7 karar\u0131n\u0131n ard\u0131ndan te\u011fmenler An\u0131tkabir\u2019i ziyaret etti.\u00a0 \u200bHaberin Al\u0131nt\u0131land\u0131\u011f\u0131 Kaynak: www.antalyakorfez.com\" \/>\n<meta property=\"og:url\" content=\"https:\/\/denizcankizil.tr\/ru\/haberler\/gundem\/ihrac-edilen-tegmenler-anitkabirde\/\" \/>\n<meta property=\"og:site_name\" content=\"Av. Deniz Can K\u0131z\u0131l\" \/>\n<meta property=\"article:published_time\" content=\"2025-02-02T15:41:17+00:00\" \/>\n<meta name=\"author\" content=\"Antalya K\u00f6rfez\" \/>\n<meta name=\"twitter:card\" content=\"summary_large_image\" \/>\n<meta name=\"twitter:label1\" content=\"\u041d\u0430\u043f\u0438\u0441\u0430\u043d\u043e \u0430\u0432\u0442\u043e\u0440\u043e\u043c\" \/>\n\t<meta name=\"twitter:data1\" content=\"Antalya K\u00f6rfez\" \/>\n\t<meta name=\"twitter:label2\" content=\"\u041f\u0440\u0438\u043c\u0435\u0440\u043d\u043e\u0435 \u0432\u0440\u0435\u043c\u044f \u0434\u043b\u044f \u0447\u0442\u0435\u043d\u0438\u044f\" \/>\n\t<meta name=\"twitter:data2\" content=\"1 \u043c\u0438\u043d\u0443\u0442\u0430\" \/>\n<script type=\"application\/ld+json\" class=\"yoast-schema-graph\">{\"@context\":\"https:\/\/schema.org\",\"@graph\":[{\"@type\":\"Article\",\"@id\":\"https:\/\/denizcankizil.tr\/ru\/haberler\/gundem\/ihrac-edilen-tegmenler-anitkabirde\/#article\",\"isPartOf\":{\"@id\":\"https:\/\/denizcankizil.tr\/ru\/haberler\/gundem\/ihrac-edilen-tegmenler-anitkabirde\/\"},\"author\":{\"name\":\"Antalya K\u00f6rfez\",\"@id\":\"https:\/\/denizcankizil.tr\/#\/schema\/person\/e1eb71bb4dd684d46563f0af307e1234\"},\"headline\":\"\u0130hra\u00e7 edilen te\u011fmenler An\u0131tkabir&#8217;de\",\"datePublished\":\"2025-02-02T15:41:17+00:00\",\"mainEntityOfPage\":{\"@id\":\"https:\/\/denizcankizil.tr\/ru\/haberler\/gundem\/ihrac-edilen-tegmenler-anitkabirde\/\"},\"wordCount\":251,\"commentCount\":0,\"publisher\":{\"@id\":\"https:\/\/denizcankizil.tr\/#organization\"},\"articleSection\":[\"G\u00fcndem\"],\"inLanguage\":\"ru-RU\",\"potentialAction\":[{\"@type\":\"CommentAction\",\"name\":\"Comment\",\"target\":[\"https:\/\/denizcankizil.tr\/ru\/haberler\/gundem\/ihrac-edilen-tegmenler-anitkabirde\/#respond\"]}]},{\"@type\":\"WebPage\",\"@id\":\"https:\/\/denizcankizil.tr\/ru\/haberler\/gundem\/ihrac-edilen-tegmenler-anitkabirde\/\",\"url\":\"https:\/\/denizcankizil.tr\/ru\/haberler\/gundem\/ihrac-edilen-tegmenler-anitkabirde\/\",\"name\":\"\u0130hra\u00e7 edilen te\u011fmenler An\u0131tkabir'de - Av. Deniz Can K\u0131z\u0131l\",\"isPartOf\":{\"@id\":\"https:\/\/denizcankizil.tr\/#website\"},\"datePublished\":\"2025-02-02T15:41:17+00:00\",\"breadcrumb\":{\"@id\":\"https:\/\/denizcankizil.tr\/ru\/haberler\/gundem\/ihrac-edilen-tegmenler-anitkabirde\/#breadcrumb\"},\"inLanguage\":\"ru-RU\",\"potentialAction\":[{\"@type\":\"ReadAction\",\"target\":[\"https:\/\/denizcankizil.tr\/ru\/haberler\/gundem\/ihrac-edilen-tegmenler-anitkabirde\/\"]}]},{\"@type\":\"BreadcrumbList\",\"@id\":\"https:\/\/denizcankizil.tr\/ru\/haberler\/gundem\/ihrac-edilen-tegmenler-anitkabirde\/#breadcrumb\",\"itemListElement\":[{\"@type\":\"ListItem\",\"position\":1,\"name\":\"Home\",\"item\":\"https:\/\/denizcankizil.tr\/de\/\"},{\"@type\":\"ListItem\",\"position\":2,\"name\":\"\u0130hra\u00e7 edilen te\u011fmenler An\u0131tkabir&#8217;de\"}]},{\"@type\":\"WebSite\",\"@id\":\"https:\/\/denizcankizil.tr\/#website\",\"url\":\"https:\/\/denizcankizil.tr\/\",\"name\":\"Av. Deniz Can K\u0131z\u0131l\",\"description\":\"Avukat Deniz Can K\u0131z\u0131l Antalya Barosu\",\"publisher\":{\"@id\":\"https:\/\/denizcankizil.tr\/#organization\"},\"potentialAction\":[{\"@type\":\"SearchAction\",\"target\":{\"@type\":\"EntryPoint\",\"urlTemplate\":\"https:\/\/denizcankizil.tr\/?s={search_term_string}\"},\"query-input\":{\"@type\":\"PropertyValueSpecification\",\"valueRequired\":true,\"valueName\":\"search_term_string\"}}],\"inLanguage\":\"ru-RU\"},{\"@type\":\"Organization\",\"@id\":\"https:\/\/denizcankizil.tr\/#organization\",\"name\":\"Av. Deniz Can K\u0131z\u0131l\",\"url\":\"https:\/\/denizcankizil.tr\/\",\"logo\":{\"@type\":\"ImageObject\",\"inLanguage\":\"ru-RU\",\"@id\":\"https:\/\/denizcankizil.tr\/#\/schema\/logo\/image\/\",\"url\":\"https:\/\/denizcankizil.tr\/wp-content\/uploads\/2024\/10\/siyah-logo-svg.svg\",\"contentUrl\":\"https:\/\/denizcankizil.tr\/wp-content\/uploads\/2024\/10\/siyah-logo-svg.svg\",\"width\":1080,\"height\":1080,\"caption\":\"Av. Deniz Can K\u0131z\u0131l\"},\"image\":{\"@id\":\"https:\/\/denizcankizil.tr\/#\/schema\/logo\/image\/\"}},{\"@type\":\"Person\",\"@id\":\"https:\/\/denizcankizil.tr\/#\/schema\/person\/e1eb71bb4dd684d46563f0af307e1234\",\"name\":\"Antalya K\u00f6rfez\",\"image\":{\"@type\":\"ImageObject\",\"inLanguage\":\"ru-RU\",\"@id\":\"https:\/\/denizcankizil.tr\/#\/schema\/person\/image\/\",\"url\":\"https:\/\/secure.gravatar.com\/avatar\/42b01982558a48a0b501fdcab6a408d3717ea5919095ee2e67b0e521799c5905?s=96&d=mm&r=g\",\"contentUrl\":\"https:\/\/secure.gravatar.com\/avatar\/42b01982558a48a0b501fdcab6a408d3717ea5919095ee2e67b0e521799c5905?s=96&d=mm&r=g\",\"caption\":\"Antalya K\u00f6rfez\"},\"sameAs\":[\"http:\/\/www.antalyakorfez.com\"],\"url\":\"https:\/\/www.antalyakorfez.com\/ihrac-edilen-tegmenler-anitkabirde\"}]}<\/script>\n<!-- \/ Yoast SEO Premium plugin. -->","yoast_head_json":{"title":"\u0130hra\u00e7 edilen te\u011fmenler An\u0131tkabir'de - Av. Deniz Can K\u0131z\u0131l","robots":{"index":"index","follow":"follow","max-snippet":"max-snippet:-1","max-image-preview":"max-image-preview:large","max-video-preview":"max-video-preview:-1"},"canonical":"https:\/\/denizcankizil.tr\/ru\/haberler\/gundem\/ihrac-edilen-tegmenler-anitkabirde\/","og_locale":"ru_RU","og_type":"article","og_title":"\u0130hra\u00e7 edilen te\u011fmenler An\u0131tkabir'de","og_description":"30 A\u011fustos&#8217;taki Kara Harp Okulu resmi mezuniyet t\u00f6reni ard\u0131ndan Subay And\u0131 okuyan 5 te\u011fmen, T\u00fcrk Silahl\u0131 Kuvvetleri\u2019nden ihra\u00e7 edildi. \u0130hra\u00e7 karar\u0131n\u0131n ard\u0131ndan An\u0131tkabir&#8217;e giden gen\u00e7 subaylar, Mustafa Kemal Atat\u00fcrk&#8217;\u00fc kabri ba\u015f\u0131nda and\u0131. \u00a0 TE\u011eMENLER ANITKAB\u0130R&#8217;DE\u00a0 30 A\u011fustos\u2019ta resmi mezuniyet t\u00f6reninin sona ermesinin ard\u0131ndan alanda tekrar toplanarak k\u0131l\u0131\u00e7 \u00e7atan, Subay And\u0131 okuyan ve \u201cMustafa Kemal\u2019in askerleriyiz\u201d slogan\u0131 atan te\u011fmenlerden Ebru Ero\u011flu, Batuhan Gazi K\u0131l\u0131\u00e7, Deniz Demirta\u015f, Talip \u0130zzet Akarsu ve Serhat G\u00fcndar T\u00fcrk Silahl\u0131 Kuvvetleri&#8217;nden (TSK) ihra\u00e7 edildi. DOKUZ K\u0130\u015e\u0130L\u0130K HEYETTEN \u0130K\u0130 \u00dcYEYE \u015eERH KOYDU Milli Savunma Bakanl\u0131\u011f\u0131, te\u011fmenlerin disiplin amiri konumunda olan B\u00f6l\u00fck Komutan\u0131 Binba\u015f\u0131 Murat \u00d6zt\u00fcrk, Tabur Komutan\u0131 Kurmay Yarbay Halit T\u00fcrko\u011flu ve Alay Komutan\u0131 Yard\u0131mc\u0131s\u0131 Albay Mustafa Alper Topsakal&#8217;\u0131n da &#8220;ay\u0131rma cezas\u0131&#8221; ald\u0131\u011f\u0131n\u0131 duyurdu. Disiplin amirlerinin \u00fcst r\u00fctbeli subaylar olmalar\u0131 dikkati \u00e7ekti. T24&#8217;\u00fcn edindi\u011fi bilgiye g\u00f6re, dokuz ki\u015filik heyetten iki \u00fcye \u015ferh koydu. \u0130hra\u00e7 karar\u0131na \u015ferh koyan iki \u00fcyenin de karar\u0131n ard\u0131ndan istifa etti\u011fi iddia edildi. \u200bKara Harp Okulu resmi mezuniyet t\u00f6reninin sonlanmas\u0131n\u0131n ard\u0131ndan Subay And\u0131 okuyan ve &#8220;Mustafa Kemal&#8217;in askerleriyiz&#8221; slogan\u0131 atan te\u011fmenler TSK\u2019dan ihra\u00e7 edildi. \u0130hra\u00e7 karar\u0131n\u0131n ard\u0131ndan te\u011fmenler An\u0131tkabir\u2019i ziyaret etti.\u00a0 \u200bHaberin Al\u0131nt\u0131land\u0131\u011f\u0131 Kaynak: www.antalyakorfez.com","og_url":"https:\/\/denizcankizil.tr\/ru\/haberler\/gundem\/ihrac-edilen-tegmenler-anitkabirde\/","og_site_name":"Av. Deniz Can K\u0131z\u0131l","article_published_time":"2025-02-02T15:41:17+00:00","author":"Antalya K\u00f6rfez","twitter_card":"summary_large_image","twitter_misc":{"\u041d\u0430\u043f\u0438\u0441\u0430\u043d\u043e \u0430\u0432\u0442\u043e\u0440\u043e\u043c":"Antalya K\u00f6rfez","\u041f\u0440\u0438\u043c\u0435\u0440\u043d\u043e\u0435 \u0432\u0440\u0435\u043c\u044f \u0434\u043b\u044f \u0447\u0442\u0435\u043d\u0438\u044f":"1 \u043c\u0438\u043d\u0443\u0442\u0430"},"schema":{"@context":"https:\/\/schema.org","@graph":[{"@type":"Article","@id":"https:\/\/denizcankizil.tr\/ru\/haberler\/gundem\/ihrac-edilen-tegmenler-anitkabirde\/#article","isPartOf":{"@id":"https:\/\/denizcankizil.tr\/ru\/haberler\/gundem\/ihrac-edilen-tegmenler-anitkabirde\/"},"author":{"name":"Antalya K\u00f6rfez","@id":"https:\/\/denizcankizil.tr\/#\/schema\/person\/e1eb71bb4dd684d46563f0af307e1234"},"headline":"\u0130hra\u00e7 edilen te\u011fmenler An\u0131tkabir&#8217;de","datePublished":"2025-02-02T15:41:17+00:00","mainEntityOfPage":{"@id":"https:\/\/denizcankizil.tr\/ru\/haberler\/gundem\/ihrac-edilen-tegmenler-anitkabirde\/"},"wordCount":251,"commentCount":0,"publisher":{"@id":"https:\/\/denizcankizil.tr\/#organization"},"articleSection":["G\u00fcndem"],"inLanguage":"ru-RU","potentialAction":[{"@type":"CommentAction","name":"Comment","target":["https:\/\/denizcankizil.tr\/ru\/haberler\/gundem\/ihrac-edilen-tegmenler-anitkabirde\/#respond"]}]},{"@type":"WebPage","@id":"https:\/\/denizcankizil.tr\/ru\/haberler\/gundem\/ihrac-edilen-tegmenler-anitkabirde\/","url":"https:\/\/denizcankizil.tr\/ru\/haberler\/gundem\/ihrac-edilen-tegmenler-anitkabirde\/","name":"\u0130hra\u00e7 edilen te\u011fmenler An\u0131tkabir'de - Av. Deniz Can K\u0131z\u0131l","isPartOf":{"@id":"https:\/\/denizcankizil.tr\/#website"},"datePublished":"2025-02-02T15:41:17+00:00","breadcrumb":{"@id":"https:\/\/denizcankizil.tr\/ru\/haberler\/gundem\/ihrac-edilen-tegmenler-anitkabirde\/#breadcrumb"},"inLanguage":"ru-RU","potentialAction":[{"@type":"ReadAction","target":["https:\/\/denizcankizil.tr\/ru\/haberler\/gundem\/ihrac-edilen-tegmenler-anitkabirde\/"]}]},{"@type":"BreadcrumbList","@id":"https:\/\/denizcankizil.tr\/ru\/haberler\/gundem\/ihrac-edilen-tegmenler-anitkabirde\/#breadcrumb","itemListElement":[{"@type":"ListItem","position":1,"name":"Home","item":"https:\/\/denizcankizil.tr\/de\/"},{"@type":"ListItem","position":2,"name":"\u0130hra\u00e7 edilen te\u011fmenler An\u0131tkabir&#8217;de"}]},{"@type":"WebSite","@id":"https:\/\/denizcankizil.tr\/#website","url":"https:\/\/denizcankizil.tr\/","name":"Av. Deniz Can K\u0131z\u0131l","description":"Avukat Deniz Can K\u0131z\u0131l Antalya Barosu","publisher":{"@id":"https:\/\/denizcankizil.tr\/#organization"},"potentialAction":[{"@type":"SearchAction","target":{"@type":"EntryPoint","urlTemplate":"https:\/\/denizcankizil.tr\/?s={search_term_string}"},"query-input":{"@type":"PropertyValueSpecification","valueRequired":true,"valueName":"search_term_string"}}],"inLanguage":"ru-RU"},{"@type":"Organization","@id":"https:\/\/denizcankizil.tr\/#organization","name":"Av. Deniz Can K\u0131z\u0131l","url":"https:\/\/denizcankizil.tr\/","logo":{"@type":"ImageObject","inLanguage":"ru-RU","@id":"https:\/\/denizcankizil.tr\/#\/schema\/logo\/image\/","url":"https:\/\/denizcankizil.tr\/wp-content\/uploads\/2024\/10\/siyah-logo-svg.svg","contentUrl":"https:\/\/denizcankizil.tr\/wp-content\/uploads\/2024\/10\/siyah-logo-svg.svg","width":1080,"height":1080,"caption":"Av. Deniz Can K\u0131z\u0131l"},"image":{"@id":"https:\/\/denizcankizil.tr\/#\/schema\/logo\/image\/"}},{"@type":"Person","@id":"https:\/\/denizcankizil.tr\/#\/schema\/person\/e1eb71bb4dd684d46563f0af307e1234","name":"Antalya K\u00f6rfez","image":{"@type":"ImageObject","inLanguage":"ru-RU","@id":"https:\/\/denizcankizil.tr\/#\/schema\/person\/image\/","url":"https:\/\/secure.gravatar.com\/avatar\/42b01982558a48a0b501fdcab6a408d3717ea5919095ee2e67b0e521799c5905?s=96&d=mm&r=g","contentUrl":"https:\/\/secure.gravatar.com\/avatar\/42b01982558a48a0b501fdcab6a408d3717ea5919095ee2e67b0e521799c5905?s=96&d=mm&r=g","caption":"Antalya K\u00f6rfez"},"sameAs":["http:\/\/www.antalyakorfez.com"],"url":"https:\/\/www.antalyakorfez.com\/ihrac-edilen-tegmenler-anitkabirde"}]}},"_links":{"self":[{"href":"https:\/\/denizcankizil.tr\/ru\/wp-json\/wp\/v2\/posts\/29574","targetHints":{"allow":["GET"]}}],"collection":[{"href":"https:\/\/denizcankizil.tr\/ru\/wp-json\/wp\/v2\/posts"}],"about":[{"href":"https:\/\/denizcankizil.tr\/ru\/wp-json\/wp\/v2\/types\/post"}],"author":[{"embeddable":true,"href":"https:\/\/denizcankizil.tr\/ru\/wp-json\/wp\/v2\/users\/5"}],"replies":[{"embeddable":true,"href":"https:\/\/denizcankizil.tr\/ru\/wp-json\/wp\/v2\/comments?post=29574"}],"version-history":[{"count":0,"href":"https:\/\/denizcankizil.tr\/ru\/wp-json\/wp\/v2\/posts\/29574\/revisions"}],"wp:attachment":[{"href":"https:\/\/denizcankizil.tr\/ru\/wp-json\/wp\/v2\/media?parent=29574"}],"wp:term":[{"taxonomy":"category","embeddable":true,"href":"https:\/\/denizcankizil.tr\/ru\/wp-json\/wp\/v2\/categories?post=29574"},{"taxonomy":"post_tag","embeddable":true,"href":"https:\/\/denizcankizil.tr\/ru\/wp-json\/wp\/v2\/tags?post=29574"}],"curies":[{"name":"wp","href":"https:\/\/api.w.org\/{rel}","templated":true}]}}