{"id":29489,"date":"2025-02-02T10:41:25","date_gmt":"2025-02-02T07:41:25","guid":{"rendered":"https:\/\/denizcankizil.tr\/uncategorized-tr\/narin-guran-cinyeti-saniklarindan-anne-ve-agabeyin-cezaevi-degisti\/"},"modified":"2025-02-02T10:41:25","modified_gmt":"2025-02-02T07:41:25","slug":"narin-guran-cinyeti-saniklarindan-anne-ve-agabeyin-cezaevi-degisti","status":"publish","type":"post","link":"https:\/\/denizcankizil.tr\/ru\/haberler\/gundem\/narin-guran-cinyeti-saniklarindan-anne-ve-agabeyin-cezaevi-degisti\/","title":{"rendered":"Narin G\u00fcran cin*yeti san\u0131klar\u0131ndan anne ve a\u011fabeyin cezaevi de\u011fi\u015fti"},"content":{"rendered":"<p>Diyarbak\u0131r\u2019\u0131n Ba\u011flar il\u00e7esine ba\u011fl\u0131 Tav\u015fantepe Mahallesi\u2019nde \u00f6ld*r\u00fclen Narin G\u00fcran cin*yetinde yeni bir geli\u015fme ya\u015fand\u0131. D\u00f6rt san\u0131k farkl\u0131 cezaevlerine sevk edildi. Anne Y\u00fcksel G\u00fcran ile a\u011fabey Enes G\u00fcran d\u00fcn karayoluyla Erzincan&#8217;a, amca Salim G\u00fcran Erzurum&#8217;a g\u00f6nderildi.\u00a0<\/p>\n<p>NEVZAT BAHT\u0130YAR\u2019DA ADANA\u2019YA NAKLED\u0130LD\u0130\u00a0<\/p>\n<p>Narin&#8217;in cans\u0131z bedenini dereye g\u00f6men itiraf\u00e7\u0131 Nevzat Bahtiyar ise Adana&#8217;ya sevk edildi. G\u00fcran ailesinden \u00fc\u00e7 san\u0131k, &#8216;i\u015ftir\u00e2k halinde \u00e7ocu\u011fa kar\u015f\u0131 kasten \u00f6ld*rme&#8217; su\u00e7undan a\u011f\u0131rla\u015ft\u0131r\u0131lm\u0131\u015f m\u00fcebbet hapis cezas\u0131na \u00e7arpt\u0131r\u0131lm\u0131\u015ft\u0131.\u00a0<\/p>\n<p>\u00a0 \u00a0 \u00a0 \u00a0 \u00a0 \u00a0 \u00a0 \u00a0 \u00a0 \u00a0 \u00a0 \u00a0 \u00a0 \u00a0 \u00a0 \u00a0 \u00a0\u00a0<br \/>\n\u00a0<\/p>\n<p>\u200bDiyarbak\u0131r\u2019\u0131n Ba\u011flar il\u00e7esine ba\u011fl\u0131 Tav\u015fantepe Mahallesi\u2019nde \u00f6ld*r\u00fclen Narin G\u00fcran cin*yetinin h\u00fck\u00fcm giyen anne  Y\u00fcksel G\u00fcran ile a\u011fabey Enes G\u00fcran d\u00fcn karayoluyla Erzincan&#8217;a, amca Salim G\u00fcran ise Erzurum&#8217;a g\u00f6nderildi\u00a0<\/p>\n<p>\u200bHaberin Al\u0131nt\u0131land\u0131\u011f\u0131 Kaynak: www.antalyakorfez.com<\/p>","protected":false},"excerpt":{"rendered":"<p>Diyarbak\u0131r\u2019\u0131n Ba\u011flar il\u00e7esine ba\u011fl\u0131 Tav\u015fantepe Mahallesi\u2019nde \u00f6ld*r\u00fclen Narin G\u00fcran cin*yetinde yeni bir geli\u015fme ya\u015fand\u0131. D\u00f6rt san\u0131k farkl\u0131 cezaevlerine sevk edildi. Anne Y\u00fcksel G\u00fcran ile a\u011fabey Enes G\u00fcran d\u00fcn karayoluyla Erzincan&#8217;a, amca Salim G\u00fcran Erzurum&#8217;a g\u00f6nderildi.\u00a0 NEVZAT BAHT\u0130YAR\u2019DA ADANA\u2019YA NAKLED\u0130LD\u0130\u00a0 Narin&#8217;in cans\u0131z bedenini dereye g\u00f6men itiraf\u00e7\u0131 Nevzat Bahtiyar ise Adana&#8217;ya sevk edildi. G\u00fcran ailesinden \u00fc\u00e7 san\u0131k, &#8216;i\u015ftir\u00e2k halinde \u00e7ocu\u011fa kar\u015f\u0131 kasten \u00f6ld*rme&#8217; su\u00e7undan a\u011f\u0131rla\u015ft\u0131r\u0131lm\u0131\u015f m\u00fcebbet hapis cezas\u0131na \u00e7arpt\u0131r\u0131lm\u0131\u015ft\u0131.\u00a0 \u00a0 \u00a0 \u00a0 \u00a0 \u00a0 \u00a0 \u00a0 \u00a0 \u00a0 \u00a0 \u00a0 \u00a0 \u00a0 \u00a0 \u00a0 \u00a0 \u00a0\u00a0 \u00a0 \u200bDiyarbak\u0131r\u2019\u0131n Ba\u011flar il\u00e7esine ba\u011fl\u0131 Tav\u015fantepe Mahallesi\u2019nde \u00f6ld*r\u00fclen Narin G\u00fcran cin*yetinin h\u00fck\u00fcm giyen anne Y\u00fcksel G\u00fcran ile a\u011fabey Enes G\u00fcran d\u00fcn karayoluyla Erzincan&#8217;a, amca Salim G\u00fcran ise Erzurum&#8217;a g\u00f6nderildi\u00a0 \u200bHaberin Al\u0131nt\u0131land\u0131\u011f\u0131 Kaynak: www.antalyakorfez.com<\/p>","protected":false},"author":5,"featured_media":0,"comment_status":"open","ping_status":"open","sticky":false,"template":"","format":"standard","meta":{"_acf_changed":false,"footnotes":""},"categories":[24],"tags":[],"class_list":["post-29489","post","type-post","status-publish","format-standard","has-post-thumbnail","hentry","category-gundem"],"acf":[],"yoast_head":"<!-- This site is optimized with the Yoast SEO Premium plugin v26.6 (Yoast SEO v27.1.1) - https:\/\/yoast.com\/product\/yoast-seo-premium-wordpress\/ -->\n<title>Narin G\u00fcran cin*yeti san\u0131klar\u0131ndan anne ve a\u011fabeyin cezaevi de\u011fi\u015fti - Av. Deniz Can K\u0131z\u0131l<\/title>\n<meta name=\"robots\" content=\"index, follow, max-snippet:-1, max-image-preview:large, max-video-preview:-1\" \/>\n<link rel=\"canonical\" href=\"https:\/\/denizcankizil.tr\/ru\/haberler\/gundem\/narin-guran-cinyeti-saniklarindan-anne-ve-agabeyin-cezaevi-degisti\/\" \/>\n<meta property=\"og:locale\" content=\"ru_RU\" \/>\n<meta property=\"og:type\" content=\"article\" \/>\n<meta property=\"og:title\" content=\"Narin G\u00fcran cin*yeti san\u0131klar\u0131ndan anne ve a\u011fabeyin cezaevi de\u011fi\u015fti\" \/>\n<meta property=\"og:description\" content=\"Diyarbak\u0131r\u2019\u0131n Ba\u011flar il\u00e7esine ba\u011fl\u0131 Tav\u015fantepe Mahallesi\u2019nde \u00f6ld*r\u00fclen Narin G\u00fcran cin*yetinde yeni bir geli\u015fme ya\u015fand\u0131. D\u00f6rt san\u0131k farkl\u0131 cezaevlerine sevk edildi. Anne Y\u00fcksel G\u00fcran ile a\u011fabey Enes G\u00fcran d\u00fcn karayoluyla Erzincan&#8217;a, amca Salim G\u00fcran Erzurum&#8217;a g\u00f6nderildi.\u00a0 NEVZAT BAHT\u0130YAR\u2019DA ADANA\u2019YA NAKLED\u0130LD\u0130\u00a0 Narin&#8217;in cans\u0131z bedenini dereye g\u00f6men itiraf\u00e7\u0131 Nevzat Bahtiyar ise Adana&#8217;ya sevk edildi. G\u00fcran ailesinden \u00fc\u00e7 san\u0131k, &#8216;i\u015ftir\u00e2k halinde \u00e7ocu\u011fa kar\u015f\u0131 kasten \u00f6ld*rme&#8217; su\u00e7undan a\u011f\u0131rla\u015ft\u0131r\u0131lm\u0131\u015f m\u00fcebbet hapis cezas\u0131na \u00e7arpt\u0131r\u0131lm\u0131\u015ft\u0131.\u00a0 \u00a0 \u00a0 \u00a0 \u00a0 \u00a0 \u00a0 \u00a0 \u00a0 \u00a0 \u00a0 \u00a0 \u00a0 \u00a0 \u00a0 \u00a0 \u00a0 \u00a0\u00a0 \u00a0 \u200bDiyarbak\u0131r\u2019\u0131n Ba\u011flar il\u00e7esine ba\u011fl\u0131 Tav\u015fantepe Mahallesi\u2019nde \u00f6ld*r\u00fclen Narin G\u00fcran cin*yetinin h\u00fck\u00fcm giyen anne Y\u00fcksel G\u00fcran ile a\u011fabey Enes G\u00fcran d\u00fcn karayoluyla Erzincan&#8217;a, amca Salim G\u00fcran ise Erzurum&#8217;a g\u00f6nderildi\u00a0 \u200bHaberin Al\u0131nt\u0131land\u0131\u011f\u0131 Kaynak: www.antalyakorfez.com\" \/>\n<meta property=\"og:url\" content=\"https:\/\/denizcankizil.tr\/ru\/haberler\/gundem\/narin-guran-cinyeti-saniklarindan-anne-ve-agabeyin-cezaevi-degisti\/\" \/>\n<meta property=\"og:site_name\" content=\"Av. Deniz Can K\u0131z\u0131l\" \/>\n<meta property=\"article:published_time\" content=\"2025-02-02T07:41:25+00:00\" \/>\n<meta name=\"author\" content=\"Antalya K\u00f6rfez\" \/>\n<meta name=\"twitter:card\" content=\"summary_large_image\" \/>\n<meta name=\"twitter:label1\" content=\"\u041d\u0430\u043f\u0438\u0441\u0430\u043d\u043e \u0430\u0432\u0442\u043e\u0440\u043e\u043c\" \/>\n\t<meta name=\"twitter:data1\" content=\"Antalya K\u00f6rfez\" \/>\n\t<meta name=\"twitter:label2\" content=\"\u041f\u0440\u0438\u043c\u0435\u0440\u043d\u043e\u0435 \u0432\u0440\u0435\u043c\u044f \u0434\u043b\u044f \u0447\u0442\u0435\u043d\u0438\u044f\" \/>\n\t<meta name=\"twitter:data2\" content=\"1 \u043c\u0438\u043d\u0443\u0442\u0430\" \/>\n<script type=\"application\/ld+json\" class=\"yoast-schema-graph\">{\"@context\":\"https:\/\/schema.org\",\"@graph\":[{\"@type\":\"Article\",\"@id\":\"https:\/\/denizcankizil.tr\/ru\/haberler\/gundem\/narin-guran-cinyeti-saniklarindan-anne-ve-agabeyin-cezaevi-degisti\/#article\",\"isPartOf\":{\"@id\":\"https:\/\/denizcankizil.tr\/ru\/haberler\/gundem\/narin-guran-cinyeti-saniklarindan-anne-ve-agabeyin-cezaevi-degisti\/\"},\"author\":{\"name\":\"Antalya K\u00f6rfez\",\"@id\":\"https:\/\/denizcankizil.tr\/#\/schema\/person\/e1eb71bb4dd684d46563f0af307e1234\"},\"headline\":\"Narin G\u00fcran cin*yeti san\u0131klar\u0131ndan anne ve a\u011fabeyin cezaevi de\u011fi\u015fti\",\"datePublished\":\"2025-02-02T07:41:25+00:00\",\"mainEntityOfPage\":{\"@id\":\"https:\/\/denizcankizil.tr\/ru\/haberler\/gundem\/narin-guran-cinyeti-saniklarindan-anne-ve-agabeyin-cezaevi-degisti\/\"},\"wordCount\":188,\"commentCount\":0,\"publisher\":{\"@id\":\"https:\/\/denizcankizil.tr\/#organization\"},\"articleSection\":[\"G\u00fcndem\"],\"inLanguage\":\"ru-RU\",\"potentialAction\":[{\"@type\":\"CommentAction\",\"name\":\"Comment\",\"target\":[\"https:\/\/denizcankizil.tr\/ru\/haberler\/gundem\/narin-guran-cinyeti-saniklarindan-anne-ve-agabeyin-cezaevi-degisti\/#respond\"]}]},{\"@type\":\"WebPage\",\"@id\":\"https:\/\/denizcankizil.tr\/ru\/haberler\/gundem\/narin-guran-cinyeti-saniklarindan-anne-ve-agabeyin-cezaevi-degisti\/\",\"url\":\"https:\/\/denizcankizil.tr\/ru\/haberler\/gundem\/narin-guran-cinyeti-saniklarindan-anne-ve-agabeyin-cezaevi-degisti\/\",\"name\":\"Narin G\u00fcran cin*yeti san\u0131klar\u0131ndan anne ve a\u011fabeyin cezaevi de\u011fi\u015fti - Av. Deniz Can K\u0131z\u0131l\",\"isPartOf\":{\"@id\":\"https:\/\/denizcankizil.tr\/#website\"},\"datePublished\":\"2025-02-02T07:41:25+00:00\",\"breadcrumb\":{\"@id\":\"https:\/\/denizcankizil.tr\/ru\/haberler\/gundem\/narin-guran-cinyeti-saniklarindan-anne-ve-agabeyin-cezaevi-degisti\/#breadcrumb\"},\"inLanguage\":\"ru-RU\",\"potentialAction\":[{\"@type\":\"ReadAction\",\"target\":[\"https:\/\/denizcankizil.tr\/ru\/haberler\/gundem\/narin-guran-cinyeti-saniklarindan-anne-ve-agabeyin-cezaevi-degisti\/\"]}]},{\"@type\":\"BreadcrumbList\",\"@id\":\"https:\/\/denizcankizil.tr\/ru\/haberler\/gundem\/narin-guran-cinyeti-saniklarindan-anne-ve-agabeyin-cezaevi-degisti\/#breadcrumb\",\"itemListElement\":[{\"@type\":\"ListItem\",\"position\":1,\"name\":\"Home\",\"item\":\"https:\/\/denizcankizil.tr\/de\/\"},{\"@type\":\"ListItem\",\"position\":2,\"name\":\"Narin G\u00fcran cin*yeti san\u0131klar\u0131ndan anne ve a\u011fabeyin cezaevi de\u011fi\u015fti\"}]},{\"@type\":\"WebSite\",\"@id\":\"https:\/\/denizcankizil.tr\/#website\",\"url\":\"https:\/\/denizcankizil.tr\/\",\"name\":\"Av. Deniz Can K\u0131z\u0131l\",\"description\":\"Avukat Deniz Can K\u0131z\u0131l Antalya Barosu\",\"publisher\":{\"@id\":\"https:\/\/denizcankizil.tr\/#organization\"},\"potentialAction\":[{\"@type\":\"SearchAction\",\"target\":{\"@type\":\"EntryPoint\",\"urlTemplate\":\"https:\/\/denizcankizil.tr\/?s={search_term_string}\"},\"query-input\":{\"@type\":\"PropertyValueSpecification\",\"valueRequired\":true,\"valueName\":\"search_term_string\"}}],\"inLanguage\":\"ru-RU\"},{\"@type\":\"Organization\",\"@id\":\"https:\/\/denizcankizil.tr\/#organization\",\"name\":\"Av. Deniz Can K\u0131z\u0131l\",\"url\":\"https:\/\/denizcankizil.tr\/\",\"logo\":{\"@type\":\"ImageObject\",\"inLanguage\":\"ru-RU\",\"@id\":\"https:\/\/denizcankizil.tr\/#\/schema\/logo\/image\/\",\"url\":\"https:\/\/denizcankizil.tr\/wp-content\/uploads\/2024\/10\/siyah-logo-svg.svg\",\"contentUrl\":\"https:\/\/denizcankizil.tr\/wp-content\/uploads\/2024\/10\/siyah-logo-svg.svg\",\"width\":1080,\"height\":1080,\"caption\":\"Av. Deniz Can K\u0131z\u0131l\"},\"image\":{\"@id\":\"https:\/\/denizcankizil.tr\/#\/schema\/logo\/image\/\"}},{\"@type\":\"Person\",\"@id\":\"https:\/\/denizcankizil.tr\/#\/schema\/person\/e1eb71bb4dd684d46563f0af307e1234\",\"name\":\"Antalya K\u00f6rfez\",\"image\":{\"@type\":\"ImageObject\",\"inLanguage\":\"ru-RU\",\"@id\":\"https:\/\/denizcankizil.tr\/#\/schema\/person\/image\/\",\"url\":\"https:\/\/secure.gravatar.com\/avatar\/42b01982558a48a0b501fdcab6a408d3717ea5919095ee2e67b0e521799c5905?s=96&d=mm&r=g\",\"contentUrl\":\"https:\/\/secure.gravatar.com\/avatar\/42b01982558a48a0b501fdcab6a408d3717ea5919095ee2e67b0e521799c5905?s=96&d=mm&r=g\",\"caption\":\"Antalya K\u00f6rfez\"},\"sameAs\":[\"http:\/\/www.antalyakorfez.com\"],\"url\":\"https:\/\/www.antalyakorfez.com\/narin-guran-cinyeti-saniklarindan-anne-ve-agabeyin-cezaevi-degisti\"}]}<\/script>\n<!-- \/ Yoast SEO Premium plugin. -->","yoast_head_json":{"title":"Narin G\u00fcran cin*yeti san\u0131klar\u0131ndan anne ve a\u011fabeyin cezaevi de\u011fi\u015fti - Av. Deniz Can K\u0131z\u0131l","robots":{"index":"index","follow":"follow","max-snippet":"max-snippet:-1","max-image-preview":"max-image-preview:large","max-video-preview":"max-video-preview:-1"},"canonical":"https:\/\/denizcankizil.tr\/ru\/haberler\/gundem\/narin-guran-cinyeti-saniklarindan-anne-ve-agabeyin-cezaevi-degisti\/","og_locale":"ru_RU","og_type":"article","og_title":"Narin G\u00fcran cin*yeti san\u0131klar\u0131ndan anne ve a\u011fabeyin cezaevi de\u011fi\u015fti","og_description":"Diyarbak\u0131r\u2019\u0131n Ba\u011flar il\u00e7esine ba\u011fl\u0131 Tav\u015fantepe Mahallesi\u2019nde \u00f6ld*r\u00fclen Narin G\u00fcran cin*yetinde yeni bir geli\u015fme ya\u015fand\u0131. D\u00f6rt san\u0131k farkl\u0131 cezaevlerine sevk edildi. Anne Y\u00fcksel G\u00fcran ile a\u011fabey Enes G\u00fcran d\u00fcn karayoluyla Erzincan&#8217;a, amca Salim G\u00fcran Erzurum&#8217;a g\u00f6nderildi.\u00a0 NEVZAT BAHT\u0130YAR\u2019DA ADANA\u2019YA NAKLED\u0130LD\u0130\u00a0 Narin&#8217;in cans\u0131z bedenini dereye g\u00f6men itiraf\u00e7\u0131 Nevzat Bahtiyar ise Adana&#8217;ya sevk edildi. G\u00fcran ailesinden \u00fc\u00e7 san\u0131k, &#8216;i\u015ftir\u00e2k halinde \u00e7ocu\u011fa kar\u015f\u0131 kasten \u00f6ld*rme&#8217; su\u00e7undan a\u011f\u0131rla\u015ft\u0131r\u0131lm\u0131\u015f m\u00fcebbet hapis cezas\u0131na \u00e7arpt\u0131r\u0131lm\u0131\u015ft\u0131.\u00a0 \u00a0 \u00a0 \u00a0 \u00a0 \u00a0 \u00a0 \u00a0 \u00a0 \u00a0 \u00a0 \u00a0 \u00a0 \u00a0 \u00a0 \u00a0 \u00a0 \u00a0\u00a0 \u00a0 \u200bDiyarbak\u0131r\u2019\u0131n Ba\u011flar il\u00e7esine ba\u011fl\u0131 Tav\u015fantepe Mahallesi\u2019nde \u00f6ld*r\u00fclen Narin G\u00fcran cin*yetinin h\u00fck\u00fcm giyen anne Y\u00fcksel G\u00fcran ile a\u011fabey Enes G\u00fcran d\u00fcn karayoluyla Erzincan&#8217;a, amca Salim G\u00fcran ise Erzurum&#8217;a g\u00f6nderildi\u00a0 \u200bHaberin Al\u0131nt\u0131land\u0131\u011f\u0131 Kaynak: www.antalyakorfez.com","og_url":"https:\/\/denizcankizil.tr\/ru\/haberler\/gundem\/narin-guran-cinyeti-saniklarindan-anne-ve-agabeyin-cezaevi-degisti\/","og_site_name":"Av. Deniz Can K\u0131z\u0131l","article_published_time":"2025-02-02T07:41:25+00:00","author":"Antalya K\u00f6rfez","twitter_card":"summary_large_image","twitter_misc":{"\u041d\u0430\u043f\u0438\u0441\u0430\u043d\u043e \u0430\u0432\u0442\u043e\u0440\u043e\u043c":"Antalya K\u00f6rfez","\u041f\u0440\u0438\u043c\u0435\u0440\u043d\u043e\u0435 \u0432\u0440\u0435\u043c\u044f \u0434\u043b\u044f \u0447\u0442\u0435\u043d\u0438\u044f":"1 \u043c\u0438\u043d\u0443\u0442\u0430"},"schema":{"@context":"https:\/\/schema.org","@graph":[{"@type":"Article","@id":"https:\/\/denizcankizil.tr\/ru\/haberler\/gundem\/narin-guran-cinyeti-saniklarindan-anne-ve-agabeyin-cezaevi-degisti\/#article","isPartOf":{"@id":"https:\/\/denizcankizil.tr\/ru\/haberler\/gundem\/narin-guran-cinyeti-saniklarindan-anne-ve-agabeyin-cezaevi-degisti\/"},"author":{"name":"Antalya K\u00f6rfez","@id":"https:\/\/denizcankizil.tr\/#\/schema\/person\/e1eb71bb4dd684d46563f0af307e1234"},"headline":"Narin G\u00fcran cin*yeti san\u0131klar\u0131ndan anne ve a\u011fabeyin cezaevi de\u011fi\u015fti","datePublished":"2025-02-02T07:41:25+00:00","mainEntityOfPage":{"@id":"https:\/\/denizcankizil.tr\/ru\/haberler\/gundem\/narin-guran-cinyeti-saniklarindan-anne-ve-agabeyin-cezaevi-degisti\/"},"wordCount":188,"commentCount":0,"publisher":{"@id":"https:\/\/denizcankizil.tr\/#organization"},"articleSection":["G\u00fcndem"],"inLanguage":"ru-RU","potentialAction":[{"@type":"CommentAction","name":"Comment","target":["https:\/\/denizcankizil.tr\/ru\/haberler\/gundem\/narin-guran-cinyeti-saniklarindan-anne-ve-agabeyin-cezaevi-degisti\/#respond"]}]},{"@type":"WebPage","@id":"https:\/\/denizcankizil.tr\/ru\/haberler\/gundem\/narin-guran-cinyeti-saniklarindan-anne-ve-agabeyin-cezaevi-degisti\/","url":"https:\/\/denizcankizil.tr\/ru\/haberler\/gundem\/narin-guran-cinyeti-saniklarindan-anne-ve-agabeyin-cezaevi-degisti\/","name":"Narin G\u00fcran cin*yeti san\u0131klar\u0131ndan anne ve a\u011fabeyin cezaevi de\u011fi\u015fti - Av. Deniz Can K\u0131z\u0131l","isPartOf":{"@id":"https:\/\/denizcankizil.tr\/#website"},"datePublished":"2025-02-02T07:41:25+00:00","breadcrumb":{"@id":"https:\/\/denizcankizil.tr\/ru\/haberler\/gundem\/narin-guran-cinyeti-saniklarindan-anne-ve-agabeyin-cezaevi-degisti\/#breadcrumb"},"inLanguage":"ru-RU","potentialAction":[{"@type":"ReadAction","target":["https:\/\/denizcankizil.tr\/ru\/haberler\/gundem\/narin-guran-cinyeti-saniklarindan-anne-ve-agabeyin-cezaevi-degisti\/"]}]},{"@type":"BreadcrumbList","@id":"https:\/\/denizcankizil.tr\/ru\/haberler\/gundem\/narin-guran-cinyeti-saniklarindan-anne-ve-agabeyin-cezaevi-degisti\/#breadcrumb","itemListElement":[{"@type":"ListItem","position":1,"name":"Home","item":"https:\/\/denizcankizil.tr\/de\/"},{"@type":"ListItem","position":2,"name":"Narin G\u00fcran cin*yeti san\u0131klar\u0131ndan anne ve a\u011fabeyin cezaevi de\u011fi\u015fti"}]},{"@type":"WebSite","@id":"https:\/\/denizcankizil.tr\/#website","url":"https:\/\/denizcankizil.tr\/","name":"Av. Deniz Can K\u0131z\u0131l","description":"Avukat Deniz Can K\u0131z\u0131l Antalya Barosu","publisher":{"@id":"https:\/\/denizcankizil.tr\/#organization"},"potentialAction":[{"@type":"SearchAction","target":{"@type":"EntryPoint","urlTemplate":"https:\/\/denizcankizil.tr\/?s={search_term_string}"},"query-input":{"@type":"PropertyValueSpecification","valueRequired":true,"valueName":"search_term_string"}}],"inLanguage":"ru-RU"},{"@type":"Organization","@id":"https:\/\/denizcankizil.tr\/#organization","name":"Av. Deniz Can K\u0131z\u0131l","url":"https:\/\/denizcankizil.tr\/","logo":{"@type":"ImageObject","inLanguage":"ru-RU","@id":"https:\/\/denizcankizil.tr\/#\/schema\/logo\/image\/","url":"https:\/\/denizcankizil.tr\/wp-content\/uploads\/2024\/10\/siyah-logo-svg.svg","contentUrl":"https:\/\/denizcankizil.tr\/wp-content\/uploads\/2024\/10\/siyah-logo-svg.svg","width":1080,"height":1080,"caption":"Av. Deniz Can K\u0131z\u0131l"},"image":{"@id":"https:\/\/denizcankizil.tr\/#\/schema\/logo\/image\/"}},{"@type":"Person","@id":"https:\/\/denizcankizil.tr\/#\/schema\/person\/e1eb71bb4dd684d46563f0af307e1234","name":"Antalya K\u00f6rfez","image":{"@type":"ImageObject","inLanguage":"ru-RU","@id":"https:\/\/denizcankizil.tr\/#\/schema\/person\/image\/","url":"https:\/\/secure.gravatar.com\/avatar\/42b01982558a48a0b501fdcab6a408d3717ea5919095ee2e67b0e521799c5905?s=96&d=mm&r=g","contentUrl":"https:\/\/secure.gravatar.com\/avatar\/42b01982558a48a0b501fdcab6a408d3717ea5919095ee2e67b0e521799c5905?s=96&d=mm&r=g","caption":"Antalya K\u00f6rfez"},"sameAs":["http:\/\/www.antalyakorfez.com"],"url":"https:\/\/www.antalyakorfez.com\/narin-guran-cinyeti-saniklarindan-anne-ve-agabeyin-cezaevi-degisti"}]}},"_links":{"self":[{"href":"https:\/\/denizcankizil.tr\/ru\/wp-json\/wp\/v2\/posts\/29489","targetHints":{"allow":["GET"]}}],"collection":[{"href":"https:\/\/denizcankizil.tr\/ru\/wp-json\/wp\/v2\/posts"}],"about":[{"href":"https:\/\/denizcankizil.tr\/ru\/wp-json\/wp\/v2\/types\/post"}],"author":[{"embeddable":true,"href":"https:\/\/denizcankizil.tr\/ru\/wp-json\/wp\/v2\/users\/5"}],"replies":[{"embeddable":true,"href":"https:\/\/denizcankizil.tr\/ru\/wp-json\/wp\/v2\/comments?post=29489"}],"version-history":[{"count":0,"href":"https:\/\/denizcankizil.tr\/ru\/wp-json\/wp\/v2\/posts\/29489\/revisions"}],"wp:attachment":[{"href":"https:\/\/denizcankizil.tr\/ru\/wp-json\/wp\/v2\/media?parent=29489"}],"wp:term":[{"taxonomy":"category","embeddable":true,"href":"https:\/\/denizcankizil.tr\/ru\/wp-json\/wp\/v2\/categories?post=29489"},{"taxonomy":"post_tag","embeddable":true,"href":"https:\/\/denizcankizil.tr\/ru\/wp-json\/wp\/v2\/tags?post=29489"}],"curies":[{"name":"wp","href":"https:\/\/api.w.org\/{rel}","templated":true}]}}