{"id":29348,"date":"2025-02-01T18:41:38","date_gmt":"2025-02-01T15:41:38","guid":{"rendered":"https:\/\/denizcankizil.tr\/uncategorized-tr\/gozler-kayseri-antalya-hizli-tren-projesinde\/"},"modified":"2025-02-01T18:41:38","modified_gmt":"2025-02-01T15:41:38","slug":"gozler-kayseri-antalya-hizli-tren-projesinde","status":"publish","type":"post","link":"https:\/\/denizcankizil.tr\/ru\/haberler\/gundem\/gozler-kayseri-antalya-hizli-tren-projesinde\/","title":{"rendered":"G\u00f6zler Kayseri-Antalya H\u0131zl\u0131 Tren Projesi&#8217;nde"},"content":{"rendered":"<p>Kayseri ve Antalya aras\u0131nda ula\u015f\u0131m k\u0131sal\u0131yor. T\u00fcrkiye&#8217;nin d\u00f6rt bir yan\u0131 demir yollar\u0131 a\u011flar\u0131 ile \u00f6r\u00fclmeye devam ediliyor. Bu kapsamda Kayseri-Nev\u015fehir-Aksaray-Konya-Antalya aras\u0131na yeni YHT hatt\u0131 geliyor. Cumhurba\u015fkan\u0131 Recep Tayyip Erdo\u011fan, AK Parti Antalya 8. \u0130l Kongresi&#8217;nde m\u00fcjdeyi verdi. Cumhurba\u015fkan\u0131 ve AK Parti Genel Ba\u015fkan\u0131 Recep Tayyip Erdo\u011fan, &#8220;Konya ve Antalya aras\u0131ndaki Y\u00fcksek H\u0131zl\u0131 Tren Projesi&#8217;ni g\u00fcndemimize ald\u0131k&#8221; dedi.<\/p>\n<p>5 \u0130L B\u0130RB\u0130R\u0130NE BA\u011eLANACAK\u00a0<\/p>\n<p>Konya&#8217;da ba\u015flayan ve t\u00fcm T\u00fcrkiye&#8217;ye yay\u0131lan H\u0131zl\u0131 Tren Projesi \u00e7al\u0131\u015fmalar\u0131 s\u00fcr\u00fcyor. Ula\u015ft\u0131rma ve Altyap\u0131 Bakanl\u0131\u011f\u0131 5 ili birbirine ba\u011flayacak h\u0131zl\u0131 tren projesi i\u00e7in \u00e7al\u0131\u015fmalar\u0131na devam ediyor. Kayseri-Nev\u015fehir-Aksaray-Konya-Antalya illerini kapsayan tren yolu, \u015fehirler aras\u0131 mesafeyi de k\u0131saltacak. Yeni proje ile Konya-Antalya aras\u0131 1 saat 15 dakikaya inecek.\u00a0<\/p>\n<p>HAT KAYSER\u0130&#8217;DEN BA\u015eLAYACAK<\/p>\n<p>Kayseri\u2019den ba\u015flayacak olan y\u00fcksek h\u0131zl\u0131 tren hatt\u0131, Avanos, Nev\u015fehir, Ac\u0131g\u00f6l, Aksaray, Seydi\u015fehir ve Serik \u00fczerinden ge\u00e7erek Antalya\u2019ya ula\u015facak. B\u00f6ylece, toplam 541 kilometrelik bir demiryolu hatt\u0131 olu\u015fturulacak. Projenin son a\u015famas\u0131nda ise Antalya-Afyon hatt\u0131n\u0131n eklenmesi de planlan\u0131yor.<\/p>\n<p>HIZLI TREN NE ZAMAN B\u0130TECEK?\u00a0<\/p>\n<p>Proje tamamland\u0131\u011f\u0131nda, Kayseri\u2019den Antalya\u2019ya h\u0131zl\u0131 trenle seyahat s\u00fcresi 2 saat 45 dakikaya inecek. B\u00f6ylece, turizm ve ticaret a\u00e7\u0131s\u0131ndan b\u00fcy\u00fck bir potansiyel ta\u015f\u0131yan iki \u015fehir aras\u0131ndaki ula\u015f\u0131m daha h\u0131zl\u0131 ve konforlu hale gelecek. Ancak, projenin ne zaman ba\u015flayaca\u011f\u0131 ve tamamlanaca\u011f\u0131na dair a\u00e7\u0131klama yap\u0131lmad\u0131.<\/p>\n<p>B\u00dcY\u00dcK KATKI SA\u011eLANACAK\u00a0<\/p>\n<p>H\u0131zl\u0131 tren hatt\u0131n\u0131n hayata ge\u00e7irilmesiyle birlikte Kayseri ve Antalya sanayisinin, ticaretinin ve turizm sekt\u00f6r\u00fcn\u00fcn \u00f6nemli bir geli\u015fme kaydetmesi bekleniyor. Antalya&#8217;ya ve Kayseri\u2019ye gelen yerli-yabanc\u0131 turistler yeni hat sayesinde istedikleri lokasyonlara daha h\u0131zl\u0131 \u015fekilde ula\u015fmas\u0131 bekleniyor.\u00a0<\/p>\n<p>\u00a0<\/p>\n<p>\u200bUzun zamand\u0131r kamuoyunun takibinde olan Kayseri-Antalya H\u0131zl\u0131 Tren Projesi ile ilgili yeni geli\u015fme ya\u015fand\u0131. Cumhurba\u015fkan\u0131 ve AK Parti Genel Ba\u015fkan\u0131 Recep Tayyip Erdo\u011fan, projenin detaylar\u0131na dair \u00f6nemli a\u00e7\u0131klamalarda bulundu.\u00a0<\/p>\n<p>\u200bHaberin Al\u0131nt\u0131land\u0131\u011f\u0131 Kaynak: www.antalyakorfez.com<\/p>","protected":false},"excerpt":{"rendered":"<p>Kayseri ve Antalya aras\u0131nda ula\u015f\u0131m k\u0131sal\u0131yor. T\u00fcrkiye&#8217;nin d\u00f6rt bir yan\u0131 demir yollar\u0131 a\u011flar\u0131 ile \u00f6r\u00fclmeye devam ediliyor. Bu kapsamda Kayseri-Nev\u015fehir-Aksaray-Konya-Antalya aras\u0131na yeni YHT hatt\u0131 geliyor. Cumhurba\u015fkan\u0131 Recep Tayyip Erdo\u011fan, AK Parti Antalya 8. \u0130l Kongresi&#8217;nde m\u00fcjdeyi verdi. Cumhurba\u015fkan\u0131 ve AK Parti Genel Ba\u015fkan\u0131 Recep Tayyip Erdo\u011fan, &#8220;Konya ve Antalya aras\u0131ndaki Y\u00fcksek H\u0131zl\u0131 Tren Projesi&#8217;ni g\u00fcndemimize ald\u0131k&#8221; dedi. 5 \u0130L B\u0130RB\u0130R\u0130NE BA\u011eLANACAK\u00a0 Konya&#8217;da ba\u015flayan ve t\u00fcm T\u00fcrkiye&#8217;ye yay\u0131lan H\u0131zl\u0131 Tren Projesi \u00e7al\u0131\u015fmalar\u0131 s\u00fcr\u00fcyor. Ula\u015ft\u0131rma ve Altyap\u0131 Bakanl\u0131\u011f\u0131 5 ili birbirine ba\u011flayacak h\u0131zl\u0131 tren projesi i\u00e7in \u00e7al\u0131\u015fmalar\u0131na devam ediyor. Kayseri-Nev\u015fehir-Aksaray-Konya-Antalya illerini kapsayan tren yolu, \u015fehirler aras\u0131 mesafeyi de k\u0131saltacak. Yeni proje ile Konya-Antalya aras\u0131 1 saat 15 dakikaya inecek.\u00a0 HAT KAYSER\u0130&#8217;DEN BA\u015eLAYACAK Kayseri\u2019den ba\u015flayacak olan y\u00fcksek h\u0131zl\u0131 tren hatt\u0131, Avanos, Nev\u015fehir, Ac\u0131g\u00f6l, Aksaray, Seydi\u015fehir ve Serik \u00fczerinden ge\u00e7erek Antalya\u2019ya ula\u015facak. B\u00f6ylece, toplam 541 kilometrelik bir demiryolu hatt\u0131 olu\u015fturulacak. Projenin son a\u015famas\u0131nda ise Antalya-Afyon hatt\u0131n\u0131n eklenmesi de planlan\u0131yor. HIZLI TREN NE ZAMAN B\u0130TECEK?\u00a0 Proje tamamland\u0131\u011f\u0131nda, Kayseri\u2019den Antalya\u2019ya h\u0131zl\u0131 trenle seyahat s\u00fcresi 2 saat 45 dakikaya inecek. B\u00f6ylece, turizm ve ticaret a\u00e7\u0131s\u0131ndan b\u00fcy\u00fck bir potansiyel ta\u015f\u0131yan iki \u015fehir aras\u0131ndaki ula\u015f\u0131m daha h\u0131zl\u0131 ve konforlu hale gelecek. Ancak, projenin ne zaman ba\u015flayaca\u011f\u0131 ve tamamlanaca\u011f\u0131na dair a\u00e7\u0131klama yap\u0131lmad\u0131. B\u00dcY\u00dcK KATKI SA\u011eLANACAK\u00a0 H\u0131zl\u0131 tren hatt\u0131n\u0131n hayata ge\u00e7irilmesiyle &hellip;<\/p>","protected":false},"author":5,"featured_media":0,"comment_status":"open","ping_status":"open","sticky":false,"template":"","format":"standard","meta":{"_acf_changed":false,"footnotes":""},"categories":[24],"tags":[],"class_list":["post-29348","post","type-post","status-publish","format-standard","has-post-thumbnail","hentry","category-gundem"],"acf":[],"yoast_head":"<!-- This site is optimized with the Yoast SEO Premium plugin v26.6 (Yoast SEO v27.1.1) - https:\/\/yoast.com\/product\/yoast-seo-premium-wordpress\/ -->\n<title>G\u00f6zler Kayseri-Antalya H\u0131zl\u0131 Tren Projesi&#039;nde - Av. Deniz Can K\u0131z\u0131l<\/title>\n<meta name=\"robots\" content=\"index, follow, max-snippet:-1, max-image-preview:large, max-video-preview:-1\" \/>\n<link rel=\"canonical\" href=\"https:\/\/denizcankizil.tr\/ru\/haberler\/gundem\/gozler-kayseri-antalya-hizli-tren-projesinde\/\" \/>\n<meta property=\"og:locale\" content=\"ru_RU\" \/>\n<meta property=\"og:type\" content=\"article\" \/>\n<meta property=\"og:title\" content=\"G\u00f6zler Kayseri-Antalya H\u0131zl\u0131 Tren Projesi&#039;nde\" \/>\n<meta property=\"og:description\" content=\"Kayseri ve Antalya aras\u0131nda ula\u015f\u0131m k\u0131sal\u0131yor. T\u00fcrkiye&#8217;nin d\u00f6rt bir yan\u0131 demir yollar\u0131 a\u011flar\u0131 ile \u00f6r\u00fclmeye devam ediliyor. Bu kapsamda Kayseri-Nev\u015fehir-Aksaray-Konya-Antalya aras\u0131na yeni YHT hatt\u0131 geliyor. Cumhurba\u015fkan\u0131 Recep Tayyip Erdo\u011fan, AK Parti Antalya 8. \u0130l Kongresi&#8217;nde m\u00fcjdeyi verdi. Cumhurba\u015fkan\u0131 ve AK Parti Genel Ba\u015fkan\u0131 Recep Tayyip Erdo\u011fan, &#8220;Konya ve Antalya aras\u0131ndaki Y\u00fcksek H\u0131zl\u0131 Tren Projesi&#8217;ni g\u00fcndemimize ald\u0131k&#8221; dedi. 5 \u0130L B\u0130RB\u0130R\u0130NE BA\u011eLANACAK\u00a0 Konya&#8217;da ba\u015flayan ve t\u00fcm T\u00fcrkiye&#8217;ye yay\u0131lan H\u0131zl\u0131 Tren Projesi \u00e7al\u0131\u015fmalar\u0131 s\u00fcr\u00fcyor. Ula\u015ft\u0131rma ve Altyap\u0131 Bakanl\u0131\u011f\u0131 5 ili birbirine ba\u011flayacak h\u0131zl\u0131 tren projesi i\u00e7in \u00e7al\u0131\u015fmalar\u0131na devam ediyor. Kayseri-Nev\u015fehir-Aksaray-Konya-Antalya illerini kapsayan tren yolu, \u015fehirler aras\u0131 mesafeyi de k\u0131saltacak. Yeni proje ile Konya-Antalya aras\u0131 1 saat 15 dakikaya inecek.\u00a0 HAT KAYSER\u0130&#8217;DEN BA\u015eLAYACAK Kayseri\u2019den ba\u015flayacak olan y\u00fcksek h\u0131zl\u0131 tren hatt\u0131, Avanos, Nev\u015fehir, Ac\u0131g\u00f6l, Aksaray, Seydi\u015fehir ve Serik \u00fczerinden ge\u00e7erek Antalya\u2019ya ula\u015facak. B\u00f6ylece, toplam 541 kilometrelik bir demiryolu hatt\u0131 olu\u015fturulacak. Projenin son a\u015famas\u0131nda ise Antalya-Afyon hatt\u0131n\u0131n eklenmesi de planlan\u0131yor. HIZLI TREN NE ZAMAN B\u0130TECEK?\u00a0 Proje tamamland\u0131\u011f\u0131nda, Kayseri\u2019den Antalya\u2019ya h\u0131zl\u0131 trenle seyahat s\u00fcresi 2 saat 45 dakikaya inecek. B\u00f6ylece, turizm ve ticaret a\u00e7\u0131s\u0131ndan b\u00fcy\u00fck bir potansiyel ta\u015f\u0131yan iki \u015fehir aras\u0131ndaki ula\u015f\u0131m daha h\u0131zl\u0131 ve konforlu hale gelecek. Ancak, projenin ne zaman ba\u015flayaca\u011f\u0131 ve tamamlanaca\u011f\u0131na dair a\u00e7\u0131klama yap\u0131lmad\u0131. B\u00dcY\u00dcK KATKI SA\u011eLANACAK\u00a0 H\u0131zl\u0131 tren hatt\u0131n\u0131n hayata ge\u00e7irilmesiyle &hellip;\" \/>\n<meta property=\"og:url\" content=\"https:\/\/denizcankizil.tr\/ru\/haberler\/gundem\/gozler-kayseri-antalya-hizli-tren-projesinde\/\" \/>\n<meta property=\"og:site_name\" content=\"Av. Deniz Can K\u0131z\u0131l\" \/>\n<meta property=\"article:published_time\" content=\"2025-02-01T15:41:38+00:00\" \/>\n<meta name=\"author\" content=\"Antalya K\u00f6rfez\" \/>\n<meta name=\"twitter:card\" content=\"summary_large_image\" \/>\n<meta name=\"twitter:label1\" content=\"\u041d\u0430\u043f\u0438\u0441\u0430\u043d\u043e \u0430\u0432\u0442\u043e\u0440\u043e\u043c\" \/>\n\t<meta name=\"twitter:data1\" content=\"Antalya K\u00f6rfez\" \/>\n\t<meta name=\"twitter:label2\" content=\"\u041f\u0440\u0438\u043c\u0435\u0440\u043d\u043e\u0435 \u0432\u0440\u0435\u043c\u044f \u0434\u043b\u044f \u0447\u0442\u0435\u043d\u0438\u044f\" \/>\n\t<meta name=\"twitter:data2\" content=\"2 \u043c\u0438\u043d\u0443\u0442\u044b\" \/>\n<script type=\"application\/ld+json\" class=\"yoast-schema-graph\">{\"@context\":\"https:\/\/schema.org\",\"@graph\":[{\"@type\":\"Article\",\"@id\":\"https:\/\/denizcankizil.tr\/ru\/haberler\/gundem\/gozler-kayseri-antalya-hizli-tren-projesinde\/#article\",\"isPartOf\":{\"@id\":\"https:\/\/denizcankizil.tr\/ru\/haberler\/gundem\/gozler-kayseri-antalya-hizli-tren-projesinde\/\"},\"author\":{\"name\":\"Antalya K\u00f6rfez\",\"@id\":\"https:\/\/denizcankizil.tr\/de\/#\/schema\/person\/e1eb71bb4dd684d46563f0af307e1234\"},\"headline\":\"G\u00f6zler Kayseri-Antalya H\u0131zl\u0131 Tren Projesi&#8217;nde\",\"datePublished\":\"2025-02-01T15:41:38+00:00\",\"mainEntityOfPage\":{\"@id\":\"https:\/\/denizcankizil.tr\/ru\/haberler\/gundem\/gozler-kayseri-antalya-hizli-tren-projesinde\/\"},\"wordCount\":377,\"commentCount\":0,\"publisher\":{\"@id\":\"https:\/\/denizcankizil.tr\/de\/#organization\"},\"articleSection\":[\"G\u00fcndem\"],\"inLanguage\":\"ru-RU\",\"potentialAction\":[{\"@type\":\"CommentAction\",\"name\":\"Comment\",\"target\":[\"https:\/\/denizcankizil.tr\/ru\/haberler\/gundem\/gozler-kayseri-antalya-hizli-tren-projesinde\/#respond\"]}]},{\"@type\":\"WebPage\",\"@id\":\"https:\/\/denizcankizil.tr\/ru\/haberler\/gundem\/gozler-kayseri-antalya-hizli-tren-projesinde\/\",\"url\":\"https:\/\/denizcankizil.tr\/ru\/haberler\/gundem\/gozler-kayseri-antalya-hizli-tren-projesinde\/\",\"name\":\"G\u00f6zler Kayseri-Antalya H\u0131zl\u0131 Tren Projesi'nde - Av. Deniz Can K\u0131z\u0131l\",\"isPartOf\":{\"@id\":\"https:\/\/denizcankizil.tr\/de\/#website\"},\"datePublished\":\"2025-02-01T15:41:38+00:00\",\"breadcrumb\":{\"@id\":\"https:\/\/denizcankizil.tr\/ru\/haberler\/gundem\/gozler-kayseri-antalya-hizli-tren-projesinde\/#breadcrumb\"},\"inLanguage\":\"ru-RU\",\"potentialAction\":[{\"@type\":\"ReadAction\",\"target\":[\"https:\/\/denizcankizil.tr\/ru\/haberler\/gundem\/gozler-kayseri-antalya-hizli-tren-projesinde\/\"]}]},{\"@type\":\"BreadcrumbList\",\"@id\":\"https:\/\/denizcankizil.tr\/ru\/haberler\/gundem\/gozler-kayseri-antalya-hizli-tren-projesinde\/#breadcrumb\",\"itemListElement\":[{\"@type\":\"ListItem\",\"position\":1,\"name\":\"Home\",\"item\":\"https:\/\/denizcankizil.tr\/de\/\"},{\"@type\":\"ListItem\",\"position\":2,\"name\":\"G\u00f6zler Kayseri-Antalya H\u0131zl\u0131 Tren Projesi&#8217;nde\"}]},{\"@type\":\"WebSite\",\"@id\":\"https:\/\/denizcankizil.tr\/de\/#website\",\"url\":\"https:\/\/denizcankizil.tr\/de\/\",\"name\":\"Av. Deniz Can K\u0131z\u0131l\",\"description\":\"Avukat Deniz Can K\u0131z\u0131l Antalya Barosu\",\"publisher\":{\"@id\":\"https:\/\/denizcankizil.tr\/de\/#organization\"},\"potentialAction\":[{\"@type\":\"SearchAction\",\"target\":{\"@type\":\"EntryPoint\",\"urlTemplate\":\"https:\/\/denizcankizil.tr\/de\/?s={search_term_string}\"},\"query-input\":{\"@type\":\"PropertyValueSpecification\",\"valueRequired\":true,\"valueName\":\"search_term_string\"}}],\"inLanguage\":\"ru-RU\"},{\"@type\":\"Organization\",\"@id\":\"https:\/\/denizcankizil.tr\/de\/#organization\",\"name\":\"Av. Deniz Can K\u0131z\u0131l\",\"url\":\"https:\/\/denizcankizil.tr\/de\/\",\"logo\":{\"@type\":\"ImageObject\",\"inLanguage\":\"ru-RU\",\"@id\":\"https:\/\/denizcankizil.tr\/de\/#\/schema\/logo\/image\/\",\"url\":\"https:\/\/denizcankizil.tr\/wp-content\/uploads\/2024\/10\/siyah-logo-svg.svg\",\"contentUrl\":\"https:\/\/denizcankizil.tr\/wp-content\/uploads\/2024\/10\/siyah-logo-svg.svg\",\"width\":1080,\"height\":1080,\"caption\":\"Av. Deniz Can K\u0131z\u0131l\"},\"image\":{\"@id\":\"https:\/\/denizcankizil.tr\/de\/#\/schema\/logo\/image\/\"}},{\"@type\":\"Person\",\"@id\":\"https:\/\/denizcankizil.tr\/de\/#\/schema\/person\/e1eb71bb4dd684d46563f0af307e1234\",\"name\":\"Antalya K\u00f6rfez\",\"image\":{\"@type\":\"ImageObject\",\"inLanguage\":\"ru-RU\",\"@id\":\"https:\/\/denizcankizil.tr\/de\/#\/schema\/person\/image\/\",\"url\":\"https:\/\/secure.gravatar.com\/avatar\/42b01982558a48a0b501fdcab6a408d3717ea5919095ee2e67b0e521799c5905?s=96&d=mm&r=g\",\"contentUrl\":\"https:\/\/secure.gravatar.com\/avatar\/42b01982558a48a0b501fdcab6a408d3717ea5919095ee2e67b0e521799c5905?s=96&d=mm&r=g\",\"caption\":\"Antalya K\u00f6rfez\"},\"sameAs\":[\"http:\/\/www.antalyakorfez.com\"],\"url\":\"https:\/\/www.antalyakorfez.com\/gozler-kayseri-antalya-hizli-tren-projesinde\"}]}<\/script>\n<!-- \/ Yoast SEO Premium plugin. -->","yoast_head_json":{"title":"G\u00f6zler Kayseri-Antalya H\u0131zl\u0131 Tren Projesi'nde - Av. Deniz Can K\u0131z\u0131l","robots":{"index":"index","follow":"follow","max-snippet":"max-snippet:-1","max-image-preview":"max-image-preview:large","max-video-preview":"max-video-preview:-1"},"canonical":"https:\/\/denizcankizil.tr\/ru\/haberler\/gundem\/gozler-kayseri-antalya-hizli-tren-projesinde\/","og_locale":"ru_RU","og_type":"article","og_title":"G\u00f6zler Kayseri-Antalya H\u0131zl\u0131 Tren Projesi'nde","og_description":"Kayseri ve Antalya aras\u0131nda ula\u015f\u0131m k\u0131sal\u0131yor. T\u00fcrkiye&#8217;nin d\u00f6rt bir yan\u0131 demir yollar\u0131 a\u011flar\u0131 ile \u00f6r\u00fclmeye devam ediliyor. Bu kapsamda Kayseri-Nev\u015fehir-Aksaray-Konya-Antalya aras\u0131na yeni YHT hatt\u0131 geliyor. Cumhurba\u015fkan\u0131 Recep Tayyip Erdo\u011fan, AK Parti Antalya 8. \u0130l Kongresi&#8217;nde m\u00fcjdeyi verdi. Cumhurba\u015fkan\u0131 ve AK Parti Genel Ba\u015fkan\u0131 Recep Tayyip Erdo\u011fan, &#8220;Konya ve Antalya aras\u0131ndaki Y\u00fcksek H\u0131zl\u0131 Tren Projesi&#8217;ni g\u00fcndemimize ald\u0131k&#8221; dedi. 5 \u0130L B\u0130RB\u0130R\u0130NE BA\u011eLANACAK\u00a0 Konya&#8217;da ba\u015flayan ve t\u00fcm T\u00fcrkiye&#8217;ye yay\u0131lan H\u0131zl\u0131 Tren Projesi \u00e7al\u0131\u015fmalar\u0131 s\u00fcr\u00fcyor. Ula\u015ft\u0131rma ve Altyap\u0131 Bakanl\u0131\u011f\u0131 5 ili birbirine ba\u011flayacak h\u0131zl\u0131 tren projesi i\u00e7in \u00e7al\u0131\u015fmalar\u0131na devam ediyor. Kayseri-Nev\u015fehir-Aksaray-Konya-Antalya illerini kapsayan tren yolu, \u015fehirler aras\u0131 mesafeyi de k\u0131saltacak. Yeni proje ile Konya-Antalya aras\u0131 1 saat 15 dakikaya inecek.\u00a0 HAT KAYSER\u0130&#8217;DEN BA\u015eLAYACAK Kayseri\u2019den ba\u015flayacak olan y\u00fcksek h\u0131zl\u0131 tren hatt\u0131, Avanos, Nev\u015fehir, Ac\u0131g\u00f6l, Aksaray, Seydi\u015fehir ve Serik \u00fczerinden ge\u00e7erek Antalya\u2019ya ula\u015facak. B\u00f6ylece, toplam 541 kilometrelik bir demiryolu hatt\u0131 olu\u015fturulacak. Projenin son a\u015famas\u0131nda ise Antalya-Afyon hatt\u0131n\u0131n eklenmesi de planlan\u0131yor. HIZLI TREN NE ZAMAN B\u0130TECEK?\u00a0 Proje tamamland\u0131\u011f\u0131nda, Kayseri\u2019den Antalya\u2019ya h\u0131zl\u0131 trenle seyahat s\u00fcresi 2 saat 45 dakikaya inecek. B\u00f6ylece, turizm ve ticaret a\u00e7\u0131s\u0131ndan b\u00fcy\u00fck bir potansiyel ta\u015f\u0131yan iki \u015fehir aras\u0131ndaki ula\u015f\u0131m daha h\u0131zl\u0131 ve konforlu hale gelecek. Ancak, projenin ne zaman ba\u015flayaca\u011f\u0131 ve tamamlanaca\u011f\u0131na dair a\u00e7\u0131klama yap\u0131lmad\u0131. B\u00dcY\u00dcK KATKI SA\u011eLANACAK\u00a0 H\u0131zl\u0131 tren hatt\u0131n\u0131n hayata ge\u00e7irilmesiyle &hellip;","og_url":"https:\/\/denizcankizil.tr\/ru\/haberler\/gundem\/gozler-kayseri-antalya-hizli-tren-projesinde\/","og_site_name":"Av. Deniz Can K\u0131z\u0131l","article_published_time":"2025-02-01T15:41:38+00:00","author":"Antalya K\u00f6rfez","twitter_card":"summary_large_image","twitter_misc":{"\u041d\u0430\u043f\u0438\u0441\u0430\u043d\u043e \u0430\u0432\u0442\u043e\u0440\u043e\u043c":"Antalya K\u00f6rfez","\u041f\u0440\u0438\u043c\u0435\u0440\u043d\u043e\u0435 \u0432\u0440\u0435\u043c\u044f \u0434\u043b\u044f \u0447\u0442\u0435\u043d\u0438\u044f":"2 \u043c\u0438\u043d\u0443\u0442\u044b"},"schema":{"@context":"https:\/\/schema.org","@graph":[{"@type":"Article","@id":"https:\/\/denizcankizil.tr\/ru\/haberler\/gundem\/gozler-kayseri-antalya-hizli-tren-projesinde\/#article","isPartOf":{"@id":"https:\/\/denizcankizil.tr\/ru\/haberler\/gundem\/gozler-kayseri-antalya-hizli-tren-projesinde\/"},"author":{"name":"Antalya K\u00f6rfez","@id":"https:\/\/denizcankizil.tr\/de\/#\/schema\/person\/e1eb71bb4dd684d46563f0af307e1234"},"headline":"G\u00f6zler Kayseri-Antalya H\u0131zl\u0131 Tren Projesi&#8217;nde","datePublished":"2025-02-01T15:41:38+00:00","mainEntityOfPage":{"@id":"https:\/\/denizcankizil.tr\/ru\/haberler\/gundem\/gozler-kayseri-antalya-hizli-tren-projesinde\/"},"wordCount":377,"commentCount":0,"publisher":{"@id":"https:\/\/denizcankizil.tr\/de\/#organization"},"articleSection":["G\u00fcndem"],"inLanguage":"ru-RU","potentialAction":[{"@type":"CommentAction","name":"Comment","target":["https:\/\/denizcankizil.tr\/ru\/haberler\/gundem\/gozler-kayseri-antalya-hizli-tren-projesinde\/#respond"]}]},{"@type":"WebPage","@id":"https:\/\/denizcankizil.tr\/ru\/haberler\/gundem\/gozler-kayseri-antalya-hizli-tren-projesinde\/","url":"https:\/\/denizcankizil.tr\/ru\/haberler\/gundem\/gozler-kayseri-antalya-hizli-tren-projesinde\/","name":"G\u00f6zler Kayseri-Antalya H\u0131zl\u0131 Tren Projesi'nde - Av. Deniz Can K\u0131z\u0131l","isPartOf":{"@id":"https:\/\/denizcankizil.tr\/de\/#website"},"datePublished":"2025-02-01T15:41:38+00:00","breadcrumb":{"@id":"https:\/\/denizcankizil.tr\/ru\/haberler\/gundem\/gozler-kayseri-antalya-hizli-tren-projesinde\/#breadcrumb"},"inLanguage":"ru-RU","potentialAction":[{"@type":"ReadAction","target":["https:\/\/denizcankizil.tr\/ru\/haberler\/gundem\/gozler-kayseri-antalya-hizli-tren-projesinde\/"]}]},{"@type":"BreadcrumbList","@id":"https:\/\/denizcankizil.tr\/ru\/haberler\/gundem\/gozler-kayseri-antalya-hizli-tren-projesinde\/#breadcrumb","itemListElement":[{"@type":"ListItem","position":1,"name":"Home","item":"https:\/\/denizcankizil.tr\/de\/"},{"@type":"ListItem","position":2,"name":"G\u00f6zler Kayseri-Antalya H\u0131zl\u0131 Tren Projesi&#8217;nde"}]},{"@type":"WebSite","@id":"https:\/\/denizcankizil.tr\/de\/#website","url":"https:\/\/denizcankizil.tr\/de\/","name":"Av. Deniz Can K\u0131z\u0131l","description":"Avukat Deniz Can K\u0131z\u0131l Antalya Barosu","publisher":{"@id":"https:\/\/denizcankizil.tr\/de\/#organization"},"potentialAction":[{"@type":"SearchAction","target":{"@type":"EntryPoint","urlTemplate":"https:\/\/denizcankizil.tr\/de\/?s={search_term_string}"},"query-input":{"@type":"PropertyValueSpecification","valueRequired":true,"valueName":"search_term_string"}}],"inLanguage":"ru-RU"},{"@type":"Organization","@id":"https:\/\/denizcankizil.tr\/de\/#organization","name":"Av. Deniz Can K\u0131z\u0131l","url":"https:\/\/denizcankizil.tr\/de\/","logo":{"@type":"ImageObject","inLanguage":"ru-RU","@id":"https:\/\/denizcankizil.tr\/de\/#\/schema\/logo\/image\/","url":"https:\/\/denizcankizil.tr\/wp-content\/uploads\/2024\/10\/siyah-logo-svg.svg","contentUrl":"https:\/\/denizcankizil.tr\/wp-content\/uploads\/2024\/10\/siyah-logo-svg.svg","width":1080,"height":1080,"caption":"Av. Deniz Can K\u0131z\u0131l"},"image":{"@id":"https:\/\/denizcankizil.tr\/de\/#\/schema\/logo\/image\/"}},{"@type":"Person","@id":"https:\/\/denizcankizil.tr\/de\/#\/schema\/person\/e1eb71bb4dd684d46563f0af307e1234","name":"Antalya K\u00f6rfez","image":{"@type":"ImageObject","inLanguage":"ru-RU","@id":"https:\/\/denizcankizil.tr\/de\/#\/schema\/person\/image\/","url":"https:\/\/secure.gravatar.com\/avatar\/42b01982558a48a0b501fdcab6a408d3717ea5919095ee2e67b0e521799c5905?s=96&d=mm&r=g","contentUrl":"https:\/\/secure.gravatar.com\/avatar\/42b01982558a48a0b501fdcab6a408d3717ea5919095ee2e67b0e521799c5905?s=96&d=mm&r=g","caption":"Antalya K\u00f6rfez"},"sameAs":["http:\/\/www.antalyakorfez.com"],"url":"https:\/\/www.antalyakorfez.com\/gozler-kayseri-antalya-hizli-tren-projesinde"}]}},"_links":{"self":[{"href":"https:\/\/denizcankizil.tr\/ru\/wp-json\/wp\/v2\/posts\/29348","targetHints":{"allow":["GET"]}}],"collection":[{"href":"https:\/\/denizcankizil.tr\/ru\/wp-json\/wp\/v2\/posts"}],"about":[{"href":"https:\/\/denizcankizil.tr\/ru\/wp-json\/wp\/v2\/types\/post"}],"author":[{"embeddable":true,"href":"https:\/\/denizcankizil.tr\/ru\/wp-json\/wp\/v2\/users\/5"}],"replies":[{"embeddable":true,"href":"https:\/\/denizcankizil.tr\/ru\/wp-json\/wp\/v2\/comments?post=29348"}],"version-history":[{"count":0,"href":"https:\/\/denizcankizil.tr\/ru\/wp-json\/wp\/v2\/posts\/29348\/revisions"}],"wp:attachment":[{"href":"https:\/\/denizcankizil.tr\/ru\/wp-json\/wp\/v2\/media?parent=29348"}],"wp:term":[{"taxonomy":"category","embeddable":true,"href":"https:\/\/denizcankizil.tr\/ru\/wp-json\/wp\/v2\/categories?post=29348"},{"taxonomy":"post_tag","embeddable":true,"href":"https:\/\/denizcankizil.tr\/ru\/wp-json\/wp\/v2\/tags?post=29348"}],"curies":[{"name":"wp","href":"https:\/\/api.w.org\/{rel}","templated":true}]}}