{"id":29251,"date":"2025-02-01T10:42:03","date_gmt":"2025-02-01T07:42:03","guid":{"rendered":"https:\/\/denizcankizil.tr\/uncategorized-tr\/ingilterenin-diplomatik-pasaport-sahiplerinde-vize-iddialarina-aciklama\/"},"modified":"2025-02-01T10:42:03","modified_gmt":"2025-02-01T07:42:03","slug":"ingilterenin-diplomatik-pasaport-sahiplerinde-vize-iddialarina-aciklama","status":"publish","type":"post","link":"https:\/\/denizcankizil.tr\/ru\/haberler\/gundem\/ingilterenin-diplomatik-pasaport-sahiplerinde-vize-iddialarina-aciklama\/","title":{"rendered":"\u0130ngiltere\u2019nin diplomatik pasaport sahiplerinde vize iddialar\u0131na a\u00e7\u0131klama"},"content":{"rendered":"<p>Baz\u0131 bas\u0131n yay\u0131n organlar\u0131nda yer alan \u0130ngiltere&#8217;nin 11 Mart itibar\u0131yla diplomatik pasaport sahibi T\u00fcrk vatanda\u015flar\u0131ndan da vize isteyece\u011fi y\u00f6n\u00fcndeki iddialar\u0131n manip\u00fclasyon i\u00e7erdi\u011fi a\u00e7\u0131kland\u0131.ANKARA (\u0130GFA) &#8211; \u0130ngiltere\u2019nin, diplomatik pasaport sahibi T\u00fcrk vatanda\u015flar\u0131ndan vize isteyece\u011fi iddias\u0131na ili\u015fkin a\u00e7\u0131klama \u0130leti\u015fim Ba\u015fkanl\u0131\u011f\u0131&#8217;ndan geldi.<br \/>\nDezenformasyonla M\u00fccadele Merkezi&#8217;nden yap\u0131lan a\u00e7\u0131klamada, bahse konu uygulaman\u0131n T\u00fcrkiye&#8217;nin m\u00fcnhas\u0131r bir ad\u0131m olmay\u0131p, Birle\u015fik Krall\u0131k\u2019\u0131n k\u00fcresel \u00e7apta ald\u0131\u011f\u0131 yeni s\u0131n\u0131r politikas\u0131n\u0131n bir par\u00e7as\u0131 oldu\u011funu belirtildi.<\/p>\n<p>&#8220;Birle\u015fik Krall\u0131k, S\u0131n\u0131rlar\u0131n D\u00f6n\u00fc\u015f\u00fcm\u00fc ve Modernizasyonu isimli bir program ba\u015flatm\u0131\u015f ve Evrensel Seyahat \u0130zni uygulamas\u0131n\u0131 hayata ge\u00e7irmi\u015ftir&#8221; denilen a\u00e7\u0131klamada, &#8220;S\u00f6z konusu uygulama uyar\u0131nca, Birle\u015fik Krall\u0131k\u2019a giden yabanc\u0131lar\u0131n tamam\u0131 i\u00e7in seyahat \u00f6ncesinde \u00f6n izin alma zorunlulu\u011fu getirilmi\u015ftir. Ayr\u0131ca, 11 Mart 2025 tarihi itibar\u0131yla diplomatik pasaportu vizeden muaf tutulan t\u00fcm \u00fclkeler i\u00e7in kolay vize uygulamas\u0131 getirilmi\u015ftir. Bu kapsamda, diplomatik pasaport hamilleri, bizzat ba\u015fvuru yapmadan ve \u00fccretsiz \u015fekilde kolayla\u015ft\u0131r\u0131lm\u0131\u015f y\u00f6ntemle vize i\u015flemlerini ger\u00e7ekle\u015ftirebilecektir&#8221; ifadeleri yer ald\u0131.<\/p>\n<p>\u200bBaz\u0131 bas\u0131n yay\u0131n organlar\u0131nda yer alan \u0130ngiltere&#8217;nin 11 Mart itibar\u0131yla diplomatik pasaport sahibi T\u00fcrk vatanda\u015flar\u0131ndan da vize isteyece\u011fi y\u00f6n\u00fcndeki iddialar\u0131n manip\u00fclasyon i\u00e7erdi\u011fi a\u00e7\u0131kland\u0131.ANKARA (\u0130GFA) &#8211; \u0130ngiltere\u2019nin, diplomatik pasaport sahibi T\u00fcrk vatanda\u015flar\u0131ndan vize isteyece\u011fi iddias\u0131na ili\u015fkin a\u00e7\u0131klama \u0130leti\u015fim Ba\u015fkanl\u0131\u011f\u0131&#8217;ndan geldi.<br \/>\nDezenformasyonla M\u00fccadele Merkezi&#8217;nden yap\u0131lan a\u00e7\u0131klamada, bahse konu uygulaman\u0131n T\u00fcrkiye&#8217;nin m\u00fcnhas\u0131r bir ad\u0131m olmay\u0131p, Birle\u015fik Krall\u0131k\u2019\u0131n k\u00fcresel \u00e7apta ald\u0131\u011f\u0131 yeni s\u0131n\u0131r politikas\u0131n\u0131n bir par\u00e7as\u0131 oldu\u011funu belirtildi.<\/p>\n<p>&#8220;Birle\u015fik Krall\u0131k, S\u0131n\u0131rlar\u0131n D\u00f6n\u00fc\u015f\u00fcm\u00fc ve Modernizasyonu isimli bir program ba\u015flatm\u0131\u015f ve Evrensel Seyahat \u0130zni uygulamas\u0131n\u0131 hayata ge\u00e7irmi\u015ftir&#8221; denilen a\u00e7\u0131klamada, &#8220;S\u00f6z konusu uygulama uyar\u0131nca, Birle\u015fik Krall\u0131k\u2019a giden yabanc\u0131lar\u0131n tamam\u0131 i\u00e7in seyahat \u00f6ncesinde \u00f6n izin alma zorunlulu\u011fu getirilmi\u015ftir. Ayr\u0131ca, 11 Mart 2025 tarihi itibar\u0131yla diplomatik pasaportu vizeden muaf tutulan t\u00fcm \u00fclkeler i\u00e7in kolay vize uygulamas\u0131 getirilmi\u015ftir. Bu kapsamda, diplomatik pasaport hamilleri, bizzat ba\u015fvuru yapmadan ve \u00fccretsiz \u015fekilde kolayla\u015ft\u0131r\u0131lm\u0131\u015f y\u00f6ntemle vize i\u015flemlerini ger\u00e7ekle\u015ftirebilecektir&#8221; ifadeleri yer ald\u0131.\u00a0<\/p>\n<p>\u200bHaberin Al\u0131nt\u0131land\u0131\u011f\u0131 Kaynak: www.iskenderun.org<\/p>","protected":false},"excerpt":{"rendered":"<p>Baz\u0131 bas\u0131n yay\u0131n organlar\u0131nda yer alan \u0130ngiltere&#8217;nin 11 Mart itibar\u0131yla diplomatik pasaport sahibi T\u00fcrk vatanda\u015flar\u0131ndan da vize isteyece\u011fi y\u00f6n\u00fcndeki iddialar\u0131n manip\u00fclasyon i\u00e7erdi\u011fi a\u00e7\u0131kland\u0131.ANKARA (\u0130GFA) &#8211; \u0130ngiltere\u2019nin, diplomatik pasaport sahibi T\u00fcrk vatanda\u015flar\u0131ndan vize isteyece\u011fi iddias\u0131na ili\u015fkin a\u00e7\u0131klama \u0130leti\u015fim Ba\u015fkanl\u0131\u011f\u0131&#8217;ndan geldi. Dezenformasyonla M\u00fccadele Merkezi&#8217;nden yap\u0131lan a\u00e7\u0131klamada, bahse konu uygulaman\u0131n T\u00fcrkiye&#8217;nin m\u00fcnhas\u0131r bir ad\u0131m olmay\u0131p, Birle\u015fik Krall\u0131k\u2019\u0131n k\u00fcresel \u00e7apta ald\u0131\u011f\u0131 yeni s\u0131n\u0131r politikas\u0131n\u0131n bir par\u00e7as\u0131 oldu\u011funu belirtildi. &#8220;Birle\u015fik Krall\u0131k, S\u0131n\u0131rlar\u0131n D\u00f6n\u00fc\u015f\u00fcm\u00fc ve Modernizasyonu isimli bir program ba\u015flatm\u0131\u015f ve Evrensel Seyahat \u0130zni uygulamas\u0131n\u0131 hayata ge\u00e7irmi\u015ftir&#8221; denilen a\u00e7\u0131klamada, &#8220;S\u00f6z konusu uygulama uyar\u0131nca, Birle\u015fik Krall\u0131k\u2019a giden yabanc\u0131lar\u0131n tamam\u0131 i\u00e7in seyahat \u00f6ncesinde \u00f6n izin alma zorunlulu\u011fu getirilmi\u015ftir. Ayr\u0131ca, 11 Mart 2025 tarihi itibar\u0131yla diplomatik pasaportu vizeden muaf tutulan t\u00fcm \u00fclkeler i\u00e7in kolay vize uygulamas\u0131 getirilmi\u015ftir. Bu kapsamda, diplomatik pasaport hamilleri, bizzat ba\u015fvuru yapmadan ve \u00fccretsiz \u015fekilde kolayla\u015ft\u0131r\u0131lm\u0131\u015f y\u00f6ntemle vize i\u015flemlerini ger\u00e7ekle\u015ftirebilecektir&#8221; ifadeleri yer ald\u0131. \u200bBaz\u0131 bas\u0131n yay\u0131n organlar\u0131nda yer alan \u0130ngiltere&#8217;nin 11 Mart itibar\u0131yla diplomatik pasaport sahibi T\u00fcrk vatanda\u015flar\u0131ndan da vize isteyece\u011fi y\u00f6n\u00fcndeki iddialar\u0131n manip\u00fclasyon i\u00e7erdi\u011fi a\u00e7\u0131kland\u0131.ANKARA (\u0130GFA) &#8211; \u0130ngiltere\u2019nin, diplomatik pasaport sahibi T\u00fcrk vatanda\u015flar\u0131ndan vize isteyece\u011fi iddias\u0131na ili\u015fkin a\u00e7\u0131klama \u0130leti\u015fim Ba\u015fkanl\u0131\u011f\u0131&#8217;ndan geldi. Dezenformasyonla M\u00fccadele Merkezi&#8217;nden yap\u0131lan a\u00e7\u0131klamada, bahse konu uygulaman\u0131n T\u00fcrkiye&#8217;nin m\u00fcnhas\u0131r bir ad\u0131m olmay\u0131p, Birle\u015fik Krall\u0131k\u2019\u0131n k\u00fcresel \u00e7apta ald\u0131\u011f\u0131 yeni s\u0131n\u0131r politikas\u0131n\u0131n bir par\u00e7as\u0131 oldu\u011funu &hellip;<\/p>","protected":false},"author":1,"featured_media":0,"comment_status":"open","ping_status":"open","sticky":false,"template":"","format":"standard","meta":{"_acf_changed":false,"footnotes":""},"categories":[24],"tags":[],"class_list":["post-29251","post","type-post","status-publish","format-standard","has-post-thumbnail","hentry","category-gundem"],"acf":[],"yoast_head":"<!-- This site is optimized with the Yoast SEO Premium plugin v26.6 (Yoast SEO v27.1.1) - https:\/\/yoast.com\/product\/yoast-seo-premium-wordpress\/ -->\n<title>\u0130ngiltere\u2019nin diplomatik pasaport sahiplerinde vize iddialar\u0131na a\u00e7\u0131klama - Av. Deniz Can K\u0131z\u0131l<\/title>\n<meta name=\"robots\" content=\"index, follow, max-snippet:-1, max-image-preview:large, max-video-preview:-1\" \/>\n<link rel=\"canonical\" href=\"https:\/\/denizcankizil.tr\/ru\/haberler\/gundem\/ingilterenin-diplomatik-pasaport-sahiplerinde-vize-iddialarina-aciklama\/\" \/>\n<meta property=\"og:locale\" content=\"ru_RU\" \/>\n<meta property=\"og:type\" content=\"article\" \/>\n<meta property=\"og:title\" content=\"\u0130ngiltere\u2019nin diplomatik pasaport sahiplerinde vize iddialar\u0131na a\u00e7\u0131klama\" \/>\n<meta property=\"og:description\" content=\"Baz\u0131 bas\u0131n yay\u0131n organlar\u0131nda yer alan \u0130ngiltere&#8217;nin 11 Mart itibar\u0131yla diplomatik pasaport sahibi T\u00fcrk vatanda\u015flar\u0131ndan da vize isteyece\u011fi y\u00f6n\u00fcndeki iddialar\u0131n manip\u00fclasyon i\u00e7erdi\u011fi a\u00e7\u0131kland\u0131.ANKARA (\u0130GFA) &#8211; \u0130ngiltere\u2019nin, diplomatik pasaport sahibi T\u00fcrk vatanda\u015flar\u0131ndan vize isteyece\u011fi iddias\u0131na ili\u015fkin a\u00e7\u0131klama \u0130leti\u015fim Ba\u015fkanl\u0131\u011f\u0131&#8217;ndan geldi. Dezenformasyonla M\u00fccadele Merkezi&#8217;nden yap\u0131lan a\u00e7\u0131klamada, bahse konu uygulaman\u0131n T\u00fcrkiye&#8217;nin m\u00fcnhas\u0131r bir ad\u0131m olmay\u0131p, Birle\u015fik Krall\u0131k\u2019\u0131n k\u00fcresel \u00e7apta ald\u0131\u011f\u0131 yeni s\u0131n\u0131r politikas\u0131n\u0131n bir par\u00e7as\u0131 oldu\u011funu belirtildi. &#8220;Birle\u015fik Krall\u0131k, S\u0131n\u0131rlar\u0131n D\u00f6n\u00fc\u015f\u00fcm\u00fc ve Modernizasyonu isimli bir program ba\u015flatm\u0131\u015f ve Evrensel Seyahat \u0130zni uygulamas\u0131n\u0131 hayata ge\u00e7irmi\u015ftir&#8221; denilen a\u00e7\u0131klamada, &#8220;S\u00f6z konusu uygulama uyar\u0131nca, Birle\u015fik Krall\u0131k\u2019a giden yabanc\u0131lar\u0131n tamam\u0131 i\u00e7in seyahat \u00f6ncesinde \u00f6n izin alma zorunlulu\u011fu getirilmi\u015ftir. Ayr\u0131ca, 11 Mart 2025 tarihi itibar\u0131yla diplomatik pasaportu vizeden muaf tutulan t\u00fcm \u00fclkeler i\u00e7in kolay vize uygulamas\u0131 getirilmi\u015ftir. Bu kapsamda, diplomatik pasaport hamilleri, bizzat ba\u015fvuru yapmadan ve \u00fccretsiz \u015fekilde kolayla\u015ft\u0131r\u0131lm\u0131\u015f y\u00f6ntemle vize i\u015flemlerini ger\u00e7ekle\u015ftirebilecektir&#8221; ifadeleri yer ald\u0131. \u200bBaz\u0131 bas\u0131n yay\u0131n organlar\u0131nda yer alan \u0130ngiltere&#8217;nin 11 Mart itibar\u0131yla diplomatik pasaport sahibi T\u00fcrk vatanda\u015flar\u0131ndan da vize isteyece\u011fi y\u00f6n\u00fcndeki iddialar\u0131n manip\u00fclasyon i\u00e7erdi\u011fi a\u00e7\u0131kland\u0131.ANKARA (\u0130GFA) &#8211; \u0130ngiltere\u2019nin, diplomatik pasaport sahibi T\u00fcrk vatanda\u015flar\u0131ndan vize isteyece\u011fi iddias\u0131na ili\u015fkin a\u00e7\u0131klama \u0130leti\u015fim Ba\u015fkanl\u0131\u011f\u0131&#8217;ndan geldi. Dezenformasyonla M\u00fccadele Merkezi&#8217;nden yap\u0131lan a\u00e7\u0131klamada, bahse konu uygulaman\u0131n T\u00fcrkiye&#8217;nin m\u00fcnhas\u0131r bir ad\u0131m olmay\u0131p, Birle\u015fik Krall\u0131k\u2019\u0131n k\u00fcresel \u00e7apta ald\u0131\u011f\u0131 yeni s\u0131n\u0131r politikas\u0131n\u0131n bir par\u00e7as\u0131 oldu\u011funu &hellip;\" \/>\n<meta property=\"og:url\" content=\"https:\/\/denizcankizil.tr\/ru\/haberler\/gundem\/ingilterenin-diplomatik-pasaport-sahiplerinde-vize-iddialarina-aciklama\/\" \/>\n<meta property=\"og:site_name\" content=\"Av. Deniz Can K\u0131z\u0131l\" \/>\n<meta property=\"article:published_time\" content=\"2025-02-01T07:42:03+00:00\" \/>\n<meta name=\"author\" content=\"admin\" \/>\n<meta name=\"twitter:card\" content=\"summary_large_image\" \/>\n<meta name=\"twitter:label1\" content=\"\u041d\u0430\u043f\u0438\u0441\u0430\u043d\u043e \u0430\u0432\u0442\u043e\u0440\u043e\u043c\" \/>\n\t<meta name=\"twitter:data1\" content=\"admin\" \/>\n\t<meta name=\"twitter:label2\" content=\"\u041f\u0440\u0438\u043c\u0435\u0440\u043d\u043e\u0435 \u0432\u0440\u0435\u043c\u044f \u0434\u043b\u044f \u0447\u0442\u0435\u043d\u0438\u044f\" \/>\n\t<meta name=\"twitter:data2\" content=\"2 \u043c\u0438\u043d\u0443\u0442\u044b\" \/>\n<script type=\"application\/ld+json\" class=\"yoast-schema-graph\">{\"@context\":\"https:\/\/schema.org\",\"@graph\":[{\"@type\":\"Article\",\"@id\":\"https:\/\/denizcankizil.tr\/ru\/haberler\/gundem\/ingilterenin-diplomatik-pasaport-sahiplerinde-vize-iddialarina-aciklama\/#article\",\"isPartOf\":{\"@id\":\"https:\/\/denizcankizil.tr\/ru\/haberler\/gundem\/ingilterenin-diplomatik-pasaport-sahiplerinde-vize-iddialarina-aciklama\/\"},\"author\":{\"name\":\"admin\",\"@id\":\"https:\/\/denizcankizil.tr\/#\/schema\/person\/be3c05fe6a12686905512445d8185489\"},\"headline\":\"\u0130ngiltere\u2019nin diplomatik pasaport sahiplerinde vize iddialar\u0131na a\u00e7\u0131klama\",\"datePublished\":\"2025-02-01T07:42:03+00:00\",\"mainEntityOfPage\":{\"@id\":\"https:\/\/denizcankizil.tr\/ru\/haberler\/gundem\/ingilterenin-diplomatik-pasaport-sahiplerinde-vize-iddialarina-aciklama\/\"},\"wordCount\":454,\"commentCount\":0,\"publisher\":{\"@id\":\"https:\/\/denizcankizil.tr\/#organization\"},\"articleSection\":[\"G\u00fcndem\"],\"inLanguage\":\"ru-RU\",\"potentialAction\":[{\"@type\":\"CommentAction\",\"name\":\"Comment\",\"target\":[\"https:\/\/denizcankizil.tr\/ru\/haberler\/gundem\/ingilterenin-diplomatik-pasaport-sahiplerinde-vize-iddialarina-aciklama\/#respond\"]}]},{\"@type\":\"WebPage\",\"@id\":\"https:\/\/denizcankizil.tr\/ru\/haberler\/gundem\/ingilterenin-diplomatik-pasaport-sahiplerinde-vize-iddialarina-aciklama\/\",\"url\":\"https:\/\/denizcankizil.tr\/ru\/haberler\/gundem\/ingilterenin-diplomatik-pasaport-sahiplerinde-vize-iddialarina-aciklama\/\",\"name\":\"\u0130ngiltere\u2019nin diplomatik pasaport sahiplerinde vize iddialar\u0131na a\u00e7\u0131klama - Av. Deniz Can K\u0131z\u0131l\",\"isPartOf\":{\"@id\":\"https:\/\/denizcankizil.tr\/#website\"},\"datePublished\":\"2025-02-01T07:42:03+00:00\",\"breadcrumb\":{\"@id\":\"https:\/\/denizcankizil.tr\/ru\/haberler\/gundem\/ingilterenin-diplomatik-pasaport-sahiplerinde-vize-iddialarina-aciklama\/#breadcrumb\"},\"inLanguage\":\"ru-RU\",\"potentialAction\":[{\"@type\":\"ReadAction\",\"target\":[\"https:\/\/denizcankizil.tr\/ru\/haberler\/gundem\/ingilterenin-diplomatik-pasaport-sahiplerinde-vize-iddialarina-aciklama\/\"]}]},{\"@type\":\"BreadcrumbList\",\"@id\":\"https:\/\/denizcankizil.tr\/ru\/haberler\/gundem\/ingilterenin-diplomatik-pasaport-sahiplerinde-vize-iddialarina-aciklama\/#breadcrumb\",\"itemListElement\":[{\"@type\":\"ListItem\",\"position\":1,\"name\":\"Home\",\"item\":\"https:\/\/denizcankizil.tr\/uk\/\"},{\"@type\":\"ListItem\",\"position\":2,\"name\":\"\u0130ngiltere\u2019nin diplomatik pasaport sahiplerinde vize iddialar\u0131na a\u00e7\u0131klama\"}]},{\"@type\":\"WebSite\",\"@id\":\"https:\/\/denizcankizil.tr\/#website\",\"url\":\"https:\/\/denizcankizil.tr\/\",\"name\":\"Av. Deniz Can K\u0131z\u0131l\",\"description\":\"Avukat Deniz Can K\u0131z\u0131l Antalya Barosu\",\"publisher\":{\"@id\":\"https:\/\/denizcankizil.tr\/#organization\"},\"potentialAction\":[{\"@type\":\"SearchAction\",\"target\":{\"@type\":\"EntryPoint\",\"urlTemplate\":\"https:\/\/denizcankizil.tr\/?s={search_term_string}\"},\"query-input\":{\"@type\":\"PropertyValueSpecification\",\"valueRequired\":true,\"valueName\":\"search_term_string\"}}],\"inLanguage\":\"ru-RU\"},{\"@type\":\"Organization\",\"@id\":\"https:\/\/denizcankizil.tr\/#organization\",\"name\":\"Av. Deniz Can K\u0131z\u0131l\",\"url\":\"https:\/\/denizcankizil.tr\/\",\"logo\":{\"@type\":\"ImageObject\",\"inLanguage\":\"ru-RU\",\"@id\":\"https:\/\/denizcankizil.tr\/#\/schema\/logo\/image\/\",\"url\":\"https:\/\/denizcankizil.tr\/wp-content\/uploads\/2024\/10\/siyah-logo-svg.svg\",\"contentUrl\":\"https:\/\/denizcankizil.tr\/wp-content\/uploads\/2024\/10\/siyah-logo-svg.svg\",\"width\":1080,\"height\":1080,\"caption\":\"Av. Deniz Can K\u0131z\u0131l\"},\"image\":{\"@id\":\"https:\/\/denizcankizil.tr\/#\/schema\/logo\/image\/\"}},{\"@type\":\"Person\",\"@id\":\"https:\/\/denizcankizil.tr\/#\/schema\/person\/be3c05fe6a12686905512445d8185489\",\"name\":\"admin\",\"image\":{\"@type\":\"ImageObject\",\"inLanguage\":\"ru-RU\",\"@id\":\"https:\/\/denizcankizil.tr\/#\/schema\/person\/image\/\",\"url\":\"https:\/\/secure.gravatar.com\/avatar\/c1fce94c830dc79107e174f890d7210541c4a63e8e5d816341794a2151c9d58c?s=96&d=mm&r=g\",\"contentUrl\":\"https:\/\/secure.gravatar.com\/avatar\/c1fce94c830dc79107e174f890d7210541c4a63e8e5d816341794a2151c9d58c?s=96&d=mm&r=g\",\"caption\":\"admin\"},\"sameAs\":[\"http:\/\/denizcankizil.tr\"],\"url\":\"https:\/\/www.iskenderun.org\/ingilterenin-diplomatik-pasaport-sahiplerinde-vize-iddialarina-aciklama\"}]}<\/script>\n<!-- \/ Yoast SEO Premium plugin. -->","yoast_head_json":{"title":"\u0130ngiltere\u2019nin diplomatik pasaport sahiplerinde vize iddialar\u0131na a\u00e7\u0131klama - Av. Deniz Can K\u0131z\u0131l","robots":{"index":"index","follow":"follow","max-snippet":"max-snippet:-1","max-image-preview":"max-image-preview:large","max-video-preview":"max-video-preview:-1"},"canonical":"https:\/\/denizcankizil.tr\/ru\/haberler\/gundem\/ingilterenin-diplomatik-pasaport-sahiplerinde-vize-iddialarina-aciklama\/","og_locale":"ru_RU","og_type":"article","og_title":"\u0130ngiltere\u2019nin diplomatik pasaport sahiplerinde vize iddialar\u0131na a\u00e7\u0131klama","og_description":"Baz\u0131 bas\u0131n yay\u0131n organlar\u0131nda yer alan \u0130ngiltere&#8217;nin 11 Mart itibar\u0131yla diplomatik pasaport sahibi T\u00fcrk vatanda\u015flar\u0131ndan da vize isteyece\u011fi y\u00f6n\u00fcndeki iddialar\u0131n manip\u00fclasyon i\u00e7erdi\u011fi a\u00e7\u0131kland\u0131.ANKARA (\u0130GFA) &#8211; \u0130ngiltere\u2019nin, diplomatik pasaport sahibi T\u00fcrk vatanda\u015flar\u0131ndan vize isteyece\u011fi iddias\u0131na ili\u015fkin a\u00e7\u0131klama \u0130leti\u015fim Ba\u015fkanl\u0131\u011f\u0131&#8217;ndan geldi. Dezenformasyonla M\u00fccadele Merkezi&#8217;nden yap\u0131lan a\u00e7\u0131klamada, bahse konu uygulaman\u0131n T\u00fcrkiye&#8217;nin m\u00fcnhas\u0131r bir ad\u0131m olmay\u0131p, Birle\u015fik Krall\u0131k\u2019\u0131n k\u00fcresel \u00e7apta ald\u0131\u011f\u0131 yeni s\u0131n\u0131r politikas\u0131n\u0131n bir par\u00e7as\u0131 oldu\u011funu belirtildi. &#8220;Birle\u015fik Krall\u0131k, S\u0131n\u0131rlar\u0131n D\u00f6n\u00fc\u015f\u00fcm\u00fc ve Modernizasyonu isimli bir program ba\u015flatm\u0131\u015f ve Evrensel Seyahat \u0130zni uygulamas\u0131n\u0131 hayata ge\u00e7irmi\u015ftir&#8221; denilen a\u00e7\u0131klamada, &#8220;S\u00f6z konusu uygulama uyar\u0131nca, Birle\u015fik Krall\u0131k\u2019a giden yabanc\u0131lar\u0131n tamam\u0131 i\u00e7in seyahat \u00f6ncesinde \u00f6n izin alma zorunlulu\u011fu getirilmi\u015ftir. Ayr\u0131ca, 11 Mart 2025 tarihi itibar\u0131yla diplomatik pasaportu vizeden muaf tutulan t\u00fcm \u00fclkeler i\u00e7in kolay vize uygulamas\u0131 getirilmi\u015ftir. Bu kapsamda, diplomatik pasaport hamilleri, bizzat ba\u015fvuru yapmadan ve \u00fccretsiz \u015fekilde kolayla\u015ft\u0131r\u0131lm\u0131\u015f y\u00f6ntemle vize i\u015flemlerini ger\u00e7ekle\u015ftirebilecektir&#8221; ifadeleri yer ald\u0131. \u200bBaz\u0131 bas\u0131n yay\u0131n organlar\u0131nda yer alan \u0130ngiltere&#8217;nin 11 Mart itibar\u0131yla diplomatik pasaport sahibi T\u00fcrk vatanda\u015flar\u0131ndan da vize isteyece\u011fi y\u00f6n\u00fcndeki iddialar\u0131n manip\u00fclasyon i\u00e7erdi\u011fi a\u00e7\u0131kland\u0131.ANKARA (\u0130GFA) &#8211; \u0130ngiltere\u2019nin, diplomatik pasaport sahibi T\u00fcrk vatanda\u015flar\u0131ndan vize isteyece\u011fi iddias\u0131na ili\u015fkin a\u00e7\u0131klama \u0130leti\u015fim Ba\u015fkanl\u0131\u011f\u0131&#8217;ndan geldi. Dezenformasyonla M\u00fccadele Merkezi&#8217;nden yap\u0131lan a\u00e7\u0131klamada, bahse konu uygulaman\u0131n T\u00fcrkiye&#8217;nin m\u00fcnhas\u0131r bir ad\u0131m olmay\u0131p, Birle\u015fik Krall\u0131k\u2019\u0131n k\u00fcresel \u00e7apta ald\u0131\u011f\u0131 yeni s\u0131n\u0131r politikas\u0131n\u0131n bir par\u00e7as\u0131 oldu\u011funu &hellip;","og_url":"https:\/\/denizcankizil.tr\/ru\/haberler\/gundem\/ingilterenin-diplomatik-pasaport-sahiplerinde-vize-iddialarina-aciklama\/","og_site_name":"Av. Deniz Can K\u0131z\u0131l","article_published_time":"2025-02-01T07:42:03+00:00","author":"admin","twitter_card":"summary_large_image","twitter_misc":{"\u041d\u0430\u043f\u0438\u0441\u0430\u043d\u043e \u0430\u0432\u0442\u043e\u0440\u043e\u043c":"admin","\u041f\u0440\u0438\u043c\u0435\u0440\u043d\u043e\u0435 \u0432\u0440\u0435\u043c\u044f \u0434\u043b\u044f \u0447\u0442\u0435\u043d\u0438\u044f":"2 \u043c\u0438\u043d\u0443\u0442\u044b"},"schema":{"@context":"https:\/\/schema.org","@graph":[{"@type":"Article","@id":"https:\/\/denizcankizil.tr\/ru\/haberler\/gundem\/ingilterenin-diplomatik-pasaport-sahiplerinde-vize-iddialarina-aciklama\/#article","isPartOf":{"@id":"https:\/\/denizcankizil.tr\/ru\/haberler\/gundem\/ingilterenin-diplomatik-pasaport-sahiplerinde-vize-iddialarina-aciklama\/"},"author":{"name":"admin","@id":"https:\/\/denizcankizil.tr\/#\/schema\/person\/be3c05fe6a12686905512445d8185489"},"headline":"\u0130ngiltere\u2019nin diplomatik pasaport sahiplerinde vize iddialar\u0131na a\u00e7\u0131klama","datePublished":"2025-02-01T07:42:03+00:00","mainEntityOfPage":{"@id":"https:\/\/denizcankizil.tr\/ru\/haberler\/gundem\/ingilterenin-diplomatik-pasaport-sahiplerinde-vize-iddialarina-aciklama\/"},"wordCount":454,"commentCount":0,"publisher":{"@id":"https:\/\/denizcankizil.tr\/#organization"},"articleSection":["G\u00fcndem"],"inLanguage":"ru-RU","potentialAction":[{"@type":"CommentAction","name":"Comment","target":["https:\/\/denizcankizil.tr\/ru\/haberler\/gundem\/ingilterenin-diplomatik-pasaport-sahiplerinde-vize-iddialarina-aciklama\/#respond"]}]},{"@type":"WebPage","@id":"https:\/\/denizcankizil.tr\/ru\/haberler\/gundem\/ingilterenin-diplomatik-pasaport-sahiplerinde-vize-iddialarina-aciklama\/","url":"https:\/\/denizcankizil.tr\/ru\/haberler\/gundem\/ingilterenin-diplomatik-pasaport-sahiplerinde-vize-iddialarina-aciklama\/","name":"\u0130ngiltere\u2019nin diplomatik pasaport sahiplerinde vize iddialar\u0131na a\u00e7\u0131klama - Av. Deniz Can K\u0131z\u0131l","isPartOf":{"@id":"https:\/\/denizcankizil.tr\/#website"},"datePublished":"2025-02-01T07:42:03+00:00","breadcrumb":{"@id":"https:\/\/denizcankizil.tr\/ru\/haberler\/gundem\/ingilterenin-diplomatik-pasaport-sahiplerinde-vize-iddialarina-aciklama\/#breadcrumb"},"inLanguage":"ru-RU","potentialAction":[{"@type":"ReadAction","target":["https:\/\/denizcankizil.tr\/ru\/haberler\/gundem\/ingilterenin-diplomatik-pasaport-sahiplerinde-vize-iddialarina-aciklama\/"]}]},{"@type":"BreadcrumbList","@id":"https:\/\/denizcankizil.tr\/ru\/haberler\/gundem\/ingilterenin-diplomatik-pasaport-sahiplerinde-vize-iddialarina-aciklama\/#breadcrumb","itemListElement":[{"@type":"ListItem","position":1,"name":"Home","item":"https:\/\/denizcankizil.tr\/uk\/"},{"@type":"ListItem","position":2,"name":"\u0130ngiltere\u2019nin diplomatik pasaport sahiplerinde vize iddialar\u0131na a\u00e7\u0131klama"}]},{"@type":"WebSite","@id":"https:\/\/denizcankizil.tr\/#website","url":"https:\/\/denizcankizil.tr\/","name":"Av. Deniz Can K\u0131z\u0131l","description":"Avukat Deniz Can K\u0131z\u0131l Antalya Barosu","publisher":{"@id":"https:\/\/denizcankizil.tr\/#organization"},"potentialAction":[{"@type":"SearchAction","target":{"@type":"EntryPoint","urlTemplate":"https:\/\/denizcankizil.tr\/?s={search_term_string}"},"query-input":{"@type":"PropertyValueSpecification","valueRequired":true,"valueName":"search_term_string"}}],"inLanguage":"ru-RU"},{"@type":"Organization","@id":"https:\/\/denizcankizil.tr\/#organization","name":"Av. Deniz Can K\u0131z\u0131l","url":"https:\/\/denizcankizil.tr\/","logo":{"@type":"ImageObject","inLanguage":"ru-RU","@id":"https:\/\/denizcankizil.tr\/#\/schema\/logo\/image\/","url":"https:\/\/denizcankizil.tr\/wp-content\/uploads\/2024\/10\/siyah-logo-svg.svg","contentUrl":"https:\/\/denizcankizil.tr\/wp-content\/uploads\/2024\/10\/siyah-logo-svg.svg","width":1080,"height":1080,"caption":"Av. Deniz Can K\u0131z\u0131l"},"image":{"@id":"https:\/\/denizcankizil.tr\/#\/schema\/logo\/image\/"}},{"@type":"Person","@id":"https:\/\/denizcankizil.tr\/#\/schema\/person\/be3c05fe6a12686905512445d8185489","name":"\u0430\u0434\u043c\u0438\u043d","image":{"@type":"ImageObject","inLanguage":"ru-RU","@id":"https:\/\/denizcankizil.tr\/#\/schema\/person\/image\/","url":"https:\/\/secure.gravatar.com\/avatar\/c1fce94c830dc79107e174f890d7210541c4a63e8e5d816341794a2151c9d58c?s=96&d=mm&r=g","contentUrl":"https:\/\/secure.gravatar.com\/avatar\/c1fce94c830dc79107e174f890d7210541c4a63e8e5d816341794a2151c9d58c?s=96&d=mm&r=g","caption":"admin"},"sameAs":["http:\/\/denizcankizil.tr"],"url":"https:\/\/www.iskenderun.org\/ingilterenin-diplomatik-pasaport-sahiplerinde-vize-iddialarina-aciklama"}]}},"_links":{"self":[{"href":"https:\/\/denizcankizil.tr\/ru\/wp-json\/wp\/v2\/posts\/29251","targetHints":{"allow":["GET"]}}],"collection":[{"href":"https:\/\/denizcankizil.tr\/ru\/wp-json\/wp\/v2\/posts"}],"about":[{"href":"https:\/\/denizcankizil.tr\/ru\/wp-json\/wp\/v2\/types\/post"}],"author":[{"embeddable":true,"href":"https:\/\/denizcankizil.tr\/ru\/wp-json\/wp\/v2\/users\/1"}],"replies":[{"embeddable":true,"href":"https:\/\/denizcankizil.tr\/ru\/wp-json\/wp\/v2\/comments?post=29251"}],"version-history":[{"count":0,"href":"https:\/\/denizcankizil.tr\/ru\/wp-json\/wp\/v2\/posts\/29251\/revisions"}],"wp:attachment":[{"href":"https:\/\/denizcankizil.tr\/ru\/wp-json\/wp\/v2\/media?parent=29251"}],"wp:term":[{"taxonomy":"category","embeddable":true,"href":"https:\/\/denizcankizil.tr\/ru\/wp-json\/wp\/v2\/categories?post=29251"},{"taxonomy":"post_tag","embeddable":true,"href":"https:\/\/denizcankizil.tr\/ru\/wp-json\/wp\/v2\/tags?post=29251"}],"curies":[{"name":"wp","href":"https:\/\/api.w.org\/{rel}","templated":true}]}}