{"id":2897,"date":"2024-10-15T16:43:10","date_gmt":"2024-10-15T13:43:10","guid":{"rendered":"https:\/\/denizcankizil.tr\/uncategorized\/meclis-baskani-kurtulmus-acemogluna-hem-tebrik-hem-davet\/"},"modified":"2024-10-15T16:43:10","modified_gmt":"2024-10-15T13:43:10","slug":"meclis-baskani-kurtulmus-acemogluna-hem-tebrik-hem-davet","status":"publish","type":"post","link":"https:\/\/denizcankizil.tr\/ru\/haberler\/gundem\/meclis-baskani-kurtulmus-acemogluna-hem-tebrik-hem-davet\/","title":{"rendered":"Meclis Ba\u015fkan\u0131 Kurtulmu\u015f, Acemo\u011flu&#8217;na hem tebrik, hem davet"},"content":{"rendered":"<p>TBMM Ba\u015fkan\u0131 Numan Kurtulmu\u015f, 2024 Nobel Ekonomi \u00d6d\u00fcl\u00fc&#8217;ne lay\u0131k g\u00f6r\u00fclen ekonomist Daron Acemo\u011flu&#8217;nu telefonla arayarak tebrik ederken, kendisini Ankara&#8217;ya davet etti.ANKARA (\u0130GFA)- TBMM Ba\u015fkan\u0131 Kurtulmu\u015f, Acemo\u011flu ile g\u00f6r\u00fc\u015fmesinde, Parlamentolar Aras\u0131 Birlik (PAB) 149. Genel Kurulu dolay\u0131s\u0131yla \u0130svi\u00e7re\u2019nin Cenevre \u015fehrinde bulundu\u011funu, \u00f6d\u00fcl haberini \u00f6\u011frenince memnuniyet duydu\u011funu belirterek ekonomi alan\u0131nda y\u00fcr\u00fctt\u00fc\u011f\u00fc \u00e7al\u0131\u015fmalar\u0131nda ba\u015far\u0131lar diledi.<br \/>\nAcemo\u011flu\u2019nun ald\u0131\u011f\u0131 bu \u00f6d\u00fcl\u00fcn T\u00fcrkiye i\u00e7in bir \u00f6v\u00fcn\u00e7 kayna\u011f\u0131 oldu\u011funu ve kendisiyle iftihar ettiklerini belirten Kurtulmu\u015f, ayr\u0131ca Acemo\u011flu\u2019nu Ankara\u2019ya davet ederek kendisini TBMM\u2019de a\u011f\u0131rlamak istedi\u011fini s\u00f6yledi.<br \/>\nAcemo\u011flu ise TBMM Ba\u015fkan\u0131 Kurtulmu\u015f\u2019a tebrik telefonu ve nezaketi dolay\u0131s\u0131yla te\u015fekk\u00fcr ederek, mutlulu\u011funu payla\u015fmas\u0131ndan dolay\u0131 memnuniyetini ifade etti.<\/p>\n<p>\u200bTBMM Ba\u015fkan\u0131 Numan Kurtulmu\u015f, 2024 Nobel Ekonomi \u00d6d\u00fcl\u00fc&#8217;ne lay\u0131k g\u00f6r\u00fclen ekonomist Daron Acemo\u011flu&#8217;nu telefonla arayarak tebrik ederken, kendisini Ankara&#8217;ya davet etti\u00a0<\/p>\n<p>\u200bHaberin Al\u0131nt\u0131land\u0131\u011f\u0131 Kaynak: www.iskenderun.org<\/p>","protected":false},"excerpt":{"rendered":"<p>TBMM Ba\u015fkan\u0131 Numan Kurtulmu\u015f, 2024 Nobel Ekonomi \u00d6d\u00fcl\u00fc&#8217;ne lay\u0131k g\u00f6r\u00fclen ekonomist Daron Acemo\u011flu&#8217;nu telefonla arayarak tebrik ederken, kendisini Ankara&#8217;ya davet etti.ANKARA (\u0130GFA)- TBMM Ba\u015fkan\u0131 Kurtulmu\u015f, Acemo\u011flu ile g\u00f6r\u00fc\u015fmesinde, Parlamentolar Aras\u0131 Birlik (PAB) 149. Genel Kurulu dolay\u0131s\u0131yla \u0130svi\u00e7re\u2019nin Cenevre \u015fehrinde bulundu\u011funu, \u00f6d\u00fcl haberini \u00f6\u011frenince memnuniyet duydu\u011funu belirterek ekonomi alan\u0131nda y\u00fcr\u00fctt\u00fc\u011f\u00fc \u00e7al\u0131\u015fmalar\u0131nda ba\u015far\u0131lar diledi. Acemo\u011flu\u2019nun ald\u0131\u011f\u0131 bu \u00f6d\u00fcl\u00fcn T\u00fcrkiye i\u00e7in bir \u00f6v\u00fcn\u00e7 kayna\u011f\u0131 oldu\u011funu ve kendisiyle iftihar ettiklerini belirten Kurtulmu\u015f, ayr\u0131ca Acemo\u011flu\u2019nu Ankara\u2019ya davet ederek kendisini TBMM\u2019de a\u011f\u0131rlamak istedi\u011fini s\u00f6yledi. Acemo\u011flu ise TBMM Ba\u015fkan\u0131 Kurtulmu\u015f\u2019a tebrik telefonu ve nezaketi dolay\u0131s\u0131yla te\u015fekk\u00fcr ederek, mutlulu\u011funu payla\u015fmas\u0131ndan dolay\u0131 memnuniyetini ifade etti. \u200bTBMM Ba\u015fkan\u0131 Numan Kurtulmu\u015f, 2024 Nobel Ekonomi \u00d6d\u00fcl\u00fc&#8217;ne lay\u0131k g\u00f6r\u00fclen ekonomist Daron Acemo\u011flu&#8217;nu telefonla arayarak tebrik ederken, kendisini Ankara&#8217;ya davet etti\u00a0 \u200bHaberin Al\u0131nt\u0131land\u0131\u011f\u0131 Kaynak: www.iskenderun.org<\/p>","protected":false},"author":0,"featured_media":0,"comment_status":"open","ping_status":"open","sticky":false,"template":"","format":"standard","meta":{"_acf_changed":false,"footnotes":""},"categories":[24],"tags":[],"class_list":["post-2897","post","type-post","status-publish","format-standard","has-post-thumbnail","hentry","category-gundem"],"acf":[],"yoast_head":"<!-- This site is optimized with the Yoast SEO Premium plugin v26.6 (Yoast SEO v27.1.1) - https:\/\/yoast.com\/product\/yoast-seo-premium-wordpress\/ -->\n<title>Meclis Ba\u015fkan\u0131 Kurtulmu\u015f, Acemo\u011flu&#039;na hem tebrik, hem davet - Av. Deniz Can K\u0131z\u0131l<\/title>\n<meta name=\"robots\" content=\"index, follow, max-snippet:-1, max-image-preview:large, max-video-preview:-1\" \/>\n<link rel=\"canonical\" href=\"https:\/\/denizcankizil.tr\/ru\/haberler\/gundem\/meclis-baskani-kurtulmus-acemogluna-hem-tebrik-hem-davet\/\" \/>\n<meta property=\"og:locale\" content=\"ru_RU\" \/>\n<meta property=\"og:type\" content=\"article\" \/>\n<meta property=\"og:title\" content=\"Meclis Ba\u015fkan\u0131 Kurtulmu\u015f, Acemo\u011flu&#039;na hem tebrik, hem davet\" \/>\n<meta property=\"og:description\" content=\"TBMM Ba\u015fkan\u0131 Numan Kurtulmu\u015f, 2024 Nobel Ekonomi \u00d6d\u00fcl\u00fc&#8217;ne lay\u0131k g\u00f6r\u00fclen ekonomist Daron Acemo\u011flu&#8217;nu telefonla arayarak tebrik ederken, kendisini Ankara&#8217;ya davet etti.ANKARA (\u0130GFA)- TBMM Ba\u015fkan\u0131 Kurtulmu\u015f, Acemo\u011flu ile g\u00f6r\u00fc\u015fmesinde, Parlamentolar Aras\u0131 Birlik (PAB) 149. Genel Kurulu dolay\u0131s\u0131yla \u0130svi\u00e7re\u2019nin Cenevre \u015fehrinde bulundu\u011funu, \u00f6d\u00fcl haberini \u00f6\u011frenince memnuniyet duydu\u011funu belirterek ekonomi alan\u0131nda y\u00fcr\u00fctt\u00fc\u011f\u00fc \u00e7al\u0131\u015fmalar\u0131nda ba\u015far\u0131lar diledi. Acemo\u011flu\u2019nun ald\u0131\u011f\u0131 bu \u00f6d\u00fcl\u00fcn T\u00fcrkiye i\u00e7in bir \u00f6v\u00fcn\u00e7 kayna\u011f\u0131 oldu\u011funu ve kendisiyle iftihar ettiklerini belirten Kurtulmu\u015f, ayr\u0131ca Acemo\u011flu\u2019nu Ankara\u2019ya davet ederek kendisini TBMM\u2019de a\u011f\u0131rlamak istedi\u011fini s\u00f6yledi. Acemo\u011flu ise TBMM Ba\u015fkan\u0131 Kurtulmu\u015f\u2019a tebrik telefonu ve nezaketi dolay\u0131s\u0131yla te\u015fekk\u00fcr ederek, mutlulu\u011funu payla\u015fmas\u0131ndan dolay\u0131 memnuniyetini ifade etti. \u200bTBMM Ba\u015fkan\u0131 Numan Kurtulmu\u015f, 2024 Nobel Ekonomi \u00d6d\u00fcl\u00fc&#8217;ne lay\u0131k g\u00f6r\u00fclen ekonomist Daron Acemo\u011flu&#8217;nu telefonla arayarak tebrik ederken, kendisini Ankara&#8217;ya davet etti\u00a0 \u200bHaberin Al\u0131nt\u0131land\u0131\u011f\u0131 Kaynak: www.iskenderun.org\" \/>\n<meta property=\"og:url\" content=\"https:\/\/denizcankizil.tr\/ru\/haberler\/gundem\/meclis-baskani-kurtulmus-acemogluna-hem-tebrik-hem-davet\/\" \/>\n<meta property=\"og:site_name\" content=\"Av. Deniz Can K\u0131z\u0131l\" \/>\n<meta property=\"article:published_time\" content=\"2024-10-15T13:43:10+00:00\" \/>\n<meta name=\"twitter:card\" content=\"summary_large_image\" \/>\n<meta name=\"twitter:label1\" content=\"\u041f\u0440\u0438\u043c\u0435\u0440\u043d\u043e\u0435 \u0432\u0440\u0435\u043c\u044f \u0434\u043b\u044f \u0447\u0442\u0435\u043d\u0438\u044f\" \/>\n\t<meta name=\"twitter:data1\" content=\"1 \u043c\u0438\u043d\u0443\u0442\u0430\" \/>\n<script type=\"application\/ld+json\" class=\"yoast-schema-graph\">{\"@context\":\"https:\/\/schema.org\",\"@graph\":[{\"@type\":\"Article\",\"@id\":\"https:\/\/denizcankizil.tr\/ru\/haberler\/gundem\/meclis-baskani-kurtulmus-acemogluna-hem-tebrik-hem-davet\/#article\",\"isPartOf\":{\"@id\":\"https:\/\/denizcankizil.tr\/ru\/haberler\/gundem\/meclis-baskani-kurtulmus-acemogluna-hem-tebrik-hem-davet\/\"},\"author\":{\"name\":\"\",\"@id\":\"\"},\"headline\":\"Meclis Ba\u015fkan\u0131 Kurtulmu\u015f, Acemo\u011flu&#8217;na hem tebrik, hem davet\",\"datePublished\":\"2024-10-15T13:43:10+00:00\",\"mainEntityOfPage\":{\"@id\":\"https:\/\/denizcankizil.tr\/ru\/haberler\/gundem\/meclis-baskani-kurtulmus-acemogluna-hem-tebrik-hem-davet\/\"},\"wordCount\":197,\"commentCount\":0,\"publisher\":{\"@id\":\"https:\/\/denizcankizil.tr\/#organization\"},\"articleSection\":[\"G\u00fcndem\"],\"inLanguage\":\"ru-RU\",\"potentialAction\":[{\"@type\":\"CommentAction\",\"name\":\"Comment\",\"target\":[\"https:\/\/denizcankizil.tr\/ru\/haberler\/gundem\/meclis-baskani-kurtulmus-acemogluna-hem-tebrik-hem-davet\/#respond\"]}]},{\"@type\":\"WebPage\",\"@id\":\"https:\/\/denizcankizil.tr\/ru\/haberler\/gundem\/meclis-baskani-kurtulmus-acemogluna-hem-tebrik-hem-davet\/\",\"url\":\"https:\/\/denizcankizil.tr\/ru\/haberler\/gundem\/meclis-baskani-kurtulmus-acemogluna-hem-tebrik-hem-davet\/\",\"name\":\"Meclis Ba\u015fkan\u0131 Kurtulmu\u015f, Acemo\u011flu'na hem tebrik, hem davet - Av. Deniz Can K\u0131z\u0131l\",\"isPartOf\":{\"@id\":\"https:\/\/denizcankizil.tr\/#website\"},\"datePublished\":\"2024-10-15T13:43:10+00:00\",\"breadcrumb\":{\"@id\":\"https:\/\/denizcankizil.tr\/ru\/haberler\/gundem\/meclis-baskani-kurtulmus-acemogluna-hem-tebrik-hem-davet\/#breadcrumb\"},\"inLanguage\":\"ru-RU\",\"potentialAction\":[{\"@type\":\"ReadAction\",\"target\":[\"https:\/\/denizcankizil.tr\/ru\/haberler\/gundem\/meclis-baskani-kurtulmus-acemogluna-hem-tebrik-hem-davet\/\"]}]},{\"@type\":\"BreadcrumbList\",\"@id\":\"https:\/\/denizcankizil.tr\/ru\/haberler\/gundem\/meclis-baskani-kurtulmus-acemogluna-hem-tebrik-hem-davet\/#breadcrumb\",\"itemListElement\":[{\"@type\":\"ListItem\",\"position\":1,\"name\":\"Home\",\"item\":\"https:\/\/denizcankizil.tr\/de\/\"},{\"@type\":\"ListItem\",\"position\":2,\"name\":\"Meclis Ba\u015fkan\u0131 Kurtulmu\u015f, Acemo\u011flu&#8217;na hem tebrik, hem davet\"}]},{\"@type\":\"WebSite\",\"@id\":\"https:\/\/denizcankizil.tr\/#website\",\"url\":\"https:\/\/denizcankizil.tr\/\",\"name\":\"Av. Deniz Can K\u0131z\u0131l\",\"description\":\"Avukat Deniz Can K\u0131z\u0131l Antalya Barosu\",\"publisher\":{\"@id\":\"https:\/\/denizcankizil.tr\/#organization\"},\"potentialAction\":[{\"@type\":\"SearchAction\",\"target\":{\"@type\":\"EntryPoint\",\"urlTemplate\":\"https:\/\/denizcankizil.tr\/?s={search_term_string}\"},\"query-input\":{\"@type\":\"PropertyValueSpecification\",\"valueRequired\":true,\"valueName\":\"search_term_string\"}}],\"inLanguage\":\"ru-RU\"},{\"@type\":\"Organization\",\"@id\":\"https:\/\/denizcankizil.tr\/#organization\",\"name\":\"Av. Deniz Can K\u0131z\u0131l\",\"url\":\"https:\/\/denizcankizil.tr\/\",\"logo\":{\"@type\":\"ImageObject\",\"inLanguage\":\"ru-RU\",\"@id\":\"https:\/\/denizcankizil.tr\/#\/schema\/logo\/image\/\",\"url\":\"https:\/\/denizcankizil.tr\/wp-content\/uploads\/2024\/10\/siyah-logo-svg.svg\",\"contentUrl\":\"https:\/\/denizcankizil.tr\/wp-content\/uploads\/2024\/10\/siyah-logo-svg.svg\",\"width\":1080,\"height\":1080,\"caption\":\"Av. Deniz Can K\u0131z\u0131l\"},\"image\":{\"@id\":\"https:\/\/denizcankizil.tr\/#\/schema\/logo\/image\/\"}}]}<\/script>\n<!-- \/ Yoast SEO Premium plugin. -->","yoast_head_json":{"title":"Meclis Ba\u015fkan\u0131 Kurtulmu\u015f, Acemo\u011flu'na hem tebrik, hem davet - Av. Deniz Can K\u0131z\u0131l","robots":{"index":"index","follow":"follow","max-snippet":"max-snippet:-1","max-image-preview":"max-image-preview:large","max-video-preview":"max-video-preview:-1"},"canonical":"https:\/\/denizcankizil.tr\/ru\/haberler\/gundem\/meclis-baskani-kurtulmus-acemogluna-hem-tebrik-hem-davet\/","og_locale":"ru_RU","og_type":"article","og_title":"Meclis Ba\u015fkan\u0131 Kurtulmu\u015f, Acemo\u011flu'na hem tebrik, hem davet","og_description":"TBMM Ba\u015fkan\u0131 Numan Kurtulmu\u015f, 2024 Nobel Ekonomi \u00d6d\u00fcl\u00fc&#8217;ne lay\u0131k g\u00f6r\u00fclen ekonomist Daron Acemo\u011flu&#8217;nu telefonla arayarak tebrik ederken, kendisini Ankara&#8217;ya davet etti.ANKARA (\u0130GFA)- TBMM Ba\u015fkan\u0131 Kurtulmu\u015f, Acemo\u011flu ile g\u00f6r\u00fc\u015fmesinde, Parlamentolar Aras\u0131 Birlik (PAB) 149. Genel Kurulu dolay\u0131s\u0131yla \u0130svi\u00e7re\u2019nin Cenevre \u015fehrinde bulundu\u011funu, \u00f6d\u00fcl haberini \u00f6\u011frenince memnuniyet duydu\u011funu belirterek ekonomi alan\u0131nda y\u00fcr\u00fctt\u00fc\u011f\u00fc \u00e7al\u0131\u015fmalar\u0131nda ba\u015far\u0131lar diledi. Acemo\u011flu\u2019nun ald\u0131\u011f\u0131 bu \u00f6d\u00fcl\u00fcn T\u00fcrkiye i\u00e7in bir \u00f6v\u00fcn\u00e7 kayna\u011f\u0131 oldu\u011funu ve kendisiyle iftihar ettiklerini belirten Kurtulmu\u015f, ayr\u0131ca Acemo\u011flu\u2019nu Ankara\u2019ya davet ederek kendisini TBMM\u2019de a\u011f\u0131rlamak istedi\u011fini s\u00f6yledi. Acemo\u011flu ise TBMM Ba\u015fkan\u0131 Kurtulmu\u015f\u2019a tebrik telefonu ve nezaketi dolay\u0131s\u0131yla te\u015fekk\u00fcr ederek, mutlulu\u011funu payla\u015fmas\u0131ndan dolay\u0131 memnuniyetini ifade etti. \u200bTBMM Ba\u015fkan\u0131 Numan Kurtulmu\u015f, 2024 Nobel Ekonomi \u00d6d\u00fcl\u00fc&#8217;ne lay\u0131k g\u00f6r\u00fclen ekonomist Daron Acemo\u011flu&#8217;nu telefonla arayarak tebrik ederken, kendisini Ankara&#8217;ya davet etti\u00a0 \u200bHaberin Al\u0131nt\u0131land\u0131\u011f\u0131 Kaynak: www.iskenderun.org","og_url":"https:\/\/denizcankizil.tr\/ru\/haberler\/gundem\/meclis-baskani-kurtulmus-acemogluna-hem-tebrik-hem-davet\/","og_site_name":"Av. Deniz Can K\u0131z\u0131l","article_published_time":"2024-10-15T13:43:10+00:00","twitter_card":"summary_large_image","twitter_misc":{"\u041f\u0440\u0438\u043c\u0435\u0440\u043d\u043e\u0435 \u0432\u0440\u0435\u043c\u044f \u0434\u043b\u044f \u0447\u0442\u0435\u043d\u0438\u044f":"1 \u043c\u0438\u043d\u0443\u0442\u0430"},"schema":{"@context":"https:\/\/schema.org","@graph":[{"@type":"Article","@id":"https:\/\/denizcankizil.tr\/ru\/haberler\/gundem\/meclis-baskani-kurtulmus-acemogluna-hem-tebrik-hem-davet\/#article","isPartOf":{"@id":"https:\/\/denizcankizil.tr\/ru\/haberler\/gundem\/meclis-baskani-kurtulmus-acemogluna-hem-tebrik-hem-davet\/"},"author":{"name":"","@id":""},"headline":"Meclis Ba\u015fkan\u0131 Kurtulmu\u015f, Acemo\u011flu&#8217;na hem tebrik, hem davet","datePublished":"2024-10-15T13:43:10+00:00","mainEntityOfPage":{"@id":"https:\/\/denizcankizil.tr\/ru\/haberler\/gundem\/meclis-baskani-kurtulmus-acemogluna-hem-tebrik-hem-davet\/"},"wordCount":197,"commentCount":0,"publisher":{"@id":"https:\/\/denizcankizil.tr\/#organization"},"articleSection":["G\u00fcndem"],"inLanguage":"ru-RU","potentialAction":[{"@type":"CommentAction","name":"Comment","target":["https:\/\/denizcankizil.tr\/ru\/haberler\/gundem\/meclis-baskani-kurtulmus-acemogluna-hem-tebrik-hem-davet\/#respond"]}]},{"@type":"WebPage","@id":"https:\/\/denizcankizil.tr\/ru\/haberler\/gundem\/meclis-baskani-kurtulmus-acemogluna-hem-tebrik-hem-davet\/","url":"https:\/\/denizcankizil.tr\/ru\/haberler\/gundem\/meclis-baskani-kurtulmus-acemogluna-hem-tebrik-hem-davet\/","name":"Meclis Ba\u015fkan\u0131 Kurtulmu\u015f, Acemo\u011flu'na hem tebrik, hem davet - Av. Deniz Can K\u0131z\u0131l","isPartOf":{"@id":"https:\/\/denizcankizil.tr\/#website"},"datePublished":"2024-10-15T13:43:10+00:00","breadcrumb":{"@id":"https:\/\/denizcankizil.tr\/ru\/haberler\/gundem\/meclis-baskani-kurtulmus-acemogluna-hem-tebrik-hem-davet\/#breadcrumb"},"inLanguage":"ru-RU","potentialAction":[{"@type":"ReadAction","target":["https:\/\/denizcankizil.tr\/ru\/haberler\/gundem\/meclis-baskani-kurtulmus-acemogluna-hem-tebrik-hem-davet\/"]}]},{"@type":"BreadcrumbList","@id":"https:\/\/denizcankizil.tr\/ru\/haberler\/gundem\/meclis-baskani-kurtulmus-acemogluna-hem-tebrik-hem-davet\/#breadcrumb","itemListElement":[{"@type":"ListItem","position":1,"name":"Home","item":"https:\/\/denizcankizil.tr\/de\/"},{"@type":"ListItem","position":2,"name":"Meclis Ba\u015fkan\u0131 Kurtulmu\u015f, Acemo\u011flu&#8217;na hem tebrik, hem davet"}]},{"@type":"WebSite","@id":"https:\/\/denizcankizil.tr\/#website","url":"https:\/\/denizcankizil.tr\/","name":"Av. Deniz Can K\u0131z\u0131l","description":"Avukat Deniz Can K\u0131z\u0131l Antalya Barosu","publisher":{"@id":"https:\/\/denizcankizil.tr\/#organization"},"potentialAction":[{"@type":"SearchAction","target":{"@type":"EntryPoint","urlTemplate":"https:\/\/denizcankizil.tr\/?s={search_term_string}"},"query-input":{"@type":"PropertyValueSpecification","valueRequired":true,"valueName":"search_term_string"}}],"inLanguage":"ru-RU"},{"@type":"Organization","@id":"https:\/\/denizcankizil.tr\/#organization","name":"Av. Deniz Can K\u0131z\u0131l","url":"https:\/\/denizcankizil.tr\/","logo":{"@type":"ImageObject","inLanguage":"ru-RU","@id":"https:\/\/denizcankizil.tr\/#\/schema\/logo\/image\/","url":"https:\/\/denizcankizil.tr\/wp-content\/uploads\/2024\/10\/siyah-logo-svg.svg","contentUrl":"https:\/\/denizcankizil.tr\/wp-content\/uploads\/2024\/10\/siyah-logo-svg.svg","width":1080,"height":1080,"caption":"Av. Deniz Can K\u0131z\u0131l"},"image":{"@id":"https:\/\/denizcankizil.tr\/#\/schema\/logo\/image\/"}}]}},"_links":{"self":[{"href":"https:\/\/denizcankizil.tr\/ru\/wp-json\/wp\/v2\/posts\/2897","targetHints":{"allow":["GET"]}}],"collection":[{"href":"https:\/\/denizcankizil.tr\/ru\/wp-json\/wp\/v2\/posts"}],"about":[{"href":"https:\/\/denizcankizil.tr\/ru\/wp-json\/wp\/v2\/types\/post"}],"replies":[{"embeddable":true,"href":"https:\/\/denizcankizil.tr\/ru\/wp-json\/wp\/v2\/comments?post=2897"}],"version-history":[{"count":0,"href":"https:\/\/denizcankizil.tr\/ru\/wp-json\/wp\/v2\/posts\/2897\/revisions"}],"wp:attachment":[{"href":"https:\/\/denizcankizil.tr\/ru\/wp-json\/wp\/v2\/media?parent=2897"}],"wp:term":[{"taxonomy":"category","embeddable":true,"href":"https:\/\/denizcankizil.tr\/ru\/wp-json\/wp\/v2\/categories?post=2897"},{"taxonomy":"post_tag","embeddable":true,"href":"https:\/\/denizcankizil.tr\/ru\/wp-json\/wp\/v2\/tags?post=2897"}],"curies":[{"name":"wp","href":"https:\/\/api.w.org\/{rel}","templated":true}]}}