{"id":28796,"date":"2025-01-30T18:41:34","date_gmt":"2025-01-30T15:41:34","guid":{"rendered":"https:\/\/denizcankizil.tr\/uncategorized-tr\/bursa-niluferde-muzikli-dayanisma\/"},"modified":"2025-01-30T18:41:34","modified_gmt":"2025-01-30T15:41:34","slug":"bursa-niluferde-muzikli-dayanisma","status":"publish","type":"post","link":"https:\/\/denizcankizil.tr\/ru\/haberler\/gundem\/bursa-niluferde-muzikli-dayanisma\/","title":{"rendered":"Bursa Nil\u00fcfer&#8217;de m\u00fczikli dayan\u0131\u015fma"},"content":{"rendered":"<p>Bursa Nil\u00fcfer \u00c7ocuk ve Gen\u00e7lik Korosu\u2019yla birlikte, 1 \u015eubat ak\u015fam\u0131 Naz\u0131m Hikmet K\u00fclt\u00fcrevi\u2019nde sahne alacak olan Hatay ve Kuzey K\u0131br\u0131s T\u00fcrk Cumhuriyeti\u2019nden gelen \u00e7ocuk ve gen\u00e7lik korolar\u0131 verecekleri konser \u00f6ncesi Nil\u00fcfer Belediye Ba\u015fkan\u0131 \u015eadi \u00d6zdemir ile bulu\u015ftu. M\u00fczi\u011fin k\u00f6pr\u00fc oldu\u011fu 3 kentin \u00e7ocuk ve gen\u00e7lerinin bulu\u015fmas\u0131nda, dayan\u0131\u015fma mesaj\u0131 verildi.BURSA (\u0130GFA) &#8211;\u00a06 \u015eubat depreminin 2\u2019nci y\u0131ld\u00f6n\u00fcm\u00fc yakla\u015f\u0131rken, baz\u0131 \u00f6\u011frencilerini de kaybeden Hatay\u2019daki Antakya Polifonik Korolar Derne\u011fi (APKORD) \u00c7ocuk Korosu ile Kuzey K\u0131br\u0131s T\u00fcrk Cumhuriyeti\u2019nden (KKTC) Ada I\u015f\u0131\u011f\u0131 \u00c7ocuk Korosu ve Ada I\u015f\u0131\u011f\u0131 Gen\u00e7lik Vokal Toplulu\u011fu; Nil\u00fcfer \u00c7ocuk ve Gen\u00e7lik Korosu\u2019yla birlikte, Nil\u00fcfer Belediye Ba\u015fkan\u0131 \u015eadi \u00d6zdemir\u2019i ziyaret etti.<br \/>\n1 \u015eubat ak\u015fam\u0131 Naz\u0131m Hikmet K\u00fclt\u00fcrevi\u2019nde sahne alacak olan korolar\u0131n, Nil\u00fcfer Belediyesi Halk Evi\u2019ndeki bulu\u015fmas\u0131nda \u00e7ocuklar, gen\u00e7ler, veliler ve korolar\u0131n \u015fef ve yard\u0131mc\u0131lar\u0131 da yer ald\u0131.<br \/>\nNil\u00fcfer Belediye Ba\u015fkan\u0131 \u015eadi \u00d6zdemir yapt\u0131\u011f\u0131 konu\u015fmada, belediye olarak gen\u00e7lerin ve \u00e7ocuklar\u0131n \u00f6ncelikleri aras\u0131nda yer ald\u0131\u011f\u0131n\u0131 ve buna uygun projeleri hayata ge\u00e7irdiklerini s\u00f6yledi. 6 \u015eubat depremlerinde bir felaketin ya\u015fand\u0131\u011f\u0131n\u0131 belirten Ba\u015fkan \u015eadi \u00d6zdemir, \u201cBu kadar gencimizin, oradaki ya\u015fanan felaketten sonra hala m\u00fczik yap\u0131yor olmas\u0131 \u00e7ok \u00f6nemli. M\u00fczik, asl\u0131nda ruhun g\u0131das\u0131. Tabii ki e\u011fitimi de hi\u00e7bir zaman da ihmal etmemek laz\u0131m. \u00c7ocuklar\u0131n ba\u015far\u0131ya giden yolunun y\u00fczde 50\u2019si \u00e7al\u0131\u015fmaksa, di\u011fer y\u00fczde 50 i\u00e7in sosyal bir insan olmak \u00f6nemli. M\u00fczikle, sporla, sanatla, sosyal projelerle ilgilenen ki\u015filer olmak ba\u015far\u0131n\u0131n \u00f6nemli bir kriteri\u201d diye konu\u015ftu.<br \/>\nDeprem zaman\u0131nda Hatay\u2019a giderek ya\u015fananlara tan\u0131kl\u0131k etti\u011fini anlatan Ba\u015fkan \u015eadi \u00d6zdemir, \u201cOradaki ac\u0131lar\u0131 g\u00f6rd\u00fck. Ya\u015fanan ac\u0131lar\u0131 sizin gibi olmasa da biliyorum. Yard\u0131m etmeye \u00e7al\u0131\u015ft\u0131k. Nil\u00fcfer Belediyesi Samanda\u011f\u2019da konteyner kent, a\u015fevi kurdu. Nil\u00fcfer, o d\u00f6nemde dayan\u0131\u015fman\u0131n g\u00fczel \u00f6rne\u011fini sergiledi. Dile\u011fimiz bir daha o g\u00fcnler ya\u015fanmas\u0131n. Biz sadece g\u00fczel anlar i\u00e7in bir araya gelelim. Hepiniz kentimize ho\u015f geldiniz\u201d dedi.<br \/>\n\u201c\u00c7OCUKLAR KAYNA\u015eIYOR\u201d<br \/>\nAda I\u015f\u0131\u011f\u0131 \u00c7ocuk Korosu ve Gen\u00e7lik Vokal Toplulu\u011fu \u015eefi Erkan Da\u011fl\u0131, Gazima\u011fusa ile karde\u015f kent olan Nil\u00fcfer\u2019de olmaktan \u00e7ok mutlu olduklar\u0131n\u0131 dile getirdi. Ge\u00e7ti\u011fimiz aylarda KKTC\u2019de \u2018Korolar Bulu\u015fuyor\u2019 temas\u0131yla 3 koro olarak sahne ald\u0131klar\u0131n\u0131 s\u00f6yleyen Da\u011fl\u0131, \u201c\u015eimdi de Nil\u00fcfer\u2019de sahneye \u00e7\u0131kaca\u011f\u0131z. Hatay, Gazima\u011fusa ve Bursa\u2019daki korolar ile bulu\u015fmam\u0131zda, \u00e7ocuklar ve aileleri kayna\u015farak bir dostluk k\u00f6pr\u00fcs\u00fc kuruyor\u201d dedi.<br \/>\n\u201cYA\u015eAMA TUTUNMAMIZI SA\u011eLADI\u201d<br \/>\nAPKORD \u00c7ocuk Korosu \u015eefi Sezgin Suna da, depremin ard\u0131ndan \u00e7ok \u015feyin de\u011fi\u015fti\u011fini belirtti. Suna, \u201cHer \u015feyden \u00f6nce koromuzdan 3 \u00e7ocu\u011fumuzu yitirdik. Yeti\u015fkin koromuzdan 2 koristimizi kaybettik. Koca bir \u015fehir yok oldu. \u00c7ocuklar\u0131m\u0131z da T\u00fcrkiye\u2019nin bir\u00e7ok yerine da\u011f\u0131ld\u0131. Online \u00e7al\u0131\u015fmalar ve tatillerdeki kamplarla, koroyu bir araya getirdik ve tekrar el ele tutu\u015farak \u015fark\u0131 s\u00f6ylemeye devam ettik. Bu hem bize \u00e7ok iyi geldi, hem de tekrar ya\u015fama tutunmam\u0131z\u0131 sa\u011flad\u0131. \u00c7ocuklar\u0131n da beraber olmas\u0131, birbirleriyle \u00f6zlem gidermesi, m\u00fczi\u011fin birle\u015ftirici ruhunu daha somutla\u015ft\u0131rd\u0131\u201d diye konu\u015ftu.<br \/>\n\u015eef Suna, \u00e7ocuklar\u0131n kentin d\u0131\u015f\u0131na \u00e7\u0131karak bu t\u00fcr faaliyetlere kat\u0131lmas\u0131n\u0131n \u00e7ok de\u011ferli oldu\u011funu ifade ederek, \u201cBu t\u00fcr organizasyonlara, davetler almam\u0131z bizim i\u00e7in \u00e7ok \u00f6nem arz ediyor. Nil\u00fcfer Belediyesi\u2019ne bu anlamda, organizasyondaki eme\u011finden dolay\u0131 te\u015fekk\u00fcr ediyorum. \u00c7\u00fcnk\u00fc \u00e7ocuklar\u0131n, beraber olabilmesi i\u00e7in manevi bir g\u00fc\u00e7 sa\u011fl\u0131yor ve onlar\u0131 inan\u0131lmaz mutlu ediyor. Bu verilebilecek en b\u00fcy\u00fck \u00f6d\u00fcl diye d\u00fc\u015f\u00fcn\u00fcyorum. O y\u00fczden sizlere te\u015fekk\u00fcr ediyorum\u201d dedi.<br \/>\nNil\u00fcfer \u00c7ocuk Korosu ve Nil\u00fcfer Gen\u00e7lik Korosu \u015eefi Suat \u015eahin de, Ba\u015fkan \u015eadi \u00d6zdemir\u2019e organizasyona desteklerinden dolay\u0131 te\u015fekk\u00fcr etti.<br \/>\n\u201cDEPREMDEN SONRA M\u00dcZ\u0130\u011eE SARILDIM\u201d<br \/>\nYakla\u015f\u0131k 10 y\u0131ld\u0131r koro \u00e7al\u0131\u015fmalar\u0131nda yer alan APKORD Korosu\u2019nun gen\u00e7 \u00fcyesi Umut Alkan, depremin yaralar\u0131n\u0131 m\u00fczikle sarmaya \u00e7al\u0131\u015ft\u0131klar\u0131n\u0131 s\u00f6yledi. Konservatuvarda hoca olmay\u0131 hayal etti\u011fini belirten Alkan, \u201cDepremden sonra m\u00fczi\u011fe daha s\u0131k\u0131 sar\u0131ld\u0131k. Farkl\u0131 \u015fehirlerde konserler veriyoruz ve bu da \u00f6nemli bir deneyim\u201d dedi.<br \/>\nAPKORD \u00c7ocuk Korosu\u2019nun bir di\u011fer \u00fcyesi Beren G\u00fczely\u00fcz de m\u00fczik sayesinde insanlarla tan\u0131\u015ft\u0131klar\u0131n\u0131, sosyalle\u015ftiklerini s\u00f6yledi.<br \/>\nBulu\u015fmada, iki koronun \u015fefi; kentlerini anlatan hediyelerini Ba\u015fkan \u015eadi \u00d6zdemir\u2019e verdiler.<\/p>\n<p>\u200bBursa Nil\u00fcfer \u00c7ocuk ve Gen\u00e7lik Korosu\u2019yla birlikte, 1 \u015eubat ak\u015fam\u0131 Naz\u0131m Hikmet K\u00fclt\u00fcrevi\u2019nde sahne alacak olan Hatay ve Kuzey K\u0131br\u0131s T\u00fcrk Cumhuriyeti\u2019nden gelen \u00e7ocuk ve gen\u00e7lik korolar\u0131 verecekleri konser \u00f6ncesi Nil\u00fcfer Belediye Ba\u015fkan\u0131 \u015eadi \u00d6zdemir ile bulu\u015ftu. M\u00fczi\u011fin k\u00f6pr\u00fc oldu\u011fu 3 kentin \u00e7ocuk ve gen\u00e7lerinin bulu\u015fmas\u0131nda, dayan\u0131\u015fma mesaj\u0131 verildi.BURSA (\u0130GFA) &#8211;\u00a06 \u015eubat depreminin 2\u2019nci y\u0131ld\u00f6n\u00fcm\u00fc yakla\u015f\u0131rken, baz\u0131 \u00f6\u011frencilerini de kaybeden Hatay\u2019daki Antakya Polifonik Korolar Derne\u011fi (APKORD) \u00c7ocuk Korosu ile Kuzey K\u0131br\u0131s T\u00fcrk Cumhuriyeti\u2019nden (KKTC) Ada I\u015f\u0131\u011f\u0131 \u00c7ocuk Korosu ve Ada I\u015f\u0131\u011f\u0131 Gen\u00e7lik Vokal Toplulu\u011fu; Nil\u00fcfer \u00c7ocuk ve Gen\u00e7lik Korosu\u2019yla birlikte, Nil\u00fcfer Belediye Ba\u015fkan\u0131 \u015eadi \u00d6zdemir\u2019i ziyaret etti.<br \/>\n1 \u015eubat ak\u015fam\u0131 Naz\u0131m Hikmet K\u00fclt\u00fcrevi\u2019nde sahne alacak olan korolar\u0131n, Nil\u00fcfer Belediyesi Halk Evi\u2019ndeki bulu\u015fmas\u0131nda \u00e7ocuklar, gen\u00e7ler, veliler ve korolar\u0131n \u015fef ve yard\u0131mc\u0131lar\u0131 da yer ald\u0131.<br \/>\nNil\u00fcfer Belediye Ba\u015fkan\u0131 \u015eadi \u00d6zdemir yapt\u0131\u011f\u0131 konu\u015fmada, belediye olarak gen\u00e7lerin ve \u00e7ocuklar\u0131n \u00f6ncelikleri aras\u0131nda yer ald\u0131\u011f\u0131n\u0131 ve buna uygun projeleri hayata ge\u00e7irdiklerini s\u00f6yledi. 6 \u015eubat depremlerinde bir felaketin ya\u015fand\u0131\u011f\u0131n\u0131 belirten Ba\u015fkan \u015eadi \u00d6zdemir, \u201cBu kadar gencimizin, oradaki ya\u015fanan felaketten sonra hala m\u00fczik yap\u0131yor olmas\u0131 \u00e7ok \u00f6nemli. M\u00fczik, asl\u0131nda ruhun g\u0131das\u0131. Tabii ki e\u011fitimi de hi\u00e7bir zaman da ihmal etmemek laz\u0131m. \u00c7ocuklar\u0131n ba\u015far\u0131ya giden yolunun y\u00fczde 50\u2019si \u00e7al\u0131\u015fmaksa, di\u011fer y\u00fczde 50 i\u00e7in sosyal bir insan olmak \u00f6nemli. M\u00fczikle, sporla, sanatla, sosyal projelerle ilgilenen ki\u015filer olmak ba\u015far\u0131n\u0131n \u00f6nemli bir kriteri\u201d diye konu\u015ftu.<br \/>\nDeprem zaman\u0131nda Hatay\u2019a giderek ya\u015fananlara tan\u0131kl\u0131k etti\u011fini anlatan Ba\u015fkan \u015eadi \u00d6zdemir, \u201cOradaki ac\u0131lar\u0131 g\u00f6rd\u00fck. Ya\u015fanan ac\u0131lar\u0131 sizin gibi olmasa da biliyorum. Yard\u0131m etmeye \u00e7al\u0131\u015ft\u0131k. Nil\u00fcfer Belediyesi Samanda\u011f\u2019da konteyner kent, a\u015fevi kurdu. Nil\u00fcfer, o d\u00f6nemde dayan\u0131\u015fman\u0131n g\u00fczel \u00f6rne\u011fini sergiledi. Dile\u011fimiz bir daha o g\u00fcnler ya\u015fanmas\u0131n. Biz sadece g\u00fczel anlar i\u00e7in bir araya gelelim. Hepiniz kentimize ho\u015f geldiniz\u201d dedi.<br \/>\n\u201c\u00c7OCUKLAR KAYNA\u015eIYOR\u201d<br \/>\nAda I\u015f\u0131\u011f\u0131 \u00c7ocuk Korosu ve Gen\u00e7lik Vokal Toplulu\u011fu \u015eefi Erkan Da\u011fl\u0131, Gazima\u011fusa ile karde\u015f kent olan Nil\u00fcfer\u2019de olmaktan \u00e7ok mutlu olduklar\u0131n\u0131 dile getirdi. Ge\u00e7ti\u011fimiz aylarda KKTC\u2019de \u2018Korolar Bulu\u015fuyor\u2019 temas\u0131yla 3 koro olarak sahne ald\u0131klar\u0131n\u0131 s\u00f6yleyen Da\u011fl\u0131, \u201c\u015eimdi de Nil\u00fcfer\u2019de sahneye \u00e7\u0131kaca\u011f\u0131z. Hatay, Gazima\u011fusa ve Bursa\u2019daki korolar ile bulu\u015fmam\u0131zda, \u00e7ocuklar ve aileleri kayna\u015farak bir dostluk k\u00f6pr\u00fcs\u00fc kuruyor\u201d dedi.<br \/>\n\u201cYA\u015eAMA TUTUNMAMIZI SA\u011eLADI\u201d<br \/>\nAPKORD \u00c7ocuk Korosu \u015eefi Sezgin Suna da, depremin ard\u0131ndan \u00e7ok \u015feyin de\u011fi\u015fti\u011fini belirtti. Suna, \u201cHer \u015feyden \u00f6nce koromuzdan 3 \u00e7ocu\u011fumuzu yitirdik. Yeti\u015fkin koromuzdan 2 koristimizi kaybettik. Koca bir \u015fehir yok oldu. \u00c7ocuklar\u0131m\u0131z da T\u00fcrkiye\u2019nin bir\u00e7ok yerine da\u011f\u0131ld\u0131. Online \u00e7al\u0131\u015fmalar ve tatillerdeki kamplarla, koroyu bir araya getirdik ve tekrar el ele tutu\u015farak \u015fark\u0131 s\u00f6ylemeye devam ettik. Bu hem bize \u00e7ok iyi geldi, hem de tekrar ya\u015fama tutunmam\u0131z\u0131 sa\u011flad\u0131. \u00c7ocuklar\u0131n da beraber olmas\u0131, birbirleriyle \u00f6zlem gidermesi, m\u00fczi\u011fin birle\u015ftirici ruhunu daha somutla\u015ft\u0131rd\u0131\u201d diye konu\u015ftu.<br \/>\n\u015eef Suna, \u00e7ocuklar\u0131n kentin d\u0131\u015f\u0131na \u00e7\u0131karak bu t\u00fcr faaliyetlere kat\u0131lmas\u0131n\u0131n \u00e7ok de\u011ferli oldu\u011funu ifade ederek, \u201cBu t\u00fcr organizasyonlara, davetler almam\u0131z bizim i\u00e7in \u00e7ok \u00f6nem arz ediyor. Nil\u00fcfer Belediyesi\u2019ne bu anlamda, organizasyondaki eme\u011finden dolay\u0131 te\u015fekk\u00fcr ediyorum. \u00c7\u00fcnk\u00fc \u00e7ocuklar\u0131n, beraber olabilmesi i\u00e7in manevi bir g\u00fc\u00e7 sa\u011fl\u0131yor ve onlar\u0131 inan\u0131lmaz mutlu ediyor. Bu verilebilecek en b\u00fcy\u00fck \u00f6d\u00fcl diye d\u00fc\u015f\u00fcn\u00fcyorum. O y\u00fczden sizlere te\u015fekk\u00fcr ediyorum\u201d dedi.<br \/>\nNil\u00fcfer \u00c7ocuk Korosu ve Nil\u00fcfer Gen\u00e7lik Korosu \u015eefi Suat \u015eahin de, Ba\u015fkan \u015eadi \u00d6zdemir\u2019e organizasyona desteklerinden dolay\u0131 te\u015fekk\u00fcr etti.<br \/>\n\u201cDEPREMDEN SONRA M\u00dcZ\u0130\u011eE SARILDIM\u201d<br \/>\nYakla\u015f\u0131k 10 y\u0131ld\u0131r koro \u00e7al\u0131\u015fmalar\u0131nda yer alan APKORD Korosu\u2019nun gen\u00e7 \u00fcyesi Umut Alkan, depremin yaralar\u0131n\u0131 m\u00fczikle sarmaya \u00e7al\u0131\u015ft\u0131klar\u0131n\u0131 s\u00f6yledi. Konservatuvarda hoca olmay\u0131 hayal etti\u011fini belirten Alkan, \u201cDepremden sonra m\u00fczi\u011fe daha s\u0131k\u0131 sar\u0131ld\u0131k. Farkl\u0131 \u015fehirlerde konserler veriyoruz ve bu da \u00f6nemli bir deneyim\u201d dedi.<br \/>\nAPKORD \u00c7ocuk Korosu\u2019nun bir di\u011fer \u00fcyesi Beren G\u00fczely\u00fcz de m\u00fczik sayesinde insanlarla tan\u0131\u015ft\u0131klar\u0131n\u0131, sosyalle\u015ftiklerini s\u00f6yledi.<br \/>\nBulu\u015fmada, iki koronun \u015fefi; kentlerini anlatan hediyelerini Ba\u015fkan \u015eadi \u00d6zdemir\u2019e verdiler.\u00a0<\/p>\n<p>\u200bHaberin Al\u0131nt\u0131land\u0131\u011f\u0131 Kaynak: www.iskenderun.org<\/p>","protected":false},"excerpt":{"rendered":"<p>Bursa Nil\u00fcfer \u00c7ocuk ve Gen\u00e7lik Korosu\u2019yla birlikte, 1 \u015eubat ak\u015fam\u0131 Naz\u0131m Hikmet K\u00fclt\u00fcrevi\u2019nde sahne alacak olan Hatay ve Kuzey K\u0131br\u0131s T\u00fcrk Cumhuriyeti\u2019nden gelen \u00e7ocuk ve gen\u00e7lik korolar\u0131 verecekleri konser \u00f6ncesi Nil\u00fcfer Belediye Ba\u015fkan\u0131 \u015eadi \u00d6zdemir ile bulu\u015ftu. M\u00fczi\u011fin k\u00f6pr\u00fc oldu\u011fu 3 kentin \u00e7ocuk ve gen\u00e7lerinin bulu\u015fmas\u0131nda, dayan\u0131\u015fma mesaj\u0131 verildi.BURSA (\u0130GFA) &#8211;\u00a06 \u015eubat depreminin 2\u2019nci y\u0131ld\u00f6n\u00fcm\u00fc yakla\u015f\u0131rken, baz\u0131 \u00f6\u011frencilerini de kaybeden Hatay\u2019daki Antakya Polifonik Korolar Derne\u011fi (APKORD) \u00c7ocuk Korosu ile Kuzey K\u0131br\u0131s T\u00fcrk Cumhuriyeti\u2019nden (KKTC) Ada I\u015f\u0131\u011f\u0131 \u00c7ocuk Korosu ve Ada I\u015f\u0131\u011f\u0131 Gen\u00e7lik Vokal Toplulu\u011fu; Nil\u00fcfer \u00c7ocuk ve Gen\u00e7lik Korosu\u2019yla birlikte, Nil\u00fcfer Belediye Ba\u015fkan\u0131 \u015eadi \u00d6zdemir\u2019i ziyaret etti. 1 \u015eubat ak\u015fam\u0131 Naz\u0131m Hikmet K\u00fclt\u00fcrevi\u2019nde sahne alacak olan korolar\u0131n, Nil\u00fcfer Belediyesi Halk Evi\u2019ndeki bulu\u015fmas\u0131nda \u00e7ocuklar, gen\u00e7ler, veliler ve korolar\u0131n \u015fef ve yard\u0131mc\u0131lar\u0131 da yer ald\u0131. Nil\u00fcfer Belediye Ba\u015fkan\u0131 \u015eadi \u00d6zdemir yapt\u0131\u011f\u0131 konu\u015fmada, belediye olarak gen\u00e7lerin ve \u00e7ocuklar\u0131n \u00f6ncelikleri aras\u0131nda yer ald\u0131\u011f\u0131n\u0131 ve buna uygun projeleri hayata ge\u00e7irdiklerini s\u00f6yledi. 6 \u015eubat depremlerinde bir felaketin ya\u015fand\u0131\u011f\u0131n\u0131 belirten Ba\u015fkan \u015eadi \u00d6zdemir, \u201cBu kadar gencimizin, oradaki ya\u015fanan felaketten sonra hala m\u00fczik yap\u0131yor olmas\u0131 \u00e7ok \u00f6nemli. M\u00fczik, asl\u0131nda ruhun g\u0131das\u0131. Tabii ki e\u011fitimi de hi\u00e7bir zaman da ihmal etmemek laz\u0131m. \u00c7ocuklar\u0131n ba\u015far\u0131ya giden yolunun y\u00fczde 50\u2019si \u00e7al\u0131\u015fmaksa, di\u011fer y\u00fczde 50 i\u00e7in sosyal bir insan olmak \u00f6nemli. M\u00fczikle, &hellip;<\/p>","protected":false},"author":1,"featured_media":0,"comment_status":"open","ping_status":"open","sticky":false,"template":"","format":"standard","meta":{"_acf_changed":false,"footnotes":""},"categories":[24],"tags":[],"class_list":["post-28796","post","type-post","status-publish","format-standard","has-post-thumbnail","hentry","category-gundem"],"acf":[],"yoast_head":"<!-- This site is optimized with the Yoast SEO Premium plugin v26.6 (Yoast SEO v27.1.1) - https:\/\/yoast.com\/product\/yoast-seo-premium-wordpress\/ -->\n<title>Bursa Nil\u00fcfer&#039;de m\u00fczikli dayan\u0131\u015fma - Av. Deniz Can K\u0131z\u0131l<\/title>\n<meta name=\"robots\" content=\"index, follow, max-snippet:-1, max-image-preview:large, max-video-preview:-1\" \/>\n<link rel=\"canonical\" href=\"https:\/\/denizcankizil.tr\/ru\/haberler\/gundem\/bursa-niluferde-muzikli-dayanisma\/\" \/>\n<meta property=\"og:locale\" content=\"ru_RU\" \/>\n<meta property=\"og:type\" content=\"article\" \/>\n<meta property=\"og:title\" content=\"Bursa Nil\u00fcfer&#039;de m\u00fczikli dayan\u0131\u015fma\" \/>\n<meta property=\"og:description\" content=\"Bursa Nil\u00fcfer \u00c7ocuk ve Gen\u00e7lik Korosu\u2019yla birlikte, 1 \u015eubat ak\u015fam\u0131 Naz\u0131m Hikmet K\u00fclt\u00fcrevi\u2019nde sahne alacak olan Hatay ve Kuzey K\u0131br\u0131s T\u00fcrk Cumhuriyeti\u2019nden gelen \u00e7ocuk ve gen\u00e7lik korolar\u0131 verecekleri konser \u00f6ncesi Nil\u00fcfer Belediye Ba\u015fkan\u0131 \u015eadi \u00d6zdemir ile bulu\u015ftu. M\u00fczi\u011fin k\u00f6pr\u00fc oldu\u011fu 3 kentin \u00e7ocuk ve gen\u00e7lerinin bulu\u015fmas\u0131nda, dayan\u0131\u015fma mesaj\u0131 verildi.BURSA (\u0130GFA) &#8211;\u00a06 \u015eubat depreminin 2\u2019nci y\u0131ld\u00f6n\u00fcm\u00fc yakla\u015f\u0131rken, baz\u0131 \u00f6\u011frencilerini de kaybeden Hatay\u2019daki Antakya Polifonik Korolar Derne\u011fi (APKORD) \u00c7ocuk Korosu ile Kuzey K\u0131br\u0131s T\u00fcrk Cumhuriyeti\u2019nden (KKTC) Ada I\u015f\u0131\u011f\u0131 \u00c7ocuk Korosu ve Ada I\u015f\u0131\u011f\u0131 Gen\u00e7lik Vokal Toplulu\u011fu; Nil\u00fcfer \u00c7ocuk ve Gen\u00e7lik Korosu\u2019yla birlikte, Nil\u00fcfer Belediye Ba\u015fkan\u0131 \u015eadi \u00d6zdemir\u2019i ziyaret etti. 1 \u015eubat ak\u015fam\u0131 Naz\u0131m Hikmet K\u00fclt\u00fcrevi\u2019nde sahne alacak olan korolar\u0131n, Nil\u00fcfer Belediyesi Halk Evi\u2019ndeki bulu\u015fmas\u0131nda \u00e7ocuklar, gen\u00e7ler, veliler ve korolar\u0131n \u015fef ve yard\u0131mc\u0131lar\u0131 da yer ald\u0131. Nil\u00fcfer Belediye Ba\u015fkan\u0131 \u015eadi \u00d6zdemir yapt\u0131\u011f\u0131 konu\u015fmada, belediye olarak gen\u00e7lerin ve \u00e7ocuklar\u0131n \u00f6ncelikleri aras\u0131nda yer ald\u0131\u011f\u0131n\u0131 ve buna uygun projeleri hayata ge\u00e7irdiklerini s\u00f6yledi. 6 \u015eubat depremlerinde bir felaketin ya\u015fand\u0131\u011f\u0131n\u0131 belirten Ba\u015fkan \u015eadi \u00d6zdemir, \u201cBu kadar gencimizin, oradaki ya\u015fanan felaketten sonra hala m\u00fczik yap\u0131yor olmas\u0131 \u00e7ok \u00f6nemli. M\u00fczik, asl\u0131nda ruhun g\u0131das\u0131. Tabii ki e\u011fitimi de hi\u00e7bir zaman da ihmal etmemek laz\u0131m. \u00c7ocuklar\u0131n ba\u015far\u0131ya giden yolunun y\u00fczde 50\u2019si \u00e7al\u0131\u015fmaksa, di\u011fer y\u00fczde 50 i\u00e7in sosyal bir insan olmak \u00f6nemli. M\u00fczikle, &hellip;\" \/>\n<meta property=\"og:url\" content=\"https:\/\/denizcankizil.tr\/ru\/haberler\/gundem\/bursa-niluferde-muzikli-dayanisma\/\" \/>\n<meta property=\"og:site_name\" content=\"Av. Deniz Can K\u0131z\u0131l\" \/>\n<meta property=\"article:published_time\" content=\"2025-01-30T15:41:34+00:00\" \/>\n<meta name=\"author\" content=\"admin\" \/>\n<meta name=\"twitter:card\" content=\"summary_large_image\" \/>\n<meta name=\"twitter:label1\" content=\"\u041d\u0430\u043f\u0438\u0441\u0430\u043d\u043e \u0430\u0432\u0442\u043e\u0440\u043e\u043c\" \/>\n\t<meta name=\"twitter:data1\" content=\"admin\" \/>\n\t<meta name=\"twitter:label2\" content=\"\u041f\u0440\u0438\u043c\u0435\u0440\u043d\u043e\u0435 \u0432\u0440\u0435\u043c\u044f \u0434\u043b\u044f \u0447\u0442\u0435\u043d\u0438\u044f\" \/>\n\t<meta name=\"twitter:data2\" content=\"8 \u043c\u0438\u043d\u0443\u0442\" \/>\n<script type=\"application\/ld+json\" class=\"yoast-schema-graph\">{\"@context\":\"https:\/\/schema.org\",\"@graph\":[{\"@type\":\"Article\",\"@id\":\"https:\/\/denizcankizil.tr\/ru\/haberler\/gundem\/bursa-niluferde-muzikli-dayanisma\/#article\",\"isPartOf\":{\"@id\":\"https:\/\/denizcankizil.tr\/ru\/haberler\/gundem\/bursa-niluferde-muzikli-dayanisma\/\"},\"author\":{\"name\":\"admin\",\"@id\":\"https:\/\/denizcankizil.tr\/de\/#\/schema\/person\/be3c05fe6a12686905512445d8185489\"},\"headline\":\"Bursa Nil\u00fcfer&#8217;de m\u00fczikli dayan\u0131\u015fma\",\"datePublished\":\"2025-01-30T15:41:34+00:00\",\"mainEntityOfPage\":{\"@id\":\"https:\/\/denizcankizil.tr\/ru\/haberler\/gundem\/bursa-niluferde-muzikli-dayanisma\/\"},\"wordCount\":1622,\"commentCount\":0,\"publisher\":{\"@id\":\"https:\/\/denizcankizil.tr\/de\/#organization\"},\"articleSection\":[\"G\u00fcndem\"],\"inLanguage\":\"ru-RU\",\"potentialAction\":[{\"@type\":\"CommentAction\",\"name\":\"Comment\",\"target\":[\"https:\/\/denizcankizil.tr\/ru\/haberler\/gundem\/bursa-niluferde-muzikli-dayanisma\/#respond\"]}]},{\"@type\":\"WebPage\",\"@id\":\"https:\/\/denizcankizil.tr\/ru\/haberler\/gundem\/bursa-niluferde-muzikli-dayanisma\/\",\"url\":\"https:\/\/denizcankizil.tr\/ru\/haberler\/gundem\/bursa-niluferde-muzikli-dayanisma\/\",\"name\":\"Bursa Nil\u00fcfer'de m\u00fczikli dayan\u0131\u015fma - Av. Deniz Can K\u0131z\u0131l\",\"isPartOf\":{\"@id\":\"https:\/\/denizcankizil.tr\/de\/#website\"},\"datePublished\":\"2025-01-30T15:41:34+00:00\",\"breadcrumb\":{\"@id\":\"https:\/\/denizcankizil.tr\/ru\/haberler\/gundem\/bursa-niluferde-muzikli-dayanisma\/#breadcrumb\"},\"inLanguage\":\"ru-RU\",\"potentialAction\":[{\"@type\":\"ReadAction\",\"target\":[\"https:\/\/denizcankizil.tr\/ru\/haberler\/gundem\/bursa-niluferde-muzikli-dayanisma\/\"]}]},{\"@type\":\"BreadcrumbList\",\"@id\":\"https:\/\/denizcankizil.tr\/ru\/haberler\/gundem\/bursa-niluferde-muzikli-dayanisma\/#breadcrumb\",\"itemListElement\":[{\"@type\":\"ListItem\",\"position\":1,\"name\":\"Home\",\"item\":\"https:\/\/denizcankizil.tr\/de\/\"},{\"@type\":\"ListItem\",\"position\":2,\"name\":\"Bursa Nil\u00fcfer&#8217;de m\u00fczikli dayan\u0131\u015fma\"}]},{\"@type\":\"WebSite\",\"@id\":\"https:\/\/denizcankizil.tr\/de\/#website\",\"url\":\"https:\/\/denizcankizil.tr\/de\/\",\"name\":\"Av. Deniz Can K\u0131z\u0131l\",\"description\":\"Avukat Deniz Can K\u0131z\u0131l Antalya Barosu\",\"publisher\":{\"@id\":\"https:\/\/denizcankizil.tr\/de\/#organization\"},\"potentialAction\":[{\"@type\":\"SearchAction\",\"target\":{\"@type\":\"EntryPoint\",\"urlTemplate\":\"https:\/\/denizcankizil.tr\/de\/?s={search_term_string}\"},\"query-input\":{\"@type\":\"PropertyValueSpecification\",\"valueRequired\":true,\"valueName\":\"search_term_string\"}}],\"inLanguage\":\"ru-RU\"},{\"@type\":\"Organization\",\"@id\":\"https:\/\/denizcankizil.tr\/de\/#organization\",\"name\":\"Av. Deniz Can K\u0131z\u0131l\",\"url\":\"https:\/\/denizcankizil.tr\/de\/\",\"logo\":{\"@type\":\"ImageObject\",\"inLanguage\":\"ru-RU\",\"@id\":\"https:\/\/denizcankizil.tr\/de\/#\/schema\/logo\/image\/\",\"url\":\"https:\/\/denizcankizil.tr\/wp-content\/uploads\/2024\/10\/siyah-logo-svg.svg\",\"contentUrl\":\"https:\/\/denizcankizil.tr\/wp-content\/uploads\/2024\/10\/siyah-logo-svg.svg\",\"width\":1080,\"height\":1080,\"caption\":\"Av. Deniz Can K\u0131z\u0131l\"},\"image\":{\"@id\":\"https:\/\/denizcankizil.tr\/de\/#\/schema\/logo\/image\/\"}},{\"@type\":\"Person\",\"@id\":\"https:\/\/denizcankizil.tr\/de\/#\/schema\/person\/be3c05fe6a12686905512445d8185489\",\"name\":\"admin\",\"image\":{\"@type\":\"ImageObject\",\"inLanguage\":\"ru-RU\",\"@id\":\"https:\/\/denizcankizil.tr\/de\/#\/schema\/person\/image\/\",\"url\":\"https:\/\/secure.gravatar.com\/avatar\/c1fce94c830dc79107e174f890d7210541c4a63e8e5d816341794a2151c9d58c?s=96&d=mm&r=g\",\"contentUrl\":\"https:\/\/secure.gravatar.com\/avatar\/c1fce94c830dc79107e174f890d7210541c4a63e8e5d816341794a2151c9d58c?s=96&d=mm&r=g\",\"caption\":\"admin\"},\"sameAs\":[\"http:\/\/denizcankizil.tr\"],\"url\":\"https:\/\/www.iskenderun.org\/bursa-niluferde-muzikli-dayanisma\"}]}<\/script>\n<!-- \/ Yoast SEO Premium plugin. -->","yoast_head_json":{"title":"Bursa Nil\u00fcfer'de m\u00fczikli dayan\u0131\u015fma - Av. Deniz Can K\u0131z\u0131l","robots":{"index":"index","follow":"follow","max-snippet":"max-snippet:-1","max-image-preview":"max-image-preview:large","max-video-preview":"max-video-preview:-1"},"canonical":"https:\/\/denizcankizil.tr\/ru\/haberler\/gundem\/bursa-niluferde-muzikli-dayanisma\/","og_locale":"ru_RU","og_type":"article","og_title":"Bursa Nil\u00fcfer'de m\u00fczikli dayan\u0131\u015fma","og_description":"Bursa Nil\u00fcfer \u00c7ocuk ve Gen\u00e7lik Korosu\u2019yla birlikte, 1 \u015eubat ak\u015fam\u0131 Naz\u0131m Hikmet K\u00fclt\u00fcrevi\u2019nde sahne alacak olan Hatay ve Kuzey K\u0131br\u0131s T\u00fcrk Cumhuriyeti\u2019nden gelen \u00e7ocuk ve gen\u00e7lik korolar\u0131 verecekleri konser \u00f6ncesi Nil\u00fcfer Belediye Ba\u015fkan\u0131 \u015eadi \u00d6zdemir ile bulu\u015ftu. M\u00fczi\u011fin k\u00f6pr\u00fc oldu\u011fu 3 kentin \u00e7ocuk ve gen\u00e7lerinin bulu\u015fmas\u0131nda, dayan\u0131\u015fma mesaj\u0131 verildi.BURSA (\u0130GFA) &#8211;\u00a06 \u015eubat depreminin 2\u2019nci y\u0131ld\u00f6n\u00fcm\u00fc yakla\u015f\u0131rken, baz\u0131 \u00f6\u011frencilerini de kaybeden Hatay\u2019daki Antakya Polifonik Korolar Derne\u011fi (APKORD) \u00c7ocuk Korosu ile Kuzey K\u0131br\u0131s T\u00fcrk Cumhuriyeti\u2019nden (KKTC) Ada I\u015f\u0131\u011f\u0131 \u00c7ocuk Korosu ve Ada I\u015f\u0131\u011f\u0131 Gen\u00e7lik Vokal Toplulu\u011fu; Nil\u00fcfer \u00c7ocuk ve Gen\u00e7lik Korosu\u2019yla birlikte, Nil\u00fcfer Belediye Ba\u015fkan\u0131 \u015eadi \u00d6zdemir\u2019i ziyaret etti. 1 \u015eubat ak\u015fam\u0131 Naz\u0131m Hikmet K\u00fclt\u00fcrevi\u2019nde sahne alacak olan korolar\u0131n, Nil\u00fcfer Belediyesi Halk Evi\u2019ndeki bulu\u015fmas\u0131nda \u00e7ocuklar, gen\u00e7ler, veliler ve korolar\u0131n \u015fef ve yard\u0131mc\u0131lar\u0131 da yer ald\u0131. Nil\u00fcfer Belediye Ba\u015fkan\u0131 \u015eadi \u00d6zdemir yapt\u0131\u011f\u0131 konu\u015fmada, belediye olarak gen\u00e7lerin ve \u00e7ocuklar\u0131n \u00f6ncelikleri aras\u0131nda yer ald\u0131\u011f\u0131n\u0131 ve buna uygun projeleri hayata ge\u00e7irdiklerini s\u00f6yledi. 6 \u015eubat depremlerinde bir felaketin ya\u015fand\u0131\u011f\u0131n\u0131 belirten Ba\u015fkan \u015eadi \u00d6zdemir, \u201cBu kadar gencimizin, oradaki ya\u015fanan felaketten sonra hala m\u00fczik yap\u0131yor olmas\u0131 \u00e7ok \u00f6nemli. M\u00fczik, asl\u0131nda ruhun g\u0131das\u0131. Tabii ki e\u011fitimi de hi\u00e7bir zaman da ihmal etmemek laz\u0131m. \u00c7ocuklar\u0131n ba\u015far\u0131ya giden yolunun y\u00fczde 50\u2019si \u00e7al\u0131\u015fmaksa, di\u011fer y\u00fczde 50 i\u00e7in sosyal bir insan olmak \u00f6nemli. M\u00fczikle, &hellip;","og_url":"https:\/\/denizcankizil.tr\/ru\/haberler\/gundem\/bursa-niluferde-muzikli-dayanisma\/","og_site_name":"Av. Deniz Can K\u0131z\u0131l","article_published_time":"2025-01-30T15:41:34+00:00","author":"admin","twitter_card":"summary_large_image","twitter_misc":{"\u041d\u0430\u043f\u0438\u0441\u0430\u043d\u043e \u0430\u0432\u0442\u043e\u0440\u043e\u043c":"admin","\u041f\u0440\u0438\u043c\u0435\u0440\u043d\u043e\u0435 \u0432\u0440\u0435\u043c\u044f \u0434\u043b\u044f \u0447\u0442\u0435\u043d\u0438\u044f":"8 \u043c\u0438\u043d\u0443\u0442"},"schema":{"@context":"https:\/\/schema.org","@graph":[{"@type":"Article","@id":"https:\/\/denizcankizil.tr\/ru\/haberler\/gundem\/bursa-niluferde-muzikli-dayanisma\/#article","isPartOf":{"@id":"https:\/\/denizcankizil.tr\/ru\/haberler\/gundem\/bursa-niluferde-muzikli-dayanisma\/"},"author":{"name":"admin","@id":"https:\/\/denizcankizil.tr\/de\/#\/schema\/person\/be3c05fe6a12686905512445d8185489"},"headline":"Bursa Nil\u00fcfer&#8217;de m\u00fczikli dayan\u0131\u015fma","datePublished":"2025-01-30T15:41:34+00:00","mainEntityOfPage":{"@id":"https:\/\/denizcankizil.tr\/ru\/haberler\/gundem\/bursa-niluferde-muzikli-dayanisma\/"},"wordCount":1622,"commentCount":0,"publisher":{"@id":"https:\/\/denizcankizil.tr\/de\/#organization"},"articleSection":["G\u00fcndem"],"inLanguage":"ru-RU","potentialAction":[{"@type":"CommentAction","name":"Comment","target":["https:\/\/denizcankizil.tr\/ru\/haberler\/gundem\/bursa-niluferde-muzikli-dayanisma\/#respond"]}]},{"@type":"WebPage","@id":"https:\/\/denizcankizil.tr\/ru\/haberler\/gundem\/bursa-niluferde-muzikli-dayanisma\/","url":"https:\/\/denizcankizil.tr\/ru\/haberler\/gundem\/bursa-niluferde-muzikli-dayanisma\/","name":"Bursa Nil\u00fcfer'de m\u00fczikli dayan\u0131\u015fma - Av. Deniz Can K\u0131z\u0131l","isPartOf":{"@id":"https:\/\/denizcankizil.tr\/de\/#website"},"datePublished":"2025-01-30T15:41:34+00:00","breadcrumb":{"@id":"https:\/\/denizcankizil.tr\/ru\/haberler\/gundem\/bursa-niluferde-muzikli-dayanisma\/#breadcrumb"},"inLanguage":"ru-RU","potentialAction":[{"@type":"ReadAction","target":["https:\/\/denizcankizil.tr\/ru\/haberler\/gundem\/bursa-niluferde-muzikli-dayanisma\/"]}]},{"@type":"BreadcrumbList","@id":"https:\/\/denizcankizil.tr\/ru\/haberler\/gundem\/bursa-niluferde-muzikli-dayanisma\/#breadcrumb","itemListElement":[{"@type":"ListItem","position":1,"name":"Home","item":"https:\/\/denizcankizil.tr\/de\/"},{"@type":"ListItem","position":2,"name":"Bursa Nil\u00fcfer&#8217;de m\u00fczikli dayan\u0131\u015fma"}]},{"@type":"WebSite","@id":"https:\/\/denizcankizil.tr\/de\/#website","url":"https:\/\/denizcankizil.tr\/de\/","name":"Av. Deniz Can K\u0131z\u0131l","description":"Avukat Deniz Can K\u0131z\u0131l Antalya Barosu","publisher":{"@id":"https:\/\/denizcankizil.tr\/de\/#organization"},"potentialAction":[{"@type":"SearchAction","target":{"@type":"EntryPoint","urlTemplate":"https:\/\/denizcankizil.tr\/de\/?s={search_term_string}"},"query-input":{"@type":"PropertyValueSpecification","valueRequired":true,"valueName":"search_term_string"}}],"inLanguage":"ru-RU"},{"@type":"Organization","@id":"https:\/\/denizcankizil.tr\/de\/#organization","name":"Av. Deniz Can K\u0131z\u0131l","url":"https:\/\/denizcankizil.tr\/de\/","logo":{"@type":"ImageObject","inLanguage":"ru-RU","@id":"https:\/\/denizcankizil.tr\/de\/#\/schema\/logo\/image\/","url":"https:\/\/denizcankizil.tr\/wp-content\/uploads\/2024\/10\/siyah-logo-svg.svg","contentUrl":"https:\/\/denizcankizil.tr\/wp-content\/uploads\/2024\/10\/siyah-logo-svg.svg","width":1080,"height":1080,"caption":"Av. Deniz Can K\u0131z\u0131l"},"image":{"@id":"https:\/\/denizcankizil.tr\/de\/#\/schema\/logo\/image\/"}},{"@type":"Person","@id":"https:\/\/denizcankizil.tr\/de\/#\/schema\/person\/be3c05fe6a12686905512445d8185489","name":"\u0430\u0434\u043c\u0438\u043d","image":{"@type":"ImageObject","inLanguage":"ru-RU","@id":"https:\/\/denizcankizil.tr\/de\/#\/schema\/person\/image\/","url":"https:\/\/secure.gravatar.com\/avatar\/c1fce94c830dc79107e174f890d7210541c4a63e8e5d816341794a2151c9d58c?s=96&d=mm&r=g","contentUrl":"https:\/\/secure.gravatar.com\/avatar\/c1fce94c830dc79107e174f890d7210541c4a63e8e5d816341794a2151c9d58c?s=96&d=mm&r=g","caption":"admin"},"sameAs":["http:\/\/denizcankizil.tr"],"url":"https:\/\/www.iskenderun.org\/bursa-niluferde-muzikli-dayanisma"}]}},"_links":{"self":[{"href":"https:\/\/denizcankizil.tr\/ru\/wp-json\/wp\/v2\/posts\/28796","targetHints":{"allow":["GET"]}}],"collection":[{"href":"https:\/\/denizcankizil.tr\/ru\/wp-json\/wp\/v2\/posts"}],"about":[{"href":"https:\/\/denizcankizil.tr\/ru\/wp-json\/wp\/v2\/types\/post"}],"author":[{"embeddable":true,"href":"https:\/\/denizcankizil.tr\/ru\/wp-json\/wp\/v2\/users\/1"}],"replies":[{"embeddable":true,"href":"https:\/\/denizcankizil.tr\/ru\/wp-json\/wp\/v2\/comments?post=28796"}],"version-history":[{"count":0,"href":"https:\/\/denizcankizil.tr\/ru\/wp-json\/wp\/v2\/posts\/28796\/revisions"}],"wp:attachment":[{"href":"https:\/\/denizcankizil.tr\/ru\/wp-json\/wp\/v2\/media?parent=28796"}],"wp:term":[{"taxonomy":"category","embeddable":true,"href":"https:\/\/denizcankizil.tr\/ru\/wp-json\/wp\/v2\/categories?post=28796"},{"taxonomy":"post_tag","embeddable":true,"href":"https:\/\/denizcankizil.tr\/ru\/wp-json\/wp\/v2\/tags?post=28796"}],"curies":[{"name":"wp","href":"https:\/\/api.w.org\/{rel}","templated":true}]}}