{"id":28738,"date":"2025-01-30T15:41:32","date_gmt":"2025-01-30T12:41:32","guid":{"rendered":"https:\/\/denizcankizil.tr\/uncategorized-tr\/bakan-tekinden-ozel-okullara-fahis-fiyat-uyarisi\/"},"modified":"2025-01-30T15:41:32","modified_gmt":"2025-01-30T12:41:32","slug":"bakan-tekinden-ozel-okullara-fahis-fiyat-uyarisi","status":"publish","type":"post","link":"https:\/\/denizcankizil.tr\/ru\/haberler\/antalya\/bakan-tekinden-ozel-okullara-fahis-fiyat-uyarisi\/","title":{"rendered":"Bakan Tekin&#8217;den \u00f6zel okullara fahi\u015f fiyat uyar\u0131s\u0131"},"content":{"rendered":"<p>\u201c\u00d6zel okullar\u0131n \u00fccretleri konusunda yan\u0131lt\u0131c\u0131 bir alg\u0131 var\u201d<br \/>\n\u00d6zel okullara y\u00f6nelik \u00fccret ele\u015ftirilerinin t\u00fcm sekt\u00f6r\u00fc kapsayacak \u015fekilde genelle\u015ftirilmesinin yanl\u0131\u015f oldu\u011funu belirten Bakan Tekin, kamuoyunda olu\u015fturulan alg\u0131n\u0131n matematiksel ger\u00e7eklerle \u00f6rt\u00fc\u015fmedi\u011fini vurgulad\u0131. Tekin, \u201c\u00d6zel okullarla ilgili \u00e7ok \u00fcst d\u00fczey hizmet sunan ve \u00fcst d\u00fczey \u00fccret alan baz\u0131 okullar \u00fczerinden bir ele\u015ftiri y\u00fcr\u00fct\u00fcl\u00fcyor. \u015eimdi biz sistemimizdeki verilere bak\u0131yoruz. T\u00fcrkiye&#8217;de 12 bin tane \u00f6zel okul var. Ancak bu bahsedilen \u00fccret skalas\u0131nda yer alan, y\u00fcksek \u00fccret talep eden okul say\u0131s\u0131 sadece 22. Matematik biliyoruz, elimizde veriler var. 12 bin \u00f6zel okul i\u00e7indeki 22 okul \u00fczerinden yap\u0131lan bu genellemeye kar\u015f\u0131 \u00e7\u0131kmam\u0131z ve bu alg\u0131y\u0131 d\u00fczeltmemiz gerekiyor\u201d diye konu\u015ftu. \u00d6zel okulda \u00e7al\u0131\u015fan \u00f6\u011fretmen maa\u015flar\u0131 konusuna da de\u011finen Bakan Tekin, \u00f6zel okul \u00f6\u011fretmenlerinin \u00f6zl\u00fck haklar\u0131n\u0131n iyile\u015ftirilmesine y\u00f6nelik \u00e7al\u0131\u015fmalar\u0131 yak\u0131ndan takip ettiklerini ifade ederek, \u201c\u00d6\u011fretmenlik Meslek Kanunu g\u00f6r\u00fc\u015f\u00fcl\u00fcrken, \u00f6zel okullarda \u00e7al\u0131\u015fan \u00f6\u011fretmenlerin maa\u015flar\u0131 konusunda kamuoyunda \u00e7ok farkl\u0131 bir alg\u0131 olu\u015fturuldu. Biz bu s\u00fcreci yak\u0131ndan takip ediyoruz. Hepimiz, e\u011fitimcilerin hak etti\u011fi \u00fccreti almas\u0131n\u0131 istiyoruz ve bu konu bizim ortak meselemizdir\u201d dedi.<\/p>\n<p>\u201c\u00d6zel okullar\u0131n i\u00e7indeki \u2018\u00e7\u00fcr\u00fck elmalar&#8217; temizlenmeli\u201d<br \/>\nBakan Tekin, \u00f6zel okullara y\u00f6nelik denetim s\u00fcre\u00e7lerinin bir ceza arac\u0131 de\u011fil, rehberlik faaliyeti olarak de\u011ferlendirilmesi gerekti\u011fini belirterek, \u00f6zel okul sekt\u00f6r\u00fcn\u00fcn kendi i\u00e7inde yanl\u0131\u015f uygulamalar yapan kurumlarla m\u00fccadele etmesi gerekti\u011fini vurgulad\u0131. Tekin, \u201cFahi\u015f fiyat uygulayan, \u00f6\u011fretmenlerine hak ettikleri \u00f6zl\u00fck haklar\u0131n\u0131 vermeyen, velilerle ili\u015fkilerinde usule ayk\u0131r\u0131 bir bi\u00e7imde kay\u0131t d\u0131\u015f\u0131 para alan ve bu sebepten dolay\u0131 da sizi zan alt\u0131nda b\u0131rakan i\u00e7inizdeki \u00e7\u00fcr\u00fck elmalarla siz m\u00fccadele etmezseniz; kamusal hizmeti y\u00fcr\u00fctmekle, denetlemekle m\u00fckellef olan Milli E\u011fitim Bakanl\u0131\u011f\u0131 olarak biz bunun ard\u0131na d\u00fc\u015feriz. Biz \u00e7ocuklar\u0131m\u0131z\u0131n, velilerimizin hakk\u0131n\u0131 ve hukukunu korumak i\u00e7in ne gerekiyorsa yapar\u0131z. Burada pop\u00fclizm yapmak ad\u0131na farkl\u0131 \u015feyler s\u00f6ylemeyece\u011fim. Bu bir kul hakk\u0131. Sizi de zan alt\u0131nda b\u0131rak\u0131yor. Bizi de belli bir zorlukla b\u0131rak\u0131yor\u201d ifadelerini kulland\u0131. \u00d6zel okullarda fahi\u015f fiyat uygulayan, \u00f6\u011fretmenlerine hak ettikleri \u00f6zl\u00fck haklar\u0131n\u0131 vermeyen, velilerden kay\u0131t d\u0131\u015f\u0131 \u00fccret talep eden kurumlar\u0131n sekt\u00f6re zarar verdi\u011fini belirten Bakan Tekin, \u201cBenim sizden iste\u011fim \u015fu; bu s\u00fcreci birlikte y\u00fcr\u00fctelim. Siz de kendi i\u00e7inizde bu t\u00fcr k\u00f6t\u00fc \u00f6rnekleri ya kendi i\u00e7inize \u00e7\u00f6z\u00fcn ya da bize ula\u015ft\u0131r\u0131n, biz gerekeni yapal\u0131m. Birlikte \u00e7al\u0131\u015fmak ancak bu \u015fekilde m\u00fcmk\u00fcnd\u00fcr. Ben tekrar s\u00f6yleyeyim. Siz yapmad\u0131\u011f\u0131n\u0131z s\u00fcrece bunu biz yapaca\u011f\u0131z. Bizim yapt\u0131\u011f\u0131m\u0131z yapt\u0131r\u0131m g\u00fcc\u00fcm\u00fcz\u00fcn i\u00e7inde hem cezai m\u00fceyyideler var ekonomik anlamda hem kapatmaya kadar gider, \u00e7ekinmeyiz. \u00c7\u00fcnk\u00fc burada hukuk devleti ilkesiyle temel hak h\u00fcrriyetlere s\u0131k\u0131nt\u0131l\u0131 durumlar ortaya \u00e7\u0131k\u0131yor. Bizim g\u00f6revimiz de bu s\u0131k\u0131nt\u0131lar\u0131 oradan kald\u0131rmak\u201d diye konu\u015ftu.<\/p>\n<p>\u201c\u00d6zel okullar\u0131 FET\u00d6 vesayetinden kurtard\u0131k\u201d<br \/>\nBakan Tekin, \u00f6zel \u00f6\u011fretim kurumlar\u0131n\u0131n 2002 y\u0131l\u0131ndan bu yana ciddi bir b\u00fcy\u00fcme g\u00f6sterdi\u011fini belirterek, FET\u00d6&#8217;n\u00fcn ge\u00e7mi\u015fte sekt\u00f6rde b\u00fcy\u00fck bir a\u011f\u0131rl\u0131\u011fa sahip oldu\u011funu ve bu yap\u0131n\u0131n sekt\u00f6r\u00fc bask\u0131 alt\u0131na ald\u0131\u011f\u0131n\u0131 ifade etti. Tekin, \u201c2002 y\u0131l\u0131nda T\u00fcrkiye&#8217;de toplam 2 bin 395 \u00f6zel okul vard\u0131. Bug\u00fcn 12 binin \u00fczerinde \u00f6zel okulumuz var. Ancak burada ikinci bir boyutu g\u00f6z ard\u0131 etmemek gerekir. 2002 y\u0131l\u0131nda bu 2 bin 395 \u00f6zel okulun ka\u00e7\u0131 FET\u00d6 ba\u011flant\u0131l\u0131yd\u0131? Bu okullar\u0131n sekt\u00f6r \u00fczerindeki bask\u0131s\u0131 neydi? Bunlar\u0131 da konu\u015fmam\u0131z gerekiyor. FET\u00d6, o d\u00f6nemde say\u0131 olarak az bile olsa sekt\u00f6re y\u00f6n veren bir yap\u0131ya sahipti. \u00d6zel okul sekt\u00f6r\u00fcn\u00fc bu vesayetten kurtarm\u0131\u015f olmam\u0131z bence en b\u00fcy\u00fck kazan\u0131mlardan biridir\u201d dedi. \u00d6zel okullar\u0131n T\u00fcrkiye&#8217;de e\u011fitim sisteminin \u00f6nemli bir par\u00e7as\u0131 oldu\u011funu belirten Tekin, \u201cBiz, \u00f6zel okullar\u0131 e\u011fitim sistemimizde \u00f6nemli bir akt\u00f6r olarak g\u00f6r\u00fcyoruz. Kamu hizmetlerinin m\u00fcmk\u00fcn oldu\u011funca geni\u015f kitleler taraf\u0131ndan y\u00fcr\u00fct\u00fclmesi, demokratik toplum ilkeleri a\u00e7\u0131s\u0131ndan da gereklidir\u201d ifadelerini kulland\u0131.<\/p>\n<p>\u201c\u00d6zel okullar\u0131n bo\u015f kontenjanlar\u0131 kamu i\u00e7in de\u011ferlendirilecek\u201d<br \/>\n\u00d6zel okullardaki bo\u015f kontenjanlar\u0131n kamu taraf\u0131ndan de\u011ferlendirilmesi konusunda \u00e7al\u0131\u015fmalara ba\u015flad\u0131klar\u0131n\u0131 belirten Bakan Tekin, \u015funlar\u0131 kaydetti:<br \/>\n\u201c\u00d6zel okullar\u0131n bo\u015f kontenjanlar\u0131n\u0131n kamu okullar\u0131 taraf\u0131ndan de\u011ferlendirilmesi i\u00e7in bir model \u00fczerinde \u00e7al\u0131\u015f\u0131yoruz. 6 \u015eubat depremlerinden etkilenen 11 ilde bu s\u00fcreci ba\u015flatt\u0131k. \u0130stanbul i\u00e7in de Milli E\u011fitim M\u00fcd\u00fcrl\u00fc\u011f\u00fcm\u00fcz ve ilgili birimlerimiz bir \u00e7al\u0131\u015fma y\u00fcr\u00fct\u00fcyor. Bu s\u00fcreci geni\u015fleterek devam ettirece\u011fiz.\u201d<br \/>\nT\u00fcrkiye \u00d6zel Okullar Derne\u011fi Y\u00f6netim Kurulu Ba\u015fkan\u0131 Zafer \u00d6zt\u00fcrk, \u00f6zel \u00f6\u011fretim kurumlar\u0131n\u0131n kar\u015f\u0131 kar\u015f\u0131ya oldu\u011fu sorunlar\u0131 ve \u00e7\u00f6z\u00fcm \u00f6nerilerini dile getirdi. Ba\u015fkan \u00d6zt\u00fcrk, kamuoyunda \u00f6zel okul \u00fccretlerine y\u00f6nelik yap\u0131lan ele\u015ftirilerle ilgili, \u201cElektrikten do\u011fal gaza, sudan internete kadar t\u00fcm masraflar\u0131m\u0131z s\u00fcrekli art\u0131yor ve herhangi bir destek ya da te\u015fvik alm\u0131yoruz. Ancak, ne zaman \u00f6zel okul \u00fccretleri a\u00e7\u0131klansa, yaz\u0131l\u0131 ve g\u00f6rsel bas\u0131nda \u00f6zel okullara y\u00f6nelik adeta bir lin\u00e7 kampanyas\u0131 ba\u015flat\u0131l\u0131yor. D\u00fcnyadaki \u00f6rnekleri inceledi\u011fimizde, bir\u00e7ok \u00fclkede \u00f6zel okul velilerine \u00e7e\u015fitli te\u015fvikler sa\u011flan\u0131yor ve okullara mali destekler veriliyor. Ancak T\u00fcrkiye&#8217;de bu t\u00fcr desteklerden yoksun bir \u015fekilde e\u011fitim hizmeti sunmaya devam ediyoruz\u201d diye konu\u015ftu.<br \/>\nTOBB E\u011fitim Meclisi Ba\u015fkan\u0131, \u0130TO E\u011fitim Meclisi ve TOBB E\u011fitim Meclisi \u00fcyeleri, 450 \u00f6zel okulun kurucusu, m\u00fcd\u00fcr ve \u00f6\u011fretmenleri, dernek ba\u015fkanlar\u0131 olmak \u00fczere toplam 2 bine yak\u0131n kat\u0131l\u0131mc\u0131n\u0131n yer ald\u0131\u011f\u0131 sempozyum 8 konferans ve 3 panelden olu\u015fuyor.<\/p>\n<p>Kaynak: www.kanalv.com.tr Haber Sitesinden Al\u0131nm\u0131\u015ft\u0131r.<\/p>","protected":false},"excerpt":{"rendered":"<p>\u201c\u00d6zel okullar\u0131n \u00fccretleri konusunda yan\u0131lt\u0131c\u0131 bir alg\u0131 var\u201d \u00d6zel okullara y\u00f6nelik \u00fccret ele\u015ftirilerinin t\u00fcm sekt\u00f6r\u00fc kapsayacak \u015fekilde genelle\u015ftirilmesinin yanl\u0131\u015f oldu\u011funu belirten Bakan Tekin, kamuoyunda olu\u015fturulan alg\u0131n\u0131n matematiksel ger\u00e7eklerle \u00f6rt\u00fc\u015fmedi\u011fini vurgulad\u0131. Tekin, \u201c\u00d6zel okullarla ilgili \u00e7ok \u00fcst d\u00fczey hizmet sunan ve \u00fcst d\u00fczey \u00fccret alan baz\u0131 okullar \u00fczerinden bir ele\u015ftiri y\u00fcr\u00fct\u00fcl\u00fcyor. \u015eimdi biz sistemimizdeki verilere bak\u0131yoruz. T\u00fcrkiye&#8217;de 12 bin tane \u00f6zel okul var. Ancak bu bahsedilen \u00fccret skalas\u0131nda yer alan, y\u00fcksek \u00fccret talep eden okul say\u0131s\u0131 sadece 22. Matematik biliyoruz, elimizde veriler var. 12 bin \u00f6zel okul i\u00e7indeki 22 okul \u00fczerinden yap\u0131lan bu genellemeye kar\u015f\u0131 \u00e7\u0131kmam\u0131z ve bu alg\u0131y\u0131 d\u00fczeltmemiz gerekiyor\u201d diye konu\u015ftu. \u00d6zel okulda \u00e7al\u0131\u015fan \u00f6\u011fretmen maa\u015flar\u0131 konusuna da de\u011finen Bakan Tekin, \u00f6zel okul \u00f6\u011fretmenlerinin \u00f6zl\u00fck haklar\u0131n\u0131n iyile\u015ftirilmesine y\u00f6nelik \u00e7al\u0131\u015fmalar\u0131 yak\u0131ndan takip ettiklerini ifade ederek, \u201c\u00d6\u011fretmenlik Meslek Kanunu g\u00f6r\u00fc\u015f\u00fcl\u00fcrken, \u00f6zel okullarda \u00e7al\u0131\u015fan \u00f6\u011fretmenlerin maa\u015flar\u0131 konusunda kamuoyunda \u00e7ok farkl\u0131 bir alg\u0131 olu\u015fturuldu. Biz bu s\u00fcreci yak\u0131ndan takip ediyoruz. Hepimiz, e\u011fitimcilerin hak etti\u011fi \u00fccreti almas\u0131n\u0131 istiyoruz ve bu konu bizim ortak meselemizdir\u201d dedi. \u201c\u00d6zel okullar\u0131n i\u00e7indeki \u2018\u00e7\u00fcr\u00fck elmalar&#8217; temizlenmeli\u201d Bakan Tekin, \u00f6zel okullara y\u00f6nelik denetim s\u00fcre\u00e7lerinin bir ceza arac\u0131 de\u011fil, rehberlik faaliyeti olarak de\u011ferlendirilmesi gerekti\u011fini belirterek, \u00f6zel okul sekt\u00f6r\u00fcn\u00fcn kendi i\u00e7inde yanl\u0131\u015f uygulamalar yapan kurumlarla m\u00fccadele etmesi gerekti\u011fini vurgulad\u0131. Tekin, \u201cFahi\u015f fiyat &hellip;<\/p>","protected":false},"author":4,"featured_media":28739,"comment_status":"open","ping_status":"open","sticky":false,"template":"","format":"standard","meta":{"_acf_changed":false,"footnotes":""},"categories":[26],"tags":[],"class_list":["post-28738","post","type-post","status-publish","format-standard","has-post-thumbnail","hentry","category-antalya"],"acf":[],"yoast_head":"<!-- This site is optimized with the Yoast SEO Premium plugin v26.6 (Yoast SEO v27.1.1) - https:\/\/yoast.com\/product\/yoast-seo-premium-wordpress\/ -->\n<title>Bakan Tekin&#039;den \u00f6zel okullara fahi\u015f fiyat uyar\u0131s\u0131 - Av. Deniz Can K\u0131z\u0131l<\/title>\n<meta name=\"robots\" content=\"index, follow, max-snippet:-1, max-image-preview:large, max-video-preview:-1\" \/>\n<link rel=\"canonical\" href=\"https:\/\/denizcankizil.tr\/ru\/haberler\/antalya\/bakan-tekinden-ozel-okullara-fahis-fiyat-uyarisi\/\" \/>\n<meta property=\"og:locale\" content=\"ru_RU\" \/>\n<meta property=\"og:type\" content=\"article\" \/>\n<meta property=\"og:title\" content=\"Bakan Tekin&#039;den \u00f6zel okullara fahi\u015f fiyat uyar\u0131s\u0131\" \/>\n<meta property=\"og:description\" content=\"\u201c\u00d6zel okullar\u0131n \u00fccretleri konusunda yan\u0131lt\u0131c\u0131 bir alg\u0131 var\u201d \u00d6zel okullara y\u00f6nelik \u00fccret ele\u015ftirilerinin t\u00fcm sekt\u00f6r\u00fc kapsayacak \u015fekilde genelle\u015ftirilmesinin yanl\u0131\u015f oldu\u011funu belirten Bakan Tekin, kamuoyunda olu\u015fturulan alg\u0131n\u0131n matematiksel ger\u00e7eklerle \u00f6rt\u00fc\u015fmedi\u011fini vurgulad\u0131. Tekin, \u201c\u00d6zel okullarla ilgili \u00e7ok \u00fcst d\u00fczey hizmet sunan ve \u00fcst d\u00fczey \u00fccret alan baz\u0131 okullar \u00fczerinden bir ele\u015ftiri y\u00fcr\u00fct\u00fcl\u00fcyor. \u015eimdi biz sistemimizdeki verilere bak\u0131yoruz. T\u00fcrkiye&#8217;de 12 bin tane \u00f6zel okul var. Ancak bu bahsedilen \u00fccret skalas\u0131nda yer alan, y\u00fcksek \u00fccret talep eden okul say\u0131s\u0131 sadece 22. Matematik biliyoruz, elimizde veriler var. 12 bin \u00f6zel okul i\u00e7indeki 22 okul \u00fczerinden yap\u0131lan bu genellemeye kar\u015f\u0131 \u00e7\u0131kmam\u0131z ve bu alg\u0131y\u0131 d\u00fczeltmemiz gerekiyor\u201d diye konu\u015ftu. \u00d6zel okulda \u00e7al\u0131\u015fan \u00f6\u011fretmen maa\u015flar\u0131 konusuna da de\u011finen Bakan Tekin, \u00f6zel okul \u00f6\u011fretmenlerinin \u00f6zl\u00fck haklar\u0131n\u0131n iyile\u015ftirilmesine y\u00f6nelik \u00e7al\u0131\u015fmalar\u0131 yak\u0131ndan takip ettiklerini ifade ederek, \u201c\u00d6\u011fretmenlik Meslek Kanunu g\u00f6r\u00fc\u015f\u00fcl\u00fcrken, \u00f6zel okullarda \u00e7al\u0131\u015fan \u00f6\u011fretmenlerin maa\u015flar\u0131 konusunda kamuoyunda \u00e7ok farkl\u0131 bir alg\u0131 olu\u015fturuldu. Biz bu s\u00fcreci yak\u0131ndan takip ediyoruz. Hepimiz, e\u011fitimcilerin hak etti\u011fi \u00fccreti almas\u0131n\u0131 istiyoruz ve bu konu bizim ortak meselemizdir\u201d dedi. \u201c\u00d6zel okullar\u0131n i\u00e7indeki \u2018\u00e7\u00fcr\u00fck elmalar&#8217; temizlenmeli\u201d Bakan Tekin, \u00f6zel okullara y\u00f6nelik denetim s\u00fcre\u00e7lerinin bir ceza arac\u0131 de\u011fil, rehberlik faaliyeti olarak de\u011ferlendirilmesi gerekti\u011fini belirterek, \u00f6zel okul sekt\u00f6r\u00fcn\u00fcn kendi i\u00e7inde yanl\u0131\u015f uygulamalar yapan kurumlarla m\u00fccadele etmesi gerekti\u011fini vurgulad\u0131. Tekin, \u201cFahi\u015f fiyat &hellip;\" \/>\n<meta property=\"og:url\" content=\"https:\/\/denizcankizil.tr\/ru\/haberler\/antalya\/bakan-tekinden-ozel-okullara-fahis-fiyat-uyarisi\/\" \/>\n<meta property=\"og:site_name\" content=\"Av. Deniz Can K\u0131z\u0131l\" \/>\n<meta property=\"article:published_time\" content=\"2025-01-30T12:41:32+00:00\" \/>\n<meta property=\"og:image\" content=\"https:\/\/denizcankizil.tr\/wp-content\/uploads\/2025\/01\/4408-01-HQvFTD.jpeg\" \/>\n\t<meta property=\"og:image:width\" content=\"1280\" \/>\n\t<meta property=\"og:image:height\" content=\"720\" \/>\n\t<meta property=\"og:image:type\" content=\"image\/jpeg\" \/>\n<meta name=\"author\" content=\"Av. Deniz Can K\u0131z\u0131l\" \/>\n<meta name=\"twitter:card\" content=\"summary_large_image\" \/>\n<meta name=\"twitter:label1\" content=\"\u041d\u0430\u043f\u0438\u0441\u0430\u043d\u043e \u0430\u0432\u0442\u043e\u0440\u043e\u043c\" \/>\n\t<meta name=\"twitter:data1\" content=\"Av. Deniz Can K\u0131z\u0131l\" \/>\n\t<meta name=\"twitter:label2\" content=\"\u041f\u0440\u0438\u043c\u0435\u0440\u043d\u043e\u0435 \u0432\u0440\u0435\u043c\u044f \u0434\u043b\u044f \u0447\u0442\u0435\u043d\u0438\u044f\" \/>\n\t<meta name=\"twitter:data2\" content=\"5 \u043c\u0438\u043d\u0443\u0442\" \/>\n<script type=\"application\/ld+json\" class=\"yoast-schema-graph\">{\"@context\":\"https:\/\/schema.org\",\"@graph\":[{\"@type\":\"Article\",\"@id\":\"https:\/\/denizcankizil.tr\/ru\/haberler\/antalya\/bakan-tekinden-ozel-okullara-fahis-fiyat-uyarisi\/#article\",\"isPartOf\":{\"@id\":\"https:\/\/denizcankizil.tr\/ru\/haberler\/antalya\/bakan-tekinden-ozel-okullara-fahis-fiyat-uyarisi\/\"},\"author\":{\"name\":\"Av. Deniz Can K\u0131z\u0131l\",\"@id\":\"https:\/\/denizcankizil.tr\/de\/#\/schema\/person\/5dc1b22991bd7ac833867c10afc9b0ff\"},\"headline\":\"Bakan Tekin&#8217;den \u00f6zel okullara fahi\u015f fiyat uyar\u0131s\u0131\",\"datePublished\":\"2025-01-30T12:41:32+00:00\",\"mainEntityOfPage\":{\"@id\":\"https:\/\/denizcankizil.tr\/ru\/haberler\/antalya\/bakan-tekinden-ozel-okullara-fahis-fiyat-uyarisi\/\"},\"wordCount\":1040,\"commentCount\":0,\"publisher\":{\"@id\":\"https:\/\/denizcankizil.tr\/de\/#organization\"},\"image\":{\"@id\":\"https:\/\/denizcankizil.tr\/ru\/haberler\/antalya\/bakan-tekinden-ozel-okullara-fahis-fiyat-uyarisi\/#primaryimage\"},\"thumbnailUrl\":\"https:\/\/denizcankizil.tr\/wp-content\/uploads\/2025\/01\/4408-01-HQvFTD.jpeg\",\"articleSection\":[\"Antalya\"],\"inLanguage\":\"ru-RU\",\"potentialAction\":[{\"@type\":\"CommentAction\",\"name\":\"Comment\",\"target\":[\"https:\/\/denizcankizil.tr\/ru\/haberler\/antalya\/bakan-tekinden-ozel-okullara-fahis-fiyat-uyarisi\/#respond\"]}]},{\"@type\":\"WebPage\",\"@id\":\"https:\/\/denizcankizil.tr\/ru\/haberler\/antalya\/bakan-tekinden-ozel-okullara-fahis-fiyat-uyarisi\/\",\"url\":\"https:\/\/denizcankizil.tr\/ru\/haberler\/antalya\/bakan-tekinden-ozel-okullara-fahis-fiyat-uyarisi\/\",\"name\":\"Bakan Tekin'den \u00f6zel okullara fahi\u015f fiyat uyar\u0131s\u0131 - Av. Deniz Can K\u0131z\u0131l\",\"isPartOf\":{\"@id\":\"https:\/\/denizcankizil.tr\/de\/#website\"},\"primaryImageOfPage\":{\"@id\":\"https:\/\/denizcankizil.tr\/ru\/haberler\/antalya\/bakan-tekinden-ozel-okullara-fahis-fiyat-uyarisi\/#primaryimage\"},\"image\":{\"@id\":\"https:\/\/denizcankizil.tr\/ru\/haberler\/antalya\/bakan-tekinden-ozel-okullara-fahis-fiyat-uyarisi\/#primaryimage\"},\"thumbnailUrl\":\"https:\/\/denizcankizil.tr\/wp-content\/uploads\/2025\/01\/4408-01-HQvFTD.jpeg\",\"datePublished\":\"2025-01-30T12:41:32+00:00\",\"breadcrumb\":{\"@id\":\"https:\/\/denizcankizil.tr\/ru\/haberler\/antalya\/bakan-tekinden-ozel-okullara-fahis-fiyat-uyarisi\/#breadcrumb\"},\"inLanguage\":\"ru-RU\",\"potentialAction\":[{\"@type\":\"ReadAction\",\"target\":[\"https:\/\/denizcankizil.tr\/ru\/haberler\/antalya\/bakan-tekinden-ozel-okullara-fahis-fiyat-uyarisi\/\"]}]},{\"@type\":\"ImageObject\",\"inLanguage\":\"ru-RU\",\"@id\":\"https:\/\/denizcankizil.tr\/ru\/haberler\/antalya\/bakan-tekinden-ozel-okullara-fahis-fiyat-uyarisi\/#primaryimage\",\"url\":\"https:\/\/denizcankizil.tr\/wp-content\/uploads\/2025\/01\/4408-01-HQvFTD.jpeg\",\"contentUrl\":\"https:\/\/denizcankizil.tr\/wp-content\/uploads\/2025\/01\/4408-01-HQvFTD.jpeg\",\"width\":1280,\"height\":720},{\"@type\":\"BreadcrumbList\",\"@id\":\"https:\/\/denizcankizil.tr\/ru\/haberler\/antalya\/bakan-tekinden-ozel-okullara-fahis-fiyat-uyarisi\/#breadcrumb\",\"itemListElement\":[{\"@type\":\"ListItem\",\"position\":1,\"name\":\"Home\",\"item\":\"https:\/\/denizcankizil.tr\/de\/\"},{\"@type\":\"ListItem\",\"position\":2,\"name\":\"Bakan Tekin&#8217;den \u00f6zel okullara fahi\u015f fiyat uyar\u0131s\u0131\"}]},{\"@type\":\"WebSite\",\"@id\":\"https:\/\/denizcankizil.tr\/de\/#website\",\"url\":\"https:\/\/denizcankizil.tr\/de\/\",\"name\":\"Av. Deniz Can K\u0131z\u0131l\",\"description\":\"Avukat Deniz Can K\u0131z\u0131l Antalya Barosu\",\"publisher\":{\"@id\":\"https:\/\/denizcankizil.tr\/de\/#organization\"},\"potentialAction\":[{\"@type\":\"SearchAction\",\"target\":{\"@type\":\"EntryPoint\",\"urlTemplate\":\"https:\/\/denizcankizil.tr\/de\/?s={search_term_string}\"},\"query-input\":{\"@type\":\"PropertyValueSpecification\",\"valueRequired\":true,\"valueName\":\"search_term_string\"}}],\"inLanguage\":\"ru-RU\"},{\"@type\":\"Organization\",\"@id\":\"https:\/\/denizcankizil.tr\/de\/#organization\",\"name\":\"Av. Deniz Can K\u0131z\u0131l\",\"url\":\"https:\/\/denizcankizil.tr\/de\/\",\"logo\":{\"@type\":\"ImageObject\",\"inLanguage\":\"ru-RU\",\"@id\":\"https:\/\/denizcankizil.tr\/de\/#\/schema\/logo\/image\/\",\"url\":\"https:\/\/denizcankizil.tr\/wp-content\/uploads\/2024\/10\/siyah-logo-svg.svg\",\"contentUrl\":\"https:\/\/denizcankizil.tr\/wp-content\/uploads\/2024\/10\/siyah-logo-svg.svg\",\"width\":1080,\"height\":1080,\"caption\":\"Av. Deniz Can K\u0131z\u0131l\"},\"image\":{\"@id\":\"https:\/\/denizcankizil.tr\/de\/#\/schema\/logo\/image\/\"}},{\"@type\":\"Person\",\"@id\":\"https:\/\/denizcankizil.tr\/de\/#\/schema\/person\/5dc1b22991bd7ac833867c10afc9b0ff\",\"name\":\"Av. Deniz Can K\u0131z\u0131l\",\"image\":{\"@type\":\"ImageObject\",\"inLanguage\":\"ru-RU\",\"@id\":\"https:\/\/denizcankizil.tr\/de\/#\/schema\/person\/image\/\",\"url\":\"https:\/\/secure.gravatar.com\/avatar\/a0b128fb9855c79efc976d5640eedb31dc35ec297594d6016d2cf7c60e975bb6?s=96&d=mm&r=g\",\"contentUrl\":\"https:\/\/secure.gravatar.com\/avatar\/a0b128fb9855c79efc976d5640eedb31dc35ec297594d6016d2cf7c60e975bb6?s=96&d=mm&r=g\",\"caption\":\"Av. Deniz Can K\u0131z\u0131l\"},\"sameAs\":[\"http:\/\/www.denizcankizil.tr\"],\"url\":\"https:\/\/denizcankizil.tr\/ru\/author\/denizcankizil\/\"}]}<\/script>\n<!-- \/ Yoast SEO Premium plugin. -->","yoast_head_json":{"title":"Bakan Tekin'den \u00f6zel okullara fahi\u015f fiyat uyar\u0131s\u0131 - Av. Deniz Can K\u0131z\u0131l","robots":{"index":"index","follow":"follow","max-snippet":"max-snippet:-1","max-image-preview":"max-image-preview:large","max-video-preview":"max-video-preview:-1"},"canonical":"https:\/\/denizcankizil.tr\/ru\/haberler\/antalya\/bakan-tekinden-ozel-okullara-fahis-fiyat-uyarisi\/","og_locale":"ru_RU","og_type":"article","og_title":"Bakan Tekin'den \u00f6zel okullara fahi\u015f fiyat uyar\u0131s\u0131","og_description":"\u201c\u00d6zel okullar\u0131n \u00fccretleri konusunda yan\u0131lt\u0131c\u0131 bir alg\u0131 var\u201d \u00d6zel okullara y\u00f6nelik \u00fccret ele\u015ftirilerinin t\u00fcm sekt\u00f6r\u00fc kapsayacak \u015fekilde genelle\u015ftirilmesinin yanl\u0131\u015f oldu\u011funu belirten Bakan Tekin, kamuoyunda olu\u015fturulan alg\u0131n\u0131n matematiksel ger\u00e7eklerle \u00f6rt\u00fc\u015fmedi\u011fini vurgulad\u0131. Tekin, \u201c\u00d6zel okullarla ilgili \u00e7ok \u00fcst d\u00fczey hizmet sunan ve \u00fcst d\u00fczey \u00fccret alan baz\u0131 okullar \u00fczerinden bir ele\u015ftiri y\u00fcr\u00fct\u00fcl\u00fcyor. \u015eimdi biz sistemimizdeki verilere bak\u0131yoruz. T\u00fcrkiye&#8217;de 12 bin tane \u00f6zel okul var. Ancak bu bahsedilen \u00fccret skalas\u0131nda yer alan, y\u00fcksek \u00fccret talep eden okul say\u0131s\u0131 sadece 22. Matematik biliyoruz, elimizde veriler var. 12 bin \u00f6zel okul i\u00e7indeki 22 okul \u00fczerinden yap\u0131lan bu genellemeye kar\u015f\u0131 \u00e7\u0131kmam\u0131z ve bu alg\u0131y\u0131 d\u00fczeltmemiz gerekiyor\u201d diye konu\u015ftu. \u00d6zel okulda \u00e7al\u0131\u015fan \u00f6\u011fretmen maa\u015flar\u0131 konusuna da de\u011finen Bakan Tekin, \u00f6zel okul \u00f6\u011fretmenlerinin \u00f6zl\u00fck haklar\u0131n\u0131n iyile\u015ftirilmesine y\u00f6nelik \u00e7al\u0131\u015fmalar\u0131 yak\u0131ndan takip ettiklerini ifade ederek, \u201c\u00d6\u011fretmenlik Meslek Kanunu g\u00f6r\u00fc\u015f\u00fcl\u00fcrken, \u00f6zel okullarda \u00e7al\u0131\u015fan \u00f6\u011fretmenlerin maa\u015flar\u0131 konusunda kamuoyunda \u00e7ok farkl\u0131 bir alg\u0131 olu\u015fturuldu. Biz bu s\u00fcreci yak\u0131ndan takip ediyoruz. Hepimiz, e\u011fitimcilerin hak etti\u011fi \u00fccreti almas\u0131n\u0131 istiyoruz ve bu konu bizim ortak meselemizdir\u201d dedi. \u201c\u00d6zel okullar\u0131n i\u00e7indeki \u2018\u00e7\u00fcr\u00fck elmalar&#8217; temizlenmeli\u201d Bakan Tekin, \u00f6zel okullara y\u00f6nelik denetim s\u00fcre\u00e7lerinin bir ceza arac\u0131 de\u011fil, rehberlik faaliyeti olarak de\u011ferlendirilmesi gerekti\u011fini belirterek, \u00f6zel okul sekt\u00f6r\u00fcn\u00fcn kendi i\u00e7inde yanl\u0131\u015f uygulamalar yapan kurumlarla m\u00fccadele etmesi gerekti\u011fini vurgulad\u0131. Tekin, \u201cFahi\u015f fiyat &hellip;","og_url":"https:\/\/denizcankizil.tr\/ru\/haberler\/antalya\/bakan-tekinden-ozel-okullara-fahis-fiyat-uyarisi\/","og_site_name":"Av. Deniz Can K\u0131z\u0131l","article_published_time":"2025-01-30T12:41:32+00:00","og_image":[{"width":1280,"height":720,"url":"https:\/\/denizcankizil.tr\/wp-content\/uploads\/2025\/01\/4408-01-HQvFTD.jpeg","type":"image\/jpeg"}],"author":"Av. Deniz Can K\u0131z\u0131l","twitter_card":"summary_large_image","twitter_misc":{"\u041d\u0430\u043f\u0438\u0441\u0430\u043d\u043e \u0430\u0432\u0442\u043e\u0440\u043e\u043c":"Av. Deniz Can K\u0131z\u0131l","\u041f\u0440\u0438\u043c\u0435\u0440\u043d\u043e\u0435 \u0432\u0440\u0435\u043c\u044f \u0434\u043b\u044f \u0447\u0442\u0435\u043d\u0438\u044f":"5 \u043c\u0438\u043d\u0443\u0442"},"schema":{"@context":"https:\/\/schema.org","@graph":[{"@type":"Article","@id":"https:\/\/denizcankizil.tr\/ru\/haberler\/antalya\/bakan-tekinden-ozel-okullara-fahis-fiyat-uyarisi\/#article","isPartOf":{"@id":"https:\/\/denizcankizil.tr\/ru\/haberler\/antalya\/bakan-tekinden-ozel-okullara-fahis-fiyat-uyarisi\/"},"author":{"name":"Av. Deniz Can K\u0131z\u0131l","@id":"https:\/\/denizcankizil.tr\/de\/#\/schema\/person\/5dc1b22991bd7ac833867c10afc9b0ff"},"headline":"Bakan Tekin&#8217;den \u00f6zel okullara fahi\u015f fiyat uyar\u0131s\u0131","datePublished":"2025-01-30T12:41:32+00:00","mainEntityOfPage":{"@id":"https:\/\/denizcankizil.tr\/ru\/haberler\/antalya\/bakan-tekinden-ozel-okullara-fahis-fiyat-uyarisi\/"},"wordCount":1040,"commentCount":0,"publisher":{"@id":"https:\/\/denizcankizil.tr\/de\/#organization"},"image":{"@id":"https:\/\/denizcankizil.tr\/ru\/haberler\/antalya\/bakan-tekinden-ozel-okullara-fahis-fiyat-uyarisi\/#primaryimage"},"thumbnailUrl":"https:\/\/denizcankizil.tr\/wp-content\/uploads\/2025\/01\/4408-01-HQvFTD.jpeg","articleSection":["Antalya"],"inLanguage":"ru-RU","potentialAction":[{"@type":"CommentAction","name":"Comment","target":["https:\/\/denizcankizil.tr\/ru\/haberler\/antalya\/bakan-tekinden-ozel-okullara-fahis-fiyat-uyarisi\/#respond"]}]},{"@type":"WebPage","@id":"https:\/\/denizcankizil.tr\/ru\/haberler\/antalya\/bakan-tekinden-ozel-okullara-fahis-fiyat-uyarisi\/","url":"https:\/\/denizcankizil.tr\/ru\/haberler\/antalya\/bakan-tekinden-ozel-okullara-fahis-fiyat-uyarisi\/","name":"Bakan Tekin'den \u00f6zel okullara fahi\u015f fiyat uyar\u0131s\u0131 - Av. Deniz Can K\u0131z\u0131l","isPartOf":{"@id":"https:\/\/denizcankizil.tr\/de\/#website"},"primaryImageOfPage":{"@id":"https:\/\/denizcankizil.tr\/ru\/haberler\/antalya\/bakan-tekinden-ozel-okullara-fahis-fiyat-uyarisi\/#primaryimage"},"image":{"@id":"https:\/\/denizcankizil.tr\/ru\/haberler\/antalya\/bakan-tekinden-ozel-okullara-fahis-fiyat-uyarisi\/#primaryimage"},"thumbnailUrl":"https:\/\/denizcankizil.tr\/wp-content\/uploads\/2025\/01\/4408-01-HQvFTD.jpeg","datePublished":"2025-01-30T12:41:32+00:00","breadcrumb":{"@id":"https:\/\/denizcankizil.tr\/ru\/haberler\/antalya\/bakan-tekinden-ozel-okullara-fahis-fiyat-uyarisi\/#breadcrumb"},"inLanguage":"ru-RU","potentialAction":[{"@type":"ReadAction","target":["https:\/\/denizcankizil.tr\/ru\/haberler\/antalya\/bakan-tekinden-ozel-okullara-fahis-fiyat-uyarisi\/"]}]},{"@type":"ImageObject","inLanguage":"ru-RU","@id":"https:\/\/denizcankizil.tr\/ru\/haberler\/antalya\/bakan-tekinden-ozel-okullara-fahis-fiyat-uyarisi\/#primaryimage","url":"https:\/\/denizcankizil.tr\/wp-content\/uploads\/2025\/01\/4408-01-HQvFTD.jpeg","contentUrl":"https:\/\/denizcankizil.tr\/wp-content\/uploads\/2025\/01\/4408-01-HQvFTD.jpeg","width":1280,"height":720},{"@type":"BreadcrumbList","@id":"https:\/\/denizcankizil.tr\/ru\/haberler\/antalya\/bakan-tekinden-ozel-okullara-fahis-fiyat-uyarisi\/#breadcrumb","itemListElement":[{"@type":"ListItem","position":1,"name":"Home","item":"https:\/\/denizcankizil.tr\/de\/"},{"@type":"ListItem","position":2,"name":"Bakan Tekin&#8217;den \u00f6zel okullara fahi\u015f fiyat uyar\u0131s\u0131"}]},{"@type":"WebSite","@id":"https:\/\/denizcankizil.tr\/de\/#website","url":"https:\/\/denizcankizil.tr\/de\/","name":"Av. Deniz Can K\u0131z\u0131l","description":"Avukat Deniz Can K\u0131z\u0131l Antalya Barosu","publisher":{"@id":"https:\/\/denizcankizil.tr\/de\/#organization"},"potentialAction":[{"@type":"SearchAction","target":{"@type":"EntryPoint","urlTemplate":"https:\/\/denizcankizil.tr\/de\/?s={search_term_string}"},"query-input":{"@type":"PropertyValueSpecification","valueRequired":true,"valueName":"search_term_string"}}],"inLanguage":"ru-RU"},{"@type":"Organization","@id":"https:\/\/denizcankizil.tr\/de\/#organization","name":"Av. Deniz Can K\u0131z\u0131l","url":"https:\/\/denizcankizil.tr\/de\/","logo":{"@type":"ImageObject","inLanguage":"ru-RU","@id":"https:\/\/denizcankizil.tr\/de\/#\/schema\/logo\/image\/","url":"https:\/\/denizcankizil.tr\/wp-content\/uploads\/2024\/10\/siyah-logo-svg.svg","contentUrl":"https:\/\/denizcankizil.tr\/wp-content\/uploads\/2024\/10\/siyah-logo-svg.svg","width":1080,"height":1080,"caption":"Av. Deniz Can K\u0131z\u0131l"},"image":{"@id":"https:\/\/denizcankizil.tr\/de\/#\/schema\/logo\/image\/"}},{"@type":"Person","@id":"https:\/\/denizcankizil.tr\/de\/#\/schema\/person\/5dc1b22991bd7ac833867c10afc9b0ff","name":"Av. Deniz Can K\u0131z\u0131l","image":{"@type":"ImageObject","inLanguage":"ru-RU","@id":"https:\/\/denizcankizil.tr\/de\/#\/schema\/person\/image\/","url":"https:\/\/secure.gravatar.com\/avatar\/a0b128fb9855c79efc976d5640eedb31dc35ec297594d6016d2cf7c60e975bb6?s=96&d=mm&r=g","contentUrl":"https:\/\/secure.gravatar.com\/avatar\/a0b128fb9855c79efc976d5640eedb31dc35ec297594d6016d2cf7c60e975bb6?s=96&d=mm&r=g","caption":"Av. Deniz Can K\u0131z\u0131l"},"sameAs":["http:\/\/www.denizcankizil.tr"],"url":"https:\/\/denizcankizil.tr\/ru\/author\/denizcankizil\/"}]}},"_links":{"self":[{"href":"https:\/\/denizcankizil.tr\/ru\/wp-json\/wp\/v2\/posts\/28738","targetHints":{"allow":["GET"]}}],"collection":[{"href":"https:\/\/denizcankizil.tr\/ru\/wp-json\/wp\/v2\/posts"}],"about":[{"href":"https:\/\/denizcankizil.tr\/ru\/wp-json\/wp\/v2\/types\/post"}],"author":[{"embeddable":true,"href":"https:\/\/denizcankizil.tr\/ru\/wp-json\/wp\/v2\/users\/4"}],"replies":[{"embeddable":true,"href":"https:\/\/denizcankizil.tr\/ru\/wp-json\/wp\/v2\/comments?post=28738"}],"version-history":[{"count":0,"href":"https:\/\/denizcankizil.tr\/ru\/wp-json\/wp\/v2\/posts\/28738\/revisions"}],"wp:featuredmedia":[{"embeddable":true,"href":"https:\/\/denizcankizil.tr\/ru\/wp-json\/wp\/v2\/media\/28739"}],"wp:attachment":[{"href":"https:\/\/denizcankizil.tr\/ru\/wp-json\/wp\/v2\/media?parent=28738"}],"wp:term":[{"taxonomy":"category","embeddable":true,"href":"https:\/\/denizcankizil.tr\/ru\/wp-json\/wp\/v2\/categories?post=28738"},{"taxonomy":"post_tag","embeddable":true,"href":"https:\/\/denizcankizil.tr\/ru\/wp-json\/wp\/v2\/tags?post=28738"}],"curies":[{"name":"wp","href":"https:\/\/api.w.org\/{rel}","templated":true}]}}