{"id":2853,"date":"2024-10-15T14:41:24","date_gmt":"2024-10-15T11:41:24","guid":{"rendered":"https:\/\/denizcankizil.tr\/uncategorized\/bursa-niluferde-tarimsal-kalkinma-zirvesi\/"},"modified":"2024-10-15T14:41:24","modified_gmt":"2024-10-15T11:41:24","slug":"bursa-niluferde-tarimsal-kalkinma-zirvesi","status":"publish","type":"post","link":"https:\/\/denizcankizil.tr\/ru\/haberler\/gundem\/bursa-niluferde-tarimsal-kalkinma-zirvesi\/","title":{"rendered":"Bursa Nil\u00fcfer\u2019de tar\u0131msal kalk\u0131nma zirvesi"},"content":{"rendered":"<p>Nil\u00fcfer Belediyesi, N\u0130LKOOP i\u015f birli\u011fi ile tar\u0131msal \u00fcretimin \u00f6nemine dikkat \u00e7ekmek ve s\u00fcrd\u00fcr\u00fclebilir tar\u0131m politikas\u0131 geli\u015ftirmek hedefiyle \u201cTar\u0131msal Kalk\u0131nma ve Kooperatif\u00e7ilik \u00c7al\u0131\u015ftay\u0131\u201dna ev sahipli\u011fi yap\u0131yor.BURSA (\u0130GFA) &#8211; Tar\u0131msal kalk\u0131nma i\u00e7in \u00e7al\u0131\u015fmalar\u0131n\u0131 s\u00fcrd\u00fcren Nil\u00fcfer Belediyesi, \u00fcretimi te\u015fvik etmek, tar\u0131m alanlar\u0131n\u0131n korunmas\u0131 ve kooperatif\u00e7ili\u011fin geli\u015ftirilmesi i\u00e7in \u2018Tar\u0131msal Kalk\u0131nma ve Kooperatif\u00e7ilik \u00c7al\u0131\u015ftay\u0131\u2019 ger\u00e7ekle\u015ftiriyor.<br \/>\nNil\u00fcfer Tar\u0131msal Kalk\u0131nma Kooperatifi (N\u0130LKOOP) i\u015f birli\u011finde d\u00fczenlenen \u00e7al\u0131\u015ftayda, ortak ak\u0131lla Nil\u00fcfer\u2019in tar\u0131m potansiyelini harekete ge\u00e7irecek politikalar i\u00e7in yol haritas\u0131 olu\u015fturulmas\u0131 hedefleniyor.<br \/>\nNil\u00fcfer Nikahevi\u2019ndeki \u00e7al\u0131\u015ftay\u0131n a\u00e7\u0131l\u0131\u015f\u0131nda konu\u015fan Nil\u00fcfer Belediye Ba\u015fkan\u0131 \u015eadi \u00d6zdemir konu\u015fmas\u0131nda tar\u0131m alanlar\u0131n\u0131n korunmas\u0131 ve kooperatif\u00e7ili\u011fin desteklenmesi i\u00e7in yap\u0131lan \u00e7al\u0131\u015fmalara vurgu yapt\u0131. Nil\u00fcfer\u2019de toprak analizlerinin ger\u00e7ekle\u015ftirildi\u011fini ve ne t\u00fcr \u00fcr\u00fcnlerin yeti\u015ftirilebilece\u011fine dair analizlerin yap\u0131ld\u0131\u011f\u0131n\u0131 vurgulayan Ba\u015fkan \u015eadi \u00d6zdemir, \u201cAyr\u0131ca Hasana\u011fa G\u0131da Merkezi\u2019nde g\u0131da \u00fcr\u00fcnlerinin \u00fcretimi, i\u015flenmesi ve depolanmas\u0131 sa\u011flan\u0131yor. Kad\u0131n dernekleri de \u00fcretimlerini merkez sayesinde ekonomik de\u011fere d\u00f6n\u00fc\u015ft\u00fcrebiliyorlar\u201d dedi.<\/p>\n<p>KOOPERAT\u0130FLE\u015eMEYE DESTEK<br \/>\nNil\u00fcfer\u2019in T\u00fcrkiye\u2019nin en geli\u015fmi\u015f 8\u2019inci il\u00e7esi oldu\u011funu hat\u0131rlatan Ba\u015fkan \u015eadi \u00d6zdemir, \u201cKooperatifle\u015fme modeliyle, sat\u0131\u015f g\u00fcvencesi vererek, \u00e7ift\u00e7ilerin \u00fcretimi do\u011fru yapmalar\u0131n\u0131 ve hatta baz\u0131 girdilerini ortak sat\u0131n alma platformlar\u0131yla daha ucuza temin etmelerini sa\u011flayabiliriz. Arzumuz, k\u0131rsalda kooperatifler kurmak. Buna \u2018hay\u0131r\u2019 diyen bir k\u0131rsal mahalle g\u00f6rmedim; herkes s\u0131cak yakla\u015f\u0131yor. Ekiplerimiz bu konuda k\u00f6yl\u00fclerimizi desteklemeye \u00e7al\u0131\u015f\u0131yor. Kooperatifle\u015fip \u00fcr\u00fcnlerini bunun \u00fczerinden pazarlamalar\u0131n\u0131, kendileri satam\u0131yorlarsa, N\u0130LKOOP \u00fczerinden sat\u0131n alarak onlar\u0131 harekete ge\u00e7irmek istiyoruz. Bu potansiyel var; sadece \u00fcretmek ve \u00fcretti\u011fini do\u011fru satmak gerekiyor\u201d diye konu\u015ftu.<br \/>\nBa\u015fkan \u015eadi \u00d6zdemir, ayr\u0131ca gen\u00e7leri tar\u0131ma te\u015fvik etmek istediklerini, s\u00fcrd\u00fcr\u00fclebilir bir ya\u015fam\u0131n tar\u0131mla m\u00fcmk\u00fcn olaca\u011f\u0131n\u0131 belirterek, \u201cGen\u00e7lerimize tar\u0131m\u0131n gelecekte \u00f6nemli bir ge\u00e7im kayna\u011f\u0131 olabilece\u011fini g\u00f6stermek ve k\u00f6ylerinde kalmalar\u0131n\u0131 sa\u011flamak istiyoruz. Bu y\u00f6nde \u00f6nemli ad\u0131mlar ataca\u011f\u0131z\u201d dedi.<\/p>\n<p>ORTALAMA \u00c7\u0130FT\u00c7\u0130 YA\u015eI 56<br \/>\nCHP Grup Ba\u015fkanvekili G\u00f6khan G\u00fcnayd\u0131n ise, tar\u0131msal hammadde \u00fcretiminde T\u00fcrkiye\u2019nin gelecekteki durumunun ortaya koyulmas\u0131 gerekti\u011fine dikkat \u00e7ekerek, \u201cBu saptamalar\u0131 y\u0131llard\u0131r yap\u0131yoruz, \u015fimdi yeniden in\u015fa etme zaman\u0131. K\u0131rsal mahalleler bo\u015falm\u0131\u015f, ortalama \u00e7ift\u00e7i ya\u015f\u0131 56\u2019ya gelmi\u015f. K\u0131rsal mahallelerde okullar kapat\u0131lm\u0131\u015f, sosyal donat\u0131 alanlar\u0131 yok, gen\u00e7 insanlar\u0131n ya\u015fama sevinci alabilece\u011fi herhangi bir mekan yaratmadan, gen\u00e7ler tar\u0131ma d\u00f6ns\u00fcn diyerek bu meseleyi \u00e7\u00f6zebilecek miyiz?&#8221; diye sordu.<br \/>\nNil\u00fcfer\u2019in tar\u0131msal potansiyelinin korunmas\u0131n\u0131n \u00f6nemine vurgu yapan CHP Bursa Milletvekili Hasan \u00d6zt\u00fcrk de, \u201cSanayile\u015fme ve plans\u0131z yap\u0131la\u015fma bu potansiyeli tehdit ediyor. Belediye Ba\u015fkan\u0131m\u0131z \u015eadi \u00d6zdemir\u2019in tar\u0131m\u0131 yeniden canland\u0131rma vizyonuna tam destek veriyoruz\u201d diye konu\u015ftu.<br \/>\nCHP Bursa Milletvekili Prof. Dr. Kay\u0131han Pala ise, \u201cHepimizin karar verme s\u00fcre\u00e7lerine kat\u0131larak, tar\u0131m topraklar\u0131n\u0131 korumay\u0131, bundan sonra g\u0131da g\u00fcvencesi ve g\u0131da g\u00fcvensizli\u011fini geri planda b\u0131rakacak bir ad\u0131m atmay\u0131 ba\u015farabilirsek bu hepimiz i\u00e7in \u00f6zellikle de \u00e7ocuklar\u0131m\u0131z ve gelecek ku\u015faklar i\u00e7in \u00e7ok b\u00fcy\u00fck de\u011fer ta\u015f\u0131yacak\u201d dedi.<br \/>\nCHP Bursa Milletvekili Orhan Sar\u0131bal ise konu\u015fmas\u0131nda tar\u0131m\u0131n \u00fclke ekonomisi a\u00e7\u0131s\u0131ndan ta\u015f\u0131d\u0131\u011f\u0131 \u00f6neme vurgu yaparak, \u201c\u00c7ift\u00e7i yoksa \u00fcretim de yok. G\u0131da hakk\u0131, ya\u015fam hakk\u0131ndan sonra en temel hakt\u0131r. \u00c7ift\u00e7iden \u00e7ok t\u00fcketicilerin d\u00fc\u015f\u00fcnmesi gereken bir aland\u0131r\u201d dedi.<br \/>\nN\u0130LKOOP Ba\u015fkan\u0131 S\u00fcleyman Ayy\u0131lmaz, tar\u0131mda adil ve kapsay\u0131c\u0131 bir modeli hayata ge\u00e7irmeyi istediklerini belirterek, \u201cBu \u00e7al\u0131\u015ftayda elde edilecek bilgi ve \u00f6neriler, Nil\u00fcfer Belediyesi ve NilKOOP\u2019un\u00a0 tar\u0131m ve kooperatif\u00e7ilik politikalar\u0131na rehberlik edecektir\u201d dedi.<br \/>\n\u00c7al\u0131\u015ftay boyunca \u201cOrtak Ak\u0131l Masa \u00c7al\u0131\u015fmalar\u0131\u201dnda yol haritas\u0131 belirlenmeye \u00e7al\u0131\u015f\u0131lacak.<br \/>\n3 g\u00fcn s\u00fcrecek \u00e7al\u0131\u015ftay\u0131n son g\u00fcn\u00fc ise \u00e7al\u0131\u015fma gruplar\u0131n\u0131n sonu\u00e7lar\u0131 sunulacak ve bildirge haz\u0131rlanacak.<\/p>\n<p>\u200bNil\u00fcfer Belediyesi, N\u0130LKOOP i\u015f birli\u011fi ile tar\u0131msal \u00fcretimin \u00f6nemine dikkat \u00e7ekmek ve s\u00fcrd\u00fcr\u00fclebilir tar\u0131m politikas\u0131 geli\u015ftirmek hedefiyle \u201cTar\u0131msal Kalk\u0131nma ve Kooperatif\u00e7ilik \u00c7al\u0131\u015ftay\u0131\u201dna ev sahipli\u011fi yap\u0131yor\u00a0<\/p>\n<p>\u200bHaberin Al\u0131nt\u0131land\u0131\u011f\u0131 Kaynak: www.iskenderun.org<\/p>","protected":false},"excerpt":{"rendered":"<p>Nil\u00fcfer Belediyesi, N\u0130LKOOP i\u015f birli\u011fi ile tar\u0131msal \u00fcretimin \u00f6nemine dikkat \u00e7ekmek ve s\u00fcrd\u00fcr\u00fclebilir tar\u0131m politikas\u0131 geli\u015ftirmek hedefiyle \u201cTar\u0131msal Kalk\u0131nma ve Kooperatif\u00e7ilik \u00c7al\u0131\u015ftay\u0131\u201dna ev sahipli\u011fi yap\u0131yor.BURSA (\u0130GFA) &#8211; Tar\u0131msal kalk\u0131nma i\u00e7in \u00e7al\u0131\u015fmalar\u0131n\u0131 s\u00fcrd\u00fcren Nil\u00fcfer Belediyesi, \u00fcretimi te\u015fvik etmek, tar\u0131m alanlar\u0131n\u0131n korunmas\u0131 ve kooperatif\u00e7ili\u011fin geli\u015ftirilmesi i\u00e7in \u2018Tar\u0131msal Kalk\u0131nma ve Kooperatif\u00e7ilik \u00c7al\u0131\u015ftay\u0131\u2019 ger\u00e7ekle\u015ftiriyor. Nil\u00fcfer Tar\u0131msal Kalk\u0131nma Kooperatifi (N\u0130LKOOP) i\u015f birli\u011finde d\u00fczenlenen \u00e7al\u0131\u015ftayda, ortak ak\u0131lla Nil\u00fcfer\u2019in tar\u0131m potansiyelini harekete ge\u00e7irecek politikalar i\u00e7in yol haritas\u0131 olu\u015fturulmas\u0131 hedefleniyor. Nil\u00fcfer Nikahevi\u2019ndeki \u00e7al\u0131\u015ftay\u0131n a\u00e7\u0131l\u0131\u015f\u0131nda konu\u015fan Nil\u00fcfer Belediye Ba\u015fkan\u0131 \u015eadi \u00d6zdemir konu\u015fmas\u0131nda tar\u0131m alanlar\u0131n\u0131n korunmas\u0131 ve kooperatif\u00e7ili\u011fin desteklenmesi i\u00e7in yap\u0131lan \u00e7al\u0131\u015fmalara vurgu yapt\u0131. Nil\u00fcfer\u2019de toprak analizlerinin ger\u00e7ekle\u015ftirildi\u011fini ve ne t\u00fcr \u00fcr\u00fcnlerin yeti\u015ftirilebilece\u011fine dair analizlerin yap\u0131ld\u0131\u011f\u0131n\u0131 vurgulayan Ba\u015fkan \u015eadi \u00d6zdemir, \u201cAyr\u0131ca Hasana\u011fa G\u0131da Merkezi\u2019nde g\u0131da \u00fcr\u00fcnlerinin \u00fcretimi, i\u015flenmesi ve depolanmas\u0131 sa\u011flan\u0131yor. Kad\u0131n dernekleri de \u00fcretimlerini merkez sayesinde ekonomik de\u011fere d\u00f6n\u00fc\u015ft\u00fcrebiliyorlar\u201d dedi. KOOPERAT\u0130FLE\u015eMEYE DESTEK Nil\u00fcfer\u2019in T\u00fcrkiye\u2019nin en geli\u015fmi\u015f 8\u2019inci il\u00e7esi oldu\u011funu hat\u0131rlatan Ba\u015fkan \u015eadi \u00d6zdemir, \u201cKooperatifle\u015fme modeliyle, sat\u0131\u015f g\u00fcvencesi vererek, \u00e7ift\u00e7ilerin \u00fcretimi do\u011fru yapmalar\u0131n\u0131 ve hatta baz\u0131 girdilerini ortak sat\u0131n alma platformlar\u0131yla daha ucuza temin etmelerini sa\u011flayabiliriz. Arzumuz, k\u0131rsalda kooperatifler kurmak. Buna \u2018hay\u0131r\u2019 diyen bir k\u0131rsal mahalle g\u00f6rmedim; herkes s\u0131cak yakla\u015f\u0131yor. Ekiplerimiz bu konuda k\u00f6yl\u00fclerimizi desteklemeye \u00e7al\u0131\u015f\u0131yor. Kooperatifle\u015fip \u00fcr\u00fcnlerini bunun \u00fczerinden pazarlamalar\u0131n\u0131, kendileri satam\u0131yorlarsa, N\u0130LKOOP \u00fczerinden sat\u0131n alarak onlar\u0131 harekete ge\u00e7irmek &hellip;<\/p>","protected":false},"author":0,"featured_media":0,"comment_status":"open","ping_status":"open","sticky":false,"template":"","format":"standard","meta":{"_acf_changed":false,"footnotes":""},"categories":[24],"tags":[],"class_list":["post-2853","post","type-post","status-publish","format-standard","has-post-thumbnail","hentry","category-gundem"],"acf":[],"yoast_head":"<!-- This site is optimized with the Yoast SEO Premium plugin v26.6 (Yoast SEO v27.1.1) - https:\/\/yoast.com\/product\/yoast-seo-premium-wordpress\/ -->\n<title>Bursa Nil\u00fcfer\u2019de tar\u0131msal kalk\u0131nma zirvesi - Av. Deniz Can K\u0131z\u0131l<\/title>\n<meta name=\"robots\" content=\"index, follow, max-snippet:-1, max-image-preview:large, max-video-preview:-1\" \/>\n<link rel=\"canonical\" href=\"https:\/\/denizcankizil.tr\/ru\/haberler\/gundem\/bursa-niluferde-tarimsal-kalkinma-zirvesi\/\" \/>\n<meta property=\"og:locale\" content=\"ru_RU\" \/>\n<meta property=\"og:type\" content=\"article\" \/>\n<meta property=\"og:title\" content=\"Bursa Nil\u00fcfer\u2019de tar\u0131msal kalk\u0131nma zirvesi\" \/>\n<meta property=\"og:description\" content=\"Nil\u00fcfer Belediyesi, N\u0130LKOOP i\u015f birli\u011fi ile tar\u0131msal \u00fcretimin \u00f6nemine dikkat \u00e7ekmek ve s\u00fcrd\u00fcr\u00fclebilir tar\u0131m politikas\u0131 geli\u015ftirmek hedefiyle \u201cTar\u0131msal Kalk\u0131nma ve Kooperatif\u00e7ilik \u00c7al\u0131\u015ftay\u0131\u201dna ev sahipli\u011fi yap\u0131yor.BURSA (\u0130GFA) &#8211; Tar\u0131msal kalk\u0131nma i\u00e7in \u00e7al\u0131\u015fmalar\u0131n\u0131 s\u00fcrd\u00fcren Nil\u00fcfer Belediyesi, \u00fcretimi te\u015fvik etmek, tar\u0131m alanlar\u0131n\u0131n korunmas\u0131 ve kooperatif\u00e7ili\u011fin geli\u015ftirilmesi i\u00e7in \u2018Tar\u0131msal Kalk\u0131nma ve Kooperatif\u00e7ilik \u00c7al\u0131\u015ftay\u0131\u2019 ger\u00e7ekle\u015ftiriyor. Nil\u00fcfer Tar\u0131msal Kalk\u0131nma Kooperatifi (N\u0130LKOOP) i\u015f birli\u011finde d\u00fczenlenen \u00e7al\u0131\u015ftayda, ortak ak\u0131lla Nil\u00fcfer\u2019in tar\u0131m potansiyelini harekete ge\u00e7irecek politikalar i\u00e7in yol haritas\u0131 olu\u015fturulmas\u0131 hedefleniyor. Nil\u00fcfer Nikahevi\u2019ndeki \u00e7al\u0131\u015ftay\u0131n a\u00e7\u0131l\u0131\u015f\u0131nda konu\u015fan Nil\u00fcfer Belediye Ba\u015fkan\u0131 \u015eadi \u00d6zdemir konu\u015fmas\u0131nda tar\u0131m alanlar\u0131n\u0131n korunmas\u0131 ve kooperatif\u00e7ili\u011fin desteklenmesi i\u00e7in yap\u0131lan \u00e7al\u0131\u015fmalara vurgu yapt\u0131. Nil\u00fcfer\u2019de toprak analizlerinin ger\u00e7ekle\u015ftirildi\u011fini ve ne t\u00fcr \u00fcr\u00fcnlerin yeti\u015ftirilebilece\u011fine dair analizlerin yap\u0131ld\u0131\u011f\u0131n\u0131 vurgulayan Ba\u015fkan \u015eadi \u00d6zdemir, \u201cAyr\u0131ca Hasana\u011fa G\u0131da Merkezi\u2019nde g\u0131da \u00fcr\u00fcnlerinin \u00fcretimi, i\u015flenmesi ve depolanmas\u0131 sa\u011flan\u0131yor. Kad\u0131n dernekleri de \u00fcretimlerini merkez sayesinde ekonomik de\u011fere d\u00f6n\u00fc\u015ft\u00fcrebiliyorlar\u201d dedi. KOOPERAT\u0130FLE\u015eMEYE DESTEK Nil\u00fcfer\u2019in T\u00fcrkiye\u2019nin en geli\u015fmi\u015f 8\u2019inci il\u00e7esi oldu\u011funu hat\u0131rlatan Ba\u015fkan \u015eadi \u00d6zdemir, \u201cKooperatifle\u015fme modeliyle, sat\u0131\u015f g\u00fcvencesi vererek, \u00e7ift\u00e7ilerin \u00fcretimi do\u011fru yapmalar\u0131n\u0131 ve hatta baz\u0131 girdilerini ortak sat\u0131n alma platformlar\u0131yla daha ucuza temin etmelerini sa\u011flayabiliriz. Arzumuz, k\u0131rsalda kooperatifler kurmak. Buna \u2018hay\u0131r\u2019 diyen bir k\u0131rsal mahalle g\u00f6rmedim; herkes s\u0131cak yakla\u015f\u0131yor. Ekiplerimiz bu konuda k\u00f6yl\u00fclerimizi desteklemeye \u00e7al\u0131\u015f\u0131yor. Kooperatifle\u015fip \u00fcr\u00fcnlerini bunun \u00fczerinden pazarlamalar\u0131n\u0131, kendileri satam\u0131yorlarsa, N\u0130LKOOP \u00fczerinden sat\u0131n alarak onlar\u0131 harekete ge\u00e7irmek &hellip;\" \/>\n<meta property=\"og:url\" content=\"https:\/\/denizcankizil.tr\/ru\/haberler\/gundem\/bursa-niluferde-tarimsal-kalkinma-zirvesi\/\" \/>\n<meta property=\"og:site_name\" content=\"Av. Deniz Can K\u0131z\u0131l\" \/>\n<meta property=\"article:published_time\" content=\"2024-10-15T11:41:24+00:00\" \/>\n<meta name=\"twitter:card\" content=\"summary_large_image\" \/>\n<meta name=\"twitter:label1\" content=\"\u041f\u0440\u0438\u043c\u0435\u0440\u043d\u043e\u0435 \u0432\u0440\u0435\u043c\u044f \u0434\u043b\u044f \u0447\u0442\u0435\u043d\u0438\u044f\" \/>\n\t<meta name=\"twitter:data1\" content=\"4 \u043c\u0438\u043d\u0443\u0442\u044b\" \/>\n<script type=\"application\/ld+json\" class=\"yoast-schema-graph\">{\"@context\":\"https:\/\/schema.org\",\"@graph\":[{\"@type\":\"Article\",\"@id\":\"https:\/\/denizcankizil.tr\/ru\/haberler\/gundem\/bursa-niluferde-tarimsal-kalkinma-zirvesi\/#article\",\"isPartOf\":{\"@id\":\"https:\/\/denizcankizil.tr\/ru\/haberler\/gundem\/bursa-niluferde-tarimsal-kalkinma-zirvesi\/\"},\"author\":{\"name\":\"\",\"@id\":\"\"},\"headline\":\"Bursa Nil\u00fcfer\u2019de tar\u0131msal kalk\u0131nma zirvesi\",\"datePublished\":\"2024-10-15T11:41:24+00:00\",\"mainEntityOfPage\":{\"@id\":\"https:\/\/denizcankizil.tr\/ru\/haberler\/gundem\/bursa-niluferde-tarimsal-kalkinma-zirvesi\/\"},\"wordCount\":813,\"commentCount\":0,\"publisher\":{\"@id\":\"https:\/\/denizcankizil.tr\/#organization\"},\"articleSection\":[\"G\u00fcndem\"],\"inLanguage\":\"ru-RU\",\"potentialAction\":[{\"@type\":\"CommentAction\",\"name\":\"Comment\",\"target\":[\"https:\/\/denizcankizil.tr\/ru\/haberler\/gundem\/bursa-niluferde-tarimsal-kalkinma-zirvesi\/#respond\"]}]},{\"@type\":\"WebPage\",\"@id\":\"https:\/\/denizcankizil.tr\/ru\/haberler\/gundem\/bursa-niluferde-tarimsal-kalkinma-zirvesi\/\",\"url\":\"https:\/\/denizcankizil.tr\/ru\/haberler\/gundem\/bursa-niluferde-tarimsal-kalkinma-zirvesi\/\",\"name\":\"Bursa Nil\u00fcfer\u2019de tar\u0131msal kalk\u0131nma zirvesi - Av. Deniz Can K\u0131z\u0131l\",\"isPartOf\":{\"@id\":\"https:\/\/denizcankizil.tr\/#website\"},\"datePublished\":\"2024-10-15T11:41:24+00:00\",\"breadcrumb\":{\"@id\":\"https:\/\/denizcankizil.tr\/ru\/haberler\/gundem\/bursa-niluferde-tarimsal-kalkinma-zirvesi\/#breadcrumb\"},\"inLanguage\":\"ru-RU\",\"potentialAction\":[{\"@type\":\"ReadAction\",\"target\":[\"https:\/\/denizcankizil.tr\/ru\/haberler\/gundem\/bursa-niluferde-tarimsal-kalkinma-zirvesi\/\"]}]},{\"@type\":\"BreadcrumbList\",\"@id\":\"https:\/\/denizcankizil.tr\/ru\/haberler\/gundem\/bursa-niluferde-tarimsal-kalkinma-zirvesi\/#breadcrumb\",\"itemListElement\":[{\"@type\":\"ListItem\",\"position\":1,\"name\":\"Home\",\"item\":\"https:\/\/denizcankizil.tr\/de\/\"},{\"@type\":\"ListItem\",\"position\":2,\"name\":\"Bursa Nil\u00fcfer\u2019de tar\u0131msal kalk\u0131nma zirvesi\"}]},{\"@type\":\"WebSite\",\"@id\":\"https:\/\/denizcankizil.tr\/#website\",\"url\":\"https:\/\/denizcankizil.tr\/\",\"name\":\"Av. Deniz Can K\u0131z\u0131l\",\"description\":\"Avukat Deniz Can K\u0131z\u0131l Antalya Barosu\",\"publisher\":{\"@id\":\"https:\/\/denizcankizil.tr\/#organization\"},\"potentialAction\":[{\"@type\":\"SearchAction\",\"target\":{\"@type\":\"EntryPoint\",\"urlTemplate\":\"https:\/\/denizcankizil.tr\/?s={search_term_string}\"},\"query-input\":{\"@type\":\"PropertyValueSpecification\",\"valueRequired\":true,\"valueName\":\"search_term_string\"}}],\"inLanguage\":\"ru-RU\"},{\"@type\":\"Organization\",\"@id\":\"https:\/\/denizcankizil.tr\/#organization\",\"name\":\"Av. Deniz Can K\u0131z\u0131l\",\"url\":\"https:\/\/denizcankizil.tr\/\",\"logo\":{\"@type\":\"ImageObject\",\"inLanguage\":\"ru-RU\",\"@id\":\"https:\/\/denizcankizil.tr\/#\/schema\/logo\/image\/\",\"url\":\"https:\/\/denizcankizil.tr\/wp-content\/uploads\/2024\/10\/siyah-logo-svg.svg\",\"contentUrl\":\"https:\/\/denizcankizil.tr\/wp-content\/uploads\/2024\/10\/siyah-logo-svg.svg\",\"width\":1080,\"height\":1080,\"caption\":\"Av. Deniz Can K\u0131z\u0131l\"},\"image\":{\"@id\":\"https:\/\/denizcankizil.tr\/#\/schema\/logo\/image\/\"}}]}<\/script>\n<!-- \/ Yoast SEO Premium plugin. -->","yoast_head_json":{"title":"Bursa Nil\u00fcfer\u2019de tar\u0131msal kalk\u0131nma zirvesi - Av. Deniz Can K\u0131z\u0131l","robots":{"index":"index","follow":"follow","max-snippet":"max-snippet:-1","max-image-preview":"max-image-preview:large","max-video-preview":"max-video-preview:-1"},"canonical":"https:\/\/denizcankizil.tr\/ru\/haberler\/gundem\/bursa-niluferde-tarimsal-kalkinma-zirvesi\/","og_locale":"ru_RU","og_type":"article","og_title":"Bursa Nil\u00fcfer\u2019de tar\u0131msal kalk\u0131nma zirvesi","og_description":"Nil\u00fcfer Belediyesi, N\u0130LKOOP i\u015f birli\u011fi ile tar\u0131msal \u00fcretimin \u00f6nemine dikkat \u00e7ekmek ve s\u00fcrd\u00fcr\u00fclebilir tar\u0131m politikas\u0131 geli\u015ftirmek hedefiyle \u201cTar\u0131msal Kalk\u0131nma ve Kooperatif\u00e7ilik \u00c7al\u0131\u015ftay\u0131\u201dna ev sahipli\u011fi yap\u0131yor.BURSA (\u0130GFA) &#8211; Tar\u0131msal kalk\u0131nma i\u00e7in \u00e7al\u0131\u015fmalar\u0131n\u0131 s\u00fcrd\u00fcren Nil\u00fcfer Belediyesi, \u00fcretimi te\u015fvik etmek, tar\u0131m alanlar\u0131n\u0131n korunmas\u0131 ve kooperatif\u00e7ili\u011fin geli\u015ftirilmesi i\u00e7in \u2018Tar\u0131msal Kalk\u0131nma ve Kooperatif\u00e7ilik \u00c7al\u0131\u015ftay\u0131\u2019 ger\u00e7ekle\u015ftiriyor. Nil\u00fcfer Tar\u0131msal Kalk\u0131nma Kooperatifi (N\u0130LKOOP) i\u015f birli\u011finde d\u00fczenlenen \u00e7al\u0131\u015ftayda, ortak ak\u0131lla Nil\u00fcfer\u2019in tar\u0131m potansiyelini harekete ge\u00e7irecek politikalar i\u00e7in yol haritas\u0131 olu\u015fturulmas\u0131 hedefleniyor. Nil\u00fcfer Nikahevi\u2019ndeki \u00e7al\u0131\u015ftay\u0131n a\u00e7\u0131l\u0131\u015f\u0131nda konu\u015fan Nil\u00fcfer Belediye Ba\u015fkan\u0131 \u015eadi \u00d6zdemir konu\u015fmas\u0131nda tar\u0131m alanlar\u0131n\u0131n korunmas\u0131 ve kooperatif\u00e7ili\u011fin desteklenmesi i\u00e7in yap\u0131lan \u00e7al\u0131\u015fmalara vurgu yapt\u0131. Nil\u00fcfer\u2019de toprak analizlerinin ger\u00e7ekle\u015ftirildi\u011fini ve ne t\u00fcr \u00fcr\u00fcnlerin yeti\u015ftirilebilece\u011fine dair analizlerin yap\u0131ld\u0131\u011f\u0131n\u0131 vurgulayan Ba\u015fkan \u015eadi \u00d6zdemir, \u201cAyr\u0131ca Hasana\u011fa G\u0131da Merkezi\u2019nde g\u0131da \u00fcr\u00fcnlerinin \u00fcretimi, i\u015flenmesi ve depolanmas\u0131 sa\u011flan\u0131yor. Kad\u0131n dernekleri de \u00fcretimlerini merkez sayesinde ekonomik de\u011fere d\u00f6n\u00fc\u015ft\u00fcrebiliyorlar\u201d dedi. KOOPERAT\u0130FLE\u015eMEYE DESTEK Nil\u00fcfer\u2019in T\u00fcrkiye\u2019nin en geli\u015fmi\u015f 8\u2019inci il\u00e7esi oldu\u011funu hat\u0131rlatan Ba\u015fkan \u015eadi \u00d6zdemir, \u201cKooperatifle\u015fme modeliyle, sat\u0131\u015f g\u00fcvencesi vererek, \u00e7ift\u00e7ilerin \u00fcretimi do\u011fru yapmalar\u0131n\u0131 ve hatta baz\u0131 girdilerini ortak sat\u0131n alma platformlar\u0131yla daha ucuza temin etmelerini sa\u011flayabiliriz. Arzumuz, k\u0131rsalda kooperatifler kurmak. Buna \u2018hay\u0131r\u2019 diyen bir k\u0131rsal mahalle g\u00f6rmedim; herkes s\u0131cak yakla\u015f\u0131yor. Ekiplerimiz bu konuda k\u00f6yl\u00fclerimizi desteklemeye \u00e7al\u0131\u015f\u0131yor. Kooperatifle\u015fip \u00fcr\u00fcnlerini bunun \u00fczerinden pazarlamalar\u0131n\u0131, kendileri satam\u0131yorlarsa, N\u0130LKOOP \u00fczerinden sat\u0131n alarak onlar\u0131 harekete ge\u00e7irmek &hellip;","og_url":"https:\/\/denizcankizil.tr\/ru\/haberler\/gundem\/bursa-niluferde-tarimsal-kalkinma-zirvesi\/","og_site_name":"Av. Deniz Can K\u0131z\u0131l","article_published_time":"2024-10-15T11:41:24+00:00","twitter_card":"summary_large_image","twitter_misc":{"\u041f\u0440\u0438\u043c\u0435\u0440\u043d\u043e\u0435 \u0432\u0440\u0435\u043c\u044f \u0434\u043b\u044f \u0447\u0442\u0435\u043d\u0438\u044f":"4 \u043c\u0438\u043d\u0443\u0442\u044b"},"schema":{"@context":"https:\/\/schema.org","@graph":[{"@type":"Article","@id":"https:\/\/denizcankizil.tr\/ru\/haberler\/gundem\/bursa-niluferde-tarimsal-kalkinma-zirvesi\/#article","isPartOf":{"@id":"https:\/\/denizcankizil.tr\/ru\/haberler\/gundem\/bursa-niluferde-tarimsal-kalkinma-zirvesi\/"},"author":{"name":"","@id":""},"headline":"Bursa Nil\u00fcfer\u2019de tar\u0131msal kalk\u0131nma zirvesi","datePublished":"2024-10-15T11:41:24+00:00","mainEntityOfPage":{"@id":"https:\/\/denizcankizil.tr\/ru\/haberler\/gundem\/bursa-niluferde-tarimsal-kalkinma-zirvesi\/"},"wordCount":813,"commentCount":0,"publisher":{"@id":"https:\/\/denizcankizil.tr\/#organization"},"articleSection":["G\u00fcndem"],"inLanguage":"ru-RU","potentialAction":[{"@type":"CommentAction","name":"Comment","target":["https:\/\/denizcankizil.tr\/ru\/haberler\/gundem\/bursa-niluferde-tarimsal-kalkinma-zirvesi\/#respond"]}]},{"@type":"WebPage","@id":"https:\/\/denizcankizil.tr\/ru\/haberler\/gundem\/bursa-niluferde-tarimsal-kalkinma-zirvesi\/","url":"https:\/\/denizcankizil.tr\/ru\/haberler\/gundem\/bursa-niluferde-tarimsal-kalkinma-zirvesi\/","name":"Bursa Nil\u00fcfer\u2019de tar\u0131msal kalk\u0131nma zirvesi - Av. Deniz Can K\u0131z\u0131l","isPartOf":{"@id":"https:\/\/denizcankizil.tr\/#website"},"datePublished":"2024-10-15T11:41:24+00:00","breadcrumb":{"@id":"https:\/\/denizcankizil.tr\/ru\/haberler\/gundem\/bursa-niluferde-tarimsal-kalkinma-zirvesi\/#breadcrumb"},"inLanguage":"ru-RU","potentialAction":[{"@type":"ReadAction","target":["https:\/\/denizcankizil.tr\/ru\/haberler\/gundem\/bursa-niluferde-tarimsal-kalkinma-zirvesi\/"]}]},{"@type":"BreadcrumbList","@id":"https:\/\/denizcankizil.tr\/ru\/haberler\/gundem\/bursa-niluferde-tarimsal-kalkinma-zirvesi\/#breadcrumb","itemListElement":[{"@type":"ListItem","position":1,"name":"Home","item":"https:\/\/denizcankizil.tr\/de\/"},{"@type":"ListItem","position":2,"name":"Bursa Nil\u00fcfer\u2019de tar\u0131msal kalk\u0131nma zirvesi"}]},{"@type":"WebSite","@id":"https:\/\/denizcankizil.tr\/#website","url":"https:\/\/denizcankizil.tr\/","name":"Av. Deniz Can K\u0131z\u0131l","description":"Avukat Deniz Can K\u0131z\u0131l Antalya Barosu","publisher":{"@id":"https:\/\/denizcankizil.tr\/#organization"},"potentialAction":[{"@type":"SearchAction","target":{"@type":"EntryPoint","urlTemplate":"https:\/\/denizcankizil.tr\/?s={search_term_string}"},"query-input":{"@type":"PropertyValueSpecification","valueRequired":true,"valueName":"search_term_string"}}],"inLanguage":"ru-RU"},{"@type":"Organization","@id":"https:\/\/denizcankizil.tr\/#organization","name":"Av. Deniz Can K\u0131z\u0131l","url":"https:\/\/denizcankizil.tr\/","logo":{"@type":"ImageObject","inLanguage":"ru-RU","@id":"https:\/\/denizcankizil.tr\/#\/schema\/logo\/image\/","url":"https:\/\/denizcankizil.tr\/wp-content\/uploads\/2024\/10\/siyah-logo-svg.svg","contentUrl":"https:\/\/denizcankizil.tr\/wp-content\/uploads\/2024\/10\/siyah-logo-svg.svg","width":1080,"height":1080,"caption":"Av. Deniz Can K\u0131z\u0131l"},"image":{"@id":"https:\/\/denizcankizil.tr\/#\/schema\/logo\/image\/"}}]}},"_links":{"self":[{"href":"https:\/\/denizcankizil.tr\/ru\/wp-json\/wp\/v2\/posts\/2853","targetHints":{"allow":["GET"]}}],"collection":[{"href":"https:\/\/denizcankizil.tr\/ru\/wp-json\/wp\/v2\/posts"}],"about":[{"href":"https:\/\/denizcankizil.tr\/ru\/wp-json\/wp\/v2\/types\/post"}],"replies":[{"embeddable":true,"href":"https:\/\/denizcankizil.tr\/ru\/wp-json\/wp\/v2\/comments?post=2853"}],"version-history":[{"count":0,"href":"https:\/\/denizcankizil.tr\/ru\/wp-json\/wp\/v2\/posts\/2853\/revisions"}],"wp:attachment":[{"href":"https:\/\/denizcankizil.tr\/ru\/wp-json\/wp\/v2\/media?parent=2853"}],"wp:term":[{"taxonomy":"category","embeddable":true,"href":"https:\/\/denizcankizil.tr\/ru\/wp-json\/wp\/v2\/categories?post=2853"},{"taxonomy":"post_tag","embeddable":true,"href":"https:\/\/denizcankizil.tr\/ru\/wp-json\/wp\/v2\/tags?post=2853"}],"curies":[{"name":"wp","href":"https:\/\/api.w.org\/{rel}","templated":true}]}}