{"id":28493,"date":"2025-01-29T17:41:35","date_gmt":"2025-01-29T14:41:35","guid":{"rendered":"https:\/\/denizcankizil.tr\/uncategorized-tr\/mugla-yataganda-maden-arama-ruhsati-iptal-edildi\/"},"modified":"2025-01-29T17:41:35","modified_gmt":"2025-01-29T14:41:35","slug":"mugla-yataganda-maden-arama-ruhsati-iptal-edildi","status":"publish","type":"post","link":"https:\/\/denizcankizil.tr\/ru\/haberler\/gundem\/mugla-yataganda-maden-arama-ruhsati-iptal-edildi\/","title":{"rendered":"Mu\u011fla Yata\u011fan&#8217;da maden arama ruhsat\u0131 iptal edildi"},"content":{"rendered":"<p>Mu\u011fla B\u00fcy\u00fck\u015fehir Belediyesi, \u00e7evre koruma ve s\u00fcrd\u00fcr\u00fclebilir ya\u015fam ilkeleri do\u011frultusunda y\u00fcr\u00fctt\u00fc\u011f\u00fc hukuki m\u00fccadelesinde \u00f6nemli bir ba\u015far\u0131 elde etti. Yata\u011fan\u2019da bulunan termik santralin, yeralt\u0131 maden arama ruhsat\u0131 B\u00fcy\u00fck\u015fehir Belediyesi\u2019nin a\u00e7t\u0131\u011f\u0131 dava sonucunda iptal edildi.MU\u011eLA (\u0130GFA) &#8211;\u00a0Mu\u011fla B\u00fcy\u00fck\u015fehir Belediyesi, \u00e7evre koruma konusundaki kararl\u0131l\u0131\u011f\u0131n\u0131 hukuki bir zaferle ta\u00e7land\u0131rd\u0131. Yata\u011fan bulunan termik santralinin yeralt\u0131 maden arama ruhsat\u0131n\u0131n iptali y\u00f6n\u00fcnde al\u0131nan mahkeme karar\u0131, \u00e7evresel s\u00fcrd\u00fcr\u00fclebilirlik ilkelerine ba\u011fl\u0131 kalarak halk sa\u011fl\u0131\u011f\u0131n\u0131 koruma hedefinde \u00f6nemli bir ad\u0131m oldu.<br \/>\n\u0130zmir B\u00f6lge Mahkemesi B\u00fcy\u00fck\u015fehir Belediyesi\u2019nin a\u00e7t\u0131\u011f\u0131 yeralt\u0131 maden arama ruhsat\u0131 iptali davas\u0131nda \u00f6nceki yarg\u0131 kararlar\u0131yla \u201c\u00c7ED gerekli de\u011fildir\u201d y\u00f6n\u00fcndeki karar ve izinlerin iptal edilmi\u015f olmas\u0131n\u0131 dikkate alarak, ruhsat\u0131n ge\u00e7erlili\u011fi i\u00e7in gerekli ko\u015fullar\u0131n sa\u011flanmad\u0131\u011f\u0131na h\u00fckmetti.Bu do\u011frultuda, termik santralinyeralt\u0131 maden arama ruhsat\u0131 iptal edildi. B\u00fcy\u00fck\u015fehir Belediyesi\u2019nin a\u00e7m\u0131\u015f oldu\u011fu dava sonucunda Yata\u011fan ve b\u00f6lgesinin yeralt\u0131 su kaynaklar\u0131n\u0131 olumsuz etkileyecek maden aramas\u0131n\u0131n \u00f6n\u00fcne ge\u00e7ildi.<\/p>\n<p>Ba\u015fkan Aras, \u201cMu\u011fla\u2019n\u0131n Do\u011fal Ya\u015fam\u0131na Zarar Verecek Her Olu\u015fumun Kar\u015f\u0131s\u0131nday\u0131z\u201d<br \/>\nMu\u011fla B\u00fcy\u00fck\u015fehir Belediye Ba\u015fkan\u0131 Ahmet Aras, konuyla ilgili yapt\u0131\u011f\u0131 a\u00e7\u0131klamada, \u201cYata\u011fan\u2019daki yeralt\u0131 su kaynaklar\u0131 i\u00e7in verdi\u011fimiz hukuki m\u00fccadele, \u00e7evreyi ve halk sa\u011fl\u0131\u011f\u0131n\u0131 koruma y\u00f6n\u00fcndeki hassasiyetimizin bir yans\u0131mas\u0131d\u0131r. Mu\u011fla B\u00fcy\u00fck\u015fehir Belediyesi olarak, \u00e7evre sa\u011fl\u0131\u011f\u0131n\u0131 ve ekonomik ya\u015fam\u0131 bir denge i\u00e7erisinde koruyacak \u00e7\u00f6z\u00fcmler \u00fcretmeye kararl\u0131y\u0131z. Kazand\u0131\u011f\u0131m\u0131z bu dava ile Mu\u011fla\u2019n\u0131n do\u011fal ya\u015fam\u0131na zarar verecek her olu\u015fumun kar\u015f\u0131s\u0131nda oldu\u011fumuzu bir kez daha ortaya koyduk. B\u00fcy\u00fck\u015fehir Belediyesi olarak bug\u00fcne kadar a\u00e7t\u0131\u011f\u0131m\u0131z 227 dava bunun g\u00f6stergesidir. \u0130limiz genelinde y\u00fczde 65 maden arama ruhsat\u0131 var. Bu izinler bizim gelece\u011fimizi, suyumuzu ve topra\u011f\u0131m\u0131z\u0131 tehdit ediyor. Bu kazand\u0131\u011f\u0131m\u0131z dava Yata\u011fan ve b\u00f6lgesinin yeralt\u0131 kaynaklar\u0131n\u0131 korumada \u00f6nemli bir ad\u0131m oldu. Mu\u011fla\u2019m\u0131z\u0131n do\u011fas\u0131n\u0131, havas\u0131n\u0131 ve suyunu korumaya devam edece\u011fiz.\u201d dedi.<\/p>\n<p>\u200bMu\u011fla B\u00fcy\u00fck\u015fehir Belediyesi, \u00e7evre koruma ve s\u00fcrd\u00fcr\u00fclebilir ya\u015fam ilkeleri do\u011frultusunda y\u00fcr\u00fctt\u00fc\u011f\u00fc hukuki m\u00fccadelesinde \u00f6nemli bir ba\u015far\u0131 elde etti. Yata\u011fan\u2019da bulunan termik santralin, yeralt\u0131 maden arama ruhsat\u0131 B\u00fcy\u00fck\u015fehir Belediyesi\u2019nin a\u00e7t\u0131\u011f\u0131 dava sonucunda iptal edildi.MU\u011eLA (\u0130GFA) &#8211;\u00a0Mu\u011fla B\u00fcy\u00fck\u015fehir Belediyesi, \u00e7evre koruma konusundaki kararl\u0131l\u0131\u011f\u0131n\u0131 hukuki bir zaferle ta\u00e7land\u0131rd\u0131. Yata\u011fan bulunan termik santralinin yeralt\u0131 maden arama ruhsat\u0131n\u0131n iptali y\u00f6n\u00fcnde al\u0131nan mahkeme karar\u0131, \u00e7evresel s\u00fcrd\u00fcr\u00fclebilirlik ilkelerine ba\u011fl\u0131 kalarak halk sa\u011fl\u0131\u011f\u0131n\u0131 koruma hedefinde \u00f6nemli bir ad\u0131m oldu.<br \/>\n\u0130zmir B\u00f6lge Mahkemesi B\u00fcy\u00fck\u015fehir Belediyesi\u2019nin a\u00e7t\u0131\u011f\u0131 yeralt\u0131 maden arama ruhsat\u0131 iptali davas\u0131nda \u00f6nceki yarg\u0131 kararlar\u0131yla \u201c\u00c7ED gerekli de\u011fildir\u201d y\u00f6n\u00fcndeki karar ve izinlerin iptal edilmi\u015f olmas\u0131n\u0131 dikkate alarak, ruhsat\u0131n ge\u00e7erlili\u011fi i\u00e7in gerekli ko\u015fullar\u0131n sa\u011flanmad\u0131\u011f\u0131na h\u00fckmetti.Bu do\u011frultuda, termik santralinyeralt\u0131 maden arama ruhsat\u0131 iptal edildi. B\u00fcy\u00fck\u015fehir Belediyesi\u2019nin a\u00e7m\u0131\u015f oldu\u011fu dava sonucunda Yata\u011fan ve b\u00f6lgesinin yeralt\u0131 su kaynaklar\u0131n\u0131 olumsuz etkileyecek maden aramas\u0131n\u0131n \u00f6n\u00fcne ge\u00e7ildi.<\/p>\n<p>Ba\u015fkan Aras, \u201cMu\u011fla\u2019n\u0131n Do\u011fal Ya\u015fam\u0131na Zarar Verecek Her Olu\u015fumun Kar\u015f\u0131s\u0131nday\u0131z\u201d<br \/>\nMu\u011fla B\u00fcy\u00fck\u015fehir Belediye Ba\u015fkan\u0131 Ahmet Aras, konuyla ilgili yapt\u0131\u011f\u0131 a\u00e7\u0131klamada, \u201cYata\u011fan\u2019daki yeralt\u0131 su kaynaklar\u0131 i\u00e7in verdi\u011fimiz hukuki m\u00fccadele, \u00e7evreyi ve halk sa\u011fl\u0131\u011f\u0131n\u0131 koruma y\u00f6n\u00fcndeki hassasiyetimizin bir yans\u0131mas\u0131d\u0131r. Mu\u011fla B\u00fcy\u00fck\u015fehir Belediyesi olarak, \u00e7evre sa\u011fl\u0131\u011f\u0131n\u0131 ve ekonomik ya\u015fam\u0131 bir denge i\u00e7erisinde koruyacak \u00e7\u00f6z\u00fcmler \u00fcretmeye kararl\u0131y\u0131z. Kazand\u0131\u011f\u0131m\u0131z bu dava ile Mu\u011fla\u2019n\u0131n do\u011fal ya\u015fam\u0131na zarar verecek her olu\u015fumun kar\u015f\u0131s\u0131nda oldu\u011fumuzu bir kez daha ortaya koyduk. B\u00fcy\u00fck\u015fehir Belediyesi olarak bug\u00fcne kadar a\u00e7t\u0131\u011f\u0131m\u0131z 227 dava bunun g\u00f6stergesidir. \u0130limiz genelinde y\u00fczde 65 maden arama ruhsat\u0131 var. Bu izinler bizim gelece\u011fimizi, suyumuzu ve topra\u011f\u0131m\u0131z\u0131 tehdit ediyor. Bu kazand\u0131\u011f\u0131m\u0131z dava Yata\u011fan ve b\u00f6lgesinin yeralt\u0131 kaynaklar\u0131n\u0131 korumada \u00f6nemli bir ad\u0131m oldu. Mu\u011fla\u2019m\u0131z\u0131n do\u011fas\u0131n\u0131, havas\u0131n\u0131 ve suyunu korumaya devam edece\u011fiz.\u201d dedi.\u00a0<\/p>\n<p>\u200bHaberin Al\u0131nt\u0131land\u0131\u011f\u0131 Kaynak: www.iskenderun.org<\/p>","protected":false},"excerpt":{"rendered":"<p>Mu\u011fla B\u00fcy\u00fck\u015fehir Belediyesi, \u00e7evre koruma ve s\u00fcrd\u00fcr\u00fclebilir ya\u015fam ilkeleri do\u011frultusunda y\u00fcr\u00fctt\u00fc\u011f\u00fc hukuki m\u00fccadelesinde \u00f6nemli bir ba\u015far\u0131 elde etti. Yata\u011fan\u2019da bulunan termik santralin, yeralt\u0131 maden arama ruhsat\u0131 B\u00fcy\u00fck\u015fehir Belediyesi\u2019nin a\u00e7t\u0131\u011f\u0131 dava sonucunda iptal edildi.MU\u011eLA (\u0130GFA) &#8211;\u00a0Mu\u011fla B\u00fcy\u00fck\u015fehir Belediyesi, \u00e7evre koruma konusundaki kararl\u0131l\u0131\u011f\u0131n\u0131 hukuki bir zaferle ta\u00e7land\u0131rd\u0131. Yata\u011fan bulunan termik santralinin yeralt\u0131 maden arama ruhsat\u0131n\u0131n iptali y\u00f6n\u00fcnde al\u0131nan mahkeme karar\u0131, \u00e7evresel s\u00fcrd\u00fcr\u00fclebilirlik ilkelerine ba\u011fl\u0131 kalarak halk sa\u011fl\u0131\u011f\u0131n\u0131 koruma hedefinde \u00f6nemli bir ad\u0131m oldu. \u0130zmir B\u00f6lge Mahkemesi B\u00fcy\u00fck\u015fehir Belediyesi\u2019nin a\u00e7t\u0131\u011f\u0131 yeralt\u0131 maden arama ruhsat\u0131 iptali davas\u0131nda \u00f6nceki yarg\u0131 kararlar\u0131yla \u201c\u00c7ED gerekli de\u011fildir\u201d y\u00f6n\u00fcndeki karar ve izinlerin iptal edilmi\u015f olmas\u0131n\u0131 dikkate alarak, ruhsat\u0131n ge\u00e7erlili\u011fi i\u00e7in gerekli ko\u015fullar\u0131n sa\u011flanmad\u0131\u011f\u0131na h\u00fckmetti.Bu do\u011frultuda, termik santralinyeralt\u0131 maden arama ruhsat\u0131 iptal edildi. B\u00fcy\u00fck\u015fehir Belediyesi\u2019nin a\u00e7m\u0131\u015f oldu\u011fu dava sonucunda Yata\u011fan ve b\u00f6lgesinin yeralt\u0131 su kaynaklar\u0131n\u0131 olumsuz etkileyecek maden aramas\u0131n\u0131n \u00f6n\u00fcne ge\u00e7ildi. Ba\u015fkan Aras, \u201cMu\u011fla\u2019n\u0131n Do\u011fal Ya\u015fam\u0131na Zarar Verecek Her Olu\u015fumun Kar\u015f\u0131s\u0131nday\u0131z\u201d Mu\u011fla B\u00fcy\u00fck\u015fehir Belediye Ba\u015fkan\u0131 Ahmet Aras, konuyla ilgili yapt\u0131\u011f\u0131 a\u00e7\u0131klamada, \u201cYata\u011fan\u2019daki yeralt\u0131 su kaynaklar\u0131 i\u00e7in verdi\u011fimiz hukuki m\u00fccadele, \u00e7evreyi ve halk sa\u011fl\u0131\u011f\u0131n\u0131 koruma y\u00f6n\u00fcndeki hassasiyetimizin bir yans\u0131mas\u0131d\u0131r. Mu\u011fla B\u00fcy\u00fck\u015fehir Belediyesi olarak, \u00e7evre sa\u011fl\u0131\u011f\u0131n\u0131 ve ekonomik ya\u015fam\u0131 bir denge i\u00e7erisinde koruyacak \u00e7\u00f6z\u00fcmler \u00fcretmeye kararl\u0131y\u0131z. Kazand\u0131\u011f\u0131m\u0131z bu dava ile Mu\u011fla\u2019n\u0131n do\u011fal ya\u015fam\u0131na zarar verecek her olu\u015fumun kar\u015f\u0131s\u0131nda oldu\u011fumuzu bir kez daha &hellip;<\/p>","protected":false},"author":1,"featured_media":0,"comment_status":"open","ping_status":"open","sticky":false,"template":"","format":"standard","meta":{"_acf_changed":false,"footnotes":""},"categories":[24],"tags":[],"class_list":["post-28493","post","type-post","status-publish","format-standard","has-post-thumbnail","hentry","category-gundem"],"acf":[],"yoast_head":"<!-- This site is optimized with the Yoast SEO Premium plugin v26.6 (Yoast SEO v27.1.1) - https:\/\/yoast.com\/product\/yoast-seo-premium-wordpress\/ -->\n<title>Mu\u011fla Yata\u011fan&#039;da maden arama ruhsat\u0131 iptal edildi - Av. Deniz Can K\u0131z\u0131l<\/title>\n<meta name=\"robots\" content=\"index, follow, max-snippet:-1, max-image-preview:large, max-video-preview:-1\" \/>\n<link rel=\"canonical\" href=\"https:\/\/denizcankizil.tr\/ru\/haberler\/gundem\/mugla-yataganda-maden-arama-ruhsati-iptal-edildi\/\" \/>\n<meta property=\"og:locale\" content=\"ru_RU\" \/>\n<meta property=\"og:type\" content=\"article\" \/>\n<meta property=\"og:title\" content=\"Mu\u011fla Yata\u011fan&#039;da maden arama ruhsat\u0131 iptal edildi\" \/>\n<meta property=\"og:description\" content=\"Mu\u011fla B\u00fcy\u00fck\u015fehir Belediyesi, \u00e7evre koruma ve s\u00fcrd\u00fcr\u00fclebilir ya\u015fam ilkeleri do\u011frultusunda y\u00fcr\u00fctt\u00fc\u011f\u00fc hukuki m\u00fccadelesinde \u00f6nemli bir ba\u015far\u0131 elde etti. Yata\u011fan\u2019da bulunan termik santralin, yeralt\u0131 maden arama ruhsat\u0131 B\u00fcy\u00fck\u015fehir Belediyesi\u2019nin a\u00e7t\u0131\u011f\u0131 dava sonucunda iptal edildi.MU\u011eLA (\u0130GFA) &#8211;\u00a0Mu\u011fla B\u00fcy\u00fck\u015fehir Belediyesi, \u00e7evre koruma konusundaki kararl\u0131l\u0131\u011f\u0131n\u0131 hukuki bir zaferle ta\u00e7land\u0131rd\u0131. Yata\u011fan bulunan termik santralinin yeralt\u0131 maden arama ruhsat\u0131n\u0131n iptali y\u00f6n\u00fcnde al\u0131nan mahkeme karar\u0131, \u00e7evresel s\u00fcrd\u00fcr\u00fclebilirlik ilkelerine ba\u011fl\u0131 kalarak halk sa\u011fl\u0131\u011f\u0131n\u0131 koruma hedefinde \u00f6nemli bir ad\u0131m oldu. \u0130zmir B\u00f6lge Mahkemesi B\u00fcy\u00fck\u015fehir Belediyesi\u2019nin a\u00e7t\u0131\u011f\u0131 yeralt\u0131 maden arama ruhsat\u0131 iptali davas\u0131nda \u00f6nceki yarg\u0131 kararlar\u0131yla \u201c\u00c7ED gerekli de\u011fildir\u201d y\u00f6n\u00fcndeki karar ve izinlerin iptal edilmi\u015f olmas\u0131n\u0131 dikkate alarak, ruhsat\u0131n ge\u00e7erlili\u011fi i\u00e7in gerekli ko\u015fullar\u0131n sa\u011flanmad\u0131\u011f\u0131na h\u00fckmetti.Bu do\u011frultuda, termik santralinyeralt\u0131 maden arama ruhsat\u0131 iptal edildi. B\u00fcy\u00fck\u015fehir Belediyesi\u2019nin a\u00e7m\u0131\u015f oldu\u011fu dava sonucunda Yata\u011fan ve b\u00f6lgesinin yeralt\u0131 su kaynaklar\u0131n\u0131 olumsuz etkileyecek maden aramas\u0131n\u0131n \u00f6n\u00fcne ge\u00e7ildi. Ba\u015fkan Aras, \u201cMu\u011fla\u2019n\u0131n Do\u011fal Ya\u015fam\u0131na Zarar Verecek Her Olu\u015fumun Kar\u015f\u0131s\u0131nday\u0131z\u201d Mu\u011fla B\u00fcy\u00fck\u015fehir Belediye Ba\u015fkan\u0131 Ahmet Aras, konuyla ilgili yapt\u0131\u011f\u0131 a\u00e7\u0131klamada, \u201cYata\u011fan\u2019daki yeralt\u0131 su kaynaklar\u0131 i\u00e7in verdi\u011fimiz hukuki m\u00fccadele, \u00e7evreyi ve halk sa\u011fl\u0131\u011f\u0131n\u0131 koruma y\u00f6n\u00fcndeki hassasiyetimizin bir yans\u0131mas\u0131d\u0131r. Mu\u011fla B\u00fcy\u00fck\u015fehir Belediyesi olarak, \u00e7evre sa\u011fl\u0131\u011f\u0131n\u0131 ve ekonomik ya\u015fam\u0131 bir denge i\u00e7erisinde koruyacak \u00e7\u00f6z\u00fcmler \u00fcretmeye kararl\u0131y\u0131z. Kazand\u0131\u011f\u0131m\u0131z bu dava ile Mu\u011fla\u2019n\u0131n do\u011fal ya\u015fam\u0131na zarar verecek her olu\u015fumun kar\u015f\u0131s\u0131nda oldu\u011fumuzu bir kez daha &hellip;\" \/>\n<meta property=\"og:url\" content=\"https:\/\/denizcankizil.tr\/ru\/haberler\/gundem\/mugla-yataganda-maden-arama-ruhsati-iptal-edildi\/\" \/>\n<meta property=\"og:site_name\" content=\"Av. Deniz Can K\u0131z\u0131l\" \/>\n<meta property=\"article:published_time\" content=\"2025-01-29T14:41:35+00:00\" \/>\n<meta name=\"author\" content=\"admin\" \/>\n<meta name=\"twitter:card\" content=\"summary_large_image\" \/>\n<meta name=\"twitter:label1\" content=\"\u041d\u0430\u043f\u0438\u0441\u0430\u043d\u043e \u0430\u0432\u0442\u043e\u0440\u043e\u043c\" \/>\n\t<meta name=\"twitter:data1\" content=\"admin\" \/>\n\t<meta name=\"twitter:label2\" content=\"\u041f\u0440\u0438\u043c\u0435\u0440\u043d\u043e\u0435 \u0432\u0440\u0435\u043c\u044f \u0434\u043b\u044f \u0447\u0442\u0435\u043d\u0438\u044f\" \/>\n\t<meta name=\"twitter:data2\" content=\"4 \u043c\u0438\u043d\u0443\u0442\u044b\" \/>\n<script type=\"application\/ld+json\" class=\"yoast-schema-graph\">{\"@context\":\"https:\/\/schema.org\",\"@graph\":[{\"@type\":\"Article\",\"@id\":\"https:\/\/denizcankizil.tr\/ru\/haberler\/gundem\/mugla-yataganda-maden-arama-ruhsati-iptal-edildi\/#article\",\"isPartOf\":{\"@id\":\"https:\/\/denizcankizil.tr\/ru\/haberler\/gundem\/mugla-yataganda-maden-arama-ruhsati-iptal-edildi\/\"},\"author\":{\"name\":\"admin\",\"@id\":\"https:\/\/denizcankizil.tr\/de\/#\/schema\/person\/be3c05fe6a12686905512445d8185489\"},\"headline\":\"Mu\u011fla Yata\u011fan&#8217;da maden arama ruhsat\u0131 iptal edildi\",\"datePublished\":\"2025-01-29T14:41:35+00:00\",\"mainEntityOfPage\":{\"@id\":\"https:\/\/denizcankizil.tr\/ru\/haberler\/gundem\/mugla-yataganda-maden-arama-ruhsati-iptal-edildi\/\"},\"wordCount\":832,\"commentCount\":0,\"publisher\":{\"@id\":\"https:\/\/denizcankizil.tr\/de\/#organization\"},\"articleSection\":[\"G\u00fcndem\"],\"inLanguage\":\"ru-RU\",\"potentialAction\":[{\"@type\":\"CommentAction\",\"name\":\"Comment\",\"target\":[\"https:\/\/denizcankizil.tr\/ru\/haberler\/gundem\/mugla-yataganda-maden-arama-ruhsati-iptal-edildi\/#respond\"]}]},{\"@type\":\"WebPage\",\"@id\":\"https:\/\/denizcankizil.tr\/ru\/haberler\/gundem\/mugla-yataganda-maden-arama-ruhsati-iptal-edildi\/\",\"url\":\"https:\/\/denizcankizil.tr\/ru\/haberler\/gundem\/mugla-yataganda-maden-arama-ruhsati-iptal-edildi\/\",\"name\":\"Mu\u011fla Yata\u011fan'da maden arama ruhsat\u0131 iptal edildi - Av. Deniz Can K\u0131z\u0131l\",\"isPartOf\":{\"@id\":\"https:\/\/denizcankizil.tr\/de\/#website\"},\"datePublished\":\"2025-01-29T14:41:35+00:00\",\"breadcrumb\":{\"@id\":\"https:\/\/denizcankizil.tr\/ru\/haberler\/gundem\/mugla-yataganda-maden-arama-ruhsati-iptal-edildi\/#breadcrumb\"},\"inLanguage\":\"ru-RU\",\"potentialAction\":[{\"@type\":\"ReadAction\",\"target\":[\"https:\/\/denizcankizil.tr\/ru\/haberler\/gundem\/mugla-yataganda-maden-arama-ruhsati-iptal-edildi\/\"]}]},{\"@type\":\"BreadcrumbList\",\"@id\":\"https:\/\/denizcankizil.tr\/ru\/haberler\/gundem\/mugla-yataganda-maden-arama-ruhsati-iptal-edildi\/#breadcrumb\",\"itemListElement\":[{\"@type\":\"ListItem\",\"position\":1,\"name\":\"Home\",\"item\":\"https:\/\/denizcankizil.tr\/de\/\"},{\"@type\":\"ListItem\",\"position\":2,\"name\":\"Mu\u011fla Yata\u011fan&#8217;da maden arama ruhsat\u0131 iptal edildi\"}]},{\"@type\":\"WebSite\",\"@id\":\"https:\/\/denizcankizil.tr\/de\/#website\",\"url\":\"https:\/\/denizcankizil.tr\/de\/\",\"name\":\"Av. Deniz Can K\u0131z\u0131l\",\"description\":\"Avukat Deniz Can K\u0131z\u0131l Antalya Barosu\",\"publisher\":{\"@id\":\"https:\/\/denizcankizil.tr\/de\/#organization\"},\"potentialAction\":[{\"@type\":\"SearchAction\",\"target\":{\"@type\":\"EntryPoint\",\"urlTemplate\":\"https:\/\/denizcankizil.tr\/de\/?s={search_term_string}\"},\"query-input\":{\"@type\":\"PropertyValueSpecification\",\"valueRequired\":true,\"valueName\":\"search_term_string\"}}],\"inLanguage\":\"ru-RU\"},{\"@type\":\"Organization\",\"@id\":\"https:\/\/denizcankizil.tr\/de\/#organization\",\"name\":\"Av. Deniz Can K\u0131z\u0131l\",\"url\":\"https:\/\/denizcankizil.tr\/de\/\",\"logo\":{\"@type\":\"ImageObject\",\"inLanguage\":\"ru-RU\",\"@id\":\"https:\/\/denizcankizil.tr\/de\/#\/schema\/logo\/image\/\",\"url\":\"https:\/\/denizcankizil.tr\/wp-content\/uploads\/2024\/10\/siyah-logo-svg.svg\",\"contentUrl\":\"https:\/\/denizcankizil.tr\/wp-content\/uploads\/2024\/10\/siyah-logo-svg.svg\",\"width\":1080,\"height\":1080,\"caption\":\"Av. Deniz Can K\u0131z\u0131l\"},\"image\":{\"@id\":\"https:\/\/denizcankizil.tr\/de\/#\/schema\/logo\/image\/\"}},{\"@type\":\"Person\",\"@id\":\"https:\/\/denizcankizil.tr\/de\/#\/schema\/person\/be3c05fe6a12686905512445d8185489\",\"name\":\"admin\",\"image\":{\"@type\":\"ImageObject\",\"inLanguage\":\"ru-RU\",\"@id\":\"https:\/\/denizcankizil.tr\/de\/#\/schema\/person\/image\/\",\"url\":\"https:\/\/secure.gravatar.com\/avatar\/c1fce94c830dc79107e174f890d7210541c4a63e8e5d816341794a2151c9d58c?s=96&d=mm&r=g\",\"contentUrl\":\"https:\/\/secure.gravatar.com\/avatar\/c1fce94c830dc79107e174f890d7210541c4a63e8e5d816341794a2151c9d58c?s=96&d=mm&r=g\",\"caption\":\"admin\"},\"sameAs\":[\"http:\/\/denizcankizil.tr\"],\"url\":\"https:\/\/www.iskenderun.org\/mugla-yataganda-maden-arama-ruhsati-iptal-edildi\"}]}<\/script>\n<!-- \/ Yoast SEO Premium plugin. -->","yoast_head_json":{"title":"Mu\u011fla Yata\u011fan'da maden arama ruhsat\u0131 iptal edildi - Av. Deniz Can K\u0131z\u0131l","robots":{"index":"index","follow":"follow","max-snippet":"max-snippet:-1","max-image-preview":"max-image-preview:large","max-video-preview":"max-video-preview:-1"},"canonical":"https:\/\/denizcankizil.tr\/ru\/haberler\/gundem\/mugla-yataganda-maden-arama-ruhsati-iptal-edildi\/","og_locale":"ru_RU","og_type":"article","og_title":"Mu\u011fla Yata\u011fan'da maden arama ruhsat\u0131 iptal edildi","og_description":"Mu\u011fla B\u00fcy\u00fck\u015fehir Belediyesi, \u00e7evre koruma ve s\u00fcrd\u00fcr\u00fclebilir ya\u015fam ilkeleri do\u011frultusunda y\u00fcr\u00fctt\u00fc\u011f\u00fc hukuki m\u00fccadelesinde \u00f6nemli bir ba\u015far\u0131 elde etti. Yata\u011fan\u2019da bulunan termik santralin, yeralt\u0131 maden arama ruhsat\u0131 B\u00fcy\u00fck\u015fehir Belediyesi\u2019nin a\u00e7t\u0131\u011f\u0131 dava sonucunda iptal edildi.MU\u011eLA (\u0130GFA) &#8211;\u00a0Mu\u011fla B\u00fcy\u00fck\u015fehir Belediyesi, \u00e7evre koruma konusundaki kararl\u0131l\u0131\u011f\u0131n\u0131 hukuki bir zaferle ta\u00e7land\u0131rd\u0131. Yata\u011fan bulunan termik santralinin yeralt\u0131 maden arama ruhsat\u0131n\u0131n iptali y\u00f6n\u00fcnde al\u0131nan mahkeme karar\u0131, \u00e7evresel s\u00fcrd\u00fcr\u00fclebilirlik ilkelerine ba\u011fl\u0131 kalarak halk sa\u011fl\u0131\u011f\u0131n\u0131 koruma hedefinde \u00f6nemli bir ad\u0131m oldu. \u0130zmir B\u00f6lge Mahkemesi B\u00fcy\u00fck\u015fehir Belediyesi\u2019nin a\u00e7t\u0131\u011f\u0131 yeralt\u0131 maden arama ruhsat\u0131 iptali davas\u0131nda \u00f6nceki yarg\u0131 kararlar\u0131yla \u201c\u00c7ED gerekli de\u011fildir\u201d y\u00f6n\u00fcndeki karar ve izinlerin iptal edilmi\u015f olmas\u0131n\u0131 dikkate alarak, ruhsat\u0131n ge\u00e7erlili\u011fi i\u00e7in gerekli ko\u015fullar\u0131n sa\u011flanmad\u0131\u011f\u0131na h\u00fckmetti.Bu do\u011frultuda, termik santralinyeralt\u0131 maden arama ruhsat\u0131 iptal edildi. B\u00fcy\u00fck\u015fehir Belediyesi\u2019nin a\u00e7m\u0131\u015f oldu\u011fu dava sonucunda Yata\u011fan ve b\u00f6lgesinin yeralt\u0131 su kaynaklar\u0131n\u0131 olumsuz etkileyecek maden aramas\u0131n\u0131n \u00f6n\u00fcne ge\u00e7ildi. Ba\u015fkan Aras, \u201cMu\u011fla\u2019n\u0131n Do\u011fal Ya\u015fam\u0131na Zarar Verecek Her Olu\u015fumun Kar\u015f\u0131s\u0131nday\u0131z\u201d Mu\u011fla B\u00fcy\u00fck\u015fehir Belediye Ba\u015fkan\u0131 Ahmet Aras, konuyla ilgili yapt\u0131\u011f\u0131 a\u00e7\u0131klamada, \u201cYata\u011fan\u2019daki yeralt\u0131 su kaynaklar\u0131 i\u00e7in verdi\u011fimiz hukuki m\u00fccadele, \u00e7evreyi ve halk sa\u011fl\u0131\u011f\u0131n\u0131 koruma y\u00f6n\u00fcndeki hassasiyetimizin bir yans\u0131mas\u0131d\u0131r. Mu\u011fla B\u00fcy\u00fck\u015fehir Belediyesi olarak, \u00e7evre sa\u011fl\u0131\u011f\u0131n\u0131 ve ekonomik ya\u015fam\u0131 bir denge i\u00e7erisinde koruyacak \u00e7\u00f6z\u00fcmler \u00fcretmeye kararl\u0131y\u0131z. Kazand\u0131\u011f\u0131m\u0131z bu dava ile Mu\u011fla\u2019n\u0131n do\u011fal ya\u015fam\u0131na zarar verecek her olu\u015fumun kar\u015f\u0131s\u0131nda oldu\u011fumuzu bir kez daha &hellip;","og_url":"https:\/\/denizcankizil.tr\/ru\/haberler\/gundem\/mugla-yataganda-maden-arama-ruhsati-iptal-edildi\/","og_site_name":"Av. Deniz Can K\u0131z\u0131l","article_published_time":"2025-01-29T14:41:35+00:00","author":"admin","twitter_card":"summary_large_image","twitter_misc":{"\u041d\u0430\u043f\u0438\u0441\u0430\u043d\u043e \u0430\u0432\u0442\u043e\u0440\u043e\u043c":"admin","\u041f\u0440\u0438\u043c\u0435\u0440\u043d\u043e\u0435 \u0432\u0440\u0435\u043c\u044f \u0434\u043b\u044f \u0447\u0442\u0435\u043d\u0438\u044f":"4 \u043c\u0438\u043d\u0443\u0442\u044b"},"schema":{"@context":"https:\/\/schema.org","@graph":[{"@type":"Article","@id":"https:\/\/denizcankizil.tr\/ru\/haberler\/gundem\/mugla-yataganda-maden-arama-ruhsati-iptal-edildi\/#article","isPartOf":{"@id":"https:\/\/denizcankizil.tr\/ru\/haberler\/gundem\/mugla-yataganda-maden-arama-ruhsati-iptal-edildi\/"},"author":{"name":"admin","@id":"https:\/\/denizcankizil.tr\/de\/#\/schema\/person\/be3c05fe6a12686905512445d8185489"},"headline":"Mu\u011fla Yata\u011fan&#8217;da maden arama ruhsat\u0131 iptal edildi","datePublished":"2025-01-29T14:41:35+00:00","mainEntityOfPage":{"@id":"https:\/\/denizcankizil.tr\/ru\/haberler\/gundem\/mugla-yataganda-maden-arama-ruhsati-iptal-edildi\/"},"wordCount":832,"commentCount":0,"publisher":{"@id":"https:\/\/denizcankizil.tr\/de\/#organization"},"articleSection":["G\u00fcndem"],"inLanguage":"ru-RU","potentialAction":[{"@type":"CommentAction","name":"Comment","target":["https:\/\/denizcankizil.tr\/ru\/haberler\/gundem\/mugla-yataganda-maden-arama-ruhsati-iptal-edildi\/#respond"]}]},{"@type":"WebPage","@id":"https:\/\/denizcankizil.tr\/ru\/haberler\/gundem\/mugla-yataganda-maden-arama-ruhsati-iptal-edildi\/","url":"https:\/\/denizcankizil.tr\/ru\/haberler\/gundem\/mugla-yataganda-maden-arama-ruhsati-iptal-edildi\/","name":"Mu\u011fla Yata\u011fan'da maden arama ruhsat\u0131 iptal edildi - Av. Deniz Can K\u0131z\u0131l","isPartOf":{"@id":"https:\/\/denizcankizil.tr\/de\/#website"},"datePublished":"2025-01-29T14:41:35+00:00","breadcrumb":{"@id":"https:\/\/denizcankizil.tr\/ru\/haberler\/gundem\/mugla-yataganda-maden-arama-ruhsati-iptal-edildi\/#breadcrumb"},"inLanguage":"ru-RU","potentialAction":[{"@type":"ReadAction","target":["https:\/\/denizcankizil.tr\/ru\/haberler\/gundem\/mugla-yataganda-maden-arama-ruhsati-iptal-edildi\/"]}]},{"@type":"BreadcrumbList","@id":"https:\/\/denizcankizil.tr\/ru\/haberler\/gundem\/mugla-yataganda-maden-arama-ruhsati-iptal-edildi\/#breadcrumb","itemListElement":[{"@type":"ListItem","position":1,"name":"Home","item":"https:\/\/denizcankizil.tr\/de\/"},{"@type":"ListItem","position":2,"name":"Mu\u011fla Yata\u011fan&#8217;da maden arama ruhsat\u0131 iptal edildi"}]},{"@type":"WebSite","@id":"https:\/\/denizcankizil.tr\/de\/#website","url":"https:\/\/denizcankizil.tr\/de\/","name":"Av. Deniz Can K\u0131z\u0131l","description":"Avukat Deniz Can K\u0131z\u0131l Antalya Barosu","publisher":{"@id":"https:\/\/denizcankizil.tr\/de\/#organization"},"potentialAction":[{"@type":"SearchAction","target":{"@type":"EntryPoint","urlTemplate":"https:\/\/denizcankizil.tr\/de\/?s={search_term_string}"},"query-input":{"@type":"PropertyValueSpecification","valueRequired":true,"valueName":"search_term_string"}}],"inLanguage":"ru-RU"},{"@type":"Organization","@id":"https:\/\/denizcankizil.tr\/de\/#organization","name":"Av. Deniz Can K\u0131z\u0131l","url":"https:\/\/denizcankizil.tr\/de\/","logo":{"@type":"ImageObject","inLanguage":"ru-RU","@id":"https:\/\/denizcankizil.tr\/de\/#\/schema\/logo\/image\/","url":"https:\/\/denizcankizil.tr\/wp-content\/uploads\/2024\/10\/siyah-logo-svg.svg","contentUrl":"https:\/\/denizcankizil.tr\/wp-content\/uploads\/2024\/10\/siyah-logo-svg.svg","width":1080,"height":1080,"caption":"Av. Deniz Can K\u0131z\u0131l"},"image":{"@id":"https:\/\/denizcankizil.tr\/de\/#\/schema\/logo\/image\/"}},{"@type":"Person","@id":"https:\/\/denizcankizil.tr\/de\/#\/schema\/person\/be3c05fe6a12686905512445d8185489","name":"\u0430\u0434\u043c\u0438\u043d","image":{"@type":"ImageObject","inLanguage":"ru-RU","@id":"https:\/\/denizcankizil.tr\/de\/#\/schema\/person\/image\/","url":"https:\/\/secure.gravatar.com\/avatar\/c1fce94c830dc79107e174f890d7210541c4a63e8e5d816341794a2151c9d58c?s=96&d=mm&r=g","contentUrl":"https:\/\/secure.gravatar.com\/avatar\/c1fce94c830dc79107e174f890d7210541c4a63e8e5d816341794a2151c9d58c?s=96&d=mm&r=g","caption":"admin"},"sameAs":["http:\/\/denizcankizil.tr"],"url":"https:\/\/www.iskenderun.org\/mugla-yataganda-maden-arama-ruhsati-iptal-edildi"}]}},"_links":{"self":[{"href":"https:\/\/denizcankizil.tr\/ru\/wp-json\/wp\/v2\/posts\/28493","targetHints":{"allow":["GET"]}}],"collection":[{"href":"https:\/\/denizcankizil.tr\/ru\/wp-json\/wp\/v2\/posts"}],"about":[{"href":"https:\/\/denizcankizil.tr\/ru\/wp-json\/wp\/v2\/types\/post"}],"author":[{"embeddable":true,"href":"https:\/\/denizcankizil.tr\/ru\/wp-json\/wp\/v2\/users\/1"}],"replies":[{"embeddable":true,"href":"https:\/\/denizcankizil.tr\/ru\/wp-json\/wp\/v2\/comments?post=28493"}],"version-history":[{"count":0,"href":"https:\/\/denizcankizil.tr\/ru\/wp-json\/wp\/v2\/posts\/28493\/revisions"}],"wp:attachment":[{"href":"https:\/\/denizcankizil.tr\/ru\/wp-json\/wp\/v2\/media?parent=28493"}],"wp:term":[{"taxonomy":"category","embeddable":true,"href":"https:\/\/denizcankizil.tr\/ru\/wp-json\/wp\/v2\/categories?post=28493"},{"taxonomy":"post_tag","embeddable":true,"href":"https:\/\/denizcankizil.tr\/ru\/wp-json\/wp\/v2\/tags?post=28493"}],"curies":[{"name":"wp","href":"https:\/\/api.w.org\/{rel}","templated":true}]}}