{"id":2785,"date":"2024-10-15T13:42:07","date_gmt":"2024-10-15T10:42:07","guid":{"rendered":"https:\/\/denizcankizil.tr\/uncategorized\/ucretli-calisanlar-artti\/"},"modified":"2024-10-15T13:42:07","modified_gmt":"2024-10-15T10:42:07","slug":"ucretli-calisanlar-artti","status":"publish","type":"post","link":"https:\/\/denizcankizil.tr\/ru\/haberler\/gundem\/ucretli-calisanlar-artti\/","title":{"rendered":"\u00dccretli \u00e7al\u0131\u015fanlar artt\u0131"},"content":{"rendered":"<p>\u00dccretli \u00e7al\u0131\u015fan say\u0131s\u0131 y\u0131ll\u0131k y\u00fczde 2,6 artarken; sanayi, in\u015faat ve ticaret-hizmet sekt\u00f6rleri toplam\u0131nda ayl\u0131k bazda \u00fccretli \u00e7al\u0131\u015fan say\u0131s\u0131 A\u011fustos ay\u0131nda bir \u00f6nceki aya g\u00f6re ayn\u0131 kald\u0131.ANKARA (\u0130GFA) &#8211; T\u00fcrkiye \u0130statistik Kurumu A\u011fustos ay\u0131na ili\u015fkin \u00dccretli \u00c7al\u0131\u015fan \u0130statistiklerini yay\u0131mlad\u0131.<br \/>\n\u00dcCRETL\u0130 \u00c7ALI\u015eAN SAYISI YILLIK Y\u00dcZDE 2,6 ARTTI<br \/>\nSanayi, in\u015faat ve ticaret-hizmet sekt\u00f6rleri toplam\u0131nda \u00fccretli \u00e7al\u0131\u015fan say\u0131s\u0131 2024 A\u011fustos ay\u0131nda bir \u00f6nceki y\u0131l\u0131n ayn\u0131 ay\u0131na g\u00f6re y\u00fczde 2,6 artt\u0131. \u00dccretli \u00e7al\u0131\u015fan say\u0131s\u0131 bir \u00f6nceki y\u0131l\u0131n ayn\u0131 ay\u0131nda 15 milyon 484 bin 782 ki\u015fi iken, 2024 y\u0131l\u0131 A\u011fustos ay\u0131nda 15 milyon 883 bin 831 ki\u015fi oldu.<br \/>\n\u00dccretli \u00e7al\u0131\u015fanlar\u0131n alt detaylar\u0131na bak\u0131ld\u0131\u011f\u0131nda; 2024 A\u011fustos ay\u0131nda \u00fccretli \u00e7al\u0131\u015fan say\u0131s\u0131 y\u0131ll\u0131k olarak sanayi sekt\u00f6r\u00fcnde y\u00fczde 0,8 azald\u0131, in\u015faat sekt\u00f6r\u00fcnde y\u00fczde 6,9 artt\u0131 ve ticaret-hizmet sekt\u00f6r\u00fcnde y\u00fczde 3,7 artt\u0131.<\/p>\n<p>\u00dcCRETL\u0130 \u00c7ALI\u015eAN SAYISI AYLIK AYNI KALDI<br \/>\nSanayi, in\u015faat ve ticaret-hizmet sekt\u00f6rleri toplam\u0131nda \u00fccretli \u00e7al\u0131\u015fan say\u0131s\u0131 2024 A\u011fustos ay\u0131nda bir \u00f6nceki aya g\u00f6re ayn\u0131 kald\u0131.<br \/>\n\u00dccretli \u00e7al\u0131\u015fanlar\u0131n alt detaylar\u0131na bak\u0131ld\u0131\u011f\u0131nda; 2024 A\u011fustos ay\u0131nda \u00fccretli \u00e7al\u0131\u015fanlar ayl\u0131k olarak sanayi sekt\u00f6r\u00fcnde y\u00fczde 0,4 azald\u0131, in\u015faat sekt\u00f6r\u00fcnde y\u00fczde 0,4 artt\u0131 ve ticaret-hizmet sekt\u00f6r\u00fcnde y\u00fczde 0,1 artt\u0131.<\/p>\n<p>\u200b\u00dccretli \u00e7al\u0131\u015fan say\u0131s\u0131 y\u0131ll\u0131k y\u00fczde 2,6 artarken; sanayi, in\u015faat ve ticaret-hizmet sekt\u00f6rleri toplam\u0131nda ayl\u0131k bazda \u00fccretli \u00e7al\u0131\u015fan say\u0131s\u0131 A\u011fustos ay\u0131nda bir \u00f6nceki aya g\u00f6re ayn\u0131 kald\u0131\u00a0<\/p>\n<p>\u200bHaberin Al\u0131nt\u0131land\u0131\u011f\u0131 Kaynak: www.iskenderun.org<\/p>","protected":false},"excerpt":{"rendered":"<p>\u00dccretli \u00e7al\u0131\u015fan say\u0131s\u0131 y\u0131ll\u0131k y\u00fczde 2,6 artarken; sanayi, in\u015faat ve ticaret-hizmet sekt\u00f6rleri toplam\u0131nda ayl\u0131k bazda \u00fccretli \u00e7al\u0131\u015fan say\u0131s\u0131 A\u011fustos ay\u0131nda bir \u00f6nceki aya g\u00f6re ayn\u0131 kald\u0131.ANKARA (\u0130GFA) &#8211; T\u00fcrkiye \u0130statistik Kurumu A\u011fustos ay\u0131na ili\u015fkin \u00dccretli \u00c7al\u0131\u015fan \u0130statistiklerini yay\u0131mlad\u0131. \u00dcCRETL\u0130 \u00c7ALI\u015eAN SAYISI YILLIK Y\u00dcZDE 2,6 ARTTI Sanayi, in\u015faat ve ticaret-hizmet sekt\u00f6rleri toplam\u0131nda \u00fccretli \u00e7al\u0131\u015fan say\u0131s\u0131 2024 A\u011fustos ay\u0131nda bir \u00f6nceki y\u0131l\u0131n ayn\u0131 ay\u0131na g\u00f6re y\u00fczde 2,6 artt\u0131. \u00dccretli \u00e7al\u0131\u015fan say\u0131s\u0131 bir \u00f6nceki y\u0131l\u0131n ayn\u0131 ay\u0131nda 15 milyon 484 bin 782 ki\u015fi iken, 2024 y\u0131l\u0131 A\u011fustos ay\u0131nda 15 milyon 883 bin 831 ki\u015fi oldu. \u00dccretli \u00e7al\u0131\u015fanlar\u0131n alt detaylar\u0131na bak\u0131ld\u0131\u011f\u0131nda; 2024 A\u011fustos ay\u0131nda \u00fccretli \u00e7al\u0131\u015fan say\u0131s\u0131 y\u0131ll\u0131k olarak sanayi sekt\u00f6r\u00fcnde y\u00fczde 0,8 azald\u0131, in\u015faat sekt\u00f6r\u00fcnde y\u00fczde 6,9 artt\u0131 ve ticaret-hizmet sekt\u00f6r\u00fcnde y\u00fczde 3,7 artt\u0131. \u00dcCRETL\u0130 \u00c7ALI\u015eAN SAYISI AYLIK AYNI KALDI Sanayi, in\u015faat ve ticaret-hizmet sekt\u00f6rleri toplam\u0131nda \u00fccretli \u00e7al\u0131\u015fan say\u0131s\u0131 2024 A\u011fustos ay\u0131nda bir \u00f6nceki aya g\u00f6re ayn\u0131 kald\u0131. \u00dccretli \u00e7al\u0131\u015fanlar\u0131n alt detaylar\u0131na bak\u0131ld\u0131\u011f\u0131nda; 2024 A\u011fustos ay\u0131nda \u00fccretli \u00e7al\u0131\u015fanlar ayl\u0131k olarak sanayi sekt\u00f6r\u00fcnde y\u00fczde 0,4 azald\u0131, in\u015faat sekt\u00f6r\u00fcnde y\u00fczde 0,4 artt\u0131 ve ticaret-hizmet sekt\u00f6r\u00fcnde y\u00fczde 0,1 artt\u0131. \u200b\u00dccretli \u00e7al\u0131\u015fan say\u0131s\u0131 y\u0131ll\u0131k y\u00fczde 2,6 artarken; sanayi, in\u015faat ve ticaret-hizmet sekt\u00f6rleri toplam\u0131nda ayl\u0131k bazda \u00fccretli \u00e7al\u0131\u015fan say\u0131s\u0131 A\u011fustos ay\u0131nda bir \u00f6nceki aya g\u00f6re ayn\u0131 kald\u0131\u00a0 \u200bHaberin &hellip;<\/p>","protected":false},"author":0,"featured_media":0,"comment_status":"open","ping_status":"open","sticky":false,"template":"","format":"standard","meta":{"_acf_changed":false,"footnotes":""},"categories":[24],"tags":[],"class_list":["post-2785","post","type-post","status-publish","format-standard","has-post-thumbnail","hentry","category-gundem"],"acf":[],"yoast_head":"<!-- This site is optimized with the Yoast SEO Premium plugin v26.6 (Yoast SEO v27.1.1) - https:\/\/yoast.com\/product\/yoast-seo-premium-wordpress\/ -->\n<title>\u00dccretli \u00e7al\u0131\u015fanlar artt\u0131 - Av. Deniz Can K\u0131z\u0131l<\/title>\n<meta name=\"robots\" content=\"index, follow, max-snippet:-1, max-image-preview:large, max-video-preview:-1\" \/>\n<link rel=\"canonical\" href=\"https:\/\/denizcankizil.tr\/ru\/haberler\/gundem\/ucretli-calisanlar-artti\/\" \/>\n<meta property=\"og:locale\" content=\"ru_RU\" \/>\n<meta property=\"og:type\" content=\"article\" \/>\n<meta property=\"og:title\" content=\"\u00dccretli \u00e7al\u0131\u015fanlar artt\u0131\" \/>\n<meta property=\"og:description\" content=\"\u00dccretli \u00e7al\u0131\u015fan say\u0131s\u0131 y\u0131ll\u0131k y\u00fczde 2,6 artarken; sanayi, in\u015faat ve ticaret-hizmet sekt\u00f6rleri toplam\u0131nda ayl\u0131k bazda \u00fccretli \u00e7al\u0131\u015fan say\u0131s\u0131 A\u011fustos ay\u0131nda bir \u00f6nceki aya g\u00f6re ayn\u0131 kald\u0131.ANKARA (\u0130GFA) &#8211; T\u00fcrkiye \u0130statistik Kurumu A\u011fustos ay\u0131na ili\u015fkin \u00dccretli \u00c7al\u0131\u015fan \u0130statistiklerini yay\u0131mlad\u0131. \u00dcCRETL\u0130 \u00c7ALI\u015eAN SAYISI YILLIK Y\u00dcZDE 2,6 ARTTI Sanayi, in\u015faat ve ticaret-hizmet sekt\u00f6rleri toplam\u0131nda \u00fccretli \u00e7al\u0131\u015fan say\u0131s\u0131 2024 A\u011fustos ay\u0131nda bir \u00f6nceki y\u0131l\u0131n ayn\u0131 ay\u0131na g\u00f6re y\u00fczde 2,6 artt\u0131. \u00dccretli \u00e7al\u0131\u015fan say\u0131s\u0131 bir \u00f6nceki y\u0131l\u0131n ayn\u0131 ay\u0131nda 15 milyon 484 bin 782 ki\u015fi iken, 2024 y\u0131l\u0131 A\u011fustos ay\u0131nda 15 milyon 883 bin 831 ki\u015fi oldu. \u00dccretli \u00e7al\u0131\u015fanlar\u0131n alt detaylar\u0131na bak\u0131ld\u0131\u011f\u0131nda; 2024 A\u011fustos ay\u0131nda \u00fccretli \u00e7al\u0131\u015fan say\u0131s\u0131 y\u0131ll\u0131k olarak sanayi sekt\u00f6r\u00fcnde y\u00fczde 0,8 azald\u0131, in\u015faat sekt\u00f6r\u00fcnde y\u00fczde 6,9 artt\u0131 ve ticaret-hizmet sekt\u00f6r\u00fcnde y\u00fczde 3,7 artt\u0131. \u00dcCRETL\u0130 \u00c7ALI\u015eAN SAYISI AYLIK AYNI KALDI Sanayi, in\u015faat ve ticaret-hizmet sekt\u00f6rleri toplam\u0131nda \u00fccretli \u00e7al\u0131\u015fan say\u0131s\u0131 2024 A\u011fustos ay\u0131nda bir \u00f6nceki aya g\u00f6re ayn\u0131 kald\u0131. \u00dccretli \u00e7al\u0131\u015fanlar\u0131n alt detaylar\u0131na bak\u0131ld\u0131\u011f\u0131nda; 2024 A\u011fustos ay\u0131nda \u00fccretli \u00e7al\u0131\u015fanlar ayl\u0131k olarak sanayi sekt\u00f6r\u00fcnde y\u00fczde 0,4 azald\u0131, in\u015faat sekt\u00f6r\u00fcnde y\u00fczde 0,4 artt\u0131 ve ticaret-hizmet sekt\u00f6r\u00fcnde y\u00fczde 0,1 artt\u0131. \u200b\u00dccretli \u00e7al\u0131\u015fan say\u0131s\u0131 y\u0131ll\u0131k y\u00fczde 2,6 artarken; sanayi, in\u015faat ve ticaret-hizmet sekt\u00f6rleri toplam\u0131nda ayl\u0131k bazda \u00fccretli \u00e7al\u0131\u015fan say\u0131s\u0131 A\u011fustos ay\u0131nda bir \u00f6nceki aya g\u00f6re ayn\u0131 kald\u0131\u00a0 \u200bHaberin &hellip;\" \/>\n<meta property=\"og:url\" content=\"https:\/\/denizcankizil.tr\/ru\/haberler\/gundem\/ucretli-calisanlar-artti\/\" \/>\n<meta property=\"og:site_name\" content=\"Av. Deniz Can K\u0131z\u0131l\" \/>\n<meta property=\"article:published_time\" content=\"2024-10-15T10:42:07+00:00\" \/>\n<meta name=\"twitter:card\" content=\"summary_large_image\" \/>\n<meta name=\"twitter:label1\" content=\"\u041f\u0440\u0438\u043c\u0435\u0440\u043d\u043e\u0435 \u0432\u0440\u0435\u043c\u044f \u0434\u043b\u044f \u0447\u0442\u0435\u043d\u0438\u044f\" \/>\n\t<meta name=\"twitter:data1\" content=\"1 \u043c\u0438\u043d\u0443\u0442\u0430\" \/>\n<script type=\"application\/ld+json\" class=\"yoast-schema-graph\">{\"@context\":\"https:\/\/schema.org\",\"@graph\":[{\"@type\":\"Article\",\"@id\":\"https:\/\/denizcankizil.tr\/ru\/haberler\/gundem\/ucretli-calisanlar-artti\/#article\",\"isPartOf\":{\"@id\":\"https:\/\/denizcankizil.tr\/ru\/haberler\/gundem\/ucretli-calisanlar-artti\/\"},\"author\":{\"name\":\"\",\"@id\":\"\"},\"headline\":\"\u00dccretli \u00e7al\u0131\u015fanlar artt\u0131\",\"datePublished\":\"2024-10-15T10:42:07+00:00\",\"mainEntityOfPage\":{\"@id\":\"https:\/\/denizcankizil.tr\/ru\/haberler\/gundem\/ucretli-calisanlar-artti\/\"},\"wordCount\":298,\"commentCount\":0,\"publisher\":{\"@id\":\"https:\/\/denizcankizil.tr\/de\/#organization\"},\"articleSection\":[\"G\u00fcndem\"],\"inLanguage\":\"ru-RU\",\"potentialAction\":[{\"@type\":\"CommentAction\",\"name\":\"Comment\",\"target\":[\"https:\/\/denizcankizil.tr\/ru\/haberler\/gundem\/ucretli-calisanlar-artti\/#respond\"]}]},{\"@type\":\"WebPage\",\"@id\":\"https:\/\/denizcankizil.tr\/ru\/haberler\/gundem\/ucretli-calisanlar-artti\/\",\"url\":\"https:\/\/denizcankizil.tr\/ru\/haberler\/gundem\/ucretli-calisanlar-artti\/\",\"name\":\"\u00dccretli \u00e7al\u0131\u015fanlar artt\u0131 - Av. Deniz Can K\u0131z\u0131l\",\"isPartOf\":{\"@id\":\"https:\/\/denizcankizil.tr\/de\/#website\"},\"datePublished\":\"2024-10-15T10:42:07+00:00\",\"breadcrumb\":{\"@id\":\"https:\/\/denizcankizil.tr\/ru\/haberler\/gundem\/ucretli-calisanlar-artti\/#breadcrumb\"},\"inLanguage\":\"ru-RU\",\"potentialAction\":[{\"@type\":\"ReadAction\",\"target\":[\"https:\/\/denizcankizil.tr\/ru\/haberler\/gundem\/ucretli-calisanlar-artti\/\"]}]},{\"@type\":\"BreadcrumbList\",\"@id\":\"https:\/\/denizcankizil.tr\/ru\/haberler\/gundem\/ucretli-calisanlar-artti\/#breadcrumb\",\"itemListElement\":[{\"@type\":\"ListItem\",\"position\":1,\"name\":\"Home\",\"item\":\"https:\/\/denizcankizil.tr\/de\/\"},{\"@type\":\"ListItem\",\"position\":2,\"name\":\"\u00dccretli \u00e7al\u0131\u015fanlar artt\u0131\"}]},{\"@type\":\"WebSite\",\"@id\":\"https:\/\/denizcankizil.tr\/de\/#website\",\"url\":\"https:\/\/denizcankizil.tr\/de\/\",\"name\":\"Av. Deniz Can K\u0131z\u0131l\",\"description\":\"Avukat Deniz Can K\u0131z\u0131l Antalya Barosu\",\"publisher\":{\"@id\":\"https:\/\/denizcankizil.tr\/de\/#organization\"},\"potentialAction\":[{\"@type\":\"SearchAction\",\"target\":{\"@type\":\"EntryPoint\",\"urlTemplate\":\"https:\/\/denizcankizil.tr\/de\/?s={search_term_string}\"},\"query-input\":{\"@type\":\"PropertyValueSpecification\",\"valueRequired\":true,\"valueName\":\"search_term_string\"}}],\"inLanguage\":\"ru-RU\"},{\"@type\":\"Organization\",\"@id\":\"https:\/\/denizcankizil.tr\/de\/#organization\",\"name\":\"Av. Deniz Can K\u0131z\u0131l\",\"url\":\"https:\/\/denizcankizil.tr\/de\/\",\"logo\":{\"@type\":\"ImageObject\",\"inLanguage\":\"ru-RU\",\"@id\":\"https:\/\/denizcankizil.tr\/de\/#\/schema\/logo\/image\/\",\"url\":\"https:\/\/denizcankizil.tr\/wp-content\/uploads\/2024\/10\/siyah-logo-svg.svg\",\"contentUrl\":\"https:\/\/denizcankizil.tr\/wp-content\/uploads\/2024\/10\/siyah-logo-svg.svg\",\"width\":1080,\"height\":1080,\"caption\":\"Av. Deniz Can K\u0131z\u0131l\"},\"image\":{\"@id\":\"https:\/\/denizcankizil.tr\/de\/#\/schema\/logo\/image\/\"}}]}<\/script>\n<!-- \/ Yoast SEO Premium plugin. -->","yoast_head_json":{"title":"\u00dccretli \u00e7al\u0131\u015fanlar artt\u0131 - Av. Deniz Can K\u0131z\u0131l","robots":{"index":"index","follow":"follow","max-snippet":"max-snippet:-1","max-image-preview":"max-image-preview:large","max-video-preview":"max-video-preview:-1"},"canonical":"https:\/\/denizcankizil.tr\/ru\/haberler\/gundem\/ucretli-calisanlar-artti\/","og_locale":"ru_RU","og_type":"article","og_title":"\u00dccretli \u00e7al\u0131\u015fanlar artt\u0131","og_description":"\u00dccretli \u00e7al\u0131\u015fan say\u0131s\u0131 y\u0131ll\u0131k y\u00fczde 2,6 artarken; sanayi, in\u015faat ve ticaret-hizmet sekt\u00f6rleri toplam\u0131nda ayl\u0131k bazda \u00fccretli \u00e7al\u0131\u015fan say\u0131s\u0131 A\u011fustos ay\u0131nda bir \u00f6nceki aya g\u00f6re ayn\u0131 kald\u0131.ANKARA (\u0130GFA) &#8211; T\u00fcrkiye \u0130statistik Kurumu A\u011fustos ay\u0131na ili\u015fkin \u00dccretli \u00c7al\u0131\u015fan \u0130statistiklerini yay\u0131mlad\u0131. \u00dcCRETL\u0130 \u00c7ALI\u015eAN SAYISI YILLIK Y\u00dcZDE 2,6 ARTTI Sanayi, in\u015faat ve ticaret-hizmet sekt\u00f6rleri toplam\u0131nda \u00fccretli \u00e7al\u0131\u015fan say\u0131s\u0131 2024 A\u011fustos ay\u0131nda bir \u00f6nceki y\u0131l\u0131n ayn\u0131 ay\u0131na g\u00f6re y\u00fczde 2,6 artt\u0131. \u00dccretli \u00e7al\u0131\u015fan say\u0131s\u0131 bir \u00f6nceki y\u0131l\u0131n ayn\u0131 ay\u0131nda 15 milyon 484 bin 782 ki\u015fi iken, 2024 y\u0131l\u0131 A\u011fustos ay\u0131nda 15 milyon 883 bin 831 ki\u015fi oldu. \u00dccretli \u00e7al\u0131\u015fanlar\u0131n alt detaylar\u0131na bak\u0131ld\u0131\u011f\u0131nda; 2024 A\u011fustos ay\u0131nda \u00fccretli \u00e7al\u0131\u015fan say\u0131s\u0131 y\u0131ll\u0131k olarak sanayi sekt\u00f6r\u00fcnde y\u00fczde 0,8 azald\u0131, in\u015faat sekt\u00f6r\u00fcnde y\u00fczde 6,9 artt\u0131 ve ticaret-hizmet sekt\u00f6r\u00fcnde y\u00fczde 3,7 artt\u0131. \u00dcCRETL\u0130 \u00c7ALI\u015eAN SAYISI AYLIK AYNI KALDI Sanayi, in\u015faat ve ticaret-hizmet sekt\u00f6rleri toplam\u0131nda \u00fccretli \u00e7al\u0131\u015fan say\u0131s\u0131 2024 A\u011fustos ay\u0131nda bir \u00f6nceki aya g\u00f6re ayn\u0131 kald\u0131. \u00dccretli \u00e7al\u0131\u015fanlar\u0131n alt detaylar\u0131na bak\u0131ld\u0131\u011f\u0131nda; 2024 A\u011fustos ay\u0131nda \u00fccretli \u00e7al\u0131\u015fanlar ayl\u0131k olarak sanayi sekt\u00f6r\u00fcnde y\u00fczde 0,4 azald\u0131, in\u015faat sekt\u00f6r\u00fcnde y\u00fczde 0,4 artt\u0131 ve ticaret-hizmet sekt\u00f6r\u00fcnde y\u00fczde 0,1 artt\u0131. \u200b\u00dccretli \u00e7al\u0131\u015fan say\u0131s\u0131 y\u0131ll\u0131k y\u00fczde 2,6 artarken; sanayi, in\u015faat ve ticaret-hizmet sekt\u00f6rleri toplam\u0131nda ayl\u0131k bazda \u00fccretli \u00e7al\u0131\u015fan say\u0131s\u0131 A\u011fustos ay\u0131nda bir \u00f6nceki aya g\u00f6re ayn\u0131 kald\u0131\u00a0 \u200bHaberin &hellip;","og_url":"https:\/\/denizcankizil.tr\/ru\/haberler\/gundem\/ucretli-calisanlar-artti\/","og_site_name":"Av. Deniz Can K\u0131z\u0131l","article_published_time":"2024-10-15T10:42:07+00:00","twitter_card":"summary_large_image","twitter_misc":{"\u041f\u0440\u0438\u043c\u0435\u0440\u043d\u043e\u0435 \u0432\u0440\u0435\u043c\u044f \u0434\u043b\u044f \u0447\u0442\u0435\u043d\u0438\u044f":"1 \u043c\u0438\u043d\u0443\u0442\u0430"},"schema":{"@context":"https:\/\/schema.org","@graph":[{"@type":"Article","@id":"https:\/\/denizcankizil.tr\/ru\/haberler\/gundem\/ucretli-calisanlar-artti\/#article","isPartOf":{"@id":"https:\/\/denizcankizil.tr\/ru\/haberler\/gundem\/ucretli-calisanlar-artti\/"},"author":{"name":"","@id":""},"headline":"\u00dccretli \u00e7al\u0131\u015fanlar artt\u0131","datePublished":"2024-10-15T10:42:07+00:00","mainEntityOfPage":{"@id":"https:\/\/denizcankizil.tr\/ru\/haberler\/gundem\/ucretli-calisanlar-artti\/"},"wordCount":298,"commentCount":0,"publisher":{"@id":"https:\/\/denizcankizil.tr\/de\/#organization"},"articleSection":["G\u00fcndem"],"inLanguage":"ru-RU","potentialAction":[{"@type":"CommentAction","name":"Comment","target":["https:\/\/denizcankizil.tr\/ru\/haberler\/gundem\/ucretli-calisanlar-artti\/#respond"]}]},{"@type":"WebPage","@id":"https:\/\/denizcankizil.tr\/ru\/haberler\/gundem\/ucretli-calisanlar-artti\/","url":"https:\/\/denizcankizil.tr\/ru\/haberler\/gundem\/ucretli-calisanlar-artti\/","name":"\u00dccretli \u00e7al\u0131\u015fanlar artt\u0131 - Av. Deniz Can K\u0131z\u0131l","isPartOf":{"@id":"https:\/\/denizcankizil.tr\/de\/#website"},"datePublished":"2024-10-15T10:42:07+00:00","breadcrumb":{"@id":"https:\/\/denizcankizil.tr\/ru\/haberler\/gundem\/ucretli-calisanlar-artti\/#breadcrumb"},"inLanguage":"ru-RU","potentialAction":[{"@type":"ReadAction","target":["https:\/\/denizcankizil.tr\/ru\/haberler\/gundem\/ucretli-calisanlar-artti\/"]}]},{"@type":"BreadcrumbList","@id":"https:\/\/denizcankizil.tr\/ru\/haberler\/gundem\/ucretli-calisanlar-artti\/#breadcrumb","itemListElement":[{"@type":"ListItem","position":1,"name":"Home","item":"https:\/\/denizcankizil.tr\/de\/"},{"@type":"ListItem","position":2,"name":"\u00dccretli \u00e7al\u0131\u015fanlar artt\u0131"}]},{"@type":"WebSite","@id":"https:\/\/denizcankizil.tr\/de\/#website","url":"https:\/\/denizcankizil.tr\/de\/","name":"Av. Deniz Can K\u0131z\u0131l","description":"Avukat Deniz Can K\u0131z\u0131l Antalya Barosu","publisher":{"@id":"https:\/\/denizcankizil.tr\/de\/#organization"},"potentialAction":[{"@type":"SearchAction","target":{"@type":"EntryPoint","urlTemplate":"https:\/\/denizcankizil.tr\/de\/?s={search_term_string}"},"query-input":{"@type":"PropertyValueSpecification","valueRequired":true,"valueName":"search_term_string"}}],"inLanguage":"ru-RU"},{"@type":"Organization","@id":"https:\/\/denizcankizil.tr\/de\/#organization","name":"Av. Deniz Can K\u0131z\u0131l","url":"https:\/\/denizcankizil.tr\/de\/","logo":{"@type":"ImageObject","inLanguage":"ru-RU","@id":"https:\/\/denizcankizil.tr\/de\/#\/schema\/logo\/image\/","url":"https:\/\/denizcankizil.tr\/wp-content\/uploads\/2024\/10\/siyah-logo-svg.svg","contentUrl":"https:\/\/denizcankizil.tr\/wp-content\/uploads\/2024\/10\/siyah-logo-svg.svg","width":1080,"height":1080,"caption":"Av. Deniz Can K\u0131z\u0131l"},"image":{"@id":"https:\/\/denizcankizil.tr\/de\/#\/schema\/logo\/image\/"}}]}},"_links":{"self":[{"href":"https:\/\/denizcankizil.tr\/ru\/wp-json\/wp\/v2\/posts\/2785","targetHints":{"allow":["GET"]}}],"collection":[{"href":"https:\/\/denizcankizil.tr\/ru\/wp-json\/wp\/v2\/posts"}],"about":[{"href":"https:\/\/denizcankizil.tr\/ru\/wp-json\/wp\/v2\/types\/post"}],"replies":[{"embeddable":true,"href":"https:\/\/denizcankizil.tr\/ru\/wp-json\/wp\/v2\/comments?post=2785"}],"version-history":[{"count":0,"href":"https:\/\/denizcankizil.tr\/ru\/wp-json\/wp\/v2\/posts\/2785\/revisions"}],"wp:attachment":[{"href":"https:\/\/denizcankizil.tr\/ru\/wp-json\/wp\/v2\/media?parent=2785"}],"wp:term":[{"taxonomy":"category","embeddable":true,"href":"https:\/\/denizcankizil.tr\/ru\/wp-json\/wp\/v2\/categories?post=2785"},{"taxonomy":"post_tag","embeddable":true,"href":"https:\/\/denizcankizil.tr\/ru\/wp-json\/wp\/v2\/tags?post=2785"}],"curies":[{"name":"wp","href":"https:\/\/api.w.org\/{rel}","templated":true}]}}