{"id":27816,"date":"2025-01-27T10:41:15","date_gmt":"2025-01-27T07:41:15","guid":{"rendered":"https:\/\/denizcankizil.tr\/uncategorized-tr\/maskeli-2-kisi-oyuncak-tabancayla-korku-sacti\/"},"modified":"2025-01-27T10:41:15","modified_gmt":"2025-01-27T07:41:15","slug":"maskeli-2-kisi-oyuncak-tabancayla-korku-sacti","status":"publish","type":"post","link":"https:\/\/denizcankizil.tr\/ru\/haberler\/antalya\/maskeli-2-kisi-oyuncak-tabancayla-korku-sacti\/","title":{"rendered":"Maskeli 2 ki\u015fi, oyuncak tabancayla korku sa\u00e7t\u0131"},"content":{"rendered":"<p>Serik il\u00e7esi Merkez Mahallesi Sal\u0131 Pazar\u0131 civar\u0131nda ak\u015fam saatlerinde motosiklet \u00fczerinde, y\u00fczlerinde maske bulunan iki gen\u00e7ten arkada oturan, seyir halindeyken iki elindeki iki tabancayla, yol g\u00fczergah\u0131ndaki s\u00fcr\u00fcc\u00fc ve vatanda\u015flara korku dolu anlar ya\u015fatt\u0131. Di\u011fer motosiklet \u00fczerindeki arkada\u015flar\u0131 cep telefonuyla o anlar\u0131 kaydederken, maskeli gencin ellerindeki silah\u0131 vatanda\u015flara do\u011frultmas\u0131 korku dolu anlara neden oldu.<\/p>\n<p>Vatanda\u015flar\u0131n ihbar\u0131 \u00fczerine harekete ge\u00e7en emniyet g\u00fc\u00e7leri, 4 \u015f\u00fcpheliyi g\u00f6zalt\u0131na ald\u0131. Gen\u00e7lerden maskeli olan S.K (18) ile G.A (18) ifadelerinde tabancalar\u0131n ger\u00e7ek olmad\u0131\u011f\u0131n\u0131, ger\u00e7ek silah sesi \u00e7\u0131karan oyuncak silah oldu\u011funu ifade etti.<\/p>\n<p>Maskeli 2 \u015f\u00fcpheli ile o anlar\u0131 videoya \u00e7eken Y.Y (19) ve M.\u00c7 (17) hakk\u0131nda halk aras\u0131nda korku ve panik yaratarak tehdit etmek su\u00e7undan adli i\u015flem ba\u015flat\u0131ld\u0131<\/p>\n<p>Kaynak: www.kanalv.com.tr Haber Sitesinden Al\u0131nm\u0131\u015ft\u0131r.<\/p>","protected":false},"excerpt":{"rendered":"<p>Serik il\u00e7esi Merkez Mahallesi Sal\u0131 Pazar\u0131 civar\u0131nda ak\u015fam saatlerinde motosiklet \u00fczerinde, y\u00fczlerinde maske bulunan iki gen\u00e7ten arkada oturan, seyir halindeyken iki elindeki iki tabancayla, yol g\u00fczergah\u0131ndaki s\u00fcr\u00fcc\u00fc ve vatanda\u015flara korku dolu anlar ya\u015fatt\u0131. Di\u011fer motosiklet \u00fczerindeki arkada\u015flar\u0131 cep telefonuyla o anlar\u0131 kaydederken, maskeli gencin ellerindeki silah\u0131 vatanda\u015flara do\u011frultmas\u0131 korku dolu anlara neden oldu. Vatanda\u015flar\u0131n ihbar\u0131 \u00fczerine harekete ge\u00e7en emniyet g\u00fc\u00e7leri, 4 \u015f\u00fcpheliyi g\u00f6zalt\u0131na ald\u0131. Gen\u00e7lerden maskeli olan S.K (18) ile G.A (18) ifadelerinde tabancalar\u0131n ger\u00e7ek olmad\u0131\u011f\u0131n\u0131, ger\u00e7ek silah sesi \u00e7\u0131karan oyuncak silah oldu\u011funu ifade etti. Maskeli 2 \u015f\u00fcpheli ile o anlar\u0131 videoya \u00e7eken Y.Y (19) ve M.\u00c7 (17) hakk\u0131nda halk aras\u0131nda korku ve panik yaratarak tehdit etmek su\u00e7undan adli i\u015flem ba\u015flat\u0131ld\u0131 Kaynak: www.kanalv.com.tr Haber Sitesinden Al\u0131nm\u0131\u015ft\u0131r.<\/p>","protected":false},"author":4,"featured_media":0,"comment_status":"open","ping_status":"open","sticky":false,"template":"","format":"standard","meta":{"_acf_changed":false,"footnotes":""},"categories":[26],"tags":[],"class_list":["post-27816","post","type-post","status-publish","format-standard","hentry","category-antalya"],"acf":[],"yoast_head":"<!-- This site is optimized with the Yoast SEO Premium plugin v26.6 (Yoast SEO v27.1.1) - https:\/\/yoast.com\/product\/yoast-seo-premium-wordpress\/ -->\n<title>Maskeli 2 ki\u015fi, oyuncak tabancayla korku sa\u00e7t\u0131 - Av. Deniz Can K\u0131z\u0131l<\/title>\n<meta name=\"robots\" content=\"index, follow, max-snippet:-1, max-image-preview:large, max-video-preview:-1\" \/>\n<link rel=\"canonical\" href=\"https:\/\/denizcankizil.tr\/ru\/haberler\/antalya\/maskeli-2-kisi-oyuncak-tabancayla-korku-sacti\/\" \/>\n<meta property=\"og:locale\" content=\"ru_RU\" \/>\n<meta property=\"og:type\" content=\"article\" \/>\n<meta property=\"og:title\" content=\"Maskeli 2 ki\u015fi, oyuncak tabancayla korku sa\u00e7t\u0131\" \/>\n<meta property=\"og:description\" content=\"Serik il\u00e7esi Merkez Mahallesi Sal\u0131 Pazar\u0131 civar\u0131nda ak\u015fam saatlerinde motosiklet \u00fczerinde, y\u00fczlerinde maske bulunan iki gen\u00e7ten arkada oturan, seyir halindeyken iki elindeki iki tabancayla, yol g\u00fczergah\u0131ndaki s\u00fcr\u00fcc\u00fc ve vatanda\u015flara korku dolu anlar ya\u015fatt\u0131. Di\u011fer motosiklet \u00fczerindeki arkada\u015flar\u0131 cep telefonuyla o anlar\u0131 kaydederken, maskeli gencin ellerindeki silah\u0131 vatanda\u015flara do\u011frultmas\u0131 korku dolu anlara neden oldu. Vatanda\u015flar\u0131n ihbar\u0131 \u00fczerine harekete ge\u00e7en emniyet g\u00fc\u00e7leri, 4 \u015f\u00fcpheliyi g\u00f6zalt\u0131na ald\u0131. Gen\u00e7lerden maskeli olan S.K (18) ile G.A (18) ifadelerinde tabancalar\u0131n ger\u00e7ek olmad\u0131\u011f\u0131n\u0131, ger\u00e7ek silah sesi \u00e7\u0131karan oyuncak silah oldu\u011funu ifade etti. Maskeli 2 \u015f\u00fcpheli ile o anlar\u0131 videoya \u00e7eken Y.Y (19) ve M.\u00c7 (17) hakk\u0131nda halk aras\u0131nda korku ve panik yaratarak tehdit etmek su\u00e7undan adli i\u015flem ba\u015flat\u0131ld\u0131 Kaynak: www.kanalv.com.tr Haber Sitesinden Al\u0131nm\u0131\u015ft\u0131r.\" \/>\n<meta property=\"og:url\" content=\"https:\/\/denizcankizil.tr\/ru\/haberler\/antalya\/maskeli-2-kisi-oyuncak-tabancayla-korku-sacti\/\" \/>\n<meta property=\"og:site_name\" content=\"Av. Deniz Can K\u0131z\u0131l\" \/>\n<meta property=\"article:published_time\" content=\"2025-01-27T07:41:15+00:00\" \/>\n<meta name=\"author\" content=\"Av. Deniz Can K\u0131z\u0131l\" \/>\n<meta name=\"twitter:card\" content=\"summary_large_image\" \/>\n<meta name=\"twitter:label1\" content=\"\u041d\u0430\u043f\u0438\u0441\u0430\u043d\u043e \u0430\u0432\u0442\u043e\u0440\u043e\u043c\" \/>\n\t<meta name=\"twitter:data1\" content=\"Av. Deniz Can K\u0131z\u0131l\" \/>\n\t<meta name=\"twitter:label2\" content=\"\u041f\u0440\u0438\u043c\u0435\u0440\u043d\u043e\u0435 \u0432\u0440\u0435\u043c\u044f \u0434\u043b\u044f \u0447\u0442\u0435\u043d\u0438\u044f\" \/>\n\t<meta name=\"twitter:data2\" content=\"1 \u043c\u0438\u043d\u0443\u0442\u0430\" \/>\n<script type=\"application\/ld+json\" class=\"yoast-schema-graph\">{\"@context\":\"https:\/\/schema.org\",\"@graph\":[{\"@type\":\"Article\",\"@id\":\"https:\/\/denizcankizil.tr\/ru\/haberler\/antalya\/maskeli-2-kisi-oyuncak-tabancayla-korku-sacti\/#article\",\"isPartOf\":{\"@id\":\"https:\/\/denizcankizil.tr\/ru\/haberler\/antalya\/maskeli-2-kisi-oyuncak-tabancayla-korku-sacti\/\"},\"author\":{\"name\":\"Av. Deniz Can K\u0131z\u0131l\",\"@id\":\"https:\/\/denizcankizil.tr\/de\/#\/schema\/person\/5dc1b22991bd7ac833867c10afc9b0ff\"},\"headline\":\"Maskeli 2 ki\u015fi, oyuncak tabancayla korku sa\u00e7t\u0131\",\"datePublished\":\"2025-01-27T07:41:15+00:00\",\"mainEntityOfPage\":{\"@id\":\"https:\/\/denizcankizil.tr\/ru\/haberler\/antalya\/maskeli-2-kisi-oyuncak-tabancayla-korku-sacti\/\"},\"wordCount\":160,\"commentCount\":0,\"publisher\":{\"@id\":\"https:\/\/denizcankizil.tr\/de\/#organization\"},\"articleSection\":[\"Antalya\"],\"inLanguage\":\"ru-RU\",\"potentialAction\":[{\"@type\":\"CommentAction\",\"name\":\"Comment\",\"target\":[\"https:\/\/denizcankizil.tr\/ru\/haberler\/antalya\/maskeli-2-kisi-oyuncak-tabancayla-korku-sacti\/#respond\"]}]},{\"@type\":\"WebPage\",\"@id\":\"https:\/\/denizcankizil.tr\/ru\/haberler\/antalya\/maskeli-2-kisi-oyuncak-tabancayla-korku-sacti\/\",\"url\":\"https:\/\/denizcankizil.tr\/ru\/haberler\/antalya\/maskeli-2-kisi-oyuncak-tabancayla-korku-sacti\/\",\"name\":\"Maskeli 2 ki\u015fi, oyuncak tabancayla korku sa\u00e7t\u0131 - Av. Deniz Can K\u0131z\u0131l\",\"isPartOf\":{\"@id\":\"https:\/\/denizcankizil.tr\/de\/#website\"},\"datePublished\":\"2025-01-27T07:41:15+00:00\",\"breadcrumb\":{\"@id\":\"https:\/\/denizcankizil.tr\/ru\/haberler\/antalya\/maskeli-2-kisi-oyuncak-tabancayla-korku-sacti\/#breadcrumb\"},\"inLanguage\":\"ru-RU\",\"potentialAction\":[{\"@type\":\"ReadAction\",\"target\":[\"https:\/\/denizcankizil.tr\/ru\/haberler\/antalya\/maskeli-2-kisi-oyuncak-tabancayla-korku-sacti\/\"]}]},{\"@type\":\"BreadcrumbList\",\"@id\":\"https:\/\/denizcankizil.tr\/ru\/haberler\/antalya\/maskeli-2-kisi-oyuncak-tabancayla-korku-sacti\/#breadcrumb\",\"itemListElement\":[{\"@type\":\"ListItem\",\"position\":1,\"name\":\"Home\",\"item\":\"https:\/\/denizcankizil.tr\/de\/\"},{\"@type\":\"ListItem\",\"position\":2,\"name\":\"Maskeli 2 ki\u015fi, oyuncak tabancayla korku sa\u00e7t\u0131\"}]},{\"@type\":\"WebSite\",\"@id\":\"https:\/\/denizcankizil.tr\/de\/#website\",\"url\":\"https:\/\/denizcankizil.tr\/de\/\",\"name\":\"Av. Deniz Can K\u0131z\u0131l\",\"description\":\"Avukat Deniz Can K\u0131z\u0131l Antalya Barosu\",\"publisher\":{\"@id\":\"https:\/\/denizcankizil.tr\/de\/#organization\"},\"potentialAction\":[{\"@type\":\"SearchAction\",\"target\":{\"@type\":\"EntryPoint\",\"urlTemplate\":\"https:\/\/denizcankizil.tr\/de\/?s={search_term_string}\"},\"query-input\":{\"@type\":\"PropertyValueSpecification\",\"valueRequired\":true,\"valueName\":\"search_term_string\"}}],\"inLanguage\":\"ru-RU\"},{\"@type\":\"Organization\",\"@id\":\"https:\/\/denizcankizil.tr\/de\/#organization\",\"name\":\"Av. Deniz Can K\u0131z\u0131l\",\"url\":\"https:\/\/denizcankizil.tr\/de\/\",\"logo\":{\"@type\":\"ImageObject\",\"inLanguage\":\"ru-RU\",\"@id\":\"https:\/\/denizcankizil.tr\/de\/#\/schema\/logo\/image\/\",\"url\":\"https:\/\/denizcankizil.tr\/wp-content\/uploads\/2024\/10\/siyah-logo-svg.svg\",\"contentUrl\":\"https:\/\/denizcankizil.tr\/wp-content\/uploads\/2024\/10\/siyah-logo-svg.svg\",\"width\":1080,\"height\":1080,\"caption\":\"Av. Deniz Can K\u0131z\u0131l\"},\"image\":{\"@id\":\"https:\/\/denizcankizil.tr\/de\/#\/schema\/logo\/image\/\"}},{\"@type\":\"Person\",\"@id\":\"https:\/\/denizcankizil.tr\/de\/#\/schema\/person\/5dc1b22991bd7ac833867c10afc9b0ff\",\"name\":\"Av. Deniz Can K\u0131z\u0131l\",\"image\":{\"@type\":\"ImageObject\",\"inLanguage\":\"ru-RU\",\"@id\":\"https:\/\/denizcankizil.tr\/de\/#\/schema\/person\/image\/\",\"url\":\"https:\/\/secure.gravatar.com\/avatar\/a0b128fb9855c79efc976d5640eedb31dc35ec297594d6016d2cf7c60e975bb6?s=96&d=mm&r=g\",\"contentUrl\":\"https:\/\/secure.gravatar.com\/avatar\/a0b128fb9855c79efc976d5640eedb31dc35ec297594d6016d2cf7c60e975bb6?s=96&d=mm&r=g\",\"caption\":\"Av. Deniz Can K\u0131z\u0131l\"},\"sameAs\":[\"http:\/\/www.denizcankizil.tr\"],\"url\":\"https:\/\/denizcankizil.tr\/ru\/author\/denizcankizil\/\"}]}<\/script>\n<!-- \/ Yoast SEO Premium plugin. -->","yoast_head_json":{"title":"Maskeli 2 ki\u015fi, oyuncak tabancayla korku sa\u00e7t\u0131 - Av. Deniz Can K\u0131z\u0131l","robots":{"index":"index","follow":"follow","max-snippet":"max-snippet:-1","max-image-preview":"max-image-preview:large","max-video-preview":"max-video-preview:-1"},"canonical":"https:\/\/denizcankizil.tr\/ru\/haberler\/antalya\/maskeli-2-kisi-oyuncak-tabancayla-korku-sacti\/","og_locale":"ru_RU","og_type":"article","og_title":"Maskeli 2 ki\u015fi, oyuncak tabancayla korku sa\u00e7t\u0131","og_description":"Serik il\u00e7esi Merkez Mahallesi Sal\u0131 Pazar\u0131 civar\u0131nda ak\u015fam saatlerinde motosiklet \u00fczerinde, y\u00fczlerinde maske bulunan iki gen\u00e7ten arkada oturan, seyir halindeyken iki elindeki iki tabancayla, yol g\u00fczergah\u0131ndaki s\u00fcr\u00fcc\u00fc ve vatanda\u015flara korku dolu anlar ya\u015fatt\u0131. Di\u011fer motosiklet \u00fczerindeki arkada\u015flar\u0131 cep telefonuyla o anlar\u0131 kaydederken, maskeli gencin ellerindeki silah\u0131 vatanda\u015flara do\u011frultmas\u0131 korku dolu anlara neden oldu. Vatanda\u015flar\u0131n ihbar\u0131 \u00fczerine harekete ge\u00e7en emniyet g\u00fc\u00e7leri, 4 \u015f\u00fcpheliyi g\u00f6zalt\u0131na ald\u0131. Gen\u00e7lerden maskeli olan S.K (18) ile G.A (18) ifadelerinde tabancalar\u0131n ger\u00e7ek olmad\u0131\u011f\u0131n\u0131, ger\u00e7ek silah sesi \u00e7\u0131karan oyuncak silah oldu\u011funu ifade etti. Maskeli 2 \u015f\u00fcpheli ile o anlar\u0131 videoya \u00e7eken Y.Y (19) ve M.\u00c7 (17) hakk\u0131nda halk aras\u0131nda korku ve panik yaratarak tehdit etmek su\u00e7undan adli i\u015flem ba\u015flat\u0131ld\u0131 Kaynak: www.kanalv.com.tr Haber Sitesinden Al\u0131nm\u0131\u015ft\u0131r.","og_url":"https:\/\/denizcankizil.tr\/ru\/haberler\/antalya\/maskeli-2-kisi-oyuncak-tabancayla-korku-sacti\/","og_site_name":"Av. Deniz Can K\u0131z\u0131l","article_published_time":"2025-01-27T07:41:15+00:00","author":"Av. Deniz Can K\u0131z\u0131l","twitter_card":"summary_large_image","twitter_misc":{"\u041d\u0430\u043f\u0438\u0441\u0430\u043d\u043e \u0430\u0432\u0442\u043e\u0440\u043e\u043c":"Av. Deniz Can K\u0131z\u0131l","\u041f\u0440\u0438\u043c\u0435\u0440\u043d\u043e\u0435 \u0432\u0440\u0435\u043c\u044f \u0434\u043b\u044f \u0447\u0442\u0435\u043d\u0438\u044f":"1 \u043c\u0438\u043d\u0443\u0442\u0430"},"schema":{"@context":"https:\/\/schema.org","@graph":[{"@type":"Article","@id":"https:\/\/denizcankizil.tr\/ru\/haberler\/antalya\/maskeli-2-kisi-oyuncak-tabancayla-korku-sacti\/#article","isPartOf":{"@id":"https:\/\/denizcankizil.tr\/ru\/haberler\/antalya\/maskeli-2-kisi-oyuncak-tabancayla-korku-sacti\/"},"author":{"name":"Av. Deniz Can K\u0131z\u0131l","@id":"https:\/\/denizcankizil.tr\/de\/#\/schema\/person\/5dc1b22991bd7ac833867c10afc9b0ff"},"headline":"Maskeli 2 ki\u015fi, oyuncak tabancayla korku sa\u00e7t\u0131","datePublished":"2025-01-27T07:41:15+00:00","mainEntityOfPage":{"@id":"https:\/\/denizcankizil.tr\/ru\/haberler\/antalya\/maskeli-2-kisi-oyuncak-tabancayla-korku-sacti\/"},"wordCount":160,"commentCount":0,"publisher":{"@id":"https:\/\/denizcankizil.tr\/de\/#organization"},"articleSection":["Antalya"],"inLanguage":"ru-RU","potentialAction":[{"@type":"CommentAction","name":"Comment","target":["https:\/\/denizcankizil.tr\/ru\/haberler\/antalya\/maskeli-2-kisi-oyuncak-tabancayla-korku-sacti\/#respond"]}]},{"@type":"WebPage","@id":"https:\/\/denizcankizil.tr\/ru\/haberler\/antalya\/maskeli-2-kisi-oyuncak-tabancayla-korku-sacti\/","url":"https:\/\/denizcankizil.tr\/ru\/haberler\/antalya\/maskeli-2-kisi-oyuncak-tabancayla-korku-sacti\/","name":"Maskeli 2 ki\u015fi, oyuncak tabancayla korku sa\u00e7t\u0131 - Av. Deniz Can K\u0131z\u0131l","isPartOf":{"@id":"https:\/\/denizcankizil.tr\/de\/#website"},"datePublished":"2025-01-27T07:41:15+00:00","breadcrumb":{"@id":"https:\/\/denizcankizil.tr\/ru\/haberler\/antalya\/maskeli-2-kisi-oyuncak-tabancayla-korku-sacti\/#breadcrumb"},"inLanguage":"ru-RU","potentialAction":[{"@type":"ReadAction","target":["https:\/\/denizcankizil.tr\/ru\/haberler\/antalya\/maskeli-2-kisi-oyuncak-tabancayla-korku-sacti\/"]}]},{"@type":"BreadcrumbList","@id":"https:\/\/denizcankizil.tr\/ru\/haberler\/antalya\/maskeli-2-kisi-oyuncak-tabancayla-korku-sacti\/#breadcrumb","itemListElement":[{"@type":"ListItem","position":1,"name":"Home","item":"https:\/\/denizcankizil.tr\/de\/"},{"@type":"ListItem","position":2,"name":"Maskeli 2 ki\u015fi, oyuncak tabancayla korku sa\u00e7t\u0131"}]},{"@type":"WebSite","@id":"https:\/\/denizcankizil.tr\/de\/#website","url":"https:\/\/denizcankizil.tr\/de\/","name":"Av. Deniz Can K\u0131z\u0131l","description":"Avukat Deniz Can K\u0131z\u0131l Antalya Barosu","publisher":{"@id":"https:\/\/denizcankizil.tr\/de\/#organization"},"potentialAction":[{"@type":"SearchAction","target":{"@type":"EntryPoint","urlTemplate":"https:\/\/denizcankizil.tr\/de\/?s={search_term_string}"},"query-input":{"@type":"PropertyValueSpecification","valueRequired":true,"valueName":"search_term_string"}}],"inLanguage":"ru-RU"},{"@type":"Organization","@id":"https:\/\/denizcankizil.tr\/de\/#organization","name":"Av. Deniz Can K\u0131z\u0131l","url":"https:\/\/denizcankizil.tr\/de\/","logo":{"@type":"ImageObject","inLanguage":"ru-RU","@id":"https:\/\/denizcankizil.tr\/de\/#\/schema\/logo\/image\/","url":"https:\/\/denizcankizil.tr\/wp-content\/uploads\/2024\/10\/siyah-logo-svg.svg","contentUrl":"https:\/\/denizcankizil.tr\/wp-content\/uploads\/2024\/10\/siyah-logo-svg.svg","width":1080,"height":1080,"caption":"Av. Deniz Can K\u0131z\u0131l"},"image":{"@id":"https:\/\/denizcankizil.tr\/de\/#\/schema\/logo\/image\/"}},{"@type":"Person","@id":"https:\/\/denizcankizil.tr\/de\/#\/schema\/person\/5dc1b22991bd7ac833867c10afc9b0ff","name":"Av. Deniz Can K\u0131z\u0131l","image":{"@type":"ImageObject","inLanguage":"ru-RU","@id":"https:\/\/denizcankizil.tr\/de\/#\/schema\/person\/image\/","url":"https:\/\/secure.gravatar.com\/avatar\/a0b128fb9855c79efc976d5640eedb31dc35ec297594d6016d2cf7c60e975bb6?s=96&d=mm&r=g","contentUrl":"https:\/\/secure.gravatar.com\/avatar\/a0b128fb9855c79efc976d5640eedb31dc35ec297594d6016d2cf7c60e975bb6?s=96&d=mm&r=g","caption":"Av. Deniz Can K\u0131z\u0131l"},"sameAs":["http:\/\/www.denizcankizil.tr"],"url":"https:\/\/denizcankizil.tr\/ru\/author\/denizcankizil\/"}]}},"_links":{"self":[{"href":"https:\/\/denizcankizil.tr\/ru\/wp-json\/wp\/v2\/posts\/27816","targetHints":{"allow":["GET"]}}],"collection":[{"href":"https:\/\/denizcankizil.tr\/ru\/wp-json\/wp\/v2\/posts"}],"about":[{"href":"https:\/\/denizcankizil.tr\/ru\/wp-json\/wp\/v2\/types\/post"}],"author":[{"embeddable":true,"href":"https:\/\/denizcankizil.tr\/ru\/wp-json\/wp\/v2\/users\/4"}],"replies":[{"embeddable":true,"href":"https:\/\/denizcankizil.tr\/ru\/wp-json\/wp\/v2\/comments?post=27816"}],"version-history":[{"count":0,"href":"https:\/\/denizcankizil.tr\/ru\/wp-json\/wp\/v2\/posts\/27816\/revisions"}],"wp:attachment":[{"href":"https:\/\/denizcankizil.tr\/ru\/wp-json\/wp\/v2\/media?parent=27816"}],"wp:term":[{"taxonomy":"category","embeddable":true,"href":"https:\/\/denizcankizil.tr\/ru\/wp-json\/wp\/v2\/categories?post=27816"},{"taxonomy":"post_tag","embeddable":true,"href":"https:\/\/denizcankizil.tr\/ru\/wp-json\/wp\/v2\/tags?post=27816"}],"curies":[{"name":"wp","href":"https:\/\/api.w.org\/{rel}","templated":true}]}}