{"id":27400,"date":"2025-01-25T12:41:41","date_gmt":"2025-01-25T09:41:41","guid":{"rendered":"https:\/\/denizcankizil.tr\/uncategorized-tr\/belediye-baskani-savas-kalaycinin-kazim-karabekir-pasayi-anma-mesaji\/"},"modified":"2025-01-25T12:41:41","modified_gmt":"2025-01-25T09:41:41","slug":"belediye-baskani-savas-kalaycinin-kazim-karabekir-pasayi-anma-mesaji","status":"publish","type":"post","link":"https:\/\/denizcankizil.tr\/ru\/haberler\/gundem\/belediye-baskani-savas-kalaycinin-kazim-karabekir-pasayi-anma-mesaji\/","title":{"rendered":"Belediye ba\u015fkan\u0131 sava\u015f kalayc\u0131\u2019n\u0131n kaz\u0131m karabekir pa\u015fa\u2019y\u0131 anma mesaj\u0131"},"content":{"rendered":"<p>Karaman Belediye Ba\u015fkan\u0131 Sava\u015f Kalayc\u0131, Kurtulu\u015f Sava\u015f\u0131\u2019n\u0131n kahraman komutanlar\u0131ndan ve T\u00fcrkiye Cumhuriyeti\u2019nin \u00f6nemli devlet adamlar\u0131ndan Kaz\u0131m Karabekir Pa\u015fa\u2019n\u0131n vefat\u0131n\u0131n 77. y\u0131ld\u00f6n\u00fcm\u00fc dolay\u0131s\u0131yla bir anma mesaj\u0131 yay\u0131mlad\u0131.<\/p>\n<p>\u200bKaraman Belediye Ba\u015fkan\u0131 Sava\u015f Kalayc\u0131, Kurtulu\u015f Sava\u015f\u0131\u2019n\u0131n kahraman komutanlar\u0131ndan ve T\u00fcrkiye Cumhuriyeti\u2019nin \u00f6nemli devlet adamlar\u0131ndan Kaz\u0131m Karabekir Pa\u015fa\u2019n\u0131n vefat\u0131n\u0131n 77. y\u0131ld\u00f6n\u00fcm\u00fc dolay\u0131s\u0131yla bir anma mesaj\u0131 yay\u0131mlad\u0131.\u00a0<\/p>\n<p>\u200bHaberin Al\u0131nt\u0131land\u0131\u011f\u0131 Kaynak: www.iskenderun.org<\/p>","protected":false},"excerpt":{"rendered":"<p>Karaman Belediye Ba\u015fkan\u0131 Sava\u015f Kalayc\u0131, Kurtulu\u015f Sava\u015f\u0131\u2019n\u0131n kahraman komutanlar\u0131ndan ve T\u00fcrkiye Cumhuriyeti\u2019nin \u00f6nemli devlet adamlar\u0131ndan Kaz\u0131m Karabekir Pa\u015fa\u2019n\u0131n vefat\u0131n\u0131n 77. y\u0131ld\u00f6n\u00fcm\u00fc dolay\u0131s\u0131yla bir anma mesaj\u0131 yay\u0131mlad\u0131. \u200bKaraman Belediye Ba\u015fkan\u0131 Sava\u015f Kalayc\u0131, Kurtulu\u015f Sava\u015f\u0131\u2019n\u0131n kahraman komutanlar\u0131ndan ve T\u00fcrkiye Cumhuriyeti\u2019nin \u00f6nemli devlet adamlar\u0131ndan Kaz\u0131m Karabekir Pa\u015fa\u2019n\u0131n vefat\u0131n\u0131n 77. y\u0131ld\u00f6n\u00fcm\u00fc dolay\u0131s\u0131yla bir anma mesaj\u0131 yay\u0131mlad\u0131.\u00a0 \u200bHaberin Al\u0131nt\u0131land\u0131\u011f\u0131 Kaynak: www.iskenderun.org<\/p>","protected":false},"author":1,"featured_media":0,"comment_status":"open","ping_status":"open","sticky":false,"template":"","format":"standard","meta":{"_acf_changed":false,"footnotes":""},"categories":[24],"tags":[],"class_list":["post-27400","post","type-post","status-publish","format-standard","has-post-thumbnail","hentry","category-gundem"],"acf":[],"yoast_head":"<!-- This site is optimized with the Yoast SEO Premium plugin v26.6 (Yoast SEO v27.1.1) - https:\/\/yoast.com\/product\/yoast-seo-premium-wordpress\/ -->\n<title>Belediye ba\u015fkan\u0131 sava\u015f kalayc\u0131\u2019n\u0131n kaz\u0131m karabekir pa\u015fa\u2019y\u0131 anma mesaj\u0131 - Av. Deniz Can K\u0131z\u0131l<\/title>\n<meta name=\"robots\" content=\"index, follow, max-snippet:-1, max-image-preview:large, max-video-preview:-1\" \/>\n<link rel=\"canonical\" href=\"https:\/\/denizcankizil.tr\/ru\/haberler\/gundem\/belediye-baskani-savas-kalaycinin-kazim-karabekir-pasayi-anma-mesaji\/\" \/>\n<meta property=\"og:locale\" content=\"ru_RU\" \/>\n<meta property=\"og:type\" content=\"article\" \/>\n<meta property=\"og:title\" content=\"Belediye ba\u015fkan\u0131 sava\u015f kalayc\u0131\u2019n\u0131n kaz\u0131m karabekir pa\u015fa\u2019y\u0131 anma mesaj\u0131\" \/>\n<meta property=\"og:description\" content=\"Karaman Belediye Ba\u015fkan\u0131 Sava\u015f Kalayc\u0131, Kurtulu\u015f Sava\u015f\u0131\u2019n\u0131n kahraman komutanlar\u0131ndan ve T\u00fcrkiye Cumhuriyeti\u2019nin \u00f6nemli devlet adamlar\u0131ndan Kaz\u0131m Karabekir Pa\u015fa\u2019n\u0131n vefat\u0131n\u0131n 77. y\u0131ld\u00f6n\u00fcm\u00fc dolay\u0131s\u0131yla bir anma mesaj\u0131 yay\u0131mlad\u0131. \u200bKaraman Belediye Ba\u015fkan\u0131 Sava\u015f Kalayc\u0131, Kurtulu\u015f Sava\u015f\u0131\u2019n\u0131n kahraman komutanlar\u0131ndan ve T\u00fcrkiye Cumhuriyeti\u2019nin \u00f6nemli devlet adamlar\u0131ndan Kaz\u0131m Karabekir Pa\u015fa\u2019n\u0131n vefat\u0131n\u0131n 77. y\u0131ld\u00f6n\u00fcm\u00fc dolay\u0131s\u0131yla bir anma mesaj\u0131 yay\u0131mlad\u0131.\u00a0 \u200bHaberin Al\u0131nt\u0131land\u0131\u011f\u0131 Kaynak: www.iskenderun.org\" \/>\n<meta property=\"og:url\" content=\"https:\/\/denizcankizil.tr\/ru\/haberler\/gundem\/belediye-baskani-savas-kalaycinin-kazim-karabekir-pasayi-anma-mesaji\/\" \/>\n<meta property=\"og:site_name\" content=\"Av. Deniz Can K\u0131z\u0131l\" \/>\n<meta property=\"article:published_time\" content=\"2025-01-25T09:41:41+00:00\" \/>\n<meta name=\"author\" content=\"admin\" \/>\n<meta name=\"twitter:card\" content=\"summary_large_image\" \/>\n<meta name=\"twitter:label1\" content=\"\u041d\u0430\u043f\u0438\u0441\u0430\u043d\u043e \u0430\u0432\u0442\u043e\u0440\u043e\u043c\" \/>\n\t<meta name=\"twitter:data1\" content=\"admin\" \/>\n<script type=\"application\/ld+json\" class=\"yoast-schema-graph\">{\"@context\":\"https:\/\/schema.org\",\"@graph\":[{\"@type\":\"Article\",\"@id\":\"https:\/\/denizcankizil.tr\/ru\/haberler\/gundem\/belediye-baskani-savas-kalaycinin-kazim-karabekir-pasayi-anma-mesaji\/#article\",\"isPartOf\":{\"@id\":\"https:\/\/denizcankizil.tr\/ru\/haberler\/gundem\/belediye-baskani-savas-kalaycinin-kazim-karabekir-pasayi-anma-mesaji\/\"},\"author\":{\"name\":\"admin\",\"@id\":\"https:\/\/denizcankizil.tr\/de\/#\/schema\/person\/be3c05fe6a12686905512445d8185489\"},\"headline\":\"Belediye ba\u015fkan\u0131 sava\u015f kalayc\u0131\u2019n\u0131n kaz\u0131m karabekir pa\u015fa\u2019y\u0131 anma mesaj\u0131\",\"datePublished\":\"2025-01-25T09:41:41+00:00\",\"mainEntityOfPage\":{\"@id\":\"https:\/\/denizcankizil.tr\/ru\/haberler\/gundem\/belediye-baskani-savas-kalaycinin-kazim-karabekir-pasayi-anma-mesaji\/\"},\"wordCount\":111,\"commentCount\":0,\"publisher\":{\"@id\":\"https:\/\/denizcankizil.tr\/de\/#organization\"},\"articleSection\":[\"G\u00fcndem\"],\"inLanguage\":\"ru-RU\",\"potentialAction\":[{\"@type\":\"CommentAction\",\"name\":\"Comment\",\"target\":[\"https:\/\/denizcankizil.tr\/ru\/haberler\/gundem\/belediye-baskani-savas-kalaycinin-kazim-karabekir-pasayi-anma-mesaji\/#respond\"]}]},{\"@type\":\"WebPage\",\"@id\":\"https:\/\/denizcankizil.tr\/ru\/haberler\/gundem\/belediye-baskani-savas-kalaycinin-kazim-karabekir-pasayi-anma-mesaji\/\",\"url\":\"https:\/\/denizcankizil.tr\/ru\/haberler\/gundem\/belediye-baskani-savas-kalaycinin-kazim-karabekir-pasayi-anma-mesaji\/\",\"name\":\"Belediye ba\u015fkan\u0131 sava\u015f kalayc\u0131\u2019n\u0131n kaz\u0131m karabekir pa\u015fa\u2019y\u0131 anma mesaj\u0131 - Av. Deniz Can K\u0131z\u0131l\",\"isPartOf\":{\"@id\":\"https:\/\/denizcankizil.tr\/de\/#website\"},\"datePublished\":\"2025-01-25T09:41:41+00:00\",\"breadcrumb\":{\"@id\":\"https:\/\/denizcankizil.tr\/ru\/haberler\/gundem\/belediye-baskani-savas-kalaycinin-kazim-karabekir-pasayi-anma-mesaji\/#breadcrumb\"},\"inLanguage\":\"ru-RU\",\"potentialAction\":[{\"@type\":\"ReadAction\",\"target\":[\"https:\/\/denizcankizil.tr\/ru\/haberler\/gundem\/belediye-baskani-savas-kalaycinin-kazim-karabekir-pasayi-anma-mesaji\/\"]}]},{\"@type\":\"BreadcrumbList\",\"@id\":\"https:\/\/denizcankizil.tr\/ru\/haberler\/gundem\/belediye-baskani-savas-kalaycinin-kazim-karabekir-pasayi-anma-mesaji\/#breadcrumb\",\"itemListElement\":[{\"@type\":\"ListItem\",\"position\":1,\"name\":\"Home\",\"item\":\"https:\/\/denizcankizil.tr\/de\/\"},{\"@type\":\"ListItem\",\"position\":2,\"name\":\"Belediye ba\u015fkan\u0131 sava\u015f kalayc\u0131\u2019n\u0131n kaz\u0131m karabekir pa\u015fa\u2019y\u0131 anma mesaj\u0131\"}]},{\"@type\":\"WebSite\",\"@id\":\"https:\/\/denizcankizil.tr\/de\/#website\",\"url\":\"https:\/\/denizcankizil.tr\/de\/\",\"name\":\"Av. Deniz Can K\u0131z\u0131l\",\"description\":\"Avukat Deniz Can K\u0131z\u0131l Antalya Barosu\",\"publisher\":{\"@id\":\"https:\/\/denizcankizil.tr\/de\/#organization\"},\"potentialAction\":[{\"@type\":\"SearchAction\",\"target\":{\"@type\":\"EntryPoint\",\"urlTemplate\":\"https:\/\/denizcankizil.tr\/de\/?s={search_term_string}\"},\"query-input\":{\"@type\":\"PropertyValueSpecification\",\"valueRequired\":true,\"valueName\":\"search_term_string\"}}],\"inLanguage\":\"ru-RU\"},{\"@type\":\"Organization\",\"@id\":\"https:\/\/denizcankizil.tr\/de\/#organization\",\"name\":\"Av. Deniz Can K\u0131z\u0131l\",\"url\":\"https:\/\/denizcankizil.tr\/de\/\",\"logo\":{\"@type\":\"ImageObject\",\"inLanguage\":\"ru-RU\",\"@id\":\"https:\/\/denizcankizil.tr\/de\/#\/schema\/logo\/image\/\",\"url\":\"https:\/\/denizcankizil.tr\/wp-content\/uploads\/2024\/10\/siyah-logo-svg.svg\",\"contentUrl\":\"https:\/\/denizcankizil.tr\/wp-content\/uploads\/2024\/10\/siyah-logo-svg.svg\",\"width\":1080,\"height\":1080,\"caption\":\"Av. Deniz Can K\u0131z\u0131l\"},\"image\":{\"@id\":\"https:\/\/denizcankizil.tr\/de\/#\/schema\/logo\/image\/\"}},{\"@type\":\"Person\",\"@id\":\"https:\/\/denizcankizil.tr\/de\/#\/schema\/person\/be3c05fe6a12686905512445d8185489\",\"name\":\"admin\",\"image\":{\"@type\":\"ImageObject\",\"inLanguage\":\"ru-RU\",\"@id\":\"https:\/\/denizcankizil.tr\/de\/#\/schema\/person\/image\/\",\"url\":\"https:\/\/secure.gravatar.com\/avatar\/c1fce94c830dc79107e174f890d7210541c4a63e8e5d816341794a2151c9d58c?s=96&d=mm&r=g\",\"contentUrl\":\"https:\/\/secure.gravatar.com\/avatar\/c1fce94c830dc79107e174f890d7210541c4a63e8e5d816341794a2151c9d58c?s=96&d=mm&r=g\",\"caption\":\"admin\"},\"sameAs\":[\"http:\/\/denizcankizil.tr\"],\"url\":\"https:\/\/www.iskenderun.org\/belediye-baskani-savas-kalaycinin-kazim-karabekir-pasayi-anma-mesaji\"}]}<\/script>\n<!-- \/ Yoast SEO Premium plugin. -->","yoast_head_json":{"title":"Belediye ba\u015fkan\u0131 sava\u015f kalayc\u0131\u2019n\u0131n kaz\u0131m karabekir pa\u015fa\u2019y\u0131 anma mesaj\u0131 - Av. Deniz Can K\u0131z\u0131l","robots":{"index":"index","follow":"follow","max-snippet":"max-snippet:-1","max-image-preview":"max-image-preview:large","max-video-preview":"max-video-preview:-1"},"canonical":"https:\/\/denizcankizil.tr\/ru\/haberler\/gundem\/belediye-baskani-savas-kalaycinin-kazim-karabekir-pasayi-anma-mesaji\/","og_locale":"ru_RU","og_type":"article","og_title":"Belediye ba\u015fkan\u0131 sava\u015f kalayc\u0131\u2019n\u0131n kaz\u0131m karabekir pa\u015fa\u2019y\u0131 anma mesaj\u0131","og_description":"Karaman Belediye Ba\u015fkan\u0131 Sava\u015f Kalayc\u0131, Kurtulu\u015f Sava\u015f\u0131\u2019n\u0131n kahraman komutanlar\u0131ndan ve T\u00fcrkiye Cumhuriyeti\u2019nin \u00f6nemli devlet adamlar\u0131ndan Kaz\u0131m Karabekir Pa\u015fa\u2019n\u0131n vefat\u0131n\u0131n 77. y\u0131ld\u00f6n\u00fcm\u00fc dolay\u0131s\u0131yla bir anma mesaj\u0131 yay\u0131mlad\u0131. \u200bKaraman Belediye Ba\u015fkan\u0131 Sava\u015f Kalayc\u0131, Kurtulu\u015f Sava\u015f\u0131\u2019n\u0131n kahraman komutanlar\u0131ndan ve T\u00fcrkiye Cumhuriyeti\u2019nin \u00f6nemli devlet adamlar\u0131ndan Kaz\u0131m Karabekir Pa\u015fa\u2019n\u0131n vefat\u0131n\u0131n 77. y\u0131ld\u00f6n\u00fcm\u00fc dolay\u0131s\u0131yla bir anma mesaj\u0131 yay\u0131mlad\u0131.\u00a0 \u200bHaberin Al\u0131nt\u0131land\u0131\u011f\u0131 Kaynak: www.iskenderun.org","og_url":"https:\/\/denizcankizil.tr\/ru\/haberler\/gundem\/belediye-baskani-savas-kalaycinin-kazim-karabekir-pasayi-anma-mesaji\/","og_site_name":"Av. Deniz Can K\u0131z\u0131l","article_published_time":"2025-01-25T09:41:41+00:00","author":"admin","twitter_card":"summary_large_image","twitter_misc":{"\u041d\u0430\u043f\u0438\u0441\u0430\u043d\u043e \u0430\u0432\u0442\u043e\u0440\u043e\u043c":"admin"},"schema":{"@context":"https:\/\/schema.org","@graph":[{"@type":"Article","@id":"https:\/\/denizcankizil.tr\/ru\/haberler\/gundem\/belediye-baskani-savas-kalaycinin-kazim-karabekir-pasayi-anma-mesaji\/#article","isPartOf":{"@id":"https:\/\/denizcankizil.tr\/ru\/haberler\/gundem\/belediye-baskani-savas-kalaycinin-kazim-karabekir-pasayi-anma-mesaji\/"},"author":{"name":"admin","@id":"https:\/\/denizcankizil.tr\/de\/#\/schema\/person\/be3c05fe6a12686905512445d8185489"},"headline":"Belediye ba\u015fkan\u0131 sava\u015f kalayc\u0131\u2019n\u0131n kaz\u0131m karabekir pa\u015fa\u2019y\u0131 anma mesaj\u0131","datePublished":"2025-01-25T09:41:41+00:00","mainEntityOfPage":{"@id":"https:\/\/denizcankizil.tr\/ru\/haberler\/gundem\/belediye-baskani-savas-kalaycinin-kazim-karabekir-pasayi-anma-mesaji\/"},"wordCount":111,"commentCount":0,"publisher":{"@id":"https:\/\/denizcankizil.tr\/de\/#organization"},"articleSection":["G\u00fcndem"],"inLanguage":"ru-RU","potentialAction":[{"@type":"CommentAction","name":"Comment","target":["https:\/\/denizcankizil.tr\/ru\/haberler\/gundem\/belediye-baskani-savas-kalaycinin-kazim-karabekir-pasayi-anma-mesaji\/#respond"]}]},{"@type":"WebPage","@id":"https:\/\/denizcankizil.tr\/ru\/haberler\/gundem\/belediye-baskani-savas-kalaycinin-kazim-karabekir-pasayi-anma-mesaji\/","url":"https:\/\/denizcankizil.tr\/ru\/haberler\/gundem\/belediye-baskani-savas-kalaycinin-kazim-karabekir-pasayi-anma-mesaji\/","name":"Belediye ba\u015fkan\u0131 sava\u015f kalayc\u0131\u2019n\u0131n kaz\u0131m karabekir pa\u015fa\u2019y\u0131 anma mesaj\u0131 - Av. Deniz Can K\u0131z\u0131l","isPartOf":{"@id":"https:\/\/denizcankizil.tr\/de\/#website"},"datePublished":"2025-01-25T09:41:41+00:00","breadcrumb":{"@id":"https:\/\/denizcankizil.tr\/ru\/haberler\/gundem\/belediye-baskani-savas-kalaycinin-kazim-karabekir-pasayi-anma-mesaji\/#breadcrumb"},"inLanguage":"ru-RU","potentialAction":[{"@type":"ReadAction","target":["https:\/\/denizcankizil.tr\/ru\/haberler\/gundem\/belediye-baskani-savas-kalaycinin-kazim-karabekir-pasayi-anma-mesaji\/"]}]},{"@type":"BreadcrumbList","@id":"https:\/\/denizcankizil.tr\/ru\/haberler\/gundem\/belediye-baskani-savas-kalaycinin-kazim-karabekir-pasayi-anma-mesaji\/#breadcrumb","itemListElement":[{"@type":"ListItem","position":1,"name":"Home","item":"https:\/\/denizcankizil.tr\/de\/"},{"@type":"ListItem","position":2,"name":"Belediye ba\u015fkan\u0131 sava\u015f kalayc\u0131\u2019n\u0131n kaz\u0131m karabekir pa\u015fa\u2019y\u0131 anma mesaj\u0131"}]},{"@type":"WebSite","@id":"https:\/\/denizcankizil.tr\/de\/#website","url":"https:\/\/denizcankizil.tr\/de\/","name":"Av. Deniz Can K\u0131z\u0131l","description":"Avukat Deniz Can K\u0131z\u0131l Antalya Barosu","publisher":{"@id":"https:\/\/denizcankizil.tr\/de\/#organization"},"potentialAction":[{"@type":"SearchAction","target":{"@type":"EntryPoint","urlTemplate":"https:\/\/denizcankizil.tr\/de\/?s={search_term_string}"},"query-input":{"@type":"PropertyValueSpecification","valueRequired":true,"valueName":"search_term_string"}}],"inLanguage":"ru-RU"},{"@type":"Organization","@id":"https:\/\/denizcankizil.tr\/de\/#organization","name":"Av. Deniz Can K\u0131z\u0131l","url":"https:\/\/denizcankizil.tr\/de\/","logo":{"@type":"ImageObject","inLanguage":"ru-RU","@id":"https:\/\/denizcankizil.tr\/de\/#\/schema\/logo\/image\/","url":"https:\/\/denizcankizil.tr\/wp-content\/uploads\/2024\/10\/siyah-logo-svg.svg","contentUrl":"https:\/\/denizcankizil.tr\/wp-content\/uploads\/2024\/10\/siyah-logo-svg.svg","width":1080,"height":1080,"caption":"Av. Deniz Can K\u0131z\u0131l"},"image":{"@id":"https:\/\/denizcankizil.tr\/de\/#\/schema\/logo\/image\/"}},{"@type":"Person","@id":"https:\/\/denizcankizil.tr\/de\/#\/schema\/person\/be3c05fe6a12686905512445d8185489","name":"\u0430\u0434\u043c\u0438\u043d","image":{"@type":"ImageObject","inLanguage":"ru-RU","@id":"https:\/\/denizcankizil.tr\/de\/#\/schema\/person\/image\/","url":"https:\/\/secure.gravatar.com\/avatar\/c1fce94c830dc79107e174f890d7210541c4a63e8e5d816341794a2151c9d58c?s=96&d=mm&r=g","contentUrl":"https:\/\/secure.gravatar.com\/avatar\/c1fce94c830dc79107e174f890d7210541c4a63e8e5d816341794a2151c9d58c?s=96&d=mm&r=g","caption":"admin"},"sameAs":["http:\/\/denizcankizil.tr"],"url":"https:\/\/www.iskenderun.org\/belediye-baskani-savas-kalaycinin-kazim-karabekir-pasayi-anma-mesaji"}]}},"_links":{"self":[{"href":"https:\/\/denizcankizil.tr\/ru\/wp-json\/wp\/v2\/posts\/27400","targetHints":{"allow":["GET"]}}],"collection":[{"href":"https:\/\/denizcankizil.tr\/ru\/wp-json\/wp\/v2\/posts"}],"about":[{"href":"https:\/\/denizcankizil.tr\/ru\/wp-json\/wp\/v2\/types\/post"}],"author":[{"embeddable":true,"href":"https:\/\/denizcankizil.tr\/ru\/wp-json\/wp\/v2\/users\/1"}],"replies":[{"embeddable":true,"href":"https:\/\/denizcankizil.tr\/ru\/wp-json\/wp\/v2\/comments?post=27400"}],"version-history":[{"count":0,"href":"https:\/\/denizcankizil.tr\/ru\/wp-json\/wp\/v2\/posts\/27400\/revisions"}],"wp:attachment":[{"href":"https:\/\/denizcankizil.tr\/ru\/wp-json\/wp\/v2\/media?parent=27400"}],"wp:term":[{"taxonomy":"category","embeddable":true,"href":"https:\/\/denizcankizil.tr\/ru\/wp-json\/wp\/v2\/categories?post=27400"},{"taxonomy":"post_tag","embeddable":true,"href":"https:\/\/denizcankizil.tr\/ru\/wp-json\/wp\/v2\/tags?post=27400"}],"curies":[{"name":"wp","href":"https:\/\/api.w.org\/{rel}","templated":true}]}}