{"id":27236,"date":"2025-01-24T17:41:13","date_gmt":"2025-01-24T14:41:13","guid":{"rendered":"https:\/\/denizcankizil.tr\/uncategorized-tr\/antalyada-erzurum-gunleri-basladi\/"},"modified":"2025-01-24T17:41:13","modified_gmt":"2025-01-24T14:41:13","slug":"antalyada-erzurum-gunleri-basladi","status":"publish","type":"post","link":"https:\/\/denizcankizil.tr\/ru\/haberler\/antalya\/antalyada-erzurum-gunleri-basladi\/","title":{"rendered":"Antalya&#8217;da &#8216;Erzurum G\u00fcnleri&#8217; ba\u015flad\u0131"},"content":{"rendered":"<p>Kepez Belediye Ba\u015fkan\u0131 Mesut Kocag\u00f6z, 3. Antalya Erzurum G\u00fcnleri&#8217;nin a\u00e7\u0131l\u0131\u015f\u0131na kat\u0131ld\u0131. Antalya Erzurumlular Derne\u011fi taraf\u0131ndan Cam Piramit Fuar ve Kongre Merkezi&#8217;nde d\u00fczenlenen etkinlikte kentin k\u00fclt\u00fcrel miras\u0131 ve e\u015fsiz lezzetleri ziyaret\u00e7ilere tan\u0131t\u0131ld\u0131. Ba\u015fkan Kocag\u00f6z, Erzurum&#8217;un \u00e7e\u00e7il peynirinden bal\u0131na, kuru fasulyesinden ca\u011f kebab\u0131na kadar bir\u00e7ok y\u00f6resel \u00fcr\u00fcn\u00fcn tan\u0131t\u0131ld\u0131\u011f\u0131 stantlar\u0131 tek tek gezdi. Esnafa hay\u0131rl\u0131 i\u015fler, bol kazan\u00e7lar diledi. Yemek yiyen vatanda\u015flara da afiyet olsun dileklerini iletti. Vatanda\u015flar\u0131n yo\u011fun ilgi g\u00f6sterdi\u011fi ca\u011f kebab\u0131 stand\u0131na u\u011frad\u0131. Antalya Erzurumlular Derne\u011fi Ba\u015fkan\u0131 Nihat \u00d6zt\u00fcrk, Konyaalt\u0131 Belediye Ba\u015fkan\u0131 Cem Kotan ile birlikte Erzurum&#8217;un me\u015fhur odun ate\u015finde pi\u015firilen ca\u011f kebab\u0131n\u0131 tatt\u0131. Ayr\u0131ca, siyah renkli Oltu ta\u015f\u0131 tespihlere de g\u00f6z atan Ba\u015fkan Kocag\u00f6z, \u201cHepsi birbirinden g\u00fczel ve \u00e7ok k\u0131ymetli\u201d diyerek tespih ustas\u0131n\u0131 eme\u011finden dolay\u0131 tebrik etti.<\/p>\n<p>\u201cT\u00fcrkiye&#8217;nin en \u00f6nemli \u015fehirlerinden biri\u201d<br \/>\nBa\u015fkan Mesut Kocag\u00f6z, 2025 y\u0131l\u0131nda Ekonomik \u0130\u015f Birli\u011fi Te\u015fkilat\u0131 (E\u0130T) \u00fcye devletleri taraf\u0131ndan Turizm Ba\u015fkenti se\u00e7ilen Erzurum&#8217;un, tarihi, k\u00fclt\u00fcrel ve gastronomik zenginliklerini Antalya&#8217;da tan\u0131tman\u0131n \u00f6nemine vurgu yapt\u0131. Antalya&#8217;n\u0131n, Erzurumlu vatanda\u015flar\u0131n en fazla ya\u015fad\u0131\u011f\u0131 illerden biri oldu\u011funu hat\u0131rlatan Ba\u015fkan Kocag\u00f6z, bu t\u00fcr etkinliklerin hem\u015fehri dayan\u0131\u015fmas\u0131n\u0131 peki\u015ftirdi\u011fini belirtti. Erzurum&#8217;un tarihi, do\u011fas\u0131 ve e\u015fsiz mutfa\u011f\u0131yla T\u00fcrkiye&#8217;nin en \u00f6nemli \u015fehirlerinden biri oldu\u011funu belirten Ba\u015fkan Kocag\u00f6z, Antalya&#8217;da ya\u015fayan Erzurumlu vatanda\u015flar\u0131m\u0131z i\u00e7in bu t\u00fcr etkinliklerin devam etmesi gerekti\u011fini s\u00f6yledi. 1.248 kilometre uzakl\u0131ktaki bu e\u015fsiz \u015fehrin k\u00fclt\u00fcrel miras\u0131n\u0131n ve lezzetlerinin Antalya&#8217;ya ta\u015f\u0131nmas\u0131n\u0131n ayr\u0131ca k\u0131ymetli oldu\u011funu dile getirdi.<br \/>\nErzurum g\u00fcnlerinin 26 Ocak tarihine kadar devam edilece\u011fi bildirildi.<\/p>\n<p>Kaynak: www.kanalv.com.tr Haber Sitesinden Al\u0131nm\u0131\u015ft\u0131r.<\/p>","protected":false},"excerpt":{"rendered":"<p>Kepez Belediye Ba\u015fkan\u0131 Mesut Kocag\u00f6z, 3. Antalya Erzurum G\u00fcnleri&#8217;nin a\u00e7\u0131l\u0131\u015f\u0131na kat\u0131ld\u0131. Antalya Erzurumlular Derne\u011fi taraf\u0131ndan Cam Piramit Fuar ve Kongre Merkezi&#8217;nde d\u00fczenlenen etkinlikte kentin k\u00fclt\u00fcrel miras\u0131 ve e\u015fsiz lezzetleri ziyaret\u00e7ilere tan\u0131t\u0131ld\u0131. Ba\u015fkan Kocag\u00f6z, Erzurum&#8217;un \u00e7e\u00e7il peynirinden bal\u0131na, kuru fasulyesinden ca\u011f kebab\u0131na kadar bir\u00e7ok y\u00f6resel \u00fcr\u00fcn\u00fcn tan\u0131t\u0131ld\u0131\u011f\u0131 stantlar\u0131 tek tek gezdi. Esnafa hay\u0131rl\u0131 i\u015fler, bol kazan\u00e7lar diledi. Yemek yiyen vatanda\u015flara da afiyet olsun dileklerini iletti. Vatanda\u015flar\u0131n yo\u011fun ilgi g\u00f6sterdi\u011fi ca\u011f kebab\u0131 stand\u0131na u\u011frad\u0131. Antalya Erzurumlular Derne\u011fi Ba\u015fkan\u0131 Nihat \u00d6zt\u00fcrk, Konyaalt\u0131 Belediye Ba\u015fkan\u0131 Cem Kotan ile birlikte Erzurum&#8217;un me\u015fhur odun ate\u015finde pi\u015firilen ca\u011f kebab\u0131n\u0131 tatt\u0131. Ayr\u0131ca, siyah renkli Oltu ta\u015f\u0131 tespihlere de g\u00f6z atan Ba\u015fkan Kocag\u00f6z, \u201cHepsi birbirinden g\u00fczel ve \u00e7ok k\u0131ymetli\u201d diyerek tespih ustas\u0131n\u0131 eme\u011finden dolay\u0131 tebrik etti. \u201cT\u00fcrkiye&#8217;nin en \u00f6nemli \u015fehirlerinden biri\u201d Ba\u015fkan Mesut Kocag\u00f6z, 2025 y\u0131l\u0131nda Ekonomik \u0130\u015f Birli\u011fi Te\u015fkilat\u0131 (E\u0130T) \u00fcye devletleri taraf\u0131ndan Turizm Ba\u015fkenti se\u00e7ilen Erzurum&#8217;un, tarihi, k\u00fclt\u00fcrel ve gastronomik zenginliklerini Antalya&#8217;da tan\u0131tman\u0131n \u00f6nemine vurgu yapt\u0131. Antalya&#8217;n\u0131n, Erzurumlu vatanda\u015flar\u0131n en fazla ya\u015fad\u0131\u011f\u0131 illerden biri oldu\u011funu hat\u0131rlatan Ba\u015fkan Kocag\u00f6z, bu t\u00fcr etkinliklerin hem\u015fehri dayan\u0131\u015fmas\u0131n\u0131 peki\u015ftirdi\u011fini belirtti. Erzurum&#8217;un tarihi, do\u011fas\u0131 ve e\u015fsiz mutfa\u011f\u0131yla T\u00fcrkiye&#8217;nin en \u00f6nemli \u015fehirlerinden biri oldu\u011funu belirten Ba\u015fkan Kocag\u00f6z, Antalya&#8217;da ya\u015fayan Erzurumlu vatanda\u015flar\u0131m\u0131z i\u00e7in bu t\u00fcr etkinliklerin devam etmesi gerekti\u011fini s\u00f6yledi. 1.248 kilometre uzakl\u0131ktaki bu e\u015fsiz &hellip;<\/p>","protected":false},"author":4,"featured_media":27237,"comment_status":"open","ping_status":"open","sticky":false,"template":"","format":"standard","meta":{"_acf_changed":false,"footnotes":""},"categories":[26],"tags":[],"class_list":["post-27236","post","type-post","status-publish","format-standard","has-post-thumbnail","hentry","category-antalya"],"acf":[],"yoast_head":"<!-- This site is optimized with the Yoast SEO Premium plugin v26.6 (Yoast SEO v27.1.1) - https:\/\/yoast.com\/product\/yoast-seo-premium-wordpress\/ -->\n<title>Antalya&#039;da &#039;Erzurum G\u00fcnleri&#039; ba\u015flad\u0131 - Av. Deniz Can K\u0131z\u0131l<\/title>\n<meta name=\"robots\" content=\"index, follow, max-snippet:-1, max-image-preview:large, max-video-preview:-1\" \/>\n<link rel=\"canonical\" href=\"https:\/\/denizcankizil.tr\/ru\/haberler\/antalya\/antalyada-erzurum-gunleri-basladi\/\" \/>\n<meta property=\"og:locale\" content=\"ru_RU\" \/>\n<meta property=\"og:type\" content=\"article\" \/>\n<meta property=\"og:title\" content=\"Antalya&#039;da &#039;Erzurum G\u00fcnleri&#039; ba\u015flad\u0131\" \/>\n<meta property=\"og:description\" content=\"Kepez Belediye Ba\u015fkan\u0131 Mesut Kocag\u00f6z, 3. Antalya Erzurum G\u00fcnleri&#8217;nin a\u00e7\u0131l\u0131\u015f\u0131na kat\u0131ld\u0131. Antalya Erzurumlular Derne\u011fi taraf\u0131ndan Cam Piramit Fuar ve Kongre Merkezi&#8217;nde d\u00fczenlenen etkinlikte kentin k\u00fclt\u00fcrel miras\u0131 ve e\u015fsiz lezzetleri ziyaret\u00e7ilere tan\u0131t\u0131ld\u0131. Ba\u015fkan Kocag\u00f6z, Erzurum&#8217;un \u00e7e\u00e7il peynirinden bal\u0131na, kuru fasulyesinden ca\u011f kebab\u0131na kadar bir\u00e7ok y\u00f6resel \u00fcr\u00fcn\u00fcn tan\u0131t\u0131ld\u0131\u011f\u0131 stantlar\u0131 tek tek gezdi. Esnafa hay\u0131rl\u0131 i\u015fler, bol kazan\u00e7lar diledi. Yemek yiyen vatanda\u015flara da afiyet olsun dileklerini iletti. Vatanda\u015flar\u0131n yo\u011fun ilgi g\u00f6sterdi\u011fi ca\u011f kebab\u0131 stand\u0131na u\u011frad\u0131. Antalya Erzurumlular Derne\u011fi Ba\u015fkan\u0131 Nihat \u00d6zt\u00fcrk, Konyaalt\u0131 Belediye Ba\u015fkan\u0131 Cem Kotan ile birlikte Erzurum&#8217;un me\u015fhur odun ate\u015finde pi\u015firilen ca\u011f kebab\u0131n\u0131 tatt\u0131. Ayr\u0131ca, siyah renkli Oltu ta\u015f\u0131 tespihlere de g\u00f6z atan Ba\u015fkan Kocag\u00f6z, \u201cHepsi birbirinden g\u00fczel ve \u00e7ok k\u0131ymetli\u201d diyerek tespih ustas\u0131n\u0131 eme\u011finden dolay\u0131 tebrik etti. \u201cT\u00fcrkiye&#8217;nin en \u00f6nemli \u015fehirlerinden biri\u201d Ba\u015fkan Mesut Kocag\u00f6z, 2025 y\u0131l\u0131nda Ekonomik \u0130\u015f Birli\u011fi Te\u015fkilat\u0131 (E\u0130T) \u00fcye devletleri taraf\u0131ndan Turizm Ba\u015fkenti se\u00e7ilen Erzurum&#8217;un, tarihi, k\u00fclt\u00fcrel ve gastronomik zenginliklerini Antalya&#8217;da tan\u0131tman\u0131n \u00f6nemine vurgu yapt\u0131. Antalya&#8217;n\u0131n, Erzurumlu vatanda\u015flar\u0131n en fazla ya\u015fad\u0131\u011f\u0131 illerden biri oldu\u011funu hat\u0131rlatan Ba\u015fkan Kocag\u00f6z, bu t\u00fcr etkinliklerin hem\u015fehri dayan\u0131\u015fmas\u0131n\u0131 peki\u015ftirdi\u011fini belirtti. Erzurum&#8217;un tarihi, do\u011fas\u0131 ve e\u015fsiz mutfa\u011f\u0131yla T\u00fcrkiye&#8217;nin en \u00f6nemli \u015fehirlerinden biri oldu\u011funu belirten Ba\u015fkan Kocag\u00f6z, Antalya&#8217;da ya\u015fayan Erzurumlu vatanda\u015flar\u0131m\u0131z i\u00e7in bu t\u00fcr etkinliklerin devam etmesi gerekti\u011fini s\u00f6yledi. 1.248 kilometre uzakl\u0131ktaki bu e\u015fsiz &hellip;\" \/>\n<meta property=\"og:url\" content=\"https:\/\/denizcankizil.tr\/ru\/haberler\/antalya\/antalyada-erzurum-gunleri-basladi\/\" \/>\n<meta property=\"og:site_name\" content=\"Av. Deniz Can K\u0131z\u0131l\" \/>\n<meta property=\"article:published_time\" content=\"2025-01-24T14:41:13+00:00\" \/>\n<meta property=\"og:image\" content=\"https:\/\/denizcankizil.tr\/wp-content\/uploads\/2025\/01\/4318-01-5lXfQ0.jpeg\" \/>\n\t<meta property=\"og:image:width\" content=\"1280\" \/>\n\t<meta property=\"og:image:height\" content=\"720\" \/>\n\t<meta property=\"og:image:type\" content=\"image\/jpeg\" \/>\n<meta name=\"author\" content=\"Av. Deniz Can K\u0131z\u0131l\" \/>\n<meta name=\"twitter:card\" content=\"summary_large_image\" \/>\n<meta name=\"twitter:label1\" content=\"\u041d\u0430\u043f\u0438\u0441\u0430\u043d\u043e \u0430\u0432\u0442\u043e\u0440\u043e\u043c\" \/>\n\t<meta name=\"twitter:data1\" content=\"Av. Deniz Can K\u0131z\u0131l\" \/>\n\t<meta name=\"twitter:label2\" content=\"\u041f\u0440\u0438\u043c\u0435\u0440\u043d\u043e\u0435 \u0432\u0440\u0435\u043c\u044f \u0434\u043b\u044f \u0447\u0442\u0435\u043d\u0438\u044f\" \/>\n\t<meta name=\"twitter:data2\" content=\"2 \u043c\u0438\u043d\u0443\u0442\u044b\" \/>\n<script type=\"application\/ld+json\" class=\"yoast-schema-graph\">{\"@context\":\"https:\/\/schema.org\",\"@graph\":[{\"@type\":\"Article\",\"@id\":\"https:\/\/denizcankizil.tr\/ru\/haberler\/antalya\/antalyada-erzurum-gunleri-basladi\/#article\",\"isPartOf\":{\"@id\":\"https:\/\/denizcankizil.tr\/ru\/haberler\/antalya\/antalyada-erzurum-gunleri-basladi\/\"},\"author\":{\"name\":\"Av. Deniz Can K\u0131z\u0131l\",\"@id\":\"https:\/\/denizcankizil.tr\/de\/#\/schema\/person\/5dc1b22991bd7ac833867c10afc9b0ff\"},\"headline\":\"Antalya&#8217;da &#8216;Erzurum G\u00fcnleri&#8217; ba\u015flad\u0131\",\"datePublished\":\"2025-01-24T14:41:13+00:00\",\"mainEntityOfPage\":{\"@id\":\"https:\/\/denizcankizil.tr\/ru\/haberler\/antalya\/antalyada-erzurum-gunleri-basladi\/\"},\"wordCount\":357,\"commentCount\":0,\"publisher\":{\"@id\":\"https:\/\/denizcankizil.tr\/de\/#organization\"},\"image\":{\"@id\":\"https:\/\/denizcankizil.tr\/ru\/haberler\/antalya\/antalyada-erzurum-gunleri-basladi\/#primaryimage\"},\"thumbnailUrl\":\"https:\/\/denizcankizil.tr\/wp-content\/uploads\/2025\/01\/4318-01-5lXfQ0.jpeg\",\"articleSection\":[\"Antalya\"],\"inLanguage\":\"ru-RU\",\"potentialAction\":[{\"@type\":\"CommentAction\",\"name\":\"Comment\",\"target\":[\"https:\/\/denizcankizil.tr\/ru\/haberler\/antalya\/antalyada-erzurum-gunleri-basladi\/#respond\"]}]},{\"@type\":\"WebPage\",\"@id\":\"https:\/\/denizcankizil.tr\/ru\/haberler\/antalya\/antalyada-erzurum-gunleri-basladi\/\",\"url\":\"https:\/\/denizcankizil.tr\/ru\/haberler\/antalya\/antalyada-erzurum-gunleri-basladi\/\",\"name\":\"Antalya'da 'Erzurum G\u00fcnleri' ba\u015flad\u0131 - Av. Deniz Can K\u0131z\u0131l\",\"isPartOf\":{\"@id\":\"https:\/\/denizcankizil.tr\/de\/#website\"},\"primaryImageOfPage\":{\"@id\":\"https:\/\/denizcankizil.tr\/ru\/haberler\/antalya\/antalyada-erzurum-gunleri-basladi\/#primaryimage\"},\"image\":{\"@id\":\"https:\/\/denizcankizil.tr\/ru\/haberler\/antalya\/antalyada-erzurum-gunleri-basladi\/#primaryimage\"},\"thumbnailUrl\":\"https:\/\/denizcankizil.tr\/wp-content\/uploads\/2025\/01\/4318-01-5lXfQ0.jpeg\",\"datePublished\":\"2025-01-24T14:41:13+00:00\",\"breadcrumb\":{\"@id\":\"https:\/\/denizcankizil.tr\/ru\/haberler\/antalya\/antalyada-erzurum-gunleri-basladi\/#breadcrumb\"},\"inLanguage\":\"ru-RU\",\"potentialAction\":[{\"@type\":\"ReadAction\",\"target\":[\"https:\/\/denizcankizil.tr\/ru\/haberler\/antalya\/antalyada-erzurum-gunleri-basladi\/\"]}]},{\"@type\":\"ImageObject\",\"inLanguage\":\"ru-RU\",\"@id\":\"https:\/\/denizcankizil.tr\/ru\/haberler\/antalya\/antalyada-erzurum-gunleri-basladi\/#primaryimage\",\"url\":\"https:\/\/denizcankizil.tr\/wp-content\/uploads\/2025\/01\/4318-01-5lXfQ0.jpeg\",\"contentUrl\":\"https:\/\/denizcankizil.tr\/wp-content\/uploads\/2025\/01\/4318-01-5lXfQ0.jpeg\",\"width\":1280,\"height\":720},{\"@type\":\"BreadcrumbList\",\"@id\":\"https:\/\/denizcankizil.tr\/ru\/haberler\/antalya\/antalyada-erzurum-gunleri-basladi\/#breadcrumb\",\"itemListElement\":[{\"@type\":\"ListItem\",\"position\":1,\"name\":\"Home\",\"item\":\"https:\/\/denizcankizil.tr\/de\/\"},{\"@type\":\"ListItem\",\"position\":2,\"name\":\"Antalya&#8217;da &#8216;Erzurum G\u00fcnleri&#8217; ba\u015flad\u0131\"}]},{\"@type\":\"WebSite\",\"@id\":\"https:\/\/denizcankizil.tr\/de\/#website\",\"url\":\"https:\/\/denizcankizil.tr\/de\/\",\"name\":\"Av. Deniz Can K\u0131z\u0131l\",\"description\":\"Avukat Deniz Can K\u0131z\u0131l Antalya Barosu\",\"publisher\":{\"@id\":\"https:\/\/denizcankizil.tr\/de\/#organization\"},\"potentialAction\":[{\"@type\":\"SearchAction\",\"target\":{\"@type\":\"EntryPoint\",\"urlTemplate\":\"https:\/\/denizcankizil.tr\/de\/?s={search_term_string}\"},\"query-input\":{\"@type\":\"PropertyValueSpecification\",\"valueRequired\":true,\"valueName\":\"search_term_string\"}}],\"inLanguage\":\"ru-RU\"},{\"@type\":\"Organization\",\"@id\":\"https:\/\/denizcankizil.tr\/de\/#organization\",\"name\":\"Av. Deniz Can K\u0131z\u0131l\",\"url\":\"https:\/\/denizcankizil.tr\/de\/\",\"logo\":{\"@type\":\"ImageObject\",\"inLanguage\":\"ru-RU\",\"@id\":\"https:\/\/denizcankizil.tr\/de\/#\/schema\/logo\/image\/\",\"url\":\"https:\/\/denizcankizil.tr\/wp-content\/uploads\/2024\/10\/siyah-logo-svg.svg\",\"contentUrl\":\"https:\/\/denizcankizil.tr\/wp-content\/uploads\/2024\/10\/siyah-logo-svg.svg\",\"width\":1080,\"height\":1080,\"caption\":\"Av. Deniz Can K\u0131z\u0131l\"},\"image\":{\"@id\":\"https:\/\/denizcankizil.tr\/de\/#\/schema\/logo\/image\/\"}},{\"@type\":\"Person\",\"@id\":\"https:\/\/denizcankizil.tr\/de\/#\/schema\/person\/5dc1b22991bd7ac833867c10afc9b0ff\",\"name\":\"Av. Deniz Can K\u0131z\u0131l\",\"image\":{\"@type\":\"ImageObject\",\"inLanguage\":\"ru-RU\",\"@id\":\"https:\/\/denizcankizil.tr\/de\/#\/schema\/person\/image\/\",\"url\":\"https:\/\/secure.gravatar.com\/avatar\/a0b128fb9855c79efc976d5640eedb31dc35ec297594d6016d2cf7c60e975bb6?s=96&d=mm&r=g\",\"contentUrl\":\"https:\/\/secure.gravatar.com\/avatar\/a0b128fb9855c79efc976d5640eedb31dc35ec297594d6016d2cf7c60e975bb6?s=96&d=mm&r=g\",\"caption\":\"Av. Deniz Can K\u0131z\u0131l\"},\"sameAs\":[\"http:\/\/www.denizcankizil.tr\"],\"url\":\"https:\/\/denizcankizil.tr\/ru\/author\/denizcankizil\/\"}]}<\/script>\n<!-- \/ Yoast SEO Premium plugin. -->","yoast_head_json":{"title":"Antalya'da 'Erzurum G\u00fcnleri' ba\u015flad\u0131 - Av. Deniz Can K\u0131z\u0131l","robots":{"index":"index","follow":"follow","max-snippet":"max-snippet:-1","max-image-preview":"max-image-preview:large","max-video-preview":"max-video-preview:-1"},"canonical":"https:\/\/denizcankizil.tr\/ru\/haberler\/antalya\/antalyada-erzurum-gunleri-basladi\/","og_locale":"ru_RU","og_type":"article","og_title":"Antalya'da 'Erzurum G\u00fcnleri' ba\u015flad\u0131","og_description":"Kepez Belediye Ba\u015fkan\u0131 Mesut Kocag\u00f6z, 3. Antalya Erzurum G\u00fcnleri&#8217;nin a\u00e7\u0131l\u0131\u015f\u0131na kat\u0131ld\u0131. Antalya Erzurumlular Derne\u011fi taraf\u0131ndan Cam Piramit Fuar ve Kongre Merkezi&#8217;nde d\u00fczenlenen etkinlikte kentin k\u00fclt\u00fcrel miras\u0131 ve e\u015fsiz lezzetleri ziyaret\u00e7ilere tan\u0131t\u0131ld\u0131. Ba\u015fkan Kocag\u00f6z, Erzurum&#8217;un \u00e7e\u00e7il peynirinden bal\u0131na, kuru fasulyesinden ca\u011f kebab\u0131na kadar bir\u00e7ok y\u00f6resel \u00fcr\u00fcn\u00fcn tan\u0131t\u0131ld\u0131\u011f\u0131 stantlar\u0131 tek tek gezdi. Esnafa hay\u0131rl\u0131 i\u015fler, bol kazan\u00e7lar diledi. Yemek yiyen vatanda\u015flara da afiyet olsun dileklerini iletti. Vatanda\u015flar\u0131n yo\u011fun ilgi g\u00f6sterdi\u011fi ca\u011f kebab\u0131 stand\u0131na u\u011frad\u0131. Antalya Erzurumlular Derne\u011fi Ba\u015fkan\u0131 Nihat \u00d6zt\u00fcrk, Konyaalt\u0131 Belediye Ba\u015fkan\u0131 Cem Kotan ile birlikte Erzurum&#8217;un me\u015fhur odun ate\u015finde pi\u015firilen ca\u011f kebab\u0131n\u0131 tatt\u0131. Ayr\u0131ca, siyah renkli Oltu ta\u015f\u0131 tespihlere de g\u00f6z atan Ba\u015fkan Kocag\u00f6z, \u201cHepsi birbirinden g\u00fczel ve \u00e7ok k\u0131ymetli\u201d diyerek tespih ustas\u0131n\u0131 eme\u011finden dolay\u0131 tebrik etti. \u201cT\u00fcrkiye&#8217;nin en \u00f6nemli \u015fehirlerinden biri\u201d Ba\u015fkan Mesut Kocag\u00f6z, 2025 y\u0131l\u0131nda Ekonomik \u0130\u015f Birli\u011fi Te\u015fkilat\u0131 (E\u0130T) \u00fcye devletleri taraf\u0131ndan Turizm Ba\u015fkenti se\u00e7ilen Erzurum&#8217;un, tarihi, k\u00fclt\u00fcrel ve gastronomik zenginliklerini Antalya&#8217;da tan\u0131tman\u0131n \u00f6nemine vurgu yapt\u0131. Antalya&#8217;n\u0131n, Erzurumlu vatanda\u015flar\u0131n en fazla ya\u015fad\u0131\u011f\u0131 illerden biri oldu\u011funu hat\u0131rlatan Ba\u015fkan Kocag\u00f6z, bu t\u00fcr etkinliklerin hem\u015fehri dayan\u0131\u015fmas\u0131n\u0131 peki\u015ftirdi\u011fini belirtti. Erzurum&#8217;un tarihi, do\u011fas\u0131 ve e\u015fsiz mutfa\u011f\u0131yla T\u00fcrkiye&#8217;nin en \u00f6nemli \u015fehirlerinden biri oldu\u011funu belirten Ba\u015fkan Kocag\u00f6z, Antalya&#8217;da ya\u015fayan Erzurumlu vatanda\u015flar\u0131m\u0131z i\u00e7in bu t\u00fcr etkinliklerin devam etmesi gerekti\u011fini s\u00f6yledi. 1.248 kilometre uzakl\u0131ktaki bu e\u015fsiz &hellip;","og_url":"https:\/\/denizcankizil.tr\/ru\/haberler\/antalya\/antalyada-erzurum-gunleri-basladi\/","og_site_name":"Av. Deniz Can K\u0131z\u0131l","article_published_time":"2025-01-24T14:41:13+00:00","og_image":[{"width":1280,"height":720,"url":"https:\/\/denizcankizil.tr\/wp-content\/uploads\/2025\/01\/4318-01-5lXfQ0.jpeg","type":"image\/jpeg"}],"author":"Av. Deniz Can K\u0131z\u0131l","twitter_card":"summary_large_image","twitter_misc":{"\u041d\u0430\u043f\u0438\u0441\u0430\u043d\u043e \u0430\u0432\u0442\u043e\u0440\u043e\u043c":"Av. Deniz Can K\u0131z\u0131l","\u041f\u0440\u0438\u043c\u0435\u0440\u043d\u043e\u0435 \u0432\u0440\u0435\u043c\u044f \u0434\u043b\u044f \u0447\u0442\u0435\u043d\u0438\u044f":"2 \u043c\u0438\u043d\u0443\u0442\u044b"},"schema":{"@context":"https:\/\/schema.org","@graph":[{"@type":"Article","@id":"https:\/\/denizcankizil.tr\/ru\/haberler\/antalya\/antalyada-erzurum-gunleri-basladi\/#article","isPartOf":{"@id":"https:\/\/denizcankizil.tr\/ru\/haberler\/antalya\/antalyada-erzurum-gunleri-basladi\/"},"author":{"name":"Av. Deniz Can K\u0131z\u0131l","@id":"https:\/\/denizcankizil.tr\/de\/#\/schema\/person\/5dc1b22991bd7ac833867c10afc9b0ff"},"headline":"Antalya&#8217;da &#8216;Erzurum G\u00fcnleri&#8217; ba\u015flad\u0131","datePublished":"2025-01-24T14:41:13+00:00","mainEntityOfPage":{"@id":"https:\/\/denizcankizil.tr\/ru\/haberler\/antalya\/antalyada-erzurum-gunleri-basladi\/"},"wordCount":357,"commentCount":0,"publisher":{"@id":"https:\/\/denizcankizil.tr\/de\/#organization"},"image":{"@id":"https:\/\/denizcankizil.tr\/ru\/haberler\/antalya\/antalyada-erzurum-gunleri-basladi\/#primaryimage"},"thumbnailUrl":"https:\/\/denizcankizil.tr\/wp-content\/uploads\/2025\/01\/4318-01-5lXfQ0.jpeg","articleSection":["Antalya"],"inLanguage":"ru-RU","potentialAction":[{"@type":"CommentAction","name":"Comment","target":["https:\/\/denizcankizil.tr\/ru\/haberler\/antalya\/antalyada-erzurum-gunleri-basladi\/#respond"]}]},{"@type":"WebPage","@id":"https:\/\/denizcankizil.tr\/ru\/haberler\/antalya\/antalyada-erzurum-gunleri-basladi\/","url":"https:\/\/denizcankizil.tr\/ru\/haberler\/antalya\/antalyada-erzurum-gunleri-basladi\/","name":"Antalya'da 'Erzurum G\u00fcnleri' ba\u015flad\u0131 - Av. Deniz Can K\u0131z\u0131l","isPartOf":{"@id":"https:\/\/denizcankizil.tr\/de\/#website"},"primaryImageOfPage":{"@id":"https:\/\/denizcankizil.tr\/ru\/haberler\/antalya\/antalyada-erzurum-gunleri-basladi\/#primaryimage"},"image":{"@id":"https:\/\/denizcankizil.tr\/ru\/haberler\/antalya\/antalyada-erzurum-gunleri-basladi\/#primaryimage"},"thumbnailUrl":"https:\/\/denizcankizil.tr\/wp-content\/uploads\/2025\/01\/4318-01-5lXfQ0.jpeg","datePublished":"2025-01-24T14:41:13+00:00","breadcrumb":{"@id":"https:\/\/denizcankizil.tr\/ru\/haberler\/antalya\/antalyada-erzurum-gunleri-basladi\/#breadcrumb"},"inLanguage":"ru-RU","potentialAction":[{"@type":"ReadAction","target":["https:\/\/denizcankizil.tr\/ru\/haberler\/antalya\/antalyada-erzurum-gunleri-basladi\/"]}]},{"@type":"ImageObject","inLanguage":"ru-RU","@id":"https:\/\/denizcankizil.tr\/ru\/haberler\/antalya\/antalyada-erzurum-gunleri-basladi\/#primaryimage","url":"https:\/\/denizcankizil.tr\/wp-content\/uploads\/2025\/01\/4318-01-5lXfQ0.jpeg","contentUrl":"https:\/\/denizcankizil.tr\/wp-content\/uploads\/2025\/01\/4318-01-5lXfQ0.jpeg","width":1280,"height":720},{"@type":"BreadcrumbList","@id":"https:\/\/denizcankizil.tr\/ru\/haberler\/antalya\/antalyada-erzurum-gunleri-basladi\/#breadcrumb","itemListElement":[{"@type":"ListItem","position":1,"name":"Home","item":"https:\/\/denizcankizil.tr\/de\/"},{"@type":"ListItem","position":2,"name":"Antalya&#8217;da &#8216;Erzurum G\u00fcnleri&#8217; ba\u015flad\u0131"}]},{"@type":"WebSite","@id":"https:\/\/denizcankizil.tr\/de\/#website","url":"https:\/\/denizcankizil.tr\/de\/","name":"Av. Deniz Can K\u0131z\u0131l","description":"Avukat Deniz Can K\u0131z\u0131l Antalya Barosu","publisher":{"@id":"https:\/\/denizcankizil.tr\/de\/#organization"},"potentialAction":[{"@type":"SearchAction","target":{"@type":"EntryPoint","urlTemplate":"https:\/\/denizcankizil.tr\/de\/?s={search_term_string}"},"query-input":{"@type":"PropertyValueSpecification","valueRequired":true,"valueName":"search_term_string"}}],"inLanguage":"ru-RU"},{"@type":"Organization","@id":"https:\/\/denizcankizil.tr\/de\/#organization","name":"Av. Deniz Can K\u0131z\u0131l","url":"https:\/\/denizcankizil.tr\/de\/","logo":{"@type":"ImageObject","inLanguage":"ru-RU","@id":"https:\/\/denizcankizil.tr\/de\/#\/schema\/logo\/image\/","url":"https:\/\/denizcankizil.tr\/wp-content\/uploads\/2024\/10\/siyah-logo-svg.svg","contentUrl":"https:\/\/denizcankizil.tr\/wp-content\/uploads\/2024\/10\/siyah-logo-svg.svg","width":1080,"height":1080,"caption":"Av. Deniz Can K\u0131z\u0131l"},"image":{"@id":"https:\/\/denizcankizil.tr\/de\/#\/schema\/logo\/image\/"}},{"@type":"Person","@id":"https:\/\/denizcankizil.tr\/de\/#\/schema\/person\/5dc1b22991bd7ac833867c10afc9b0ff","name":"Av. Deniz Can K\u0131z\u0131l","image":{"@type":"ImageObject","inLanguage":"ru-RU","@id":"https:\/\/denizcankizil.tr\/de\/#\/schema\/person\/image\/","url":"https:\/\/secure.gravatar.com\/avatar\/a0b128fb9855c79efc976d5640eedb31dc35ec297594d6016d2cf7c60e975bb6?s=96&d=mm&r=g","contentUrl":"https:\/\/secure.gravatar.com\/avatar\/a0b128fb9855c79efc976d5640eedb31dc35ec297594d6016d2cf7c60e975bb6?s=96&d=mm&r=g","caption":"Av. Deniz Can K\u0131z\u0131l"},"sameAs":["http:\/\/www.denizcankizil.tr"],"url":"https:\/\/denizcankizil.tr\/ru\/author\/denizcankizil\/"}]}},"_links":{"self":[{"href":"https:\/\/denizcankizil.tr\/ru\/wp-json\/wp\/v2\/posts\/27236","targetHints":{"allow":["GET"]}}],"collection":[{"href":"https:\/\/denizcankizil.tr\/ru\/wp-json\/wp\/v2\/posts"}],"about":[{"href":"https:\/\/denizcankizil.tr\/ru\/wp-json\/wp\/v2\/types\/post"}],"author":[{"embeddable":true,"href":"https:\/\/denizcankizil.tr\/ru\/wp-json\/wp\/v2\/users\/4"}],"replies":[{"embeddable":true,"href":"https:\/\/denizcankizil.tr\/ru\/wp-json\/wp\/v2\/comments?post=27236"}],"version-history":[{"count":0,"href":"https:\/\/denizcankizil.tr\/ru\/wp-json\/wp\/v2\/posts\/27236\/revisions"}],"wp:featuredmedia":[{"embeddable":true,"href":"https:\/\/denizcankizil.tr\/ru\/wp-json\/wp\/v2\/media\/27237"}],"wp:attachment":[{"href":"https:\/\/denizcankizil.tr\/ru\/wp-json\/wp\/v2\/media?parent=27236"}],"wp:term":[{"taxonomy":"category","embeddable":true,"href":"https:\/\/denizcankizil.tr\/ru\/wp-json\/wp\/v2\/categories?post=27236"},{"taxonomy":"post_tag","embeddable":true,"href":"https:\/\/denizcankizil.tr\/ru\/wp-json\/wp\/v2\/tags?post=27236"}],"curies":[{"name":"wp","href":"https:\/\/api.w.org\/{rel}","templated":true}]}}