{"id":27180,"date":"2025-01-24T12:41:32","date_gmt":"2025-01-24T09:41:32","guid":{"rendered":"https:\/\/denizcankizil.tr\/uncategorized-tr\/antalyada-chp-ugur-mumcu-uzerinden-iktidara-yuklendi\/"},"modified":"2025-01-24T12:41:32","modified_gmt":"2025-01-24T09:41:32","slug":"antalyada-chp-ugur-mumcu-uzerinden-iktidara-yuklendi","status":"publish","type":"post","link":"https:\/\/denizcankizil.tr\/ru\/haberler\/gundem\/antalyada-chp-ugur-mumcu-uzerinden-iktidara-yuklendi\/","title":{"rendered":"Antalya\u2019da CHP, U\u011fur Mumcu \u00fczerinden iktidara y\u00fcklendi!"},"content":{"rendered":"<p>Bir suikast sonucu 24 Ocak 1993 y\u0131l\u0131nda \u00f6ld\u00fcr\u00fclen ara\u015ft\u0131rmac\u0131-gazeteci U\u011fur Mumcu \u00f6l\u00fcm\u00fcn\u00fcn 32\u2019nci y\u0131l\u0131nda Antalya\u2019da \u2018Adalet ve Demokrasi Haftas\u0131\u2019 kapsam\u0131nda yap\u0131lan etkinlikte an\u0131ld\u0131. Atat\u00fcrk D\u00fc\u015f\u00fcnce Derne\u011fi\u2019nin d\u00fczenledi\u011fi etkinli\u011fe CHP Antalya milletvekilleri Cavit Ar\u0131, Aliye Co\u015far, Konyaalt\u0131 Belediye Ba\u015fkan\u0131 Cem Kotan, D\u00f6\u015femealt\u0131 Belediye Ba\u015fkan\u0131 Menderes Dal, ANET Ba\u015fkan\u0131 Nuri Cengiz, bir\u00e7ok siyasi parti, dernek ve sivil toplum \u00f6rg\u00fct\u00fc kat\u0131ld\u0131. Cumhuriyet Meydan\u0131\u2019nda Atat\u00fcrk an\u0131t\u0131na \u00e7elenk b\u0131rakan gruplar sayg\u0131 duru\u015fundan sonra istiklal mar\u015f\u0131 okudu. \u00a0<\/p>\n<p>ONU KATLEDEREK SUSTURURUZ<\/p>\n<p>CHP Antalya \u0130l Ba\u015fkan\u0131 Nail Kamac\u0131 konu\u015fmas\u0131nda, \u201c32 y\u0131l \u00f6nce bug\u00fcn so\u011fuk bir Ankara sabah\u0131nda bu memleketin en cesur kalemlerinden biri olan, ilkelerinden asla taviz vermeyen, ara\u015ft\u0131ran, sorgulayan, kalbi ayd\u0131nl\u0131k bir T\u00fcrkiye i\u00e7in \u00e7arpan bir ayd\u0131n\u0131m\u0131z\u0131, bir yurtseverimizi, U\u011fur Mumcu\u2019muzu karanl\u0131k g\u00fc\u00e7ler elimizden ald\u0131. Onlar sand\u0131lar ki, U\u011fur Mumcu bir bedendir, \u00f6l\u00fcml\u00fc bir fanidir. Onu katlederek sustururuz, onu katlederek zihinlere korku salar\u0131z. Susturamad\u0131lar, susturamazlar da! U\u011fur Mumcu; yolsuzluklardan ve yasaklardan ar\u0131nm\u0131\u015f, eme\u011fin en y\u00fcce de\u011fer oldu\u011fu, en temel insan haklar\u0131n\u0131n korunup g\u00fc\u00e7lendirildi\u011fi, sosyal bir hukuk devleti anlay\u0131\u015f\u0131na dayanan, bilimi, akl\u0131, laikli\u011fi pusula edinen tam ba\u011f\u0131ms\u0131z ve ger\u00e7ekten demokratik bir T\u00fcrkiye m\u00fccadelemizde ya\u015f\u0131yor\u201d dedi.<\/p>\n<p>HALK AFFETM\u0130YOR<\/p>\n<p>U\u011fur Mumcu\u2019nun bug\u00fcn milyonlarca yurtseverin kalbinde, zihninde ya\u015fad\u0131\u011f\u0131na dikkat \u00e7eken Kamac\u0131, \u201c1980 ve sonras\u0131 siyasal\u00a0\u0130slam\u2019\u0131n\u00a0ba\u015flad\u0131\u011f\u0131 d\u00f6nemlerdir. U\u011fur Mumcu dinci kadrola\u015fmaya dikkat \u00e7ekip, tarikatlar\u0131n devlet i\u00e7inde nas\u0131l \u00f6rg\u00fctlendi\u011fini, nas\u0131l tehlikeli bir noktaya geleceklerini anlatt\u0131.\u00a0 Siyaset-ticaret-mafya \u00fc\u00e7geninde su\u00e7 \u00f6rg\u00fctlerinin devletin birtak\u0131m odaklar\u0131n\u0131n kontrol\u00fcnde nas\u0131l g\u00fc\u00e7lendi\u011fini, toplumsal ve siyasal hayat\u0131 nas\u0131l\u00a0ter\u00f6rize\u00a0ettiklerini, gelecek ad\u0131na nas\u0131l tehditler olu\u015fturaca\u011f\u0131n\u0131 anlatt\u0131. Onlarca sayfa daha yazar\u0131z U\u011fur Mumcu\u2019nun hakl\u0131 \u00e7\u0131kt\u0131\u011f\u0131 konular\u0131. Ba\u015f\u0131m\u0131zdaki bela tek adam rejimi, U\u011fur Mumcu\u2019nun tarif etti\u011fi, uyard\u0131\u011f\u0131, \u00f6ng\u00f6rd\u00fc\u011f\u00fc dinci gericili\u011fe, tarikatlara, cemaatlere yaslanan, mafyalar\u0131 koruyup kollayan, kendine yak\u0131n bir sermaye grubu kurarak\u00a0kamunun b\u00fct\u00fcn kaynaklar\u0131n\u0131 onlara pe\u015fke\u015f \u00e7eken\u00a0bezirg\u00e2n\u00a0bir iktidard\u0131r.\u00a0 U\u011fur Mumcu\u2019nun da dedi\u011fi gibi; \u2018Her kim ki din s\u00f6m\u00fcr\u00fcs\u00fcn\u00fc kullan\u0131r, bir s\u00fcre yararl\u0131 olur belki, ama sonunda mutlaka se\u00e7im sand\u0131\u011f\u0131nda yenilgiye u\u011frar. Halk affetmiyor, din s\u00f6m\u00fcr\u00fcs\u00fcn\u00fc affetmiyor halk\u201d s\u00f6zlerine yer verdi.<\/p>\n<p>TOZLU SAYFALARINA KARI\u015eACAKLAR<\/p>\n<p>K\u00f6rfez Gazetesinden Ertu\u011frul G\u00fcn&#8217;\u00fcn haberine g\u00f6re Kamac\u0131, \u201cTek adam\u00a0rejiminin\u00a0art\u0131k son g\u00fcnlerindeyiz. Ne kadar ka\u00e7arlarsa ka\u00e7s\u0131nlar ilk kurulacak sand\u0131kta yenilecekler! \u00d6rnek ald\u0131klar\u0131 o t\u00fcm partiler gibi tarihin tozlu sayfalar\u0131na kar\u0131\u015facaklar. \u00a0T\u00fcrk ulusunun fikri h\u00fcr, vicdan\u0131 h\u00fcr, irfan\u0131 h\u00fcr se\u00e7kin evlatlar\u0131n\u0131n\u00a0katlinden\u00a0birinci derecede sorumlu emperyalizm, \u00e7eyrek y\u00fczy\u0131ld\u0131r ba\u015fta Muammer Aksoy, \u00c7etin Eme\u00e7, Ahmet Taner K\u0131\u015flal\u0131, Bahriye \u00dc\u00e7ok, Necip\u00a0Hablemito\u011flu\u00a0\u2019da olmak \u00fczere U\u011fur\u00a0Mumcu\u2019suz\u00a0bir T\u00fcrkiye\u2019de daha rahat hareket olana\u011f\u0131 bulmas\u0131 nedeniyle son derece mutludur.\u00a0 Ancak Ara\u015ft\u0131rmac\u0131 Gazetecili\u011fin lideri, Cumhuriyetin, \u00e7a\u011fda\u015fl\u0131\u011f\u0131n, demokrasinin, Atat\u00fcrk devrimlerinin, ulusal b\u00fct\u00fcnl\u00fc\u011f\u00fcn y\u0131lmaz savunucusu U\u011fur Mumcu\u2019nun kayb\u0131ndan duydu\u011fumuz ac\u0131y\u0131 bir kez daha ifade ederken, onun hat\u0131ras\u0131na ve fikirlerine her zaman sahip \u00e7\u0131kaca\u011f\u0131m\u0131z\u0131 kamuoyuna bildiriyoruz\u201d dedi.<\/p>\n<p>HUKUK SUSTU, \u0130NSANLIK SUSTU<\/p>\n<p>Atat\u00fcrk D\u00fc\u015f\u00fcnce Derne\u011fi Ba\u015fkan\u0131 \u0130brahim Da\u015f ise, 24-31 Ocak tarihlerinin &#8220;Adalet ve Demokrasi\u201d haftas\u0131n ilan edildi\u011fini belirtti. U\u011fur Mumcu\u2019ya y\u00f6nelik her y\u0131l bir ana tema ile anma etkinlikleri ger\u00e7ekle\u015ftirildi\u011fini ifade eden Da\u015f, \u201cBu y\u0131l ki tema ise &#8220;Vicdan sustu, hukuk sustu, insanl\u0131k sustu!&#8221; olarak belirlendi. U\u011fur Mumcu, her zaman T\u00fcrkiye&#8217;yi bekleyen tehlikeleri i\u015faret etmi\u015ftir. U\u011fur Mumcu&#8217;nun do\u011frular\u0131 bug\u00fcn i\u00e7in de hala ge\u00e7erlidir. Siyaset-Ticaret-Medya-Ter\u00f6r ili\u015fkilerinin, ABD emperyalizmi ile ba\u011flar\u0131n\u0131 halk\u0131m\u0131za anlatm\u0131\u015f ve hep hakl\u0131 \u00e7\u0131km\u0131\u015ft\u0131r. U\u011fur Mumcu 25 A\u011fustos 1975&#8217;te &#8220;Vicdan sustu, hukuk sustu, insanl\u0131k sustu&#8221; demi\u015fti. Bug\u00fcn ya\u015fasayd\u0131 vicdan da hukuk da insanl\u0131k da yok derdi! T\u00fcrkiye son 20 y\u0131ld\u0131r tarihinin en uzun ve en karanl\u0131k gecesini ya\u015f\u0131yor. Bunca zaman i\u00e7inde \u00fclkemizde ve b\u00f6lgemizde bu kadar da olmaz dedirtecek \u00e7ok \u015fey ya\u015fand\u0131.\u201d dedi.<\/p>\n<p>HUKUK VAR, \u0130NSANLIK VAR<\/p>\n<p>T\u00fcrkiye\u2019nin etraf\u0131nda bulunan kom\u015fular\u0131n\u0131n par\u00e7aland\u0131\u011f\u0131n\u0131 ifade eden Da\u015f, \u201cAdaletin, demokrasinin ve ba\u011f\u0131ms\u0131zl\u0131\u011f\u0131m\u0131z\u0131n merkezi olan TBMM etkisiz ve yetkisiz hale getirildi! Atat\u00fcrk\u2019\u00fcn kurdu\u011fu rejim de\u011fi\u015ftirildi. Salg\u0131nlar bahane edilerek ekonomimiz s\u0131f\u0131rland\u0131. Art\u0131k T\u00fcrkiye ba\u011f\u0131ms\u0131z de\u011fildir! Adalet de demokrasi de yoktur. Ancak buna ra\u011fmen milletimiz umudunu yitirmedi, hep birli\u011fini korudu. En \u00f6nemlisi de T\u00fcrkiye&#8217;yi kuran, M\u00fcdafaa-i Hukuk ruhuna sahip \u00e7\u0131kmaya devam etmektedir. T\u00fcm ayr\u0131l\u0131klar\u0131m\u0131z\u0131 ertelemek ve sab\u0131rla bir arada durmak zorunday\u0131z. T\u00fcm \u015fehit ve gazilerimize borcumuz var. Unutmay\u0131n, bizler de vicdan var, hukuk var, insanl\u0131k var.\u201d s\u00f6zlerine yer verdi.<\/p>\n<p>\u200bBir suikast sonucu 24 Ocak 1993\u2019te evinin \u00f6n\u00fcnde hayat\u0131n\u0131 kaybeden gazeteci U\u011fur Mumcu Antalya\u2019da an\u0131ld\u0131. Anma program\u0131nda bir konu\u015fma ger\u00e7ekle\u015ftiren CHP Antalya \u0130l Ba\u015fkan\u0131 Nail Kamac\u0131, \u201cTek adam\u00a0rejiminin\u00a0art\u0131k son g\u00fcnlerindeyiz. Ne kadar ka\u00e7arlarsa ka\u00e7s\u0131nlar ilk kurulacak sand\u0131kta yenilecekler! \u00d6rnek ald\u0131klar\u0131 o t\u00fcm partiler gibi tarihin tozlu sayfalar\u0131na kar\u0131\u015facaklar\u201d dedi.\u00a0<\/p>\n<p>\u200bHaberin Al\u0131nt\u0131land\u0131\u011f\u0131 Kaynak: www.antalyakorfez.com<\/p>","protected":false},"excerpt":{"rendered":"<p>Bir suikast sonucu 24 Ocak 1993 y\u0131l\u0131nda \u00f6ld\u00fcr\u00fclen ara\u015ft\u0131rmac\u0131-gazeteci U\u011fur Mumcu \u00f6l\u00fcm\u00fcn\u00fcn 32\u2019nci y\u0131l\u0131nda Antalya\u2019da \u2018Adalet ve Demokrasi Haftas\u0131\u2019 kapsam\u0131nda yap\u0131lan etkinlikte an\u0131ld\u0131. Atat\u00fcrk D\u00fc\u015f\u00fcnce Derne\u011fi\u2019nin d\u00fczenledi\u011fi etkinli\u011fe CHP Antalya milletvekilleri Cavit Ar\u0131, Aliye Co\u015far, Konyaalt\u0131 Belediye Ba\u015fkan\u0131 Cem Kotan, D\u00f6\u015femealt\u0131 Belediye Ba\u015fkan\u0131 Menderes Dal, ANET Ba\u015fkan\u0131 Nuri Cengiz, bir\u00e7ok siyasi parti, dernek ve sivil toplum \u00f6rg\u00fct\u00fc kat\u0131ld\u0131. Cumhuriyet Meydan\u0131\u2019nda Atat\u00fcrk an\u0131t\u0131na \u00e7elenk b\u0131rakan gruplar sayg\u0131 duru\u015fundan sonra istiklal mar\u015f\u0131 okudu. \u00a0 ONU KATLEDEREK SUSTURURUZ CHP Antalya \u0130l Ba\u015fkan\u0131 Nail Kamac\u0131 konu\u015fmas\u0131nda, \u201c32 y\u0131l \u00f6nce bug\u00fcn so\u011fuk bir Ankara sabah\u0131nda bu memleketin en cesur kalemlerinden biri olan, ilkelerinden asla taviz vermeyen, ara\u015ft\u0131ran, sorgulayan, kalbi ayd\u0131nl\u0131k bir T\u00fcrkiye i\u00e7in \u00e7arpan bir ayd\u0131n\u0131m\u0131z\u0131, bir yurtseverimizi, U\u011fur Mumcu\u2019muzu karanl\u0131k g\u00fc\u00e7ler elimizden ald\u0131. Onlar sand\u0131lar ki, U\u011fur Mumcu bir bedendir, \u00f6l\u00fcml\u00fc bir fanidir. Onu katlederek sustururuz, onu katlederek zihinlere korku salar\u0131z. Susturamad\u0131lar, susturamazlar da! U\u011fur Mumcu; yolsuzluklardan ve yasaklardan ar\u0131nm\u0131\u015f, eme\u011fin en y\u00fcce de\u011fer oldu\u011fu, en temel insan haklar\u0131n\u0131n korunup g\u00fc\u00e7lendirildi\u011fi, sosyal bir hukuk devleti anlay\u0131\u015f\u0131na dayanan, bilimi, akl\u0131, laikli\u011fi pusula edinen tam ba\u011f\u0131ms\u0131z ve ger\u00e7ekten demokratik bir T\u00fcrkiye m\u00fccadelemizde ya\u015f\u0131yor\u201d dedi. HALK AFFETM\u0130YOR U\u011fur Mumcu\u2019nun bug\u00fcn milyonlarca yurtseverin kalbinde, zihninde ya\u015fad\u0131\u011f\u0131na dikkat \u00e7eken Kamac\u0131, \u201c1980 ve sonras\u0131 siyasal\u00a0\u0130slam\u2019\u0131n\u00a0ba\u015flad\u0131\u011f\u0131 d\u00f6nemlerdir. U\u011fur Mumcu dinci kadrola\u015fmaya &hellip;<\/p>","protected":false},"author":5,"featured_media":0,"comment_status":"open","ping_status":"open","sticky":false,"template":"","format":"standard","meta":{"_acf_changed":false,"footnotes":""},"categories":[24],"tags":[],"class_list":["post-27180","post","type-post","status-publish","format-standard","has-post-thumbnail","hentry","category-gundem"],"acf":[],"yoast_head":"<!-- This site is optimized with the Yoast SEO Premium plugin v26.6 (Yoast SEO v27.1.1) - https:\/\/yoast.com\/product\/yoast-seo-premium-wordpress\/ -->\n<title>Antalya\u2019da CHP, U\u011fur Mumcu \u00fczerinden iktidara y\u00fcklendi! - Av. Deniz Can K\u0131z\u0131l<\/title>\n<meta name=\"robots\" content=\"index, follow, max-snippet:-1, max-image-preview:large, max-video-preview:-1\" \/>\n<link rel=\"canonical\" href=\"https:\/\/denizcankizil.tr\/ru\/haberler\/gundem\/antalyada-chp-ugur-mumcu-uzerinden-iktidara-yuklendi\/\" \/>\n<meta property=\"og:locale\" content=\"ru_RU\" \/>\n<meta property=\"og:type\" content=\"article\" \/>\n<meta property=\"og:title\" content=\"Antalya\u2019da CHP, U\u011fur Mumcu \u00fczerinden iktidara y\u00fcklendi!\" \/>\n<meta property=\"og:description\" content=\"Bir suikast sonucu 24 Ocak 1993 y\u0131l\u0131nda \u00f6ld\u00fcr\u00fclen ara\u015ft\u0131rmac\u0131-gazeteci U\u011fur Mumcu \u00f6l\u00fcm\u00fcn\u00fcn 32\u2019nci y\u0131l\u0131nda Antalya\u2019da \u2018Adalet ve Demokrasi Haftas\u0131\u2019 kapsam\u0131nda yap\u0131lan etkinlikte an\u0131ld\u0131. Atat\u00fcrk D\u00fc\u015f\u00fcnce Derne\u011fi\u2019nin d\u00fczenledi\u011fi etkinli\u011fe CHP Antalya milletvekilleri Cavit Ar\u0131, Aliye Co\u015far, Konyaalt\u0131 Belediye Ba\u015fkan\u0131 Cem Kotan, D\u00f6\u015femealt\u0131 Belediye Ba\u015fkan\u0131 Menderes Dal, ANET Ba\u015fkan\u0131 Nuri Cengiz, bir\u00e7ok siyasi parti, dernek ve sivil toplum \u00f6rg\u00fct\u00fc kat\u0131ld\u0131. Cumhuriyet Meydan\u0131\u2019nda Atat\u00fcrk an\u0131t\u0131na \u00e7elenk b\u0131rakan gruplar sayg\u0131 duru\u015fundan sonra istiklal mar\u015f\u0131 okudu. \u00a0 ONU KATLEDEREK SUSTURURUZ CHP Antalya \u0130l Ba\u015fkan\u0131 Nail Kamac\u0131 konu\u015fmas\u0131nda, \u201c32 y\u0131l \u00f6nce bug\u00fcn so\u011fuk bir Ankara sabah\u0131nda bu memleketin en cesur kalemlerinden biri olan, ilkelerinden asla taviz vermeyen, ara\u015ft\u0131ran, sorgulayan, kalbi ayd\u0131nl\u0131k bir T\u00fcrkiye i\u00e7in \u00e7arpan bir ayd\u0131n\u0131m\u0131z\u0131, bir yurtseverimizi, U\u011fur Mumcu\u2019muzu karanl\u0131k g\u00fc\u00e7ler elimizden ald\u0131. Onlar sand\u0131lar ki, U\u011fur Mumcu bir bedendir, \u00f6l\u00fcml\u00fc bir fanidir. Onu katlederek sustururuz, onu katlederek zihinlere korku salar\u0131z. Susturamad\u0131lar, susturamazlar da! U\u011fur Mumcu; yolsuzluklardan ve yasaklardan ar\u0131nm\u0131\u015f, eme\u011fin en y\u00fcce de\u011fer oldu\u011fu, en temel insan haklar\u0131n\u0131n korunup g\u00fc\u00e7lendirildi\u011fi, sosyal bir hukuk devleti anlay\u0131\u015f\u0131na dayanan, bilimi, akl\u0131, laikli\u011fi pusula edinen tam ba\u011f\u0131ms\u0131z ve ger\u00e7ekten demokratik bir T\u00fcrkiye m\u00fccadelemizde ya\u015f\u0131yor\u201d dedi. HALK AFFETM\u0130YOR U\u011fur Mumcu\u2019nun bug\u00fcn milyonlarca yurtseverin kalbinde, zihninde ya\u015fad\u0131\u011f\u0131na dikkat \u00e7eken Kamac\u0131, \u201c1980 ve sonras\u0131 siyasal\u00a0\u0130slam\u2019\u0131n\u00a0ba\u015flad\u0131\u011f\u0131 d\u00f6nemlerdir. U\u011fur Mumcu dinci kadrola\u015fmaya &hellip;\" \/>\n<meta property=\"og:url\" content=\"https:\/\/denizcankizil.tr\/ru\/haberler\/gundem\/antalyada-chp-ugur-mumcu-uzerinden-iktidara-yuklendi\/\" \/>\n<meta property=\"og:site_name\" content=\"Av. Deniz Can K\u0131z\u0131l\" \/>\n<meta property=\"article:published_time\" content=\"2025-01-24T09:41:32+00:00\" \/>\n<meta name=\"author\" content=\"Antalya K\u00f6rfez\" \/>\n<meta name=\"twitter:card\" content=\"summary_large_image\" \/>\n<meta name=\"twitter:label1\" content=\"\u041d\u0430\u043f\u0438\u0441\u0430\u043d\u043e \u0430\u0432\u0442\u043e\u0440\u043e\u043c\" \/>\n\t<meta name=\"twitter:data1\" content=\"Antalya K\u00f6rfez\" \/>\n\t<meta name=\"twitter:label2\" content=\"\u041f\u0440\u0438\u043c\u0435\u0440\u043d\u043e\u0435 \u0432\u0440\u0435\u043c\u044f \u0434\u043b\u044f \u0447\u0442\u0435\u043d\u0438\u044f\" \/>\n\t<meta name=\"twitter:data2\" content=\"5 \u043c\u0438\u043d\u0443\u0442\" \/>\n<script type=\"application\/ld+json\" class=\"yoast-schema-graph\">{\"@context\":\"https:\/\/schema.org\",\"@graph\":[{\"@type\":\"Article\",\"@id\":\"https:\/\/denizcankizil.tr\/ru\/haberler\/gundem\/antalyada-chp-ugur-mumcu-uzerinden-iktidara-yuklendi\/#article\",\"isPartOf\":{\"@id\":\"https:\/\/denizcankizil.tr\/ru\/haberler\/gundem\/antalyada-chp-ugur-mumcu-uzerinden-iktidara-yuklendi\/\"},\"author\":{\"name\":\"Antalya K\u00f6rfez\",\"@id\":\"https:\/\/denizcankizil.tr\/de\/#\/schema\/person\/e1eb71bb4dd684d46563f0af307e1234\"},\"headline\":\"Antalya\u2019da CHP, U\u011fur Mumcu \u00fczerinden iktidara y\u00fcklendi!\",\"datePublished\":\"2025-01-24T09:41:32+00:00\",\"mainEntityOfPage\":{\"@id\":\"https:\/\/denizcankizil.tr\/ru\/haberler\/gundem\/antalyada-chp-ugur-mumcu-uzerinden-iktidara-yuklendi\/\"},\"wordCount\":1014,\"commentCount\":0,\"publisher\":{\"@id\":\"https:\/\/denizcankizil.tr\/de\/#organization\"},\"articleSection\":[\"G\u00fcndem\"],\"inLanguage\":\"ru-RU\",\"potentialAction\":[{\"@type\":\"CommentAction\",\"name\":\"Comment\",\"target\":[\"https:\/\/denizcankizil.tr\/ru\/haberler\/gundem\/antalyada-chp-ugur-mumcu-uzerinden-iktidara-yuklendi\/#respond\"]}]},{\"@type\":\"WebPage\",\"@id\":\"https:\/\/denizcankizil.tr\/ru\/haberler\/gundem\/antalyada-chp-ugur-mumcu-uzerinden-iktidara-yuklendi\/\",\"url\":\"https:\/\/denizcankizil.tr\/ru\/haberler\/gundem\/antalyada-chp-ugur-mumcu-uzerinden-iktidara-yuklendi\/\",\"name\":\"Antalya\u2019da CHP, U\u011fur Mumcu \u00fczerinden iktidara y\u00fcklendi! - Av. Deniz Can K\u0131z\u0131l\",\"isPartOf\":{\"@id\":\"https:\/\/denizcankizil.tr\/de\/#website\"},\"datePublished\":\"2025-01-24T09:41:32+00:00\",\"breadcrumb\":{\"@id\":\"https:\/\/denizcankizil.tr\/ru\/haberler\/gundem\/antalyada-chp-ugur-mumcu-uzerinden-iktidara-yuklendi\/#breadcrumb\"},\"inLanguage\":\"ru-RU\",\"potentialAction\":[{\"@type\":\"ReadAction\",\"target\":[\"https:\/\/denizcankizil.tr\/ru\/haberler\/gundem\/antalyada-chp-ugur-mumcu-uzerinden-iktidara-yuklendi\/\"]}]},{\"@type\":\"BreadcrumbList\",\"@id\":\"https:\/\/denizcankizil.tr\/ru\/haberler\/gundem\/antalyada-chp-ugur-mumcu-uzerinden-iktidara-yuklendi\/#breadcrumb\",\"itemListElement\":[{\"@type\":\"ListItem\",\"position\":1,\"name\":\"Home\",\"item\":\"https:\/\/denizcankizil.tr\/de\/\"},{\"@type\":\"ListItem\",\"position\":2,\"name\":\"Antalya\u2019da CHP, U\u011fur Mumcu \u00fczerinden iktidara y\u00fcklendi!\"}]},{\"@type\":\"WebSite\",\"@id\":\"https:\/\/denizcankizil.tr\/de\/#website\",\"url\":\"https:\/\/denizcankizil.tr\/de\/\",\"name\":\"Av. Deniz Can K\u0131z\u0131l\",\"description\":\"Avukat Deniz Can K\u0131z\u0131l Antalya Barosu\",\"publisher\":{\"@id\":\"https:\/\/denizcankizil.tr\/de\/#organization\"},\"potentialAction\":[{\"@type\":\"SearchAction\",\"target\":{\"@type\":\"EntryPoint\",\"urlTemplate\":\"https:\/\/denizcankizil.tr\/de\/?s={search_term_string}\"},\"query-input\":{\"@type\":\"PropertyValueSpecification\",\"valueRequired\":true,\"valueName\":\"search_term_string\"}}],\"inLanguage\":\"ru-RU\"},{\"@type\":\"Organization\",\"@id\":\"https:\/\/denizcankizil.tr\/de\/#organization\",\"name\":\"Av. Deniz Can K\u0131z\u0131l\",\"url\":\"https:\/\/denizcankizil.tr\/de\/\",\"logo\":{\"@type\":\"ImageObject\",\"inLanguage\":\"ru-RU\",\"@id\":\"https:\/\/denizcankizil.tr\/de\/#\/schema\/logo\/image\/\",\"url\":\"https:\/\/denizcankizil.tr\/wp-content\/uploads\/2024\/10\/siyah-logo-svg.svg\",\"contentUrl\":\"https:\/\/denizcankizil.tr\/wp-content\/uploads\/2024\/10\/siyah-logo-svg.svg\",\"width\":1080,\"height\":1080,\"caption\":\"Av. Deniz Can K\u0131z\u0131l\"},\"image\":{\"@id\":\"https:\/\/denizcankizil.tr\/de\/#\/schema\/logo\/image\/\"}},{\"@type\":\"Person\",\"@id\":\"https:\/\/denizcankizil.tr\/de\/#\/schema\/person\/e1eb71bb4dd684d46563f0af307e1234\",\"name\":\"Antalya K\u00f6rfez\",\"image\":{\"@type\":\"ImageObject\",\"inLanguage\":\"ru-RU\",\"@id\":\"https:\/\/denizcankizil.tr\/de\/#\/schema\/person\/image\/\",\"url\":\"https:\/\/secure.gravatar.com\/avatar\/42b01982558a48a0b501fdcab6a408d3717ea5919095ee2e67b0e521799c5905?s=96&d=mm&r=g\",\"contentUrl\":\"https:\/\/secure.gravatar.com\/avatar\/42b01982558a48a0b501fdcab6a408d3717ea5919095ee2e67b0e521799c5905?s=96&d=mm&r=g\",\"caption\":\"Antalya K\u00f6rfez\"},\"sameAs\":[\"http:\/\/www.antalyakorfez.com\"],\"url\":\"https:\/\/www.antalyakorfez.com\/antalyada-chp-ugur-mumcu-uzerinden-iktidara-yuklendi\"}]}<\/script>\n<!-- \/ Yoast SEO Premium plugin. -->","yoast_head_json":{"title":"Antalya\u2019da CHP, U\u011fur Mumcu \u00fczerinden iktidara y\u00fcklendi! - Av. Deniz Can K\u0131z\u0131l","robots":{"index":"index","follow":"follow","max-snippet":"max-snippet:-1","max-image-preview":"max-image-preview:large","max-video-preview":"max-video-preview:-1"},"canonical":"https:\/\/denizcankizil.tr\/ru\/haberler\/gundem\/antalyada-chp-ugur-mumcu-uzerinden-iktidara-yuklendi\/","og_locale":"ru_RU","og_type":"article","og_title":"Antalya\u2019da CHP, U\u011fur Mumcu \u00fczerinden iktidara y\u00fcklendi!","og_description":"Bir suikast sonucu 24 Ocak 1993 y\u0131l\u0131nda \u00f6ld\u00fcr\u00fclen ara\u015ft\u0131rmac\u0131-gazeteci U\u011fur Mumcu \u00f6l\u00fcm\u00fcn\u00fcn 32\u2019nci y\u0131l\u0131nda Antalya\u2019da \u2018Adalet ve Demokrasi Haftas\u0131\u2019 kapsam\u0131nda yap\u0131lan etkinlikte an\u0131ld\u0131. Atat\u00fcrk D\u00fc\u015f\u00fcnce Derne\u011fi\u2019nin d\u00fczenledi\u011fi etkinli\u011fe CHP Antalya milletvekilleri Cavit Ar\u0131, Aliye Co\u015far, Konyaalt\u0131 Belediye Ba\u015fkan\u0131 Cem Kotan, D\u00f6\u015femealt\u0131 Belediye Ba\u015fkan\u0131 Menderes Dal, ANET Ba\u015fkan\u0131 Nuri Cengiz, bir\u00e7ok siyasi parti, dernek ve sivil toplum \u00f6rg\u00fct\u00fc kat\u0131ld\u0131. Cumhuriyet Meydan\u0131\u2019nda Atat\u00fcrk an\u0131t\u0131na \u00e7elenk b\u0131rakan gruplar sayg\u0131 duru\u015fundan sonra istiklal mar\u015f\u0131 okudu. \u00a0 ONU KATLEDEREK SUSTURURUZ CHP Antalya \u0130l Ba\u015fkan\u0131 Nail Kamac\u0131 konu\u015fmas\u0131nda, \u201c32 y\u0131l \u00f6nce bug\u00fcn so\u011fuk bir Ankara sabah\u0131nda bu memleketin en cesur kalemlerinden biri olan, ilkelerinden asla taviz vermeyen, ara\u015ft\u0131ran, sorgulayan, kalbi ayd\u0131nl\u0131k bir T\u00fcrkiye i\u00e7in \u00e7arpan bir ayd\u0131n\u0131m\u0131z\u0131, bir yurtseverimizi, U\u011fur Mumcu\u2019muzu karanl\u0131k g\u00fc\u00e7ler elimizden ald\u0131. Onlar sand\u0131lar ki, U\u011fur Mumcu bir bedendir, \u00f6l\u00fcml\u00fc bir fanidir. Onu katlederek sustururuz, onu katlederek zihinlere korku salar\u0131z. Susturamad\u0131lar, susturamazlar da! U\u011fur Mumcu; yolsuzluklardan ve yasaklardan ar\u0131nm\u0131\u015f, eme\u011fin en y\u00fcce de\u011fer oldu\u011fu, en temel insan haklar\u0131n\u0131n korunup g\u00fc\u00e7lendirildi\u011fi, sosyal bir hukuk devleti anlay\u0131\u015f\u0131na dayanan, bilimi, akl\u0131, laikli\u011fi pusula edinen tam ba\u011f\u0131ms\u0131z ve ger\u00e7ekten demokratik bir T\u00fcrkiye m\u00fccadelemizde ya\u015f\u0131yor\u201d dedi. HALK AFFETM\u0130YOR U\u011fur Mumcu\u2019nun bug\u00fcn milyonlarca yurtseverin kalbinde, zihninde ya\u015fad\u0131\u011f\u0131na dikkat \u00e7eken Kamac\u0131, \u201c1980 ve sonras\u0131 siyasal\u00a0\u0130slam\u2019\u0131n\u00a0ba\u015flad\u0131\u011f\u0131 d\u00f6nemlerdir. U\u011fur Mumcu dinci kadrola\u015fmaya &hellip;","og_url":"https:\/\/denizcankizil.tr\/ru\/haberler\/gundem\/antalyada-chp-ugur-mumcu-uzerinden-iktidara-yuklendi\/","og_site_name":"Av. Deniz Can K\u0131z\u0131l","article_published_time":"2025-01-24T09:41:32+00:00","author":"Antalya K\u00f6rfez","twitter_card":"summary_large_image","twitter_misc":{"\u041d\u0430\u043f\u0438\u0441\u0430\u043d\u043e \u0430\u0432\u0442\u043e\u0440\u043e\u043c":"Antalya K\u00f6rfez","\u041f\u0440\u0438\u043c\u0435\u0440\u043d\u043e\u0435 \u0432\u0440\u0435\u043c\u044f \u0434\u043b\u044f \u0447\u0442\u0435\u043d\u0438\u044f":"5 \u043c\u0438\u043d\u0443\u0442"},"schema":{"@context":"https:\/\/schema.org","@graph":[{"@type":"Article","@id":"https:\/\/denizcankizil.tr\/ru\/haberler\/gundem\/antalyada-chp-ugur-mumcu-uzerinden-iktidara-yuklendi\/#article","isPartOf":{"@id":"https:\/\/denizcankizil.tr\/ru\/haberler\/gundem\/antalyada-chp-ugur-mumcu-uzerinden-iktidara-yuklendi\/"},"author":{"name":"Antalya K\u00f6rfez","@id":"https:\/\/denizcankizil.tr\/de\/#\/schema\/person\/e1eb71bb4dd684d46563f0af307e1234"},"headline":"Antalya\u2019da CHP, U\u011fur Mumcu \u00fczerinden iktidara y\u00fcklendi!","datePublished":"2025-01-24T09:41:32+00:00","mainEntityOfPage":{"@id":"https:\/\/denizcankizil.tr\/ru\/haberler\/gundem\/antalyada-chp-ugur-mumcu-uzerinden-iktidara-yuklendi\/"},"wordCount":1014,"commentCount":0,"publisher":{"@id":"https:\/\/denizcankizil.tr\/de\/#organization"},"articleSection":["G\u00fcndem"],"inLanguage":"ru-RU","potentialAction":[{"@type":"CommentAction","name":"Comment","target":["https:\/\/denizcankizil.tr\/ru\/haberler\/gundem\/antalyada-chp-ugur-mumcu-uzerinden-iktidara-yuklendi\/#respond"]}]},{"@type":"WebPage","@id":"https:\/\/denizcankizil.tr\/ru\/haberler\/gundem\/antalyada-chp-ugur-mumcu-uzerinden-iktidara-yuklendi\/","url":"https:\/\/denizcankizil.tr\/ru\/haberler\/gundem\/antalyada-chp-ugur-mumcu-uzerinden-iktidara-yuklendi\/","name":"Antalya\u2019da CHP, U\u011fur Mumcu \u00fczerinden iktidara y\u00fcklendi! - Av. Deniz Can K\u0131z\u0131l","isPartOf":{"@id":"https:\/\/denizcankizil.tr\/de\/#website"},"datePublished":"2025-01-24T09:41:32+00:00","breadcrumb":{"@id":"https:\/\/denizcankizil.tr\/ru\/haberler\/gundem\/antalyada-chp-ugur-mumcu-uzerinden-iktidara-yuklendi\/#breadcrumb"},"inLanguage":"ru-RU","potentialAction":[{"@type":"ReadAction","target":["https:\/\/denizcankizil.tr\/ru\/haberler\/gundem\/antalyada-chp-ugur-mumcu-uzerinden-iktidara-yuklendi\/"]}]},{"@type":"BreadcrumbList","@id":"https:\/\/denizcankizil.tr\/ru\/haberler\/gundem\/antalyada-chp-ugur-mumcu-uzerinden-iktidara-yuklendi\/#breadcrumb","itemListElement":[{"@type":"ListItem","position":1,"name":"Home","item":"https:\/\/denizcankizil.tr\/de\/"},{"@type":"ListItem","position":2,"name":"Antalya\u2019da CHP, U\u011fur Mumcu \u00fczerinden iktidara y\u00fcklendi!"}]},{"@type":"WebSite","@id":"https:\/\/denizcankizil.tr\/de\/#website","url":"https:\/\/denizcankizil.tr\/de\/","name":"Av. Deniz Can K\u0131z\u0131l","description":"Avukat Deniz Can K\u0131z\u0131l Antalya Barosu","publisher":{"@id":"https:\/\/denizcankizil.tr\/de\/#organization"},"potentialAction":[{"@type":"SearchAction","target":{"@type":"EntryPoint","urlTemplate":"https:\/\/denizcankizil.tr\/de\/?s={search_term_string}"},"query-input":{"@type":"PropertyValueSpecification","valueRequired":true,"valueName":"search_term_string"}}],"inLanguage":"ru-RU"},{"@type":"Organization","@id":"https:\/\/denizcankizil.tr\/de\/#organization","name":"Av. Deniz Can K\u0131z\u0131l","url":"https:\/\/denizcankizil.tr\/de\/","logo":{"@type":"ImageObject","inLanguage":"ru-RU","@id":"https:\/\/denizcankizil.tr\/de\/#\/schema\/logo\/image\/","url":"https:\/\/denizcankizil.tr\/wp-content\/uploads\/2024\/10\/siyah-logo-svg.svg","contentUrl":"https:\/\/denizcankizil.tr\/wp-content\/uploads\/2024\/10\/siyah-logo-svg.svg","width":1080,"height":1080,"caption":"Av. Deniz Can K\u0131z\u0131l"},"image":{"@id":"https:\/\/denizcankizil.tr\/de\/#\/schema\/logo\/image\/"}},{"@type":"Person","@id":"https:\/\/denizcankizil.tr\/de\/#\/schema\/person\/e1eb71bb4dd684d46563f0af307e1234","name":"Antalya K\u00f6rfez","image":{"@type":"ImageObject","inLanguage":"ru-RU","@id":"https:\/\/denizcankizil.tr\/de\/#\/schema\/person\/image\/","url":"https:\/\/secure.gravatar.com\/avatar\/42b01982558a48a0b501fdcab6a408d3717ea5919095ee2e67b0e521799c5905?s=96&d=mm&r=g","contentUrl":"https:\/\/secure.gravatar.com\/avatar\/42b01982558a48a0b501fdcab6a408d3717ea5919095ee2e67b0e521799c5905?s=96&d=mm&r=g","caption":"Antalya K\u00f6rfez"},"sameAs":["http:\/\/www.antalyakorfez.com"],"url":"https:\/\/www.antalyakorfez.com\/antalyada-chp-ugur-mumcu-uzerinden-iktidara-yuklendi"}]}},"_links":{"self":[{"href":"https:\/\/denizcankizil.tr\/ru\/wp-json\/wp\/v2\/posts\/27180","targetHints":{"allow":["GET"]}}],"collection":[{"href":"https:\/\/denizcankizil.tr\/ru\/wp-json\/wp\/v2\/posts"}],"about":[{"href":"https:\/\/denizcankizil.tr\/ru\/wp-json\/wp\/v2\/types\/post"}],"author":[{"embeddable":true,"href":"https:\/\/denizcankizil.tr\/ru\/wp-json\/wp\/v2\/users\/5"}],"replies":[{"embeddable":true,"href":"https:\/\/denizcankizil.tr\/ru\/wp-json\/wp\/v2\/comments?post=27180"}],"version-history":[{"count":0,"href":"https:\/\/denizcankizil.tr\/ru\/wp-json\/wp\/v2\/posts\/27180\/revisions"}],"wp:attachment":[{"href":"https:\/\/denizcankizil.tr\/ru\/wp-json\/wp\/v2\/media?parent=27180"}],"wp:term":[{"taxonomy":"category","embeddable":true,"href":"https:\/\/denizcankizil.tr\/ru\/wp-json\/wp\/v2\/categories?post=27180"},{"taxonomy":"post_tag","embeddable":true,"href":"https:\/\/denizcankizil.tr\/ru\/wp-json\/wp\/v2\/tags?post=27180"}],"curies":[{"name":"wp","href":"https:\/\/api.w.org\/{rel}","templated":true}]}}