{"id":26929,"date":"2025-01-23T12:42:08","date_gmt":"2025-01-23T09:42:08","guid":{"rendered":"https:\/\/denizcankizil.tr\/uncategorized-tr\/izmirde-tatil-cocuk-atolyeleri-ile-senlenecek\/"},"modified":"2025-01-23T12:42:08","modified_gmt":"2025-01-23T09:42:08","slug":"izmirde-tatil-cocuk-atolyeleri-ile-senlenecek","status":"publish","type":"post","link":"https:\/\/denizcankizil.tr\/ru\/haberler\/gundem\/izmirde-tatil-cocuk-atolyeleri-ile-senlenecek\/","title":{"rendered":"\u0130zmir&#8217;de tatil \u00e7ocuk at\u00f6lyeleri ile \u015fenlenecek"},"content":{"rendered":"<p>\u0130zmirli \u00e7ocuklar, \u0130zmir B\u00fcy\u00fck\u015fehir Belediyesi\u2019nin s\u00f6mestr tatili i\u00e7in d\u00fczenledi\u011fi birbirinden keyifli at\u00f6lyelerde bulu\u015facak. 29 Ocak-31 Ocak tarihleri aras\u0131nda yap\u0131lacak \u00fc\u00e7 at\u00f6lye, \u00e7ocuklar\u0131n zihninde yeni kap\u0131lar a\u00e7acak.\u0130ZM\u0130R (\u0130GFA) &#8211;\u00a0\u0130zmir B\u00fcy\u00fck\u015fehir Belediyesi, s\u00f6mestr tatilinde \u00e7ocuklar i\u00e7in keyifli ve e\u011fitici etkinlikler d\u00fczenliyor. \u0130zmirli \u00e7ocuklar, Sade \u015eeylerin B\u00fcy\u00fcs\u00fc Masal At\u00f6lyesi, Sonuna Sen Karar Ver Yarat\u0131c\u0131 Yazma At\u00f6lyesi ve Yarat\u0131c\u0131 Drama At\u00f6lyesi\u2019ne kat\u0131labilecek. \u201cKe\u015ffet, E\u011flen\u201d temas\u0131 ile bir araya gelecek \u00e7ocuklar, interaktif bir yakla\u015f\u0131mla alan\u0131nda uzman y\u00fcr\u00fct\u00fcc\u00fcler taraf\u0131ndan yap\u0131lacak at\u00f6lyelerde hayaller kuracak, hik\u00e2yeler yazacak, masallar dinleyecek ve s\u00f6zc\u00fcklerin g\u00fcc\u00fcn\u00fc ke\u015ffedecek.<br \/>\n\u00a0KAYITLAR BA\u015eLADI<br \/>\n\u0130zmir\u2019in farkl\u0131 noktalar\u0131nda bulunan yedi yerle\u015fik k\u00fct\u00fcphanenin yan\u0131 s\u0131ra k\u0131rsal b\u00f6lgelere hizmet veren iki gezici k\u00fct\u00fcphanesi olan K\u00fct\u00fcphaneler \u015eube M\u00fcd\u00fcrl\u00fc\u011f\u00fc, kapsay\u0131c\u0131l\u0131k ilkesi do\u011frultusunda bilgiye eri\u015fimde f\u0131rsat e\u015fitli\u011finin sa\u011flanmas\u0131na y\u00f6nelik projeler geli\u015ftirip at\u00f6lye ve etkinlikler d\u00fczenliyor. K\u00fct\u00fcphaneler \u015eube M\u00fcd\u00fcrl\u00fc\u011f\u00fc\u2019n\u00fcn Alsancak Kent K\u00fct\u00fcphanesi\u2019nde \u00fc\u00e7 g\u00fcn boyunca ger\u00e7ekle\u015ftirilece\u011fi at\u00f6lyelere kat\u0131l\u0131m i\u00e7in https:\/\/www.izmir.art\/tr\/preview\/679092c01f67308007798a87 adresi veya 232 293 41 77 numaral\u0131 telefon \u00fczerinden kay\u0131t olunabiliyor.<br \/>\n\u00a0AT\u00d6LYE TAKV\u0130M\u0130<br \/>\nY\u00fcr\u00fct\u00fcc\u00fcl\u00fc\u011f\u00fcn\u00fc Didem Tarlal\u0131\u2019n\u0131n yapaca\u011f\u0131 8-10 ya\u015f aral\u0131\u011f\u0131 \u00e7ocuklara y\u00f6nelik Sade \u015eeylerin B\u00fcy\u00fcs\u00fc Masal At\u00f6lyesi 29 Ocak \u00c7ar\u015famba g\u00fcn\u00fc 15.00-16.00 saatleri aras\u0131nda yap\u0131lacak. Y\u00fcr\u00fct\u00fcc\u00fcl\u00fc\u011f\u00fcn\u00fc Fato\u015f Mutlug\u00fcn ve Ertu\u011frul Mutlug\u00fcn\u2019\u00fcn yapaca\u011f\u0131 10-12 ya\u015f aral\u0131\u011f\u0131 \u00e7ocuklara y\u00f6nelik Sonuna Sen Karar Ver Yarat\u0131c\u0131 Yazma At\u00f6lyesi, 30 Ocak Per\u015fembe g\u00fcn\u00fc 15.00-16.30 saatleri aras\u0131nda d\u00fczenlenecek. Y\u00fcr\u00fct\u00fcc\u00fcl\u00fc\u011f\u00fcn\u00fc \u015eeniz Turan\u2019\u0131n yapaca\u011f\u0131 7-9 ya\u015f ya\u015f aral\u0131\u011f\u0131 \u00e7ocuklara y\u00f6nelik Yarat\u0131c\u0131 Drama At\u00f6lyesi ise 31 Ocak Cuma g\u00fcn\u00fc 15.30-17.00 saatleri aras\u0131nda ger\u00e7ekle\u015ftirilecek. Kent K\u00fct\u00fcphanesi Alsancak\u2019ta yap\u0131lacak t\u00fcm at\u00f6lyeler \u00fccretsiz olacak.<\/p>\n<p>\u200b\u0130zmirli \u00e7ocuklar, \u0130zmir B\u00fcy\u00fck\u015fehir Belediyesi\u2019nin s\u00f6mestr tatili i\u00e7in d\u00fczenledi\u011fi birbirinden keyifli at\u00f6lyelerde bulu\u015facak. 29 Ocak-31 Ocak tarihleri aras\u0131nda yap\u0131lacak \u00fc\u00e7 at\u00f6lye, \u00e7ocuklar\u0131n zihninde yeni kap\u0131lar a\u00e7acak.\u0130ZM\u0130R (\u0130GFA) &#8211;\u00a0\u0130zmir B\u00fcy\u00fck\u015fehir Belediyesi, s\u00f6mestr tatilinde \u00e7ocuklar i\u00e7in keyifli ve e\u011fitici etkinlikler d\u00fczenliyor. \u0130zmirli \u00e7ocuklar, Sade \u015eeylerin B\u00fcy\u00fcs\u00fc Masal At\u00f6lyesi, Sonuna Sen Karar Ver Yarat\u0131c\u0131 Yazma At\u00f6lyesi ve Yarat\u0131c\u0131 Drama At\u00f6lyesi\u2019ne kat\u0131labilecek. \u201cKe\u015ffet, E\u011flen\u201d temas\u0131 ile bir araya gelecek \u00e7ocuklar, interaktif bir yakla\u015f\u0131mla alan\u0131nda uzman y\u00fcr\u00fct\u00fcc\u00fcler taraf\u0131ndan yap\u0131lacak at\u00f6lyelerde hayaller kuracak, hik\u00e2yeler yazacak, masallar dinleyecek ve s\u00f6zc\u00fcklerin g\u00fcc\u00fcn\u00fc ke\u015ffedecek.<br \/>\n\u00a0KAYITLAR BA\u015eLADI<br \/>\n\u0130zmir\u2019in farkl\u0131 noktalar\u0131nda bulunan yedi yerle\u015fik k\u00fct\u00fcphanenin yan\u0131 s\u0131ra k\u0131rsal b\u00f6lgelere hizmet veren iki gezici k\u00fct\u00fcphanesi olan K\u00fct\u00fcphaneler \u015eube M\u00fcd\u00fcrl\u00fc\u011f\u00fc, kapsay\u0131c\u0131l\u0131k ilkesi do\u011frultusunda bilgiye eri\u015fimde f\u0131rsat e\u015fitli\u011finin sa\u011flanmas\u0131na y\u00f6nelik projeler geli\u015ftirip at\u00f6lye ve etkinlikler d\u00fczenliyor. K\u00fct\u00fcphaneler \u015eube M\u00fcd\u00fcrl\u00fc\u011f\u00fc\u2019n\u00fcn Alsancak Kent K\u00fct\u00fcphanesi\u2019nde \u00fc\u00e7 g\u00fcn boyunca ger\u00e7ekle\u015ftirilece\u011fi at\u00f6lyelere kat\u0131l\u0131m i\u00e7in https:\/\/www.izmir.art\/tr\/preview\/679092c01f67308007798a87 adresi veya 232 293 41 77 numaral\u0131 telefon \u00fczerinden kay\u0131t olunabiliyor.<br \/>\n\u00a0AT\u00d6LYE TAKV\u0130M\u0130<br \/>\nY\u00fcr\u00fct\u00fcc\u00fcl\u00fc\u011f\u00fcn\u00fc Didem Tarlal\u0131\u2019n\u0131n yapaca\u011f\u0131 8-10 ya\u015f aral\u0131\u011f\u0131 \u00e7ocuklara y\u00f6nelik Sade \u015eeylerin B\u00fcy\u00fcs\u00fc Masal At\u00f6lyesi 29 Ocak \u00c7ar\u015famba g\u00fcn\u00fc 15.00-16.00 saatleri aras\u0131nda yap\u0131lacak. Y\u00fcr\u00fct\u00fcc\u00fcl\u00fc\u011f\u00fcn\u00fc Fato\u015f Mutlug\u00fcn ve Ertu\u011frul Mutlug\u00fcn\u2019\u00fcn yapaca\u011f\u0131 10-12 ya\u015f aral\u0131\u011f\u0131 \u00e7ocuklara y\u00f6nelik Sonuna Sen Karar Ver Yarat\u0131c\u0131 Yazma At\u00f6lyesi, 30 Ocak Per\u015fembe g\u00fcn\u00fc 15.00-16.30 saatleri aras\u0131nda d\u00fczenlenecek. Y\u00fcr\u00fct\u00fcc\u00fcl\u00fc\u011f\u00fcn\u00fc \u015eeniz Turan\u2019\u0131n yapaca\u011f\u0131 7-9 ya\u015f ya\u015f aral\u0131\u011f\u0131 \u00e7ocuklara y\u00f6nelik Yarat\u0131c\u0131 Drama At\u00f6lyesi ise 31 Ocak Cuma g\u00fcn\u00fc 15.30-17.00 saatleri aras\u0131nda ger\u00e7ekle\u015ftirilecek. Kent K\u00fct\u00fcphanesi Alsancak\u2019ta yap\u0131lacak t\u00fcm at\u00f6lyeler \u00fccretsiz olacak.\u00a0<\/p>\n<p>\u200bHaberin Al\u0131nt\u0131land\u0131\u011f\u0131 Kaynak: www.iskenderun.org<\/p>","protected":false},"excerpt":{"rendered":"<p>\u0130zmirli \u00e7ocuklar, \u0130zmir B\u00fcy\u00fck\u015fehir Belediyesi\u2019nin s\u00f6mestr tatili i\u00e7in d\u00fczenledi\u011fi birbirinden keyifli at\u00f6lyelerde bulu\u015facak. 29 Ocak-31 Ocak tarihleri aras\u0131nda yap\u0131lacak \u00fc\u00e7 at\u00f6lye, \u00e7ocuklar\u0131n zihninde yeni kap\u0131lar a\u00e7acak.\u0130ZM\u0130R (\u0130GFA) &#8211;\u00a0\u0130zmir B\u00fcy\u00fck\u015fehir Belediyesi, s\u00f6mestr tatilinde \u00e7ocuklar i\u00e7in keyifli ve e\u011fitici etkinlikler d\u00fczenliyor. \u0130zmirli \u00e7ocuklar, Sade \u015eeylerin B\u00fcy\u00fcs\u00fc Masal At\u00f6lyesi, Sonuna Sen Karar Ver Yarat\u0131c\u0131 Yazma At\u00f6lyesi ve Yarat\u0131c\u0131 Drama At\u00f6lyesi\u2019ne kat\u0131labilecek. \u201cKe\u015ffet, E\u011flen\u201d temas\u0131 ile bir araya gelecek \u00e7ocuklar, interaktif bir yakla\u015f\u0131mla alan\u0131nda uzman y\u00fcr\u00fct\u00fcc\u00fcler taraf\u0131ndan yap\u0131lacak at\u00f6lyelerde hayaller kuracak, hik\u00e2yeler yazacak, masallar dinleyecek ve s\u00f6zc\u00fcklerin g\u00fcc\u00fcn\u00fc ke\u015ffedecek. \u00a0KAYITLAR BA\u015eLADI \u0130zmir\u2019in farkl\u0131 noktalar\u0131nda bulunan yedi yerle\u015fik k\u00fct\u00fcphanenin yan\u0131 s\u0131ra k\u0131rsal b\u00f6lgelere hizmet veren iki gezici k\u00fct\u00fcphanesi olan K\u00fct\u00fcphaneler \u015eube M\u00fcd\u00fcrl\u00fc\u011f\u00fc, kapsay\u0131c\u0131l\u0131k ilkesi do\u011frultusunda bilgiye eri\u015fimde f\u0131rsat e\u015fitli\u011finin sa\u011flanmas\u0131na y\u00f6nelik projeler geli\u015ftirip at\u00f6lye ve etkinlikler d\u00fczenliyor. K\u00fct\u00fcphaneler \u015eube M\u00fcd\u00fcrl\u00fc\u011f\u00fc\u2019n\u00fcn Alsancak Kent K\u00fct\u00fcphanesi\u2019nde \u00fc\u00e7 g\u00fcn boyunca ger\u00e7ekle\u015ftirilece\u011fi at\u00f6lyelere kat\u0131l\u0131m i\u00e7in https:\/\/www.izmir.art\/tr\/preview\/679092c01f67308007798a87 adresi veya 232 293 41 77 numaral\u0131 telefon \u00fczerinden kay\u0131t olunabiliyor. \u00a0AT\u00d6LYE TAKV\u0130M\u0130 Y\u00fcr\u00fct\u00fcc\u00fcl\u00fc\u011f\u00fcn\u00fc Didem Tarlal\u0131\u2019n\u0131n yapaca\u011f\u0131 8-10 ya\u015f aral\u0131\u011f\u0131 \u00e7ocuklara y\u00f6nelik Sade \u015eeylerin B\u00fcy\u00fcs\u00fc Masal At\u00f6lyesi 29 Ocak \u00c7ar\u015famba g\u00fcn\u00fc 15.00-16.00 saatleri aras\u0131nda yap\u0131lacak. Y\u00fcr\u00fct\u00fcc\u00fcl\u00fc\u011f\u00fcn\u00fc Fato\u015f Mutlug\u00fcn ve Ertu\u011frul Mutlug\u00fcn\u2019\u00fcn yapaca\u011f\u0131 10-12 ya\u015f aral\u0131\u011f\u0131 \u00e7ocuklara y\u00f6nelik Sonuna Sen Karar Ver Yarat\u0131c\u0131 Yazma At\u00f6lyesi, 30 Ocak Per\u015fembe g\u00fcn\u00fc 15.00-16.30 saatleri aras\u0131nda d\u00fczenlenecek. Y\u00fcr\u00fct\u00fcc\u00fcl\u00fc\u011f\u00fcn\u00fc \u015eeniz &hellip;<\/p>","protected":false},"author":1,"featured_media":0,"comment_status":"open","ping_status":"open","sticky":false,"template":"","format":"standard","meta":{"_acf_changed":false,"footnotes":""},"categories":[24],"tags":[],"class_list":["post-26929","post","type-post","status-publish","format-standard","has-post-thumbnail","hentry","category-gundem"],"acf":[],"yoast_head":"<!-- This site is optimized with the Yoast SEO Premium plugin v26.6 (Yoast SEO v27.1.1) - https:\/\/yoast.com\/product\/yoast-seo-premium-wordpress\/ -->\n<title>\u0130zmir&#039;de tatil \u00e7ocuk at\u00f6lyeleri ile \u015fenlenecek - Av. Deniz Can K\u0131z\u0131l<\/title>\n<meta name=\"robots\" content=\"index, follow, max-snippet:-1, max-image-preview:large, max-video-preview:-1\" \/>\n<link rel=\"canonical\" href=\"https:\/\/denizcankizil.tr\/ru\/haberler\/gundem\/izmirde-tatil-cocuk-atolyeleri-ile-senlenecek\/\" \/>\n<meta property=\"og:locale\" content=\"ru_RU\" \/>\n<meta property=\"og:type\" content=\"article\" \/>\n<meta property=\"og:title\" content=\"\u0130zmir&#039;de tatil \u00e7ocuk at\u00f6lyeleri ile \u015fenlenecek\" \/>\n<meta property=\"og:description\" content=\"\u0130zmirli \u00e7ocuklar, \u0130zmir B\u00fcy\u00fck\u015fehir Belediyesi\u2019nin s\u00f6mestr tatili i\u00e7in d\u00fczenledi\u011fi birbirinden keyifli at\u00f6lyelerde bulu\u015facak. 29 Ocak-31 Ocak tarihleri aras\u0131nda yap\u0131lacak \u00fc\u00e7 at\u00f6lye, \u00e7ocuklar\u0131n zihninde yeni kap\u0131lar a\u00e7acak.\u0130ZM\u0130R (\u0130GFA) &#8211;\u00a0\u0130zmir B\u00fcy\u00fck\u015fehir Belediyesi, s\u00f6mestr tatilinde \u00e7ocuklar i\u00e7in keyifli ve e\u011fitici etkinlikler d\u00fczenliyor. \u0130zmirli \u00e7ocuklar, Sade \u015eeylerin B\u00fcy\u00fcs\u00fc Masal At\u00f6lyesi, Sonuna Sen Karar Ver Yarat\u0131c\u0131 Yazma At\u00f6lyesi ve Yarat\u0131c\u0131 Drama At\u00f6lyesi\u2019ne kat\u0131labilecek. \u201cKe\u015ffet, E\u011flen\u201d temas\u0131 ile bir araya gelecek \u00e7ocuklar, interaktif bir yakla\u015f\u0131mla alan\u0131nda uzman y\u00fcr\u00fct\u00fcc\u00fcler taraf\u0131ndan yap\u0131lacak at\u00f6lyelerde hayaller kuracak, hik\u00e2yeler yazacak, masallar dinleyecek ve s\u00f6zc\u00fcklerin g\u00fcc\u00fcn\u00fc ke\u015ffedecek. \u00a0KAYITLAR BA\u015eLADI \u0130zmir\u2019in farkl\u0131 noktalar\u0131nda bulunan yedi yerle\u015fik k\u00fct\u00fcphanenin yan\u0131 s\u0131ra k\u0131rsal b\u00f6lgelere hizmet veren iki gezici k\u00fct\u00fcphanesi olan K\u00fct\u00fcphaneler \u015eube M\u00fcd\u00fcrl\u00fc\u011f\u00fc, kapsay\u0131c\u0131l\u0131k ilkesi do\u011frultusunda bilgiye eri\u015fimde f\u0131rsat e\u015fitli\u011finin sa\u011flanmas\u0131na y\u00f6nelik projeler geli\u015ftirip at\u00f6lye ve etkinlikler d\u00fczenliyor. K\u00fct\u00fcphaneler \u015eube M\u00fcd\u00fcrl\u00fc\u011f\u00fc\u2019n\u00fcn Alsancak Kent K\u00fct\u00fcphanesi\u2019nde \u00fc\u00e7 g\u00fcn boyunca ger\u00e7ekle\u015ftirilece\u011fi at\u00f6lyelere kat\u0131l\u0131m i\u00e7in https:\/\/www.izmir.art\/tr\/preview\/679092c01f67308007798a87 adresi veya 232 293 41 77 numaral\u0131 telefon \u00fczerinden kay\u0131t olunabiliyor. \u00a0AT\u00d6LYE TAKV\u0130M\u0130 Y\u00fcr\u00fct\u00fcc\u00fcl\u00fc\u011f\u00fcn\u00fc Didem Tarlal\u0131\u2019n\u0131n yapaca\u011f\u0131 8-10 ya\u015f aral\u0131\u011f\u0131 \u00e7ocuklara y\u00f6nelik Sade \u015eeylerin B\u00fcy\u00fcs\u00fc Masal At\u00f6lyesi 29 Ocak \u00c7ar\u015famba g\u00fcn\u00fc 15.00-16.00 saatleri aras\u0131nda yap\u0131lacak. Y\u00fcr\u00fct\u00fcc\u00fcl\u00fc\u011f\u00fcn\u00fc Fato\u015f Mutlug\u00fcn ve Ertu\u011frul Mutlug\u00fcn\u2019\u00fcn yapaca\u011f\u0131 10-12 ya\u015f aral\u0131\u011f\u0131 \u00e7ocuklara y\u00f6nelik Sonuna Sen Karar Ver Yarat\u0131c\u0131 Yazma At\u00f6lyesi, 30 Ocak Per\u015fembe g\u00fcn\u00fc 15.00-16.30 saatleri aras\u0131nda d\u00fczenlenecek. Y\u00fcr\u00fct\u00fcc\u00fcl\u00fc\u011f\u00fcn\u00fc \u015eeniz &hellip;\" \/>\n<meta property=\"og:url\" content=\"https:\/\/denizcankizil.tr\/ru\/haberler\/gundem\/izmirde-tatil-cocuk-atolyeleri-ile-senlenecek\/\" \/>\n<meta property=\"og:site_name\" content=\"Av. Deniz Can K\u0131z\u0131l\" \/>\n<meta property=\"article:published_time\" content=\"2025-01-23T09:42:08+00:00\" \/>\n<meta name=\"author\" content=\"admin\" \/>\n<meta name=\"twitter:card\" content=\"summary_large_image\" \/>\n<meta name=\"twitter:label1\" content=\"\u041d\u0430\u043f\u0438\u0441\u0430\u043d\u043e \u0430\u0432\u0442\u043e\u0440\u043e\u043c\" \/>\n\t<meta name=\"twitter:data1\" content=\"admin\" \/>\n\t<meta name=\"twitter:label2\" content=\"\u041f\u0440\u0438\u043c\u0435\u0440\u043d\u043e\u0435 \u0432\u0440\u0435\u043c\u044f \u0434\u043b\u044f \u0447\u0442\u0435\u043d\u0438\u044f\" \/>\n\t<meta name=\"twitter:data2\" content=\"4 \u043c\u0438\u043d\u0443\u0442\u044b\" \/>\n<script type=\"application\/ld+json\" class=\"yoast-schema-graph\">{\"@context\":\"https:\/\/schema.org\",\"@graph\":[{\"@type\":\"Article\",\"@id\":\"https:\/\/denizcankizil.tr\/en\/haberler\/gundem\/izmirde-tatil-cocuk-atolyeleri-ile-senlenecek\/#article\",\"isPartOf\":{\"@id\":\"https:\/\/denizcankizil.tr\/en\/haberler\/gundem\/izmirde-tatil-cocuk-atolyeleri-ile-senlenecek\/\"},\"author\":{\"name\":\"admin\",\"@id\":\"https:\/\/denizcankizil.tr\/#\/schema\/person\/be3c05fe6a12686905512445d8185489\"},\"headline\":\"\u0130zmir&#8217;de tatil \u00e7ocuk at\u00f6lyeleri ile \u015fenlenecek\",\"datePublished\":\"2025-01-23T09:42:08+00:00\",\"mainEntityOfPage\":{\"@id\":\"https:\/\/denizcankizil.tr\/en\/haberler\/gundem\/izmirde-tatil-cocuk-atolyeleri-ile-senlenecek\/\"},\"wordCount\":770,\"commentCount\":0,\"publisher\":{\"@id\":\"https:\/\/denizcankizil.tr\/#organization\"},\"articleSection\":[\"G\u00fcndem\"],\"inLanguage\":\"ru-RU\",\"potentialAction\":[{\"@type\":\"CommentAction\",\"name\":\"Comment\",\"target\":[\"https:\/\/denizcankizil.tr\/en\/haberler\/gundem\/izmirde-tatil-cocuk-atolyeleri-ile-senlenecek\/#respond\"]}]},{\"@type\":\"WebPage\",\"@id\":\"https:\/\/denizcankizil.tr\/en\/haberler\/gundem\/izmirde-tatil-cocuk-atolyeleri-ile-senlenecek\/\",\"url\":\"https:\/\/denizcankizil.tr\/en\/haberler\/gundem\/izmirde-tatil-cocuk-atolyeleri-ile-senlenecek\/\",\"name\":\"\u0130zmir'de tatil \u00e7ocuk at\u00f6lyeleri ile \u015fenlenecek - Av. Deniz Can K\u0131z\u0131l\",\"isPartOf\":{\"@id\":\"https:\/\/denizcankizil.tr\/#website\"},\"datePublished\":\"2025-01-23T09:42:08+00:00\",\"breadcrumb\":{\"@id\":\"https:\/\/denizcankizil.tr\/en\/haberler\/gundem\/izmirde-tatil-cocuk-atolyeleri-ile-senlenecek\/#breadcrumb\"},\"inLanguage\":\"ru-RU\",\"potentialAction\":[{\"@type\":\"ReadAction\",\"target\":[\"https:\/\/denizcankizil.tr\/en\/haberler\/gundem\/izmirde-tatil-cocuk-atolyeleri-ile-senlenecek\/\"]}]},{\"@type\":\"BreadcrumbList\",\"@id\":\"https:\/\/denizcankizil.tr\/en\/haberler\/gundem\/izmirde-tatil-cocuk-atolyeleri-ile-senlenecek\/#breadcrumb\",\"itemListElement\":[{\"@type\":\"ListItem\",\"position\":1,\"name\":\"Home\",\"item\":\"https:\/\/denizcankizil.tr\/de\/\"},{\"@type\":\"ListItem\",\"position\":2,\"name\":\"\u0130zmir&#8217;de tatil \u00e7ocuk at\u00f6lyeleri ile \u015fenlenecek\"}]},{\"@type\":\"WebSite\",\"@id\":\"https:\/\/denizcankizil.tr\/#website\",\"url\":\"https:\/\/denizcankizil.tr\/\",\"name\":\"Av. Deniz Can K\u0131z\u0131l\",\"description\":\"Avukat Deniz Can K\u0131z\u0131l Antalya Barosu\",\"publisher\":{\"@id\":\"https:\/\/denizcankizil.tr\/#organization\"},\"potentialAction\":[{\"@type\":\"SearchAction\",\"target\":{\"@type\":\"EntryPoint\",\"urlTemplate\":\"https:\/\/denizcankizil.tr\/?s={search_term_string}\"},\"query-input\":{\"@type\":\"PropertyValueSpecification\",\"valueRequired\":true,\"valueName\":\"search_term_string\"}}],\"inLanguage\":\"ru-RU\"},{\"@type\":\"Organization\",\"@id\":\"https:\/\/denizcankizil.tr\/#organization\",\"name\":\"Av. Deniz Can K\u0131z\u0131l\",\"url\":\"https:\/\/denizcankizil.tr\/\",\"logo\":{\"@type\":\"ImageObject\",\"inLanguage\":\"ru-RU\",\"@id\":\"https:\/\/denizcankizil.tr\/#\/schema\/logo\/image\/\",\"url\":\"https:\/\/denizcankizil.tr\/wp-content\/uploads\/2024\/10\/siyah-logo-svg.svg\",\"contentUrl\":\"https:\/\/denizcankizil.tr\/wp-content\/uploads\/2024\/10\/siyah-logo-svg.svg\",\"width\":1080,\"height\":1080,\"caption\":\"Av. Deniz Can K\u0131z\u0131l\"},\"image\":{\"@id\":\"https:\/\/denizcankizil.tr\/#\/schema\/logo\/image\/\"}},{\"@type\":\"Person\",\"@id\":\"https:\/\/denizcankizil.tr\/#\/schema\/person\/be3c05fe6a12686905512445d8185489\",\"name\":\"admin\",\"image\":{\"@type\":\"ImageObject\",\"inLanguage\":\"ru-RU\",\"@id\":\"https:\/\/denizcankizil.tr\/#\/schema\/person\/image\/\",\"url\":\"https:\/\/secure.gravatar.com\/avatar\/c1fce94c830dc79107e174f890d7210541c4a63e8e5d816341794a2151c9d58c?s=96&d=mm&r=g\",\"contentUrl\":\"https:\/\/secure.gravatar.com\/avatar\/c1fce94c830dc79107e174f890d7210541c4a63e8e5d816341794a2151c9d58c?s=96&d=mm&r=g\",\"caption\":\"admin\"},\"sameAs\":[\"http:\/\/denizcankizil.tr\"],\"url\":\"https:\/\/www.iskenderun.org\/izmirde-tatil-cocuk-atolyeleri-ile-senlenecek\"}]}<\/script>\n<!-- \/ Yoast SEO Premium plugin. -->","yoast_head_json":{"title":"\u0130zmir'de tatil \u00e7ocuk at\u00f6lyeleri ile \u015fenlenecek - Av. Deniz Can K\u0131z\u0131l","robots":{"index":"index","follow":"follow","max-snippet":"max-snippet:-1","max-image-preview":"max-image-preview:large","max-video-preview":"max-video-preview:-1"},"canonical":"https:\/\/denizcankizil.tr\/ru\/haberler\/gundem\/izmirde-tatil-cocuk-atolyeleri-ile-senlenecek\/","og_locale":"ru_RU","og_type":"article","og_title":"\u0130zmir'de tatil \u00e7ocuk at\u00f6lyeleri ile \u015fenlenecek","og_description":"\u0130zmirli \u00e7ocuklar, \u0130zmir B\u00fcy\u00fck\u015fehir Belediyesi\u2019nin s\u00f6mestr tatili i\u00e7in d\u00fczenledi\u011fi birbirinden keyifli at\u00f6lyelerde bulu\u015facak. 29 Ocak-31 Ocak tarihleri aras\u0131nda yap\u0131lacak \u00fc\u00e7 at\u00f6lye, \u00e7ocuklar\u0131n zihninde yeni kap\u0131lar a\u00e7acak.\u0130ZM\u0130R (\u0130GFA) &#8211;\u00a0\u0130zmir B\u00fcy\u00fck\u015fehir Belediyesi, s\u00f6mestr tatilinde \u00e7ocuklar i\u00e7in keyifli ve e\u011fitici etkinlikler d\u00fczenliyor. \u0130zmirli \u00e7ocuklar, Sade \u015eeylerin B\u00fcy\u00fcs\u00fc Masal At\u00f6lyesi, Sonuna Sen Karar Ver Yarat\u0131c\u0131 Yazma At\u00f6lyesi ve Yarat\u0131c\u0131 Drama At\u00f6lyesi\u2019ne kat\u0131labilecek. \u201cKe\u015ffet, E\u011flen\u201d temas\u0131 ile bir araya gelecek \u00e7ocuklar, interaktif bir yakla\u015f\u0131mla alan\u0131nda uzman y\u00fcr\u00fct\u00fcc\u00fcler taraf\u0131ndan yap\u0131lacak at\u00f6lyelerde hayaller kuracak, hik\u00e2yeler yazacak, masallar dinleyecek ve s\u00f6zc\u00fcklerin g\u00fcc\u00fcn\u00fc ke\u015ffedecek. \u00a0KAYITLAR BA\u015eLADI \u0130zmir\u2019in farkl\u0131 noktalar\u0131nda bulunan yedi yerle\u015fik k\u00fct\u00fcphanenin yan\u0131 s\u0131ra k\u0131rsal b\u00f6lgelere hizmet veren iki gezici k\u00fct\u00fcphanesi olan K\u00fct\u00fcphaneler \u015eube M\u00fcd\u00fcrl\u00fc\u011f\u00fc, kapsay\u0131c\u0131l\u0131k ilkesi do\u011frultusunda bilgiye eri\u015fimde f\u0131rsat e\u015fitli\u011finin sa\u011flanmas\u0131na y\u00f6nelik projeler geli\u015ftirip at\u00f6lye ve etkinlikler d\u00fczenliyor. K\u00fct\u00fcphaneler \u015eube M\u00fcd\u00fcrl\u00fc\u011f\u00fc\u2019n\u00fcn Alsancak Kent K\u00fct\u00fcphanesi\u2019nde \u00fc\u00e7 g\u00fcn boyunca ger\u00e7ekle\u015ftirilece\u011fi at\u00f6lyelere kat\u0131l\u0131m i\u00e7in https:\/\/www.izmir.art\/tr\/preview\/679092c01f67308007798a87 adresi veya 232 293 41 77 numaral\u0131 telefon \u00fczerinden kay\u0131t olunabiliyor. \u00a0AT\u00d6LYE TAKV\u0130M\u0130 Y\u00fcr\u00fct\u00fcc\u00fcl\u00fc\u011f\u00fcn\u00fc Didem Tarlal\u0131\u2019n\u0131n yapaca\u011f\u0131 8-10 ya\u015f aral\u0131\u011f\u0131 \u00e7ocuklara y\u00f6nelik Sade \u015eeylerin B\u00fcy\u00fcs\u00fc Masal At\u00f6lyesi 29 Ocak \u00c7ar\u015famba g\u00fcn\u00fc 15.00-16.00 saatleri aras\u0131nda yap\u0131lacak. Y\u00fcr\u00fct\u00fcc\u00fcl\u00fc\u011f\u00fcn\u00fc Fato\u015f Mutlug\u00fcn ve Ertu\u011frul Mutlug\u00fcn\u2019\u00fcn yapaca\u011f\u0131 10-12 ya\u015f aral\u0131\u011f\u0131 \u00e7ocuklara y\u00f6nelik Sonuna Sen Karar Ver Yarat\u0131c\u0131 Yazma At\u00f6lyesi, 30 Ocak Per\u015fembe g\u00fcn\u00fc 15.00-16.30 saatleri aras\u0131nda d\u00fczenlenecek. Y\u00fcr\u00fct\u00fcc\u00fcl\u00fc\u011f\u00fcn\u00fc \u015eeniz &hellip;","og_url":"https:\/\/denizcankizil.tr\/ru\/haberler\/gundem\/izmirde-tatil-cocuk-atolyeleri-ile-senlenecek\/","og_site_name":"Av. Deniz Can K\u0131z\u0131l","article_published_time":"2025-01-23T09:42:08+00:00","author":"admin","twitter_card":"summary_large_image","twitter_misc":{"\u041d\u0430\u043f\u0438\u0441\u0430\u043d\u043e \u0430\u0432\u0442\u043e\u0440\u043e\u043c":"admin","\u041f\u0440\u0438\u043c\u0435\u0440\u043d\u043e\u0435 \u0432\u0440\u0435\u043c\u044f \u0434\u043b\u044f \u0447\u0442\u0435\u043d\u0438\u044f":"4 \u043c\u0438\u043d\u0443\u0442\u044b"},"schema":{"@context":"https:\/\/schema.org","@graph":[{"@type":"Article","@id":"https:\/\/denizcankizil.tr\/en\/haberler\/gundem\/izmirde-tatil-cocuk-atolyeleri-ile-senlenecek\/#article","isPartOf":{"@id":"https:\/\/denizcankizil.tr\/en\/haberler\/gundem\/izmirde-tatil-cocuk-atolyeleri-ile-senlenecek\/"},"author":{"name":"admin","@id":"https:\/\/denizcankizil.tr\/#\/schema\/person\/be3c05fe6a12686905512445d8185489"},"headline":"\u0130zmir&#8217;de tatil \u00e7ocuk at\u00f6lyeleri ile \u015fenlenecek","datePublished":"2025-01-23T09:42:08+00:00","mainEntityOfPage":{"@id":"https:\/\/denizcankizil.tr\/en\/haberler\/gundem\/izmirde-tatil-cocuk-atolyeleri-ile-senlenecek\/"},"wordCount":770,"commentCount":0,"publisher":{"@id":"https:\/\/denizcankizil.tr\/#organization"},"articleSection":["G\u00fcndem"],"inLanguage":"ru-RU","potentialAction":[{"@type":"CommentAction","name":"Comment","target":["https:\/\/denizcankizil.tr\/en\/haberler\/gundem\/izmirde-tatil-cocuk-atolyeleri-ile-senlenecek\/#respond"]}]},{"@type":"WebPage","@id":"https:\/\/denizcankizil.tr\/en\/haberler\/gundem\/izmirde-tatil-cocuk-atolyeleri-ile-senlenecek\/","url":"https:\/\/denizcankizil.tr\/en\/haberler\/gundem\/izmirde-tatil-cocuk-atolyeleri-ile-senlenecek\/","name":"\u0130zmir'de tatil \u00e7ocuk at\u00f6lyeleri ile \u015fenlenecek - Av. Deniz Can K\u0131z\u0131l","isPartOf":{"@id":"https:\/\/denizcankizil.tr\/#website"},"datePublished":"2025-01-23T09:42:08+00:00","breadcrumb":{"@id":"https:\/\/denizcankizil.tr\/en\/haberler\/gundem\/izmirde-tatil-cocuk-atolyeleri-ile-senlenecek\/#breadcrumb"},"inLanguage":"ru-RU","potentialAction":[{"@type":"ReadAction","target":["https:\/\/denizcankizil.tr\/en\/haberler\/gundem\/izmirde-tatil-cocuk-atolyeleri-ile-senlenecek\/"]}]},{"@type":"BreadcrumbList","@id":"https:\/\/denizcankizil.tr\/en\/haberler\/gundem\/izmirde-tatil-cocuk-atolyeleri-ile-senlenecek\/#breadcrumb","itemListElement":[{"@type":"ListItem","position":1,"name":"Home","item":"https:\/\/denizcankizil.tr\/de\/"},{"@type":"ListItem","position":2,"name":"\u0130zmir&#8217;de tatil \u00e7ocuk at\u00f6lyeleri ile \u015fenlenecek"}]},{"@type":"WebSite","@id":"https:\/\/denizcankizil.tr\/#website","url":"https:\/\/denizcankizil.tr\/","name":"Av. Deniz Can K\u0131z\u0131l","description":"Avukat Deniz Can K\u0131z\u0131l Antalya Barosu","publisher":{"@id":"https:\/\/denizcankizil.tr\/#organization"},"potentialAction":[{"@type":"SearchAction","target":{"@type":"EntryPoint","urlTemplate":"https:\/\/denizcankizil.tr\/?s={search_term_string}"},"query-input":{"@type":"PropertyValueSpecification","valueRequired":true,"valueName":"search_term_string"}}],"inLanguage":"ru-RU"},{"@type":"Organization","@id":"https:\/\/denizcankizil.tr\/#organization","name":"Av. Deniz Can K\u0131z\u0131l","url":"https:\/\/denizcankizil.tr\/","logo":{"@type":"ImageObject","inLanguage":"ru-RU","@id":"https:\/\/denizcankizil.tr\/#\/schema\/logo\/image\/","url":"https:\/\/denizcankizil.tr\/wp-content\/uploads\/2024\/10\/siyah-logo-svg.svg","contentUrl":"https:\/\/denizcankizil.tr\/wp-content\/uploads\/2024\/10\/siyah-logo-svg.svg","width":1080,"height":1080,"caption":"Av. Deniz Can K\u0131z\u0131l"},"image":{"@id":"https:\/\/denizcankizil.tr\/#\/schema\/logo\/image\/"}},{"@type":"Person","@id":"https:\/\/denizcankizil.tr\/#\/schema\/person\/be3c05fe6a12686905512445d8185489","name":"\u0430\u0434\u043c\u0438\u043d","image":{"@type":"ImageObject","inLanguage":"ru-RU","@id":"https:\/\/denizcankizil.tr\/#\/schema\/person\/image\/","url":"https:\/\/secure.gravatar.com\/avatar\/c1fce94c830dc79107e174f890d7210541c4a63e8e5d816341794a2151c9d58c?s=96&d=mm&r=g","contentUrl":"https:\/\/secure.gravatar.com\/avatar\/c1fce94c830dc79107e174f890d7210541c4a63e8e5d816341794a2151c9d58c?s=96&d=mm&r=g","caption":"admin"},"sameAs":["http:\/\/denizcankizil.tr"],"url":"https:\/\/www.iskenderun.org\/izmirde-tatil-cocuk-atolyeleri-ile-senlenecek"}]}},"_links":{"self":[{"href":"https:\/\/denizcankizil.tr\/ru\/wp-json\/wp\/v2\/posts\/26929","targetHints":{"allow":["GET"]}}],"collection":[{"href":"https:\/\/denizcankizil.tr\/ru\/wp-json\/wp\/v2\/posts"}],"about":[{"href":"https:\/\/denizcankizil.tr\/ru\/wp-json\/wp\/v2\/types\/post"}],"author":[{"embeddable":true,"href":"https:\/\/denizcankizil.tr\/ru\/wp-json\/wp\/v2\/users\/1"}],"replies":[{"embeddable":true,"href":"https:\/\/denizcankizil.tr\/ru\/wp-json\/wp\/v2\/comments?post=26929"}],"version-history":[{"count":0,"href":"https:\/\/denizcankizil.tr\/ru\/wp-json\/wp\/v2\/posts\/26929\/revisions"}],"wp:attachment":[{"href":"https:\/\/denizcankizil.tr\/ru\/wp-json\/wp\/v2\/media?parent=26929"}],"wp:term":[{"taxonomy":"category","embeddable":true,"href":"https:\/\/denizcankizil.tr\/ru\/wp-json\/wp\/v2\/categories?post=26929"},{"taxonomy":"post_tag","embeddable":true,"href":"https:\/\/denizcankizil.tr\/ru\/wp-json\/wp\/v2\/tags?post=26929"}],"curies":[{"name":"wp","href":"https:\/\/api.w.org\/{rel}","templated":true}]}}