{"id":26920,"date":"2025-01-23T12:42:01","date_gmt":"2025-01-23T09:42:01","guid":{"rendered":"https:\/\/denizcankizil.tr\/uncategorized-tr\/bursa-inegolde-bir-tasla-iki-kus\/"},"modified":"2025-01-23T12:42:01","modified_gmt":"2025-01-23T09:42:01","slug":"bursa-inegolde-bir-tasla-iki-kus","status":"publish","type":"post","link":"https:\/\/denizcankizil.tr\/ru\/haberler\/gundem\/bursa-inegolde-bir-tasla-iki-kus\/","title":{"rendered":"Bursa \u0130neg\u00f6l&#8217;de bir ta\u015fla iki ku\u015f!"},"content":{"rendered":"<p>Bursa \u0130neg\u00f6l\u2019\u00fcn ilk yerinde kentsel d\u00f6n\u00fc\u015f\u00fcm projesi olan Turgutalp Mahallesinde \u0130neg\u00f6l Belediyesi \u015fehirdeki arama kurtarma ekiplerine e\u011fitim f\u0131rsat\u0131 da sunuyor. Ekipler y\u0131k\u0131m \u00e7al\u0131\u015fmalar\u0131 devam eden b\u00f6lgede deprem tatbikatlar\u0131 ve enkazda arama kurtarma \u00e7al\u0131\u015fmas\u0131 e\u011fitimleri ger\u00e7ekle\u015ftirdi.BURSA (\u0130GFA) &#8211; Bursa\u00a0\u0130neg\u00f6l Belediyesi taraf\u0131ndan Turgutalp Mahallesinde ba\u015flat\u0131lan \u015fehrin ilk yerinde kentsel d\u00f6n\u00fc\u015f\u00fcm projesinde ilk etab\u0131n y\u0131k\u0131m \u00e7al\u0131\u015fmalar\u0131 2025 y\u0131l\u0131yla birlikte ba\u015flam\u0131\u015ft\u0131. 15 blokta 95 daire ile 2 i\u015fyerinin bulundu\u011fu birinci etap b\u00f6lgesinde bir yandan y\u0131k\u0131m \u00e7al\u0131\u015fmalar\u0131 devam ederken, \u0130neg\u00f6l Belediyesi bu alan\u0131 \u015fehrin arama kurtarma ekiplerine de a\u00e7t\u0131.<\/p>\n<p>KENTSEL D\u00d6N\u00dc\u015e\u00dcM ALANI ARAMA KURTARMA EK\u0130PLER\u0130N\u0130N E\u011e\u0130T\u0130M ALANI OLDU<br \/>\nY\u0131k\u0131m alan\u0131n\u0131 ve buradaki enkazlar\u0131 faydaya d\u00f6n\u00fc\u015ft\u00fcrmek ad\u0131na \u0130neg\u00f6l Do\u011fal Afetler Arama Kurtarma Ekibi (\u0130NDAK) ile \u0130HH \u0130neg\u00f6l Arama Kurtarma Ekiplerine bilgi verildi. Her iki ekip y\u0131k\u0131m \u00e7al\u0131\u015fmalar\u0131n\u0131n devam etti\u011fi g\u00fcnlerde alanda deprem tatbikatlar\u0131 ve enkazda arama kurtarma e\u011fitimleri ger\u00e7ekle\u015ftirdi. \u015eehrin d\u00f6n\u00fc\u015f\u00fcm alan\u0131, arama kurtarma ekiplerinin geli\u015fimi ad\u0131na \u00f6nemli bir e\u011fitim alan\u0131na da d\u00f6n\u00fc\u015fm\u00fc\u015f oldu.<\/p>\n<p>G\u00d6N\u00dcLL\u00dc EK\u0130PLER B\u0130Z\u0130M \u0130\u00c7\u0130N \u00c7OK DE\u011eERL\u0130<br \/>\n\u0130neg\u00f6l Belediye Ba\u015fkan\u0131 Alper Taban, kentsel d\u00f6n\u00fc\u015f\u00fcm alan\u0131nda yap\u0131lan bu \u00e7al\u0131\u015fmaya ili\u015fkin yapt\u0131\u011f\u0131 a\u00e7\u0131klamada g\u00f6n\u00fcll\u00fc arama kurtarma ekiplerinin \u00f6nemine dikkat \u00e7ekti. \u00dclkemizin ve \u015fehrimizin deprem ku\u015fa\u011f\u0131nda yer ald\u0131\u011f\u0131n\u0131 hat\u0131rlatan Ba\u015fkan Taban, \u201cBu ger\u00e7e\u011fi kabul ederek bununla ya\u015famay\u0131 \u00f6\u011frenmeliyiz. Yapabilece\u011fimiz tek \u015fey afetlere haz\u0131rl\u0131kl\u0131 olmak. Kentsel d\u00f6n\u00fc\u015f\u00fcm projemiz de depreme kar\u015f\u0131 ald\u0131\u011f\u0131m\u0131z tedbirlerden biri. \u015eehrimizin daha sa\u011fl\u0131kl\u0131 yap\u0131 sto\u011funa kavu\u015fmas\u0131 ad\u0131na \u00f6nemli bir ad\u0131m. Ayn\u0131 zamanda 6 \u015eubat depreminde bir kez daha g\u00f6rd\u00fc\u011f\u00fcm\u00fcz \u00fczere bu alanda e\u011fitimli ve bilin\u00e7li ekiplerin \u00f6nemi b\u00fcy\u00fck. \u015eehrimizde bu noktada \u00f6nemli yap\u0131lanmalar var. \u0130NDAK, \u0130HH ve ANDA arama kurtarma ekipleri \u00f6zverili \u00e7al\u0131\u015fmalar ortaya koyuyorlar. Ve bu arkada\u015flar\u0131m\u0131z g\u00f6n\u00fcll\u00fc olarak bu faaliyetleri y\u00fcr\u00fct\u00fcyorlar. Bizler de elimizden geldi\u011fince onlar\u0131n yan\u0131nda olmaya, imkanlar sunmaya gayret ediyoruz\u201d dedi.<\/p>\n<p>YIKIM ALANI FIRSATA D\u00d6N\u00dc\u015eT\u00dc<br \/>\nTurgutalp Mahallesinde 7 etapta tamamlanacak kentsel d\u00f6n\u00fc\u015f\u00fcm i\u00e7in ilk etab\u0131n y\u0131k\u0131m \u00e7al\u0131\u015fmalar\u0131n\u0131n ba\u015flad\u0131\u011f\u0131n\u0131 hat\u0131rlatan Ba\u015fkan Taban, \u201cBu alan kentsel d\u00f6n\u00fc\u015f\u00fcm alan\u0131 olmakla beraber y\u0131k\u0131m \u00e7al\u0131\u015fmalar\u0131 s\u0131ras\u0131nda arama kurtarma ekipleri i\u00e7in g\u00fczel bir e\u011fitim alan\u0131 da oldu. Bunu da f\u0131rsata \u00e7evirmek istedik. Arma kurtarma ekiplerimize bilgi verdik, bu alanda y\u0131k\u0131mlar devam ederken e\u011fitim ve tatbikatlar yapabileceklerini belirterek alan\u0131 ekiplere a\u00e7t\u0131k. Y\u0131k\u0131m s\u00fcresince g\u00fcnlerce bir yandan ekiplerimiz burada \u00e7e\u015fitli tatbikat ve e\u011fitimler ger\u00e7ekle\u015ftirdi. Ger\u00e7ek binalarda, ger\u00e7e\u011fi aratmayan bir sim\u00fclasyon alan\u0131 gibi oraya kulland\u0131lar. Faydal\u0131 bir \u00e7al\u0131\u015fma oldu\u011funu d\u00fc\u015f\u00fcn\u00fcyorum. Ekiplerin geli\u015fimi a\u00e7\u0131s\u0131ndan da g\u00fczel oldu. Bir yandan yap\u0131lar\u0131n yenilenmesi i\u00e7in \u00e7al\u0131\u015fmalar s\u00fcrerken bir yandan da ekiplerimiz e\u011fitimlerle kendilerini geli\u015ftirme f\u0131rsat\u0131 buldu. Buna benzer \u00e7al\u0131\u015fmalar\u0131 daha \u00f6nce Yenicek\u00f6y Mahallemizde y\u0131k\u0131m\u0131 yap\u0131lan eski bir binada ve Alanyurt b\u00f6lgesinde yap\u0131lan bir kentsel d\u00f6n\u00fc\u015f\u00fcm proje alan\u0131nda ger\u00e7ekle\u015ftirmi\u015ftik. Bug\u00fcn 15 bloklu, 95 daireli bir alanda daha kapsaml\u0131 \u015fekilde bir tatbikat yap\u0131lm\u0131\u015f oldu\u201d diye konu\u015ftu.<\/p>\n<p>AFETLERE KAR\u015eI HAZIRLIKLI OLMAK \u0130\u00c7\u0130N \u00c7ALI\u015eIYORUZ<br \/>\nBa\u015fkan Taban, bu noktada daha \u00f6nce de \u0130neg\u00f6l Belediyesi\u2019nin \u00e7al\u0131\u015fma ve faaliyetleri oldu\u011funu hat\u0131rlatarak \u015f\u00f6yle konu\u015ftu: \u201cBizler bu i\u015fi ciddiye al\u0131yoruz. Afetlere kar\u015f\u0131 haz\u0131rl\u0131kl\u0131 olmak istiyoruz. Bunun i\u00e7in g\u00f6reve geldi\u011fimiz g\u00fcnden bu yana \u00e7al\u0131\u015fmalar yapt\u0131k. \u015eehrimizi Do\u011fal Afet ve Riski \u0130le M\u00fccadele Eylem Plan\u0131n\u0131 haz\u0131rlayarak i\u015fe ba\u015flad\u0131k. Bir yandan kentsel d\u00f6n\u00fc\u015f\u00fcm \u00e7al\u0131\u015fmalar\u0131n\u0131 s\u00fcrd\u00fcr\u00fcrken bir yandan \u015fehrin toplanma alanlar\u0131n\u0131n belirlenmesi ve tatbikatlar gibi \u00e7al\u0131\u015fmalar yap\u0131ld\u0131. Arama kurtarma ekiplerimizi g\u00fc\u00e7lendirmek ad\u0131na \u00e7al\u0131\u015fmalar yap\u0131ld\u0131. Halhalca yolu \u00fczerinde s\u00fcrekli e\u011fitimlerin yap\u0131labilece\u011fi bir enkaz alan\u0131 olu\u015fturduk. Vatanda\u015flar\u0131m\u0131z i\u00e7in Afet \u00c7antas\u0131 isimli mobil uygulamay\u0131 haz\u0131rlayarak kullan\u0131ma sunduk. Seminerler, sergiler ve \u00e7e\u015fitli etkinliklerle fark\u0131ndal\u0131k \u00e7al\u0131\u015fmalar\u0131 yapt\u0131k. Bundan sonra da benzer faaliyetlerimiz s\u00fcrecek.\u201d<\/p>\n<p>\u200bBursa \u0130neg\u00f6l\u2019\u00fcn ilk yerinde kentsel d\u00f6n\u00fc\u015f\u00fcm projesi olan Turgutalp Mahallesinde \u0130neg\u00f6l Belediyesi \u015fehirdeki arama kurtarma ekiplerine e\u011fitim f\u0131rsat\u0131 da sunuyor. Ekipler y\u0131k\u0131m \u00e7al\u0131\u015fmalar\u0131 devam eden b\u00f6lgede deprem tatbikatlar\u0131 ve enkazda arama kurtarma \u00e7al\u0131\u015fmas\u0131 e\u011fitimleri ger\u00e7ekle\u015ftirdi.BURSA (\u0130GFA) &#8211; Bursa\u00a0\u0130neg\u00f6l Belediyesi taraf\u0131ndan Turgutalp Mahallesinde ba\u015flat\u0131lan \u015fehrin ilk yerinde kentsel d\u00f6n\u00fc\u015f\u00fcm projesinde ilk etab\u0131n y\u0131k\u0131m \u00e7al\u0131\u015fmalar\u0131 2025 y\u0131l\u0131yla birlikte ba\u015flam\u0131\u015ft\u0131. 15 blokta 95 daire ile 2 i\u015fyerinin bulundu\u011fu birinci etap b\u00f6lgesinde bir yandan y\u0131k\u0131m \u00e7al\u0131\u015fmalar\u0131 devam ederken, \u0130neg\u00f6l Belediyesi bu alan\u0131 \u015fehrin arama kurtarma ekiplerine de a\u00e7t\u0131.<\/p>\n<p>KENTSEL D\u00d6N\u00dc\u015e\u00dcM ALANI ARAMA KURTARMA EK\u0130PLER\u0130N\u0130N E\u011e\u0130T\u0130M ALANI OLDU<br \/>\nY\u0131k\u0131m alan\u0131n\u0131 ve buradaki enkazlar\u0131 faydaya d\u00f6n\u00fc\u015ft\u00fcrmek ad\u0131na \u0130neg\u00f6l Do\u011fal Afetler Arama Kurtarma Ekibi (\u0130NDAK) ile \u0130HH \u0130neg\u00f6l Arama Kurtarma Ekiplerine bilgi verildi. Her iki ekip y\u0131k\u0131m \u00e7al\u0131\u015fmalar\u0131n\u0131n devam etti\u011fi g\u00fcnlerde alanda deprem tatbikatlar\u0131 ve enkazda arama kurtarma e\u011fitimleri ger\u00e7ekle\u015ftirdi. \u015eehrin d\u00f6n\u00fc\u015f\u00fcm alan\u0131, arama kurtarma ekiplerinin geli\u015fimi ad\u0131na \u00f6nemli bir e\u011fitim alan\u0131na da d\u00f6n\u00fc\u015fm\u00fc\u015f oldu.<\/p>\n<p>G\u00d6N\u00dcLL\u00dc EK\u0130PLER B\u0130Z\u0130M \u0130\u00c7\u0130N \u00c7OK DE\u011eERL\u0130<br \/>\n\u0130neg\u00f6l Belediye Ba\u015fkan\u0131 Alper Taban, kentsel d\u00f6n\u00fc\u015f\u00fcm alan\u0131nda yap\u0131lan bu \u00e7al\u0131\u015fmaya ili\u015fkin yapt\u0131\u011f\u0131 a\u00e7\u0131klamada g\u00f6n\u00fcll\u00fc arama kurtarma ekiplerinin \u00f6nemine dikkat \u00e7ekti. \u00dclkemizin ve \u015fehrimizin deprem ku\u015fa\u011f\u0131nda yer ald\u0131\u011f\u0131n\u0131 hat\u0131rlatan Ba\u015fkan Taban, \u201cBu ger\u00e7e\u011fi kabul ederek bununla ya\u015famay\u0131 \u00f6\u011frenmeliyiz. Yapabilece\u011fimiz tek \u015fey afetlere haz\u0131rl\u0131kl\u0131 olmak. Kentsel d\u00f6n\u00fc\u015f\u00fcm projemiz de depreme kar\u015f\u0131 ald\u0131\u011f\u0131m\u0131z tedbirlerden biri. \u015eehrimizin daha sa\u011fl\u0131kl\u0131 yap\u0131 sto\u011funa kavu\u015fmas\u0131 ad\u0131na \u00f6nemli bir ad\u0131m. Ayn\u0131 zamanda 6 \u015eubat depreminde bir kez daha g\u00f6rd\u00fc\u011f\u00fcm\u00fcz \u00fczere bu alanda e\u011fitimli ve bilin\u00e7li ekiplerin \u00f6nemi b\u00fcy\u00fck. \u015eehrimizde bu noktada \u00f6nemli yap\u0131lanmalar var. \u0130NDAK, \u0130HH ve ANDA arama kurtarma ekipleri \u00f6zverili \u00e7al\u0131\u015fmalar ortaya koyuyorlar. Ve bu arkada\u015flar\u0131m\u0131z g\u00f6n\u00fcll\u00fc olarak bu faaliyetleri y\u00fcr\u00fct\u00fcyorlar. Bizler de elimizden geldi\u011fince onlar\u0131n yan\u0131nda olmaya, imkanlar sunmaya gayret ediyoruz\u201d dedi.<\/p>\n<p>YIKIM ALANI FIRSATA D\u00d6N\u00dc\u015eT\u00dc<br \/>\nTurgutalp Mahallesinde 7 etapta tamamlanacak kentsel d\u00f6n\u00fc\u015f\u00fcm i\u00e7in ilk etab\u0131n y\u0131k\u0131m \u00e7al\u0131\u015fmalar\u0131n\u0131n ba\u015flad\u0131\u011f\u0131n\u0131 hat\u0131rlatan Ba\u015fkan Taban, \u201cBu alan kentsel d\u00f6n\u00fc\u015f\u00fcm alan\u0131 olmakla beraber y\u0131k\u0131m \u00e7al\u0131\u015fmalar\u0131 s\u0131ras\u0131nda arama kurtarma ekipleri i\u00e7in g\u00fczel bir e\u011fitim alan\u0131 da oldu. Bunu da f\u0131rsata \u00e7evirmek istedik. Arma kurtarma ekiplerimize bilgi verdik, bu alanda y\u0131k\u0131mlar devam ederken e\u011fitim ve tatbikatlar yapabileceklerini belirterek alan\u0131 ekiplere a\u00e7t\u0131k. Y\u0131k\u0131m s\u00fcresince g\u00fcnlerce bir yandan ekiplerimiz burada \u00e7e\u015fitli tatbikat ve e\u011fitimler ger\u00e7ekle\u015ftirdi. Ger\u00e7ek binalarda, ger\u00e7e\u011fi aratmayan bir sim\u00fclasyon alan\u0131 gibi oraya kulland\u0131lar. Faydal\u0131 bir \u00e7al\u0131\u015fma oldu\u011funu d\u00fc\u015f\u00fcn\u00fcyorum. Ekiplerin geli\u015fimi a\u00e7\u0131s\u0131ndan da g\u00fczel oldu. Bir yandan yap\u0131lar\u0131n yenilenmesi i\u00e7in \u00e7al\u0131\u015fmalar s\u00fcrerken bir yandan da ekiplerimiz e\u011fitimlerle kendilerini geli\u015ftirme f\u0131rsat\u0131 buldu. Buna benzer \u00e7al\u0131\u015fmalar\u0131 daha \u00f6nce Yenicek\u00f6y Mahallemizde y\u0131k\u0131m\u0131 yap\u0131lan eski bir binada ve Alanyurt b\u00f6lgesinde yap\u0131lan bir kentsel d\u00f6n\u00fc\u015f\u00fcm proje alan\u0131nda ger\u00e7ekle\u015ftirmi\u015ftik. Bug\u00fcn 15 bloklu, 95 daireli bir alanda daha kapsaml\u0131 \u015fekilde bir tatbikat yap\u0131lm\u0131\u015f oldu\u201d diye konu\u015ftu.<\/p>\n<p>AFETLERE KAR\u015eI HAZIRLIKLI OLMAK \u0130\u00c7\u0130N \u00c7ALI\u015eIYORUZ<br \/>\nBa\u015fkan Taban, bu noktada daha \u00f6nce de \u0130neg\u00f6l Belediyesi\u2019nin \u00e7al\u0131\u015fma ve faaliyetleri oldu\u011funu hat\u0131rlatarak \u015f\u00f6yle konu\u015ftu: \u201cBizler bu i\u015fi ciddiye al\u0131yoruz. Afetlere kar\u015f\u0131 haz\u0131rl\u0131kl\u0131 olmak istiyoruz. Bunun i\u00e7in g\u00f6reve geldi\u011fimiz g\u00fcnden bu yana \u00e7al\u0131\u015fmalar yapt\u0131k. \u015eehrimizi Do\u011fal Afet ve Riski \u0130le M\u00fccadele Eylem Plan\u0131n\u0131 haz\u0131rlayarak i\u015fe ba\u015flad\u0131k. Bir yandan kentsel d\u00f6n\u00fc\u015f\u00fcm \u00e7al\u0131\u015fmalar\u0131n\u0131 s\u00fcrd\u00fcr\u00fcrken bir yandan \u015fehrin toplanma alanlar\u0131n\u0131n belirlenmesi ve tatbikatlar gibi \u00e7al\u0131\u015fmalar yap\u0131ld\u0131. Arama kurtarma ekiplerimizi g\u00fc\u00e7lendirmek ad\u0131na \u00e7al\u0131\u015fmalar yap\u0131ld\u0131. Halhalca yolu \u00fczerinde s\u00fcrekli e\u011fitimlerin yap\u0131labilece\u011fi bir enkaz alan\u0131 olu\u015fturduk. Vatanda\u015flar\u0131m\u0131z i\u00e7in Afet \u00c7antas\u0131 isimli mobil uygulamay\u0131 haz\u0131rlayarak kullan\u0131ma sunduk. Seminerler, sergiler ve \u00e7e\u015fitli etkinliklerle fark\u0131ndal\u0131k \u00e7al\u0131\u015fmalar\u0131 yapt\u0131k. Bundan sonra da benzer faaliyetlerimiz s\u00fcrecek.\u201d\u00a0<\/p>\n<p>\u200bHaberin Al\u0131nt\u0131land\u0131\u011f\u0131 Kaynak: www.iskenderun.org<\/p>","protected":false},"excerpt":{"rendered":"<p>Bursa \u0130neg\u00f6l\u2019\u00fcn ilk yerinde kentsel d\u00f6n\u00fc\u015f\u00fcm projesi olan Turgutalp Mahallesinde \u0130neg\u00f6l Belediyesi \u015fehirdeki arama kurtarma ekiplerine e\u011fitim f\u0131rsat\u0131 da sunuyor. Ekipler y\u0131k\u0131m \u00e7al\u0131\u015fmalar\u0131 devam eden b\u00f6lgede deprem tatbikatlar\u0131 ve enkazda arama kurtarma \u00e7al\u0131\u015fmas\u0131 e\u011fitimleri ger\u00e7ekle\u015ftirdi.BURSA (\u0130GFA) &#8211; Bursa\u00a0\u0130neg\u00f6l Belediyesi taraf\u0131ndan Turgutalp Mahallesinde ba\u015flat\u0131lan \u015fehrin ilk yerinde kentsel d\u00f6n\u00fc\u015f\u00fcm projesinde ilk etab\u0131n y\u0131k\u0131m \u00e7al\u0131\u015fmalar\u0131 2025 y\u0131l\u0131yla birlikte ba\u015flam\u0131\u015ft\u0131. 15 blokta 95 daire ile 2 i\u015fyerinin bulundu\u011fu birinci etap b\u00f6lgesinde bir yandan y\u0131k\u0131m \u00e7al\u0131\u015fmalar\u0131 devam ederken, \u0130neg\u00f6l Belediyesi bu alan\u0131 \u015fehrin arama kurtarma ekiplerine de a\u00e7t\u0131. KENTSEL D\u00d6N\u00dc\u015e\u00dcM ALANI ARAMA KURTARMA EK\u0130PLER\u0130N\u0130N E\u011e\u0130T\u0130M ALANI OLDU Y\u0131k\u0131m alan\u0131n\u0131 ve buradaki enkazlar\u0131 faydaya d\u00f6n\u00fc\u015ft\u00fcrmek ad\u0131na \u0130neg\u00f6l Do\u011fal Afetler Arama Kurtarma Ekibi (\u0130NDAK) ile \u0130HH \u0130neg\u00f6l Arama Kurtarma Ekiplerine bilgi verildi. Her iki ekip y\u0131k\u0131m \u00e7al\u0131\u015fmalar\u0131n\u0131n devam etti\u011fi g\u00fcnlerde alanda deprem tatbikatlar\u0131 ve enkazda arama kurtarma e\u011fitimleri ger\u00e7ekle\u015ftirdi. \u015eehrin d\u00f6n\u00fc\u015f\u00fcm alan\u0131, arama kurtarma ekiplerinin geli\u015fimi ad\u0131na \u00f6nemli bir e\u011fitim alan\u0131na da d\u00f6n\u00fc\u015fm\u00fc\u015f oldu. G\u00d6N\u00dcLL\u00dc EK\u0130PLER B\u0130Z\u0130M \u0130\u00c7\u0130N \u00c7OK DE\u011eERL\u0130 \u0130neg\u00f6l Belediye Ba\u015fkan\u0131 Alper Taban, kentsel d\u00f6n\u00fc\u015f\u00fcm alan\u0131nda yap\u0131lan bu \u00e7al\u0131\u015fmaya ili\u015fkin yapt\u0131\u011f\u0131 a\u00e7\u0131klamada g\u00f6n\u00fcll\u00fc arama kurtarma ekiplerinin \u00f6nemine dikkat \u00e7ekti. \u00dclkemizin ve \u015fehrimizin deprem ku\u015fa\u011f\u0131nda yer ald\u0131\u011f\u0131n\u0131 hat\u0131rlatan Ba\u015fkan Taban, \u201cBu ger\u00e7e\u011fi kabul ederek bununla ya\u015famay\u0131 \u00f6\u011frenmeliyiz. Yapabilece\u011fimiz tek \u015fey afetlere haz\u0131rl\u0131kl\u0131 olmak. Kentsel d\u00f6n\u00fc\u015f\u00fcm &hellip;<\/p>","protected":false},"author":1,"featured_media":0,"comment_status":"open","ping_status":"open","sticky":false,"template":"","format":"standard","meta":{"_acf_changed":false,"footnotes":""},"categories":[24],"tags":[],"class_list":["post-26920","post","type-post","status-publish","format-standard","has-post-thumbnail","hentry","category-gundem"],"acf":[],"yoast_head":"<!-- This site is optimized with the Yoast SEO Premium plugin v26.6 (Yoast SEO v27.1.1) - https:\/\/yoast.com\/product\/yoast-seo-premium-wordpress\/ -->\n<title>Bursa \u0130neg\u00f6l&#039;de bir ta\u015fla iki ku\u015f! - Av. Deniz Can K\u0131z\u0131l<\/title>\n<meta name=\"robots\" content=\"index, follow, max-snippet:-1, max-image-preview:large, max-video-preview:-1\" \/>\n<link rel=\"canonical\" href=\"https:\/\/denizcankizil.tr\/ru\/haberler\/gundem\/bursa-inegolde-bir-tasla-iki-kus\/\" \/>\n<meta property=\"og:locale\" content=\"ru_RU\" \/>\n<meta property=\"og:type\" content=\"article\" \/>\n<meta property=\"og:title\" content=\"Bursa \u0130neg\u00f6l&#039;de bir ta\u015fla iki ku\u015f!\" \/>\n<meta property=\"og:description\" content=\"Bursa \u0130neg\u00f6l\u2019\u00fcn ilk yerinde kentsel d\u00f6n\u00fc\u015f\u00fcm projesi olan Turgutalp Mahallesinde \u0130neg\u00f6l Belediyesi \u015fehirdeki arama kurtarma ekiplerine e\u011fitim f\u0131rsat\u0131 da sunuyor. Ekipler y\u0131k\u0131m \u00e7al\u0131\u015fmalar\u0131 devam eden b\u00f6lgede deprem tatbikatlar\u0131 ve enkazda arama kurtarma \u00e7al\u0131\u015fmas\u0131 e\u011fitimleri ger\u00e7ekle\u015ftirdi.BURSA (\u0130GFA) &#8211; Bursa\u00a0\u0130neg\u00f6l Belediyesi taraf\u0131ndan Turgutalp Mahallesinde ba\u015flat\u0131lan \u015fehrin ilk yerinde kentsel d\u00f6n\u00fc\u015f\u00fcm projesinde ilk etab\u0131n y\u0131k\u0131m \u00e7al\u0131\u015fmalar\u0131 2025 y\u0131l\u0131yla birlikte ba\u015flam\u0131\u015ft\u0131. 15 blokta 95 daire ile 2 i\u015fyerinin bulundu\u011fu birinci etap b\u00f6lgesinde bir yandan y\u0131k\u0131m \u00e7al\u0131\u015fmalar\u0131 devam ederken, \u0130neg\u00f6l Belediyesi bu alan\u0131 \u015fehrin arama kurtarma ekiplerine de a\u00e7t\u0131. KENTSEL D\u00d6N\u00dc\u015e\u00dcM ALANI ARAMA KURTARMA EK\u0130PLER\u0130N\u0130N E\u011e\u0130T\u0130M ALANI OLDU Y\u0131k\u0131m alan\u0131n\u0131 ve buradaki enkazlar\u0131 faydaya d\u00f6n\u00fc\u015ft\u00fcrmek ad\u0131na \u0130neg\u00f6l Do\u011fal Afetler Arama Kurtarma Ekibi (\u0130NDAK) ile \u0130HH \u0130neg\u00f6l Arama Kurtarma Ekiplerine bilgi verildi. Her iki ekip y\u0131k\u0131m \u00e7al\u0131\u015fmalar\u0131n\u0131n devam etti\u011fi g\u00fcnlerde alanda deprem tatbikatlar\u0131 ve enkazda arama kurtarma e\u011fitimleri ger\u00e7ekle\u015ftirdi. \u015eehrin d\u00f6n\u00fc\u015f\u00fcm alan\u0131, arama kurtarma ekiplerinin geli\u015fimi ad\u0131na \u00f6nemli bir e\u011fitim alan\u0131na da d\u00f6n\u00fc\u015fm\u00fc\u015f oldu. G\u00d6N\u00dcLL\u00dc EK\u0130PLER B\u0130Z\u0130M \u0130\u00c7\u0130N \u00c7OK DE\u011eERL\u0130 \u0130neg\u00f6l Belediye Ba\u015fkan\u0131 Alper Taban, kentsel d\u00f6n\u00fc\u015f\u00fcm alan\u0131nda yap\u0131lan bu \u00e7al\u0131\u015fmaya ili\u015fkin yapt\u0131\u011f\u0131 a\u00e7\u0131klamada g\u00f6n\u00fcll\u00fc arama kurtarma ekiplerinin \u00f6nemine dikkat \u00e7ekti. \u00dclkemizin ve \u015fehrimizin deprem ku\u015fa\u011f\u0131nda yer ald\u0131\u011f\u0131n\u0131 hat\u0131rlatan Ba\u015fkan Taban, \u201cBu ger\u00e7e\u011fi kabul ederek bununla ya\u015famay\u0131 \u00f6\u011frenmeliyiz. Yapabilece\u011fimiz tek \u015fey afetlere haz\u0131rl\u0131kl\u0131 olmak. Kentsel d\u00f6n\u00fc\u015f\u00fcm &hellip;\" \/>\n<meta property=\"og:url\" content=\"https:\/\/denizcankizil.tr\/ru\/haberler\/gundem\/bursa-inegolde-bir-tasla-iki-kus\/\" \/>\n<meta property=\"og:site_name\" content=\"Av. Deniz Can K\u0131z\u0131l\" \/>\n<meta property=\"article:published_time\" content=\"2025-01-23T09:42:01+00:00\" \/>\n<meta name=\"author\" content=\"admin\" \/>\n<meta name=\"twitter:card\" content=\"summary_large_image\" \/>\n<meta name=\"twitter:label1\" content=\"\u041d\u0430\u043f\u0438\u0441\u0430\u043d\u043e \u0430\u0432\u0442\u043e\u0440\u043e\u043c\" \/>\n\t<meta name=\"twitter:data1\" content=\"admin\" \/>\n\t<meta name=\"twitter:label2\" content=\"\u041f\u0440\u0438\u043c\u0435\u0440\u043d\u043e\u0435 \u0432\u0440\u0435\u043c\u044f \u0434\u043b\u044f \u0447\u0442\u0435\u043d\u0438\u044f\" \/>\n\t<meta name=\"twitter:data2\" content=\"8 \u043c\u0438\u043d\u0443\u0442\" \/>\n<script type=\"application\/ld+json\" class=\"yoast-schema-graph\">{\"@context\":\"https:\/\/schema.org\",\"@graph\":[{\"@type\":\"Article\",\"@id\":\"https:\/\/denizcankizil.tr\/ru\/haberler\/gundem\/bursa-inegolde-bir-tasla-iki-kus\/#article\",\"isPartOf\":{\"@id\":\"https:\/\/denizcankizil.tr\/ru\/haberler\/gundem\/bursa-inegolde-bir-tasla-iki-kus\/\"},\"author\":{\"name\":\"admin\",\"@id\":\"https:\/\/denizcankizil.tr\/#\/schema\/person\/be3c05fe6a12686905512445d8185489\"},\"headline\":\"Bursa \u0130neg\u00f6l&#8217;de bir ta\u015fla iki ku\u015f!\",\"datePublished\":\"2025-01-23T09:42:01+00:00\",\"mainEntityOfPage\":{\"@id\":\"https:\/\/denizcankizil.tr\/ru\/haberler\/gundem\/bursa-inegolde-bir-tasla-iki-kus\/\"},\"wordCount\":1599,\"commentCount\":0,\"publisher\":{\"@id\":\"https:\/\/denizcankizil.tr\/#organization\"},\"articleSection\":[\"G\u00fcndem\"],\"inLanguage\":\"ru-RU\",\"potentialAction\":[{\"@type\":\"CommentAction\",\"name\":\"Comment\",\"target\":[\"https:\/\/denizcankizil.tr\/ru\/haberler\/gundem\/bursa-inegolde-bir-tasla-iki-kus\/#respond\"]}]},{\"@type\":\"WebPage\",\"@id\":\"https:\/\/denizcankizil.tr\/ru\/haberler\/gundem\/bursa-inegolde-bir-tasla-iki-kus\/\",\"url\":\"https:\/\/denizcankizil.tr\/ru\/haberler\/gundem\/bursa-inegolde-bir-tasla-iki-kus\/\",\"name\":\"Bursa \u0130neg\u00f6l'de bir ta\u015fla iki ku\u015f! - Av. Deniz Can K\u0131z\u0131l\",\"isPartOf\":{\"@id\":\"https:\/\/denizcankizil.tr\/#website\"},\"datePublished\":\"2025-01-23T09:42:01+00:00\",\"breadcrumb\":{\"@id\":\"https:\/\/denizcankizil.tr\/ru\/haberler\/gundem\/bursa-inegolde-bir-tasla-iki-kus\/#breadcrumb\"},\"inLanguage\":\"ru-RU\",\"potentialAction\":[{\"@type\":\"ReadAction\",\"target\":[\"https:\/\/denizcankizil.tr\/ru\/haberler\/gundem\/bursa-inegolde-bir-tasla-iki-kus\/\"]}]},{\"@type\":\"BreadcrumbList\",\"@id\":\"https:\/\/denizcankizil.tr\/ru\/haberler\/gundem\/bursa-inegolde-bir-tasla-iki-kus\/#breadcrumb\",\"itemListElement\":[{\"@type\":\"ListItem\",\"position\":1,\"name\":\"Home\",\"item\":\"https:\/\/denizcankizil.tr\/de\/\"},{\"@type\":\"ListItem\",\"position\":2,\"name\":\"Bursa \u0130neg\u00f6l&#8217;de bir ta\u015fla iki ku\u015f!\"}]},{\"@type\":\"WebSite\",\"@id\":\"https:\/\/denizcankizil.tr\/#website\",\"url\":\"https:\/\/denizcankizil.tr\/\",\"name\":\"Av. Deniz Can K\u0131z\u0131l\",\"description\":\"Avukat Deniz Can K\u0131z\u0131l Antalya Barosu\",\"publisher\":{\"@id\":\"https:\/\/denizcankizil.tr\/#organization\"},\"potentialAction\":[{\"@type\":\"SearchAction\",\"target\":{\"@type\":\"EntryPoint\",\"urlTemplate\":\"https:\/\/denizcankizil.tr\/?s={search_term_string}\"},\"query-input\":{\"@type\":\"PropertyValueSpecification\",\"valueRequired\":true,\"valueName\":\"search_term_string\"}}],\"inLanguage\":\"ru-RU\"},{\"@type\":\"Organization\",\"@id\":\"https:\/\/denizcankizil.tr\/#organization\",\"name\":\"Av. Deniz Can K\u0131z\u0131l\",\"url\":\"https:\/\/denizcankizil.tr\/\",\"logo\":{\"@type\":\"ImageObject\",\"inLanguage\":\"ru-RU\",\"@id\":\"https:\/\/denizcankizil.tr\/#\/schema\/logo\/image\/\",\"url\":\"https:\/\/denizcankizil.tr\/wp-content\/uploads\/2024\/10\/siyah-logo-svg.svg\",\"contentUrl\":\"https:\/\/denizcankizil.tr\/wp-content\/uploads\/2024\/10\/siyah-logo-svg.svg\",\"width\":1080,\"height\":1080,\"caption\":\"Av. Deniz Can K\u0131z\u0131l\"},\"image\":{\"@id\":\"https:\/\/denizcankizil.tr\/#\/schema\/logo\/image\/\"}},{\"@type\":\"Person\",\"@id\":\"https:\/\/denizcankizil.tr\/#\/schema\/person\/be3c05fe6a12686905512445d8185489\",\"name\":\"admin\",\"image\":{\"@type\":\"ImageObject\",\"inLanguage\":\"ru-RU\",\"@id\":\"https:\/\/denizcankizil.tr\/#\/schema\/person\/image\/\",\"url\":\"https:\/\/secure.gravatar.com\/avatar\/c1fce94c830dc79107e174f890d7210541c4a63e8e5d816341794a2151c9d58c?s=96&d=mm&r=g\",\"contentUrl\":\"https:\/\/secure.gravatar.com\/avatar\/c1fce94c830dc79107e174f890d7210541c4a63e8e5d816341794a2151c9d58c?s=96&d=mm&r=g\",\"caption\":\"admin\"},\"sameAs\":[\"http:\/\/denizcankizil.tr\"],\"url\":\"https:\/\/www.iskenderun.org\/bursa-inegolde-bir-tasla-iki-kus\"}]}<\/script>\n<!-- \/ Yoast SEO Premium plugin. -->","yoast_head_json":{"title":"Bursa \u0130neg\u00f6l'de bir ta\u015fla iki ku\u015f! - Av. Deniz Can K\u0131z\u0131l","robots":{"index":"index","follow":"follow","max-snippet":"max-snippet:-1","max-image-preview":"max-image-preview:large","max-video-preview":"max-video-preview:-1"},"canonical":"https:\/\/denizcankizil.tr\/ru\/haberler\/gundem\/bursa-inegolde-bir-tasla-iki-kus\/","og_locale":"ru_RU","og_type":"article","og_title":"Bursa \u0130neg\u00f6l'de bir ta\u015fla iki ku\u015f!","og_description":"Bursa \u0130neg\u00f6l\u2019\u00fcn ilk yerinde kentsel d\u00f6n\u00fc\u015f\u00fcm projesi olan Turgutalp Mahallesinde \u0130neg\u00f6l Belediyesi \u015fehirdeki arama kurtarma ekiplerine e\u011fitim f\u0131rsat\u0131 da sunuyor. Ekipler y\u0131k\u0131m \u00e7al\u0131\u015fmalar\u0131 devam eden b\u00f6lgede deprem tatbikatlar\u0131 ve enkazda arama kurtarma \u00e7al\u0131\u015fmas\u0131 e\u011fitimleri ger\u00e7ekle\u015ftirdi.BURSA (\u0130GFA) &#8211; Bursa\u00a0\u0130neg\u00f6l Belediyesi taraf\u0131ndan Turgutalp Mahallesinde ba\u015flat\u0131lan \u015fehrin ilk yerinde kentsel d\u00f6n\u00fc\u015f\u00fcm projesinde ilk etab\u0131n y\u0131k\u0131m \u00e7al\u0131\u015fmalar\u0131 2025 y\u0131l\u0131yla birlikte ba\u015flam\u0131\u015ft\u0131. 15 blokta 95 daire ile 2 i\u015fyerinin bulundu\u011fu birinci etap b\u00f6lgesinde bir yandan y\u0131k\u0131m \u00e7al\u0131\u015fmalar\u0131 devam ederken, \u0130neg\u00f6l Belediyesi bu alan\u0131 \u015fehrin arama kurtarma ekiplerine de a\u00e7t\u0131. KENTSEL D\u00d6N\u00dc\u015e\u00dcM ALANI ARAMA KURTARMA EK\u0130PLER\u0130N\u0130N E\u011e\u0130T\u0130M ALANI OLDU Y\u0131k\u0131m alan\u0131n\u0131 ve buradaki enkazlar\u0131 faydaya d\u00f6n\u00fc\u015ft\u00fcrmek ad\u0131na \u0130neg\u00f6l Do\u011fal Afetler Arama Kurtarma Ekibi (\u0130NDAK) ile \u0130HH \u0130neg\u00f6l Arama Kurtarma Ekiplerine bilgi verildi. Her iki ekip y\u0131k\u0131m \u00e7al\u0131\u015fmalar\u0131n\u0131n devam etti\u011fi g\u00fcnlerde alanda deprem tatbikatlar\u0131 ve enkazda arama kurtarma e\u011fitimleri ger\u00e7ekle\u015ftirdi. \u015eehrin d\u00f6n\u00fc\u015f\u00fcm alan\u0131, arama kurtarma ekiplerinin geli\u015fimi ad\u0131na \u00f6nemli bir e\u011fitim alan\u0131na da d\u00f6n\u00fc\u015fm\u00fc\u015f oldu. G\u00d6N\u00dcLL\u00dc EK\u0130PLER B\u0130Z\u0130M \u0130\u00c7\u0130N \u00c7OK DE\u011eERL\u0130 \u0130neg\u00f6l Belediye Ba\u015fkan\u0131 Alper Taban, kentsel d\u00f6n\u00fc\u015f\u00fcm alan\u0131nda yap\u0131lan bu \u00e7al\u0131\u015fmaya ili\u015fkin yapt\u0131\u011f\u0131 a\u00e7\u0131klamada g\u00f6n\u00fcll\u00fc arama kurtarma ekiplerinin \u00f6nemine dikkat \u00e7ekti. \u00dclkemizin ve \u015fehrimizin deprem ku\u015fa\u011f\u0131nda yer ald\u0131\u011f\u0131n\u0131 hat\u0131rlatan Ba\u015fkan Taban, \u201cBu ger\u00e7e\u011fi kabul ederek bununla ya\u015famay\u0131 \u00f6\u011frenmeliyiz. Yapabilece\u011fimiz tek \u015fey afetlere haz\u0131rl\u0131kl\u0131 olmak. Kentsel d\u00f6n\u00fc\u015f\u00fcm &hellip;","og_url":"https:\/\/denizcankizil.tr\/ru\/haberler\/gundem\/bursa-inegolde-bir-tasla-iki-kus\/","og_site_name":"Av. Deniz Can K\u0131z\u0131l","article_published_time":"2025-01-23T09:42:01+00:00","author":"admin","twitter_card":"summary_large_image","twitter_misc":{"\u041d\u0430\u043f\u0438\u0441\u0430\u043d\u043e \u0430\u0432\u0442\u043e\u0440\u043e\u043c":"admin","\u041f\u0440\u0438\u043c\u0435\u0440\u043d\u043e\u0435 \u0432\u0440\u0435\u043c\u044f \u0434\u043b\u044f \u0447\u0442\u0435\u043d\u0438\u044f":"8 \u043c\u0438\u043d\u0443\u0442"},"schema":{"@context":"https:\/\/schema.org","@graph":[{"@type":"Article","@id":"https:\/\/denizcankizil.tr\/ru\/haberler\/gundem\/bursa-inegolde-bir-tasla-iki-kus\/#article","isPartOf":{"@id":"https:\/\/denizcankizil.tr\/ru\/haberler\/gundem\/bursa-inegolde-bir-tasla-iki-kus\/"},"author":{"name":"admin","@id":"https:\/\/denizcankizil.tr\/#\/schema\/person\/be3c05fe6a12686905512445d8185489"},"headline":"Bursa \u0130neg\u00f6l&#8217;de bir ta\u015fla iki ku\u015f!","datePublished":"2025-01-23T09:42:01+00:00","mainEntityOfPage":{"@id":"https:\/\/denizcankizil.tr\/ru\/haberler\/gundem\/bursa-inegolde-bir-tasla-iki-kus\/"},"wordCount":1599,"commentCount":0,"publisher":{"@id":"https:\/\/denizcankizil.tr\/#organization"},"articleSection":["G\u00fcndem"],"inLanguage":"ru-RU","potentialAction":[{"@type":"CommentAction","name":"Comment","target":["https:\/\/denizcankizil.tr\/ru\/haberler\/gundem\/bursa-inegolde-bir-tasla-iki-kus\/#respond"]}]},{"@type":"WebPage","@id":"https:\/\/denizcankizil.tr\/ru\/haberler\/gundem\/bursa-inegolde-bir-tasla-iki-kus\/","url":"https:\/\/denizcankizil.tr\/ru\/haberler\/gundem\/bursa-inegolde-bir-tasla-iki-kus\/","name":"Bursa \u0130neg\u00f6l'de bir ta\u015fla iki ku\u015f! - Av. Deniz Can K\u0131z\u0131l","isPartOf":{"@id":"https:\/\/denizcankizil.tr\/#website"},"datePublished":"2025-01-23T09:42:01+00:00","breadcrumb":{"@id":"https:\/\/denizcankizil.tr\/ru\/haberler\/gundem\/bursa-inegolde-bir-tasla-iki-kus\/#breadcrumb"},"inLanguage":"ru-RU","potentialAction":[{"@type":"ReadAction","target":["https:\/\/denizcankizil.tr\/ru\/haberler\/gundem\/bursa-inegolde-bir-tasla-iki-kus\/"]}]},{"@type":"BreadcrumbList","@id":"https:\/\/denizcankizil.tr\/ru\/haberler\/gundem\/bursa-inegolde-bir-tasla-iki-kus\/#breadcrumb","itemListElement":[{"@type":"ListItem","position":1,"name":"Home","item":"https:\/\/denizcankizil.tr\/de\/"},{"@type":"ListItem","position":2,"name":"Bursa \u0130neg\u00f6l&#8217;de bir ta\u015fla iki ku\u015f!"}]},{"@type":"WebSite","@id":"https:\/\/denizcankizil.tr\/#website","url":"https:\/\/denizcankizil.tr\/","name":"Av. Deniz Can K\u0131z\u0131l","description":"Avukat Deniz Can K\u0131z\u0131l Antalya Barosu","publisher":{"@id":"https:\/\/denizcankizil.tr\/#organization"},"potentialAction":[{"@type":"SearchAction","target":{"@type":"EntryPoint","urlTemplate":"https:\/\/denizcankizil.tr\/?s={search_term_string}"},"query-input":{"@type":"PropertyValueSpecification","valueRequired":true,"valueName":"search_term_string"}}],"inLanguage":"ru-RU"},{"@type":"Organization","@id":"https:\/\/denizcankizil.tr\/#organization","name":"Av. Deniz Can K\u0131z\u0131l","url":"https:\/\/denizcankizil.tr\/","logo":{"@type":"ImageObject","inLanguage":"ru-RU","@id":"https:\/\/denizcankizil.tr\/#\/schema\/logo\/image\/","url":"https:\/\/denizcankizil.tr\/wp-content\/uploads\/2024\/10\/siyah-logo-svg.svg","contentUrl":"https:\/\/denizcankizil.tr\/wp-content\/uploads\/2024\/10\/siyah-logo-svg.svg","width":1080,"height":1080,"caption":"Av. Deniz Can K\u0131z\u0131l"},"image":{"@id":"https:\/\/denizcankizil.tr\/#\/schema\/logo\/image\/"}},{"@type":"Person","@id":"https:\/\/denizcankizil.tr\/#\/schema\/person\/be3c05fe6a12686905512445d8185489","name":"\u0430\u0434\u043c\u0438\u043d","image":{"@type":"ImageObject","inLanguage":"ru-RU","@id":"https:\/\/denizcankizil.tr\/#\/schema\/person\/image\/","url":"https:\/\/secure.gravatar.com\/avatar\/c1fce94c830dc79107e174f890d7210541c4a63e8e5d816341794a2151c9d58c?s=96&d=mm&r=g","contentUrl":"https:\/\/secure.gravatar.com\/avatar\/c1fce94c830dc79107e174f890d7210541c4a63e8e5d816341794a2151c9d58c?s=96&d=mm&r=g","caption":"admin"},"sameAs":["http:\/\/denizcankizil.tr"],"url":"https:\/\/www.iskenderun.org\/bursa-inegolde-bir-tasla-iki-kus"}]}},"_links":{"self":[{"href":"https:\/\/denizcankizil.tr\/ru\/wp-json\/wp\/v2\/posts\/26920","targetHints":{"allow":["GET"]}}],"collection":[{"href":"https:\/\/denizcankizil.tr\/ru\/wp-json\/wp\/v2\/posts"}],"about":[{"href":"https:\/\/denizcankizil.tr\/ru\/wp-json\/wp\/v2\/types\/post"}],"author":[{"embeddable":true,"href":"https:\/\/denizcankizil.tr\/ru\/wp-json\/wp\/v2\/users\/1"}],"replies":[{"embeddable":true,"href":"https:\/\/denizcankizil.tr\/ru\/wp-json\/wp\/v2\/comments?post=26920"}],"version-history":[{"count":0,"href":"https:\/\/denizcankizil.tr\/ru\/wp-json\/wp\/v2\/posts\/26920\/revisions"}],"wp:attachment":[{"href":"https:\/\/denizcankizil.tr\/ru\/wp-json\/wp\/v2\/media?parent=26920"}],"wp:term":[{"taxonomy":"category","embeddable":true,"href":"https:\/\/denizcankizil.tr\/ru\/wp-json\/wp\/v2\/categories?post=26920"},{"taxonomy":"post_tag","embeddable":true,"href":"https:\/\/denizcankizil.tr\/ru\/wp-json\/wp\/v2\/tags?post=26920"}],"curies":[{"name":"wp","href":"https:\/\/api.w.org\/{rel}","templated":true}]}}