{"id":26889,"date":"2025-01-23T09:41:20","date_gmt":"2025-01-23T06:41:20","guid":{"rendered":"https:\/\/denizcankizil.tr\/uncategorized-tr\/antalyada-tarihi-kaleicinde-tuvaletlere-kilit-vuruldu\/"},"modified":"2025-01-23T09:41:20","modified_gmt":"2025-01-23T06:41:20","slug":"antalyada-tarihi-kaleicinde-tuvaletlere-kilit-vuruldu","status":"publish","type":"post","link":"https:\/\/denizcankizil.tr\/ru\/haberler\/gundem\/antalyada-tarihi-kaleicinde-tuvaletlere-kilit-vuruldu\/","title":{"rendered":"Antalya\u2019da tarihi Kalei\u00e7i\u2019nde tuvaletlere kilit vuruldu!"},"content":{"rendered":"<p>Antalya\u2019da en \u00e7ok ziyaret edilen b\u00f6lgeler aras\u0131nda yer alan tarihi Kalei\u00e7i ve Yat Liman\u0131\u2019nda tuvalet sorununun \u00f6n\u00fcne ge\u00e7ilemiyor. B\u00f6lgeye gelen ziyaret\u00e7iler tuvalet ihtiya\u00e7lar\u0131n\u0131 \u00e7o\u011fu zaman kapal\u0131 olan tuvaletler nedeniyle farkl\u0131 \u015fekillerde gidermek zorunda kal\u0131yor.<\/p>\n<p>MERMERL\u0130 PLAJI G\u0130R\u0130\u015e\u0130NDEK\u0130 TUVALET K\u0130L\u0130TLEND\u0130<\/p>\n<p>Antalya\u2019n\u0131n en \u00f6nemli turizm alanlar\u0131 aras\u0131nda yer alan tarihi Kalei\u00e7i ve Yat Liman\u0131\u2019nda tuvalet sorunu her ge\u00e7en g\u00fcn daha da b\u00fcy\u00fcyor. Yat Liman\u0131\u2019nda yer alan iki tuvalet gece 23:00\u2019de kapan\u0131rken, Mermerli Plaj\u0131 ile Kalei\u00e7i aras\u0131nda hizmet veren tuvalet ise tamamen kilitlendi. B\u00f6lgeyi ziyaret eden yerli ve yabanc\u0131 turistler tuvalet ihtiya\u00e7lar\u0131 i\u00e7in a\u00e7\u0131k tuvalet ararken, \u00e7ok say\u0131da ziyaret\u00e7i ise tuvalet ihtiya\u00e7lar\u0131n\u0131 a\u00e7\u0131k alanlarda gideriyor.<\/p>\n<p>YAT L\u0130MANINDA SAAT 23:00\u2019DE TUVALETLER KAPANIYOR!<\/p>\n<p>Turizm cenneti Antalya\u2019ya, Ocak ay\u0131 sonlar\u0131na geldi\u011fimiz bug\u00fcnlerde dahi on binlerce yerli ve yabanc\u0131 turist geliyor. Gelen ziyaret\u00e7ilerin \u00f6nemli b\u00f6l\u00fcm\u00fc Kalei\u00e7i ve Yat Liman\u0131&#8217;n\u0131 ziyaret ediyor. Yat Liman\u0131&#8217;nda yer alan bir tuvalet 5 g\u00fcnd\u00fcr kapal\u0131. Vatanda\u015flar tuvalet ihtiya\u00e7lar\u0131n\u0131 gidermekte zorlan\u0131yor. B\u00f6lgede yer alan esnaflar B\u00fcy\u00fck\u015fehir Belediyesi&#8217;nin bu soruna acil \u00e7\u00f6z\u00fcm bulmas\u0131n\u0131 istedi. Daha \u00f6nce gece saat 23\u2019e kadar a\u00e7\u0131k olan tuvaletlerin anlams\u0131z \u015fekilde hizmet d\u0131\u015f\u0131 b\u0131rak\u0131ld\u0131\u011f\u0131na dikkat \u00e7eken esnaf duruma tepkili.<\/p>\n<p>B\u00d6LGEDE K\u00d6T\u00dc KOKU HAK\u0130M<\/p>\n<p>Antalya\u2019n\u0131n en \u00f6nemli ziyaret noktalar\u0131 aras\u0131nda yer alan Kalei\u00e7i ve yat Liman\u0131\u2019nda 3 adat tuvalet bulunuyor. Bir d\u00f6nem tamamen kapal\u0131 olan tuvaletler b\u00fcy\u00fck ma\u011fduriyete yol a\u00e7m\u0131\u015ft\u0131. Gelen \u015fikayetler neticesinde hizmete yeniden a\u00e7\u0131lan tuvaletlerde bu defa temizlik sorunu ya\u015fan\u0131yor. Tuvaletlerde hijyen malzemeleri yok. Di\u011fer yandan tuvaletlerin erken saatlerde kapat\u0131lmas\u0131ndan dolay\u0131 b\u00f6lgeye gelen vatanda\u015flar\u0131n tuvalet ihtiya\u00e7lar\u0131n\u0131 farkl\u0131 bir \u015fekilde giderdi\u011fi ifade ediliyor. D\u00fcn ise Mermerli Plaj\u0131 ile Kalei\u00e7i aras\u0131nda yer alan tuvalete kilit vuruldu. \u00c7ok say\u0131da yerli ve yabanc\u0131 turist uzun s\u00fcre a\u00e7\u0131k tuvalet arad\u0131.<\/p>\n<p>\u200bAntalya\u2019n\u0131n tarihi Kalei\u00e7i\u2019nde yer alan \u00e7ok say\u0131da tuvalete kilit vuruldu. B\u00f6lgeye gelen yerli ve yabanc\u0131 turistler kilitlenen tuvaletlere alternatif olarak tuvalet aramak zorunda kald\u0131.\u00a0<\/p>\n<p>\u200bHaberin Al\u0131nt\u0131land\u0131\u011f\u0131 Kaynak: www.antalyakorfez.com<\/p>","protected":false},"excerpt":{"rendered":"<p>Antalya\u2019da en \u00e7ok ziyaret edilen b\u00f6lgeler aras\u0131nda yer alan tarihi Kalei\u00e7i ve Yat Liman\u0131\u2019nda tuvalet sorununun \u00f6n\u00fcne ge\u00e7ilemiyor. B\u00f6lgeye gelen ziyaret\u00e7iler tuvalet ihtiya\u00e7lar\u0131n\u0131 \u00e7o\u011fu zaman kapal\u0131 olan tuvaletler nedeniyle farkl\u0131 \u015fekillerde gidermek zorunda kal\u0131yor. MERMERL\u0130 PLAJI G\u0130R\u0130\u015e\u0130NDEK\u0130 TUVALET K\u0130L\u0130TLEND\u0130 Antalya\u2019n\u0131n en \u00f6nemli turizm alanlar\u0131 aras\u0131nda yer alan tarihi Kalei\u00e7i ve Yat Liman\u0131\u2019nda tuvalet sorunu her ge\u00e7en g\u00fcn daha da b\u00fcy\u00fcyor. Yat Liman\u0131\u2019nda yer alan iki tuvalet gece 23:00\u2019de kapan\u0131rken, Mermerli Plaj\u0131 ile Kalei\u00e7i aras\u0131nda hizmet veren tuvalet ise tamamen kilitlendi. B\u00f6lgeyi ziyaret eden yerli ve yabanc\u0131 turistler tuvalet ihtiya\u00e7lar\u0131 i\u00e7in a\u00e7\u0131k tuvalet ararken, \u00e7ok say\u0131da ziyaret\u00e7i ise tuvalet ihtiya\u00e7lar\u0131n\u0131 a\u00e7\u0131k alanlarda gideriyor. YAT L\u0130MANINDA SAAT 23:00\u2019DE TUVALETLER KAPANIYOR! Turizm cenneti Antalya\u2019ya, Ocak ay\u0131 sonlar\u0131na geldi\u011fimiz bug\u00fcnlerde dahi on binlerce yerli ve yabanc\u0131 turist geliyor. Gelen ziyaret\u00e7ilerin \u00f6nemli b\u00f6l\u00fcm\u00fc Kalei\u00e7i ve Yat Liman\u0131&#8217;n\u0131 ziyaret ediyor. Yat Liman\u0131&#8217;nda yer alan bir tuvalet 5 g\u00fcnd\u00fcr kapal\u0131. Vatanda\u015flar tuvalet ihtiya\u00e7lar\u0131n\u0131 gidermekte zorlan\u0131yor. B\u00f6lgede yer alan esnaflar B\u00fcy\u00fck\u015fehir Belediyesi&#8217;nin bu soruna acil \u00e7\u00f6z\u00fcm bulmas\u0131n\u0131 istedi. Daha \u00f6nce gece saat 23\u2019e kadar a\u00e7\u0131k olan tuvaletlerin anlams\u0131z \u015fekilde hizmet d\u0131\u015f\u0131 b\u0131rak\u0131ld\u0131\u011f\u0131na dikkat \u00e7eken esnaf duruma tepkili. B\u00d6LGEDE K\u00d6T\u00dc KOKU HAK\u0130M Antalya\u2019n\u0131n en \u00f6nemli ziyaret noktalar\u0131 aras\u0131nda yer alan Kalei\u00e7i ve yat Liman\u0131\u2019nda 3 adat tuvalet bulunuyor. Bir &hellip;<\/p>","protected":false},"author":5,"featured_media":0,"comment_status":"open","ping_status":"open","sticky":false,"template":"","format":"standard","meta":{"_acf_changed":false,"footnotes":""},"categories":[24],"tags":[],"class_list":["post-26889","post","type-post","status-publish","format-standard","has-post-thumbnail","hentry","category-gundem"],"acf":[],"yoast_head":"<!-- This site is optimized with the Yoast SEO Premium plugin v26.6 (Yoast SEO v27.1.1) - https:\/\/yoast.com\/product\/yoast-seo-premium-wordpress\/ -->\n<title>Antalya\u2019da tarihi Kalei\u00e7i\u2019nde tuvaletlere kilit vuruldu! - Av. Deniz Can K\u0131z\u0131l<\/title>\n<meta name=\"robots\" content=\"index, follow, max-snippet:-1, max-image-preview:large, max-video-preview:-1\" \/>\n<link rel=\"canonical\" href=\"https:\/\/denizcankizil.tr\/ru\/haberler\/gundem\/antalyada-tarihi-kaleicinde-tuvaletlere-kilit-vuruldu\/\" \/>\n<meta property=\"og:locale\" content=\"ru_RU\" \/>\n<meta property=\"og:type\" content=\"article\" \/>\n<meta property=\"og:title\" content=\"Antalya\u2019da tarihi Kalei\u00e7i\u2019nde tuvaletlere kilit vuruldu!\" \/>\n<meta property=\"og:description\" content=\"Antalya\u2019da en \u00e7ok ziyaret edilen b\u00f6lgeler aras\u0131nda yer alan tarihi Kalei\u00e7i ve Yat Liman\u0131\u2019nda tuvalet sorununun \u00f6n\u00fcne ge\u00e7ilemiyor. B\u00f6lgeye gelen ziyaret\u00e7iler tuvalet ihtiya\u00e7lar\u0131n\u0131 \u00e7o\u011fu zaman kapal\u0131 olan tuvaletler nedeniyle farkl\u0131 \u015fekillerde gidermek zorunda kal\u0131yor. MERMERL\u0130 PLAJI G\u0130R\u0130\u015e\u0130NDEK\u0130 TUVALET K\u0130L\u0130TLEND\u0130 Antalya\u2019n\u0131n en \u00f6nemli turizm alanlar\u0131 aras\u0131nda yer alan tarihi Kalei\u00e7i ve Yat Liman\u0131\u2019nda tuvalet sorunu her ge\u00e7en g\u00fcn daha da b\u00fcy\u00fcyor. Yat Liman\u0131\u2019nda yer alan iki tuvalet gece 23:00\u2019de kapan\u0131rken, Mermerli Plaj\u0131 ile Kalei\u00e7i aras\u0131nda hizmet veren tuvalet ise tamamen kilitlendi. B\u00f6lgeyi ziyaret eden yerli ve yabanc\u0131 turistler tuvalet ihtiya\u00e7lar\u0131 i\u00e7in a\u00e7\u0131k tuvalet ararken, \u00e7ok say\u0131da ziyaret\u00e7i ise tuvalet ihtiya\u00e7lar\u0131n\u0131 a\u00e7\u0131k alanlarda gideriyor. YAT L\u0130MANINDA SAAT 23:00\u2019DE TUVALETLER KAPANIYOR! Turizm cenneti Antalya\u2019ya, Ocak ay\u0131 sonlar\u0131na geldi\u011fimiz bug\u00fcnlerde dahi on binlerce yerli ve yabanc\u0131 turist geliyor. Gelen ziyaret\u00e7ilerin \u00f6nemli b\u00f6l\u00fcm\u00fc Kalei\u00e7i ve Yat Liman\u0131&#8217;n\u0131 ziyaret ediyor. Yat Liman\u0131&#8217;nda yer alan bir tuvalet 5 g\u00fcnd\u00fcr kapal\u0131. Vatanda\u015flar tuvalet ihtiya\u00e7lar\u0131n\u0131 gidermekte zorlan\u0131yor. B\u00f6lgede yer alan esnaflar B\u00fcy\u00fck\u015fehir Belediyesi&#8217;nin bu soruna acil \u00e7\u00f6z\u00fcm bulmas\u0131n\u0131 istedi. Daha \u00f6nce gece saat 23\u2019e kadar a\u00e7\u0131k olan tuvaletlerin anlams\u0131z \u015fekilde hizmet d\u0131\u015f\u0131 b\u0131rak\u0131ld\u0131\u011f\u0131na dikkat \u00e7eken esnaf duruma tepkili. B\u00d6LGEDE K\u00d6T\u00dc KOKU HAK\u0130M Antalya\u2019n\u0131n en \u00f6nemli ziyaret noktalar\u0131 aras\u0131nda yer alan Kalei\u00e7i ve yat Liman\u0131\u2019nda 3 adat tuvalet bulunuyor. Bir &hellip;\" \/>\n<meta property=\"og:url\" content=\"https:\/\/denizcankizil.tr\/ru\/haberler\/gundem\/antalyada-tarihi-kaleicinde-tuvaletlere-kilit-vuruldu\/\" \/>\n<meta property=\"og:site_name\" content=\"Av. Deniz Can K\u0131z\u0131l\" \/>\n<meta property=\"article:published_time\" content=\"2025-01-23T06:41:20+00:00\" \/>\n<meta name=\"author\" content=\"Antalya K\u00f6rfez\" \/>\n<meta name=\"twitter:card\" content=\"summary_large_image\" \/>\n<meta name=\"twitter:label1\" content=\"\u041d\u0430\u043f\u0438\u0441\u0430\u043d\u043e \u0430\u0432\u0442\u043e\u0440\u043e\u043c\" \/>\n\t<meta name=\"twitter:data1\" content=\"Antalya K\u00f6rfez\" \/>\n\t<meta name=\"twitter:label2\" content=\"\u041f\u0440\u0438\u043c\u0435\u0440\u043d\u043e\u0435 \u0432\u0440\u0435\u043c\u044f \u0434\u043b\u044f \u0447\u0442\u0435\u043d\u0438\u044f\" \/>\n\t<meta name=\"twitter:data2\" content=\"2 \u043c\u0438\u043d\u0443\u0442\u044b\" \/>\n<script type=\"application\/ld+json\" class=\"yoast-schema-graph\">{\"@context\":\"https:\/\/schema.org\",\"@graph\":[{\"@type\":\"Article\",\"@id\":\"https:\/\/denizcankizil.tr\/ru\/haberler\/gundem\/antalyada-tarihi-kaleicinde-tuvaletlere-kilit-vuruldu\/#article\",\"isPartOf\":{\"@id\":\"https:\/\/denizcankizil.tr\/ru\/haberler\/gundem\/antalyada-tarihi-kaleicinde-tuvaletlere-kilit-vuruldu\/\"},\"author\":{\"name\":\"Antalya K\u00f6rfez\",\"@id\":\"https:\/\/denizcankizil.tr\/de\/#\/schema\/person\/e1eb71bb4dd684d46563f0af307e1234\"},\"headline\":\"Antalya\u2019da tarihi Kalei\u00e7i\u2019nde tuvaletlere kilit vuruldu!\",\"datePublished\":\"2025-01-23T06:41:20+00:00\",\"mainEntityOfPage\":{\"@id\":\"https:\/\/denizcankizil.tr\/ru\/haberler\/gundem\/antalyada-tarihi-kaleicinde-tuvaletlere-kilit-vuruldu\/\"},\"wordCount\":411,\"commentCount\":0,\"publisher\":{\"@id\":\"https:\/\/denizcankizil.tr\/de\/#organization\"},\"articleSection\":[\"G\u00fcndem\"],\"inLanguage\":\"ru-RU\",\"potentialAction\":[{\"@type\":\"CommentAction\",\"name\":\"Comment\",\"target\":[\"https:\/\/denizcankizil.tr\/ru\/haberler\/gundem\/antalyada-tarihi-kaleicinde-tuvaletlere-kilit-vuruldu\/#respond\"]}]},{\"@type\":\"WebPage\",\"@id\":\"https:\/\/denizcankizil.tr\/ru\/haberler\/gundem\/antalyada-tarihi-kaleicinde-tuvaletlere-kilit-vuruldu\/\",\"url\":\"https:\/\/denizcankizil.tr\/ru\/haberler\/gundem\/antalyada-tarihi-kaleicinde-tuvaletlere-kilit-vuruldu\/\",\"name\":\"Antalya\u2019da tarihi Kalei\u00e7i\u2019nde tuvaletlere kilit vuruldu! - Av. Deniz Can K\u0131z\u0131l\",\"isPartOf\":{\"@id\":\"https:\/\/denizcankizil.tr\/de\/#website\"},\"datePublished\":\"2025-01-23T06:41:20+00:00\",\"breadcrumb\":{\"@id\":\"https:\/\/denizcankizil.tr\/ru\/haberler\/gundem\/antalyada-tarihi-kaleicinde-tuvaletlere-kilit-vuruldu\/#breadcrumb\"},\"inLanguage\":\"ru-RU\",\"potentialAction\":[{\"@type\":\"ReadAction\",\"target\":[\"https:\/\/denizcankizil.tr\/ru\/haberler\/gundem\/antalyada-tarihi-kaleicinde-tuvaletlere-kilit-vuruldu\/\"]}]},{\"@type\":\"BreadcrumbList\",\"@id\":\"https:\/\/denizcankizil.tr\/ru\/haberler\/gundem\/antalyada-tarihi-kaleicinde-tuvaletlere-kilit-vuruldu\/#breadcrumb\",\"itemListElement\":[{\"@type\":\"ListItem\",\"position\":1,\"name\":\"Home\",\"item\":\"https:\/\/denizcankizil.tr\/de\/\"},{\"@type\":\"ListItem\",\"position\":2,\"name\":\"Antalya\u2019da tarihi Kalei\u00e7i\u2019nde tuvaletlere kilit vuruldu!\"}]},{\"@type\":\"WebSite\",\"@id\":\"https:\/\/denizcankizil.tr\/de\/#website\",\"url\":\"https:\/\/denizcankizil.tr\/de\/\",\"name\":\"Av. Deniz Can K\u0131z\u0131l\",\"description\":\"Avukat Deniz Can K\u0131z\u0131l Antalya Barosu\",\"publisher\":{\"@id\":\"https:\/\/denizcankizil.tr\/de\/#organization\"},\"potentialAction\":[{\"@type\":\"SearchAction\",\"target\":{\"@type\":\"EntryPoint\",\"urlTemplate\":\"https:\/\/denizcankizil.tr\/de\/?s={search_term_string}\"},\"query-input\":{\"@type\":\"PropertyValueSpecification\",\"valueRequired\":true,\"valueName\":\"search_term_string\"}}],\"inLanguage\":\"ru-RU\"},{\"@type\":\"Organization\",\"@id\":\"https:\/\/denizcankizil.tr\/de\/#organization\",\"name\":\"Av. Deniz Can K\u0131z\u0131l\",\"url\":\"https:\/\/denizcankizil.tr\/de\/\",\"logo\":{\"@type\":\"ImageObject\",\"inLanguage\":\"ru-RU\",\"@id\":\"https:\/\/denizcankizil.tr\/de\/#\/schema\/logo\/image\/\",\"url\":\"https:\/\/denizcankizil.tr\/wp-content\/uploads\/2024\/10\/siyah-logo-svg.svg\",\"contentUrl\":\"https:\/\/denizcankizil.tr\/wp-content\/uploads\/2024\/10\/siyah-logo-svg.svg\",\"width\":1080,\"height\":1080,\"caption\":\"Av. Deniz Can K\u0131z\u0131l\"},\"image\":{\"@id\":\"https:\/\/denizcankizil.tr\/de\/#\/schema\/logo\/image\/\"}},{\"@type\":\"Person\",\"@id\":\"https:\/\/denizcankizil.tr\/de\/#\/schema\/person\/e1eb71bb4dd684d46563f0af307e1234\",\"name\":\"Antalya K\u00f6rfez\",\"image\":{\"@type\":\"ImageObject\",\"inLanguage\":\"ru-RU\",\"@id\":\"https:\/\/denizcankizil.tr\/de\/#\/schema\/person\/image\/\",\"url\":\"https:\/\/secure.gravatar.com\/avatar\/42b01982558a48a0b501fdcab6a408d3717ea5919095ee2e67b0e521799c5905?s=96&d=mm&r=g\",\"contentUrl\":\"https:\/\/secure.gravatar.com\/avatar\/42b01982558a48a0b501fdcab6a408d3717ea5919095ee2e67b0e521799c5905?s=96&d=mm&r=g\",\"caption\":\"Antalya K\u00f6rfez\"},\"sameAs\":[\"http:\/\/www.antalyakorfez.com\"],\"url\":\"https:\/\/www.antalyakorfez.com\/antalyada-tarihi-kaleicinde-tuvaletlere-kilit-vuruldu\"}]}<\/script>\n<!-- \/ Yoast SEO Premium plugin. -->","yoast_head_json":{"title":"Antalya\u2019da tarihi Kalei\u00e7i\u2019nde tuvaletlere kilit vuruldu! - Av. Deniz Can K\u0131z\u0131l","robots":{"index":"index","follow":"follow","max-snippet":"max-snippet:-1","max-image-preview":"max-image-preview:large","max-video-preview":"max-video-preview:-1"},"canonical":"https:\/\/denizcankizil.tr\/ru\/haberler\/gundem\/antalyada-tarihi-kaleicinde-tuvaletlere-kilit-vuruldu\/","og_locale":"ru_RU","og_type":"article","og_title":"Antalya\u2019da tarihi Kalei\u00e7i\u2019nde tuvaletlere kilit vuruldu!","og_description":"Antalya\u2019da en \u00e7ok ziyaret edilen b\u00f6lgeler aras\u0131nda yer alan tarihi Kalei\u00e7i ve Yat Liman\u0131\u2019nda tuvalet sorununun \u00f6n\u00fcne ge\u00e7ilemiyor. B\u00f6lgeye gelen ziyaret\u00e7iler tuvalet ihtiya\u00e7lar\u0131n\u0131 \u00e7o\u011fu zaman kapal\u0131 olan tuvaletler nedeniyle farkl\u0131 \u015fekillerde gidermek zorunda kal\u0131yor. MERMERL\u0130 PLAJI G\u0130R\u0130\u015e\u0130NDEK\u0130 TUVALET K\u0130L\u0130TLEND\u0130 Antalya\u2019n\u0131n en \u00f6nemli turizm alanlar\u0131 aras\u0131nda yer alan tarihi Kalei\u00e7i ve Yat Liman\u0131\u2019nda tuvalet sorunu her ge\u00e7en g\u00fcn daha da b\u00fcy\u00fcyor. Yat Liman\u0131\u2019nda yer alan iki tuvalet gece 23:00\u2019de kapan\u0131rken, Mermerli Plaj\u0131 ile Kalei\u00e7i aras\u0131nda hizmet veren tuvalet ise tamamen kilitlendi. B\u00f6lgeyi ziyaret eden yerli ve yabanc\u0131 turistler tuvalet ihtiya\u00e7lar\u0131 i\u00e7in a\u00e7\u0131k tuvalet ararken, \u00e7ok say\u0131da ziyaret\u00e7i ise tuvalet ihtiya\u00e7lar\u0131n\u0131 a\u00e7\u0131k alanlarda gideriyor. YAT L\u0130MANINDA SAAT 23:00\u2019DE TUVALETLER KAPANIYOR! Turizm cenneti Antalya\u2019ya, Ocak ay\u0131 sonlar\u0131na geldi\u011fimiz bug\u00fcnlerde dahi on binlerce yerli ve yabanc\u0131 turist geliyor. Gelen ziyaret\u00e7ilerin \u00f6nemli b\u00f6l\u00fcm\u00fc Kalei\u00e7i ve Yat Liman\u0131&#8217;n\u0131 ziyaret ediyor. Yat Liman\u0131&#8217;nda yer alan bir tuvalet 5 g\u00fcnd\u00fcr kapal\u0131. Vatanda\u015flar tuvalet ihtiya\u00e7lar\u0131n\u0131 gidermekte zorlan\u0131yor. B\u00f6lgede yer alan esnaflar B\u00fcy\u00fck\u015fehir Belediyesi&#8217;nin bu soruna acil \u00e7\u00f6z\u00fcm bulmas\u0131n\u0131 istedi. Daha \u00f6nce gece saat 23\u2019e kadar a\u00e7\u0131k olan tuvaletlerin anlams\u0131z \u015fekilde hizmet d\u0131\u015f\u0131 b\u0131rak\u0131ld\u0131\u011f\u0131na dikkat \u00e7eken esnaf duruma tepkili. B\u00d6LGEDE K\u00d6T\u00dc KOKU HAK\u0130M Antalya\u2019n\u0131n en \u00f6nemli ziyaret noktalar\u0131 aras\u0131nda yer alan Kalei\u00e7i ve yat Liman\u0131\u2019nda 3 adat tuvalet bulunuyor. Bir &hellip;","og_url":"https:\/\/denizcankizil.tr\/ru\/haberler\/gundem\/antalyada-tarihi-kaleicinde-tuvaletlere-kilit-vuruldu\/","og_site_name":"Av. Deniz Can K\u0131z\u0131l","article_published_time":"2025-01-23T06:41:20+00:00","author":"Antalya K\u00f6rfez","twitter_card":"summary_large_image","twitter_misc":{"\u041d\u0430\u043f\u0438\u0441\u0430\u043d\u043e \u0430\u0432\u0442\u043e\u0440\u043e\u043c":"Antalya K\u00f6rfez","\u041f\u0440\u0438\u043c\u0435\u0440\u043d\u043e\u0435 \u0432\u0440\u0435\u043c\u044f \u0434\u043b\u044f \u0447\u0442\u0435\u043d\u0438\u044f":"2 \u043c\u0438\u043d\u0443\u0442\u044b"},"schema":{"@context":"https:\/\/schema.org","@graph":[{"@type":"Article","@id":"https:\/\/denizcankizil.tr\/ru\/haberler\/gundem\/antalyada-tarihi-kaleicinde-tuvaletlere-kilit-vuruldu\/#article","isPartOf":{"@id":"https:\/\/denizcankizil.tr\/ru\/haberler\/gundem\/antalyada-tarihi-kaleicinde-tuvaletlere-kilit-vuruldu\/"},"author":{"name":"Antalya K\u00f6rfez","@id":"https:\/\/denizcankizil.tr\/de\/#\/schema\/person\/e1eb71bb4dd684d46563f0af307e1234"},"headline":"Antalya\u2019da tarihi Kalei\u00e7i\u2019nde tuvaletlere kilit vuruldu!","datePublished":"2025-01-23T06:41:20+00:00","mainEntityOfPage":{"@id":"https:\/\/denizcankizil.tr\/ru\/haberler\/gundem\/antalyada-tarihi-kaleicinde-tuvaletlere-kilit-vuruldu\/"},"wordCount":411,"commentCount":0,"publisher":{"@id":"https:\/\/denizcankizil.tr\/de\/#organization"},"articleSection":["G\u00fcndem"],"inLanguage":"ru-RU","potentialAction":[{"@type":"CommentAction","name":"Comment","target":["https:\/\/denizcankizil.tr\/ru\/haberler\/gundem\/antalyada-tarihi-kaleicinde-tuvaletlere-kilit-vuruldu\/#respond"]}]},{"@type":"WebPage","@id":"https:\/\/denizcankizil.tr\/ru\/haberler\/gundem\/antalyada-tarihi-kaleicinde-tuvaletlere-kilit-vuruldu\/","url":"https:\/\/denizcankizil.tr\/ru\/haberler\/gundem\/antalyada-tarihi-kaleicinde-tuvaletlere-kilit-vuruldu\/","name":"Antalya\u2019da tarihi Kalei\u00e7i\u2019nde tuvaletlere kilit vuruldu! - Av. Deniz Can K\u0131z\u0131l","isPartOf":{"@id":"https:\/\/denizcankizil.tr\/de\/#website"},"datePublished":"2025-01-23T06:41:20+00:00","breadcrumb":{"@id":"https:\/\/denizcankizil.tr\/ru\/haberler\/gundem\/antalyada-tarihi-kaleicinde-tuvaletlere-kilit-vuruldu\/#breadcrumb"},"inLanguage":"ru-RU","potentialAction":[{"@type":"ReadAction","target":["https:\/\/denizcankizil.tr\/ru\/haberler\/gundem\/antalyada-tarihi-kaleicinde-tuvaletlere-kilit-vuruldu\/"]}]},{"@type":"BreadcrumbList","@id":"https:\/\/denizcankizil.tr\/ru\/haberler\/gundem\/antalyada-tarihi-kaleicinde-tuvaletlere-kilit-vuruldu\/#breadcrumb","itemListElement":[{"@type":"ListItem","position":1,"name":"Home","item":"https:\/\/denizcankizil.tr\/de\/"},{"@type":"ListItem","position":2,"name":"Antalya\u2019da tarihi Kalei\u00e7i\u2019nde tuvaletlere kilit vuruldu!"}]},{"@type":"WebSite","@id":"https:\/\/denizcankizil.tr\/de\/#website","url":"https:\/\/denizcankizil.tr\/de\/","name":"Av. Deniz Can K\u0131z\u0131l","description":"Avukat Deniz Can K\u0131z\u0131l Antalya Barosu","publisher":{"@id":"https:\/\/denizcankizil.tr\/de\/#organization"},"potentialAction":[{"@type":"SearchAction","target":{"@type":"EntryPoint","urlTemplate":"https:\/\/denizcankizil.tr\/de\/?s={search_term_string}"},"query-input":{"@type":"PropertyValueSpecification","valueRequired":true,"valueName":"search_term_string"}}],"inLanguage":"ru-RU"},{"@type":"Organization","@id":"https:\/\/denizcankizil.tr\/de\/#organization","name":"Av. Deniz Can K\u0131z\u0131l","url":"https:\/\/denizcankizil.tr\/de\/","logo":{"@type":"ImageObject","inLanguage":"ru-RU","@id":"https:\/\/denizcankizil.tr\/de\/#\/schema\/logo\/image\/","url":"https:\/\/denizcankizil.tr\/wp-content\/uploads\/2024\/10\/siyah-logo-svg.svg","contentUrl":"https:\/\/denizcankizil.tr\/wp-content\/uploads\/2024\/10\/siyah-logo-svg.svg","width":1080,"height":1080,"caption":"Av. Deniz Can K\u0131z\u0131l"},"image":{"@id":"https:\/\/denizcankizil.tr\/de\/#\/schema\/logo\/image\/"}},{"@type":"Person","@id":"https:\/\/denizcankizil.tr\/de\/#\/schema\/person\/e1eb71bb4dd684d46563f0af307e1234","name":"Antalya K\u00f6rfez","image":{"@type":"ImageObject","inLanguage":"ru-RU","@id":"https:\/\/denizcankizil.tr\/de\/#\/schema\/person\/image\/","url":"https:\/\/secure.gravatar.com\/avatar\/42b01982558a48a0b501fdcab6a408d3717ea5919095ee2e67b0e521799c5905?s=96&d=mm&r=g","contentUrl":"https:\/\/secure.gravatar.com\/avatar\/42b01982558a48a0b501fdcab6a408d3717ea5919095ee2e67b0e521799c5905?s=96&d=mm&r=g","caption":"Antalya K\u00f6rfez"},"sameAs":["http:\/\/www.antalyakorfez.com"],"url":"https:\/\/www.antalyakorfez.com\/antalyada-tarihi-kaleicinde-tuvaletlere-kilit-vuruldu"}]}},"_links":{"self":[{"href":"https:\/\/denizcankizil.tr\/ru\/wp-json\/wp\/v2\/posts\/26889","targetHints":{"allow":["GET"]}}],"collection":[{"href":"https:\/\/denizcankizil.tr\/ru\/wp-json\/wp\/v2\/posts"}],"about":[{"href":"https:\/\/denizcankizil.tr\/ru\/wp-json\/wp\/v2\/types\/post"}],"author":[{"embeddable":true,"href":"https:\/\/denizcankizil.tr\/ru\/wp-json\/wp\/v2\/users\/5"}],"replies":[{"embeddable":true,"href":"https:\/\/denizcankizil.tr\/ru\/wp-json\/wp\/v2\/comments?post=26889"}],"version-history":[{"count":0,"href":"https:\/\/denizcankizil.tr\/ru\/wp-json\/wp\/v2\/posts\/26889\/revisions"}],"wp:attachment":[{"href":"https:\/\/denizcankizil.tr\/ru\/wp-json\/wp\/v2\/media?parent=26889"}],"wp:term":[{"taxonomy":"category","embeddable":true,"href":"https:\/\/denizcankizil.tr\/ru\/wp-json\/wp\/v2\/categories?post=26889"},{"taxonomy":"post_tag","embeddable":true,"href":"https:\/\/denizcankizil.tr\/ru\/wp-json\/wp\/v2\/tags?post=26889"}],"curies":[{"name":"wp","href":"https:\/\/api.w.org\/{rel}","templated":true}]}}