{"id":26828,"date":"2025-01-22T22:41:23","date_gmt":"2025-01-22T19:41:23","guid":{"rendered":"https:\/\/denizcankizil.tr\/uncategorized-tr\/narin-guran-ve-nevzat-bahtiyarin-fotografi-ortaya-cikti\/"},"modified":"2025-01-22T22:41:23","modified_gmt":"2025-01-22T19:41:23","slug":"narin-guran-ve-nevzat-bahtiyarin-fotografi-ortaya-cikti","status":"publish","type":"post","link":"https:\/\/denizcankizil.tr\/ru\/haberler\/gundem\/narin-guran-ve-nevzat-bahtiyarin-fotografi-ortaya-cikti\/","title":{"rendered":"Narin G\u00fcran ve Nevzat Bahtiyar\u2019\u0131n foto\u011fraf\u0131 ortaya \u00e7\u0131kt\u0131"},"content":{"rendered":"<p>Diyarbak\u0131r\u2019\u0131n Ba\u011flar il\u00e7esine ba\u011fl\u0131 Tav\u015fantepe Mahallesi kaybolduktan 19 g\u00fcn sonra cans\u0131z bedeni bulunan 8 ya\u015f\u0131ndaki Narin G\u00fcran c*nayeti davas\u0131nda anne Y\u00fcksel G\u00fcran, a\u011fabey Enes G\u00fcran, amca Salim G\u00fcran&#8217;a a\u011f\u0131rla\u015ft\u0131r\u0131lm\u0131\u015f m\u00fcebbet hapis cezas\u0131 verilirken, k\u00fc\u00e7\u00fck k\u0131z\u0131n cesedini dere yata\u011f\u0131na ta\u015f\u0131d\u0131\u011f\u0131n\u0131 itiraf eden Nevzat Bahtiyar&#8217;a ise 4 y\u0131l 6 ay hapis cezas\u0131 verilmi\u015fti.<\/p>\n<p>BAHT\u0130YAR\u2019IN BAKI\u015eLARI D\u0130KKAT \u00c7EKT\u0130<\/p>\n<p>Davada gerek\u00e7eli karar\u0131n a\u00e7\u0131klanmas\u0131 beklenirken Habert\u00fcrk&#8217;ten Mustafa \u015eekero\u011flu&#8217;nun haberine g\u00f6re; Nevzat Bahtiyar ile Narin&#8217;in ayn\u0131 karede oldu\u011fu bir foto\u011fraf ortaya \u00e7\u0131kt\u0131. Okul bah\u00e7esinde oturan ve aralar\u0131nda Narin&#8217;in de yer ald\u0131\u011f\u0131 \u00f6\u011frencilerin okul i\u00e7in \u00e7ekilen foto\u011fraf karesine, Nevzat Bahtiyar&#8217;\u0131n da girdi\u011fi g\u00f6r\u00fcld\u00fc. Okulun internet sitesine konulmak amac\u0131yla 2021 y\u0131l\u0131n\u0131n aral\u0131k ay\u0131nda \u00e7ekildi\u011fi \u00f6\u011frenilen foto\u011frafta tesad\u00fcfen yer alan Nevzat Bahtiyar&#8217;\u0131n, bankta oturan Narin&#8217;in oldu\u011fu tarafa bakt\u0131\u011f\u0131 g\u00f6r\u00fcl\u00fcyor.<\/p>\n<p>\u200bDiyarbak\u0131r\u2019\u0131n Ba\u011flar il\u00e7esine ba\u011fl\u0131 Tav\u015fantepe Mahallesi \u00f6ld*r\u00fclen Narin G\u00fcran c*nayetinde gerek\u00e7eli karar beklenirken ortaya \u00e7\u0131kan bir foto\u011fraf olay oldu. Narin&#8217;in okul bah\u00e7esinde di\u011fer \u00e7ocuklarla oturdu\u011fu s\u0131rada kadraja giren san\u0131klardan Nevzat Bahtiyar&#8217;\u0131n bak\u0131\u015flar\u0131 dikkat \u00e7ekti\u00a0<\/p>\n<p>\u200bHaberin Al\u0131nt\u0131land\u0131\u011f\u0131 Kaynak: www.antalyakorfez.com<\/p>","protected":false},"excerpt":{"rendered":"<p>Diyarbak\u0131r\u2019\u0131n Ba\u011flar il\u00e7esine ba\u011fl\u0131 Tav\u015fantepe Mahallesi kaybolduktan 19 g\u00fcn sonra cans\u0131z bedeni bulunan 8 ya\u015f\u0131ndaki Narin G\u00fcran c*nayeti davas\u0131nda anne Y\u00fcksel G\u00fcran, a\u011fabey Enes G\u00fcran, amca Salim G\u00fcran&#8217;a a\u011f\u0131rla\u015ft\u0131r\u0131lm\u0131\u015f m\u00fcebbet hapis cezas\u0131 verilirken, k\u00fc\u00e7\u00fck k\u0131z\u0131n cesedini dere yata\u011f\u0131na ta\u015f\u0131d\u0131\u011f\u0131n\u0131 itiraf eden Nevzat Bahtiyar&#8217;a ise 4 y\u0131l 6 ay hapis cezas\u0131 verilmi\u015fti. BAHT\u0130YAR\u2019IN BAKI\u015eLARI D\u0130KKAT \u00c7EKT\u0130 Davada gerek\u00e7eli karar\u0131n a\u00e7\u0131klanmas\u0131 beklenirken Habert\u00fcrk&#8217;ten Mustafa \u015eekero\u011flu&#8217;nun haberine g\u00f6re; Nevzat Bahtiyar ile Narin&#8217;in ayn\u0131 karede oldu\u011fu bir foto\u011fraf ortaya \u00e7\u0131kt\u0131. Okul bah\u00e7esinde oturan ve aralar\u0131nda Narin&#8217;in de yer ald\u0131\u011f\u0131 \u00f6\u011frencilerin okul i\u00e7in \u00e7ekilen foto\u011fraf karesine, Nevzat Bahtiyar&#8217;\u0131n da girdi\u011fi g\u00f6r\u00fcld\u00fc. Okulun internet sitesine konulmak amac\u0131yla 2021 y\u0131l\u0131n\u0131n aral\u0131k ay\u0131nda \u00e7ekildi\u011fi \u00f6\u011frenilen foto\u011frafta tesad\u00fcfen yer alan Nevzat Bahtiyar&#8217;\u0131n, bankta oturan Narin&#8217;in oldu\u011fu tarafa bakt\u0131\u011f\u0131 g\u00f6r\u00fcl\u00fcyor. \u200bDiyarbak\u0131r\u2019\u0131n Ba\u011flar il\u00e7esine ba\u011fl\u0131 Tav\u015fantepe Mahallesi \u00f6ld*r\u00fclen Narin G\u00fcran c*nayetinde gerek\u00e7eli karar beklenirken ortaya \u00e7\u0131kan bir foto\u011fraf olay oldu. Narin&#8217;in okul bah\u00e7esinde di\u011fer \u00e7ocuklarla oturdu\u011fu s\u0131rada kadraja giren san\u0131klardan Nevzat Bahtiyar&#8217;\u0131n bak\u0131\u015flar\u0131 dikkat \u00e7ekti\u00a0 \u200bHaberin Al\u0131nt\u0131land\u0131\u011f\u0131 Kaynak: www.antalyakorfez.com<\/p>","protected":false},"author":5,"featured_media":0,"comment_status":"open","ping_status":"open","sticky":false,"template":"","format":"standard","meta":{"_acf_changed":false,"footnotes":""},"categories":[24],"tags":[],"class_list":["post-26828","post","type-post","status-publish","format-standard","has-post-thumbnail","hentry","category-gundem"],"acf":[],"yoast_head":"<!-- This site is optimized with the Yoast SEO Premium plugin v26.6 (Yoast SEO v27.1.1) - https:\/\/yoast.com\/product\/yoast-seo-premium-wordpress\/ -->\n<title>Narin G\u00fcran ve Nevzat Bahtiyar\u2019\u0131n foto\u011fraf\u0131 ortaya \u00e7\u0131kt\u0131 - Av. Deniz Can K\u0131z\u0131l<\/title>\n<meta name=\"robots\" content=\"index, follow, max-snippet:-1, max-image-preview:large, max-video-preview:-1\" \/>\n<link rel=\"canonical\" href=\"https:\/\/denizcankizil.tr\/ru\/haberler\/gundem\/narin-guran-ve-nevzat-bahtiyarin-fotografi-ortaya-cikti\/\" \/>\n<meta property=\"og:locale\" content=\"ru_RU\" \/>\n<meta property=\"og:type\" content=\"article\" \/>\n<meta property=\"og:title\" content=\"Narin G\u00fcran ve Nevzat Bahtiyar\u2019\u0131n foto\u011fraf\u0131 ortaya \u00e7\u0131kt\u0131\" \/>\n<meta property=\"og:description\" content=\"Diyarbak\u0131r\u2019\u0131n Ba\u011flar il\u00e7esine ba\u011fl\u0131 Tav\u015fantepe Mahallesi kaybolduktan 19 g\u00fcn sonra cans\u0131z bedeni bulunan 8 ya\u015f\u0131ndaki Narin G\u00fcran c*nayeti davas\u0131nda anne Y\u00fcksel G\u00fcran, a\u011fabey Enes G\u00fcran, amca Salim G\u00fcran&#8217;a a\u011f\u0131rla\u015ft\u0131r\u0131lm\u0131\u015f m\u00fcebbet hapis cezas\u0131 verilirken, k\u00fc\u00e7\u00fck k\u0131z\u0131n cesedini dere yata\u011f\u0131na ta\u015f\u0131d\u0131\u011f\u0131n\u0131 itiraf eden Nevzat Bahtiyar&#8217;a ise 4 y\u0131l 6 ay hapis cezas\u0131 verilmi\u015fti. BAHT\u0130YAR\u2019IN BAKI\u015eLARI D\u0130KKAT \u00c7EKT\u0130 Davada gerek\u00e7eli karar\u0131n a\u00e7\u0131klanmas\u0131 beklenirken Habert\u00fcrk&#8217;ten Mustafa \u015eekero\u011flu&#8217;nun haberine g\u00f6re; Nevzat Bahtiyar ile Narin&#8217;in ayn\u0131 karede oldu\u011fu bir foto\u011fraf ortaya \u00e7\u0131kt\u0131. Okul bah\u00e7esinde oturan ve aralar\u0131nda Narin&#8217;in de yer ald\u0131\u011f\u0131 \u00f6\u011frencilerin okul i\u00e7in \u00e7ekilen foto\u011fraf karesine, Nevzat Bahtiyar&#8217;\u0131n da girdi\u011fi g\u00f6r\u00fcld\u00fc. Okulun internet sitesine konulmak amac\u0131yla 2021 y\u0131l\u0131n\u0131n aral\u0131k ay\u0131nda \u00e7ekildi\u011fi \u00f6\u011frenilen foto\u011frafta tesad\u00fcfen yer alan Nevzat Bahtiyar&#8217;\u0131n, bankta oturan Narin&#8217;in oldu\u011fu tarafa bakt\u0131\u011f\u0131 g\u00f6r\u00fcl\u00fcyor. \u200bDiyarbak\u0131r\u2019\u0131n Ba\u011flar il\u00e7esine ba\u011fl\u0131 Tav\u015fantepe Mahallesi \u00f6ld*r\u00fclen Narin G\u00fcran c*nayetinde gerek\u00e7eli karar beklenirken ortaya \u00e7\u0131kan bir foto\u011fraf olay oldu. Narin&#8217;in okul bah\u00e7esinde di\u011fer \u00e7ocuklarla oturdu\u011fu s\u0131rada kadraja giren san\u0131klardan Nevzat Bahtiyar&#8217;\u0131n bak\u0131\u015flar\u0131 dikkat \u00e7ekti\u00a0 \u200bHaberin Al\u0131nt\u0131land\u0131\u011f\u0131 Kaynak: www.antalyakorfez.com\" \/>\n<meta property=\"og:url\" content=\"https:\/\/denizcankizil.tr\/ru\/haberler\/gundem\/narin-guran-ve-nevzat-bahtiyarin-fotografi-ortaya-cikti\/\" \/>\n<meta property=\"og:site_name\" content=\"Av. Deniz Can K\u0131z\u0131l\" \/>\n<meta property=\"article:published_time\" content=\"2025-01-22T19:41:23+00:00\" \/>\n<meta name=\"author\" content=\"Antalya K\u00f6rfez\" \/>\n<meta name=\"twitter:card\" content=\"summary_large_image\" \/>\n<meta name=\"twitter:label1\" content=\"\u041d\u0430\u043f\u0438\u0441\u0430\u043d\u043e \u0430\u0432\u0442\u043e\u0440\u043e\u043c\" \/>\n\t<meta name=\"twitter:data1\" content=\"Antalya K\u00f6rfez\" \/>\n\t<meta name=\"twitter:label2\" content=\"\u041f\u0440\u0438\u043c\u0435\u0440\u043d\u043e\u0435 \u0432\u0440\u0435\u043c\u044f \u0434\u043b\u044f \u0447\u0442\u0435\u043d\u0438\u044f\" \/>\n\t<meta name=\"twitter:data2\" content=\"1 \u043c\u0438\u043d\u0443\u0442\u0430\" \/>\n<script type=\"application\/ld+json\" class=\"yoast-schema-graph\">{\"@context\":\"https:\/\/schema.org\",\"@graph\":[{\"@type\":\"Article\",\"@id\":\"https:\/\/denizcankizil.tr\/ru\/haberler\/gundem\/narin-guran-ve-nevzat-bahtiyarin-fotografi-ortaya-cikti\/#article\",\"isPartOf\":{\"@id\":\"https:\/\/denizcankizil.tr\/ru\/haberler\/gundem\/narin-guran-ve-nevzat-bahtiyarin-fotografi-ortaya-cikti\/\"},\"author\":{\"name\":\"Antalya K\u00f6rfez\",\"@id\":\"https:\/\/denizcankizil.tr\/de\/#\/schema\/person\/e1eb71bb4dd684d46563f0af307e1234\"},\"headline\":\"Narin G\u00fcran ve Nevzat Bahtiyar\u2019\u0131n foto\u011fraf\u0131 ortaya \u00e7\u0131kt\u0131\",\"datePublished\":\"2025-01-22T19:41:23+00:00\",\"mainEntityOfPage\":{\"@id\":\"https:\/\/denizcankizil.tr\/ru\/haberler\/gundem\/narin-guran-ve-nevzat-bahtiyarin-fotografi-ortaya-cikti\/\"},\"wordCount\":259,\"commentCount\":0,\"publisher\":{\"@id\":\"https:\/\/denizcankizil.tr\/de\/#organization\"},\"articleSection\":[\"G\u00fcndem\"],\"inLanguage\":\"ru-RU\",\"potentialAction\":[{\"@type\":\"CommentAction\",\"name\":\"Comment\",\"target\":[\"https:\/\/denizcankizil.tr\/ru\/haberler\/gundem\/narin-guran-ve-nevzat-bahtiyarin-fotografi-ortaya-cikti\/#respond\"]}]},{\"@type\":\"WebPage\",\"@id\":\"https:\/\/denizcankizil.tr\/ru\/haberler\/gundem\/narin-guran-ve-nevzat-bahtiyarin-fotografi-ortaya-cikti\/\",\"url\":\"https:\/\/denizcankizil.tr\/ru\/haberler\/gundem\/narin-guran-ve-nevzat-bahtiyarin-fotografi-ortaya-cikti\/\",\"name\":\"Narin G\u00fcran ve Nevzat Bahtiyar\u2019\u0131n foto\u011fraf\u0131 ortaya \u00e7\u0131kt\u0131 - Av. Deniz Can K\u0131z\u0131l\",\"isPartOf\":{\"@id\":\"https:\/\/denizcankizil.tr\/de\/#website\"},\"datePublished\":\"2025-01-22T19:41:23+00:00\",\"breadcrumb\":{\"@id\":\"https:\/\/denizcankizil.tr\/ru\/haberler\/gundem\/narin-guran-ve-nevzat-bahtiyarin-fotografi-ortaya-cikti\/#breadcrumb\"},\"inLanguage\":\"ru-RU\",\"potentialAction\":[{\"@type\":\"ReadAction\",\"target\":[\"https:\/\/denizcankizil.tr\/ru\/haberler\/gundem\/narin-guran-ve-nevzat-bahtiyarin-fotografi-ortaya-cikti\/\"]}]},{\"@type\":\"BreadcrumbList\",\"@id\":\"https:\/\/denizcankizil.tr\/ru\/haberler\/gundem\/narin-guran-ve-nevzat-bahtiyarin-fotografi-ortaya-cikti\/#breadcrumb\",\"itemListElement\":[{\"@type\":\"ListItem\",\"position\":1,\"name\":\"Home\",\"item\":\"https:\/\/denizcankizil.tr\/de\/\"},{\"@type\":\"ListItem\",\"position\":2,\"name\":\"Narin G\u00fcran ve Nevzat Bahtiyar\u2019\u0131n foto\u011fraf\u0131 ortaya \u00e7\u0131kt\u0131\"}]},{\"@type\":\"WebSite\",\"@id\":\"https:\/\/denizcankizil.tr\/de\/#website\",\"url\":\"https:\/\/denizcankizil.tr\/de\/\",\"name\":\"Av. Deniz Can K\u0131z\u0131l\",\"description\":\"Avukat Deniz Can K\u0131z\u0131l Antalya Barosu\",\"publisher\":{\"@id\":\"https:\/\/denizcankizil.tr\/de\/#organization\"},\"potentialAction\":[{\"@type\":\"SearchAction\",\"target\":{\"@type\":\"EntryPoint\",\"urlTemplate\":\"https:\/\/denizcankizil.tr\/de\/?s={search_term_string}\"},\"query-input\":{\"@type\":\"PropertyValueSpecification\",\"valueRequired\":true,\"valueName\":\"search_term_string\"}}],\"inLanguage\":\"ru-RU\"},{\"@type\":\"Organization\",\"@id\":\"https:\/\/denizcankizil.tr\/de\/#organization\",\"name\":\"Av. Deniz Can K\u0131z\u0131l\",\"url\":\"https:\/\/denizcankizil.tr\/de\/\",\"logo\":{\"@type\":\"ImageObject\",\"inLanguage\":\"ru-RU\",\"@id\":\"https:\/\/denizcankizil.tr\/de\/#\/schema\/logo\/image\/\",\"url\":\"https:\/\/denizcankizil.tr\/wp-content\/uploads\/2024\/10\/siyah-logo-svg.svg\",\"contentUrl\":\"https:\/\/denizcankizil.tr\/wp-content\/uploads\/2024\/10\/siyah-logo-svg.svg\",\"width\":1080,\"height\":1080,\"caption\":\"Av. Deniz Can K\u0131z\u0131l\"},\"image\":{\"@id\":\"https:\/\/denizcankizil.tr\/de\/#\/schema\/logo\/image\/\"}},{\"@type\":\"Person\",\"@id\":\"https:\/\/denizcankizil.tr\/de\/#\/schema\/person\/e1eb71bb4dd684d46563f0af307e1234\",\"name\":\"Antalya K\u00f6rfez\",\"image\":{\"@type\":\"ImageObject\",\"inLanguage\":\"ru-RU\",\"@id\":\"https:\/\/denizcankizil.tr\/de\/#\/schema\/person\/image\/\",\"url\":\"https:\/\/secure.gravatar.com\/avatar\/42b01982558a48a0b501fdcab6a408d3717ea5919095ee2e67b0e521799c5905?s=96&d=mm&r=g\",\"contentUrl\":\"https:\/\/secure.gravatar.com\/avatar\/42b01982558a48a0b501fdcab6a408d3717ea5919095ee2e67b0e521799c5905?s=96&d=mm&r=g\",\"caption\":\"Antalya K\u00f6rfez\"},\"sameAs\":[\"http:\/\/www.antalyakorfez.com\"],\"url\":\"https:\/\/www.antalyakorfez.com\/narin-guran-ve-nevzat-bahtiyarin-fotografi-ortaya-cikti\"}]}<\/script>\n<!-- \/ Yoast SEO Premium plugin. -->","yoast_head_json":{"title":"Narin G\u00fcran ve Nevzat Bahtiyar\u2019\u0131n foto\u011fraf\u0131 ortaya \u00e7\u0131kt\u0131 - Av. Deniz Can K\u0131z\u0131l","robots":{"index":"index","follow":"follow","max-snippet":"max-snippet:-1","max-image-preview":"max-image-preview:large","max-video-preview":"max-video-preview:-1"},"canonical":"https:\/\/denizcankizil.tr\/ru\/haberler\/gundem\/narin-guran-ve-nevzat-bahtiyarin-fotografi-ortaya-cikti\/","og_locale":"ru_RU","og_type":"article","og_title":"Narin G\u00fcran ve Nevzat Bahtiyar\u2019\u0131n foto\u011fraf\u0131 ortaya \u00e7\u0131kt\u0131","og_description":"Diyarbak\u0131r\u2019\u0131n Ba\u011flar il\u00e7esine ba\u011fl\u0131 Tav\u015fantepe Mahallesi kaybolduktan 19 g\u00fcn sonra cans\u0131z bedeni bulunan 8 ya\u015f\u0131ndaki Narin G\u00fcran c*nayeti davas\u0131nda anne Y\u00fcksel G\u00fcran, a\u011fabey Enes G\u00fcran, amca Salim G\u00fcran&#8217;a a\u011f\u0131rla\u015ft\u0131r\u0131lm\u0131\u015f m\u00fcebbet hapis cezas\u0131 verilirken, k\u00fc\u00e7\u00fck k\u0131z\u0131n cesedini dere yata\u011f\u0131na ta\u015f\u0131d\u0131\u011f\u0131n\u0131 itiraf eden Nevzat Bahtiyar&#8217;a ise 4 y\u0131l 6 ay hapis cezas\u0131 verilmi\u015fti. BAHT\u0130YAR\u2019IN BAKI\u015eLARI D\u0130KKAT \u00c7EKT\u0130 Davada gerek\u00e7eli karar\u0131n a\u00e7\u0131klanmas\u0131 beklenirken Habert\u00fcrk&#8217;ten Mustafa \u015eekero\u011flu&#8217;nun haberine g\u00f6re; Nevzat Bahtiyar ile Narin&#8217;in ayn\u0131 karede oldu\u011fu bir foto\u011fraf ortaya \u00e7\u0131kt\u0131. Okul bah\u00e7esinde oturan ve aralar\u0131nda Narin&#8217;in de yer ald\u0131\u011f\u0131 \u00f6\u011frencilerin okul i\u00e7in \u00e7ekilen foto\u011fraf karesine, Nevzat Bahtiyar&#8217;\u0131n da girdi\u011fi g\u00f6r\u00fcld\u00fc. Okulun internet sitesine konulmak amac\u0131yla 2021 y\u0131l\u0131n\u0131n aral\u0131k ay\u0131nda \u00e7ekildi\u011fi \u00f6\u011frenilen foto\u011frafta tesad\u00fcfen yer alan Nevzat Bahtiyar&#8217;\u0131n, bankta oturan Narin&#8217;in oldu\u011fu tarafa bakt\u0131\u011f\u0131 g\u00f6r\u00fcl\u00fcyor. \u200bDiyarbak\u0131r\u2019\u0131n Ba\u011flar il\u00e7esine ba\u011fl\u0131 Tav\u015fantepe Mahallesi \u00f6ld*r\u00fclen Narin G\u00fcran c*nayetinde gerek\u00e7eli karar beklenirken ortaya \u00e7\u0131kan bir foto\u011fraf olay oldu. Narin&#8217;in okul bah\u00e7esinde di\u011fer \u00e7ocuklarla oturdu\u011fu s\u0131rada kadraja giren san\u0131klardan Nevzat Bahtiyar&#8217;\u0131n bak\u0131\u015flar\u0131 dikkat \u00e7ekti\u00a0 \u200bHaberin Al\u0131nt\u0131land\u0131\u011f\u0131 Kaynak: www.antalyakorfez.com","og_url":"https:\/\/denizcankizil.tr\/ru\/haberler\/gundem\/narin-guran-ve-nevzat-bahtiyarin-fotografi-ortaya-cikti\/","og_site_name":"Av. Deniz Can K\u0131z\u0131l","article_published_time":"2025-01-22T19:41:23+00:00","author":"Antalya K\u00f6rfez","twitter_card":"summary_large_image","twitter_misc":{"\u041d\u0430\u043f\u0438\u0441\u0430\u043d\u043e \u0430\u0432\u0442\u043e\u0440\u043e\u043c":"Antalya K\u00f6rfez","\u041f\u0440\u0438\u043c\u0435\u0440\u043d\u043e\u0435 \u0432\u0440\u0435\u043c\u044f \u0434\u043b\u044f \u0447\u0442\u0435\u043d\u0438\u044f":"1 \u043c\u0438\u043d\u0443\u0442\u0430"},"schema":{"@context":"https:\/\/schema.org","@graph":[{"@type":"Article","@id":"https:\/\/denizcankizil.tr\/ru\/haberler\/gundem\/narin-guran-ve-nevzat-bahtiyarin-fotografi-ortaya-cikti\/#article","isPartOf":{"@id":"https:\/\/denizcankizil.tr\/ru\/haberler\/gundem\/narin-guran-ve-nevzat-bahtiyarin-fotografi-ortaya-cikti\/"},"author":{"name":"Antalya K\u00f6rfez","@id":"https:\/\/denizcankizil.tr\/de\/#\/schema\/person\/e1eb71bb4dd684d46563f0af307e1234"},"headline":"Narin G\u00fcran ve Nevzat Bahtiyar\u2019\u0131n foto\u011fraf\u0131 ortaya \u00e7\u0131kt\u0131","datePublished":"2025-01-22T19:41:23+00:00","mainEntityOfPage":{"@id":"https:\/\/denizcankizil.tr\/ru\/haberler\/gundem\/narin-guran-ve-nevzat-bahtiyarin-fotografi-ortaya-cikti\/"},"wordCount":259,"commentCount":0,"publisher":{"@id":"https:\/\/denizcankizil.tr\/de\/#organization"},"articleSection":["G\u00fcndem"],"inLanguage":"ru-RU","potentialAction":[{"@type":"CommentAction","name":"Comment","target":["https:\/\/denizcankizil.tr\/ru\/haberler\/gundem\/narin-guran-ve-nevzat-bahtiyarin-fotografi-ortaya-cikti\/#respond"]}]},{"@type":"WebPage","@id":"https:\/\/denizcankizil.tr\/ru\/haberler\/gundem\/narin-guran-ve-nevzat-bahtiyarin-fotografi-ortaya-cikti\/","url":"https:\/\/denizcankizil.tr\/ru\/haberler\/gundem\/narin-guran-ve-nevzat-bahtiyarin-fotografi-ortaya-cikti\/","name":"Narin G\u00fcran ve Nevzat Bahtiyar\u2019\u0131n foto\u011fraf\u0131 ortaya \u00e7\u0131kt\u0131 - Av. Deniz Can K\u0131z\u0131l","isPartOf":{"@id":"https:\/\/denizcankizil.tr\/de\/#website"},"datePublished":"2025-01-22T19:41:23+00:00","breadcrumb":{"@id":"https:\/\/denizcankizil.tr\/ru\/haberler\/gundem\/narin-guran-ve-nevzat-bahtiyarin-fotografi-ortaya-cikti\/#breadcrumb"},"inLanguage":"ru-RU","potentialAction":[{"@type":"ReadAction","target":["https:\/\/denizcankizil.tr\/ru\/haberler\/gundem\/narin-guran-ve-nevzat-bahtiyarin-fotografi-ortaya-cikti\/"]}]},{"@type":"BreadcrumbList","@id":"https:\/\/denizcankizil.tr\/ru\/haberler\/gundem\/narin-guran-ve-nevzat-bahtiyarin-fotografi-ortaya-cikti\/#breadcrumb","itemListElement":[{"@type":"ListItem","position":1,"name":"Home","item":"https:\/\/denizcankizil.tr\/de\/"},{"@type":"ListItem","position":2,"name":"Narin G\u00fcran ve Nevzat Bahtiyar\u2019\u0131n foto\u011fraf\u0131 ortaya \u00e7\u0131kt\u0131"}]},{"@type":"WebSite","@id":"https:\/\/denizcankizil.tr\/de\/#website","url":"https:\/\/denizcankizil.tr\/de\/","name":"Av. Deniz Can K\u0131z\u0131l","description":"Avukat Deniz Can K\u0131z\u0131l Antalya Barosu","publisher":{"@id":"https:\/\/denizcankizil.tr\/de\/#organization"},"potentialAction":[{"@type":"SearchAction","target":{"@type":"EntryPoint","urlTemplate":"https:\/\/denizcankizil.tr\/de\/?s={search_term_string}"},"query-input":{"@type":"PropertyValueSpecification","valueRequired":true,"valueName":"search_term_string"}}],"inLanguage":"ru-RU"},{"@type":"Organization","@id":"https:\/\/denizcankizil.tr\/de\/#organization","name":"Av. Deniz Can K\u0131z\u0131l","url":"https:\/\/denizcankizil.tr\/de\/","logo":{"@type":"ImageObject","inLanguage":"ru-RU","@id":"https:\/\/denizcankizil.tr\/de\/#\/schema\/logo\/image\/","url":"https:\/\/denizcankizil.tr\/wp-content\/uploads\/2024\/10\/siyah-logo-svg.svg","contentUrl":"https:\/\/denizcankizil.tr\/wp-content\/uploads\/2024\/10\/siyah-logo-svg.svg","width":1080,"height":1080,"caption":"Av. Deniz Can K\u0131z\u0131l"},"image":{"@id":"https:\/\/denizcankizil.tr\/de\/#\/schema\/logo\/image\/"}},{"@type":"Person","@id":"https:\/\/denizcankizil.tr\/de\/#\/schema\/person\/e1eb71bb4dd684d46563f0af307e1234","name":"Antalya K\u00f6rfez","image":{"@type":"ImageObject","inLanguage":"ru-RU","@id":"https:\/\/denizcankizil.tr\/de\/#\/schema\/person\/image\/","url":"https:\/\/secure.gravatar.com\/avatar\/42b01982558a48a0b501fdcab6a408d3717ea5919095ee2e67b0e521799c5905?s=96&d=mm&r=g","contentUrl":"https:\/\/secure.gravatar.com\/avatar\/42b01982558a48a0b501fdcab6a408d3717ea5919095ee2e67b0e521799c5905?s=96&d=mm&r=g","caption":"Antalya K\u00f6rfez"},"sameAs":["http:\/\/www.antalyakorfez.com"],"url":"https:\/\/www.antalyakorfez.com\/narin-guran-ve-nevzat-bahtiyarin-fotografi-ortaya-cikti"}]}},"_links":{"self":[{"href":"https:\/\/denizcankizil.tr\/ru\/wp-json\/wp\/v2\/posts\/26828","targetHints":{"allow":["GET"]}}],"collection":[{"href":"https:\/\/denizcankizil.tr\/ru\/wp-json\/wp\/v2\/posts"}],"about":[{"href":"https:\/\/denizcankizil.tr\/ru\/wp-json\/wp\/v2\/types\/post"}],"author":[{"embeddable":true,"href":"https:\/\/denizcankizil.tr\/ru\/wp-json\/wp\/v2\/users\/5"}],"replies":[{"embeddable":true,"href":"https:\/\/denizcankizil.tr\/ru\/wp-json\/wp\/v2\/comments?post=26828"}],"version-history":[{"count":0,"href":"https:\/\/denizcankizil.tr\/ru\/wp-json\/wp\/v2\/posts\/26828\/revisions"}],"wp:attachment":[{"href":"https:\/\/denizcankizil.tr\/ru\/wp-json\/wp\/v2\/media?parent=26828"}],"wp:term":[{"taxonomy":"category","embeddable":true,"href":"https:\/\/denizcankizil.tr\/ru\/wp-json\/wp\/v2\/categories?post=26828"},{"taxonomy":"post_tag","embeddable":true,"href":"https:\/\/denizcankizil.tr\/ru\/wp-json\/wp\/v2\/tags?post=26828"}],"curies":[{"name":"wp","href":"https:\/\/api.w.org\/{rel}","templated":true}]}}