{"id":26597,"date":"2025-01-21T19:41:21","date_gmt":"2025-01-21T16:41:21","guid":{"rendered":"https:\/\/denizcankizil.tr\/uncategorized-tr\/boludaki-otel-yangini-icin-1-gunluk-milli-yas-ilan-edildi\/"},"modified":"2025-01-21T19:41:21","modified_gmt":"2025-01-21T16:41:21","slug":"boludaki-otel-yangini-icin-1-gunluk-milli-yas-ilan-edildi","status":"publish","type":"post","link":"https:\/\/denizcankizil.tr\/ru\/haberler\/gundem\/boludaki-otel-yangini-icin-1-gunluk-milli-yas-ilan-edildi\/","title":{"rendered":"Bolu\u2019daki otel yang\u0131n\u0131 i\u00e7in 1 g\u00fcnl\u00fck milli yas ilan edildi"},"content":{"rendered":"<p>Bolu K\u00f6ro\u011flu Da\u011flar\u0131&#8217;n\u0131n zirvesinde yer alan merkezdeki bir otelde saat 03.30 s\u0131ralar\u0131nda yang\u0131n \u00e7\u0131kt\u0131. Otelin restoran k\u0131sm\u0131nda ba\u015flayan yang\u0131n bir anda t\u00fcm binay\u0131 sard\u0131. Dumanlar\u0131 g\u00f6ren \u00e7evredeki vatanda\u015flar durumu 112 Acil \u00c7a\u011fr\u0131 Merkezi&#8217;ne haber verdi. \u0130hbar \u00fczerine b\u00f6lgeye \u00e7ok say\u0131da itfaiye ve sa\u011fl\u0131k ekibi sevk edildi. Yar\u0131y\u0131l tatili olmas\u0131 sebebiyle otelin dolu oldu\u011fu \u00f6\u011frenilirken, 234 ki\u015finin konaklad\u0131\u011f\u0131 ifade edildi. Yang\u0131na uykular\u0131nda yakalanan tatilciler hemen tahliye edildi. Olayda 66 vatanda\u015f hayat\u0131n\u0131 kaybetti.<\/p>\n<p>1 G\u00dcNL\u00dcK M\u0130LL\u0130 YAS \u0130LAN ED\u0130LD\u0130\u00a0<\/p>\n<p>Ya\u015fana bu olaylar\u0131n ard\u0131ndan Cumhurba\u015fkan\u0131 Recep Tayyip Erdo\u011fan Kabine toplant\u0131s\u0131n\u0131n ard\u0131ndan yapt\u0131\u011f\u0131 a\u00e7\u0131klamada, 22 Ocak \u00c7ar\u015famba g\u00fcn\u00fc (yar\u0131n) Bolu yang\u0131n\u0131 i\u00e7in \u00fclke genelinde 1 g\u00fcnl\u00fck milli yas ilan edildi\u011fini a\u00e7\u0131klad\u0131.<\/p>\n<p>\u200bCumhurba\u015fkan\u0131 Recep Tayyip Erdo\u011fan, Bolu Kartalkaya\u2019da 66 ki\u015finin hayat\u0131n\u0131 kaybetti\u011fi otel yang\u0131na ili\u015fkin 1 g\u00fcnl\u00fck milli yas ilan edildi\u011fini a\u00e7\u0131klad\u0131\u00a0<\/p>\n<p>\u200bHaberin Al\u0131nt\u0131land\u0131\u011f\u0131 Kaynak: www.antalyakorfez.com<\/p>","protected":false},"excerpt":{"rendered":"<p>Bolu K\u00f6ro\u011flu Da\u011flar\u0131&#8217;n\u0131n zirvesinde yer alan merkezdeki bir otelde saat 03.30 s\u0131ralar\u0131nda yang\u0131n \u00e7\u0131kt\u0131. Otelin restoran k\u0131sm\u0131nda ba\u015flayan yang\u0131n bir anda t\u00fcm binay\u0131 sard\u0131. Dumanlar\u0131 g\u00f6ren \u00e7evredeki vatanda\u015flar durumu 112 Acil \u00c7a\u011fr\u0131 Merkezi&#8217;ne haber verdi. \u0130hbar \u00fczerine b\u00f6lgeye \u00e7ok say\u0131da itfaiye ve sa\u011fl\u0131k ekibi sevk edildi. Yar\u0131y\u0131l tatili olmas\u0131 sebebiyle otelin dolu oldu\u011fu \u00f6\u011frenilirken, 234 ki\u015finin konaklad\u0131\u011f\u0131 ifade edildi. Yang\u0131na uykular\u0131nda yakalanan tatilciler hemen tahliye edildi. Olayda 66 vatanda\u015f hayat\u0131n\u0131 kaybetti. 1 G\u00dcNL\u00dcK M\u0130LL\u0130 YAS \u0130LAN ED\u0130LD\u0130\u00a0 Ya\u015fana bu olaylar\u0131n ard\u0131ndan Cumhurba\u015fkan\u0131 Recep Tayyip Erdo\u011fan Kabine toplant\u0131s\u0131n\u0131n ard\u0131ndan yapt\u0131\u011f\u0131 a\u00e7\u0131klamada, 22 Ocak \u00c7ar\u015famba g\u00fcn\u00fc (yar\u0131n) Bolu yang\u0131n\u0131 i\u00e7in \u00fclke genelinde 1 g\u00fcnl\u00fck milli yas ilan edildi\u011fini a\u00e7\u0131klad\u0131. \u200bCumhurba\u015fkan\u0131 Recep Tayyip Erdo\u011fan, Bolu Kartalkaya\u2019da 66 ki\u015finin hayat\u0131n\u0131 kaybetti\u011fi otel yang\u0131na ili\u015fkin 1 g\u00fcnl\u00fck milli yas ilan edildi\u011fini a\u00e7\u0131klad\u0131\u00a0 \u200bHaberin Al\u0131nt\u0131land\u0131\u011f\u0131 Kaynak: www.antalyakorfez.com<\/p>","protected":false},"author":5,"featured_media":0,"comment_status":"open","ping_status":"open","sticky":false,"template":"","format":"standard","meta":{"_acf_changed":false,"footnotes":""},"categories":[24],"tags":[],"class_list":["post-26597","post","type-post","status-publish","format-standard","has-post-thumbnail","hentry","category-gundem"],"acf":[],"yoast_head":"<!-- This site is optimized with the Yoast SEO Premium plugin v26.6 (Yoast SEO v27.1.1) - https:\/\/yoast.com\/product\/yoast-seo-premium-wordpress\/ -->\n<title>Bolu\u2019daki otel yang\u0131n\u0131 i\u00e7in 1 g\u00fcnl\u00fck milli yas ilan edildi - Av. Deniz Can K\u0131z\u0131l<\/title>\n<meta name=\"robots\" content=\"index, follow, max-snippet:-1, max-image-preview:large, max-video-preview:-1\" \/>\n<link rel=\"canonical\" href=\"https:\/\/denizcankizil.tr\/ru\/haberler\/gundem\/boludaki-otel-yangini-icin-1-gunluk-milli-yas-ilan-edildi\/\" \/>\n<meta property=\"og:locale\" content=\"ru_RU\" \/>\n<meta property=\"og:type\" content=\"article\" \/>\n<meta property=\"og:title\" content=\"Bolu\u2019daki otel yang\u0131n\u0131 i\u00e7in 1 g\u00fcnl\u00fck milli yas ilan edildi\" \/>\n<meta property=\"og:description\" content=\"Bolu K\u00f6ro\u011flu Da\u011flar\u0131&#8217;n\u0131n zirvesinde yer alan merkezdeki bir otelde saat 03.30 s\u0131ralar\u0131nda yang\u0131n \u00e7\u0131kt\u0131. Otelin restoran k\u0131sm\u0131nda ba\u015flayan yang\u0131n bir anda t\u00fcm binay\u0131 sard\u0131. Dumanlar\u0131 g\u00f6ren \u00e7evredeki vatanda\u015flar durumu 112 Acil \u00c7a\u011fr\u0131 Merkezi&#8217;ne haber verdi. \u0130hbar \u00fczerine b\u00f6lgeye \u00e7ok say\u0131da itfaiye ve sa\u011fl\u0131k ekibi sevk edildi. Yar\u0131y\u0131l tatili olmas\u0131 sebebiyle otelin dolu oldu\u011fu \u00f6\u011frenilirken, 234 ki\u015finin konaklad\u0131\u011f\u0131 ifade edildi. Yang\u0131na uykular\u0131nda yakalanan tatilciler hemen tahliye edildi. Olayda 66 vatanda\u015f hayat\u0131n\u0131 kaybetti. 1 G\u00dcNL\u00dcK M\u0130LL\u0130 YAS \u0130LAN ED\u0130LD\u0130\u00a0 Ya\u015fana bu olaylar\u0131n ard\u0131ndan Cumhurba\u015fkan\u0131 Recep Tayyip Erdo\u011fan Kabine toplant\u0131s\u0131n\u0131n ard\u0131ndan yapt\u0131\u011f\u0131 a\u00e7\u0131klamada, 22 Ocak \u00c7ar\u015famba g\u00fcn\u00fc (yar\u0131n) Bolu yang\u0131n\u0131 i\u00e7in \u00fclke genelinde 1 g\u00fcnl\u00fck milli yas ilan edildi\u011fini a\u00e7\u0131klad\u0131. \u200bCumhurba\u015fkan\u0131 Recep Tayyip Erdo\u011fan, Bolu Kartalkaya\u2019da 66 ki\u015finin hayat\u0131n\u0131 kaybetti\u011fi otel yang\u0131na ili\u015fkin 1 g\u00fcnl\u00fck milli yas ilan edildi\u011fini a\u00e7\u0131klad\u0131\u00a0 \u200bHaberin Al\u0131nt\u0131land\u0131\u011f\u0131 Kaynak: www.antalyakorfez.com\" \/>\n<meta property=\"og:url\" content=\"https:\/\/denizcankizil.tr\/ru\/haberler\/gundem\/boludaki-otel-yangini-icin-1-gunluk-milli-yas-ilan-edildi\/\" \/>\n<meta property=\"og:site_name\" content=\"Av. Deniz Can K\u0131z\u0131l\" \/>\n<meta property=\"article:published_time\" content=\"2025-01-21T16:41:21+00:00\" \/>\n<meta name=\"author\" content=\"Antalya K\u00f6rfez\" \/>\n<meta name=\"twitter:card\" content=\"summary_large_image\" \/>\n<meta name=\"twitter:label1\" content=\"\u041d\u0430\u043f\u0438\u0441\u0430\u043d\u043e \u0430\u0432\u0442\u043e\u0440\u043e\u043c\" \/>\n\t<meta name=\"twitter:data1\" content=\"Antalya K\u00f6rfez\" \/>\n\t<meta name=\"twitter:label2\" content=\"\u041f\u0440\u0438\u043c\u0435\u0440\u043d\u043e\u0435 \u0432\u0440\u0435\u043c\u044f \u0434\u043b\u044f \u0447\u0442\u0435\u043d\u0438\u044f\" \/>\n\t<meta name=\"twitter:data2\" content=\"1 \u043c\u0438\u043d\u0443\u0442\u0430\" \/>\n<script type=\"application\/ld+json\" class=\"yoast-schema-graph\">{\"@context\":\"https:\/\/schema.org\",\"@graph\":[{\"@type\":\"Article\",\"@id\":\"https:\/\/denizcankizil.tr\/de\/haberler\/gundem\/boludaki-otel-yangini-icin-1-gunluk-milli-yas-ilan-edildi\/#article\",\"isPartOf\":{\"@id\":\"https:\/\/denizcankizil.tr\/de\/haberler\/gundem\/boludaki-otel-yangini-icin-1-gunluk-milli-yas-ilan-edildi\/\"},\"author\":{\"name\":\"Antalya K\u00f6rfez\",\"@id\":\"https:\/\/denizcankizil.tr\/de\/#\/schema\/person\/e1eb71bb4dd684d46563f0af307e1234\"},\"headline\":\"Bolu\u2019daki otel yang\u0131n\u0131 i\u00e7in 1 g\u00fcnl\u00fck milli yas ilan edildi\",\"datePublished\":\"2025-01-21T16:41:21+00:00\",\"mainEntityOfPage\":{\"@id\":\"https:\/\/denizcankizil.tr\/de\/haberler\/gundem\/boludaki-otel-yangini-icin-1-gunluk-milli-yas-ilan-edildi\/\"},\"wordCount\":203,\"commentCount\":0,\"publisher\":{\"@id\":\"https:\/\/denizcankizil.tr\/de\/#organization\"},\"articleSection\":[\"G\u00fcndem\"],\"inLanguage\":\"ru-RU\",\"potentialAction\":[{\"@type\":\"CommentAction\",\"name\":\"Comment\",\"target\":[\"https:\/\/denizcankizil.tr\/de\/haberler\/gundem\/boludaki-otel-yangini-icin-1-gunluk-milli-yas-ilan-edildi\/#respond\"]}]},{\"@type\":\"WebPage\",\"@id\":\"https:\/\/denizcankizil.tr\/de\/haberler\/gundem\/boludaki-otel-yangini-icin-1-gunluk-milli-yas-ilan-edildi\/\",\"url\":\"https:\/\/denizcankizil.tr\/de\/haberler\/gundem\/boludaki-otel-yangini-icin-1-gunluk-milli-yas-ilan-edildi\/\",\"name\":\"Bolu\u2019daki otel yang\u0131n\u0131 i\u00e7in 1 g\u00fcnl\u00fck milli yas ilan edildi - Av. Deniz Can K\u0131z\u0131l\",\"isPartOf\":{\"@id\":\"https:\/\/denizcankizil.tr\/de\/#website\"},\"datePublished\":\"2025-01-21T16:41:21+00:00\",\"breadcrumb\":{\"@id\":\"https:\/\/denizcankizil.tr\/de\/haberler\/gundem\/boludaki-otel-yangini-icin-1-gunluk-milli-yas-ilan-edildi\/#breadcrumb\"},\"inLanguage\":\"ru-RU\",\"potentialAction\":[{\"@type\":\"ReadAction\",\"target\":[\"https:\/\/denizcankizil.tr\/de\/haberler\/gundem\/boludaki-otel-yangini-icin-1-gunluk-milli-yas-ilan-edildi\/\"]}]},{\"@type\":\"BreadcrumbList\",\"@id\":\"https:\/\/denizcankizil.tr\/de\/haberler\/gundem\/boludaki-otel-yangini-icin-1-gunluk-milli-yas-ilan-edildi\/#breadcrumb\",\"itemListElement\":[{\"@type\":\"ListItem\",\"position\":1,\"name\":\"Home\",\"item\":\"https:\/\/denizcankizil.tr\/de\/\"},{\"@type\":\"ListItem\",\"position\":2,\"name\":\"Bolu\u2019daki otel yang\u0131n\u0131 i\u00e7in 1 g\u00fcnl\u00fck milli yas ilan edildi\"}]},{\"@type\":\"WebSite\",\"@id\":\"https:\/\/denizcankizil.tr\/de\/#website\",\"url\":\"https:\/\/denizcankizil.tr\/de\/\",\"name\":\"Av. Deniz Can K\u0131z\u0131l\",\"description\":\"Avukat Deniz Can K\u0131z\u0131l Antalya Barosu\",\"publisher\":{\"@id\":\"https:\/\/denizcankizil.tr\/de\/#organization\"},\"potentialAction\":[{\"@type\":\"SearchAction\",\"target\":{\"@type\":\"EntryPoint\",\"urlTemplate\":\"https:\/\/denizcankizil.tr\/de\/?s={search_term_string}\"},\"query-input\":{\"@type\":\"PropertyValueSpecification\",\"valueRequired\":true,\"valueName\":\"search_term_string\"}}],\"inLanguage\":\"ru-RU\"},{\"@type\":\"Organization\",\"@id\":\"https:\/\/denizcankizil.tr\/de\/#organization\",\"name\":\"Av. Deniz Can K\u0131z\u0131l\",\"url\":\"https:\/\/denizcankizil.tr\/de\/\",\"logo\":{\"@type\":\"ImageObject\",\"inLanguage\":\"ru-RU\",\"@id\":\"https:\/\/denizcankizil.tr\/de\/#\/schema\/logo\/image\/\",\"url\":\"https:\/\/denizcankizil.tr\/wp-content\/uploads\/2024\/10\/siyah-logo-svg.svg\",\"contentUrl\":\"https:\/\/denizcankizil.tr\/wp-content\/uploads\/2024\/10\/siyah-logo-svg.svg\",\"width\":1080,\"height\":1080,\"caption\":\"Av. Deniz Can K\u0131z\u0131l\"},\"image\":{\"@id\":\"https:\/\/denizcankizil.tr\/de\/#\/schema\/logo\/image\/\"}},{\"@type\":\"Person\",\"@id\":\"https:\/\/denizcankizil.tr\/de\/#\/schema\/person\/e1eb71bb4dd684d46563f0af307e1234\",\"name\":\"Antalya K\u00f6rfez\",\"image\":{\"@type\":\"ImageObject\",\"inLanguage\":\"ru-RU\",\"@id\":\"https:\/\/denizcankizil.tr\/de\/#\/schema\/person\/image\/\",\"url\":\"https:\/\/secure.gravatar.com\/avatar\/42b01982558a48a0b501fdcab6a408d3717ea5919095ee2e67b0e521799c5905?s=96&d=mm&r=g\",\"contentUrl\":\"https:\/\/secure.gravatar.com\/avatar\/42b01982558a48a0b501fdcab6a408d3717ea5919095ee2e67b0e521799c5905?s=96&d=mm&r=g\",\"caption\":\"Antalya K\u00f6rfez\"},\"sameAs\":[\"http:\/\/www.antalyakorfez.com\"],\"url\":\"https:\/\/www.antalyakorfez.com\/boludaki-otel-yangini-icin-1-gunluk-milli-yas-ilan-edildi\"}]}<\/script>\n<!-- \/ Yoast SEO Premium plugin. -->","yoast_head_json":{"title":"Bolu\u2019daki otel yang\u0131n\u0131 i\u00e7in 1 g\u00fcnl\u00fck milli yas ilan edildi - Av. Deniz Can K\u0131z\u0131l","robots":{"index":"index","follow":"follow","max-snippet":"max-snippet:-1","max-image-preview":"max-image-preview:large","max-video-preview":"max-video-preview:-1"},"canonical":"https:\/\/denizcankizil.tr\/ru\/haberler\/gundem\/boludaki-otel-yangini-icin-1-gunluk-milli-yas-ilan-edildi\/","og_locale":"ru_RU","og_type":"article","og_title":"Bolu\u2019daki otel yang\u0131n\u0131 i\u00e7in 1 g\u00fcnl\u00fck milli yas ilan edildi","og_description":"Bolu K\u00f6ro\u011flu Da\u011flar\u0131&#8217;n\u0131n zirvesinde yer alan merkezdeki bir otelde saat 03.30 s\u0131ralar\u0131nda yang\u0131n \u00e7\u0131kt\u0131. Otelin restoran k\u0131sm\u0131nda ba\u015flayan yang\u0131n bir anda t\u00fcm binay\u0131 sard\u0131. Dumanlar\u0131 g\u00f6ren \u00e7evredeki vatanda\u015flar durumu 112 Acil \u00c7a\u011fr\u0131 Merkezi&#8217;ne haber verdi. \u0130hbar \u00fczerine b\u00f6lgeye \u00e7ok say\u0131da itfaiye ve sa\u011fl\u0131k ekibi sevk edildi. Yar\u0131y\u0131l tatili olmas\u0131 sebebiyle otelin dolu oldu\u011fu \u00f6\u011frenilirken, 234 ki\u015finin konaklad\u0131\u011f\u0131 ifade edildi. Yang\u0131na uykular\u0131nda yakalanan tatilciler hemen tahliye edildi. Olayda 66 vatanda\u015f hayat\u0131n\u0131 kaybetti. 1 G\u00dcNL\u00dcK M\u0130LL\u0130 YAS \u0130LAN ED\u0130LD\u0130\u00a0 Ya\u015fana bu olaylar\u0131n ard\u0131ndan Cumhurba\u015fkan\u0131 Recep Tayyip Erdo\u011fan Kabine toplant\u0131s\u0131n\u0131n ard\u0131ndan yapt\u0131\u011f\u0131 a\u00e7\u0131klamada, 22 Ocak \u00c7ar\u015famba g\u00fcn\u00fc (yar\u0131n) Bolu yang\u0131n\u0131 i\u00e7in \u00fclke genelinde 1 g\u00fcnl\u00fck milli yas ilan edildi\u011fini a\u00e7\u0131klad\u0131. \u200bCumhurba\u015fkan\u0131 Recep Tayyip Erdo\u011fan, Bolu Kartalkaya\u2019da 66 ki\u015finin hayat\u0131n\u0131 kaybetti\u011fi otel yang\u0131na ili\u015fkin 1 g\u00fcnl\u00fck milli yas ilan edildi\u011fini a\u00e7\u0131klad\u0131\u00a0 \u200bHaberin Al\u0131nt\u0131land\u0131\u011f\u0131 Kaynak: www.antalyakorfez.com","og_url":"https:\/\/denizcankizil.tr\/ru\/haberler\/gundem\/boludaki-otel-yangini-icin-1-gunluk-milli-yas-ilan-edildi\/","og_site_name":"Av. Deniz Can K\u0131z\u0131l","article_published_time":"2025-01-21T16:41:21+00:00","author":"Antalya K\u00f6rfez","twitter_card":"summary_large_image","twitter_misc":{"\u041d\u0430\u043f\u0438\u0441\u0430\u043d\u043e \u0430\u0432\u0442\u043e\u0440\u043e\u043c":"Antalya K\u00f6rfez","\u041f\u0440\u0438\u043c\u0435\u0440\u043d\u043e\u0435 \u0432\u0440\u0435\u043c\u044f \u0434\u043b\u044f \u0447\u0442\u0435\u043d\u0438\u044f":"1 \u043c\u0438\u043d\u0443\u0442\u0430"},"schema":{"@context":"https:\/\/schema.org","@graph":[{"@type":"Article","@id":"https:\/\/denizcankizil.tr\/de\/haberler\/gundem\/boludaki-otel-yangini-icin-1-gunluk-milli-yas-ilan-edildi\/#article","isPartOf":{"@id":"https:\/\/denizcankizil.tr\/de\/haberler\/gundem\/boludaki-otel-yangini-icin-1-gunluk-milli-yas-ilan-edildi\/"},"author":{"name":"Antalya K\u00f6rfez","@id":"https:\/\/denizcankizil.tr\/de\/#\/schema\/person\/e1eb71bb4dd684d46563f0af307e1234"},"headline":"Bolu\u2019daki otel yang\u0131n\u0131 i\u00e7in 1 g\u00fcnl\u00fck milli yas ilan edildi","datePublished":"2025-01-21T16:41:21+00:00","mainEntityOfPage":{"@id":"https:\/\/denizcankizil.tr\/de\/haberler\/gundem\/boludaki-otel-yangini-icin-1-gunluk-milli-yas-ilan-edildi\/"},"wordCount":203,"commentCount":0,"publisher":{"@id":"https:\/\/denizcankizil.tr\/de\/#organization"},"articleSection":["G\u00fcndem"],"inLanguage":"ru-RU","potentialAction":[{"@type":"CommentAction","name":"Comment","target":["https:\/\/denizcankizil.tr\/de\/haberler\/gundem\/boludaki-otel-yangini-icin-1-gunluk-milli-yas-ilan-edildi\/#respond"]}]},{"@type":"WebPage","@id":"https:\/\/denizcankizil.tr\/de\/haberler\/gundem\/boludaki-otel-yangini-icin-1-gunluk-milli-yas-ilan-edildi\/","url":"https:\/\/denizcankizil.tr\/de\/haberler\/gundem\/boludaki-otel-yangini-icin-1-gunluk-milli-yas-ilan-edildi\/","name":"Bolu\u2019daki otel yang\u0131n\u0131 i\u00e7in 1 g\u00fcnl\u00fck milli yas ilan edildi - Av. Deniz Can K\u0131z\u0131l","isPartOf":{"@id":"https:\/\/denizcankizil.tr\/de\/#website"},"datePublished":"2025-01-21T16:41:21+00:00","breadcrumb":{"@id":"https:\/\/denizcankizil.tr\/de\/haberler\/gundem\/boludaki-otel-yangini-icin-1-gunluk-milli-yas-ilan-edildi\/#breadcrumb"},"inLanguage":"ru-RU","potentialAction":[{"@type":"ReadAction","target":["https:\/\/denizcankizil.tr\/de\/haberler\/gundem\/boludaki-otel-yangini-icin-1-gunluk-milli-yas-ilan-edildi\/"]}]},{"@type":"BreadcrumbList","@id":"https:\/\/denizcankizil.tr\/de\/haberler\/gundem\/boludaki-otel-yangini-icin-1-gunluk-milli-yas-ilan-edildi\/#breadcrumb","itemListElement":[{"@type":"ListItem","position":1,"name":"Home","item":"https:\/\/denizcankizil.tr\/de\/"},{"@type":"ListItem","position":2,"name":"Bolu\u2019daki otel yang\u0131n\u0131 i\u00e7in 1 g\u00fcnl\u00fck milli yas ilan edildi"}]},{"@type":"WebSite","@id":"https:\/\/denizcankizil.tr\/de\/#website","url":"https:\/\/denizcankizil.tr\/de\/","name":"Av. Deniz Can K\u0131z\u0131l","description":"Avukat Deniz Can K\u0131z\u0131l Antalya Barosu","publisher":{"@id":"https:\/\/denizcankizil.tr\/de\/#organization"},"potentialAction":[{"@type":"SearchAction","target":{"@type":"EntryPoint","urlTemplate":"https:\/\/denizcankizil.tr\/de\/?s={search_term_string}"},"query-input":{"@type":"PropertyValueSpecification","valueRequired":true,"valueName":"search_term_string"}}],"inLanguage":"ru-RU"},{"@type":"Organization","@id":"https:\/\/denizcankizil.tr\/de\/#organization","name":"Av. Deniz Can K\u0131z\u0131l","url":"https:\/\/denizcankizil.tr\/de\/","logo":{"@type":"ImageObject","inLanguage":"ru-RU","@id":"https:\/\/denizcankizil.tr\/de\/#\/schema\/logo\/image\/","url":"https:\/\/denizcankizil.tr\/wp-content\/uploads\/2024\/10\/siyah-logo-svg.svg","contentUrl":"https:\/\/denizcankizil.tr\/wp-content\/uploads\/2024\/10\/siyah-logo-svg.svg","width":1080,"height":1080,"caption":"Av. Deniz Can K\u0131z\u0131l"},"image":{"@id":"https:\/\/denizcankizil.tr\/de\/#\/schema\/logo\/image\/"}},{"@type":"Person","@id":"https:\/\/denizcankizil.tr\/de\/#\/schema\/person\/e1eb71bb4dd684d46563f0af307e1234","name":"Antalya K\u00f6rfez","image":{"@type":"ImageObject","inLanguage":"ru-RU","@id":"https:\/\/denizcankizil.tr\/de\/#\/schema\/person\/image\/","url":"https:\/\/secure.gravatar.com\/avatar\/42b01982558a48a0b501fdcab6a408d3717ea5919095ee2e67b0e521799c5905?s=96&d=mm&r=g","contentUrl":"https:\/\/secure.gravatar.com\/avatar\/42b01982558a48a0b501fdcab6a408d3717ea5919095ee2e67b0e521799c5905?s=96&d=mm&r=g","caption":"Antalya K\u00f6rfez"},"sameAs":["http:\/\/www.antalyakorfez.com"],"url":"https:\/\/www.antalyakorfez.com\/boludaki-otel-yangini-icin-1-gunluk-milli-yas-ilan-edildi"}]}},"_links":{"self":[{"href":"https:\/\/denizcankizil.tr\/ru\/wp-json\/wp\/v2\/posts\/26597","targetHints":{"allow":["GET"]}}],"collection":[{"href":"https:\/\/denizcankizil.tr\/ru\/wp-json\/wp\/v2\/posts"}],"about":[{"href":"https:\/\/denizcankizil.tr\/ru\/wp-json\/wp\/v2\/types\/post"}],"author":[{"embeddable":true,"href":"https:\/\/denizcankizil.tr\/ru\/wp-json\/wp\/v2\/users\/5"}],"replies":[{"embeddable":true,"href":"https:\/\/denizcankizil.tr\/ru\/wp-json\/wp\/v2\/comments?post=26597"}],"version-history":[{"count":0,"href":"https:\/\/denizcankizil.tr\/ru\/wp-json\/wp\/v2\/posts\/26597\/revisions"}],"wp:attachment":[{"href":"https:\/\/denizcankizil.tr\/ru\/wp-json\/wp\/v2\/media?parent=26597"}],"wp:term":[{"taxonomy":"category","embeddable":true,"href":"https:\/\/denizcankizil.tr\/ru\/wp-json\/wp\/v2\/categories?post=26597"},{"taxonomy":"post_tag","embeddable":true,"href":"https:\/\/denizcankizil.tr\/ru\/wp-json\/wp\/v2\/tags?post=26597"}],"curies":[{"name":"wp","href":"https:\/\/api.w.org\/{rel}","templated":true}]}}