{"id":26573,"date":"2025-01-21T17:41:17","date_gmt":"2025-01-21T14:41:17","guid":{"rendered":"https:\/\/denizcankizil.tr\/uncategorized-tr\/yusuf-hacisuleymandan-hukumete-konaklama-vergisi-cikisi\/"},"modified":"2025-01-21T17:41:17","modified_gmt":"2025-01-21T14:41:17","slug":"yusuf-hacisuleymandan-hukumete-konaklama-vergisi-cikisi","status":"publish","type":"post","link":"https:\/\/denizcankizil.tr\/ru\/haberler\/gundem\/yusuf-hacisuleymandan-hukumete-konaklama-vergisi-cikisi\/","title":{"rendered":"Yusuf Hac\u0131s\u00fcleyman\u2019dan h\u00fck\u00fcmete konaklama vergisi \u00e7\u0131k\u0131\u015f\u0131!"},"content":{"rendered":"<p>ATSO Ocak Meclis Toplant\u0131s\u0131\u2019nda, Ba\u015fkan Yusuf Hac\u0131s\u00fcleyman Antalya\u2019n\u0131n ekonomik b\u00fcy\u00fcme performans\u0131n\u0131, 2025 \u00f6ng\u00f6r\u00fclerini ve sekt\u00f6rlerin ihtiya\u00e7lar\u0131n\u0131 masaya yat\u0131rd\u0131. Toplant\u0131da asgari \u00fccret art\u0131\u015f\u0131, uluslararas\u0131 i\u015f g\u00fcc\u00fc d\u00fczenlemeleri ve belediye kre\u015fleriyle \u00f6zel sekt\u00f6r aras\u0131ndaki dengenin sa\u011flanmas\u0131 gibi \u00f6nemli konular \u00f6ne \u00e7\u0131kt\u0131.\u00a0<\/p>\n<p>BOLU YANGININI G\u00dcNDEME TA\u015eIDI<\/p>\n<p>Antalya Ticaret ve Sanayi Odas\u0131 (ATSO) Ocak Ola\u011fan Meclis Toplant\u0131s\u0131, ATSO Meclis Salonu\u2019nda Meclis Ba\u015fkan\u0131 Ahmet \u00d6zt\u00fcrk\u2019\u00fcn a\u00e7\u0131l\u0131\u015f konu\u015fmas\u0131yla ba\u015flad\u0131. ATSO Y\u00f6netim Kurulu Ba\u015fkan\u0131 Yusuf Hac\u0131s\u00fcleyman mecliste yapt\u0131\u011f\u0131 konu\u015fmada, Antalya ekonomisinin performans\u0131, turizm, tar\u0131m ve sanayi sekt\u00f6rlerinin gelece\u011fi, dijital d\u00f6n\u00fc\u015f\u00fcm\u00fcn i\u015f d\u00fcnyas\u0131na etkileri ve oda \u00fcyelerine y\u00f6nelik yeni projelere ili\u015fkin g\u00f6r\u00fc\u015flerini payla\u015ft\u0131. Yusuf Hac\u0131s\u00fcleyman konu\u015fmas\u0131na Bolu\u2019da Kartalkaya\u2019da bir otelde \u00e7\u0131kan yang\u0131na de\u011finerek ba\u015flad\u0131. Yusuf Hac\u0131s\u00fcleyman, \u201cHaberle hepimiz sars\u0131ld\u0131k. Hayatlar\u0131n\u0131 kaybedenlerin bir\u00e7o\u011fu s\u00f6mestr tatili orada bulunuyordu. 66 vatanda\u015f\u0131m\u0131z\u0131 kaybettik, feci bir olayd\u0131r. Sabaha kar\u015f\u0131 olmas\u0131 kay\u0131p say\u0131s\u0131n\u0131 artt\u0131racak gibi g\u00f6r\u00fcn\u00fcyor\u201d dedi.\u00a0<\/p>\n<p>ANTALYA\u2019NIN SORUNU \u00c7OK<\/p>\n<p>Antalya K\u00f6rfez Gazetesi muhabiri Ertu\u011frul G\u00fcn&#8217;\u00fcn haberine g\u00f6re T\u00fcrkiye&#8217;deki istihdam say\u0131s\u0131n\u0131 s\u00fcratle art\u0131r\u0131lmas\u0131 gerekti\u011fini s\u00f6yleyen Hac\u0131s\u00fcleyman, &#8220;Sosyal yard\u0131mlarla evde ge\u00e7inmeye \u00e7al\u0131\u015fan bir insan grubumuz var. Sosyal yard\u0131mlar devam etmeli ama onlar\u0131 i\u015fg\u00fcc\u00fcnden mahrum b\u0131rakmamal\u0131y\u0131z. 33 milyon ki\u015filik istihdam\u0131 artt\u0131ral\u0131m. Antalya\u2019da ciddi s\u0131k\u0131nt\u0131lar var. \u00dcretimde sorunlar var, t\u00fcketimde bir art\u0131\u015f var. Daha \u00e7ok t\u00fcketici topluma do\u011fru gidiyoruz. \u0130\u015fg\u00fcc\u00fcne kat\u0131l\u0131m artmal\u0131d\u0131r. Bizim alanlar\u0131m\u0131z var. Ocak ay\u0131nda Hollanda turizm fuar\u0131na bakt\u0131k. 2024 turizmde 17,5 milyon ziyaret\u00e7i ile kapatt\u0131k. Turistik arz konusunda Antalya\u2019n\u0131n sorunu yok. Daha fazla ki\u015fi a\u011f\u0131rlayabiliriz. Antalya ekonomisine daha fazla katk\u0131da bulunacak insanlara bakmal\u0131y\u0131z. \u00d6nceleri say\u0131lara odakland\u0131k, \u015fimdi art\u0131k say\u0131m\u0131z\u0131n artmas\u0131ndan ziyade ki\u015fi ba\u015f\u0131 turizm geliri y\u00fckselmelidir\u201d ifadelerini kulland\u0131.<\/p>\n<p>KONAKLAMA VERG\u0130S\u0130 \u00c7IKI\u015eI<\/p>\n<p>Antalya\u2019n\u0131n konaklama vergisinden pay almas\u0131 gerekti\u011fini savunan\u00a0 Hac\u0131s\u00fcleyman, \u201c17,5 milyon ki\u015fi d\u0131\u015far\u0131dan gelenler, bir de i\u00e7eriden gelenler var. Oradan da 6,5 milyon ki\u015fi geliyor. Konaklama vergisinin yar\u0131s\u0131 \u015fehrin y\u00f6netimine aktar\u0131lmal\u0131d\u0131r. Bu para ile yat\u0131r\u0131m yap\u0131lmal\u0131d\u0131r. Konaklama vergisinden \u015fehrimiz bir destek als\u0131n bu da y\u00fczde 50\u2019den a\u015fa\u011f\u0131 olmas\u0131n. Bu \u015fehrin \u00fczerindeki y\u00fck hafifletilsin. 2025 y\u0131l\u0131nda ilk sinyalleri Hollanda turizm fuar\u0131nda ald\u0131k. Noktay\u0131 Berlin Fuar\u0131nda koyaca\u011f\u0131z. D\u00fcnyadaki geli\u015fmeler, elimizde olmayan hareketlenmeler turizme y\u00f6n veriyor\u201d s\u00f6zlerine yer verdi.<\/p>\n<p>ISPARTA VE BURDUR&#8217;A DA TUR\u0130ZM DESTE\u011e\u0130 VERECE\u011e\u0130Z\u00a0<\/p>\n<p>Antalya\u2019n\u0131n turizmde d\u00fcnyada 4\u2019\u00fcnc\u00fc s\u0131rada yer ald\u0131\u011f\u0131n\u0131 belirten\u00a0 Hac\u0131s\u00fcleyman, \u201cIsparta ve Burdur\u2019a da turizm deste\u011fi verece\u011fiz. Oralara ziyaret\u00e7i g\u00f6t\u00fcrme yollar\u0131n\u0131 arayaca\u011f\u0131z. G\u00fcndeme biz getirdik. Antalya\u2019ya tren ba\u011flant\u0131s\u0131 kurulmal\u0131d\u0131r. Y\u00fck ta\u015f\u0131mac\u0131l\u0131\u011f\u0131 neden demir yolu ile sa\u011flanm\u0131yor. Karayolunda s\u0131k\u0131nt\u0131 var. Isparta ve Burdur yollar\u0131nda duble yol eksikli\u011fimiz var bir an \u00f6nce oralar\u0131n tamamlanmas\u0131 gerekiyor. Bu konular\u0131n da takip\u00e7isi olaca\u011f\u0131z. Burdur ve Kayseri tren projeleri g\u00fcndeme geldi. 2013\u2019de g\u00fcndeme gelen projeden 2024 y\u0131l\u0131na kadar bir geli\u015fme olmad\u0131. Biz \u00fclkemizin sorunlar\u0131n\u0131 yak\u0131ndan biliyoruz. Daha fazla gelir getirecek yat\u0131r\u0131mlar\u0131 ertelemeyelim. Bu iki hat \u00fclke ekonomisine b\u00fcy\u00fck katk\u0131s\u0131 olacak\u201d a\u00e7\u0131klamas\u0131nda yer verdi.\u00a0<br \/>\n\u00a0<\/p>\n<p>\u200bATSO Y\u00f6netim Kurulu Ba\u015fkan\u0131 Yusuf Hac\u0131s\u00fcleyman mecliste yapt\u0131\u011f\u0131 konu\u015fmada, \u201c2024 y\u0131l\u0131nda bu \u015fehir 17,5 milyon turisti a\u011f\u0131rlad\u0131, bir de i\u00e7eriden gelenler var. Oradan da 6,5 milyon ki\u015fi geliyor. Konaklama vergisinin yar\u0131s\u0131 \u015fehrin y\u00f6netimine aktar\u0131lmal\u0131d\u0131r. Bu para ile yat\u0131r\u0131m yap\u0131lmal\u0131d\u0131r. Konaklama vergisinden \u015fehrimiz bir destek als\u0131n bu da y\u00fczde 50\u2019den a\u015fa\u011f\u0131 olmas\u0131n. Bu \u015fehrin \u00fczerindeki y\u00fck hafifletilsin\u201d dedi.\u00a0<\/p>\n<p>\u200bHaberin Al\u0131nt\u0131land\u0131\u011f\u0131 Kaynak: www.antalyakorfez.com<\/p>","protected":false},"excerpt":{"rendered":"<p>ATSO Ocak Meclis Toplant\u0131s\u0131\u2019nda, Ba\u015fkan Yusuf Hac\u0131s\u00fcleyman Antalya\u2019n\u0131n ekonomik b\u00fcy\u00fcme performans\u0131n\u0131, 2025 \u00f6ng\u00f6r\u00fclerini ve sekt\u00f6rlerin ihtiya\u00e7lar\u0131n\u0131 masaya yat\u0131rd\u0131. Toplant\u0131da asgari \u00fccret art\u0131\u015f\u0131, uluslararas\u0131 i\u015f g\u00fcc\u00fc d\u00fczenlemeleri ve belediye kre\u015fleriyle \u00f6zel sekt\u00f6r aras\u0131ndaki dengenin sa\u011flanmas\u0131 gibi \u00f6nemli konular \u00f6ne \u00e7\u0131kt\u0131.\u00a0 BOLU YANGININI G\u00dcNDEME TA\u015eIDI Antalya Ticaret ve Sanayi Odas\u0131 (ATSO) Ocak Ola\u011fan Meclis Toplant\u0131s\u0131, ATSO Meclis Salonu\u2019nda Meclis Ba\u015fkan\u0131 Ahmet \u00d6zt\u00fcrk\u2019\u00fcn a\u00e7\u0131l\u0131\u015f konu\u015fmas\u0131yla ba\u015flad\u0131. ATSO Y\u00f6netim Kurulu Ba\u015fkan\u0131 Yusuf Hac\u0131s\u00fcleyman mecliste yapt\u0131\u011f\u0131 konu\u015fmada, Antalya ekonomisinin performans\u0131, turizm, tar\u0131m ve sanayi sekt\u00f6rlerinin gelece\u011fi, dijital d\u00f6n\u00fc\u015f\u00fcm\u00fcn i\u015f d\u00fcnyas\u0131na etkileri ve oda \u00fcyelerine y\u00f6nelik yeni projelere ili\u015fkin g\u00f6r\u00fc\u015flerini payla\u015ft\u0131. Yusuf Hac\u0131s\u00fcleyman konu\u015fmas\u0131na Bolu\u2019da Kartalkaya\u2019da bir otelde \u00e7\u0131kan yang\u0131na de\u011finerek ba\u015flad\u0131. Yusuf Hac\u0131s\u00fcleyman, \u201cHaberle hepimiz sars\u0131ld\u0131k. Hayatlar\u0131n\u0131 kaybedenlerin bir\u00e7o\u011fu s\u00f6mestr tatili orada bulunuyordu. 66 vatanda\u015f\u0131m\u0131z\u0131 kaybettik, feci bir olayd\u0131r. Sabaha kar\u015f\u0131 olmas\u0131 kay\u0131p say\u0131s\u0131n\u0131 artt\u0131racak gibi g\u00f6r\u00fcn\u00fcyor\u201d dedi.\u00a0 ANTALYA\u2019NIN SORUNU \u00c7OK Antalya K\u00f6rfez Gazetesi muhabiri Ertu\u011frul G\u00fcn&#8217;\u00fcn haberine g\u00f6re T\u00fcrkiye&#8217;deki istihdam say\u0131s\u0131n\u0131 s\u00fcratle art\u0131r\u0131lmas\u0131 gerekti\u011fini s\u00f6yleyen Hac\u0131s\u00fcleyman, &#8220;Sosyal yard\u0131mlarla evde ge\u00e7inmeye \u00e7al\u0131\u015fan bir insan grubumuz var. Sosyal yard\u0131mlar devam etmeli ama onlar\u0131 i\u015fg\u00fcc\u00fcnden mahrum b\u0131rakmamal\u0131y\u0131z. 33 milyon ki\u015filik istihdam\u0131 artt\u0131ral\u0131m. Antalya\u2019da ciddi s\u0131k\u0131nt\u0131lar var. \u00dcretimde sorunlar var, t\u00fcketimde bir art\u0131\u015f var. Daha \u00e7ok t\u00fcketici topluma do\u011fru gidiyoruz. \u0130\u015fg\u00fcc\u00fcne kat\u0131l\u0131m artmal\u0131d\u0131r. Bizim alanlar\u0131m\u0131z var. Ocak ay\u0131nda &hellip;<\/p>","protected":false},"author":5,"featured_media":0,"comment_status":"open","ping_status":"open","sticky":false,"template":"","format":"standard","meta":{"_acf_changed":false,"footnotes":""},"categories":[24],"tags":[],"class_list":["post-26573","post","type-post","status-publish","format-standard","has-post-thumbnail","hentry","category-gundem"],"acf":[],"yoast_head":"<!-- This site is optimized with the Yoast SEO Premium plugin v26.6 (Yoast SEO v27.1.1) - https:\/\/yoast.com\/product\/yoast-seo-premium-wordpress\/ -->\n<title>Yusuf Hac\u0131s\u00fcleyman\u2019dan h\u00fck\u00fcmete konaklama vergisi \u00e7\u0131k\u0131\u015f\u0131! - Av. Deniz Can K\u0131z\u0131l<\/title>\n<meta name=\"robots\" content=\"index, follow, max-snippet:-1, max-image-preview:large, max-video-preview:-1\" \/>\n<link rel=\"canonical\" href=\"https:\/\/denizcankizil.tr\/ru\/haberler\/gundem\/yusuf-hacisuleymandan-hukumete-konaklama-vergisi-cikisi\/\" \/>\n<meta property=\"og:locale\" content=\"ru_RU\" \/>\n<meta property=\"og:type\" content=\"article\" \/>\n<meta property=\"og:title\" content=\"Yusuf Hac\u0131s\u00fcleyman\u2019dan h\u00fck\u00fcmete konaklama vergisi \u00e7\u0131k\u0131\u015f\u0131!\" \/>\n<meta property=\"og:description\" content=\"ATSO Ocak Meclis Toplant\u0131s\u0131\u2019nda, Ba\u015fkan Yusuf Hac\u0131s\u00fcleyman Antalya\u2019n\u0131n ekonomik b\u00fcy\u00fcme performans\u0131n\u0131, 2025 \u00f6ng\u00f6r\u00fclerini ve sekt\u00f6rlerin ihtiya\u00e7lar\u0131n\u0131 masaya yat\u0131rd\u0131. Toplant\u0131da asgari \u00fccret art\u0131\u015f\u0131, uluslararas\u0131 i\u015f g\u00fcc\u00fc d\u00fczenlemeleri ve belediye kre\u015fleriyle \u00f6zel sekt\u00f6r aras\u0131ndaki dengenin sa\u011flanmas\u0131 gibi \u00f6nemli konular \u00f6ne \u00e7\u0131kt\u0131.\u00a0 BOLU YANGININI G\u00dcNDEME TA\u015eIDI Antalya Ticaret ve Sanayi Odas\u0131 (ATSO) Ocak Ola\u011fan Meclis Toplant\u0131s\u0131, ATSO Meclis Salonu\u2019nda Meclis Ba\u015fkan\u0131 Ahmet \u00d6zt\u00fcrk\u2019\u00fcn a\u00e7\u0131l\u0131\u015f konu\u015fmas\u0131yla ba\u015flad\u0131. ATSO Y\u00f6netim Kurulu Ba\u015fkan\u0131 Yusuf Hac\u0131s\u00fcleyman mecliste yapt\u0131\u011f\u0131 konu\u015fmada, Antalya ekonomisinin performans\u0131, turizm, tar\u0131m ve sanayi sekt\u00f6rlerinin gelece\u011fi, dijital d\u00f6n\u00fc\u015f\u00fcm\u00fcn i\u015f d\u00fcnyas\u0131na etkileri ve oda \u00fcyelerine y\u00f6nelik yeni projelere ili\u015fkin g\u00f6r\u00fc\u015flerini payla\u015ft\u0131. Yusuf Hac\u0131s\u00fcleyman konu\u015fmas\u0131na Bolu\u2019da Kartalkaya\u2019da bir otelde \u00e7\u0131kan yang\u0131na de\u011finerek ba\u015flad\u0131. Yusuf Hac\u0131s\u00fcleyman, \u201cHaberle hepimiz sars\u0131ld\u0131k. Hayatlar\u0131n\u0131 kaybedenlerin bir\u00e7o\u011fu s\u00f6mestr tatili orada bulunuyordu. 66 vatanda\u015f\u0131m\u0131z\u0131 kaybettik, feci bir olayd\u0131r. Sabaha kar\u015f\u0131 olmas\u0131 kay\u0131p say\u0131s\u0131n\u0131 artt\u0131racak gibi g\u00f6r\u00fcn\u00fcyor\u201d dedi.\u00a0 ANTALYA\u2019NIN SORUNU \u00c7OK Antalya K\u00f6rfez Gazetesi muhabiri Ertu\u011frul G\u00fcn&#8217;\u00fcn haberine g\u00f6re T\u00fcrkiye&#8217;deki istihdam say\u0131s\u0131n\u0131 s\u00fcratle art\u0131r\u0131lmas\u0131 gerekti\u011fini s\u00f6yleyen Hac\u0131s\u00fcleyman, &#8220;Sosyal yard\u0131mlarla evde ge\u00e7inmeye \u00e7al\u0131\u015fan bir insan grubumuz var. Sosyal yard\u0131mlar devam etmeli ama onlar\u0131 i\u015fg\u00fcc\u00fcnden mahrum b\u0131rakmamal\u0131y\u0131z. 33 milyon ki\u015filik istihdam\u0131 artt\u0131ral\u0131m. Antalya\u2019da ciddi s\u0131k\u0131nt\u0131lar var. \u00dcretimde sorunlar var, t\u00fcketimde bir art\u0131\u015f var. Daha \u00e7ok t\u00fcketici topluma do\u011fru gidiyoruz. \u0130\u015fg\u00fcc\u00fcne kat\u0131l\u0131m artmal\u0131d\u0131r. Bizim alanlar\u0131m\u0131z var. Ocak ay\u0131nda &hellip;\" \/>\n<meta property=\"og:url\" content=\"https:\/\/denizcankizil.tr\/ru\/haberler\/gundem\/yusuf-hacisuleymandan-hukumete-konaklama-vergisi-cikisi\/\" \/>\n<meta property=\"og:site_name\" content=\"Av. Deniz Can K\u0131z\u0131l\" \/>\n<meta property=\"article:published_time\" content=\"2025-01-21T14:41:17+00:00\" \/>\n<meta name=\"author\" content=\"Antalya K\u00f6rfez\" \/>\n<meta name=\"twitter:card\" content=\"summary_large_image\" \/>\n<meta name=\"twitter:label1\" content=\"\u041d\u0430\u043f\u0438\u0441\u0430\u043d\u043e \u0430\u0432\u0442\u043e\u0440\u043e\u043c\" \/>\n\t<meta name=\"twitter:data1\" content=\"Antalya K\u00f6rfez\" \/>\n\t<meta name=\"twitter:label2\" content=\"\u041f\u0440\u0438\u043c\u0435\u0440\u043d\u043e\u0435 \u0432\u0440\u0435\u043c\u044f \u0434\u043b\u044f \u0447\u0442\u0435\u043d\u0438\u044f\" \/>\n\t<meta name=\"twitter:data2\" content=\"4 \u043c\u0438\u043d\u0443\u0442\u044b\" \/>\n<script type=\"application\/ld+json\" class=\"yoast-schema-graph\">{\"@context\":\"https:\/\/schema.org\",\"@graph\":[{\"@type\":\"Article\",\"@id\":\"https:\/\/denizcankizil.tr\/de\/haberler\/gundem\/yusuf-hacisuleymandan-hukumete-konaklama-vergisi-cikisi\/#article\",\"isPartOf\":{\"@id\":\"https:\/\/denizcankizil.tr\/de\/haberler\/gundem\/yusuf-hacisuleymandan-hukumete-konaklama-vergisi-cikisi\/\"},\"author\":{\"name\":\"Antalya K\u00f6rfez\",\"@id\":\"https:\/\/denizcankizil.tr\/de\/#\/schema\/person\/e1eb71bb4dd684d46563f0af307e1234\"},\"headline\":\"Yusuf Hac\u0131s\u00fcleyman\u2019dan h\u00fck\u00fcmete konaklama vergisi \u00e7\u0131k\u0131\u015f\u0131!\",\"datePublished\":\"2025-01-21T14:41:17+00:00\",\"mainEntityOfPage\":{\"@id\":\"https:\/\/denizcankizil.tr\/de\/haberler\/gundem\/yusuf-hacisuleymandan-hukumete-konaklama-vergisi-cikisi\/\"},\"wordCount\":748,\"commentCount\":0,\"publisher\":{\"@id\":\"https:\/\/denizcankizil.tr\/de\/#organization\"},\"articleSection\":[\"G\u00fcndem\"],\"inLanguage\":\"ru-RU\",\"potentialAction\":[{\"@type\":\"CommentAction\",\"name\":\"Comment\",\"target\":[\"https:\/\/denizcankizil.tr\/de\/haberler\/gundem\/yusuf-hacisuleymandan-hukumete-konaklama-vergisi-cikisi\/#respond\"]}]},{\"@type\":\"WebPage\",\"@id\":\"https:\/\/denizcankizil.tr\/de\/haberler\/gundem\/yusuf-hacisuleymandan-hukumete-konaklama-vergisi-cikisi\/\",\"url\":\"https:\/\/denizcankizil.tr\/de\/haberler\/gundem\/yusuf-hacisuleymandan-hukumete-konaklama-vergisi-cikisi\/\",\"name\":\"Yusuf Hac\u0131s\u00fcleyman\u2019dan h\u00fck\u00fcmete konaklama vergisi \u00e7\u0131k\u0131\u015f\u0131! - Av. Deniz Can K\u0131z\u0131l\",\"isPartOf\":{\"@id\":\"https:\/\/denizcankizil.tr\/de\/#website\"},\"datePublished\":\"2025-01-21T14:41:17+00:00\",\"breadcrumb\":{\"@id\":\"https:\/\/denizcankizil.tr\/de\/haberler\/gundem\/yusuf-hacisuleymandan-hukumete-konaklama-vergisi-cikisi\/#breadcrumb\"},\"inLanguage\":\"ru-RU\",\"potentialAction\":[{\"@type\":\"ReadAction\",\"target\":[\"https:\/\/denizcankizil.tr\/de\/haberler\/gundem\/yusuf-hacisuleymandan-hukumete-konaklama-vergisi-cikisi\/\"]}]},{\"@type\":\"BreadcrumbList\",\"@id\":\"https:\/\/denizcankizil.tr\/de\/haberler\/gundem\/yusuf-hacisuleymandan-hukumete-konaklama-vergisi-cikisi\/#breadcrumb\",\"itemListElement\":[{\"@type\":\"ListItem\",\"position\":1,\"name\":\"Home\",\"item\":\"https:\/\/denizcankizil.tr\/de\/\"},{\"@type\":\"ListItem\",\"position\":2,\"name\":\"Yusuf Hac\u0131s\u00fcleyman\u2019dan h\u00fck\u00fcmete konaklama vergisi \u00e7\u0131k\u0131\u015f\u0131!\"}]},{\"@type\":\"WebSite\",\"@id\":\"https:\/\/denizcankizil.tr\/de\/#website\",\"url\":\"https:\/\/denizcankizil.tr\/de\/\",\"name\":\"Av. Deniz Can K\u0131z\u0131l\",\"description\":\"Avukat Deniz Can K\u0131z\u0131l Antalya Barosu\",\"publisher\":{\"@id\":\"https:\/\/denizcankizil.tr\/de\/#organization\"},\"potentialAction\":[{\"@type\":\"SearchAction\",\"target\":{\"@type\":\"EntryPoint\",\"urlTemplate\":\"https:\/\/denizcankizil.tr\/de\/?s={search_term_string}\"},\"query-input\":{\"@type\":\"PropertyValueSpecification\",\"valueRequired\":true,\"valueName\":\"search_term_string\"}}],\"inLanguage\":\"ru-RU\"},{\"@type\":\"Organization\",\"@id\":\"https:\/\/denizcankizil.tr\/de\/#organization\",\"name\":\"Av. Deniz Can K\u0131z\u0131l\",\"url\":\"https:\/\/denizcankizil.tr\/de\/\",\"logo\":{\"@type\":\"ImageObject\",\"inLanguage\":\"ru-RU\",\"@id\":\"https:\/\/denizcankizil.tr\/de\/#\/schema\/logo\/image\/\",\"url\":\"https:\/\/denizcankizil.tr\/wp-content\/uploads\/2024\/10\/siyah-logo-svg.svg\",\"contentUrl\":\"https:\/\/denizcankizil.tr\/wp-content\/uploads\/2024\/10\/siyah-logo-svg.svg\",\"width\":1080,\"height\":1080,\"caption\":\"Av. Deniz Can K\u0131z\u0131l\"},\"image\":{\"@id\":\"https:\/\/denizcankizil.tr\/de\/#\/schema\/logo\/image\/\"}},{\"@type\":\"Person\",\"@id\":\"https:\/\/denizcankizil.tr\/de\/#\/schema\/person\/e1eb71bb4dd684d46563f0af307e1234\",\"name\":\"Antalya K\u00f6rfez\",\"image\":{\"@type\":\"ImageObject\",\"inLanguage\":\"ru-RU\",\"@id\":\"https:\/\/denizcankizil.tr\/de\/#\/schema\/person\/image\/\",\"url\":\"https:\/\/secure.gravatar.com\/avatar\/42b01982558a48a0b501fdcab6a408d3717ea5919095ee2e67b0e521799c5905?s=96&d=mm&r=g\",\"contentUrl\":\"https:\/\/secure.gravatar.com\/avatar\/42b01982558a48a0b501fdcab6a408d3717ea5919095ee2e67b0e521799c5905?s=96&d=mm&r=g\",\"caption\":\"Antalya K\u00f6rfez\"},\"sameAs\":[\"http:\/\/www.antalyakorfez.com\"],\"url\":\"https:\/\/www.antalyakorfez.com\/yusuf-hacisuleymandan-hukumete-konaklama-vergisi-cikisi\"}]}<\/script>\n<!-- \/ Yoast SEO Premium plugin. -->","yoast_head_json":{"title":"Yusuf Hac\u0131s\u00fcleyman\u2019dan h\u00fck\u00fcmete konaklama vergisi \u00e7\u0131k\u0131\u015f\u0131! - Av. Deniz Can K\u0131z\u0131l","robots":{"index":"index","follow":"follow","max-snippet":"max-snippet:-1","max-image-preview":"max-image-preview:large","max-video-preview":"max-video-preview:-1"},"canonical":"https:\/\/denizcankizil.tr\/ru\/haberler\/gundem\/yusuf-hacisuleymandan-hukumete-konaklama-vergisi-cikisi\/","og_locale":"ru_RU","og_type":"article","og_title":"Yusuf Hac\u0131s\u00fcleyman\u2019dan h\u00fck\u00fcmete konaklama vergisi \u00e7\u0131k\u0131\u015f\u0131!","og_description":"ATSO Ocak Meclis Toplant\u0131s\u0131\u2019nda, Ba\u015fkan Yusuf Hac\u0131s\u00fcleyman Antalya\u2019n\u0131n ekonomik b\u00fcy\u00fcme performans\u0131n\u0131, 2025 \u00f6ng\u00f6r\u00fclerini ve sekt\u00f6rlerin ihtiya\u00e7lar\u0131n\u0131 masaya yat\u0131rd\u0131. Toplant\u0131da asgari \u00fccret art\u0131\u015f\u0131, uluslararas\u0131 i\u015f g\u00fcc\u00fc d\u00fczenlemeleri ve belediye kre\u015fleriyle \u00f6zel sekt\u00f6r aras\u0131ndaki dengenin sa\u011flanmas\u0131 gibi \u00f6nemli konular \u00f6ne \u00e7\u0131kt\u0131.\u00a0 BOLU YANGININI G\u00dcNDEME TA\u015eIDI Antalya Ticaret ve Sanayi Odas\u0131 (ATSO) Ocak Ola\u011fan Meclis Toplant\u0131s\u0131, ATSO Meclis Salonu\u2019nda Meclis Ba\u015fkan\u0131 Ahmet \u00d6zt\u00fcrk\u2019\u00fcn a\u00e7\u0131l\u0131\u015f konu\u015fmas\u0131yla ba\u015flad\u0131. ATSO Y\u00f6netim Kurulu Ba\u015fkan\u0131 Yusuf Hac\u0131s\u00fcleyman mecliste yapt\u0131\u011f\u0131 konu\u015fmada, Antalya ekonomisinin performans\u0131, turizm, tar\u0131m ve sanayi sekt\u00f6rlerinin gelece\u011fi, dijital d\u00f6n\u00fc\u015f\u00fcm\u00fcn i\u015f d\u00fcnyas\u0131na etkileri ve oda \u00fcyelerine y\u00f6nelik yeni projelere ili\u015fkin g\u00f6r\u00fc\u015flerini payla\u015ft\u0131. Yusuf Hac\u0131s\u00fcleyman konu\u015fmas\u0131na Bolu\u2019da Kartalkaya\u2019da bir otelde \u00e7\u0131kan yang\u0131na de\u011finerek ba\u015flad\u0131. Yusuf Hac\u0131s\u00fcleyman, \u201cHaberle hepimiz sars\u0131ld\u0131k. Hayatlar\u0131n\u0131 kaybedenlerin bir\u00e7o\u011fu s\u00f6mestr tatili orada bulunuyordu. 66 vatanda\u015f\u0131m\u0131z\u0131 kaybettik, feci bir olayd\u0131r. Sabaha kar\u015f\u0131 olmas\u0131 kay\u0131p say\u0131s\u0131n\u0131 artt\u0131racak gibi g\u00f6r\u00fcn\u00fcyor\u201d dedi.\u00a0 ANTALYA\u2019NIN SORUNU \u00c7OK Antalya K\u00f6rfez Gazetesi muhabiri Ertu\u011frul G\u00fcn&#8217;\u00fcn haberine g\u00f6re T\u00fcrkiye&#8217;deki istihdam say\u0131s\u0131n\u0131 s\u00fcratle art\u0131r\u0131lmas\u0131 gerekti\u011fini s\u00f6yleyen Hac\u0131s\u00fcleyman, &#8220;Sosyal yard\u0131mlarla evde ge\u00e7inmeye \u00e7al\u0131\u015fan bir insan grubumuz var. Sosyal yard\u0131mlar devam etmeli ama onlar\u0131 i\u015fg\u00fcc\u00fcnden mahrum b\u0131rakmamal\u0131y\u0131z. 33 milyon ki\u015filik istihdam\u0131 artt\u0131ral\u0131m. Antalya\u2019da ciddi s\u0131k\u0131nt\u0131lar var. \u00dcretimde sorunlar var, t\u00fcketimde bir art\u0131\u015f var. Daha \u00e7ok t\u00fcketici topluma do\u011fru gidiyoruz. \u0130\u015fg\u00fcc\u00fcne kat\u0131l\u0131m artmal\u0131d\u0131r. Bizim alanlar\u0131m\u0131z var. Ocak ay\u0131nda &hellip;","og_url":"https:\/\/denizcankizil.tr\/ru\/haberler\/gundem\/yusuf-hacisuleymandan-hukumete-konaklama-vergisi-cikisi\/","og_site_name":"Av. Deniz Can K\u0131z\u0131l","article_published_time":"2025-01-21T14:41:17+00:00","author":"Antalya K\u00f6rfez","twitter_card":"summary_large_image","twitter_misc":{"\u041d\u0430\u043f\u0438\u0441\u0430\u043d\u043e \u0430\u0432\u0442\u043e\u0440\u043e\u043c":"Antalya K\u00f6rfez","\u041f\u0440\u0438\u043c\u0435\u0440\u043d\u043e\u0435 \u0432\u0440\u0435\u043c\u044f \u0434\u043b\u044f \u0447\u0442\u0435\u043d\u0438\u044f":"4 \u043c\u0438\u043d\u0443\u0442\u044b"},"schema":{"@context":"https:\/\/schema.org","@graph":[{"@type":"Article","@id":"https:\/\/denizcankizil.tr\/de\/haberler\/gundem\/yusuf-hacisuleymandan-hukumete-konaklama-vergisi-cikisi\/#article","isPartOf":{"@id":"https:\/\/denizcankizil.tr\/de\/haberler\/gundem\/yusuf-hacisuleymandan-hukumete-konaklama-vergisi-cikisi\/"},"author":{"name":"Antalya K\u00f6rfez","@id":"https:\/\/denizcankizil.tr\/de\/#\/schema\/person\/e1eb71bb4dd684d46563f0af307e1234"},"headline":"Yusuf Hac\u0131s\u00fcleyman\u2019dan h\u00fck\u00fcmete konaklama vergisi \u00e7\u0131k\u0131\u015f\u0131!","datePublished":"2025-01-21T14:41:17+00:00","mainEntityOfPage":{"@id":"https:\/\/denizcankizil.tr\/de\/haberler\/gundem\/yusuf-hacisuleymandan-hukumete-konaklama-vergisi-cikisi\/"},"wordCount":748,"commentCount":0,"publisher":{"@id":"https:\/\/denizcankizil.tr\/de\/#organization"},"articleSection":["G\u00fcndem"],"inLanguage":"ru-RU","potentialAction":[{"@type":"CommentAction","name":"Comment","target":["https:\/\/denizcankizil.tr\/de\/haberler\/gundem\/yusuf-hacisuleymandan-hukumete-konaklama-vergisi-cikisi\/#respond"]}]},{"@type":"WebPage","@id":"https:\/\/denizcankizil.tr\/de\/haberler\/gundem\/yusuf-hacisuleymandan-hukumete-konaklama-vergisi-cikisi\/","url":"https:\/\/denizcankizil.tr\/de\/haberler\/gundem\/yusuf-hacisuleymandan-hukumete-konaklama-vergisi-cikisi\/","name":"Yusuf Hac\u0131s\u00fcleyman\u2019dan h\u00fck\u00fcmete konaklama vergisi \u00e7\u0131k\u0131\u015f\u0131! - Av. Deniz Can K\u0131z\u0131l","isPartOf":{"@id":"https:\/\/denizcankizil.tr\/de\/#website"},"datePublished":"2025-01-21T14:41:17+00:00","breadcrumb":{"@id":"https:\/\/denizcankizil.tr\/de\/haberler\/gundem\/yusuf-hacisuleymandan-hukumete-konaklama-vergisi-cikisi\/#breadcrumb"},"inLanguage":"ru-RU","potentialAction":[{"@type":"ReadAction","target":["https:\/\/denizcankizil.tr\/de\/haberler\/gundem\/yusuf-hacisuleymandan-hukumete-konaklama-vergisi-cikisi\/"]}]},{"@type":"BreadcrumbList","@id":"https:\/\/denizcankizil.tr\/de\/haberler\/gundem\/yusuf-hacisuleymandan-hukumete-konaklama-vergisi-cikisi\/#breadcrumb","itemListElement":[{"@type":"ListItem","position":1,"name":"Home","item":"https:\/\/denizcankizil.tr\/de\/"},{"@type":"ListItem","position":2,"name":"Yusuf Hac\u0131s\u00fcleyman\u2019dan h\u00fck\u00fcmete konaklama vergisi \u00e7\u0131k\u0131\u015f\u0131!"}]},{"@type":"WebSite","@id":"https:\/\/denizcankizil.tr\/de\/#website","url":"https:\/\/denizcankizil.tr\/de\/","name":"Av. Deniz Can K\u0131z\u0131l","description":"Avukat Deniz Can K\u0131z\u0131l Antalya Barosu","publisher":{"@id":"https:\/\/denizcankizil.tr\/de\/#organization"},"potentialAction":[{"@type":"SearchAction","target":{"@type":"EntryPoint","urlTemplate":"https:\/\/denizcankizil.tr\/de\/?s={search_term_string}"},"query-input":{"@type":"PropertyValueSpecification","valueRequired":true,"valueName":"search_term_string"}}],"inLanguage":"ru-RU"},{"@type":"Organization","@id":"https:\/\/denizcankizil.tr\/de\/#organization","name":"Av. Deniz Can K\u0131z\u0131l","url":"https:\/\/denizcankizil.tr\/de\/","logo":{"@type":"ImageObject","inLanguage":"ru-RU","@id":"https:\/\/denizcankizil.tr\/de\/#\/schema\/logo\/image\/","url":"https:\/\/denizcankizil.tr\/wp-content\/uploads\/2024\/10\/siyah-logo-svg.svg","contentUrl":"https:\/\/denizcankizil.tr\/wp-content\/uploads\/2024\/10\/siyah-logo-svg.svg","width":1080,"height":1080,"caption":"Av. Deniz Can K\u0131z\u0131l"},"image":{"@id":"https:\/\/denizcankizil.tr\/de\/#\/schema\/logo\/image\/"}},{"@type":"Person","@id":"https:\/\/denizcankizil.tr\/de\/#\/schema\/person\/e1eb71bb4dd684d46563f0af307e1234","name":"Antalya K\u00f6rfez","image":{"@type":"ImageObject","inLanguage":"ru-RU","@id":"https:\/\/denizcankizil.tr\/de\/#\/schema\/person\/image\/","url":"https:\/\/secure.gravatar.com\/avatar\/42b01982558a48a0b501fdcab6a408d3717ea5919095ee2e67b0e521799c5905?s=96&d=mm&r=g","contentUrl":"https:\/\/secure.gravatar.com\/avatar\/42b01982558a48a0b501fdcab6a408d3717ea5919095ee2e67b0e521799c5905?s=96&d=mm&r=g","caption":"Antalya K\u00f6rfez"},"sameAs":["http:\/\/www.antalyakorfez.com"],"url":"https:\/\/www.antalyakorfez.com\/yusuf-hacisuleymandan-hukumete-konaklama-vergisi-cikisi"}]}},"_links":{"self":[{"href":"https:\/\/denizcankizil.tr\/ru\/wp-json\/wp\/v2\/posts\/26573","targetHints":{"allow":["GET"]}}],"collection":[{"href":"https:\/\/denizcankizil.tr\/ru\/wp-json\/wp\/v2\/posts"}],"about":[{"href":"https:\/\/denizcankizil.tr\/ru\/wp-json\/wp\/v2\/types\/post"}],"author":[{"embeddable":true,"href":"https:\/\/denizcankizil.tr\/ru\/wp-json\/wp\/v2\/users\/5"}],"replies":[{"embeddable":true,"href":"https:\/\/denizcankizil.tr\/ru\/wp-json\/wp\/v2\/comments?post=26573"}],"version-history":[{"count":0,"href":"https:\/\/denizcankizil.tr\/ru\/wp-json\/wp\/v2\/posts\/26573\/revisions"}],"wp:attachment":[{"href":"https:\/\/denizcankizil.tr\/ru\/wp-json\/wp\/v2\/media?parent=26573"}],"wp:term":[{"taxonomy":"category","embeddable":true,"href":"https:\/\/denizcankizil.tr\/ru\/wp-json\/wp\/v2\/categories?post=26573"},{"taxonomy":"post_tag","embeddable":true,"href":"https:\/\/denizcankizil.tr\/ru\/wp-json\/wp\/v2\/tags?post=26573"}],"curies":[{"name":"wp","href":"https:\/\/api.w.org\/{rel}","templated":true}]}}