{"id":26433,"date":"2025-01-21T08:41:34","date_gmt":"2025-01-21T05:41:34","guid":{"rendered":"https:\/\/denizcankizil.tr\/uncategorized-tr\/flash-habere-guclu-transfer-ayse-kok-haber-programlari-icerik-direktoru-oldu\/"},"modified":"2025-01-21T08:41:34","modified_gmt":"2025-01-21T05:41:34","slug":"flash-habere-guclu-transfer-ayse-kok-haber-programlari-icerik-direktoru-oldu","status":"publish","type":"post","link":"https:\/\/denizcankizil.tr\/ru\/haberler\/gundem\/flash-habere-guclu-transfer-ayse-kok-haber-programlari-icerik-direktoru-oldu\/","title":{"rendered":"Flash Haber\u2019e G\u00fc\u00e7l\u00fc Transfer: Ay\u015fe K\u00f6k Haber Programlar\u0131 \u0130\u00e7erik Direkt\u00f6r\u00fc Oldu!"},"content":{"rendered":"<p>Ba\u015far\u0131l\u0131 televizyoncu Ay\u015fe K\u00f6k, yeni yap\u0131lanmaya giren Flash Haber Televizyonu ile anla\u015ft\u0131. Haber Programlar\u0131 \u0130\u00e7erik Direkt\u00f6r\u00fc olarak g\u00f6rev alacak K\u00f6k, ge\u00e7mi\u015fte bir\u00e7ok ba\u015far\u0131l\u0131 televizyon projesine imza atm\u0131\u015ft\u0131.<\/p>\n<p>\u200bBa\u015far\u0131l\u0131 televizyoncu Ay\u015fe K\u00f6k, yeni yap\u0131lanmaya giren Flash Haber Televizyonu ile anla\u015ft\u0131. Haber Programlar\u0131 \u0130\u00e7erik Direkt\u00f6r\u00fc olarak g\u00f6rev alacak K\u00f6k, ge\u00e7mi\u015fte bir\u00e7ok ba\u015far\u0131l\u0131 televizyon projesine imza atm\u0131\u015ft\u0131.\u00a0<\/p>\n<p>\u200bHaberin Al\u0131nt\u0131land\u0131\u011f\u0131 Kaynak: www.iskenderun.org<\/p>","protected":false},"excerpt":{"rendered":"<p>Ba\u015far\u0131l\u0131 televizyoncu Ay\u015fe K\u00f6k, yeni yap\u0131lanmaya giren Flash Haber Televizyonu ile anla\u015ft\u0131. Haber Programlar\u0131 \u0130\u00e7erik Direkt\u00f6r\u00fc olarak g\u00f6rev alacak K\u00f6k, ge\u00e7mi\u015fte bir\u00e7ok ba\u015far\u0131l\u0131 televizyon projesine imza atm\u0131\u015ft\u0131. \u200bBa\u015far\u0131l\u0131 televizyoncu Ay\u015fe K\u00f6k, yeni yap\u0131lanmaya giren Flash Haber Televizyonu ile anla\u015ft\u0131. Haber Programlar\u0131 \u0130\u00e7erik Direkt\u00f6r\u00fc olarak g\u00f6rev alacak K\u00f6k, ge\u00e7mi\u015fte bir\u00e7ok ba\u015far\u0131l\u0131 televizyon projesine imza atm\u0131\u015ft\u0131.\u00a0 \u200bHaberin Al\u0131nt\u0131land\u0131\u011f\u0131 Kaynak: www.iskenderun.org<\/p>","protected":false},"author":1,"featured_media":0,"comment_status":"open","ping_status":"open","sticky":false,"template":"","format":"standard","meta":{"_acf_changed":false,"footnotes":""},"categories":[24],"tags":[],"class_list":["post-26433","post","type-post","status-publish","format-standard","has-post-thumbnail","hentry","category-gundem"],"acf":[],"yoast_head":"<!-- This site is optimized with the Yoast SEO Premium plugin v26.6 (Yoast SEO v27.1.1) - https:\/\/yoast.com\/product\/yoast-seo-premium-wordpress\/ -->\n<title>Flash Haber\u2019e G\u00fc\u00e7l\u00fc Transfer: Ay\u015fe K\u00f6k Haber Programlar\u0131 \u0130\u00e7erik Direkt\u00f6r\u00fc Oldu! - Av. Deniz Can K\u0131z\u0131l<\/title>\n<meta name=\"robots\" content=\"index, follow, max-snippet:-1, max-image-preview:large, max-video-preview:-1\" \/>\n<link rel=\"canonical\" href=\"https:\/\/denizcankizil.tr\/ru\/haberler\/gundem\/flash-habere-guclu-transfer-ayse-kok-haber-programlari-icerik-direktoru-oldu\/\" \/>\n<meta property=\"og:locale\" content=\"ru_RU\" \/>\n<meta property=\"og:type\" content=\"article\" \/>\n<meta property=\"og:title\" content=\"Flash Haber\u2019e G\u00fc\u00e7l\u00fc Transfer: Ay\u015fe K\u00f6k Haber Programlar\u0131 \u0130\u00e7erik Direkt\u00f6r\u00fc Oldu!\" \/>\n<meta property=\"og:description\" content=\"Ba\u015far\u0131l\u0131 televizyoncu Ay\u015fe K\u00f6k, yeni yap\u0131lanmaya giren Flash Haber Televizyonu ile anla\u015ft\u0131. Haber Programlar\u0131 \u0130\u00e7erik Direkt\u00f6r\u00fc olarak g\u00f6rev alacak K\u00f6k, ge\u00e7mi\u015fte bir\u00e7ok ba\u015far\u0131l\u0131 televizyon projesine imza atm\u0131\u015ft\u0131. \u200bBa\u015far\u0131l\u0131 televizyoncu Ay\u015fe K\u00f6k, yeni yap\u0131lanmaya giren Flash Haber Televizyonu ile anla\u015ft\u0131. Haber Programlar\u0131 \u0130\u00e7erik Direkt\u00f6r\u00fc olarak g\u00f6rev alacak K\u00f6k, ge\u00e7mi\u015fte bir\u00e7ok ba\u015far\u0131l\u0131 televizyon projesine imza atm\u0131\u015ft\u0131.\u00a0 \u200bHaberin Al\u0131nt\u0131land\u0131\u011f\u0131 Kaynak: www.iskenderun.org\" \/>\n<meta property=\"og:url\" content=\"https:\/\/denizcankizil.tr\/ru\/haberler\/gundem\/flash-habere-guclu-transfer-ayse-kok-haber-programlari-icerik-direktoru-oldu\/\" \/>\n<meta property=\"og:site_name\" content=\"Av. Deniz Can K\u0131z\u0131l\" \/>\n<meta property=\"article:published_time\" content=\"2025-01-21T05:41:34+00:00\" \/>\n<meta name=\"author\" content=\"admin\" \/>\n<meta name=\"twitter:card\" content=\"summary_large_image\" \/>\n<meta name=\"twitter:label1\" content=\"\u041d\u0430\u043f\u0438\u0441\u0430\u043d\u043e \u0430\u0432\u0442\u043e\u0440\u043e\u043c\" \/>\n\t<meta name=\"twitter:data1\" content=\"admin\" \/>\n<script type=\"application\/ld+json\" class=\"yoast-schema-graph\">{\"@context\":\"https:\/\/schema.org\",\"@graph\":[{\"@type\":\"Article\",\"@id\":\"https:\/\/denizcankizil.tr\/ru\/haberler\/gundem\/flash-habere-guclu-transfer-ayse-kok-haber-programlari-icerik-direktoru-oldu\/#article\",\"isPartOf\":{\"@id\":\"https:\/\/denizcankizil.tr\/ru\/haberler\/gundem\/flash-habere-guclu-transfer-ayse-kok-haber-programlari-icerik-direktoru-oldu\/\"},\"author\":{\"name\":\"admin\",\"@id\":\"https:\/\/denizcankizil.tr\/de\/#\/schema\/person\/be3c05fe6a12686905512445d8185489\"},\"headline\":\"Flash Haber\u2019e G\u00fc\u00e7l\u00fc Transfer: Ay\u015fe K\u00f6k Haber Programlar\u0131 \u0130\u00e7erik Direkt\u00f6r\u00fc Oldu!\",\"datePublished\":\"2025-01-21T05:41:34+00:00\",\"mainEntityOfPage\":{\"@id\":\"https:\/\/denizcankizil.tr\/ru\/haberler\/gundem\/flash-habere-guclu-transfer-ayse-kok-haber-programlari-icerik-direktoru-oldu\/\"},\"wordCount\":108,\"commentCount\":0,\"publisher\":{\"@id\":\"https:\/\/denizcankizil.tr\/de\/#organization\"},\"articleSection\":[\"G\u00fcndem\"],\"inLanguage\":\"ru-RU\",\"potentialAction\":[{\"@type\":\"CommentAction\",\"name\":\"Comment\",\"target\":[\"https:\/\/denizcankizil.tr\/ru\/haberler\/gundem\/flash-habere-guclu-transfer-ayse-kok-haber-programlari-icerik-direktoru-oldu\/#respond\"]}]},{\"@type\":\"WebPage\",\"@id\":\"https:\/\/denizcankizil.tr\/ru\/haberler\/gundem\/flash-habere-guclu-transfer-ayse-kok-haber-programlari-icerik-direktoru-oldu\/\",\"url\":\"https:\/\/denizcankizil.tr\/ru\/haberler\/gundem\/flash-habere-guclu-transfer-ayse-kok-haber-programlari-icerik-direktoru-oldu\/\",\"name\":\"Flash Haber\u2019e G\u00fc\u00e7l\u00fc Transfer: Ay\u015fe K\u00f6k Haber Programlar\u0131 \u0130\u00e7erik Direkt\u00f6r\u00fc Oldu! - Av. Deniz Can K\u0131z\u0131l\",\"isPartOf\":{\"@id\":\"https:\/\/denizcankizil.tr\/de\/#website\"},\"datePublished\":\"2025-01-21T05:41:34+00:00\",\"breadcrumb\":{\"@id\":\"https:\/\/denizcankizil.tr\/ru\/haberler\/gundem\/flash-habere-guclu-transfer-ayse-kok-haber-programlari-icerik-direktoru-oldu\/#breadcrumb\"},\"inLanguage\":\"ru-RU\",\"potentialAction\":[{\"@type\":\"ReadAction\",\"target\":[\"https:\/\/denizcankizil.tr\/ru\/haberler\/gundem\/flash-habere-guclu-transfer-ayse-kok-haber-programlari-icerik-direktoru-oldu\/\"]}]},{\"@type\":\"BreadcrumbList\",\"@id\":\"https:\/\/denizcankizil.tr\/ru\/haberler\/gundem\/flash-habere-guclu-transfer-ayse-kok-haber-programlari-icerik-direktoru-oldu\/#breadcrumb\",\"itemListElement\":[{\"@type\":\"ListItem\",\"position\":1,\"name\":\"Home\",\"item\":\"https:\/\/denizcankizil.tr\/de\/\"},{\"@type\":\"ListItem\",\"position\":2,\"name\":\"Flash Haber\u2019e G\u00fc\u00e7l\u00fc Transfer: Ay\u015fe K\u00f6k Haber Programlar\u0131 \u0130\u00e7erik Direkt\u00f6r\u00fc Oldu!\"}]},{\"@type\":\"WebSite\",\"@id\":\"https:\/\/denizcankizil.tr\/de\/#website\",\"url\":\"https:\/\/denizcankizil.tr\/de\/\",\"name\":\"Av. Deniz Can K\u0131z\u0131l\",\"description\":\"Avukat Deniz Can K\u0131z\u0131l Antalya Barosu\",\"publisher\":{\"@id\":\"https:\/\/denizcankizil.tr\/de\/#organization\"},\"potentialAction\":[{\"@type\":\"SearchAction\",\"target\":{\"@type\":\"EntryPoint\",\"urlTemplate\":\"https:\/\/denizcankizil.tr\/de\/?s={search_term_string}\"},\"query-input\":{\"@type\":\"PropertyValueSpecification\",\"valueRequired\":true,\"valueName\":\"search_term_string\"}}],\"inLanguage\":\"ru-RU\"},{\"@type\":\"Organization\",\"@id\":\"https:\/\/denizcankizil.tr\/de\/#organization\",\"name\":\"Av. Deniz Can K\u0131z\u0131l\",\"url\":\"https:\/\/denizcankizil.tr\/de\/\",\"logo\":{\"@type\":\"ImageObject\",\"inLanguage\":\"ru-RU\",\"@id\":\"https:\/\/denizcankizil.tr\/de\/#\/schema\/logo\/image\/\",\"url\":\"https:\/\/denizcankizil.tr\/wp-content\/uploads\/2024\/10\/siyah-logo-svg.svg\",\"contentUrl\":\"https:\/\/denizcankizil.tr\/wp-content\/uploads\/2024\/10\/siyah-logo-svg.svg\",\"width\":1080,\"height\":1080,\"caption\":\"Av. Deniz Can K\u0131z\u0131l\"},\"image\":{\"@id\":\"https:\/\/denizcankizil.tr\/de\/#\/schema\/logo\/image\/\"}},{\"@type\":\"Person\",\"@id\":\"https:\/\/denizcankizil.tr\/de\/#\/schema\/person\/be3c05fe6a12686905512445d8185489\",\"name\":\"admin\",\"image\":{\"@type\":\"ImageObject\",\"inLanguage\":\"ru-RU\",\"@id\":\"https:\/\/denizcankizil.tr\/de\/#\/schema\/person\/image\/\",\"url\":\"https:\/\/secure.gravatar.com\/avatar\/c1fce94c830dc79107e174f890d7210541c4a63e8e5d816341794a2151c9d58c?s=96&d=mm&r=g\",\"contentUrl\":\"https:\/\/secure.gravatar.com\/avatar\/c1fce94c830dc79107e174f890d7210541c4a63e8e5d816341794a2151c9d58c?s=96&d=mm&r=g\",\"caption\":\"admin\"},\"sameAs\":[\"http:\/\/denizcankizil.tr\"],\"url\":\"https:\/\/www.iskenderun.org\/flash-habere-guclu-transfer-ayse-kok-haber-programlari-icerik-direktoru-oldu\"}]}<\/script>\n<!-- \/ Yoast SEO Premium plugin. -->","yoast_head_json":{"title":"Flash Haber\u2019e G\u00fc\u00e7l\u00fc Transfer: Ay\u015fe K\u00f6k Haber Programlar\u0131 \u0130\u00e7erik Direkt\u00f6r\u00fc Oldu! - Av. Deniz Can K\u0131z\u0131l","robots":{"index":"index","follow":"follow","max-snippet":"max-snippet:-1","max-image-preview":"max-image-preview:large","max-video-preview":"max-video-preview:-1"},"canonical":"https:\/\/denizcankizil.tr\/ru\/haberler\/gundem\/flash-habere-guclu-transfer-ayse-kok-haber-programlari-icerik-direktoru-oldu\/","og_locale":"ru_RU","og_type":"article","og_title":"Flash Haber\u2019e G\u00fc\u00e7l\u00fc Transfer: Ay\u015fe K\u00f6k Haber Programlar\u0131 \u0130\u00e7erik Direkt\u00f6r\u00fc Oldu!","og_description":"Ba\u015far\u0131l\u0131 televizyoncu Ay\u015fe K\u00f6k, yeni yap\u0131lanmaya giren Flash Haber Televizyonu ile anla\u015ft\u0131. Haber Programlar\u0131 \u0130\u00e7erik Direkt\u00f6r\u00fc olarak g\u00f6rev alacak K\u00f6k, ge\u00e7mi\u015fte bir\u00e7ok ba\u015far\u0131l\u0131 televizyon projesine imza atm\u0131\u015ft\u0131. \u200bBa\u015far\u0131l\u0131 televizyoncu Ay\u015fe K\u00f6k, yeni yap\u0131lanmaya giren Flash Haber Televizyonu ile anla\u015ft\u0131. Haber Programlar\u0131 \u0130\u00e7erik Direkt\u00f6r\u00fc olarak g\u00f6rev alacak K\u00f6k, ge\u00e7mi\u015fte bir\u00e7ok ba\u015far\u0131l\u0131 televizyon projesine imza atm\u0131\u015ft\u0131.\u00a0 \u200bHaberin Al\u0131nt\u0131land\u0131\u011f\u0131 Kaynak: www.iskenderun.org","og_url":"https:\/\/denizcankizil.tr\/ru\/haberler\/gundem\/flash-habere-guclu-transfer-ayse-kok-haber-programlari-icerik-direktoru-oldu\/","og_site_name":"Av. Deniz Can K\u0131z\u0131l","article_published_time":"2025-01-21T05:41:34+00:00","author":"admin","twitter_card":"summary_large_image","twitter_misc":{"\u041d\u0430\u043f\u0438\u0441\u0430\u043d\u043e \u0430\u0432\u0442\u043e\u0440\u043e\u043c":"admin"},"schema":{"@context":"https:\/\/schema.org","@graph":[{"@type":"Article","@id":"https:\/\/denizcankizil.tr\/ru\/haberler\/gundem\/flash-habere-guclu-transfer-ayse-kok-haber-programlari-icerik-direktoru-oldu\/#article","isPartOf":{"@id":"https:\/\/denizcankizil.tr\/ru\/haberler\/gundem\/flash-habere-guclu-transfer-ayse-kok-haber-programlari-icerik-direktoru-oldu\/"},"author":{"name":"admin","@id":"https:\/\/denizcankizil.tr\/de\/#\/schema\/person\/be3c05fe6a12686905512445d8185489"},"headline":"Flash Haber\u2019e G\u00fc\u00e7l\u00fc Transfer: Ay\u015fe K\u00f6k Haber Programlar\u0131 \u0130\u00e7erik Direkt\u00f6r\u00fc Oldu!","datePublished":"2025-01-21T05:41:34+00:00","mainEntityOfPage":{"@id":"https:\/\/denizcankizil.tr\/ru\/haberler\/gundem\/flash-habere-guclu-transfer-ayse-kok-haber-programlari-icerik-direktoru-oldu\/"},"wordCount":108,"commentCount":0,"publisher":{"@id":"https:\/\/denizcankizil.tr\/de\/#organization"},"articleSection":["G\u00fcndem"],"inLanguage":"ru-RU","potentialAction":[{"@type":"CommentAction","name":"Comment","target":["https:\/\/denizcankizil.tr\/ru\/haberler\/gundem\/flash-habere-guclu-transfer-ayse-kok-haber-programlari-icerik-direktoru-oldu\/#respond"]}]},{"@type":"WebPage","@id":"https:\/\/denizcankizil.tr\/ru\/haberler\/gundem\/flash-habere-guclu-transfer-ayse-kok-haber-programlari-icerik-direktoru-oldu\/","url":"https:\/\/denizcankizil.tr\/ru\/haberler\/gundem\/flash-habere-guclu-transfer-ayse-kok-haber-programlari-icerik-direktoru-oldu\/","name":"Flash Haber\u2019e G\u00fc\u00e7l\u00fc Transfer: Ay\u015fe K\u00f6k Haber Programlar\u0131 \u0130\u00e7erik Direkt\u00f6r\u00fc Oldu! - Av. Deniz Can K\u0131z\u0131l","isPartOf":{"@id":"https:\/\/denizcankizil.tr\/de\/#website"},"datePublished":"2025-01-21T05:41:34+00:00","breadcrumb":{"@id":"https:\/\/denizcankizil.tr\/ru\/haberler\/gundem\/flash-habere-guclu-transfer-ayse-kok-haber-programlari-icerik-direktoru-oldu\/#breadcrumb"},"inLanguage":"ru-RU","potentialAction":[{"@type":"ReadAction","target":["https:\/\/denizcankizil.tr\/ru\/haberler\/gundem\/flash-habere-guclu-transfer-ayse-kok-haber-programlari-icerik-direktoru-oldu\/"]}]},{"@type":"BreadcrumbList","@id":"https:\/\/denizcankizil.tr\/ru\/haberler\/gundem\/flash-habere-guclu-transfer-ayse-kok-haber-programlari-icerik-direktoru-oldu\/#breadcrumb","itemListElement":[{"@type":"ListItem","position":1,"name":"Home","item":"https:\/\/denizcankizil.tr\/de\/"},{"@type":"ListItem","position":2,"name":"Flash Haber\u2019e G\u00fc\u00e7l\u00fc Transfer: Ay\u015fe K\u00f6k Haber Programlar\u0131 \u0130\u00e7erik Direkt\u00f6r\u00fc Oldu!"}]},{"@type":"WebSite","@id":"https:\/\/denizcankizil.tr\/de\/#website","url":"https:\/\/denizcankizil.tr\/de\/","name":"Av. Deniz Can K\u0131z\u0131l","description":"Avukat Deniz Can K\u0131z\u0131l Antalya Barosu","publisher":{"@id":"https:\/\/denizcankizil.tr\/de\/#organization"},"potentialAction":[{"@type":"SearchAction","target":{"@type":"EntryPoint","urlTemplate":"https:\/\/denizcankizil.tr\/de\/?s={search_term_string}"},"query-input":{"@type":"PropertyValueSpecification","valueRequired":true,"valueName":"search_term_string"}}],"inLanguage":"ru-RU"},{"@type":"Organization","@id":"https:\/\/denizcankizil.tr\/de\/#organization","name":"Av. Deniz Can K\u0131z\u0131l","url":"https:\/\/denizcankizil.tr\/de\/","logo":{"@type":"ImageObject","inLanguage":"ru-RU","@id":"https:\/\/denizcankizil.tr\/de\/#\/schema\/logo\/image\/","url":"https:\/\/denizcankizil.tr\/wp-content\/uploads\/2024\/10\/siyah-logo-svg.svg","contentUrl":"https:\/\/denizcankizil.tr\/wp-content\/uploads\/2024\/10\/siyah-logo-svg.svg","width":1080,"height":1080,"caption":"Av. Deniz Can K\u0131z\u0131l"},"image":{"@id":"https:\/\/denizcankizil.tr\/de\/#\/schema\/logo\/image\/"}},{"@type":"Person","@id":"https:\/\/denizcankizil.tr\/de\/#\/schema\/person\/be3c05fe6a12686905512445d8185489","name":"\u0430\u0434\u043c\u0438\u043d","image":{"@type":"ImageObject","inLanguage":"ru-RU","@id":"https:\/\/denizcankizil.tr\/de\/#\/schema\/person\/image\/","url":"https:\/\/secure.gravatar.com\/avatar\/c1fce94c830dc79107e174f890d7210541c4a63e8e5d816341794a2151c9d58c?s=96&d=mm&r=g","contentUrl":"https:\/\/secure.gravatar.com\/avatar\/c1fce94c830dc79107e174f890d7210541c4a63e8e5d816341794a2151c9d58c?s=96&d=mm&r=g","caption":"admin"},"sameAs":["http:\/\/denizcankizil.tr"],"url":"https:\/\/www.iskenderun.org\/flash-habere-guclu-transfer-ayse-kok-haber-programlari-icerik-direktoru-oldu"}]}},"_links":{"self":[{"href":"https:\/\/denizcankizil.tr\/ru\/wp-json\/wp\/v2\/posts\/26433","targetHints":{"allow":["GET"]}}],"collection":[{"href":"https:\/\/denizcankizil.tr\/ru\/wp-json\/wp\/v2\/posts"}],"about":[{"href":"https:\/\/denizcankizil.tr\/ru\/wp-json\/wp\/v2\/types\/post"}],"author":[{"embeddable":true,"href":"https:\/\/denizcankizil.tr\/ru\/wp-json\/wp\/v2\/users\/1"}],"replies":[{"embeddable":true,"href":"https:\/\/denizcankizil.tr\/ru\/wp-json\/wp\/v2\/comments?post=26433"}],"version-history":[{"count":0,"href":"https:\/\/denizcankizil.tr\/ru\/wp-json\/wp\/v2\/posts\/26433\/revisions"}],"wp:attachment":[{"href":"https:\/\/denizcankizil.tr\/ru\/wp-json\/wp\/v2\/media?parent=26433"}],"wp:term":[{"taxonomy":"category","embeddable":true,"href":"https:\/\/denizcankizil.tr\/ru\/wp-json\/wp\/v2\/categories?post=26433"},{"taxonomy":"post_tag","embeddable":true,"href":"https:\/\/denizcankizil.tr\/ru\/wp-json\/wp\/v2\/tags?post=26433"}],"curies":[{"name":"wp","href":"https:\/\/api.w.org\/{rel}","templated":true}]}}