{"id":26347,"date":"2025-01-20T18:41:22","date_gmt":"2025-01-20T15:41:22","guid":{"rendered":"https:\/\/denizcankizil.tr\/uncategorized-tr\/kirsal-mahallelerin-yol-hasreti-bitiyor\/"},"modified":"2025-01-20T18:41:22","modified_gmt":"2025-01-20T15:41:22","slug":"kirsal-mahallelerin-yol-hasreti-bitiyor","status":"publish","type":"post","link":"https:\/\/denizcankizil.tr\/ru\/haberler\/antalya\/kirsal-mahallelerin-yol-hasreti-bitiyor\/","title":{"rendered":"K\u0131rsal mahallelerin yol hasreti bitiyor"},"content":{"rendered":"<p>Alanya Belediyesi\u2019nin k\u0131rsal mahallelere y\u00f6nelik yol ve altyap\u0131 yat\u0131r\u0131mlar\u0131 h\u0131z kesmeden devam ediyor. Alanya Belediye Ba\u015fkan Yard\u0131mc\u0131s\u0131 Hasan Servet \u00dcnl\u00fc ve Ba\u015fkan Dan\u0131\u015fman\u0131 Nazmi Zavlak, hafta sonunda Yaylakonak, S\u00fcleymanlar ve T\u00fcrkta\u015f mahallelerinde ger\u00e7ekle\u015ftirilen \u00e7al\u0131\u015fmalar\u0131 yerinde takip etti. Denetimler s\u0131ras\u0131nda mahalle sakinleriyle bir araya gelen \u00dcnl\u00fc ve Zavlak, \u00e7al\u0131\u015fmalar\u0131n detaylar\u0131n\u0131 payla\u015f\u0131rken, b\u00f6lge halk\u0131na hizmetlerin en k\u0131sa s\u00fcrede tamamlanaca\u011f\u0131 bilgisini verdi.<\/p>\n<p>\u201cAlanya\u2019n\u0131n her noktas\u0131na ula\u015faca\u011f\u0131z\u201d<br \/>\nAlanya Belediye Ba\u015fkan Dan\u0131\u015fman\u0131 Nazmi Zavlak, yap\u0131lan \u00e7al\u0131\u015fmalarla ilgili olarak, \u201cK\u0131rsal mahallelerimizde yol ve altyap\u0131 sorunlar\u0131n\u0131 \u00e7\u00f6zmek i\u00e7in yo\u011fun bir \u015fekilde \u00e7al\u0131\u015f\u0131yoruz. Alanya\u2019n\u0131n her noktas\u0131na ula\u015fmay\u0131 ve hizmet g\u00f6t\u00fcrmeyi s\u00fcrd\u00fcrece\u011fiz. Vatanda\u015flar\u0131m\u0131z\u0131n taleplerini \u00f6nceliklendirerek altyap\u0131 ve ula\u015f\u0131m konular\u0131nda kal\u0131c\u0131 \u00e7\u00f6z\u00fcmler \u00fcretiyoruz&#8221; ifadelerini kulland\u0131.<\/p>\n<p>Hizmetler devam edecek<br \/>\nZavlak, Alanya Belediyesi\u2019nin k\u0131rsal mahallelerde ya\u015fam durumlar\u0131n\u0131 iyile\u015ftirmek ad\u0131na planl\u0131 ve kararl\u0131 \u00e7al\u0131\u015fmalar\u0131n\u0131 s\u00fcrd\u00fcrmeye devam edece\u011fini belirtti. Vatanda\u015flar ise yap\u0131lan \u00e7al\u0131\u015fmalardan duyduklar\u0131 memnuniyeti dile getirerek, Belediye Ba\u015fkan\u0131 Osman Tar\u0131k \u00d6z\u00e7elik ve ekibine te\u015fekk\u00fcr etti.<\/p>\n<p>Kaynak: www.kanalv.com.tr Haber Sitesinden Al\u0131nm\u0131\u015ft\u0131r.<\/p>","protected":false},"excerpt":{"rendered":"<p>Alanya Belediyesi\u2019nin k\u0131rsal mahallelere y\u00f6nelik yol ve altyap\u0131 yat\u0131r\u0131mlar\u0131 h\u0131z kesmeden devam ediyor. Alanya Belediye Ba\u015fkan Yard\u0131mc\u0131s\u0131 Hasan Servet \u00dcnl\u00fc ve Ba\u015fkan Dan\u0131\u015fman\u0131 Nazmi Zavlak, hafta sonunda Yaylakonak, S\u00fcleymanlar ve T\u00fcrkta\u015f mahallelerinde ger\u00e7ekle\u015ftirilen \u00e7al\u0131\u015fmalar\u0131 yerinde takip etti. Denetimler s\u0131ras\u0131nda mahalle sakinleriyle bir araya gelen \u00dcnl\u00fc ve Zavlak, \u00e7al\u0131\u015fmalar\u0131n detaylar\u0131n\u0131 payla\u015f\u0131rken, b\u00f6lge halk\u0131na hizmetlerin en k\u0131sa s\u00fcrede tamamlanaca\u011f\u0131 bilgisini verdi. \u201cAlanya\u2019n\u0131n her noktas\u0131na ula\u015faca\u011f\u0131z\u201d Alanya Belediye Ba\u015fkan Dan\u0131\u015fman\u0131 Nazmi Zavlak, yap\u0131lan \u00e7al\u0131\u015fmalarla ilgili olarak, \u201cK\u0131rsal mahallelerimizde yol ve altyap\u0131 sorunlar\u0131n\u0131 \u00e7\u00f6zmek i\u00e7in yo\u011fun bir \u015fekilde \u00e7al\u0131\u015f\u0131yoruz. Alanya\u2019n\u0131n her noktas\u0131na ula\u015fmay\u0131 ve hizmet g\u00f6t\u00fcrmeyi s\u00fcrd\u00fcrece\u011fiz. Vatanda\u015flar\u0131m\u0131z\u0131n taleplerini \u00f6nceliklendirerek altyap\u0131 ve ula\u015f\u0131m konular\u0131nda kal\u0131c\u0131 \u00e7\u00f6z\u00fcmler \u00fcretiyoruz&#8221; ifadelerini kulland\u0131. Hizmetler devam edecek Zavlak, Alanya Belediyesi\u2019nin k\u0131rsal mahallelerde ya\u015fam durumlar\u0131n\u0131 iyile\u015ftirmek ad\u0131na planl\u0131 ve kararl\u0131 \u00e7al\u0131\u015fmalar\u0131n\u0131 s\u00fcrd\u00fcrmeye devam edece\u011fini belirtti. Vatanda\u015flar ise yap\u0131lan \u00e7al\u0131\u015fmalardan duyduklar\u0131 memnuniyeti dile getirerek, Belediye Ba\u015fkan\u0131 Osman Tar\u0131k \u00d6z\u00e7elik ve ekibine te\u015fekk\u00fcr etti. Kaynak: www.kanalv.com.tr Haber Sitesinden Al\u0131nm\u0131\u015ft\u0131r.<\/p>","protected":false},"author":4,"featured_media":26348,"comment_status":"open","ping_status":"open","sticky":false,"template":"","format":"standard","meta":{"_acf_changed":false,"footnotes":""},"categories":[26],"tags":[],"class_list":["post-26347","post","type-post","status-publish","format-standard","has-post-thumbnail","hentry","category-antalya"],"acf":[],"yoast_head":"<!-- This site is optimized with the Yoast SEO Premium plugin v26.6 (Yoast SEO v27.1.1) - https:\/\/yoast.com\/product\/yoast-seo-premium-wordpress\/ -->\n<title>K\u0131rsal mahallelerin yol hasreti bitiyor - Av. Deniz Can K\u0131z\u0131l<\/title>\n<meta name=\"robots\" content=\"index, follow, max-snippet:-1, max-image-preview:large, max-video-preview:-1\" \/>\n<link rel=\"canonical\" href=\"https:\/\/denizcankizil.tr\/ru\/haberler\/antalya\/kirsal-mahallelerin-yol-hasreti-bitiyor\/\" \/>\n<meta property=\"og:locale\" content=\"ru_RU\" \/>\n<meta property=\"og:type\" content=\"article\" \/>\n<meta property=\"og:title\" content=\"K\u0131rsal mahallelerin yol hasreti bitiyor\" \/>\n<meta property=\"og:description\" content=\"Alanya Belediyesi\u2019nin k\u0131rsal mahallelere y\u00f6nelik yol ve altyap\u0131 yat\u0131r\u0131mlar\u0131 h\u0131z kesmeden devam ediyor. Alanya Belediye Ba\u015fkan Yard\u0131mc\u0131s\u0131 Hasan Servet \u00dcnl\u00fc ve Ba\u015fkan Dan\u0131\u015fman\u0131 Nazmi Zavlak, hafta sonunda Yaylakonak, S\u00fcleymanlar ve T\u00fcrkta\u015f mahallelerinde ger\u00e7ekle\u015ftirilen \u00e7al\u0131\u015fmalar\u0131 yerinde takip etti. Denetimler s\u0131ras\u0131nda mahalle sakinleriyle bir araya gelen \u00dcnl\u00fc ve Zavlak, \u00e7al\u0131\u015fmalar\u0131n detaylar\u0131n\u0131 payla\u015f\u0131rken, b\u00f6lge halk\u0131na hizmetlerin en k\u0131sa s\u00fcrede tamamlanaca\u011f\u0131 bilgisini verdi. \u201cAlanya\u2019n\u0131n her noktas\u0131na ula\u015faca\u011f\u0131z\u201d Alanya Belediye Ba\u015fkan Dan\u0131\u015fman\u0131 Nazmi Zavlak, yap\u0131lan \u00e7al\u0131\u015fmalarla ilgili olarak, \u201cK\u0131rsal mahallelerimizde yol ve altyap\u0131 sorunlar\u0131n\u0131 \u00e7\u00f6zmek i\u00e7in yo\u011fun bir \u015fekilde \u00e7al\u0131\u015f\u0131yoruz. Alanya\u2019n\u0131n her noktas\u0131na ula\u015fmay\u0131 ve hizmet g\u00f6t\u00fcrmeyi s\u00fcrd\u00fcrece\u011fiz. Vatanda\u015flar\u0131m\u0131z\u0131n taleplerini \u00f6nceliklendirerek altyap\u0131 ve ula\u015f\u0131m konular\u0131nda kal\u0131c\u0131 \u00e7\u00f6z\u00fcmler \u00fcretiyoruz&#8221; ifadelerini kulland\u0131. Hizmetler devam edecek Zavlak, Alanya Belediyesi\u2019nin k\u0131rsal mahallelerde ya\u015fam durumlar\u0131n\u0131 iyile\u015ftirmek ad\u0131na planl\u0131 ve kararl\u0131 \u00e7al\u0131\u015fmalar\u0131n\u0131 s\u00fcrd\u00fcrmeye devam edece\u011fini belirtti. Vatanda\u015flar ise yap\u0131lan \u00e7al\u0131\u015fmalardan duyduklar\u0131 memnuniyeti dile getirerek, Belediye Ba\u015fkan\u0131 Osman Tar\u0131k \u00d6z\u00e7elik ve ekibine te\u015fekk\u00fcr etti. Kaynak: www.kanalv.com.tr Haber Sitesinden Al\u0131nm\u0131\u015ft\u0131r.\" \/>\n<meta property=\"og:url\" content=\"https:\/\/denizcankizil.tr\/ru\/haberler\/antalya\/kirsal-mahallelerin-yol-hasreti-bitiyor\/\" \/>\n<meta property=\"og:site_name\" content=\"Av. Deniz Can K\u0131z\u0131l\" \/>\n<meta property=\"article:published_time\" content=\"2025-01-20T15:41:22+00:00\" \/>\n<meta property=\"og:image\" content=\"https:\/\/denizcankizil.tr\/wp-content\/uploads\/2025\/01\/4240-01-SVA89Y.jpeg\" \/>\n\t<meta property=\"og:image:width\" content=\"1280\" \/>\n\t<meta property=\"og:image:height\" content=\"720\" \/>\n\t<meta property=\"og:image:type\" content=\"image\/jpeg\" \/>\n<meta name=\"author\" content=\"Av. Deniz Can K\u0131z\u0131l\" \/>\n<meta name=\"twitter:card\" content=\"summary_large_image\" \/>\n<meta name=\"twitter:label1\" content=\"\u041d\u0430\u043f\u0438\u0441\u0430\u043d\u043e \u0430\u0432\u0442\u043e\u0440\u043e\u043c\" \/>\n\t<meta name=\"twitter:data1\" content=\"Av. Deniz Can K\u0131z\u0131l\" \/>\n\t<meta name=\"twitter:label2\" content=\"\u041f\u0440\u0438\u043c\u0435\u0440\u043d\u043e\u0435 \u0432\u0440\u0435\u043c\u044f \u0434\u043b\u044f \u0447\u0442\u0435\u043d\u0438\u044f\" \/>\n\t<meta name=\"twitter:data2\" content=\"1 \u043c\u0438\u043d\u0443\u0442\u0430\" \/>\n<script type=\"application\/ld+json\" class=\"yoast-schema-graph\">{\"@context\":\"https:\/\/schema.org\",\"@graph\":[{\"@type\":\"Article\",\"@id\":\"https:\/\/denizcankizil.tr\/uk\/haberler\/antalya\/kirsal-mahallelerin-yol-hasreti-bitiyor\/#article\",\"isPartOf\":{\"@id\":\"https:\/\/denizcankizil.tr\/uk\/haberler\/antalya\/kirsal-mahallelerin-yol-hasreti-bitiyor\/\"},\"author\":{\"name\":\"Av. Deniz Can K\u0131z\u0131l\",\"@id\":\"https:\/\/denizcankizil.tr\/de\/#\/schema\/person\/5dc1b22991bd7ac833867c10afc9b0ff\"},\"headline\":\"K\u0131rsal mahallelerin yol hasreti bitiyor\",\"datePublished\":\"2025-01-20T15:41:22+00:00\",\"mainEntityOfPage\":{\"@id\":\"https:\/\/denizcankizil.tr\/uk\/haberler\/antalya\/kirsal-mahallelerin-yol-hasreti-bitiyor\/\"},\"wordCount\":235,\"commentCount\":0,\"publisher\":{\"@id\":\"https:\/\/denizcankizil.tr\/de\/#organization\"},\"image\":{\"@id\":\"https:\/\/denizcankizil.tr\/uk\/haberler\/antalya\/kirsal-mahallelerin-yol-hasreti-bitiyor\/#primaryimage\"},\"thumbnailUrl\":\"https:\/\/denizcankizil.tr\/wp-content\/uploads\/2025\/01\/4240-01-SVA89Y.jpeg\",\"articleSection\":[\"Antalya\"],\"inLanguage\":\"ru-RU\",\"potentialAction\":[{\"@type\":\"CommentAction\",\"name\":\"Comment\",\"target\":[\"https:\/\/denizcankizil.tr\/uk\/haberler\/antalya\/kirsal-mahallelerin-yol-hasreti-bitiyor\/#respond\"]}]},{\"@type\":\"WebPage\",\"@id\":\"https:\/\/denizcankizil.tr\/uk\/haberler\/antalya\/kirsal-mahallelerin-yol-hasreti-bitiyor\/\",\"url\":\"https:\/\/denizcankizil.tr\/uk\/haberler\/antalya\/kirsal-mahallelerin-yol-hasreti-bitiyor\/\",\"name\":\"K\u0131rsal mahallelerin yol hasreti bitiyor - Av. Deniz Can K\u0131z\u0131l\",\"isPartOf\":{\"@id\":\"https:\/\/denizcankizil.tr\/de\/#website\"},\"primaryImageOfPage\":{\"@id\":\"https:\/\/denizcankizil.tr\/uk\/haberler\/antalya\/kirsal-mahallelerin-yol-hasreti-bitiyor\/#primaryimage\"},\"image\":{\"@id\":\"https:\/\/denizcankizil.tr\/uk\/haberler\/antalya\/kirsal-mahallelerin-yol-hasreti-bitiyor\/#primaryimage\"},\"thumbnailUrl\":\"https:\/\/denizcankizil.tr\/wp-content\/uploads\/2025\/01\/4240-01-SVA89Y.jpeg\",\"datePublished\":\"2025-01-20T15:41:22+00:00\",\"breadcrumb\":{\"@id\":\"https:\/\/denizcankizil.tr\/uk\/haberler\/antalya\/kirsal-mahallelerin-yol-hasreti-bitiyor\/#breadcrumb\"},\"inLanguage\":\"ru-RU\",\"potentialAction\":[{\"@type\":\"ReadAction\",\"target\":[\"https:\/\/denizcankizil.tr\/uk\/haberler\/antalya\/kirsal-mahallelerin-yol-hasreti-bitiyor\/\"]}]},{\"@type\":\"ImageObject\",\"inLanguage\":\"ru-RU\",\"@id\":\"https:\/\/denizcankizil.tr\/uk\/haberler\/antalya\/kirsal-mahallelerin-yol-hasreti-bitiyor\/#primaryimage\",\"url\":\"https:\/\/denizcankizil.tr\/wp-content\/uploads\/2025\/01\/4240-01-SVA89Y.jpeg\",\"contentUrl\":\"https:\/\/denizcankizil.tr\/wp-content\/uploads\/2025\/01\/4240-01-SVA89Y.jpeg\",\"width\":1280,\"height\":720},{\"@type\":\"BreadcrumbList\",\"@id\":\"https:\/\/denizcankizil.tr\/uk\/haberler\/antalya\/kirsal-mahallelerin-yol-hasreti-bitiyor\/#breadcrumb\",\"itemListElement\":[{\"@type\":\"ListItem\",\"position\":1,\"name\":\"Home\",\"item\":\"https:\/\/denizcankizil.tr\/de\/\"},{\"@type\":\"ListItem\",\"position\":2,\"name\":\"K\u0131rsal mahallelerin yol hasreti bitiyor\"}]},{\"@type\":\"WebSite\",\"@id\":\"https:\/\/denizcankizil.tr\/de\/#website\",\"url\":\"https:\/\/denizcankizil.tr\/de\/\",\"name\":\"Av. Deniz Can K\u0131z\u0131l\",\"description\":\"Avukat Deniz Can K\u0131z\u0131l Antalya Barosu\",\"publisher\":{\"@id\":\"https:\/\/denizcankizil.tr\/de\/#organization\"},\"potentialAction\":[{\"@type\":\"SearchAction\",\"target\":{\"@type\":\"EntryPoint\",\"urlTemplate\":\"https:\/\/denizcankizil.tr\/de\/?s={search_term_string}\"},\"query-input\":{\"@type\":\"PropertyValueSpecification\",\"valueRequired\":true,\"valueName\":\"search_term_string\"}}],\"inLanguage\":\"ru-RU\"},{\"@type\":\"Organization\",\"@id\":\"https:\/\/denizcankizil.tr\/de\/#organization\",\"name\":\"Av. Deniz Can K\u0131z\u0131l\",\"url\":\"https:\/\/denizcankizil.tr\/de\/\",\"logo\":{\"@type\":\"ImageObject\",\"inLanguage\":\"ru-RU\",\"@id\":\"https:\/\/denizcankizil.tr\/de\/#\/schema\/logo\/image\/\",\"url\":\"https:\/\/denizcankizil.tr\/wp-content\/uploads\/2024\/10\/siyah-logo-svg.svg\",\"contentUrl\":\"https:\/\/denizcankizil.tr\/wp-content\/uploads\/2024\/10\/siyah-logo-svg.svg\",\"width\":1080,\"height\":1080,\"caption\":\"Av. Deniz Can K\u0131z\u0131l\"},\"image\":{\"@id\":\"https:\/\/denizcankizil.tr\/de\/#\/schema\/logo\/image\/\"}},{\"@type\":\"Person\",\"@id\":\"https:\/\/denizcankizil.tr\/de\/#\/schema\/person\/5dc1b22991bd7ac833867c10afc9b0ff\",\"name\":\"Av. Deniz Can K\u0131z\u0131l\",\"image\":{\"@type\":\"ImageObject\",\"inLanguage\":\"ru-RU\",\"@id\":\"https:\/\/denizcankizil.tr\/de\/#\/schema\/person\/image\/\",\"url\":\"https:\/\/secure.gravatar.com\/avatar\/a0b128fb9855c79efc976d5640eedb31dc35ec297594d6016d2cf7c60e975bb6?s=96&d=mm&r=g\",\"contentUrl\":\"https:\/\/secure.gravatar.com\/avatar\/a0b128fb9855c79efc976d5640eedb31dc35ec297594d6016d2cf7c60e975bb6?s=96&d=mm&r=g\",\"caption\":\"Av. Deniz Can K\u0131z\u0131l\"},\"sameAs\":[\"http:\/\/www.denizcankizil.tr\"],\"url\":\"https:\/\/denizcankizil.tr\/ru\/author\/denizcankizil\/\"}]}<\/script>\n<!-- \/ Yoast SEO Premium plugin. -->","yoast_head_json":{"title":"K\u0131rsal mahallelerin yol hasreti bitiyor - Av. Deniz Can K\u0131z\u0131l","robots":{"index":"index","follow":"follow","max-snippet":"max-snippet:-1","max-image-preview":"max-image-preview:large","max-video-preview":"max-video-preview:-1"},"canonical":"https:\/\/denizcankizil.tr\/ru\/haberler\/antalya\/kirsal-mahallelerin-yol-hasreti-bitiyor\/","og_locale":"ru_RU","og_type":"article","og_title":"K\u0131rsal mahallelerin yol hasreti bitiyor","og_description":"Alanya Belediyesi\u2019nin k\u0131rsal mahallelere y\u00f6nelik yol ve altyap\u0131 yat\u0131r\u0131mlar\u0131 h\u0131z kesmeden devam ediyor. Alanya Belediye Ba\u015fkan Yard\u0131mc\u0131s\u0131 Hasan Servet \u00dcnl\u00fc ve Ba\u015fkan Dan\u0131\u015fman\u0131 Nazmi Zavlak, hafta sonunda Yaylakonak, S\u00fcleymanlar ve T\u00fcrkta\u015f mahallelerinde ger\u00e7ekle\u015ftirilen \u00e7al\u0131\u015fmalar\u0131 yerinde takip etti. Denetimler s\u0131ras\u0131nda mahalle sakinleriyle bir araya gelen \u00dcnl\u00fc ve Zavlak, \u00e7al\u0131\u015fmalar\u0131n detaylar\u0131n\u0131 payla\u015f\u0131rken, b\u00f6lge halk\u0131na hizmetlerin en k\u0131sa s\u00fcrede tamamlanaca\u011f\u0131 bilgisini verdi. \u201cAlanya\u2019n\u0131n her noktas\u0131na ula\u015faca\u011f\u0131z\u201d Alanya Belediye Ba\u015fkan Dan\u0131\u015fman\u0131 Nazmi Zavlak, yap\u0131lan \u00e7al\u0131\u015fmalarla ilgili olarak, \u201cK\u0131rsal mahallelerimizde yol ve altyap\u0131 sorunlar\u0131n\u0131 \u00e7\u00f6zmek i\u00e7in yo\u011fun bir \u015fekilde \u00e7al\u0131\u015f\u0131yoruz. Alanya\u2019n\u0131n her noktas\u0131na ula\u015fmay\u0131 ve hizmet g\u00f6t\u00fcrmeyi s\u00fcrd\u00fcrece\u011fiz. Vatanda\u015flar\u0131m\u0131z\u0131n taleplerini \u00f6nceliklendirerek altyap\u0131 ve ula\u015f\u0131m konular\u0131nda kal\u0131c\u0131 \u00e7\u00f6z\u00fcmler \u00fcretiyoruz&#8221; ifadelerini kulland\u0131. Hizmetler devam edecek Zavlak, Alanya Belediyesi\u2019nin k\u0131rsal mahallelerde ya\u015fam durumlar\u0131n\u0131 iyile\u015ftirmek ad\u0131na planl\u0131 ve kararl\u0131 \u00e7al\u0131\u015fmalar\u0131n\u0131 s\u00fcrd\u00fcrmeye devam edece\u011fini belirtti. Vatanda\u015flar ise yap\u0131lan \u00e7al\u0131\u015fmalardan duyduklar\u0131 memnuniyeti dile getirerek, Belediye Ba\u015fkan\u0131 Osman Tar\u0131k \u00d6z\u00e7elik ve ekibine te\u015fekk\u00fcr etti. Kaynak: www.kanalv.com.tr Haber Sitesinden Al\u0131nm\u0131\u015ft\u0131r.","og_url":"https:\/\/denizcankizil.tr\/ru\/haberler\/antalya\/kirsal-mahallelerin-yol-hasreti-bitiyor\/","og_site_name":"Av. Deniz Can K\u0131z\u0131l","article_published_time":"2025-01-20T15:41:22+00:00","og_image":[{"width":1280,"height":720,"url":"https:\/\/denizcankizil.tr\/wp-content\/uploads\/2025\/01\/4240-01-SVA89Y.jpeg","type":"image\/jpeg"}],"author":"Av. Deniz Can K\u0131z\u0131l","twitter_card":"summary_large_image","twitter_misc":{"\u041d\u0430\u043f\u0438\u0441\u0430\u043d\u043e \u0430\u0432\u0442\u043e\u0440\u043e\u043c":"Av. Deniz Can K\u0131z\u0131l","\u041f\u0440\u0438\u043c\u0435\u0440\u043d\u043e\u0435 \u0432\u0440\u0435\u043c\u044f \u0434\u043b\u044f \u0447\u0442\u0435\u043d\u0438\u044f":"1 \u043c\u0438\u043d\u0443\u0442\u0430"},"schema":{"@context":"https:\/\/schema.org","@graph":[{"@type":"Article","@id":"https:\/\/denizcankizil.tr\/uk\/haberler\/antalya\/kirsal-mahallelerin-yol-hasreti-bitiyor\/#article","isPartOf":{"@id":"https:\/\/denizcankizil.tr\/uk\/haberler\/antalya\/kirsal-mahallelerin-yol-hasreti-bitiyor\/"},"author":{"name":"Av. Deniz Can K\u0131z\u0131l","@id":"https:\/\/denizcankizil.tr\/de\/#\/schema\/person\/5dc1b22991bd7ac833867c10afc9b0ff"},"headline":"K\u0131rsal mahallelerin yol hasreti bitiyor","datePublished":"2025-01-20T15:41:22+00:00","mainEntityOfPage":{"@id":"https:\/\/denizcankizil.tr\/uk\/haberler\/antalya\/kirsal-mahallelerin-yol-hasreti-bitiyor\/"},"wordCount":235,"commentCount":0,"publisher":{"@id":"https:\/\/denizcankizil.tr\/de\/#organization"},"image":{"@id":"https:\/\/denizcankizil.tr\/uk\/haberler\/antalya\/kirsal-mahallelerin-yol-hasreti-bitiyor\/#primaryimage"},"thumbnailUrl":"https:\/\/denizcankizil.tr\/wp-content\/uploads\/2025\/01\/4240-01-SVA89Y.jpeg","articleSection":["Antalya"],"inLanguage":"ru-RU","potentialAction":[{"@type":"CommentAction","name":"Comment","target":["https:\/\/denizcankizil.tr\/uk\/haberler\/antalya\/kirsal-mahallelerin-yol-hasreti-bitiyor\/#respond"]}]},{"@type":"WebPage","@id":"https:\/\/denizcankizil.tr\/uk\/haberler\/antalya\/kirsal-mahallelerin-yol-hasreti-bitiyor\/","url":"https:\/\/denizcankizil.tr\/uk\/haberler\/antalya\/kirsal-mahallelerin-yol-hasreti-bitiyor\/","name":"K\u0131rsal mahallelerin yol hasreti bitiyor - Av. Deniz Can K\u0131z\u0131l","isPartOf":{"@id":"https:\/\/denizcankizil.tr\/de\/#website"},"primaryImageOfPage":{"@id":"https:\/\/denizcankizil.tr\/uk\/haberler\/antalya\/kirsal-mahallelerin-yol-hasreti-bitiyor\/#primaryimage"},"image":{"@id":"https:\/\/denizcankizil.tr\/uk\/haberler\/antalya\/kirsal-mahallelerin-yol-hasreti-bitiyor\/#primaryimage"},"thumbnailUrl":"https:\/\/denizcankizil.tr\/wp-content\/uploads\/2025\/01\/4240-01-SVA89Y.jpeg","datePublished":"2025-01-20T15:41:22+00:00","breadcrumb":{"@id":"https:\/\/denizcankizil.tr\/uk\/haberler\/antalya\/kirsal-mahallelerin-yol-hasreti-bitiyor\/#breadcrumb"},"inLanguage":"ru-RU","potentialAction":[{"@type":"ReadAction","target":["https:\/\/denizcankizil.tr\/uk\/haberler\/antalya\/kirsal-mahallelerin-yol-hasreti-bitiyor\/"]}]},{"@type":"ImageObject","inLanguage":"ru-RU","@id":"https:\/\/denizcankizil.tr\/uk\/haberler\/antalya\/kirsal-mahallelerin-yol-hasreti-bitiyor\/#primaryimage","url":"https:\/\/denizcankizil.tr\/wp-content\/uploads\/2025\/01\/4240-01-SVA89Y.jpeg","contentUrl":"https:\/\/denizcankizil.tr\/wp-content\/uploads\/2025\/01\/4240-01-SVA89Y.jpeg","width":1280,"height":720},{"@type":"BreadcrumbList","@id":"https:\/\/denizcankizil.tr\/uk\/haberler\/antalya\/kirsal-mahallelerin-yol-hasreti-bitiyor\/#breadcrumb","itemListElement":[{"@type":"ListItem","position":1,"name":"Home","item":"https:\/\/denizcankizil.tr\/de\/"},{"@type":"ListItem","position":2,"name":"K\u0131rsal mahallelerin yol hasreti bitiyor"}]},{"@type":"WebSite","@id":"https:\/\/denizcankizil.tr\/de\/#website","url":"https:\/\/denizcankizil.tr\/de\/","name":"Av. Deniz Can K\u0131z\u0131l","description":"Avukat Deniz Can K\u0131z\u0131l Antalya Barosu","publisher":{"@id":"https:\/\/denizcankizil.tr\/de\/#organization"},"potentialAction":[{"@type":"SearchAction","target":{"@type":"EntryPoint","urlTemplate":"https:\/\/denizcankizil.tr\/de\/?s={search_term_string}"},"query-input":{"@type":"PropertyValueSpecification","valueRequired":true,"valueName":"search_term_string"}}],"inLanguage":"ru-RU"},{"@type":"Organization","@id":"https:\/\/denizcankizil.tr\/de\/#organization","name":"Av. Deniz Can K\u0131z\u0131l","url":"https:\/\/denizcankizil.tr\/de\/","logo":{"@type":"ImageObject","inLanguage":"ru-RU","@id":"https:\/\/denizcankizil.tr\/de\/#\/schema\/logo\/image\/","url":"https:\/\/denizcankizil.tr\/wp-content\/uploads\/2024\/10\/siyah-logo-svg.svg","contentUrl":"https:\/\/denizcankizil.tr\/wp-content\/uploads\/2024\/10\/siyah-logo-svg.svg","width":1080,"height":1080,"caption":"Av. Deniz Can K\u0131z\u0131l"},"image":{"@id":"https:\/\/denizcankizil.tr\/de\/#\/schema\/logo\/image\/"}},{"@type":"Person","@id":"https:\/\/denizcankizil.tr\/de\/#\/schema\/person\/5dc1b22991bd7ac833867c10afc9b0ff","name":"Av. Deniz Can K\u0131z\u0131l","image":{"@type":"ImageObject","inLanguage":"ru-RU","@id":"https:\/\/denizcankizil.tr\/de\/#\/schema\/person\/image\/","url":"https:\/\/secure.gravatar.com\/avatar\/a0b128fb9855c79efc976d5640eedb31dc35ec297594d6016d2cf7c60e975bb6?s=96&d=mm&r=g","contentUrl":"https:\/\/secure.gravatar.com\/avatar\/a0b128fb9855c79efc976d5640eedb31dc35ec297594d6016d2cf7c60e975bb6?s=96&d=mm&r=g","caption":"Av. Deniz Can K\u0131z\u0131l"},"sameAs":["http:\/\/www.denizcankizil.tr"],"url":"https:\/\/denizcankizil.tr\/ru\/author\/denizcankizil\/"}]}},"_links":{"self":[{"href":"https:\/\/denizcankizil.tr\/ru\/wp-json\/wp\/v2\/posts\/26347","targetHints":{"allow":["GET"]}}],"collection":[{"href":"https:\/\/denizcankizil.tr\/ru\/wp-json\/wp\/v2\/posts"}],"about":[{"href":"https:\/\/denizcankizil.tr\/ru\/wp-json\/wp\/v2\/types\/post"}],"author":[{"embeddable":true,"href":"https:\/\/denizcankizil.tr\/ru\/wp-json\/wp\/v2\/users\/4"}],"replies":[{"embeddable":true,"href":"https:\/\/denizcankizil.tr\/ru\/wp-json\/wp\/v2\/comments?post=26347"}],"version-history":[{"count":0,"href":"https:\/\/denizcankizil.tr\/ru\/wp-json\/wp\/v2\/posts\/26347\/revisions"}],"wp:featuredmedia":[{"embeddable":true,"href":"https:\/\/denizcankizil.tr\/ru\/wp-json\/wp\/v2\/media\/26348"}],"wp:attachment":[{"href":"https:\/\/denizcankizil.tr\/ru\/wp-json\/wp\/v2\/media?parent=26347"}],"wp:term":[{"taxonomy":"category","embeddable":true,"href":"https:\/\/denizcankizil.tr\/ru\/wp-json\/wp\/v2\/categories?post=26347"},{"taxonomy":"post_tag","embeddable":true,"href":"https:\/\/denizcankizil.tr\/ru\/wp-json\/wp\/v2\/tags?post=26347"}],"curies":[{"name":"wp","href":"https:\/\/api.w.org\/{rel}","templated":true}]}}