{"id":26305,"date":"2025-01-20T13:41:29","date_gmt":"2025-01-20T10:41:29","guid":{"rendered":"https:\/\/denizcankizil.tr\/uncategorized-tr\/manisada-4-kirsal-mahalleye-ziyaret\/"},"modified":"2025-01-20T13:41:29","modified_gmt":"2025-01-20T10:41:29","slug":"manisada-4-kirsal-mahalleye-ziyaret","status":"publish","type":"post","link":"https:\/\/denizcankizil.tr\/ru\/haberler\/gundem\/manisada-4-kirsal-mahalleye-ziyaret\/","title":{"rendered":"Manisa&#8217;da 4 k\u0131rsal mahalleye ziyaret"},"content":{"rendered":"<p>Manisa\u2019n\u0131n 17 il\u00e7esinde hem\u015ferileriyle bir araya gelemeye devam eden Manisa B\u00fcy\u00fck\u015fehir Belediye Ba\u015fkan\u0131 Mimar Ferdi Zeyrek, hafta sonunda \u015eehzadeler il\u00e7esinde k\u0131rsal 4 mahalleye ziyaret ger\u00e7ekle\u015ftirerek vatanda\u015flarla bulu\u015ftu.MAN\u0130SA (\u0130GFA) &#8211;\u00a0Manisa\u2019n\u0131n bir tar\u0131m kenti oldu\u011funu vurgulayan Ferdi Zeyrek, tar\u0131msal kalk\u0131nma i\u00e7in \u00e7ift\u00e7ilere y\u00f6nelik projelerle \u00fcretimi desteklediklerini belirtti. Her zaman \u00e7ift\u00e7inin yan\u0131nda olacaklar\u0131n\u0131 belirten Zeyrek, kooperatifle\u015fmenin \u00f6nemine de de\u011findi \u201c50 d\u00f6n\u00fcm alt\u0131ndaki \u00e7ift\u00e7ilerimize y\u00fczde 75 hibeli tohum deste\u011finde bulunduk. G\u00fcbre ve ekipman deste\u011fi yapt\u0131k. \u00dcretim i\u00e7in destek istiyorlar, onun da deste\u011fini verece\u011fiz. \u00c7uvaldaki \u00fcz\u00fcm para etmiyor. Kooperatifle\u015ferek bu \u00fcz\u00fcmleri 40-50 graml\u0131k po\u015fetlere koydu\u011fumuz zaman kazanmaya ba\u015flayacaks\u0131n\u0131z. Kooperatif olunca kazanmaya ba\u015flayacaks\u0131n\u0131z\u201d diyerek kooperatifle\u015fmenin \u00f6nc\u00fcl\u00fc\u011f\u00fcn\u00fc yapmak istedi\u011fini s\u00f6yledi.<br \/>\nManisa\u2019y\u0131 Sosyal Belediyecilik ile Tan\u0131\u015ft\u0131rd\u0131k<br \/>\n\u201cSosyal belediyecilik hizmetleri daha \u00f6nce Manisa\u2019mda yoktu\u201d diyen Ba\u015fkan Zeyrek, ilk g\u00fcnden itibaren sosyal belediyecilik anlay\u0131\u015f\u0131yla hizmet ettiklerini ifade ederek bu alanda yapt\u0131klar\u0131 hizmetleri anlatt\u0131. Zeyrek, \u201cSosyal yard\u0131mlar\u0131m\u0131z da var. Bunun i\u00e7in belediyeye gelmenize veya araya partili, tan\u0131d\u0131k sokmaya gerek yok. B\u00fcy\u00fck\u015fehir Belediyesi\u2019nin internet sitesine girin, sosyal yard\u0131m k\u0131sm\u0131nda size uygun olan\u0131 se\u00e7ip, ba\u015fvurunuzu yap\u0131n. Bizim ekiplerimiz sizleri arayacakt\u0131r. Sosyal belediyecilik hizmetlerimiz Halk Ekmek, Halk Mand\u0131ra\u2019y\u0131 a\u00e7t\u0131k. Y\u00fczde 25 daha ucuza peynir ve s\u00fct \u00fcr\u00fcnlerini halk\u0131m\u0131zla bulu\u015fturuyoruz. Kent Lokantas\u0131\u2019n\u0131 a\u00e7t\u0131k. Yeni ba\u015flad\u0131k, say\u0131s\u0131n\u0131 artt\u0131raca\u011f\u0131z. 7 bin 500 anneye, \u00fccretsiz ula\u015f\u0131m imkan\u0131 sa\u011flayan Anne Kart\u2019lar\u0131n\u0131 da\u011f\u0131tt\u0131k. Evde bak\u0131m hizmeti veriyoruz. \u0130htiyac\u0131 olan vatanda\u015flar\u0131m\u0131z ba\u015fvuru yapabilir. 400 mahallede internet hizmeti yoktu 175 tanesine internet hizmeti veriyoruz. G\u00fcnayd\u0131n \u00e7orbas\u0131 da\u011f\u0131t\u0131yoruz. \u0130htiya\u00e7 sahiplerine nakdi yard\u0131m yap\u0131yoruz\u201d s\u00f6zleriyle belediyenin yenilik\u00e7i projelerini vatanda\u015flarla payla\u015ft\u0131.<br \/>\nAlzheimer Hastalar\u0131 i\u00e7in Bileklik<br \/>\n\u00d6n\u00fcm\u00fczdeki g\u00fcnlerde ba\u015flayacak ve \u00f6nemli bir sorunu \u00e7\u00f6z\u00fcme kavu\u015fturacak bir projeden de bahseden Zeyrek, \u201c2 bin Alzheimer hastas\u0131 i\u00e7in ailelerine bileklik da\u011f\u0131taca\u011f\u0131z. Art\u0131k aileler yak\u0131nlar\u0131n\u0131n nerede oldu\u011funu telefonda takip edebilecek\u201d bilgisini verdi.<br \/>\n\u015eeffafl\u0131k ve Ula\u015f\u0131ma Destek Vurgusu<br \/>\nT\u00fcm belediye hizmetlerinin \u015feffaf oldu\u011funu vurgulayan Ferdi Zeyrek, yap\u0131lan harcamalar\u0131n\u0131n her ay belediyenin sitesinden yay\u0131nland\u0131\u011f\u0131n\u0131 s\u00f6yledi. Toplu ula\u015f\u0131ma da destek verdiklerini hat\u0131rlatan Ba\u015fkan Zeyrek, \u201cUla\u015f\u0131mdaki arkada\u015flar kontak kapatma seviyesine gelmi\u015fti. Vatanda\u015flar durakta ara\u00e7 beklerken ara\u00e7lar da garajda bekliyordu. Durakta bekleyen kimse olmas\u0131n diye, toplu ula\u015f\u0131ma her ay 50 milyon destek veriyoruz. 15 yeni otob\u00fcs ald\u0131k, onlar da takviye olacak\u201d diye konu\u015ftu.<br \/>\n\u201cHerkes \u0130mara Kavu\u015fmu\u015f Olacak\u201d<br \/>\nMahallelerin imar sorunu oldu\u011funu bildi\u011fini s\u00f6yleyen Zeyrek, \u201cEn b\u00fcy\u00fck sorunlar\u0131m\u0131zdan birisi de imar. Yerle\u015fik alan s\u0131n\u0131r\u0131n\u0131 belirlemek benim \u00f6ncelikli i\u015fim olacak. 1\/5000 imar planlar\u0131n\u0131 bakanl\u0131\u011fa sunduk. Herkes imara kavu\u015fmu\u015f olacak\u201d diyerek \u00e7\u00f6z\u00fcm i\u00e7in konuyu yak\u0131ndan takip ettiklerini s\u00f6yledi.<br \/>\n\u201cSiz Ar\u0131tmay\u0131 Yapmayanlara K\u0131rm\u0131z\u0131 Kart G\u00f6sterdiniz\u201d<br \/>\nHamzabeyli Mahallesi\u2019nde yap\u0131lan ar\u0131tma tesisi i\u00e7in vatanda\u015flardan te\u015fekk\u00fcr alan Ba\u015fkan Zeyrek, \u201cMuhtar\u0131m ar\u0131tma tesisini yapt\u0131k diye te\u015fekk\u00fcr etti. Muhtar\u0131m, o te\u015fekk\u00fcrler size. Bize d\u00fc\u015fen g\u00f6revi yapt\u0131k biz. Sizler de g\u00f6revi oldu\u011fu halde yapmayanlara se\u00e7imde k\u0131rm\u0131z\u0131 kart g\u00f6sterdiniz. Se\u00e7imden \u00f6nce buraya menfezleri g\u00f6nderdiler, hizmet geliyor dediler ama gelmedi. O menfezler orada kald\u0131.\u00a0 Biz hizmet etmeye devam edece\u011fiz. \u015eehzadeler il\u00e7esine ayr\u0131lan 300 milyon liral\u0131k b\u00fct\u00e7e var. Param\u0131z ortak, nereye nas\u0131l harcayaca\u011f\u0131m\u0131za birlikte karar verece\u011fiz. Vatanda\u015flar\u0131m\u0131z\u0131n en g\u00fczel hizmeti almas\u0131n\u0131 istiyorum. Sizin emanetinizi son g\u00fcne kadar ta\u015f\u0131yaca\u011f\u0131mdan emin olun\u201d dedi.<br \/>\n\u201cBir Zihniyeti de De\u011fi\u015ftirdik\u201d<br \/>\nYe\u015filk\u00f6y Mahallesi\u2019nde su deposunu da yerinde inceleyen Ba\u015fkan Zeyrek, \u201cHer hafta bir il\u00e7eyi ziyaret ediyorum. Sorunlar\u0131 yerinde g\u00f6r\u00fcyorum. Mahallenin giri\u015findeki su deposunu g\u00f6rd\u00fcm, inceledim. 30-40 y\u0131ld\u0131r ayn\u0131 depodan su i\u00e7iyorsunuz. MASK\u0130 ekiplerine talimat verece\u011fim art\u0131k temiz su i\u00e7eceksiniz. Biz 31 Mart\u2019ta sadece bir ismi de\u011fil bir zihniyeti de de\u011fi\u015ftirdik\u201d diyerek temiz su temin edecek bir sistem kurulaca\u011f\u0131n\u0131 belirtti.<br \/>\nBa\u015fkan Durbay: \u201cHizmete Devam Edece\u011fiz\u201d<br \/>\nManisa B\u00fcy\u00fck\u015fehir Belediye Ba\u015fkan\u0131 Ferdi Zeyrek ile birlikte vatanda\u015flara seslenen \u015eehzadeler Belediye Ba\u015fkan\u0131 G\u00fcl\u015fah Durbay, \u201cBir\u00e7ok kez bir araya geldik. Bundan sonra da devam edece\u011fiz. \u0130lk defa B\u00fcy\u00fck\u015fehir Belediye Ba\u015fkan\u0131 \u00c7obanisa\u2019ya geliyor. Verdi\u011fi s\u00f6zleri tutman\u0131n gururuyla birlikteyiz. \u00c7\u00f6p sorununuz vard\u0131, \u00e7\u00f6zd\u00fck. Ula\u015f\u0131m sorunlar\u0131n\u0131z vard\u0131, art\u0131k otob\u00fcsler 3 ki\u015fiye 5 ki\u015fiye de geliyor. Sondaj \u00e7al\u0131\u015fmalar\u0131m\u0131z var, devam edecek. Mahallerimize temizlik personelleri g\u00f6revlendirdik. Eskiyen \u00e7\u00f6p konteyn\u0131rlar\u0131n\u0131 yenileriyle de\u011fi\u015ftiriyoruz. 25 \u00e7\u00f6p kamyonumuzdan 12\u2019si \u00e7al\u0131\u015fmaz haldeydi. Bunlara ekleme yapt\u0131k, yenileri geliyor. 2 kre\u015fimiz vard\u0131, 3\u2019nc\u00fcs\u00fcn\u00fc a\u00e7maya haz\u0131rlan\u0131yoruz. Ova yollar\u0131n\u0131n bak\u0131mlar\u0131n\u0131 yapt\u0131k, yapmaya da devam ediyoruz. Kilit parke \u00e7al\u0131\u015fmalar\u0131m\u0131z\u0131 s\u00fcrd\u00fcr\u00fcyoruz. Eskiden b\u00fcy\u00fck\u015fehir belediyesi, il\u00e7e belediyesi ayr\u0131m\u0131 vard\u0131. Art\u0131k o ayr\u0131m\u0131 ortadan kald\u0131rd\u0131k. \u015eehzadeler Belediyesi ve Manisa B\u00fcy\u00fck\u015fehir Belediyesi birlikte ortak \u00e7al\u0131\u015fma yap\u0131yoruz\u201d diye konu\u015ftu.<\/p>\n<p>\u200bManisa\u2019n\u0131n 17 il\u00e7esinde hem\u015ferileriyle bir araya gelemeye devam eden Manisa B\u00fcy\u00fck\u015fehir Belediye Ba\u015fkan\u0131 Mimar Ferdi Zeyrek, hafta sonunda \u015eehzadeler il\u00e7esinde k\u0131rsal 4 mahalleye ziyaret ger\u00e7ekle\u015ftirerek vatanda\u015flarla bulu\u015ftu.MAN\u0130SA (\u0130GFA) &#8211;\u00a0Manisa\u2019n\u0131n bir tar\u0131m kenti oldu\u011funu vurgulayan Ferdi Zeyrek, tar\u0131msal kalk\u0131nma i\u00e7in \u00e7ift\u00e7ilere y\u00f6nelik projelerle \u00fcretimi desteklediklerini belirtti. Her zaman \u00e7ift\u00e7inin yan\u0131nda olacaklar\u0131n\u0131 belirten Zeyrek, kooperatifle\u015fmenin \u00f6nemine de de\u011findi \u201c50 d\u00f6n\u00fcm alt\u0131ndaki \u00e7ift\u00e7ilerimize y\u00fczde 75 hibeli tohum deste\u011finde bulunduk. G\u00fcbre ve ekipman deste\u011fi yapt\u0131k. \u00dcretim i\u00e7in destek istiyorlar, onun da deste\u011fini verece\u011fiz. \u00c7uvaldaki \u00fcz\u00fcm para etmiyor. Kooperatifle\u015ferek bu \u00fcz\u00fcmleri 40-50 graml\u0131k po\u015fetlere koydu\u011fumuz zaman kazanmaya ba\u015flayacaks\u0131n\u0131z. Kooperatif olunca kazanmaya ba\u015flayacaks\u0131n\u0131z\u201d diyerek kooperatifle\u015fmenin \u00f6nc\u00fcl\u00fc\u011f\u00fcn\u00fc yapmak istedi\u011fini s\u00f6yledi.<br \/>\nManisa\u2019y\u0131 Sosyal Belediyecilik ile Tan\u0131\u015ft\u0131rd\u0131k<br \/>\n\u201cSosyal belediyecilik hizmetleri daha \u00f6nce Manisa\u2019mda yoktu\u201d diyen Ba\u015fkan Zeyrek, ilk g\u00fcnden itibaren sosyal belediyecilik anlay\u0131\u015f\u0131yla hizmet ettiklerini ifade ederek bu alanda yapt\u0131klar\u0131 hizmetleri anlatt\u0131. Zeyrek, \u201cSosyal yard\u0131mlar\u0131m\u0131z da var. Bunun i\u00e7in belediyeye gelmenize veya araya partili, tan\u0131d\u0131k sokmaya gerek yok. B\u00fcy\u00fck\u015fehir Belediyesi\u2019nin internet sitesine girin, sosyal yard\u0131m k\u0131sm\u0131nda size uygun olan\u0131 se\u00e7ip, ba\u015fvurunuzu yap\u0131n. Bizim ekiplerimiz sizleri arayacakt\u0131r. Sosyal belediyecilik hizmetlerimiz Halk Ekmek, Halk Mand\u0131ra\u2019y\u0131 a\u00e7t\u0131k. Y\u00fczde 25 daha ucuza peynir ve s\u00fct \u00fcr\u00fcnlerini halk\u0131m\u0131zla bulu\u015fturuyoruz. Kent Lokantas\u0131\u2019n\u0131 a\u00e7t\u0131k. Yeni ba\u015flad\u0131k, say\u0131s\u0131n\u0131 artt\u0131raca\u011f\u0131z. 7 bin 500 anneye, \u00fccretsiz ula\u015f\u0131m imkan\u0131 sa\u011flayan Anne Kart\u2019lar\u0131n\u0131 da\u011f\u0131tt\u0131k. Evde bak\u0131m hizmeti veriyoruz. \u0130htiyac\u0131 olan vatanda\u015flar\u0131m\u0131z ba\u015fvuru yapabilir. 400 mahallede internet hizmeti yoktu 175 tanesine internet hizmeti veriyoruz. G\u00fcnayd\u0131n \u00e7orbas\u0131 da\u011f\u0131t\u0131yoruz. \u0130htiya\u00e7 sahiplerine nakdi yard\u0131m yap\u0131yoruz\u201d s\u00f6zleriyle belediyenin yenilik\u00e7i projelerini vatanda\u015flarla payla\u015ft\u0131.<br \/>\nAlzheimer Hastalar\u0131 i\u00e7in Bileklik<br \/>\n\u00d6n\u00fcm\u00fczdeki g\u00fcnlerde ba\u015flayacak ve \u00f6nemli bir sorunu \u00e7\u00f6z\u00fcme kavu\u015fturacak bir projeden de bahseden Zeyrek, \u201c2 bin Alzheimer hastas\u0131 i\u00e7in ailelerine bileklik da\u011f\u0131taca\u011f\u0131z. Art\u0131k aileler yak\u0131nlar\u0131n\u0131n nerede oldu\u011funu telefonda takip edebilecek\u201d bilgisini verdi.<br \/>\n\u015eeffafl\u0131k ve Ula\u015f\u0131ma Destek Vurgusu<br \/>\nT\u00fcm belediye hizmetlerinin \u015feffaf oldu\u011funu vurgulayan Ferdi Zeyrek, yap\u0131lan harcamalar\u0131n\u0131n her ay belediyenin sitesinden yay\u0131nland\u0131\u011f\u0131n\u0131 s\u00f6yledi. Toplu ula\u015f\u0131ma da destek verdiklerini hat\u0131rlatan Ba\u015fkan Zeyrek, \u201cUla\u015f\u0131mdaki arkada\u015flar kontak kapatma seviyesine gelmi\u015fti. Vatanda\u015flar durakta ara\u00e7 beklerken ara\u00e7lar da garajda bekliyordu. Durakta bekleyen kimse olmas\u0131n diye, toplu ula\u015f\u0131ma her ay 50 milyon destek veriyoruz. 15 yeni otob\u00fcs ald\u0131k, onlar da takviye olacak\u201d diye konu\u015ftu.<br \/>\n\u201cHerkes \u0130mara Kavu\u015fmu\u015f Olacak\u201d<br \/>\nMahallelerin imar sorunu oldu\u011funu bildi\u011fini s\u00f6yleyen Zeyrek, \u201cEn b\u00fcy\u00fck sorunlar\u0131m\u0131zdan birisi de imar. Yerle\u015fik alan s\u0131n\u0131r\u0131n\u0131 belirlemek benim \u00f6ncelikli i\u015fim olacak. 1\/5000 imar planlar\u0131n\u0131 bakanl\u0131\u011fa sunduk. Herkes imara kavu\u015fmu\u015f olacak\u201d diyerek \u00e7\u00f6z\u00fcm i\u00e7in konuyu yak\u0131ndan takip ettiklerini s\u00f6yledi.<br \/>\n\u201cSiz Ar\u0131tmay\u0131 Yapmayanlara K\u0131rm\u0131z\u0131 Kart G\u00f6sterdiniz\u201d<br \/>\nHamzabeyli Mahallesi\u2019nde yap\u0131lan ar\u0131tma tesisi i\u00e7in vatanda\u015flardan te\u015fekk\u00fcr alan Ba\u015fkan Zeyrek, \u201cMuhtar\u0131m ar\u0131tma tesisini yapt\u0131k diye te\u015fekk\u00fcr etti. Muhtar\u0131m, o te\u015fekk\u00fcrler size. Bize d\u00fc\u015fen g\u00f6revi yapt\u0131k biz. Sizler de g\u00f6revi oldu\u011fu halde yapmayanlara se\u00e7imde k\u0131rm\u0131z\u0131 kart g\u00f6sterdiniz. Se\u00e7imden \u00f6nce buraya menfezleri g\u00f6nderdiler, hizmet geliyor dediler ama gelmedi. O menfezler orada kald\u0131.\u00a0 Biz hizmet etmeye devam edece\u011fiz. \u015eehzadeler il\u00e7esine ayr\u0131lan 300 milyon liral\u0131k b\u00fct\u00e7e var. Param\u0131z ortak, nereye nas\u0131l harcayaca\u011f\u0131m\u0131za birlikte karar verece\u011fiz. Vatanda\u015flar\u0131m\u0131z\u0131n en g\u00fczel hizmeti almas\u0131n\u0131 istiyorum. Sizin emanetinizi son g\u00fcne kadar ta\u015f\u0131yaca\u011f\u0131mdan emin olun\u201d dedi.<br \/>\n\u201cBir Zihniyeti de De\u011fi\u015ftirdik\u201d<br \/>\nYe\u015filk\u00f6y Mahallesi\u2019nde su deposunu da yerinde inceleyen Ba\u015fkan Zeyrek, \u201cHer hafta bir il\u00e7eyi ziyaret ediyorum. Sorunlar\u0131 yerinde g\u00f6r\u00fcyorum. Mahallenin giri\u015findeki su deposunu g\u00f6rd\u00fcm, inceledim. 30-40 y\u0131ld\u0131r ayn\u0131 depodan su i\u00e7iyorsunuz. MASK\u0130 ekiplerine talimat verece\u011fim art\u0131k temiz su i\u00e7eceksiniz. Biz 31 Mart\u2019ta sadece bir ismi de\u011fil bir zihniyeti de de\u011fi\u015ftirdik\u201d diyerek temiz su temin edecek bir sistem kurulaca\u011f\u0131n\u0131 belirtti.<br \/>\nBa\u015fkan Durbay: \u201cHizmete Devam Edece\u011fiz\u201d<br \/>\nManisa B\u00fcy\u00fck\u015fehir Belediye Ba\u015fkan\u0131 Ferdi Zeyrek ile birlikte vatanda\u015flara seslenen \u015eehzadeler Belediye Ba\u015fkan\u0131 G\u00fcl\u015fah Durbay, \u201cBir\u00e7ok kez bir araya geldik. Bundan sonra da devam edece\u011fiz. \u0130lk defa B\u00fcy\u00fck\u015fehir Belediye Ba\u015fkan\u0131 \u00c7obanisa\u2019ya geliyor. Verdi\u011fi s\u00f6zleri tutman\u0131n gururuyla birlikteyiz. \u00c7\u00f6p sorununuz vard\u0131, \u00e7\u00f6zd\u00fck. Ula\u015f\u0131m sorunlar\u0131n\u0131z vard\u0131, art\u0131k otob\u00fcsler 3 ki\u015fiye 5 ki\u015fiye de geliyor. Sondaj \u00e7al\u0131\u015fmalar\u0131m\u0131z var, devam edecek. Mahallerimize temizlik personelleri g\u00f6revlendirdik. Eskiyen \u00e7\u00f6p konteyn\u0131rlar\u0131n\u0131 yenileriyle de\u011fi\u015ftiriyoruz. 25 \u00e7\u00f6p kamyonumuzdan 12\u2019si \u00e7al\u0131\u015fmaz haldeydi. Bunlara ekleme yapt\u0131k, yenileri geliyor. 2 kre\u015fimiz vard\u0131, 3\u2019nc\u00fcs\u00fcn\u00fc a\u00e7maya haz\u0131rlan\u0131yoruz. Ova yollar\u0131n\u0131n bak\u0131mlar\u0131n\u0131 yapt\u0131k, yapmaya da devam ediyoruz. Kilit parke \u00e7al\u0131\u015fmalar\u0131m\u0131z\u0131 s\u00fcrd\u00fcr\u00fcyoruz. Eskiden b\u00fcy\u00fck\u015fehir belediyesi, il\u00e7e belediyesi ayr\u0131m\u0131 vard\u0131. Art\u0131k o ayr\u0131m\u0131 ortadan kald\u0131rd\u0131k. \u015eehzadeler Belediyesi ve Manisa B\u00fcy\u00fck\u015fehir Belediyesi birlikte ortak \u00e7al\u0131\u015fma yap\u0131yoruz\u201d diye konu\u015ftu.\u00a0<\/p>\n<p>\u200bHaberin Al\u0131nt\u0131land\u0131\u011f\u0131 Kaynak: www.iskenderun.org<\/p>","protected":false},"excerpt":{"rendered":"<p>Manisa\u2019n\u0131n 17 il\u00e7esinde hem\u015ferileriyle bir araya gelemeye devam eden Manisa B\u00fcy\u00fck\u015fehir Belediye Ba\u015fkan\u0131 Mimar Ferdi Zeyrek, hafta sonunda \u015eehzadeler il\u00e7esinde k\u0131rsal 4 mahalleye ziyaret ger\u00e7ekle\u015ftirerek vatanda\u015flarla bulu\u015ftu.MAN\u0130SA (\u0130GFA) &#8211;\u00a0Manisa\u2019n\u0131n bir tar\u0131m kenti oldu\u011funu vurgulayan Ferdi Zeyrek, tar\u0131msal kalk\u0131nma i\u00e7in \u00e7ift\u00e7ilere y\u00f6nelik projelerle \u00fcretimi desteklediklerini belirtti. Her zaman \u00e7ift\u00e7inin yan\u0131nda olacaklar\u0131n\u0131 belirten Zeyrek, kooperatifle\u015fmenin \u00f6nemine de de\u011findi \u201c50 d\u00f6n\u00fcm alt\u0131ndaki \u00e7ift\u00e7ilerimize y\u00fczde 75 hibeli tohum deste\u011finde bulunduk. G\u00fcbre ve ekipman deste\u011fi yapt\u0131k. \u00dcretim i\u00e7in destek istiyorlar, onun da deste\u011fini verece\u011fiz. \u00c7uvaldaki \u00fcz\u00fcm para etmiyor. Kooperatifle\u015ferek bu \u00fcz\u00fcmleri 40-50 graml\u0131k po\u015fetlere koydu\u011fumuz zaman kazanmaya ba\u015flayacaks\u0131n\u0131z. Kooperatif olunca kazanmaya ba\u015flayacaks\u0131n\u0131z\u201d diyerek kooperatifle\u015fmenin \u00f6nc\u00fcl\u00fc\u011f\u00fcn\u00fc yapmak istedi\u011fini s\u00f6yledi. Manisa\u2019y\u0131 Sosyal Belediyecilik ile Tan\u0131\u015ft\u0131rd\u0131k \u201cSosyal belediyecilik hizmetleri daha \u00f6nce Manisa\u2019mda yoktu\u201d diyen Ba\u015fkan Zeyrek, ilk g\u00fcnden itibaren sosyal belediyecilik anlay\u0131\u015f\u0131yla hizmet ettiklerini ifade ederek bu alanda yapt\u0131klar\u0131 hizmetleri anlatt\u0131. Zeyrek, \u201cSosyal yard\u0131mlar\u0131m\u0131z da var. Bunun i\u00e7in belediyeye gelmenize veya araya partili, tan\u0131d\u0131k sokmaya gerek yok. B\u00fcy\u00fck\u015fehir Belediyesi\u2019nin internet sitesine girin, sosyal yard\u0131m k\u0131sm\u0131nda size uygun olan\u0131 se\u00e7ip, ba\u015fvurunuzu yap\u0131n. Bizim ekiplerimiz sizleri arayacakt\u0131r. Sosyal belediyecilik hizmetlerimiz Halk Ekmek, Halk Mand\u0131ra\u2019y\u0131 a\u00e7t\u0131k. Y\u00fczde 25 daha ucuza peynir ve s\u00fct \u00fcr\u00fcnlerini halk\u0131m\u0131zla bulu\u015fturuyoruz. Kent Lokantas\u0131\u2019n\u0131 a\u00e7t\u0131k. Yeni ba\u015flad\u0131k, say\u0131s\u0131n\u0131 artt\u0131raca\u011f\u0131z. 7 bin 500 anneye, \u00fccretsiz ula\u015f\u0131m imkan\u0131 sa\u011flayan &hellip;<\/p>","protected":false},"author":1,"featured_media":0,"comment_status":"open","ping_status":"open","sticky":false,"template":"","format":"standard","meta":{"_acf_changed":false,"footnotes":""},"categories":[24],"tags":[],"class_list":["post-26305","post","type-post","status-publish","format-standard","has-post-thumbnail","hentry","category-gundem"],"acf":[],"yoast_head":"<!-- This site is optimized with the Yoast SEO Premium plugin v26.6 (Yoast SEO v27.1.1) - https:\/\/yoast.com\/product\/yoast-seo-premium-wordpress\/ -->\n<title>Manisa&#039;da 4 k\u0131rsal mahalleye ziyaret - Av. Deniz Can K\u0131z\u0131l<\/title>\n<meta name=\"robots\" content=\"index, follow, max-snippet:-1, max-image-preview:large, max-video-preview:-1\" \/>\n<link rel=\"canonical\" href=\"https:\/\/denizcankizil.tr\/ru\/haberler\/gundem\/manisada-4-kirsal-mahalleye-ziyaret\/\" \/>\n<meta property=\"og:locale\" content=\"ru_RU\" \/>\n<meta property=\"og:type\" content=\"article\" \/>\n<meta property=\"og:title\" content=\"Manisa&#039;da 4 k\u0131rsal mahalleye ziyaret\" \/>\n<meta property=\"og:description\" content=\"Manisa\u2019n\u0131n 17 il\u00e7esinde hem\u015ferileriyle bir araya gelemeye devam eden Manisa B\u00fcy\u00fck\u015fehir Belediye Ba\u015fkan\u0131 Mimar Ferdi Zeyrek, hafta sonunda \u015eehzadeler il\u00e7esinde k\u0131rsal 4 mahalleye ziyaret ger\u00e7ekle\u015ftirerek vatanda\u015flarla bulu\u015ftu.MAN\u0130SA (\u0130GFA) &#8211;\u00a0Manisa\u2019n\u0131n bir tar\u0131m kenti oldu\u011funu vurgulayan Ferdi Zeyrek, tar\u0131msal kalk\u0131nma i\u00e7in \u00e7ift\u00e7ilere y\u00f6nelik projelerle \u00fcretimi desteklediklerini belirtti. Her zaman \u00e7ift\u00e7inin yan\u0131nda olacaklar\u0131n\u0131 belirten Zeyrek, kooperatifle\u015fmenin \u00f6nemine de de\u011findi \u201c50 d\u00f6n\u00fcm alt\u0131ndaki \u00e7ift\u00e7ilerimize y\u00fczde 75 hibeli tohum deste\u011finde bulunduk. G\u00fcbre ve ekipman deste\u011fi yapt\u0131k. \u00dcretim i\u00e7in destek istiyorlar, onun da deste\u011fini verece\u011fiz. \u00c7uvaldaki \u00fcz\u00fcm para etmiyor. Kooperatifle\u015ferek bu \u00fcz\u00fcmleri 40-50 graml\u0131k po\u015fetlere koydu\u011fumuz zaman kazanmaya ba\u015flayacaks\u0131n\u0131z. Kooperatif olunca kazanmaya ba\u015flayacaks\u0131n\u0131z\u201d diyerek kooperatifle\u015fmenin \u00f6nc\u00fcl\u00fc\u011f\u00fcn\u00fc yapmak istedi\u011fini s\u00f6yledi. Manisa\u2019y\u0131 Sosyal Belediyecilik ile Tan\u0131\u015ft\u0131rd\u0131k \u201cSosyal belediyecilik hizmetleri daha \u00f6nce Manisa\u2019mda yoktu\u201d diyen Ba\u015fkan Zeyrek, ilk g\u00fcnden itibaren sosyal belediyecilik anlay\u0131\u015f\u0131yla hizmet ettiklerini ifade ederek bu alanda yapt\u0131klar\u0131 hizmetleri anlatt\u0131. Zeyrek, \u201cSosyal yard\u0131mlar\u0131m\u0131z da var. Bunun i\u00e7in belediyeye gelmenize veya araya partili, tan\u0131d\u0131k sokmaya gerek yok. B\u00fcy\u00fck\u015fehir Belediyesi\u2019nin internet sitesine girin, sosyal yard\u0131m k\u0131sm\u0131nda size uygun olan\u0131 se\u00e7ip, ba\u015fvurunuzu yap\u0131n. Bizim ekiplerimiz sizleri arayacakt\u0131r. Sosyal belediyecilik hizmetlerimiz Halk Ekmek, Halk Mand\u0131ra\u2019y\u0131 a\u00e7t\u0131k. Y\u00fczde 25 daha ucuza peynir ve s\u00fct \u00fcr\u00fcnlerini halk\u0131m\u0131zla bulu\u015fturuyoruz. Kent Lokantas\u0131\u2019n\u0131 a\u00e7t\u0131k. Yeni ba\u015flad\u0131k, say\u0131s\u0131n\u0131 artt\u0131raca\u011f\u0131z. 7 bin 500 anneye, \u00fccretsiz ula\u015f\u0131m imkan\u0131 sa\u011flayan &hellip;\" \/>\n<meta property=\"og:url\" content=\"https:\/\/denizcankizil.tr\/ru\/haberler\/gundem\/manisada-4-kirsal-mahalleye-ziyaret\/\" \/>\n<meta property=\"og:site_name\" content=\"Av. Deniz Can K\u0131z\u0131l\" \/>\n<meta property=\"article:published_time\" content=\"2025-01-20T10:41:29+00:00\" \/>\n<meta name=\"author\" content=\"admin\" \/>\n<meta name=\"twitter:card\" content=\"summary_large_image\" \/>\n<meta name=\"twitter:label1\" content=\"\u041d\u0430\u043f\u0438\u0441\u0430\u043d\u043e \u0430\u0432\u0442\u043e\u0440\u043e\u043c\" \/>\n\t<meta name=\"twitter:data1\" content=\"admin\" \/>\n\t<meta name=\"twitter:label2\" content=\"\u041f\u0440\u0438\u043c\u0435\u0440\u043d\u043e\u0435 \u0432\u0440\u0435\u043c\u044f \u0434\u043b\u044f \u0447\u0442\u0435\u043d\u0438\u044f\" \/>\n\t<meta name=\"twitter:data2\" content=\"10 \u043c\u0438\u043d\u0443\u0442\" \/>\n<script type=\"application\/ld+json\" class=\"yoast-schema-graph\">{\"@context\":\"https:\/\/schema.org\",\"@graph\":[{\"@type\":\"Article\",\"@id\":\"https:\/\/denizcankizil.tr\/ru\/haberler\/gundem\/manisada-4-kirsal-mahalleye-ziyaret\/#article\",\"isPartOf\":{\"@id\":\"https:\/\/denizcankizil.tr\/ru\/haberler\/gundem\/manisada-4-kirsal-mahalleye-ziyaret\/\"},\"author\":{\"name\":\"admin\",\"@id\":\"https:\/\/denizcankizil.tr\/de\/#\/schema\/person\/be3c05fe6a12686905512445d8185489\"},\"headline\":\"Manisa&#8217;da 4 k\u0131rsal mahalleye ziyaret\",\"datePublished\":\"2025-01-20T10:41:29+00:00\",\"mainEntityOfPage\":{\"@id\":\"https:\/\/denizcankizil.tr\/ru\/haberler\/gundem\/manisada-4-kirsal-mahalleye-ziyaret\/\"},\"wordCount\":1950,\"commentCount\":0,\"publisher\":{\"@id\":\"https:\/\/denizcankizil.tr\/de\/#organization\"},\"articleSection\":[\"G\u00fcndem\"],\"inLanguage\":\"ru-RU\",\"potentialAction\":[{\"@type\":\"CommentAction\",\"name\":\"Comment\",\"target\":[\"https:\/\/denizcankizil.tr\/ru\/haberler\/gundem\/manisada-4-kirsal-mahalleye-ziyaret\/#respond\"]}]},{\"@type\":\"WebPage\",\"@id\":\"https:\/\/denizcankizil.tr\/ru\/haberler\/gundem\/manisada-4-kirsal-mahalleye-ziyaret\/\",\"url\":\"https:\/\/denizcankizil.tr\/ru\/haberler\/gundem\/manisada-4-kirsal-mahalleye-ziyaret\/\",\"name\":\"Manisa'da 4 k\u0131rsal mahalleye ziyaret - Av. Deniz Can K\u0131z\u0131l\",\"isPartOf\":{\"@id\":\"https:\/\/denizcankizil.tr\/de\/#website\"},\"datePublished\":\"2025-01-20T10:41:29+00:00\",\"breadcrumb\":{\"@id\":\"https:\/\/denizcankizil.tr\/ru\/haberler\/gundem\/manisada-4-kirsal-mahalleye-ziyaret\/#breadcrumb\"},\"inLanguage\":\"ru-RU\",\"potentialAction\":[{\"@type\":\"ReadAction\",\"target\":[\"https:\/\/denizcankizil.tr\/ru\/haberler\/gundem\/manisada-4-kirsal-mahalleye-ziyaret\/\"]}]},{\"@type\":\"BreadcrumbList\",\"@id\":\"https:\/\/denizcankizil.tr\/ru\/haberler\/gundem\/manisada-4-kirsal-mahalleye-ziyaret\/#breadcrumb\",\"itemListElement\":[{\"@type\":\"ListItem\",\"position\":1,\"name\":\"Home\",\"item\":\"https:\/\/denizcankizil.tr\/de\/\"},{\"@type\":\"ListItem\",\"position\":2,\"name\":\"Manisa&#8217;da 4 k\u0131rsal mahalleye ziyaret\"}]},{\"@type\":\"WebSite\",\"@id\":\"https:\/\/denizcankizil.tr\/de\/#website\",\"url\":\"https:\/\/denizcankizil.tr\/de\/\",\"name\":\"Av. Deniz Can K\u0131z\u0131l\",\"description\":\"Avukat Deniz Can K\u0131z\u0131l Antalya Barosu\",\"publisher\":{\"@id\":\"https:\/\/denizcankizil.tr\/de\/#organization\"},\"potentialAction\":[{\"@type\":\"SearchAction\",\"target\":{\"@type\":\"EntryPoint\",\"urlTemplate\":\"https:\/\/denizcankizil.tr\/de\/?s={search_term_string}\"},\"query-input\":{\"@type\":\"PropertyValueSpecification\",\"valueRequired\":true,\"valueName\":\"search_term_string\"}}],\"inLanguage\":\"ru-RU\"},{\"@type\":\"Organization\",\"@id\":\"https:\/\/denizcankizil.tr\/de\/#organization\",\"name\":\"Av. Deniz Can K\u0131z\u0131l\",\"url\":\"https:\/\/denizcankizil.tr\/de\/\",\"logo\":{\"@type\":\"ImageObject\",\"inLanguage\":\"ru-RU\",\"@id\":\"https:\/\/denizcankizil.tr\/de\/#\/schema\/logo\/image\/\",\"url\":\"https:\/\/denizcankizil.tr\/wp-content\/uploads\/2024\/10\/siyah-logo-svg.svg\",\"contentUrl\":\"https:\/\/denizcankizil.tr\/wp-content\/uploads\/2024\/10\/siyah-logo-svg.svg\",\"width\":1080,\"height\":1080,\"caption\":\"Av. Deniz Can K\u0131z\u0131l\"},\"image\":{\"@id\":\"https:\/\/denizcankizil.tr\/de\/#\/schema\/logo\/image\/\"}},{\"@type\":\"Person\",\"@id\":\"https:\/\/denizcankizil.tr\/de\/#\/schema\/person\/be3c05fe6a12686905512445d8185489\",\"name\":\"admin\",\"image\":{\"@type\":\"ImageObject\",\"inLanguage\":\"ru-RU\",\"@id\":\"https:\/\/denizcankizil.tr\/de\/#\/schema\/person\/image\/\",\"url\":\"https:\/\/secure.gravatar.com\/avatar\/c1fce94c830dc79107e174f890d7210541c4a63e8e5d816341794a2151c9d58c?s=96&d=mm&r=g\",\"contentUrl\":\"https:\/\/secure.gravatar.com\/avatar\/c1fce94c830dc79107e174f890d7210541c4a63e8e5d816341794a2151c9d58c?s=96&d=mm&r=g\",\"caption\":\"admin\"},\"sameAs\":[\"http:\/\/denizcankizil.tr\"],\"url\":\"https:\/\/www.iskenderun.org\/manisada-4-kirsal-mahalleye-ziyaret\"}]}<\/script>\n<!-- \/ Yoast SEO Premium plugin. -->","yoast_head_json":{"title":"Manisa'da 4 k\u0131rsal mahalleye ziyaret - Av. Deniz Can K\u0131z\u0131l","robots":{"index":"index","follow":"follow","max-snippet":"max-snippet:-1","max-image-preview":"max-image-preview:large","max-video-preview":"max-video-preview:-1"},"canonical":"https:\/\/denizcankizil.tr\/ru\/haberler\/gundem\/manisada-4-kirsal-mahalleye-ziyaret\/","og_locale":"ru_RU","og_type":"article","og_title":"Manisa'da 4 k\u0131rsal mahalleye ziyaret","og_description":"Manisa\u2019n\u0131n 17 il\u00e7esinde hem\u015ferileriyle bir araya gelemeye devam eden Manisa B\u00fcy\u00fck\u015fehir Belediye Ba\u015fkan\u0131 Mimar Ferdi Zeyrek, hafta sonunda \u015eehzadeler il\u00e7esinde k\u0131rsal 4 mahalleye ziyaret ger\u00e7ekle\u015ftirerek vatanda\u015flarla bulu\u015ftu.MAN\u0130SA (\u0130GFA) &#8211;\u00a0Manisa\u2019n\u0131n bir tar\u0131m kenti oldu\u011funu vurgulayan Ferdi Zeyrek, tar\u0131msal kalk\u0131nma i\u00e7in \u00e7ift\u00e7ilere y\u00f6nelik projelerle \u00fcretimi desteklediklerini belirtti. Her zaman \u00e7ift\u00e7inin yan\u0131nda olacaklar\u0131n\u0131 belirten Zeyrek, kooperatifle\u015fmenin \u00f6nemine de de\u011findi \u201c50 d\u00f6n\u00fcm alt\u0131ndaki \u00e7ift\u00e7ilerimize y\u00fczde 75 hibeli tohum deste\u011finde bulunduk. G\u00fcbre ve ekipman deste\u011fi yapt\u0131k. \u00dcretim i\u00e7in destek istiyorlar, onun da deste\u011fini verece\u011fiz. \u00c7uvaldaki \u00fcz\u00fcm para etmiyor. Kooperatifle\u015ferek bu \u00fcz\u00fcmleri 40-50 graml\u0131k po\u015fetlere koydu\u011fumuz zaman kazanmaya ba\u015flayacaks\u0131n\u0131z. Kooperatif olunca kazanmaya ba\u015flayacaks\u0131n\u0131z\u201d diyerek kooperatifle\u015fmenin \u00f6nc\u00fcl\u00fc\u011f\u00fcn\u00fc yapmak istedi\u011fini s\u00f6yledi. Manisa\u2019y\u0131 Sosyal Belediyecilik ile Tan\u0131\u015ft\u0131rd\u0131k \u201cSosyal belediyecilik hizmetleri daha \u00f6nce Manisa\u2019mda yoktu\u201d diyen Ba\u015fkan Zeyrek, ilk g\u00fcnden itibaren sosyal belediyecilik anlay\u0131\u015f\u0131yla hizmet ettiklerini ifade ederek bu alanda yapt\u0131klar\u0131 hizmetleri anlatt\u0131. Zeyrek, \u201cSosyal yard\u0131mlar\u0131m\u0131z da var. Bunun i\u00e7in belediyeye gelmenize veya araya partili, tan\u0131d\u0131k sokmaya gerek yok. B\u00fcy\u00fck\u015fehir Belediyesi\u2019nin internet sitesine girin, sosyal yard\u0131m k\u0131sm\u0131nda size uygun olan\u0131 se\u00e7ip, ba\u015fvurunuzu yap\u0131n. Bizim ekiplerimiz sizleri arayacakt\u0131r. Sosyal belediyecilik hizmetlerimiz Halk Ekmek, Halk Mand\u0131ra\u2019y\u0131 a\u00e7t\u0131k. Y\u00fczde 25 daha ucuza peynir ve s\u00fct \u00fcr\u00fcnlerini halk\u0131m\u0131zla bulu\u015fturuyoruz. Kent Lokantas\u0131\u2019n\u0131 a\u00e7t\u0131k. Yeni ba\u015flad\u0131k, say\u0131s\u0131n\u0131 artt\u0131raca\u011f\u0131z. 7 bin 500 anneye, \u00fccretsiz ula\u015f\u0131m imkan\u0131 sa\u011flayan &hellip;","og_url":"https:\/\/denizcankizil.tr\/ru\/haberler\/gundem\/manisada-4-kirsal-mahalleye-ziyaret\/","og_site_name":"Av. Deniz Can K\u0131z\u0131l","article_published_time":"2025-01-20T10:41:29+00:00","author":"admin","twitter_card":"summary_large_image","twitter_misc":{"\u041d\u0430\u043f\u0438\u0441\u0430\u043d\u043e \u0430\u0432\u0442\u043e\u0440\u043e\u043c":"admin","\u041f\u0440\u0438\u043c\u0435\u0440\u043d\u043e\u0435 \u0432\u0440\u0435\u043c\u044f \u0434\u043b\u044f \u0447\u0442\u0435\u043d\u0438\u044f":"10 \u043c\u0438\u043d\u0443\u0442"},"schema":{"@context":"https:\/\/schema.org","@graph":[{"@type":"Article","@id":"https:\/\/denizcankizil.tr\/ru\/haberler\/gundem\/manisada-4-kirsal-mahalleye-ziyaret\/#article","isPartOf":{"@id":"https:\/\/denizcankizil.tr\/ru\/haberler\/gundem\/manisada-4-kirsal-mahalleye-ziyaret\/"},"author":{"name":"admin","@id":"https:\/\/denizcankizil.tr\/de\/#\/schema\/person\/be3c05fe6a12686905512445d8185489"},"headline":"Manisa&#8217;da 4 k\u0131rsal mahalleye ziyaret","datePublished":"2025-01-20T10:41:29+00:00","mainEntityOfPage":{"@id":"https:\/\/denizcankizil.tr\/ru\/haberler\/gundem\/manisada-4-kirsal-mahalleye-ziyaret\/"},"wordCount":1950,"commentCount":0,"publisher":{"@id":"https:\/\/denizcankizil.tr\/de\/#organization"},"articleSection":["G\u00fcndem"],"inLanguage":"ru-RU","potentialAction":[{"@type":"CommentAction","name":"Comment","target":["https:\/\/denizcankizil.tr\/ru\/haberler\/gundem\/manisada-4-kirsal-mahalleye-ziyaret\/#respond"]}]},{"@type":"WebPage","@id":"https:\/\/denizcankizil.tr\/ru\/haberler\/gundem\/manisada-4-kirsal-mahalleye-ziyaret\/","url":"https:\/\/denizcankizil.tr\/ru\/haberler\/gundem\/manisada-4-kirsal-mahalleye-ziyaret\/","name":"Manisa'da 4 k\u0131rsal mahalleye ziyaret - Av. Deniz Can K\u0131z\u0131l","isPartOf":{"@id":"https:\/\/denizcankizil.tr\/de\/#website"},"datePublished":"2025-01-20T10:41:29+00:00","breadcrumb":{"@id":"https:\/\/denizcankizil.tr\/ru\/haberler\/gundem\/manisada-4-kirsal-mahalleye-ziyaret\/#breadcrumb"},"inLanguage":"ru-RU","potentialAction":[{"@type":"ReadAction","target":["https:\/\/denizcankizil.tr\/ru\/haberler\/gundem\/manisada-4-kirsal-mahalleye-ziyaret\/"]}]},{"@type":"BreadcrumbList","@id":"https:\/\/denizcankizil.tr\/ru\/haberler\/gundem\/manisada-4-kirsal-mahalleye-ziyaret\/#breadcrumb","itemListElement":[{"@type":"ListItem","position":1,"name":"Home","item":"https:\/\/denizcankizil.tr\/de\/"},{"@type":"ListItem","position":2,"name":"Manisa&#8217;da 4 k\u0131rsal mahalleye ziyaret"}]},{"@type":"WebSite","@id":"https:\/\/denizcankizil.tr\/de\/#website","url":"https:\/\/denizcankizil.tr\/de\/","name":"Av. Deniz Can K\u0131z\u0131l","description":"Avukat Deniz Can K\u0131z\u0131l Antalya Barosu","publisher":{"@id":"https:\/\/denizcankizil.tr\/de\/#organization"},"potentialAction":[{"@type":"SearchAction","target":{"@type":"EntryPoint","urlTemplate":"https:\/\/denizcankizil.tr\/de\/?s={search_term_string}"},"query-input":{"@type":"PropertyValueSpecification","valueRequired":true,"valueName":"search_term_string"}}],"inLanguage":"ru-RU"},{"@type":"Organization","@id":"https:\/\/denizcankizil.tr\/de\/#organization","name":"Av. Deniz Can K\u0131z\u0131l","url":"https:\/\/denizcankizil.tr\/de\/","logo":{"@type":"ImageObject","inLanguage":"ru-RU","@id":"https:\/\/denizcankizil.tr\/de\/#\/schema\/logo\/image\/","url":"https:\/\/denizcankizil.tr\/wp-content\/uploads\/2024\/10\/siyah-logo-svg.svg","contentUrl":"https:\/\/denizcankizil.tr\/wp-content\/uploads\/2024\/10\/siyah-logo-svg.svg","width":1080,"height":1080,"caption":"Av. Deniz Can K\u0131z\u0131l"},"image":{"@id":"https:\/\/denizcankizil.tr\/de\/#\/schema\/logo\/image\/"}},{"@type":"Person","@id":"https:\/\/denizcankizil.tr\/de\/#\/schema\/person\/be3c05fe6a12686905512445d8185489","name":"\u0430\u0434\u043c\u0438\u043d","image":{"@type":"ImageObject","inLanguage":"ru-RU","@id":"https:\/\/denizcankizil.tr\/de\/#\/schema\/person\/image\/","url":"https:\/\/secure.gravatar.com\/avatar\/c1fce94c830dc79107e174f890d7210541c4a63e8e5d816341794a2151c9d58c?s=96&d=mm&r=g","contentUrl":"https:\/\/secure.gravatar.com\/avatar\/c1fce94c830dc79107e174f890d7210541c4a63e8e5d816341794a2151c9d58c?s=96&d=mm&r=g","caption":"admin"},"sameAs":["http:\/\/denizcankizil.tr"],"url":"https:\/\/www.iskenderun.org\/manisada-4-kirsal-mahalleye-ziyaret"}]}},"_links":{"self":[{"href":"https:\/\/denizcankizil.tr\/ru\/wp-json\/wp\/v2\/posts\/26305","targetHints":{"allow":["GET"]}}],"collection":[{"href":"https:\/\/denizcankizil.tr\/ru\/wp-json\/wp\/v2\/posts"}],"about":[{"href":"https:\/\/denizcankizil.tr\/ru\/wp-json\/wp\/v2\/types\/post"}],"author":[{"embeddable":true,"href":"https:\/\/denizcankizil.tr\/ru\/wp-json\/wp\/v2\/users\/1"}],"replies":[{"embeddable":true,"href":"https:\/\/denizcankizil.tr\/ru\/wp-json\/wp\/v2\/comments?post=26305"}],"version-history":[{"count":0,"href":"https:\/\/denizcankizil.tr\/ru\/wp-json\/wp\/v2\/posts\/26305\/revisions"}],"wp:attachment":[{"href":"https:\/\/denizcankizil.tr\/ru\/wp-json\/wp\/v2\/media?parent=26305"}],"wp:term":[{"taxonomy":"category","embeddable":true,"href":"https:\/\/denizcankizil.tr\/ru\/wp-json\/wp\/v2\/categories?post=26305"},{"taxonomy":"post_tag","embeddable":true,"href":"https:\/\/denizcankizil.tr\/ru\/wp-json\/wp\/v2\/tags?post=26305"}],"curies":[{"name":"wp","href":"https:\/\/api.w.org\/{rel}","templated":true}]}}