{"id":26262,"date":"2025-01-20T10:41:57","date_gmt":"2025-01-20T07:41:57","guid":{"rendered":"https:\/\/denizcankizil.tr\/uncategorized-tr\/12-milyar-tl-tutarindaki-sed-odemeleri-hesaplarda\/"},"modified":"2025-01-20T10:41:57","modified_gmt":"2025-01-20T07:41:57","slug":"12-milyar-tl-tutarindaki-sed-odemeleri-hesaplarda","status":"publish","type":"post","link":"https:\/\/denizcankizil.tr\/ru\/haberler\/gundem\/12-milyar-tl-tutarindaki-sed-odemeleri-hesaplarda\/","title":{"rendered":"1,2 milyar TL tutar\u0131ndaki SED \u00f6demeleri hesaplarda"},"content":{"rendered":"<p>Aile ve Sosyal Hizmetler Bakan\u0131 Mahinur \u00d6zdemir G\u00f6kta\u015f, \u00e7ocuklar\u0131n sosyal a\u00e7\u0131dan desteklenmesi ve e\u011fitim giderlerinin kar\u015f\u0131lanmas\u0131 i\u00e7in Ocak ay\u0131na y\u00f6nelik toplam 1 milyar 189 milyon lira tutar\u0131ndaki Sosyal ve Ekonomik Destek (SED) \u00f6demesinin hesaplara yat\u0131r\u0131ld\u0131\u011f\u0131n\u0131 a\u00e7\u0131klad\u0131.ANKARA (\u0130GFA) &#8211; Aile ve Sosyal Hizmetler Bakan\u0131 Mahinur \u00d6zdemir G\u00f6kta\u015f, yapt\u0131\u011f\u0131 a\u00e7\u0131klamada, \u00e7ocuklara y\u00f6nelik hizmetlere \u00f6zel \u00f6nem verdiklerini ve \u00e7ocuklar\u0131n farkl\u0131 ihtiya\u00e7lar\u0131n\u0131 g\u00f6zeterek hizmetleri \u00e7e\u015fitlendirdiklerini belirtti.<br \/>\nBu kapsamda SED ile \u00e7ocuklar\u0131, ailelerinin yan\u0131nda ve sosyal \u00e7evresi i\u00e7erisinde desteklediklerini bildiren Bakan G\u00f6kta\u015f, \u00e7ocuklar\u0131n milli de\u011ferlere sahip, kendine g\u00fcvenen, e\u011fitimli ve sa\u011fl\u0131kl\u0131 birer fert olarak yeti\u015fmeleri i\u00e7in t\u00fcm gayretleriyle \u00e7al\u0131\u015ft\u0131klar\u0131n\u0131 ifade etti. Aile odakl\u0131 sosyal hizmet modelleri ile \u00e7ocuklar\u0131n \u00f6ncelikli olarak aile \u015fefkati ve s\u0131cakl\u0131\u011f\u0131yla yeti\u015febilmeleri i\u00e7in gayret g\u00f6sterdiklerini belirten Bakan G\u00f6kta\u015f, \u00e7ocuklar\u0131n sosyal a\u00e7\u0131dan desteklenmesi ve e\u011fitim giderlerinin kar\u015f\u0131lanmas\u0131 i\u00e7in Ocak ay\u0131na y\u00f6nelik toplam 1 milyar 189 milyon lira tutar\u0131ndaki SED \u00f6demesini hesaplara yat\u0131rd\u0131klar\u0131n\u0131 s\u00f6yledi.<br \/>\nSosyal Ekonomik Destekle ailelerin ve \u00e7ocuklar\u0131n psikososyal destek hizmeti ile g\u00fc\u00e7lenmesi sa\u011flanarak \u00e7ocuklara y\u00f6nelik sportif, k\u00fclt\u00fcrel, akademik ve sosyal etkinlikler hayata ge\u00e7iriliyor.<br \/>\n\u00d6te yandan Ocak ay\u0131 memur maa\u015f katsay\u0131s\u0131ndaki yeni d\u00fczenlemeyle SED hizmetinde \u00e7ocuk ba\u015f\u0131na yap\u0131lan ekonomik destek tutar\u0131 \u015fubat ay\u0131nda hak sahiplerinin hesaplar\u0131na art\u0131\u015fl\u0131 \u015fekilde ortalama 7 bin 94 lira olarak yat\u0131r\u0131lacak.<\/p>\n<p>\u200bAile ve Sosyal Hizmetler Bakan\u0131 Mahinur \u00d6zdemir G\u00f6kta\u015f, \u00e7ocuklar\u0131n sosyal a\u00e7\u0131dan desteklenmesi ve e\u011fitim giderlerinin kar\u015f\u0131lanmas\u0131 i\u00e7in Ocak ay\u0131na y\u00f6nelik toplam 1 milyar 189 milyon lira tutar\u0131ndaki Sosyal ve Ekonomik Destek (SED) \u00f6demesinin hesaplara yat\u0131r\u0131ld\u0131\u011f\u0131n\u0131 a\u00e7\u0131klad\u0131.ANKARA (\u0130GFA) &#8211; Aile ve Sosyal Hizmetler Bakan\u0131 Mahinur \u00d6zdemir G\u00f6kta\u015f, yapt\u0131\u011f\u0131 a\u00e7\u0131klamada, \u00e7ocuklara y\u00f6nelik hizmetlere \u00f6zel \u00f6nem verdiklerini ve \u00e7ocuklar\u0131n farkl\u0131 ihtiya\u00e7lar\u0131n\u0131 g\u00f6zeterek hizmetleri \u00e7e\u015fitlendirdiklerini belirtti.<br \/>\nBu kapsamda SED ile \u00e7ocuklar\u0131, ailelerinin yan\u0131nda ve sosyal \u00e7evresi i\u00e7erisinde desteklediklerini bildiren Bakan G\u00f6kta\u015f, \u00e7ocuklar\u0131n milli de\u011ferlere sahip, kendine g\u00fcvenen, e\u011fitimli ve sa\u011fl\u0131kl\u0131 birer fert olarak yeti\u015fmeleri i\u00e7in t\u00fcm gayretleriyle \u00e7al\u0131\u015ft\u0131klar\u0131n\u0131 ifade etti. Aile odakl\u0131 sosyal hizmet modelleri ile \u00e7ocuklar\u0131n \u00f6ncelikli olarak aile \u015fefkati ve s\u0131cakl\u0131\u011f\u0131yla yeti\u015febilmeleri i\u00e7in gayret g\u00f6sterdiklerini belirten Bakan G\u00f6kta\u015f, \u00e7ocuklar\u0131n sosyal a\u00e7\u0131dan desteklenmesi ve e\u011fitim giderlerinin kar\u015f\u0131lanmas\u0131 i\u00e7in Ocak ay\u0131na y\u00f6nelik toplam 1 milyar 189 milyon lira tutar\u0131ndaki SED \u00f6demesini hesaplara yat\u0131rd\u0131klar\u0131n\u0131 s\u00f6yledi.<br \/>\nSosyal Ekonomik Destekle ailelerin ve \u00e7ocuklar\u0131n psikososyal destek hizmeti ile g\u00fc\u00e7lenmesi sa\u011flanarak \u00e7ocuklara y\u00f6nelik sportif, k\u00fclt\u00fcrel, akademik ve sosyal etkinlikler hayata ge\u00e7iriliyor.<br \/>\n\u00d6te yandan Ocak ay\u0131 memur maa\u015f katsay\u0131s\u0131ndaki yeni d\u00fczenlemeyle SED hizmetinde \u00e7ocuk ba\u015f\u0131na yap\u0131lan ekonomik destek tutar\u0131 \u015fubat ay\u0131nda hak sahiplerinin hesaplar\u0131na art\u0131\u015fl\u0131 \u015fekilde ortalama 7 bin 94 lira olarak yat\u0131r\u0131lacak.\u00a0<\/p>\n<p>\u200bHaberin Al\u0131nt\u0131land\u0131\u011f\u0131 Kaynak: www.iskenderun.org<\/p>","protected":false},"excerpt":{"rendered":"<p>Aile ve Sosyal Hizmetler Bakan\u0131 Mahinur \u00d6zdemir G\u00f6kta\u015f, \u00e7ocuklar\u0131n sosyal a\u00e7\u0131dan desteklenmesi ve e\u011fitim giderlerinin kar\u015f\u0131lanmas\u0131 i\u00e7in Ocak ay\u0131na y\u00f6nelik toplam 1 milyar 189 milyon lira tutar\u0131ndaki Sosyal ve Ekonomik Destek (SED) \u00f6demesinin hesaplara yat\u0131r\u0131ld\u0131\u011f\u0131n\u0131 a\u00e7\u0131klad\u0131.ANKARA (\u0130GFA) &#8211; Aile ve Sosyal Hizmetler Bakan\u0131 Mahinur \u00d6zdemir G\u00f6kta\u015f, yapt\u0131\u011f\u0131 a\u00e7\u0131klamada, \u00e7ocuklara y\u00f6nelik hizmetlere \u00f6zel \u00f6nem verdiklerini ve \u00e7ocuklar\u0131n farkl\u0131 ihtiya\u00e7lar\u0131n\u0131 g\u00f6zeterek hizmetleri \u00e7e\u015fitlendirdiklerini belirtti. Bu kapsamda SED ile \u00e7ocuklar\u0131, ailelerinin yan\u0131nda ve sosyal \u00e7evresi i\u00e7erisinde desteklediklerini bildiren Bakan G\u00f6kta\u015f, \u00e7ocuklar\u0131n milli de\u011ferlere sahip, kendine g\u00fcvenen, e\u011fitimli ve sa\u011fl\u0131kl\u0131 birer fert olarak yeti\u015fmeleri i\u00e7in t\u00fcm gayretleriyle \u00e7al\u0131\u015ft\u0131klar\u0131n\u0131 ifade etti. Aile odakl\u0131 sosyal hizmet modelleri ile \u00e7ocuklar\u0131n \u00f6ncelikli olarak aile \u015fefkati ve s\u0131cakl\u0131\u011f\u0131yla yeti\u015febilmeleri i\u00e7in gayret g\u00f6sterdiklerini belirten Bakan G\u00f6kta\u015f, \u00e7ocuklar\u0131n sosyal a\u00e7\u0131dan desteklenmesi ve e\u011fitim giderlerinin kar\u015f\u0131lanmas\u0131 i\u00e7in Ocak ay\u0131na y\u00f6nelik toplam 1 milyar 189 milyon lira tutar\u0131ndaki SED \u00f6demesini hesaplara yat\u0131rd\u0131klar\u0131n\u0131 s\u00f6yledi. Sosyal Ekonomik Destekle ailelerin ve \u00e7ocuklar\u0131n psikososyal destek hizmeti ile g\u00fc\u00e7lenmesi sa\u011flanarak \u00e7ocuklara y\u00f6nelik sportif, k\u00fclt\u00fcrel, akademik ve sosyal etkinlikler hayata ge\u00e7iriliyor. \u00d6te yandan Ocak ay\u0131 memur maa\u015f katsay\u0131s\u0131ndaki yeni d\u00fczenlemeyle SED hizmetinde \u00e7ocuk ba\u015f\u0131na yap\u0131lan ekonomik destek tutar\u0131 \u015fubat ay\u0131nda hak sahiplerinin hesaplar\u0131na art\u0131\u015fl\u0131 \u015fekilde ortalama 7 bin 94 lira olarak yat\u0131r\u0131lacak. \u200bAile ve Sosyal Hizmetler Bakan\u0131 Mahinur \u00d6zdemir &hellip;<\/p>","protected":false},"author":1,"featured_media":0,"comment_status":"open","ping_status":"open","sticky":false,"template":"","format":"standard","meta":{"_acf_changed":false,"footnotes":""},"categories":[24],"tags":[],"class_list":["post-26262","post","type-post","status-publish","format-standard","has-post-thumbnail","hentry","category-gundem"],"acf":[],"yoast_head":"<!-- This site is optimized with the Yoast SEO Premium plugin v26.6 (Yoast SEO v27.1.1) - https:\/\/yoast.com\/product\/yoast-seo-premium-wordpress\/ -->\n<title>1,2 milyar TL tutar\u0131ndaki SED \u00f6demeleri hesaplarda - Av. Deniz Can K\u0131z\u0131l<\/title>\n<meta name=\"robots\" content=\"index, follow, max-snippet:-1, max-image-preview:large, max-video-preview:-1\" \/>\n<link rel=\"canonical\" href=\"https:\/\/denizcankizil.tr\/ru\/haberler\/gundem\/12-milyar-tl-tutarindaki-sed-odemeleri-hesaplarda\/\" \/>\n<meta property=\"og:locale\" content=\"ru_RU\" \/>\n<meta property=\"og:type\" content=\"article\" \/>\n<meta property=\"og:title\" content=\"1,2 milyar TL tutar\u0131ndaki SED \u00f6demeleri hesaplarda\" \/>\n<meta property=\"og:description\" content=\"Aile ve Sosyal Hizmetler Bakan\u0131 Mahinur \u00d6zdemir G\u00f6kta\u015f, \u00e7ocuklar\u0131n sosyal a\u00e7\u0131dan desteklenmesi ve e\u011fitim giderlerinin kar\u015f\u0131lanmas\u0131 i\u00e7in Ocak ay\u0131na y\u00f6nelik toplam 1 milyar 189 milyon lira tutar\u0131ndaki Sosyal ve Ekonomik Destek (SED) \u00f6demesinin hesaplara yat\u0131r\u0131ld\u0131\u011f\u0131n\u0131 a\u00e7\u0131klad\u0131.ANKARA (\u0130GFA) &#8211; Aile ve Sosyal Hizmetler Bakan\u0131 Mahinur \u00d6zdemir G\u00f6kta\u015f, yapt\u0131\u011f\u0131 a\u00e7\u0131klamada, \u00e7ocuklara y\u00f6nelik hizmetlere \u00f6zel \u00f6nem verdiklerini ve \u00e7ocuklar\u0131n farkl\u0131 ihtiya\u00e7lar\u0131n\u0131 g\u00f6zeterek hizmetleri \u00e7e\u015fitlendirdiklerini belirtti. Bu kapsamda SED ile \u00e7ocuklar\u0131, ailelerinin yan\u0131nda ve sosyal \u00e7evresi i\u00e7erisinde desteklediklerini bildiren Bakan G\u00f6kta\u015f, \u00e7ocuklar\u0131n milli de\u011ferlere sahip, kendine g\u00fcvenen, e\u011fitimli ve sa\u011fl\u0131kl\u0131 birer fert olarak yeti\u015fmeleri i\u00e7in t\u00fcm gayretleriyle \u00e7al\u0131\u015ft\u0131klar\u0131n\u0131 ifade etti. Aile odakl\u0131 sosyal hizmet modelleri ile \u00e7ocuklar\u0131n \u00f6ncelikli olarak aile \u015fefkati ve s\u0131cakl\u0131\u011f\u0131yla yeti\u015febilmeleri i\u00e7in gayret g\u00f6sterdiklerini belirten Bakan G\u00f6kta\u015f, \u00e7ocuklar\u0131n sosyal a\u00e7\u0131dan desteklenmesi ve e\u011fitim giderlerinin kar\u015f\u0131lanmas\u0131 i\u00e7in Ocak ay\u0131na y\u00f6nelik toplam 1 milyar 189 milyon lira tutar\u0131ndaki SED \u00f6demesini hesaplara yat\u0131rd\u0131klar\u0131n\u0131 s\u00f6yledi. Sosyal Ekonomik Destekle ailelerin ve \u00e7ocuklar\u0131n psikososyal destek hizmeti ile g\u00fc\u00e7lenmesi sa\u011flanarak \u00e7ocuklara y\u00f6nelik sportif, k\u00fclt\u00fcrel, akademik ve sosyal etkinlikler hayata ge\u00e7iriliyor. \u00d6te yandan Ocak ay\u0131 memur maa\u015f katsay\u0131s\u0131ndaki yeni d\u00fczenlemeyle SED hizmetinde \u00e7ocuk ba\u015f\u0131na yap\u0131lan ekonomik destek tutar\u0131 \u015fubat ay\u0131nda hak sahiplerinin hesaplar\u0131na art\u0131\u015fl\u0131 \u015fekilde ortalama 7 bin 94 lira olarak yat\u0131r\u0131lacak. \u200bAile ve Sosyal Hizmetler Bakan\u0131 Mahinur \u00d6zdemir &hellip;\" \/>\n<meta property=\"og:url\" content=\"https:\/\/denizcankizil.tr\/ru\/haberler\/gundem\/12-milyar-tl-tutarindaki-sed-odemeleri-hesaplarda\/\" \/>\n<meta property=\"og:site_name\" content=\"Av. Deniz Can K\u0131z\u0131l\" \/>\n<meta property=\"article:published_time\" content=\"2025-01-20T07:41:57+00:00\" \/>\n<meta name=\"author\" content=\"admin\" \/>\n<meta name=\"twitter:card\" content=\"summary_large_image\" \/>\n<meta name=\"twitter:label1\" content=\"\u041d\u0430\u043f\u0438\u0441\u0430\u043d\u043e \u0430\u0432\u0442\u043e\u0440\u043e\u043c\" \/>\n\t<meta name=\"twitter:data1\" content=\"admin\" \/>\n\t<meta name=\"twitter:label2\" content=\"\u041f\u0440\u0438\u043c\u0435\u0440\u043d\u043e\u0435 \u0432\u0440\u0435\u043c\u044f \u0434\u043b\u044f \u0447\u0442\u0435\u043d\u0438\u044f\" \/>\n\t<meta name=\"twitter:data2\" content=\"3 \u043c\u0438\u043d\u0443\u0442\u044b\" \/>\n<script type=\"application\/ld+json\" class=\"yoast-schema-graph\">{\"@context\":\"https:\/\/schema.org\",\"@graph\":[{\"@type\":\"Article\",\"@id\":\"https:\/\/denizcankizil.tr\/ru\/haberler\/gundem\/12-milyar-tl-tutarindaki-sed-odemeleri-hesaplarda\/#article\",\"isPartOf\":{\"@id\":\"https:\/\/denizcankizil.tr\/ru\/haberler\/gundem\/12-milyar-tl-tutarindaki-sed-odemeleri-hesaplarda\/\"},\"author\":{\"name\":\"admin\",\"@id\":\"https:\/\/denizcankizil.tr\/#\/schema\/person\/be3c05fe6a12686905512445d8185489\"},\"headline\":\"1,2 milyar TL tutar\u0131ndaki SED \u00f6demeleri hesaplarda\",\"datePublished\":\"2025-01-20T07:41:57+00:00\",\"mainEntityOfPage\":{\"@id\":\"https:\/\/denizcankizil.tr\/ru\/haberler\/gundem\/12-milyar-tl-tutarindaki-sed-odemeleri-hesaplarda\/\"},\"wordCount\":535,\"commentCount\":0,\"publisher\":{\"@id\":\"https:\/\/denizcankizil.tr\/#organization\"},\"articleSection\":[\"G\u00fcndem\"],\"inLanguage\":\"ru-RU\",\"potentialAction\":[{\"@type\":\"CommentAction\",\"name\":\"Comment\",\"target\":[\"https:\/\/denizcankizil.tr\/ru\/haberler\/gundem\/12-milyar-tl-tutarindaki-sed-odemeleri-hesaplarda\/#respond\"]}]},{\"@type\":\"WebPage\",\"@id\":\"https:\/\/denizcankizil.tr\/ru\/haberler\/gundem\/12-milyar-tl-tutarindaki-sed-odemeleri-hesaplarda\/\",\"url\":\"https:\/\/denizcankizil.tr\/ru\/haberler\/gundem\/12-milyar-tl-tutarindaki-sed-odemeleri-hesaplarda\/\",\"name\":\"1,2 milyar TL tutar\u0131ndaki SED \u00f6demeleri hesaplarda - Av. Deniz Can K\u0131z\u0131l\",\"isPartOf\":{\"@id\":\"https:\/\/denizcankizil.tr\/#website\"},\"datePublished\":\"2025-01-20T07:41:57+00:00\",\"breadcrumb\":{\"@id\":\"https:\/\/denizcankizil.tr\/ru\/haberler\/gundem\/12-milyar-tl-tutarindaki-sed-odemeleri-hesaplarda\/#breadcrumb\"},\"inLanguage\":\"ru-RU\",\"potentialAction\":[{\"@type\":\"ReadAction\",\"target\":[\"https:\/\/denizcankizil.tr\/ru\/haberler\/gundem\/12-milyar-tl-tutarindaki-sed-odemeleri-hesaplarda\/\"]}]},{\"@type\":\"BreadcrumbList\",\"@id\":\"https:\/\/denizcankizil.tr\/ru\/haberler\/gundem\/12-milyar-tl-tutarindaki-sed-odemeleri-hesaplarda\/#breadcrumb\",\"itemListElement\":[{\"@type\":\"ListItem\",\"position\":1,\"name\":\"Home\",\"item\":\"https:\/\/denizcankizil.tr\/uk\/\"},{\"@type\":\"ListItem\",\"position\":2,\"name\":\"1,2 milyar TL tutar\u0131ndaki SED \u00f6demeleri hesaplarda\"}]},{\"@type\":\"WebSite\",\"@id\":\"https:\/\/denizcankizil.tr\/#website\",\"url\":\"https:\/\/denizcankizil.tr\/\",\"name\":\"Av. Deniz Can K\u0131z\u0131l\",\"description\":\"Avukat Deniz Can K\u0131z\u0131l Antalya Barosu\",\"publisher\":{\"@id\":\"https:\/\/denizcankizil.tr\/#organization\"},\"potentialAction\":[{\"@type\":\"SearchAction\",\"target\":{\"@type\":\"EntryPoint\",\"urlTemplate\":\"https:\/\/denizcankizil.tr\/?s={search_term_string}\"},\"query-input\":{\"@type\":\"PropertyValueSpecification\",\"valueRequired\":true,\"valueName\":\"search_term_string\"}}],\"inLanguage\":\"ru-RU\"},{\"@type\":\"Organization\",\"@id\":\"https:\/\/denizcankizil.tr\/#organization\",\"name\":\"Av. Deniz Can K\u0131z\u0131l\",\"url\":\"https:\/\/denizcankizil.tr\/\",\"logo\":{\"@type\":\"ImageObject\",\"inLanguage\":\"ru-RU\",\"@id\":\"https:\/\/denizcankizil.tr\/#\/schema\/logo\/image\/\",\"url\":\"https:\/\/denizcankizil.tr\/wp-content\/uploads\/2024\/10\/siyah-logo-svg.svg\",\"contentUrl\":\"https:\/\/denizcankizil.tr\/wp-content\/uploads\/2024\/10\/siyah-logo-svg.svg\",\"width\":1080,\"height\":1080,\"caption\":\"Av. Deniz Can K\u0131z\u0131l\"},\"image\":{\"@id\":\"https:\/\/denizcankizil.tr\/#\/schema\/logo\/image\/\"}},{\"@type\":\"Person\",\"@id\":\"https:\/\/denizcankizil.tr\/#\/schema\/person\/be3c05fe6a12686905512445d8185489\",\"name\":\"admin\",\"image\":{\"@type\":\"ImageObject\",\"inLanguage\":\"ru-RU\",\"@id\":\"https:\/\/denizcankizil.tr\/#\/schema\/person\/image\/\",\"url\":\"https:\/\/secure.gravatar.com\/avatar\/c1fce94c830dc79107e174f890d7210541c4a63e8e5d816341794a2151c9d58c?s=96&d=mm&r=g\",\"contentUrl\":\"https:\/\/secure.gravatar.com\/avatar\/c1fce94c830dc79107e174f890d7210541c4a63e8e5d816341794a2151c9d58c?s=96&d=mm&r=g\",\"caption\":\"admin\"},\"sameAs\":[\"http:\/\/denizcankizil.tr\"],\"url\":\"https:\/\/www.iskenderun.org\/12-milyar-tl-tutarindaki-sed-odemeleri-hesaplarda\"}]}<\/script>\n<!-- \/ Yoast SEO Premium plugin. -->","yoast_head_json":{"title":"1,2 milyar TL tutar\u0131ndaki SED \u00f6demeleri hesaplarda - Av. Deniz Can K\u0131z\u0131l","robots":{"index":"index","follow":"follow","max-snippet":"max-snippet:-1","max-image-preview":"max-image-preview:large","max-video-preview":"max-video-preview:-1"},"canonical":"https:\/\/denizcankizil.tr\/ru\/haberler\/gundem\/12-milyar-tl-tutarindaki-sed-odemeleri-hesaplarda\/","og_locale":"ru_RU","og_type":"article","og_title":"1,2 milyar TL tutar\u0131ndaki SED \u00f6demeleri hesaplarda","og_description":"Aile ve Sosyal Hizmetler Bakan\u0131 Mahinur \u00d6zdemir G\u00f6kta\u015f, \u00e7ocuklar\u0131n sosyal a\u00e7\u0131dan desteklenmesi ve e\u011fitim giderlerinin kar\u015f\u0131lanmas\u0131 i\u00e7in Ocak ay\u0131na y\u00f6nelik toplam 1 milyar 189 milyon lira tutar\u0131ndaki Sosyal ve Ekonomik Destek (SED) \u00f6demesinin hesaplara yat\u0131r\u0131ld\u0131\u011f\u0131n\u0131 a\u00e7\u0131klad\u0131.ANKARA (\u0130GFA) &#8211; Aile ve Sosyal Hizmetler Bakan\u0131 Mahinur \u00d6zdemir G\u00f6kta\u015f, yapt\u0131\u011f\u0131 a\u00e7\u0131klamada, \u00e7ocuklara y\u00f6nelik hizmetlere \u00f6zel \u00f6nem verdiklerini ve \u00e7ocuklar\u0131n farkl\u0131 ihtiya\u00e7lar\u0131n\u0131 g\u00f6zeterek hizmetleri \u00e7e\u015fitlendirdiklerini belirtti. Bu kapsamda SED ile \u00e7ocuklar\u0131, ailelerinin yan\u0131nda ve sosyal \u00e7evresi i\u00e7erisinde desteklediklerini bildiren Bakan G\u00f6kta\u015f, \u00e7ocuklar\u0131n milli de\u011ferlere sahip, kendine g\u00fcvenen, e\u011fitimli ve sa\u011fl\u0131kl\u0131 birer fert olarak yeti\u015fmeleri i\u00e7in t\u00fcm gayretleriyle \u00e7al\u0131\u015ft\u0131klar\u0131n\u0131 ifade etti. Aile odakl\u0131 sosyal hizmet modelleri ile \u00e7ocuklar\u0131n \u00f6ncelikli olarak aile \u015fefkati ve s\u0131cakl\u0131\u011f\u0131yla yeti\u015febilmeleri i\u00e7in gayret g\u00f6sterdiklerini belirten Bakan G\u00f6kta\u015f, \u00e7ocuklar\u0131n sosyal a\u00e7\u0131dan desteklenmesi ve e\u011fitim giderlerinin kar\u015f\u0131lanmas\u0131 i\u00e7in Ocak ay\u0131na y\u00f6nelik toplam 1 milyar 189 milyon lira tutar\u0131ndaki SED \u00f6demesini hesaplara yat\u0131rd\u0131klar\u0131n\u0131 s\u00f6yledi. Sosyal Ekonomik Destekle ailelerin ve \u00e7ocuklar\u0131n psikososyal destek hizmeti ile g\u00fc\u00e7lenmesi sa\u011flanarak \u00e7ocuklara y\u00f6nelik sportif, k\u00fclt\u00fcrel, akademik ve sosyal etkinlikler hayata ge\u00e7iriliyor. \u00d6te yandan Ocak ay\u0131 memur maa\u015f katsay\u0131s\u0131ndaki yeni d\u00fczenlemeyle SED hizmetinde \u00e7ocuk ba\u015f\u0131na yap\u0131lan ekonomik destek tutar\u0131 \u015fubat ay\u0131nda hak sahiplerinin hesaplar\u0131na art\u0131\u015fl\u0131 \u015fekilde ortalama 7 bin 94 lira olarak yat\u0131r\u0131lacak. \u200bAile ve Sosyal Hizmetler Bakan\u0131 Mahinur \u00d6zdemir &hellip;","og_url":"https:\/\/denizcankizil.tr\/ru\/haberler\/gundem\/12-milyar-tl-tutarindaki-sed-odemeleri-hesaplarda\/","og_site_name":"Av. Deniz Can K\u0131z\u0131l","article_published_time":"2025-01-20T07:41:57+00:00","author":"admin","twitter_card":"summary_large_image","twitter_misc":{"\u041d\u0430\u043f\u0438\u0441\u0430\u043d\u043e \u0430\u0432\u0442\u043e\u0440\u043e\u043c":"admin","\u041f\u0440\u0438\u043c\u0435\u0440\u043d\u043e\u0435 \u0432\u0440\u0435\u043c\u044f \u0434\u043b\u044f \u0447\u0442\u0435\u043d\u0438\u044f":"3 \u043c\u0438\u043d\u0443\u0442\u044b"},"schema":{"@context":"https:\/\/schema.org","@graph":[{"@type":"Article","@id":"https:\/\/denizcankizil.tr\/ru\/haberler\/gundem\/12-milyar-tl-tutarindaki-sed-odemeleri-hesaplarda\/#article","isPartOf":{"@id":"https:\/\/denizcankizil.tr\/ru\/haberler\/gundem\/12-milyar-tl-tutarindaki-sed-odemeleri-hesaplarda\/"},"author":{"name":"admin","@id":"https:\/\/denizcankizil.tr\/#\/schema\/person\/be3c05fe6a12686905512445d8185489"},"headline":"1,2 milyar TL tutar\u0131ndaki SED \u00f6demeleri hesaplarda","datePublished":"2025-01-20T07:41:57+00:00","mainEntityOfPage":{"@id":"https:\/\/denizcankizil.tr\/ru\/haberler\/gundem\/12-milyar-tl-tutarindaki-sed-odemeleri-hesaplarda\/"},"wordCount":535,"commentCount":0,"publisher":{"@id":"https:\/\/denizcankizil.tr\/#organization"},"articleSection":["G\u00fcndem"],"inLanguage":"ru-RU","potentialAction":[{"@type":"CommentAction","name":"Comment","target":["https:\/\/denizcankizil.tr\/ru\/haberler\/gundem\/12-milyar-tl-tutarindaki-sed-odemeleri-hesaplarda\/#respond"]}]},{"@type":"WebPage","@id":"https:\/\/denizcankizil.tr\/ru\/haberler\/gundem\/12-milyar-tl-tutarindaki-sed-odemeleri-hesaplarda\/","url":"https:\/\/denizcankizil.tr\/ru\/haberler\/gundem\/12-milyar-tl-tutarindaki-sed-odemeleri-hesaplarda\/","name":"1,2 milyar TL tutar\u0131ndaki SED \u00f6demeleri hesaplarda - Av. Deniz Can K\u0131z\u0131l","isPartOf":{"@id":"https:\/\/denizcankizil.tr\/#website"},"datePublished":"2025-01-20T07:41:57+00:00","breadcrumb":{"@id":"https:\/\/denizcankizil.tr\/ru\/haberler\/gundem\/12-milyar-tl-tutarindaki-sed-odemeleri-hesaplarda\/#breadcrumb"},"inLanguage":"ru-RU","potentialAction":[{"@type":"ReadAction","target":["https:\/\/denizcankizil.tr\/ru\/haberler\/gundem\/12-milyar-tl-tutarindaki-sed-odemeleri-hesaplarda\/"]}]},{"@type":"BreadcrumbList","@id":"https:\/\/denizcankizil.tr\/ru\/haberler\/gundem\/12-milyar-tl-tutarindaki-sed-odemeleri-hesaplarda\/#breadcrumb","itemListElement":[{"@type":"ListItem","position":1,"name":"Home","item":"https:\/\/denizcankizil.tr\/uk\/"},{"@type":"ListItem","position":2,"name":"1,2 milyar TL tutar\u0131ndaki SED \u00f6demeleri hesaplarda"}]},{"@type":"WebSite","@id":"https:\/\/denizcankizil.tr\/#website","url":"https:\/\/denizcankizil.tr\/","name":"Av. Deniz Can K\u0131z\u0131l","description":"Avukat Deniz Can K\u0131z\u0131l Antalya Barosu","publisher":{"@id":"https:\/\/denizcankizil.tr\/#organization"},"potentialAction":[{"@type":"SearchAction","target":{"@type":"EntryPoint","urlTemplate":"https:\/\/denizcankizil.tr\/?s={search_term_string}"},"query-input":{"@type":"PropertyValueSpecification","valueRequired":true,"valueName":"search_term_string"}}],"inLanguage":"ru-RU"},{"@type":"Organization","@id":"https:\/\/denizcankizil.tr\/#organization","name":"Av. Deniz Can K\u0131z\u0131l","url":"https:\/\/denizcankizil.tr\/","logo":{"@type":"ImageObject","inLanguage":"ru-RU","@id":"https:\/\/denizcankizil.tr\/#\/schema\/logo\/image\/","url":"https:\/\/denizcankizil.tr\/wp-content\/uploads\/2024\/10\/siyah-logo-svg.svg","contentUrl":"https:\/\/denizcankizil.tr\/wp-content\/uploads\/2024\/10\/siyah-logo-svg.svg","width":1080,"height":1080,"caption":"Av. Deniz Can K\u0131z\u0131l"},"image":{"@id":"https:\/\/denizcankizil.tr\/#\/schema\/logo\/image\/"}},{"@type":"Person","@id":"https:\/\/denizcankizil.tr\/#\/schema\/person\/be3c05fe6a12686905512445d8185489","name":"\u0430\u0434\u043c\u0438\u043d","image":{"@type":"ImageObject","inLanguage":"ru-RU","@id":"https:\/\/denizcankizil.tr\/#\/schema\/person\/image\/","url":"https:\/\/secure.gravatar.com\/avatar\/c1fce94c830dc79107e174f890d7210541c4a63e8e5d816341794a2151c9d58c?s=96&d=mm&r=g","contentUrl":"https:\/\/secure.gravatar.com\/avatar\/c1fce94c830dc79107e174f890d7210541c4a63e8e5d816341794a2151c9d58c?s=96&d=mm&r=g","caption":"admin"},"sameAs":["http:\/\/denizcankizil.tr"],"url":"https:\/\/www.iskenderun.org\/12-milyar-tl-tutarindaki-sed-odemeleri-hesaplarda"}]}},"_links":{"self":[{"href":"https:\/\/denizcankizil.tr\/ru\/wp-json\/wp\/v2\/posts\/26262","targetHints":{"allow":["GET"]}}],"collection":[{"href":"https:\/\/denizcankizil.tr\/ru\/wp-json\/wp\/v2\/posts"}],"about":[{"href":"https:\/\/denizcankizil.tr\/ru\/wp-json\/wp\/v2\/types\/post"}],"author":[{"embeddable":true,"href":"https:\/\/denizcankizil.tr\/ru\/wp-json\/wp\/v2\/users\/1"}],"replies":[{"embeddable":true,"href":"https:\/\/denizcankizil.tr\/ru\/wp-json\/wp\/v2\/comments?post=26262"}],"version-history":[{"count":0,"href":"https:\/\/denizcankizil.tr\/ru\/wp-json\/wp\/v2\/posts\/26262\/revisions"}],"wp:attachment":[{"href":"https:\/\/denizcankizil.tr\/ru\/wp-json\/wp\/v2\/media?parent=26262"}],"wp:term":[{"taxonomy":"category","embeddable":true,"href":"https:\/\/denizcankizil.tr\/ru\/wp-json\/wp\/v2\/categories?post=26262"},{"taxonomy":"post_tag","embeddable":true,"href":"https:\/\/denizcankizil.tr\/ru\/wp-json\/wp\/v2\/tags?post=26262"}],"curies":[{"name":"wp","href":"https:\/\/api.w.org\/{rel}","templated":true}]}}