{"id":26249,"date":"2025-01-20T09:42:17","date_gmt":"2025-01-20T06:42:17","guid":{"rendered":"https:\/\/denizcankizil.tr\/uncategorized-tr\/kirmizi-bultenliler-ermenistanda-yakalandilar-turk-adaletine-hesap-verecekler\/"},"modified":"2025-03-16T00:46:27","modified_gmt":"2025-03-15T21:46:27","slug":"kirmizi-bultenliler-ermenistanda-yakalandilar-turk-adaletine-hesap-verecekler","status":"publish","type":"post","link":"https:\/\/denizcankizil.tr\/ru\/haberler\/gundem\/kirmizi-bultenliler-ermenistanda-yakalandilar-turk-adaletine-hesap-verecekler\/","title":{"rendered":"K\u0131rm\u0131z\u0131 b\u00fcltenliler Ermenistan&#8217;da yakaland\u0131lar! T\u00fcrk adaletine hesap verecekler!"},"content":{"rendered":"<p>K\u0131rm\u0131z\u0131 b\u00fcltenle aranan organize su\u00e7 \u00f6rg\u00fct\u00fc eleba\u015f\u0131 Ercan Y\u0131lmaz ile yine k\u0131rm\u0131z\u0131 b\u00fcltenle aranan \u00f6rg\u00fct \u00fcyesi \u0130brahim Kaymak Ermenistan ile ba\u015flat\u0131lan g\u00f6r\u00fc\u015fmeler sonucu T\u00fcrk Polisi taraf\u0131ndan T\u00fcrkiye\u2019ye getirildi.ANKARA (\u0130GFA) &#8211; \u0130\u00e7i\u015fleri Bakanl\u0131\u011f\u0131, k\u0131rm\u0131z\u0131 b\u00fcltenle aranan organize su\u00e7 \u00f6rg\u00fct\u00fc eleba\u015f\u0131 Ercan Y\u0131lmaz ve su\u00e7 \u00f6rg\u00fct\u00fc \u00fcyesi \u0130brahim Kaymak&#8217;\u0131n Ermenistan&#8217;dan T\u00fcrkiye&#8217;ye getirildi\u011fini duyurdu.<br \/>\n\u0130\u00e7i\u015fleri Bakanl\u0131\u011f\u0131&#8217;ndan yap\u0131lan a\u00e7\u0131klamaya g\u00f6re 15 y\u0131ld\u0131r, 43 yakalama emri ile ulusal seviyede; 14 y\u0131ld\u0131r da \u0130nterpol taraf\u0131ndan k\u0131rm\u0131z\u0131 b\u00fcltenle uluslararas\u0131 seviyede aranan; Bar\u0131\u015f Boyun su\u00e7 \u00f6rg\u00fct\u00fc ile ba\u011flant\u0131l\u0131 olan su\u00e7 \u00f6rg\u00fct\u00fc eleba\u015f\u0131 Ercan Y\u0131lmaz ile 6 y\u0131ld\u0131r, 10 yakalama emri ile ulusal seviyede; 1 y\u0131ld\u0131r da \u0130nterpol taraf\u0131ndan K\u0131rm\u0131z\u0131 B\u00fcltenle uluslararas\u0131 seviyede aranan, su\u00e7 \u00f6rg\u00fct\u00fc \u00fcyesi \u0130brahim Kaymak Ermenistan&#8217;da yakaland\u0131.<\/p>\n<p><blockquote class=\"twitter-tweet\" data-width=\"550\" data-dnt=\"true\"><p lang=\"tr\" dir=\"ltr\">\ud83d\udfe5K\u0131rm\u0131z\u0131 B\u00fcltenle aranan organize su\u00e7 \u00f6rg\u00fct\u00fc eleba\u015f\u0131 Ercan Y\u0131lmaz ve <br>\ud83d\udfe5K\u0131rm\u0131z\u0131 B\u00fcltenle aranan \u00f6rg\u00fct \u00fcyesi \u0130brahim Kaymak Ermenistan ile ba\u015flat\u0131lan g\u00f6r\u00fc\u015fmeler sonucu Kahraman T\u00fcrk Polisimiz taraf\u0131ndan T\u00fcrkiye\u2019ye getirildi.<br><br>Ercan Y\u0131lmaz:<br>15 y\u0131ld\u0131r, 43 yakalama emri ile ulusal\u2026 <a href=\"https:\/\/t.co\/a8uVVclUW2\">pic.twitter.com\/a8uVVclUW2<\/a><\/p>&mdash; T.C. \u0130\u00e7i\u015fleri Bakanl\u0131\u011f\u0131 (@TC_icisleri) <a href=\"https:\/\/twitter.com\/TC_icisleri\/status\/1880972001117966816?ref_src=twsrc%5Etfw\">January 19, 2025<\/a><\/blockquote><script async src=\"https:\/\/platform.twitter.com\/widgets.js\" charset=\"utf-8\"><\/script><\/p>\n<p>\u00d6zel Harekat Ba\u015fkanl\u0131\u011f\u0131 ve Havac\u0131l\u0131k Daire Ba\u015fkanl\u0131\u011f\u0131m\u0131z koordinesinde; i\u015fledikleri su\u00e7larla ilgili olarak T\u00fcrk Adaletine hesap vermek \u00fczere T\u00fcrk polisi taraf\u0131ndan \u00fclkemize getirilen k\u0131rm\u0131z\u0131 b\u00fcltenliler operasyonuyla ilgili bakanl\u0131k \u015fu payla\u015f\u0131mda bulundu:<br \/>\n&#8220;K\u0131rm\u0131z\u0131 B\u00fcltenle aranan her iki \u015fahs\u0131n da \u00fclkemize iadesine y\u00f6nelik \u00e7al\u0131\u015fmalar\u0131 b\u00fcy\u00fck bir titizlikle y\u00fcr\u00fcten Adalet ve D\u0131\u015fi\u015fleri Bakanl\u0131klar\u0131m\u0131za, \u0130nterpol-Europol Daire Ba\u015fkanl\u0131\u011f\u0131m\u0131za, Ka\u00e7ak\u00e7\u0131l\u0131k ve Organize Su\u00e7larla M\u00fccadele ile \u0130stihbarat Ba\u015fkanl\u0131klar\u0131m\u0131za, Ordu \u0130l Emniyet M\u00fcd\u00fcrl\u00fc\u011f\u00fcm\u00fcz ile sergiledikleri i\u015f birli\u011fi i\u00e7in Ermenistan Adalet Bakan Yard\u0131mc\u0131s\u0131 Say\u0131n Tigran Dadunts\u2019a te\u015fekk\u00fcr ediyoruz. Organize su\u00e7 \u00f6rg\u00fctleriyle m\u00fccadelemizi sadece s\u0131n\u0131rlar\u0131m\u0131zda de\u011fil, s\u0131n\u0131r \u00f6tesinde de s\u00fcrd\u00fcr\u00fcyoruz; s\u00fcrd\u00fcrmeye devam edece\u011fiz. Su\u00e7ta kibirlenen \u015fehir e\u015fk\u0131yalar\u0131n\u0131 bir bir yakalamaya devam edece\u011fiz&#8221;<\/p>\n<p>\u200bK\u0131rm\u0131z\u0131 b\u00fcltenle aranan organize su\u00e7 \u00f6rg\u00fct\u00fc eleba\u015f\u0131 Ercan Y\u0131lmaz ile yine k\u0131rm\u0131z\u0131 b\u00fcltenle aranan \u00f6rg\u00fct \u00fcyesi \u0130brahim Kaymak Ermenistan ile ba\u015flat\u0131lan g\u00f6r\u00fc\u015fmeler sonucu T\u00fcrk Polisi taraf\u0131ndan T\u00fcrkiye\u2019ye getirildi.ANKARA (\u0130GFA) &#8211; \u0130\u00e7i\u015fleri Bakanl\u0131\u011f\u0131, k\u0131rm\u0131z\u0131 b\u00fcltenle aranan organize su\u00e7 \u00f6rg\u00fct\u00fc eleba\u015f\u0131 Ercan Y\u0131lmaz ve su\u00e7 \u00f6rg\u00fct\u00fc \u00fcyesi \u0130brahim Kaymak&#8217;\u0131n Ermenistan&#8217;dan T\u00fcrkiye&#8217;ye getirildi\u011fini duyurdu.<br \/>\n\u0130\u00e7i\u015fleri Bakanl\u0131\u011f\u0131&#8217;ndan yap\u0131lan a\u00e7\u0131klamaya g\u00f6re 15 y\u0131ld\u0131r, 43 yakalama emri ile ulusal seviyede; 14 y\u0131ld\u0131r da \u0130nterpol taraf\u0131ndan k\u0131rm\u0131z\u0131 b\u00fcltenle uluslararas\u0131 seviyede aranan; Bar\u0131\u015f Boyun su\u00e7 \u00f6rg\u00fct\u00fc ile ba\u011flant\u0131l\u0131 olan su\u00e7 \u00f6rg\u00fct\u00fc eleba\u015f\u0131 Ercan Y\u0131lmaz ile 6 y\u0131ld\u0131r, 10 yakalama emri ile ulusal seviyede; 1 y\u0131ld\u0131r da \u0130nterpol taraf\u0131ndan K\u0131rm\u0131z\u0131 B\u00fcltenle uluslararas\u0131 seviyede aranan, su\u00e7 \u00f6rg\u00fct\u00fc \u00fcyesi \u0130brahim Kaymak Ermenistan&#8217;da yakaland\u0131.<\/p>\n<p><blockquote class=\"twitter-tweet\" data-width=\"550\" data-dnt=\"true\"><p lang=\"tr\" dir=\"ltr\">\ud83d\udfe5K\u0131rm\u0131z\u0131 B\u00fcltenle aranan organize su\u00e7 \u00f6rg\u00fct\u00fc eleba\u015f\u0131 Ercan Y\u0131lmaz ve <br>\ud83d\udfe5K\u0131rm\u0131z\u0131 B\u00fcltenle aranan \u00f6rg\u00fct \u00fcyesi \u0130brahim Kaymak Ermenistan ile ba\u015flat\u0131lan g\u00f6r\u00fc\u015fmeler sonucu Kahraman T\u00fcrk Polisimiz taraf\u0131ndan T\u00fcrkiye\u2019ye getirildi.<br><br>Ercan Y\u0131lmaz:<br>15 y\u0131ld\u0131r, 43 yakalama emri ile ulusal\u2026 <a href=\"https:\/\/t.co\/a8uVVclUW2\">pic.twitter.com\/a8uVVclUW2<\/a><\/p>&mdash; T.C. \u0130\u00e7i\u015fleri Bakanl\u0131\u011f\u0131 (@TC_icisleri) <a href=\"https:\/\/twitter.com\/TC_icisleri\/status\/1880972001117966816?ref_src=twsrc%5Etfw\">January 19, 2025<\/a><\/blockquote><script async src=\"https:\/\/platform.twitter.com\/widgets.js\" charset=\"utf-8\"><\/script><\/p>\n<p>\u00d6zel Harekat Ba\u015fkanl\u0131\u011f\u0131 ve Havac\u0131l\u0131k Daire Ba\u015fkanl\u0131\u011f\u0131m\u0131z koordinesinde; i\u015fledikleri su\u00e7larla ilgili olarak T\u00fcrk Adaletine hesap vermek \u00fczere T\u00fcrk polisi taraf\u0131ndan \u00fclkemize getirilen k\u0131rm\u0131z\u0131 b\u00fcltenliler operasyonuyla ilgili bakanl\u0131k \u015fu payla\u015f\u0131mda bulundu:<br \/>\n&#8220;K\u0131rm\u0131z\u0131 B\u00fcltenle aranan her iki \u015fahs\u0131n da \u00fclkemize iadesine y\u00f6nelik \u00e7al\u0131\u015fmalar\u0131 b\u00fcy\u00fck bir titizlikle y\u00fcr\u00fcten Adalet ve D\u0131\u015fi\u015fleri Bakanl\u0131klar\u0131m\u0131za, \u0130nterpol-Europol Daire Ba\u015fkanl\u0131\u011f\u0131m\u0131za, Ka\u00e7ak\u00e7\u0131l\u0131k ve Organize Su\u00e7larla M\u00fccadele ile \u0130stihbarat Ba\u015fkanl\u0131klar\u0131m\u0131za, Ordu \u0130l Emniyet M\u00fcd\u00fcrl\u00fc\u011f\u00fcm\u00fcz ile sergiledikleri i\u015f birli\u011fi i\u00e7in Ermenistan Adalet Bakan Yard\u0131mc\u0131s\u0131 Say\u0131n Tigran Dadunts\u2019a te\u015fekk\u00fcr ediyoruz. Organize su\u00e7 \u00f6rg\u00fctleriyle m\u00fccadelemizi sadece s\u0131n\u0131rlar\u0131m\u0131zda de\u011fil, s\u0131n\u0131r \u00f6tesinde de s\u00fcrd\u00fcr\u00fcyoruz; s\u00fcrd\u00fcrmeye devam edece\u011fiz. Su\u00e7ta kibirlenen \u015fehir e\u015fk\u0131yalar\u0131n\u0131 bir bir yakalamaya devam edece\u011fiz&#8221;\u00a0<\/p>\n<p>\u200bHaberin Al\u0131nt\u0131land\u0131\u011f\u0131 Kaynak: www.iskenderun.org<\/p>","protected":false},"excerpt":{"rendered":"<p>K\u0131rm\u0131z\u0131 b\u00fcltenle aranan organize su\u00e7 \u00f6rg\u00fct\u00fc eleba\u015f\u0131 Ercan Y\u0131lmaz ile yine k\u0131rm\u0131z\u0131 b\u00fcltenle aranan \u00f6rg\u00fct \u00fcyesi \u0130brahim Kaymak Ermenistan ile ba\u015flat\u0131lan g\u00f6r\u00fc\u015fmeler sonucu T\u00fcrk Polisi taraf\u0131ndan T\u00fcrkiye\u2019ye getirildi.ANKARA (\u0130GFA) &#8211; \u0130\u00e7i\u015fleri Bakanl\u0131\u011f\u0131, k\u0131rm\u0131z\u0131 b\u00fcltenle aranan organize su\u00e7 \u00f6rg\u00fct\u00fc eleba\u015f\u0131 Ercan Y\u0131lmaz ve su\u00e7 \u00f6rg\u00fct\u00fc \u00fcyesi \u0130brahim Kaymak&#8217;\u0131n Ermenistan&#8217;dan T\u00fcrkiye&#8217;ye getirildi\u011fini duyurdu. \u0130\u00e7i\u015fleri Bakanl\u0131\u011f\u0131&#8217;ndan yap\u0131lan a\u00e7\u0131klamaya g\u00f6re 15 y\u0131ld\u0131r, 43 yakalama emri ile ulusal seviyede; 14 y\u0131ld\u0131r da \u0130nterpol taraf\u0131ndan k\u0131rm\u0131z\u0131 b\u00fcltenle uluslararas\u0131 seviyede aranan; Bar\u0131\u015f Boyun su\u00e7 \u00f6rg\u00fct\u00fc ile ba\u011flant\u0131l\u0131 olan su\u00e7 \u00f6rg\u00fct\u00fc eleba\u015f\u0131 Ercan Y\u0131lmaz ile 6 y\u0131ld\u0131r, 10 yakalama emri ile ulusal seviyede; 1 y\u0131ld\u0131r da \u0130nterpol taraf\u0131ndan K\u0131rm\u0131z\u0131 B\u00fcltenle uluslararas\u0131 seviyede aranan, su\u00e7 \u00f6rg\u00fct\u00fc \u00fcyesi \u0130brahim Kaymak Ermenistan&#8217;da yakaland\u0131. \ud83d\udfe5K\u0131rm\u0131z\u0131 B\u00fcltenle aranan organize su\u00e7 \u00f6rg\u00fct\u00fc eleba\u015f\u0131 Ercan Y\u0131lmaz ve \ud83d\udfe5K\u0131rm\u0131z\u0131 B\u00fcltenle aranan \u00f6rg\u00fct \u00fcyesi \u0130brahim Kaymak Ermenistan ile ba\u015flat\u0131lan g\u00f6r\u00fc\u015fmeler sonucu Kahraman T\u00fcrk Polisimiz taraf\u0131ndan T\u00fcrkiye\u2019ye getirildi. Ercan Y\u0131lmaz:15 y\u0131ld\u0131r, 43 yakalama emri ile ulusal\u2026 pic.twitter.com\/a8uVVclUW2 &mdash; T.C. \u0130\u00e7i\u015fleri Bakanl\u0131\u011f\u0131 (@TC_icisleri) January 19, 2025 \u00d6zel Harekat Ba\u015fkanl\u0131\u011f\u0131 ve Havac\u0131l\u0131k Daire Ba\u015fkanl\u0131\u011f\u0131m\u0131z koordinesinde; i\u015fledikleri su\u00e7larla ilgili olarak T\u00fcrk Adaletine hesap vermek \u00fczere T\u00fcrk polisi taraf\u0131ndan \u00fclkemize getirilen k\u0131rm\u0131z\u0131 b\u00fcltenliler operasyonuyla ilgili bakanl\u0131k \u015fu payla\u015f\u0131mda bulundu: &#8220;K\u0131rm\u0131z\u0131 B\u00fcltenle aranan her iki \u015fahs\u0131n da \u00fclkemize iadesine y\u00f6nelik \u00e7al\u0131\u015fmalar\u0131 b\u00fcy\u00fck bir &hellip;<\/p>","protected":false},"author":1,"featured_media":0,"comment_status":"closed","ping_status":"open","sticky":false,"template":"","format":"standard","meta":{"_acf_changed":false,"footnotes":""},"categories":[24],"tags":[],"class_list":["post-26249","post","type-post","status-publish","format-standard","has-post-thumbnail","hentry","category-gundem"],"acf":[],"yoast_head":"<!-- This site is optimized with the Yoast SEO Premium plugin v26.6 (Yoast SEO v27.1.1) - https:\/\/yoast.com\/product\/yoast-seo-premium-wordpress\/ -->\n<title>K\u0131rm\u0131z\u0131 b\u00fcltenliler Ermenistan&#039;da yakaland\u0131lar! T\u00fcrk adaletine hesap verecekler! - Av. Deniz Can K\u0131z\u0131l<\/title>\n<meta name=\"robots\" content=\"index, follow, max-snippet:-1, max-image-preview:large, max-video-preview:-1\" \/>\n<link rel=\"canonical\" href=\"https:\/\/denizcankizil.tr\/ru\/haberler\/gundem\/kirmizi-bultenliler-ermenistanda-yakalandilar-turk-adaletine-hesap-verecekler\/\" \/>\n<meta property=\"og:locale\" content=\"ru_RU\" \/>\n<meta property=\"og:type\" content=\"article\" \/>\n<meta property=\"og:title\" content=\"K\u0131rm\u0131z\u0131 b\u00fcltenliler Ermenistan&#039;da yakaland\u0131lar! T\u00fcrk adaletine hesap verecekler!\" \/>\n<meta property=\"og:description\" content=\"K\u0131rm\u0131z\u0131 b\u00fcltenle aranan organize su\u00e7 \u00f6rg\u00fct\u00fc eleba\u015f\u0131 Ercan Y\u0131lmaz ile yine k\u0131rm\u0131z\u0131 b\u00fcltenle aranan \u00f6rg\u00fct \u00fcyesi \u0130brahim Kaymak Ermenistan ile ba\u015flat\u0131lan g\u00f6r\u00fc\u015fmeler sonucu T\u00fcrk Polisi taraf\u0131ndan T\u00fcrkiye\u2019ye getirildi.ANKARA (\u0130GFA) &#8211; \u0130\u00e7i\u015fleri Bakanl\u0131\u011f\u0131, k\u0131rm\u0131z\u0131 b\u00fcltenle aranan organize su\u00e7 \u00f6rg\u00fct\u00fc eleba\u015f\u0131 Ercan Y\u0131lmaz ve su\u00e7 \u00f6rg\u00fct\u00fc \u00fcyesi \u0130brahim Kaymak&#8217;\u0131n Ermenistan&#8217;dan T\u00fcrkiye&#8217;ye getirildi\u011fini duyurdu. \u0130\u00e7i\u015fleri Bakanl\u0131\u011f\u0131&#8217;ndan yap\u0131lan a\u00e7\u0131klamaya g\u00f6re 15 y\u0131ld\u0131r, 43 yakalama emri ile ulusal seviyede; 14 y\u0131ld\u0131r da \u0130nterpol taraf\u0131ndan k\u0131rm\u0131z\u0131 b\u00fcltenle uluslararas\u0131 seviyede aranan; Bar\u0131\u015f Boyun su\u00e7 \u00f6rg\u00fct\u00fc ile ba\u011flant\u0131l\u0131 olan su\u00e7 \u00f6rg\u00fct\u00fc eleba\u015f\u0131 Ercan Y\u0131lmaz ile 6 y\u0131ld\u0131r, 10 yakalama emri ile ulusal seviyede; 1 y\u0131ld\u0131r da \u0130nterpol taraf\u0131ndan K\u0131rm\u0131z\u0131 B\u00fcltenle uluslararas\u0131 seviyede aranan, su\u00e7 \u00f6rg\u00fct\u00fc \u00fcyesi \u0130brahim Kaymak Ermenistan&#8217;da yakaland\u0131. \ud83d\udfe5K\u0131rm\u0131z\u0131 B\u00fcltenle aranan organize su\u00e7 \u00f6rg\u00fct\u00fc eleba\u015f\u0131 Ercan Y\u0131lmaz ve \ud83d\udfe5K\u0131rm\u0131z\u0131 B\u00fcltenle aranan \u00f6rg\u00fct \u00fcyesi \u0130brahim Kaymak Ermenistan ile ba\u015flat\u0131lan g\u00f6r\u00fc\u015fmeler sonucu Kahraman T\u00fcrk Polisimiz taraf\u0131ndan T\u00fcrkiye\u2019ye getirildi. Ercan Y\u0131lmaz:15 y\u0131ld\u0131r, 43 yakalama emri ile ulusal\u2026 pic.twitter.com\/a8uVVclUW2 &mdash; T.C. \u0130\u00e7i\u015fleri Bakanl\u0131\u011f\u0131 (@TC_icisleri) January 19, 2025 \u00d6zel Harekat Ba\u015fkanl\u0131\u011f\u0131 ve Havac\u0131l\u0131k Daire Ba\u015fkanl\u0131\u011f\u0131m\u0131z koordinesinde; i\u015fledikleri su\u00e7larla ilgili olarak T\u00fcrk Adaletine hesap vermek \u00fczere T\u00fcrk polisi taraf\u0131ndan \u00fclkemize getirilen k\u0131rm\u0131z\u0131 b\u00fcltenliler operasyonuyla ilgili bakanl\u0131k \u015fu payla\u015f\u0131mda bulundu: &#8220;K\u0131rm\u0131z\u0131 B\u00fcltenle aranan her iki \u015fahs\u0131n da \u00fclkemize iadesine y\u00f6nelik \u00e7al\u0131\u015fmalar\u0131 b\u00fcy\u00fck bir &hellip;\" \/>\n<meta property=\"og:url\" content=\"https:\/\/denizcankizil.tr\/ru\/haberler\/gundem\/kirmizi-bultenliler-ermenistanda-yakalandilar-turk-adaletine-hesap-verecekler\/\" \/>\n<meta property=\"og:site_name\" content=\"Av. Deniz Can K\u0131z\u0131l\" \/>\n<meta property=\"article:published_time\" content=\"2025-01-20T06:42:17+00:00\" \/>\n<meta property=\"article:modified_time\" content=\"2025-03-15T21:46:27+00:00\" \/>\n<meta name=\"author\" content=\"admin\" \/>\n<meta name=\"twitter:card\" content=\"summary_large_image\" \/>\n<meta name=\"twitter:label1\" content=\"\u041d\u0430\u043f\u0438\u0441\u0430\u043d\u043e \u0430\u0432\u0442\u043e\u0440\u043e\u043c\" \/>\n\t<meta name=\"twitter:data1\" content=\"admin\" \/>\n\t<meta name=\"twitter:label2\" content=\"\u041f\u0440\u0438\u043c\u0435\u0440\u043d\u043e\u0435 \u0432\u0440\u0435\u043c\u044f \u0434\u043b\u044f \u0447\u0442\u0435\u043d\u0438\u044f\" \/>\n\t<meta name=\"twitter:data2\" content=\"3 \u043c\u0438\u043d\u0443\u0442\u044b\" \/>\n<script type=\"application\/ld+json\" class=\"yoast-schema-graph\">{\"@context\":\"https:\/\/schema.org\",\"@graph\":[{\"@type\":\"Article\",\"@id\":\"https:\/\/denizcankizil.tr\/ru\/haberler\/gundem\/kirmizi-bultenliler-ermenistanda-yakalandilar-turk-adaletine-hesap-verecekler\/#article\",\"isPartOf\":{\"@id\":\"https:\/\/denizcankizil.tr\/ru\/haberler\/gundem\/kirmizi-bultenliler-ermenistanda-yakalandilar-turk-adaletine-hesap-verecekler\/\"},\"author\":{\"name\":\"admin\",\"@id\":\"https:\/\/denizcankizil.tr\/de\/#\/schema\/person\/be3c05fe6a12686905512445d8185489\"},\"headline\":\"K\u0131rm\u0131z\u0131 b\u00fcltenliler Ermenistan&#8217;da yakaland\u0131lar! T\u00fcrk adaletine hesap verecekler!\",\"datePublished\":\"2025-01-20T06:42:17+00:00\",\"dateModified\":\"2025-03-15T21:46:27+00:00\",\"mainEntityOfPage\":{\"@id\":\"https:\/\/denizcankizil.tr\/ru\/haberler\/gundem\/kirmizi-bultenliler-ermenistanda-yakalandilar-turk-adaletine-hesap-verecekler\/\"},\"wordCount\":714,\"publisher\":{\"@id\":\"https:\/\/denizcankizil.tr\/de\/#organization\"},\"articleSection\":[\"G\u00fcndem\"],\"inLanguage\":\"ru-RU\"},{\"@type\":\"WebPage\",\"@id\":\"https:\/\/denizcankizil.tr\/ru\/haberler\/gundem\/kirmizi-bultenliler-ermenistanda-yakalandilar-turk-adaletine-hesap-verecekler\/\",\"url\":\"https:\/\/denizcankizil.tr\/ru\/haberler\/gundem\/kirmizi-bultenliler-ermenistanda-yakalandilar-turk-adaletine-hesap-verecekler\/\",\"name\":\"K\u0131rm\u0131z\u0131 b\u00fcltenliler Ermenistan'da yakaland\u0131lar! T\u00fcrk adaletine hesap verecekler! - Av. Deniz Can K\u0131z\u0131l\",\"isPartOf\":{\"@id\":\"https:\/\/denizcankizil.tr\/de\/#website\"},\"datePublished\":\"2025-01-20T06:42:17+00:00\",\"dateModified\":\"2025-03-15T21:46:27+00:00\",\"breadcrumb\":{\"@id\":\"https:\/\/denizcankizil.tr\/ru\/haberler\/gundem\/kirmizi-bultenliler-ermenistanda-yakalandilar-turk-adaletine-hesap-verecekler\/#breadcrumb\"},\"inLanguage\":\"ru-RU\",\"potentialAction\":[{\"@type\":\"ReadAction\",\"target\":[\"https:\/\/denizcankizil.tr\/ru\/haberler\/gundem\/kirmizi-bultenliler-ermenistanda-yakalandilar-turk-adaletine-hesap-verecekler\/\"]}]},{\"@type\":\"BreadcrumbList\",\"@id\":\"https:\/\/denizcankizil.tr\/ru\/haberler\/gundem\/kirmizi-bultenliler-ermenistanda-yakalandilar-turk-adaletine-hesap-verecekler\/#breadcrumb\",\"itemListElement\":[{\"@type\":\"ListItem\",\"position\":1,\"name\":\"Home\",\"item\":\"https:\/\/denizcankizil.tr\/de\/\"},{\"@type\":\"ListItem\",\"position\":2,\"name\":\"K\u0131rm\u0131z\u0131 b\u00fcltenliler Ermenistan&#8217;da yakaland\u0131lar! T\u00fcrk adaletine hesap verecekler!\"}]},{\"@type\":\"WebSite\",\"@id\":\"https:\/\/denizcankizil.tr\/de\/#website\",\"url\":\"https:\/\/denizcankizil.tr\/de\/\",\"name\":\"Av. Deniz Can K\u0131z\u0131l\",\"description\":\"Avukat Deniz Can K\u0131z\u0131l Antalya Barosu\",\"publisher\":{\"@id\":\"https:\/\/denizcankizil.tr\/de\/#organization\"},\"potentialAction\":[{\"@type\":\"SearchAction\",\"target\":{\"@type\":\"EntryPoint\",\"urlTemplate\":\"https:\/\/denizcankizil.tr\/de\/?s={search_term_string}\"},\"query-input\":{\"@type\":\"PropertyValueSpecification\",\"valueRequired\":true,\"valueName\":\"search_term_string\"}}],\"inLanguage\":\"ru-RU\"},{\"@type\":\"Organization\",\"@id\":\"https:\/\/denizcankizil.tr\/de\/#organization\",\"name\":\"Av. Deniz Can K\u0131z\u0131l\",\"url\":\"https:\/\/denizcankizil.tr\/de\/\",\"logo\":{\"@type\":\"ImageObject\",\"inLanguage\":\"ru-RU\",\"@id\":\"https:\/\/denizcankizil.tr\/de\/#\/schema\/logo\/image\/\",\"url\":\"https:\/\/denizcankizil.tr\/wp-content\/uploads\/2024\/10\/siyah-logo-svg.svg\",\"contentUrl\":\"https:\/\/denizcankizil.tr\/wp-content\/uploads\/2024\/10\/siyah-logo-svg.svg\",\"width\":1080,\"height\":1080,\"caption\":\"Av. Deniz Can K\u0131z\u0131l\"},\"image\":{\"@id\":\"https:\/\/denizcankizil.tr\/de\/#\/schema\/logo\/image\/\"}},{\"@type\":\"Person\",\"@id\":\"https:\/\/denizcankizil.tr\/de\/#\/schema\/person\/be3c05fe6a12686905512445d8185489\",\"name\":\"admin\",\"image\":{\"@type\":\"ImageObject\",\"inLanguage\":\"ru-RU\",\"@id\":\"https:\/\/denizcankizil.tr\/de\/#\/schema\/person\/image\/\",\"url\":\"https:\/\/secure.gravatar.com\/avatar\/c1fce94c830dc79107e174f890d7210541c4a63e8e5d816341794a2151c9d58c?s=96&d=mm&r=g\",\"contentUrl\":\"https:\/\/secure.gravatar.com\/avatar\/c1fce94c830dc79107e174f890d7210541c4a63e8e5d816341794a2151c9d58c?s=96&d=mm&r=g\",\"caption\":\"admin\"},\"sameAs\":[\"http:\/\/denizcankizil.tr\"],\"url\":\"https:\/\/www.iskenderun.org\/kirmizi-bultenliler-ermenistanda-yakalandilar-turk-adaletine-hesap-verecekler\"}]}<\/script>\n<!-- \/ Yoast SEO Premium plugin. -->","yoast_head_json":{"title":"K\u0131rm\u0131z\u0131 b\u00fcltenliler Ermenistan'da yakaland\u0131lar! T\u00fcrk adaletine hesap verecekler! - Av. Deniz Can K\u0131z\u0131l","robots":{"index":"index","follow":"follow","max-snippet":"max-snippet:-1","max-image-preview":"max-image-preview:large","max-video-preview":"max-video-preview:-1"},"canonical":"https:\/\/denizcankizil.tr\/ru\/haberler\/gundem\/kirmizi-bultenliler-ermenistanda-yakalandilar-turk-adaletine-hesap-verecekler\/","og_locale":"ru_RU","og_type":"article","og_title":"K\u0131rm\u0131z\u0131 b\u00fcltenliler Ermenistan'da yakaland\u0131lar! T\u00fcrk adaletine hesap verecekler!","og_description":"K\u0131rm\u0131z\u0131 b\u00fcltenle aranan organize su\u00e7 \u00f6rg\u00fct\u00fc eleba\u015f\u0131 Ercan Y\u0131lmaz ile yine k\u0131rm\u0131z\u0131 b\u00fcltenle aranan \u00f6rg\u00fct \u00fcyesi \u0130brahim Kaymak Ermenistan ile ba\u015flat\u0131lan g\u00f6r\u00fc\u015fmeler sonucu T\u00fcrk Polisi taraf\u0131ndan T\u00fcrkiye\u2019ye getirildi.ANKARA (\u0130GFA) &#8211; \u0130\u00e7i\u015fleri Bakanl\u0131\u011f\u0131, k\u0131rm\u0131z\u0131 b\u00fcltenle aranan organize su\u00e7 \u00f6rg\u00fct\u00fc eleba\u015f\u0131 Ercan Y\u0131lmaz ve su\u00e7 \u00f6rg\u00fct\u00fc \u00fcyesi \u0130brahim Kaymak&#8217;\u0131n Ermenistan&#8217;dan T\u00fcrkiye&#8217;ye getirildi\u011fini duyurdu. \u0130\u00e7i\u015fleri Bakanl\u0131\u011f\u0131&#8217;ndan yap\u0131lan a\u00e7\u0131klamaya g\u00f6re 15 y\u0131ld\u0131r, 43 yakalama emri ile ulusal seviyede; 14 y\u0131ld\u0131r da \u0130nterpol taraf\u0131ndan k\u0131rm\u0131z\u0131 b\u00fcltenle uluslararas\u0131 seviyede aranan; Bar\u0131\u015f Boyun su\u00e7 \u00f6rg\u00fct\u00fc ile ba\u011flant\u0131l\u0131 olan su\u00e7 \u00f6rg\u00fct\u00fc eleba\u015f\u0131 Ercan Y\u0131lmaz ile 6 y\u0131ld\u0131r, 10 yakalama emri ile ulusal seviyede; 1 y\u0131ld\u0131r da \u0130nterpol taraf\u0131ndan K\u0131rm\u0131z\u0131 B\u00fcltenle uluslararas\u0131 seviyede aranan, su\u00e7 \u00f6rg\u00fct\u00fc \u00fcyesi \u0130brahim Kaymak Ermenistan&#8217;da yakaland\u0131. \ud83d\udfe5K\u0131rm\u0131z\u0131 B\u00fcltenle aranan organize su\u00e7 \u00f6rg\u00fct\u00fc eleba\u015f\u0131 Ercan Y\u0131lmaz ve \ud83d\udfe5K\u0131rm\u0131z\u0131 B\u00fcltenle aranan \u00f6rg\u00fct \u00fcyesi \u0130brahim Kaymak Ermenistan ile ba\u015flat\u0131lan g\u00f6r\u00fc\u015fmeler sonucu Kahraman T\u00fcrk Polisimiz taraf\u0131ndan T\u00fcrkiye\u2019ye getirildi. Ercan Y\u0131lmaz:15 y\u0131ld\u0131r, 43 yakalama emri ile ulusal\u2026 pic.twitter.com\/a8uVVclUW2 &mdash; T.C. \u0130\u00e7i\u015fleri Bakanl\u0131\u011f\u0131 (@TC_icisleri) January 19, 2025 \u00d6zel Harekat Ba\u015fkanl\u0131\u011f\u0131 ve Havac\u0131l\u0131k Daire Ba\u015fkanl\u0131\u011f\u0131m\u0131z koordinesinde; i\u015fledikleri su\u00e7larla ilgili olarak T\u00fcrk Adaletine hesap vermek \u00fczere T\u00fcrk polisi taraf\u0131ndan \u00fclkemize getirilen k\u0131rm\u0131z\u0131 b\u00fcltenliler operasyonuyla ilgili bakanl\u0131k \u015fu payla\u015f\u0131mda bulundu: &#8220;K\u0131rm\u0131z\u0131 B\u00fcltenle aranan her iki \u015fahs\u0131n da \u00fclkemize iadesine y\u00f6nelik \u00e7al\u0131\u015fmalar\u0131 b\u00fcy\u00fck bir &hellip;","og_url":"https:\/\/denizcankizil.tr\/ru\/haberler\/gundem\/kirmizi-bultenliler-ermenistanda-yakalandilar-turk-adaletine-hesap-verecekler\/","og_site_name":"Av. Deniz Can K\u0131z\u0131l","article_published_time":"2025-01-20T06:42:17+00:00","article_modified_time":"2025-03-15T21:46:27+00:00","author":"admin","twitter_card":"summary_large_image","twitter_misc":{"\u041d\u0430\u043f\u0438\u0441\u0430\u043d\u043e \u0430\u0432\u0442\u043e\u0440\u043e\u043c":"admin","\u041f\u0440\u0438\u043c\u0435\u0440\u043d\u043e\u0435 \u0432\u0440\u0435\u043c\u044f \u0434\u043b\u044f \u0447\u0442\u0435\u043d\u0438\u044f":"3 \u043c\u0438\u043d\u0443\u0442\u044b"},"schema":{"@context":"https:\/\/schema.org","@graph":[{"@type":"Article","@id":"https:\/\/denizcankizil.tr\/ru\/haberler\/gundem\/kirmizi-bultenliler-ermenistanda-yakalandilar-turk-adaletine-hesap-verecekler\/#article","isPartOf":{"@id":"https:\/\/denizcankizil.tr\/ru\/haberler\/gundem\/kirmizi-bultenliler-ermenistanda-yakalandilar-turk-adaletine-hesap-verecekler\/"},"author":{"name":"admin","@id":"https:\/\/denizcankizil.tr\/de\/#\/schema\/person\/be3c05fe6a12686905512445d8185489"},"headline":"K\u0131rm\u0131z\u0131 b\u00fcltenliler Ermenistan&#8217;da yakaland\u0131lar! T\u00fcrk adaletine hesap verecekler!","datePublished":"2025-01-20T06:42:17+00:00","dateModified":"2025-03-15T21:46:27+00:00","mainEntityOfPage":{"@id":"https:\/\/denizcankizil.tr\/ru\/haberler\/gundem\/kirmizi-bultenliler-ermenistanda-yakalandilar-turk-adaletine-hesap-verecekler\/"},"wordCount":714,"publisher":{"@id":"https:\/\/denizcankizil.tr\/de\/#organization"},"articleSection":["G\u00fcndem"],"inLanguage":"ru-RU"},{"@type":"WebPage","@id":"https:\/\/denizcankizil.tr\/ru\/haberler\/gundem\/kirmizi-bultenliler-ermenistanda-yakalandilar-turk-adaletine-hesap-verecekler\/","url":"https:\/\/denizcankizil.tr\/ru\/haberler\/gundem\/kirmizi-bultenliler-ermenistanda-yakalandilar-turk-adaletine-hesap-verecekler\/","name":"K\u0131rm\u0131z\u0131 b\u00fcltenliler Ermenistan'da yakaland\u0131lar! T\u00fcrk adaletine hesap verecekler! - Av. Deniz Can K\u0131z\u0131l","isPartOf":{"@id":"https:\/\/denizcankizil.tr\/de\/#website"},"datePublished":"2025-01-20T06:42:17+00:00","dateModified":"2025-03-15T21:46:27+00:00","breadcrumb":{"@id":"https:\/\/denizcankizil.tr\/ru\/haberler\/gundem\/kirmizi-bultenliler-ermenistanda-yakalandilar-turk-adaletine-hesap-verecekler\/#breadcrumb"},"inLanguage":"ru-RU","potentialAction":[{"@type":"ReadAction","target":["https:\/\/denizcankizil.tr\/ru\/haberler\/gundem\/kirmizi-bultenliler-ermenistanda-yakalandilar-turk-adaletine-hesap-verecekler\/"]}]},{"@type":"BreadcrumbList","@id":"https:\/\/denizcankizil.tr\/ru\/haberler\/gundem\/kirmizi-bultenliler-ermenistanda-yakalandilar-turk-adaletine-hesap-verecekler\/#breadcrumb","itemListElement":[{"@type":"ListItem","position":1,"name":"Home","item":"https:\/\/denizcankizil.tr\/de\/"},{"@type":"ListItem","position":2,"name":"K\u0131rm\u0131z\u0131 b\u00fcltenliler Ermenistan&#8217;da yakaland\u0131lar! T\u00fcrk adaletine hesap verecekler!"}]},{"@type":"WebSite","@id":"https:\/\/denizcankizil.tr\/de\/#website","url":"https:\/\/denizcankizil.tr\/de\/","name":"Av. Deniz Can K\u0131z\u0131l","description":"Avukat Deniz Can K\u0131z\u0131l Antalya Barosu","publisher":{"@id":"https:\/\/denizcankizil.tr\/de\/#organization"},"potentialAction":[{"@type":"SearchAction","target":{"@type":"EntryPoint","urlTemplate":"https:\/\/denizcankizil.tr\/de\/?s={search_term_string}"},"query-input":{"@type":"PropertyValueSpecification","valueRequired":true,"valueName":"search_term_string"}}],"inLanguage":"ru-RU"},{"@type":"Organization","@id":"https:\/\/denizcankizil.tr\/de\/#organization","name":"Av. Deniz Can K\u0131z\u0131l","url":"https:\/\/denizcankizil.tr\/de\/","logo":{"@type":"ImageObject","inLanguage":"ru-RU","@id":"https:\/\/denizcankizil.tr\/de\/#\/schema\/logo\/image\/","url":"https:\/\/denizcankizil.tr\/wp-content\/uploads\/2024\/10\/siyah-logo-svg.svg","contentUrl":"https:\/\/denizcankizil.tr\/wp-content\/uploads\/2024\/10\/siyah-logo-svg.svg","width":1080,"height":1080,"caption":"Av. Deniz Can K\u0131z\u0131l"},"image":{"@id":"https:\/\/denizcankizil.tr\/de\/#\/schema\/logo\/image\/"}},{"@type":"Person","@id":"https:\/\/denizcankizil.tr\/de\/#\/schema\/person\/be3c05fe6a12686905512445d8185489","name":"\u0430\u0434\u043c\u0438\u043d","image":{"@type":"ImageObject","inLanguage":"ru-RU","@id":"https:\/\/denizcankizil.tr\/de\/#\/schema\/person\/image\/","url":"https:\/\/secure.gravatar.com\/avatar\/c1fce94c830dc79107e174f890d7210541c4a63e8e5d816341794a2151c9d58c?s=96&d=mm&r=g","contentUrl":"https:\/\/secure.gravatar.com\/avatar\/c1fce94c830dc79107e174f890d7210541c4a63e8e5d816341794a2151c9d58c?s=96&d=mm&r=g","caption":"admin"},"sameAs":["http:\/\/denizcankizil.tr"],"url":"https:\/\/www.iskenderun.org\/kirmizi-bultenliler-ermenistanda-yakalandilar-turk-adaletine-hesap-verecekler"}]}},"_links":{"self":[{"href":"https:\/\/denizcankizil.tr\/ru\/wp-json\/wp\/v2\/posts\/26249","targetHints":{"allow":["GET"]}}],"collection":[{"href":"https:\/\/denizcankizil.tr\/ru\/wp-json\/wp\/v2\/posts"}],"about":[{"href":"https:\/\/denizcankizil.tr\/ru\/wp-json\/wp\/v2\/types\/post"}],"author":[{"embeddable":true,"href":"https:\/\/denizcankizil.tr\/ru\/wp-json\/wp\/v2\/users\/1"}],"replies":[{"embeddable":true,"href":"https:\/\/denizcankizil.tr\/ru\/wp-json\/wp\/v2\/comments?post=26249"}],"version-history":[{"count":1,"href":"https:\/\/denizcankizil.tr\/ru\/wp-json\/wp\/v2\/posts\/26249\/revisions"}],"predecessor-version":[{"id":36019,"href":"https:\/\/denizcankizil.tr\/ru\/wp-json\/wp\/v2\/posts\/26249\/revisions\/36019"}],"wp:attachment":[{"href":"https:\/\/denizcankizil.tr\/ru\/wp-json\/wp\/v2\/media?parent=26249"}],"wp:term":[{"taxonomy":"category","embeddable":true,"href":"https:\/\/denizcankizil.tr\/ru\/wp-json\/wp\/v2\/categories?post=26249"},{"taxonomy":"post_tag","embeddable":true,"href":"https:\/\/denizcankizil.tr\/ru\/wp-json\/wp\/v2\/tags?post=26249"}],"curies":[{"name":"wp","href":"https:\/\/api.w.org\/{rel}","templated":true}]}}