{"id":25986,"date":"2025-01-18T11:41:30","date_gmt":"2025-01-18T08:41:30","guid":{"rendered":"https:\/\/denizcankizil.tr\/uncategorized-tr\/unesco-dunya-mirasi-yolunda-kararliyiz-heyecanliyiz\/"},"modified":"2025-01-18T11:41:30","modified_gmt":"2025-01-18T08:41:30","slug":"unesco-dunya-mirasi-yolunda-kararliyiz-heyecanliyiz","status":"publish","type":"post","link":"https:\/\/denizcankizil.tr\/ru\/haberler\/gundem\/unesco-dunya-mirasi-yolunda-kararliyiz-heyecanliyiz\/","title":{"rendered":"UNESCO D\u00fcnya Miras\u0131 yolunda kararl\u0131y\u0131z, heyecanl\u0131y\u0131z"},"content":{"rendered":"<p>Bir\u00e7ok medeniyetlere ev sahipli\u011fi yapan Birgi Tarihi Kenti i\u00e7in UNESCO yolunda yeni bir s\u00fcre\u00e7 ba\u015fl\u0131yor.<\/p>\n<p>\u200bBir\u00e7ok medeniyetlere ev sahipli\u011fi yapan Birgi Tarihi Kenti i\u00e7in UNESCO yolunda yeni bir s\u00fcre\u00e7 ba\u015fl\u0131yor.\u00a0<\/p>\n<p>\u200bHaberin Al\u0131nt\u0131land\u0131\u011f\u0131 Kaynak: www.iskenderun.org<\/p>","protected":false},"excerpt":{"rendered":"<p>Bir\u00e7ok medeniyetlere ev sahipli\u011fi yapan Birgi Tarihi Kenti i\u00e7in UNESCO yolunda yeni bir s\u00fcre\u00e7 ba\u015fl\u0131yor. \u200bBir\u00e7ok medeniyetlere ev sahipli\u011fi yapan Birgi Tarihi Kenti i\u00e7in UNESCO yolunda yeni bir s\u00fcre\u00e7 ba\u015fl\u0131yor.\u00a0 \u200bHaberin Al\u0131nt\u0131land\u0131\u011f\u0131 Kaynak: www.iskenderun.org<\/p>","protected":false},"author":1,"featured_media":0,"comment_status":"open","ping_status":"open","sticky":false,"template":"","format":"standard","meta":{"_acf_changed":false,"footnotes":""},"categories":[24],"tags":[],"class_list":["post-25986","post","type-post","status-publish","format-standard","has-post-thumbnail","hentry","category-gundem"],"acf":[],"yoast_head":"<!-- This site is optimized with the Yoast SEO Premium plugin v26.6 (Yoast SEO v27.1.1) - https:\/\/yoast.com\/product\/yoast-seo-premium-wordpress\/ -->\n<title>UNESCO D\u00fcnya Miras\u0131 yolunda kararl\u0131y\u0131z, heyecanl\u0131y\u0131z - Av. Deniz Can K\u0131z\u0131l<\/title>\n<meta name=\"robots\" content=\"index, follow, max-snippet:-1, max-image-preview:large, max-video-preview:-1\" \/>\n<link rel=\"canonical\" href=\"https:\/\/denizcankizil.tr\/ru\/haberler\/gundem\/unesco-dunya-mirasi-yolunda-kararliyiz-heyecanliyiz\/\" \/>\n<meta property=\"og:locale\" content=\"ru_RU\" \/>\n<meta property=\"og:type\" content=\"article\" \/>\n<meta property=\"og:title\" content=\"UNESCO D\u00fcnya Miras\u0131 yolunda kararl\u0131y\u0131z, heyecanl\u0131y\u0131z\" \/>\n<meta property=\"og:description\" content=\"Bir\u00e7ok medeniyetlere ev sahipli\u011fi yapan Birgi Tarihi Kenti i\u00e7in UNESCO yolunda yeni bir s\u00fcre\u00e7 ba\u015fl\u0131yor. \u200bBir\u00e7ok medeniyetlere ev sahipli\u011fi yapan Birgi Tarihi Kenti i\u00e7in UNESCO yolunda yeni bir s\u00fcre\u00e7 ba\u015fl\u0131yor.\u00a0 \u200bHaberin Al\u0131nt\u0131land\u0131\u011f\u0131 Kaynak: www.iskenderun.org\" \/>\n<meta property=\"og:url\" content=\"https:\/\/denizcankizil.tr\/ru\/haberler\/gundem\/unesco-dunya-mirasi-yolunda-kararliyiz-heyecanliyiz\/\" \/>\n<meta property=\"og:site_name\" content=\"Av. Deniz Can K\u0131z\u0131l\" \/>\n<meta property=\"article:published_time\" content=\"2025-01-18T08:41:30+00:00\" \/>\n<meta name=\"author\" content=\"admin\" \/>\n<meta name=\"twitter:card\" content=\"summary_large_image\" \/>\n<meta name=\"twitter:label1\" content=\"\u041d\u0430\u043f\u0438\u0441\u0430\u043d\u043e \u0430\u0432\u0442\u043e\u0440\u043e\u043c\" \/>\n\t<meta name=\"twitter:data1\" content=\"admin\" \/>\n<script type=\"application\/ld+json\" class=\"yoast-schema-graph\">{\"@context\":\"https:\/\/schema.org\",\"@graph\":[{\"@type\":\"Article\",\"@id\":\"https:\/\/denizcankizil.tr\/ru\/haberler\/gundem\/unesco-dunya-mirasi-yolunda-kararliyiz-heyecanliyiz\/#article\",\"isPartOf\":{\"@id\":\"https:\/\/denizcankizil.tr\/ru\/haberler\/gundem\/unesco-dunya-mirasi-yolunda-kararliyiz-heyecanliyiz\/\"},\"author\":{\"name\":\"admin\",\"@id\":\"https:\/\/denizcankizil.tr\/de\/#\/schema\/person\/be3c05fe6a12686905512445d8185489\"},\"headline\":\"UNESCO D\u00fcnya Miras\u0131 yolunda kararl\u0131y\u0131z, heyecanl\u0131y\u0131z\",\"datePublished\":\"2025-01-18T08:41:30+00:00\",\"mainEntityOfPage\":{\"@id\":\"https:\/\/denizcankizil.tr\/ru\/haberler\/gundem\/unesco-dunya-mirasi-yolunda-kararliyiz-heyecanliyiz\/\"},\"wordCount\":61,\"commentCount\":0,\"publisher\":{\"@id\":\"https:\/\/denizcankizil.tr\/de\/#organization\"},\"articleSection\":[\"G\u00fcndem\"],\"inLanguage\":\"ru-RU\",\"potentialAction\":[{\"@type\":\"CommentAction\",\"name\":\"Comment\",\"target\":[\"https:\/\/denizcankizil.tr\/ru\/haberler\/gundem\/unesco-dunya-mirasi-yolunda-kararliyiz-heyecanliyiz\/#respond\"]}]},{\"@type\":\"WebPage\",\"@id\":\"https:\/\/denizcankizil.tr\/ru\/haberler\/gundem\/unesco-dunya-mirasi-yolunda-kararliyiz-heyecanliyiz\/\",\"url\":\"https:\/\/denizcankizil.tr\/ru\/haberler\/gundem\/unesco-dunya-mirasi-yolunda-kararliyiz-heyecanliyiz\/\",\"name\":\"UNESCO D\u00fcnya Miras\u0131 yolunda kararl\u0131y\u0131z, heyecanl\u0131y\u0131z - Av. Deniz Can K\u0131z\u0131l\",\"isPartOf\":{\"@id\":\"https:\/\/denizcankizil.tr\/de\/#website\"},\"datePublished\":\"2025-01-18T08:41:30+00:00\",\"breadcrumb\":{\"@id\":\"https:\/\/denizcankizil.tr\/ru\/haberler\/gundem\/unesco-dunya-mirasi-yolunda-kararliyiz-heyecanliyiz\/#breadcrumb\"},\"inLanguage\":\"ru-RU\",\"potentialAction\":[{\"@type\":\"ReadAction\",\"target\":[\"https:\/\/denizcankizil.tr\/ru\/haberler\/gundem\/unesco-dunya-mirasi-yolunda-kararliyiz-heyecanliyiz\/\"]}]},{\"@type\":\"BreadcrumbList\",\"@id\":\"https:\/\/denizcankizil.tr\/ru\/haberler\/gundem\/unesco-dunya-mirasi-yolunda-kararliyiz-heyecanliyiz\/#breadcrumb\",\"itemListElement\":[{\"@type\":\"ListItem\",\"position\":1,\"name\":\"Home\",\"item\":\"https:\/\/denizcankizil.tr\/de\/\"},{\"@type\":\"ListItem\",\"position\":2,\"name\":\"UNESCO D\u00fcnya Miras\u0131 yolunda kararl\u0131y\u0131z, heyecanl\u0131y\u0131z\"}]},{\"@type\":\"WebSite\",\"@id\":\"https:\/\/denizcankizil.tr\/de\/#website\",\"url\":\"https:\/\/denizcankizil.tr\/de\/\",\"name\":\"Av. Deniz Can K\u0131z\u0131l\",\"description\":\"Avukat Deniz Can K\u0131z\u0131l Antalya Barosu\",\"publisher\":{\"@id\":\"https:\/\/denizcankizil.tr\/de\/#organization\"},\"potentialAction\":[{\"@type\":\"SearchAction\",\"target\":{\"@type\":\"EntryPoint\",\"urlTemplate\":\"https:\/\/denizcankizil.tr\/de\/?s={search_term_string}\"},\"query-input\":{\"@type\":\"PropertyValueSpecification\",\"valueRequired\":true,\"valueName\":\"search_term_string\"}}],\"inLanguage\":\"ru-RU\"},{\"@type\":\"Organization\",\"@id\":\"https:\/\/denizcankizil.tr\/de\/#organization\",\"name\":\"Av. Deniz Can K\u0131z\u0131l\",\"url\":\"https:\/\/denizcankizil.tr\/de\/\",\"logo\":{\"@type\":\"ImageObject\",\"inLanguage\":\"ru-RU\",\"@id\":\"https:\/\/denizcankizil.tr\/de\/#\/schema\/logo\/image\/\",\"url\":\"https:\/\/denizcankizil.tr\/wp-content\/uploads\/2024\/10\/siyah-logo-svg.svg\",\"contentUrl\":\"https:\/\/denizcankizil.tr\/wp-content\/uploads\/2024\/10\/siyah-logo-svg.svg\",\"width\":1080,\"height\":1080,\"caption\":\"Av. Deniz Can K\u0131z\u0131l\"},\"image\":{\"@id\":\"https:\/\/denizcankizil.tr\/de\/#\/schema\/logo\/image\/\"}},{\"@type\":\"Person\",\"@id\":\"https:\/\/denizcankizil.tr\/de\/#\/schema\/person\/be3c05fe6a12686905512445d8185489\",\"name\":\"admin\",\"image\":{\"@type\":\"ImageObject\",\"inLanguage\":\"ru-RU\",\"@id\":\"https:\/\/denizcankizil.tr\/de\/#\/schema\/person\/image\/\",\"url\":\"https:\/\/secure.gravatar.com\/avatar\/c1fce94c830dc79107e174f890d7210541c4a63e8e5d816341794a2151c9d58c?s=96&d=mm&r=g\",\"contentUrl\":\"https:\/\/secure.gravatar.com\/avatar\/c1fce94c830dc79107e174f890d7210541c4a63e8e5d816341794a2151c9d58c?s=96&d=mm&r=g\",\"caption\":\"admin\"},\"sameAs\":[\"http:\/\/denizcankizil.tr\"],\"url\":\"https:\/\/www.iskenderun.org\/unesco-dunya-mirasi-yolunda-kararliyiz-heyecanliyiz\"}]}<\/script>\n<!-- \/ Yoast SEO Premium plugin. -->","yoast_head_json":{"title":"UNESCO D\u00fcnya Miras\u0131 yolunda kararl\u0131y\u0131z, heyecanl\u0131y\u0131z - Av. Deniz Can K\u0131z\u0131l","robots":{"index":"index","follow":"follow","max-snippet":"max-snippet:-1","max-image-preview":"max-image-preview:large","max-video-preview":"max-video-preview:-1"},"canonical":"https:\/\/denizcankizil.tr\/ru\/haberler\/gundem\/unesco-dunya-mirasi-yolunda-kararliyiz-heyecanliyiz\/","og_locale":"ru_RU","og_type":"article","og_title":"UNESCO D\u00fcnya Miras\u0131 yolunda kararl\u0131y\u0131z, heyecanl\u0131y\u0131z","og_description":"Bir\u00e7ok medeniyetlere ev sahipli\u011fi yapan Birgi Tarihi Kenti i\u00e7in UNESCO yolunda yeni bir s\u00fcre\u00e7 ba\u015fl\u0131yor. \u200bBir\u00e7ok medeniyetlere ev sahipli\u011fi yapan Birgi Tarihi Kenti i\u00e7in UNESCO yolunda yeni bir s\u00fcre\u00e7 ba\u015fl\u0131yor.\u00a0 \u200bHaberin Al\u0131nt\u0131land\u0131\u011f\u0131 Kaynak: www.iskenderun.org","og_url":"https:\/\/denizcankizil.tr\/ru\/haberler\/gundem\/unesco-dunya-mirasi-yolunda-kararliyiz-heyecanliyiz\/","og_site_name":"Av. Deniz Can K\u0131z\u0131l","article_published_time":"2025-01-18T08:41:30+00:00","author":"admin","twitter_card":"summary_large_image","twitter_misc":{"\u041d\u0430\u043f\u0438\u0441\u0430\u043d\u043e \u0430\u0432\u0442\u043e\u0440\u043e\u043c":"admin"},"schema":{"@context":"https:\/\/schema.org","@graph":[{"@type":"Article","@id":"https:\/\/denizcankizil.tr\/ru\/haberler\/gundem\/unesco-dunya-mirasi-yolunda-kararliyiz-heyecanliyiz\/#article","isPartOf":{"@id":"https:\/\/denizcankizil.tr\/ru\/haberler\/gundem\/unesco-dunya-mirasi-yolunda-kararliyiz-heyecanliyiz\/"},"author":{"name":"admin","@id":"https:\/\/denizcankizil.tr\/de\/#\/schema\/person\/be3c05fe6a12686905512445d8185489"},"headline":"UNESCO D\u00fcnya Miras\u0131 yolunda kararl\u0131y\u0131z, heyecanl\u0131y\u0131z","datePublished":"2025-01-18T08:41:30+00:00","mainEntityOfPage":{"@id":"https:\/\/denizcankizil.tr\/ru\/haberler\/gundem\/unesco-dunya-mirasi-yolunda-kararliyiz-heyecanliyiz\/"},"wordCount":61,"commentCount":0,"publisher":{"@id":"https:\/\/denizcankizil.tr\/de\/#organization"},"articleSection":["G\u00fcndem"],"inLanguage":"ru-RU","potentialAction":[{"@type":"CommentAction","name":"Comment","target":["https:\/\/denizcankizil.tr\/ru\/haberler\/gundem\/unesco-dunya-mirasi-yolunda-kararliyiz-heyecanliyiz\/#respond"]}]},{"@type":"WebPage","@id":"https:\/\/denizcankizil.tr\/ru\/haberler\/gundem\/unesco-dunya-mirasi-yolunda-kararliyiz-heyecanliyiz\/","url":"https:\/\/denizcankizil.tr\/ru\/haberler\/gundem\/unesco-dunya-mirasi-yolunda-kararliyiz-heyecanliyiz\/","name":"UNESCO D\u00fcnya Miras\u0131 yolunda kararl\u0131y\u0131z, heyecanl\u0131y\u0131z - Av. Deniz Can K\u0131z\u0131l","isPartOf":{"@id":"https:\/\/denizcankizil.tr\/de\/#website"},"datePublished":"2025-01-18T08:41:30+00:00","breadcrumb":{"@id":"https:\/\/denizcankizil.tr\/ru\/haberler\/gundem\/unesco-dunya-mirasi-yolunda-kararliyiz-heyecanliyiz\/#breadcrumb"},"inLanguage":"ru-RU","potentialAction":[{"@type":"ReadAction","target":["https:\/\/denizcankizil.tr\/ru\/haberler\/gundem\/unesco-dunya-mirasi-yolunda-kararliyiz-heyecanliyiz\/"]}]},{"@type":"BreadcrumbList","@id":"https:\/\/denizcankizil.tr\/ru\/haberler\/gundem\/unesco-dunya-mirasi-yolunda-kararliyiz-heyecanliyiz\/#breadcrumb","itemListElement":[{"@type":"ListItem","position":1,"name":"Home","item":"https:\/\/denizcankizil.tr\/de\/"},{"@type":"ListItem","position":2,"name":"UNESCO D\u00fcnya Miras\u0131 yolunda kararl\u0131y\u0131z, heyecanl\u0131y\u0131z"}]},{"@type":"WebSite","@id":"https:\/\/denizcankizil.tr\/de\/#website","url":"https:\/\/denizcankizil.tr\/de\/","name":"Av. Deniz Can K\u0131z\u0131l","description":"Avukat Deniz Can K\u0131z\u0131l Antalya Barosu","publisher":{"@id":"https:\/\/denizcankizil.tr\/de\/#organization"},"potentialAction":[{"@type":"SearchAction","target":{"@type":"EntryPoint","urlTemplate":"https:\/\/denizcankizil.tr\/de\/?s={search_term_string}"},"query-input":{"@type":"PropertyValueSpecification","valueRequired":true,"valueName":"search_term_string"}}],"inLanguage":"ru-RU"},{"@type":"Organization","@id":"https:\/\/denizcankizil.tr\/de\/#organization","name":"Av. Deniz Can K\u0131z\u0131l","url":"https:\/\/denizcankizil.tr\/de\/","logo":{"@type":"ImageObject","inLanguage":"ru-RU","@id":"https:\/\/denizcankizil.tr\/de\/#\/schema\/logo\/image\/","url":"https:\/\/denizcankizil.tr\/wp-content\/uploads\/2024\/10\/siyah-logo-svg.svg","contentUrl":"https:\/\/denizcankizil.tr\/wp-content\/uploads\/2024\/10\/siyah-logo-svg.svg","width":1080,"height":1080,"caption":"Av. Deniz Can K\u0131z\u0131l"},"image":{"@id":"https:\/\/denizcankizil.tr\/de\/#\/schema\/logo\/image\/"}},{"@type":"Person","@id":"https:\/\/denizcankizil.tr\/de\/#\/schema\/person\/be3c05fe6a12686905512445d8185489","name":"\u0430\u0434\u043c\u0438\u043d","image":{"@type":"ImageObject","inLanguage":"ru-RU","@id":"https:\/\/denizcankizil.tr\/de\/#\/schema\/person\/image\/","url":"https:\/\/secure.gravatar.com\/avatar\/c1fce94c830dc79107e174f890d7210541c4a63e8e5d816341794a2151c9d58c?s=96&d=mm&r=g","contentUrl":"https:\/\/secure.gravatar.com\/avatar\/c1fce94c830dc79107e174f890d7210541c4a63e8e5d816341794a2151c9d58c?s=96&d=mm&r=g","caption":"admin"},"sameAs":["http:\/\/denizcankizil.tr"],"url":"https:\/\/www.iskenderun.org\/unesco-dunya-mirasi-yolunda-kararliyiz-heyecanliyiz"}]}},"_links":{"self":[{"href":"https:\/\/denizcankizil.tr\/ru\/wp-json\/wp\/v2\/posts\/25986","targetHints":{"allow":["GET"]}}],"collection":[{"href":"https:\/\/denizcankizil.tr\/ru\/wp-json\/wp\/v2\/posts"}],"about":[{"href":"https:\/\/denizcankizil.tr\/ru\/wp-json\/wp\/v2\/types\/post"}],"author":[{"embeddable":true,"href":"https:\/\/denizcankizil.tr\/ru\/wp-json\/wp\/v2\/users\/1"}],"replies":[{"embeddable":true,"href":"https:\/\/denizcankizil.tr\/ru\/wp-json\/wp\/v2\/comments?post=25986"}],"version-history":[{"count":0,"href":"https:\/\/denizcankizil.tr\/ru\/wp-json\/wp\/v2\/posts\/25986\/revisions"}],"wp:attachment":[{"href":"https:\/\/denizcankizil.tr\/ru\/wp-json\/wp\/v2\/media?parent=25986"}],"wp:term":[{"taxonomy":"category","embeddable":true,"href":"https:\/\/denizcankizil.tr\/ru\/wp-json\/wp\/v2\/categories?post=25986"},{"taxonomy":"post_tag","embeddable":true,"href":"https:\/\/denizcankizil.tr\/ru\/wp-json\/wp\/v2\/tags?post=25986"}],"curies":[{"name":"wp","href":"https:\/\/api.w.org\/{rel}","templated":true}]}}