{"id":25979,"date":"2025-01-18T11:41:20","date_gmt":"2025-01-18T08:41:20","guid":{"rendered":"https:\/\/denizcankizil.tr\/uncategorized-tr\/antalyada-pazarci-esnafinin-gozu-aksuda\/"},"modified":"2025-01-18T11:41:20","modified_gmt":"2025-01-18T08:41:20","slug":"antalyada-pazarci-esnafinin-gozu-aksuda","status":"publish","type":"post","link":"https:\/\/denizcankizil.tr\/ru\/haberler\/gundem\/antalyada-pazarci-esnafinin-gozu-aksuda\/","title":{"rendered":"Antalya\u2019da pazarc\u0131 esnaf\u0131n\u0131n g\u00f6z\u00fc Aksu\u2019da\u2026"},"content":{"rendered":"<p>Aksu il\u00e7esinde k\u0131sa s\u00fcre i\u00e7erisinde hizmete girmesi beklenen G\u00fczelyurt Kapal\u0131 Pazar Yerinde 7 bal\u0131k\u00e7\u0131, 16 kuruyemi\u015f\u00e7i, 8 peynirci, 214 sebzeci, 32 k\u00f6yl\u00fc, 96 tekstilci esnaf\u0131 yer alacak. B\u00fcy\u00fck\u015fehir Belediyesi\u2019nden yap\u0131lan a\u00e7\u0131klamada pazarda yer almak isteyen esnaflar\u0131n belediye m\u00fcracaat etmeleri istendi. Pazarda yer alacak esnaflar kura ile belirlenecek.<\/p>\n<p>PAZARCI ESNAFINI HEYECANLANDIRAN ADIM<\/p>\n<p>Antalya B\u00fcy\u00fck\u015fehir Belediyesi taraf\u0131ndan Aksu il\u00e7esinde projelendirilene G\u00fczelyurt Kapal\u0131 Pazar Alan\u0131nda yer almak isteyen esnaflar\u0131n belediyeye ba\u015fvurmalar\u0131 istendi. Yap\u0131lan a\u00e7\u0131klamada; \u201cAntalya B\u00fcy\u00fck\u015fehir Belediye Meclisinin 16.07.2024 tarih ve 485 nolu karar\u0131 ile Aksu \u0130l\u00e7esi G\u00fczelyurt Mahallesi 14980 ada 5 parsel numaral\u0131 ta\u015f\u0131nmazda Pazar yeri kurulu\u015f komisyonu raporu do\u011frultusunda Kapal\u0131 Pazar yeri kurulmas\u0131na karar verilmi\u015ftir\u201d denildi. Pazarc\u0131 esnaflar\u0131nda b\u00fcy\u00fck heyecan yaratan a\u00e7\u0131klaman\u0131n ard\u0131ndan B\u00fcy\u00fck\u015fehir Belediyesine \u00e7ok say\u0131da ba\u015fvurunun yap\u0131ld\u0131\u011f\u0131 ifade edildi.<\/p>\n<p>KURA \u00c7EK\u0130L\u0130\u015e\u0130YLE BELL\u0130 OLACAK!<\/p>\n<p>B\u00fcy\u00fck\u015fehir Belediyesi\u2019nden konuya ili\u015fkin yap\u0131lan detayl\u0131 a\u00e7\u0131klamada \u015fu ifadelere yer verildi: \u201c5957 say\u0131l\u0131 Sebze ve Meyveler ile Yeterli Arz ve Talep Derinli\u011fi Bulunan Di\u011fer Mallar\u0131n Ticaretinin D\u00fczenlenmesi Hakk\u0131nda Kanun ve bu kanuna dayan\u0131larak \u00e7\u0131kar\u0131lan 12.07.2012 tarihli ve 28351 say\u0131l\u0131 Resmi Gazetede yay\u0131nlanarak y\u00fcr\u00fcrl\u00fc\u011fe giren Pazar Yerleri Hakk\u0131nda Y\u00f6netmelik h\u00fck\u00fcmlerine g\u00f6re kura \u00e7ekilerek \u00fcreticilere ve pazarc\u0131lara sat\u0131\u015f yeri tahsisi yap\u0131lacakt\u0131r. G\u00fczelyurt Kapal\u0131 Pazar Yerinde 7 Bal\u0131k\u00e7\u0131, 16 Kuruyemi\u015f\u00e7i, 8 Peynirci, 214 Sebzeci, 32 K\u00f6yl\u00fc, 96 Tekstilci m\u00fcracaat sahiplerine kura \u00e7ekilerek tahsis yap\u0131lacakt\u0131r.\u201d<\/p>\n<p>\u200bAntalya B\u00fcy\u00fck\u015fehir Belediyesi, Aksu il\u00e7esi G\u00fczelyurt Mahallesi\u2019nde Kapal\u0131 Pazar Alan\u0131 Projesi ba\u015flatt\u0131. Proje kapsam\u0131nda pazarda yer almak isteyen esnaftan belediyeye ba\u015fvuruda bulunmalar\u0131 istendi.\u00a0<\/p>\n<p>\u200bHaberin Al\u0131nt\u0131land\u0131\u011f\u0131 Kaynak: www.antalyakorfez.com<\/p>","protected":false},"excerpt":{"rendered":"<p>Aksu il\u00e7esinde k\u0131sa s\u00fcre i\u00e7erisinde hizmete girmesi beklenen G\u00fczelyurt Kapal\u0131 Pazar Yerinde 7 bal\u0131k\u00e7\u0131, 16 kuruyemi\u015f\u00e7i, 8 peynirci, 214 sebzeci, 32 k\u00f6yl\u00fc, 96 tekstilci esnaf\u0131 yer alacak. B\u00fcy\u00fck\u015fehir Belediyesi\u2019nden yap\u0131lan a\u00e7\u0131klamada pazarda yer almak isteyen esnaflar\u0131n belediye m\u00fcracaat etmeleri istendi. Pazarda yer alacak esnaflar kura ile belirlenecek. PAZARCI ESNAFINI HEYECANLANDIRAN ADIM Antalya B\u00fcy\u00fck\u015fehir Belediyesi taraf\u0131ndan Aksu il\u00e7esinde projelendirilene G\u00fczelyurt Kapal\u0131 Pazar Alan\u0131nda yer almak isteyen esnaflar\u0131n belediyeye ba\u015fvurmalar\u0131 istendi. Yap\u0131lan a\u00e7\u0131klamada; \u201cAntalya B\u00fcy\u00fck\u015fehir Belediye Meclisinin 16.07.2024 tarih ve 485 nolu karar\u0131 ile Aksu \u0130l\u00e7esi G\u00fczelyurt Mahallesi 14980 ada 5 parsel numaral\u0131 ta\u015f\u0131nmazda Pazar yeri kurulu\u015f komisyonu raporu do\u011frultusunda Kapal\u0131 Pazar yeri kurulmas\u0131na karar verilmi\u015ftir\u201d denildi. Pazarc\u0131 esnaflar\u0131nda b\u00fcy\u00fck heyecan yaratan a\u00e7\u0131klaman\u0131n ard\u0131ndan B\u00fcy\u00fck\u015fehir Belediyesine \u00e7ok say\u0131da ba\u015fvurunun yap\u0131ld\u0131\u011f\u0131 ifade edildi. KURA \u00c7EK\u0130L\u0130\u015e\u0130YLE BELL\u0130 OLACAK! B\u00fcy\u00fck\u015fehir Belediyesi\u2019nden konuya ili\u015fkin yap\u0131lan detayl\u0131 a\u00e7\u0131klamada \u015fu ifadelere yer verildi: \u201c5957 say\u0131l\u0131 Sebze ve Meyveler ile Yeterli Arz ve Talep Derinli\u011fi Bulunan Di\u011fer Mallar\u0131n Ticaretinin D\u00fczenlenmesi Hakk\u0131nda Kanun ve bu kanuna dayan\u0131larak \u00e7\u0131kar\u0131lan 12.07.2012 tarihli ve 28351 say\u0131l\u0131 Resmi Gazetede yay\u0131nlanarak y\u00fcr\u00fcrl\u00fc\u011fe giren Pazar Yerleri Hakk\u0131nda Y\u00f6netmelik h\u00fck\u00fcmlerine g\u00f6re kura \u00e7ekilerek \u00fcreticilere ve pazarc\u0131lara sat\u0131\u015f yeri tahsisi yap\u0131lacakt\u0131r. G\u00fczelyurt Kapal\u0131 Pazar Yerinde 7 Bal\u0131k\u00e7\u0131, 16 Kuruyemi\u015f\u00e7i, 8 Peynirci, 214 Sebzeci, 32 K\u00f6yl\u00fc, 96 Tekstilci m\u00fcracaat &hellip;<\/p>","protected":false},"author":5,"featured_media":0,"comment_status":"open","ping_status":"open","sticky":false,"template":"","format":"standard","meta":{"_acf_changed":false,"footnotes":""},"categories":[24],"tags":[],"class_list":["post-25979","post","type-post","status-publish","format-standard","has-post-thumbnail","hentry","category-gundem"],"acf":[],"yoast_head":"<!-- This site is optimized with the Yoast SEO Premium plugin v26.6 (Yoast SEO v27.1.1) - https:\/\/yoast.com\/product\/yoast-seo-premium-wordpress\/ -->\n<title>Antalya\u2019da pazarc\u0131 esnaf\u0131n\u0131n g\u00f6z\u00fc Aksu\u2019da\u2026 - Av. Deniz Can K\u0131z\u0131l<\/title>\n<meta name=\"robots\" content=\"index, follow, max-snippet:-1, max-image-preview:large, max-video-preview:-1\" \/>\n<link rel=\"canonical\" href=\"https:\/\/denizcankizil.tr\/ru\/haberler\/gundem\/antalyada-pazarci-esnafinin-gozu-aksuda\/\" \/>\n<meta property=\"og:locale\" content=\"ru_RU\" \/>\n<meta property=\"og:type\" content=\"article\" \/>\n<meta property=\"og:title\" content=\"Antalya\u2019da pazarc\u0131 esnaf\u0131n\u0131n g\u00f6z\u00fc Aksu\u2019da\u2026\" \/>\n<meta property=\"og:description\" content=\"Aksu il\u00e7esinde k\u0131sa s\u00fcre i\u00e7erisinde hizmete girmesi beklenen G\u00fczelyurt Kapal\u0131 Pazar Yerinde 7 bal\u0131k\u00e7\u0131, 16 kuruyemi\u015f\u00e7i, 8 peynirci, 214 sebzeci, 32 k\u00f6yl\u00fc, 96 tekstilci esnaf\u0131 yer alacak. B\u00fcy\u00fck\u015fehir Belediyesi\u2019nden yap\u0131lan a\u00e7\u0131klamada pazarda yer almak isteyen esnaflar\u0131n belediye m\u00fcracaat etmeleri istendi. Pazarda yer alacak esnaflar kura ile belirlenecek. PAZARCI ESNAFINI HEYECANLANDIRAN ADIM Antalya B\u00fcy\u00fck\u015fehir Belediyesi taraf\u0131ndan Aksu il\u00e7esinde projelendirilene G\u00fczelyurt Kapal\u0131 Pazar Alan\u0131nda yer almak isteyen esnaflar\u0131n belediyeye ba\u015fvurmalar\u0131 istendi. Yap\u0131lan a\u00e7\u0131klamada; \u201cAntalya B\u00fcy\u00fck\u015fehir Belediye Meclisinin 16.07.2024 tarih ve 485 nolu karar\u0131 ile Aksu \u0130l\u00e7esi G\u00fczelyurt Mahallesi 14980 ada 5 parsel numaral\u0131 ta\u015f\u0131nmazda Pazar yeri kurulu\u015f komisyonu raporu do\u011frultusunda Kapal\u0131 Pazar yeri kurulmas\u0131na karar verilmi\u015ftir\u201d denildi. Pazarc\u0131 esnaflar\u0131nda b\u00fcy\u00fck heyecan yaratan a\u00e7\u0131klaman\u0131n ard\u0131ndan B\u00fcy\u00fck\u015fehir Belediyesine \u00e7ok say\u0131da ba\u015fvurunun yap\u0131ld\u0131\u011f\u0131 ifade edildi. KURA \u00c7EK\u0130L\u0130\u015e\u0130YLE BELL\u0130 OLACAK! B\u00fcy\u00fck\u015fehir Belediyesi\u2019nden konuya ili\u015fkin yap\u0131lan detayl\u0131 a\u00e7\u0131klamada \u015fu ifadelere yer verildi: \u201c5957 say\u0131l\u0131 Sebze ve Meyveler ile Yeterli Arz ve Talep Derinli\u011fi Bulunan Di\u011fer Mallar\u0131n Ticaretinin D\u00fczenlenmesi Hakk\u0131nda Kanun ve bu kanuna dayan\u0131larak \u00e7\u0131kar\u0131lan 12.07.2012 tarihli ve 28351 say\u0131l\u0131 Resmi Gazetede yay\u0131nlanarak y\u00fcr\u00fcrl\u00fc\u011fe giren Pazar Yerleri Hakk\u0131nda Y\u00f6netmelik h\u00fck\u00fcmlerine g\u00f6re kura \u00e7ekilerek \u00fcreticilere ve pazarc\u0131lara sat\u0131\u015f yeri tahsisi yap\u0131lacakt\u0131r. G\u00fczelyurt Kapal\u0131 Pazar Yerinde 7 Bal\u0131k\u00e7\u0131, 16 Kuruyemi\u015f\u00e7i, 8 Peynirci, 214 Sebzeci, 32 K\u00f6yl\u00fc, 96 Tekstilci m\u00fcracaat &hellip;\" \/>\n<meta property=\"og:url\" content=\"https:\/\/denizcankizil.tr\/ru\/haberler\/gundem\/antalyada-pazarci-esnafinin-gozu-aksuda\/\" \/>\n<meta property=\"og:site_name\" content=\"Av. Deniz Can K\u0131z\u0131l\" \/>\n<meta property=\"article:published_time\" content=\"2025-01-18T08:41:20+00:00\" \/>\n<meta name=\"author\" content=\"Antalya K\u00f6rfez\" \/>\n<meta name=\"twitter:card\" content=\"summary_large_image\" \/>\n<meta name=\"twitter:label1\" content=\"\u041d\u0430\u043f\u0438\u0441\u0430\u043d\u043e \u0430\u0432\u0442\u043e\u0440\u043e\u043c\" \/>\n\t<meta name=\"twitter:data1\" content=\"Antalya K\u00f6rfez\" \/>\n\t<meta name=\"twitter:label2\" content=\"\u041f\u0440\u0438\u043c\u0435\u0440\u043d\u043e\u0435 \u0432\u0440\u0435\u043c\u044f \u0434\u043b\u044f \u0447\u0442\u0435\u043d\u0438\u044f\" \/>\n\t<meta name=\"twitter:data2\" content=\"2 \u043c\u0438\u043d\u0443\u0442\u044b\" \/>\n<script type=\"application\/ld+json\" class=\"yoast-schema-graph\">{\"@context\":\"https:\/\/schema.org\",\"@graph\":[{\"@type\":\"Article\",\"@id\":\"https:\/\/denizcankizil.tr\/ru\/haberler\/gundem\/antalyada-pazarci-esnafinin-gozu-aksuda\/#article\",\"isPartOf\":{\"@id\":\"https:\/\/denizcankizil.tr\/ru\/haberler\/gundem\/antalyada-pazarci-esnafinin-gozu-aksuda\/\"},\"author\":{\"name\":\"Antalya K\u00f6rfez\",\"@id\":\"https:\/\/denizcankizil.tr\/de\/#\/schema\/person\/e1eb71bb4dd684d46563f0af307e1234\"},\"headline\":\"Antalya\u2019da pazarc\u0131 esnaf\u0131n\u0131n g\u00f6z\u00fc Aksu\u2019da\u2026\",\"datePublished\":\"2025-01-18T08:41:20+00:00\",\"mainEntityOfPage\":{\"@id\":\"https:\/\/denizcankizil.tr\/ru\/haberler\/gundem\/antalyada-pazarci-esnafinin-gozu-aksuda\/\"},\"wordCount\":321,\"commentCount\":0,\"publisher\":{\"@id\":\"https:\/\/denizcankizil.tr\/de\/#organization\"},\"articleSection\":[\"G\u00fcndem\"],\"inLanguage\":\"ru-RU\",\"potentialAction\":[{\"@type\":\"CommentAction\",\"name\":\"Comment\",\"target\":[\"https:\/\/denizcankizil.tr\/ru\/haberler\/gundem\/antalyada-pazarci-esnafinin-gozu-aksuda\/#respond\"]}]},{\"@type\":\"WebPage\",\"@id\":\"https:\/\/denizcankizil.tr\/ru\/haberler\/gundem\/antalyada-pazarci-esnafinin-gozu-aksuda\/\",\"url\":\"https:\/\/denizcankizil.tr\/ru\/haberler\/gundem\/antalyada-pazarci-esnafinin-gozu-aksuda\/\",\"name\":\"Antalya\u2019da pazarc\u0131 esnaf\u0131n\u0131n g\u00f6z\u00fc Aksu\u2019da\u2026 - Av. Deniz Can K\u0131z\u0131l\",\"isPartOf\":{\"@id\":\"https:\/\/denizcankizil.tr\/de\/#website\"},\"datePublished\":\"2025-01-18T08:41:20+00:00\",\"breadcrumb\":{\"@id\":\"https:\/\/denizcankizil.tr\/ru\/haberler\/gundem\/antalyada-pazarci-esnafinin-gozu-aksuda\/#breadcrumb\"},\"inLanguage\":\"ru-RU\",\"potentialAction\":[{\"@type\":\"ReadAction\",\"target\":[\"https:\/\/denizcankizil.tr\/ru\/haberler\/gundem\/antalyada-pazarci-esnafinin-gozu-aksuda\/\"]}]},{\"@type\":\"BreadcrumbList\",\"@id\":\"https:\/\/denizcankizil.tr\/ru\/haberler\/gundem\/antalyada-pazarci-esnafinin-gozu-aksuda\/#breadcrumb\",\"itemListElement\":[{\"@type\":\"ListItem\",\"position\":1,\"name\":\"Home\",\"item\":\"https:\/\/denizcankizil.tr\/de\/\"},{\"@type\":\"ListItem\",\"position\":2,\"name\":\"Antalya\u2019da pazarc\u0131 esnaf\u0131n\u0131n g\u00f6z\u00fc Aksu\u2019da\u2026\"}]},{\"@type\":\"WebSite\",\"@id\":\"https:\/\/denizcankizil.tr\/de\/#website\",\"url\":\"https:\/\/denizcankizil.tr\/de\/\",\"name\":\"Av. Deniz Can K\u0131z\u0131l\",\"description\":\"Avukat Deniz Can K\u0131z\u0131l Antalya Barosu\",\"publisher\":{\"@id\":\"https:\/\/denizcankizil.tr\/de\/#organization\"},\"potentialAction\":[{\"@type\":\"SearchAction\",\"target\":{\"@type\":\"EntryPoint\",\"urlTemplate\":\"https:\/\/denizcankizil.tr\/de\/?s={search_term_string}\"},\"query-input\":{\"@type\":\"PropertyValueSpecification\",\"valueRequired\":true,\"valueName\":\"search_term_string\"}}],\"inLanguage\":\"ru-RU\"},{\"@type\":\"Organization\",\"@id\":\"https:\/\/denizcankizil.tr\/de\/#organization\",\"name\":\"Av. Deniz Can K\u0131z\u0131l\",\"url\":\"https:\/\/denizcankizil.tr\/de\/\",\"logo\":{\"@type\":\"ImageObject\",\"inLanguage\":\"ru-RU\",\"@id\":\"https:\/\/denizcankizil.tr\/de\/#\/schema\/logo\/image\/\",\"url\":\"https:\/\/denizcankizil.tr\/wp-content\/uploads\/2024\/10\/siyah-logo-svg.svg\",\"contentUrl\":\"https:\/\/denizcankizil.tr\/wp-content\/uploads\/2024\/10\/siyah-logo-svg.svg\",\"width\":1080,\"height\":1080,\"caption\":\"Av. Deniz Can K\u0131z\u0131l\"},\"image\":{\"@id\":\"https:\/\/denizcankizil.tr\/de\/#\/schema\/logo\/image\/\"}},{\"@type\":\"Person\",\"@id\":\"https:\/\/denizcankizil.tr\/de\/#\/schema\/person\/e1eb71bb4dd684d46563f0af307e1234\",\"name\":\"Antalya K\u00f6rfez\",\"image\":{\"@type\":\"ImageObject\",\"inLanguage\":\"ru-RU\",\"@id\":\"https:\/\/denizcankizil.tr\/de\/#\/schema\/person\/image\/\",\"url\":\"https:\/\/secure.gravatar.com\/avatar\/42b01982558a48a0b501fdcab6a408d3717ea5919095ee2e67b0e521799c5905?s=96&d=mm&r=g\",\"contentUrl\":\"https:\/\/secure.gravatar.com\/avatar\/42b01982558a48a0b501fdcab6a408d3717ea5919095ee2e67b0e521799c5905?s=96&d=mm&r=g\",\"caption\":\"Antalya K\u00f6rfez\"},\"sameAs\":[\"http:\/\/www.antalyakorfez.com\"],\"url\":\"https:\/\/www.antalyakorfez.com\/antalyada-pazarci-esnafinin-gozu-aksuda\"}]}<\/script>\n<!-- \/ Yoast SEO Premium plugin. -->","yoast_head_json":{"title":"Antalya\u2019da pazarc\u0131 esnaf\u0131n\u0131n g\u00f6z\u00fc Aksu\u2019da\u2026 - Av. Deniz Can K\u0131z\u0131l","robots":{"index":"index","follow":"follow","max-snippet":"max-snippet:-1","max-image-preview":"max-image-preview:large","max-video-preview":"max-video-preview:-1"},"canonical":"https:\/\/denizcankizil.tr\/ru\/haberler\/gundem\/antalyada-pazarci-esnafinin-gozu-aksuda\/","og_locale":"ru_RU","og_type":"article","og_title":"Antalya\u2019da pazarc\u0131 esnaf\u0131n\u0131n g\u00f6z\u00fc Aksu\u2019da\u2026","og_description":"Aksu il\u00e7esinde k\u0131sa s\u00fcre i\u00e7erisinde hizmete girmesi beklenen G\u00fczelyurt Kapal\u0131 Pazar Yerinde 7 bal\u0131k\u00e7\u0131, 16 kuruyemi\u015f\u00e7i, 8 peynirci, 214 sebzeci, 32 k\u00f6yl\u00fc, 96 tekstilci esnaf\u0131 yer alacak. B\u00fcy\u00fck\u015fehir Belediyesi\u2019nden yap\u0131lan a\u00e7\u0131klamada pazarda yer almak isteyen esnaflar\u0131n belediye m\u00fcracaat etmeleri istendi. Pazarda yer alacak esnaflar kura ile belirlenecek. PAZARCI ESNAFINI HEYECANLANDIRAN ADIM Antalya B\u00fcy\u00fck\u015fehir Belediyesi taraf\u0131ndan Aksu il\u00e7esinde projelendirilene G\u00fczelyurt Kapal\u0131 Pazar Alan\u0131nda yer almak isteyen esnaflar\u0131n belediyeye ba\u015fvurmalar\u0131 istendi. Yap\u0131lan a\u00e7\u0131klamada; \u201cAntalya B\u00fcy\u00fck\u015fehir Belediye Meclisinin 16.07.2024 tarih ve 485 nolu karar\u0131 ile Aksu \u0130l\u00e7esi G\u00fczelyurt Mahallesi 14980 ada 5 parsel numaral\u0131 ta\u015f\u0131nmazda Pazar yeri kurulu\u015f komisyonu raporu do\u011frultusunda Kapal\u0131 Pazar yeri kurulmas\u0131na karar verilmi\u015ftir\u201d denildi. Pazarc\u0131 esnaflar\u0131nda b\u00fcy\u00fck heyecan yaratan a\u00e7\u0131klaman\u0131n ard\u0131ndan B\u00fcy\u00fck\u015fehir Belediyesine \u00e7ok say\u0131da ba\u015fvurunun yap\u0131ld\u0131\u011f\u0131 ifade edildi. KURA \u00c7EK\u0130L\u0130\u015e\u0130YLE BELL\u0130 OLACAK! B\u00fcy\u00fck\u015fehir Belediyesi\u2019nden konuya ili\u015fkin yap\u0131lan detayl\u0131 a\u00e7\u0131klamada \u015fu ifadelere yer verildi: \u201c5957 say\u0131l\u0131 Sebze ve Meyveler ile Yeterli Arz ve Talep Derinli\u011fi Bulunan Di\u011fer Mallar\u0131n Ticaretinin D\u00fczenlenmesi Hakk\u0131nda Kanun ve bu kanuna dayan\u0131larak \u00e7\u0131kar\u0131lan 12.07.2012 tarihli ve 28351 say\u0131l\u0131 Resmi Gazetede yay\u0131nlanarak y\u00fcr\u00fcrl\u00fc\u011fe giren Pazar Yerleri Hakk\u0131nda Y\u00f6netmelik h\u00fck\u00fcmlerine g\u00f6re kura \u00e7ekilerek \u00fcreticilere ve pazarc\u0131lara sat\u0131\u015f yeri tahsisi yap\u0131lacakt\u0131r. G\u00fczelyurt Kapal\u0131 Pazar Yerinde 7 Bal\u0131k\u00e7\u0131, 16 Kuruyemi\u015f\u00e7i, 8 Peynirci, 214 Sebzeci, 32 K\u00f6yl\u00fc, 96 Tekstilci m\u00fcracaat &hellip;","og_url":"https:\/\/denizcankizil.tr\/ru\/haberler\/gundem\/antalyada-pazarci-esnafinin-gozu-aksuda\/","og_site_name":"Av. Deniz Can K\u0131z\u0131l","article_published_time":"2025-01-18T08:41:20+00:00","author":"Antalya K\u00f6rfez","twitter_card":"summary_large_image","twitter_misc":{"\u041d\u0430\u043f\u0438\u0441\u0430\u043d\u043e \u0430\u0432\u0442\u043e\u0440\u043e\u043c":"Antalya K\u00f6rfez","\u041f\u0440\u0438\u043c\u0435\u0440\u043d\u043e\u0435 \u0432\u0440\u0435\u043c\u044f \u0434\u043b\u044f \u0447\u0442\u0435\u043d\u0438\u044f":"2 \u043c\u0438\u043d\u0443\u0442\u044b"},"schema":{"@context":"https:\/\/schema.org","@graph":[{"@type":"Article","@id":"https:\/\/denizcankizil.tr\/ru\/haberler\/gundem\/antalyada-pazarci-esnafinin-gozu-aksuda\/#article","isPartOf":{"@id":"https:\/\/denizcankizil.tr\/ru\/haberler\/gundem\/antalyada-pazarci-esnafinin-gozu-aksuda\/"},"author":{"name":"Antalya K\u00f6rfez","@id":"https:\/\/denizcankizil.tr\/de\/#\/schema\/person\/e1eb71bb4dd684d46563f0af307e1234"},"headline":"Antalya\u2019da pazarc\u0131 esnaf\u0131n\u0131n g\u00f6z\u00fc Aksu\u2019da\u2026","datePublished":"2025-01-18T08:41:20+00:00","mainEntityOfPage":{"@id":"https:\/\/denizcankizil.tr\/ru\/haberler\/gundem\/antalyada-pazarci-esnafinin-gozu-aksuda\/"},"wordCount":321,"commentCount":0,"publisher":{"@id":"https:\/\/denizcankizil.tr\/de\/#organization"},"articleSection":["G\u00fcndem"],"inLanguage":"ru-RU","potentialAction":[{"@type":"CommentAction","name":"Comment","target":["https:\/\/denizcankizil.tr\/ru\/haberler\/gundem\/antalyada-pazarci-esnafinin-gozu-aksuda\/#respond"]}]},{"@type":"WebPage","@id":"https:\/\/denizcankizil.tr\/ru\/haberler\/gundem\/antalyada-pazarci-esnafinin-gozu-aksuda\/","url":"https:\/\/denizcankizil.tr\/ru\/haberler\/gundem\/antalyada-pazarci-esnafinin-gozu-aksuda\/","name":"Antalya\u2019da pazarc\u0131 esnaf\u0131n\u0131n g\u00f6z\u00fc Aksu\u2019da\u2026 - Av. Deniz Can K\u0131z\u0131l","isPartOf":{"@id":"https:\/\/denizcankizil.tr\/de\/#website"},"datePublished":"2025-01-18T08:41:20+00:00","breadcrumb":{"@id":"https:\/\/denizcankizil.tr\/ru\/haberler\/gundem\/antalyada-pazarci-esnafinin-gozu-aksuda\/#breadcrumb"},"inLanguage":"ru-RU","potentialAction":[{"@type":"ReadAction","target":["https:\/\/denizcankizil.tr\/ru\/haberler\/gundem\/antalyada-pazarci-esnafinin-gozu-aksuda\/"]}]},{"@type":"BreadcrumbList","@id":"https:\/\/denizcankizil.tr\/ru\/haberler\/gundem\/antalyada-pazarci-esnafinin-gozu-aksuda\/#breadcrumb","itemListElement":[{"@type":"ListItem","position":1,"name":"Home","item":"https:\/\/denizcankizil.tr\/de\/"},{"@type":"ListItem","position":2,"name":"Antalya\u2019da pazarc\u0131 esnaf\u0131n\u0131n g\u00f6z\u00fc Aksu\u2019da\u2026"}]},{"@type":"WebSite","@id":"https:\/\/denizcankizil.tr\/de\/#website","url":"https:\/\/denizcankizil.tr\/de\/","name":"Av. Deniz Can K\u0131z\u0131l","description":"Avukat Deniz Can K\u0131z\u0131l Antalya Barosu","publisher":{"@id":"https:\/\/denizcankizil.tr\/de\/#organization"},"potentialAction":[{"@type":"SearchAction","target":{"@type":"EntryPoint","urlTemplate":"https:\/\/denizcankizil.tr\/de\/?s={search_term_string}"},"query-input":{"@type":"PropertyValueSpecification","valueRequired":true,"valueName":"search_term_string"}}],"inLanguage":"ru-RU"},{"@type":"Organization","@id":"https:\/\/denizcankizil.tr\/de\/#organization","name":"Av. Deniz Can K\u0131z\u0131l","url":"https:\/\/denizcankizil.tr\/de\/","logo":{"@type":"ImageObject","inLanguage":"ru-RU","@id":"https:\/\/denizcankizil.tr\/de\/#\/schema\/logo\/image\/","url":"https:\/\/denizcankizil.tr\/wp-content\/uploads\/2024\/10\/siyah-logo-svg.svg","contentUrl":"https:\/\/denizcankizil.tr\/wp-content\/uploads\/2024\/10\/siyah-logo-svg.svg","width":1080,"height":1080,"caption":"Av. Deniz Can K\u0131z\u0131l"},"image":{"@id":"https:\/\/denizcankizil.tr\/de\/#\/schema\/logo\/image\/"}},{"@type":"Person","@id":"https:\/\/denizcankizil.tr\/de\/#\/schema\/person\/e1eb71bb4dd684d46563f0af307e1234","name":"Antalya K\u00f6rfez","image":{"@type":"ImageObject","inLanguage":"ru-RU","@id":"https:\/\/denizcankizil.tr\/de\/#\/schema\/person\/image\/","url":"https:\/\/secure.gravatar.com\/avatar\/42b01982558a48a0b501fdcab6a408d3717ea5919095ee2e67b0e521799c5905?s=96&d=mm&r=g","contentUrl":"https:\/\/secure.gravatar.com\/avatar\/42b01982558a48a0b501fdcab6a408d3717ea5919095ee2e67b0e521799c5905?s=96&d=mm&r=g","caption":"Antalya K\u00f6rfez"},"sameAs":["http:\/\/www.antalyakorfez.com"],"url":"https:\/\/www.antalyakorfez.com\/antalyada-pazarci-esnafinin-gozu-aksuda"}]}},"_links":{"self":[{"href":"https:\/\/denizcankizil.tr\/ru\/wp-json\/wp\/v2\/posts\/25979","targetHints":{"allow":["GET"]}}],"collection":[{"href":"https:\/\/denizcankizil.tr\/ru\/wp-json\/wp\/v2\/posts"}],"about":[{"href":"https:\/\/denizcankizil.tr\/ru\/wp-json\/wp\/v2\/types\/post"}],"author":[{"embeddable":true,"href":"https:\/\/denizcankizil.tr\/ru\/wp-json\/wp\/v2\/users\/5"}],"replies":[{"embeddable":true,"href":"https:\/\/denizcankizil.tr\/ru\/wp-json\/wp\/v2\/comments?post=25979"}],"version-history":[{"count":0,"href":"https:\/\/denizcankizil.tr\/ru\/wp-json\/wp\/v2\/posts\/25979\/revisions"}],"wp:attachment":[{"href":"https:\/\/denizcankizil.tr\/ru\/wp-json\/wp\/v2\/media?parent=25979"}],"wp:term":[{"taxonomy":"category","embeddable":true,"href":"https:\/\/denizcankizil.tr\/ru\/wp-json\/wp\/v2\/categories?post=25979"},{"taxonomy":"post_tag","embeddable":true,"href":"https:\/\/denizcankizil.tr\/ru\/wp-json\/wp\/v2\/tags?post=25979"}],"curies":[{"name":"wp","href":"https:\/\/api.w.org\/{rel}","templated":true}]}}