{"id":25920,"date":"2025-01-17T22:41:33","date_gmt":"2025-01-17T19:41:33","guid":{"rendered":"https:\/\/denizcankizil.tr\/uncategorized-tr\/yillik-6-milyar-tl-tasarruf-ettirecek-yol-hizmete-girdi\/"},"modified":"2025-01-17T22:41:33","modified_gmt":"2025-01-17T19:41:33","slug":"yillik-6-milyar-tl-tasarruf-ettirecek-yol-hizmete-girdi","status":"publish","type":"post","link":"https:\/\/denizcankizil.tr\/ru\/haberler\/gundem\/yillik-6-milyar-tl-tasarruf-ettirecek-yol-hizmete-girdi\/","title":{"rendered":"Y\u0131ll\u0131k 6 milyar TL tasarruf ettirecek yol hizmete girdi"},"content":{"rendered":"<p>Cumhurba\u015fkan\u0131 Recep Tayyip Erdo\u011fan, Konya \u00c7evre Yolu 2. Kesimi&#8217;nin a\u00e7\u0131l\u0131\u015f t\u00f6reninde yapt\u0131\u011f\u0131 konu\u015fmada proje ile birlikte yakla\u015f\u0131k 6 milyar lira tasarruf edilece\u011fini a\u00e7\u0131klad\u0131.  Erdo\u011fan, s\u00f6z konusu yolun Afyonkarahisar-Aksaray aks\u0131 aras\u0131ndaki 30 kilometrelik kesiminin b\u00f6lgeye hay\u0131rl\u0131 olmas\u0131n\u0131 diledi.KONYA (\u0130GFA) &#8211; Cumhurba\u015fkan\u0131 Erdo\u011fan, \u201cKonya \u00c7evre Yolu 2. Kesimi\u201d a\u00e7\u0131l\u0131\u015f t\u00f6reninde konu\u015ftu<br \/>\nG\u00f6reve geldikleri g\u00fcnden beri eser ve hizmet siyasetiyle Konya&#8217;ya ve Konyal\u0131lara lay\u0131k olmak i\u00e7in gece g\u00fcnd\u00fcz \u00e7al\u0131\u015ft\u0131klar\u0131n\u0131 belirten Cumhurba\u015fkan\u0131 Erdo\u011fan, &#8220;\u00dcretimin, istihdam\u0131n ve ihracat\u0131n art\u0131r\u0131lmas\u0131, \u015fehrin dengeli \u015fekilde kalk\u0131nmas\u0131 i\u00e7in t\u00fcm imk\u00e2nlar\u0131m\u0131z\u0131 seferber etmi\u015f durumday\u0131z.&#8221; ifadesini kulland\u0131.<\/p>\n<p>Hem Konya&#8217;ya hem de b\u00f6lgeye ekonomik, ticari ve tar\u0131msal olarak katk\u0131 yapacak projelerine, yat\u0131r\u0131mlar\u0131na ve hizmetlerine her g\u00fcn bir yenisini eklediklerini s\u00f6yleyen Cumhurba\u015fkan\u0131 Erdo\u011fan, &#8220;Do\u011fu-bat\u0131 ve kuzey-g\u00fcney istikametindeki ula\u015f\u0131m a\u011flar\u0131n\u0131n adeta kav\u015fak noktas\u0131 olan Konya&#8217;n\u0131n, kara, demir ve hava yolu ula\u015f\u0131m\u0131n\u0131n geli\u015ftirilmesi, temel \u00f6nceliklerimizden biridir. \u015eu rakam\u0131 \u00f6zellikle dikkatinizi \u00e7ekiyorum, bug\u00fcne kadar ula\u015ft\u0131rma alan\u0131nda Konya&#8217;ya g\u00fcncel rakamla 146,7 milyar liral\u0131k kamu yat\u0131r\u0131m\u0131 yapt\u0131k. \u015eehrimizi kuzeyde Ankara ve Eski\u015fehir&#8217;e, bat\u0131da Isparta, Afyonkarahisar ve oradan \u0130zmir&#8217;e, do\u011fuda Aksaray, Ni\u011fde ve oradan Kayseri&#8217;ye, g\u00fcneyde ise Antalya, Karaman ve Mersin&#8217;e b\u00f6l\u00fcnm\u00fc\u015f yollarla ba\u011flad\u0131k. \u00dclkemizin en y\u00fcksek ayakl\u0131 ve en uzun dengeli konsol k\u00f6pr\u00fcs\u00fc olan E\u011fiste-Hadimi Viyad\u00fc\u011f\u00fc&#8217;n\u00fc in\u015fa ederek Konya&#8217;n\u0131n Akdeniz ve \u0130\u00e7 Anadolu B\u00f6lgesi&#8217;ne kesintisiz, konforlu ve g\u00fcvenli ula\u015f\u0131m\u0131n\u0131 temin ettik&#8221; dedi.<br \/>\nKonya&#8217;n\u0131n 2002&#8217;de 167 kilometre olan b\u00f6l\u00fcnm\u00fc\u015f yol uzunlu\u011funu 22 y\u0131l i\u00e7inde tam bin 286 kilometreye \u00e7\u0131kard\u0131klar\u0131n\u0131 ifade eden Cumhurba\u015fkan\u0131 Erdo\u011fan, &#8220;Bit\u00fcml\u00fc s\u0131cak kar\u0131\u015f\u0131m kaplamal\u0131 yol a\u011f\u0131 ise 97 kilometreden 1296 kilometreye y\u00fckseldi. Yollar\u0131m\u0131z\u0131 daha g\u00fcvenli, daha modern yap\u0131ya kavu\u015fturduk. Konya-Ankara Yolu&#8217;nu, Konya-Ak\u015fehir-Afyonkarahisar Yolu&#8217;nu, Konya-Aksaray Yolu&#8217;nu, Konya-Karaman Yolu&#8217;nu, Konya-Bel\u00f6ren-Hadim Yolu&#8217;nu \u015fehrimizin istifadesine sunduk. Konya&#8217;y\u0131 Akdeniz&#8217;e en kestirme yoldan ba\u011flayan 5 kilometre uzunlu\u011fundaki Demirkap\u0131 T\u00fcneli&#8217;ni hizmete a\u00e7t\u0131k&#8221; diye konu\u015ftu.<\/p>\n<p>&#8220;Konya \u00c7evre Yolu, \u015fehrimize kazand\u0131rd\u0131\u011f\u0131m\u0131z en \u00f6nemli yat\u0131r\u0131mlar\u0131n ba\u015f\u0131nda geliyor&#8221; diyen Cumhurba\u015fkan\u0131 Erdo\u011fan, Alacabel T\u00fcneli ve ba\u011flant\u0131 yollar\u0131 ile Ak\u015fehir-Yunak Yolu, Ta\u015fkent-Balc\u0131lar Yolu, Ere\u011fli-Halkap\u0131nar-\u0130vriz Yolu ve Seydi\u015fehir-Bozk\u0131r Yolu gibi 11 ayr\u0131 kara yolu projesinin \u00e7al\u0131\u015fmalar\u0131n\u0131n da devam etti\u011fini belirterek, bu projeleri de yak\u0131n zamanda nihayete erdirecek t\u00fcm \u015fehirlerinin emrine vereceklerini s\u00f6yledi.<br \/>\n&#8220;YILLIK 6 M\u0130LYAR L\u0130RA TASARRUF EDECE\u011e\u0130Z&#8221;<br \/>\n\u00dclkenin turizm ve ticaret merkezlerine h\u0131zl\u0131 ve g\u00fcvenli trafik ak\u0131\u015f\u0131n\u0131 sa\u011flayacak, Konya&#8217;n\u0131n ula\u015f\u0131m imk\u00e2nlar\u0131n\u0131 \u00e7e\u015fitlendirmi\u015f olacaklar\u0131n\u0131 bildiren Cumhurba\u015fkan\u0131 Erdo\u011fan, bug\u00fcn hizmete verdi\u011fimiz Afyonkarahisar-Aksaray aras\u0131ndaki 30 kilometrelik kesim ile mevcut yol \u00fczerinden 40 kilometre katedilerek sa\u011flanan ula\u015f\u0131m\u0131 10 kilometre k\u0131saltm\u0131\u015f olduklar\u0131n\u0131 belirterek, &#8220;Ayn\u0131 \u015fekilde seyahat s\u00fcresini 49 dakikadan 17 dakikaya d\u00fc\u015f\u00fcr\u00fcyoruz. B\u00f6ylece zamandan 4,6 milyar, akaryak\u0131ttan 1,4 milyar olmak \u00fczere y\u0131ll\u0131k toplam 6 milyar lira tasarruf edece\u011fiz. \u00c7evreye zararl\u0131 karbon emisyonunu tam 81 bin 400 ton azalt\u0131yoruz&#8221; diye konu\u015ftu.<\/p>\n<p>\u200bCumhurba\u015fkan\u0131 Recep Tayyip Erdo\u011fan, Konya \u00c7evre Yolu 2. Kesimi&#8217;nin a\u00e7\u0131l\u0131\u015f t\u00f6reninde yapt\u0131\u011f\u0131 konu\u015fmada proje ile birlikte yakla\u015f\u0131k 6 milyar lira tasarruf edilece\u011fini a\u00e7\u0131klad\u0131.  Erdo\u011fan, s\u00f6z konusu yolun Afyonkarahisar-Aksaray aks\u0131 aras\u0131ndaki 30 kilometrelik kesiminin b\u00f6lgeye hay\u0131rl\u0131 olmas\u0131n\u0131 diledi.KONYA (\u0130GFA) &#8211; Cumhurba\u015fkan\u0131 Erdo\u011fan, \u201cKonya \u00c7evre Yolu 2. Kesimi\u201d a\u00e7\u0131l\u0131\u015f t\u00f6reninde konu\u015ftu<br \/>\nG\u00f6reve geldikleri g\u00fcnden beri eser ve hizmet siyasetiyle Konya&#8217;ya ve Konyal\u0131lara lay\u0131k olmak i\u00e7in gece g\u00fcnd\u00fcz \u00e7al\u0131\u015ft\u0131klar\u0131n\u0131 belirten Cumhurba\u015fkan\u0131 Erdo\u011fan, &#8220;\u00dcretimin, istihdam\u0131n ve ihracat\u0131n art\u0131r\u0131lmas\u0131, \u015fehrin dengeli \u015fekilde kalk\u0131nmas\u0131 i\u00e7in t\u00fcm imk\u00e2nlar\u0131m\u0131z\u0131 seferber etmi\u015f durumday\u0131z.&#8221; ifadesini kulland\u0131.<\/p>\n<p>Hem Konya&#8217;ya hem de b\u00f6lgeye ekonomik, ticari ve tar\u0131msal olarak katk\u0131 yapacak projelerine, yat\u0131r\u0131mlar\u0131na ve hizmetlerine her g\u00fcn bir yenisini eklediklerini s\u00f6yleyen Cumhurba\u015fkan\u0131 Erdo\u011fan, &#8220;Do\u011fu-bat\u0131 ve kuzey-g\u00fcney istikametindeki ula\u015f\u0131m a\u011flar\u0131n\u0131n adeta kav\u015fak noktas\u0131 olan Konya&#8217;n\u0131n, kara, demir ve hava yolu ula\u015f\u0131m\u0131n\u0131n geli\u015ftirilmesi, temel \u00f6nceliklerimizden biridir. \u015eu rakam\u0131 \u00f6zellikle dikkatinizi \u00e7ekiyorum, bug\u00fcne kadar ula\u015ft\u0131rma alan\u0131nda Konya&#8217;ya g\u00fcncel rakamla 146,7 milyar liral\u0131k kamu yat\u0131r\u0131m\u0131 yapt\u0131k. \u015eehrimizi kuzeyde Ankara ve Eski\u015fehir&#8217;e, bat\u0131da Isparta, Afyonkarahisar ve oradan \u0130zmir&#8217;e, do\u011fuda Aksaray, Ni\u011fde ve oradan Kayseri&#8217;ye, g\u00fcneyde ise Antalya, Karaman ve Mersin&#8217;e b\u00f6l\u00fcnm\u00fc\u015f yollarla ba\u011flad\u0131k. \u00dclkemizin en y\u00fcksek ayakl\u0131 ve en uzun dengeli konsol k\u00f6pr\u00fcs\u00fc olan E\u011fiste-Hadimi Viyad\u00fc\u011f\u00fc&#8217;n\u00fc in\u015fa ederek Konya&#8217;n\u0131n Akdeniz ve \u0130\u00e7 Anadolu B\u00f6lgesi&#8217;ne kesintisiz, konforlu ve g\u00fcvenli ula\u015f\u0131m\u0131n\u0131 temin ettik&#8221; dedi.<br \/>\nKonya&#8217;n\u0131n 2002&#8217;de 167 kilometre olan b\u00f6l\u00fcnm\u00fc\u015f yol uzunlu\u011funu 22 y\u0131l i\u00e7inde tam bin 286 kilometreye \u00e7\u0131kard\u0131klar\u0131n\u0131 ifade eden Cumhurba\u015fkan\u0131 Erdo\u011fan, &#8220;Bit\u00fcml\u00fc s\u0131cak kar\u0131\u015f\u0131m kaplamal\u0131 yol a\u011f\u0131 ise 97 kilometreden 1296 kilometreye y\u00fckseldi. Yollar\u0131m\u0131z\u0131 daha g\u00fcvenli, daha modern yap\u0131ya kavu\u015fturduk. Konya-Ankara Yolu&#8217;nu, Konya-Ak\u015fehir-Afyonkarahisar Yolu&#8217;nu, Konya-Aksaray Yolu&#8217;nu, Konya-Karaman Yolu&#8217;nu, Konya-Bel\u00f6ren-Hadim Yolu&#8217;nu \u015fehrimizin istifadesine sunduk. Konya&#8217;y\u0131 Akdeniz&#8217;e en kestirme yoldan ba\u011flayan 5 kilometre uzunlu\u011fundaki Demirkap\u0131 T\u00fcneli&#8217;ni hizmete a\u00e7t\u0131k&#8221; diye konu\u015ftu.<\/p>\n<p>&#8220;Konya \u00c7evre Yolu, \u015fehrimize kazand\u0131rd\u0131\u011f\u0131m\u0131z en \u00f6nemli yat\u0131r\u0131mlar\u0131n ba\u015f\u0131nda geliyor&#8221; diyen Cumhurba\u015fkan\u0131 Erdo\u011fan, Alacabel T\u00fcneli ve ba\u011flant\u0131 yollar\u0131 ile Ak\u015fehir-Yunak Yolu, Ta\u015fkent-Balc\u0131lar Yolu, Ere\u011fli-Halkap\u0131nar-\u0130vriz Yolu ve Seydi\u015fehir-Bozk\u0131r Yolu gibi 11 ayr\u0131 kara yolu projesinin \u00e7al\u0131\u015fmalar\u0131n\u0131n da devam etti\u011fini belirterek, bu projeleri de yak\u0131n zamanda nihayete erdirecek t\u00fcm \u015fehirlerinin emrine vereceklerini s\u00f6yledi.<br \/>\n&#8220;YILLIK 6 M\u0130LYAR L\u0130RA TASARRUF EDECE\u011e\u0130Z&#8221;<br \/>\n\u00dclkenin turizm ve ticaret merkezlerine h\u0131zl\u0131 ve g\u00fcvenli trafik ak\u0131\u015f\u0131n\u0131 sa\u011flayacak, Konya&#8217;n\u0131n ula\u015f\u0131m imk\u00e2nlar\u0131n\u0131 \u00e7e\u015fitlendirmi\u015f olacaklar\u0131n\u0131 bildiren Cumhurba\u015fkan\u0131 Erdo\u011fan, bug\u00fcn hizmete verdi\u011fimiz Afyonkarahisar-Aksaray aras\u0131ndaki 30 kilometrelik kesim ile mevcut yol \u00fczerinden 40 kilometre katedilerek sa\u011flanan ula\u015f\u0131m\u0131 10 kilometre k\u0131saltm\u0131\u015f olduklar\u0131n\u0131 belirterek, &#8220;Ayn\u0131 \u015fekilde seyahat s\u00fcresini 49 dakikadan 17 dakikaya d\u00fc\u015f\u00fcr\u00fcyoruz. B\u00f6ylece zamandan 4,6 milyar, akaryak\u0131ttan 1,4 milyar olmak \u00fczere y\u0131ll\u0131k toplam 6 milyar lira tasarruf edece\u011fiz. \u00c7evreye zararl\u0131 karbon emisyonunu tam 81 bin 400 ton azalt\u0131yoruz&#8221; diye konu\u015ftu.\u00a0<\/p>\n<p>\u200bHaberin Al\u0131nt\u0131land\u0131\u011f\u0131 Kaynak: www.iskenderun.org<\/p>","protected":false},"excerpt":{"rendered":"<p>Cumhurba\u015fkan\u0131 Recep Tayyip Erdo\u011fan, Konya \u00c7evre Yolu 2. Kesimi&#8217;nin a\u00e7\u0131l\u0131\u015f t\u00f6reninde yapt\u0131\u011f\u0131 konu\u015fmada proje ile birlikte yakla\u015f\u0131k 6 milyar lira tasarruf edilece\u011fini a\u00e7\u0131klad\u0131. Erdo\u011fan, s\u00f6z konusu yolun Afyonkarahisar-Aksaray aks\u0131 aras\u0131ndaki 30 kilometrelik kesiminin b\u00f6lgeye hay\u0131rl\u0131 olmas\u0131n\u0131 diledi.KONYA (\u0130GFA) &#8211; Cumhurba\u015fkan\u0131 Erdo\u011fan, \u201cKonya \u00c7evre Yolu 2. Kesimi\u201d a\u00e7\u0131l\u0131\u015f t\u00f6reninde konu\u015ftu G\u00f6reve geldikleri g\u00fcnden beri eser ve hizmet siyasetiyle Konya&#8217;ya ve Konyal\u0131lara lay\u0131k olmak i\u00e7in gece g\u00fcnd\u00fcz \u00e7al\u0131\u015ft\u0131klar\u0131n\u0131 belirten Cumhurba\u015fkan\u0131 Erdo\u011fan, &#8220;\u00dcretimin, istihdam\u0131n ve ihracat\u0131n art\u0131r\u0131lmas\u0131, \u015fehrin dengeli \u015fekilde kalk\u0131nmas\u0131 i\u00e7in t\u00fcm imk\u00e2nlar\u0131m\u0131z\u0131 seferber etmi\u015f durumday\u0131z.&#8221; ifadesini kulland\u0131. Hem Konya&#8217;ya hem de b\u00f6lgeye ekonomik, ticari ve tar\u0131msal olarak katk\u0131 yapacak projelerine, yat\u0131r\u0131mlar\u0131na ve hizmetlerine her g\u00fcn bir yenisini eklediklerini s\u00f6yleyen Cumhurba\u015fkan\u0131 Erdo\u011fan, &#8220;Do\u011fu-bat\u0131 ve kuzey-g\u00fcney istikametindeki ula\u015f\u0131m a\u011flar\u0131n\u0131n adeta kav\u015fak noktas\u0131 olan Konya&#8217;n\u0131n, kara, demir ve hava yolu ula\u015f\u0131m\u0131n\u0131n geli\u015ftirilmesi, temel \u00f6nceliklerimizden biridir. \u015eu rakam\u0131 \u00f6zellikle dikkatinizi \u00e7ekiyorum, bug\u00fcne kadar ula\u015ft\u0131rma alan\u0131nda Konya&#8217;ya g\u00fcncel rakamla 146,7 milyar liral\u0131k kamu yat\u0131r\u0131m\u0131 yapt\u0131k. \u015eehrimizi kuzeyde Ankara ve Eski\u015fehir&#8217;e, bat\u0131da Isparta, Afyonkarahisar ve oradan \u0130zmir&#8217;e, do\u011fuda Aksaray, Ni\u011fde ve oradan Kayseri&#8217;ye, g\u00fcneyde ise Antalya, Karaman ve Mersin&#8217;e b\u00f6l\u00fcnm\u00fc\u015f yollarla ba\u011flad\u0131k. \u00dclkemizin en y\u00fcksek ayakl\u0131 ve en uzun dengeli konsol k\u00f6pr\u00fcs\u00fc olan E\u011fiste-Hadimi Viyad\u00fc\u011f\u00fc&#8217;n\u00fc in\u015fa ederek Konya&#8217;n\u0131n Akdeniz ve \u0130\u00e7 Anadolu B\u00f6lgesi&#8217;ne kesintisiz, konforlu ve g\u00fcvenli &hellip;<\/p>","protected":false},"author":1,"featured_media":0,"comment_status":"open","ping_status":"open","sticky":false,"template":"","format":"standard","meta":{"_acf_changed":false,"footnotes":""},"categories":[24],"tags":[],"class_list":["post-25920","post","type-post","status-publish","format-standard","has-post-thumbnail","hentry","category-gundem"],"acf":[],"yoast_head":"<!-- This site is optimized with the Yoast SEO Premium plugin v26.6 (Yoast SEO v27.1.1) - https:\/\/yoast.com\/product\/yoast-seo-premium-wordpress\/ -->\n<title>Y\u0131ll\u0131k 6 milyar TL tasarruf ettirecek yol hizmete girdi - Av. Deniz Can K\u0131z\u0131l<\/title>\n<meta name=\"robots\" content=\"index, follow, max-snippet:-1, max-image-preview:large, max-video-preview:-1\" \/>\n<link rel=\"canonical\" href=\"https:\/\/denizcankizil.tr\/ru\/haberler\/gundem\/yillik-6-milyar-tl-tasarruf-ettirecek-yol-hizmete-girdi\/\" \/>\n<meta property=\"og:locale\" content=\"ru_RU\" \/>\n<meta property=\"og:type\" content=\"article\" \/>\n<meta property=\"og:title\" content=\"Y\u0131ll\u0131k 6 milyar TL tasarruf ettirecek yol hizmete girdi\" \/>\n<meta property=\"og:description\" content=\"Cumhurba\u015fkan\u0131 Recep Tayyip Erdo\u011fan, Konya \u00c7evre Yolu 2. Kesimi&#8217;nin a\u00e7\u0131l\u0131\u015f t\u00f6reninde yapt\u0131\u011f\u0131 konu\u015fmada proje ile birlikte yakla\u015f\u0131k 6 milyar lira tasarruf edilece\u011fini a\u00e7\u0131klad\u0131. Erdo\u011fan, s\u00f6z konusu yolun Afyonkarahisar-Aksaray aks\u0131 aras\u0131ndaki 30 kilometrelik kesiminin b\u00f6lgeye hay\u0131rl\u0131 olmas\u0131n\u0131 diledi.KONYA (\u0130GFA) &#8211; Cumhurba\u015fkan\u0131 Erdo\u011fan, \u201cKonya \u00c7evre Yolu 2. Kesimi\u201d a\u00e7\u0131l\u0131\u015f t\u00f6reninde konu\u015ftu G\u00f6reve geldikleri g\u00fcnden beri eser ve hizmet siyasetiyle Konya&#8217;ya ve Konyal\u0131lara lay\u0131k olmak i\u00e7in gece g\u00fcnd\u00fcz \u00e7al\u0131\u015ft\u0131klar\u0131n\u0131 belirten Cumhurba\u015fkan\u0131 Erdo\u011fan, &#8220;\u00dcretimin, istihdam\u0131n ve ihracat\u0131n art\u0131r\u0131lmas\u0131, \u015fehrin dengeli \u015fekilde kalk\u0131nmas\u0131 i\u00e7in t\u00fcm imk\u00e2nlar\u0131m\u0131z\u0131 seferber etmi\u015f durumday\u0131z.&#8221; ifadesini kulland\u0131. Hem Konya&#8217;ya hem de b\u00f6lgeye ekonomik, ticari ve tar\u0131msal olarak katk\u0131 yapacak projelerine, yat\u0131r\u0131mlar\u0131na ve hizmetlerine her g\u00fcn bir yenisini eklediklerini s\u00f6yleyen Cumhurba\u015fkan\u0131 Erdo\u011fan, &#8220;Do\u011fu-bat\u0131 ve kuzey-g\u00fcney istikametindeki ula\u015f\u0131m a\u011flar\u0131n\u0131n adeta kav\u015fak noktas\u0131 olan Konya&#8217;n\u0131n, kara, demir ve hava yolu ula\u015f\u0131m\u0131n\u0131n geli\u015ftirilmesi, temel \u00f6nceliklerimizden biridir. \u015eu rakam\u0131 \u00f6zellikle dikkatinizi \u00e7ekiyorum, bug\u00fcne kadar ula\u015ft\u0131rma alan\u0131nda Konya&#8217;ya g\u00fcncel rakamla 146,7 milyar liral\u0131k kamu yat\u0131r\u0131m\u0131 yapt\u0131k. \u015eehrimizi kuzeyde Ankara ve Eski\u015fehir&#8217;e, bat\u0131da Isparta, Afyonkarahisar ve oradan \u0130zmir&#8217;e, do\u011fuda Aksaray, Ni\u011fde ve oradan Kayseri&#8217;ye, g\u00fcneyde ise Antalya, Karaman ve Mersin&#8217;e b\u00f6l\u00fcnm\u00fc\u015f yollarla ba\u011flad\u0131k. \u00dclkemizin en y\u00fcksek ayakl\u0131 ve en uzun dengeli konsol k\u00f6pr\u00fcs\u00fc olan E\u011fiste-Hadimi Viyad\u00fc\u011f\u00fc&#8217;n\u00fc in\u015fa ederek Konya&#8217;n\u0131n Akdeniz ve \u0130\u00e7 Anadolu B\u00f6lgesi&#8217;ne kesintisiz, konforlu ve g\u00fcvenli &hellip;\" \/>\n<meta property=\"og:url\" content=\"https:\/\/denizcankizil.tr\/ru\/haberler\/gundem\/yillik-6-milyar-tl-tasarruf-ettirecek-yol-hizmete-girdi\/\" \/>\n<meta property=\"og:site_name\" content=\"Av. Deniz Can K\u0131z\u0131l\" \/>\n<meta property=\"article:published_time\" content=\"2025-01-17T19:41:33+00:00\" \/>\n<meta name=\"author\" content=\"admin\" \/>\n<meta name=\"twitter:card\" content=\"summary_large_image\" \/>\n<meta name=\"twitter:label1\" content=\"\u041d\u0430\u043f\u0438\u0441\u0430\u043d\u043e \u0430\u0432\u0442\u043e\u0440\u043e\u043c\" \/>\n\t<meta name=\"twitter:data1\" content=\"admin\" \/>\n\t<meta name=\"twitter:label2\" content=\"\u041f\u0440\u0438\u043c\u0435\u0440\u043d\u043e\u0435 \u0432\u0440\u0435\u043c\u044f \u0434\u043b\u044f \u0447\u0442\u0435\u043d\u0438\u044f\" \/>\n\t<meta name=\"twitter:data2\" content=\"6 \u043c\u0438\u043d\u0443\u0442\" \/>\n<script type=\"application\/ld+json\" class=\"yoast-schema-graph\">{\"@context\":\"https:\/\/schema.org\",\"@graph\":[{\"@type\":\"Article\",\"@id\":\"https:\/\/denizcankizil.tr\/ru\/haberler\/gundem\/yillik-6-milyar-tl-tasarruf-ettirecek-yol-hizmete-girdi\/#article\",\"isPartOf\":{\"@id\":\"https:\/\/denizcankizil.tr\/ru\/haberler\/gundem\/yillik-6-milyar-tl-tasarruf-ettirecek-yol-hizmete-girdi\/\"},\"author\":{\"name\":\"admin\",\"@id\":\"https:\/\/denizcankizil.tr\/de\/#\/schema\/person\/be3c05fe6a12686905512445d8185489\"},\"headline\":\"Y\u0131ll\u0131k 6 milyar TL tasarruf ettirecek yol hizmete girdi\",\"datePublished\":\"2025-01-17T19:41:33+00:00\",\"mainEntityOfPage\":{\"@id\":\"https:\/\/denizcankizil.tr\/ru\/haberler\/gundem\/yillik-6-milyar-tl-tasarruf-ettirecek-yol-hizmete-girdi\/\"},\"wordCount\":1180,\"commentCount\":0,\"publisher\":{\"@id\":\"https:\/\/denizcankizil.tr\/de\/#organization\"},\"articleSection\":[\"G\u00fcndem\"],\"inLanguage\":\"ru-RU\",\"potentialAction\":[{\"@type\":\"CommentAction\",\"name\":\"Comment\",\"target\":[\"https:\/\/denizcankizil.tr\/ru\/haberler\/gundem\/yillik-6-milyar-tl-tasarruf-ettirecek-yol-hizmete-girdi\/#respond\"]}]},{\"@type\":\"WebPage\",\"@id\":\"https:\/\/denizcankizil.tr\/ru\/haberler\/gundem\/yillik-6-milyar-tl-tasarruf-ettirecek-yol-hizmete-girdi\/\",\"url\":\"https:\/\/denizcankizil.tr\/ru\/haberler\/gundem\/yillik-6-milyar-tl-tasarruf-ettirecek-yol-hizmete-girdi\/\",\"name\":\"Y\u0131ll\u0131k 6 milyar TL tasarruf ettirecek yol hizmete girdi - Av. Deniz Can K\u0131z\u0131l\",\"isPartOf\":{\"@id\":\"https:\/\/denizcankizil.tr\/de\/#website\"},\"datePublished\":\"2025-01-17T19:41:33+00:00\",\"breadcrumb\":{\"@id\":\"https:\/\/denizcankizil.tr\/ru\/haberler\/gundem\/yillik-6-milyar-tl-tasarruf-ettirecek-yol-hizmete-girdi\/#breadcrumb\"},\"inLanguage\":\"ru-RU\",\"potentialAction\":[{\"@type\":\"ReadAction\",\"target\":[\"https:\/\/denizcankizil.tr\/ru\/haberler\/gundem\/yillik-6-milyar-tl-tasarruf-ettirecek-yol-hizmete-girdi\/\"]}]},{\"@type\":\"BreadcrumbList\",\"@id\":\"https:\/\/denizcankizil.tr\/ru\/haberler\/gundem\/yillik-6-milyar-tl-tasarruf-ettirecek-yol-hizmete-girdi\/#breadcrumb\",\"itemListElement\":[{\"@type\":\"ListItem\",\"position\":1,\"name\":\"Home\",\"item\":\"https:\/\/denizcankizil.tr\/de\/\"},{\"@type\":\"ListItem\",\"position\":2,\"name\":\"Y\u0131ll\u0131k 6 milyar TL tasarruf ettirecek yol hizmete girdi\"}]},{\"@type\":\"WebSite\",\"@id\":\"https:\/\/denizcankizil.tr\/de\/#website\",\"url\":\"https:\/\/denizcankizil.tr\/de\/\",\"name\":\"Av. Deniz Can K\u0131z\u0131l\",\"description\":\"Avukat Deniz Can K\u0131z\u0131l Antalya Barosu\",\"publisher\":{\"@id\":\"https:\/\/denizcankizil.tr\/de\/#organization\"},\"potentialAction\":[{\"@type\":\"SearchAction\",\"target\":{\"@type\":\"EntryPoint\",\"urlTemplate\":\"https:\/\/denizcankizil.tr\/de\/?s={search_term_string}\"},\"query-input\":{\"@type\":\"PropertyValueSpecification\",\"valueRequired\":true,\"valueName\":\"search_term_string\"}}],\"inLanguage\":\"ru-RU\"},{\"@type\":\"Organization\",\"@id\":\"https:\/\/denizcankizil.tr\/de\/#organization\",\"name\":\"Av. Deniz Can K\u0131z\u0131l\",\"url\":\"https:\/\/denizcankizil.tr\/de\/\",\"logo\":{\"@type\":\"ImageObject\",\"inLanguage\":\"ru-RU\",\"@id\":\"https:\/\/denizcankizil.tr\/de\/#\/schema\/logo\/image\/\",\"url\":\"https:\/\/denizcankizil.tr\/wp-content\/uploads\/2024\/10\/siyah-logo-svg.svg\",\"contentUrl\":\"https:\/\/denizcankizil.tr\/wp-content\/uploads\/2024\/10\/siyah-logo-svg.svg\",\"width\":1080,\"height\":1080,\"caption\":\"Av. Deniz Can K\u0131z\u0131l\"},\"image\":{\"@id\":\"https:\/\/denizcankizil.tr\/de\/#\/schema\/logo\/image\/\"}},{\"@type\":\"Person\",\"@id\":\"https:\/\/denizcankizil.tr\/de\/#\/schema\/person\/be3c05fe6a12686905512445d8185489\",\"name\":\"admin\",\"image\":{\"@type\":\"ImageObject\",\"inLanguage\":\"ru-RU\",\"@id\":\"https:\/\/denizcankizil.tr\/de\/#\/schema\/person\/image\/\",\"url\":\"https:\/\/secure.gravatar.com\/avatar\/c1fce94c830dc79107e174f890d7210541c4a63e8e5d816341794a2151c9d58c?s=96&d=mm&r=g\",\"contentUrl\":\"https:\/\/secure.gravatar.com\/avatar\/c1fce94c830dc79107e174f890d7210541c4a63e8e5d816341794a2151c9d58c?s=96&d=mm&r=g\",\"caption\":\"admin\"},\"sameAs\":[\"http:\/\/denizcankizil.tr\"],\"url\":\"https:\/\/www.iskenderun.org\/yillik-6-milyar-tl-tasarruf-ettirecek-yol-hizmete-girdi\"}]}<\/script>\n<!-- \/ Yoast SEO Premium plugin. -->","yoast_head_json":{"title":"Y\u0131ll\u0131k 6 milyar TL tasarruf ettirecek yol hizmete girdi - Av. Deniz Can K\u0131z\u0131l","robots":{"index":"index","follow":"follow","max-snippet":"max-snippet:-1","max-image-preview":"max-image-preview:large","max-video-preview":"max-video-preview:-1"},"canonical":"https:\/\/denizcankizil.tr\/ru\/haberler\/gundem\/yillik-6-milyar-tl-tasarruf-ettirecek-yol-hizmete-girdi\/","og_locale":"ru_RU","og_type":"article","og_title":"Y\u0131ll\u0131k 6 milyar TL tasarruf ettirecek yol hizmete girdi","og_description":"Cumhurba\u015fkan\u0131 Recep Tayyip Erdo\u011fan, Konya \u00c7evre Yolu 2. Kesimi&#8217;nin a\u00e7\u0131l\u0131\u015f t\u00f6reninde yapt\u0131\u011f\u0131 konu\u015fmada proje ile birlikte yakla\u015f\u0131k 6 milyar lira tasarruf edilece\u011fini a\u00e7\u0131klad\u0131. Erdo\u011fan, s\u00f6z konusu yolun Afyonkarahisar-Aksaray aks\u0131 aras\u0131ndaki 30 kilometrelik kesiminin b\u00f6lgeye hay\u0131rl\u0131 olmas\u0131n\u0131 diledi.KONYA (\u0130GFA) &#8211; Cumhurba\u015fkan\u0131 Erdo\u011fan, \u201cKonya \u00c7evre Yolu 2. Kesimi\u201d a\u00e7\u0131l\u0131\u015f t\u00f6reninde konu\u015ftu G\u00f6reve geldikleri g\u00fcnden beri eser ve hizmet siyasetiyle Konya&#8217;ya ve Konyal\u0131lara lay\u0131k olmak i\u00e7in gece g\u00fcnd\u00fcz \u00e7al\u0131\u015ft\u0131klar\u0131n\u0131 belirten Cumhurba\u015fkan\u0131 Erdo\u011fan, &#8220;\u00dcretimin, istihdam\u0131n ve ihracat\u0131n art\u0131r\u0131lmas\u0131, \u015fehrin dengeli \u015fekilde kalk\u0131nmas\u0131 i\u00e7in t\u00fcm imk\u00e2nlar\u0131m\u0131z\u0131 seferber etmi\u015f durumday\u0131z.&#8221; ifadesini kulland\u0131. Hem Konya&#8217;ya hem de b\u00f6lgeye ekonomik, ticari ve tar\u0131msal olarak katk\u0131 yapacak projelerine, yat\u0131r\u0131mlar\u0131na ve hizmetlerine her g\u00fcn bir yenisini eklediklerini s\u00f6yleyen Cumhurba\u015fkan\u0131 Erdo\u011fan, &#8220;Do\u011fu-bat\u0131 ve kuzey-g\u00fcney istikametindeki ula\u015f\u0131m a\u011flar\u0131n\u0131n adeta kav\u015fak noktas\u0131 olan Konya&#8217;n\u0131n, kara, demir ve hava yolu ula\u015f\u0131m\u0131n\u0131n geli\u015ftirilmesi, temel \u00f6nceliklerimizden biridir. \u015eu rakam\u0131 \u00f6zellikle dikkatinizi \u00e7ekiyorum, bug\u00fcne kadar ula\u015ft\u0131rma alan\u0131nda Konya&#8217;ya g\u00fcncel rakamla 146,7 milyar liral\u0131k kamu yat\u0131r\u0131m\u0131 yapt\u0131k. \u015eehrimizi kuzeyde Ankara ve Eski\u015fehir&#8217;e, bat\u0131da Isparta, Afyonkarahisar ve oradan \u0130zmir&#8217;e, do\u011fuda Aksaray, Ni\u011fde ve oradan Kayseri&#8217;ye, g\u00fcneyde ise Antalya, Karaman ve Mersin&#8217;e b\u00f6l\u00fcnm\u00fc\u015f yollarla ba\u011flad\u0131k. \u00dclkemizin en y\u00fcksek ayakl\u0131 ve en uzun dengeli konsol k\u00f6pr\u00fcs\u00fc olan E\u011fiste-Hadimi Viyad\u00fc\u011f\u00fc&#8217;n\u00fc in\u015fa ederek Konya&#8217;n\u0131n Akdeniz ve \u0130\u00e7 Anadolu B\u00f6lgesi&#8217;ne kesintisiz, konforlu ve g\u00fcvenli &hellip;","og_url":"https:\/\/denizcankizil.tr\/ru\/haberler\/gundem\/yillik-6-milyar-tl-tasarruf-ettirecek-yol-hizmete-girdi\/","og_site_name":"Av. Deniz Can K\u0131z\u0131l","article_published_time":"2025-01-17T19:41:33+00:00","author":"admin","twitter_card":"summary_large_image","twitter_misc":{"\u041d\u0430\u043f\u0438\u0441\u0430\u043d\u043e \u0430\u0432\u0442\u043e\u0440\u043e\u043c":"admin","\u041f\u0440\u0438\u043c\u0435\u0440\u043d\u043e\u0435 \u0432\u0440\u0435\u043c\u044f \u0434\u043b\u044f \u0447\u0442\u0435\u043d\u0438\u044f":"6 \u043c\u0438\u043d\u0443\u0442"},"schema":{"@context":"https:\/\/schema.org","@graph":[{"@type":"Article","@id":"https:\/\/denizcankizil.tr\/ru\/haberler\/gundem\/yillik-6-milyar-tl-tasarruf-ettirecek-yol-hizmete-girdi\/#article","isPartOf":{"@id":"https:\/\/denizcankizil.tr\/ru\/haberler\/gundem\/yillik-6-milyar-tl-tasarruf-ettirecek-yol-hizmete-girdi\/"},"author":{"name":"admin","@id":"https:\/\/denizcankizil.tr\/de\/#\/schema\/person\/be3c05fe6a12686905512445d8185489"},"headline":"Y\u0131ll\u0131k 6 milyar TL tasarruf ettirecek yol hizmete girdi","datePublished":"2025-01-17T19:41:33+00:00","mainEntityOfPage":{"@id":"https:\/\/denizcankizil.tr\/ru\/haberler\/gundem\/yillik-6-milyar-tl-tasarruf-ettirecek-yol-hizmete-girdi\/"},"wordCount":1180,"commentCount":0,"publisher":{"@id":"https:\/\/denizcankizil.tr\/de\/#organization"},"articleSection":["G\u00fcndem"],"inLanguage":"ru-RU","potentialAction":[{"@type":"CommentAction","name":"Comment","target":["https:\/\/denizcankizil.tr\/ru\/haberler\/gundem\/yillik-6-milyar-tl-tasarruf-ettirecek-yol-hizmete-girdi\/#respond"]}]},{"@type":"WebPage","@id":"https:\/\/denizcankizil.tr\/ru\/haberler\/gundem\/yillik-6-milyar-tl-tasarruf-ettirecek-yol-hizmete-girdi\/","url":"https:\/\/denizcankizil.tr\/ru\/haberler\/gundem\/yillik-6-milyar-tl-tasarruf-ettirecek-yol-hizmete-girdi\/","name":"Y\u0131ll\u0131k 6 milyar TL tasarruf ettirecek yol hizmete girdi - Av. Deniz Can K\u0131z\u0131l","isPartOf":{"@id":"https:\/\/denizcankizil.tr\/de\/#website"},"datePublished":"2025-01-17T19:41:33+00:00","breadcrumb":{"@id":"https:\/\/denizcankizil.tr\/ru\/haberler\/gundem\/yillik-6-milyar-tl-tasarruf-ettirecek-yol-hizmete-girdi\/#breadcrumb"},"inLanguage":"ru-RU","potentialAction":[{"@type":"ReadAction","target":["https:\/\/denizcankizil.tr\/ru\/haberler\/gundem\/yillik-6-milyar-tl-tasarruf-ettirecek-yol-hizmete-girdi\/"]}]},{"@type":"BreadcrumbList","@id":"https:\/\/denizcankizil.tr\/ru\/haberler\/gundem\/yillik-6-milyar-tl-tasarruf-ettirecek-yol-hizmete-girdi\/#breadcrumb","itemListElement":[{"@type":"ListItem","position":1,"name":"Home","item":"https:\/\/denizcankizil.tr\/de\/"},{"@type":"ListItem","position":2,"name":"Y\u0131ll\u0131k 6 milyar TL tasarruf ettirecek yol hizmete girdi"}]},{"@type":"WebSite","@id":"https:\/\/denizcankizil.tr\/de\/#website","url":"https:\/\/denizcankizil.tr\/de\/","name":"Av. Deniz Can K\u0131z\u0131l","description":"Avukat Deniz Can K\u0131z\u0131l Antalya Barosu","publisher":{"@id":"https:\/\/denizcankizil.tr\/de\/#organization"},"potentialAction":[{"@type":"SearchAction","target":{"@type":"EntryPoint","urlTemplate":"https:\/\/denizcankizil.tr\/de\/?s={search_term_string}"},"query-input":{"@type":"PropertyValueSpecification","valueRequired":true,"valueName":"search_term_string"}}],"inLanguage":"ru-RU"},{"@type":"Organization","@id":"https:\/\/denizcankizil.tr\/de\/#organization","name":"Av. Deniz Can K\u0131z\u0131l","url":"https:\/\/denizcankizil.tr\/de\/","logo":{"@type":"ImageObject","inLanguage":"ru-RU","@id":"https:\/\/denizcankizil.tr\/de\/#\/schema\/logo\/image\/","url":"https:\/\/denizcankizil.tr\/wp-content\/uploads\/2024\/10\/siyah-logo-svg.svg","contentUrl":"https:\/\/denizcankizil.tr\/wp-content\/uploads\/2024\/10\/siyah-logo-svg.svg","width":1080,"height":1080,"caption":"Av. Deniz Can K\u0131z\u0131l"},"image":{"@id":"https:\/\/denizcankizil.tr\/de\/#\/schema\/logo\/image\/"}},{"@type":"Person","@id":"https:\/\/denizcankizil.tr\/de\/#\/schema\/person\/be3c05fe6a12686905512445d8185489","name":"\u0430\u0434\u043c\u0438\u043d","image":{"@type":"ImageObject","inLanguage":"ru-RU","@id":"https:\/\/denizcankizil.tr\/de\/#\/schema\/person\/image\/","url":"https:\/\/secure.gravatar.com\/avatar\/c1fce94c830dc79107e174f890d7210541c4a63e8e5d816341794a2151c9d58c?s=96&d=mm&r=g","contentUrl":"https:\/\/secure.gravatar.com\/avatar\/c1fce94c830dc79107e174f890d7210541c4a63e8e5d816341794a2151c9d58c?s=96&d=mm&r=g","caption":"admin"},"sameAs":["http:\/\/denizcankizil.tr"],"url":"https:\/\/www.iskenderun.org\/yillik-6-milyar-tl-tasarruf-ettirecek-yol-hizmete-girdi"}]}},"_links":{"self":[{"href":"https:\/\/denizcankizil.tr\/ru\/wp-json\/wp\/v2\/posts\/25920","targetHints":{"allow":["GET"]}}],"collection":[{"href":"https:\/\/denizcankizil.tr\/ru\/wp-json\/wp\/v2\/posts"}],"about":[{"href":"https:\/\/denizcankizil.tr\/ru\/wp-json\/wp\/v2\/types\/post"}],"author":[{"embeddable":true,"href":"https:\/\/denizcankizil.tr\/ru\/wp-json\/wp\/v2\/users\/1"}],"replies":[{"embeddable":true,"href":"https:\/\/denizcankizil.tr\/ru\/wp-json\/wp\/v2\/comments?post=25920"}],"version-history":[{"count":0,"href":"https:\/\/denizcankizil.tr\/ru\/wp-json\/wp\/v2\/posts\/25920\/revisions"}],"wp:attachment":[{"href":"https:\/\/denizcankizil.tr\/ru\/wp-json\/wp\/v2\/media?parent=25920"}],"wp:term":[{"taxonomy":"category","embeddable":true,"href":"https:\/\/denizcankizil.tr\/ru\/wp-json\/wp\/v2\/categories?post=25920"},{"taxonomy":"post_tag","embeddable":true,"href":"https:\/\/denizcankizil.tr\/ru\/wp-json\/wp\/v2\/tags?post=25920"}],"curies":[{"name":"wp","href":"https:\/\/api.w.org\/{rel}","templated":true}]}}