{"id":25876,"date":"2025-01-17T17:42:18","date_gmt":"2025-01-17T14:42:18","guid":{"rendered":"https:\/\/denizcankizil.tr\/uncategorized-tr\/bursa-inegolde-ogrenciler-karnelerini-protokolden-aldi\/"},"modified":"2025-01-17T17:42:18","modified_gmt":"2025-01-17T14:42:18","slug":"bursa-inegolde-ogrenciler-karnelerini-protokolden-aldi","status":"publish","type":"post","link":"https:\/\/denizcankizil.tr\/ru\/haberler\/gundem\/bursa-inegolde-ogrenciler-karnelerini-protokolden-aldi\/","title":{"rendered":"Bursa \u0130neg\u00f6l&#8217;de \u00f6\u011frenciler karnelerini protokolden ald\u0131"},"content":{"rendered":"<p>Bursa \u0130neg\u00f6l \u0130lkokulunda d\u00fczenlenen karne t\u00f6renine Kaymakam Eren Arslan ile Belediye Ba\u015fkan\u0131 Alper Taban da kat\u0131ld\u0131. Anaokulu ve ilkokul \u00f6\u011frencileri karnelerini protokol \u00fcyelerinden ald\u0131.BURSA\u00a0 (\u0130GFA) &#8211;\u00a0Eyl\u00fcl ay\u0131nda ba\u015flayan 2024-25 e\u011fitim \u00f6\u011fretim y\u0131l\u0131nda ilk d\u00f6nem sona erdi. \u00dclke genelinde milyonlarca \u00f6\u011frenci karne al\u0131rken, \u0130neg\u00f6l\u2019de 53 \u00f6zel ve 140 resmi olmak \u00fczere toplam 193 okulda anaokulu, ilkokul, ortaokul ve lise d\u00fczeyinde 62 bin \u00f6\u011frenci karne heyecan\u0131 ya\u015fad\u0131.<br \/>\nPROTOKOL \u00dcYELER\u0130 \u00d6\u011eRENC\u0130LER\u0130N KARNE HEYECANINA ORTAK OLDU<br \/>\n\u0130neg\u00f6l Milli E\u011fitim M\u00fcd\u00fcrl\u00fc\u011f\u00fc de \u0130neg\u00f6l \u0130lkokulunda d\u00fczenledi\u011fi karne t\u00f6reninde \u00f6\u011frencilerle protokol \u00fcyelerini bir araya getirdi. Kaymakam Eren Arslan, Belediye Ba\u015fkan\u0131 Alper Taban ve Milli E\u011fitim M\u00fcd\u00fcr\u00fc Halil \u0130brahim Zengin \u00f6\u011frencilerin karne heyecan\u0131na ortak oldu.<br \/>\n\u0130NEG\u00d6L BELED\u0130YES\u0130\u2019NDNE TATLI S\u00dcRPR\u0130Z<br \/>\nProtokol \u00fcyeleri \u0130neg\u00f6l \u0130lkokulunda s\u0131n\u0131flar\u0131 gezip \u00f6\u011frencilere tek tek karneleri takdim ederken, sonras\u0131nda ise \u0130neg\u00f6l Belediyesi taraf\u0131ndan \u00f6\u011frencilere karne g\u00fcn\u00fc s\u00fcrprizi olarak tatl\u0131 ikram\u0131nda bulunuldu. Gastro \u0130neg\u00f6l Restoran\u0131nda haz\u0131rlanan tatl\u0131larla \u00f6\u011frenciler yar\u0131y\u0131l tatiline tatl\u0131 bir ba\u015flang\u0131\u00e7 yapt\u0131.<br \/>\n03 \u015eUBAT\u2019TA DERS YEN\u0130DEN BA\u015eLIYOR<br \/>\n\u00d6te yandan yar\u0131y\u0131l tatili 31 Ocak Cuma g\u00fcn\u00fc tamamlanacak ve \u00f6\u011frenciler ikinci d\u00f6nem i\u00e7in 03 \u015eubat Pazartesi g\u00fcn\u00fc yeniden ders ba\u015f\u0131 yapacak.<\/p>\n<p>\u200bBursa \u0130neg\u00f6l \u0130lkokulunda d\u00fczenlenen karne t\u00f6renine Kaymakam Eren Arslan ile Belediye Ba\u015fkan\u0131 Alper Taban da kat\u0131ld\u0131. Anaokulu ve ilkokul \u00f6\u011frencileri karnelerini protokol \u00fcyelerinden ald\u0131.BURSA\u00a0 (\u0130GFA) &#8211;\u00a0Eyl\u00fcl ay\u0131nda ba\u015flayan 2024-25 e\u011fitim \u00f6\u011fretim y\u0131l\u0131nda ilk d\u00f6nem sona erdi. \u00dclke genelinde milyonlarca \u00f6\u011frenci karne al\u0131rken, \u0130neg\u00f6l\u2019de 53 \u00f6zel ve 140 resmi olmak \u00fczere toplam 193 okulda anaokulu, ilkokul, ortaokul ve lise d\u00fczeyinde 62 bin \u00f6\u011frenci karne heyecan\u0131 ya\u015fad\u0131.<br \/>\nPROTOKOL \u00dcYELER\u0130 \u00d6\u011eRENC\u0130LER\u0130N KARNE HEYECANINA ORTAK OLDU<br \/>\n\u0130neg\u00f6l Milli E\u011fitim M\u00fcd\u00fcrl\u00fc\u011f\u00fc de \u0130neg\u00f6l \u0130lkokulunda d\u00fczenledi\u011fi karne t\u00f6reninde \u00f6\u011frencilerle protokol \u00fcyelerini bir araya getirdi. Kaymakam Eren Arslan, Belediye Ba\u015fkan\u0131 Alper Taban ve Milli E\u011fitim M\u00fcd\u00fcr\u00fc Halil \u0130brahim Zengin \u00f6\u011frencilerin karne heyecan\u0131na ortak oldu.<br \/>\n\u0130NEG\u00d6L BELED\u0130YES\u0130\u2019NDNE TATLI S\u00dcRPR\u0130Z<br \/>\nProtokol \u00fcyeleri \u0130neg\u00f6l \u0130lkokulunda s\u0131n\u0131flar\u0131 gezip \u00f6\u011frencilere tek tek karneleri takdim ederken, sonras\u0131nda ise \u0130neg\u00f6l Belediyesi taraf\u0131ndan \u00f6\u011frencilere karne g\u00fcn\u00fc s\u00fcrprizi olarak tatl\u0131 ikram\u0131nda bulunuldu. Gastro \u0130neg\u00f6l Restoran\u0131nda haz\u0131rlanan tatl\u0131larla \u00f6\u011frenciler yar\u0131y\u0131l tatiline tatl\u0131 bir ba\u015flang\u0131\u00e7 yapt\u0131.<br \/>\n03 \u015eUBAT\u2019TA DERS YEN\u0130DEN BA\u015eLIYOR<br \/>\n\u00d6te yandan yar\u0131y\u0131l tatili 31 Ocak Cuma g\u00fcn\u00fc tamamlanacak ve \u00f6\u011frenciler ikinci d\u00f6nem i\u00e7in 03 \u015eubat Pazartesi g\u00fcn\u00fc yeniden ders ba\u015f\u0131 yapacak.\u00a0<\/p>\n<p>\u200bHaberin Al\u0131nt\u0131land\u0131\u011f\u0131 Kaynak: www.iskenderun.org<\/p>","protected":false},"excerpt":{"rendered":"<p>Bursa \u0130neg\u00f6l \u0130lkokulunda d\u00fczenlenen karne t\u00f6renine Kaymakam Eren Arslan ile Belediye Ba\u015fkan\u0131 Alper Taban da kat\u0131ld\u0131. Anaokulu ve ilkokul \u00f6\u011frencileri karnelerini protokol \u00fcyelerinden ald\u0131.BURSA\u00a0 (\u0130GFA) &#8211;\u00a0Eyl\u00fcl ay\u0131nda ba\u015flayan 2024-25 e\u011fitim \u00f6\u011fretim y\u0131l\u0131nda ilk d\u00f6nem sona erdi. \u00dclke genelinde milyonlarca \u00f6\u011frenci karne al\u0131rken, \u0130neg\u00f6l\u2019de 53 \u00f6zel ve 140 resmi olmak \u00fczere toplam 193 okulda anaokulu, ilkokul, ortaokul ve lise d\u00fczeyinde 62 bin \u00f6\u011frenci karne heyecan\u0131 ya\u015fad\u0131. PROTOKOL \u00dcYELER\u0130 \u00d6\u011eRENC\u0130LER\u0130N KARNE HEYECANINA ORTAK OLDU \u0130neg\u00f6l Milli E\u011fitim M\u00fcd\u00fcrl\u00fc\u011f\u00fc de \u0130neg\u00f6l \u0130lkokulunda d\u00fczenledi\u011fi karne t\u00f6reninde \u00f6\u011frencilerle protokol \u00fcyelerini bir araya getirdi. Kaymakam Eren Arslan, Belediye Ba\u015fkan\u0131 Alper Taban ve Milli E\u011fitim M\u00fcd\u00fcr\u00fc Halil \u0130brahim Zengin \u00f6\u011frencilerin karne heyecan\u0131na ortak oldu. \u0130NEG\u00d6L BELED\u0130YES\u0130\u2019NDNE TATLI S\u00dcRPR\u0130Z Protokol \u00fcyeleri \u0130neg\u00f6l \u0130lkokulunda s\u0131n\u0131flar\u0131 gezip \u00f6\u011frencilere tek tek karneleri takdim ederken, sonras\u0131nda ise \u0130neg\u00f6l Belediyesi taraf\u0131ndan \u00f6\u011frencilere karne g\u00fcn\u00fc s\u00fcrprizi olarak tatl\u0131 ikram\u0131nda bulunuldu. Gastro \u0130neg\u00f6l Restoran\u0131nda haz\u0131rlanan tatl\u0131larla \u00f6\u011frenciler yar\u0131y\u0131l tatiline tatl\u0131 bir ba\u015flang\u0131\u00e7 yapt\u0131. 03 \u015eUBAT\u2019TA DERS YEN\u0130DEN BA\u015eLIYOR \u00d6te yandan yar\u0131y\u0131l tatili 31 Ocak Cuma g\u00fcn\u00fc tamamlanacak ve \u00f6\u011frenciler ikinci d\u00f6nem i\u00e7in 03 \u015eubat Pazartesi g\u00fcn\u00fc yeniden ders ba\u015f\u0131 yapacak. \u200bBursa \u0130neg\u00f6l \u0130lkokulunda d\u00fczenlenen karne t\u00f6renine Kaymakam Eren Arslan ile Belediye Ba\u015fkan\u0131 Alper Taban da kat\u0131ld\u0131. Anaokulu ve ilkokul \u00f6\u011frencileri karnelerini protokol \u00fcyelerinden ald\u0131.BURSA\u00a0 (\u0130GFA) &hellip;<\/p>","protected":false},"author":1,"featured_media":0,"comment_status":"open","ping_status":"open","sticky":false,"template":"","format":"standard","meta":{"_acf_changed":false,"footnotes":""},"categories":[24],"tags":[],"class_list":["post-25876","post","type-post","status-publish","format-standard","has-post-thumbnail","hentry","category-gundem"],"acf":[],"yoast_head":"<!-- This site is optimized with the Yoast SEO Premium plugin v26.6 (Yoast SEO v27.1.1) - https:\/\/yoast.com\/product\/yoast-seo-premium-wordpress\/ -->\n<title>Bursa \u0130neg\u00f6l&#039;de \u00f6\u011frenciler karnelerini protokolden ald\u0131 - Av. Deniz Can K\u0131z\u0131l<\/title>\n<meta name=\"robots\" content=\"index, follow, max-snippet:-1, max-image-preview:large, max-video-preview:-1\" \/>\n<link rel=\"canonical\" href=\"https:\/\/denizcankizil.tr\/ru\/haberler\/gundem\/bursa-inegolde-ogrenciler-karnelerini-protokolden-aldi\/\" \/>\n<meta property=\"og:locale\" content=\"ru_RU\" \/>\n<meta property=\"og:type\" content=\"article\" \/>\n<meta property=\"og:title\" content=\"Bursa \u0130neg\u00f6l&#039;de \u00f6\u011frenciler karnelerini protokolden ald\u0131\" \/>\n<meta property=\"og:description\" content=\"Bursa \u0130neg\u00f6l \u0130lkokulunda d\u00fczenlenen karne t\u00f6renine Kaymakam Eren Arslan ile Belediye Ba\u015fkan\u0131 Alper Taban da kat\u0131ld\u0131. Anaokulu ve ilkokul \u00f6\u011frencileri karnelerini protokol \u00fcyelerinden ald\u0131.BURSA\u00a0 (\u0130GFA) &#8211;\u00a0Eyl\u00fcl ay\u0131nda ba\u015flayan 2024-25 e\u011fitim \u00f6\u011fretim y\u0131l\u0131nda ilk d\u00f6nem sona erdi. \u00dclke genelinde milyonlarca \u00f6\u011frenci karne al\u0131rken, \u0130neg\u00f6l\u2019de 53 \u00f6zel ve 140 resmi olmak \u00fczere toplam 193 okulda anaokulu, ilkokul, ortaokul ve lise d\u00fczeyinde 62 bin \u00f6\u011frenci karne heyecan\u0131 ya\u015fad\u0131. PROTOKOL \u00dcYELER\u0130 \u00d6\u011eRENC\u0130LER\u0130N KARNE HEYECANINA ORTAK OLDU \u0130neg\u00f6l Milli E\u011fitim M\u00fcd\u00fcrl\u00fc\u011f\u00fc de \u0130neg\u00f6l \u0130lkokulunda d\u00fczenledi\u011fi karne t\u00f6reninde \u00f6\u011frencilerle protokol \u00fcyelerini bir araya getirdi. Kaymakam Eren Arslan, Belediye Ba\u015fkan\u0131 Alper Taban ve Milli E\u011fitim M\u00fcd\u00fcr\u00fc Halil \u0130brahim Zengin \u00f6\u011frencilerin karne heyecan\u0131na ortak oldu. \u0130NEG\u00d6L BELED\u0130YES\u0130\u2019NDNE TATLI S\u00dcRPR\u0130Z Protokol \u00fcyeleri \u0130neg\u00f6l \u0130lkokulunda s\u0131n\u0131flar\u0131 gezip \u00f6\u011frencilere tek tek karneleri takdim ederken, sonras\u0131nda ise \u0130neg\u00f6l Belediyesi taraf\u0131ndan \u00f6\u011frencilere karne g\u00fcn\u00fc s\u00fcrprizi olarak tatl\u0131 ikram\u0131nda bulunuldu. Gastro \u0130neg\u00f6l Restoran\u0131nda haz\u0131rlanan tatl\u0131larla \u00f6\u011frenciler yar\u0131y\u0131l tatiline tatl\u0131 bir ba\u015flang\u0131\u00e7 yapt\u0131. 03 \u015eUBAT\u2019TA DERS YEN\u0130DEN BA\u015eLIYOR \u00d6te yandan yar\u0131y\u0131l tatili 31 Ocak Cuma g\u00fcn\u00fc tamamlanacak ve \u00f6\u011frenciler ikinci d\u00f6nem i\u00e7in 03 \u015eubat Pazartesi g\u00fcn\u00fc yeniden ders ba\u015f\u0131 yapacak. \u200bBursa \u0130neg\u00f6l \u0130lkokulunda d\u00fczenlenen karne t\u00f6renine Kaymakam Eren Arslan ile Belediye Ba\u015fkan\u0131 Alper Taban da kat\u0131ld\u0131. Anaokulu ve ilkokul \u00f6\u011frencileri karnelerini protokol \u00fcyelerinden ald\u0131.BURSA\u00a0 (\u0130GFA) &hellip;\" \/>\n<meta property=\"og:url\" content=\"https:\/\/denizcankizil.tr\/ru\/haberler\/gundem\/bursa-inegolde-ogrenciler-karnelerini-protokolden-aldi\/\" \/>\n<meta property=\"og:site_name\" content=\"Av. Deniz Can K\u0131z\u0131l\" \/>\n<meta property=\"article:published_time\" content=\"2025-01-17T14:42:18+00:00\" \/>\n<meta name=\"author\" content=\"admin\" \/>\n<meta name=\"twitter:card\" content=\"summary_large_image\" \/>\n<meta name=\"twitter:label1\" content=\"\u041d\u0430\u043f\u0438\u0441\u0430\u043d\u043e \u0430\u0432\u0442\u043e\u0440\u043e\u043c\" \/>\n\t<meta name=\"twitter:data1\" content=\"admin\" \/>\n\t<meta name=\"twitter:label2\" content=\"\u041f\u0440\u0438\u043c\u0435\u0440\u043d\u043e\u0435 \u0432\u0440\u0435\u043c\u044f \u0434\u043b\u044f \u0447\u0442\u0435\u043d\u0438\u044f\" \/>\n\t<meta name=\"twitter:data2\" content=\"2 \u043c\u0438\u043d\u0443\u0442\u044b\" \/>\n<script type=\"application\/ld+json\" class=\"yoast-schema-graph\">{\"@context\":\"https:\/\/schema.org\",\"@graph\":[{\"@type\":\"Article\",\"@id\":\"https:\/\/denizcankizil.tr\/ru\/haberler\/gundem\/bursa-inegolde-ogrenciler-karnelerini-protokolden-aldi\/#article\",\"isPartOf\":{\"@id\":\"https:\/\/denizcankizil.tr\/ru\/haberler\/gundem\/bursa-inegolde-ogrenciler-karnelerini-protokolden-aldi\/\"},\"author\":{\"name\":\"admin\",\"@id\":\"https:\/\/denizcankizil.tr\/#\/schema\/person\/be3c05fe6a12686905512445d8185489\"},\"headline\":\"Bursa \u0130neg\u00f6l&#8217;de \u00f6\u011frenciler karnelerini protokolden ald\u0131\",\"datePublished\":\"2025-01-17T14:42:18+00:00\",\"mainEntityOfPage\":{\"@id\":\"https:\/\/denizcankizil.tr\/ru\/haberler\/gundem\/bursa-inegolde-ogrenciler-karnelerini-protokolden-aldi\/\"},\"wordCount\":480,\"commentCount\":0,\"publisher\":{\"@id\":\"https:\/\/denizcankizil.tr\/#organization\"},\"articleSection\":[\"G\u00fcndem\"],\"inLanguage\":\"ru-RU\",\"potentialAction\":[{\"@type\":\"CommentAction\",\"name\":\"Comment\",\"target\":[\"https:\/\/denizcankizil.tr\/ru\/haberler\/gundem\/bursa-inegolde-ogrenciler-karnelerini-protokolden-aldi\/#respond\"]}]},{\"@type\":\"WebPage\",\"@id\":\"https:\/\/denizcankizil.tr\/ru\/haberler\/gundem\/bursa-inegolde-ogrenciler-karnelerini-protokolden-aldi\/\",\"url\":\"https:\/\/denizcankizil.tr\/ru\/haberler\/gundem\/bursa-inegolde-ogrenciler-karnelerini-protokolden-aldi\/\",\"name\":\"Bursa \u0130neg\u00f6l'de \u00f6\u011frenciler karnelerini protokolden ald\u0131 - Av. Deniz Can K\u0131z\u0131l\",\"isPartOf\":{\"@id\":\"https:\/\/denizcankizil.tr\/#website\"},\"datePublished\":\"2025-01-17T14:42:18+00:00\",\"breadcrumb\":{\"@id\":\"https:\/\/denizcankizil.tr\/ru\/haberler\/gundem\/bursa-inegolde-ogrenciler-karnelerini-protokolden-aldi\/#breadcrumb\"},\"inLanguage\":\"ru-RU\",\"potentialAction\":[{\"@type\":\"ReadAction\",\"target\":[\"https:\/\/denizcankizil.tr\/ru\/haberler\/gundem\/bursa-inegolde-ogrenciler-karnelerini-protokolden-aldi\/\"]}]},{\"@type\":\"BreadcrumbList\",\"@id\":\"https:\/\/denizcankizil.tr\/ru\/haberler\/gundem\/bursa-inegolde-ogrenciler-karnelerini-protokolden-aldi\/#breadcrumb\",\"itemListElement\":[{\"@type\":\"ListItem\",\"position\":1,\"name\":\"Home\",\"item\":\"https:\/\/denizcankizil.tr\/de\/\"},{\"@type\":\"ListItem\",\"position\":2,\"name\":\"Bursa \u0130neg\u00f6l&#8217;de \u00f6\u011frenciler karnelerini protokolden ald\u0131\"}]},{\"@type\":\"WebSite\",\"@id\":\"https:\/\/denizcankizil.tr\/#website\",\"url\":\"https:\/\/denizcankizil.tr\/\",\"name\":\"Av. Deniz Can K\u0131z\u0131l\",\"description\":\"Avukat Deniz Can K\u0131z\u0131l Antalya Barosu\",\"publisher\":{\"@id\":\"https:\/\/denizcankizil.tr\/#organization\"},\"potentialAction\":[{\"@type\":\"SearchAction\",\"target\":{\"@type\":\"EntryPoint\",\"urlTemplate\":\"https:\/\/denizcankizil.tr\/?s={search_term_string}\"},\"query-input\":{\"@type\":\"PropertyValueSpecification\",\"valueRequired\":true,\"valueName\":\"search_term_string\"}}],\"inLanguage\":\"ru-RU\"},{\"@type\":\"Organization\",\"@id\":\"https:\/\/denizcankizil.tr\/#organization\",\"name\":\"Av. Deniz Can K\u0131z\u0131l\",\"url\":\"https:\/\/denizcankizil.tr\/\",\"logo\":{\"@type\":\"ImageObject\",\"inLanguage\":\"ru-RU\",\"@id\":\"https:\/\/denizcankizil.tr\/#\/schema\/logo\/image\/\",\"url\":\"https:\/\/denizcankizil.tr\/wp-content\/uploads\/2024\/10\/siyah-logo-svg.svg\",\"contentUrl\":\"https:\/\/denizcankizil.tr\/wp-content\/uploads\/2024\/10\/siyah-logo-svg.svg\",\"width\":1080,\"height\":1080,\"caption\":\"Av. Deniz Can K\u0131z\u0131l\"},\"image\":{\"@id\":\"https:\/\/denizcankizil.tr\/#\/schema\/logo\/image\/\"}},{\"@type\":\"Person\",\"@id\":\"https:\/\/denizcankizil.tr\/#\/schema\/person\/be3c05fe6a12686905512445d8185489\",\"name\":\"admin\",\"image\":{\"@type\":\"ImageObject\",\"inLanguage\":\"ru-RU\",\"@id\":\"https:\/\/denizcankizil.tr\/#\/schema\/person\/image\/\",\"url\":\"https:\/\/secure.gravatar.com\/avatar\/c1fce94c830dc79107e174f890d7210541c4a63e8e5d816341794a2151c9d58c?s=96&d=mm&r=g\",\"contentUrl\":\"https:\/\/secure.gravatar.com\/avatar\/c1fce94c830dc79107e174f890d7210541c4a63e8e5d816341794a2151c9d58c?s=96&d=mm&r=g\",\"caption\":\"admin\"},\"sameAs\":[\"http:\/\/denizcankizil.tr\"],\"url\":\"https:\/\/www.iskenderun.org\/bursa-inegolde-ogrenciler-karnelerini-protokolden-aldi\"}]}<\/script>\n<!-- \/ Yoast SEO Premium plugin. -->","yoast_head_json":{"title":"Bursa \u0130neg\u00f6l'de \u00f6\u011frenciler karnelerini protokolden ald\u0131 - Av. Deniz Can K\u0131z\u0131l","robots":{"index":"index","follow":"follow","max-snippet":"max-snippet:-1","max-image-preview":"max-image-preview:large","max-video-preview":"max-video-preview:-1"},"canonical":"https:\/\/denizcankizil.tr\/ru\/haberler\/gundem\/bursa-inegolde-ogrenciler-karnelerini-protokolden-aldi\/","og_locale":"ru_RU","og_type":"article","og_title":"Bursa \u0130neg\u00f6l'de \u00f6\u011frenciler karnelerini protokolden ald\u0131","og_description":"Bursa \u0130neg\u00f6l \u0130lkokulunda d\u00fczenlenen karne t\u00f6renine Kaymakam Eren Arslan ile Belediye Ba\u015fkan\u0131 Alper Taban da kat\u0131ld\u0131. Anaokulu ve ilkokul \u00f6\u011frencileri karnelerini protokol \u00fcyelerinden ald\u0131.BURSA\u00a0 (\u0130GFA) &#8211;\u00a0Eyl\u00fcl ay\u0131nda ba\u015flayan 2024-25 e\u011fitim \u00f6\u011fretim y\u0131l\u0131nda ilk d\u00f6nem sona erdi. \u00dclke genelinde milyonlarca \u00f6\u011frenci karne al\u0131rken, \u0130neg\u00f6l\u2019de 53 \u00f6zel ve 140 resmi olmak \u00fczere toplam 193 okulda anaokulu, ilkokul, ortaokul ve lise d\u00fczeyinde 62 bin \u00f6\u011frenci karne heyecan\u0131 ya\u015fad\u0131. PROTOKOL \u00dcYELER\u0130 \u00d6\u011eRENC\u0130LER\u0130N KARNE HEYECANINA ORTAK OLDU \u0130neg\u00f6l Milli E\u011fitim M\u00fcd\u00fcrl\u00fc\u011f\u00fc de \u0130neg\u00f6l \u0130lkokulunda d\u00fczenledi\u011fi karne t\u00f6reninde \u00f6\u011frencilerle protokol \u00fcyelerini bir araya getirdi. Kaymakam Eren Arslan, Belediye Ba\u015fkan\u0131 Alper Taban ve Milli E\u011fitim M\u00fcd\u00fcr\u00fc Halil \u0130brahim Zengin \u00f6\u011frencilerin karne heyecan\u0131na ortak oldu. \u0130NEG\u00d6L BELED\u0130YES\u0130\u2019NDNE TATLI S\u00dcRPR\u0130Z Protokol \u00fcyeleri \u0130neg\u00f6l \u0130lkokulunda s\u0131n\u0131flar\u0131 gezip \u00f6\u011frencilere tek tek karneleri takdim ederken, sonras\u0131nda ise \u0130neg\u00f6l Belediyesi taraf\u0131ndan \u00f6\u011frencilere karne g\u00fcn\u00fc s\u00fcrprizi olarak tatl\u0131 ikram\u0131nda bulunuldu. Gastro \u0130neg\u00f6l Restoran\u0131nda haz\u0131rlanan tatl\u0131larla \u00f6\u011frenciler yar\u0131y\u0131l tatiline tatl\u0131 bir ba\u015flang\u0131\u00e7 yapt\u0131. 03 \u015eUBAT\u2019TA DERS YEN\u0130DEN BA\u015eLIYOR \u00d6te yandan yar\u0131y\u0131l tatili 31 Ocak Cuma g\u00fcn\u00fc tamamlanacak ve \u00f6\u011frenciler ikinci d\u00f6nem i\u00e7in 03 \u015eubat Pazartesi g\u00fcn\u00fc yeniden ders ba\u015f\u0131 yapacak. \u200bBursa \u0130neg\u00f6l \u0130lkokulunda d\u00fczenlenen karne t\u00f6renine Kaymakam Eren Arslan ile Belediye Ba\u015fkan\u0131 Alper Taban da kat\u0131ld\u0131. Anaokulu ve ilkokul \u00f6\u011frencileri karnelerini protokol \u00fcyelerinden ald\u0131.BURSA\u00a0 (\u0130GFA) &hellip;","og_url":"https:\/\/denizcankizil.tr\/ru\/haberler\/gundem\/bursa-inegolde-ogrenciler-karnelerini-protokolden-aldi\/","og_site_name":"Av. Deniz Can K\u0131z\u0131l","article_published_time":"2025-01-17T14:42:18+00:00","author":"admin","twitter_card":"summary_large_image","twitter_misc":{"\u041d\u0430\u043f\u0438\u0441\u0430\u043d\u043e \u0430\u0432\u0442\u043e\u0440\u043e\u043c":"admin","\u041f\u0440\u0438\u043c\u0435\u0440\u043d\u043e\u0435 \u0432\u0440\u0435\u043c\u044f \u0434\u043b\u044f \u0447\u0442\u0435\u043d\u0438\u044f":"2 \u043c\u0438\u043d\u0443\u0442\u044b"},"schema":{"@context":"https:\/\/schema.org","@graph":[{"@type":"Article","@id":"https:\/\/denizcankizil.tr\/ru\/haberler\/gundem\/bursa-inegolde-ogrenciler-karnelerini-protokolden-aldi\/#article","isPartOf":{"@id":"https:\/\/denizcankizil.tr\/ru\/haberler\/gundem\/bursa-inegolde-ogrenciler-karnelerini-protokolden-aldi\/"},"author":{"name":"admin","@id":"https:\/\/denizcankizil.tr\/#\/schema\/person\/be3c05fe6a12686905512445d8185489"},"headline":"Bursa \u0130neg\u00f6l&#8217;de \u00f6\u011frenciler karnelerini protokolden ald\u0131","datePublished":"2025-01-17T14:42:18+00:00","mainEntityOfPage":{"@id":"https:\/\/denizcankizil.tr\/ru\/haberler\/gundem\/bursa-inegolde-ogrenciler-karnelerini-protokolden-aldi\/"},"wordCount":480,"commentCount":0,"publisher":{"@id":"https:\/\/denizcankizil.tr\/#organization"},"articleSection":["G\u00fcndem"],"inLanguage":"ru-RU","potentialAction":[{"@type":"CommentAction","name":"Comment","target":["https:\/\/denizcankizil.tr\/ru\/haberler\/gundem\/bursa-inegolde-ogrenciler-karnelerini-protokolden-aldi\/#respond"]}]},{"@type":"WebPage","@id":"https:\/\/denizcankizil.tr\/ru\/haberler\/gundem\/bursa-inegolde-ogrenciler-karnelerini-protokolden-aldi\/","url":"https:\/\/denizcankizil.tr\/ru\/haberler\/gundem\/bursa-inegolde-ogrenciler-karnelerini-protokolden-aldi\/","name":"Bursa \u0130neg\u00f6l'de \u00f6\u011frenciler karnelerini protokolden ald\u0131 - Av. Deniz Can K\u0131z\u0131l","isPartOf":{"@id":"https:\/\/denizcankizil.tr\/#website"},"datePublished":"2025-01-17T14:42:18+00:00","breadcrumb":{"@id":"https:\/\/denizcankizil.tr\/ru\/haberler\/gundem\/bursa-inegolde-ogrenciler-karnelerini-protokolden-aldi\/#breadcrumb"},"inLanguage":"ru-RU","potentialAction":[{"@type":"ReadAction","target":["https:\/\/denizcankizil.tr\/ru\/haberler\/gundem\/bursa-inegolde-ogrenciler-karnelerini-protokolden-aldi\/"]}]},{"@type":"BreadcrumbList","@id":"https:\/\/denizcankizil.tr\/ru\/haberler\/gundem\/bursa-inegolde-ogrenciler-karnelerini-protokolden-aldi\/#breadcrumb","itemListElement":[{"@type":"ListItem","position":1,"name":"Home","item":"https:\/\/denizcankizil.tr\/de\/"},{"@type":"ListItem","position":2,"name":"Bursa \u0130neg\u00f6l&#8217;de \u00f6\u011frenciler karnelerini protokolden ald\u0131"}]},{"@type":"WebSite","@id":"https:\/\/denizcankizil.tr\/#website","url":"https:\/\/denizcankizil.tr\/","name":"Av. Deniz Can K\u0131z\u0131l","description":"Avukat Deniz Can K\u0131z\u0131l Antalya Barosu","publisher":{"@id":"https:\/\/denizcankizil.tr\/#organization"},"potentialAction":[{"@type":"SearchAction","target":{"@type":"EntryPoint","urlTemplate":"https:\/\/denizcankizil.tr\/?s={search_term_string}"},"query-input":{"@type":"PropertyValueSpecification","valueRequired":true,"valueName":"search_term_string"}}],"inLanguage":"ru-RU"},{"@type":"Organization","@id":"https:\/\/denizcankizil.tr\/#organization","name":"Av. Deniz Can K\u0131z\u0131l","url":"https:\/\/denizcankizil.tr\/","logo":{"@type":"ImageObject","inLanguage":"ru-RU","@id":"https:\/\/denizcankizil.tr\/#\/schema\/logo\/image\/","url":"https:\/\/denizcankizil.tr\/wp-content\/uploads\/2024\/10\/siyah-logo-svg.svg","contentUrl":"https:\/\/denizcankizil.tr\/wp-content\/uploads\/2024\/10\/siyah-logo-svg.svg","width":1080,"height":1080,"caption":"Av. Deniz Can K\u0131z\u0131l"},"image":{"@id":"https:\/\/denizcankizil.tr\/#\/schema\/logo\/image\/"}},{"@type":"Person","@id":"https:\/\/denizcankizil.tr\/#\/schema\/person\/be3c05fe6a12686905512445d8185489","name":"\u0430\u0434\u043c\u0438\u043d","image":{"@type":"ImageObject","inLanguage":"ru-RU","@id":"https:\/\/denizcankizil.tr\/#\/schema\/person\/image\/","url":"https:\/\/secure.gravatar.com\/avatar\/c1fce94c830dc79107e174f890d7210541c4a63e8e5d816341794a2151c9d58c?s=96&d=mm&r=g","contentUrl":"https:\/\/secure.gravatar.com\/avatar\/c1fce94c830dc79107e174f890d7210541c4a63e8e5d816341794a2151c9d58c?s=96&d=mm&r=g","caption":"admin"},"sameAs":["http:\/\/denizcankizil.tr"],"url":"https:\/\/www.iskenderun.org\/bursa-inegolde-ogrenciler-karnelerini-protokolden-aldi"}]}},"_links":{"self":[{"href":"https:\/\/denizcankizil.tr\/ru\/wp-json\/wp\/v2\/posts\/25876","targetHints":{"allow":["GET"]}}],"collection":[{"href":"https:\/\/denizcankizil.tr\/ru\/wp-json\/wp\/v2\/posts"}],"about":[{"href":"https:\/\/denizcankizil.tr\/ru\/wp-json\/wp\/v2\/types\/post"}],"author":[{"embeddable":true,"href":"https:\/\/denizcankizil.tr\/ru\/wp-json\/wp\/v2\/users\/1"}],"replies":[{"embeddable":true,"href":"https:\/\/denizcankizil.tr\/ru\/wp-json\/wp\/v2\/comments?post=25876"}],"version-history":[{"count":0,"href":"https:\/\/denizcankizil.tr\/ru\/wp-json\/wp\/v2\/posts\/25876\/revisions"}],"wp:attachment":[{"href":"https:\/\/denizcankizil.tr\/ru\/wp-json\/wp\/v2\/media?parent=25876"}],"wp:term":[{"taxonomy":"category","embeddable":true,"href":"https:\/\/denizcankizil.tr\/ru\/wp-json\/wp\/v2\/categories?post=25876"},{"taxonomy":"post_tag","embeddable":true,"href":"https:\/\/denizcankizil.tr\/ru\/wp-json\/wp\/v2\/tags?post=25876"}],"curies":[{"name":"wp","href":"https:\/\/api.w.org\/{rel}","templated":true}]}}