{"id":25806,"date":"2025-01-17T12:41:50","date_gmt":"2025-01-17T09:41:50","guid":{"rendered":"https:\/\/denizcankizil.tr\/uncategorized-tr\/kaza-yapan-ehliyetsiz-surucuye-ceza-yagdi\/"},"modified":"2025-01-17T12:41:50","modified_gmt":"2025-01-17T09:41:50","slug":"kaza-yapan-ehliyetsiz-surucuye-ceza-yagdi","status":"publish","type":"post","link":"https:\/\/denizcankizil.tr\/ru\/haberler\/antalya\/kaza-yapan-ehliyetsiz-surucuye-ceza-yagdi\/","title":{"rendered":"Kaza yapan ehliyetsiz s\u00fcr\u00fcc\u00fcye ceza ya\u011fd\u0131"},"content":{"rendered":"<p>Kaza, Manavgat-Antalya D-400 kara yolu \u00fczerinde ger\u00e7ekle\u015fti. Manavgat istikametinden Antalya y\u00f6n\u00fcne ilerleyen \u00d6.C.T. (16) y\u00f6netimindeki 07 BZN 590 plakal\u0131 motosiklet, G\u00fcndo\u011fdu Mahallesi Sar\u0131su mevkisinde H\u00fcseyin G\u00fcne\u015f&#8217;in kulland\u0131\u011f\u0131 07 JS 835 plakal\u0131 yolcu minib\u00fcs\u00fcne arkadan \u00e7arpt\u0131. \u00c7arpman\u0131n etkisiyle yaralanan motosiklet s\u00fcr\u00fcc\u00fcs\u00fc, olay yerine sevk edilen 112 Sa\u011fl\u0131k ekiplerinin m\u00fcdahalesinin ard\u0131ndan ambulansla Serik Devlet Hastanesi&#8217;ne kald\u0131r\u0131ld\u0131. Yaral\u0131n\u0131n hayati tehlikesinin bulunmad\u0131\u011f\u0131 bildirildi.<\/p>\n<p>S\u00fcr\u00fcc\u00fc ve ara\u00e7 sahibine a\u011f\u0131r para cezas\u0131<br \/>\nManavgat B\u00f6lge Trafik \u0130stasyon Amirli\u011fi ekipleri, kazayla ilgili yapt\u0131\u011f\u0131 incelemede motosiklet s\u00fcr\u00fcc\u00fcs\u00fcn\u00fcn ehliyetsiz oldu\u011funu tespit etti. Ayr\u0131ca s\u00fcr\u00fcc\u00fcn\u00fcn kask takmad\u0131\u011f\u0131 belirlendi. 16 ya\u015f\u0131ndaki s\u00fcr\u00fcc\u00fcye; s\u00fcr\u00fcc\u00fc belgesiz ara\u00e7 kullanmaktan 18 bin 677 TL, kask takmamaktan 993 TL ceza kesildi. Motosiklet sahibine ise ehliyetsiz bir ki\u015fiye arac\u0131 kulland\u0131rd\u0131\u011f\u0131 i\u00e7in 18 bin 677 TL ceza verildi. Toplamda 38 bin 347 TL ceza uyguland\u0131.<\/p>\n<p>Kaynak: www.kanalv.com.tr Haber Sitesinden Al\u0131nm\u0131\u015ft\u0131r.<\/p>","protected":false},"excerpt":{"rendered":"<p>Kaza, Manavgat-Antalya D-400 kara yolu \u00fczerinde ger\u00e7ekle\u015fti. Manavgat istikametinden Antalya y\u00f6n\u00fcne ilerleyen \u00d6.C.T. (16) y\u00f6netimindeki 07 BZN 590 plakal\u0131 motosiklet, G\u00fcndo\u011fdu Mahallesi Sar\u0131su mevkisinde H\u00fcseyin G\u00fcne\u015f&#8217;in kulland\u0131\u011f\u0131 07 JS 835 plakal\u0131 yolcu minib\u00fcs\u00fcne arkadan \u00e7arpt\u0131. \u00c7arpman\u0131n etkisiyle yaralanan motosiklet s\u00fcr\u00fcc\u00fcs\u00fc, olay yerine sevk edilen 112 Sa\u011fl\u0131k ekiplerinin m\u00fcdahalesinin ard\u0131ndan ambulansla Serik Devlet Hastanesi&#8217;ne kald\u0131r\u0131ld\u0131. Yaral\u0131n\u0131n hayati tehlikesinin bulunmad\u0131\u011f\u0131 bildirildi. S\u00fcr\u00fcc\u00fc ve ara\u00e7 sahibine a\u011f\u0131r para cezas\u0131 Manavgat B\u00f6lge Trafik \u0130stasyon Amirli\u011fi ekipleri, kazayla ilgili yapt\u0131\u011f\u0131 incelemede motosiklet s\u00fcr\u00fcc\u00fcs\u00fcn\u00fcn ehliyetsiz oldu\u011funu tespit etti. Ayr\u0131ca s\u00fcr\u00fcc\u00fcn\u00fcn kask takmad\u0131\u011f\u0131 belirlendi. 16 ya\u015f\u0131ndaki s\u00fcr\u00fcc\u00fcye; s\u00fcr\u00fcc\u00fc belgesiz ara\u00e7 kullanmaktan 18 bin 677 TL, kask takmamaktan 993 TL ceza kesildi. Motosiklet sahibine ise ehliyetsiz bir ki\u015fiye arac\u0131 kulland\u0131rd\u0131\u011f\u0131 i\u00e7in 18 bin 677 TL ceza verildi. Toplamda 38 bin 347 TL ceza uyguland\u0131. Kaynak: www.kanalv.com.tr Haber Sitesinden Al\u0131nm\u0131\u015ft\u0131r.<\/p>","protected":false},"author":4,"featured_media":25807,"comment_status":"open","ping_status":"open","sticky":false,"template":"","format":"standard","meta":{"_acf_changed":false,"footnotes":""},"categories":[26],"tags":[],"class_list":["post-25806","post","type-post","status-publish","format-standard","has-post-thumbnail","hentry","category-antalya"],"acf":[],"yoast_head":"<!-- This site is optimized with the Yoast SEO Premium plugin v26.6 (Yoast SEO v27.1.1) - https:\/\/yoast.com\/product\/yoast-seo-premium-wordpress\/ -->\n<title>Kaza yapan ehliyetsiz s\u00fcr\u00fcc\u00fcye ceza ya\u011fd\u0131 - Av. Deniz Can K\u0131z\u0131l<\/title>\n<meta name=\"robots\" content=\"index, follow, max-snippet:-1, max-image-preview:large, max-video-preview:-1\" \/>\n<link rel=\"canonical\" href=\"https:\/\/denizcankizil.tr\/ru\/haberler\/antalya\/kaza-yapan-ehliyetsiz-surucuye-ceza-yagdi\/\" \/>\n<meta property=\"og:locale\" content=\"ru_RU\" \/>\n<meta property=\"og:type\" content=\"article\" \/>\n<meta property=\"og:title\" content=\"Kaza yapan ehliyetsiz s\u00fcr\u00fcc\u00fcye ceza ya\u011fd\u0131\" \/>\n<meta property=\"og:description\" content=\"Kaza, Manavgat-Antalya D-400 kara yolu \u00fczerinde ger\u00e7ekle\u015fti. Manavgat istikametinden Antalya y\u00f6n\u00fcne ilerleyen \u00d6.C.T. (16) y\u00f6netimindeki 07 BZN 590 plakal\u0131 motosiklet, G\u00fcndo\u011fdu Mahallesi Sar\u0131su mevkisinde H\u00fcseyin G\u00fcne\u015f&#8217;in kulland\u0131\u011f\u0131 07 JS 835 plakal\u0131 yolcu minib\u00fcs\u00fcne arkadan \u00e7arpt\u0131. \u00c7arpman\u0131n etkisiyle yaralanan motosiklet s\u00fcr\u00fcc\u00fcs\u00fc, olay yerine sevk edilen 112 Sa\u011fl\u0131k ekiplerinin m\u00fcdahalesinin ard\u0131ndan ambulansla Serik Devlet Hastanesi&#8217;ne kald\u0131r\u0131ld\u0131. Yaral\u0131n\u0131n hayati tehlikesinin bulunmad\u0131\u011f\u0131 bildirildi. S\u00fcr\u00fcc\u00fc ve ara\u00e7 sahibine a\u011f\u0131r para cezas\u0131 Manavgat B\u00f6lge Trafik \u0130stasyon Amirli\u011fi ekipleri, kazayla ilgili yapt\u0131\u011f\u0131 incelemede motosiklet s\u00fcr\u00fcc\u00fcs\u00fcn\u00fcn ehliyetsiz oldu\u011funu tespit etti. Ayr\u0131ca s\u00fcr\u00fcc\u00fcn\u00fcn kask takmad\u0131\u011f\u0131 belirlendi. 16 ya\u015f\u0131ndaki s\u00fcr\u00fcc\u00fcye; s\u00fcr\u00fcc\u00fc belgesiz ara\u00e7 kullanmaktan 18 bin 677 TL, kask takmamaktan 993 TL ceza kesildi. Motosiklet sahibine ise ehliyetsiz bir ki\u015fiye arac\u0131 kulland\u0131rd\u0131\u011f\u0131 i\u00e7in 18 bin 677 TL ceza verildi. Toplamda 38 bin 347 TL ceza uyguland\u0131. Kaynak: www.kanalv.com.tr Haber Sitesinden Al\u0131nm\u0131\u015ft\u0131r.\" \/>\n<meta property=\"og:url\" content=\"https:\/\/denizcankizil.tr\/ru\/haberler\/antalya\/kaza-yapan-ehliyetsiz-surucuye-ceza-yagdi\/\" \/>\n<meta property=\"og:site_name\" content=\"Av. Deniz Can K\u0131z\u0131l\" \/>\n<meta property=\"article:published_time\" content=\"2025-01-17T09:41:50+00:00\" \/>\n<meta property=\"og:image\" content=\"https:\/\/denizcankizil.tr\/wp-content\/uploads\/2025\/01\/4201-01-BsSfDc.jpeg\" \/>\n\t<meta property=\"og:image:width\" content=\"1280\" \/>\n\t<meta property=\"og:image:height\" content=\"720\" \/>\n\t<meta property=\"og:image:type\" content=\"image\/jpeg\" \/>\n<meta name=\"author\" content=\"Av. Deniz Can K\u0131z\u0131l\" \/>\n<meta name=\"twitter:card\" content=\"summary_large_image\" \/>\n<meta name=\"twitter:label1\" content=\"\u041d\u0430\u043f\u0438\u0441\u0430\u043d\u043e \u0430\u0432\u0442\u043e\u0440\u043e\u043c\" \/>\n\t<meta name=\"twitter:data1\" content=\"Av. Deniz Can K\u0131z\u0131l\" \/>\n\t<meta name=\"twitter:label2\" content=\"\u041f\u0440\u0438\u043c\u0435\u0440\u043d\u043e\u0435 \u0432\u0440\u0435\u043c\u044f \u0434\u043b\u044f \u0447\u0442\u0435\u043d\u0438\u044f\" \/>\n\t<meta name=\"twitter:data2\" content=\"1 \u043c\u0438\u043d\u0443\u0442\u0430\" \/>\n<script type=\"application\/ld+json\" class=\"yoast-schema-graph\">{\"@context\":\"https:\/\/schema.org\",\"@graph\":[{\"@type\":\"Article\",\"@id\":\"https:\/\/denizcankizil.tr\/ru\/haberler\/antalya\/kaza-yapan-ehliyetsiz-surucuye-ceza-yagdi\/#article\",\"isPartOf\":{\"@id\":\"https:\/\/denizcankizil.tr\/ru\/haberler\/antalya\/kaza-yapan-ehliyetsiz-surucuye-ceza-yagdi\/\"},\"author\":{\"name\":\"Av. Deniz Can K\u0131z\u0131l\",\"@id\":\"https:\/\/denizcankizil.tr\/de\/#\/schema\/person\/5dc1b22991bd7ac833867c10afc9b0ff\"},\"headline\":\"Kaza yapan ehliyetsiz s\u00fcr\u00fcc\u00fcye ceza ya\u011fd\u0131\",\"datePublished\":\"2025-01-17T09:41:50+00:00\",\"mainEntityOfPage\":{\"@id\":\"https:\/\/denizcankizil.tr\/ru\/haberler\/antalya\/kaza-yapan-ehliyetsiz-surucuye-ceza-yagdi\/\"},\"wordCount\":185,\"commentCount\":0,\"publisher\":{\"@id\":\"https:\/\/denizcankizil.tr\/de\/#organization\"},\"image\":{\"@id\":\"https:\/\/denizcankizil.tr\/ru\/haberler\/antalya\/kaza-yapan-ehliyetsiz-surucuye-ceza-yagdi\/#primaryimage\"},\"thumbnailUrl\":\"https:\/\/denizcankizil.tr\/wp-content\/uploads\/2025\/01\/4201-01-BsSfDc.jpeg\",\"articleSection\":[\"Antalya\"],\"inLanguage\":\"ru-RU\",\"potentialAction\":[{\"@type\":\"CommentAction\",\"name\":\"Comment\",\"target\":[\"https:\/\/denizcankizil.tr\/ru\/haberler\/antalya\/kaza-yapan-ehliyetsiz-surucuye-ceza-yagdi\/#respond\"]}]},{\"@type\":\"WebPage\",\"@id\":\"https:\/\/denizcankizil.tr\/ru\/haberler\/antalya\/kaza-yapan-ehliyetsiz-surucuye-ceza-yagdi\/\",\"url\":\"https:\/\/denizcankizil.tr\/ru\/haberler\/antalya\/kaza-yapan-ehliyetsiz-surucuye-ceza-yagdi\/\",\"name\":\"Kaza yapan ehliyetsiz s\u00fcr\u00fcc\u00fcye ceza ya\u011fd\u0131 - Av. Deniz Can K\u0131z\u0131l\",\"isPartOf\":{\"@id\":\"https:\/\/denizcankizil.tr\/de\/#website\"},\"primaryImageOfPage\":{\"@id\":\"https:\/\/denizcankizil.tr\/ru\/haberler\/antalya\/kaza-yapan-ehliyetsiz-surucuye-ceza-yagdi\/#primaryimage\"},\"image\":{\"@id\":\"https:\/\/denizcankizil.tr\/ru\/haberler\/antalya\/kaza-yapan-ehliyetsiz-surucuye-ceza-yagdi\/#primaryimage\"},\"thumbnailUrl\":\"https:\/\/denizcankizil.tr\/wp-content\/uploads\/2025\/01\/4201-01-BsSfDc.jpeg\",\"datePublished\":\"2025-01-17T09:41:50+00:00\",\"breadcrumb\":{\"@id\":\"https:\/\/denizcankizil.tr\/ru\/haberler\/antalya\/kaza-yapan-ehliyetsiz-surucuye-ceza-yagdi\/#breadcrumb\"},\"inLanguage\":\"ru-RU\",\"potentialAction\":[{\"@type\":\"ReadAction\",\"target\":[\"https:\/\/denizcankizil.tr\/ru\/haberler\/antalya\/kaza-yapan-ehliyetsiz-surucuye-ceza-yagdi\/\"]}]},{\"@type\":\"ImageObject\",\"inLanguage\":\"ru-RU\",\"@id\":\"https:\/\/denizcankizil.tr\/ru\/haberler\/antalya\/kaza-yapan-ehliyetsiz-surucuye-ceza-yagdi\/#primaryimage\",\"url\":\"https:\/\/denizcankizil.tr\/wp-content\/uploads\/2025\/01\/4201-01-BsSfDc.jpeg\",\"contentUrl\":\"https:\/\/denizcankizil.tr\/wp-content\/uploads\/2025\/01\/4201-01-BsSfDc.jpeg\",\"width\":1280,\"height\":720},{\"@type\":\"BreadcrumbList\",\"@id\":\"https:\/\/denizcankizil.tr\/ru\/haberler\/antalya\/kaza-yapan-ehliyetsiz-surucuye-ceza-yagdi\/#breadcrumb\",\"itemListElement\":[{\"@type\":\"ListItem\",\"position\":1,\"name\":\"Home\",\"item\":\"https:\/\/denizcankizil.tr\/de\/\"},{\"@type\":\"ListItem\",\"position\":2,\"name\":\"Kaza yapan ehliyetsiz s\u00fcr\u00fcc\u00fcye ceza ya\u011fd\u0131\"}]},{\"@type\":\"WebSite\",\"@id\":\"https:\/\/denizcankizil.tr\/de\/#website\",\"url\":\"https:\/\/denizcankizil.tr\/de\/\",\"name\":\"Av. Deniz Can K\u0131z\u0131l\",\"description\":\"Avukat Deniz Can K\u0131z\u0131l Antalya Barosu\",\"publisher\":{\"@id\":\"https:\/\/denizcankizil.tr\/de\/#organization\"},\"potentialAction\":[{\"@type\":\"SearchAction\",\"target\":{\"@type\":\"EntryPoint\",\"urlTemplate\":\"https:\/\/denizcankizil.tr\/de\/?s={search_term_string}\"},\"query-input\":{\"@type\":\"PropertyValueSpecification\",\"valueRequired\":true,\"valueName\":\"search_term_string\"}}],\"inLanguage\":\"ru-RU\"},{\"@type\":\"Organization\",\"@id\":\"https:\/\/denizcankizil.tr\/de\/#organization\",\"name\":\"Av. Deniz Can K\u0131z\u0131l\",\"url\":\"https:\/\/denizcankizil.tr\/de\/\",\"logo\":{\"@type\":\"ImageObject\",\"inLanguage\":\"ru-RU\",\"@id\":\"https:\/\/denizcankizil.tr\/de\/#\/schema\/logo\/image\/\",\"url\":\"https:\/\/denizcankizil.tr\/wp-content\/uploads\/2024\/10\/siyah-logo-svg.svg\",\"contentUrl\":\"https:\/\/denizcankizil.tr\/wp-content\/uploads\/2024\/10\/siyah-logo-svg.svg\",\"width\":1080,\"height\":1080,\"caption\":\"Av. Deniz Can K\u0131z\u0131l\"},\"image\":{\"@id\":\"https:\/\/denizcankizil.tr\/de\/#\/schema\/logo\/image\/\"}},{\"@type\":\"Person\",\"@id\":\"https:\/\/denizcankizil.tr\/de\/#\/schema\/person\/5dc1b22991bd7ac833867c10afc9b0ff\",\"name\":\"Av. Deniz Can K\u0131z\u0131l\",\"image\":{\"@type\":\"ImageObject\",\"inLanguage\":\"ru-RU\",\"@id\":\"https:\/\/denizcankizil.tr\/de\/#\/schema\/person\/image\/\",\"url\":\"https:\/\/secure.gravatar.com\/avatar\/a0b128fb9855c79efc976d5640eedb31dc35ec297594d6016d2cf7c60e975bb6?s=96&d=mm&r=g\",\"contentUrl\":\"https:\/\/secure.gravatar.com\/avatar\/a0b128fb9855c79efc976d5640eedb31dc35ec297594d6016d2cf7c60e975bb6?s=96&d=mm&r=g\",\"caption\":\"Av. Deniz Can K\u0131z\u0131l\"},\"sameAs\":[\"http:\/\/www.denizcankizil.tr\"],\"url\":\"https:\/\/denizcankizil.tr\/ru\/author\/denizcankizil\/\"}]}<\/script>\n<!-- \/ Yoast SEO Premium plugin. -->","yoast_head_json":{"title":"Kaza yapan ehliyetsiz s\u00fcr\u00fcc\u00fcye ceza ya\u011fd\u0131 - Av. Deniz Can K\u0131z\u0131l","robots":{"index":"index","follow":"follow","max-snippet":"max-snippet:-1","max-image-preview":"max-image-preview:large","max-video-preview":"max-video-preview:-1"},"canonical":"https:\/\/denizcankizil.tr\/ru\/haberler\/antalya\/kaza-yapan-ehliyetsiz-surucuye-ceza-yagdi\/","og_locale":"ru_RU","og_type":"article","og_title":"Kaza yapan ehliyetsiz s\u00fcr\u00fcc\u00fcye ceza ya\u011fd\u0131","og_description":"Kaza, Manavgat-Antalya D-400 kara yolu \u00fczerinde ger\u00e7ekle\u015fti. Manavgat istikametinden Antalya y\u00f6n\u00fcne ilerleyen \u00d6.C.T. (16) y\u00f6netimindeki 07 BZN 590 plakal\u0131 motosiklet, G\u00fcndo\u011fdu Mahallesi Sar\u0131su mevkisinde H\u00fcseyin G\u00fcne\u015f&#8217;in kulland\u0131\u011f\u0131 07 JS 835 plakal\u0131 yolcu minib\u00fcs\u00fcne arkadan \u00e7arpt\u0131. \u00c7arpman\u0131n etkisiyle yaralanan motosiklet s\u00fcr\u00fcc\u00fcs\u00fc, olay yerine sevk edilen 112 Sa\u011fl\u0131k ekiplerinin m\u00fcdahalesinin ard\u0131ndan ambulansla Serik Devlet Hastanesi&#8217;ne kald\u0131r\u0131ld\u0131. Yaral\u0131n\u0131n hayati tehlikesinin bulunmad\u0131\u011f\u0131 bildirildi. S\u00fcr\u00fcc\u00fc ve ara\u00e7 sahibine a\u011f\u0131r para cezas\u0131 Manavgat B\u00f6lge Trafik \u0130stasyon Amirli\u011fi ekipleri, kazayla ilgili yapt\u0131\u011f\u0131 incelemede motosiklet s\u00fcr\u00fcc\u00fcs\u00fcn\u00fcn ehliyetsiz oldu\u011funu tespit etti. Ayr\u0131ca s\u00fcr\u00fcc\u00fcn\u00fcn kask takmad\u0131\u011f\u0131 belirlendi. 16 ya\u015f\u0131ndaki s\u00fcr\u00fcc\u00fcye; s\u00fcr\u00fcc\u00fc belgesiz ara\u00e7 kullanmaktan 18 bin 677 TL, kask takmamaktan 993 TL ceza kesildi. Motosiklet sahibine ise ehliyetsiz bir ki\u015fiye arac\u0131 kulland\u0131rd\u0131\u011f\u0131 i\u00e7in 18 bin 677 TL ceza verildi. Toplamda 38 bin 347 TL ceza uyguland\u0131. Kaynak: www.kanalv.com.tr Haber Sitesinden Al\u0131nm\u0131\u015ft\u0131r.","og_url":"https:\/\/denizcankizil.tr\/ru\/haberler\/antalya\/kaza-yapan-ehliyetsiz-surucuye-ceza-yagdi\/","og_site_name":"Av. Deniz Can K\u0131z\u0131l","article_published_time":"2025-01-17T09:41:50+00:00","og_image":[{"width":1280,"height":720,"url":"https:\/\/denizcankizil.tr\/wp-content\/uploads\/2025\/01\/4201-01-BsSfDc.jpeg","type":"image\/jpeg"}],"author":"Av. Deniz Can K\u0131z\u0131l","twitter_card":"summary_large_image","twitter_misc":{"\u041d\u0430\u043f\u0438\u0441\u0430\u043d\u043e \u0430\u0432\u0442\u043e\u0440\u043e\u043c":"Av. Deniz Can K\u0131z\u0131l","\u041f\u0440\u0438\u043c\u0435\u0440\u043d\u043e\u0435 \u0432\u0440\u0435\u043c\u044f \u0434\u043b\u044f \u0447\u0442\u0435\u043d\u0438\u044f":"1 \u043c\u0438\u043d\u0443\u0442\u0430"},"schema":{"@context":"https:\/\/schema.org","@graph":[{"@type":"Article","@id":"https:\/\/denizcankizil.tr\/ru\/haberler\/antalya\/kaza-yapan-ehliyetsiz-surucuye-ceza-yagdi\/#article","isPartOf":{"@id":"https:\/\/denizcankizil.tr\/ru\/haberler\/antalya\/kaza-yapan-ehliyetsiz-surucuye-ceza-yagdi\/"},"author":{"name":"Av. Deniz Can K\u0131z\u0131l","@id":"https:\/\/denizcankizil.tr\/de\/#\/schema\/person\/5dc1b22991bd7ac833867c10afc9b0ff"},"headline":"Kaza yapan ehliyetsiz s\u00fcr\u00fcc\u00fcye ceza ya\u011fd\u0131","datePublished":"2025-01-17T09:41:50+00:00","mainEntityOfPage":{"@id":"https:\/\/denizcankizil.tr\/ru\/haberler\/antalya\/kaza-yapan-ehliyetsiz-surucuye-ceza-yagdi\/"},"wordCount":185,"commentCount":0,"publisher":{"@id":"https:\/\/denizcankizil.tr\/de\/#organization"},"image":{"@id":"https:\/\/denizcankizil.tr\/ru\/haberler\/antalya\/kaza-yapan-ehliyetsiz-surucuye-ceza-yagdi\/#primaryimage"},"thumbnailUrl":"https:\/\/denizcankizil.tr\/wp-content\/uploads\/2025\/01\/4201-01-BsSfDc.jpeg","articleSection":["Antalya"],"inLanguage":"ru-RU","potentialAction":[{"@type":"CommentAction","name":"Comment","target":["https:\/\/denizcankizil.tr\/ru\/haberler\/antalya\/kaza-yapan-ehliyetsiz-surucuye-ceza-yagdi\/#respond"]}]},{"@type":"WebPage","@id":"https:\/\/denizcankizil.tr\/ru\/haberler\/antalya\/kaza-yapan-ehliyetsiz-surucuye-ceza-yagdi\/","url":"https:\/\/denizcankizil.tr\/ru\/haberler\/antalya\/kaza-yapan-ehliyetsiz-surucuye-ceza-yagdi\/","name":"Kaza yapan ehliyetsiz s\u00fcr\u00fcc\u00fcye ceza ya\u011fd\u0131 - Av. Deniz Can K\u0131z\u0131l","isPartOf":{"@id":"https:\/\/denizcankizil.tr\/de\/#website"},"primaryImageOfPage":{"@id":"https:\/\/denizcankizil.tr\/ru\/haberler\/antalya\/kaza-yapan-ehliyetsiz-surucuye-ceza-yagdi\/#primaryimage"},"image":{"@id":"https:\/\/denizcankizil.tr\/ru\/haberler\/antalya\/kaza-yapan-ehliyetsiz-surucuye-ceza-yagdi\/#primaryimage"},"thumbnailUrl":"https:\/\/denizcankizil.tr\/wp-content\/uploads\/2025\/01\/4201-01-BsSfDc.jpeg","datePublished":"2025-01-17T09:41:50+00:00","breadcrumb":{"@id":"https:\/\/denizcankizil.tr\/ru\/haberler\/antalya\/kaza-yapan-ehliyetsiz-surucuye-ceza-yagdi\/#breadcrumb"},"inLanguage":"ru-RU","potentialAction":[{"@type":"ReadAction","target":["https:\/\/denizcankizil.tr\/ru\/haberler\/antalya\/kaza-yapan-ehliyetsiz-surucuye-ceza-yagdi\/"]}]},{"@type":"ImageObject","inLanguage":"ru-RU","@id":"https:\/\/denizcankizil.tr\/ru\/haberler\/antalya\/kaza-yapan-ehliyetsiz-surucuye-ceza-yagdi\/#primaryimage","url":"https:\/\/denizcankizil.tr\/wp-content\/uploads\/2025\/01\/4201-01-BsSfDc.jpeg","contentUrl":"https:\/\/denizcankizil.tr\/wp-content\/uploads\/2025\/01\/4201-01-BsSfDc.jpeg","width":1280,"height":720},{"@type":"BreadcrumbList","@id":"https:\/\/denizcankizil.tr\/ru\/haberler\/antalya\/kaza-yapan-ehliyetsiz-surucuye-ceza-yagdi\/#breadcrumb","itemListElement":[{"@type":"ListItem","position":1,"name":"Home","item":"https:\/\/denizcankizil.tr\/de\/"},{"@type":"ListItem","position":2,"name":"Kaza yapan ehliyetsiz s\u00fcr\u00fcc\u00fcye ceza ya\u011fd\u0131"}]},{"@type":"WebSite","@id":"https:\/\/denizcankizil.tr\/de\/#website","url":"https:\/\/denizcankizil.tr\/de\/","name":"Av. Deniz Can K\u0131z\u0131l","description":"Avukat Deniz Can K\u0131z\u0131l Antalya Barosu","publisher":{"@id":"https:\/\/denizcankizil.tr\/de\/#organization"},"potentialAction":[{"@type":"SearchAction","target":{"@type":"EntryPoint","urlTemplate":"https:\/\/denizcankizil.tr\/de\/?s={search_term_string}"},"query-input":{"@type":"PropertyValueSpecification","valueRequired":true,"valueName":"search_term_string"}}],"inLanguage":"ru-RU"},{"@type":"Organization","@id":"https:\/\/denizcankizil.tr\/de\/#organization","name":"Av. Deniz Can K\u0131z\u0131l","url":"https:\/\/denizcankizil.tr\/de\/","logo":{"@type":"ImageObject","inLanguage":"ru-RU","@id":"https:\/\/denizcankizil.tr\/de\/#\/schema\/logo\/image\/","url":"https:\/\/denizcankizil.tr\/wp-content\/uploads\/2024\/10\/siyah-logo-svg.svg","contentUrl":"https:\/\/denizcankizil.tr\/wp-content\/uploads\/2024\/10\/siyah-logo-svg.svg","width":1080,"height":1080,"caption":"Av. Deniz Can K\u0131z\u0131l"},"image":{"@id":"https:\/\/denizcankizil.tr\/de\/#\/schema\/logo\/image\/"}},{"@type":"Person","@id":"https:\/\/denizcankizil.tr\/de\/#\/schema\/person\/5dc1b22991bd7ac833867c10afc9b0ff","name":"Av. Deniz Can K\u0131z\u0131l","image":{"@type":"ImageObject","inLanguage":"ru-RU","@id":"https:\/\/denizcankizil.tr\/de\/#\/schema\/person\/image\/","url":"https:\/\/secure.gravatar.com\/avatar\/a0b128fb9855c79efc976d5640eedb31dc35ec297594d6016d2cf7c60e975bb6?s=96&d=mm&r=g","contentUrl":"https:\/\/secure.gravatar.com\/avatar\/a0b128fb9855c79efc976d5640eedb31dc35ec297594d6016d2cf7c60e975bb6?s=96&d=mm&r=g","caption":"Av. Deniz Can K\u0131z\u0131l"},"sameAs":["http:\/\/www.denizcankizil.tr"],"url":"https:\/\/denizcankizil.tr\/ru\/author\/denizcankizil\/"}]}},"_links":{"self":[{"href":"https:\/\/denizcankizil.tr\/ru\/wp-json\/wp\/v2\/posts\/25806","targetHints":{"allow":["GET"]}}],"collection":[{"href":"https:\/\/denizcankizil.tr\/ru\/wp-json\/wp\/v2\/posts"}],"about":[{"href":"https:\/\/denizcankizil.tr\/ru\/wp-json\/wp\/v2\/types\/post"}],"author":[{"embeddable":true,"href":"https:\/\/denizcankizil.tr\/ru\/wp-json\/wp\/v2\/users\/4"}],"replies":[{"embeddable":true,"href":"https:\/\/denizcankizil.tr\/ru\/wp-json\/wp\/v2\/comments?post=25806"}],"version-history":[{"count":0,"href":"https:\/\/denizcankizil.tr\/ru\/wp-json\/wp\/v2\/posts\/25806\/revisions"}],"wp:featuredmedia":[{"embeddable":true,"href":"https:\/\/denizcankizil.tr\/ru\/wp-json\/wp\/v2\/media\/25807"}],"wp:attachment":[{"href":"https:\/\/denizcankizil.tr\/ru\/wp-json\/wp\/v2\/media?parent=25806"}],"wp:term":[{"taxonomy":"category","embeddable":true,"href":"https:\/\/denizcankizil.tr\/ru\/wp-json\/wp\/v2\/categories?post=25806"},{"taxonomy":"post_tag","embeddable":true,"href":"https:\/\/denizcankizil.tr\/ru\/wp-json\/wp\/v2\/tags?post=25806"}],"curies":[{"name":"wp","href":"https:\/\/api.w.org\/{rel}","templated":true}]}}