{"id":25767,"date":"2025-01-17T09:41:27","date_gmt":"2025-01-17T06:41:27","guid":{"rendered":"https:\/\/denizcankizil.tr\/uncategorized-tr\/alacak-verecek-meselesi-kanli-bitti-1-olu\/"},"modified":"2025-01-17T09:41:27","modified_gmt":"2025-01-17T06:41:27","slug":"alacak-verecek-meselesi-kanli-bitti-1-olu","status":"publish","type":"post","link":"https:\/\/denizcankizil.tr\/ru\/haberler\/antalya\/alacak-verecek-meselesi-kanli-bitti-1-olu\/","title":{"rendered":"Alacak verecek meselesi kanl\u0131 bitti :1 \u00f6l\u00fc"},"content":{"rendered":"<p>Olay ak\u015fam saat 21:00 s\u0131ralar\u0131nda Alanya&#8217;n\u0131n G\u00fcllerp\u0131nar\u0131 Mahallesi K\u0131ymal\u0131 Sokak&#8217;ta bulunan bir i\u015fyerinin \u00f6n\u00fcnde meydana geldi. Edinilen bilgilere g\u00f6re ismi \u00f6\u011frenilemeyen 2 \u015f\u00fcpheli motosikletle Medeni \u00d6nem&#8217;in i\u015fletti\u011fi k\u0131raathaneye geldi. Alkoll\u00fc oldu\u011fu iddia edilen \u015f\u00fcpheliler, i\u015fyerinde Medeni \u00d6nem ile tart\u0131\u015ft\u0131ktan sonra d\u0131\u015far\u0131 \u00e7\u0131kt\u0131. D\u0131\u015far\u0131da s\u00fcren tart\u0131\u015fma sonras\u0131nda \u015f\u00fcphelilerden birisi yan\u0131nda getirdi\u011fi b\u0131\u00e7akla Medeni \u00d6nem&#8217;i b\u0131\u00e7aklayarak a\u011f\u0131r yaralad\u0131.<\/p>\n<p>B\u0131\u00e7aklayan \u015fah\u0131s olay yerinden ayr\u0131lmazken, di\u011fer \u015f\u00fcpheli b\u0131\u00e7a\u011f\u0131 al\u0131p ka\u00e7arak uzakla\u015ft\u0131 ve ka\u00e7arken b\u0131\u00e7a\u011f\u0131 gizlemek i\u00e7in otomobilin alt\u0131na att\u0131. \u00c7evredeki vatanda\u015flar olay\u0131 112 Acil \u00c7a\u011fr\u0131 merkezine bildirdi. Olay yerine polis, ambulans ve olay yeri inceleme ekibi sevk edildi. Olay yerine gelen ambulans ekipleri durumu a\u011f\u0131r olan Medeni \u00d6nem&#8217;i Alanya Devlet Hastanesi&#8217;ne kald\u0131rd\u0131. Medeni \u00d6nem, yap\u0131lan t\u00fcm m\u00fcdahalelere ra\u011fmen kurtar\u0131lamad\u0131.<br \/>\nMedeni \u00d6nem&#8217;i a\u011f\u0131r yaralayan \u015f\u00fcpheli olay yerine gelen polis ekipleri taraf\u0131ndan g\u00f6zalt\u0131na al\u0131n\u0131rken, ka\u00e7an \u015f\u00fcpheli de motorize polis ekipleri taraf\u0131ndan k\u0131sk\u0131vrak yakaland\u0131.<br \/>\nOlayla ilgili geni\u015f kapsaml\u0131 inceleme ba\u015flat\u0131ld\u0131.<\/p>\n<p>Kaynak: www.kanalv.com.tr Haber Sitesinden Al\u0131nm\u0131\u015ft\u0131r.<\/p>","protected":false},"excerpt":{"rendered":"<p>Olay ak\u015fam saat 21:00 s\u0131ralar\u0131nda Alanya&#8217;n\u0131n G\u00fcllerp\u0131nar\u0131 Mahallesi K\u0131ymal\u0131 Sokak&#8217;ta bulunan bir i\u015fyerinin \u00f6n\u00fcnde meydana geldi. Edinilen bilgilere g\u00f6re ismi \u00f6\u011frenilemeyen 2 \u015f\u00fcpheli motosikletle Medeni \u00d6nem&#8217;in i\u015fletti\u011fi k\u0131raathaneye geldi. Alkoll\u00fc oldu\u011fu iddia edilen \u015f\u00fcpheliler, i\u015fyerinde Medeni \u00d6nem ile tart\u0131\u015ft\u0131ktan sonra d\u0131\u015far\u0131 \u00e7\u0131kt\u0131. D\u0131\u015far\u0131da s\u00fcren tart\u0131\u015fma sonras\u0131nda \u015f\u00fcphelilerden birisi yan\u0131nda getirdi\u011fi b\u0131\u00e7akla Medeni \u00d6nem&#8217;i b\u0131\u00e7aklayarak a\u011f\u0131r yaralad\u0131. B\u0131\u00e7aklayan \u015fah\u0131s olay yerinden ayr\u0131lmazken, di\u011fer \u015f\u00fcpheli b\u0131\u00e7a\u011f\u0131 al\u0131p ka\u00e7arak uzakla\u015ft\u0131 ve ka\u00e7arken b\u0131\u00e7a\u011f\u0131 gizlemek i\u00e7in otomobilin alt\u0131na att\u0131. \u00c7evredeki vatanda\u015flar olay\u0131 112 Acil \u00c7a\u011fr\u0131 merkezine bildirdi. Olay yerine polis, ambulans ve olay yeri inceleme ekibi sevk edildi. Olay yerine gelen ambulans ekipleri durumu a\u011f\u0131r olan Medeni \u00d6nem&#8217;i Alanya Devlet Hastanesi&#8217;ne kald\u0131rd\u0131. Medeni \u00d6nem, yap\u0131lan t\u00fcm m\u00fcdahalelere ra\u011fmen kurtar\u0131lamad\u0131. Medeni \u00d6nem&#8217;i a\u011f\u0131r yaralayan \u015f\u00fcpheli olay yerine gelen polis ekipleri taraf\u0131ndan g\u00f6zalt\u0131na al\u0131n\u0131rken, ka\u00e7an \u015f\u00fcpheli de motorize polis ekipleri taraf\u0131ndan k\u0131sk\u0131vrak yakaland\u0131. Olayla ilgili geni\u015f kapsaml\u0131 inceleme ba\u015flat\u0131ld\u0131. Kaynak: www.kanalv.com.tr Haber Sitesinden Al\u0131nm\u0131\u015ft\u0131r.<\/p>","protected":false},"author":4,"featured_media":25768,"comment_status":"open","ping_status":"open","sticky":false,"template":"","format":"standard","meta":{"_acf_changed":false,"footnotes":""},"categories":[26],"tags":[],"class_list":["post-25767","post","type-post","status-publish","format-standard","has-post-thumbnail","hentry","category-antalya"],"acf":[],"yoast_head":"<!-- This site is optimized with the Yoast SEO Premium plugin v26.6 (Yoast SEO v27.1.1) - https:\/\/yoast.com\/product\/yoast-seo-premium-wordpress\/ -->\n<title>Alacak verecek meselesi kanl\u0131 bitti :1 \u00f6l\u00fc - Av. Deniz Can K\u0131z\u0131l<\/title>\n<meta name=\"robots\" content=\"index, follow, max-snippet:-1, max-image-preview:large, max-video-preview:-1\" \/>\n<link rel=\"canonical\" href=\"http:\/\/denizcankizil.tr\/ru\/haberler\/antalya\/alacak-verecek-meselesi-kanli-bitti-1-olu\/\" \/>\n<meta property=\"og:locale\" content=\"ru_RU\" \/>\n<meta property=\"og:type\" content=\"article\" \/>\n<meta property=\"og:title\" content=\"Alacak verecek meselesi kanl\u0131 bitti :1 \u00f6l\u00fc\" \/>\n<meta property=\"og:description\" content=\"Olay ak\u015fam saat 21:00 s\u0131ralar\u0131nda Alanya&#8217;n\u0131n G\u00fcllerp\u0131nar\u0131 Mahallesi K\u0131ymal\u0131 Sokak&#8217;ta bulunan bir i\u015fyerinin \u00f6n\u00fcnde meydana geldi. Edinilen bilgilere g\u00f6re ismi \u00f6\u011frenilemeyen 2 \u015f\u00fcpheli motosikletle Medeni \u00d6nem&#8217;in i\u015fletti\u011fi k\u0131raathaneye geldi. Alkoll\u00fc oldu\u011fu iddia edilen \u015f\u00fcpheliler, i\u015fyerinde Medeni \u00d6nem ile tart\u0131\u015ft\u0131ktan sonra d\u0131\u015far\u0131 \u00e7\u0131kt\u0131. D\u0131\u015far\u0131da s\u00fcren tart\u0131\u015fma sonras\u0131nda \u015f\u00fcphelilerden birisi yan\u0131nda getirdi\u011fi b\u0131\u00e7akla Medeni \u00d6nem&#8217;i b\u0131\u00e7aklayarak a\u011f\u0131r yaralad\u0131. B\u0131\u00e7aklayan \u015fah\u0131s olay yerinden ayr\u0131lmazken, di\u011fer \u015f\u00fcpheli b\u0131\u00e7a\u011f\u0131 al\u0131p ka\u00e7arak uzakla\u015ft\u0131 ve ka\u00e7arken b\u0131\u00e7a\u011f\u0131 gizlemek i\u00e7in otomobilin alt\u0131na att\u0131. \u00c7evredeki vatanda\u015flar olay\u0131 112 Acil \u00c7a\u011fr\u0131 merkezine bildirdi. Olay yerine polis, ambulans ve olay yeri inceleme ekibi sevk edildi. Olay yerine gelen ambulans ekipleri durumu a\u011f\u0131r olan Medeni \u00d6nem&#8217;i Alanya Devlet Hastanesi&#8217;ne kald\u0131rd\u0131. Medeni \u00d6nem, yap\u0131lan t\u00fcm m\u00fcdahalelere ra\u011fmen kurtar\u0131lamad\u0131. Medeni \u00d6nem&#8217;i a\u011f\u0131r yaralayan \u015f\u00fcpheli olay yerine gelen polis ekipleri taraf\u0131ndan g\u00f6zalt\u0131na al\u0131n\u0131rken, ka\u00e7an \u015f\u00fcpheli de motorize polis ekipleri taraf\u0131ndan k\u0131sk\u0131vrak yakaland\u0131. Olayla ilgili geni\u015f kapsaml\u0131 inceleme ba\u015flat\u0131ld\u0131. Kaynak: www.kanalv.com.tr Haber Sitesinden Al\u0131nm\u0131\u015ft\u0131r.\" \/>\n<meta property=\"og:url\" content=\"http:\/\/denizcankizil.tr\/ru\/haberler\/antalya\/alacak-verecek-meselesi-kanli-bitti-1-olu\/\" \/>\n<meta property=\"og:site_name\" content=\"Av. Deniz Can K\u0131z\u0131l\" \/>\n<meta property=\"article:published_time\" content=\"2025-01-17T06:41:27+00:00\" \/>\n<meta property=\"og:image\" content=\"http:\/\/denizcankizil.tr\/wp-content\/uploads\/2025\/01\/4195-01-TQfwfE.jpeg\" \/>\n\t<meta property=\"og:image:width\" content=\"1280\" \/>\n\t<meta property=\"og:image:height\" content=\"720\" \/>\n\t<meta property=\"og:image:type\" content=\"image\/jpeg\" \/>\n<meta name=\"author\" content=\"Av. Deniz Can K\u0131z\u0131l\" \/>\n<meta name=\"twitter:card\" content=\"summary_large_image\" \/>\n<meta name=\"twitter:label1\" content=\"\u041d\u0430\u043f\u0438\u0441\u0430\u043d\u043e \u0430\u0432\u0442\u043e\u0440\u043e\u043c\" \/>\n\t<meta name=\"twitter:data1\" content=\"Av. Deniz Can K\u0131z\u0131l\" \/>\n\t<meta name=\"twitter:label2\" content=\"\u041f\u0440\u0438\u043c\u0435\u0440\u043d\u043e\u0435 \u0432\u0440\u0435\u043c\u044f \u0434\u043b\u044f \u0447\u0442\u0435\u043d\u0438\u044f\" \/>\n\t<meta name=\"twitter:data2\" content=\"1 \u043c\u0438\u043d\u0443\u0442\u0430\" \/>\n<script type=\"application\/ld+json\" class=\"yoast-schema-graph\">{\"@context\":\"https:\/\/schema.org\",\"@graph\":[{\"@type\":\"Article\",\"@id\":\"http:\/\/denizcankizil.tr\/uk\/haberler\/antalya\/alacak-verecek-meselesi-kanli-bitti-1-olu\/#article\",\"isPartOf\":{\"@id\":\"http:\/\/denizcankizil.tr\/uk\/haberler\/antalya\/alacak-verecek-meselesi-kanli-bitti-1-olu\/\"},\"author\":{\"name\":\"Av. Deniz Can K\u0131z\u0131l\",\"@id\":\"https:\/\/denizcankizil.tr\/#\/schema\/person\/5dc1b22991bd7ac833867c10afc9b0ff\"},\"headline\":\"Alacak verecek meselesi kanl\u0131 bitti :1 \u00f6l\u00fc\",\"datePublished\":\"2025-01-17T06:41:27+00:00\",\"mainEntityOfPage\":{\"@id\":\"http:\/\/denizcankizil.tr\/uk\/haberler\/antalya\/alacak-verecek-meselesi-kanli-bitti-1-olu\/\"},\"wordCount\":225,\"commentCount\":0,\"publisher\":{\"@id\":\"https:\/\/denizcankizil.tr\/#organization\"},\"image\":{\"@id\":\"http:\/\/denizcankizil.tr\/uk\/haberler\/antalya\/alacak-verecek-meselesi-kanli-bitti-1-olu\/#primaryimage\"},\"thumbnailUrl\":\"https:\/\/denizcankizil.tr\/wp-content\/uploads\/2025\/01\/4195-01-TQfwfE.jpeg\",\"articleSection\":[\"Antalya\"],\"inLanguage\":\"ru-RU\",\"potentialAction\":[{\"@type\":\"CommentAction\",\"name\":\"Comment\",\"target\":[\"http:\/\/denizcankizil.tr\/uk\/haberler\/antalya\/alacak-verecek-meselesi-kanli-bitti-1-olu\/#respond\"]}]},{\"@type\":\"WebPage\",\"@id\":\"http:\/\/denizcankizil.tr\/uk\/haberler\/antalya\/alacak-verecek-meselesi-kanli-bitti-1-olu\/\",\"url\":\"http:\/\/denizcankizil.tr\/uk\/haberler\/antalya\/alacak-verecek-meselesi-kanli-bitti-1-olu\/\",\"name\":\"Alacak verecek meselesi kanl\u0131 bitti :1 \u00f6l\u00fc - Av. Deniz Can K\u0131z\u0131l\",\"isPartOf\":{\"@id\":\"https:\/\/denizcankizil.tr\/#website\"},\"primaryImageOfPage\":{\"@id\":\"http:\/\/denizcankizil.tr\/uk\/haberler\/antalya\/alacak-verecek-meselesi-kanli-bitti-1-olu\/#primaryimage\"},\"image\":{\"@id\":\"http:\/\/denizcankizil.tr\/uk\/haberler\/antalya\/alacak-verecek-meselesi-kanli-bitti-1-olu\/#primaryimage\"},\"thumbnailUrl\":\"https:\/\/denizcankizil.tr\/wp-content\/uploads\/2025\/01\/4195-01-TQfwfE.jpeg\",\"datePublished\":\"2025-01-17T06:41:27+00:00\",\"breadcrumb\":{\"@id\":\"http:\/\/denizcankizil.tr\/uk\/haberler\/antalya\/alacak-verecek-meselesi-kanli-bitti-1-olu\/#breadcrumb\"},\"inLanguage\":\"ru-RU\",\"potentialAction\":[{\"@type\":\"ReadAction\",\"target\":[\"http:\/\/denizcankizil.tr\/uk\/haberler\/antalya\/alacak-verecek-meselesi-kanli-bitti-1-olu\/\"]}]},{\"@type\":\"ImageObject\",\"inLanguage\":\"ru-RU\",\"@id\":\"http:\/\/denizcankizil.tr\/uk\/haberler\/antalya\/alacak-verecek-meselesi-kanli-bitti-1-olu\/#primaryimage\",\"url\":\"https:\/\/denizcankizil.tr\/wp-content\/uploads\/2025\/01\/4195-01-TQfwfE.jpeg\",\"contentUrl\":\"https:\/\/denizcankizil.tr\/wp-content\/uploads\/2025\/01\/4195-01-TQfwfE.jpeg\",\"width\":1280,\"height\":720},{\"@type\":\"BreadcrumbList\",\"@id\":\"http:\/\/denizcankizil.tr\/uk\/haberler\/antalya\/alacak-verecek-meselesi-kanli-bitti-1-olu\/#breadcrumb\",\"itemListElement\":[{\"@type\":\"ListItem\",\"position\":1,\"name\":\"Home\",\"item\":\"https:\/\/denizcankizil.tr\/de\/\"},{\"@type\":\"ListItem\",\"position\":2,\"name\":\"Alacak verecek meselesi kanl\u0131 bitti :1 \u00f6l\u00fc\"}]},{\"@type\":\"WebSite\",\"@id\":\"https:\/\/denizcankizil.tr\/#website\",\"url\":\"https:\/\/denizcankizil.tr\/\",\"name\":\"Av. Deniz Can K\u0131z\u0131l\",\"description\":\"Avukat Deniz Can K\u0131z\u0131l Antalya Barosu\",\"publisher\":{\"@id\":\"https:\/\/denizcankizil.tr\/#organization\"},\"potentialAction\":[{\"@type\":\"SearchAction\",\"target\":{\"@type\":\"EntryPoint\",\"urlTemplate\":\"https:\/\/denizcankizil.tr\/?s={search_term_string}\"},\"query-input\":{\"@type\":\"PropertyValueSpecification\",\"valueRequired\":true,\"valueName\":\"search_term_string\"}}],\"inLanguage\":\"ru-RU\"},{\"@type\":\"Organization\",\"@id\":\"https:\/\/denizcankizil.tr\/#organization\",\"name\":\"Av. Deniz Can K\u0131z\u0131l\",\"url\":\"https:\/\/denizcankizil.tr\/\",\"logo\":{\"@type\":\"ImageObject\",\"inLanguage\":\"ru-RU\",\"@id\":\"https:\/\/denizcankizil.tr\/#\/schema\/logo\/image\/\",\"url\":\"https:\/\/denizcankizil.tr\/wp-content\/uploads\/2024\/10\/siyah-logo-svg.svg\",\"contentUrl\":\"https:\/\/denizcankizil.tr\/wp-content\/uploads\/2024\/10\/siyah-logo-svg.svg\",\"width\":1080,\"height\":1080,\"caption\":\"Av. Deniz Can K\u0131z\u0131l\"},\"image\":{\"@id\":\"https:\/\/denizcankizil.tr\/#\/schema\/logo\/image\/\"}},{\"@type\":\"Person\",\"@id\":\"https:\/\/denizcankizil.tr\/#\/schema\/person\/5dc1b22991bd7ac833867c10afc9b0ff\",\"name\":\"Av. Deniz Can K\u0131z\u0131l\",\"image\":{\"@type\":\"ImageObject\",\"inLanguage\":\"ru-RU\",\"@id\":\"https:\/\/denizcankizil.tr\/#\/schema\/person\/image\/\",\"url\":\"https:\/\/secure.gravatar.com\/avatar\/a0b128fb9855c79efc976d5640eedb31dc35ec297594d6016d2cf7c60e975bb6?s=96&d=mm&r=g\",\"contentUrl\":\"https:\/\/secure.gravatar.com\/avatar\/a0b128fb9855c79efc976d5640eedb31dc35ec297594d6016d2cf7c60e975bb6?s=96&d=mm&r=g\",\"caption\":\"Av. Deniz Can K\u0131z\u0131l\"},\"sameAs\":[\"http:\/\/www.denizcankizil.tr\"],\"url\":\"https:\/\/denizcankizil.tr\/ru\/author\/denizcankizil\/\"}]}<\/script>\n<!-- \/ Yoast SEO Premium plugin. -->","yoast_head_json":{"title":"Alacak verecek meselesi kanl\u0131 bitti :1 \u00f6l\u00fc - Av. Deniz Can K\u0131z\u0131l","robots":{"index":"index","follow":"follow","max-snippet":"max-snippet:-1","max-image-preview":"max-image-preview:large","max-video-preview":"max-video-preview:-1"},"canonical":"http:\/\/denizcankizil.tr\/ru\/haberler\/antalya\/alacak-verecek-meselesi-kanli-bitti-1-olu\/","og_locale":"ru_RU","og_type":"article","og_title":"Alacak verecek meselesi kanl\u0131 bitti :1 \u00f6l\u00fc","og_description":"Olay ak\u015fam saat 21:00 s\u0131ralar\u0131nda Alanya&#8217;n\u0131n G\u00fcllerp\u0131nar\u0131 Mahallesi K\u0131ymal\u0131 Sokak&#8217;ta bulunan bir i\u015fyerinin \u00f6n\u00fcnde meydana geldi. Edinilen bilgilere g\u00f6re ismi \u00f6\u011frenilemeyen 2 \u015f\u00fcpheli motosikletle Medeni \u00d6nem&#8217;in i\u015fletti\u011fi k\u0131raathaneye geldi. Alkoll\u00fc oldu\u011fu iddia edilen \u015f\u00fcpheliler, i\u015fyerinde Medeni \u00d6nem ile tart\u0131\u015ft\u0131ktan sonra d\u0131\u015far\u0131 \u00e7\u0131kt\u0131. D\u0131\u015far\u0131da s\u00fcren tart\u0131\u015fma sonras\u0131nda \u015f\u00fcphelilerden birisi yan\u0131nda getirdi\u011fi b\u0131\u00e7akla Medeni \u00d6nem&#8217;i b\u0131\u00e7aklayarak a\u011f\u0131r yaralad\u0131. B\u0131\u00e7aklayan \u015fah\u0131s olay yerinden ayr\u0131lmazken, di\u011fer \u015f\u00fcpheli b\u0131\u00e7a\u011f\u0131 al\u0131p ka\u00e7arak uzakla\u015ft\u0131 ve ka\u00e7arken b\u0131\u00e7a\u011f\u0131 gizlemek i\u00e7in otomobilin alt\u0131na att\u0131. \u00c7evredeki vatanda\u015flar olay\u0131 112 Acil \u00c7a\u011fr\u0131 merkezine bildirdi. Olay yerine polis, ambulans ve olay yeri inceleme ekibi sevk edildi. Olay yerine gelen ambulans ekipleri durumu a\u011f\u0131r olan Medeni \u00d6nem&#8217;i Alanya Devlet Hastanesi&#8217;ne kald\u0131rd\u0131. Medeni \u00d6nem, yap\u0131lan t\u00fcm m\u00fcdahalelere ra\u011fmen kurtar\u0131lamad\u0131. Medeni \u00d6nem&#8217;i a\u011f\u0131r yaralayan \u015f\u00fcpheli olay yerine gelen polis ekipleri taraf\u0131ndan g\u00f6zalt\u0131na al\u0131n\u0131rken, ka\u00e7an \u015f\u00fcpheli de motorize polis ekipleri taraf\u0131ndan k\u0131sk\u0131vrak yakaland\u0131. Olayla ilgili geni\u015f kapsaml\u0131 inceleme ba\u015flat\u0131ld\u0131. Kaynak: www.kanalv.com.tr Haber Sitesinden Al\u0131nm\u0131\u015ft\u0131r.","og_url":"http:\/\/denizcankizil.tr\/ru\/haberler\/antalya\/alacak-verecek-meselesi-kanli-bitti-1-olu\/","og_site_name":"Av. Deniz Can K\u0131z\u0131l","article_published_time":"2025-01-17T06:41:27+00:00","og_image":[{"width":1280,"height":720,"url":"http:\/\/denizcankizil.tr\/wp-content\/uploads\/2025\/01\/4195-01-TQfwfE.jpeg","type":"image\/jpeg"}],"author":"Av. Deniz Can K\u0131z\u0131l","twitter_card":"summary_large_image","twitter_misc":{"\u041d\u0430\u043f\u0438\u0441\u0430\u043d\u043e \u0430\u0432\u0442\u043e\u0440\u043e\u043c":"Av. Deniz Can K\u0131z\u0131l","\u041f\u0440\u0438\u043c\u0435\u0440\u043d\u043e\u0435 \u0432\u0440\u0435\u043c\u044f \u0434\u043b\u044f \u0447\u0442\u0435\u043d\u0438\u044f":"1 \u043c\u0438\u043d\u0443\u0442\u0430"},"schema":{"@context":"https:\/\/schema.org","@graph":[{"@type":"Article","@id":"http:\/\/denizcankizil.tr\/uk\/haberler\/antalya\/alacak-verecek-meselesi-kanli-bitti-1-olu\/#article","isPartOf":{"@id":"http:\/\/denizcankizil.tr\/uk\/haberler\/antalya\/alacak-verecek-meselesi-kanli-bitti-1-olu\/"},"author":{"name":"Av. Deniz Can K\u0131z\u0131l","@id":"https:\/\/denizcankizil.tr\/#\/schema\/person\/5dc1b22991bd7ac833867c10afc9b0ff"},"headline":"Alacak verecek meselesi kanl\u0131 bitti :1 \u00f6l\u00fc","datePublished":"2025-01-17T06:41:27+00:00","mainEntityOfPage":{"@id":"http:\/\/denizcankizil.tr\/uk\/haberler\/antalya\/alacak-verecek-meselesi-kanli-bitti-1-olu\/"},"wordCount":225,"commentCount":0,"publisher":{"@id":"https:\/\/denizcankizil.tr\/#organization"},"image":{"@id":"http:\/\/denizcankizil.tr\/uk\/haberler\/antalya\/alacak-verecek-meselesi-kanli-bitti-1-olu\/#primaryimage"},"thumbnailUrl":"https:\/\/denizcankizil.tr\/wp-content\/uploads\/2025\/01\/4195-01-TQfwfE.jpeg","articleSection":["Antalya"],"inLanguage":"ru-RU","potentialAction":[{"@type":"CommentAction","name":"Comment","target":["http:\/\/denizcankizil.tr\/uk\/haberler\/antalya\/alacak-verecek-meselesi-kanli-bitti-1-olu\/#respond"]}]},{"@type":"WebPage","@id":"http:\/\/denizcankizil.tr\/uk\/haberler\/antalya\/alacak-verecek-meselesi-kanli-bitti-1-olu\/","url":"http:\/\/denizcankizil.tr\/uk\/haberler\/antalya\/alacak-verecek-meselesi-kanli-bitti-1-olu\/","name":"Alacak verecek meselesi kanl\u0131 bitti :1 \u00f6l\u00fc - Av. Deniz Can K\u0131z\u0131l","isPartOf":{"@id":"https:\/\/denizcankizil.tr\/#website"},"primaryImageOfPage":{"@id":"http:\/\/denizcankizil.tr\/uk\/haberler\/antalya\/alacak-verecek-meselesi-kanli-bitti-1-olu\/#primaryimage"},"image":{"@id":"http:\/\/denizcankizil.tr\/uk\/haberler\/antalya\/alacak-verecek-meselesi-kanli-bitti-1-olu\/#primaryimage"},"thumbnailUrl":"https:\/\/denizcankizil.tr\/wp-content\/uploads\/2025\/01\/4195-01-TQfwfE.jpeg","datePublished":"2025-01-17T06:41:27+00:00","breadcrumb":{"@id":"http:\/\/denizcankizil.tr\/uk\/haberler\/antalya\/alacak-verecek-meselesi-kanli-bitti-1-olu\/#breadcrumb"},"inLanguage":"ru-RU","potentialAction":[{"@type":"ReadAction","target":["http:\/\/denizcankizil.tr\/uk\/haberler\/antalya\/alacak-verecek-meselesi-kanli-bitti-1-olu\/"]}]},{"@type":"ImageObject","inLanguage":"ru-RU","@id":"http:\/\/denizcankizil.tr\/uk\/haberler\/antalya\/alacak-verecek-meselesi-kanli-bitti-1-olu\/#primaryimage","url":"https:\/\/denizcankizil.tr\/wp-content\/uploads\/2025\/01\/4195-01-TQfwfE.jpeg","contentUrl":"https:\/\/denizcankizil.tr\/wp-content\/uploads\/2025\/01\/4195-01-TQfwfE.jpeg","width":1280,"height":720},{"@type":"BreadcrumbList","@id":"http:\/\/denizcankizil.tr\/uk\/haberler\/antalya\/alacak-verecek-meselesi-kanli-bitti-1-olu\/#breadcrumb","itemListElement":[{"@type":"ListItem","position":1,"name":"Home","item":"https:\/\/denizcankizil.tr\/de\/"},{"@type":"ListItem","position":2,"name":"Alacak verecek meselesi kanl\u0131 bitti :1 \u00f6l\u00fc"}]},{"@type":"WebSite","@id":"https:\/\/denizcankizil.tr\/#website","url":"https:\/\/denizcankizil.tr\/","name":"Av. Deniz Can K\u0131z\u0131l","description":"Avukat Deniz Can K\u0131z\u0131l Antalya Barosu","publisher":{"@id":"https:\/\/denizcankizil.tr\/#organization"},"potentialAction":[{"@type":"SearchAction","target":{"@type":"EntryPoint","urlTemplate":"https:\/\/denizcankizil.tr\/?s={search_term_string}"},"query-input":{"@type":"PropertyValueSpecification","valueRequired":true,"valueName":"search_term_string"}}],"inLanguage":"ru-RU"},{"@type":"Organization","@id":"https:\/\/denizcankizil.tr\/#organization","name":"Av. Deniz Can K\u0131z\u0131l","url":"https:\/\/denizcankizil.tr\/","logo":{"@type":"ImageObject","inLanguage":"ru-RU","@id":"https:\/\/denizcankizil.tr\/#\/schema\/logo\/image\/","url":"https:\/\/denizcankizil.tr\/wp-content\/uploads\/2024\/10\/siyah-logo-svg.svg","contentUrl":"https:\/\/denizcankizil.tr\/wp-content\/uploads\/2024\/10\/siyah-logo-svg.svg","width":1080,"height":1080,"caption":"Av. Deniz Can K\u0131z\u0131l"},"image":{"@id":"https:\/\/denizcankizil.tr\/#\/schema\/logo\/image\/"}},{"@type":"Person","@id":"https:\/\/denizcankizil.tr\/#\/schema\/person\/5dc1b22991bd7ac833867c10afc9b0ff","name":"Av. Deniz Can K\u0131z\u0131l","image":{"@type":"ImageObject","inLanguage":"ru-RU","@id":"https:\/\/denizcankizil.tr\/#\/schema\/person\/image\/","url":"https:\/\/secure.gravatar.com\/avatar\/a0b128fb9855c79efc976d5640eedb31dc35ec297594d6016d2cf7c60e975bb6?s=96&d=mm&r=g","contentUrl":"https:\/\/secure.gravatar.com\/avatar\/a0b128fb9855c79efc976d5640eedb31dc35ec297594d6016d2cf7c60e975bb6?s=96&d=mm&r=g","caption":"Av. Deniz Can K\u0131z\u0131l"},"sameAs":["http:\/\/www.denizcankizil.tr"],"url":"https:\/\/denizcankizil.tr\/ru\/author\/denizcankizil\/"}]}},"_links":{"self":[{"href":"https:\/\/denizcankizil.tr\/ru\/wp-json\/wp\/v2\/posts\/25767","targetHints":{"allow":["GET"]}}],"collection":[{"href":"https:\/\/denizcankizil.tr\/ru\/wp-json\/wp\/v2\/posts"}],"about":[{"href":"https:\/\/denizcankizil.tr\/ru\/wp-json\/wp\/v2\/types\/post"}],"author":[{"embeddable":true,"href":"https:\/\/denizcankizil.tr\/ru\/wp-json\/wp\/v2\/users\/4"}],"replies":[{"embeddable":true,"href":"https:\/\/denizcankizil.tr\/ru\/wp-json\/wp\/v2\/comments?post=25767"}],"version-history":[{"count":0,"href":"https:\/\/denizcankizil.tr\/ru\/wp-json\/wp\/v2\/posts\/25767\/revisions"}],"wp:featuredmedia":[{"embeddable":true,"href":"https:\/\/denizcankizil.tr\/ru\/wp-json\/wp\/v2\/media\/25768"}],"wp:attachment":[{"href":"https:\/\/denizcankizil.tr\/ru\/wp-json\/wp\/v2\/media?parent=25767"}],"wp:term":[{"taxonomy":"category","embeddable":true,"href":"https:\/\/denizcankizil.tr\/ru\/wp-json\/wp\/v2\/categories?post=25767"},{"taxonomy":"post_tag","embeddable":true,"href":"https:\/\/denizcankizil.tr\/ru\/wp-json\/wp\/v2\/tags?post=25767"}],"curies":[{"name":"wp","href":"https:\/\/api.w.org\/{rel}","templated":true}]}}