{"id":25642,"date":"2025-01-16T13:41:22","date_gmt":"2025-01-16T10:41:22","guid":{"rendered":"https:\/\/denizcankizil.tr\/uncategorized-tr\/kepezden-personeline-kanser-taramasi\/"},"modified":"2025-01-16T13:41:22","modified_gmt":"2025-01-16T10:41:22","slug":"kepezden-personeline-kanser-taramasi","status":"publish","type":"post","link":"https:\/\/denizcankizil.tr\/ru\/haberler\/antalya\/kepezden-personeline-kanser-taramasi\/","title":{"rendered":"Kepez&#8217;den personeline kanser taramas\u0131"},"content":{"rendered":"<p>Antalya&#8217;n\u0131n Kepez Belediyesi, sosyal belediyecilik hizmetleri kapsam\u0131nda \u00fccretsiz kanser tarama hizmetlerini aral\u0131ks\u0131z s\u00fcrd\u00fcr\u00fcyor. Mobil Sa\u011fl\u0131k Merkezi ile kanser taramas\u0131 hizmetlerini il\u00e7enin 68 mahallesinde ta\u015f\u0131yan Kepez Belediyesi, 40 ya\u015f ve \u00fczeri kad\u0131n belediye personeline de meme kanseri taramas\u0131 hizmeti sundu. Belediye hizmet binas\u0131 bah\u00e7esinde konu\u015flanan Mobil Sa\u011fl\u0131k Merkezi\u2019nde ger\u00e7ekle\u015ftirilen taramalarda \u00f6nce personel, meme sa\u011fl\u0131\u011f\u0131 hakk\u0131nda bilgilendirilerek dikkat edilmesi gereken noktalar konusunda uyar\u0131ld\u0131. Kanserle m\u00fccadelede erken te\u015fhisin hayati \u00f6nemi bir kez daha vurguland\u0131. Sa\u011fl\u0131k ekipleri taraf\u0131ndan kansere kar\u015f\u0131 bilin\u00e7lendirilen 40 ya\u015f ve \u00fczeri kad\u0131n belediye personellerine daha sonra meme kanseri taramas\u0131 yap\u0131ld\u0131.<\/p>\n<p>\u201cErken te\u015fhis hayat kurtar\u0131r\u201d<br \/>\nKanserde erken tan\u0131n\u0131n \u00f6nemine dikkat \u00e7eken Kepez Belediyesi Sa\u011fl\u0131k \u0130\u015fleri M\u00fcd\u00fcr\u00fc Dr. Vahap Alag\u00f6z, \u201cErken te\u015fhis, kanserle m\u00fccadelede hayati \u00f6neme sahiptir. Belediyemiz olarak sa\u011fl\u0131k taramalar\u0131 ile toplum sa\u011fl\u0131\u011f\u0131na destek olman\u0131n gururunu ya\u015f\u0131yoruz. Mobil sa\u011fl\u0131k merkezimiz sayesinde halk\u0131m\u0131za en yak\u0131n noktada sa\u011fl\u0131k hizmeti sunmaya devam edece\u011fiz\u201d dedi.<\/p>\n<p>Mobil sa\u011fl\u0131k merkezi<br \/>\nMerkezde, meme kanseri (40-69 ya\u015f aral\u0131\u011f\u0131), rahim a\u011fz\u0131 kanseri (30-65 ya\u015f aral\u0131\u011f\u0131) ve ba\u011f\u0131rsak kanseri (50-70 ya\u015f aral\u0131\u011f\u0131 kad\u0131n ve erkeklere) tarama hizmetleri sunuluyor. Erken tan\u0131 tespiti yap\u0131lan hastalar tedavi s\u00fcreci i\u00e7in hastanelere y\u00f6nlendiriliyor. Kepez Belediyesi, kanserde erken te\u015fhis ve fark\u0131ndal\u0131\u011f\u0131n art\u0131r\u0131lmas\u0131na y\u00f6nelik \u00e7al\u0131\u015fmalar\u0131n\u0131 s\u00fcrd\u00fcrmeye devam edecek.<\/p>\n<p>Kaynak: www.kanalv.com.tr Haber Sitesinden Al\u0131nm\u0131\u015ft\u0131r.<\/p>","protected":false},"excerpt":{"rendered":"<p>Antalya&#8217;n\u0131n Kepez Belediyesi, sosyal belediyecilik hizmetleri kapsam\u0131nda \u00fccretsiz kanser tarama hizmetlerini aral\u0131ks\u0131z s\u00fcrd\u00fcr\u00fcyor. Mobil Sa\u011fl\u0131k Merkezi ile kanser taramas\u0131 hizmetlerini il\u00e7enin 68 mahallesinde ta\u015f\u0131yan Kepez Belediyesi, 40 ya\u015f ve \u00fczeri kad\u0131n belediye personeline de meme kanseri taramas\u0131 hizmeti sundu. Belediye hizmet binas\u0131 bah\u00e7esinde konu\u015flanan Mobil Sa\u011fl\u0131k Merkezi\u2019nde ger\u00e7ekle\u015ftirilen taramalarda \u00f6nce personel, meme sa\u011fl\u0131\u011f\u0131 hakk\u0131nda bilgilendirilerek dikkat edilmesi gereken noktalar konusunda uyar\u0131ld\u0131. Kanserle m\u00fccadelede erken te\u015fhisin hayati \u00f6nemi bir kez daha vurguland\u0131. Sa\u011fl\u0131k ekipleri taraf\u0131ndan kansere kar\u015f\u0131 bilin\u00e7lendirilen 40 ya\u015f ve \u00fczeri kad\u0131n belediye personellerine daha sonra meme kanseri taramas\u0131 yap\u0131ld\u0131. \u201cErken te\u015fhis hayat kurtar\u0131r\u201d Kanserde erken tan\u0131n\u0131n \u00f6nemine dikkat \u00e7eken Kepez Belediyesi Sa\u011fl\u0131k \u0130\u015fleri M\u00fcd\u00fcr\u00fc Dr. Vahap Alag\u00f6z, \u201cErken te\u015fhis, kanserle m\u00fccadelede hayati \u00f6neme sahiptir. Belediyemiz olarak sa\u011fl\u0131k taramalar\u0131 ile toplum sa\u011fl\u0131\u011f\u0131na destek olman\u0131n gururunu ya\u015f\u0131yoruz. Mobil sa\u011fl\u0131k merkezimiz sayesinde halk\u0131m\u0131za en yak\u0131n noktada sa\u011fl\u0131k hizmeti sunmaya devam edece\u011fiz\u201d dedi. Mobil sa\u011fl\u0131k merkezi Merkezde, meme kanseri (40-69 ya\u015f aral\u0131\u011f\u0131), rahim a\u011fz\u0131 kanseri (30-65 ya\u015f aral\u0131\u011f\u0131) ve ba\u011f\u0131rsak kanseri (50-70 ya\u015f aral\u0131\u011f\u0131 kad\u0131n ve erkeklere) tarama hizmetleri sunuluyor. Erken tan\u0131 tespiti yap\u0131lan hastalar tedavi s\u00fcreci i\u00e7in hastanelere y\u00f6nlendiriliyor. Kepez Belediyesi, kanserde erken te\u015fhis ve fark\u0131ndal\u0131\u011f\u0131n art\u0131r\u0131lmas\u0131na y\u00f6nelik \u00e7al\u0131\u015fmalar\u0131n\u0131 s\u00fcrd\u00fcrmeye devam edecek. Kaynak: www.kanalv.com.tr Haber Sitesinden Al\u0131nm\u0131\u015ft\u0131r.<\/p>","protected":false},"author":4,"featured_media":25643,"comment_status":"open","ping_status":"open","sticky":false,"template":"","format":"standard","meta":{"_acf_changed":false,"footnotes":""},"categories":[26],"tags":[],"class_list":["post-25642","post","type-post","status-publish","format-standard","has-post-thumbnail","hentry","category-antalya"],"acf":[],"yoast_head":"<!-- This site is optimized with the Yoast SEO Premium plugin v26.6 (Yoast SEO v27.1.1) - https:\/\/yoast.com\/product\/yoast-seo-premium-wordpress\/ -->\n<title>Kepez&#039;den personeline kanser taramas\u0131 - Av. Deniz Can K\u0131z\u0131l<\/title>\n<meta name=\"robots\" content=\"index, follow, max-snippet:-1, max-image-preview:large, max-video-preview:-1\" \/>\n<link rel=\"canonical\" href=\"https:\/\/denizcankizil.tr\/ru\/haberler\/antalya\/kepezden-personeline-kanser-taramasi\/\" \/>\n<meta property=\"og:locale\" content=\"ru_RU\" \/>\n<meta property=\"og:type\" content=\"article\" \/>\n<meta property=\"og:title\" content=\"Kepez&#039;den personeline kanser taramas\u0131\" \/>\n<meta property=\"og:description\" content=\"Antalya&#8217;n\u0131n Kepez Belediyesi, sosyal belediyecilik hizmetleri kapsam\u0131nda \u00fccretsiz kanser tarama hizmetlerini aral\u0131ks\u0131z s\u00fcrd\u00fcr\u00fcyor. Mobil Sa\u011fl\u0131k Merkezi ile kanser taramas\u0131 hizmetlerini il\u00e7enin 68 mahallesinde ta\u015f\u0131yan Kepez Belediyesi, 40 ya\u015f ve \u00fczeri kad\u0131n belediye personeline de meme kanseri taramas\u0131 hizmeti sundu. Belediye hizmet binas\u0131 bah\u00e7esinde konu\u015flanan Mobil Sa\u011fl\u0131k Merkezi\u2019nde ger\u00e7ekle\u015ftirilen taramalarda \u00f6nce personel, meme sa\u011fl\u0131\u011f\u0131 hakk\u0131nda bilgilendirilerek dikkat edilmesi gereken noktalar konusunda uyar\u0131ld\u0131. Kanserle m\u00fccadelede erken te\u015fhisin hayati \u00f6nemi bir kez daha vurguland\u0131. Sa\u011fl\u0131k ekipleri taraf\u0131ndan kansere kar\u015f\u0131 bilin\u00e7lendirilen 40 ya\u015f ve \u00fczeri kad\u0131n belediye personellerine daha sonra meme kanseri taramas\u0131 yap\u0131ld\u0131. \u201cErken te\u015fhis hayat kurtar\u0131r\u201d Kanserde erken tan\u0131n\u0131n \u00f6nemine dikkat \u00e7eken Kepez Belediyesi Sa\u011fl\u0131k \u0130\u015fleri M\u00fcd\u00fcr\u00fc Dr. Vahap Alag\u00f6z, \u201cErken te\u015fhis, kanserle m\u00fccadelede hayati \u00f6neme sahiptir. Belediyemiz olarak sa\u011fl\u0131k taramalar\u0131 ile toplum sa\u011fl\u0131\u011f\u0131na destek olman\u0131n gururunu ya\u015f\u0131yoruz. Mobil sa\u011fl\u0131k merkezimiz sayesinde halk\u0131m\u0131za en yak\u0131n noktada sa\u011fl\u0131k hizmeti sunmaya devam edece\u011fiz\u201d dedi. Mobil sa\u011fl\u0131k merkezi Merkezde, meme kanseri (40-69 ya\u015f aral\u0131\u011f\u0131), rahim a\u011fz\u0131 kanseri (30-65 ya\u015f aral\u0131\u011f\u0131) ve ba\u011f\u0131rsak kanseri (50-70 ya\u015f aral\u0131\u011f\u0131 kad\u0131n ve erkeklere) tarama hizmetleri sunuluyor. Erken tan\u0131 tespiti yap\u0131lan hastalar tedavi s\u00fcreci i\u00e7in hastanelere y\u00f6nlendiriliyor. Kepez Belediyesi, kanserde erken te\u015fhis ve fark\u0131ndal\u0131\u011f\u0131n art\u0131r\u0131lmas\u0131na y\u00f6nelik \u00e7al\u0131\u015fmalar\u0131n\u0131 s\u00fcrd\u00fcrmeye devam edecek. Kaynak: www.kanalv.com.tr Haber Sitesinden Al\u0131nm\u0131\u015ft\u0131r.\" \/>\n<meta property=\"og:url\" content=\"https:\/\/denizcankizil.tr\/ru\/haberler\/antalya\/kepezden-personeline-kanser-taramasi\/\" \/>\n<meta property=\"og:site_name\" content=\"Av. Deniz Can K\u0131z\u0131l\" \/>\n<meta property=\"article:published_time\" content=\"2025-01-16T10:41:22+00:00\" \/>\n<meta property=\"og:image\" content=\"https:\/\/denizcankizil.tr\/wp-content\/uploads\/2025\/01\/4185-01-ab8YmV.jpeg\" \/>\n\t<meta property=\"og:image:width\" content=\"1280\" \/>\n\t<meta property=\"og:image:height\" content=\"720\" \/>\n\t<meta property=\"og:image:type\" content=\"image\/jpeg\" \/>\n<meta name=\"author\" content=\"Av. Deniz Can K\u0131z\u0131l\" \/>\n<meta name=\"twitter:card\" content=\"summary_large_image\" \/>\n<meta name=\"twitter:label1\" content=\"\u041d\u0430\u043f\u0438\u0441\u0430\u043d\u043e \u0430\u0432\u0442\u043e\u0440\u043e\u043c\" \/>\n\t<meta name=\"twitter:data1\" content=\"Av. Deniz Can K\u0131z\u0131l\" \/>\n\t<meta name=\"twitter:label2\" content=\"\u041f\u0440\u0438\u043c\u0435\u0440\u043d\u043e\u0435 \u0432\u0440\u0435\u043c\u044f \u0434\u043b\u044f \u0447\u0442\u0435\u043d\u0438\u044f\" \/>\n\t<meta name=\"twitter:data2\" content=\"1 \u043c\u0438\u043d\u0443\u0442\u0430\" \/>\n<script type=\"application\/ld+json\" class=\"yoast-schema-graph\">{\"@context\":\"https:\/\/schema.org\",\"@graph\":[{\"@type\":\"Article\",\"@id\":\"https:\/\/denizcankizil.tr\/ru\/haberler\/antalya\/kepezden-personeline-kanser-taramasi\/#article\",\"isPartOf\":{\"@id\":\"https:\/\/denizcankizil.tr\/ru\/haberler\/antalya\/kepezden-personeline-kanser-taramasi\/\"},\"author\":{\"name\":\"Av. Deniz Can K\u0131z\u0131l\",\"@id\":\"https:\/\/denizcankizil.tr\/de\/#\/schema\/person\/5dc1b22991bd7ac833867c10afc9b0ff\"},\"headline\":\"Kepez&#8217;den personeline kanser taramas\u0131\",\"datePublished\":\"2025-01-16T10:41:22+00:00\",\"mainEntityOfPage\":{\"@id\":\"https:\/\/denizcankizil.tr\/ru\/haberler\/antalya\/kepezden-personeline-kanser-taramasi\/\"},\"wordCount\":279,\"commentCount\":0,\"publisher\":{\"@id\":\"https:\/\/denizcankizil.tr\/de\/#organization\"},\"image\":{\"@id\":\"https:\/\/denizcankizil.tr\/ru\/haberler\/antalya\/kepezden-personeline-kanser-taramasi\/#primaryimage\"},\"thumbnailUrl\":\"https:\/\/denizcankizil.tr\/wp-content\/uploads\/2025\/01\/4185-01-ab8YmV.jpeg\",\"articleSection\":[\"Antalya\"],\"inLanguage\":\"ru-RU\",\"potentialAction\":[{\"@type\":\"CommentAction\",\"name\":\"Comment\",\"target\":[\"https:\/\/denizcankizil.tr\/ru\/haberler\/antalya\/kepezden-personeline-kanser-taramasi\/#respond\"]}]},{\"@type\":\"WebPage\",\"@id\":\"https:\/\/denizcankizil.tr\/ru\/haberler\/antalya\/kepezden-personeline-kanser-taramasi\/\",\"url\":\"https:\/\/denizcankizil.tr\/ru\/haberler\/antalya\/kepezden-personeline-kanser-taramasi\/\",\"name\":\"Kepez'den personeline kanser taramas\u0131 - Av. Deniz Can K\u0131z\u0131l\",\"isPartOf\":{\"@id\":\"https:\/\/denizcankizil.tr\/de\/#website\"},\"primaryImageOfPage\":{\"@id\":\"https:\/\/denizcankizil.tr\/ru\/haberler\/antalya\/kepezden-personeline-kanser-taramasi\/#primaryimage\"},\"image\":{\"@id\":\"https:\/\/denizcankizil.tr\/ru\/haberler\/antalya\/kepezden-personeline-kanser-taramasi\/#primaryimage\"},\"thumbnailUrl\":\"https:\/\/denizcankizil.tr\/wp-content\/uploads\/2025\/01\/4185-01-ab8YmV.jpeg\",\"datePublished\":\"2025-01-16T10:41:22+00:00\",\"breadcrumb\":{\"@id\":\"https:\/\/denizcankizil.tr\/ru\/haberler\/antalya\/kepezden-personeline-kanser-taramasi\/#breadcrumb\"},\"inLanguage\":\"ru-RU\",\"potentialAction\":[{\"@type\":\"ReadAction\",\"target\":[\"https:\/\/denizcankizil.tr\/ru\/haberler\/antalya\/kepezden-personeline-kanser-taramasi\/\"]}]},{\"@type\":\"ImageObject\",\"inLanguage\":\"ru-RU\",\"@id\":\"https:\/\/denizcankizil.tr\/ru\/haberler\/antalya\/kepezden-personeline-kanser-taramasi\/#primaryimage\",\"url\":\"https:\/\/denizcankizil.tr\/wp-content\/uploads\/2025\/01\/4185-01-ab8YmV.jpeg\",\"contentUrl\":\"https:\/\/denizcankizil.tr\/wp-content\/uploads\/2025\/01\/4185-01-ab8YmV.jpeg\",\"width\":1280,\"height\":720},{\"@type\":\"BreadcrumbList\",\"@id\":\"https:\/\/denizcankizil.tr\/ru\/haberler\/antalya\/kepezden-personeline-kanser-taramasi\/#breadcrumb\",\"itemListElement\":[{\"@type\":\"ListItem\",\"position\":1,\"name\":\"Home\",\"item\":\"https:\/\/denizcankizil.tr\/de\/\"},{\"@type\":\"ListItem\",\"position\":2,\"name\":\"Kepez&#8217;den personeline kanser taramas\u0131\"}]},{\"@type\":\"WebSite\",\"@id\":\"https:\/\/denizcankizil.tr\/de\/#website\",\"url\":\"https:\/\/denizcankizil.tr\/de\/\",\"name\":\"Av. Deniz Can K\u0131z\u0131l\",\"description\":\"Avukat Deniz Can K\u0131z\u0131l Antalya Barosu\",\"publisher\":{\"@id\":\"https:\/\/denizcankizil.tr\/de\/#organization\"},\"potentialAction\":[{\"@type\":\"SearchAction\",\"target\":{\"@type\":\"EntryPoint\",\"urlTemplate\":\"https:\/\/denizcankizil.tr\/de\/?s={search_term_string}\"},\"query-input\":{\"@type\":\"PropertyValueSpecification\",\"valueRequired\":true,\"valueName\":\"search_term_string\"}}],\"inLanguage\":\"ru-RU\"},{\"@type\":\"Organization\",\"@id\":\"https:\/\/denizcankizil.tr\/de\/#organization\",\"name\":\"Av. Deniz Can K\u0131z\u0131l\",\"url\":\"https:\/\/denizcankizil.tr\/de\/\",\"logo\":{\"@type\":\"ImageObject\",\"inLanguage\":\"ru-RU\",\"@id\":\"https:\/\/denizcankizil.tr\/de\/#\/schema\/logo\/image\/\",\"url\":\"https:\/\/denizcankizil.tr\/wp-content\/uploads\/2024\/10\/siyah-logo-svg.svg\",\"contentUrl\":\"https:\/\/denizcankizil.tr\/wp-content\/uploads\/2024\/10\/siyah-logo-svg.svg\",\"width\":1080,\"height\":1080,\"caption\":\"Av. Deniz Can K\u0131z\u0131l\"},\"image\":{\"@id\":\"https:\/\/denizcankizil.tr\/de\/#\/schema\/logo\/image\/\"}},{\"@type\":\"Person\",\"@id\":\"https:\/\/denizcankizil.tr\/de\/#\/schema\/person\/5dc1b22991bd7ac833867c10afc9b0ff\",\"name\":\"Av. Deniz Can K\u0131z\u0131l\",\"image\":{\"@type\":\"ImageObject\",\"inLanguage\":\"ru-RU\",\"@id\":\"https:\/\/denizcankizil.tr\/de\/#\/schema\/person\/image\/\",\"url\":\"https:\/\/secure.gravatar.com\/avatar\/a0b128fb9855c79efc976d5640eedb31dc35ec297594d6016d2cf7c60e975bb6?s=96&d=mm&r=g\",\"contentUrl\":\"https:\/\/secure.gravatar.com\/avatar\/a0b128fb9855c79efc976d5640eedb31dc35ec297594d6016d2cf7c60e975bb6?s=96&d=mm&r=g\",\"caption\":\"Av. Deniz Can K\u0131z\u0131l\"},\"sameAs\":[\"http:\/\/www.denizcankizil.tr\"],\"url\":\"https:\/\/denizcankizil.tr\/ru\/author\/denizcankizil\/\"}]}<\/script>\n<!-- \/ Yoast SEO Premium plugin. -->","yoast_head_json":{"title":"Kepez'den personeline kanser taramas\u0131 - Av. Deniz Can K\u0131z\u0131l","robots":{"index":"index","follow":"follow","max-snippet":"max-snippet:-1","max-image-preview":"max-image-preview:large","max-video-preview":"max-video-preview:-1"},"canonical":"https:\/\/denizcankizil.tr\/ru\/haberler\/antalya\/kepezden-personeline-kanser-taramasi\/","og_locale":"ru_RU","og_type":"article","og_title":"Kepez'den personeline kanser taramas\u0131","og_description":"Antalya&#8217;n\u0131n Kepez Belediyesi, sosyal belediyecilik hizmetleri kapsam\u0131nda \u00fccretsiz kanser tarama hizmetlerini aral\u0131ks\u0131z s\u00fcrd\u00fcr\u00fcyor. Mobil Sa\u011fl\u0131k Merkezi ile kanser taramas\u0131 hizmetlerini il\u00e7enin 68 mahallesinde ta\u015f\u0131yan Kepez Belediyesi, 40 ya\u015f ve \u00fczeri kad\u0131n belediye personeline de meme kanseri taramas\u0131 hizmeti sundu. Belediye hizmet binas\u0131 bah\u00e7esinde konu\u015flanan Mobil Sa\u011fl\u0131k Merkezi\u2019nde ger\u00e7ekle\u015ftirilen taramalarda \u00f6nce personel, meme sa\u011fl\u0131\u011f\u0131 hakk\u0131nda bilgilendirilerek dikkat edilmesi gereken noktalar konusunda uyar\u0131ld\u0131. Kanserle m\u00fccadelede erken te\u015fhisin hayati \u00f6nemi bir kez daha vurguland\u0131. Sa\u011fl\u0131k ekipleri taraf\u0131ndan kansere kar\u015f\u0131 bilin\u00e7lendirilen 40 ya\u015f ve \u00fczeri kad\u0131n belediye personellerine daha sonra meme kanseri taramas\u0131 yap\u0131ld\u0131. \u201cErken te\u015fhis hayat kurtar\u0131r\u201d Kanserde erken tan\u0131n\u0131n \u00f6nemine dikkat \u00e7eken Kepez Belediyesi Sa\u011fl\u0131k \u0130\u015fleri M\u00fcd\u00fcr\u00fc Dr. Vahap Alag\u00f6z, \u201cErken te\u015fhis, kanserle m\u00fccadelede hayati \u00f6neme sahiptir. Belediyemiz olarak sa\u011fl\u0131k taramalar\u0131 ile toplum sa\u011fl\u0131\u011f\u0131na destek olman\u0131n gururunu ya\u015f\u0131yoruz. Mobil sa\u011fl\u0131k merkezimiz sayesinde halk\u0131m\u0131za en yak\u0131n noktada sa\u011fl\u0131k hizmeti sunmaya devam edece\u011fiz\u201d dedi. Mobil sa\u011fl\u0131k merkezi Merkezde, meme kanseri (40-69 ya\u015f aral\u0131\u011f\u0131), rahim a\u011fz\u0131 kanseri (30-65 ya\u015f aral\u0131\u011f\u0131) ve ba\u011f\u0131rsak kanseri (50-70 ya\u015f aral\u0131\u011f\u0131 kad\u0131n ve erkeklere) tarama hizmetleri sunuluyor. Erken tan\u0131 tespiti yap\u0131lan hastalar tedavi s\u00fcreci i\u00e7in hastanelere y\u00f6nlendiriliyor. Kepez Belediyesi, kanserde erken te\u015fhis ve fark\u0131ndal\u0131\u011f\u0131n art\u0131r\u0131lmas\u0131na y\u00f6nelik \u00e7al\u0131\u015fmalar\u0131n\u0131 s\u00fcrd\u00fcrmeye devam edecek. Kaynak: www.kanalv.com.tr Haber Sitesinden Al\u0131nm\u0131\u015ft\u0131r.","og_url":"https:\/\/denizcankizil.tr\/ru\/haberler\/antalya\/kepezden-personeline-kanser-taramasi\/","og_site_name":"Av. Deniz Can K\u0131z\u0131l","article_published_time":"2025-01-16T10:41:22+00:00","og_image":[{"width":1280,"height":720,"url":"https:\/\/denizcankizil.tr\/wp-content\/uploads\/2025\/01\/4185-01-ab8YmV.jpeg","type":"image\/jpeg"}],"author":"Av. Deniz Can K\u0131z\u0131l","twitter_card":"summary_large_image","twitter_misc":{"\u041d\u0430\u043f\u0438\u0441\u0430\u043d\u043e \u0430\u0432\u0442\u043e\u0440\u043e\u043c":"Av. Deniz Can K\u0131z\u0131l","\u041f\u0440\u0438\u043c\u0435\u0440\u043d\u043e\u0435 \u0432\u0440\u0435\u043c\u044f \u0434\u043b\u044f \u0447\u0442\u0435\u043d\u0438\u044f":"1 \u043c\u0438\u043d\u0443\u0442\u0430"},"schema":{"@context":"https:\/\/schema.org","@graph":[{"@type":"Article","@id":"https:\/\/denizcankizil.tr\/ru\/haberler\/antalya\/kepezden-personeline-kanser-taramasi\/#article","isPartOf":{"@id":"https:\/\/denizcankizil.tr\/ru\/haberler\/antalya\/kepezden-personeline-kanser-taramasi\/"},"author":{"name":"Av. Deniz Can K\u0131z\u0131l","@id":"https:\/\/denizcankizil.tr\/de\/#\/schema\/person\/5dc1b22991bd7ac833867c10afc9b0ff"},"headline":"Kepez&#8217;den personeline kanser taramas\u0131","datePublished":"2025-01-16T10:41:22+00:00","mainEntityOfPage":{"@id":"https:\/\/denizcankizil.tr\/ru\/haberler\/antalya\/kepezden-personeline-kanser-taramasi\/"},"wordCount":279,"commentCount":0,"publisher":{"@id":"https:\/\/denizcankizil.tr\/de\/#organization"},"image":{"@id":"https:\/\/denizcankizil.tr\/ru\/haberler\/antalya\/kepezden-personeline-kanser-taramasi\/#primaryimage"},"thumbnailUrl":"https:\/\/denizcankizil.tr\/wp-content\/uploads\/2025\/01\/4185-01-ab8YmV.jpeg","articleSection":["Antalya"],"inLanguage":"ru-RU","potentialAction":[{"@type":"CommentAction","name":"Comment","target":["https:\/\/denizcankizil.tr\/ru\/haberler\/antalya\/kepezden-personeline-kanser-taramasi\/#respond"]}]},{"@type":"WebPage","@id":"https:\/\/denizcankizil.tr\/ru\/haberler\/antalya\/kepezden-personeline-kanser-taramasi\/","url":"https:\/\/denizcankizil.tr\/ru\/haberler\/antalya\/kepezden-personeline-kanser-taramasi\/","name":"Kepez'den personeline kanser taramas\u0131 - Av. Deniz Can K\u0131z\u0131l","isPartOf":{"@id":"https:\/\/denizcankizil.tr\/de\/#website"},"primaryImageOfPage":{"@id":"https:\/\/denizcankizil.tr\/ru\/haberler\/antalya\/kepezden-personeline-kanser-taramasi\/#primaryimage"},"image":{"@id":"https:\/\/denizcankizil.tr\/ru\/haberler\/antalya\/kepezden-personeline-kanser-taramasi\/#primaryimage"},"thumbnailUrl":"https:\/\/denizcankizil.tr\/wp-content\/uploads\/2025\/01\/4185-01-ab8YmV.jpeg","datePublished":"2025-01-16T10:41:22+00:00","breadcrumb":{"@id":"https:\/\/denizcankizil.tr\/ru\/haberler\/antalya\/kepezden-personeline-kanser-taramasi\/#breadcrumb"},"inLanguage":"ru-RU","potentialAction":[{"@type":"ReadAction","target":["https:\/\/denizcankizil.tr\/ru\/haberler\/antalya\/kepezden-personeline-kanser-taramasi\/"]}]},{"@type":"ImageObject","inLanguage":"ru-RU","@id":"https:\/\/denizcankizil.tr\/ru\/haberler\/antalya\/kepezden-personeline-kanser-taramasi\/#primaryimage","url":"https:\/\/denizcankizil.tr\/wp-content\/uploads\/2025\/01\/4185-01-ab8YmV.jpeg","contentUrl":"https:\/\/denizcankizil.tr\/wp-content\/uploads\/2025\/01\/4185-01-ab8YmV.jpeg","width":1280,"height":720},{"@type":"BreadcrumbList","@id":"https:\/\/denizcankizil.tr\/ru\/haberler\/antalya\/kepezden-personeline-kanser-taramasi\/#breadcrumb","itemListElement":[{"@type":"ListItem","position":1,"name":"Home","item":"https:\/\/denizcankizil.tr\/de\/"},{"@type":"ListItem","position":2,"name":"Kepez&#8217;den personeline kanser taramas\u0131"}]},{"@type":"WebSite","@id":"https:\/\/denizcankizil.tr\/de\/#website","url":"https:\/\/denizcankizil.tr\/de\/","name":"Av. Deniz Can K\u0131z\u0131l","description":"Avukat Deniz Can K\u0131z\u0131l Antalya Barosu","publisher":{"@id":"https:\/\/denizcankizil.tr\/de\/#organization"},"potentialAction":[{"@type":"SearchAction","target":{"@type":"EntryPoint","urlTemplate":"https:\/\/denizcankizil.tr\/de\/?s={search_term_string}"},"query-input":{"@type":"PropertyValueSpecification","valueRequired":true,"valueName":"search_term_string"}}],"inLanguage":"ru-RU"},{"@type":"Organization","@id":"https:\/\/denizcankizil.tr\/de\/#organization","name":"Av. Deniz Can K\u0131z\u0131l","url":"https:\/\/denizcankizil.tr\/de\/","logo":{"@type":"ImageObject","inLanguage":"ru-RU","@id":"https:\/\/denizcankizil.tr\/de\/#\/schema\/logo\/image\/","url":"https:\/\/denizcankizil.tr\/wp-content\/uploads\/2024\/10\/siyah-logo-svg.svg","contentUrl":"https:\/\/denizcankizil.tr\/wp-content\/uploads\/2024\/10\/siyah-logo-svg.svg","width":1080,"height":1080,"caption":"Av. Deniz Can K\u0131z\u0131l"},"image":{"@id":"https:\/\/denizcankizil.tr\/de\/#\/schema\/logo\/image\/"}},{"@type":"Person","@id":"https:\/\/denizcankizil.tr\/de\/#\/schema\/person\/5dc1b22991bd7ac833867c10afc9b0ff","name":"Av. Deniz Can K\u0131z\u0131l","image":{"@type":"ImageObject","inLanguage":"ru-RU","@id":"https:\/\/denizcankizil.tr\/de\/#\/schema\/person\/image\/","url":"https:\/\/secure.gravatar.com\/avatar\/a0b128fb9855c79efc976d5640eedb31dc35ec297594d6016d2cf7c60e975bb6?s=96&d=mm&r=g","contentUrl":"https:\/\/secure.gravatar.com\/avatar\/a0b128fb9855c79efc976d5640eedb31dc35ec297594d6016d2cf7c60e975bb6?s=96&d=mm&r=g","caption":"Av. Deniz Can K\u0131z\u0131l"},"sameAs":["http:\/\/www.denizcankizil.tr"],"url":"https:\/\/denizcankizil.tr\/ru\/author\/denizcankizil\/"}]}},"_links":{"self":[{"href":"https:\/\/denizcankizil.tr\/ru\/wp-json\/wp\/v2\/posts\/25642","targetHints":{"allow":["GET"]}}],"collection":[{"href":"https:\/\/denizcankizil.tr\/ru\/wp-json\/wp\/v2\/posts"}],"about":[{"href":"https:\/\/denizcankizil.tr\/ru\/wp-json\/wp\/v2\/types\/post"}],"author":[{"embeddable":true,"href":"https:\/\/denizcankizil.tr\/ru\/wp-json\/wp\/v2\/users\/4"}],"replies":[{"embeddable":true,"href":"https:\/\/denizcankizil.tr\/ru\/wp-json\/wp\/v2\/comments?post=25642"}],"version-history":[{"count":0,"href":"https:\/\/denizcankizil.tr\/ru\/wp-json\/wp\/v2\/posts\/25642\/revisions"}],"wp:featuredmedia":[{"embeddable":true,"href":"https:\/\/denizcankizil.tr\/ru\/wp-json\/wp\/v2\/media\/25643"}],"wp:attachment":[{"href":"https:\/\/denizcankizil.tr\/ru\/wp-json\/wp\/v2\/media?parent=25642"}],"wp:term":[{"taxonomy":"category","embeddable":true,"href":"https:\/\/denizcankizil.tr\/ru\/wp-json\/wp\/v2\/categories?post=25642"},{"taxonomy":"post_tag","embeddable":true,"href":"https:\/\/denizcankizil.tr\/ru\/wp-json\/wp\/v2\/tags?post=25642"}],"curies":[{"name":"wp","href":"https:\/\/api.w.org\/{rel}","templated":true}]}}