{"id":25249,"date":"2025-01-14T14:41:34","date_gmt":"2025-01-14T11:41:34","guid":{"rendered":"https:\/\/denizcankizil.tr\/uncategorized-tr\/iskenderun-org-yazari-ekinciye-tesekkur\/"},"modified":"2025-01-14T14:41:34","modified_gmt":"2025-01-14T11:41:34","slug":"iskenderun-org-yazari-ekinciye-tesekkur","status":"publish","type":"post","link":"https:\/\/denizcankizil.tr\/ru\/haberler\/gundem\/iskenderun-org-yazari-ekinciye-tesekkur\/","title":{"rendered":"\u0130skenderun.org yazar\u0131 Ekinci&#8217;ye Te\u015fekk\u00fcr\u2026"},"content":{"rendered":"<p>\u0130skenderun.org ve Sekt\u00f6rel Dergi imtiyaz sahibi Ufuk Aktu\u011f, Yaz\u0131 \u0130\u015fleri M\u00fcd\u00fcr\u00fc Halit Sapmaz ve \u0130dris Aydo\u011fan, \u0130SDEM\u0130R\u2019den sonra b\u00f6lgeyi \u00e7eli\u011fin merkezi haline getirecek, OSB\u2019nin geli\u015fimine \u00f6nemli katk\u0131 sunan Ekinciler Ailesinin, iyi bir y\u00f6netici, oldu\u011fu kadar 65 ya\u015f\u0131nda \u00fcniversite bitirip Herbalist olan i\u015f insan\u0131 Recep Ekinci\u2019yi tesiste ziyaret etti.<\/p>\n<p>Ho\u015f ve samimi bir ortamda ger\u00e7ekle\u015fen ziyarette Ufuk Aktu\u011f, Ekinci Ailesi\u2019nin \u0130skenderun ve b\u00f6lgesine, \u00f6nemli katk\u0131lar sa\u011flad\u0131\u011f\u0131n\u0131, katma de\u011fer ve istihdam anlam\u0131nda da \u00f6nemli rol oynad\u0131\u011f\u0131n\u0131 belirterek \u201cSiz Recep Ekinci olarak da yaz\u0131lar\u0131n\u0131zla bu kente, www.iskenderun.org arac\u0131l\u0131\u011f\u0131yla geni\u015f bir kitleye \u00f6nemli bilgiler aktar\u0131yorsunuz. Hayat felsefeniz, d\u00fcnya g\u00f6r\u00fc\u015f\u00fcn\u00fcz, bilgi birikimlerinizi payla\u015ft\u0131\u011f\u0131n\u0131z yaz\u0131lar\u0131n\u0131zla okur ve takip\u00e7i kitleniz taraf\u0131ndan da ilgi g\u00f6r\u00fcyor. Katk\u0131lar\u0131n\u0131zdan dolay\u0131 te\u015fekk\u00fcr ediyoruz\u201d dedi.<\/p>\n<p>\u0130\u015f insan\u0131, yazar ve Herbalist Recep Ekinci de, kendilerine taktim edilen plaketi \u00e7ok anlaml\u0131 buldu\u011funu ve \u00e7ok duyguland\u0131rd\u0131\u011f\u0131n\u0131 ifade ederek \u201cHayat\u0131nda \u00e7ok anlaml\u0131 buldu\u011fum plaketlerden biri bu sizin taktim etti\u011finiz plaket oldu\u011funu s\u00f6yleyebilirim. \u0130lki, lisede m\u00fcnazara yar\u0131\u015fmas\u0131n\u0131 kazand\u0131\u011f\u0131m\u0131zda bana taktim edilen belge, ikincisi 65 ya\u015f\u0131nda ald\u0131\u011f\u0131m \u00fcniversite diplomas\u0131yla birlikte onur plaketi ve sizin bu plaketiniz. \u0130nsanlar\u0131n bilgi birikimini, gelece\u011fe miras olarak yaz\u0131yla aktarmas\u0131n\u0131 \u00e7ok anlaml\u0131 buluyorum. Yazmay\u0131 da \u00e7ok seviyorum\u201d diye konu\u015ftu. \u00a0<\/p>\n<p>Sohbette, her insan\u0131n bir hobisinin olmas\u0131 gerekti\u011fini de s\u00f6zlerine ekleyen Recep Ekinci \u015funlar\u0131 tavsiye etti: \u201cBenim hobim yaz\u0131 yazarak insanlara bir \u015feyler vererek, kendimi bu y\u00f6ne \u00e7ektim. Herkesin bir hobisi olmas\u0131 gerekiyor. Hobi de bana g\u00f6re insanl\u0131\u011fa faydal\u0131 bir hobi olmal\u0131\u2026\u201d<\/p>\n<p>\u200bB\u00f6lgenin ilk haber portal\u0131 \u2018Habere at\u0131lan imza\u2019 olarak markala\u015fan www.\u0130skenderun.org ve Sekt\u00f6rel Ekonomi Dergisi ekibi yazarlar\u0131na, katk\u0131lar\u0131ndan dolay\u0131 te\u015fekk\u00fcr plaketi takdim etmeyi s\u00fcrd\u00fcr\u00fcyor. \u00a0\u00a0Ekip, www.iskenderun.org\u2019a yaz\u0131lar\u0131yla katk\u0131 veren i\u015f insan\u0131 Herbalist Recep Ekinci\u2019ye te\u015fekk\u00fcr etti.\u00a0<\/p>\n<p>\u200bHaberin Al\u0131nt\u0131land\u0131\u011f\u0131 Kaynak: www.iskenderun.org<\/p>","protected":false},"excerpt":{"rendered":"<p>\u0130skenderun.org ve Sekt\u00f6rel Dergi imtiyaz sahibi Ufuk Aktu\u011f, Yaz\u0131 \u0130\u015fleri M\u00fcd\u00fcr\u00fc Halit Sapmaz ve \u0130dris Aydo\u011fan, \u0130SDEM\u0130R\u2019den sonra b\u00f6lgeyi \u00e7eli\u011fin merkezi haline getirecek, OSB\u2019nin geli\u015fimine \u00f6nemli katk\u0131 sunan Ekinciler Ailesinin, iyi bir y\u00f6netici, oldu\u011fu kadar 65 ya\u015f\u0131nda \u00fcniversite bitirip Herbalist olan i\u015f insan\u0131 Recep Ekinci\u2019yi tesiste ziyaret etti. Ho\u015f ve samimi bir ortamda ger\u00e7ekle\u015fen ziyarette Ufuk Aktu\u011f, Ekinci Ailesi\u2019nin \u0130skenderun ve b\u00f6lgesine, \u00f6nemli katk\u0131lar sa\u011flad\u0131\u011f\u0131n\u0131, katma de\u011fer ve istihdam anlam\u0131nda da \u00f6nemli rol oynad\u0131\u011f\u0131n\u0131 belirterek \u201cSiz Recep Ekinci olarak da yaz\u0131lar\u0131n\u0131zla bu kente, www.iskenderun.org arac\u0131l\u0131\u011f\u0131yla geni\u015f bir kitleye \u00f6nemli bilgiler aktar\u0131yorsunuz. Hayat felsefeniz, d\u00fcnya g\u00f6r\u00fc\u015f\u00fcn\u00fcz, bilgi birikimlerinizi payla\u015ft\u0131\u011f\u0131n\u0131z yaz\u0131lar\u0131n\u0131zla okur ve takip\u00e7i kitleniz taraf\u0131ndan da ilgi g\u00f6r\u00fcyor. Katk\u0131lar\u0131n\u0131zdan dolay\u0131 te\u015fekk\u00fcr ediyoruz\u201d dedi. \u0130\u015f insan\u0131, yazar ve Herbalist Recep Ekinci de, kendilerine taktim edilen plaketi \u00e7ok anlaml\u0131 buldu\u011funu ve \u00e7ok duyguland\u0131rd\u0131\u011f\u0131n\u0131 ifade ederek \u201cHayat\u0131nda \u00e7ok anlaml\u0131 buldu\u011fum plaketlerden biri bu sizin taktim etti\u011finiz plaket oldu\u011funu s\u00f6yleyebilirim. \u0130lki, lisede m\u00fcnazara yar\u0131\u015fmas\u0131n\u0131 kazand\u0131\u011f\u0131m\u0131zda bana taktim edilen belge, ikincisi 65 ya\u015f\u0131nda ald\u0131\u011f\u0131m \u00fcniversite diplomas\u0131yla birlikte onur plaketi ve sizin bu plaketiniz. \u0130nsanlar\u0131n bilgi birikimini, gelece\u011fe miras olarak yaz\u0131yla aktarmas\u0131n\u0131 \u00e7ok anlaml\u0131 buluyorum. Yazmay\u0131 da \u00e7ok seviyorum\u201d diye konu\u015ftu. \u00a0 Sohbette, her insan\u0131n bir hobisinin olmas\u0131 gerekti\u011fini de s\u00f6zlerine ekleyen Recep Ekinci \u015funlar\u0131 tavsiye etti: &hellip;<\/p>","protected":false},"author":1,"featured_media":0,"comment_status":"open","ping_status":"open","sticky":false,"template":"","format":"standard","meta":{"_acf_changed":false,"footnotes":""},"categories":[24],"tags":[],"class_list":["post-25249","post","type-post","status-publish","format-standard","has-post-thumbnail","hentry","category-gundem"],"acf":[],"yoast_head":"<!-- This site is optimized with the Yoast SEO Premium plugin v26.6 (Yoast SEO v27.1.1) - https:\/\/yoast.com\/product\/yoast-seo-premium-wordpress\/ -->\n<title>\u0130skenderun.org yazar\u0131 Ekinci&#039;ye Te\u015fekk\u00fcr\u2026 - Av. Deniz Can K\u0131z\u0131l<\/title>\n<meta name=\"robots\" content=\"index, follow, max-snippet:-1, max-image-preview:large, max-video-preview:-1\" \/>\n<link rel=\"canonical\" href=\"https:\/\/denizcankizil.tr\/ru\/haberler\/gundem\/iskenderun-org-yazari-ekinciye-tesekkur\/\" \/>\n<meta property=\"og:locale\" content=\"ru_RU\" \/>\n<meta property=\"og:type\" content=\"article\" \/>\n<meta property=\"og:title\" content=\"\u0130skenderun.org yazar\u0131 Ekinci&#039;ye Te\u015fekk\u00fcr\u2026\" \/>\n<meta property=\"og:description\" content=\"\u0130skenderun.org ve Sekt\u00f6rel Dergi imtiyaz sahibi Ufuk Aktu\u011f, Yaz\u0131 \u0130\u015fleri M\u00fcd\u00fcr\u00fc Halit Sapmaz ve \u0130dris Aydo\u011fan, \u0130SDEM\u0130R\u2019den sonra b\u00f6lgeyi \u00e7eli\u011fin merkezi haline getirecek, OSB\u2019nin geli\u015fimine \u00f6nemli katk\u0131 sunan Ekinciler Ailesinin, iyi bir y\u00f6netici, oldu\u011fu kadar 65 ya\u015f\u0131nda \u00fcniversite bitirip Herbalist olan i\u015f insan\u0131 Recep Ekinci\u2019yi tesiste ziyaret etti. Ho\u015f ve samimi bir ortamda ger\u00e7ekle\u015fen ziyarette Ufuk Aktu\u011f, Ekinci Ailesi\u2019nin \u0130skenderun ve b\u00f6lgesine, \u00f6nemli katk\u0131lar sa\u011flad\u0131\u011f\u0131n\u0131, katma de\u011fer ve istihdam anlam\u0131nda da \u00f6nemli rol oynad\u0131\u011f\u0131n\u0131 belirterek \u201cSiz Recep Ekinci olarak da yaz\u0131lar\u0131n\u0131zla bu kente, www.iskenderun.org arac\u0131l\u0131\u011f\u0131yla geni\u015f bir kitleye \u00f6nemli bilgiler aktar\u0131yorsunuz. Hayat felsefeniz, d\u00fcnya g\u00f6r\u00fc\u015f\u00fcn\u00fcz, bilgi birikimlerinizi payla\u015ft\u0131\u011f\u0131n\u0131z yaz\u0131lar\u0131n\u0131zla okur ve takip\u00e7i kitleniz taraf\u0131ndan da ilgi g\u00f6r\u00fcyor. Katk\u0131lar\u0131n\u0131zdan dolay\u0131 te\u015fekk\u00fcr ediyoruz\u201d dedi. \u0130\u015f insan\u0131, yazar ve Herbalist Recep Ekinci de, kendilerine taktim edilen plaketi \u00e7ok anlaml\u0131 buldu\u011funu ve \u00e7ok duyguland\u0131rd\u0131\u011f\u0131n\u0131 ifade ederek \u201cHayat\u0131nda \u00e7ok anlaml\u0131 buldu\u011fum plaketlerden biri bu sizin taktim etti\u011finiz plaket oldu\u011funu s\u00f6yleyebilirim. \u0130lki, lisede m\u00fcnazara yar\u0131\u015fmas\u0131n\u0131 kazand\u0131\u011f\u0131m\u0131zda bana taktim edilen belge, ikincisi 65 ya\u015f\u0131nda ald\u0131\u011f\u0131m \u00fcniversite diplomas\u0131yla birlikte onur plaketi ve sizin bu plaketiniz. \u0130nsanlar\u0131n bilgi birikimini, gelece\u011fe miras olarak yaz\u0131yla aktarmas\u0131n\u0131 \u00e7ok anlaml\u0131 buluyorum. Yazmay\u0131 da \u00e7ok seviyorum\u201d diye konu\u015ftu. \u00a0 Sohbette, her insan\u0131n bir hobisinin olmas\u0131 gerekti\u011fini de s\u00f6zlerine ekleyen Recep Ekinci \u015funlar\u0131 tavsiye etti: &hellip;\" \/>\n<meta property=\"og:url\" content=\"https:\/\/denizcankizil.tr\/ru\/haberler\/gundem\/iskenderun-org-yazari-ekinciye-tesekkur\/\" \/>\n<meta property=\"og:site_name\" content=\"Av. Deniz Can K\u0131z\u0131l\" \/>\n<meta property=\"article:published_time\" content=\"2025-01-14T11:41:34+00:00\" \/>\n<meta name=\"author\" content=\"admin\" \/>\n<meta name=\"twitter:card\" content=\"summary_large_image\" \/>\n<meta name=\"twitter:label1\" content=\"\u041d\u0430\u043f\u0438\u0441\u0430\u043d\u043e \u0430\u0432\u0442\u043e\u0440\u043e\u043c\" \/>\n\t<meta name=\"twitter:data1\" content=\"admin\" \/>\n\t<meta name=\"twitter:label2\" content=\"\u041f\u0440\u0438\u043c\u0435\u0440\u043d\u043e\u0435 \u0432\u0440\u0435\u043c\u044f \u0434\u043b\u044f \u0447\u0442\u0435\u043d\u0438\u044f\" \/>\n\t<meta name=\"twitter:data2\" content=\"2 \u043c\u0438\u043d\u0443\u0442\u044b\" \/>\n<script type=\"application\/ld+json\" class=\"yoast-schema-graph\">{\"@context\":\"https:\/\/schema.org\",\"@graph\":[{\"@type\":\"Article\",\"@id\":\"https:\/\/denizcankizil.tr\/ru\/haberler\/gundem\/iskenderun-org-yazari-ekinciye-tesekkur\/#article\",\"isPartOf\":{\"@id\":\"https:\/\/denizcankizil.tr\/ru\/haberler\/gundem\/iskenderun-org-yazari-ekinciye-tesekkur\/\"},\"author\":{\"name\":\"admin\",\"@id\":\"https:\/\/denizcankizil.tr\/de\/#\/schema\/person\/be3c05fe6a12686905512445d8185489\"},\"headline\":\"\u0130skenderun.org yazar\u0131 Ekinci&#8217;ye Te\u015fekk\u00fcr\u2026\",\"datePublished\":\"2025-01-14T11:41:34+00:00\",\"mainEntityOfPage\":{\"@id\":\"https:\/\/denizcankizil.tr\/ru\/haberler\/gundem\/iskenderun-org-yazari-ekinciye-tesekkur\/\"},\"wordCount\":374,\"commentCount\":0,\"publisher\":{\"@id\":\"https:\/\/denizcankizil.tr\/de\/#organization\"},\"articleSection\":[\"G\u00fcndem\"],\"inLanguage\":\"ru-RU\",\"potentialAction\":[{\"@type\":\"CommentAction\",\"name\":\"Comment\",\"target\":[\"https:\/\/denizcankizil.tr\/ru\/haberler\/gundem\/iskenderun-org-yazari-ekinciye-tesekkur\/#respond\"]}]},{\"@type\":\"WebPage\",\"@id\":\"https:\/\/denizcankizil.tr\/ru\/haberler\/gundem\/iskenderun-org-yazari-ekinciye-tesekkur\/\",\"url\":\"https:\/\/denizcankizil.tr\/ru\/haberler\/gundem\/iskenderun-org-yazari-ekinciye-tesekkur\/\",\"name\":\"\u0130skenderun.org yazar\u0131 Ekinci'ye Te\u015fekk\u00fcr\u2026 - Av. Deniz Can K\u0131z\u0131l\",\"isPartOf\":{\"@id\":\"https:\/\/denizcankizil.tr\/de\/#website\"},\"datePublished\":\"2025-01-14T11:41:34+00:00\",\"breadcrumb\":{\"@id\":\"https:\/\/denizcankizil.tr\/ru\/haberler\/gundem\/iskenderun-org-yazari-ekinciye-tesekkur\/#breadcrumb\"},\"inLanguage\":\"ru-RU\",\"potentialAction\":[{\"@type\":\"ReadAction\",\"target\":[\"https:\/\/denizcankizil.tr\/ru\/haberler\/gundem\/iskenderun-org-yazari-ekinciye-tesekkur\/\"]}]},{\"@type\":\"BreadcrumbList\",\"@id\":\"https:\/\/denizcankizil.tr\/ru\/haberler\/gundem\/iskenderun-org-yazari-ekinciye-tesekkur\/#breadcrumb\",\"itemListElement\":[{\"@type\":\"ListItem\",\"position\":1,\"name\":\"Home\",\"item\":\"https:\/\/denizcankizil.tr\/de\/\"},{\"@type\":\"ListItem\",\"position\":2,\"name\":\"\u0130skenderun.org yazar\u0131 Ekinci&#8217;ye Te\u015fekk\u00fcr\u2026\"}]},{\"@type\":\"WebSite\",\"@id\":\"https:\/\/denizcankizil.tr\/de\/#website\",\"url\":\"https:\/\/denizcankizil.tr\/de\/\",\"name\":\"Av. Deniz Can K\u0131z\u0131l\",\"description\":\"Avukat Deniz Can K\u0131z\u0131l Antalya Barosu\",\"publisher\":{\"@id\":\"https:\/\/denizcankizil.tr\/de\/#organization\"},\"potentialAction\":[{\"@type\":\"SearchAction\",\"target\":{\"@type\":\"EntryPoint\",\"urlTemplate\":\"https:\/\/denizcankizil.tr\/de\/?s={search_term_string}\"},\"query-input\":{\"@type\":\"PropertyValueSpecification\",\"valueRequired\":true,\"valueName\":\"search_term_string\"}}],\"inLanguage\":\"ru-RU\"},{\"@type\":\"Organization\",\"@id\":\"https:\/\/denizcankizil.tr\/de\/#organization\",\"name\":\"Av. Deniz Can K\u0131z\u0131l\",\"url\":\"https:\/\/denizcankizil.tr\/de\/\",\"logo\":{\"@type\":\"ImageObject\",\"inLanguage\":\"ru-RU\",\"@id\":\"https:\/\/denizcankizil.tr\/de\/#\/schema\/logo\/image\/\",\"url\":\"https:\/\/denizcankizil.tr\/wp-content\/uploads\/2024\/10\/siyah-logo-svg.svg\",\"contentUrl\":\"https:\/\/denizcankizil.tr\/wp-content\/uploads\/2024\/10\/siyah-logo-svg.svg\",\"width\":1080,\"height\":1080,\"caption\":\"Av. Deniz Can K\u0131z\u0131l\"},\"image\":{\"@id\":\"https:\/\/denizcankizil.tr\/de\/#\/schema\/logo\/image\/\"}},{\"@type\":\"Person\",\"@id\":\"https:\/\/denizcankizil.tr\/de\/#\/schema\/person\/be3c05fe6a12686905512445d8185489\",\"name\":\"admin\",\"image\":{\"@type\":\"ImageObject\",\"inLanguage\":\"ru-RU\",\"@id\":\"https:\/\/denizcankizil.tr\/de\/#\/schema\/person\/image\/\",\"url\":\"https:\/\/secure.gravatar.com\/avatar\/c1fce94c830dc79107e174f890d7210541c4a63e8e5d816341794a2151c9d58c?s=96&d=mm&r=g\",\"contentUrl\":\"https:\/\/secure.gravatar.com\/avatar\/c1fce94c830dc79107e174f890d7210541c4a63e8e5d816341794a2151c9d58c?s=96&d=mm&r=g\",\"caption\":\"admin\"},\"sameAs\":[\"http:\/\/denizcankizil.tr\"],\"url\":\"https:\/\/www.iskenderun.org\/iskenderunorg-yazari-ekinciye-tesekkur\"}]}<\/script>\n<!-- \/ Yoast SEO Premium plugin. -->","yoast_head_json":{"title":"\u0130skenderun.org yazar\u0131 Ekinci'ye Te\u015fekk\u00fcr\u2026 - Av. Deniz Can K\u0131z\u0131l","robots":{"index":"index","follow":"follow","max-snippet":"max-snippet:-1","max-image-preview":"max-image-preview:large","max-video-preview":"max-video-preview:-1"},"canonical":"https:\/\/denizcankizil.tr\/ru\/haberler\/gundem\/iskenderun-org-yazari-ekinciye-tesekkur\/","og_locale":"ru_RU","og_type":"article","og_title":"\u0130skenderun.org yazar\u0131 Ekinci'ye Te\u015fekk\u00fcr\u2026","og_description":"\u0130skenderun.org ve Sekt\u00f6rel Dergi imtiyaz sahibi Ufuk Aktu\u011f, Yaz\u0131 \u0130\u015fleri M\u00fcd\u00fcr\u00fc Halit Sapmaz ve \u0130dris Aydo\u011fan, \u0130SDEM\u0130R\u2019den sonra b\u00f6lgeyi \u00e7eli\u011fin merkezi haline getirecek, OSB\u2019nin geli\u015fimine \u00f6nemli katk\u0131 sunan Ekinciler Ailesinin, iyi bir y\u00f6netici, oldu\u011fu kadar 65 ya\u015f\u0131nda \u00fcniversite bitirip Herbalist olan i\u015f insan\u0131 Recep Ekinci\u2019yi tesiste ziyaret etti. Ho\u015f ve samimi bir ortamda ger\u00e7ekle\u015fen ziyarette Ufuk Aktu\u011f, Ekinci Ailesi\u2019nin \u0130skenderun ve b\u00f6lgesine, \u00f6nemli katk\u0131lar sa\u011flad\u0131\u011f\u0131n\u0131, katma de\u011fer ve istihdam anlam\u0131nda da \u00f6nemli rol oynad\u0131\u011f\u0131n\u0131 belirterek \u201cSiz Recep Ekinci olarak da yaz\u0131lar\u0131n\u0131zla bu kente, www.iskenderun.org arac\u0131l\u0131\u011f\u0131yla geni\u015f bir kitleye \u00f6nemli bilgiler aktar\u0131yorsunuz. Hayat felsefeniz, d\u00fcnya g\u00f6r\u00fc\u015f\u00fcn\u00fcz, bilgi birikimlerinizi payla\u015ft\u0131\u011f\u0131n\u0131z yaz\u0131lar\u0131n\u0131zla okur ve takip\u00e7i kitleniz taraf\u0131ndan da ilgi g\u00f6r\u00fcyor. Katk\u0131lar\u0131n\u0131zdan dolay\u0131 te\u015fekk\u00fcr ediyoruz\u201d dedi. \u0130\u015f insan\u0131, yazar ve Herbalist Recep Ekinci de, kendilerine taktim edilen plaketi \u00e7ok anlaml\u0131 buldu\u011funu ve \u00e7ok duyguland\u0131rd\u0131\u011f\u0131n\u0131 ifade ederek \u201cHayat\u0131nda \u00e7ok anlaml\u0131 buldu\u011fum plaketlerden biri bu sizin taktim etti\u011finiz plaket oldu\u011funu s\u00f6yleyebilirim. \u0130lki, lisede m\u00fcnazara yar\u0131\u015fmas\u0131n\u0131 kazand\u0131\u011f\u0131m\u0131zda bana taktim edilen belge, ikincisi 65 ya\u015f\u0131nda ald\u0131\u011f\u0131m \u00fcniversite diplomas\u0131yla birlikte onur plaketi ve sizin bu plaketiniz. \u0130nsanlar\u0131n bilgi birikimini, gelece\u011fe miras olarak yaz\u0131yla aktarmas\u0131n\u0131 \u00e7ok anlaml\u0131 buluyorum. Yazmay\u0131 da \u00e7ok seviyorum\u201d diye konu\u015ftu. \u00a0 Sohbette, her insan\u0131n bir hobisinin olmas\u0131 gerekti\u011fini de s\u00f6zlerine ekleyen Recep Ekinci \u015funlar\u0131 tavsiye etti: &hellip;","og_url":"https:\/\/denizcankizil.tr\/ru\/haberler\/gundem\/iskenderun-org-yazari-ekinciye-tesekkur\/","og_site_name":"Av. Deniz Can K\u0131z\u0131l","article_published_time":"2025-01-14T11:41:34+00:00","author":"admin","twitter_card":"summary_large_image","twitter_misc":{"\u041d\u0430\u043f\u0438\u0441\u0430\u043d\u043e \u0430\u0432\u0442\u043e\u0440\u043e\u043c":"admin","\u041f\u0440\u0438\u043c\u0435\u0440\u043d\u043e\u0435 \u0432\u0440\u0435\u043c\u044f \u0434\u043b\u044f \u0447\u0442\u0435\u043d\u0438\u044f":"2 \u043c\u0438\u043d\u0443\u0442\u044b"},"schema":{"@context":"https:\/\/schema.org","@graph":[{"@type":"Article","@id":"https:\/\/denizcankizil.tr\/ru\/haberler\/gundem\/iskenderun-org-yazari-ekinciye-tesekkur\/#article","isPartOf":{"@id":"https:\/\/denizcankizil.tr\/ru\/haberler\/gundem\/iskenderun-org-yazari-ekinciye-tesekkur\/"},"author":{"name":"admin","@id":"https:\/\/denizcankizil.tr\/de\/#\/schema\/person\/be3c05fe6a12686905512445d8185489"},"headline":"\u0130skenderun.org yazar\u0131 Ekinci&#8217;ye Te\u015fekk\u00fcr\u2026","datePublished":"2025-01-14T11:41:34+00:00","mainEntityOfPage":{"@id":"https:\/\/denizcankizil.tr\/ru\/haberler\/gundem\/iskenderun-org-yazari-ekinciye-tesekkur\/"},"wordCount":374,"commentCount":0,"publisher":{"@id":"https:\/\/denizcankizil.tr\/de\/#organization"},"articleSection":["G\u00fcndem"],"inLanguage":"ru-RU","potentialAction":[{"@type":"CommentAction","name":"Comment","target":["https:\/\/denizcankizil.tr\/ru\/haberler\/gundem\/iskenderun-org-yazari-ekinciye-tesekkur\/#respond"]}]},{"@type":"WebPage","@id":"https:\/\/denizcankizil.tr\/ru\/haberler\/gundem\/iskenderun-org-yazari-ekinciye-tesekkur\/","url":"https:\/\/denizcankizil.tr\/ru\/haberler\/gundem\/iskenderun-org-yazari-ekinciye-tesekkur\/","name":"\u0130skenderun.org yazar\u0131 Ekinci'ye Te\u015fekk\u00fcr\u2026 - Av. Deniz Can K\u0131z\u0131l","isPartOf":{"@id":"https:\/\/denizcankizil.tr\/de\/#website"},"datePublished":"2025-01-14T11:41:34+00:00","breadcrumb":{"@id":"https:\/\/denizcankizil.tr\/ru\/haberler\/gundem\/iskenderun-org-yazari-ekinciye-tesekkur\/#breadcrumb"},"inLanguage":"ru-RU","potentialAction":[{"@type":"ReadAction","target":["https:\/\/denizcankizil.tr\/ru\/haberler\/gundem\/iskenderun-org-yazari-ekinciye-tesekkur\/"]}]},{"@type":"BreadcrumbList","@id":"https:\/\/denizcankizil.tr\/ru\/haberler\/gundem\/iskenderun-org-yazari-ekinciye-tesekkur\/#breadcrumb","itemListElement":[{"@type":"ListItem","position":1,"name":"Home","item":"https:\/\/denizcankizil.tr\/de\/"},{"@type":"ListItem","position":2,"name":"\u0130skenderun.org yazar\u0131 Ekinci&#8217;ye Te\u015fekk\u00fcr\u2026"}]},{"@type":"WebSite","@id":"https:\/\/denizcankizil.tr\/de\/#website","url":"https:\/\/denizcankizil.tr\/de\/","name":"Av. Deniz Can K\u0131z\u0131l","description":"Avukat Deniz Can K\u0131z\u0131l Antalya Barosu","publisher":{"@id":"https:\/\/denizcankizil.tr\/de\/#organization"},"potentialAction":[{"@type":"SearchAction","target":{"@type":"EntryPoint","urlTemplate":"https:\/\/denizcankizil.tr\/de\/?s={search_term_string}"},"query-input":{"@type":"PropertyValueSpecification","valueRequired":true,"valueName":"search_term_string"}}],"inLanguage":"ru-RU"},{"@type":"Organization","@id":"https:\/\/denizcankizil.tr\/de\/#organization","name":"Av. Deniz Can K\u0131z\u0131l","url":"https:\/\/denizcankizil.tr\/de\/","logo":{"@type":"ImageObject","inLanguage":"ru-RU","@id":"https:\/\/denizcankizil.tr\/de\/#\/schema\/logo\/image\/","url":"https:\/\/denizcankizil.tr\/wp-content\/uploads\/2024\/10\/siyah-logo-svg.svg","contentUrl":"https:\/\/denizcankizil.tr\/wp-content\/uploads\/2024\/10\/siyah-logo-svg.svg","width":1080,"height":1080,"caption":"Av. Deniz Can K\u0131z\u0131l"},"image":{"@id":"https:\/\/denizcankizil.tr\/de\/#\/schema\/logo\/image\/"}},{"@type":"Person","@id":"https:\/\/denizcankizil.tr\/de\/#\/schema\/person\/be3c05fe6a12686905512445d8185489","name":"\u0430\u0434\u043c\u0438\u043d","image":{"@type":"ImageObject","inLanguage":"ru-RU","@id":"https:\/\/denizcankizil.tr\/de\/#\/schema\/person\/image\/","url":"https:\/\/secure.gravatar.com\/avatar\/c1fce94c830dc79107e174f890d7210541c4a63e8e5d816341794a2151c9d58c?s=96&d=mm&r=g","contentUrl":"https:\/\/secure.gravatar.com\/avatar\/c1fce94c830dc79107e174f890d7210541c4a63e8e5d816341794a2151c9d58c?s=96&d=mm&r=g","caption":"admin"},"sameAs":["http:\/\/denizcankizil.tr"],"url":"https:\/\/www.iskenderun.org\/iskenderunorg-yazari-ekinciye-tesekkur"}]}},"_links":{"self":[{"href":"https:\/\/denizcankizil.tr\/ru\/wp-json\/wp\/v2\/posts\/25249","targetHints":{"allow":["GET"]}}],"collection":[{"href":"https:\/\/denizcankizil.tr\/ru\/wp-json\/wp\/v2\/posts"}],"about":[{"href":"https:\/\/denizcankizil.tr\/ru\/wp-json\/wp\/v2\/types\/post"}],"author":[{"embeddable":true,"href":"https:\/\/denizcankizil.tr\/ru\/wp-json\/wp\/v2\/users\/1"}],"replies":[{"embeddable":true,"href":"https:\/\/denizcankizil.tr\/ru\/wp-json\/wp\/v2\/comments?post=25249"}],"version-history":[{"count":0,"href":"https:\/\/denizcankizil.tr\/ru\/wp-json\/wp\/v2\/posts\/25249\/revisions"}],"wp:attachment":[{"href":"https:\/\/denizcankizil.tr\/ru\/wp-json\/wp\/v2\/media?parent=25249"}],"wp:term":[{"taxonomy":"category","embeddable":true,"href":"https:\/\/denizcankizil.tr\/ru\/wp-json\/wp\/v2\/categories?post=25249"},{"taxonomy":"post_tag","embeddable":true,"href":"https:\/\/denizcankizil.tr\/ru\/wp-json\/wp\/v2\/tags?post=25249"}],"curies":[{"name":"wp","href":"https:\/\/api.w.org\/{rel}","templated":true}]}}