{"id":25203,"date":"2025-01-14T10:42:37","date_gmt":"2025-01-14T07:42:37","guid":{"rendered":"https:\/\/denizcankizil.tr\/uncategorized-tr\/antalyadan-suriyeye-yardim-seferberligi\/"},"modified":"2025-01-14T10:42:37","modified_gmt":"2025-01-14T07:42:37","slug":"antalyadan-suriyeye-yardim-seferberligi","status":"publish","type":"post","link":"https:\/\/denizcankizil.tr\/ru\/haberler\/gundem\/antalyadan-suriyeye-yardim-seferberligi\/","title":{"rendered":"Antalya&#8217;dan Suriye\u2019ye yard\u0131m seferberli\u011fi\u2026"},"content":{"rendered":"<p>Suriye\u2019de sava\u015fkan etkilenen \u00e7ocuklar i\u00e7in yard\u0131m kampanyalar\u0131 devam ediyor. T\u00fcrkiye Diyanet Vakf\u0131 Antalya \u015eubesi Gen\u00e7 TDV g\u00f6n\u00fcll\u00fcleri taraf\u0131ndan d\u00fczenlenen kampanyada toplanan 700 adet bot ve mont, Suriye&#8217;nin Cinderes ve Afrin kentlerinde ihtiya\u00e7 sahibi \u00e7ocuklara ula\u015ft\u0131r\u0131ld\u0131. Ayr\u0131ca d\u00fczenlenen programlarda pamuk \u015feker ve m\u0131s\u0131r ikram\u0131yla \u00e7ocuklar\u0131n y\u00fczleri g\u00fcld\u00fcr\u00fcld\u00fc.<\/p>\n<p>SUR\u0130YE\u2019DE T\u00d6REN D\u00dcZENLEND\u0130<\/p>\n<p>Cinderes ve Afrin\u2019de d\u00fczenlenen da\u011f\u0131t\u0131ma Antalya \u0130l M\u00fcft\u00fc Yard\u0131mc\u0131s\u0131 \u015eeyda Emine Y\u0131lmaz, Hatay \u0130l M\u00fcft\u00fc Yard\u0131mc\u0131s\u0131 Bilge \u00d6zdemir, Afrin M\u00fcft\u00fcs\u00fc Salahaddin Kuru, Cinderes M\u00fcft\u00fcs\u00fc \u015eeyh Mahmud, Suriye Koordinat\u00f6r\u00fc Yusuf Keser ile Gen\u00e7 TDV G\u00f6n\u00fcll\u00fcleri Yunus Emre Tatl\u0131, Ekrem Ak\u0131nkan ve Merve Yi\u011fit kat\u0131ld\u0131.<\/p>\n<p>SUR\u0130YE\u2019DE YEN\u0130 B\u0130R D\u00d6NEM BA\u015eLADI<\/p>\n<p>Kampanya ile ilgili bilgi veren Antalya \u0130l M\u00fcft\u00fcs\u00fc ve T\u00fcrkiye Diyanet Vakf\u0131 Antalya \u015eube Ba\u015fkan\u0131 Nazif Fethi Yal\u00e7\u0131nkaya, Suriye&#8217;de yeni bir d\u00f6nemin ba\u015flad\u0131\u011f\u0131n\u0131 belirtti. Yal\u00e7\u0131nkaya, \u00a0\u201cDiyanet \u0130\u015fleri Ba\u015fkanl\u0131\u011f\u0131m\u0131z\u0131n \u00f6nc\u00fcl\u00fc\u011f\u00fc ile as\u0131rlard\u0131r ayn\u0131 co\u011frafyada birlikte ya\u015fad\u0131\u011f\u0131m\u0131z Suriyeli karde\u015flerimizin ac\u0131s\u0131n\u0131 dindirmek, sorunlar\u0131na \u00e7\u00f6z\u00fcm \u00fcretmek i\u00e7in bir\u00e7ok alanda insani yard\u0131mlar ger\u00e7ekle\u015ftirdik\u201d dedi.<\/p>\n<p>\u200bT\u00fcrkiye Diyanet Vakf\u0131 Antalya \u015eubesi Gen\u00e7 TDV g\u00f6n\u00fcll\u00fcleri taraf\u0131ndan, Suriye\u2019deki \u00f6\u011frenciler i\u00e7in bot ve mont kampanyas\u0131 d\u00fczenlendi\u00a0<\/p>\n<p>\u200bHaberin Al\u0131nt\u0131land\u0131\u011f\u0131 Kaynak: www.antalyakorfez.com<\/p>","protected":false},"excerpt":{"rendered":"<p>Suriye\u2019de sava\u015fkan etkilenen \u00e7ocuklar i\u00e7in yard\u0131m kampanyalar\u0131 devam ediyor. T\u00fcrkiye Diyanet Vakf\u0131 Antalya \u015eubesi Gen\u00e7 TDV g\u00f6n\u00fcll\u00fcleri taraf\u0131ndan d\u00fczenlenen kampanyada toplanan 700 adet bot ve mont, Suriye&#8217;nin Cinderes ve Afrin kentlerinde ihtiya\u00e7 sahibi \u00e7ocuklara ula\u015ft\u0131r\u0131ld\u0131. Ayr\u0131ca d\u00fczenlenen programlarda pamuk \u015feker ve m\u0131s\u0131r ikram\u0131yla \u00e7ocuklar\u0131n y\u00fczleri g\u00fcld\u00fcr\u00fcld\u00fc. SUR\u0130YE\u2019DE T\u00d6REN D\u00dcZENLEND\u0130 Cinderes ve Afrin\u2019de d\u00fczenlenen da\u011f\u0131t\u0131ma Antalya \u0130l M\u00fcft\u00fc Yard\u0131mc\u0131s\u0131 \u015eeyda Emine Y\u0131lmaz, Hatay \u0130l M\u00fcft\u00fc Yard\u0131mc\u0131s\u0131 Bilge \u00d6zdemir, Afrin M\u00fcft\u00fcs\u00fc Salahaddin Kuru, Cinderes M\u00fcft\u00fcs\u00fc \u015eeyh Mahmud, Suriye Koordinat\u00f6r\u00fc Yusuf Keser ile Gen\u00e7 TDV G\u00f6n\u00fcll\u00fcleri Yunus Emre Tatl\u0131, Ekrem Ak\u0131nkan ve Merve Yi\u011fit kat\u0131ld\u0131. SUR\u0130YE\u2019DE YEN\u0130 B\u0130R D\u00d6NEM BA\u015eLADI Kampanya ile ilgili bilgi veren Antalya \u0130l M\u00fcft\u00fcs\u00fc ve T\u00fcrkiye Diyanet Vakf\u0131 Antalya \u015eube Ba\u015fkan\u0131 Nazif Fethi Yal\u00e7\u0131nkaya, Suriye&#8217;de yeni bir d\u00f6nemin ba\u015flad\u0131\u011f\u0131n\u0131 belirtti. Yal\u00e7\u0131nkaya, \u00a0\u201cDiyanet \u0130\u015fleri Ba\u015fkanl\u0131\u011f\u0131m\u0131z\u0131n \u00f6nc\u00fcl\u00fc\u011f\u00fc ile as\u0131rlard\u0131r ayn\u0131 co\u011frafyada birlikte ya\u015fad\u0131\u011f\u0131m\u0131z Suriyeli karde\u015flerimizin ac\u0131s\u0131n\u0131 dindirmek, sorunlar\u0131na \u00e7\u00f6z\u00fcm \u00fcretmek i\u00e7in bir\u00e7ok alanda insani yard\u0131mlar ger\u00e7ekle\u015ftirdik\u201d dedi. \u200bT\u00fcrkiye Diyanet Vakf\u0131 Antalya \u015eubesi Gen\u00e7 TDV g\u00f6n\u00fcll\u00fcleri taraf\u0131ndan, Suriye\u2019deki \u00f6\u011frenciler i\u00e7in bot ve mont kampanyas\u0131 d\u00fczenlendi\u00a0 \u200bHaberin Al\u0131nt\u0131land\u0131\u011f\u0131 Kaynak: www.antalyakorfez.com<\/p>","protected":false},"author":5,"featured_media":0,"comment_status":"open","ping_status":"open","sticky":false,"template":"","format":"standard","meta":{"_acf_changed":false,"footnotes":""},"categories":[24],"tags":[],"class_list":["post-25203","post","type-post","status-publish","format-standard","has-post-thumbnail","hentry","category-gundem"],"acf":[],"yoast_head":"<!-- This site is optimized with the Yoast SEO Premium plugin v26.6 (Yoast SEO v27.1.1) - https:\/\/yoast.com\/product\/yoast-seo-premium-wordpress\/ -->\n<title>Antalya&#039;dan Suriye\u2019ye yard\u0131m seferberli\u011fi\u2026 - Av. Deniz Can K\u0131z\u0131l<\/title>\n<meta name=\"robots\" content=\"index, follow, max-snippet:-1, max-image-preview:large, max-video-preview:-1\" \/>\n<link rel=\"canonical\" href=\"https:\/\/denizcankizil.tr\/ru\/haberler\/gundem\/antalyadan-suriyeye-yardim-seferberligi\/\" \/>\n<meta property=\"og:locale\" content=\"ru_RU\" \/>\n<meta property=\"og:type\" content=\"article\" \/>\n<meta property=\"og:title\" content=\"Antalya&#039;dan Suriye\u2019ye yard\u0131m seferberli\u011fi\u2026\" \/>\n<meta property=\"og:description\" content=\"Suriye\u2019de sava\u015fkan etkilenen \u00e7ocuklar i\u00e7in yard\u0131m kampanyalar\u0131 devam ediyor. T\u00fcrkiye Diyanet Vakf\u0131 Antalya \u015eubesi Gen\u00e7 TDV g\u00f6n\u00fcll\u00fcleri taraf\u0131ndan d\u00fczenlenen kampanyada toplanan 700 adet bot ve mont, Suriye&#8217;nin Cinderes ve Afrin kentlerinde ihtiya\u00e7 sahibi \u00e7ocuklara ula\u015ft\u0131r\u0131ld\u0131. Ayr\u0131ca d\u00fczenlenen programlarda pamuk \u015feker ve m\u0131s\u0131r ikram\u0131yla \u00e7ocuklar\u0131n y\u00fczleri g\u00fcld\u00fcr\u00fcld\u00fc. SUR\u0130YE\u2019DE T\u00d6REN D\u00dcZENLEND\u0130 Cinderes ve Afrin\u2019de d\u00fczenlenen da\u011f\u0131t\u0131ma Antalya \u0130l M\u00fcft\u00fc Yard\u0131mc\u0131s\u0131 \u015eeyda Emine Y\u0131lmaz, Hatay \u0130l M\u00fcft\u00fc Yard\u0131mc\u0131s\u0131 Bilge \u00d6zdemir, Afrin M\u00fcft\u00fcs\u00fc Salahaddin Kuru, Cinderes M\u00fcft\u00fcs\u00fc \u015eeyh Mahmud, Suriye Koordinat\u00f6r\u00fc Yusuf Keser ile Gen\u00e7 TDV G\u00f6n\u00fcll\u00fcleri Yunus Emre Tatl\u0131, Ekrem Ak\u0131nkan ve Merve Yi\u011fit kat\u0131ld\u0131. SUR\u0130YE\u2019DE YEN\u0130 B\u0130R D\u00d6NEM BA\u015eLADI Kampanya ile ilgili bilgi veren Antalya \u0130l M\u00fcft\u00fcs\u00fc ve T\u00fcrkiye Diyanet Vakf\u0131 Antalya \u015eube Ba\u015fkan\u0131 Nazif Fethi Yal\u00e7\u0131nkaya, Suriye&#8217;de yeni bir d\u00f6nemin ba\u015flad\u0131\u011f\u0131n\u0131 belirtti. Yal\u00e7\u0131nkaya, \u00a0\u201cDiyanet \u0130\u015fleri Ba\u015fkanl\u0131\u011f\u0131m\u0131z\u0131n \u00f6nc\u00fcl\u00fc\u011f\u00fc ile as\u0131rlard\u0131r ayn\u0131 co\u011frafyada birlikte ya\u015fad\u0131\u011f\u0131m\u0131z Suriyeli karde\u015flerimizin ac\u0131s\u0131n\u0131 dindirmek, sorunlar\u0131na \u00e7\u00f6z\u00fcm \u00fcretmek i\u00e7in bir\u00e7ok alanda insani yard\u0131mlar ger\u00e7ekle\u015ftirdik\u201d dedi. \u200bT\u00fcrkiye Diyanet Vakf\u0131 Antalya \u015eubesi Gen\u00e7 TDV g\u00f6n\u00fcll\u00fcleri taraf\u0131ndan, Suriye\u2019deki \u00f6\u011frenciler i\u00e7in bot ve mont kampanyas\u0131 d\u00fczenlendi\u00a0 \u200bHaberin Al\u0131nt\u0131land\u0131\u011f\u0131 Kaynak: www.antalyakorfez.com\" \/>\n<meta property=\"og:url\" content=\"https:\/\/denizcankizil.tr\/ru\/haberler\/gundem\/antalyadan-suriyeye-yardim-seferberligi\/\" \/>\n<meta property=\"og:site_name\" content=\"Av. Deniz Can K\u0131z\u0131l\" \/>\n<meta property=\"article:published_time\" content=\"2025-01-14T07:42:37+00:00\" \/>\n<meta name=\"author\" content=\"Antalya K\u00f6rfez\" \/>\n<meta name=\"twitter:card\" content=\"summary_large_image\" \/>\n<meta name=\"twitter:label1\" content=\"\u041d\u0430\u043f\u0438\u0441\u0430\u043d\u043e \u0430\u0432\u0442\u043e\u0440\u043e\u043c\" \/>\n\t<meta name=\"twitter:data1\" content=\"Antalya K\u00f6rfez\" \/>\n\t<meta name=\"twitter:label2\" content=\"\u041f\u0440\u0438\u043c\u0435\u0440\u043d\u043e\u0435 \u0432\u0440\u0435\u043c\u044f \u0434\u043b\u044f \u0447\u0442\u0435\u043d\u0438\u044f\" \/>\n\t<meta name=\"twitter:data2\" content=\"1 \u043c\u0438\u043d\u0443\u0442\u0430\" \/>\n<script type=\"application\/ld+json\" class=\"yoast-schema-graph\">{\"@context\":\"https:\/\/schema.org\",\"@graph\":[{\"@type\":\"Article\",\"@id\":\"https:\/\/denizcankizil.tr\/ru\/haberler\/gundem\/antalyadan-suriyeye-yardim-seferberligi\/#article\",\"isPartOf\":{\"@id\":\"https:\/\/denizcankizil.tr\/ru\/haberler\/gundem\/antalyadan-suriyeye-yardim-seferberligi\/\"},\"author\":{\"name\":\"Antalya K\u00f6rfez\",\"@id\":\"https:\/\/denizcankizil.tr\/#\/schema\/person\/e1eb71bb4dd684d46563f0af307e1234\"},\"headline\":\"Antalya&#8217;dan Suriye\u2019ye yard\u0131m seferberli\u011fi\u2026\",\"datePublished\":\"2025-01-14T07:42:37+00:00\",\"mainEntityOfPage\":{\"@id\":\"https:\/\/denizcankizil.tr\/ru\/haberler\/gundem\/antalyadan-suriyeye-yardim-seferberligi\/\"},\"wordCount\":272,\"commentCount\":0,\"publisher\":{\"@id\":\"https:\/\/denizcankizil.tr\/#organization\"},\"articleSection\":[\"G\u00fcndem\"],\"inLanguage\":\"ru-RU\",\"potentialAction\":[{\"@type\":\"CommentAction\",\"name\":\"Comment\",\"target\":[\"https:\/\/denizcankizil.tr\/ru\/haberler\/gundem\/antalyadan-suriyeye-yardim-seferberligi\/#respond\"]}]},{\"@type\":\"WebPage\",\"@id\":\"https:\/\/denizcankizil.tr\/ru\/haberler\/gundem\/antalyadan-suriyeye-yardim-seferberligi\/\",\"url\":\"https:\/\/denizcankizil.tr\/ru\/haberler\/gundem\/antalyadan-suriyeye-yardim-seferberligi\/\",\"name\":\"Antalya'dan Suriye\u2019ye yard\u0131m seferberli\u011fi\u2026 - Av. Deniz Can K\u0131z\u0131l\",\"isPartOf\":{\"@id\":\"https:\/\/denizcankizil.tr\/#website\"},\"datePublished\":\"2025-01-14T07:42:37+00:00\",\"breadcrumb\":{\"@id\":\"https:\/\/denizcankizil.tr\/ru\/haberler\/gundem\/antalyadan-suriyeye-yardim-seferberligi\/#breadcrumb\"},\"inLanguage\":\"ru-RU\",\"potentialAction\":[{\"@type\":\"ReadAction\",\"target\":[\"https:\/\/denizcankizil.tr\/ru\/haberler\/gundem\/antalyadan-suriyeye-yardim-seferberligi\/\"]}]},{\"@type\":\"BreadcrumbList\",\"@id\":\"https:\/\/denizcankizil.tr\/ru\/haberler\/gundem\/antalyadan-suriyeye-yardim-seferberligi\/#breadcrumb\",\"itemListElement\":[{\"@type\":\"ListItem\",\"position\":1,\"name\":\"Home\",\"item\":\"https:\/\/denizcankizil.tr\/de\/\"},{\"@type\":\"ListItem\",\"position\":2,\"name\":\"Antalya&#8217;dan Suriye\u2019ye yard\u0131m seferberli\u011fi\u2026\"}]},{\"@type\":\"WebSite\",\"@id\":\"https:\/\/denizcankizil.tr\/#website\",\"url\":\"https:\/\/denizcankizil.tr\/\",\"name\":\"Av. Deniz Can K\u0131z\u0131l\",\"description\":\"Avukat Deniz Can K\u0131z\u0131l Antalya Barosu\",\"publisher\":{\"@id\":\"https:\/\/denizcankizil.tr\/#organization\"},\"potentialAction\":[{\"@type\":\"SearchAction\",\"target\":{\"@type\":\"EntryPoint\",\"urlTemplate\":\"https:\/\/denizcankizil.tr\/?s={search_term_string}\"},\"query-input\":{\"@type\":\"PropertyValueSpecification\",\"valueRequired\":true,\"valueName\":\"search_term_string\"}}],\"inLanguage\":\"ru-RU\"},{\"@type\":\"Organization\",\"@id\":\"https:\/\/denizcankizil.tr\/#organization\",\"name\":\"Av. Deniz Can K\u0131z\u0131l\",\"url\":\"https:\/\/denizcankizil.tr\/\",\"logo\":{\"@type\":\"ImageObject\",\"inLanguage\":\"ru-RU\",\"@id\":\"https:\/\/denizcankizil.tr\/#\/schema\/logo\/image\/\",\"url\":\"https:\/\/denizcankizil.tr\/wp-content\/uploads\/2024\/10\/siyah-logo-svg.svg\",\"contentUrl\":\"https:\/\/denizcankizil.tr\/wp-content\/uploads\/2024\/10\/siyah-logo-svg.svg\",\"width\":1080,\"height\":1080,\"caption\":\"Av. Deniz Can K\u0131z\u0131l\"},\"image\":{\"@id\":\"https:\/\/denizcankizil.tr\/#\/schema\/logo\/image\/\"}},{\"@type\":\"Person\",\"@id\":\"https:\/\/denizcankizil.tr\/#\/schema\/person\/e1eb71bb4dd684d46563f0af307e1234\",\"name\":\"Antalya K\u00f6rfez\",\"image\":{\"@type\":\"ImageObject\",\"inLanguage\":\"ru-RU\",\"@id\":\"https:\/\/denizcankizil.tr\/#\/schema\/person\/image\/\",\"url\":\"https:\/\/secure.gravatar.com\/avatar\/42b01982558a48a0b501fdcab6a408d3717ea5919095ee2e67b0e521799c5905?s=96&d=mm&r=g\",\"contentUrl\":\"https:\/\/secure.gravatar.com\/avatar\/42b01982558a48a0b501fdcab6a408d3717ea5919095ee2e67b0e521799c5905?s=96&d=mm&r=g\",\"caption\":\"Antalya K\u00f6rfez\"},\"sameAs\":[\"http:\/\/www.antalyakorfez.com\"],\"url\":\"https:\/\/www.antalyakorfez.com\/antalyadan-suriyeye-yardim-seferberligi\"}]}<\/script>\n<!-- \/ Yoast SEO Premium plugin. -->","yoast_head_json":{"title":"Antalya'dan Suriye\u2019ye yard\u0131m seferberli\u011fi\u2026 - Av. Deniz Can K\u0131z\u0131l","robots":{"index":"index","follow":"follow","max-snippet":"max-snippet:-1","max-image-preview":"max-image-preview:large","max-video-preview":"max-video-preview:-1"},"canonical":"https:\/\/denizcankizil.tr\/ru\/haberler\/gundem\/antalyadan-suriyeye-yardim-seferberligi\/","og_locale":"ru_RU","og_type":"article","og_title":"Antalya'dan Suriye\u2019ye yard\u0131m seferberli\u011fi\u2026","og_description":"Suriye\u2019de sava\u015fkan etkilenen \u00e7ocuklar i\u00e7in yard\u0131m kampanyalar\u0131 devam ediyor. T\u00fcrkiye Diyanet Vakf\u0131 Antalya \u015eubesi Gen\u00e7 TDV g\u00f6n\u00fcll\u00fcleri taraf\u0131ndan d\u00fczenlenen kampanyada toplanan 700 adet bot ve mont, Suriye&#8217;nin Cinderes ve Afrin kentlerinde ihtiya\u00e7 sahibi \u00e7ocuklara ula\u015ft\u0131r\u0131ld\u0131. Ayr\u0131ca d\u00fczenlenen programlarda pamuk \u015feker ve m\u0131s\u0131r ikram\u0131yla \u00e7ocuklar\u0131n y\u00fczleri g\u00fcld\u00fcr\u00fcld\u00fc. SUR\u0130YE\u2019DE T\u00d6REN D\u00dcZENLEND\u0130 Cinderes ve Afrin\u2019de d\u00fczenlenen da\u011f\u0131t\u0131ma Antalya \u0130l M\u00fcft\u00fc Yard\u0131mc\u0131s\u0131 \u015eeyda Emine Y\u0131lmaz, Hatay \u0130l M\u00fcft\u00fc Yard\u0131mc\u0131s\u0131 Bilge \u00d6zdemir, Afrin M\u00fcft\u00fcs\u00fc Salahaddin Kuru, Cinderes M\u00fcft\u00fcs\u00fc \u015eeyh Mahmud, Suriye Koordinat\u00f6r\u00fc Yusuf Keser ile Gen\u00e7 TDV G\u00f6n\u00fcll\u00fcleri Yunus Emre Tatl\u0131, Ekrem Ak\u0131nkan ve Merve Yi\u011fit kat\u0131ld\u0131. SUR\u0130YE\u2019DE YEN\u0130 B\u0130R D\u00d6NEM BA\u015eLADI Kampanya ile ilgili bilgi veren Antalya \u0130l M\u00fcft\u00fcs\u00fc ve T\u00fcrkiye Diyanet Vakf\u0131 Antalya \u015eube Ba\u015fkan\u0131 Nazif Fethi Yal\u00e7\u0131nkaya, Suriye&#8217;de yeni bir d\u00f6nemin ba\u015flad\u0131\u011f\u0131n\u0131 belirtti. Yal\u00e7\u0131nkaya, \u00a0\u201cDiyanet \u0130\u015fleri Ba\u015fkanl\u0131\u011f\u0131m\u0131z\u0131n \u00f6nc\u00fcl\u00fc\u011f\u00fc ile as\u0131rlard\u0131r ayn\u0131 co\u011frafyada birlikte ya\u015fad\u0131\u011f\u0131m\u0131z Suriyeli karde\u015flerimizin ac\u0131s\u0131n\u0131 dindirmek, sorunlar\u0131na \u00e7\u00f6z\u00fcm \u00fcretmek i\u00e7in bir\u00e7ok alanda insani yard\u0131mlar ger\u00e7ekle\u015ftirdik\u201d dedi. \u200bT\u00fcrkiye Diyanet Vakf\u0131 Antalya \u015eubesi Gen\u00e7 TDV g\u00f6n\u00fcll\u00fcleri taraf\u0131ndan, Suriye\u2019deki \u00f6\u011frenciler i\u00e7in bot ve mont kampanyas\u0131 d\u00fczenlendi\u00a0 \u200bHaberin Al\u0131nt\u0131land\u0131\u011f\u0131 Kaynak: www.antalyakorfez.com","og_url":"https:\/\/denizcankizil.tr\/ru\/haberler\/gundem\/antalyadan-suriyeye-yardim-seferberligi\/","og_site_name":"Av. Deniz Can K\u0131z\u0131l","article_published_time":"2025-01-14T07:42:37+00:00","author":"Antalya K\u00f6rfez","twitter_card":"summary_large_image","twitter_misc":{"\u041d\u0430\u043f\u0438\u0441\u0430\u043d\u043e \u0430\u0432\u0442\u043e\u0440\u043e\u043c":"Antalya K\u00f6rfez","\u041f\u0440\u0438\u043c\u0435\u0440\u043d\u043e\u0435 \u0432\u0440\u0435\u043c\u044f \u0434\u043b\u044f \u0447\u0442\u0435\u043d\u0438\u044f":"1 \u043c\u0438\u043d\u0443\u0442\u0430"},"schema":{"@context":"https:\/\/schema.org","@graph":[{"@type":"Article","@id":"https:\/\/denizcankizil.tr\/ru\/haberler\/gundem\/antalyadan-suriyeye-yardim-seferberligi\/#article","isPartOf":{"@id":"https:\/\/denizcankizil.tr\/ru\/haberler\/gundem\/antalyadan-suriyeye-yardim-seferberligi\/"},"author":{"name":"Antalya K\u00f6rfez","@id":"https:\/\/denizcankizil.tr\/#\/schema\/person\/e1eb71bb4dd684d46563f0af307e1234"},"headline":"Antalya&#8217;dan Suriye\u2019ye yard\u0131m seferberli\u011fi\u2026","datePublished":"2025-01-14T07:42:37+00:00","mainEntityOfPage":{"@id":"https:\/\/denizcankizil.tr\/ru\/haberler\/gundem\/antalyadan-suriyeye-yardim-seferberligi\/"},"wordCount":272,"commentCount":0,"publisher":{"@id":"https:\/\/denizcankizil.tr\/#organization"},"articleSection":["G\u00fcndem"],"inLanguage":"ru-RU","potentialAction":[{"@type":"CommentAction","name":"Comment","target":["https:\/\/denizcankizil.tr\/ru\/haberler\/gundem\/antalyadan-suriyeye-yardim-seferberligi\/#respond"]}]},{"@type":"WebPage","@id":"https:\/\/denizcankizil.tr\/ru\/haberler\/gundem\/antalyadan-suriyeye-yardim-seferberligi\/","url":"https:\/\/denizcankizil.tr\/ru\/haberler\/gundem\/antalyadan-suriyeye-yardim-seferberligi\/","name":"Antalya'dan Suriye\u2019ye yard\u0131m seferberli\u011fi\u2026 - Av. Deniz Can K\u0131z\u0131l","isPartOf":{"@id":"https:\/\/denizcankizil.tr\/#website"},"datePublished":"2025-01-14T07:42:37+00:00","breadcrumb":{"@id":"https:\/\/denizcankizil.tr\/ru\/haberler\/gundem\/antalyadan-suriyeye-yardim-seferberligi\/#breadcrumb"},"inLanguage":"ru-RU","potentialAction":[{"@type":"ReadAction","target":["https:\/\/denizcankizil.tr\/ru\/haberler\/gundem\/antalyadan-suriyeye-yardim-seferberligi\/"]}]},{"@type":"BreadcrumbList","@id":"https:\/\/denizcankizil.tr\/ru\/haberler\/gundem\/antalyadan-suriyeye-yardim-seferberligi\/#breadcrumb","itemListElement":[{"@type":"ListItem","position":1,"name":"Home","item":"https:\/\/denizcankizil.tr\/de\/"},{"@type":"ListItem","position":2,"name":"Antalya&#8217;dan Suriye\u2019ye yard\u0131m seferberli\u011fi\u2026"}]},{"@type":"WebSite","@id":"https:\/\/denizcankizil.tr\/#website","url":"https:\/\/denizcankizil.tr\/","name":"Av. Deniz Can K\u0131z\u0131l","description":"Avukat Deniz Can K\u0131z\u0131l Antalya Barosu","publisher":{"@id":"https:\/\/denizcankizil.tr\/#organization"},"potentialAction":[{"@type":"SearchAction","target":{"@type":"EntryPoint","urlTemplate":"https:\/\/denizcankizil.tr\/?s={search_term_string}"},"query-input":{"@type":"PropertyValueSpecification","valueRequired":true,"valueName":"search_term_string"}}],"inLanguage":"ru-RU"},{"@type":"Organization","@id":"https:\/\/denizcankizil.tr\/#organization","name":"Av. Deniz Can K\u0131z\u0131l","url":"https:\/\/denizcankizil.tr\/","logo":{"@type":"ImageObject","inLanguage":"ru-RU","@id":"https:\/\/denizcankizil.tr\/#\/schema\/logo\/image\/","url":"https:\/\/denizcankizil.tr\/wp-content\/uploads\/2024\/10\/siyah-logo-svg.svg","contentUrl":"https:\/\/denizcankizil.tr\/wp-content\/uploads\/2024\/10\/siyah-logo-svg.svg","width":1080,"height":1080,"caption":"Av. Deniz Can K\u0131z\u0131l"},"image":{"@id":"https:\/\/denizcankizil.tr\/#\/schema\/logo\/image\/"}},{"@type":"Person","@id":"https:\/\/denizcankizil.tr\/#\/schema\/person\/e1eb71bb4dd684d46563f0af307e1234","name":"Antalya K\u00f6rfez","image":{"@type":"ImageObject","inLanguage":"ru-RU","@id":"https:\/\/denizcankizil.tr\/#\/schema\/person\/image\/","url":"https:\/\/secure.gravatar.com\/avatar\/42b01982558a48a0b501fdcab6a408d3717ea5919095ee2e67b0e521799c5905?s=96&d=mm&r=g","contentUrl":"https:\/\/secure.gravatar.com\/avatar\/42b01982558a48a0b501fdcab6a408d3717ea5919095ee2e67b0e521799c5905?s=96&d=mm&r=g","caption":"Antalya K\u00f6rfez"},"sameAs":["http:\/\/www.antalyakorfez.com"],"url":"https:\/\/www.antalyakorfez.com\/antalyadan-suriyeye-yardim-seferberligi"}]}},"_links":{"self":[{"href":"https:\/\/denizcankizil.tr\/ru\/wp-json\/wp\/v2\/posts\/25203","targetHints":{"allow":["GET"]}}],"collection":[{"href":"https:\/\/denizcankizil.tr\/ru\/wp-json\/wp\/v2\/posts"}],"about":[{"href":"https:\/\/denizcankizil.tr\/ru\/wp-json\/wp\/v2\/types\/post"}],"author":[{"embeddable":true,"href":"https:\/\/denizcankizil.tr\/ru\/wp-json\/wp\/v2\/users\/5"}],"replies":[{"embeddable":true,"href":"https:\/\/denizcankizil.tr\/ru\/wp-json\/wp\/v2\/comments?post=25203"}],"version-history":[{"count":0,"href":"https:\/\/denizcankizil.tr\/ru\/wp-json\/wp\/v2\/posts\/25203\/revisions"}],"wp:attachment":[{"href":"https:\/\/denizcankizil.tr\/ru\/wp-json\/wp\/v2\/media?parent=25203"}],"wp:term":[{"taxonomy":"category","embeddable":true,"href":"https:\/\/denizcankizil.tr\/ru\/wp-json\/wp\/v2\/categories?post=25203"},{"taxonomy":"post_tag","embeddable":true,"href":"https:\/\/denizcankizil.tr\/ru\/wp-json\/wp\/v2\/tags?post=25203"}],"curies":[{"name":"wp","href":"https:\/\/api.w.org\/{rel}","templated":true}]}}