{"id":25134,"date":"2025-01-13T16:41:38","date_gmt":"2025-01-13T13:41:38","guid":{"rendered":"https:\/\/denizcankizil.tr\/uncategorized-tr\/kuzey-kibrisin-kahramanlari-antalyada-anildi\/"},"modified":"2025-01-13T16:41:38","modified_gmt":"2025-01-13T13:41:38","slug":"kuzey-kibrisin-kahramanlari-antalyada-anildi","status":"publish","type":"post","link":"https:\/\/denizcankizil.tr\/ru\/haberler\/gundem\/kuzey-kibrisin-kahramanlari-antalyada-anildi\/","title":{"rendered":"Kuzey K\u0131br\u0131s&#8217;\u0131n kahramanlar\u0131 Antalya&#8217;da an\u0131ld\u0131"},"content":{"rendered":"<p>Kuzey K\u0131br\u0131s T\u00fcrk Cumhuriyeti\u2019nin Kurucu Cumhurba\u015fkan\u0131 Rauf Raif Denkta\u015f ve T\u00fcrk Mukavemet Te\u015fkilat\u0131 lideri Dr. Faz\u0131l K\u00fc\u00e7\u00fck\u2019\u00fcn \u00f6l\u00fcm y\u0131l d\u00f6n\u00fcm\u00fc dolay\u0131s\u0131yla Antalya\u2019da anma t\u00f6reni d\u00fczenlendi.<\/p>\n<p>YAVRU VATANIN \u0130K\u0130 L\u0130DER\u0130 DUALARLA ANILDI\u00a0<\/p>\n<p>Kuzey K\u0131br\u0131s T\u00fcrk Cumhuriyeti Kurucu Cumhurba\u015fkan\u0131 Rauf Raif Denkta\u015f\u2019\u0131n vefat\u0131n\u0131n 13. y\u0131l d\u00f6n\u00fcm\u00fc ve T\u00fcrk Mukavemet Te\u015fkilat\u0131 lideri Dr. Faz\u0131l K\u00fc\u00e7\u00fck\u2019\u00fcn vefat\u0131n\u0131n 41. y\u0131l d\u00f6n\u00fcm\u00fc dolay\u0131s\u0131yla anma t\u00f6reni d\u00fczenlendi. K\u0131br\u0131s T\u00fcrk K\u00fclt\u00fcr Derne\u011fi Antalya \u015eubesi koordinesinde ger\u00e7ekle\u015ftirilen t\u00f6ren, sayg\u0131 duru\u015fu ve \u0130stiklal Mar\u015f\u0131 ile ba\u015flad\u0131. Daha sonra Rauf Raif Denkta\u015f ve Dr. Faz\u0131l K\u00fc\u00e7\u00fck\u2019\u00fcn, K\u0131br\u0131s T\u00fcrk halk\u0131n\u0131n ba\u011f\u0131ms\u0131zl\u0131k m\u00fccadelesi u\u011fruna verdi\u011fi emekler ve g\u00f6sterdikleri fedak\u00e2rl\u0131klar hat\u0131rlat\u0131larak her iki lider dualarla y\u00e2d edildi.<\/p>\n<p>HULUS\u0130 \u015eAH\u0130N&#8217;DE KATILDI\u00a0<\/p>\n<p>K\u0131br\u0131s \u015eehitleri Park\u0131\u2019nda ger\u00e7ekle\u015ftirilen anma t\u00f6renine Antalya Valisi Hulusi \u015eahin, Muratpa\u015fa Kaymakam\u0131 \u0130hsan Kara, Muratpa\u015fa Belediye Ba\u015fkan\u0131 \u00dcmit Uysal, KKTC Antalya Ba\u015fkonsolosu Asl\u0131 Erkmen, 3. Piyade E\u011fitim Tugay\u0131 Komutan\u0131 Piyade Albay H\u00fcseyin Y\u0131lmaz, K\u0131br\u0131s T\u00fcrk K\u00fclt\u00fcr Derne\u011fi Antalya \u015eube Ba\u015fkan\u0131 Vural \u00d6nal, T\u00fcrkiye Muharip Gaziler Derne\u011fi Antalya \u015eube Ba\u015fkan\u0131 Emekli Albay Zeynel Abidin Sezer, STK temsilcileri, gaziler ve vatanda\u015flar kat\u0131ld\u0131.<\/p>\n<p>B\u00dcY\u00dcK DAVAYA \u0130NANAN KAHRAMANLARA BOR\u00c7LUYUZ\u00a0<\/p>\n<p>T\u00f6rende yapt\u0131\u011f\u0131 konu\u015fmada Rauf Raif Denkta\u015f ve Dr. Faz\u0131l K\u00fc\u00e7\u00fck\u2019\u00fcn hayatlar\u0131n\u0131 K\u0131br\u0131s davas\u0131na ve K\u0131br\u0131s T\u00fcrklerinin haklar\u0131na adad\u0131klar\u0131n\u0131 ifade eden Vali \u015eahin, &#8220;T\u00fcrk milleti i\u00e7in en \u00f6nemli olan \u015fey, ba\u011f\u0131ms\u0131zl\u0131k ve \u00f6zg\u00fcrl\u00fckt\u00fcr. Her T\u00fcrk vatanda\u015f\u0131n\u0131n ortak hissiyat\u0131 budur. Cumhuriyetimizin kurucusu Gazi Mustafa Kemal Atat\u00fcrk, &#8216;\u0130stiklal ve Cumhuriyet, benim karakterimdir&#8217; s\u00f6zleri ile bunu a\u00e7\u0131k\u00e7a belirtmi\u015ftir. Dr. Faz\u0131l K\u00fc\u00e7\u00fck ve Rauf Raif Denkta\u015f, hayatlar\u0131n\u0131 K\u0131br\u0131s T\u00fcrk davas\u0131na vakfettiler. Bug\u00fcn, Kuzey K\u0131br\u0131s T\u00fcrk Cumhuriyeti, d\u00fcnyan\u0131n onurlu devletleri aras\u0131nda yer al\u0131yorsa, bunu o b\u00fcy\u00fck davaya inanan kahramanlara bor\u00e7luyuz&#8221; ifadelerini kulland\u0131.<\/p>\n<p>HAKSIZ AMBARGOLARIN KALDIRILDI\u011eI G\u00dcNLER\u0130 G\u00d6RECE\u011e\u0130Z\u00a0<\/p>\n<p>Kuzey K\u0131br\u0131s T\u00fcrk Cumhuriyeti ile T\u00fcrk d\u00fcnyas\u0131 aras\u0131ndaki karde\u015flik ba\u011f\u0131n\u0131n her zaman devam edece\u011fini belirten Vali \u015eahin, \u201cKuzey K\u0131br\u0131s T\u00fcrk Cumhuriyeti her ge\u00e7en y\u0131l daha da g\u00fc\u00e7lenmekte ve b\u00fcy\u00fcmektedir. \u0130nan\u0131yorum ki \u00e7ok k\u0131sa bir s\u00fcre i\u00e7erisinde Kuzey K\u0131br\u0131s T\u00fcrk Cumhuriyeti\u2019nin di\u011fer \u00fclkeler taraf\u0131ndan tan\u0131nd\u0131\u011f\u0131, haks\u0131z ambargolar\u0131n kald\u0131r\u0131ld\u0131\u011f\u0131 g\u00fcnleri g\u00f6rece\u011fiz. Ba\u015fta T\u00fcrkiye olmak \u00fczere T\u00fcrk d\u00fcnyas\u0131n\u0131n deste\u011fi, Kuzey K\u0131br\u0131s T\u00fcrk Cumhuriyeti&#8217;nin arkas\u0131nda dimdik durmaktad\u0131r. Bu dava sadece K\u0131br\u0131s T\u00fcrk halk\u0131n\u0131n de\u011fil, b\u00fct\u00fcn T\u00fcrk d\u00fcnyas\u0131n\u0131n davas\u0131d\u0131r ve \u00f6yle kalacakt\u0131r&#8221; ifadelerine yer verdi.<\/p>\n<p>\u200bAntalya&#8217;da yavru vatan Kuzey K\u0131br\u0131s T\u00fcrk Cumhuriyeti&#8217;nin Kurucusu Cumhurba\u015fkan\u0131 Rauf Raif Denkta\u015f ve T\u00fcrk Mukavemet Te\u015fkilat\u0131 lideri Dr. Faz\u0131l K\u00fc\u00e7\u00fck an\u0131ld\u0131. T\u00f6rende konu\u015fan Antalya Valisi Hulusi \u015eahin, &#8220;Bug\u00fcn, Kuzey K\u0131br\u0131s T\u00fcrk Cumhuriyeti, d\u00fcnyan\u0131n onurlu devletleri aras\u0131nda yer al\u0131yorsa, bunu o b\u00fcy\u00fck davaya inanan kahramanlara bor\u00e7luyuz&#8221; dedi.\u00a0<\/p>\n<p>\u200bHaberin Al\u0131nt\u0131land\u0131\u011f\u0131 Kaynak: www.antalyakorfez.com<\/p>","protected":false},"excerpt":{"rendered":"<p>Kuzey K\u0131br\u0131s T\u00fcrk Cumhuriyeti\u2019nin Kurucu Cumhurba\u015fkan\u0131 Rauf Raif Denkta\u015f ve T\u00fcrk Mukavemet Te\u015fkilat\u0131 lideri Dr. Faz\u0131l K\u00fc\u00e7\u00fck\u2019\u00fcn \u00f6l\u00fcm y\u0131l d\u00f6n\u00fcm\u00fc dolay\u0131s\u0131yla Antalya\u2019da anma t\u00f6reni d\u00fczenlendi. YAVRU VATANIN \u0130K\u0130 L\u0130DER\u0130 DUALARLA ANILDI\u00a0 Kuzey K\u0131br\u0131s T\u00fcrk Cumhuriyeti Kurucu Cumhurba\u015fkan\u0131 Rauf Raif Denkta\u015f\u2019\u0131n vefat\u0131n\u0131n 13. y\u0131l d\u00f6n\u00fcm\u00fc ve T\u00fcrk Mukavemet Te\u015fkilat\u0131 lideri Dr. Faz\u0131l K\u00fc\u00e7\u00fck\u2019\u00fcn vefat\u0131n\u0131n 41. y\u0131l d\u00f6n\u00fcm\u00fc dolay\u0131s\u0131yla anma t\u00f6reni d\u00fczenlendi. K\u0131br\u0131s T\u00fcrk K\u00fclt\u00fcr Derne\u011fi Antalya \u015eubesi koordinesinde ger\u00e7ekle\u015ftirilen t\u00f6ren, sayg\u0131 duru\u015fu ve \u0130stiklal Mar\u015f\u0131 ile ba\u015flad\u0131. Daha sonra Rauf Raif Denkta\u015f ve Dr. Faz\u0131l K\u00fc\u00e7\u00fck\u2019\u00fcn, K\u0131br\u0131s T\u00fcrk halk\u0131n\u0131n ba\u011f\u0131ms\u0131zl\u0131k m\u00fccadelesi u\u011fruna verdi\u011fi emekler ve g\u00f6sterdikleri fedak\u00e2rl\u0131klar hat\u0131rlat\u0131larak her iki lider dualarla y\u00e2d edildi. HULUS\u0130 \u015eAH\u0130N&#8217;DE KATILDI\u00a0 K\u0131br\u0131s \u015eehitleri Park\u0131\u2019nda ger\u00e7ekle\u015ftirilen anma t\u00f6renine Antalya Valisi Hulusi \u015eahin, Muratpa\u015fa Kaymakam\u0131 \u0130hsan Kara, Muratpa\u015fa Belediye Ba\u015fkan\u0131 \u00dcmit Uysal, KKTC Antalya Ba\u015fkonsolosu Asl\u0131 Erkmen, 3. Piyade E\u011fitim Tugay\u0131 Komutan\u0131 Piyade Albay H\u00fcseyin Y\u0131lmaz, K\u0131br\u0131s T\u00fcrk K\u00fclt\u00fcr Derne\u011fi Antalya \u015eube Ba\u015fkan\u0131 Vural \u00d6nal, T\u00fcrkiye Muharip Gaziler Derne\u011fi Antalya \u015eube Ba\u015fkan\u0131 Emekli Albay Zeynel Abidin Sezer, STK temsilcileri, gaziler ve vatanda\u015flar kat\u0131ld\u0131. B\u00dcY\u00dcK DAVAYA \u0130NANAN KAHRAMANLARA BOR\u00c7LUYUZ\u00a0 T\u00f6rende yapt\u0131\u011f\u0131 konu\u015fmada Rauf Raif Denkta\u015f ve Dr. Faz\u0131l K\u00fc\u00e7\u00fck\u2019\u00fcn hayatlar\u0131n\u0131 K\u0131br\u0131s davas\u0131na ve K\u0131br\u0131s T\u00fcrklerinin haklar\u0131na adad\u0131klar\u0131n\u0131 ifade eden Vali \u015eahin, &#8220;T\u00fcrk milleti i\u00e7in en \u00f6nemli olan \u015fey, &hellip;<\/p>","protected":false},"author":5,"featured_media":0,"comment_status":"open","ping_status":"open","sticky":false,"template":"","format":"standard","meta":{"_acf_changed":false,"footnotes":""},"categories":[24],"tags":[],"class_list":["post-25134","post","type-post","status-publish","format-standard","has-post-thumbnail","hentry","category-gundem"],"acf":[],"yoast_head":"<!-- This site is optimized with the Yoast SEO Premium plugin v26.6 (Yoast SEO v27.1.1) - https:\/\/yoast.com\/product\/yoast-seo-premium-wordpress\/ -->\n<title>Kuzey K\u0131br\u0131s&#039;\u0131n kahramanlar\u0131 Antalya&#039;da an\u0131ld\u0131 - Av. Deniz Can K\u0131z\u0131l<\/title>\n<meta name=\"robots\" content=\"index, follow, max-snippet:-1, max-image-preview:large, max-video-preview:-1\" \/>\n<link rel=\"canonical\" href=\"https:\/\/denizcankizil.tr\/ru\/haberler\/gundem\/kuzey-kibrisin-kahramanlari-antalyada-anildi\/\" \/>\n<meta property=\"og:locale\" content=\"ru_RU\" \/>\n<meta property=\"og:type\" content=\"article\" \/>\n<meta property=\"og:title\" content=\"Kuzey K\u0131br\u0131s&#039;\u0131n kahramanlar\u0131 Antalya&#039;da an\u0131ld\u0131\" \/>\n<meta property=\"og:description\" content=\"Kuzey K\u0131br\u0131s T\u00fcrk Cumhuriyeti\u2019nin Kurucu Cumhurba\u015fkan\u0131 Rauf Raif Denkta\u015f ve T\u00fcrk Mukavemet Te\u015fkilat\u0131 lideri Dr. Faz\u0131l K\u00fc\u00e7\u00fck\u2019\u00fcn \u00f6l\u00fcm y\u0131l d\u00f6n\u00fcm\u00fc dolay\u0131s\u0131yla Antalya\u2019da anma t\u00f6reni d\u00fczenlendi. YAVRU VATANIN \u0130K\u0130 L\u0130DER\u0130 DUALARLA ANILDI\u00a0 Kuzey K\u0131br\u0131s T\u00fcrk Cumhuriyeti Kurucu Cumhurba\u015fkan\u0131 Rauf Raif Denkta\u015f\u2019\u0131n vefat\u0131n\u0131n 13. y\u0131l d\u00f6n\u00fcm\u00fc ve T\u00fcrk Mukavemet Te\u015fkilat\u0131 lideri Dr. Faz\u0131l K\u00fc\u00e7\u00fck\u2019\u00fcn vefat\u0131n\u0131n 41. y\u0131l d\u00f6n\u00fcm\u00fc dolay\u0131s\u0131yla anma t\u00f6reni d\u00fczenlendi. K\u0131br\u0131s T\u00fcrk K\u00fclt\u00fcr Derne\u011fi Antalya \u015eubesi koordinesinde ger\u00e7ekle\u015ftirilen t\u00f6ren, sayg\u0131 duru\u015fu ve \u0130stiklal Mar\u015f\u0131 ile ba\u015flad\u0131. Daha sonra Rauf Raif Denkta\u015f ve Dr. Faz\u0131l K\u00fc\u00e7\u00fck\u2019\u00fcn, K\u0131br\u0131s T\u00fcrk halk\u0131n\u0131n ba\u011f\u0131ms\u0131zl\u0131k m\u00fccadelesi u\u011fruna verdi\u011fi emekler ve g\u00f6sterdikleri fedak\u00e2rl\u0131klar hat\u0131rlat\u0131larak her iki lider dualarla y\u00e2d edildi. HULUS\u0130 \u015eAH\u0130N&#8217;DE KATILDI\u00a0 K\u0131br\u0131s \u015eehitleri Park\u0131\u2019nda ger\u00e7ekle\u015ftirilen anma t\u00f6renine Antalya Valisi Hulusi \u015eahin, Muratpa\u015fa Kaymakam\u0131 \u0130hsan Kara, Muratpa\u015fa Belediye Ba\u015fkan\u0131 \u00dcmit Uysal, KKTC Antalya Ba\u015fkonsolosu Asl\u0131 Erkmen, 3. Piyade E\u011fitim Tugay\u0131 Komutan\u0131 Piyade Albay H\u00fcseyin Y\u0131lmaz, K\u0131br\u0131s T\u00fcrk K\u00fclt\u00fcr Derne\u011fi Antalya \u015eube Ba\u015fkan\u0131 Vural \u00d6nal, T\u00fcrkiye Muharip Gaziler Derne\u011fi Antalya \u015eube Ba\u015fkan\u0131 Emekli Albay Zeynel Abidin Sezer, STK temsilcileri, gaziler ve vatanda\u015flar kat\u0131ld\u0131. B\u00dcY\u00dcK DAVAYA \u0130NANAN KAHRAMANLARA BOR\u00c7LUYUZ\u00a0 T\u00f6rende yapt\u0131\u011f\u0131 konu\u015fmada Rauf Raif Denkta\u015f ve Dr. Faz\u0131l K\u00fc\u00e7\u00fck\u2019\u00fcn hayatlar\u0131n\u0131 K\u0131br\u0131s davas\u0131na ve K\u0131br\u0131s T\u00fcrklerinin haklar\u0131na adad\u0131klar\u0131n\u0131 ifade eden Vali \u015eahin, &#8220;T\u00fcrk milleti i\u00e7in en \u00f6nemli olan \u015fey, &hellip;\" \/>\n<meta property=\"og:url\" content=\"https:\/\/denizcankizil.tr\/ru\/haberler\/gundem\/kuzey-kibrisin-kahramanlari-antalyada-anildi\/\" \/>\n<meta property=\"og:site_name\" content=\"Av. Deniz Can K\u0131z\u0131l\" \/>\n<meta property=\"article:published_time\" content=\"2025-01-13T13:41:38+00:00\" \/>\n<meta name=\"author\" content=\"Antalya K\u00f6rfez\" \/>\n<meta name=\"twitter:card\" content=\"summary_large_image\" \/>\n<meta name=\"twitter:label1\" content=\"\u041d\u0430\u043f\u0438\u0441\u0430\u043d\u043e \u0430\u0432\u0442\u043e\u0440\u043e\u043c\" \/>\n\t<meta name=\"twitter:data1\" content=\"Antalya K\u00f6rfez\" \/>\n\t<meta name=\"twitter:label2\" content=\"\u041f\u0440\u0438\u043c\u0435\u0440\u043d\u043e\u0435 \u0432\u0440\u0435\u043c\u044f \u0434\u043b\u044f \u0447\u0442\u0435\u043d\u0438\u044f\" \/>\n\t<meta name=\"twitter:data2\" content=\"3 \u043c\u0438\u043d\u0443\u0442\u044b\" \/>\n<script type=\"application\/ld+json\" class=\"yoast-schema-graph\">{\"@context\":\"https:\/\/schema.org\",\"@graph\":[{\"@type\":\"Article\",\"@id\":\"https:\/\/denizcankizil.tr\/en\/haberler\/gundem\/kuzey-kibrisin-kahramanlari-antalyada-anildi\/#article\",\"isPartOf\":{\"@id\":\"https:\/\/denizcankizil.tr\/en\/haberler\/gundem\/kuzey-kibrisin-kahramanlari-antalyada-anildi\/\"},\"author\":{\"name\":\"Antalya K\u00f6rfez\",\"@id\":\"https:\/\/denizcankizil.tr\/de\/#\/schema\/person\/e1eb71bb4dd684d46563f0af307e1234\"},\"headline\":\"Kuzey K\u0131br\u0131s&#8217;\u0131n kahramanlar\u0131 Antalya&#8217;da an\u0131ld\u0131\",\"datePublished\":\"2025-01-13T13:41:38+00:00\",\"mainEntityOfPage\":{\"@id\":\"https:\/\/denizcankizil.tr\/en\/haberler\/gundem\/kuzey-kibrisin-kahramanlari-antalyada-anildi\/\"},\"wordCount\":649,\"commentCount\":0,\"publisher\":{\"@id\":\"https:\/\/denizcankizil.tr\/de\/#organization\"},\"articleSection\":[\"G\u00fcndem\"],\"inLanguage\":\"ru-RU\",\"potentialAction\":[{\"@type\":\"CommentAction\",\"name\":\"Comment\",\"target\":[\"https:\/\/denizcankizil.tr\/en\/haberler\/gundem\/kuzey-kibrisin-kahramanlari-antalyada-anildi\/#respond\"]}]},{\"@type\":\"WebPage\",\"@id\":\"https:\/\/denizcankizil.tr\/en\/haberler\/gundem\/kuzey-kibrisin-kahramanlari-antalyada-anildi\/\",\"url\":\"https:\/\/denizcankizil.tr\/en\/haberler\/gundem\/kuzey-kibrisin-kahramanlari-antalyada-anildi\/\",\"name\":\"Kuzey K\u0131br\u0131s'\u0131n kahramanlar\u0131 Antalya'da an\u0131ld\u0131 - Av. Deniz Can K\u0131z\u0131l\",\"isPartOf\":{\"@id\":\"https:\/\/denizcankizil.tr\/de\/#website\"},\"datePublished\":\"2025-01-13T13:41:38+00:00\",\"breadcrumb\":{\"@id\":\"https:\/\/denizcankizil.tr\/en\/haberler\/gundem\/kuzey-kibrisin-kahramanlari-antalyada-anildi\/#breadcrumb\"},\"inLanguage\":\"ru-RU\",\"potentialAction\":[{\"@type\":\"ReadAction\",\"target\":[\"https:\/\/denizcankizil.tr\/en\/haberler\/gundem\/kuzey-kibrisin-kahramanlari-antalyada-anildi\/\"]}]},{\"@type\":\"BreadcrumbList\",\"@id\":\"https:\/\/denizcankizil.tr\/en\/haberler\/gundem\/kuzey-kibrisin-kahramanlari-antalyada-anildi\/#breadcrumb\",\"itemListElement\":[{\"@type\":\"ListItem\",\"position\":1,\"name\":\"Home\",\"item\":\"https:\/\/denizcankizil.tr\/de\/\"},{\"@type\":\"ListItem\",\"position\":2,\"name\":\"Kuzey K\u0131br\u0131s&#8217;\u0131n kahramanlar\u0131 Antalya&#8217;da an\u0131ld\u0131\"}]},{\"@type\":\"WebSite\",\"@id\":\"https:\/\/denizcankizil.tr\/de\/#website\",\"url\":\"https:\/\/denizcankizil.tr\/de\/\",\"name\":\"Av. Deniz Can K\u0131z\u0131l\",\"description\":\"Avukat Deniz Can K\u0131z\u0131l Antalya Barosu\",\"publisher\":{\"@id\":\"https:\/\/denizcankizil.tr\/de\/#organization\"},\"potentialAction\":[{\"@type\":\"SearchAction\",\"target\":{\"@type\":\"EntryPoint\",\"urlTemplate\":\"https:\/\/denizcankizil.tr\/de\/?s={search_term_string}\"},\"query-input\":{\"@type\":\"PropertyValueSpecification\",\"valueRequired\":true,\"valueName\":\"search_term_string\"}}],\"inLanguage\":\"ru-RU\"},{\"@type\":\"Organization\",\"@id\":\"https:\/\/denizcankizil.tr\/de\/#organization\",\"name\":\"Av. Deniz Can K\u0131z\u0131l\",\"url\":\"https:\/\/denizcankizil.tr\/de\/\",\"logo\":{\"@type\":\"ImageObject\",\"inLanguage\":\"ru-RU\",\"@id\":\"https:\/\/denizcankizil.tr\/de\/#\/schema\/logo\/image\/\",\"url\":\"https:\/\/denizcankizil.tr\/wp-content\/uploads\/2024\/10\/siyah-logo-svg.svg\",\"contentUrl\":\"https:\/\/denizcankizil.tr\/wp-content\/uploads\/2024\/10\/siyah-logo-svg.svg\",\"width\":1080,\"height\":1080,\"caption\":\"Av. Deniz Can K\u0131z\u0131l\"},\"image\":{\"@id\":\"https:\/\/denizcankizil.tr\/de\/#\/schema\/logo\/image\/\"}},{\"@type\":\"Person\",\"@id\":\"https:\/\/denizcankizil.tr\/de\/#\/schema\/person\/e1eb71bb4dd684d46563f0af307e1234\",\"name\":\"Antalya K\u00f6rfez\",\"image\":{\"@type\":\"ImageObject\",\"inLanguage\":\"ru-RU\",\"@id\":\"https:\/\/denizcankizil.tr\/de\/#\/schema\/person\/image\/\",\"url\":\"https:\/\/secure.gravatar.com\/avatar\/42b01982558a48a0b501fdcab6a408d3717ea5919095ee2e67b0e521799c5905?s=96&d=mm&r=g\",\"contentUrl\":\"https:\/\/secure.gravatar.com\/avatar\/42b01982558a48a0b501fdcab6a408d3717ea5919095ee2e67b0e521799c5905?s=96&d=mm&r=g\",\"caption\":\"Antalya K\u00f6rfez\"},\"sameAs\":[\"http:\/\/www.antalyakorfez.com\"],\"url\":\"https:\/\/www.antalyakorfez.com\/kuzey-kibrisin-rahramanlari-antalyada-anildi\"}]}<\/script>\n<!-- \/ Yoast SEO Premium plugin. -->","yoast_head_json":{"title":"Kuzey K\u0131br\u0131s'\u0131n kahramanlar\u0131 Antalya'da an\u0131ld\u0131 - Av. Deniz Can K\u0131z\u0131l","robots":{"index":"index","follow":"follow","max-snippet":"max-snippet:-1","max-image-preview":"max-image-preview:large","max-video-preview":"max-video-preview:-1"},"canonical":"https:\/\/denizcankizil.tr\/ru\/haberler\/gundem\/kuzey-kibrisin-kahramanlari-antalyada-anildi\/","og_locale":"ru_RU","og_type":"article","og_title":"Kuzey K\u0131br\u0131s'\u0131n kahramanlar\u0131 Antalya'da an\u0131ld\u0131","og_description":"Kuzey K\u0131br\u0131s T\u00fcrk Cumhuriyeti\u2019nin Kurucu Cumhurba\u015fkan\u0131 Rauf Raif Denkta\u015f ve T\u00fcrk Mukavemet Te\u015fkilat\u0131 lideri Dr. Faz\u0131l K\u00fc\u00e7\u00fck\u2019\u00fcn \u00f6l\u00fcm y\u0131l d\u00f6n\u00fcm\u00fc dolay\u0131s\u0131yla Antalya\u2019da anma t\u00f6reni d\u00fczenlendi. YAVRU VATANIN \u0130K\u0130 L\u0130DER\u0130 DUALARLA ANILDI\u00a0 Kuzey K\u0131br\u0131s T\u00fcrk Cumhuriyeti Kurucu Cumhurba\u015fkan\u0131 Rauf Raif Denkta\u015f\u2019\u0131n vefat\u0131n\u0131n 13. y\u0131l d\u00f6n\u00fcm\u00fc ve T\u00fcrk Mukavemet Te\u015fkilat\u0131 lideri Dr. Faz\u0131l K\u00fc\u00e7\u00fck\u2019\u00fcn vefat\u0131n\u0131n 41. y\u0131l d\u00f6n\u00fcm\u00fc dolay\u0131s\u0131yla anma t\u00f6reni d\u00fczenlendi. K\u0131br\u0131s T\u00fcrk K\u00fclt\u00fcr Derne\u011fi Antalya \u015eubesi koordinesinde ger\u00e7ekle\u015ftirilen t\u00f6ren, sayg\u0131 duru\u015fu ve \u0130stiklal Mar\u015f\u0131 ile ba\u015flad\u0131. Daha sonra Rauf Raif Denkta\u015f ve Dr. Faz\u0131l K\u00fc\u00e7\u00fck\u2019\u00fcn, K\u0131br\u0131s T\u00fcrk halk\u0131n\u0131n ba\u011f\u0131ms\u0131zl\u0131k m\u00fccadelesi u\u011fruna verdi\u011fi emekler ve g\u00f6sterdikleri fedak\u00e2rl\u0131klar hat\u0131rlat\u0131larak her iki lider dualarla y\u00e2d edildi. HULUS\u0130 \u015eAH\u0130N&#8217;DE KATILDI\u00a0 K\u0131br\u0131s \u015eehitleri Park\u0131\u2019nda ger\u00e7ekle\u015ftirilen anma t\u00f6renine Antalya Valisi Hulusi \u015eahin, Muratpa\u015fa Kaymakam\u0131 \u0130hsan Kara, Muratpa\u015fa Belediye Ba\u015fkan\u0131 \u00dcmit Uysal, KKTC Antalya Ba\u015fkonsolosu Asl\u0131 Erkmen, 3. Piyade E\u011fitim Tugay\u0131 Komutan\u0131 Piyade Albay H\u00fcseyin Y\u0131lmaz, K\u0131br\u0131s T\u00fcrk K\u00fclt\u00fcr Derne\u011fi Antalya \u015eube Ba\u015fkan\u0131 Vural \u00d6nal, T\u00fcrkiye Muharip Gaziler Derne\u011fi Antalya \u015eube Ba\u015fkan\u0131 Emekli Albay Zeynel Abidin Sezer, STK temsilcileri, gaziler ve vatanda\u015flar kat\u0131ld\u0131. B\u00dcY\u00dcK DAVAYA \u0130NANAN KAHRAMANLARA BOR\u00c7LUYUZ\u00a0 T\u00f6rende yapt\u0131\u011f\u0131 konu\u015fmada Rauf Raif Denkta\u015f ve Dr. Faz\u0131l K\u00fc\u00e7\u00fck\u2019\u00fcn hayatlar\u0131n\u0131 K\u0131br\u0131s davas\u0131na ve K\u0131br\u0131s T\u00fcrklerinin haklar\u0131na adad\u0131klar\u0131n\u0131 ifade eden Vali \u015eahin, &#8220;T\u00fcrk milleti i\u00e7in en \u00f6nemli olan \u015fey, &hellip;","og_url":"https:\/\/denizcankizil.tr\/ru\/haberler\/gundem\/kuzey-kibrisin-kahramanlari-antalyada-anildi\/","og_site_name":"Av. Deniz Can K\u0131z\u0131l","article_published_time":"2025-01-13T13:41:38+00:00","author":"Antalya K\u00f6rfez","twitter_card":"summary_large_image","twitter_misc":{"\u041d\u0430\u043f\u0438\u0441\u0430\u043d\u043e \u0430\u0432\u0442\u043e\u0440\u043e\u043c":"Antalya K\u00f6rfez","\u041f\u0440\u0438\u043c\u0435\u0440\u043d\u043e\u0435 \u0432\u0440\u0435\u043c\u044f \u0434\u043b\u044f \u0447\u0442\u0435\u043d\u0438\u044f":"3 \u043c\u0438\u043d\u0443\u0442\u044b"},"schema":{"@context":"https:\/\/schema.org","@graph":[{"@type":"Article","@id":"https:\/\/denizcankizil.tr\/en\/haberler\/gundem\/kuzey-kibrisin-kahramanlari-antalyada-anildi\/#article","isPartOf":{"@id":"https:\/\/denizcankizil.tr\/en\/haberler\/gundem\/kuzey-kibrisin-kahramanlari-antalyada-anildi\/"},"author":{"name":"Antalya K\u00f6rfez","@id":"https:\/\/denizcankizil.tr\/de\/#\/schema\/person\/e1eb71bb4dd684d46563f0af307e1234"},"headline":"Kuzey K\u0131br\u0131s&#8217;\u0131n kahramanlar\u0131 Antalya&#8217;da an\u0131ld\u0131","datePublished":"2025-01-13T13:41:38+00:00","mainEntityOfPage":{"@id":"https:\/\/denizcankizil.tr\/en\/haberler\/gundem\/kuzey-kibrisin-kahramanlari-antalyada-anildi\/"},"wordCount":649,"commentCount":0,"publisher":{"@id":"https:\/\/denizcankizil.tr\/de\/#organization"},"articleSection":["G\u00fcndem"],"inLanguage":"ru-RU","potentialAction":[{"@type":"CommentAction","name":"Comment","target":["https:\/\/denizcankizil.tr\/en\/haberler\/gundem\/kuzey-kibrisin-kahramanlari-antalyada-anildi\/#respond"]}]},{"@type":"WebPage","@id":"https:\/\/denizcankizil.tr\/en\/haberler\/gundem\/kuzey-kibrisin-kahramanlari-antalyada-anildi\/","url":"https:\/\/denizcankizil.tr\/en\/haberler\/gundem\/kuzey-kibrisin-kahramanlari-antalyada-anildi\/","name":"Kuzey K\u0131br\u0131s'\u0131n kahramanlar\u0131 Antalya'da an\u0131ld\u0131 - Av. Deniz Can K\u0131z\u0131l","isPartOf":{"@id":"https:\/\/denizcankizil.tr\/de\/#website"},"datePublished":"2025-01-13T13:41:38+00:00","breadcrumb":{"@id":"https:\/\/denizcankizil.tr\/en\/haberler\/gundem\/kuzey-kibrisin-kahramanlari-antalyada-anildi\/#breadcrumb"},"inLanguage":"ru-RU","potentialAction":[{"@type":"ReadAction","target":["https:\/\/denizcankizil.tr\/en\/haberler\/gundem\/kuzey-kibrisin-kahramanlari-antalyada-anildi\/"]}]},{"@type":"BreadcrumbList","@id":"https:\/\/denizcankizil.tr\/en\/haberler\/gundem\/kuzey-kibrisin-kahramanlari-antalyada-anildi\/#breadcrumb","itemListElement":[{"@type":"ListItem","position":1,"name":"Home","item":"https:\/\/denizcankizil.tr\/de\/"},{"@type":"ListItem","position":2,"name":"Kuzey K\u0131br\u0131s&#8217;\u0131n kahramanlar\u0131 Antalya&#8217;da an\u0131ld\u0131"}]},{"@type":"WebSite","@id":"https:\/\/denizcankizil.tr\/de\/#website","url":"https:\/\/denizcankizil.tr\/de\/","name":"Av. Deniz Can K\u0131z\u0131l","description":"Avukat Deniz Can K\u0131z\u0131l Antalya Barosu","publisher":{"@id":"https:\/\/denizcankizil.tr\/de\/#organization"},"potentialAction":[{"@type":"SearchAction","target":{"@type":"EntryPoint","urlTemplate":"https:\/\/denizcankizil.tr\/de\/?s={search_term_string}"},"query-input":{"@type":"PropertyValueSpecification","valueRequired":true,"valueName":"search_term_string"}}],"inLanguage":"ru-RU"},{"@type":"Organization","@id":"https:\/\/denizcankizil.tr\/de\/#organization","name":"Av. Deniz Can K\u0131z\u0131l","url":"https:\/\/denizcankizil.tr\/de\/","logo":{"@type":"ImageObject","inLanguage":"ru-RU","@id":"https:\/\/denizcankizil.tr\/de\/#\/schema\/logo\/image\/","url":"https:\/\/denizcankizil.tr\/wp-content\/uploads\/2024\/10\/siyah-logo-svg.svg","contentUrl":"https:\/\/denizcankizil.tr\/wp-content\/uploads\/2024\/10\/siyah-logo-svg.svg","width":1080,"height":1080,"caption":"Av. Deniz Can K\u0131z\u0131l"},"image":{"@id":"https:\/\/denizcankizil.tr\/de\/#\/schema\/logo\/image\/"}},{"@type":"Person","@id":"https:\/\/denizcankizil.tr\/de\/#\/schema\/person\/e1eb71bb4dd684d46563f0af307e1234","name":"Antalya K\u00f6rfez","image":{"@type":"ImageObject","inLanguage":"ru-RU","@id":"https:\/\/denizcankizil.tr\/de\/#\/schema\/person\/image\/","url":"https:\/\/secure.gravatar.com\/avatar\/42b01982558a48a0b501fdcab6a408d3717ea5919095ee2e67b0e521799c5905?s=96&d=mm&r=g","contentUrl":"https:\/\/secure.gravatar.com\/avatar\/42b01982558a48a0b501fdcab6a408d3717ea5919095ee2e67b0e521799c5905?s=96&d=mm&r=g","caption":"Antalya K\u00f6rfez"},"sameAs":["http:\/\/www.antalyakorfez.com"],"url":"https:\/\/www.antalyakorfez.com\/kuzey-kibrisin-rahramanlari-antalyada-anildi"}]}},"_links":{"self":[{"href":"https:\/\/denizcankizil.tr\/ru\/wp-json\/wp\/v2\/posts\/25134","targetHints":{"allow":["GET"]}}],"collection":[{"href":"https:\/\/denizcankizil.tr\/ru\/wp-json\/wp\/v2\/posts"}],"about":[{"href":"https:\/\/denizcankizil.tr\/ru\/wp-json\/wp\/v2\/types\/post"}],"author":[{"embeddable":true,"href":"https:\/\/denizcankizil.tr\/ru\/wp-json\/wp\/v2\/users\/5"}],"replies":[{"embeddable":true,"href":"https:\/\/denizcankizil.tr\/ru\/wp-json\/wp\/v2\/comments?post=25134"}],"version-history":[{"count":0,"href":"https:\/\/denizcankizil.tr\/ru\/wp-json\/wp\/v2\/posts\/25134\/revisions"}],"wp:attachment":[{"href":"https:\/\/denizcankizil.tr\/ru\/wp-json\/wp\/v2\/media?parent=25134"}],"wp:term":[{"taxonomy":"category","embeddable":true,"href":"https:\/\/denizcankizil.tr\/ru\/wp-json\/wp\/v2\/categories?post=25134"},{"taxonomy":"post_tag","embeddable":true,"href":"https:\/\/denizcankizil.tr\/ru\/wp-json\/wp\/v2\/tags?post=25134"}],"curies":[{"name":"wp","href":"https:\/\/api.w.org\/{rel}","templated":true}]}}