{"id":25083,"date":"2025-01-13T10:41:31","date_gmt":"2025-01-13T07:41:31","guid":{"rendered":"https:\/\/denizcankizil.tr\/uncategorized-tr\/izmir-bornovada-sivil-toplumla-el-ele\/"},"modified":"2025-01-13T10:41:31","modified_gmt":"2025-01-13T07:41:31","slug":"izmir-bornovada-sivil-toplumla-el-ele","status":"publish","type":"post","link":"https:\/\/denizcankizil.tr\/ru\/haberler\/gundem\/izmir-bornovada-sivil-toplumla-el-ele\/","title":{"rendered":"\u0130zmir Bornova\u2019da sivil toplumla el ele"},"content":{"rendered":"<p>\u0130zmir Bornova Belediye Ba\u015fkan\u0131 \u00d6mer E\u015fki, &#8220;Kat\u0131l\u0131mc\u0131 Kent G\u00fc\u00e7l\u00fc Bornova Vizyonu&#8221; kapsam\u0131nda STK\u2019larla odak grup toplant\u0131lar\u0131na ba\u015flad\u0131. Engelli Dernekleri ile \u015eehit Aileleri ve Gazi Dernekleri temsilcileriyle ger\u00e7ekle\u015ftirilen ilk bulu\u015fmalarda yer tahsisi, eri\u015filebilirlik, sosyal destek ve hak savunusu gibi konular ele al\u0131nd\u0131. Ba\u015fkan E\u015fki, engelli bireyler i\u00e7in kapsaml\u0131 projeler ve \u015fehit aileleri ile gaziler i\u00e7in \u00f6zel d\u00fczenlemeler yapacaklar\u0131n\u0131 duyurdu.\u0130ZM\u0130R (\u0130GFA) &#8211; \u0130zmir\u00a0Bornova Belediye\u2019nin Bornova\u2019daki Sivil Toplum Kurulu\u015flar\u0131 (STK) ile ba\u015flatt\u0131\u011f\u0131 odak grup toplant\u0131lar\u0131 yo\u011fun bir kat\u0131l\u0131mla devam ediyor. \u0130lk bulu\u015fmalar Bornova Belediyesi Engelli STK Yerle\u015fkesi\u2019nde Engelli Dernekleri ile \u015eehit Aileleri ve Gazi Dernekleri temsilcileriyle ger\u00e7ekle\u015ftirildi.<br \/>\n\u00a0Kat\u0131l\u0131mc\u0131 kent, g\u00fc\u00e7l\u00fc Bornova<br \/>\nBa\u015fkan E\u015fki\u2019nin kat\u0131l\u0131m\u0131yla d\u00fczenlenen toplant\u0131larda, dernek temsilcileri sorunlar\u0131n\u0131 ve belediyeden beklentilerini aktarma f\u0131rsat\u0131 buldu. \u00d6mer E\u015fki, Bornova Belediyesi\u2019nin sadece fiziksel engelleri de\u011fil, toplumsal engelleri de ortadan kald\u0131rmaya kararl\u0131 oldu\u011funu belirterek, \u201cHer vatanda\u015f\u0131m\u0131z\u0131n ihtiya\u00e7lar\u0131n\u0131 g\u00f6zeterek, herkes i\u00e7in eri\u015filebilir ve kapsay\u0131c\u0131 bir Bornova in\u015fa edece\u011fiz\u201d dedi.<br \/>\nEngelli haklar\u0131 i\u00e7in yeni ad\u0131mlar<br \/>\nEngelli STK\u2019lar\u0131 ile yap\u0131lan g\u00f6r\u00fc\u015fmelerde; Engelli Bak\u0131m Merkezi kurulmas\u0131, Engelli Eylem Plan\u0131 haz\u0131rlanmas\u0131, Engelli Haklar\u0131 Akademisi olu\u015fturulmas\u0131 gibi projeler masaya yat\u0131r\u0131ld\u0131. Ba\u015fkan E\u015fki, \u201cEngelli vatanda\u015flar\u0131m\u0131z\u0131n g\u00fcnl\u00fck ya\u015famlar\u0131n\u0131 kolayla\u015ft\u0131racak, haklar\u0131n\u0131 savunacak ve topluma tam kat\u0131l\u0131mlar\u0131n\u0131 sa\u011flayacak her projeyi destekliyoruz. Bornova Engelli Envanteri\u2019ni g\u00fcncelleyerek ihtiya\u00e7lar\u0131 daha iyi tespit edece\u011fiz ve Engelli \u0130leti\u015fim Merkezi ile do\u011frudan \u00e7\u00f6z\u00fcmler \u00fcretece\u011fiz\u201d diye konu\u015ftu.<br \/>\n\u00a0\u015eehit yak\u0131nlar\u0131 ve gazilere \u00f6zel projeler<br \/>\n\u00a0\u015eehit Aileleri ve Gazi Dernekleri ile d\u00fczenlenen toplant\u0131da ise yer tahsisi, sosyal destek ve an\u0131 projeleri \u00f6ne \u00e7\u0131kt\u0131. Ba\u015fkan E\u015fki, \u015eehit Aileleri ve Gaziler Masas\u0131\u2019n\u0131 kuracaklar\u0131n\u0131, Abide-i H\u00fcrriyet Park\u0131\u2019n\u0131 Atat\u00fcrk ve Kaz\u0131m Dirik mahallelerinde hizmete a\u00e7acaklar\u0131n\u0131 duyurdu. Ayr\u0131ca, I\u015f\u0131kkent Polis \u015eehitli\u011fi\u2019nin d\u00fczenleme \u00e7al\u0131\u015fmalar\u0131n\u0131n da yak\u0131nda ba\u015flayaca\u011f\u0131n\u0131 belirtti. Gazilerin t\u00f6ren k\u0131yafetlerinin temini i\u00e7in de destek s\u00f6z\u00fc verdi.<br \/>\n\u00a0\u0130\u015fbirli\u011fi ve dayan\u0131\u015fma mesajlar\u0131<br \/>\n\u00a0Dernek temsilcileri Ba\u015fkan E\u015fki\u2019ye te\u015fekk\u00fcr ederek, \u201cSizlerin \u00e7al\u0131\u015fmalar\u0131n\u0131 be\u011feniyle takip ediyoruz. Bornova\u2019da \u00e7ok fazla \u00fcyemiz var. Daha fazla ileti\u015fim halinde olal\u0131m\u201d ifadelerini kulland\u0131.\u00a0<\/p>\n<p>\u200b\u0130zmir Bornova Belediye Ba\u015fkan\u0131 \u00d6mer E\u015fki, &#8220;Kat\u0131l\u0131mc\u0131 Kent G\u00fc\u00e7l\u00fc Bornova Vizyonu&#8221; kapsam\u0131nda STK\u2019larla odak grup toplant\u0131lar\u0131na ba\u015flad\u0131. Engelli Dernekleri ile \u015eehit Aileleri ve Gazi Dernekleri temsilcileriyle ger\u00e7ekle\u015ftirilen ilk bulu\u015fmalarda yer tahsisi, eri\u015filebilirlik, sosyal destek ve hak savunusu gibi konular ele al\u0131nd\u0131. Ba\u015fkan E\u015fki, engelli bireyler i\u00e7in kapsaml\u0131 projeler ve \u015fehit aileleri ile gaziler i\u00e7in \u00f6zel d\u00fczenlemeler yapacaklar\u0131n\u0131 duyurdu.\u0130ZM\u0130R (\u0130GFA) &#8211; \u0130zmir\u00a0Bornova Belediye\u2019nin Bornova\u2019daki Sivil Toplum Kurulu\u015flar\u0131 (STK) ile ba\u015flatt\u0131\u011f\u0131 odak grup toplant\u0131lar\u0131 yo\u011fun bir kat\u0131l\u0131mla devam ediyor. \u0130lk bulu\u015fmalar Bornova Belediyesi Engelli STK Yerle\u015fkesi\u2019nde Engelli Dernekleri ile \u015eehit Aileleri ve Gazi Dernekleri temsilcileriyle ger\u00e7ekle\u015ftirildi.<br \/>\n\u00a0Kat\u0131l\u0131mc\u0131 kent, g\u00fc\u00e7l\u00fc Bornova<br \/>\nBa\u015fkan E\u015fki\u2019nin kat\u0131l\u0131m\u0131yla d\u00fczenlenen toplant\u0131larda, dernek temsilcileri sorunlar\u0131n\u0131 ve belediyeden beklentilerini aktarma f\u0131rsat\u0131 buldu. \u00d6mer E\u015fki, Bornova Belediyesi\u2019nin sadece fiziksel engelleri de\u011fil, toplumsal engelleri de ortadan kald\u0131rmaya kararl\u0131 oldu\u011funu belirterek, \u201cHer vatanda\u015f\u0131m\u0131z\u0131n ihtiya\u00e7lar\u0131n\u0131 g\u00f6zeterek, herkes i\u00e7in eri\u015filebilir ve kapsay\u0131c\u0131 bir Bornova in\u015fa edece\u011fiz\u201d dedi.<br \/>\nEngelli haklar\u0131 i\u00e7in yeni ad\u0131mlar<br \/>\nEngelli STK\u2019lar\u0131 ile yap\u0131lan g\u00f6r\u00fc\u015fmelerde; Engelli Bak\u0131m Merkezi kurulmas\u0131, Engelli Eylem Plan\u0131 haz\u0131rlanmas\u0131, Engelli Haklar\u0131 Akademisi olu\u015fturulmas\u0131 gibi projeler masaya yat\u0131r\u0131ld\u0131. Ba\u015fkan E\u015fki, \u201cEngelli vatanda\u015flar\u0131m\u0131z\u0131n g\u00fcnl\u00fck ya\u015famlar\u0131n\u0131 kolayla\u015ft\u0131racak, haklar\u0131n\u0131 savunacak ve topluma tam kat\u0131l\u0131mlar\u0131n\u0131 sa\u011flayacak her projeyi destekliyoruz. Bornova Engelli Envanteri\u2019ni g\u00fcncelleyerek ihtiya\u00e7lar\u0131 daha iyi tespit edece\u011fiz ve Engelli \u0130leti\u015fim Merkezi ile do\u011frudan \u00e7\u00f6z\u00fcmler \u00fcretece\u011fiz\u201d diye konu\u015ftu.<br \/>\n\u00a0\u015eehit yak\u0131nlar\u0131 ve gazilere \u00f6zel projeler<br \/>\n\u00a0\u015eehit Aileleri ve Gazi Dernekleri ile d\u00fczenlenen toplant\u0131da ise yer tahsisi, sosyal destek ve an\u0131 projeleri \u00f6ne \u00e7\u0131kt\u0131. Ba\u015fkan E\u015fki, \u015eehit Aileleri ve Gaziler Masas\u0131\u2019n\u0131 kuracaklar\u0131n\u0131, Abide-i H\u00fcrriyet Park\u0131\u2019n\u0131 Atat\u00fcrk ve Kaz\u0131m Dirik mahallelerinde hizmete a\u00e7acaklar\u0131n\u0131 duyurdu. Ayr\u0131ca, I\u015f\u0131kkent Polis \u015eehitli\u011fi\u2019nin d\u00fczenleme \u00e7al\u0131\u015fmalar\u0131n\u0131n da yak\u0131nda ba\u015flayaca\u011f\u0131n\u0131 belirtti. Gazilerin t\u00f6ren k\u0131yafetlerinin temini i\u00e7in de destek s\u00f6z\u00fc verdi.<br \/>\n\u00a0\u0130\u015fbirli\u011fi ve dayan\u0131\u015fma mesajlar\u0131<br \/>\n\u00a0Dernek temsilcileri Ba\u015fkan E\u015fki\u2019ye te\u015fekk\u00fcr ederek, \u201cSizlerin \u00e7al\u0131\u015fmalar\u0131n\u0131 be\u011feniyle takip ediyoruz. Bornova\u2019da \u00e7ok fazla \u00fcyemiz var. Daha fazla ileti\u015fim halinde olal\u0131m\u201d ifadelerini kulland\u0131.\u00a0\u00a0<\/p>\n<p>\u200bHaberin Al\u0131nt\u0131land\u0131\u011f\u0131 Kaynak: www.iskenderun.org<\/p>","protected":false},"excerpt":{"rendered":"<p>\u0130zmir Bornova Belediye Ba\u015fkan\u0131 \u00d6mer E\u015fki, &#8220;Kat\u0131l\u0131mc\u0131 Kent G\u00fc\u00e7l\u00fc Bornova Vizyonu&#8221; kapsam\u0131nda STK\u2019larla odak grup toplant\u0131lar\u0131na ba\u015flad\u0131. Engelli Dernekleri ile \u015eehit Aileleri ve Gazi Dernekleri temsilcileriyle ger\u00e7ekle\u015ftirilen ilk bulu\u015fmalarda yer tahsisi, eri\u015filebilirlik, sosyal destek ve hak savunusu gibi konular ele al\u0131nd\u0131. Ba\u015fkan E\u015fki, engelli bireyler i\u00e7in kapsaml\u0131 projeler ve \u015fehit aileleri ile gaziler i\u00e7in \u00f6zel d\u00fczenlemeler yapacaklar\u0131n\u0131 duyurdu.\u0130ZM\u0130R (\u0130GFA) &#8211; \u0130zmir\u00a0Bornova Belediye\u2019nin Bornova\u2019daki Sivil Toplum Kurulu\u015flar\u0131 (STK) ile ba\u015flatt\u0131\u011f\u0131 odak grup toplant\u0131lar\u0131 yo\u011fun bir kat\u0131l\u0131mla devam ediyor. \u0130lk bulu\u015fmalar Bornova Belediyesi Engelli STK Yerle\u015fkesi\u2019nde Engelli Dernekleri ile \u015eehit Aileleri ve Gazi Dernekleri temsilcileriyle ger\u00e7ekle\u015ftirildi. \u00a0Kat\u0131l\u0131mc\u0131 kent, g\u00fc\u00e7l\u00fc Bornova Ba\u015fkan E\u015fki\u2019nin kat\u0131l\u0131m\u0131yla d\u00fczenlenen toplant\u0131larda, dernek temsilcileri sorunlar\u0131n\u0131 ve belediyeden beklentilerini aktarma f\u0131rsat\u0131 buldu. \u00d6mer E\u015fki, Bornova Belediyesi\u2019nin sadece fiziksel engelleri de\u011fil, toplumsal engelleri de ortadan kald\u0131rmaya kararl\u0131 oldu\u011funu belirterek, \u201cHer vatanda\u015f\u0131m\u0131z\u0131n ihtiya\u00e7lar\u0131n\u0131 g\u00f6zeterek, herkes i\u00e7in eri\u015filebilir ve kapsay\u0131c\u0131 bir Bornova in\u015fa edece\u011fiz\u201d dedi. Engelli haklar\u0131 i\u00e7in yeni ad\u0131mlar Engelli STK\u2019lar\u0131 ile yap\u0131lan g\u00f6r\u00fc\u015fmelerde; Engelli Bak\u0131m Merkezi kurulmas\u0131, Engelli Eylem Plan\u0131 haz\u0131rlanmas\u0131, Engelli Haklar\u0131 Akademisi olu\u015fturulmas\u0131 gibi projeler masaya yat\u0131r\u0131ld\u0131. Ba\u015fkan E\u015fki, \u201cEngelli vatanda\u015flar\u0131m\u0131z\u0131n g\u00fcnl\u00fck ya\u015famlar\u0131n\u0131 kolayla\u015ft\u0131racak, haklar\u0131n\u0131 savunacak ve topluma tam kat\u0131l\u0131mlar\u0131n\u0131 sa\u011flayacak her projeyi destekliyoruz. Bornova Engelli Envanteri\u2019ni g\u00fcncelleyerek ihtiya\u00e7lar\u0131 daha iyi tespit edece\u011fiz ve Engelli \u0130leti\u015fim Merkezi ile do\u011frudan &hellip;<\/p>","protected":false},"author":1,"featured_media":0,"comment_status":"open","ping_status":"open","sticky":false,"template":"","format":"standard","meta":{"_acf_changed":false,"footnotes":""},"categories":[24],"tags":[],"class_list":["post-25083","post","type-post","status-publish","format-standard","has-post-thumbnail","hentry","category-gundem"],"acf":[],"yoast_head":"<!-- This site is optimized with the Yoast SEO Premium plugin v26.6 (Yoast SEO v27.1.1) - https:\/\/yoast.com\/product\/yoast-seo-premium-wordpress\/ -->\n<title>\u0130zmir Bornova\u2019da sivil toplumla el ele - Av. Deniz Can K\u0131z\u0131l<\/title>\n<meta name=\"robots\" content=\"index, follow, max-snippet:-1, max-image-preview:large, max-video-preview:-1\" \/>\n<link rel=\"canonical\" href=\"https:\/\/denizcankizil.tr\/ru\/haberler\/gundem\/izmir-bornovada-sivil-toplumla-el-ele\/\" \/>\n<meta property=\"og:locale\" content=\"ru_RU\" \/>\n<meta property=\"og:type\" content=\"article\" \/>\n<meta property=\"og:title\" content=\"\u0130zmir Bornova\u2019da sivil toplumla el ele\" \/>\n<meta property=\"og:description\" content=\"\u0130zmir Bornova Belediye Ba\u015fkan\u0131 \u00d6mer E\u015fki, &#8220;Kat\u0131l\u0131mc\u0131 Kent G\u00fc\u00e7l\u00fc Bornova Vizyonu&#8221; kapsam\u0131nda STK\u2019larla odak grup toplant\u0131lar\u0131na ba\u015flad\u0131. Engelli Dernekleri ile \u015eehit Aileleri ve Gazi Dernekleri temsilcileriyle ger\u00e7ekle\u015ftirilen ilk bulu\u015fmalarda yer tahsisi, eri\u015filebilirlik, sosyal destek ve hak savunusu gibi konular ele al\u0131nd\u0131. Ba\u015fkan E\u015fki, engelli bireyler i\u00e7in kapsaml\u0131 projeler ve \u015fehit aileleri ile gaziler i\u00e7in \u00f6zel d\u00fczenlemeler yapacaklar\u0131n\u0131 duyurdu.\u0130ZM\u0130R (\u0130GFA) &#8211; \u0130zmir\u00a0Bornova Belediye\u2019nin Bornova\u2019daki Sivil Toplum Kurulu\u015flar\u0131 (STK) ile ba\u015flatt\u0131\u011f\u0131 odak grup toplant\u0131lar\u0131 yo\u011fun bir kat\u0131l\u0131mla devam ediyor. \u0130lk bulu\u015fmalar Bornova Belediyesi Engelli STK Yerle\u015fkesi\u2019nde Engelli Dernekleri ile \u015eehit Aileleri ve Gazi Dernekleri temsilcileriyle ger\u00e7ekle\u015ftirildi. \u00a0Kat\u0131l\u0131mc\u0131 kent, g\u00fc\u00e7l\u00fc Bornova Ba\u015fkan E\u015fki\u2019nin kat\u0131l\u0131m\u0131yla d\u00fczenlenen toplant\u0131larda, dernek temsilcileri sorunlar\u0131n\u0131 ve belediyeden beklentilerini aktarma f\u0131rsat\u0131 buldu. \u00d6mer E\u015fki, Bornova Belediyesi\u2019nin sadece fiziksel engelleri de\u011fil, toplumsal engelleri de ortadan kald\u0131rmaya kararl\u0131 oldu\u011funu belirterek, \u201cHer vatanda\u015f\u0131m\u0131z\u0131n ihtiya\u00e7lar\u0131n\u0131 g\u00f6zeterek, herkes i\u00e7in eri\u015filebilir ve kapsay\u0131c\u0131 bir Bornova in\u015fa edece\u011fiz\u201d dedi. Engelli haklar\u0131 i\u00e7in yeni ad\u0131mlar Engelli STK\u2019lar\u0131 ile yap\u0131lan g\u00f6r\u00fc\u015fmelerde; Engelli Bak\u0131m Merkezi kurulmas\u0131, Engelli Eylem Plan\u0131 haz\u0131rlanmas\u0131, Engelli Haklar\u0131 Akademisi olu\u015fturulmas\u0131 gibi projeler masaya yat\u0131r\u0131ld\u0131. Ba\u015fkan E\u015fki, \u201cEngelli vatanda\u015flar\u0131m\u0131z\u0131n g\u00fcnl\u00fck ya\u015famlar\u0131n\u0131 kolayla\u015ft\u0131racak, haklar\u0131n\u0131 savunacak ve topluma tam kat\u0131l\u0131mlar\u0131n\u0131 sa\u011flayacak her projeyi destekliyoruz. Bornova Engelli Envanteri\u2019ni g\u00fcncelleyerek ihtiya\u00e7lar\u0131 daha iyi tespit edece\u011fiz ve Engelli \u0130leti\u015fim Merkezi ile do\u011frudan &hellip;\" \/>\n<meta property=\"og:url\" content=\"https:\/\/denizcankizil.tr\/ru\/haberler\/gundem\/izmir-bornovada-sivil-toplumla-el-ele\/\" \/>\n<meta property=\"og:site_name\" content=\"Av. Deniz Can K\u0131z\u0131l\" \/>\n<meta property=\"article:published_time\" content=\"2025-01-13T07:41:31+00:00\" \/>\n<meta name=\"author\" content=\"admin\" \/>\n<meta name=\"twitter:card\" content=\"summary_large_image\" \/>\n<meta name=\"twitter:label1\" content=\"\u041d\u0430\u043f\u0438\u0441\u0430\u043d\u043e \u0430\u0432\u0442\u043e\u0440\u043e\u043c\" \/>\n\t<meta name=\"twitter:data1\" content=\"admin\" \/>\n\t<meta name=\"twitter:label2\" content=\"\u041f\u0440\u0438\u043c\u0435\u0440\u043d\u043e\u0435 \u0432\u0440\u0435\u043c\u044f \u0434\u043b\u044f \u0447\u0442\u0435\u043d\u0438\u044f\" \/>\n\t<meta name=\"twitter:data2\" content=\"4 \u043c\u0438\u043d\u0443\u0442\u044b\" \/>\n<script type=\"application\/ld+json\" class=\"yoast-schema-graph\">{\"@context\":\"https:\/\/schema.org\",\"@graph\":[{\"@type\":\"Article\",\"@id\":\"https:\/\/denizcankizil.tr\/ru\/haberler\/gundem\/izmir-bornovada-sivil-toplumla-el-ele\/#article\",\"isPartOf\":{\"@id\":\"https:\/\/denizcankizil.tr\/ru\/haberler\/gundem\/izmir-bornovada-sivil-toplumla-el-ele\/\"},\"author\":{\"name\":\"admin\",\"@id\":\"https:\/\/denizcankizil.tr\/de\/#\/schema\/person\/be3c05fe6a12686905512445d8185489\"},\"headline\":\"\u0130zmir Bornova\u2019da sivil toplumla el ele\",\"datePublished\":\"2025-01-13T07:41:31+00:00\",\"mainEntityOfPage\":{\"@id\":\"https:\/\/denizcankizil.tr\/ru\/haberler\/gundem\/izmir-bornovada-sivil-toplumla-el-ele\/\"},\"wordCount\":889,\"commentCount\":0,\"publisher\":{\"@id\":\"https:\/\/denizcankizil.tr\/de\/#organization\"},\"articleSection\":[\"G\u00fcndem\"],\"inLanguage\":\"ru-RU\",\"potentialAction\":[{\"@type\":\"CommentAction\",\"name\":\"Comment\",\"target\":[\"https:\/\/denizcankizil.tr\/ru\/haberler\/gundem\/izmir-bornovada-sivil-toplumla-el-ele\/#respond\"]}]},{\"@type\":\"WebPage\",\"@id\":\"https:\/\/denizcankizil.tr\/ru\/haberler\/gundem\/izmir-bornovada-sivil-toplumla-el-ele\/\",\"url\":\"https:\/\/denizcankizil.tr\/ru\/haberler\/gundem\/izmir-bornovada-sivil-toplumla-el-ele\/\",\"name\":\"\u0130zmir Bornova\u2019da sivil toplumla el ele - Av. Deniz Can K\u0131z\u0131l\",\"isPartOf\":{\"@id\":\"https:\/\/denizcankizil.tr\/de\/#website\"},\"datePublished\":\"2025-01-13T07:41:31+00:00\",\"breadcrumb\":{\"@id\":\"https:\/\/denizcankizil.tr\/ru\/haberler\/gundem\/izmir-bornovada-sivil-toplumla-el-ele\/#breadcrumb\"},\"inLanguage\":\"ru-RU\",\"potentialAction\":[{\"@type\":\"ReadAction\",\"target\":[\"https:\/\/denizcankizil.tr\/ru\/haberler\/gundem\/izmir-bornovada-sivil-toplumla-el-ele\/\"]}]},{\"@type\":\"BreadcrumbList\",\"@id\":\"https:\/\/denizcankizil.tr\/ru\/haberler\/gundem\/izmir-bornovada-sivil-toplumla-el-ele\/#breadcrumb\",\"itemListElement\":[{\"@type\":\"ListItem\",\"position\":1,\"name\":\"Home\",\"item\":\"https:\/\/denizcankizil.tr\/de\/\"},{\"@type\":\"ListItem\",\"position\":2,\"name\":\"\u0130zmir Bornova\u2019da sivil toplumla el ele\"}]},{\"@type\":\"WebSite\",\"@id\":\"https:\/\/denizcankizil.tr\/de\/#website\",\"url\":\"https:\/\/denizcankizil.tr\/de\/\",\"name\":\"Av. Deniz Can K\u0131z\u0131l\",\"description\":\"Avukat Deniz Can K\u0131z\u0131l Antalya Barosu\",\"publisher\":{\"@id\":\"https:\/\/denizcankizil.tr\/de\/#organization\"},\"potentialAction\":[{\"@type\":\"SearchAction\",\"target\":{\"@type\":\"EntryPoint\",\"urlTemplate\":\"https:\/\/denizcankizil.tr\/de\/?s={search_term_string}\"},\"query-input\":{\"@type\":\"PropertyValueSpecification\",\"valueRequired\":true,\"valueName\":\"search_term_string\"}}],\"inLanguage\":\"ru-RU\"},{\"@type\":\"Organization\",\"@id\":\"https:\/\/denizcankizil.tr\/de\/#organization\",\"name\":\"Av. Deniz Can K\u0131z\u0131l\",\"url\":\"https:\/\/denizcankizil.tr\/de\/\",\"logo\":{\"@type\":\"ImageObject\",\"inLanguage\":\"ru-RU\",\"@id\":\"https:\/\/denizcankizil.tr\/de\/#\/schema\/logo\/image\/\",\"url\":\"https:\/\/denizcankizil.tr\/wp-content\/uploads\/2024\/10\/siyah-logo-svg.svg\",\"contentUrl\":\"https:\/\/denizcankizil.tr\/wp-content\/uploads\/2024\/10\/siyah-logo-svg.svg\",\"width\":1080,\"height\":1080,\"caption\":\"Av. Deniz Can K\u0131z\u0131l\"},\"image\":{\"@id\":\"https:\/\/denizcankizil.tr\/de\/#\/schema\/logo\/image\/\"}},{\"@type\":\"Person\",\"@id\":\"https:\/\/denizcankizil.tr\/de\/#\/schema\/person\/be3c05fe6a12686905512445d8185489\",\"name\":\"admin\",\"image\":{\"@type\":\"ImageObject\",\"inLanguage\":\"ru-RU\",\"@id\":\"https:\/\/denizcankizil.tr\/de\/#\/schema\/person\/image\/\",\"url\":\"https:\/\/secure.gravatar.com\/avatar\/c1fce94c830dc79107e174f890d7210541c4a63e8e5d816341794a2151c9d58c?s=96&d=mm&r=g\",\"contentUrl\":\"https:\/\/secure.gravatar.com\/avatar\/c1fce94c830dc79107e174f890d7210541c4a63e8e5d816341794a2151c9d58c?s=96&d=mm&r=g\",\"caption\":\"admin\"},\"sameAs\":[\"http:\/\/denizcankizil.tr\"],\"url\":\"https:\/\/www.iskenderun.org\/izmir-bornovada-sivil-toplumla-el-ele\"}]}<\/script>\n<!-- \/ Yoast SEO Premium plugin. -->","yoast_head_json":{"title":"\u0130zmir Bornova\u2019da sivil toplumla el ele - Av. Deniz Can K\u0131z\u0131l","robots":{"index":"index","follow":"follow","max-snippet":"max-snippet:-1","max-image-preview":"max-image-preview:large","max-video-preview":"max-video-preview:-1"},"canonical":"https:\/\/denizcankizil.tr\/ru\/haberler\/gundem\/izmir-bornovada-sivil-toplumla-el-ele\/","og_locale":"ru_RU","og_type":"article","og_title":"\u0130zmir Bornova\u2019da sivil toplumla el ele","og_description":"\u0130zmir Bornova Belediye Ba\u015fkan\u0131 \u00d6mer E\u015fki, &#8220;Kat\u0131l\u0131mc\u0131 Kent G\u00fc\u00e7l\u00fc Bornova Vizyonu&#8221; kapsam\u0131nda STK\u2019larla odak grup toplant\u0131lar\u0131na ba\u015flad\u0131. Engelli Dernekleri ile \u015eehit Aileleri ve Gazi Dernekleri temsilcileriyle ger\u00e7ekle\u015ftirilen ilk bulu\u015fmalarda yer tahsisi, eri\u015filebilirlik, sosyal destek ve hak savunusu gibi konular ele al\u0131nd\u0131. Ba\u015fkan E\u015fki, engelli bireyler i\u00e7in kapsaml\u0131 projeler ve \u015fehit aileleri ile gaziler i\u00e7in \u00f6zel d\u00fczenlemeler yapacaklar\u0131n\u0131 duyurdu.\u0130ZM\u0130R (\u0130GFA) &#8211; \u0130zmir\u00a0Bornova Belediye\u2019nin Bornova\u2019daki Sivil Toplum Kurulu\u015flar\u0131 (STK) ile ba\u015flatt\u0131\u011f\u0131 odak grup toplant\u0131lar\u0131 yo\u011fun bir kat\u0131l\u0131mla devam ediyor. \u0130lk bulu\u015fmalar Bornova Belediyesi Engelli STK Yerle\u015fkesi\u2019nde Engelli Dernekleri ile \u015eehit Aileleri ve Gazi Dernekleri temsilcileriyle ger\u00e7ekle\u015ftirildi. \u00a0Kat\u0131l\u0131mc\u0131 kent, g\u00fc\u00e7l\u00fc Bornova Ba\u015fkan E\u015fki\u2019nin kat\u0131l\u0131m\u0131yla d\u00fczenlenen toplant\u0131larda, dernek temsilcileri sorunlar\u0131n\u0131 ve belediyeden beklentilerini aktarma f\u0131rsat\u0131 buldu. \u00d6mer E\u015fki, Bornova Belediyesi\u2019nin sadece fiziksel engelleri de\u011fil, toplumsal engelleri de ortadan kald\u0131rmaya kararl\u0131 oldu\u011funu belirterek, \u201cHer vatanda\u015f\u0131m\u0131z\u0131n ihtiya\u00e7lar\u0131n\u0131 g\u00f6zeterek, herkes i\u00e7in eri\u015filebilir ve kapsay\u0131c\u0131 bir Bornova in\u015fa edece\u011fiz\u201d dedi. Engelli haklar\u0131 i\u00e7in yeni ad\u0131mlar Engelli STK\u2019lar\u0131 ile yap\u0131lan g\u00f6r\u00fc\u015fmelerde; Engelli Bak\u0131m Merkezi kurulmas\u0131, Engelli Eylem Plan\u0131 haz\u0131rlanmas\u0131, Engelli Haklar\u0131 Akademisi olu\u015fturulmas\u0131 gibi projeler masaya yat\u0131r\u0131ld\u0131. Ba\u015fkan E\u015fki, \u201cEngelli vatanda\u015flar\u0131m\u0131z\u0131n g\u00fcnl\u00fck ya\u015famlar\u0131n\u0131 kolayla\u015ft\u0131racak, haklar\u0131n\u0131 savunacak ve topluma tam kat\u0131l\u0131mlar\u0131n\u0131 sa\u011flayacak her projeyi destekliyoruz. Bornova Engelli Envanteri\u2019ni g\u00fcncelleyerek ihtiya\u00e7lar\u0131 daha iyi tespit edece\u011fiz ve Engelli \u0130leti\u015fim Merkezi ile do\u011frudan &hellip;","og_url":"https:\/\/denizcankizil.tr\/ru\/haberler\/gundem\/izmir-bornovada-sivil-toplumla-el-ele\/","og_site_name":"Av. Deniz Can K\u0131z\u0131l","article_published_time":"2025-01-13T07:41:31+00:00","author":"admin","twitter_card":"summary_large_image","twitter_misc":{"\u041d\u0430\u043f\u0438\u0441\u0430\u043d\u043e \u0430\u0432\u0442\u043e\u0440\u043e\u043c":"admin","\u041f\u0440\u0438\u043c\u0435\u0440\u043d\u043e\u0435 \u0432\u0440\u0435\u043c\u044f \u0434\u043b\u044f \u0447\u0442\u0435\u043d\u0438\u044f":"4 \u043c\u0438\u043d\u0443\u0442\u044b"},"schema":{"@context":"https:\/\/schema.org","@graph":[{"@type":"Article","@id":"https:\/\/denizcankizil.tr\/ru\/haberler\/gundem\/izmir-bornovada-sivil-toplumla-el-ele\/#article","isPartOf":{"@id":"https:\/\/denizcankizil.tr\/ru\/haberler\/gundem\/izmir-bornovada-sivil-toplumla-el-ele\/"},"author":{"name":"admin","@id":"https:\/\/denizcankizil.tr\/de\/#\/schema\/person\/be3c05fe6a12686905512445d8185489"},"headline":"\u0130zmir Bornova\u2019da sivil toplumla el ele","datePublished":"2025-01-13T07:41:31+00:00","mainEntityOfPage":{"@id":"https:\/\/denizcankizil.tr\/ru\/haberler\/gundem\/izmir-bornovada-sivil-toplumla-el-ele\/"},"wordCount":889,"commentCount":0,"publisher":{"@id":"https:\/\/denizcankizil.tr\/de\/#organization"},"articleSection":["G\u00fcndem"],"inLanguage":"ru-RU","potentialAction":[{"@type":"CommentAction","name":"Comment","target":["https:\/\/denizcankizil.tr\/ru\/haberler\/gundem\/izmir-bornovada-sivil-toplumla-el-ele\/#respond"]}]},{"@type":"WebPage","@id":"https:\/\/denizcankizil.tr\/ru\/haberler\/gundem\/izmir-bornovada-sivil-toplumla-el-ele\/","url":"https:\/\/denizcankizil.tr\/ru\/haberler\/gundem\/izmir-bornovada-sivil-toplumla-el-ele\/","name":"\u0130zmir Bornova\u2019da sivil toplumla el ele - Av. Deniz Can K\u0131z\u0131l","isPartOf":{"@id":"https:\/\/denizcankizil.tr\/de\/#website"},"datePublished":"2025-01-13T07:41:31+00:00","breadcrumb":{"@id":"https:\/\/denizcankizil.tr\/ru\/haberler\/gundem\/izmir-bornovada-sivil-toplumla-el-ele\/#breadcrumb"},"inLanguage":"ru-RU","potentialAction":[{"@type":"ReadAction","target":["https:\/\/denizcankizil.tr\/ru\/haberler\/gundem\/izmir-bornovada-sivil-toplumla-el-ele\/"]}]},{"@type":"BreadcrumbList","@id":"https:\/\/denizcankizil.tr\/ru\/haberler\/gundem\/izmir-bornovada-sivil-toplumla-el-ele\/#breadcrumb","itemListElement":[{"@type":"ListItem","position":1,"name":"Home","item":"https:\/\/denizcankizil.tr\/de\/"},{"@type":"ListItem","position":2,"name":"\u0130zmir Bornova\u2019da sivil toplumla el ele"}]},{"@type":"WebSite","@id":"https:\/\/denizcankizil.tr\/de\/#website","url":"https:\/\/denizcankizil.tr\/de\/","name":"Av. Deniz Can K\u0131z\u0131l","description":"Avukat Deniz Can K\u0131z\u0131l Antalya Barosu","publisher":{"@id":"https:\/\/denizcankizil.tr\/de\/#organization"},"potentialAction":[{"@type":"SearchAction","target":{"@type":"EntryPoint","urlTemplate":"https:\/\/denizcankizil.tr\/de\/?s={search_term_string}"},"query-input":{"@type":"PropertyValueSpecification","valueRequired":true,"valueName":"search_term_string"}}],"inLanguage":"ru-RU"},{"@type":"Organization","@id":"https:\/\/denizcankizil.tr\/de\/#organization","name":"Av. Deniz Can K\u0131z\u0131l","url":"https:\/\/denizcankizil.tr\/de\/","logo":{"@type":"ImageObject","inLanguage":"ru-RU","@id":"https:\/\/denizcankizil.tr\/de\/#\/schema\/logo\/image\/","url":"https:\/\/denizcankizil.tr\/wp-content\/uploads\/2024\/10\/siyah-logo-svg.svg","contentUrl":"https:\/\/denizcankizil.tr\/wp-content\/uploads\/2024\/10\/siyah-logo-svg.svg","width":1080,"height":1080,"caption":"Av. Deniz Can K\u0131z\u0131l"},"image":{"@id":"https:\/\/denizcankizil.tr\/de\/#\/schema\/logo\/image\/"}},{"@type":"Person","@id":"https:\/\/denizcankizil.tr\/de\/#\/schema\/person\/be3c05fe6a12686905512445d8185489","name":"\u0430\u0434\u043c\u0438\u043d","image":{"@type":"ImageObject","inLanguage":"ru-RU","@id":"https:\/\/denizcankizil.tr\/de\/#\/schema\/person\/image\/","url":"https:\/\/secure.gravatar.com\/avatar\/c1fce94c830dc79107e174f890d7210541c4a63e8e5d816341794a2151c9d58c?s=96&d=mm&r=g","contentUrl":"https:\/\/secure.gravatar.com\/avatar\/c1fce94c830dc79107e174f890d7210541c4a63e8e5d816341794a2151c9d58c?s=96&d=mm&r=g","caption":"admin"},"sameAs":["http:\/\/denizcankizil.tr"],"url":"https:\/\/www.iskenderun.org\/izmir-bornovada-sivil-toplumla-el-ele"}]}},"_links":{"self":[{"href":"https:\/\/denizcankizil.tr\/ru\/wp-json\/wp\/v2\/posts\/25083","targetHints":{"allow":["GET"]}}],"collection":[{"href":"https:\/\/denizcankizil.tr\/ru\/wp-json\/wp\/v2\/posts"}],"about":[{"href":"https:\/\/denizcankizil.tr\/ru\/wp-json\/wp\/v2\/types\/post"}],"author":[{"embeddable":true,"href":"https:\/\/denizcankizil.tr\/ru\/wp-json\/wp\/v2\/users\/1"}],"replies":[{"embeddable":true,"href":"https:\/\/denizcankizil.tr\/ru\/wp-json\/wp\/v2\/comments?post=25083"}],"version-history":[{"count":0,"href":"https:\/\/denizcankizil.tr\/ru\/wp-json\/wp\/v2\/posts\/25083\/revisions"}],"wp:attachment":[{"href":"https:\/\/denizcankizil.tr\/ru\/wp-json\/wp\/v2\/media?parent=25083"}],"wp:term":[{"taxonomy":"category","embeddable":true,"href":"https:\/\/denizcankizil.tr\/ru\/wp-json\/wp\/v2\/categories?post=25083"},{"taxonomy":"post_tag","embeddable":true,"href":"https:\/\/denizcankizil.tr\/ru\/wp-json\/wp\/v2\/tags?post=25083"}],"curies":[{"name":"wp","href":"https:\/\/api.w.org\/{rel}","templated":true}]}}