{"id":25034,"date":"2025-01-12T22:41:24","date_gmt":"2025-01-12T19:41:24","guid":{"rendered":"https:\/\/denizcankizil.tr\/uncategorized-tr\/beyaz-show-ekranlara-donuyor-mu-beyazit-ozturk-acikladi\/"},"modified":"2025-01-12T22:41:24","modified_gmt":"2025-01-12T19:41:24","slug":"beyaz-show-ekranlara-donuyor-mu-beyazit-ozturk-acikladi","status":"publish","type":"post","link":"https:\/\/denizcankizil.tr\/ru\/haberler\/gundem\/beyaz-show-ekranlara-donuyor-mu-beyazit-ozturk-acikladi\/","title":{"rendered":"Beyaz Show ekranlara d\u00f6n\u00fcyor mu? Beyaz\u0131t \u00d6zt\u00fcrk a\u00e7\u0131klad\u0131\u2026"},"content":{"rendered":"<p>Ekranlar\u0131n en sevilen programlar\u0131 aras\u0131nda yer alan Beyaz Show yeniden sevenleriyle bulu\u015fmaya haz\u0131rlan\u0131yor. 2018 y\u0131l\u0131nda yay\u0131ndan kald\u0131r\u0131lan Beyaz Show\u2019un hangi kanalda yay\u0131nlanaca\u011f\u0131 belli oldu.\u00a0<\/p>\n<p>HAYRAN K\u0130TLES\u0130 G\u00dcNCELL\u0130\u011e\u0130N\u0130 KORUYOR<\/p>\n<p>Ses T\u00fcrkiye Y\u0131lba\u015f\u0131 \u00d6zel program\u0131nda a\u00e7\u0131klama yapan Beyaz\u0131t \u00d6zt\u00fcrk\u2019ten ilk a\u00e7\u0131klama geldi. 1996 y\u0131l\u0131nda ba\u015flad\u0131\u011f\u0131 yay\u0131n hayat\u0131nda b\u00fcy\u00fck bir hayran kitlesi kazanan program, ne zaman ba\u015flayacak?<\/p>\n<p>TV 8 EKRANLARINDA YAYINA G\u0130RMES\u0130 BEKLEN\u0130YOR<\/p>\n<p>Yay\u0131ndan kald\u0131r\u0131lmas\u0131na ra\u011fmen y\u0131llard\u0131r izleyenlerinin g\u00fcndeminden d\u00fc\u015fmeyen Beyaz Show&#8217;un yeni sezon tarihi sosyal medyadaki iddialar\u0131n ard\u0131ndan merak konusu oldu. Beyaz Show&#8217;un yeni y\u0131lda TV8 ekranlar\u0131nda yay\u0131nda olmas\u0131 bekleniyor.<\/p>\n<p>2018&#8217;DE YAYIN HAYATI B\u0130TM\u0130\u015eT\u0130<\/p>\n<p>Beyaz\u0131t \u00d6zt\u00fcrk\u2019\u00fcn \u2018Beyaz Show\u2019 adl\u0131 talk-show program\u0131 6 Aral\u0131k 1996\u2019da Kanal D\u2019de ilk b\u00f6l\u00fcm\u00fcyle yay\u0131na ba\u015flam\u0131\u015ft\u0131. 22 sezon boyunca s\u00fcren program 4 May\u0131s 2018 Cuma gecesi sezon finali yapt\u0131ktan sonra bir daha yay\u0131nlanmam\u0131\u015ft\u0131.<br \/>\n\u00a0<\/p>\n<p>\u200b2018 y\u0131l\u0131nda yay\u0131ndan kald\u0131r\u0131lan Beyaz Show yeniden seyircisiyle bulu\u015facak. Konuk oldu\u011fu bir programda a\u00e7\u0131klama yapan Beyaz\u0131t \u00d6zt\u00fcrk, ekranlara d\u00f6nece\u011fini duyurdu. \u0130\u015fte detaylar\u2026\u00a0<\/p>\n<p>\u200bHaberin Al\u0131nt\u0131land\u0131\u011f\u0131 Kaynak: www.antalyakorfez.com<\/p>","protected":false},"excerpt":{"rendered":"<p>Ekranlar\u0131n en sevilen programlar\u0131 aras\u0131nda yer alan Beyaz Show yeniden sevenleriyle bulu\u015fmaya haz\u0131rlan\u0131yor. 2018 y\u0131l\u0131nda yay\u0131ndan kald\u0131r\u0131lan Beyaz Show\u2019un hangi kanalda yay\u0131nlanaca\u011f\u0131 belli oldu.\u00a0 HAYRAN K\u0130TLES\u0130 G\u00dcNCELL\u0130\u011e\u0130N\u0130 KORUYOR Ses T\u00fcrkiye Y\u0131lba\u015f\u0131 \u00d6zel program\u0131nda a\u00e7\u0131klama yapan Beyaz\u0131t \u00d6zt\u00fcrk\u2019ten ilk a\u00e7\u0131klama geldi. 1996 y\u0131l\u0131nda ba\u015flad\u0131\u011f\u0131 yay\u0131n hayat\u0131nda b\u00fcy\u00fck bir hayran kitlesi kazanan program, ne zaman ba\u015flayacak? TV 8 EKRANLARINDA YAYINA G\u0130RMES\u0130 BEKLEN\u0130YOR Yay\u0131ndan kald\u0131r\u0131lmas\u0131na ra\u011fmen y\u0131llard\u0131r izleyenlerinin g\u00fcndeminden d\u00fc\u015fmeyen Beyaz Show&#8217;un yeni sezon tarihi sosyal medyadaki iddialar\u0131n ard\u0131ndan merak konusu oldu. Beyaz Show&#8217;un yeni y\u0131lda TV8 ekranlar\u0131nda yay\u0131nda olmas\u0131 bekleniyor. 2018&#8217;DE YAYIN HAYATI B\u0130TM\u0130\u015eT\u0130 Beyaz\u0131t \u00d6zt\u00fcrk\u2019\u00fcn \u2018Beyaz Show\u2019 adl\u0131 talk-show program\u0131 6 Aral\u0131k 1996\u2019da Kanal D\u2019de ilk b\u00f6l\u00fcm\u00fcyle yay\u0131na ba\u015flam\u0131\u015ft\u0131. 22 sezon boyunca s\u00fcren program 4 May\u0131s 2018 Cuma gecesi sezon finali yapt\u0131ktan sonra bir daha yay\u0131nlanmam\u0131\u015ft\u0131. \u00a0 \u200b2018 y\u0131l\u0131nda yay\u0131ndan kald\u0131r\u0131lan Beyaz Show yeniden seyircisiyle bulu\u015facak. Konuk oldu\u011fu bir programda a\u00e7\u0131klama yapan Beyaz\u0131t \u00d6zt\u00fcrk, ekranlara d\u00f6nece\u011fini duyurdu. \u0130\u015fte detaylar\u2026\u00a0 \u200bHaberin Al\u0131nt\u0131land\u0131\u011f\u0131 Kaynak: www.antalyakorfez.com<\/p>","protected":false},"author":5,"featured_media":0,"comment_status":"open","ping_status":"open","sticky":false,"template":"","format":"standard","meta":{"_acf_changed":false,"footnotes":""},"categories":[24],"tags":[],"class_list":["post-25034","post","type-post","status-publish","format-standard","has-post-thumbnail","hentry","category-gundem"],"acf":[],"yoast_head":"<!-- This site is optimized with the Yoast SEO Premium plugin v26.6 (Yoast SEO v27.1.1) - https:\/\/yoast.com\/product\/yoast-seo-premium-wordpress\/ -->\n<title>Beyaz Show ekranlara d\u00f6n\u00fcyor mu? Beyaz\u0131t \u00d6zt\u00fcrk a\u00e7\u0131klad\u0131\u2026 - Av. Deniz Can K\u0131z\u0131l<\/title>\n<meta name=\"robots\" content=\"index, follow, max-snippet:-1, max-image-preview:large, max-video-preview:-1\" \/>\n<link rel=\"canonical\" href=\"https:\/\/denizcankizil.tr\/ru\/haberler\/gundem\/beyaz-show-ekranlara-donuyor-mu-beyazit-ozturk-acikladi\/\" \/>\n<meta property=\"og:locale\" content=\"ru_RU\" \/>\n<meta property=\"og:type\" content=\"article\" \/>\n<meta property=\"og:title\" content=\"Beyaz Show ekranlara d\u00f6n\u00fcyor mu? Beyaz\u0131t \u00d6zt\u00fcrk a\u00e7\u0131klad\u0131\u2026\" \/>\n<meta property=\"og:description\" content=\"Ekranlar\u0131n en sevilen programlar\u0131 aras\u0131nda yer alan Beyaz Show yeniden sevenleriyle bulu\u015fmaya haz\u0131rlan\u0131yor. 2018 y\u0131l\u0131nda yay\u0131ndan kald\u0131r\u0131lan Beyaz Show\u2019un hangi kanalda yay\u0131nlanaca\u011f\u0131 belli oldu.\u00a0 HAYRAN K\u0130TLES\u0130 G\u00dcNCELL\u0130\u011e\u0130N\u0130 KORUYOR Ses T\u00fcrkiye Y\u0131lba\u015f\u0131 \u00d6zel program\u0131nda a\u00e7\u0131klama yapan Beyaz\u0131t \u00d6zt\u00fcrk\u2019ten ilk a\u00e7\u0131klama geldi. 1996 y\u0131l\u0131nda ba\u015flad\u0131\u011f\u0131 yay\u0131n hayat\u0131nda b\u00fcy\u00fck bir hayran kitlesi kazanan program, ne zaman ba\u015flayacak? TV 8 EKRANLARINDA YAYINA G\u0130RMES\u0130 BEKLEN\u0130YOR Yay\u0131ndan kald\u0131r\u0131lmas\u0131na ra\u011fmen y\u0131llard\u0131r izleyenlerinin g\u00fcndeminden d\u00fc\u015fmeyen Beyaz Show&#8217;un yeni sezon tarihi sosyal medyadaki iddialar\u0131n ard\u0131ndan merak konusu oldu. Beyaz Show&#8217;un yeni y\u0131lda TV8 ekranlar\u0131nda yay\u0131nda olmas\u0131 bekleniyor. 2018&#8217;DE YAYIN HAYATI B\u0130TM\u0130\u015eT\u0130 Beyaz\u0131t \u00d6zt\u00fcrk\u2019\u00fcn \u2018Beyaz Show\u2019 adl\u0131 talk-show program\u0131 6 Aral\u0131k 1996\u2019da Kanal D\u2019de ilk b\u00f6l\u00fcm\u00fcyle yay\u0131na ba\u015flam\u0131\u015ft\u0131. 22 sezon boyunca s\u00fcren program 4 May\u0131s 2018 Cuma gecesi sezon finali yapt\u0131ktan sonra bir daha yay\u0131nlanmam\u0131\u015ft\u0131. \u00a0 \u200b2018 y\u0131l\u0131nda yay\u0131ndan kald\u0131r\u0131lan Beyaz Show yeniden seyircisiyle bulu\u015facak. Konuk oldu\u011fu bir programda a\u00e7\u0131klama yapan Beyaz\u0131t \u00d6zt\u00fcrk, ekranlara d\u00f6nece\u011fini duyurdu. \u0130\u015fte detaylar\u2026\u00a0 \u200bHaberin Al\u0131nt\u0131land\u0131\u011f\u0131 Kaynak: www.antalyakorfez.com\" \/>\n<meta property=\"og:url\" content=\"https:\/\/denizcankizil.tr\/ru\/haberler\/gundem\/beyaz-show-ekranlara-donuyor-mu-beyazit-ozturk-acikladi\/\" \/>\n<meta property=\"og:site_name\" content=\"Av. Deniz Can K\u0131z\u0131l\" \/>\n<meta property=\"article:published_time\" content=\"2025-01-12T19:41:24+00:00\" \/>\n<meta name=\"author\" content=\"Antalya K\u00f6rfez\" \/>\n<meta name=\"twitter:card\" content=\"summary_large_image\" \/>\n<meta name=\"twitter:label1\" content=\"\u041d\u0430\u043f\u0438\u0441\u0430\u043d\u043e \u0430\u0432\u0442\u043e\u0440\u043e\u043c\" \/>\n\t<meta name=\"twitter:data1\" content=\"Antalya K\u00f6rfez\" \/>\n\t<meta name=\"twitter:label2\" content=\"\u041f\u0440\u0438\u043c\u0435\u0440\u043d\u043e\u0435 \u0432\u0440\u0435\u043c\u044f \u0434\u043b\u044f \u0447\u0442\u0435\u043d\u0438\u044f\" \/>\n\t<meta name=\"twitter:data2\" content=\"1 \u043c\u0438\u043d\u0443\u0442\u0430\" \/>\n<script type=\"application\/ld+json\" class=\"yoast-schema-graph\">{\"@context\":\"https:\/\/schema.org\",\"@graph\":[{\"@type\":\"Article\",\"@id\":\"https:\/\/denizcankizil.tr\/ru\/haberler\/gundem\/beyaz-show-ekranlara-donuyor-mu-beyazit-ozturk-acikladi\/#article\",\"isPartOf\":{\"@id\":\"https:\/\/denizcankizil.tr\/ru\/haberler\/gundem\/beyaz-show-ekranlara-donuyor-mu-beyazit-ozturk-acikladi\/\"},\"author\":{\"name\":\"Antalya K\u00f6rfez\",\"@id\":\"https:\/\/denizcankizil.tr\/#\/schema\/person\/e1eb71bb4dd684d46563f0af307e1234\"},\"headline\":\"Beyaz Show ekranlara d\u00f6n\u00fcyor mu? Beyaz\u0131t \u00d6zt\u00fcrk a\u00e7\u0131klad\u0131\u2026\",\"datePublished\":\"2025-01-12T19:41:24+00:00\",\"mainEntityOfPage\":{\"@id\":\"https:\/\/denizcankizil.tr\/ru\/haberler\/gundem\/beyaz-show-ekranlara-donuyor-mu-beyazit-ozturk-acikladi\/\"},\"wordCount\":239,\"commentCount\":0,\"publisher\":{\"@id\":\"https:\/\/denizcankizil.tr\/#organization\"},\"articleSection\":[\"G\u00fcndem\"],\"inLanguage\":\"ru-RU\",\"potentialAction\":[{\"@type\":\"CommentAction\",\"name\":\"Comment\",\"target\":[\"https:\/\/denizcankizil.tr\/ru\/haberler\/gundem\/beyaz-show-ekranlara-donuyor-mu-beyazit-ozturk-acikladi\/#respond\"]}]},{\"@type\":\"WebPage\",\"@id\":\"https:\/\/denizcankizil.tr\/ru\/haberler\/gundem\/beyaz-show-ekranlara-donuyor-mu-beyazit-ozturk-acikladi\/\",\"url\":\"https:\/\/denizcankizil.tr\/ru\/haberler\/gundem\/beyaz-show-ekranlara-donuyor-mu-beyazit-ozturk-acikladi\/\",\"name\":\"Beyaz Show ekranlara d\u00f6n\u00fcyor mu? Beyaz\u0131t \u00d6zt\u00fcrk a\u00e7\u0131klad\u0131\u2026 - Av. Deniz Can K\u0131z\u0131l\",\"isPartOf\":{\"@id\":\"https:\/\/denizcankizil.tr\/#website\"},\"datePublished\":\"2025-01-12T19:41:24+00:00\",\"breadcrumb\":{\"@id\":\"https:\/\/denizcankizil.tr\/ru\/haberler\/gundem\/beyaz-show-ekranlara-donuyor-mu-beyazit-ozturk-acikladi\/#breadcrumb\"},\"inLanguage\":\"ru-RU\",\"potentialAction\":[{\"@type\":\"ReadAction\",\"target\":[\"https:\/\/denizcankizil.tr\/ru\/haberler\/gundem\/beyaz-show-ekranlara-donuyor-mu-beyazit-ozturk-acikladi\/\"]}]},{\"@type\":\"BreadcrumbList\",\"@id\":\"https:\/\/denizcankizil.tr\/ru\/haberler\/gundem\/beyaz-show-ekranlara-donuyor-mu-beyazit-ozturk-acikladi\/#breadcrumb\",\"itemListElement\":[{\"@type\":\"ListItem\",\"position\":1,\"name\":\"Home\",\"item\":\"https:\/\/denizcankizil.tr\/de\/\"},{\"@type\":\"ListItem\",\"position\":2,\"name\":\"Beyaz Show ekranlara d\u00f6n\u00fcyor mu? Beyaz\u0131t \u00d6zt\u00fcrk a\u00e7\u0131klad\u0131\u2026\"}]},{\"@type\":\"WebSite\",\"@id\":\"https:\/\/denizcankizil.tr\/#website\",\"url\":\"https:\/\/denizcankizil.tr\/\",\"name\":\"Av. Deniz Can K\u0131z\u0131l\",\"description\":\"Avukat Deniz Can K\u0131z\u0131l Antalya Barosu\",\"publisher\":{\"@id\":\"https:\/\/denizcankizil.tr\/#organization\"},\"potentialAction\":[{\"@type\":\"SearchAction\",\"target\":{\"@type\":\"EntryPoint\",\"urlTemplate\":\"https:\/\/denizcankizil.tr\/?s={search_term_string}\"},\"query-input\":{\"@type\":\"PropertyValueSpecification\",\"valueRequired\":true,\"valueName\":\"search_term_string\"}}],\"inLanguage\":\"ru-RU\"},{\"@type\":\"Organization\",\"@id\":\"https:\/\/denizcankizil.tr\/#organization\",\"name\":\"Av. Deniz Can K\u0131z\u0131l\",\"url\":\"https:\/\/denizcankizil.tr\/\",\"logo\":{\"@type\":\"ImageObject\",\"inLanguage\":\"ru-RU\",\"@id\":\"https:\/\/denizcankizil.tr\/#\/schema\/logo\/image\/\",\"url\":\"https:\/\/denizcankizil.tr\/wp-content\/uploads\/2024\/10\/siyah-logo-svg.svg\",\"contentUrl\":\"https:\/\/denizcankizil.tr\/wp-content\/uploads\/2024\/10\/siyah-logo-svg.svg\",\"width\":1080,\"height\":1080,\"caption\":\"Av. Deniz Can K\u0131z\u0131l\"},\"image\":{\"@id\":\"https:\/\/denizcankizil.tr\/#\/schema\/logo\/image\/\"}},{\"@type\":\"Person\",\"@id\":\"https:\/\/denizcankizil.tr\/#\/schema\/person\/e1eb71bb4dd684d46563f0af307e1234\",\"name\":\"Antalya K\u00f6rfez\",\"image\":{\"@type\":\"ImageObject\",\"inLanguage\":\"ru-RU\",\"@id\":\"https:\/\/denizcankizil.tr\/#\/schema\/person\/image\/\",\"url\":\"https:\/\/secure.gravatar.com\/avatar\/42b01982558a48a0b501fdcab6a408d3717ea5919095ee2e67b0e521799c5905?s=96&d=mm&r=g\",\"contentUrl\":\"https:\/\/secure.gravatar.com\/avatar\/42b01982558a48a0b501fdcab6a408d3717ea5919095ee2e67b0e521799c5905?s=96&d=mm&r=g\",\"caption\":\"Antalya K\u00f6rfez\"},\"sameAs\":[\"http:\/\/www.antalyakorfez.com\"],\"url\":\"https:\/\/www.antalyakorfez.com\/beyaz-show-ekranlara-donuyor-mu-beyazit-ozturk-acikladi\"}]}<\/script>\n<!-- \/ Yoast SEO Premium plugin. -->","yoast_head_json":{"title":"Beyaz Show ekranlara d\u00f6n\u00fcyor mu? Beyaz\u0131t \u00d6zt\u00fcrk a\u00e7\u0131klad\u0131\u2026 - Av. Deniz Can K\u0131z\u0131l","robots":{"index":"index","follow":"follow","max-snippet":"max-snippet:-1","max-image-preview":"max-image-preview:large","max-video-preview":"max-video-preview:-1"},"canonical":"https:\/\/denizcankizil.tr\/ru\/haberler\/gundem\/beyaz-show-ekranlara-donuyor-mu-beyazit-ozturk-acikladi\/","og_locale":"ru_RU","og_type":"article","og_title":"Beyaz Show ekranlara d\u00f6n\u00fcyor mu? Beyaz\u0131t \u00d6zt\u00fcrk a\u00e7\u0131klad\u0131\u2026","og_description":"Ekranlar\u0131n en sevilen programlar\u0131 aras\u0131nda yer alan Beyaz Show yeniden sevenleriyle bulu\u015fmaya haz\u0131rlan\u0131yor. 2018 y\u0131l\u0131nda yay\u0131ndan kald\u0131r\u0131lan Beyaz Show\u2019un hangi kanalda yay\u0131nlanaca\u011f\u0131 belli oldu.\u00a0 HAYRAN K\u0130TLES\u0130 G\u00dcNCELL\u0130\u011e\u0130N\u0130 KORUYOR Ses T\u00fcrkiye Y\u0131lba\u015f\u0131 \u00d6zel program\u0131nda a\u00e7\u0131klama yapan Beyaz\u0131t \u00d6zt\u00fcrk\u2019ten ilk a\u00e7\u0131klama geldi. 1996 y\u0131l\u0131nda ba\u015flad\u0131\u011f\u0131 yay\u0131n hayat\u0131nda b\u00fcy\u00fck bir hayran kitlesi kazanan program, ne zaman ba\u015flayacak? TV 8 EKRANLARINDA YAYINA G\u0130RMES\u0130 BEKLEN\u0130YOR Yay\u0131ndan kald\u0131r\u0131lmas\u0131na ra\u011fmen y\u0131llard\u0131r izleyenlerinin g\u00fcndeminden d\u00fc\u015fmeyen Beyaz Show&#8217;un yeni sezon tarihi sosyal medyadaki iddialar\u0131n ard\u0131ndan merak konusu oldu. Beyaz Show&#8217;un yeni y\u0131lda TV8 ekranlar\u0131nda yay\u0131nda olmas\u0131 bekleniyor. 2018&#8217;DE YAYIN HAYATI B\u0130TM\u0130\u015eT\u0130 Beyaz\u0131t \u00d6zt\u00fcrk\u2019\u00fcn \u2018Beyaz Show\u2019 adl\u0131 talk-show program\u0131 6 Aral\u0131k 1996\u2019da Kanal D\u2019de ilk b\u00f6l\u00fcm\u00fcyle yay\u0131na ba\u015flam\u0131\u015ft\u0131. 22 sezon boyunca s\u00fcren program 4 May\u0131s 2018 Cuma gecesi sezon finali yapt\u0131ktan sonra bir daha yay\u0131nlanmam\u0131\u015ft\u0131. \u00a0 \u200b2018 y\u0131l\u0131nda yay\u0131ndan kald\u0131r\u0131lan Beyaz Show yeniden seyircisiyle bulu\u015facak. Konuk oldu\u011fu bir programda a\u00e7\u0131klama yapan Beyaz\u0131t \u00d6zt\u00fcrk, ekranlara d\u00f6nece\u011fini duyurdu. \u0130\u015fte detaylar\u2026\u00a0 \u200bHaberin Al\u0131nt\u0131land\u0131\u011f\u0131 Kaynak: www.antalyakorfez.com","og_url":"https:\/\/denizcankizil.tr\/ru\/haberler\/gundem\/beyaz-show-ekranlara-donuyor-mu-beyazit-ozturk-acikladi\/","og_site_name":"Av. Deniz Can K\u0131z\u0131l","article_published_time":"2025-01-12T19:41:24+00:00","author":"Antalya K\u00f6rfez","twitter_card":"summary_large_image","twitter_misc":{"\u041d\u0430\u043f\u0438\u0441\u0430\u043d\u043e \u0430\u0432\u0442\u043e\u0440\u043e\u043c":"Antalya K\u00f6rfez","\u041f\u0440\u0438\u043c\u0435\u0440\u043d\u043e\u0435 \u0432\u0440\u0435\u043c\u044f \u0434\u043b\u044f \u0447\u0442\u0435\u043d\u0438\u044f":"1 \u043c\u0438\u043d\u0443\u0442\u0430"},"schema":{"@context":"https:\/\/schema.org","@graph":[{"@type":"Article","@id":"https:\/\/denizcankizil.tr\/ru\/haberler\/gundem\/beyaz-show-ekranlara-donuyor-mu-beyazit-ozturk-acikladi\/#article","isPartOf":{"@id":"https:\/\/denizcankizil.tr\/ru\/haberler\/gundem\/beyaz-show-ekranlara-donuyor-mu-beyazit-ozturk-acikladi\/"},"author":{"name":"Antalya K\u00f6rfez","@id":"https:\/\/denizcankizil.tr\/#\/schema\/person\/e1eb71bb4dd684d46563f0af307e1234"},"headline":"Beyaz Show ekranlara d\u00f6n\u00fcyor mu? Beyaz\u0131t \u00d6zt\u00fcrk a\u00e7\u0131klad\u0131\u2026","datePublished":"2025-01-12T19:41:24+00:00","mainEntityOfPage":{"@id":"https:\/\/denizcankizil.tr\/ru\/haberler\/gundem\/beyaz-show-ekranlara-donuyor-mu-beyazit-ozturk-acikladi\/"},"wordCount":239,"commentCount":0,"publisher":{"@id":"https:\/\/denizcankizil.tr\/#organization"},"articleSection":["G\u00fcndem"],"inLanguage":"ru-RU","potentialAction":[{"@type":"CommentAction","name":"Comment","target":["https:\/\/denizcankizil.tr\/ru\/haberler\/gundem\/beyaz-show-ekranlara-donuyor-mu-beyazit-ozturk-acikladi\/#respond"]}]},{"@type":"WebPage","@id":"https:\/\/denizcankizil.tr\/ru\/haberler\/gundem\/beyaz-show-ekranlara-donuyor-mu-beyazit-ozturk-acikladi\/","url":"https:\/\/denizcankizil.tr\/ru\/haberler\/gundem\/beyaz-show-ekranlara-donuyor-mu-beyazit-ozturk-acikladi\/","name":"Beyaz Show ekranlara d\u00f6n\u00fcyor mu? Beyaz\u0131t \u00d6zt\u00fcrk a\u00e7\u0131klad\u0131\u2026 - Av. Deniz Can K\u0131z\u0131l","isPartOf":{"@id":"https:\/\/denizcankizil.tr\/#website"},"datePublished":"2025-01-12T19:41:24+00:00","breadcrumb":{"@id":"https:\/\/denizcankizil.tr\/ru\/haberler\/gundem\/beyaz-show-ekranlara-donuyor-mu-beyazit-ozturk-acikladi\/#breadcrumb"},"inLanguage":"ru-RU","potentialAction":[{"@type":"ReadAction","target":["https:\/\/denizcankizil.tr\/ru\/haberler\/gundem\/beyaz-show-ekranlara-donuyor-mu-beyazit-ozturk-acikladi\/"]}]},{"@type":"BreadcrumbList","@id":"https:\/\/denizcankizil.tr\/ru\/haberler\/gundem\/beyaz-show-ekranlara-donuyor-mu-beyazit-ozturk-acikladi\/#breadcrumb","itemListElement":[{"@type":"ListItem","position":1,"name":"Home","item":"https:\/\/denizcankizil.tr\/de\/"},{"@type":"ListItem","position":2,"name":"Beyaz Show ekranlara d\u00f6n\u00fcyor mu? Beyaz\u0131t \u00d6zt\u00fcrk a\u00e7\u0131klad\u0131\u2026"}]},{"@type":"WebSite","@id":"https:\/\/denizcankizil.tr\/#website","url":"https:\/\/denizcankizil.tr\/","name":"Av. Deniz Can K\u0131z\u0131l","description":"Avukat Deniz Can K\u0131z\u0131l Antalya Barosu","publisher":{"@id":"https:\/\/denizcankizil.tr\/#organization"},"potentialAction":[{"@type":"SearchAction","target":{"@type":"EntryPoint","urlTemplate":"https:\/\/denizcankizil.tr\/?s={search_term_string}"},"query-input":{"@type":"PropertyValueSpecification","valueRequired":true,"valueName":"search_term_string"}}],"inLanguage":"ru-RU"},{"@type":"Organization","@id":"https:\/\/denizcankizil.tr\/#organization","name":"Av. Deniz Can K\u0131z\u0131l","url":"https:\/\/denizcankizil.tr\/","logo":{"@type":"ImageObject","inLanguage":"ru-RU","@id":"https:\/\/denizcankizil.tr\/#\/schema\/logo\/image\/","url":"https:\/\/denizcankizil.tr\/wp-content\/uploads\/2024\/10\/siyah-logo-svg.svg","contentUrl":"https:\/\/denizcankizil.tr\/wp-content\/uploads\/2024\/10\/siyah-logo-svg.svg","width":1080,"height":1080,"caption":"Av. Deniz Can K\u0131z\u0131l"},"image":{"@id":"https:\/\/denizcankizil.tr\/#\/schema\/logo\/image\/"}},{"@type":"Person","@id":"https:\/\/denizcankizil.tr\/#\/schema\/person\/e1eb71bb4dd684d46563f0af307e1234","name":"Antalya K\u00f6rfez","image":{"@type":"ImageObject","inLanguage":"ru-RU","@id":"https:\/\/denizcankizil.tr\/#\/schema\/person\/image\/","url":"https:\/\/secure.gravatar.com\/avatar\/42b01982558a48a0b501fdcab6a408d3717ea5919095ee2e67b0e521799c5905?s=96&d=mm&r=g","contentUrl":"https:\/\/secure.gravatar.com\/avatar\/42b01982558a48a0b501fdcab6a408d3717ea5919095ee2e67b0e521799c5905?s=96&d=mm&r=g","caption":"Antalya K\u00f6rfez"},"sameAs":["http:\/\/www.antalyakorfez.com"],"url":"https:\/\/www.antalyakorfez.com\/beyaz-show-ekranlara-donuyor-mu-beyazit-ozturk-acikladi"}]}},"_links":{"self":[{"href":"https:\/\/denizcankizil.tr\/ru\/wp-json\/wp\/v2\/posts\/25034","targetHints":{"allow":["GET"]}}],"collection":[{"href":"https:\/\/denizcankizil.tr\/ru\/wp-json\/wp\/v2\/posts"}],"about":[{"href":"https:\/\/denizcankizil.tr\/ru\/wp-json\/wp\/v2\/types\/post"}],"author":[{"embeddable":true,"href":"https:\/\/denizcankizil.tr\/ru\/wp-json\/wp\/v2\/users\/5"}],"replies":[{"embeddable":true,"href":"https:\/\/denizcankizil.tr\/ru\/wp-json\/wp\/v2\/comments?post=25034"}],"version-history":[{"count":0,"href":"https:\/\/denizcankizil.tr\/ru\/wp-json\/wp\/v2\/posts\/25034\/revisions"}],"wp:attachment":[{"href":"https:\/\/denizcankizil.tr\/ru\/wp-json\/wp\/v2\/media?parent=25034"}],"wp:term":[{"taxonomy":"category","embeddable":true,"href":"https:\/\/denizcankizil.tr\/ru\/wp-json\/wp\/v2\/categories?post=25034"},{"taxonomy":"post_tag","embeddable":true,"href":"https:\/\/denizcankizil.tr\/ru\/wp-json\/wp\/v2\/tags?post=25034"}],"curies":[{"name":"wp","href":"https:\/\/api.w.org\/{rel}","templated":true}]}}