{"id":25029,"date":"2025-01-12T21:10:47","date_gmt":"2025-01-12T18:10:47","guid":{"rendered":"https:\/\/denizcankizil.tr\/uncategorized-tr\/milyonlari-ilgilendiren-karara-iliskin-ticaret-bakanligindan-ilk-aciklama\/"},"modified":"2025-01-12T21:10:47","modified_gmt":"2025-01-12T18:10:47","slug":"milyonlari-ilgilendiren-karara-iliskin-ticaret-bakanligindan-ilk-aciklama","status":"publish","type":"post","link":"https:\/\/denizcankizil.tr\/ru\/haberler\/gundem\/milyonlari-ilgilendiren-karara-iliskin-ticaret-bakanligindan-ilk-aciklama\/","title":{"rendered":"Milyonlar\u0131 ilgilendiren karara ili\u015fkin Ticaret Bakanl\u0131\u011f\u0131ndan ilk a\u00e7\u0131klama!"},"content":{"rendered":"<p>Ticaret Bakanl\u0131\u011f\u0131, internet al\u0131\u015fveri\u015flerinde baz\u0131 \u00fcr\u00fcnler i\u00e7in cayma hakk\u0131n\u0131n kald\u0131r\u0131laca\u011f\u0131 \u015feklindeki haberlerin ger\u00e7e\u011fi yans\u0131tmad\u0131\u011f\u0131n\u0131 a\u00e7\u0131klad\u0131.<\/p>\n<p>KARAR 2026 YILINA ETKELEND\u0130\u00a0<\/p>\n<p>Ticaret Bakanl\u0131\u011f\u0131n\u0131n sosyal medya hesab\u0131ndan yap\u0131lan payla\u015f\u0131mda, \u201cD\u00f6nem d\u00f6nem g\u00fcndeme gelen internet \u00fczerinden yap\u0131lan belli al\u0131\u015fveri\u015flere ili\u015fkin cayma hakk\u0131n\u0131n kald\u0131r\u0131ld\u0131\u011f\u0131na y\u00f6nelik haberler ger\u00e7e\u011fi yans\u0131tmamaktad\u0131r\u201d denildi. S\u00f6z konusu \u00fcr\u00fcnlerde cayma hakk\u0131ndaki de\u011fi\u015fiklikle ilgili karar hakk\u0131nda bilgi verilen payla\u015f\u0131mda, \u201cS\u00f6z konusu \u00fcr\u00fcnlerde cayma hakk\u0131nda de\u011fi\u015fikli\u011fe dair maddelerin uygulanmas\u0131 karar\u0131, 10.08.2024 tarihli Resmi Gazete\u2019de yay\u0131nlanan Y\u00f6netmeli\u011fe g\u00f6re 01.01.2026 tarihine dek ertelenmi\u015ftir\u201d ifadelerine yer verildi. \u00a0\u00a0 \u00a0 \u00a0 \u00a0 \u00a0 \u00a0 \u00a0 \u00a0 \u00a0 \u00a0 \u00a0 \u00a0 \u00a0 \u00a0 \u00a0 \u00a0 \u00a0\u00a0<\/p>\n<p>\u200bMilyonlarca insan\u0131 etkileyen internet al\u0131\u015fveri\u015finde cayma hakk\u0131na ili\u015fkin Ticaret Bakanl\u0131\u011f\u0131 a\u00e7\u0131klama yapt\u0131. Bakanl\u0131\u011f\u0131n sosyal medya hesab\u0131ndan yap\u0131lan payla\u015f\u0131mda, haberlerin ger\u00e7e\u011fi yans\u0131tmad\u0131\u011f\u0131 belirtildi.\u00a0<\/p>\n<p>\u200bHaberin Al\u0131nt\u0131land\u0131\u011f\u0131 Kaynak: www.antalyakorfez.com<\/p>","protected":false},"excerpt":{"rendered":"<p>Ticaret Bakanl\u0131\u011f\u0131, internet al\u0131\u015fveri\u015flerinde baz\u0131 \u00fcr\u00fcnler i\u00e7in cayma hakk\u0131n\u0131n kald\u0131r\u0131laca\u011f\u0131 \u015feklindeki haberlerin ger\u00e7e\u011fi yans\u0131tmad\u0131\u011f\u0131n\u0131 a\u00e7\u0131klad\u0131. KARAR 2026 YILINA ETKELEND\u0130\u00a0 Ticaret Bakanl\u0131\u011f\u0131n\u0131n sosyal medya hesab\u0131ndan yap\u0131lan payla\u015f\u0131mda, \u201cD\u00f6nem d\u00f6nem g\u00fcndeme gelen internet \u00fczerinden yap\u0131lan belli al\u0131\u015fveri\u015flere ili\u015fkin cayma hakk\u0131n\u0131n kald\u0131r\u0131ld\u0131\u011f\u0131na y\u00f6nelik haberler ger\u00e7e\u011fi yans\u0131tmamaktad\u0131r\u201d denildi. S\u00f6z konusu \u00fcr\u00fcnlerde cayma hakk\u0131ndaki de\u011fi\u015fiklikle ilgili karar hakk\u0131nda bilgi verilen payla\u015f\u0131mda, \u201cS\u00f6z konusu \u00fcr\u00fcnlerde cayma hakk\u0131nda de\u011fi\u015fikli\u011fe dair maddelerin uygulanmas\u0131 karar\u0131, 10.08.2024 tarihli Resmi Gazete\u2019de yay\u0131nlanan Y\u00f6netmeli\u011fe g\u00f6re 01.01.2026 tarihine dek ertelenmi\u015ftir\u201d ifadelerine yer verildi. \u00a0\u00a0 \u00a0 \u00a0 \u00a0 \u00a0 \u00a0 \u00a0 \u00a0 \u00a0 \u00a0 \u00a0 \u00a0 \u00a0 \u00a0 \u00a0 \u00a0 \u00a0\u00a0 \u200bMilyonlarca insan\u0131 etkileyen internet al\u0131\u015fveri\u015finde cayma hakk\u0131na ili\u015fkin Ticaret Bakanl\u0131\u011f\u0131 a\u00e7\u0131klama yapt\u0131. Bakanl\u0131\u011f\u0131n sosyal medya hesab\u0131ndan yap\u0131lan payla\u015f\u0131mda, haberlerin ger\u00e7e\u011fi yans\u0131tmad\u0131\u011f\u0131 belirtildi.\u00a0 \u200bHaberin Al\u0131nt\u0131land\u0131\u011f\u0131 Kaynak: www.antalyakorfez.com<\/p>","protected":false},"author":5,"featured_media":0,"comment_status":"open","ping_status":"open","sticky":false,"template":"","format":"standard","meta":{"_acf_changed":false,"footnotes":""},"categories":[24],"tags":[],"class_list":["post-25029","post","type-post","status-publish","format-standard","has-post-thumbnail","hentry","category-gundem"],"acf":[],"yoast_head":"<!-- This site is optimized with the Yoast SEO Premium plugin v26.6 (Yoast SEO v27.1.1) - https:\/\/yoast.com\/product\/yoast-seo-premium-wordpress\/ -->\n<title>Milyonlar\u0131 ilgilendiren karara ili\u015fkin Ticaret Bakanl\u0131\u011f\u0131ndan ilk a\u00e7\u0131klama! - Av. Deniz Can K\u0131z\u0131l<\/title>\n<meta name=\"robots\" content=\"index, follow, max-snippet:-1, max-image-preview:large, max-video-preview:-1\" \/>\n<link rel=\"canonical\" href=\"https:\/\/denizcankizil.tr\/ru\/haberler\/gundem\/milyonlari-ilgilendiren-karara-iliskin-ticaret-bakanligindan-ilk-aciklama\/\" \/>\n<meta property=\"og:locale\" content=\"ru_RU\" \/>\n<meta property=\"og:type\" content=\"article\" \/>\n<meta property=\"og:title\" content=\"Milyonlar\u0131 ilgilendiren karara ili\u015fkin Ticaret Bakanl\u0131\u011f\u0131ndan ilk a\u00e7\u0131klama!\" \/>\n<meta property=\"og:description\" content=\"Ticaret Bakanl\u0131\u011f\u0131, internet al\u0131\u015fveri\u015flerinde baz\u0131 \u00fcr\u00fcnler i\u00e7in cayma hakk\u0131n\u0131n kald\u0131r\u0131laca\u011f\u0131 \u015feklindeki haberlerin ger\u00e7e\u011fi yans\u0131tmad\u0131\u011f\u0131n\u0131 a\u00e7\u0131klad\u0131. KARAR 2026 YILINA ETKELEND\u0130\u00a0 Ticaret Bakanl\u0131\u011f\u0131n\u0131n sosyal medya hesab\u0131ndan yap\u0131lan payla\u015f\u0131mda, \u201cD\u00f6nem d\u00f6nem g\u00fcndeme gelen internet \u00fczerinden yap\u0131lan belli al\u0131\u015fveri\u015flere ili\u015fkin cayma hakk\u0131n\u0131n kald\u0131r\u0131ld\u0131\u011f\u0131na y\u00f6nelik haberler ger\u00e7e\u011fi yans\u0131tmamaktad\u0131r\u201d denildi. S\u00f6z konusu \u00fcr\u00fcnlerde cayma hakk\u0131ndaki de\u011fi\u015fiklikle ilgili karar hakk\u0131nda bilgi verilen payla\u015f\u0131mda, \u201cS\u00f6z konusu \u00fcr\u00fcnlerde cayma hakk\u0131nda de\u011fi\u015fikli\u011fe dair maddelerin uygulanmas\u0131 karar\u0131, 10.08.2024 tarihli Resmi Gazete\u2019de yay\u0131nlanan Y\u00f6netmeli\u011fe g\u00f6re 01.01.2026 tarihine dek ertelenmi\u015ftir\u201d ifadelerine yer verildi. \u00a0\u00a0 \u00a0 \u00a0 \u00a0 \u00a0 \u00a0 \u00a0 \u00a0 \u00a0 \u00a0 \u00a0 \u00a0 \u00a0 \u00a0 \u00a0 \u00a0 \u00a0\u00a0 \u200bMilyonlarca insan\u0131 etkileyen internet al\u0131\u015fveri\u015finde cayma hakk\u0131na ili\u015fkin Ticaret Bakanl\u0131\u011f\u0131 a\u00e7\u0131klama yapt\u0131. Bakanl\u0131\u011f\u0131n sosyal medya hesab\u0131ndan yap\u0131lan payla\u015f\u0131mda, haberlerin ger\u00e7e\u011fi yans\u0131tmad\u0131\u011f\u0131 belirtildi.\u00a0 \u200bHaberin Al\u0131nt\u0131land\u0131\u011f\u0131 Kaynak: www.antalyakorfez.com\" \/>\n<meta property=\"og:url\" content=\"https:\/\/denizcankizil.tr\/ru\/haberler\/gundem\/milyonlari-ilgilendiren-karara-iliskin-ticaret-bakanligindan-ilk-aciklama\/\" \/>\n<meta property=\"og:site_name\" content=\"Av. Deniz Can K\u0131z\u0131l\" \/>\n<meta property=\"article:published_time\" content=\"2025-01-12T18:10:47+00:00\" \/>\n<meta name=\"author\" content=\"Antalya K\u00f6rfez\" \/>\n<meta name=\"twitter:card\" content=\"summary_large_image\" \/>\n<meta name=\"twitter:label1\" content=\"\u041d\u0430\u043f\u0438\u0441\u0430\u043d\u043e \u0430\u0432\u0442\u043e\u0440\u043e\u043c\" \/>\n\t<meta name=\"twitter:data1\" content=\"Antalya K\u00f6rfez\" \/>\n\t<meta name=\"twitter:label2\" content=\"\u041f\u0440\u0438\u043c\u0435\u0440\u043d\u043e\u0435 \u0432\u0440\u0435\u043c\u044f \u0434\u043b\u044f \u0447\u0442\u0435\u043d\u0438\u044f\" \/>\n\t<meta name=\"twitter:data2\" content=\"1 \u043c\u0438\u043d\u0443\u0442\u0430\" \/>\n<script type=\"application\/ld+json\" class=\"yoast-schema-graph\">{\"@context\":\"https:\/\/schema.org\",\"@graph\":[{\"@type\":\"Article\",\"@id\":\"https:\/\/denizcankizil.tr\/de\/haberler\/gundem\/milyonlari-ilgilendiren-karara-iliskin-ticaret-bakanligindan-ilk-aciklama\/#article\",\"isPartOf\":{\"@id\":\"https:\/\/denizcankizil.tr\/de\/haberler\/gundem\/milyonlari-ilgilendiren-karara-iliskin-ticaret-bakanligindan-ilk-aciklama\/\"},\"author\":{\"name\":\"Antalya K\u00f6rfez\",\"@id\":\"https:\/\/denizcankizil.tr\/de\/#\/schema\/person\/e1eb71bb4dd684d46563f0af307e1234\"},\"headline\":\"Milyonlar\u0131 ilgilendiren karara ili\u015fkin Ticaret Bakanl\u0131\u011f\u0131ndan ilk a\u00e7\u0131klama!\",\"datePublished\":\"2025-01-12T18:10:47+00:00\",\"mainEntityOfPage\":{\"@id\":\"https:\/\/denizcankizil.tr\/de\/haberler\/gundem\/milyonlari-ilgilendiren-karara-iliskin-ticaret-bakanligindan-ilk-aciklama\/\"},\"wordCount\":184,\"commentCount\":0,\"publisher\":{\"@id\":\"https:\/\/denizcankizil.tr\/de\/#organization\"},\"articleSection\":[\"G\u00fcndem\"],\"inLanguage\":\"ru-RU\",\"potentialAction\":[{\"@type\":\"CommentAction\",\"name\":\"Comment\",\"target\":[\"https:\/\/denizcankizil.tr\/de\/haberler\/gundem\/milyonlari-ilgilendiren-karara-iliskin-ticaret-bakanligindan-ilk-aciklama\/#respond\"]}]},{\"@type\":\"WebPage\",\"@id\":\"https:\/\/denizcankizil.tr\/de\/haberler\/gundem\/milyonlari-ilgilendiren-karara-iliskin-ticaret-bakanligindan-ilk-aciklama\/\",\"url\":\"https:\/\/denizcankizil.tr\/de\/haberler\/gundem\/milyonlari-ilgilendiren-karara-iliskin-ticaret-bakanligindan-ilk-aciklama\/\",\"name\":\"Milyonlar\u0131 ilgilendiren karara ili\u015fkin Ticaret Bakanl\u0131\u011f\u0131ndan ilk a\u00e7\u0131klama! - Av. Deniz Can K\u0131z\u0131l\",\"isPartOf\":{\"@id\":\"https:\/\/denizcankizil.tr\/de\/#website\"},\"datePublished\":\"2025-01-12T18:10:47+00:00\",\"breadcrumb\":{\"@id\":\"https:\/\/denizcankizil.tr\/de\/haberler\/gundem\/milyonlari-ilgilendiren-karara-iliskin-ticaret-bakanligindan-ilk-aciklama\/#breadcrumb\"},\"inLanguage\":\"ru-RU\",\"potentialAction\":[{\"@type\":\"ReadAction\",\"target\":[\"https:\/\/denizcankizil.tr\/de\/haberler\/gundem\/milyonlari-ilgilendiren-karara-iliskin-ticaret-bakanligindan-ilk-aciklama\/\"]}]},{\"@type\":\"BreadcrumbList\",\"@id\":\"https:\/\/denizcankizil.tr\/de\/haberler\/gundem\/milyonlari-ilgilendiren-karara-iliskin-ticaret-bakanligindan-ilk-aciklama\/#breadcrumb\",\"itemListElement\":[{\"@type\":\"ListItem\",\"position\":1,\"name\":\"Home\",\"item\":\"https:\/\/denizcankizil.tr\/de\/\"},{\"@type\":\"ListItem\",\"position\":2,\"name\":\"Milyonlar\u0131 ilgilendiren karara ili\u015fkin Ticaret Bakanl\u0131\u011f\u0131ndan ilk a\u00e7\u0131klama!\"}]},{\"@type\":\"WebSite\",\"@id\":\"https:\/\/denizcankizil.tr\/de\/#website\",\"url\":\"https:\/\/denizcankizil.tr\/de\/\",\"name\":\"Av. Deniz Can K\u0131z\u0131l\",\"description\":\"Avukat Deniz Can K\u0131z\u0131l Antalya Barosu\",\"publisher\":{\"@id\":\"https:\/\/denizcankizil.tr\/de\/#organization\"},\"potentialAction\":[{\"@type\":\"SearchAction\",\"target\":{\"@type\":\"EntryPoint\",\"urlTemplate\":\"https:\/\/denizcankizil.tr\/de\/?s={search_term_string}\"},\"query-input\":{\"@type\":\"PropertyValueSpecification\",\"valueRequired\":true,\"valueName\":\"search_term_string\"}}],\"inLanguage\":\"ru-RU\"},{\"@type\":\"Organization\",\"@id\":\"https:\/\/denizcankizil.tr\/de\/#organization\",\"name\":\"Av. Deniz Can K\u0131z\u0131l\",\"url\":\"https:\/\/denizcankizil.tr\/de\/\",\"logo\":{\"@type\":\"ImageObject\",\"inLanguage\":\"ru-RU\",\"@id\":\"https:\/\/denizcankizil.tr\/de\/#\/schema\/logo\/image\/\",\"url\":\"https:\/\/denizcankizil.tr\/wp-content\/uploads\/2024\/10\/siyah-logo-svg.svg\",\"contentUrl\":\"https:\/\/denizcankizil.tr\/wp-content\/uploads\/2024\/10\/siyah-logo-svg.svg\",\"width\":1080,\"height\":1080,\"caption\":\"Av. Deniz Can K\u0131z\u0131l\"},\"image\":{\"@id\":\"https:\/\/denizcankizil.tr\/de\/#\/schema\/logo\/image\/\"}},{\"@type\":\"Person\",\"@id\":\"https:\/\/denizcankizil.tr\/de\/#\/schema\/person\/e1eb71bb4dd684d46563f0af307e1234\",\"name\":\"Antalya K\u00f6rfez\",\"image\":{\"@type\":\"ImageObject\",\"inLanguage\":\"ru-RU\",\"@id\":\"https:\/\/denizcankizil.tr\/de\/#\/schema\/person\/image\/\",\"url\":\"https:\/\/secure.gravatar.com\/avatar\/42b01982558a48a0b501fdcab6a408d3717ea5919095ee2e67b0e521799c5905?s=96&d=mm&r=g\",\"contentUrl\":\"https:\/\/secure.gravatar.com\/avatar\/42b01982558a48a0b501fdcab6a408d3717ea5919095ee2e67b0e521799c5905?s=96&d=mm&r=g\",\"caption\":\"Antalya K\u00f6rfez\"},\"sameAs\":[\"http:\/\/www.antalyakorfez.com\"],\"url\":\"https:\/\/www.antalyakorfez.com\/milyonlari-ilgilendiren-karara-iliskin-ticaret-bakanligindan-ilk-aciklama\"}]}<\/script>\n<!-- \/ Yoast SEO Premium plugin. -->","yoast_head_json":{"title":"Milyonlar\u0131 ilgilendiren karara ili\u015fkin Ticaret Bakanl\u0131\u011f\u0131ndan ilk a\u00e7\u0131klama! - Av. Deniz Can K\u0131z\u0131l","robots":{"index":"index","follow":"follow","max-snippet":"max-snippet:-1","max-image-preview":"max-image-preview:large","max-video-preview":"max-video-preview:-1"},"canonical":"https:\/\/denizcankizil.tr\/ru\/haberler\/gundem\/milyonlari-ilgilendiren-karara-iliskin-ticaret-bakanligindan-ilk-aciklama\/","og_locale":"ru_RU","og_type":"article","og_title":"Milyonlar\u0131 ilgilendiren karara ili\u015fkin Ticaret Bakanl\u0131\u011f\u0131ndan ilk a\u00e7\u0131klama!","og_description":"Ticaret Bakanl\u0131\u011f\u0131, internet al\u0131\u015fveri\u015flerinde baz\u0131 \u00fcr\u00fcnler i\u00e7in cayma hakk\u0131n\u0131n kald\u0131r\u0131laca\u011f\u0131 \u015feklindeki haberlerin ger\u00e7e\u011fi yans\u0131tmad\u0131\u011f\u0131n\u0131 a\u00e7\u0131klad\u0131. KARAR 2026 YILINA ETKELEND\u0130\u00a0 Ticaret Bakanl\u0131\u011f\u0131n\u0131n sosyal medya hesab\u0131ndan yap\u0131lan payla\u015f\u0131mda, \u201cD\u00f6nem d\u00f6nem g\u00fcndeme gelen internet \u00fczerinden yap\u0131lan belli al\u0131\u015fveri\u015flere ili\u015fkin cayma hakk\u0131n\u0131n kald\u0131r\u0131ld\u0131\u011f\u0131na y\u00f6nelik haberler ger\u00e7e\u011fi yans\u0131tmamaktad\u0131r\u201d denildi. S\u00f6z konusu \u00fcr\u00fcnlerde cayma hakk\u0131ndaki de\u011fi\u015fiklikle ilgili karar hakk\u0131nda bilgi verilen payla\u015f\u0131mda, \u201cS\u00f6z konusu \u00fcr\u00fcnlerde cayma hakk\u0131nda de\u011fi\u015fikli\u011fe dair maddelerin uygulanmas\u0131 karar\u0131, 10.08.2024 tarihli Resmi Gazete\u2019de yay\u0131nlanan Y\u00f6netmeli\u011fe g\u00f6re 01.01.2026 tarihine dek ertelenmi\u015ftir\u201d ifadelerine yer verildi. \u00a0\u00a0 \u00a0 \u00a0 \u00a0 \u00a0 \u00a0 \u00a0 \u00a0 \u00a0 \u00a0 \u00a0 \u00a0 \u00a0 \u00a0 \u00a0 \u00a0 \u00a0\u00a0 \u200bMilyonlarca insan\u0131 etkileyen internet al\u0131\u015fveri\u015finde cayma hakk\u0131na ili\u015fkin Ticaret Bakanl\u0131\u011f\u0131 a\u00e7\u0131klama yapt\u0131. Bakanl\u0131\u011f\u0131n sosyal medya hesab\u0131ndan yap\u0131lan payla\u015f\u0131mda, haberlerin ger\u00e7e\u011fi yans\u0131tmad\u0131\u011f\u0131 belirtildi.\u00a0 \u200bHaberin Al\u0131nt\u0131land\u0131\u011f\u0131 Kaynak: www.antalyakorfez.com","og_url":"https:\/\/denizcankizil.tr\/ru\/haberler\/gundem\/milyonlari-ilgilendiren-karara-iliskin-ticaret-bakanligindan-ilk-aciklama\/","og_site_name":"Av. Deniz Can K\u0131z\u0131l","article_published_time":"2025-01-12T18:10:47+00:00","author":"Antalya K\u00f6rfez","twitter_card":"summary_large_image","twitter_misc":{"\u041d\u0430\u043f\u0438\u0441\u0430\u043d\u043e \u0430\u0432\u0442\u043e\u0440\u043e\u043c":"Antalya K\u00f6rfez","\u041f\u0440\u0438\u043c\u0435\u0440\u043d\u043e\u0435 \u0432\u0440\u0435\u043c\u044f \u0434\u043b\u044f \u0447\u0442\u0435\u043d\u0438\u044f":"1 \u043c\u0438\u043d\u0443\u0442\u0430"},"schema":{"@context":"https:\/\/schema.org","@graph":[{"@type":"Article","@id":"https:\/\/denizcankizil.tr\/de\/haberler\/gundem\/milyonlari-ilgilendiren-karara-iliskin-ticaret-bakanligindan-ilk-aciklama\/#article","isPartOf":{"@id":"https:\/\/denizcankizil.tr\/de\/haberler\/gundem\/milyonlari-ilgilendiren-karara-iliskin-ticaret-bakanligindan-ilk-aciklama\/"},"author":{"name":"Antalya K\u00f6rfez","@id":"https:\/\/denizcankizil.tr\/de\/#\/schema\/person\/e1eb71bb4dd684d46563f0af307e1234"},"headline":"Milyonlar\u0131 ilgilendiren karara ili\u015fkin Ticaret Bakanl\u0131\u011f\u0131ndan ilk a\u00e7\u0131klama!","datePublished":"2025-01-12T18:10:47+00:00","mainEntityOfPage":{"@id":"https:\/\/denizcankizil.tr\/de\/haberler\/gundem\/milyonlari-ilgilendiren-karara-iliskin-ticaret-bakanligindan-ilk-aciklama\/"},"wordCount":184,"commentCount":0,"publisher":{"@id":"https:\/\/denizcankizil.tr\/de\/#organization"},"articleSection":["G\u00fcndem"],"inLanguage":"ru-RU","potentialAction":[{"@type":"CommentAction","name":"Comment","target":["https:\/\/denizcankizil.tr\/de\/haberler\/gundem\/milyonlari-ilgilendiren-karara-iliskin-ticaret-bakanligindan-ilk-aciklama\/#respond"]}]},{"@type":"WebPage","@id":"https:\/\/denizcankizil.tr\/de\/haberler\/gundem\/milyonlari-ilgilendiren-karara-iliskin-ticaret-bakanligindan-ilk-aciklama\/","url":"https:\/\/denizcankizil.tr\/de\/haberler\/gundem\/milyonlari-ilgilendiren-karara-iliskin-ticaret-bakanligindan-ilk-aciklama\/","name":"Milyonlar\u0131 ilgilendiren karara ili\u015fkin Ticaret Bakanl\u0131\u011f\u0131ndan ilk a\u00e7\u0131klama! - Av. Deniz Can K\u0131z\u0131l","isPartOf":{"@id":"https:\/\/denizcankizil.tr\/de\/#website"},"datePublished":"2025-01-12T18:10:47+00:00","breadcrumb":{"@id":"https:\/\/denizcankizil.tr\/de\/haberler\/gundem\/milyonlari-ilgilendiren-karara-iliskin-ticaret-bakanligindan-ilk-aciklama\/#breadcrumb"},"inLanguage":"ru-RU","potentialAction":[{"@type":"ReadAction","target":["https:\/\/denizcankizil.tr\/de\/haberler\/gundem\/milyonlari-ilgilendiren-karara-iliskin-ticaret-bakanligindan-ilk-aciklama\/"]}]},{"@type":"BreadcrumbList","@id":"https:\/\/denizcankizil.tr\/de\/haberler\/gundem\/milyonlari-ilgilendiren-karara-iliskin-ticaret-bakanligindan-ilk-aciklama\/#breadcrumb","itemListElement":[{"@type":"ListItem","position":1,"name":"Home","item":"https:\/\/denizcankizil.tr\/de\/"},{"@type":"ListItem","position":2,"name":"Milyonlar\u0131 ilgilendiren karara ili\u015fkin Ticaret Bakanl\u0131\u011f\u0131ndan ilk a\u00e7\u0131klama!"}]},{"@type":"WebSite","@id":"https:\/\/denizcankizil.tr\/de\/#website","url":"https:\/\/denizcankizil.tr\/de\/","name":"Av. Deniz Can K\u0131z\u0131l","description":"Avukat Deniz Can K\u0131z\u0131l Antalya Barosu","publisher":{"@id":"https:\/\/denizcankizil.tr\/de\/#organization"},"potentialAction":[{"@type":"SearchAction","target":{"@type":"EntryPoint","urlTemplate":"https:\/\/denizcankizil.tr\/de\/?s={search_term_string}"},"query-input":{"@type":"PropertyValueSpecification","valueRequired":true,"valueName":"search_term_string"}}],"inLanguage":"ru-RU"},{"@type":"Organization","@id":"https:\/\/denizcankizil.tr\/de\/#organization","name":"Av. Deniz Can K\u0131z\u0131l","url":"https:\/\/denizcankizil.tr\/de\/","logo":{"@type":"ImageObject","inLanguage":"ru-RU","@id":"https:\/\/denizcankizil.tr\/de\/#\/schema\/logo\/image\/","url":"https:\/\/denizcankizil.tr\/wp-content\/uploads\/2024\/10\/siyah-logo-svg.svg","contentUrl":"https:\/\/denizcankizil.tr\/wp-content\/uploads\/2024\/10\/siyah-logo-svg.svg","width":1080,"height":1080,"caption":"Av. Deniz Can K\u0131z\u0131l"},"image":{"@id":"https:\/\/denizcankizil.tr\/de\/#\/schema\/logo\/image\/"}},{"@type":"Person","@id":"https:\/\/denizcankizil.tr\/de\/#\/schema\/person\/e1eb71bb4dd684d46563f0af307e1234","name":"Antalya K\u00f6rfez","image":{"@type":"ImageObject","inLanguage":"ru-RU","@id":"https:\/\/denizcankizil.tr\/de\/#\/schema\/person\/image\/","url":"https:\/\/secure.gravatar.com\/avatar\/42b01982558a48a0b501fdcab6a408d3717ea5919095ee2e67b0e521799c5905?s=96&d=mm&r=g","contentUrl":"https:\/\/secure.gravatar.com\/avatar\/42b01982558a48a0b501fdcab6a408d3717ea5919095ee2e67b0e521799c5905?s=96&d=mm&r=g","caption":"Antalya K\u00f6rfez"},"sameAs":["http:\/\/www.antalyakorfez.com"],"url":"https:\/\/www.antalyakorfez.com\/milyonlari-ilgilendiren-karara-iliskin-ticaret-bakanligindan-ilk-aciklama"}]}},"_links":{"self":[{"href":"https:\/\/denizcankizil.tr\/ru\/wp-json\/wp\/v2\/posts\/25029","targetHints":{"allow":["GET"]}}],"collection":[{"href":"https:\/\/denizcankizil.tr\/ru\/wp-json\/wp\/v2\/posts"}],"about":[{"href":"https:\/\/denizcankizil.tr\/ru\/wp-json\/wp\/v2\/types\/post"}],"author":[{"embeddable":true,"href":"https:\/\/denizcankizil.tr\/ru\/wp-json\/wp\/v2\/users\/5"}],"replies":[{"embeddable":true,"href":"https:\/\/denizcankizil.tr\/ru\/wp-json\/wp\/v2\/comments?post=25029"}],"version-history":[{"count":0,"href":"https:\/\/denizcankizil.tr\/ru\/wp-json\/wp\/v2\/posts\/25029\/revisions"}],"wp:attachment":[{"href":"https:\/\/denizcankizil.tr\/ru\/wp-json\/wp\/v2\/media?parent=25029"}],"wp:term":[{"taxonomy":"category","embeddable":true,"href":"https:\/\/denizcankizil.tr\/ru\/wp-json\/wp\/v2\/categories?post=25029"},{"taxonomy":"post_tag","embeddable":true,"href":"https:\/\/denizcankizil.tr\/ru\/wp-json\/wp\/v2\/tags?post=25029"}],"curies":[{"name":"wp","href":"https:\/\/api.w.org\/{rel}","templated":true}]}}