{"id":24688,"date":"2025-01-09T14:57:04","date_gmt":"2025-01-09T11:57:04","guid":{"rendered":"https:\/\/denizcankizil.tr\/uncategorized-tr\/cumhuriyet-savcisinin-esas-hakkinda-mutalaasi-hukuki-cerceve\/"},"modified":"2025-01-09T14:57:04","modified_gmt":"2025-01-09T11:57:04","slug":"cumhuriyet-savcisinin-esas-hakkinda-mutalaasi-hukuki-cerceve","status":"publish","type":"post","link":"https:\/\/denizcankizil.tr\/ru\/koseyazilari\/degerlendirme\/cumhuriyet-savcisinin-esas-hakkinda-mutalaasi-hukuki-cerceve\/","title":{"rendered":"Cumhuriyet Savc\u0131s\u0131n\u0131n Esas Hakk\u0131nda M\u00fctalaas\u0131: Hukuki \u00c7er\u00e7eve"},"content":{"rendered":"<p> <strong>Cumhuriyet\u2062 Savc\u0131s\u0131n\u0131n Esas Hakk\u0131nda M\u00fctalaas\u0131: Hukuki\u2063 \u00c7er\u00e7eve<\/strong><\/p>\n<p>Cumhuriyet savc\u0131s\u0131n\u0131n esas hakk\u0131nda m\u00fctalaas\u0131, ceza \u2064yarg\u0131lamas\u0131 s\u00fcrecinin \u00f6nemli \u200cbir a\u015famas\u0131n\u0131 te\u015fkil\u2062 etmektedir. \u200cBu <a href=\"https:\/\/denizcankizil.tr\/ru\/hukukihaber\/aymden-can-atalay-icin-ikinci-kez-hak-ihlali-karari\/\" title=\"AYM&#039;den Can Atalay i\u00e7in ikinci kez hak ihlali karar\u0131\">m\u00fctalaa<\/a>, <a href=\"https:\/\/denizcankizil.tr\/ru\/hukukihaber\/avukatin-adliyede-verdigi-pozlar-tepki-cekti\/\" title=\"Avukat\u0131n adliyede verdi\u011fi pozlar tepki \u00e7ekti\">savc\u0131n\u0131n<\/a>, dosya kapsam\u0131ndaki \u200bdeliller ve\u200b hukuki durum de\u011ferlendirmesi neticesinde, \u200csan\u0131\u011f\u0131n su\u00e7 \u2062i\u015fleyip i\u015flemedi\u011fine dair g\u00f6r\u00fc\u015f\u00fcn\u00fc \u2062ortaya \u2062koydu\u011fu bir \u2063belgedir.\u2063 T\u00fcrk Ceza Muhakemesi\u200b Kanunu\u2019nda\u200c (CMK) d\u00fczenlenen bu\u200c s\u00fcre\u00e7, adaletin \u200dtecellisi a\u00e7\u0131s\u0131ndan kritik bir rol oynamaktad\u0131r. Savc\u0131n\u0131n m\u00fctalaas\u0131,\u2063 yaln\u0131zca yarg\u0131laman\u0131n\u2062 seyrini\u2062 etkilemekle kalmay\u0131p, \u2064ayn\u0131 zamanda hukukun\u200b \u00fcst\u00fcnl\u00fc\u011f\u00fc ilkesinin uygulanmas\u0131 ve kamu d\u00fczeninin \u2062korunmas\u0131 a\u00e7\u0131s\u0131ndan da b\u00fcy\u00fck bir \u00f6neme sahiptir. Bu \u2064makalede, Cumhuriyet \u200bsavc\u0131s\u0131n\u0131n esas hakk\u0131nda m\u00fctalaas\u0131n\u0131n hukuki \u00e7er\u00e7evesi, yasal dayanaklar\u0131 ve uygulamadaki yeri detayl\u0131 bir \u015fekilde ele \u2063al\u0131nacakt\u0131r.\u200b Ayr\u0131ca,\u2064 <a href=\"https:\/\/denizcankizil.tr\/ru\/hukukihaber\/yargitay-ceza-genel-kurulunun-2024-280-e-2024-279-k-sayili-karari\/\" title=\"Yarg\u0131tay Ceza Genel Kurulunun 2024\/280 E., 2024\/279 K. say\u0131l\u0131 karar\u0131\">m\u00fctalaan\u0131n<\/a>\u200d yarg\u0131 s\u00fcrecindeki i\u015flevi ve etkileri \u00fczerinde durularak, ceza yarg\u0131lamas\u0131\u2062 sisteminin i\u015fleyi\u015fine dair \u00f6nemli tespitler yap\u0131lacakt\u0131r.<br \/><img decoding=\"async\" class=\"kimage_class lazyload\" data-src=\"https:\/\/denizcankizil.tr\/wp-content\/uploads\/2024\/10\/t-bild.jpg\" alt=\"Cumhuriyet Savc\u0131s\u0131n\u0131n Esas Hakk\u0131nda \u200bM\u00fctalaas\u0131\u200c Nedir\" src=\"data:image\/svg+xml;base64,PHN2ZyB3aWR0aD0iMSIgaGVpZ2h0PSIxIiB4bWxucz0iaHR0cDovL3d3dy53My5vcmcvMjAwMC9zdmciPjwvc3ZnPg==\"><\/p>\n<h2 id=\"cumhuriyet-savcisinin-esas-hakkinda-mutalaasi-nedir\">Cumhuriyet Savc\u0131s\u0131n\u0131n Esas Hakk\u0131nda M\u00fctalaas\u0131 Nedir<\/h2>\n<p><strong>Cumhuriyet\u2062 savc\u0131s\u0131n\u0131n esas hakk\u0131nda m\u00fctalaas\u0131<\/strong>, ceza \u2063yarg\u0131lamas\u0131 s\u00fcrecinde \u00f6nemli \u2064bir a\u015famay\u0131 temsil eder. Bu m\u00fctalaa, savc\u0131n\u0131n, dosya kapsam\u0131ndaki deliller ve olaylar\u0131n de\u011ferlendirilmesi sonucunda, san\u0131\u011f\u0131n su\u00e7lu olup olmad\u0131\u011f\u0131na\u200d dair g\u00f6r\u00fc\u015f\u00fcn\u00fc ortaya koydu\u011fu yaz\u0131l\u0131 bir belgedir. M\u00fctalaa, yarg\u0131laman\u0131n seyrini etkileyen kritik bir\u2063 unsurdur ve mahkeme taraf\u0131ndan dikkate al\u0131nmas\u0131\u200b gereken bir g\u00f6r\u00fc\u015f niteli\u011fi ta\u015f\u0131r.<\/p>\n<p>M\u00fctalaan\u0131n\u200b i\u00e7eri\u011fi, genellikle \u2062a\u015fa\u011f\u0131daki unsurlar\u0131 i\u00e7erir:<\/p>\n<ul>\n<li><strong>Su\u00e7un \u200cniteli\u011fi:<\/strong> \u200c Savc\u0131, san\u0131\u011f\u0131n\u2062 i\u015fledi\u011fi iddia edilen su\u00e7un hukuki tan\u0131m\u0131n\u0131 yapar.<\/li>\n<li><strong>Delil \u2064de\u011ferlendirmesi:<\/strong> \u2064Olayla ilgili \u2064toplanan delillerin analizi ve bu delillerin \u200dsu\u00e7la \u2063olan ba\u011flant\u0131s\u0131 \u00fczerinde durulur.<\/li>\n<li><strong>Hukuki\u2062 sonu\u00e7lar:<\/strong> Savc\u0131, m\u00fctalaas\u0131nda, san\u0131\u011f\u0131n cezaland\u0131r\u0131lmas\u0131 gerekti\u011fi veya beraat etmesi \u2062gerekti\u011fi\u200b y\u00f6n\u00fcndeki g\u00f6r\u00fc\u015f\u00fcn\u00fc \u200bbelirtir.<\/li>\n<\/ul>\n<p>Cumhuriyet savc\u0131s\u0131n\u0131n esas hakk\u0131nda m\u00fctalaas\u0131, mahkeme\u200b taraf\u0131ndan dikkate al\u0131nmakla birlikte, nihai karar\u200b mahkeme heyeti taraf\u0131ndan \u2063verilir. \u200bBu nedenle, m\u00fctalaan\u0131n \u2064ba\u011flay\u0131c\u0131l\u0131\u011f\u0131 yoktur; ancak, mahkemenin karar verme s\u00fcrecinde \u00f6nemli\u2062 bir referans noktas\u0131 \u200colu\u015fturur. Savc\u0131n\u0131n\u200b m\u00fctalaas\u0131,\u2064 yarg\u0131laman\u0131n\u200c adil ve \u2062tarafs\u0131z bir \u015fekilde \u2063y\u00fcr\u00fct\u00fclmesine katk\u0131\u2062 sa\u011flar.<\/p>\n<p><img decoding=\"async\" class=\"kimage_class lazyload\" data-src=\"https:\/\/denizcankizil.tr\/wp-content\/uploads\/2024\/10\/ounsel-scaled.jpg\" alt=\"M\u00fctalaan\u0131n\u200b Hukuki Dayanaklar\u0131 ve\u2064 \u00d6nemi\" src=\"data:image\/svg+xml;base64,PHN2ZyB3aWR0aD0iMSIgaGVpZ2h0PSIxIiB4bWxucz0iaHR0cDovL3d3dy53My5vcmcvMjAwMC9zdmciPjwvc3ZnPg==\"><\/p>\n<h2 id=\"mutalaanin-hukuki-dayanaklari-ve-onemi\">M\u00fctalaan\u0131n\u2062 Hukuki Dayanaklar\u0131 ve \u00d6nemi<\/h2>\n<section>\n<p>M\u00fctalaa,\u200b ceza yarg\u0131lamas\u0131 \u2063s\u00fcrecinde Cumhuriyet Savc\u0131s\u0131n\u0131n, dosya kapsam\u0131ndaki deliller ve hukuki\u2062 durumlar \u200c\u0131\u015f\u0131\u011f\u0131nda, mahkemeye sundu\u011fu g\u00f6r\u00fc\u015f \u2064ve \u00f6nerileri i\u00e7eren\u2063 \u00f6nemli bir belgedir. \u200dBu belge, yarg\u0131laman\u0131n seyrini\u200b etkileyen kritik bir unsurdur \u200bve a\u015fa\u011f\u0131daki hukuki\u2064 dayanaklara dayanmaktad\u0131r:<\/p>\n<ul>\n<li><strong>Ceza\u200c Muhakemesi Kanunu:<\/strong> M\u00fctalaan\u0131n haz\u0131rlanmas\u0131 ve sunulmas\u0131,\u2062 Ceza \u2063Muhakemesi Kanunu&#8217;nun ilgili maddeleri \u2064\u00e7er\u00e7evesinde \u200dd\u00fczenlenmi\u015ftir.<\/li>\n<li><strong>Yarg\u0131tay \u0130\u00e7tihatlar\u0131:<\/strong> M\u00fctalaalar, Yarg\u0131tay&#8217;\u0131n olu\u015fturdu\u011fu i\u00e7tihatlar do\u011frultusunda \u015fekillendirilerek, hukukun genel ilkelerine \u200buygun \u2062bir \u015fekilde haz\u0131rlan\u0131r.<\/li>\n<li><strong>Delil De\u011ferlendirmesi:<\/strong> \u2062 Savc\u0131n\u0131n,\u2063 dosyadaki \u200cdelilleri titizlikle inceleyerek,\u2062 hukuki bir \u00e7er\u00e7eve i\u00e7erisinde de\u011ferlendirmesi\u2064 gerekmektedir.<\/li>\n<\/ul>\n<p>M\u00fctalaan\u0131n \u00f6nemi, yaln\u0131zca yarg\u0131laman\u0131n taraflar\u0131 i\u00e7in de\u011fil,\u200b ayn\u0131 zamanda \u2063adaletin \u2062tecellisi a\u00e7\u0131s\u0131ndan\u2062 da\u2063 b\u00fcy\u00fckt\u00fcr. \u200dSavc\u0131n\u0131n sundu\u011fu\u200c g\u00f6r\u00fc\u015f,\u2064 mahkemenin karar verme s\u00fcrecinde\u200c belirleyici bir rol oynar.\u2062 Bu ba\u011flamda, m\u00fctalaan\u0131n hukuki dayanaklar\u0131,\u2062 adil yarg\u0131lanma hakk\u0131n\u0131n sa\u011flanmas\u0131 ve\u2062 hukukun \u00fcst\u00fcnl\u00fc\u011f\u00fcn\u00fcn \u2064korunmas\u0131 a\u00e7\u0131s\u0131ndan kritik bir \u2063i\u015flev \u00fcstlenmektedir. Dolay\u0131s\u0131yla, m\u00fctalaan\u0131n\u200d haz\u0131rlanmas\u0131 \u2062s\u00fcrecinde dikkatli bir yakla\u015f\u0131m\u2063 sergilenmesi, yarg\u0131laman\u0131n\u200b sa\u011fl\u0131kl\u0131\u200c bir \u015fekilde ilerlemesi i\u00e7in elzemdir.<\/p>\n<\/section>\n<p><img decoding=\"async\" class=\"kimage_class lazyload\" data-src=\"https:\/\/denizcankizil.tr\/wp-content\/uploads\/2024\/10\/3637-types-of-cases-handled-by-real-estate-attorneys-in-antalya.jpg\" alt=\"Cumhuriyet Savc\u0131s\u0131n\u0131n G\u00f6rev \u200dve\u200d Yetkileri\" src=\"data:image\/svg+xml;base64,PHN2ZyB3aWR0aD0iMSIgaGVpZ2h0PSIxIiB4bWxucz0iaHR0cDovL3d3dy53My5vcmcvMjAwMC9zdmciPjwvc3ZnPg==\"><\/p>\n<h2 id=\"cumhuriyet-savcisinin-gorev-ve-yetkileri\">Cumhuriyet Savc\u0131s\u0131n\u0131n G\u00f6rev ve Yetkileri<\/h2>\n<p><strong><\/strong>, T\u00fcrk hukuk sisteminin temel ta\u015flar\u0131ndan birini \u200bolu\u015fturmaktad\u0131r. Cumhuriyet savc\u0131s\u0131,\u2064 ceza yarg\u0131lamas\u0131 \u2063s\u00fcrecinde \u00f6nemli bir rol \u00fcstlenir ve bu rol, yasalarla\u2063 belirlenmi\u015f \u00e7e\u015fitli\u2063 yetkilerle desteklenmektedir. Bu ba\u011flamda,\u200b Cumhuriyet savc\u0131s\u0131n\u0131n ba\u015fl\u0131ca g\u00f6revleri aras\u0131nda \u2063\u015funlar\u200d yer almaktad\u0131r:<\/p>\n<ul>\n<li>Su\u00e7lar\u0131n soru\u015fturulmas\u0131n\u0131 ba\u015flatmak ve \u200by\u00fcr\u00fctmek.<\/li>\n<li>Delilleri toplamak ve de\u011ferlendirmek.<\/li>\n<li>\u0130ddianame d\u00fczenlemek ve mahkemeye sunmak.<\/li>\n<li>Mahkeme duru\u015fmalar\u0131nda kamu ad\u0131na savunma yapmak.<\/li>\n<\/ul>\n<p>Cumhuriyet savc\u0131s\u0131n\u0131n yetkileri\u2063 ise, g\u00f6revleriyle do\u011frudan ili\u015fkilidir. Bu yetkiler, adaletin sa\u011flanmas\u0131 ve kamu d\u00fczeninin korunmas\u0131 amac\u0131yla \u2063geni\u015f bir \u00e7er\u00e7eveye \u2063yay\u0131lmaktad\u0131r. Savc\u0131, soru\u015fturma \u2062a\u015famas\u0131nda \u015f\u00fcphelilerin g\u00f6zalt\u0131na \u2064al\u0131nmas\u0131, arama \u2064ve el \u2063koyma\u2064 gibi i\u015flemleri ger\u00e7ekle\u015ftirme yetkisine sahiptir.\u200c Ayr\u0131ca, mahkemeye\u2063 ba\u015fvurarak tutuklama talebinde bulunma hakk\u0131na da \u200dsahiptir.<\/p>\n<p>Sonu\u00e7 olarak, , ceza\u2063 adalet sisteminin i\u015fleyi\u015finde kritik bir \u2064\u00f6neme sahiptir. \u200bBu yetkilerin etkin \u2062bir \u015fekilde kullan\u0131lmas\u0131,\u2063 hukukun \u00fcst\u00fcnl\u00fc\u011f\u00fcn\u00fcn sa\u011flanmas\u0131 ve \u2064adaletin yerini bulmas\u0131 a\u00e7\u0131s\u0131ndan b\u00fcy\u00fck \u2063bir gereklilik te\u015fkil \u2063etmektedir.<\/p>\n<p><img decoding=\"async\" class=\"kimage_class lazyload\" data-src=\"https:\/\/denizcankizil.tr\/wp-content\/uploads\/2024\/10\/fNqXg-253D.jpg\" alt=\"Esas Hakk\u0131nda M\u00fctalaan\u0131n\u2062 \u0130\u00e7eri\u011fi ve Unsurlar\u0131\" src=\"data:image\/svg+xml;base64,PHN2ZyB3aWR0aD0iMSIgaGVpZ2h0PSIxIiB4bWxucz0iaHR0cDovL3d3dy53My5vcmcvMjAwMC9zdmciPjwvc3ZnPg==\"><\/p>\n<h2 id=\"esas-hakkinda-mutalaanin-icerigi-ve-unsurlari\">Esas Hakk\u0131nda M\u00fctalaan\u0131n\u200b \u0130\u00e7eri\u011fi\u2062 ve Unsurlar\u0131<\/h2>\n<section>\n<p>Esas\u200b hakk\u0131nda m\u00fctalaa, Cumhuriyet savc\u0131s\u0131n\u0131n ceza davas\u0131nda, san\u0131\u011f\u0131n su\u00e7lamalar\u0131yla ilgili olarak yapt\u0131\u011f\u0131 de\u011ferlendirmeleri i\u00e7eren \u00f6nemli bir\u2064 belgedir. Bu m\u00fctalaa, \u2063yarg\u0131lama s\u00fcrecinin\u200c temel ta\u015flar\u0131ndan birini olu\u015fturur ve \u2063mahkeme taraf\u0131ndan dikkate al\u0131nmas\u0131\u2062 gereken\u200c hukuki \u200cbir \u2064g\u00f6r\u00fc\u015f sunar. M\u00fctalaan\u0131n i\u00e7eri\u011fi,\u200b belirli unsurlar\u0131\u200d bar\u0131nd\u0131rarak,\u200c yarg\u0131laman\u0131n seyrini etkileyebilir.<\/p>\n<p>Bir \u200cm\u00fctalaan\u0131n\u2062 ana unsurlar\u0131 \u015funlard\u0131r:<\/p>\n<ul>\n<li><strong>Su\u00e7un\u200d Tan\u0131m\u0131:<\/strong> M\u00fctalaada, san\u0131\u011f\u0131n \u200ci\u015fledi\u011fi iddia edilen su\u00e7un hukuki tan\u0131m\u0131 ve \u200cunsurlar\u0131 a\u00e7\u0131k\u00e7a belirtilmelidir.<\/li>\n<li><strong>Delil\u200b De\u011ferlendirmesi:<\/strong> \u200d Savc\u0131, \u2064mevcut \u200bdelilleri \u2064analiz ederek,\u200c bunlar\u0131n su\u00e7un olu\u015fumundaki\u200c rol\u00fcn\u00fc \u200cortaya\u200b koyar.<\/li>\n<li><strong>Hukuki Nitelendirme:<\/strong> Su\u00e7un hukuki\u2063 niteli\u011fi ve uygulanacak ceza h\u00fck\u00fcmleri\u200d hakk\u0131nda bilgi verilir.<\/li>\n<li><strong>Sonu\u00e7 \u200cve Talep:<\/strong> M\u00fctalaan\u0131n sonunda, savc\u0131n\u0131n mahkemeden talep etti\u011fi \u2062karar\u2064 ve \u00f6neriler\u2062 yer al\u0131r.<\/li>\n<\/ul>\n<p>Bu unsurlar, m\u00fctalaan\u0131n hukuki ge\u00e7erlili\u011fi ve etkisi a\u00e7\u0131s\u0131ndan b\u00fcy\u00fck \u2063\u00f6nem ta\u015f\u0131r. Savc\u0131n\u0131n sundu\u011fu g\u00f6r\u00fc\u015f, mahkeme taraf\u0131ndan\u2063 dikkate \u2064al\u0131narak, yarg\u0131laman\u0131n\u200b sonucunu etkileyebilir. Dolay\u0131s\u0131yla,\u2063 esas hakk\u0131nda\u200b m\u00fctalaan\u0131n haz\u0131rlanmas\u0131, \u2063titizlikle \u200by\u00fcr\u00fct\u00fclmesi gereken bir s\u00fcre\u00e7tir.<\/p>\n<\/section>\n<p><img decoding=\"async\" class=\"kimage_class lazyload\" data-src=\"https:\/\/denizcankizil.tr\/wp-content\/uploads\/2024\/10\/IIKHg-253D.jpg\" alt=\"M\u00fctalaan\u0131n Ceza Yarg\u0131lamas\u0131ndaki\u200c Rol\u00fc\" src=\"data:image\/svg+xml;base64,PHN2ZyB3aWR0aD0iMSIgaGVpZ2h0PSIxIiB4bWxucz0iaHR0cDovL3d3dy53My5vcmcvMjAwMC9zdmciPjwvc3ZnPg==\"><\/p>\n<h2 id=\"mutalaanin-ceza-yargilamasindaki-rolu\">M\u00fctalaan\u0131n Ceza Yarg\u0131lamas\u0131ndaki Rol\u00fc<\/h2>\n<p><strong>M\u00fctalaan\u0131n ceza yarg\u0131lamas\u0131ndaki \u00f6nemi, hukukun \u200di\u015fleyi\u015fi a\u00e7\u0131s\u0131ndan kritik bir rol oynamaktad\u0131r.<\/strong> Cumhuriyet savc\u0131s\u0131n\u0131n esas hakk\u0131nda \u2064sundu\u011fu m\u00fctalaa, \u2062yarg\u0131 s\u00fcrecinin temel ta\u015flar\u0131ndan birini\u2063 olu\u015fturur. \u2062Bu m\u00fctalaa, savc\u0131n\u0131n deliller ve \u200chukuki de\u011ferlendirmeler \u0131\u015f\u0131\u011f\u0131nda, san\u0131\u011f\u0131n su\u00e7lu \u200colup olmad\u0131\u011f\u0131na dair g\u00f6r\u00fc\u015f\u00fcn\u00fc\u200b ortaya koyar. M\u00fctalaan\u0131n i\u00e7eri\u011fi, mahkeme taraf\u0131ndan dikkate al\u0131narak, yarg\u0131lama s\u00fcrecinin seyrini etkileyebilir.<\/p>\n<p><strong>M\u00fctalaan\u0131n i\u015flevleri \u200daras\u0131nda \u015funlar bulunmaktad\u0131r:<\/strong><\/p>\n<ul>\n<li>Yarg\u0131laman\u0131n y\u00f6nlendirilmesi: Savc\u0131n\u0131n m\u00fctalaas\u0131, mahkemenin\u2064 hangi \u2062delillere ve hukuki arg\u00fcmanlara odaklanmas\u0131 \u2062gerekti\u011fini belirler.<\/li>\n<li>Hukuki\u2062 de\u011ferlendirme: M\u00fctalaa, su\u00e7un\u2064 niteli\u011fi \u2063ve san\u0131\u011f\u0131n durumu \u200bhakk\u0131nda hukuki bir \u00e7er\u00e7eve sunar.<\/li>\n<li>Adaletin sa\u011flanmas\u0131: Savc\u0131n\u0131n g\u00f6r\u00fc\u015f\u00fc, adaletin \u2063tecelli etmesine \u2064katk\u0131da bulunur \u200bve\u2063 yarg\u0131laman\u0131n tarafs\u0131z bir \u015fekilde\u200b y\u00fcr\u00fct\u00fclmesini destekler.<\/li>\n<\/ul>\n<p><strong>Sonu\u00e7\u2062 olarak, m\u00fctalaa, ceza\u200b yarg\u0131lamas\u0131nda \u2063yaln\u0131zca bir g\u00f6r\u00fc\u015f\u200d beyan\u0131 \u2062de\u011fil, \u200bayn\u0131 zamanda <a href=\"https:\/\/denizcankizil.tr\/ru\/seo\/ceza-avukati-hangi-davalara-bakar-antalyadaki-adliyeler-ve-ceza-mahkemeleri-listesi\/\" title=\"Ceza Avukat\u0131 Hangi Davalara Bakar? Antalya&#039;daki adliyeler ve ceza mahkemeleri listesi\">adaletin sa\u011flanmas\u0131<\/a>nda \u200b\u00f6nemli bir ara\u00e7t\u0131r.<\/strong> Bu \u2063nedenle, m\u00fctalaan\u0131n\u2062 haz\u0131rlanmas\u0131 s\u00fcrecinde \u200ddikkatli \u200bbir de\u011ferlendirme\u200b yap\u0131lmas\u0131, \u2064yarg\u0131laman\u0131n sa\u011fl\u0131kl\u0131 bir \u015fekilde ilerlemesi a\u00e7\u0131s\u0131ndan \u2063b\u00fcy\u00fck \u00f6nem ta\u015f\u0131r. Cumhuriyet savc\u0131s\u0131n\u0131n \u2062sundu\u011fu m\u00fctalaa, mahkeme \u2063kararlar\u0131n\u0131n \u015fekillenmesinde belirleyici bir rol oynamaktad\u0131r.<\/p>\n<h2 id=\"yargitay-ictihatlari-isiginda-mutalaanin-degerlendirilmesi\">Yarg\u0131tay \u200d\u0130\u00e7tihatlar\u0131 I\u015f\u0131\u011f\u0131nda \u200dM\u00fctalaan\u0131n \u200dDe\u011ferlendirilmesi<\/h2>\n<p>Yarg\u0131tay i\u00e7tihatlar\u0131, \u200bCumhuriyet savc\u0131s\u0131n\u0131n esas hakk\u0131nda \u200cm\u00fctalaas\u0131n\u0131n\u2062 de\u011ferlendirilmesinde \u200b\u00f6nemli bir \u200crol \u2062oynamaktad\u0131r. M\u00fctalaa, ceza yarg\u0131lamas\u0131 \u200cs\u00fcrecinde\u2062 savc\u0131n\u0131n, dosya kapsam\u0131ndaki\u200c deliller \u2063\u0131\u015f\u0131\u011f\u0131nda, san\u0131\u011f\u0131n hukuki durumunu belirlemek amac\u0131yla sundu\u011fu g\u00f6r\u00fc\u015f\u00fc ifade eder. Bu ba\u011flamda,\u200d Yarg\u0131tay\u2019\u0131n yerle\u015fik \u2062kararlar\u0131, m\u00fctalaan\u0131n hukuki niteli\u011fi ve etkileri konusunda \u2063yol g\u00f6sterici niteliktedir.<\/p>\n<p>Yarg\u0131tay i\u00e7tihatlar\u0131 \u2062\u00e7er\u00e7evesinde m\u00fctalaan\u0131n\u200b de\u011ferlendirilmesinde dikkate\u2062 al\u0131nmas\u0131 gereken baz\u0131 hususlar \u015funlard\u0131r:<\/p>\n<ul>\n<li><strong>Delil\u2063 De\u011ferlendirmesi:<\/strong> Savc\u0131n\u0131n \u200bsundu\u011fu m\u00fctalaada, delillerin \u200bhukuki\u200c ge\u00e7erlili\u011fi ve yeterlili\u011fi titizlikle\u200c incelenmelidir.<\/li>\n<li><strong>Hukuki\u2062 Dayanak:<\/strong> M\u00fctalaan\u0131n, ilgili kanun \u2064maddeleri ve Yarg\u0131tay i\u00e7tihatlar\u0131\u2063 ile desteklenmesi gerekmektedir.<\/li>\n<li><strong>Taraflar\u0131n Haklar\u0131:<\/strong> M\u00fctalaan\u0131n,\u2064 san\u0131\u011f\u0131n ve \u2062ma\u011fdurun haklar\u0131n\u0131 g\u00f6zeterek haz\u0131rlanmas\u0131, adil yarg\u0131lanma \u200bilkesinin bir gere\u011fidir.<\/li>\n<\/ul>\n<p>Sonu\u00e7 olarak,\u200b Cumhuriyet savc\u0131s\u0131n\u0131n esas hakk\u0131nda m\u00fctalaas\u0131, yaln\u0131zca\u200d bir g\u00f6r\u00fc\u015f \u2064sunmakla kalmay\u0131p,\u200b ayn\u0131 \u200bzamanda yarg\u0131laman\u0131n seyrini\u2062 etkileyen \u00f6nemli bir belgedir. Yarg\u0131tay i\u00e7tihatlar\u0131, bu s\u00fcrecin \u200bhukuki \u00e7er\u00e7evesini belirleyerek, m\u00fctalaan\u0131n\u200c ge\u00e7erlili\u011fi ve etkisi konusunda \u00f6nemli\u2063 bir \u200breferans noktas\u0131 olu\u015fturmaktad\u0131r.<\/p>\n<p>Sonu\u00e7 olarak, Cumhuriyet Savc\u0131s\u0131n\u0131n esas \u2062hakk\u0131nda m\u00fctalaas\u0131, T\u00fcrk \u200dceza yarg\u0131 sisteminin\u2063 temel ta\u015flar\u0131ndan\u2062 birini olu\u015fturmaktad\u0131r. Bu m\u00fctalaa, yaln\u0131zca bir dava\u200b s\u00fcrecinin\u2062 y\u00f6nlendirilmesi a\u00e7\u0131s\u0131ndan \u2064de\u011fil, ayn\u0131 zamanda adaletin \u200dtecellisi\u2064 ve hukukun \u00fcst\u00fcnl\u00fc\u011f\u00fcn\u00fcn sa\u011flanmas\u0131 bak\u0131m\u0131ndan da\u200c b\u00fcy\u00fck bir \u00f6neme sahiptir. Savc\u0131n\u0131n, delil durumunu ve hukuki \u200bde\u011ferlendirmeleri dikkate \u200balarak \u2064haz\u0131rlad\u0131\u011f\u0131 \u200dm\u00fctalaa,\u2062 mahkeme\u200c taraf\u0131ndan \u200cverilecek\u200c karar\u0131n\u200d \u015fekillenmesinde \u2064belirleyici \u200dbir\u2062 rol oynamaktad\u0131r. Bu ba\u011flamda, Cumhuriyet \u200bSavc\u0131s\u0131n\u0131n m\u00fctalaas\u0131, tarafs\u0131zl\u0131k ve adalet \u2063ilkeleri \u00e7er\u00e7evesinde, hukukun \u200dgerekliliklerine \u200buygun\u2064 bir \u2063\u015fekilde haz\u0131rlanmal\u0131 ve sunulmal\u0131d\u0131r. Gelecek \u00e7al\u0131\u015fmalar\u0131n, bu \u2063m\u00fctalaan\u0131n\u200b uygulamadaki yans\u0131malar\u0131n\u0131 ve\u2063 etkilerini daha derinlemesine incelemesi, T\u00fcrk\u200d ceza yarg\u0131 \u2062sisteminin geli\u015fimine \u2062katk\u0131\u2063 sa\u011flayacakt\u0131r. Bu nedenle, Cumhuriyet Savc\u0131s\u0131n\u0131n \u200besas hakk\u0131nda m\u00fctalaas\u0131,\u200d sadece bir hukuki belge olman\u0131n \u00f6tesinde, adaletin \u200bsa\u011flanmas\u0131nda kritik\u2064 bir i\u015flev \u00fcstlenmektedir. <\/p>","protected":false},"excerpt":{"rendered":"<p>Cumhuriyet savc\u0131s\u0131n\u0131n esas hakk\u0131nda m\u00fctalaas\u0131, ceza yarg\u0131lamas\u0131nda kritik bir a\u015famad\u0131r. Bu m\u00fctalaa, delillerin de\u011ferlendirilmesi ve hukuki nitelendirme a\u00e7\u0131s\u0131ndan ba\u011flay\u0131c\u0131 bir g\u00f6r\u00fc\u015f sunarak mahkemenin karar s\u00fcrecini y\u00f6nlendirir.<\/p>","protected":false},"author":4,"featured_media":24689,"comment_status":"open","ping_status":"open","sticky":false,"template":"","format":"standard","meta":{"_acf_changed":false,"footnotes":""},"categories":[22],"tags":[],"class_list":["post-24688","post","type-post","status-publish","format-standard","has-post-thumbnail","hentry","category-degerlendirme"],"acf":[],"yoast_head":"<!-- This site is optimized with the Yoast SEO Premium plugin v26.6 (Yoast SEO v27.1.1) - https:\/\/yoast.com\/product\/yoast-seo-premium-wordpress\/ -->\n<title>Cumhuriyet Savc\u0131s\u0131n\u0131n Esas Hakk\u0131nda M\u00fctalaas\u0131: Hukuki \u00c7er\u00e7eve - Av. Deniz Can K\u0131z\u0131l<\/title>\n<meta name=\"robots\" content=\"index, follow, max-snippet:-1, max-image-preview:large, max-video-preview:-1\" \/>\n<link rel=\"canonical\" href=\"https:\/\/denizcankizil.tr\/ru\/koseyazilari\/degerlendirme\/cumhuriyet-savcisinin-esas-hakkinda-mutalaasi-hukuki-cerceve\/\" \/>\n<meta property=\"og:locale\" content=\"ru_RU\" \/>\n<meta property=\"og:type\" content=\"article\" \/>\n<meta property=\"og:title\" content=\"Cumhuriyet Savc\u0131s\u0131n\u0131n Esas Hakk\u0131nda M\u00fctalaas\u0131: Hukuki \u00c7er\u00e7eve\" \/>\n<meta property=\"og:description\" content=\"Cumhuriyet savc\u0131s\u0131n\u0131n esas hakk\u0131nda m\u00fctalaas\u0131, ceza yarg\u0131lamas\u0131nda kritik bir a\u015famad\u0131r. Bu m\u00fctalaa, delillerin de\u011ferlendirilmesi ve hukuki nitelendirme a\u00e7\u0131s\u0131ndan ba\u011flay\u0131c\u0131 bir g\u00f6r\u00fc\u015f sunarak mahkemenin karar s\u00fcrecini y\u00f6nlendirir.\" \/>\n<meta property=\"og:url\" content=\"https:\/\/denizcankizil.tr\/ru\/koseyazilari\/degerlendirme\/cumhuriyet-savcisinin-esas-hakkinda-mutalaasi-hukuki-cerceve\/\" \/>\n<meta property=\"og:site_name\" content=\"Av. Deniz Can K\u0131z\u0131l\" \/>\n<meta property=\"article:published_time\" content=\"2025-01-09T11:57:04+00:00\" \/>\n<meta property=\"og:image\" content=\"https:\/\/denizcankizil.tr\/wp-content\/uploads\/2025\/01\/24688-cumhuriyet-savcisinin-esas-hakkinda-mutalaasi-hukuki-cerceve.jpg\" \/>\n\t<meta property=\"og:image:width\" content=\"566\" \/>\n\t<meta property=\"og:image:height\" content=\"800\" \/>\n\t<meta property=\"og:image:type\" content=\"image\/jpeg\" \/>\n<meta name=\"author\" content=\"Av. Deniz Can K\u0131z\u0131l\" \/>\n<meta name=\"twitter:card\" content=\"summary_large_image\" \/>\n<meta name=\"twitter:label1\" content=\"\u041d\u0430\u043f\u0438\u0441\u0430\u043d\u043e \u0430\u0432\u0442\u043e\u0440\u043e\u043c\" \/>\n\t<meta name=\"twitter:data1\" content=\"Av. Deniz Can K\u0131z\u0131l\" \/>\n\t<meta name=\"twitter:label2\" content=\"\u041f\u0440\u0438\u043c\u0435\u0440\u043d\u043e\u0435 \u0432\u0440\u0435\u043c\u044f \u0434\u043b\u044f \u0447\u0442\u0435\u043d\u0438\u044f\" \/>\n\t<meta name=\"twitter:data2\" content=\"9 \u043c\u0438\u043d\u0443\u0442\" \/>\n<script type=\"application\/ld+json\" class=\"yoast-schema-graph\">{\"@context\":\"https:\/\/schema.org\",\"@graph\":[{\"@type\":\"Article\",\"@id\":\"https:\/\/denizcankizil.tr\/ru\/koseyazilari\/degerlendirme\/cumhuriyet-savcisinin-esas-hakkinda-mutalaasi-hukuki-cerceve\/#article\",\"isPartOf\":{\"@id\":\"https:\/\/denizcankizil.tr\/ru\/koseyazilari\/degerlendirme\/cumhuriyet-savcisinin-esas-hakkinda-mutalaasi-hukuki-cerceve\/\"},\"author\":{\"name\":\"Av. Deniz Can K\u0131z\u0131l\",\"@id\":\"https:\/\/denizcankizil.tr\/de\/#\/schema\/person\/5dc1b22991bd7ac833867c10afc9b0ff\"},\"headline\":\"Cumhuriyet Savc\u0131s\u0131n\u0131n Esas Hakk\u0131nda M\u00fctalaas\u0131: Hukuki \u00c7er\u00e7eve\",\"datePublished\":\"2025-01-09T11:57:04+00:00\",\"mainEntityOfPage\":{\"@id\":\"https:\/\/denizcankizil.tr\/ru\/koseyazilari\/degerlendirme\/cumhuriyet-savcisinin-esas-hakkinda-mutalaasi-hukuki-cerceve\/\"},\"wordCount\":1726,\"commentCount\":0,\"publisher\":{\"@id\":\"https:\/\/denizcankizil.tr\/de\/#organization\"},\"image\":{\"@id\":\"https:\/\/denizcankizil.tr\/ru\/koseyazilari\/degerlendirme\/cumhuriyet-savcisinin-esas-hakkinda-mutalaasi-hukuki-cerceve\/#primaryimage\"},\"thumbnailUrl\":\"https:\/\/denizcankizil.tr\/wp-content\/uploads\/2025\/01\/24688-cumhuriyet-savcisinin-esas-hakkinda-mutalaasi-hukuki-cerceve.jpg\",\"articleSection\":[\"De\u011ferlendirme\"],\"inLanguage\":\"ru-RU\",\"potentialAction\":[{\"@type\":\"CommentAction\",\"name\":\"Comment\",\"target\":[\"https:\/\/denizcankizil.tr\/ru\/koseyazilari\/degerlendirme\/cumhuriyet-savcisinin-esas-hakkinda-mutalaasi-hukuki-cerceve\/#respond\"]}]},{\"@type\":\"WebPage\",\"@id\":\"https:\/\/denizcankizil.tr\/ru\/koseyazilari\/degerlendirme\/cumhuriyet-savcisinin-esas-hakkinda-mutalaasi-hukuki-cerceve\/\",\"url\":\"https:\/\/denizcankizil.tr\/ru\/koseyazilari\/degerlendirme\/cumhuriyet-savcisinin-esas-hakkinda-mutalaasi-hukuki-cerceve\/\",\"name\":\"Cumhuriyet Savc\u0131s\u0131n\u0131n Esas Hakk\u0131nda M\u00fctalaas\u0131: Hukuki \u00c7er\u00e7eve - Av. Deniz Can K\u0131z\u0131l\",\"isPartOf\":{\"@id\":\"https:\/\/denizcankizil.tr\/de\/#website\"},\"primaryImageOfPage\":{\"@id\":\"https:\/\/denizcankizil.tr\/ru\/koseyazilari\/degerlendirme\/cumhuriyet-savcisinin-esas-hakkinda-mutalaasi-hukuki-cerceve\/#primaryimage\"},\"image\":{\"@id\":\"https:\/\/denizcankizil.tr\/ru\/koseyazilari\/degerlendirme\/cumhuriyet-savcisinin-esas-hakkinda-mutalaasi-hukuki-cerceve\/#primaryimage\"},\"thumbnailUrl\":\"https:\/\/denizcankizil.tr\/wp-content\/uploads\/2025\/01\/24688-cumhuriyet-savcisinin-esas-hakkinda-mutalaasi-hukuki-cerceve.jpg\",\"datePublished\":\"2025-01-09T11:57:04+00:00\",\"breadcrumb\":{\"@id\":\"https:\/\/denizcankizil.tr\/ru\/koseyazilari\/degerlendirme\/cumhuriyet-savcisinin-esas-hakkinda-mutalaasi-hukuki-cerceve\/#breadcrumb\"},\"inLanguage\":\"ru-RU\",\"potentialAction\":[{\"@type\":\"ReadAction\",\"target\":[\"https:\/\/denizcankizil.tr\/ru\/koseyazilari\/degerlendirme\/cumhuriyet-savcisinin-esas-hakkinda-mutalaasi-hukuki-cerceve\/\"]}]},{\"@type\":\"ImageObject\",\"inLanguage\":\"ru-RU\",\"@id\":\"https:\/\/denizcankizil.tr\/ru\/koseyazilari\/degerlendirme\/cumhuriyet-savcisinin-esas-hakkinda-mutalaasi-hukuki-cerceve\/#primaryimage\",\"url\":\"https:\/\/denizcankizil.tr\/wp-content\/uploads\/2025\/01\/24688-cumhuriyet-savcisinin-esas-hakkinda-mutalaasi-hukuki-cerceve.jpg\",\"contentUrl\":\"https:\/\/denizcankizil.tr\/wp-content\/uploads\/2025\/01\/24688-cumhuriyet-savcisinin-esas-hakkinda-mutalaasi-hukuki-cerceve.jpg\",\"width\":566,\"height\":800,\"caption\":\"Cumhuriyet Savc\u0131s\u0131n\u0131n Esas Hakk\u0131nda M\u00fctalaas\u0131: Hukuki \u00c7er\u00e7eve\"},{\"@type\":\"BreadcrumbList\",\"@id\":\"https:\/\/denizcankizil.tr\/ru\/koseyazilari\/degerlendirme\/cumhuriyet-savcisinin-esas-hakkinda-mutalaasi-hukuki-cerceve\/#breadcrumb\",\"itemListElement\":[{\"@type\":\"ListItem\",\"position\":1,\"name\":\"Home\",\"item\":\"https:\/\/denizcankizil.tr\/de\/\"},{\"@type\":\"ListItem\",\"position\":2,\"name\":\"Cumhuriyet Savc\u0131s\u0131n\u0131n Esas Hakk\u0131nda M\u00fctalaas\u0131: Hukuki \u00c7er\u00e7eve\"}]},{\"@type\":\"WebSite\",\"@id\":\"https:\/\/denizcankizil.tr\/de\/#website\",\"url\":\"https:\/\/denizcankizil.tr\/de\/\",\"name\":\"Av. Deniz Can K\u0131z\u0131l\",\"description\":\"Avukat Deniz Can K\u0131z\u0131l Antalya Barosu\",\"publisher\":{\"@id\":\"https:\/\/denizcankizil.tr\/de\/#organization\"},\"potentialAction\":[{\"@type\":\"SearchAction\",\"target\":{\"@type\":\"EntryPoint\",\"urlTemplate\":\"https:\/\/denizcankizil.tr\/de\/?s={search_term_string}\"},\"query-input\":{\"@type\":\"PropertyValueSpecification\",\"valueRequired\":true,\"valueName\":\"search_term_string\"}}],\"inLanguage\":\"ru-RU\"},{\"@type\":\"Organization\",\"@id\":\"https:\/\/denizcankizil.tr\/de\/#organization\",\"name\":\"Av. Deniz Can K\u0131z\u0131l\",\"url\":\"https:\/\/denizcankizil.tr\/de\/\",\"logo\":{\"@type\":\"ImageObject\",\"inLanguage\":\"ru-RU\",\"@id\":\"https:\/\/denizcankizil.tr\/de\/#\/schema\/logo\/image\/\",\"url\":\"https:\/\/denizcankizil.tr\/wp-content\/uploads\/2024\/10\/siyah-logo-svg.svg\",\"contentUrl\":\"https:\/\/denizcankizil.tr\/wp-content\/uploads\/2024\/10\/siyah-logo-svg.svg\",\"width\":1080,\"height\":1080,\"caption\":\"Av. Deniz Can K\u0131z\u0131l\"},\"image\":{\"@id\":\"https:\/\/denizcankizil.tr\/de\/#\/schema\/logo\/image\/\"}},{\"@type\":\"Person\",\"@id\":\"https:\/\/denizcankizil.tr\/de\/#\/schema\/person\/5dc1b22991bd7ac833867c10afc9b0ff\",\"name\":\"Av. Deniz Can K\u0131z\u0131l\",\"image\":{\"@type\":\"ImageObject\",\"inLanguage\":\"ru-RU\",\"@id\":\"https:\/\/denizcankizil.tr\/de\/#\/schema\/person\/image\/\",\"url\":\"https:\/\/secure.gravatar.com\/avatar\/a0b128fb9855c79efc976d5640eedb31dc35ec297594d6016d2cf7c60e975bb6?s=96&d=mm&r=g\",\"contentUrl\":\"https:\/\/secure.gravatar.com\/avatar\/a0b128fb9855c79efc976d5640eedb31dc35ec297594d6016d2cf7c60e975bb6?s=96&d=mm&r=g\",\"caption\":\"Av. Deniz Can K\u0131z\u0131l\"},\"sameAs\":[\"http:\/\/www.denizcankizil.tr\"],\"url\":\"https:\/\/denizcankizil.tr\/ru\/author\/denizcankizil\/\"}]}<\/script>\n<!-- \/ Yoast SEO Premium plugin. -->","yoast_head_json":{"title":"Cumhuriyet Savc\u0131s\u0131n\u0131n Esas Hakk\u0131nda M\u00fctalaas\u0131: Hukuki \u00c7er\u00e7eve - Av. Deniz Can K\u0131z\u0131l","robots":{"index":"index","follow":"follow","max-snippet":"max-snippet:-1","max-image-preview":"max-image-preview:large","max-video-preview":"max-video-preview:-1"},"canonical":"https:\/\/denizcankizil.tr\/ru\/koseyazilari\/degerlendirme\/cumhuriyet-savcisinin-esas-hakkinda-mutalaasi-hukuki-cerceve\/","og_locale":"ru_RU","og_type":"article","og_title":"Cumhuriyet Savc\u0131s\u0131n\u0131n Esas Hakk\u0131nda M\u00fctalaas\u0131: Hukuki \u00c7er\u00e7eve","og_description":"Cumhuriyet savc\u0131s\u0131n\u0131n esas hakk\u0131nda m\u00fctalaas\u0131, ceza yarg\u0131lamas\u0131nda kritik bir a\u015famad\u0131r. Bu m\u00fctalaa, delillerin de\u011ferlendirilmesi ve hukuki nitelendirme a\u00e7\u0131s\u0131ndan ba\u011flay\u0131c\u0131 bir g\u00f6r\u00fc\u015f sunarak mahkemenin karar s\u00fcrecini y\u00f6nlendirir.","og_url":"https:\/\/denizcankizil.tr\/ru\/koseyazilari\/degerlendirme\/cumhuriyet-savcisinin-esas-hakkinda-mutalaasi-hukuki-cerceve\/","og_site_name":"Av. Deniz Can K\u0131z\u0131l","article_published_time":"2025-01-09T11:57:04+00:00","og_image":[{"width":566,"height":800,"url":"https:\/\/denizcankizil.tr\/wp-content\/uploads\/2025\/01\/24688-cumhuriyet-savcisinin-esas-hakkinda-mutalaasi-hukuki-cerceve.jpg","type":"image\/jpeg"}],"author":"Av. Deniz Can K\u0131z\u0131l","twitter_card":"summary_large_image","twitter_misc":{"\u041d\u0430\u043f\u0438\u0441\u0430\u043d\u043e \u0430\u0432\u0442\u043e\u0440\u043e\u043c":"Av. Deniz Can K\u0131z\u0131l","\u041f\u0440\u0438\u043c\u0435\u0440\u043d\u043e\u0435 \u0432\u0440\u0435\u043c\u044f \u0434\u043b\u044f \u0447\u0442\u0435\u043d\u0438\u044f":"9 \u043c\u0438\u043d\u0443\u0442"},"schema":{"@context":"https:\/\/schema.org","@graph":[{"@type":"Article","@id":"https:\/\/denizcankizil.tr\/ru\/koseyazilari\/degerlendirme\/cumhuriyet-savcisinin-esas-hakkinda-mutalaasi-hukuki-cerceve\/#article","isPartOf":{"@id":"https:\/\/denizcankizil.tr\/ru\/koseyazilari\/degerlendirme\/cumhuriyet-savcisinin-esas-hakkinda-mutalaasi-hukuki-cerceve\/"},"author":{"name":"Av. Deniz Can K\u0131z\u0131l","@id":"https:\/\/denizcankizil.tr\/de\/#\/schema\/person\/5dc1b22991bd7ac833867c10afc9b0ff"},"headline":"Cumhuriyet Savc\u0131s\u0131n\u0131n Esas Hakk\u0131nda M\u00fctalaas\u0131: Hukuki \u00c7er\u00e7eve","datePublished":"2025-01-09T11:57:04+00:00","mainEntityOfPage":{"@id":"https:\/\/denizcankizil.tr\/ru\/koseyazilari\/degerlendirme\/cumhuriyet-savcisinin-esas-hakkinda-mutalaasi-hukuki-cerceve\/"},"wordCount":1726,"commentCount":0,"publisher":{"@id":"https:\/\/denizcankizil.tr\/de\/#organization"},"image":{"@id":"https:\/\/denizcankizil.tr\/ru\/koseyazilari\/degerlendirme\/cumhuriyet-savcisinin-esas-hakkinda-mutalaasi-hukuki-cerceve\/#primaryimage"},"thumbnailUrl":"https:\/\/denizcankizil.tr\/wp-content\/uploads\/2025\/01\/24688-cumhuriyet-savcisinin-esas-hakkinda-mutalaasi-hukuki-cerceve.jpg","articleSection":["De\u011ferlendirme"],"inLanguage":"ru-RU","potentialAction":[{"@type":"CommentAction","name":"Comment","target":["https:\/\/denizcankizil.tr\/ru\/koseyazilari\/degerlendirme\/cumhuriyet-savcisinin-esas-hakkinda-mutalaasi-hukuki-cerceve\/#respond"]}]},{"@type":"WebPage","@id":"https:\/\/denizcankizil.tr\/ru\/koseyazilari\/degerlendirme\/cumhuriyet-savcisinin-esas-hakkinda-mutalaasi-hukuki-cerceve\/","url":"https:\/\/denizcankizil.tr\/ru\/koseyazilari\/degerlendirme\/cumhuriyet-savcisinin-esas-hakkinda-mutalaasi-hukuki-cerceve\/","name":"Cumhuriyet Savc\u0131s\u0131n\u0131n Esas Hakk\u0131nda M\u00fctalaas\u0131: Hukuki \u00c7er\u00e7eve - Av. Deniz Can K\u0131z\u0131l","isPartOf":{"@id":"https:\/\/denizcankizil.tr\/de\/#website"},"primaryImageOfPage":{"@id":"https:\/\/denizcankizil.tr\/ru\/koseyazilari\/degerlendirme\/cumhuriyet-savcisinin-esas-hakkinda-mutalaasi-hukuki-cerceve\/#primaryimage"},"image":{"@id":"https:\/\/denizcankizil.tr\/ru\/koseyazilari\/degerlendirme\/cumhuriyet-savcisinin-esas-hakkinda-mutalaasi-hukuki-cerceve\/#primaryimage"},"thumbnailUrl":"https:\/\/denizcankizil.tr\/wp-content\/uploads\/2025\/01\/24688-cumhuriyet-savcisinin-esas-hakkinda-mutalaasi-hukuki-cerceve.jpg","datePublished":"2025-01-09T11:57:04+00:00","breadcrumb":{"@id":"https:\/\/denizcankizil.tr\/ru\/koseyazilari\/degerlendirme\/cumhuriyet-savcisinin-esas-hakkinda-mutalaasi-hukuki-cerceve\/#breadcrumb"},"inLanguage":"ru-RU","potentialAction":[{"@type":"ReadAction","target":["https:\/\/denizcankizil.tr\/ru\/koseyazilari\/degerlendirme\/cumhuriyet-savcisinin-esas-hakkinda-mutalaasi-hukuki-cerceve\/"]}]},{"@type":"ImageObject","inLanguage":"ru-RU","@id":"https:\/\/denizcankizil.tr\/ru\/koseyazilari\/degerlendirme\/cumhuriyet-savcisinin-esas-hakkinda-mutalaasi-hukuki-cerceve\/#primaryimage","url":"https:\/\/denizcankizil.tr\/wp-content\/uploads\/2025\/01\/24688-cumhuriyet-savcisinin-esas-hakkinda-mutalaasi-hukuki-cerceve.jpg","contentUrl":"https:\/\/denizcankizil.tr\/wp-content\/uploads\/2025\/01\/24688-cumhuriyet-savcisinin-esas-hakkinda-mutalaasi-hukuki-cerceve.jpg","width":566,"height":800,"caption":"Cumhuriyet Savc\u0131s\u0131n\u0131n Esas Hakk\u0131nda M\u00fctalaas\u0131: Hukuki \u00c7er\u00e7eve"},{"@type":"BreadcrumbList","@id":"https:\/\/denizcankizil.tr\/ru\/koseyazilari\/degerlendirme\/cumhuriyet-savcisinin-esas-hakkinda-mutalaasi-hukuki-cerceve\/#breadcrumb","itemListElement":[{"@type":"ListItem","position":1,"name":"Home","item":"https:\/\/denizcankizil.tr\/de\/"},{"@type":"ListItem","position":2,"name":"Cumhuriyet Savc\u0131s\u0131n\u0131n Esas Hakk\u0131nda M\u00fctalaas\u0131: Hukuki \u00c7er\u00e7eve"}]},{"@type":"WebSite","@id":"https:\/\/denizcankizil.tr\/de\/#website","url":"https:\/\/denizcankizil.tr\/de\/","name":"Av. Deniz Can K\u0131z\u0131l","description":"Avukat Deniz Can K\u0131z\u0131l Antalya Barosu","publisher":{"@id":"https:\/\/denizcankizil.tr\/de\/#organization"},"potentialAction":[{"@type":"SearchAction","target":{"@type":"EntryPoint","urlTemplate":"https:\/\/denizcankizil.tr\/de\/?s={search_term_string}"},"query-input":{"@type":"PropertyValueSpecification","valueRequired":true,"valueName":"search_term_string"}}],"inLanguage":"ru-RU"},{"@type":"Organization","@id":"https:\/\/denizcankizil.tr\/de\/#organization","name":"Av. Deniz Can K\u0131z\u0131l","url":"https:\/\/denizcankizil.tr\/de\/","logo":{"@type":"ImageObject","inLanguage":"ru-RU","@id":"https:\/\/denizcankizil.tr\/de\/#\/schema\/logo\/image\/","url":"https:\/\/denizcankizil.tr\/wp-content\/uploads\/2024\/10\/siyah-logo-svg.svg","contentUrl":"https:\/\/denizcankizil.tr\/wp-content\/uploads\/2024\/10\/siyah-logo-svg.svg","width":1080,"height":1080,"caption":"Av. Deniz Can K\u0131z\u0131l"},"image":{"@id":"https:\/\/denizcankizil.tr\/de\/#\/schema\/logo\/image\/"}},{"@type":"Person","@id":"https:\/\/denizcankizil.tr\/de\/#\/schema\/person\/5dc1b22991bd7ac833867c10afc9b0ff","name":"Av. Deniz Can K\u0131z\u0131l","image":{"@type":"ImageObject","inLanguage":"ru-RU","@id":"https:\/\/denizcankizil.tr\/de\/#\/schema\/person\/image\/","url":"https:\/\/secure.gravatar.com\/avatar\/a0b128fb9855c79efc976d5640eedb31dc35ec297594d6016d2cf7c60e975bb6?s=96&d=mm&r=g","contentUrl":"https:\/\/secure.gravatar.com\/avatar\/a0b128fb9855c79efc976d5640eedb31dc35ec297594d6016d2cf7c60e975bb6?s=96&d=mm&r=g","caption":"Av. Deniz Can K\u0131z\u0131l"},"sameAs":["http:\/\/www.denizcankizil.tr"],"url":"https:\/\/denizcankizil.tr\/ru\/author\/denizcankizil\/"}]}},"_links":{"self":[{"href":"https:\/\/denizcankizil.tr\/ru\/wp-json\/wp\/v2\/posts\/24688","targetHints":{"allow":["GET"]}}],"collection":[{"href":"https:\/\/denizcankizil.tr\/ru\/wp-json\/wp\/v2\/posts"}],"about":[{"href":"https:\/\/denizcankizil.tr\/ru\/wp-json\/wp\/v2\/types\/post"}],"author":[{"embeddable":true,"href":"https:\/\/denizcankizil.tr\/ru\/wp-json\/wp\/v2\/users\/4"}],"replies":[{"embeddable":true,"href":"https:\/\/denizcankizil.tr\/ru\/wp-json\/wp\/v2\/comments?post=24688"}],"version-history":[{"count":0,"href":"https:\/\/denizcankizil.tr\/ru\/wp-json\/wp\/v2\/posts\/24688\/revisions"}],"wp:featuredmedia":[{"embeddable":true,"href":"https:\/\/denizcankizil.tr\/ru\/wp-json\/wp\/v2\/media\/24689"}],"wp:attachment":[{"href":"https:\/\/denizcankizil.tr\/ru\/wp-json\/wp\/v2\/media?parent=24688"}],"wp:term":[{"taxonomy":"category","embeddable":true,"href":"https:\/\/denizcankizil.tr\/ru\/wp-json\/wp\/v2\/categories?post=24688"},{"taxonomy":"post_tag","embeddable":true,"href":"https:\/\/denizcankizil.tr\/ru\/wp-json\/wp\/v2\/tags?post=24688"}],"curies":[{"name":"wp","href":"https:\/\/api.w.org\/{rel}","templated":true}]}}