{"id":24431,"date":"2025-01-08T10:41:24","date_gmt":"2025-01-08T07:41:24","guid":{"rendered":"https:\/\/denizcankizil.tr\/uncategorized-tr\/antalyaspor-galibiyetle-basladi\/"},"modified":"2025-01-08T10:41:24","modified_gmt":"2025-01-08T07:41:24","slug":"antalyaspor-galibiyetle-basladi","status":"publish","type":"post","link":"https:\/\/denizcankizil.tr\/ru\/haberler\/antalya\/antalyaspor-galibiyetle-basladi\/","title":{"rendered":"Antalyaspor galibiyetle ba\u015flad\u0131"},"content":{"rendered":"<p>S\u00fcper Lig&#8217;in son haftas\u0131nda sahas\u0131nda Ey\u00fcpspor&#8217;a 4-1 yenilen Antalyaspor, Ziraat T\u00fcrkiye Kupas\u0131 D Grubu&#8217;ndaki ilk ma\u00e7\u0131nda Kocaelispor&#8217;u 3-1 yenerek gruplara galibiyetle ba\u015flad\u0131. K\u0131rm\u0131z\u0131-beyazl\u0131 ekip, 9&#8217;uncu dakikada Emrecan Uzunhan&#8217;\u0131n uzun pas\u0131nda Kocaelispor savunmas\u0131ndaki Mehmet Y\u0131lmaz&#8217;\u0131n topu kalecisine atmak isterken yapt\u0131\u011f\u0131 ters kafa vuru\u015fuyla \u00f6ne ge\u00e7ti: 1-0. 18&#8217;inci dakikada Townsend&#8217;in sa\u011f kanattan arka dire\u011fe ortas\u0131na iyi y\u00fckselen Samudio kafayla me\u015fin yuvarla\u011f\u0131 a\u011flara g\u00f6nderdi: 2-0. \u0130lk yar\u0131da ba\u015fka gol olmazken Antalyaspor, devreyi 2-0 \u00f6nde tamamlad\u0131. \u0130kinci yar\u0131ya da daha etkili ba\u015flayan Antalyaspor, 69&#8217;uncu dakikada Bahad\u0131r \u00d6zt\u00fcrk&#8217;\u00fcn aya\u011f\u0131ndan buldu\u011fu golle fark\u0131 3 yapt\u0131: 3-0. 90&#8217;\u0131nc\u0131 dakikada Markao tak\u0131m\u0131 Kocaelispor ad\u0131na gol\u00fc atarak skoru 3-1&#8217;e getirdi. M\u00fccadelede ba\u015fka gol olmay\u0131nca ev sahibi Antalyaspor, sahadan 3-1 \u00fcst\u00fcn ayr\u0131lan taraf oldu.<\/p>\n<p>Kaynak: www.kanalv.com.tr Haber Sitesinden Al\u0131nm\u0131\u015ft\u0131r.<\/p>","protected":false},"excerpt":{"rendered":"<p>S\u00fcper Lig&#8217;in son haftas\u0131nda sahas\u0131nda Ey\u00fcpspor&#8217;a 4-1 yenilen Antalyaspor, Ziraat T\u00fcrkiye Kupas\u0131 D Grubu&#8217;ndaki ilk ma\u00e7\u0131nda Kocaelispor&#8217;u 3-1 yenerek gruplara galibiyetle ba\u015flad\u0131. K\u0131rm\u0131z\u0131-beyazl\u0131 ekip, 9&#8217;uncu dakikada Emrecan Uzunhan&#8217;\u0131n uzun pas\u0131nda Kocaelispor savunmas\u0131ndaki Mehmet Y\u0131lmaz&#8217;\u0131n topu kalecisine atmak isterken yapt\u0131\u011f\u0131 ters kafa vuru\u015fuyla \u00f6ne ge\u00e7ti: 1-0. 18&#8217;inci dakikada Townsend&#8217;in sa\u011f kanattan arka dire\u011fe ortas\u0131na iyi y\u00fckselen Samudio kafayla me\u015fin yuvarla\u011f\u0131 a\u011flara g\u00f6nderdi: 2-0. \u0130lk yar\u0131da ba\u015fka gol olmazken Antalyaspor, devreyi 2-0 \u00f6nde tamamlad\u0131. \u0130kinci yar\u0131ya da daha etkili ba\u015flayan Antalyaspor, 69&#8217;uncu dakikada Bahad\u0131r \u00d6zt\u00fcrk&#8217;\u00fcn aya\u011f\u0131ndan buldu\u011fu golle fark\u0131 3 yapt\u0131: 3-0. 90&#8217;\u0131nc\u0131 dakikada Markao tak\u0131m\u0131 Kocaelispor ad\u0131na gol\u00fc atarak skoru 3-1&#8217;e getirdi. M\u00fccadelede ba\u015fka gol olmay\u0131nca ev sahibi Antalyaspor, sahadan 3-1 \u00fcst\u00fcn ayr\u0131lan taraf oldu. Kaynak: www.kanalv.com.tr Haber Sitesinden Al\u0131nm\u0131\u015ft\u0131r.<\/p>","protected":false},"author":4,"featured_media":24432,"comment_status":"open","ping_status":"open","sticky":false,"template":"","format":"standard","meta":{"_acf_changed":false,"footnotes":""},"categories":[26],"tags":[],"class_list":["post-24431","post","type-post","status-publish","format-standard","has-post-thumbnail","hentry","category-antalya"],"acf":[],"yoast_head":"<!-- This site is optimized with the Yoast SEO Premium plugin v26.6 (Yoast SEO v27.1.1) - https:\/\/yoast.com\/product\/yoast-seo-premium-wordpress\/ -->\n<title>Antalyaspor galibiyetle ba\u015flad\u0131 - Av. Deniz Can K\u0131z\u0131l<\/title>\n<meta name=\"robots\" content=\"index, follow, max-snippet:-1, max-image-preview:large, max-video-preview:-1\" \/>\n<link rel=\"canonical\" href=\"https:\/\/denizcankizil.tr\/ru\/haberler\/antalya\/antalyaspor-galibiyetle-basladi\/\" \/>\n<meta property=\"og:locale\" content=\"ru_RU\" \/>\n<meta property=\"og:type\" content=\"article\" \/>\n<meta property=\"og:title\" content=\"Antalyaspor galibiyetle ba\u015flad\u0131\" \/>\n<meta property=\"og:description\" content=\"S\u00fcper Lig&#8217;in son haftas\u0131nda sahas\u0131nda Ey\u00fcpspor&#8217;a 4-1 yenilen Antalyaspor, Ziraat T\u00fcrkiye Kupas\u0131 D Grubu&#8217;ndaki ilk ma\u00e7\u0131nda Kocaelispor&#8217;u 3-1 yenerek gruplara galibiyetle ba\u015flad\u0131. K\u0131rm\u0131z\u0131-beyazl\u0131 ekip, 9&#8217;uncu dakikada Emrecan Uzunhan&#8217;\u0131n uzun pas\u0131nda Kocaelispor savunmas\u0131ndaki Mehmet Y\u0131lmaz&#8217;\u0131n topu kalecisine atmak isterken yapt\u0131\u011f\u0131 ters kafa vuru\u015fuyla \u00f6ne ge\u00e7ti: 1-0. 18&#8217;inci dakikada Townsend&#8217;in sa\u011f kanattan arka dire\u011fe ortas\u0131na iyi y\u00fckselen Samudio kafayla me\u015fin yuvarla\u011f\u0131 a\u011flara g\u00f6nderdi: 2-0. \u0130lk yar\u0131da ba\u015fka gol olmazken Antalyaspor, devreyi 2-0 \u00f6nde tamamlad\u0131. \u0130kinci yar\u0131ya da daha etkili ba\u015flayan Antalyaspor, 69&#8217;uncu dakikada Bahad\u0131r \u00d6zt\u00fcrk&#8217;\u00fcn aya\u011f\u0131ndan buldu\u011fu golle fark\u0131 3 yapt\u0131: 3-0. 90&#8217;\u0131nc\u0131 dakikada Markao tak\u0131m\u0131 Kocaelispor ad\u0131na gol\u00fc atarak skoru 3-1&#8217;e getirdi. M\u00fccadelede ba\u015fka gol olmay\u0131nca ev sahibi Antalyaspor, sahadan 3-1 \u00fcst\u00fcn ayr\u0131lan taraf oldu. Kaynak: www.kanalv.com.tr Haber Sitesinden Al\u0131nm\u0131\u015ft\u0131r.\" \/>\n<meta property=\"og:url\" content=\"https:\/\/denizcankizil.tr\/ru\/haberler\/antalya\/antalyaspor-galibiyetle-basladi\/\" \/>\n<meta property=\"og:site_name\" content=\"Av. Deniz Can K\u0131z\u0131l\" \/>\n<meta property=\"article:published_time\" content=\"2025-01-08T07:41:24+00:00\" \/>\n<meta property=\"og:image\" content=\"https:\/\/denizcankizil.tr\/wp-content\/uploads\/2025\/01\/4052-01-rtDRDe.jpeg\" \/>\n\t<meta property=\"og:image:width\" content=\"1280\" \/>\n\t<meta property=\"og:image:height\" content=\"720\" \/>\n\t<meta property=\"og:image:type\" content=\"image\/jpeg\" \/>\n<meta name=\"author\" content=\"Av. Deniz Can K\u0131z\u0131l\" \/>\n<meta name=\"twitter:card\" content=\"summary_large_image\" \/>\n<meta name=\"twitter:label1\" content=\"\u041d\u0430\u043f\u0438\u0441\u0430\u043d\u043e \u0430\u0432\u0442\u043e\u0440\u043e\u043c\" \/>\n\t<meta name=\"twitter:data1\" content=\"Av. Deniz Can K\u0131z\u0131l\" \/>\n\t<meta name=\"twitter:label2\" content=\"\u041f\u0440\u0438\u043c\u0435\u0440\u043d\u043e\u0435 \u0432\u0440\u0435\u043c\u044f \u0434\u043b\u044f \u0447\u0442\u0435\u043d\u0438\u044f\" \/>\n\t<meta name=\"twitter:data2\" content=\"1 \u043c\u0438\u043d\u0443\u0442\u0430\" \/>\n<script type=\"application\/ld+json\" class=\"yoast-schema-graph\">{\"@context\":\"https:\/\/schema.org\",\"@graph\":[{\"@type\":\"Article\",\"@id\":\"https:\/\/denizcankizil.tr\/ru\/haberler\/antalya\/antalyaspor-galibiyetle-basladi\/#article\",\"isPartOf\":{\"@id\":\"https:\/\/denizcankizil.tr\/ru\/haberler\/antalya\/antalyaspor-galibiyetle-basladi\/\"},\"author\":{\"name\":\"Av. Deniz Can K\u0131z\u0131l\",\"@id\":\"https:\/\/denizcankizil.tr\/de\/#\/schema\/person\/5dc1b22991bd7ac833867c10afc9b0ff\"},\"headline\":\"Antalyaspor galibiyetle ba\u015flad\u0131\",\"datePublished\":\"2025-01-08T07:41:24+00:00\",\"mainEntityOfPage\":{\"@id\":\"https:\/\/denizcankizil.tr\/ru\/haberler\/antalya\/antalyaspor-galibiyetle-basladi\/\"},\"wordCount\":173,\"commentCount\":0,\"publisher\":{\"@id\":\"https:\/\/denizcankizil.tr\/de\/#organization\"},\"image\":{\"@id\":\"https:\/\/denizcankizil.tr\/ru\/haberler\/antalya\/antalyaspor-galibiyetle-basladi\/#primaryimage\"},\"thumbnailUrl\":\"https:\/\/denizcankizil.tr\/wp-content\/uploads\/2025\/01\/4052-01-rtDRDe.jpeg\",\"articleSection\":[\"Antalya\"],\"inLanguage\":\"ru-RU\",\"potentialAction\":[{\"@type\":\"CommentAction\",\"name\":\"Comment\",\"target\":[\"https:\/\/denizcankizil.tr\/ru\/haberler\/antalya\/antalyaspor-galibiyetle-basladi\/#respond\"]}]},{\"@type\":\"WebPage\",\"@id\":\"https:\/\/denizcankizil.tr\/ru\/haberler\/antalya\/antalyaspor-galibiyetle-basladi\/\",\"url\":\"https:\/\/denizcankizil.tr\/ru\/haberler\/antalya\/antalyaspor-galibiyetle-basladi\/\",\"name\":\"Antalyaspor galibiyetle ba\u015flad\u0131 - Av. Deniz Can K\u0131z\u0131l\",\"isPartOf\":{\"@id\":\"https:\/\/denizcankizil.tr\/de\/#website\"},\"primaryImageOfPage\":{\"@id\":\"https:\/\/denizcankizil.tr\/ru\/haberler\/antalya\/antalyaspor-galibiyetle-basladi\/#primaryimage\"},\"image\":{\"@id\":\"https:\/\/denizcankizil.tr\/ru\/haberler\/antalya\/antalyaspor-galibiyetle-basladi\/#primaryimage\"},\"thumbnailUrl\":\"https:\/\/denizcankizil.tr\/wp-content\/uploads\/2025\/01\/4052-01-rtDRDe.jpeg\",\"datePublished\":\"2025-01-08T07:41:24+00:00\",\"breadcrumb\":{\"@id\":\"https:\/\/denizcankizil.tr\/ru\/haberler\/antalya\/antalyaspor-galibiyetle-basladi\/#breadcrumb\"},\"inLanguage\":\"ru-RU\",\"potentialAction\":[{\"@type\":\"ReadAction\",\"target\":[\"https:\/\/denizcankizil.tr\/ru\/haberler\/antalya\/antalyaspor-galibiyetle-basladi\/\"]}]},{\"@type\":\"ImageObject\",\"inLanguage\":\"ru-RU\",\"@id\":\"https:\/\/denizcankizil.tr\/ru\/haberler\/antalya\/antalyaspor-galibiyetle-basladi\/#primaryimage\",\"url\":\"https:\/\/denizcankizil.tr\/wp-content\/uploads\/2025\/01\/4052-01-rtDRDe.jpeg\",\"contentUrl\":\"https:\/\/denizcankizil.tr\/wp-content\/uploads\/2025\/01\/4052-01-rtDRDe.jpeg\",\"width\":1280,\"height\":720},{\"@type\":\"BreadcrumbList\",\"@id\":\"https:\/\/denizcankizil.tr\/ru\/haberler\/antalya\/antalyaspor-galibiyetle-basladi\/#breadcrumb\",\"itemListElement\":[{\"@type\":\"ListItem\",\"position\":1,\"name\":\"Home\",\"item\":\"https:\/\/denizcankizil.tr\/de\/\"},{\"@type\":\"ListItem\",\"position\":2,\"name\":\"Antalyaspor galibiyetle ba\u015flad\u0131\"}]},{\"@type\":\"WebSite\",\"@id\":\"https:\/\/denizcankizil.tr\/de\/#website\",\"url\":\"https:\/\/denizcankizil.tr\/de\/\",\"name\":\"Av. Deniz Can K\u0131z\u0131l\",\"description\":\"Avukat Deniz Can K\u0131z\u0131l Antalya Barosu\",\"publisher\":{\"@id\":\"https:\/\/denizcankizil.tr\/de\/#organization\"},\"potentialAction\":[{\"@type\":\"SearchAction\",\"target\":{\"@type\":\"EntryPoint\",\"urlTemplate\":\"https:\/\/denizcankizil.tr\/de\/?s={search_term_string}\"},\"query-input\":{\"@type\":\"PropertyValueSpecification\",\"valueRequired\":true,\"valueName\":\"search_term_string\"}}],\"inLanguage\":\"ru-RU\"},{\"@type\":\"Organization\",\"@id\":\"https:\/\/denizcankizil.tr\/de\/#organization\",\"name\":\"Av. Deniz Can K\u0131z\u0131l\",\"url\":\"https:\/\/denizcankizil.tr\/de\/\",\"logo\":{\"@type\":\"ImageObject\",\"inLanguage\":\"ru-RU\",\"@id\":\"https:\/\/denizcankizil.tr\/de\/#\/schema\/logo\/image\/\",\"url\":\"https:\/\/denizcankizil.tr\/wp-content\/uploads\/2024\/10\/siyah-logo-svg.svg\",\"contentUrl\":\"https:\/\/denizcankizil.tr\/wp-content\/uploads\/2024\/10\/siyah-logo-svg.svg\",\"width\":1080,\"height\":1080,\"caption\":\"Av. Deniz Can K\u0131z\u0131l\"},\"image\":{\"@id\":\"https:\/\/denizcankizil.tr\/de\/#\/schema\/logo\/image\/\"}},{\"@type\":\"Person\",\"@id\":\"https:\/\/denizcankizil.tr\/de\/#\/schema\/person\/5dc1b22991bd7ac833867c10afc9b0ff\",\"name\":\"Av. Deniz Can K\u0131z\u0131l\",\"image\":{\"@type\":\"ImageObject\",\"inLanguage\":\"ru-RU\",\"@id\":\"https:\/\/denizcankizil.tr\/de\/#\/schema\/person\/image\/\",\"url\":\"https:\/\/secure.gravatar.com\/avatar\/a0b128fb9855c79efc976d5640eedb31dc35ec297594d6016d2cf7c60e975bb6?s=96&d=mm&r=g\",\"contentUrl\":\"https:\/\/secure.gravatar.com\/avatar\/a0b128fb9855c79efc976d5640eedb31dc35ec297594d6016d2cf7c60e975bb6?s=96&d=mm&r=g\",\"caption\":\"Av. Deniz Can K\u0131z\u0131l\"},\"sameAs\":[\"http:\/\/www.denizcankizil.tr\"],\"url\":\"https:\/\/denizcankizil.tr\/ru\/author\/denizcankizil\/\"}]}<\/script>\n<!-- \/ Yoast SEO Premium plugin. -->","yoast_head_json":{"title":"Antalyaspor galibiyetle ba\u015flad\u0131 - Av. Deniz Can K\u0131z\u0131l","robots":{"index":"index","follow":"follow","max-snippet":"max-snippet:-1","max-image-preview":"max-image-preview:large","max-video-preview":"max-video-preview:-1"},"canonical":"https:\/\/denizcankizil.tr\/ru\/haberler\/antalya\/antalyaspor-galibiyetle-basladi\/","og_locale":"ru_RU","og_type":"article","og_title":"Antalyaspor galibiyetle ba\u015flad\u0131","og_description":"S\u00fcper Lig&#8217;in son haftas\u0131nda sahas\u0131nda Ey\u00fcpspor&#8217;a 4-1 yenilen Antalyaspor, Ziraat T\u00fcrkiye Kupas\u0131 D Grubu&#8217;ndaki ilk ma\u00e7\u0131nda Kocaelispor&#8217;u 3-1 yenerek gruplara galibiyetle ba\u015flad\u0131. K\u0131rm\u0131z\u0131-beyazl\u0131 ekip, 9&#8217;uncu dakikada Emrecan Uzunhan&#8217;\u0131n uzun pas\u0131nda Kocaelispor savunmas\u0131ndaki Mehmet Y\u0131lmaz&#8217;\u0131n topu kalecisine atmak isterken yapt\u0131\u011f\u0131 ters kafa vuru\u015fuyla \u00f6ne ge\u00e7ti: 1-0. 18&#8217;inci dakikada Townsend&#8217;in sa\u011f kanattan arka dire\u011fe ortas\u0131na iyi y\u00fckselen Samudio kafayla me\u015fin yuvarla\u011f\u0131 a\u011flara g\u00f6nderdi: 2-0. \u0130lk yar\u0131da ba\u015fka gol olmazken Antalyaspor, devreyi 2-0 \u00f6nde tamamlad\u0131. \u0130kinci yar\u0131ya da daha etkili ba\u015flayan Antalyaspor, 69&#8217;uncu dakikada Bahad\u0131r \u00d6zt\u00fcrk&#8217;\u00fcn aya\u011f\u0131ndan buldu\u011fu golle fark\u0131 3 yapt\u0131: 3-0. 90&#8217;\u0131nc\u0131 dakikada Markao tak\u0131m\u0131 Kocaelispor ad\u0131na gol\u00fc atarak skoru 3-1&#8217;e getirdi. M\u00fccadelede ba\u015fka gol olmay\u0131nca ev sahibi Antalyaspor, sahadan 3-1 \u00fcst\u00fcn ayr\u0131lan taraf oldu. Kaynak: www.kanalv.com.tr Haber Sitesinden Al\u0131nm\u0131\u015ft\u0131r.","og_url":"https:\/\/denizcankizil.tr\/ru\/haberler\/antalya\/antalyaspor-galibiyetle-basladi\/","og_site_name":"Av. Deniz Can K\u0131z\u0131l","article_published_time":"2025-01-08T07:41:24+00:00","og_image":[{"width":1280,"height":720,"url":"https:\/\/denizcankizil.tr\/wp-content\/uploads\/2025\/01\/4052-01-rtDRDe.jpeg","type":"image\/jpeg"}],"author":"Av. Deniz Can K\u0131z\u0131l","twitter_card":"summary_large_image","twitter_misc":{"\u041d\u0430\u043f\u0438\u0441\u0430\u043d\u043e \u0430\u0432\u0442\u043e\u0440\u043e\u043c":"Av. Deniz Can K\u0131z\u0131l","\u041f\u0440\u0438\u043c\u0435\u0440\u043d\u043e\u0435 \u0432\u0440\u0435\u043c\u044f \u0434\u043b\u044f \u0447\u0442\u0435\u043d\u0438\u044f":"1 \u043c\u0438\u043d\u0443\u0442\u0430"},"schema":{"@context":"https:\/\/schema.org","@graph":[{"@type":"Article","@id":"https:\/\/denizcankizil.tr\/ru\/haberler\/antalya\/antalyaspor-galibiyetle-basladi\/#article","isPartOf":{"@id":"https:\/\/denizcankizil.tr\/ru\/haberler\/antalya\/antalyaspor-galibiyetle-basladi\/"},"author":{"name":"Av. Deniz Can K\u0131z\u0131l","@id":"https:\/\/denizcankizil.tr\/de\/#\/schema\/person\/5dc1b22991bd7ac833867c10afc9b0ff"},"headline":"Antalyaspor galibiyetle ba\u015flad\u0131","datePublished":"2025-01-08T07:41:24+00:00","mainEntityOfPage":{"@id":"https:\/\/denizcankizil.tr\/ru\/haberler\/antalya\/antalyaspor-galibiyetle-basladi\/"},"wordCount":173,"commentCount":0,"publisher":{"@id":"https:\/\/denizcankizil.tr\/de\/#organization"},"image":{"@id":"https:\/\/denizcankizil.tr\/ru\/haberler\/antalya\/antalyaspor-galibiyetle-basladi\/#primaryimage"},"thumbnailUrl":"https:\/\/denizcankizil.tr\/wp-content\/uploads\/2025\/01\/4052-01-rtDRDe.jpeg","articleSection":["Antalya"],"inLanguage":"ru-RU","potentialAction":[{"@type":"CommentAction","name":"Comment","target":["https:\/\/denizcankizil.tr\/ru\/haberler\/antalya\/antalyaspor-galibiyetle-basladi\/#respond"]}]},{"@type":"WebPage","@id":"https:\/\/denizcankizil.tr\/ru\/haberler\/antalya\/antalyaspor-galibiyetle-basladi\/","url":"https:\/\/denizcankizil.tr\/ru\/haberler\/antalya\/antalyaspor-galibiyetle-basladi\/","name":"Antalyaspor galibiyetle ba\u015flad\u0131 - Av. Deniz Can K\u0131z\u0131l","isPartOf":{"@id":"https:\/\/denizcankizil.tr\/de\/#website"},"primaryImageOfPage":{"@id":"https:\/\/denizcankizil.tr\/ru\/haberler\/antalya\/antalyaspor-galibiyetle-basladi\/#primaryimage"},"image":{"@id":"https:\/\/denizcankizil.tr\/ru\/haberler\/antalya\/antalyaspor-galibiyetle-basladi\/#primaryimage"},"thumbnailUrl":"https:\/\/denizcankizil.tr\/wp-content\/uploads\/2025\/01\/4052-01-rtDRDe.jpeg","datePublished":"2025-01-08T07:41:24+00:00","breadcrumb":{"@id":"https:\/\/denizcankizil.tr\/ru\/haberler\/antalya\/antalyaspor-galibiyetle-basladi\/#breadcrumb"},"inLanguage":"ru-RU","potentialAction":[{"@type":"ReadAction","target":["https:\/\/denizcankizil.tr\/ru\/haberler\/antalya\/antalyaspor-galibiyetle-basladi\/"]}]},{"@type":"ImageObject","inLanguage":"ru-RU","@id":"https:\/\/denizcankizil.tr\/ru\/haberler\/antalya\/antalyaspor-galibiyetle-basladi\/#primaryimage","url":"https:\/\/denizcankizil.tr\/wp-content\/uploads\/2025\/01\/4052-01-rtDRDe.jpeg","contentUrl":"https:\/\/denizcankizil.tr\/wp-content\/uploads\/2025\/01\/4052-01-rtDRDe.jpeg","width":1280,"height":720},{"@type":"BreadcrumbList","@id":"https:\/\/denizcankizil.tr\/ru\/haberler\/antalya\/antalyaspor-galibiyetle-basladi\/#breadcrumb","itemListElement":[{"@type":"ListItem","position":1,"name":"Home","item":"https:\/\/denizcankizil.tr\/de\/"},{"@type":"ListItem","position":2,"name":"Antalyaspor galibiyetle ba\u015flad\u0131"}]},{"@type":"WebSite","@id":"https:\/\/denizcankizil.tr\/de\/#website","url":"https:\/\/denizcankizil.tr\/de\/","name":"Av. Deniz Can K\u0131z\u0131l","description":"Avukat Deniz Can K\u0131z\u0131l Antalya Barosu","publisher":{"@id":"https:\/\/denizcankizil.tr\/de\/#organization"},"potentialAction":[{"@type":"SearchAction","target":{"@type":"EntryPoint","urlTemplate":"https:\/\/denizcankizil.tr\/de\/?s={search_term_string}"},"query-input":{"@type":"PropertyValueSpecification","valueRequired":true,"valueName":"search_term_string"}}],"inLanguage":"ru-RU"},{"@type":"Organization","@id":"https:\/\/denizcankizil.tr\/de\/#organization","name":"Av. Deniz Can K\u0131z\u0131l","url":"https:\/\/denizcankizil.tr\/de\/","logo":{"@type":"ImageObject","inLanguage":"ru-RU","@id":"https:\/\/denizcankizil.tr\/de\/#\/schema\/logo\/image\/","url":"https:\/\/denizcankizil.tr\/wp-content\/uploads\/2024\/10\/siyah-logo-svg.svg","contentUrl":"https:\/\/denizcankizil.tr\/wp-content\/uploads\/2024\/10\/siyah-logo-svg.svg","width":1080,"height":1080,"caption":"Av. Deniz Can K\u0131z\u0131l"},"image":{"@id":"https:\/\/denizcankizil.tr\/de\/#\/schema\/logo\/image\/"}},{"@type":"Person","@id":"https:\/\/denizcankizil.tr\/de\/#\/schema\/person\/5dc1b22991bd7ac833867c10afc9b0ff","name":"Av. Deniz Can K\u0131z\u0131l","image":{"@type":"ImageObject","inLanguage":"ru-RU","@id":"https:\/\/denizcankizil.tr\/de\/#\/schema\/person\/image\/","url":"https:\/\/secure.gravatar.com\/avatar\/a0b128fb9855c79efc976d5640eedb31dc35ec297594d6016d2cf7c60e975bb6?s=96&d=mm&r=g","contentUrl":"https:\/\/secure.gravatar.com\/avatar\/a0b128fb9855c79efc976d5640eedb31dc35ec297594d6016d2cf7c60e975bb6?s=96&d=mm&r=g","caption":"Av. Deniz Can K\u0131z\u0131l"},"sameAs":["http:\/\/www.denizcankizil.tr"],"url":"https:\/\/denizcankizil.tr\/ru\/author\/denizcankizil\/"}]}},"_links":{"self":[{"href":"https:\/\/denizcankizil.tr\/ru\/wp-json\/wp\/v2\/posts\/24431","targetHints":{"allow":["GET"]}}],"collection":[{"href":"https:\/\/denizcankizil.tr\/ru\/wp-json\/wp\/v2\/posts"}],"about":[{"href":"https:\/\/denizcankizil.tr\/ru\/wp-json\/wp\/v2\/types\/post"}],"author":[{"embeddable":true,"href":"https:\/\/denizcankizil.tr\/ru\/wp-json\/wp\/v2\/users\/4"}],"replies":[{"embeddable":true,"href":"https:\/\/denizcankizil.tr\/ru\/wp-json\/wp\/v2\/comments?post=24431"}],"version-history":[{"count":0,"href":"https:\/\/denizcankizil.tr\/ru\/wp-json\/wp\/v2\/posts\/24431\/revisions"}],"wp:featuredmedia":[{"embeddable":true,"href":"https:\/\/denizcankizil.tr\/ru\/wp-json\/wp\/v2\/media\/24432"}],"wp:attachment":[{"href":"https:\/\/denizcankizil.tr\/ru\/wp-json\/wp\/v2\/media?parent=24431"}],"wp:term":[{"taxonomy":"category","embeddable":true,"href":"https:\/\/denizcankizil.tr\/ru\/wp-json\/wp\/v2\/categories?post=24431"},{"taxonomy":"post_tag","embeddable":true,"href":"https:\/\/denizcankizil.tr\/ru\/wp-json\/wp\/v2\/tags?post=24431"}],"curies":[{"name":"wp","href":"https:\/\/api.w.org\/{rel}","templated":true}]}}