{"id":24257,"date":"2025-01-07T10:41:30","date_gmt":"2025-01-07T07:41:30","guid":{"rendered":"https:\/\/denizcankizil.tr\/uncategorized-tr\/secil-erzanin-babasindan-kalma-villasi-satildi\/"},"modified":"2025-01-07T10:41:30","modified_gmt":"2025-01-07T07:41:30","slug":"secil-erzanin-babasindan-kalma-villasi-satildi","status":"publish","type":"post","link":"https:\/\/denizcankizil.tr\/ru\/haberler\/gundem\/secil-erzanin-babasindan-kalma-villasi-satildi\/","title":{"rendered":"Se\u00e7il Erzan&#8217;\u0131n babas\u0131ndan kalma villas\u0131 sat\u0131ld\u0131"},"content":{"rendered":"<p>Y\u00fcksek k\u00e2rl\u0131 \u00f6zel ve g\u00fcvenilir fon vaadiyle aralar\u0131nda Arda Turan, Fernando Muslera ve Emre Bel\u00f6zo\u011flu gibi isimlerin de bulundu\u011fu pek \u00e7ok ki\u015fiyi doland\u0131rd\u0131\u011f\u0131 iddia edilen Se\u00e7il Erzan&#8217;\u0131n 10 milyon liral\u0131k borca kar\u015f\u0131l\u0131k ipotek ettirdi\u011fi \u00c7anakkale&#8217;nin Bozcaada il\u00e7esinde babas\u0131ndan kalma evi 15 milyon TL&#8217;ye sat\u0131ld\u0131.<\/p>\n<p>ARDA TURAN VE FERNANDO MUSLERE G\u0130B\u0130 \u0130S\u0130MLER\u0130 DOLANDIRDI \u0130DD\u0130ASI\u00a0<\/p>\n<p>Y\u00fcksek k\u00e2rl\u0131 \u00f6zel ve g\u00fcvenilir fon vaadiyle aralar\u0131nda Arda Turan, Fernando Muslera ve Emre Bel\u00f6zo\u011flu gibi isimlerin de bulundu\u011fu pek \u00e7ok ki\u015fiyi doland\u0131rd\u0131\u011f\u0131 iddia edilen Se\u00e7il Erzan&#8217;\u0131n Bozcaada&#8217;da babadan kalma evini ipotek ettirdi\u011fi ortaya \u00e7\u0131km\u0131\u015ft\u0131. Alacakl\u0131n\u0131n T\u00fcrkay G\u00fcm\u00fclcineli, bor\u00e7lunun Se\u00e7il Erzan, \u015fahitlerin ise Ali ve Atilla Y\u00f6r\u00fck oldu\u011fu 6 Ocak 2023 tarihli bor\u00e7 s\u00f6zle\u015fmesinde s\u00f6zle\u015fme \u015fartlar\u0131 aras\u0131nda, \u201cAlacakl\u0131, bor\u00e7luya 10 milyon lira pe\u015fin \u00f6deme yapm\u0131\u015f olup bu bor\u00e7 i\u00e7in bor\u00e7lu Se\u00e7il Erzan, \u00c7anakkale Bozcaada il\u00e7esi Alaybey Mahallesi&#8217;nde tapuya kay\u0131tl\u0131 ta\u015f\u0131nmazdaki hisselerinin tamam\u0131 ile ad\u0131na i\u015flem yapmaya yetkili oldu\u011fu Fatma Erzan&#8217;\u0131n ayn\u0131 ta\u015f\u0131nmazdaki hissesini alacakl\u0131ya ipotek vermeyi pe\u015finen kabul ve taahh\u00fct eder. Verilen 10 milyon lira borcun s\u00f6zle\u015fme tarihinden itibaren 30 g\u00fcn i\u00e7erisinde geri \u00f6denece\u011fi konusunda taraflar anla\u015fm\u0131\u015f olup \u00f6denmemesi halinde ta\u015f\u0131nmaz\u0131n ipote\u011fin paraya \u00e7evrilmesi yoluyla takibe konularak nakde \u00e7evrilece\u011fi konusunda taraflar anla\u015fmaya varm\u0131\u015flard\u0131r. Bor\u00e7lu Se\u00e7il Erzan, hi\u00e7bir \u015fekilde bu konuda bir itiraz\u0131 olmayaca\u011f\u0131n\u0131, gerek vekaleten gerek asaleten kabul ve taahh\u00fct eder\u201d ifadeleri yer alm\u0131\u015ft\u0131.<\/p>\n<p>BORCA KAR\u015eI \u0130POTEK VERD\u0130\u011e\u0130 V\u0130LLASI SATILDI\u00a0<\/p>\n<p>Se\u00e7il Erzan&#8217;\u0131n, Bozcaada&#8217;da 10 milyon liral\u0131k borca kar\u015f\u0131 ipotek verdi\u011fi villas\u0131 Ezine \u0130cra Dairesi taraf\u0131ndan sat\u0131ld\u0131. Bilirki\u015fi raporu ile 9 milyon 222 bin 422 bin lira olarak belirlenen villa, 15 milyon TL&#8217;ye sat\u0131ld\u0131. \u0130hale sat\u0131\u015f\u0131nda tapu tesliminin 12 \u015eubat&#8217;a kadar ger\u00e7ekle\u015fmesi bekleniyor.\u00a0Se\u00e7il Erzan&#8217;\u0131n babas\u0131ndan kalma yakla\u015f\u0131k 2 d\u00f6n\u00fcm i\u00e7erisinde bulunan ba\u011f evi tadilat ettirilip, villaya d\u00f6n\u00fc\u015ft\u00fcr\u00fclm\u00fc\u015f.\u00a0\u00a0<\/p>\n<p>\u00a0 \u00a0 \u00a0 \u00a0 \u00a0 \u00a0 \u00a0 \u00a0 \u00a0 \u00a0 \u00a0 \u00a0 \u00a0 \u00a0 \u00a0 \u00a0 \u00a0<\/p>\n<p>\u200bY\u00fcksek karl\u0131 ve g\u00fcvenilir fon vaadiyle aralar\u0131nda Fernando Muslera, Arda Turan ve Emre Bel\u00f6zo\u011flu gibi isimleri doland\u0131rd\u0131\u011f\u0131 iddias\u0131yla g\u00fcndeme gelen Se\u00e7il Erzan&#8217;\u0131n Bozcaada&#8217;daki babas\u0131ndan kalma villas\u0131 sat\u0131ld\u0131.\u00a0<\/p>\n<p>\u200bHaberin Al\u0131nt\u0131land\u0131\u011f\u0131 Kaynak: www.antalyakorfez.com<\/p>","protected":false},"excerpt":{"rendered":"<p>Y\u00fcksek k\u00e2rl\u0131 \u00f6zel ve g\u00fcvenilir fon vaadiyle aralar\u0131nda Arda Turan, Fernando Muslera ve Emre Bel\u00f6zo\u011flu gibi isimlerin de bulundu\u011fu pek \u00e7ok ki\u015fiyi doland\u0131rd\u0131\u011f\u0131 iddia edilen Se\u00e7il Erzan&#8217;\u0131n 10 milyon liral\u0131k borca kar\u015f\u0131l\u0131k ipotek ettirdi\u011fi \u00c7anakkale&#8217;nin Bozcaada il\u00e7esinde babas\u0131ndan kalma evi 15 milyon TL&#8217;ye sat\u0131ld\u0131. ARDA TURAN VE FERNANDO MUSLERE G\u0130B\u0130 \u0130S\u0130MLER\u0130 DOLANDIRDI \u0130DD\u0130ASI\u00a0 Y\u00fcksek k\u00e2rl\u0131 \u00f6zel ve g\u00fcvenilir fon vaadiyle aralar\u0131nda Arda Turan, Fernando Muslera ve Emre Bel\u00f6zo\u011flu gibi isimlerin de bulundu\u011fu pek \u00e7ok ki\u015fiyi doland\u0131rd\u0131\u011f\u0131 iddia edilen Se\u00e7il Erzan&#8217;\u0131n Bozcaada&#8217;da babadan kalma evini ipotek ettirdi\u011fi ortaya \u00e7\u0131km\u0131\u015ft\u0131. Alacakl\u0131n\u0131n T\u00fcrkay G\u00fcm\u00fclcineli, bor\u00e7lunun Se\u00e7il Erzan, \u015fahitlerin ise Ali ve Atilla Y\u00f6r\u00fck oldu\u011fu 6 Ocak 2023 tarihli bor\u00e7 s\u00f6zle\u015fmesinde s\u00f6zle\u015fme \u015fartlar\u0131 aras\u0131nda, \u201cAlacakl\u0131, bor\u00e7luya 10 milyon lira pe\u015fin \u00f6deme yapm\u0131\u015f olup bu bor\u00e7 i\u00e7in bor\u00e7lu Se\u00e7il Erzan, \u00c7anakkale Bozcaada il\u00e7esi Alaybey Mahallesi&#8217;nde tapuya kay\u0131tl\u0131 ta\u015f\u0131nmazdaki hisselerinin tamam\u0131 ile ad\u0131na i\u015flem yapmaya yetkili oldu\u011fu Fatma Erzan&#8217;\u0131n ayn\u0131 ta\u015f\u0131nmazdaki hissesini alacakl\u0131ya ipotek vermeyi pe\u015finen kabul ve taahh\u00fct eder. Verilen 10 milyon lira borcun s\u00f6zle\u015fme tarihinden itibaren 30 g\u00fcn i\u00e7erisinde geri \u00f6denece\u011fi konusunda taraflar anla\u015fm\u0131\u015f olup \u00f6denmemesi halinde ta\u015f\u0131nmaz\u0131n ipote\u011fin paraya \u00e7evrilmesi yoluyla takibe konularak nakde \u00e7evrilece\u011fi konusunda taraflar anla\u015fmaya varm\u0131\u015flard\u0131r. Bor\u00e7lu Se\u00e7il Erzan, hi\u00e7bir \u015fekilde bu konuda bir itiraz\u0131 olmayaca\u011f\u0131n\u0131, gerek vekaleten gerek asaleten &hellip;<\/p>","protected":false},"author":5,"featured_media":0,"comment_status":"open","ping_status":"open","sticky":false,"template":"","format":"standard","meta":{"_acf_changed":false,"footnotes":""},"categories":[24],"tags":[],"class_list":["post-24257","post","type-post","status-publish","format-standard","has-post-thumbnail","hentry","category-gundem"],"acf":[],"yoast_head":"<!-- This site is optimized with the Yoast SEO Premium plugin v26.6 (Yoast SEO v27.1.1) - https:\/\/yoast.com\/product\/yoast-seo-premium-wordpress\/ -->\n<title>Se\u00e7il Erzan&#039;\u0131n babas\u0131ndan kalma villas\u0131 sat\u0131ld\u0131 - Av. Deniz Can K\u0131z\u0131l<\/title>\n<meta name=\"robots\" content=\"index, follow, max-snippet:-1, max-image-preview:large, max-video-preview:-1\" \/>\n<link rel=\"canonical\" href=\"https:\/\/denizcankizil.tr\/ru\/haberler\/gundem\/secil-erzanin-babasindan-kalma-villasi-satildi\/\" \/>\n<meta property=\"og:locale\" content=\"ru_RU\" \/>\n<meta property=\"og:type\" content=\"article\" \/>\n<meta property=\"og:title\" content=\"Se\u00e7il Erzan&#039;\u0131n babas\u0131ndan kalma villas\u0131 sat\u0131ld\u0131\" \/>\n<meta property=\"og:description\" content=\"Y\u00fcksek k\u00e2rl\u0131 \u00f6zel ve g\u00fcvenilir fon vaadiyle aralar\u0131nda Arda Turan, Fernando Muslera ve Emre Bel\u00f6zo\u011flu gibi isimlerin de bulundu\u011fu pek \u00e7ok ki\u015fiyi doland\u0131rd\u0131\u011f\u0131 iddia edilen Se\u00e7il Erzan&#8217;\u0131n 10 milyon liral\u0131k borca kar\u015f\u0131l\u0131k ipotek ettirdi\u011fi \u00c7anakkale&#8217;nin Bozcaada il\u00e7esinde babas\u0131ndan kalma evi 15 milyon TL&#8217;ye sat\u0131ld\u0131. ARDA TURAN VE FERNANDO MUSLERE G\u0130B\u0130 \u0130S\u0130MLER\u0130 DOLANDIRDI \u0130DD\u0130ASI\u00a0 Y\u00fcksek k\u00e2rl\u0131 \u00f6zel ve g\u00fcvenilir fon vaadiyle aralar\u0131nda Arda Turan, Fernando Muslera ve Emre Bel\u00f6zo\u011flu gibi isimlerin de bulundu\u011fu pek \u00e7ok ki\u015fiyi doland\u0131rd\u0131\u011f\u0131 iddia edilen Se\u00e7il Erzan&#8217;\u0131n Bozcaada&#8217;da babadan kalma evini ipotek ettirdi\u011fi ortaya \u00e7\u0131km\u0131\u015ft\u0131. Alacakl\u0131n\u0131n T\u00fcrkay G\u00fcm\u00fclcineli, bor\u00e7lunun Se\u00e7il Erzan, \u015fahitlerin ise Ali ve Atilla Y\u00f6r\u00fck oldu\u011fu 6 Ocak 2023 tarihli bor\u00e7 s\u00f6zle\u015fmesinde s\u00f6zle\u015fme \u015fartlar\u0131 aras\u0131nda, \u201cAlacakl\u0131, bor\u00e7luya 10 milyon lira pe\u015fin \u00f6deme yapm\u0131\u015f olup bu bor\u00e7 i\u00e7in bor\u00e7lu Se\u00e7il Erzan, \u00c7anakkale Bozcaada il\u00e7esi Alaybey Mahallesi&#8217;nde tapuya kay\u0131tl\u0131 ta\u015f\u0131nmazdaki hisselerinin tamam\u0131 ile ad\u0131na i\u015flem yapmaya yetkili oldu\u011fu Fatma Erzan&#8217;\u0131n ayn\u0131 ta\u015f\u0131nmazdaki hissesini alacakl\u0131ya ipotek vermeyi pe\u015finen kabul ve taahh\u00fct eder. Verilen 10 milyon lira borcun s\u00f6zle\u015fme tarihinden itibaren 30 g\u00fcn i\u00e7erisinde geri \u00f6denece\u011fi konusunda taraflar anla\u015fm\u0131\u015f olup \u00f6denmemesi halinde ta\u015f\u0131nmaz\u0131n ipote\u011fin paraya \u00e7evrilmesi yoluyla takibe konularak nakde \u00e7evrilece\u011fi konusunda taraflar anla\u015fmaya varm\u0131\u015flard\u0131r. Bor\u00e7lu Se\u00e7il Erzan, hi\u00e7bir \u015fekilde bu konuda bir itiraz\u0131 olmayaca\u011f\u0131n\u0131, gerek vekaleten gerek asaleten &hellip;\" \/>\n<meta property=\"og:url\" content=\"https:\/\/denizcankizil.tr\/ru\/haberler\/gundem\/secil-erzanin-babasindan-kalma-villasi-satildi\/\" \/>\n<meta property=\"og:site_name\" content=\"Av. Deniz Can K\u0131z\u0131l\" \/>\n<meta property=\"article:published_time\" content=\"2025-01-07T07:41:30+00:00\" \/>\n<meta name=\"author\" content=\"Antalya K\u00f6rfez\" \/>\n<meta name=\"twitter:card\" content=\"summary_large_image\" \/>\n<meta name=\"twitter:label1\" content=\"\u041d\u0430\u043f\u0438\u0441\u0430\u043d\u043e \u0430\u0432\u0442\u043e\u0440\u043e\u043c\" \/>\n\t<meta name=\"twitter:data1\" content=\"Antalya K\u00f6rfez\" \/>\n\t<meta name=\"twitter:label2\" content=\"\u041f\u0440\u0438\u043c\u0435\u0440\u043d\u043e\u0435 \u0432\u0440\u0435\u043c\u044f \u0434\u043b\u044f \u0447\u0442\u0435\u043d\u0438\u044f\" \/>\n\t<meta name=\"twitter:data2\" content=\"2 \u043c\u0438\u043d\u0443\u0442\u044b\" \/>\n<script type=\"application\/ld+json\" class=\"yoast-schema-graph\">{\"@context\":\"https:\/\/schema.org\",\"@graph\":[{\"@type\":\"Article\",\"@id\":\"https:\/\/denizcankizil.tr\/ru\/haberler\/gundem\/secil-erzanin-babasindan-kalma-villasi-satildi\/#article\",\"isPartOf\":{\"@id\":\"https:\/\/denizcankizil.tr\/ru\/haberler\/gundem\/secil-erzanin-babasindan-kalma-villasi-satildi\/\"},\"author\":{\"name\":\"Antalya K\u00f6rfez\",\"@id\":\"https:\/\/denizcankizil.tr\/de\/#\/schema\/person\/e1eb71bb4dd684d46563f0af307e1234\"},\"headline\":\"Se\u00e7il Erzan&#8217;\u0131n babas\u0131ndan kalma villas\u0131 sat\u0131ld\u0131\",\"datePublished\":\"2025-01-07T07:41:30+00:00\",\"mainEntityOfPage\":{\"@id\":\"https:\/\/denizcankizil.tr\/ru\/haberler\/gundem\/secil-erzanin-babasindan-kalma-villasi-satildi\/\"},\"wordCount\":429,\"commentCount\":0,\"publisher\":{\"@id\":\"https:\/\/denizcankizil.tr\/de\/#organization\"},\"articleSection\":[\"G\u00fcndem\"],\"inLanguage\":\"ru-RU\",\"potentialAction\":[{\"@type\":\"CommentAction\",\"name\":\"Comment\",\"target\":[\"https:\/\/denizcankizil.tr\/ru\/haberler\/gundem\/secil-erzanin-babasindan-kalma-villasi-satildi\/#respond\"]}]},{\"@type\":\"WebPage\",\"@id\":\"https:\/\/denizcankizil.tr\/ru\/haberler\/gundem\/secil-erzanin-babasindan-kalma-villasi-satildi\/\",\"url\":\"https:\/\/denizcankizil.tr\/ru\/haberler\/gundem\/secil-erzanin-babasindan-kalma-villasi-satildi\/\",\"name\":\"Se\u00e7il Erzan'\u0131n babas\u0131ndan kalma villas\u0131 sat\u0131ld\u0131 - Av. Deniz Can K\u0131z\u0131l\",\"isPartOf\":{\"@id\":\"https:\/\/denizcankizil.tr\/de\/#website\"},\"datePublished\":\"2025-01-07T07:41:30+00:00\",\"breadcrumb\":{\"@id\":\"https:\/\/denizcankizil.tr\/ru\/haberler\/gundem\/secil-erzanin-babasindan-kalma-villasi-satildi\/#breadcrumb\"},\"inLanguage\":\"ru-RU\",\"potentialAction\":[{\"@type\":\"ReadAction\",\"target\":[\"https:\/\/denizcankizil.tr\/ru\/haberler\/gundem\/secil-erzanin-babasindan-kalma-villasi-satildi\/\"]}]},{\"@type\":\"BreadcrumbList\",\"@id\":\"https:\/\/denizcankizil.tr\/ru\/haberler\/gundem\/secil-erzanin-babasindan-kalma-villasi-satildi\/#breadcrumb\",\"itemListElement\":[{\"@type\":\"ListItem\",\"position\":1,\"name\":\"Home\",\"item\":\"https:\/\/denizcankizil.tr\/de\/\"},{\"@type\":\"ListItem\",\"position\":2,\"name\":\"Se\u00e7il Erzan&#8217;\u0131n babas\u0131ndan kalma villas\u0131 sat\u0131ld\u0131\"}]},{\"@type\":\"WebSite\",\"@id\":\"https:\/\/denizcankizil.tr\/de\/#website\",\"url\":\"https:\/\/denizcankizil.tr\/de\/\",\"name\":\"Av. Deniz Can K\u0131z\u0131l\",\"description\":\"Avukat Deniz Can K\u0131z\u0131l Antalya Barosu\",\"publisher\":{\"@id\":\"https:\/\/denizcankizil.tr\/de\/#organization\"},\"potentialAction\":[{\"@type\":\"SearchAction\",\"target\":{\"@type\":\"EntryPoint\",\"urlTemplate\":\"https:\/\/denizcankizil.tr\/de\/?s={search_term_string}\"},\"query-input\":{\"@type\":\"PropertyValueSpecification\",\"valueRequired\":true,\"valueName\":\"search_term_string\"}}],\"inLanguage\":\"ru-RU\"},{\"@type\":\"Organization\",\"@id\":\"https:\/\/denizcankizil.tr\/de\/#organization\",\"name\":\"Av. Deniz Can K\u0131z\u0131l\",\"url\":\"https:\/\/denizcankizil.tr\/de\/\",\"logo\":{\"@type\":\"ImageObject\",\"inLanguage\":\"ru-RU\",\"@id\":\"https:\/\/denizcankizil.tr\/de\/#\/schema\/logo\/image\/\",\"url\":\"https:\/\/denizcankizil.tr\/wp-content\/uploads\/2024\/10\/siyah-logo-svg.svg\",\"contentUrl\":\"https:\/\/denizcankizil.tr\/wp-content\/uploads\/2024\/10\/siyah-logo-svg.svg\",\"width\":1080,\"height\":1080,\"caption\":\"Av. Deniz Can K\u0131z\u0131l\"},\"image\":{\"@id\":\"https:\/\/denizcankizil.tr\/de\/#\/schema\/logo\/image\/\"}},{\"@type\":\"Person\",\"@id\":\"https:\/\/denizcankizil.tr\/de\/#\/schema\/person\/e1eb71bb4dd684d46563f0af307e1234\",\"name\":\"Antalya K\u00f6rfez\",\"image\":{\"@type\":\"ImageObject\",\"inLanguage\":\"ru-RU\",\"@id\":\"https:\/\/denizcankizil.tr\/de\/#\/schema\/person\/image\/\",\"url\":\"https:\/\/secure.gravatar.com\/avatar\/42b01982558a48a0b501fdcab6a408d3717ea5919095ee2e67b0e521799c5905?s=96&d=mm&r=g\",\"contentUrl\":\"https:\/\/secure.gravatar.com\/avatar\/42b01982558a48a0b501fdcab6a408d3717ea5919095ee2e67b0e521799c5905?s=96&d=mm&r=g\",\"caption\":\"Antalya K\u00f6rfez\"},\"sameAs\":[\"http:\/\/www.antalyakorfez.com\"],\"url\":\"https:\/\/www.antalyakorfez.com\/secil-erzanin-babasindan-kalma-villasi-satildi\"}]}<\/script>\n<!-- \/ Yoast SEO Premium plugin. -->","yoast_head_json":{"title":"Se\u00e7il Erzan'\u0131n babas\u0131ndan kalma villas\u0131 sat\u0131ld\u0131 - Av. Deniz Can K\u0131z\u0131l","robots":{"index":"index","follow":"follow","max-snippet":"max-snippet:-1","max-image-preview":"max-image-preview:large","max-video-preview":"max-video-preview:-1"},"canonical":"https:\/\/denizcankizil.tr\/ru\/haberler\/gundem\/secil-erzanin-babasindan-kalma-villasi-satildi\/","og_locale":"ru_RU","og_type":"article","og_title":"Se\u00e7il Erzan'\u0131n babas\u0131ndan kalma villas\u0131 sat\u0131ld\u0131","og_description":"Y\u00fcksek k\u00e2rl\u0131 \u00f6zel ve g\u00fcvenilir fon vaadiyle aralar\u0131nda Arda Turan, Fernando Muslera ve Emre Bel\u00f6zo\u011flu gibi isimlerin de bulundu\u011fu pek \u00e7ok ki\u015fiyi doland\u0131rd\u0131\u011f\u0131 iddia edilen Se\u00e7il Erzan&#8217;\u0131n 10 milyon liral\u0131k borca kar\u015f\u0131l\u0131k ipotek ettirdi\u011fi \u00c7anakkale&#8217;nin Bozcaada il\u00e7esinde babas\u0131ndan kalma evi 15 milyon TL&#8217;ye sat\u0131ld\u0131. ARDA TURAN VE FERNANDO MUSLERE G\u0130B\u0130 \u0130S\u0130MLER\u0130 DOLANDIRDI \u0130DD\u0130ASI\u00a0 Y\u00fcksek k\u00e2rl\u0131 \u00f6zel ve g\u00fcvenilir fon vaadiyle aralar\u0131nda Arda Turan, Fernando Muslera ve Emre Bel\u00f6zo\u011flu gibi isimlerin de bulundu\u011fu pek \u00e7ok ki\u015fiyi doland\u0131rd\u0131\u011f\u0131 iddia edilen Se\u00e7il Erzan&#8217;\u0131n Bozcaada&#8217;da babadan kalma evini ipotek ettirdi\u011fi ortaya \u00e7\u0131km\u0131\u015ft\u0131. Alacakl\u0131n\u0131n T\u00fcrkay G\u00fcm\u00fclcineli, bor\u00e7lunun Se\u00e7il Erzan, \u015fahitlerin ise Ali ve Atilla Y\u00f6r\u00fck oldu\u011fu 6 Ocak 2023 tarihli bor\u00e7 s\u00f6zle\u015fmesinde s\u00f6zle\u015fme \u015fartlar\u0131 aras\u0131nda, \u201cAlacakl\u0131, bor\u00e7luya 10 milyon lira pe\u015fin \u00f6deme yapm\u0131\u015f olup bu bor\u00e7 i\u00e7in bor\u00e7lu Se\u00e7il Erzan, \u00c7anakkale Bozcaada il\u00e7esi Alaybey Mahallesi&#8217;nde tapuya kay\u0131tl\u0131 ta\u015f\u0131nmazdaki hisselerinin tamam\u0131 ile ad\u0131na i\u015flem yapmaya yetkili oldu\u011fu Fatma Erzan&#8217;\u0131n ayn\u0131 ta\u015f\u0131nmazdaki hissesini alacakl\u0131ya ipotek vermeyi pe\u015finen kabul ve taahh\u00fct eder. Verilen 10 milyon lira borcun s\u00f6zle\u015fme tarihinden itibaren 30 g\u00fcn i\u00e7erisinde geri \u00f6denece\u011fi konusunda taraflar anla\u015fm\u0131\u015f olup \u00f6denmemesi halinde ta\u015f\u0131nmaz\u0131n ipote\u011fin paraya \u00e7evrilmesi yoluyla takibe konularak nakde \u00e7evrilece\u011fi konusunda taraflar anla\u015fmaya varm\u0131\u015flard\u0131r. Bor\u00e7lu Se\u00e7il Erzan, hi\u00e7bir \u015fekilde bu konuda bir itiraz\u0131 olmayaca\u011f\u0131n\u0131, gerek vekaleten gerek asaleten &hellip;","og_url":"https:\/\/denizcankizil.tr\/ru\/haberler\/gundem\/secil-erzanin-babasindan-kalma-villasi-satildi\/","og_site_name":"Av. Deniz Can K\u0131z\u0131l","article_published_time":"2025-01-07T07:41:30+00:00","author":"Antalya K\u00f6rfez","twitter_card":"summary_large_image","twitter_misc":{"\u041d\u0430\u043f\u0438\u0441\u0430\u043d\u043e \u0430\u0432\u0442\u043e\u0440\u043e\u043c":"Antalya K\u00f6rfez","\u041f\u0440\u0438\u043c\u0435\u0440\u043d\u043e\u0435 \u0432\u0440\u0435\u043c\u044f \u0434\u043b\u044f \u0447\u0442\u0435\u043d\u0438\u044f":"2 \u043c\u0438\u043d\u0443\u0442\u044b"},"schema":{"@context":"https:\/\/schema.org","@graph":[{"@type":"Article","@id":"https:\/\/denizcankizil.tr\/ru\/haberler\/gundem\/secil-erzanin-babasindan-kalma-villasi-satildi\/#article","isPartOf":{"@id":"https:\/\/denizcankizil.tr\/ru\/haberler\/gundem\/secil-erzanin-babasindan-kalma-villasi-satildi\/"},"author":{"name":"Antalya K\u00f6rfez","@id":"https:\/\/denizcankizil.tr\/de\/#\/schema\/person\/e1eb71bb4dd684d46563f0af307e1234"},"headline":"Se\u00e7il Erzan&#8217;\u0131n babas\u0131ndan kalma villas\u0131 sat\u0131ld\u0131","datePublished":"2025-01-07T07:41:30+00:00","mainEntityOfPage":{"@id":"https:\/\/denizcankizil.tr\/ru\/haberler\/gundem\/secil-erzanin-babasindan-kalma-villasi-satildi\/"},"wordCount":429,"commentCount":0,"publisher":{"@id":"https:\/\/denizcankizil.tr\/de\/#organization"},"articleSection":["G\u00fcndem"],"inLanguage":"ru-RU","potentialAction":[{"@type":"CommentAction","name":"Comment","target":["https:\/\/denizcankizil.tr\/ru\/haberler\/gundem\/secil-erzanin-babasindan-kalma-villasi-satildi\/#respond"]}]},{"@type":"WebPage","@id":"https:\/\/denizcankizil.tr\/ru\/haberler\/gundem\/secil-erzanin-babasindan-kalma-villasi-satildi\/","url":"https:\/\/denizcankizil.tr\/ru\/haberler\/gundem\/secil-erzanin-babasindan-kalma-villasi-satildi\/","name":"Se\u00e7il Erzan'\u0131n babas\u0131ndan kalma villas\u0131 sat\u0131ld\u0131 - Av. Deniz Can K\u0131z\u0131l","isPartOf":{"@id":"https:\/\/denizcankizil.tr\/de\/#website"},"datePublished":"2025-01-07T07:41:30+00:00","breadcrumb":{"@id":"https:\/\/denizcankizil.tr\/ru\/haberler\/gundem\/secil-erzanin-babasindan-kalma-villasi-satildi\/#breadcrumb"},"inLanguage":"ru-RU","potentialAction":[{"@type":"ReadAction","target":["https:\/\/denizcankizil.tr\/ru\/haberler\/gundem\/secil-erzanin-babasindan-kalma-villasi-satildi\/"]}]},{"@type":"BreadcrumbList","@id":"https:\/\/denizcankizil.tr\/ru\/haberler\/gundem\/secil-erzanin-babasindan-kalma-villasi-satildi\/#breadcrumb","itemListElement":[{"@type":"ListItem","position":1,"name":"Home","item":"https:\/\/denizcankizil.tr\/de\/"},{"@type":"ListItem","position":2,"name":"Se\u00e7il Erzan&#8217;\u0131n babas\u0131ndan kalma villas\u0131 sat\u0131ld\u0131"}]},{"@type":"WebSite","@id":"https:\/\/denizcankizil.tr\/de\/#website","url":"https:\/\/denizcankizil.tr\/de\/","name":"Av. Deniz Can K\u0131z\u0131l","description":"Avukat Deniz Can K\u0131z\u0131l Antalya Barosu","publisher":{"@id":"https:\/\/denizcankizil.tr\/de\/#organization"},"potentialAction":[{"@type":"SearchAction","target":{"@type":"EntryPoint","urlTemplate":"https:\/\/denizcankizil.tr\/de\/?s={search_term_string}"},"query-input":{"@type":"PropertyValueSpecification","valueRequired":true,"valueName":"search_term_string"}}],"inLanguage":"ru-RU"},{"@type":"Organization","@id":"https:\/\/denizcankizil.tr\/de\/#organization","name":"Av. Deniz Can K\u0131z\u0131l","url":"https:\/\/denizcankizil.tr\/de\/","logo":{"@type":"ImageObject","inLanguage":"ru-RU","@id":"https:\/\/denizcankizil.tr\/de\/#\/schema\/logo\/image\/","url":"https:\/\/denizcankizil.tr\/wp-content\/uploads\/2024\/10\/siyah-logo-svg.svg","contentUrl":"https:\/\/denizcankizil.tr\/wp-content\/uploads\/2024\/10\/siyah-logo-svg.svg","width":1080,"height":1080,"caption":"Av. Deniz Can K\u0131z\u0131l"},"image":{"@id":"https:\/\/denizcankizil.tr\/de\/#\/schema\/logo\/image\/"}},{"@type":"Person","@id":"https:\/\/denizcankizil.tr\/de\/#\/schema\/person\/e1eb71bb4dd684d46563f0af307e1234","name":"Antalya K\u00f6rfez","image":{"@type":"ImageObject","inLanguage":"ru-RU","@id":"https:\/\/denizcankizil.tr\/de\/#\/schema\/person\/image\/","url":"https:\/\/secure.gravatar.com\/avatar\/42b01982558a48a0b501fdcab6a408d3717ea5919095ee2e67b0e521799c5905?s=96&d=mm&r=g","contentUrl":"https:\/\/secure.gravatar.com\/avatar\/42b01982558a48a0b501fdcab6a408d3717ea5919095ee2e67b0e521799c5905?s=96&d=mm&r=g","caption":"Antalya K\u00f6rfez"},"sameAs":["http:\/\/www.antalyakorfez.com"],"url":"https:\/\/www.antalyakorfez.com\/secil-erzanin-babasindan-kalma-villasi-satildi"}]}},"_links":{"self":[{"href":"https:\/\/denizcankizil.tr\/ru\/wp-json\/wp\/v2\/posts\/24257","targetHints":{"allow":["GET"]}}],"collection":[{"href":"https:\/\/denizcankizil.tr\/ru\/wp-json\/wp\/v2\/posts"}],"about":[{"href":"https:\/\/denizcankizil.tr\/ru\/wp-json\/wp\/v2\/types\/post"}],"author":[{"embeddable":true,"href":"https:\/\/denizcankizil.tr\/ru\/wp-json\/wp\/v2\/users\/5"}],"replies":[{"embeddable":true,"href":"https:\/\/denizcankizil.tr\/ru\/wp-json\/wp\/v2\/comments?post=24257"}],"version-history":[{"count":0,"href":"https:\/\/denizcankizil.tr\/ru\/wp-json\/wp\/v2\/posts\/24257\/revisions"}],"wp:attachment":[{"href":"https:\/\/denizcankizil.tr\/ru\/wp-json\/wp\/v2\/media?parent=24257"}],"wp:term":[{"taxonomy":"category","embeddable":true,"href":"https:\/\/denizcankizil.tr\/ru\/wp-json\/wp\/v2\/categories?post=24257"},{"taxonomy":"post_tag","embeddable":true,"href":"https:\/\/denizcankizil.tr\/ru\/wp-json\/wp\/v2\/tags?post=24257"}],"curies":[{"name":"wp","href":"https:\/\/api.w.org\/{rel}","templated":true}]}}